{"id":9159,"date":"2024-09-01T12:37:00","date_gmt":"2024-09-01T12:37:00","guid":{"rendered":"http:\/\/quantocustaviajar.com\/blog\/?p=9159"},"modified":"2024-09-02T17:36:54","modified_gmt":"2024-09-02T17:36:54","slug":"um-lugar-chamado-ibitipoca-em-minas-gerais","status":"publish","type":"post","link":"https:\/\/quantocustaviajar.com\/blog\/um-lugar-chamado-ibitipoca-em-minas-gerais\/","title":{"rendered":"Um lugar chamado Ibitipoca, em Minas Gerais"},"content":{"rendered":"<p>O <strong>Brasil<\/strong> est\u00e1 t\u00e3o cheio de<strong>\u00a0destinos\u00a0incr\u00edveis<\/strong> (quem duvida, clica <a href=\"http:\/\/quantocustaviajar.com\/blog\/10-lugares-incriveis-no-brasil-para-viajar-nas-ferias\/\" target=\"_blank\" rel=\"noopener noreferrer\">aqui<\/a>), que fica at\u00e9 f\u00e1cil de desistir daquela viagem internacional mais cara. Dessa vez, vamos falar sobre um lugar chamado <strong>Ibitipoca<\/strong>, em <strong><a href=\"http:\/\/quantocustaviajar.com\/brasil\/belo-horizonte\" target=\"_blank\" rel=\"noopener noreferrer\">Minas Gerais<\/a><\/strong>, que com suas <strong>paisagens surreais<\/strong> pode ganhar o cora\u00e7\u00e3o de qualquer viajante sedento por novidade.<\/p><div id=\"ez-toc-container\" class=\"ez-toc-v2_0_76 ez-toc-wrap-left counter-hierarchy ez-toc-counter ez-toc-light-blue ez-toc-container-direction\">\n<div class=\"ez-toc-title-container\">\n<p class=\"ez-toc-title\" style=\"cursor:inherit\">Aqui voc\u00ea ir\u00e1 encontrar<\/p>\n<span class=\"ez-toc-title-toggle\"><a href=\"#\" class=\"ez-toc-pull-right ez-toc-btn ez-toc-btn-xs ez-toc-btn-default ez-toc-toggle\" aria-label=\"Alternar tabela de conte\u00fado\"><span class=\"ez-toc-js-icon-con\"><span class=\"\"><span class=\"eztoc-hide\" style=\"display:none;\">Toggle<\/span><span class=\"ez-toc-icon-toggle-span\"><svg style=\"fill: #999;color:#999\" xmlns=\"http:\/\/www.w3.org\/2000\/svg\" class=\"list-377408\" width=\"20px\" height=\"20px\" viewBox=\"0 0 24 24\" fill=\"none\"><path d=\"M6 6H4v2h2V6zm14 0H8v2h12V6zM4 11h2v2H4v-2zm16 0H8v2h12v-2zM4 16h2v2H4v-2zm16 0H8v2h12v-2z\" fill=\"currentColor\"><\/path><\/svg><svg style=\"fill: #999;color:#999\" class=\"arrow-unsorted-368013\" xmlns=\"http:\/\/www.w3.org\/2000\/svg\" width=\"10px\" height=\"10px\" viewBox=\"0 0 24 24\" version=\"1.2\" baseProfile=\"tiny\"><path d=\"M18.2 9.3l-6.2-6.3-6.2 6.3c-.2.2-.3.4-.3.7s.1.5.3.7c.2.2.4.3.7.3h11c.3 0 .5-.1.7-.3.2-.2.3-.5.3-.7s-.1-.5-.3-.7zM5.8 14.7l6.2 6.3 6.2-6.3c.2-.2.3-.5.3-.7s-.1-.5-.3-.7c-.2-.2-.4-.3-.7-.3h-11c-.3 0-.5.1-.7.3-.2.2-.3.5-.3.7s.1.5.3.7z\"\/><\/svg><\/span><\/span><\/span><\/a><\/span><\/div>\n<nav><ul class='ez-toc-list ez-toc-list-level-1 ' ><li class='ez-toc-page-1 ez-toc-heading-level-2'><a class=\"ez-toc-link ez-toc-heading-1\" href=\"https:\/\/quantocustaviajar.com\/blog\/um-lugar-chamado-ibitipoca-em-minas-gerais\/#Ibitipoca_Minas_Gerais\" >Ibitipoca Minas Gerais<\/a><ul class='ez-toc-list-level-3' ><li class='ez-toc-heading-level-3'><a class=\"ez-toc-link ez-toc-heading-2\" href=\"https:\/\/quantocustaviajar.com\/blog\/um-lugar-chamado-ibitipoca-em-minas-gerais\/#O_que_fazer_por_la\" >O que fazer por l\u00e1<\/a><ul class='ez-toc-list-level-4' ><li class='ez-toc-heading-level-4'><a class=\"ez-toc-link ez-toc-heading-3\" href=\"https:\/\/quantocustaviajar.com\/blog\/um-lugar-chamado-ibitipoca-em-minas-gerais\/#ROTEIRO_JANELA_DO_CEU\" >ROTEIRO JANELA DO C\u00c9U<\/a><\/li><li class='ez-toc-page-1 ez-toc-heading-level-4'><a class=\"ez-toc-link ez-toc-heading-4\" href=\"https:\/\/quantocustaviajar.com\/blog\/um-lugar-chamado-ibitipoca-em-minas-gerais\/#ROTEIRO_PICO_DO_PIAO\" >ROTEIRO PICO DO PI\u00c3O<\/a><\/li><li class='ez-toc-page-1 ez-toc-heading-level-4'><a class=\"ez-toc-link ez-toc-heading-5\" href=\"https:\/\/quantocustaviajar.com\/blog\/um-lugar-chamado-ibitipoca-em-minas-gerais\/#CIRCUITO_DA_AGUAS\" >CIRCUITO DA \u00c1GUAS<\/a><\/li><\/ul><\/li><li class='ez-toc-page-1 ez-toc-heading-level-3'><a class=\"ez-toc-link ez-toc-heading-6\" href=\"https:\/\/quantocustaviajar.com\/blog\/um-lugar-chamado-ibitipoca-em-minas-gerais\/#Onde_se_hospedar_em_Ibitipoca\" >Onde se hospedar em Ibitipoca<\/a><\/li><li class='ez-toc-page-1 ez-toc-heading-level-3'><a class=\"ez-toc-link ez-toc-heading-7\" href=\"https:\/\/quantocustaviajar.com\/blog\/um-lugar-chamado-ibitipoca-em-minas-gerais\/#Como_chegar_em_Ibitipoca\" >Como chegar em Ibitipoca<\/a><\/li><li class='ez-toc-page-1 ez-toc-heading-level-3'><a class=\"ez-toc-link ez-toc-heading-8\" href=\"https:\/\/quantocustaviajar.com\/blog\/um-lugar-chamado-ibitipoca-em-minas-gerais\/#Quando_ir\" >Quando ir<\/a><\/li><li class='ez-toc-page-1 ez-toc-heading-level-3'><a class=\"ez-toc-link ez-toc-heading-9\" href=\"https:\/\/quantocustaviajar.com\/blog\/um-lugar-chamado-ibitipoca-em-minas-gerais\/#Quantos_dias_ficar\" >Quantos dias ficar<\/a><\/li><\/ul><\/li><\/ul><\/nav><\/div>\n\n<p>O que mais chama a aten\u00e7\u00e3o em\u00a0<strong>Concei\u00e7\u00e3o do Ibitipoca<\/strong>, distrito da cidade de Lima Duarte, s\u00e3o as <strong>\u00e1guas amareladas e escuras que mais se parecem com um tipo de ch\u00e1<\/strong> dentro do Parque Estadual do Ibitipoca, em plena zona da mata mineira. Cachoeiras, mirantes, grutas, riachos e penhascos marcam as belezas naturais, com destaque para o\u00a0<strong>lago da Miragem\u00a0<\/strong>e a <strong>Janela do C\u00e9u<\/strong>, que depois de uma trilha de sete horas em meio ao c\u00e2nion chega at\u00e9 seu ponto crucial:\u00a0uma cachoeira de 20 metros onde h\u00e1 um mirante e onde o c\u00e9u se reflete na \u00e1gua.<\/p>\n<h2><span class=\"ez-toc-section\" id=\"Ibitipoca_Minas_Gerais\"><\/span>Ibitipoca Minas Gerais<span class=\"ez-toc-section-end\"><\/span><\/h2>\n<p>A vila r\u00fastica tem cerca de 2 mil habitantes e tem infraestrutura para receber turistas. Restaurantes, lojas de artesanato, hot\u00e9is, chal\u00e9s, pousadas e campings est\u00e3o dispon\u00edveis. No m\u00eas de julho, \u00e9 tomada por um <strong><a href=\"http:\/\/www.ibitipocajazzfest.com.br\/bem_vindos__welcome.html\" target=\"_blank\" rel=\"noopener noreferrer\">festival de jazz<\/a><\/strong> e em agosto por um <strong><a href=\"http:\/\/ibitipocablues.com.br\/\" target=\"_blank\" rel=\"noopener noreferrer\">festival de blues<\/a><\/strong> que torna o local ainda melhor, al\u00e9m dos forr\u00f3s p\u00e9-de-serra e as rodas de viola regadas a cacha\u00e7a. \u00c9 para ir e querer ficar.<\/p>\n<h3><span class=\"ez-toc-section\" id=\"O_que_fazer_por_la\"><\/span>O que fazer por l\u00e1<span class=\"ez-toc-section-end\"><\/span><\/h3>\n<p>Para ir ao parque, o ideal \u00e9 evitar alta temporada, porque <strong>h\u00e1 limite de visitantes<\/strong> e pode ser que voc\u00ea fique de fora. Atualmente, a capacidade \u00e9 de 300 pessoas em dias \u00fateis e 1.200 nos finais de semana\/feriados. Chegar bem cedo \u00e9 crucial para garantir um <strong>ingresso<\/strong><em>, <\/em>pago somente em dinheiro: R$ 10 (dias \u00fateis); R$ 20 (finais de semana e feriados); estacionamento para ve\u00edculos de passeio custa R$ 20.<\/p>\n<figure id=\"attachment_50447\" aria-describedby=\"caption-attachment-50447\" style=\"width: 1200px\" class=\"wp-caption aligncenter\"><img loading=\"lazy\" decoding=\"async\" class=\"wp-image-50447 size-full\" src=\"https:\/\/quantocustaviajar.com\/blog\/wp-content\/uploads\/2016\/09\/Ducha_em_Ibitipoca_-_Minas_Gerais.jpg\" alt=\"Ibitipoca\" width=\"1200\" height=\"800\" srcset=\"https:\/\/quantocustaviajar.com\/blog\/wp-content\/uploads\/2016\/09\/Ducha_em_Ibitipoca_-_Minas_Gerais.jpg 1200w, https:\/\/quantocustaviajar.com\/blog\/wp-content\/uploads\/2016\/09\/Ducha_em_Ibitipoca_-_Minas_Gerais-300x200.jpg 300w, https:\/\/quantocustaviajar.com\/blog\/wp-content\/uploads\/2016\/09\/Ducha_em_Ibitipoca_-_Minas_Gerais-768x512.jpg 768w, https:\/\/quantocustaviajar.com\/blog\/wp-content\/uploads\/2016\/09\/Ducha_em_Ibitipoca_-_Minas_Gerais-1024x683.jpg 1024w\" sizes=\"auto, (max-width: 1200px) 100vw, 1200px\" \/><figcaption id=\"caption-attachment-50447\" class=\"wp-caption-text\">Foto: <a href=\"https:\/\/commons.wikimedia.org\/wiki\/File:Ducha_em_Ibitipoca_-_Minas_Gerais.jpg\">Wikipedia<\/a><\/figcaption><\/figure>\n<h4><span class=\"ez-toc-section\" id=\"ROTEIRO_JANELA_DO_CEU\"><\/span><a href=\"https:\/\/quantocustaviajar.com\/blog\/janela-do-ceu-em-ibitipoca-mg\/\" target=\"_blank\" rel=\"noopener noreferrer\">ROTEIRO JANELA DO C\u00c9U<\/a><span class=\"ez-toc-section-end\"><\/span><\/h4>\n<p>Percurso:\u00a016 Km\u00a0(ida e volta) &#8211; permitido somente caminhada<br \/>\nNa trilha: Cruzeiro, Gruta da Cruz, Pico da Lombada, Gruta dos Tr\u00eas Arcos,<br \/>\nGruta dos Fugitivos, Gruta dos Moreiras, Cachoeirinha, Mirante, Janela do C\u00e9u, Rio Vermelho.<\/p>\n<h4><span class=\"ez-toc-section\" id=\"ROTEIRO_PICO_DO_PIAO\"><\/span>ROTEIRO PICO DO PI\u00c3O<span class=\"ez-toc-section-end\"><\/span><\/h4>\n<p>Percurso:\u00a011 Km\u00a0(ida e volta) &#8211; permitido somente caminhada<br \/>\nNa trilha: Gruta do Monjolinho, Gruta do Pi\u00e3o, Gruta dos Viajantes, Pico do Pi\u00e3o, Ru\u00ednas da Capela<\/p>\n<figure id=\"attachment_50448\" aria-describedby=\"caption-attachment-50448\" style=\"width: 1200px\" class=\"wp-caption aligncenter\"><img loading=\"lazy\" decoding=\"async\" class=\"size-full wp-image-50448\" src=\"https:\/\/quantocustaviajar.com\/blog\/wp-content\/uploads\/2016\/09\/Cachoeira_no_Circuito_das_\u00e1guas_no_Parque_Estadual_de_Ibitipoca_-_MG.jpg\" alt=\"\" width=\"1200\" height=\"800\" srcset=\"https:\/\/quantocustaviajar.com\/blog\/wp-content\/uploads\/2016\/09\/Cachoeira_no_Circuito_das_\u00e1guas_no_Parque_Estadual_de_Ibitipoca_-_MG.jpg 1200w, https:\/\/quantocustaviajar.com\/blog\/wp-content\/uploads\/2016\/09\/Cachoeira_no_Circuito_das_\u00e1guas_no_Parque_Estadual_de_Ibitipoca_-_MG-300x200.jpg 300w, https:\/\/quantocustaviajar.com\/blog\/wp-content\/uploads\/2016\/09\/Cachoeira_no_Circuito_das_\u00e1guas_no_Parque_Estadual_de_Ibitipoca_-_MG-768x512.jpg 768w, https:\/\/quantocustaviajar.com\/blog\/wp-content\/uploads\/2016\/09\/Cachoeira_no_Circuito_das_\u00e1guas_no_Parque_Estadual_de_Ibitipoca_-_MG-1024x683.jpg 1024w\" sizes=\"auto, (max-width: 1200px) 100vw, 1200px\" \/><figcaption id=\"caption-attachment-50448\" class=\"wp-caption-text\">Foto: <a href=\"https:\/\/commons.wikimedia.org\/wiki\/File:Cachoeira_no_Circuito_das_%C3%A1guas_no_Parque_Estadual_de_Ibitipoca_-_MG.jpg\">Wikipedia<\/a><\/figcaption><\/figure>\n<h4><span class=\"ez-toc-section\" id=\"CIRCUITO_DA_AGUAS\"><\/span>CIRCUITO DA \u00c1GUAS<span class=\"ez-toc-section-end\"><\/span><\/h4>\n<p>Percurso:\u00a05 km\u00a0(ida e volta) &#8211; permitido somente caminhada<br \/>\nNa trilha: Gruta dos Coelhos, Lago dos Espelhos, Ducha, Lago Negro, Prainha das Elfas, Prainha, Gruta dos Gnomos, Lago das Miragens, Ponte de Pedra, Cachoeira dos Macacos,\u00a0 Rio do Salto.<\/p>\n<h3><span class=\"ez-toc-section\" id=\"Onde_se_hospedar_em_Ibitipoca\"><\/span>Onde se hospedar em Ibitipoca<span class=\"ez-toc-section-end\"><\/span><\/h3>\n<p><strong>Ibitipoca\u00a0<\/strong>n\u00e3o \u00e9 um destino que possui dezenas de op\u00e7\u00f5es de hospedagens, afinal a cidade nem comportaria tudo isso de hot\u00e9is e pousadas, mas possui poucas e \u00f3timas op\u00e7\u00f5es para voc\u00ea conferir, com pre\u00e7o bem atrativo e em sua maioria chal\u00e9s muito aconchegantes, r\u00fasticos e confort\u00e1veis para voc\u00ea curtir o clima frio e a natureza.<\/p>\n<p>Confira abaixo algumas op\u00e7\u00f5es que o Quanto Custa Viajar separou para voc\u00ea conferir:<\/p>\n<p><a href=\"https:\/\/www.booking.com\/hotel\/br\/alpha-ville-chales.pt-br.html?aid=2161834&amp;sid=4e2afe4d082ee710806b9740398f3494&amp;all_sr_blocks=104460511_184405592_2_5_0;checkin=2024-10-26;checkout=2024-10-27;dest_id=-638095;dest_type=city;dist=0;group_adults=2;group_children=0;hapos=2;highlighted_blocks=104460511_184405592_2_5_0;hpos=2;matching_block_id=104460511_184405592_2_5_0;no_rooms=1;req_adults=2;req_children=0;room1=A%2CA;sb_price_type=total;sr_order=popularity;sr_pri_blocks=104460511_184405592_2_5_0__50080;srepoch=1723660289;srpvid=1e6f823d83310115;type=total;ucfs=1&amp;#hotelTmpl\"><strong>Hotel Alpha Ville<\/strong> <strong>Chal\u00e9s<\/strong><\/a><strong>: <\/strong>com mais de 600 avalia\u00e7\u00f5es recentes, este \u00e9 um dos hot\u00e9is favoritos em <strong>Ibitipoca <\/strong>(e com certeza um dos mais luxuosos), com nota m\u00e9dia de 8,8\/10 e inclus\u00f5es e amenidades para deixar qualquer um impressionado. O hotel conta com piscina ao ar livre, piscina coberta, sal\u00e3o de jogos, parquinho infantil, pesca e trilhas a p\u00e9 s\u00e3o oferecidas. Nesta op\u00e7\u00e3o, o caf\u00e9 da manh\u00e3 e o almo\u00e7o j\u00e1 est\u00e3o inclusos no valor da reserva.<\/p>\n<figure id=\"attachment_67604\" aria-describedby=\"caption-attachment-67604\" style=\"width: 1024px\" class=\"wp-caption aligncenter\"><a href=\"https:\/\/quantocustaviajar.com\/blog\/wp-content\/uploads\/2016\/09\/311823642.jpg\"><img loading=\"lazy\" decoding=\"async\" class=\"size-full wp-image-67604\" src=\"https:\/\/quantocustaviajar.com\/blog\/wp-content\/uploads\/2016\/09\/311823642.jpg\" alt=\"\" width=\"1024\" height=\"683\" srcset=\"https:\/\/quantocustaviajar.com\/blog\/wp-content\/uploads\/2016\/09\/311823642.jpg 1024w, https:\/\/quantocustaviajar.com\/blog\/wp-content\/uploads\/2016\/09\/311823642-300x200.jpg 300w, https:\/\/quantocustaviajar.com\/blog\/wp-content\/uploads\/2016\/09\/311823642-768x512.jpg 768w\" sizes=\"auto, (max-width: 1024px) 100vw, 1024px\" \/><\/a><figcaption id=\"caption-attachment-67604\" class=\"wp-caption-text\">Foto: <a href=\"https:\/\/www.booking.com\/hotel\/br\/alpha-ville-chales.pt-br.html?aid=2161834&amp;sid=4e2afe4d082ee710806b9740398f3494&amp;all_sr_blocks=104460511_184405592_2_5_0&amp;checkin=2024-10-26&amp;checkout=2024-10-27&amp;dest_id=-638095&amp;dest_type=city&amp;dist=0&amp;group_adults=2&amp;group_children=0&amp;hapos=2&amp;highlighted_blocks=104460511_184405592_2_5_0&amp;hpos=2&amp;matching_block_id=104460511_184405592_2_5_0&amp;no_rooms=1&amp;req_adults=2&amp;req_children=0&amp;room1=A%2CA&amp;sb_price_type=total&amp;sr_order=popularity&amp;sr_pri_blocks=104460511_184405592_2_5_0__50080&amp;srepoch=1723660289&amp;srpvid=1e6f823d83310115&amp;type=total&amp;ucfs=1&amp;activeTab=photosGallery\">Booking<\/a><\/figcaption><\/figure>\n<p><a href=\"https:\/\/www.booking.com\/hotel\/br\/chala-c-s-belo-vale.pt-br.html?aid=2161834&amp;sid=4e2afe4d082ee710806b9740398f3494&amp;age=0;checkin=2024-10-26;checkout=2024-10-27;dest_id=-638095;dest_type=city;dist=0;group_adults=2;group_children=0;hapos=1;hpos=1;no_rooms=1;req_adults=2;req_children=0;room1=A%2CA;sb_price_type=total;soh=1;sr_order=popularity;srepoch=1723660262;srpvid=2b5181b1127a0973;type=total;ucfs=1&amp;#no_availability_msg\"><strong>Chal\u00e9s Belo Vale &#8211; Rua do Curro<\/strong><\/a>: outra op\u00e7\u00e3o muito bem avaliada (nota 8,8\/10), esta hospedagem oferece chal\u00e9s que comportam at\u00e9 quatro adultos com pre\u00e7os bem atrativos, localiza\u00e7\u00e3o privilegiada a apenas 3 km do Parque Estadual do Ibitipoca. Nessa op\u00e7\u00e3o n\u00e3o \u00e9 oferecido caf\u00e9 da manh\u00e3. Tamb\u00e9m vale a pena conferir o <a href=\"https:\/\/www.booking.com\/hotel\/br\/chales-belo-vale-rua-do-ceu.pt-br.html?aid=2161834&amp;sid=4e2afe4d082ee710806b9740398f3494&amp;checkin=2024-10-26;checkout=2024-10-27;dest_id=-638095;dest_type=city;dist=0;group_adults=2;group_children=0;hapos=1;hpos=1;no_rooms=1;req_adults=2;req_children=0;room1=A%2CA;sb_price_type=total;soh=1;sr_order=popularity;srepoch=1723660756;srpvid=dfbe81b67eaa0012;type=total;ucfs=1&amp;#no_availability_msg\">Chal\u00e9s Belo Vale &#8211; Ibitipoca<\/a>, dos mesmos donos, que tem uma nota ainda maior, chal\u00e9s maiores que comportam at\u00e9 seis adultos e ainda mais perto da natureza.<\/p>\n<figure id=\"attachment_67605\" aria-describedby=\"caption-attachment-67605\" style=\"width: 1024px\" class=\"wp-caption aligncenter\"><a href=\"https:\/\/quantocustaviajar.com\/blog\/wp-content\/uploads\/2016\/09\/340242396.jpg\"><img loading=\"lazy\" decoding=\"async\" class=\"size-full wp-image-67605\" src=\"https:\/\/quantocustaviajar.com\/blog\/wp-content\/uploads\/2016\/09\/340242396.jpg\" alt=\"\" width=\"1024\" height=\"683\" srcset=\"https:\/\/quantocustaviajar.com\/blog\/wp-content\/uploads\/2016\/09\/340242396.jpg 1024w, https:\/\/quantocustaviajar.com\/blog\/wp-content\/uploads\/2016\/09\/340242396-300x200.jpg 300w, https:\/\/quantocustaviajar.com\/blog\/wp-content\/uploads\/2016\/09\/340242396-768x512.jpg 768w\" sizes=\"auto, (max-width: 1024px) 100vw, 1024px\" \/><\/a><figcaption id=\"caption-attachment-67605\" class=\"wp-caption-text\">Foto: <a href=\"https:\/\/www.booking.com\/hotel\/br\/chala-c-s-belo-vale.pt-br.html?aid=2161834&amp;sid=4e2afe4d082ee710806b9740398f3494&amp;all_sr_blocks=87626601_344951409_2_0_0;checkin=2024-10-24;checkout=2024-10-25;dest_id=-638095;dest_type=city;dist=0;group_adults=2;group_children=0;hapos=1;highlighted_blocks=87626601_344951409_2_0_0;hpos=1;matching_block_id=87626601_344951409_2_0_0;no_rooms=1;req_adults=2;req_children=0;room1=A%2CA;sb_price_type=total;sr_order=popularity;sr_pri_blocks=87626601_344951409_2_0_0__20000;srepoch=1723660548;srpvid=016782bdbca90129;type=total;ucfs=1&amp;#_\">Booking<\/a><\/figcaption><\/figure>\n<p><strong><a href=\"https:\/\/www.booking.com\/hotel\/br\/pousada-meu-recanto.pt-br.html?aid=2161834&amp;sid=4e2afe4d082ee710806b9740398f3494&amp;all_sr_blocks=218359104_206334403_2_1_0;checkin=2024-10-24;checkout=2024-10-25;dest_id=-638095;dest_type=city;dist=0;group_adults=2;group_children=0;hapos=6;highlighted_blocks=218359104_206334403_2_1_0;hpos=6;matching_block_id=218359104_206334403_2_1_0;no_rooms=1;req_adults=2;req_children=0;room1=A%2CA;sb_price_type=total;sr_order=popularity;sr_pri_blocks=218359104_206334403_2_1_0__66000;srepoch=1723660855;srpvid=016782bdbca90129;type=total;ucfs=1&amp;#hotelTmpl\">Pousada Meu Recanto<\/a>:\u00a0<\/strong>uma das op\u00e7\u00f5es mais bem avaliadas de <strong>Ibitipoca <\/strong>(nota 9,3\/10), esta pousada oferece quartos e chal\u00e9s equipados, caf\u00e9 da manh\u00e3 inclu\u00eddo, piscina ao ar livre aberta o ano inteiro e est\u00e1 situada bem no centro da cidade. Quem gosta de quartos ainda mais luxuosos e confort\u00e1veis, a pousada conta com a Su\u00edte com Banheira de Hidromassagem para quem preferir investir um pouco mais.<\/p>\n<figure id=\"attachment_67608\" aria-describedby=\"caption-attachment-67608\" style=\"width: 1024px\" class=\"wp-caption aligncenter\"><a href=\"https:\/\/quantocustaviajar.com\/blog\/wp-content\/uploads\/2016\/09\/89311658.jpg\"><img loading=\"lazy\" decoding=\"async\" class=\"wp-image-67608 size-full\" src=\"https:\/\/quantocustaviajar.com\/blog\/wp-content\/uploads\/2016\/09\/89311658.jpg\" alt=\"Ibitipoca\" width=\"1024\" height=\"576\" srcset=\"https:\/\/quantocustaviajar.com\/blog\/wp-content\/uploads\/2016\/09\/89311658.jpg 1024w, https:\/\/quantocustaviajar.com\/blog\/wp-content\/uploads\/2016\/09\/89311658-300x169.jpg 300w, https:\/\/quantocustaviajar.com\/blog\/wp-content\/uploads\/2016\/09\/89311658-768x432.jpg 768w\" sizes=\"auto, (max-width: 1024px) 100vw, 1024px\" \/><\/a><figcaption id=\"caption-attachment-67608\" class=\"wp-caption-text\">Foto: <a href=\"https:\/\/www.booking.com\/hotel\/br\/pousada-meu-recanto.pt-br.html?aid=2161834&amp;sid=4e2afe4d082ee710806b9740398f3494&amp;all_sr_blocks=218359104_206334403_2_1_0&amp;checkin=2024-10-24&amp;checkout=2024-10-25&amp;dest_id=-638095&amp;dest_type=city&amp;dist=0&amp;group_adults=2&amp;group_children=0&amp;hapos=6&amp;highlighted_blocks=218359104_206334403_2_1_0&amp;hpos=6&amp;matching_block_id=218359104_206334403_2_1_0&amp;no_rooms=1&amp;req_adults=2&amp;req_children=0&amp;room1=A%2CA&amp;sb_price_type=total&amp;sr_order=popularity&amp;sr_pri_blocks=218359104_206334403_2_1_0__66000&amp;srepoch=1723660855&amp;srpvid=016782bdbca90129&amp;type=total&amp;ucfs=1&amp;activeTab=main\">Booking<\/a><\/figcaption><\/figure>\n<p><a href=\"https:\/\/www.turismocity.com.br\/hoteis-en-Conceicao_da_Ibitipoca_Brasil\/search?s=26-10-2024.27-10-2024_2.0\" target=\"_blank\" rel=\"noopener noreferrer\"><strong>Encontre aqui mais hospedagens em Ibitipoca<\/strong><\/a><\/p>\n<h3><span class=\"ez-toc-section\" id=\"Como_chegar_em_Ibitipoca\"><\/span>Como chegar em Ibitipoca<span class=\"ez-toc-section-end\"><\/span><\/h3>\n<p><strong>Ibitipoca\u00a0<\/strong>fica a 265 km da capital mineira Belo Horizonte, em uma viagem de carro estimada em cinco horas que pode ser feita pela BR-040 <span style=\"color: initial;\">em dire\u00e7\u00e3o a Juiz de Fora, depois<\/span> siga pela BR-267 at\u00e9 Lima Duarte e de l\u00e1 pegue os \u00faltimos 2<span style=\"color: initial;\">7 km at\u00e9 seu destino final.<\/span><\/p>\n<p><a href=\"https:\/\/www.turismocity.com.br\/?utm_source=qcv&amp;utm_medium=blog\" target=\"_blank\" rel=\"noopener\"><strong>Pesquise aqui sua passagem a\u00e9rea.<\/strong><\/a><\/p>\n<p>J\u00e1 de S\u00e3o Paulo, <strong>Ibitipoca <\/strong>fica a 450 km de dist\u00e2ncia, em uma viagem de carro de 7 horas e o viajante deve pegar a <span style=\"color: initial;\">BR-116 (Dutra) em dire\u00e7\u00e3o ao Rio de Janeiro, depois a <\/span><span style=\"color: initial;\">BR-267 na altura de Caxambu em dire\u00e7\u00e3o a Juiz de Fora at\u00e9 Lima Duarte, onde pegar\u00e1 o caminho final at\u00e9 <\/span><span style=\"color: initial;\"><strong>Ibitipoca<\/strong>.<\/span><\/p>\n<p>Incrivelmente, a capital mais pr\u00f3xima (em horas pela estrada ser melhor) de <strong>Ibitipoca<\/strong> \u00e9 o Rio de Janeiro, com uma dist\u00e2ncia igual de BH para o destino, mas a viagem pode ser feita em 4h30, ent\u00e3o o destino \u00e9 uma boa op\u00e7\u00e3o para diferentes estados desbravarem <a href=\"https:\/\/quantocustaviajar.com\/blog\/cidades-legais-para-viajar-em-minas-gerais\/\">Minas Gerais<\/a>.<\/p>\n<p><strong>N\u00e3o tem carro? <a href=\"https:\/\/www.turismocity.com.br\/carros\" target=\"_blank\" rel=\"noopener\">Confira aqui pre\u00e7o de aluguel<\/a>.<\/strong><\/p>\n<p>Para quem n\u00e3o quer ou n\u00e3o tem como ir de carro, \u00e9 poss\u00edvel <a href=\"https:\/\/www.turismocity.com.br\/onibus\" target=\"_blank\" rel=\"noopener\"><strong>chegar ao destino de \u00f4nibus<\/strong><\/a>, mas j\u00e1 te adiantamos que n\u00e3o h\u00e1 trechos direto e voc\u00ea precisar\u00e1 encarar uma pequena peregrina\u00e7\u00e3o para chegar. O viajante pode pegar a via\u00e7\u00e3o Unida saindo de Belo Horizonte at\u00e9 Juiz de Fora e de l\u00e1 pegar outro \u00f4nibus at\u00e9 Lima Duarte. De l\u00e1, \u00e9 poss\u00edvel pegar um outro \u00f4nibus ou t\u00e1xi at\u00e9 <strong>Ibitipoca.<\/strong> Vale a aten\u00e7\u00e3o j\u00e1 que n\u00e3o s\u00e3o v\u00e1rios oferecidos v\u00e1rios hor\u00e1rios, ent\u00e3o o viajante precisa coordenar certinho cada trecho para n\u00e3o perder o pr\u00f3ximo e ficar &#8220;preso&#8221; em uma cidade no meio do caminho.<\/p>\n<h3><span class=\"ez-toc-section\" id=\"Quando_ir\"><\/span>Quando ir<span class=\"ez-toc-section-end\"><\/span><\/h3>\n<p>O viajante deve, idealmente, planejar sua viagem a <strong>Ibitipoca<\/strong> de acordo com que planeja fazer na viagem. Por exemplo durante o per\u00edodo de seca, que coincide com o inverno local, nos meses de junho, julho e agosto o destino \u00e9 ideal para quem quer fazer trilhas, esportes radicais e atividades ao ar livre, ent\u00e3o ir em per\u00edodos chuvosos vai te deixar trancado dentro da pousada.<\/p>\n<p>Al\u00e9m disso, as trilhas s\u00e3o mais seguras nesse per\u00edodo, mas pelo lado ruim, se seu foco for visitar as cachoeiras, procure outra \u00e9poca, j\u00e1 que elas<span style=\"color: initial;\">\u00a0podem ter menos volume de \u00e1gua, e a \u00e1gua pode estar bem fria.<\/span><\/p>\n<p>Se seu foco s\u00e3o as cachoeiras mesmo, viaje durante o ver\u00e3o, quando elas est\u00e3o mais quentes e cheias, al\u00e9m da temperatura geral estar mais alta.<\/p>\n<p>Durante a primavera (setembro, outubro e novembro) e o outono (mar\u00e7o, abril e maio) \u00e9 o melhor dos dois mundos em <strong>Ibitipoca<\/strong>, com menos chuvas e temperaturas mais altas que o inverno e mais amenas que o ver\u00e3o, tornando as trilhas e cachoeiras mais acess\u00edveis.<\/p>\n<p>Ainda, se poss\u00edvel, prefira viajar durante os dias \u00fateis e evite feriados prolongados, quando a cidade recebe mais viajantes e pode encarecer os poucos hot\u00e9is e pousadas que existem por l\u00e1.<\/p>\n<h3><span class=\"ez-toc-section\" id=\"Quantos_dias_ficar\"><\/span>Quantos dias ficar<span class=\"ez-toc-section-end\"><\/span><\/h3>\n<p>Para fazer a maioria das atividades de <strong>Ibitipoca\u00a0<\/strong>o ideal \u00e9 ficar pelo menos tr\u00eas dias inteiros na cidade, mas isso considerando fazer tudo com certa pressa e sem muito descanso. Se voc\u00ea quer alternar descanso com aventura, pode tentar esticar mais essa programa\u00e7\u00e3o, pegando por exemplo um feriado de quinta a domingo.<\/p>\n","protected":false},"excerpt":{"rendered":"<p>O Brasil est\u00e1 t\u00e3o cheio de\u00a0destinos\u00a0incr\u00edveis (quem duvida, clica aqui), que fica at\u00e9 f\u00e1cil de desistir daquela viagem internacional mais cara. Dessa vez, vamos falar sobre um lugar chamado Ibitipoca, em Minas Gerais, que com suas paisagens surreais pode ganhar o cora\u00e7\u00e3o de qualquer viajante sedento por novidade. O que mais chama a aten\u00e7\u00e3o em\u00a0Concei\u00e7\u00e3o [&hellip;]<\/p>\n","protected":false},"author":18,"featured_media":50444,"comment_status":"open","ping_status":"open","sticky":false,"template":"","format":"standard","meta":{"cybocfi_hide_featured_image":"","footnotes":""},"categories":[1437,1434],"tags":[176,393,415,266,487,4895,467,4892,279,440,4894,278,377,394,539,211,4893,529,132,321,19,530,915,552],"class_list":["post-9159","post","type-post","status-publish","format-standard","has-post-thumbnail","hentry","category-ao-ar-livre","category-descubra-brasil","tag-america-do-sul","tag-aventura","tag-belezas-naturais","tag-brasil","tag-cachoeiras","tag-dicas-de-ibitipoca-mg","tag-ecoturismo","tag-encontre-aqui-mais-hospedagens-em-ibitipoca","tag-entrada","tag-ferias","tag-ibitipoca-mg","tag-ingresso","tag-lugares-surreais","tag-minas-gerais","tag-mochileiro","tag-o-que-fazer","tag-o-que-fazer-em-ibitipoca","tag-onde-ir","tag-parque","tag-passeios","tag-quanto-custa","tag-viagem-a-dois","tag-viagem-com-amigos","tag-viajar-sozinho"],"blocksy_meta":[],"yoast_head":"<!-- This site is optimized with the Yoast SEO plugin v26.3 - https:\/\/yoast.com\/wordpress\/plugins\/seo\/ -->\n<title>Ibitipoca em Minas Gerais, confira dicas para conhecer<\/title>\n<meta name=\"description\" content=\"Vamos falar sobre um lugar chamado Ibitipoca, em Minas Gerais, que com suas paisagens surreais encanta os viajantes.\" \/>\n<meta name=\"robots\" content=\"index, follow, max-snippet:-1, max-image-preview:large, max-video-preview:-1\" \/>\n<link rel=\"canonical\" href=\"https:\/\/quantocustaviajar.com\/blog\/um-lugar-chamado-ibitipoca-em-minas-gerais\/\" \/>\n<meta property=\"og:locale\" content=\"pt_BR\" \/>\n<meta property=\"og:type\" content=\"article\" \/>\n<meta property=\"og:title\" content=\"Ibitipoca em Minas Gerais, confira dicas para conhecer\" \/>\n<meta property=\"og:description\" content=\"Vamos falar sobre um lugar chamado Ibitipoca, em Minas Gerais, que com suas paisagens surreais encanta os viajantes.\" \/>\n<meta property=\"og:url\" content=\"https:\/\/quantocustaviajar.com\/blog\/um-lugar-chamado-ibitipoca-em-minas-gerais\/\" \/>\n<meta property=\"og:site_name\" content=\"Blog Quanto Custa Viajar\" \/>\n<meta property=\"article:publisher\" content=\"https:\/\/www.facebook.com\/quantocustaviajar\" \/>\n<meta property=\"article:published_time\" content=\"2024-09-01T12:37:00+00:00\" \/>\n<meta property=\"article:modified_time\" content=\"2024-09-02T17:36:54+00:00\" \/>\n<meta property=\"og:image\" content=\"https:\/\/quantocustaviajar.com\/blog\/wp-content\/uploads\/2016\/09\/Janela_do_Ceu_Ibitipoca.jpg\" \/>\n\t<meta property=\"og:image:width\" content=\"1199\" \/>\n\t<meta property=\"og:image:height\" content=\"798\" \/>\n\t<meta property=\"og:image:type\" content=\"image\/jpeg\" \/>\n<meta name=\"author\" content=\"Izabella Miranda\" \/>\n<meta name=\"twitter:card\" content=\"summary_large_image\" \/>\n<meta name=\"twitter:label1\" content=\"Escrito por\" \/>\n\t<meta name=\"twitter:data1\" content=\"Izabella Miranda\" \/>\n\t<meta name=\"twitter:label2\" content=\"Est. tempo de leitura\" \/>\n\t<meta name=\"twitter:data2\" content=\"9 minutos\" \/>\n<!-- \/ Yoast SEO plugin. -->","yoast_head_json":{"title":"Ibitipoca em Minas Gerais, confira dicas para conhecer","description":"Vamos falar sobre um lugar chamado Ibitipoca, em Minas Gerais, que com suas paisagens surreais encanta os viajantes.","robots":{"index":"index","follow":"follow","max-snippet":"max-snippet:-1","max-image-preview":"max-image-preview:large","max-video-preview":"max-video-preview:-1"},"canonical":"https:\/\/quantocustaviajar.com\/blog\/um-lugar-chamado-ibitipoca-em-minas-gerais\/","og_locale":"pt_BR","og_type":"article","og_title":"Ibitipoca em Minas Gerais, confira dicas para conhecer","og_description":"Vamos falar sobre um lugar chamado Ibitipoca, em Minas Gerais, que com suas paisagens surreais encanta os viajantes.","og_url":"https:\/\/quantocustaviajar.com\/blog\/um-lugar-chamado-ibitipoca-em-minas-gerais\/","og_site_name":"Blog Quanto Custa Viajar","article_publisher":"https:\/\/www.facebook.com\/quantocustaviajar","article_published_time":"2024-09-01T12:37:00+00:00","article_modified_time":"2024-09-02T17:36:54+00:00","og_image":[{"width":1199,"height":798,"url":"https:\/\/quantocustaviajar.com\/blog\/wp-content\/uploads\/2016\/09\/Janela_do_Ceu_Ibitipoca.jpg","type":"image\/jpeg"}],"author":"Izabella Miranda","twitter_card":"summary_large_image","twitter_misc":{"Escrito por":"Izabella Miranda","Est. tempo de leitura":"9 minutos"},"schema":{"@context":"https:\/\/schema.org","@graph":[{"@type":["Article","BlogPosting"],"@id":"https:\/\/quantocustaviajar.com\/blog\/um-lugar-chamado-ibitipoca-em-minas-gerais\/#article","isPartOf":{"@id":"https:\/\/quantocustaviajar.com\/blog\/um-lugar-chamado-ibitipoca-em-minas-gerais\/"},"author":{"name":"Izabella Miranda","@id":"https:\/\/quantocustaviajar.com\/blog\/#\/schema\/person\/595118451f4120870051de530232399d"},"headline":"Um lugar chamado Ibitipoca, em Minas Gerais","datePublished":"2024-09-01T12:37:00+00:00","dateModified":"2024-09-02T17:36:54+00:00","mainEntityOfPage":{"@id":"https:\/\/quantocustaviajar.com\/blog\/um-lugar-chamado-ibitipoca-em-minas-gerais\/"},"wordCount":1379,"commentCount":4,"publisher":{"@id":"https:\/\/quantocustaviajar.com\/blog\/#organization"},"image":{"@id":"https:\/\/quantocustaviajar.com\/blog\/um-lugar-chamado-ibitipoca-em-minas-gerais\/#primaryimage"},"thumbnailUrl":"https:\/\/quantocustaviajar.com\/blog\/wp-content\/uploads\/2016\/09\/Janela_do_Ceu_Ibitipoca.jpg","keywords":["am\u00e9rica do sul","aventura","belezas naturais","Brasil","cachoeiras","dicas de Ibitipoca MG","ecoturismo","Encontre aqui mais hospedagens em Ibitipoca","entrada","f\u00e9rias","Ibitipoca MG","ingresso","lugares surreais","Minas Gerais","mochileiro","o que fazer","o que fazer em Ibitipoca","onde ir","parque","passeios","quanto custa","viagem a dois","viagem com amigos","viajar sozinho"],"articleSection":["Ao Ar Livre","Descubra o Brasil"],"inLanguage":"pt-BR","potentialAction":[{"@type":"CommentAction","name":"Comment","target":["https:\/\/quantocustaviajar.com\/blog\/um-lugar-chamado-ibitipoca-em-minas-gerais\/#respond"]}]},{"@type":"WebPage","@id":"https:\/\/quantocustaviajar.com\/blog\/um-lugar-chamado-ibitipoca-em-minas-gerais\/","url":"https:\/\/quantocustaviajar.com\/blog\/um-lugar-chamado-ibitipoca-em-minas-gerais\/","name":"Ibitipoca em Minas Gerais, confira dicas para conhecer","isPartOf":{"@id":"https:\/\/quantocustaviajar.com\/blog\/#website"},"primaryImageOfPage":{"@id":"https:\/\/quantocustaviajar.com\/blog\/um-lugar-chamado-ibitipoca-em-minas-gerais\/#primaryimage"},"image":{"@id":"https:\/\/quantocustaviajar.com\/blog\/um-lugar-chamado-ibitipoca-em-minas-gerais\/#primaryimage"},"thumbnailUrl":"https:\/\/quantocustaviajar.com\/blog\/wp-content\/uploads\/2016\/09\/Janela_do_Ceu_Ibitipoca.jpg","datePublished":"2024-09-01T12:37:00+00:00","dateModified":"2024-09-02T17:36:54+00:00","description":"Vamos falar sobre um lugar chamado Ibitipoca, em Minas Gerais, que com suas paisagens surreais encanta os viajantes.","breadcrumb":{"@id":"https:\/\/quantocustaviajar.com\/blog\/um-lugar-chamado-ibitipoca-em-minas-gerais\/#breadcrumb"},"inLanguage":"pt-BR","potentialAction":[{"@type":"ReadAction","target":["https:\/\/quantocustaviajar.com\/blog\/um-lugar-chamado-ibitipoca-em-minas-gerais\/"]}]},{"@type":"ImageObject","inLanguage":"pt-BR","@id":"https:\/\/quantocustaviajar.com\/blog\/um-lugar-chamado-ibitipoca-em-minas-gerais\/#primaryimage","url":"https:\/\/quantocustaviajar.com\/blog\/wp-content\/uploads\/2016\/09\/Janela_do_Ceu_Ibitipoca.jpg","contentUrl":"https:\/\/quantocustaviajar.com\/blog\/wp-content\/uploads\/2016\/09\/Janela_do_Ceu_Ibitipoca.jpg","width":1199,"height":798,"caption":"Foto: Wikipedia"},{"@type":"BreadcrumbList","@id":"https:\/\/quantocustaviajar.com\/blog\/um-lugar-chamado-ibitipoca-em-minas-gerais\/#breadcrumb","itemListElement":[{"@type":"ListItem","position":1,"name":"In\u00edcio","item":"https:\/\/quantocustaviajar.com\/blog\/"},{"@type":"ListItem","position":2,"name":"Um lugar chamado Ibitipoca, em Minas Gerais"}]},{"@type":"WebSite","@id":"https:\/\/quantocustaviajar.com\/blog\/#website","url":"https:\/\/quantocustaviajar.com\/blog\/","name":"Blog Quanto Custa Viajar","description":"","publisher":{"@id":"https:\/\/quantocustaviajar.com\/blog\/#organization"},"potentialAction":[{"@type":"SearchAction","target":{"@type":"EntryPoint","urlTemplate":"https:\/\/quantocustaviajar.com\/blog\/?s={search_term_string}"},"query-input":{"@type":"PropertyValueSpecification","valueRequired":true,"valueName":"search_term_string"}}],"inLanguage":"pt-BR"},{"@type":"Organization","@id":"https:\/\/quantocustaviajar.com\/blog\/#organization","name":"Quanto Custa Viajar","url":"https:\/\/quantocustaviajar.com\/blog\/","logo":{"@type":"ImageObject","inLanguage":"pt-BR","@id":"https:\/\/quantocustaviajar.com\/blog\/#\/schema\/logo\/image\/","url":"","contentUrl":"","caption":"Quanto Custa Viajar"},"image":{"@id":"https:\/\/quantocustaviajar.com\/blog\/#\/schema\/logo\/image\/"},"sameAs":["https:\/\/www.facebook.com\/quantocustaviajar"]},{"@type":"Person","@id":"https:\/\/quantocustaviajar.com\/blog\/#\/schema\/person\/595118451f4120870051de530232399d","name":"Izabella Miranda","image":{"@type":"ImageObject","inLanguage":"pt-BR","@id":"https:\/\/quantocustaviajar.com\/blog\/#\/schema\/person\/image\/","url":"https:\/\/secure.gravatar.com\/avatar\/eb1c9c8ed6c596023f48930e960ff440b8cad6a3beabb6b619d3504ad832c628?s=96&d=mm&r=g","contentUrl":"https:\/\/secure.gravatar.com\/avatar\/eb1c9c8ed6c596023f48930e960ff440b8cad6a3beabb6b619d3504ad832c628?s=96&d=mm&r=g","caption":"Izabella Miranda"},"description":"Jornalista por profiss\u00e3o e planejadora de viagens nas horas vagas.","url":"https:\/\/quantocustaviajar.com\/blog\/author\/izabella\/"}]}},"_links":{"self":[{"href":"https:\/\/quantocustaviajar.com\/blog\/wp-json\/wp\/v2\/posts\/9159","targetHints":{"allow":["GET"]}}],"collection":[{"href":"https:\/\/quantocustaviajar.com\/blog\/wp-json\/wp\/v2\/posts"}],"about":[{"href":"https:\/\/quantocustaviajar.com\/blog\/wp-json\/wp\/v2\/types\/post"}],"author":[{"embeddable":true,"href":"https:\/\/quantocustaviajar.com\/blog\/wp-json\/wp\/v2\/users\/18"}],"replies":[{"embeddable":true,"href":"https:\/\/quantocustaviajar.com\/blog\/wp-json\/wp\/v2\/comments?post=9159"}],"version-history":[{"count":10,"href":"https:\/\/quantocustaviajar.com\/blog\/wp-json\/wp\/v2\/posts\/9159\/revisions"}],"predecessor-version":[{"id":67942,"href":"https:\/\/quantocustaviajar.com\/blog\/wp-json\/wp\/v2\/posts\/9159\/revisions\/67942"}],"wp:featuredmedia":[{"embeddable":true,"href":"https:\/\/quantocustaviajar.com\/blog\/wp-json\/wp\/v2\/media\/50444"}],"wp:attachment":[{"href":"https:\/\/quantocustaviajar.com\/blog\/wp-json\/wp\/v2\/media?parent=9159"}],"wp:term":[{"taxonomy":"category","embeddable":true,"href":"https:\/\/quantocustaviajar.com\/blog\/wp-json\/wp\/v2\/categories?post=9159"},{"taxonomy":"post_tag","embeddable":true,"href":"https:\/\/quantocustaviajar.com\/blog\/wp-json\/wp\/v2\/tags?post=9159"}],"curies":[{"name":"wp","href":"https:\/\/api.w.org\/{rel}","templated":true}]}}