{"id":9107,"date":"2016-09-02T12:07:21","date_gmt":"2016-09-02T12:07:21","guid":{"rendered":"http:\/\/quantocustaviajar.com\/blog\/?p=9107"},"modified":"2021-09-15T13:21:01","modified_gmt":"2021-09-15T13:21:01","slug":"tirolesa-comeca-sao-paulo-termina-minas-gerais","status":"publish","type":"post","link":"https:\/\/quantocustaviajar.com\/blog\/tirolesa-comeca-sao-paulo-termina-minas-gerais\/","title":{"rendered":"Tirolesa com 1 km de extens\u00e3o come\u00e7a em S\u00e3o Paulo e termina em Minas Gerais"},"content":{"rendered":"<p>Quem curte alturas e aventuras n\u00e3o perde uma boa oportunidade de sentir adrenalina pulsando nas veias. No Brasil, uma curiosa <strong>tirolesa com 1 km de extens\u00e3o<\/strong> come\u00e7a em <strong><a href=\"http:\/\/quantocustaviajar.com\/sao-paulo\/sao-paulo\" target=\"_blank\" rel=\"noopener noreferrer\">S\u00e3o Paulo<\/a><\/strong> e termina em <strong><a href=\"http:\/\/quantocustaviajar.com\/brasil\/minas-gerais\" target=\"_blank\" rel=\"noopener noreferrer\">Minas Gerais<\/a><\/strong>. A aproximadamente 140 metros de altura, a atra\u00e7\u00e3o \u00e9 a ponte a\u00e9rea mais r\u00e1pida entre as duas cidades.<\/p>\n<p>A atividade fica dentro do\u00a0<a href=\"https:\/\/parquedossonhos.com.br\/\" target=\"_blank\" rel=\"noopener noreferrer\"><strong>Hotel Fazenda Parque dos Sonhos<\/strong><\/a>, na divisa Socorro\/SP e Bueno Brand\u00e3o\/MG. O complexo conta com oito tirolesas de v\u00e1rios n\u00edveis para que toda a fam\u00edlia possa aproveitar para &#8216;voar&#8217; um pouquinho. A chamada <strong>Tirolesa do P\u00e2nico<\/strong> teve como lan\u00e7amento a presen\u00e7a\u00a0de uma senhora de 65 anos comemorando seu anivers\u00e1rio de maneira radical. Acabou fazendo duas vezes de tanto que gostou!<\/p>\n<figure id=\"attachment_50456\" aria-describedby=\"caption-attachment-50456\" style=\"width: 1280px\" class=\"wp-caption aligncenter\"><img loading=\"lazy\" decoding=\"async\" class=\"size-full wp-image-50456\" src=\"https:\/\/quantocustaviajar.com\/blog\/wp-content\/uploads\/2016\/09\/239689053_4514849781909808_403985296836530709_n.jpg\" alt=\"\" width=\"1280\" height=\"853\" srcset=\"https:\/\/quantocustaviajar.com\/blog\/wp-content\/uploads\/2016\/09\/239689053_4514849781909808_403985296836530709_n.jpg 1280w, https:\/\/quantocustaviajar.com\/blog\/wp-content\/uploads\/2016\/09\/239689053_4514849781909808_403985296836530709_n-300x200.jpg 300w, https:\/\/quantocustaviajar.com\/blog\/wp-content\/uploads\/2016\/09\/239689053_4514849781909808_403985296836530709_n-768x512.jpg 768w, https:\/\/quantocustaviajar.com\/blog\/wp-content\/uploads\/2016\/09\/239689053_4514849781909808_403985296836530709_n-1024x682.jpg 1024w\" sizes=\"auto, (max-width: 1280px) 100vw, 1280px\" \/><figcaption id=\"caption-attachment-50456\" class=\"wp-caption-text\">Foto: <a href=\"https:\/\/www.facebook.com\/ParquedosSonhos\/photos\/4514849775243142\">Divulga\u00e7\u00e3o<\/a><\/figcaption><\/figure>\n<p>O visual que passa entre o vale do Rio Cachoeirinha \u00e9 de tirar o f\u00f4lego. O equipamento tamb\u00e9m foi adaptado para permitir a <strong>participa\u00e7\u00e3o de pessoas com defici\u00eancia ou mobilidade reduzida<\/strong>, onde a pessoa realiza o percurso suspenso\u00a0deitada de bru\u00e7os e desfruta da mesma paisagem.<\/p>\n<p><iframe loading=\"lazy\" title=\"TIROLESA VOADORA.wmv\" width=\"1290\" height=\"968\" src=\"https:\/\/www.youtube.com\/embed\/46Ezphif9DA?feature=oembed\" frameborder=\"0\" allow=\"accelerometer; autoplay; clipboard-write; encrypted-media; gyroscope; picture-in-picture; web-share\" referrerpolicy=\"strict-origin-when-cross-origin\" allowfullscreen><\/iframe><\/p>\n<p>Considerada a\u00a0primeira tirolesa voadora do pa\u00eds, j\u00e1 foi tamb\u00e9m a maior delas at\u00e9 o surgimento da tirolesa Pedra Bela, em\u00a0Bragan\u00e7a Paulista, que tem\u00a01,9 km\u00a0de extens\u00e3o e\u00a0190 metros\u00a0de altura. As tarifas do hotel variam e incluem v\u00e1rias das atividades por pacote, al\u00e9m de ser <strong><a href=\"http:\/\/quantocustaviajar.com\/blog\/all-inclusive-meia-pensao-ou-pensao-completa-saiba-as-diferencas\/\" target=\"_blank\" rel=\"noopener noreferrer\">pens\u00e3o completa<\/a><\/strong>. Saiba mais sobre o estabelecimento <a href=\"http:\/\/quantocustaviajar.com\/blog\/lugares-para-relaxar-proximos-a-sao-paulo-pensao-completa\/\" target=\"_blank\" rel=\"noopener noreferrer\">aqui<\/a>.<\/p>\n<p>O pre\u00e7o do\u00a0<strong>Day Use\u00a0<\/strong>&#8211; ou seja, de um dia todo sem hospedagem, das 8h \u00e0s 18h &#8211; est\u00e1 R$ 180 para adultos; R$ 120 para crian\u00e7as de 5 a 12 anos; R$ 2 para crian\u00e7as at\u00e9 4 anos de idade. O valor inclui cinco atividades de aventura \u00e0 escolha e refei\u00e7\u00f5es de caf\u00e9 da manh\u00e3, almo\u00e7o e ch\u00e1 da tarde. Para visitar o local e fazer\u00a0apenas a tirolesa \u00e9 R$ 60.<\/p>\n<p>https:\/\/www.youtube.com\/watch?v=tQ61yNMcqFc<\/p>\n<p>Curtiu? Que tal passar o final de semana ou algum feriado l\u00e1? <a href=\"https:\/\/parquedossonhos.com.br\/\" target=\"_blank\" rel=\"noopener noreferrer\"><strong>Fa\u00e7a sua reserva<\/strong><\/a> e cruze dois estados voando de uma maneira inusitada!<\/p>\n","protected":false},"excerpt":{"rendered":"<p>Quem curte alturas e aventuras n\u00e3o perde uma boa oportunidade de sentir adrenalina pulsando nas veias. No Brasil, uma curiosa tirolesa com 1 km de extens\u00e3o come\u00e7a em S\u00e3o Paulo e termina em Minas Gerais. A aproximadamente 140 metros de altura, a atra\u00e7\u00e3o \u00e9 a ponte a\u00e9rea mais r\u00e1pida entre as duas cidades. A atividade [&hellip;]<\/p>\n","protected":false},"author":4,"featured_media":50456,"comment_status":"open","ping_status":"open","sticky":false,"template":"","format":"standard","meta":{"cybocfi_hide_featured_image":"","footnotes":""},"categories":[1437,1434],"tags":[373,965,393,76,77,467,722,436,634,468,93,516,584,597,437,793,84,19,824,964,138,469,764],"class_list":["post-9107","post","type-post","status-publish","format-standard","has-post-thumbnail","hentry","category-ao-ar-livre","category-descubra-brasil","tag-adrenalina","tag-altura","tag-aventura","tag-curiosidade","tag-dicas","tag-ecoturismo","tag-esporte","tag-familia","tag-feriado","tag-fim-de-semana","tag-hotel","tag-hotel-fazenda","tag-interior","tag-nas-alturas","tag-paisagem","tag-pensao-completa","tag-preco","tag-quanto-custa","tag-radical","tag-tirolesa","tag-valor","tag-viagem-curta","tag-viagem-de-carro"],"blocksy_meta":[],"yoast_head":"<!-- This site is optimized with the Yoast SEO plugin v26.3 - https:\/\/yoast.com\/wordpress\/plugins\/seo\/ -->\n<title>Tirolesa com 1 km de extens\u00e3o come\u00e7a em S\u00e3o Paulo e termina em Minas Gerais - Blog Quanto Custa Viajar<\/title>\n<meta name=\"robots\" content=\"index, follow, max-snippet:-1, max-image-preview:large, max-video-preview:-1\" \/>\n<link rel=\"canonical\" href=\"https:\/\/quantocustaviajar.com\/blog\/tirolesa-comeca-sao-paulo-termina-minas-gerais\/\" \/>\n<meta property=\"og:locale\" content=\"pt_BR\" \/>\n<meta property=\"og:type\" content=\"article\" \/>\n<meta property=\"og:title\" content=\"Tirolesa com 1 km de extens\u00e3o come\u00e7a em S\u00e3o Paulo e termina em Minas Gerais - Blog Quanto Custa Viajar\" \/>\n<meta property=\"og:description\" content=\"Quem curte alturas e aventuras n\u00e3o perde uma boa oportunidade de sentir adrenalina pulsando nas veias. No Brasil, uma curiosa tirolesa com 1 km de extens\u00e3o come\u00e7a em S\u00e3o Paulo e termina em Minas Gerais. A aproximadamente 140 metros de altura, a atra\u00e7\u00e3o \u00e9 a ponte a\u00e9rea mais r\u00e1pida entre as duas cidades. A atividade [&hellip;]\" \/>\n<meta property=\"og:url\" content=\"https:\/\/quantocustaviajar.com\/blog\/tirolesa-comeca-sao-paulo-termina-minas-gerais\/\" \/>\n<meta property=\"og:site_name\" content=\"Blog Quanto Custa Viajar\" \/>\n<meta property=\"article:publisher\" content=\"https:\/\/www.facebook.com\/quantocustaviajar\" \/>\n<meta property=\"article:author\" content=\"https:\/\/www.facebook.com\/brunellapfvr\/posts\" \/>\n<meta property=\"article:published_time\" content=\"2016-09-02T12:07:21+00:00\" \/>\n<meta property=\"article:modified_time\" content=\"2021-09-15T13:21:01+00:00\" \/>\n<meta property=\"og:image\" content=\"https:\/\/quantocustaviajar.com\/blog\/wp-content\/uploads\/2016\/09\/239689053_4514849781909808_403985296836530709_n.jpg\" \/>\n\t<meta property=\"og:image:width\" content=\"1280\" \/>\n\t<meta property=\"og:image:height\" content=\"853\" \/>\n\t<meta property=\"og:image:type\" content=\"image\/jpeg\" \/>\n<meta name=\"author\" content=\"Brunella Nunes\" \/>\n<meta name=\"twitter:card\" content=\"summary_large_image\" \/>\n<meta name=\"twitter:label1\" content=\"Escrito por\" \/>\n\t<meta name=\"twitter:data1\" content=\"Brunella Nunes\" \/>\n\t<meta name=\"twitter:label2\" content=\"Est. tempo de leitura\" \/>\n\t<meta name=\"twitter:data2\" content=\"2 minutos\" \/>\n<!-- \/ Yoast SEO plugin. -->","yoast_head_json":{"title":"Tirolesa com 1 km de extens\u00e3o come\u00e7a em S\u00e3o Paulo e termina em Minas Gerais - Blog Quanto Custa Viajar","robots":{"index":"index","follow":"follow","max-snippet":"max-snippet:-1","max-image-preview":"max-image-preview:large","max-video-preview":"max-video-preview:-1"},"canonical":"https:\/\/quantocustaviajar.com\/blog\/tirolesa-comeca-sao-paulo-termina-minas-gerais\/","og_locale":"pt_BR","og_type":"article","og_title":"Tirolesa com 1 km de extens\u00e3o come\u00e7a em S\u00e3o Paulo e termina em Minas Gerais - Blog Quanto Custa Viajar","og_description":"Quem curte alturas e aventuras n\u00e3o perde uma boa oportunidade de sentir adrenalina pulsando nas veias. No Brasil, uma curiosa tirolesa com 1 km de extens\u00e3o come\u00e7a em S\u00e3o Paulo e termina em Minas Gerais. A aproximadamente 140 metros de altura, a atra\u00e7\u00e3o \u00e9 a ponte a\u00e9rea mais r\u00e1pida entre as duas cidades. A atividade [&hellip;]","og_url":"https:\/\/quantocustaviajar.com\/blog\/tirolesa-comeca-sao-paulo-termina-minas-gerais\/","og_site_name":"Blog Quanto Custa Viajar","article_publisher":"https:\/\/www.facebook.com\/quantocustaviajar","article_author":"https:\/\/www.facebook.com\/brunellapfvr\/posts","article_published_time":"2016-09-02T12:07:21+00:00","article_modified_time":"2021-09-15T13:21:01+00:00","og_image":[{"width":1280,"height":853,"url":"https:\/\/quantocustaviajar.com\/blog\/wp-content\/uploads\/2016\/09\/239689053_4514849781909808_403985296836530709_n.jpg","type":"image\/jpeg"}],"author":"Brunella Nunes","twitter_card":"summary_large_image","twitter_misc":{"Escrito por":"Brunella Nunes","Est. tempo de leitura":"2 minutos"},"schema":{"@context":"https:\/\/schema.org","@graph":[{"@type":["Article","BlogPosting"],"@id":"https:\/\/quantocustaviajar.com\/blog\/tirolesa-comeca-sao-paulo-termina-minas-gerais\/#article","isPartOf":{"@id":"https:\/\/quantocustaviajar.com\/blog\/tirolesa-comeca-sao-paulo-termina-minas-gerais\/"},"author":{"name":"Brunella Nunes","@id":"https:\/\/quantocustaviajar.com\/blog\/#\/schema\/person\/1a6dd3da9d0c0a4be42652b67bea19bb"},"headline":"Tirolesa com 1 km de extens\u00e3o come\u00e7a em S\u00e3o Paulo e termina em Minas Gerais","datePublished":"2016-09-02T12:07:21+00:00","dateModified":"2021-09-15T13:21:01+00:00","mainEntityOfPage":{"@id":"https:\/\/quantocustaviajar.com\/blog\/tirolesa-comeca-sao-paulo-termina-minas-gerais\/"},"wordCount":382,"commentCount":8,"publisher":{"@id":"https:\/\/quantocustaviajar.com\/blog\/#organization"},"image":{"@id":"https:\/\/quantocustaviajar.com\/blog\/tirolesa-comeca-sao-paulo-termina-minas-gerais\/#primaryimage"},"thumbnailUrl":"https:\/\/quantocustaviajar.com\/blog\/wp-content\/uploads\/2016\/09\/239689053_4514849781909808_403985296836530709_n.jpg","keywords":["adrenalina","altura","aventura","curiosidade","dicas","ecoturismo","esporte","fam\u00edlia","feriado","fim de semana","hotel","hotel fazenda","interior","nas alturas","paisagem","pens\u00e3o completa","pre\u00e7o","quanto custa","radical","tirolesa","valor","viagem curta","viagem de carro"],"articleSection":["Ao Ar Livre","Descubra o Brasil"],"inLanguage":"pt-BR","potentialAction":[{"@type":"CommentAction","name":"Comment","target":["https:\/\/quantocustaviajar.com\/blog\/tirolesa-comeca-sao-paulo-termina-minas-gerais\/#respond"]}]},{"@type":"WebPage","@id":"https:\/\/quantocustaviajar.com\/blog\/tirolesa-comeca-sao-paulo-termina-minas-gerais\/","url":"https:\/\/quantocustaviajar.com\/blog\/tirolesa-comeca-sao-paulo-termina-minas-gerais\/","name":"Tirolesa com 1 km de extens\u00e3o come\u00e7a em S\u00e3o Paulo e termina em Minas Gerais - Blog Quanto Custa Viajar","isPartOf":{"@id":"https:\/\/quantocustaviajar.com\/blog\/#website"},"primaryImageOfPage":{"@id":"https:\/\/quantocustaviajar.com\/blog\/tirolesa-comeca-sao-paulo-termina-minas-gerais\/#primaryimage"},"image":{"@id":"https:\/\/quantocustaviajar.com\/blog\/tirolesa-comeca-sao-paulo-termina-minas-gerais\/#primaryimage"},"thumbnailUrl":"https:\/\/quantocustaviajar.com\/blog\/wp-content\/uploads\/2016\/09\/239689053_4514849781909808_403985296836530709_n.jpg","datePublished":"2016-09-02T12:07:21+00:00","dateModified":"2021-09-15T13:21:01+00:00","breadcrumb":{"@id":"https:\/\/quantocustaviajar.com\/blog\/tirolesa-comeca-sao-paulo-termina-minas-gerais\/#breadcrumb"},"inLanguage":"pt-BR","potentialAction":[{"@type":"ReadAction","target":["https:\/\/quantocustaviajar.com\/blog\/tirolesa-comeca-sao-paulo-termina-minas-gerais\/"]}]},{"@type":"ImageObject","inLanguage":"pt-BR","@id":"https:\/\/quantocustaviajar.com\/blog\/tirolesa-comeca-sao-paulo-termina-minas-gerais\/#primaryimage","url":"https:\/\/quantocustaviajar.com\/blog\/wp-content\/uploads\/2016\/09\/239689053_4514849781909808_403985296836530709_n.jpg","contentUrl":"https:\/\/quantocustaviajar.com\/blog\/wp-content\/uploads\/2016\/09\/239689053_4514849781909808_403985296836530709_n.jpg","width":1280,"height":853,"caption":"Foto: Divulga\u00e7\u00e3o"},{"@type":"BreadcrumbList","@id":"https:\/\/quantocustaviajar.com\/blog\/tirolesa-comeca-sao-paulo-termina-minas-gerais\/#breadcrumb","itemListElement":[{"@type":"ListItem","position":1,"name":"In\u00edcio","item":"https:\/\/quantocustaviajar.com\/blog\/"},{"@type":"ListItem","position":2,"name":"Tirolesa com 1 km de extens\u00e3o come\u00e7a em S\u00e3o Paulo e termina em Minas Gerais"}]},{"@type":"WebSite","@id":"https:\/\/quantocustaviajar.com\/blog\/#website","url":"https:\/\/quantocustaviajar.com\/blog\/","name":"Blog Quanto Custa Viajar","description":"","publisher":{"@id":"https:\/\/quantocustaviajar.com\/blog\/#organization"},"potentialAction":[{"@type":"SearchAction","target":{"@type":"EntryPoint","urlTemplate":"https:\/\/quantocustaviajar.com\/blog\/?s={search_term_string}"},"query-input":{"@type":"PropertyValueSpecification","valueRequired":true,"valueName":"search_term_string"}}],"inLanguage":"pt-BR"},{"@type":"Organization","@id":"https:\/\/quantocustaviajar.com\/blog\/#organization","name":"Quanto Custa Viajar","url":"https:\/\/quantocustaviajar.com\/blog\/","logo":{"@type":"ImageObject","inLanguage":"pt-BR","@id":"https:\/\/quantocustaviajar.com\/blog\/#\/schema\/logo\/image\/","url":"","contentUrl":"","caption":"Quanto Custa Viajar"},"image":{"@id":"https:\/\/quantocustaviajar.com\/blog\/#\/schema\/logo\/image\/"},"sameAs":["https:\/\/www.facebook.com\/quantocustaviajar"]},{"@type":"Person","@id":"https:\/\/quantocustaviajar.com\/blog\/#\/schema\/person\/1a6dd3da9d0c0a4be42652b67bea19bb","name":"Brunella Nunes","image":{"@type":"ImageObject","inLanguage":"pt-BR","@id":"https:\/\/quantocustaviajar.com\/blog\/#\/schema\/person\/image\/","url":"https:\/\/secure.gravatar.com\/avatar\/05b28dfb8a3cc7ee0dba6feefa5677f05be6d7bf4b017728fd38499092f9c282?s=96&d=mm&r=g","contentUrl":"https:\/\/secure.gravatar.com\/avatar\/05b28dfb8a3cc7ee0dba6feefa5677f05be6d7bf4b017728fd38499092f9c282?s=96&d=mm&r=g","caption":"Brunella Nunes"},"description":"Quando n\u00e3o est\u00e1 viajando pelo mundo, est\u00e1 viajando nas ideias.","sameAs":["https:\/\/www.facebook.com\/brunellapfvr\/posts","https:\/\/www.linkedin.com\/in\/brunellanunes\/"],"url":"https:\/\/quantocustaviajar.com\/blog\/author\/equipe\/"}]}},"_links":{"self":[{"href":"https:\/\/quantocustaviajar.com\/blog\/wp-json\/wp\/v2\/posts\/9107","targetHints":{"allow":["GET"]}}],"collection":[{"href":"https:\/\/quantocustaviajar.com\/blog\/wp-json\/wp\/v2\/posts"}],"about":[{"href":"https:\/\/quantocustaviajar.com\/blog\/wp-json\/wp\/v2\/types\/post"}],"author":[{"embeddable":true,"href":"https:\/\/quantocustaviajar.com\/blog\/wp-json\/wp\/v2\/users\/4"}],"replies":[{"embeddable":true,"href":"https:\/\/quantocustaviajar.com\/blog\/wp-json\/wp\/v2\/comments?post=9107"}],"version-history":[{"count":4,"href":"https:\/\/quantocustaviajar.com\/blog\/wp-json\/wp\/v2\/posts\/9107\/revisions"}],"predecessor-version":[{"id":50457,"href":"https:\/\/quantocustaviajar.com\/blog\/wp-json\/wp\/v2\/posts\/9107\/revisions\/50457"}],"wp:featuredmedia":[{"embeddable":true,"href":"https:\/\/quantocustaviajar.com\/blog\/wp-json\/wp\/v2\/media\/50456"}],"wp:attachment":[{"href":"https:\/\/quantocustaviajar.com\/blog\/wp-json\/wp\/v2\/media?parent=9107"}],"wp:term":[{"taxonomy":"category","embeddable":true,"href":"https:\/\/quantocustaviajar.com\/blog\/wp-json\/wp\/v2\/categories?post=9107"},{"taxonomy":"post_tag","embeddable":true,"href":"https:\/\/quantocustaviajar.com\/blog\/wp-json\/wp\/v2\/tags?post=9107"}],"curies":[{"name":"wp","href":"https:\/\/api.w.org\/{rel}","templated":true}]}}