{"id":87727,"date":"2025-12-04T18:11:00","date_gmt":"2025-12-04T18:11:00","guid":{"rendered":"https:\/\/quantocustaviajar.com\/blog\/?p=87727"},"modified":"2025-12-09T18:59:08","modified_gmt":"2025-12-09T18:59:08","slug":"lojas-em-montevideu","status":"publish","type":"post","link":"https:\/\/quantocustaviajar.com\/blog\/lojas-em-montevideu\/","title":{"rendered":"Lojas em Montevid\u00e9u que os brasileiros devem conhecer durante a viagem"},"content":{"rendered":"\n<p><a href=\"https:\/\/quantocustaviajar.com\/uruguai\/montevideu\">Montevideu<\/a> \u00e9 uma cidade charmosa, tranquila e perfeita para quem gosta de explorar com calma \u2014 e isso vale tamb\u00e9m para fazer compras nas <strong>lojas em Montevid\u00e9u<\/strong>. Apesar de menor que Buenos Aires ou Santiago, a capital uruguaia conta com excelentes shoppings, ruas comerciais, feiras tradicionais e marcas locais cheias de estilo.<\/p><div id=\"ez-toc-container\" class=\"ez-toc-v2_0_76 ez-toc-wrap-left counter-hierarchy ez-toc-counter ez-toc-light-blue ez-toc-container-direction\">\n<div class=\"ez-toc-title-container\">\n<p class=\"ez-toc-title\" style=\"cursor:inherit\">Aqui voc\u00ea ir\u00e1 encontrar<\/p>\n<span class=\"ez-toc-title-toggle\"><a href=\"#\" class=\"ez-toc-pull-right ez-toc-btn ez-toc-btn-xs ez-toc-btn-default ez-toc-toggle\" aria-label=\"Alternar tabela de conte\u00fado\"><span class=\"ez-toc-js-icon-con\"><span class=\"\"><span class=\"eztoc-hide\" style=\"display:none;\">Toggle<\/span><span class=\"ez-toc-icon-toggle-span\"><svg style=\"fill: #999;color:#999\" xmlns=\"http:\/\/www.w3.org\/2000\/svg\" class=\"list-377408\" width=\"20px\" height=\"20px\" viewBox=\"0 0 24 24\" fill=\"none\"><path d=\"M6 6H4v2h2V6zm14 0H8v2h12V6zM4 11h2v2H4v-2zm16 0H8v2h12v-2zM4 16h2v2H4v-2zm16 0H8v2h12v-2z\" fill=\"currentColor\"><\/path><\/svg><svg style=\"fill: #999;color:#999\" class=\"arrow-unsorted-368013\" xmlns=\"http:\/\/www.w3.org\/2000\/svg\" width=\"10px\" height=\"10px\" viewBox=\"0 0 24 24\" version=\"1.2\" baseProfile=\"tiny\"><path d=\"M18.2 9.3l-6.2-6.3-6.2 6.3c-.2.2-.3.4-.3.7s.1.5.3.7c.2.2.4.3.7.3h11c.3 0 .5-.1.7-.3.2-.2.3-.5.3-.7s-.1-.5-.3-.7zM5.8 14.7l6.2 6.3 6.2-6.3c.2-.2.3-.5.3-.7s-.1-.5-.3-.7c-.2-.2-.4-.3-.7-.3h-11c-.3 0-.5.1-.7.3-.2.2-.3.5-.3.7s.1.5.3.7z\"\/><\/svg><\/span><\/span><\/span><\/a><\/span><\/div>\n<nav><ul class='ez-toc-list ez-toc-list-level-1 ' ><li class='ez-toc-page-1 ez-toc-heading-level-2'><a class=\"ez-toc-link ez-toc-heading-1\" href=\"https:\/\/quantocustaviajar.com\/blog\/lojas-em-montevideu\/#Lojas_de_vinhos_em_Montevideu\" >Lojas de vinhos em Montevid\u00e9u<\/a><ul class='ez-toc-list-level-3' ><li class='ez-toc-heading-level-3'><a class=\"ez-toc-link ez-toc-heading-2\" href=\"https:\/\/quantocustaviajar.com\/blog\/lojas-em-montevideu\/#Alma_de_Chile_%E2%80%93_Vinoteca\" >Alma de Chile \u2013 Vinoteca<\/a><\/li><li class='ez-toc-page-1 ez-toc-heading-level-3'><a class=\"ez-toc-link ez-toc-heading-3\" href=\"https:\/\/quantocustaviajar.com\/blog\/lojas-em-montevideu\/#La_Vinoteca_%E2%80%93_Mercado_Ferrando\" >La Vinoteca \u2013 Mercado Ferrando<\/a><\/li><li class='ez-toc-page-1 ez-toc-heading-level-3'><a class=\"ez-toc-link ez-toc-heading-4\" href=\"https:\/\/quantocustaviajar.com\/blog\/lojas-em-montevideu\/#Esencia_Uruguay_%E2%80%93_Vinhos_Gourmet\" >Esencia Uruguay \u2013 Vinhos &amp; Gourmet<\/a><\/li><\/ul><\/li><li class='ez-toc-page-1 ez-toc-heading-level-2'><a class=\"ez-toc-link ez-toc-heading-5\" href=\"https:\/\/quantocustaviajar.com\/blog\/lojas-em-montevideu\/#Lojas_de_maquiagem_e_cosmeticos_em_Montevideu\" >Lojas de maquiagem e cosm\u00e9ticos em Montevid\u00e9u<\/a><ul class='ez-toc-list-level-3' ><li class='ez-toc-heading-level-3'><a class=\"ez-toc-link ez-toc-heading-6\" href=\"https:\/\/quantocustaviajar.com\/blog\/lojas-em-montevideu\/#Farmashop\" >Farmashop<\/a><\/li><li class='ez-toc-page-1 ez-toc-heading-level-3'><a class=\"ez-toc-link ez-toc-heading-7\" href=\"https:\/\/quantocustaviajar.com\/blog\/lojas-em-montevideu\/#San_Roque\" >San Roque<\/a><\/li><li class='ez-toc-page-1 ez-toc-heading-level-3'><a class=\"ez-toc-link ez-toc-heading-8\" href=\"https:\/\/quantocustaviajar.com\/blog\/lojas-em-montevideu\/#Tiendas_Parisien_%E2%80%93_Setor_Beauty\" >Tiendas Parisien \u2013 Setor Beauty<\/a><\/li><\/ul><\/li><li class='ez-toc-page-1 ez-toc-heading-level-2'><a class=\"ez-toc-link ez-toc-heading-9\" href=\"https:\/\/quantocustaviajar.com\/blog\/lojas-em-montevideu\/#Lojas_de_decoracao_em_Montevideu\" >Lojas de decora\u00e7\u00e3o em Montevid\u00e9u<\/a><ul class='ez-toc-list-level-3' ><li class='ez-toc-heading-level-3'><a class=\"ez-toc-link ez-toc-heading-10\" href=\"https:\/\/quantocustaviajar.com\/blog\/lojas-em-montevideu\/#Casaideas\" >Casaideas<\/a><\/li><li class='ez-toc-page-1 ez-toc-heading-level-3'><a class=\"ez-toc-link ez-toc-heading-11\" href=\"https:\/\/quantocustaviajar.com\/blog\/lojas-em-montevideu\/#Tiendamia_Home\" >Tiendamia Home<\/a><\/li><li class='ez-toc-page-1 ez-toc-heading-level-3'><a class=\"ez-toc-link ez-toc-heading-12\" href=\"https:\/\/quantocustaviajar.com\/blog\/lojas-em-montevideu\/#Deco_Punto\" >Deco Punto<\/a><\/li><\/ul><\/li><li class='ez-toc-page-1 ez-toc-heading-level-2'><a class=\"ez-toc-link ez-toc-heading-13\" href=\"https:\/\/quantocustaviajar.com\/blog\/lojas-em-montevideu\/#Lojas_de_presentes_e_lembrancas_em_Montevideu\" >Lojas de presentes e lembran\u00e7as em Montevid\u00e9u<\/a><ul class='ez-toc-list-level-3' ><li class='ez-toc-heading-level-3'><a class=\"ez-toc-link ez-toc-heading-14\" href=\"https:\/\/quantocustaviajar.com\/blog\/lojas-em-montevideu\/#Mercado_del_Puerto\" >Mercado del Puerto<\/a><\/li><li class='ez-toc-page-1 ez-toc-heading-level-3'><a class=\"ez-toc-link ez-toc-heading-15\" href=\"https:\/\/quantocustaviajar.com\/blog\/lojas-em-montevideu\/#Paseo_de_las_Artes_%E2%80%93_Rambla\" >Paseo de las Artes \u2013 Rambla<\/a><\/li><li class='ez-toc-page-1 ez-toc-heading-level-3'><a class=\"ez-toc-link ez-toc-heading-16\" href=\"https:\/\/quantocustaviajar.com\/blog\/lojas-em-montevideu\/#Centro_Artesanal_%E2%80%93_Cidade_Velha\" >Centro Artesanal \u2013 Cidade Velha<\/a><\/li><\/ul><\/li><li class='ez-toc-page-1 ez-toc-heading-level-2'><a class=\"ez-toc-link ez-toc-heading-17\" href=\"https:\/\/quantocustaviajar.com\/blog\/lojas-em-montevideu\/#Lojas_de_Moda_em_Montevideu\" >Lojas de Moda em Montevideu<\/a><ul class='ez-toc-list-level-3' ><li class='ez-toc-heading-level-3'><a class=\"ez-toc-link ez-toc-heading-18\" href=\"https:\/\/quantocustaviajar.com\/blog\/lojas-em-montevideu\/#Parisien\" >Parisien<\/a><\/li><li class='ez-toc-page-1 ez-toc-heading-level-3'><a class=\"ez-toc-link ez-toc-heading-19\" href=\"https:\/\/quantocustaviajar.com\/blog\/lojas-em-montevideu\/#Indian_Outlet\" >Indian Outlet<\/a><\/li><li class='ez-toc-page-1 ez-toc-heading-level-3'><a class=\"ez-toc-link ez-toc-heading-20\" href=\"https:\/\/quantocustaviajar.com\/blog\/lojas-em-montevideu\/#Montevideo_Shopping_%E2%80%93_Setor_Fashion\" >Montevideo Shopping \u2013 Setor Fashion<\/a><\/li><\/ul><\/li><li class='ez-toc-page-1 ez-toc-heading-level-2'><a class=\"ez-toc-link ez-toc-heading-21\" href=\"https:\/\/quantocustaviajar.com\/blog\/lojas-em-montevideu\/#Lojas_de_Produtos_Tipicos_do_Uruguai\" >Lojas de Produtos T\u00edpicos do Uruguai<\/a><ul class='ez-toc-list-level-3' ><li class='ez-toc-heading-level-3'><a class=\"ez-toc-link ez-toc-heading-22\" href=\"https:\/\/quantocustaviajar.com\/blog\/lojas-em-montevideu\/#Manos_del_Uruguay\" >Manos del Uruguay<\/a><\/li><li class='ez-toc-page-1 ez-toc-heading-level-3'><a class=\"ez-toc-link ez-toc-heading-23\" href=\"https:\/\/quantocustaviajar.com\/blog\/lojas-em-montevideu\/#Lanas_Trinidad_%E2%80%93_Boutique\" >Lanas Trinidad \u2013 Boutique<\/a><\/li><li class='ez-toc-page-1 ez-toc-heading-level-3'><a class=\"ez-toc-link ez-toc-heading-24\" href=\"https:\/\/quantocustaviajar.com\/blog\/lojas-em-montevideu\/#Arte_Nativa\" >Arte Nativa<\/a><\/li><\/ul><\/li><li class='ez-toc-page-1 ez-toc-heading-level-2'><a class=\"ez-toc-link ez-toc-heading-25\" href=\"https:\/\/quantocustaviajar.com\/blog\/lojas-em-montevideu\/#Lojas_de_tecnologia_e_eletronicos_em_Montevideu\" >Lojas de tecnologia e eletr\u00f4nicos em Montevid\u00e9u<\/a><ul class='ez-toc-list-level-3' ><li class='ez-toc-heading-level-3'><a class=\"ez-toc-link ez-toc-heading-26\" href=\"https:\/\/quantocustaviajar.com\/blog\/lojas-em-montevideu\/#Multiahorro_Hogar\" >Multiahorro Hogar<\/a><\/li><li class='ez-toc-page-1 ez-toc-heading-level-3'><a class=\"ez-toc-link ez-toc-heading-27\" href=\"https:\/\/quantocustaviajar.com\/blog\/lojas-em-montevideu\/#Nstore_%E2%80%93_Apple_Premium_Reseller\" >Nstore \u2013 Apple Premium Reseller<\/a><\/li><li class='ez-toc-page-1 ez-toc-heading-level-3'><a class=\"ez-toc-link ez-toc-heading-28\" href=\"https:\/\/quantocustaviajar.com\/blog\/lojas-em-montevideu\/#Mosca\" >Mosca<\/a><\/li><\/ul><\/li><li class='ez-toc-page-1 ez-toc-heading-level-2'><a class=\"ez-toc-link ez-toc-heading-29\" href=\"https:\/\/quantocustaviajar.com\/blog\/lojas-em-montevideu\/#Lojas_Independentes_e_Produtos_Criativos\" >Lojas Independentes e Produtos Criativos<\/a><ul class='ez-toc-list-level-3' ><li class='ez-toc-heading-level-3'><a class=\"ez-toc-link ez-toc-heading-30\" href=\"https:\/\/quantocustaviajar.com\/blog\/lojas-em-montevideu\/#Distrito_Creativo_%E2%80%93_Cordon\" >Distrito Creativo \u2013 Cord\u00f3n<\/a><\/li><li class='ez-toc-page-1 ez-toc-heading-level-3'><a class=\"ez-toc-link ez-toc-heading-31\" href=\"https:\/\/quantocustaviajar.com\/blog\/lojas-em-montevideu\/#Tristan_Narvaja_%E2%80%93_Feira_de_Domingo\" >Trist\u00e1n Narvaja \u2013 Feira de Domingo<\/a><\/li><\/ul><\/li><li class='ez-toc-page-1 ez-toc-heading-level-2'><a class=\"ez-toc-link ez-toc-heading-32\" href=\"https:\/\/quantocustaviajar.com\/blog\/lojas-em-montevideu\/#Dicas_para_trazer_compras_no_aviao\" >Dicas para trazer compras no avi\u00e3o<\/a><ul class='ez-toc-list-level-3' ><li class='ez-toc-heading-level-3'><a class=\"ez-toc-link ez-toc-heading-33\" href=\"https:\/\/quantocustaviajar.com\/blog\/lojas-em-montevideu\/#1_Respeite_a_cota_da_alfandega\" >1. Respeite a cota da alf\u00e2ndega<\/a><\/li><li class='ez-toc-page-1 ez-toc-heading-level-3'><a class=\"ez-toc-link ez-toc-heading-34\" href=\"https:\/\/quantocustaviajar.com\/blog\/lojas-em-montevideu\/#2_Vinhos_e_bebidas_alcoolicas\" >2. Vinhos e bebidas alco\u00f3licas<\/a><\/li><li class='ez-toc-page-1 ez-toc-heading-level-3'><a class=\"ez-toc-link ez-toc-heading-35\" href=\"https:\/\/quantocustaviajar.com\/blog\/lojas-em-montevideu\/#3_Cuidados_com_produtos_frageis\" >3. Cuidados com produtos fr\u00e1geis<\/a><\/li><li class='ez-toc-page-1 ez-toc-heading-level-3'><a class=\"ez-toc-link ez-toc-heading-36\" href=\"https:\/\/quantocustaviajar.com\/blog\/lojas-em-montevideu\/#4_Cosmeticos_e_liquidos\" >4. Cosm\u00e9ticos e l\u00edquidos<\/a><\/li><li class='ez-toc-page-1 ez-toc-heading-level-3'><a class=\"ez-toc-link ez-toc-heading-37\" href=\"https:\/\/quantocustaviajar.com\/blog\/lojas-em-montevideu\/#5_Eletronicos\" >5. Eletr\u00f4nicos<\/a><\/li><li class='ez-toc-page-1 ez-toc-heading-level-3'><a class=\"ez-toc-link ez-toc-heading-38\" href=\"https:\/\/quantocustaviajar.com\/blog\/lojas-em-montevideu\/#6_Roupas_e_acessorios\" >6. Roupas e acess\u00f3rios<\/a><\/li><li class='ez-toc-page-1 ez-toc-heading-level-3'><a class=\"ez-toc-link ez-toc-heading-39\" href=\"https:\/\/quantocustaviajar.com\/blog\/lojas-em-montevideu\/#7_Leve_espaco_na_mala\" >7. Leve espa\u00e7o na mala<\/a><\/li><\/ul><\/li><li class='ez-toc-page-1 ez-toc-heading-level-2'><a class=\"ez-toc-link ez-toc-heading-40\" href=\"https:\/\/quantocustaviajar.com\/blog\/lojas-em-montevideu\/#Aproveite_o_melhor_das_lojas_em_Montevideu\" >Aproveite o melhor das lojas em Montevid\u00e9u<\/a><\/li><\/ul><\/nav><\/div>\n\n\n\n\n<pre class=\"wp-block-preformatted has-background\" style=\"background-color:#cfd8e1\"><strong>Comece a planejar sua viagem aqui!<\/strong>\n<a href=\"https:\/\/www.turismocity.com.br\/?utm_source=qcv&amp;utm_medium=blog\" target=\"_blank\" rel=\"noreferrer noopener\">Encontre sua passagem a\u00e9rea barata\n<\/a><a href=\"https:\/\/www.booking.com\/index.pt-br.html?aid=2161834\" target=\"_blank\" rel=\"noreferrer noopener\">E pesquise a hospedagem perfeita com o seu or\u00e7amento<\/a><\/pre>\n\n\n\n<figure class=\"wp-block-image size-full\"><img loading=\"lazy\" decoding=\"async\" width=\"1000\" height=\"667\" src=\"https:\/\/quantocustaviajar.com\/blog\/wp-content\/uploads\/2025\/11\/2148303806.jpg\" alt=\"Lojas em Montevid\u00e9u\" class=\"wp-image-87728\" srcset=\"https:\/\/quantocustaviajar.com\/blog\/wp-content\/uploads\/2025\/11\/2148303806.jpg 1000w, https:\/\/quantocustaviajar.com\/blog\/wp-content\/uploads\/2025\/11\/2148303806-300x200.jpg 300w, https:\/\/quantocustaviajar.com\/blog\/wp-content\/uploads\/2025\/11\/2148303806-768x512.jpg 768w\" sizes=\"auto, (max-width: 1000px) 100vw, 1000px\" \/><figcaption class=\"wp-element-caption\">Foto: <a href=\"https:\/\/br.freepik.com\/fotos-gratis\/vista-de-tras-de-um-casal-com-sacos-de-compras_5588587.htm#fromView=search&amp;page=1&amp;position=2&amp;uuid=e8ffe655-de9d-465b-920e-68198a1971cb&amp;query=pessoas+passeando+rua+compras\" target=\"_blank\" rel=\"noreferrer noopener\">Freepik<\/a><\/figcaption><\/figure>\n\n\n\n<p>Os brasileiros encontram desde moda e decora\u00e7\u00e3o at\u00e9 cosm\u00e9ticos, vinhos e produtos t\u00edpicos do pa\u00eds. Para ajudar no planejamento da sua viagem, reunimos aqui as melhores <strong><strong>lojas em Montevid\u00e9u<\/strong><\/strong> divididas por categorias, com resumos completos, <strong>endere\u00e7o<\/strong> e dicas pr\u00e1ticas sobre como aproveitar cada parada.<\/p>\n\n\n\n<p>Se voc\u00ea est\u00e1 organizando um roteiro de compras e quer saber exatamente onde ir, este guia vai te mostrar todas as <strong>lojas em Montevideu<\/strong> que realmente valem a visita. Prepare a lista \u2014 e a mala \u2014 porque tem muita coisa boa para descobrir.<\/p>\n\n\n\n<p>| <strong><a href=\"https:\/\/www.booking.com\/searchresults.pt-br.html?ss=Montevid%C3%A9u%2C+Montevid%C3%A9u%2C+Uruguai&amp;ssne=Paris&amp;ssne_untouched=Paris&amp;highlighted_hotels=335415&amp;efdco=1&amp;label=mkt123sc-75b31aeb-5be6-4454-bb0d-0fef63bd9bab&amp;sid=de2764346989f7c88a06a24eab4f480d&amp;aid=2161834&amp;lang=pt-br&amp;sb=1&amp;src_elem=sb&amp;src=searchresults&amp;dest_id=-907764&amp;dest_type=city&amp;ac_position=0&amp;ac_click_type=b&amp;ac_langcode=xb&amp;ac_suggestion_list_length=5&amp;search_selected=true&amp;search_pageview_id=0ef277b744bb04ea&amp;ac_meta=GhAwZWYyNzdiNzQ0YmIwNGVhIAAoATICeGI6Cm1vbnRldmlkZXVAAEoAUAA%3D&amp;group_adults=2&amp;no_rooms=1&amp;group_children=0\" target=\"_blank\" rel=\"noreferrer noopener\">Descubra aqui onde se hospedar na cidade<\/a><\/strong><\/p>\n\n\n\n<h2 class=\"wp-block-heading\"><span class=\"ez-toc-section\" id=\"Lojas_de_vinhos_em_Montevideu\"><\/span>Lojas de vinhos em Montevid\u00e9u<span class=\"ez-toc-section-end\"><\/span><\/h2>\n\n\n\n<h3 class=\"wp-block-heading\"><span class=\"ez-toc-section\" id=\"Alma_de_Chile_%E2%80%93_Vinoteca\"><\/span><strong>Alma de Chile \u2013 Vinoteca<\/strong><span class=\"ez-toc-section-end\"><\/span><\/h3>\n\n\n\n<p>Mesmo sendo especializada em vinhos de v\u00e1rias regi\u00f5es, a loja oferece uma excelente variedade de vinhos uruguaios, especialmente r\u00f3tulos de Tannat, al\u00e9m de op\u00e7\u00f5es artesanais e edi\u00e7\u00f5es especiais. \u00c9 uma das <strong>lojas em Montevid\u00e9u<\/strong> mais visitadas por quem quer comprar vinho de alta qualidade.<br><strong>Endere\u00e7o:<\/strong> Boulevard Artigas 1825, Terminal Tres Cruces.<\/p>\n\n\n\n<h3 class=\"wp-block-heading\"><span class=\"ez-toc-section\" id=\"La_Vinoteca_%E2%80%93_Mercado_Ferrando\"><\/span><strong>La Vinoteca \u2013 Mercado Ferrando<\/strong><span class=\"ez-toc-section-end\"><\/span><\/h3>\n\n\n\n<p>Local charmosa e moderna, re\u00fane produtores locais, r\u00f3tulos boutique e vinhos uruguaios premiados. A loja se destaca pela curadoria cuidadosa e pela boa variedade de produtos gourmet.<br><strong>Endere\u00e7o:<\/strong> Chan\u00e1 2120, Cord\u00f3n.<\/p>\n\n\n\n<h3 class=\"wp-block-heading\"><span class=\"ez-toc-section\" id=\"Esencia_Uruguay_%E2%80%93_Vinhos_Gourmet\"><\/span><strong>Esencia Uruguay \u2013 Vinhos &amp; Gourmet<\/strong><span class=\"ez-toc-section-end\"><\/span><\/h3>\n\n\n\n<p>Uma das paradas preferidas dos visitantes que querem conhecer produtos artesanais produzidos no pa\u00eds. Al\u00e9m dos vinhos, voc\u00ea encontra azeites, conservas, doces t\u00edpicos e cestas prontas.<br><strong>Endere\u00e7o:<\/strong> Pablo de Mar\u00eda 1133, Parque Rod\u00f3.<\/p>\n\n\n\n<h2 class=\"wp-block-heading\"><span class=\"ez-toc-section\" id=\"Lojas_de_maquiagem_e_cosmeticos_em_Montevideu\"><\/span>Lojas de maquiagem e cosm\u00e9ticos em Montevid\u00e9u<span class=\"ez-toc-section-end\"><\/span><\/h2>\n\n\n\n<h3 class=\"wp-block-heading\"><span class=\"ez-toc-section\" id=\"Farmashop\"><\/span><strong>Farmashop<\/strong><span class=\"ez-toc-section-end\"><\/span><\/h3>\n\n\n\n<p>Maior rede de farm\u00e1cias e beleza do Uruguai, com ampla variedade de maquiagem, perfumes, produtos capilares, dermocosm\u00e9ticos e itens de skincare. Para muita gente, \u00e9 uma das melhores <strong>lojas em Montevid\u00e9u<\/strong> para comprar cosm\u00e9ticos com pre\u00e7o justo.<br><strong>Endere\u00e7o:<\/strong> 18 de Julio 1536, Centro (e v\u00e1rias unidades na cidade).<\/p>\n\n\n\n<h3 class=\"wp-block-heading\"><span class=\"ez-toc-section\" id=\"San_Roque\"><\/span><strong>San Roque<\/strong><span class=\"ez-toc-section-end\"><\/span><\/h3>\n\n\n\n<p>Outra grande rede farmac\u00eautica que oferece marcas internacionais de maquiagem, perfumes importados e dermocosm\u00e9ticos. Vale comparar pre\u00e7os com a Farmashop.<br><strong>Endere\u00e7o:<\/strong> 18 de Julio 1385, Centro.<\/p>\n\n\n\n<h3 class=\"wp-block-heading\"><span class=\"ez-toc-section\" id=\"Tiendas_Parisien_%E2%80%93_Setor_Beauty\"><\/span><strong>Tiendas Parisien \u2013 Setor Beauty<\/strong><span class=\"ez-toc-section-end\"><\/span><\/h3>\n\n\n\n<p>Sua grande \u00e1rea de beleza traz op\u00e7\u00f5es acess\u00edveis e variadas de maquiagem e cuidados pessoais. \u00c9 \u00f3tima para quem busca pre\u00e7os mais baixos.<br><strong>Endere\u00e7o:<\/strong> Convenci\u00f3n 1290, Centro.<\/p>\n\n\n\n<h2 class=\"wp-block-heading\"><span class=\"ez-toc-section\" id=\"Lojas_de_decoracao_em_Montevideu\"><\/span>Lojas de decora\u00e7\u00e3o em <strong>Montevid\u00e9u <\/strong><span class=\"ez-toc-section-end\"><\/span><\/h2>\n\n\n\n<h3 class=\"wp-block-heading\"><span class=\"ez-toc-section\" id=\"Casaideas\"><\/span><strong>Casaideas<\/strong><span class=\"ez-toc-section-end\"><\/span><\/h3>\n\n\n\n<p>Uma das <strong>lojas em Montevid\u00e9u<\/strong> preferidas pelos brasileiros. Modern\u00edssima e cheia de objetos criativos, vendendo decora\u00e7\u00e3o, organiza\u00e7\u00e3o, utens\u00edlios dom\u00e9sticos, acess\u00f3rios e presentes para casa. Os pre\u00e7os s\u00e3o muito competitivos.<br><strong>Endere\u00e7o:<\/strong> 18 de Julio 1873, Centro.<\/p>\n\n\n\n<h3 class=\"wp-block-heading\"><span class=\"ez-toc-section\" id=\"Tiendamia_Home\"><\/span><strong>Tiendamia Home<\/strong><span class=\"ez-toc-section-end\"><\/span><\/h3>\n\n\n\n<p>Loja focada em decora\u00e7\u00e3o moderna, objetos funcionais, acess\u00f3rios decorativos e pequenos itens de design. \u00c9 ideal para quem quer elevar o visual da casa com pe\u00e7as pr\u00e1ticas.<br><strong>Endere\u00e7o:<\/strong> Av. Rivera 2400, Pocitos.<\/p>\n\n\n\n<h3 class=\"wp-block-heading\"><span class=\"ez-toc-section\" id=\"Deco_Punto\"><\/span><strong>Deco Punto<\/strong><span class=\"ez-toc-section-end\"><\/span><\/h3>\n\n\n\n<p>Especialista em itens decorativos, almofadas, objetos artesanais e artigos exclusivos. Perfeita para quem gosta de decora\u00e7\u00e3o com toque local e pe\u00e7as originais.<br><strong>Endere\u00e7o:<\/strong> Bvar. Espa\u00f1a 2190, Pocitos.<\/p>\n\n\n\n<h2 class=\"wp-block-heading\"><span class=\"ez-toc-section\" id=\"Lojas_de_presentes_e_lembrancas_em_Montevideu\"><\/span>Lojas de presentes e lembran\u00e7as em <strong>Montevid\u00e9u <\/strong><span class=\"ez-toc-section-end\"><\/span><\/h2>\n\n\n\n<h3 class=\"wp-block-heading\"><span class=\"ez-toc-section\" id=\"Mercado_del_Puerto\"><\/span><strong>Mercado del Puerto<\/strong><span class=\"ez-toc-section-end\"><\/span><\/h3>\n\n\n\n<p>Mais do que um espa\u00e7o gastron\u00f4mico, o Mercado del Puerto tem v\u00e1rias lojinhas que vendem lembran\u00e7as, produtos artesanais, doces, vinhos e presentes t\u00edpicos. \u00c9 uma das <strong>lojas em Montevideu<\/strong> mais tradicionais para turistas.<br><strong>Endere\u00e7o:<\/strong> Mercado del Puerto, Rambla 25 de Agosto.<\/p>\n\n\n\n<h3 class=\"wp-block-heading\"><span class=\"ez-toc-section\" id=\"Paseo_de_las_Artes_%E2%80%93_Rambla\"><\/span><strong>Paseo de las Artes \u2013 Rambla<\/strong><span class=\"ez-toc-section-end\"><\/span><\/h3>\n\n\n\n<p>Re\u00fane artes\u00e3os e pequenas lojas que vendem objetos de l\u00e3, cer\u00e2mica, couro, arte local e lembran\u00e7as tradicionais uruguaias. Ideal para comprar presentes originais.<br><strong>Endere\u00e7o:<\/strong> Rambla Rep\u00fablica <a href=\"https:\/\/quantocustaviajar.com\/blog\/lugares-imperdiveis-para-conhecer-na-argentina\/\">Argentina<\/a>, Pocitos.<\/p>\n\n\n\n<h3 class=\"wp-block-heading\"><span class=\"ez-toc-section\" id=\"Centro_Artesanal_%E2%80%93_Cidade_Velha\"><\/span><strong>Centro Artesanal \u2013 Cidade Velha<\/strong><span class=\"ez-toc-section-end\"><\/span><\/h3>\n\n\n\n<p>Feira permanente com artesanato local, pe\u00e7as feitas \u00e0 m\u00e3o, roupas de l\u00e3, acess\u00f3rios e lembran\u00e7as. \u00d3timo local para comprar presentes \u00fanicos e aut\u00eanticos.<br><strong>Endere\u00e7o:<\/strong> Peatonal Sarand\u00ed, Ciudad Vieja.<\/p>\n\n\n\n<h2 class=\"wp-block-heading\"><span class=\"ez-toc-section\" id=\"Lojas_de_Moda_em_Montevideu\"><\/span>Lojas de Moda em Montevideu<span class=\"ez-toc-section-end\"><\/span><\/h2>\n\n\n\n<h3 class=\"wp-block-heading\"><span class=\"ez-toc-section\" id=\"Parisien\"><\/span><strong>Parisien<\/strong><span class=\"ez-toc-section-end\"><\/span><\/h3>\n\n\n\n<p>Uma das redes de moda mais populares do pa\u00eds, com roupas femininas, masculinas e infantis a pre\u00e7os \u00f3timos. Ideal para quem quer renovar o guarda-roupa sem gastar muito.<br><strong>Endere\u00e7o:<\/strong> 18 de Julio 1285, Centro.<\/p>\n\n\n\n<h3 class=\"wp-block-heading\"><span class=\"ez-toc-section\" id=\"Indian_Outlet\"><\/span><strong>Indian Outlet<\/strong><span class=\"ez-toc-section-end\"><\/span><\/h3>\n\n\n\n<p>Perfeita para quem busca roupas, acess\u00f3rios e cal\u00e7ados de marcas locais e internacionais com descontos altos. Uma das <strong>lojas em Montevideu<\/strong> mais buscadas por quem quer economizar.<br><strong>Endere\u00e7o:<\/strong> Av. Italia 3000, Malv\u00edn.<\/p>\n\n\n\n<h3 class=\"wp-block-heading\"><span class=\"ez-toc-section\" id=\"Montevideo_Shopping_%E2%80%93_Setor_Fashion\"><\/span><strong>Montevideo Shopping \u2013 Setor Fashion<\/strong><span class=\"ez-toc-section-end\"><\/span><\/h3>\n\n\n\n<p>O shopping mais conhecido da cidade re\u00fane dezenas de lojas de moda, acess\u00f3rios, perfumes e presentes. \u00c9 parada obrigat\u00f3ria no roteiro de compras.<br><strong>Endere\u00e7o:<\/strong> Luis Alberto de Herrera 1290, Buceo.<\/p>\n\n\n\n<h2 class=\"wp-block-heading\"><span class=\"ez-toc-section\" id=\"Lojas_de_Produtos_Tipicos_do_Uruguai\"><\/span>Lojas de Produtos T\u00edpicos do Uruguai<span class=\"ez-toc-section-end\"><\/span><\/h2>\n\n\n\n<h3 class=\"wp-block-heading\"><span class=\"ez-toc-section\" id=\"Manos_del_Uruguay\"><\/span><strong>Manos del Uruguay<\/strong><span class=\"ez-toc-section-end\"><\/span><\/h3>\n\n\n\n<p>Cooperativa famosa pelas pe\u00e7as artesanais feitas com l\u00e3 merino, roupas tecidas \u00e0 m\u00e3o, acess\u00f3rios, mantas, ponchos e itens exclusivos. \u00c9 uma das <strong>lojas em Montevideu<\/strong> com maior valor cultural.<br><strong>Endere\u00e7o:<\/strong> San Jos\u00e9 857, Centro.<\/p>\n\n\n\n<h3 class=\"wp-block-heading\"><span class=\"ez-toc-section\" id=\"Lanas_Trinidad_%E2%80%93_Boutique\"><\/span><strong>Lanas Trinidad \u2013 Boutique<\/strong><span class=\"ez-toc-section-end\"><\/span><\/h3>\n\n\n\n<p>Especializada em produtos de l\u00e3, roupas, mantas e itens fabricados com materiais naturais. Excelente para quem quer algo t\u00edpico do pa\u00eds.<br><strong>Endere\u00e7o:<\/strong> H\u00e9ctor Miranda 2362, Punta Carretas.<\/p>\n\n\n\n<h3 class=\"wp-block-heading\"><span class=\"ez-toc-section\" id=\"Arte_Nativa\"><\/span><strong>Arte Nativa<\/strong><span class=\"ez-toc-section-end\"><\/span><\/h3>\n\n\n\n<p>Vende artesanato tradicional, objetos em couro, artigos de madeira, facas artesanais e produtos inspirados no campo uruguaio.<br><strong>Endere\u00e7o:<\/strong> Mercado Agr\u00edcola de Montevideo (MAM), Jos\u00e9 L. Terra 2220.<\/p>\n\n\n\n<h2 class=\"wp-block-heading\"><span class=\"ez-toc-section\" id=\"Lojas_de_tecnologia_e_eletronicos_em_Montevideu\"><\/span>Lojas de tecnologia e eletr\u00f4nicos em <strong>Montevid\u00e9u <\/strong><span class=\"ez-toc-section-end\"><\/span><\/h2>\n\n\n\n<h3 class=\"wp-block-heading\"><span class=\"ez-toc-section\" id=\"Multiahorro_Hogar\"><\/span><strong>Multiahorro Hogar<\/strong><span class=\"ez-toc-section-end\"><\/span><\/h3>\n\n\n\n<p>Grande rede com produtos de inform\u00e1tica, celulares, notebooks, TVs e eletrodom\u00e9sticos. \u00c9 uma das <strong>lojas em Montevideu<\/strong> mais conhecidas para quem busca eletr\u00f4nicos.<br><strong>Endere\u00e7o:<\/strong> 8 de Octubre 2443, La Blanqueada.<\/p>\n\n\n\n<h3 class=\"wp-block-heading\"><span class=\"ez-toc-section\" id=\"Nstore_%E2%80%93_Apple_Premium_Reseller\"><\/span><strong>Nstore \u2013 Apple Premium Reseller<\/strong><span class=\"ez-toc-section-end\"><\/span><\/h3>\n\n\n\n<p>Loja autorizada Apple, ideal para comprar acess\u00f3rios, fones, iPads, Apple Watch e outros produtos originais.<br><strong>Endere\u00e7o:<\/strong> Luis Alberto de Herrera 1290 (Montevideo Shopping).<\/p>\n\n\n\n<h3 class=\"wp-block-heading\"><span class=\"ez-toc-section\" id=\"Mosca\"><\/span><strong>Mosca<\/strong><span class=\"ez-toc-section-end\"><\/span><\/h3>\n\n\n\n<p>Excelente para eletr\u00f4nicos pequenos, acess\u00f3rios, fones, material de escrit\u00f3rio e presentes tecnol\u00f3gicos.<br><strong>Endere\u00e7o:<\/strong> 18 de Julio 1565, Centro.<\/p>\n\n\n\n<h2 class=\"wp-block-heading\"><span class=\"ez-toc-section\" id=\"Lojas_Independentes_e_Produtos_Criativos\"><\/span>Lojas Independentes e Produtos Criativos<span class=\"ez-toc-section-end\"><\/span><\/h2>\n\n\n\n<h3 class=\"wp-block-heading\"><span class=\"ez-toc-section\" id=\"Distrito_Creativo_%E2%80%93_Cordon\"><\/span><strong>Distrito Creativo \u2013 Cord\u00f3n<\/strong><span class=\"ez-toc-section-end\"><\/span><\/h3>\n\n\n\n<p>Regi\u00e3o da cidade repleta de pequenos ateli\u00eas, boutiques, caf\u00e9s e lojas de design autoral. \u00d3timo para descobrir artistas locais e pe\u00e7as exclusivas.<br><strong>Endere\u00e7o:<\/strong> V\u00e1rias ruas entre Av. 18 de Julio e Bvar. Espa\u00f1a.<\/p>\n\n\n\n<h3 class=\"wp-block-heading\"><span class=\"ez-toc-section\" id=\"Tristan_Narvaja_%E2%80%93_Feira_de_Domingo\"><\/span><strong>Trist\u00e1n Narvaja \u2013 Feira de Domingo<\/strong><span class=\"ez-toc-section-end\"><\/span><\/h3>\n\n\n\n<p>A feira mais famosa da cidade, com antiguidades, vinis, artesanato, roupas, livros e objetos raros. N\u00e3o \u00e9 uma loja, mas \u00e9 um dos melhor lugares para garimpar.<br><strong>Endere\u00e7o:<\/strong> Rua Trist\u00e1n Narvaja, Cord\u00f3n.<\/p>\n\n\n\n<h2 class=\"wp-block-heading\"><span class=\"ez-toc-section\" id=\"Dicas_para_trazer_compras_no_aviao\"><\/span>Dicas para trazer compras no avi\u00e3o<span class=\"ez-toc-section-end\"><\/span><\/h2>\n\n\n\n<p>Comprar nas <strong>lojas em Montevideu<\/strong> \u00e9 uma del\u00edcia, mas vale planejar bem o transporte das compras para evitar problemas ao voltar ao Brasil.<\/p>\n\n\n\n<h3 class=\"wp-block-heading\"><span class=\"ez-toc-section\" id=\"1_Respeite_a_cota_da_alfandega\"><\/span>1. Respeite a cota da alf\u00e2ndega<span class=\"ez-toc-section-end\"><\/span><\/h3>\n\n\n\n<p>Voc\u00ea pode trazer at\u00e9 <strong>US$ 1.000<\/strong> em compras. Acima disso, paga-se 50% de imposto sobre o excedente.<\/p>\n\n\n\n<h3 class=\"wp-block-heading\"><span class=\"ez-toc-section\" id=\"2_Vinhos_e_bebidas_alcoolicas\"><\/span>2. Vinhos e bebidas alco\u00f3licas<span class=\"ez-toc-section-end\"><\/span><\/h3>\n\n\n\n<p>\u2022 Limite: <strong>12 litros por pessoa<\/strong>.<br>\u2022 Embale bem e coloque na bagagem despachada.<br>\u2022 Bebidas no Duty Free podem ir na mala de m\u00e3o.<\/p>\n\n\n\n<h3 class=\"wp-block-heading\"><span class=\"ez-toc-section\" id=\"3_Cuidados_com_produtos_frageis\"><\/span>3. Cuidados com produtos fr\u00e1geis<span class=\"ez-toc-section-end\"><\/span><\/h3>\n\n\n\n<p>\u2022 Objetos de cer\u00e2mica, vidro e decora\u00e7\u00e3o devem ser embalados com prote\u00e7\u00e3o extra.<br>\u2022 Muitas <strong>lojas em Montevideu<\/strong> oferecem embalagens especiais.<\/p>\n\n\n\n<h3 class=\"wp-block-heading\"><span class=\"ez-toc-section\" id=\"4_Cosmeticos_e_liquidos\"><\/span>4. Cosm\u00e9ticos e l\u00edquidos<span class=\"ez-toc-section-end\"><\/span><\/h3>\n\n\n\n<p>\u2022 Produtos acima de 100 ml s\u00f3 podem ir na mala despachada.<br>\u2022 Perfumes devem ser protegidos dentro da mala.<\/p>\n\n\n\n<h3 class=\"wp-block-heading\"><span class=\"ez-toc-section\" id=\"5_Eletronicos\"><\/span>5. Eletr\u00f4nicos<span class=\"ez-toc-section-end\"><\/span><\/h3>\n\n\n\n<p>\u2022 Cheque voltagem e garantia.<br>\u2022 Se comprar itens caros, guarde notas fiscais.<\/p>\n\n\n\n<h3 class=\"wp-block-heading\"><span class=\"ez-toc-section\" id=\"6_Roupas_e_acessorios\"><\/span>6. Roupas e acess\u00f3rios<span class=\"ez-toc-section-end\"><\/span><\/h3>\n\n\n\n<p>N\u00e3o costumam gerar problemas na alf\u00e2ndega, desde que fa\u00e7a sentido dentro da viagem e da cota.<\/p>\n\n\n\n<h3 class=\"wp-block-heading\"><span class=\"ez-toc-section\" id=\"7_Leve_espaco_na_mala\"><\/span>7. Leve espa\u00e7o na mala<span class=\"ez-toc-section-end\"><\/span><\/h3>\n\n\n\n<p>As compras em Montevideu podem ocupar bastante volume, especialmente produtos de l\u00e3.<\/p>\n\n\n\n<h2 class=\"wp-block-heading\"><span class=\"ez-toc-section\" id=\"Aproveite_o_melhor_das_lojas_em_Montevideu\"><\/span>Aproveite o melhor das lojas em Montevid\u00e9u <span class=\"ez-toc-section-end\"><\/span><\/h2>\n\n\n\n<p>Explorar as <strong>lojas em Montevid\u00e9u<\/strong> \u00e9 uma experi\u00eancia deliciosa para quem gosta de unir viagem com compras. A cidade combina modernidade, tradi\u00e7\u00e3o e muita variedade \u2014 de vinhos uruguaios a cosm\u00e9ticos, roupas, artesanato, decora\u00e7\u00e3o e tecnologia. Caminhar por seus bairros e shoppings \u00e9 descobrir pequenos tesouros, produtos exclusivos e itens t\u00edpicos do pa\u00eds. Organizando seu roteiro e sabendo onde ir, voc\u00ea aproveita ainda mais tudo o que as <strong>lojas em Montevid\u00e9u<\/strong> t\u00eam a oferecer e volta para casa com \u00f3timas lembran\u00e7as e boas compras.<\/p>\n","protected":false},"excerpt":{"rendered":"<p>Montevideu \u00e9 uma cidade charmosa, tranquila e perfeita para quem gosta de explorar com calma \u2014 e isso vale tamb\u00e9m para fazer compras nas lojas em Montevid\u00e9u. Apesar de menor que Buenos Aires ou Santiago, a capital uruguaia conta com excelentes shoppings, ruas comerciais, feiras tradicionais e marcas locais cheias de estilo. Os brasileiros encontram [&hellip;]<\/p>\n","protected":false},"author":18,"featured_media":87728,"comment_status":"open","ping_status":"open","sticky":false,"template":"","format":"standard","meta":{"cybocfi_hide_featured_image":"","footnotes":""},"categories":[1438],"tags":[12455,12452,12454],"class_list":["post-87727","post","type-post","status-publish","format-standard","has-post-thumbnail","hentry","category-dicas-praticas","tag-dicas-de-lojas-em-montevideu","tag-lojas-em-montevideu","tag-melhores-lojas-em-montevideu"],"blocksy_meta":[],"yoast_head":"<!-- This site is optimized with the Yoast SEO plugin v26.3 - https:\/\/yoast.com\/wordpress\/plugins\/seo\/ -->\n<title>Lojas em Montevid\u00e9u que os brasileiros devem conhecer<\/title>\n<meta name=\"description\" content=\"Descubra as lojas em Montevideu que os brasileiros mais gostam, incluindo vinhos, maquiagem, decora\u00e7\u00e3o, moda, presentes e produtos t\u00edpicos.\" \/>\n<meta name=\"robots\" content=\"index, follow, max-snippet:-1, max-image-preview:large, max-video-preview:-1\" \/>\n<link rel=\"canonical\" href=\"https:\/\/quantocustaviajar.com\/blog\/lojas-em-montevideu\/\" \/>\n<meta property=\"og:locale\" content=\"pt_BR\" \/>\n<meta property=\"og:type\" content=\"article\" \/>\n<meta property=\"og:title\" content=\"Lojas em Montevid\u00e9u que os brasileiros devem conhecer\" \/>\n<meta property=\"og:description\" content=\"Descubra as lojas em Montevideu que os brasileiros mais gostam, incluindo vinhos, maquiagem, decora\u00e7\u00e3o, moda, presentes e produtos t\u00edpicos.\" \/>\n<meta property=\"og:url\" content=\"https:\/\/quantocustaviajar.com\/blog\/lojas-em-montevideu\/\" \/>\n<meta property=\"og:site_name\" content=\"Blog Quanto Custa Viajar\" \/>\n<meta property=\"article:publisher\" content=\"https:\/\/www.facebook.com\/quantocustaviajar\" \/>\n<meta property=\"article:published_time\" content=\"2025-12-04T18:11:00+00:00\" \/>\n<meta property=\"article:modified_time\" content=\"2025-12-09T18:59:08+00:00\" \/>\n<meta property=\"og:image\" content=\"https:\/\/quantocustaviajar.com\/blog\/wp-content\/uploads\/2025\/11\/2148303806.jpg\" \/>\n\t<meta property=\"og:image:width\" content=\"1000\" \/>\n\t<meta property=\"og:image:height\" content=\"667\" \/>\n\t<meta property=\"og:image:type\" content=\"image\/jpeg\" \/>\n<meta name=\"author\" content=\"Izabella Miranda\" \/>\n<meta name=\"twitter:card\" content=\"summary_large_image\" \/>\n<meta name=\"twitter:label1\" content=\"Escrito por\" \/>\n\t<meta name=\"twitter:data1\" content=\"Izabella Miranda\" \/>\n\t<meta name=\"twitter:label2\" content=\"Est. tempo de leitura\" \/>\n\t<meta name=\"twitter:data2\" content=\"15 minutos\" \/>\n<!-- \/ Yoast SEO plugin. -->","yoast_head_json":{"title":"Lojas em Montevid\u00e9u que os brasileiros devem conhecer","description":"Descubra as lojas em Montevideu que os brasileiros mais gostam, incluindo vinhos, maquiagem, decora\u00e7\u00e3o, moda, presentes e produtos t\u00edpicos.","robots":{"index":"index","follow":"follow","max-snippet":"max-snippet:-1","max-image-preview":"max-image-preview:large","max-video-preview":"max-video-preview:-1"},"canonical":"https:\/\/quantocustaviajar.com\/blog\/lojas-em-montevideu\/","og_locale":"pt_BR","og_type":"article","og_title":"Lojas em Montevid\u00e9u que os brasileiros devem conhecer","og_description":"Descubra as lojas em Montevideu que os brasileiros mais gostam, incluindo vinhos, maquiagem, decora\u00e7\u00e3o, moda, presentes e produtos t\u00edpicos.","og_url":"https:\/\/quantocustaviajar.com\/blog\/lojas-em-montevideu\/","og_site_name":"Blog Quanto Custa Viajar","article_publisher":"https:\/\/www.facebook.com\/quantocustaviajar","article_published_time":"2025-12-04T18:11:00+00:00","article_modified_time":"2025-12-09T18:59:08+00:00","og_image":[{"width":1000,"height":667,"url":"https:\/\/quantocustaviajar.com\/blog\/wp-content\/uploads\/2025\/11\/2148303806.jpg","type":"image\/jpeg"}],"author":"Izabella Miranda","twitter_card":"summary_large_image","twitter_misc":{"Escrito por":"Izabella Miranda","Est. tempo de leitura":"15 minutos"},"schema":{"@context":"https:\/\/schema.org","@graph":[{"@type":["Article","BlogPosting"],"@id":"https:\/\/quantocustaviajar.com\/blog\/lojas-em-montevideu\/#article","isPartOf":{"@id":"https:\/\/quantocustaviajar.com\/blog\/lojas-em-montevideu\/"},"author":{"name":"Izabella Miranda","@id":"https:\/\/quantocustaviajar.com\/blog\/#\/schema\/person\/595118451f4120870051de530232399d"},"headline":"Lojas em Montevid\u00e9u que os brasileiros devem conhecer durante a viagem","datePublished":"2025-12-04T18:11:00+00:00","dateModified":"2025-12-09T18:59:08+00:00","mainEntityOfPage":{"@id":"https:\/\/quantocustaviajar.com\/blog\/lojas-em-montevideu\/"},"wordCount":1373,"commentCount":0,"publisher":{"@id":"https:\/\/quantocustaviajar.com\/blog\/#organization"},"image":{"@id":"https:\/\/quantocustaviajar.com\/blog\/lojas-em-montevideu\/#primaryimage"},"thumbnailUrl":"https:\/\/quantocustaviajar.com\/blog\/wp-content\/uploads\/2025\/11\/2148303806.jpg","keywords":["dicas de lojas em Montevid\u00e9u","lojas em Montevid\u00e9u","melhores lojas em Montevid\u00e9u"],"articleSection":["Dicas pr\u00e1ticas"],"inLanguage":"pt-BR","potentialAction":[{"@type":"CommentAction","name":"Comment","target":["https:\/\/quantocustaviajar.com\/blog\/lojas-em-montevideu\/#respond"]}]},{"@type":"WebPage","@id":"https:\/\/quantocustaviajar.com\/blog\/lojas-em-montevideu\/","url":"https:\/\/quantocustaviajar.com\/blog\/lojas-em-montevideu\/","name":"Lojas em Montevid\u00e9u que os brasileiros devem conhecer","isPartOf":{"@id":"https:\/\/quantocustaviajar.com\/blog\/#website"},"primaryImageOfPage":{"@id":"https:\/\/quantocustaviajar.com\/blog\/lojas-em-montevideu\/#primaryimage"},"image":{"@id":"https:\/\/quantocustaviajar.com\/blog\/lojas-em-montevideu\/#primaryimage"},"thumbnailUrl":"https:\/\/quantocustaviajar.com\/blog\/wp-content\/uploads\/2025\/11\/2148303806.jpg","datePublished":"2025-12-04T18:11:00+00:00","dateModified":"2025-12-09T18:59:08+00:00","description":"Descubra as lojas em Montevideu que os brasileiros mais gostam, incluindo vinhos, maquiagem, decora\u00e7\u00e3o, moda, presentes e produtos t\u00edpicos.","breadcrumb":{"@id":"https:\/\/quantocustaviajar.com\/blog\/lojas-em-montevideu\/#breadcrumb"},"inLanguage":"pt-BR","potentialAction":[{"@type":"ReadAction","target":["https:\/\/quantocustaviajar.com\/blog\/lojas-em-montevideu\/"]}]},{"@type":"ImageObject","inLanguage":"pt-BR","@id":"https:\/\/quantocustaviajar.com\/blog\/lojas-em-montevideu\/#primaryimage","url":"https:\/\/quantocustaviajar.com\/blog\/wp-content\/uploads\/2025\/11\/2148303806.jpg","contentUrl":"https:\/\/quantocustaviajar.com\/blog\/wp-content\/uploads\/2025\/11\/2148303806.jpg","width":1000,"height":667},{"@type":"BreadcrumbList","@id":"https:\/\/quantocustaviajar.com\/blog\/lojas-em-montevideu\/#breadcrumb","itemListElement":[{"@type":"ListItem","position":1,"name":"In\u00edcio","item":"https:\/\/quantocustaviajar.com\/blog\/"},{"@type":"ListItem","position":2,"name":"Lojas em Montevid\u00e9u que os brasileiros devem conhecer durante a viagem"}]},{"@type":"WebSite","@id":"https:\/\/quantocustaviajar.com\/blog\/#website","url":"https:\/\/quantocustaviajar.com\/blog\/","name":"Blog Quanto Custa Viajar","description":"","publisher":{"@id":"https:\/\/quantocustaviajar.com\/blog\/#organization"},"potentialAction":[{"@type":"SearchAction","target":{"@type":"EntryPoint","urlTemplate":"https:\/\/quantocustaviajar.com\/blog\/?s={search_term_string}"},"query-input":{"@type":"PropertyValueSpecification","valueRequired":true,"valueName":"search_term_string"}}],"inLanguage":"pt-BR"},{"@type":"Organization","@id":"https:\/\/quantocustaviajar.com\/blog\/#organization","name":"Quanto Custa Viajar","url":"https:\/\/quantocustaviajar.com\/blog\/","logo":{"@type":"ImageObject","inLanguage":"pt-BR","@id":"https:\/\/quantocustaviajar.com\/blog\/#\/schema\/logo\/image\/","url":"","contentUrl":"","caption":"Quanto Custa Viajar"},"image":{"@id":"https:\/\/quantocustaviajar.com\/blog\/#\/schema\/logo\/image\/"},"sameAs":["https:\/\/www.facebook.com\/quantocustaviajar"]},{"@type":"Person","@id":"https:\/\/quantocustaviajar.com\/blog\/#\/schema\/person\/595118451f4120870051de530232399d","name":"Izabella Miranda","image":{"@type":"ImageObject","inLanguage":"pt-BR","@id":"https:\/\/quantocustaviajar.com\/blog\/#\/schema\/person\/image\/","url":"https:\/\/secure.gravatar.com\/avatar\/eb1c9c8ed6c596023f48930e960ff440b8cad6a3beabb6b619d3504ad832c628?s=96&d=mm&r=g","contentUrl":"https:\/\/secure.gravatar.com\/avatar\/eb1c9c8ed6c596023f48930e960ff440b8cad6a3beabb6b619d3504ad832c628?s=96&d=mm&r=g","caption":"Izabella Miranda"},"description":"Jornalista por profiss\u00e3o e planejadora de viagens nas horas vagas.","url":"https:\/\/quantocustaviajar.com\/blog\/author\/izabella\/"}]}},"_links":{"self":[{"href":"https:\/\/quantocustaviajar.com\/blog\/wp-json\/wp\/v2\/posts\/87727","targetHints":{"allow":["GET"]}}],"collection":[{"href":"https:\/\/quantocustaviajar.com\/blog\/wp-json\/wp\/v2\/posts"}],"about":[{"href":"https:\/\/quantocustaviajar.com\/blog\/wp-json\/wp\/v2\/types\/post"}],"author":[{"embeddable":true,"href":"https:\/\/quantocustaviajar.com\/blog\/wp-json\/wp\/v2\/users\/18"}],"replies":[{"embeddable":true,"href":"https:\/\/quantocustaviajar.com\/blog\/wp-json\/wp\/v2\/comments?post=87727"}],"version-history":[{"count":2,"href":"https:\/\/quantocustaviajar.com\/blog\/wp-json\/wp\/v2\/posts\/87727\/revisions"}],"predecessor-version":[{"id":88763,"href":"https:\/\/quantocustaviajar.com\/blog\/wp-json\/wp\/v2\/posts\/87727\/revisions\/88763"}],"wp:featuredmedia":[{"embeddable":true,"href":"https:\/\/quantocustaviajar.com\/blog\/wp-json\/wp\/v2\/media\/87728"}],"wp:attachment":[{"href":"https:\/\/quantocustaviajar.com\/blog\/wp-json\/wp\/v2\/media?parent=87727"}],"wp:term":[{"taxonomy":"category","embeddable":true,"href":"https:\/\/quantocustaviajar.com\/blog\/wp-json\/wp\/v2\/categories?post=87727"},{"taxonomy":"post_tag","embeddable":true,"href":"https:\/\/quantocustaviajar.com\/blog\/wp-json\/wp\/v2\/tags?post=87727"}],"curies":[{"name":"wp","href":"https:\/\/api.w.org\/{rel}","templated":true}]}}