{"id":79514,"date":"2025-07-07T17:46:33","date_gmt":"2025-07-07T17:46:33","guid":{"rendered":"https:\/\/quantocustaviajar.com\/blog\/?p=79514"},"modified":"2025-07-07T17:46:40","modified_gmt":"2025-07-07T17:46:40","slug":"passeios-em-belgrado-roteiro-completo","status":"publish","type":"post","link":"https:\/\/quantocustaviajar.com\/blog\/passeios-em-belgrado-roteiro-completo\/","title":{"rendered":"Passeios em Belgrado: roteiro completo para conhecer a capital da S\u00e9rvia"},"content":{"rendered":"\n<p>Belgrado, a vibrante capital da S\u00e9rvia, \u00e9 um destino que surpreende por sua mistura \u00fanica de hist\u00f3ria, cultura, gastronomia e vida noturna animada. Localizada na conflu\u00eancia dos rios Dan\u00fabio e Sava, os <strong>passeios em Belgrado<\/strong> exibem ru\u00ednas antigas, arquitetura austro-h\u00fangara, monumentos da era socialista e bairros modernos cheios de arte e caf\u00e9s descolados. <\/p><div id=\"ez-toc-container\" class=\"ez-toc-v2_0_76 ez-toc-wrap-left counter-hierarchy ez-toc-counter ez-toc-light-blue ez-toc-container-direction\">\n<div class=\"ez-toc-title-container\">\n<p class=\"ez-toc-title\" style=\"cursor:inherit\">Aqui voc\u00ea ir\u00e1 encontrar<\/p>\n<span class=\"ez-toc-title-toggle\"><a href=\"#\" class=\"ez-toc-pull-right ez-toc-btn ez-toc-btn-xs ez-toc-btn-default ez-toc-toggle\" aria-label=\"Alternar tabela de conte\u00fado\"><span class=\"ez-toc-js-icon-con\"><span class=\"\"><span class=\"eztoc-hide\" style=\"display:none;\">Toggle<\/span><span class=\"ez-toc-icon-toggle-span\"><svg style=\"fill: #999;color:#999\" xmlns=\"http:\/\/www.w3.org\/2000\/svg\" class=\"list-377408\" width=\"20px\" height=\"20px\" viewBox=\"0 0 24 24\" fill=\"none\"><path d=\"M6 6H4v2h2V6zm14 0H8v2h12V6zM4 11h2v2H4v-2zm16 0H8v2h12v-2zM4 16h2v2H4v-2zm16 0H8v2h12v-2z\" fill=\"currentColor\"><\/path><\/svg><svg style=\"fill: #999;color:#999\" class=\"arrow-unsorted-368013\" xmlns=\"http:\/\/www.w3.org\/2000\/svg\" width=\"10px\" height=\"10px\" viewBox=\"0 0 24 24\" version=\"1.2\" baseProfile=\"tiny\"><path d=\"M18.2 9.3l-6.2-6.3-6.2 6.3c-.2.2-.3.4-.3.7s.1.5.3.7c.2.2.4.3.7.3h11c.3 0 .5-.1.7-.3.2-.2.3-.5.3-.7s-.1-.5-.3-.7zM5.8 14.7l6.2 6.3 6.2-6.3c.2-.2.3-.5.3-.7s-.1-.5-.3-.7c-.2-.2-.4-.3-.7-.3h-11c-.3 0-.5.1-.7.3-.2.2-.3.5-.3.7s.1.5.3.7z\"\/><\/svg><\/span><\/span><\/span><\/a><\/span><\/div>\n<nav><ul class='ez-toc-list ez-toc-list-level-1 ' ><li class='ez-toc-page-1 ez-toc-heading-level-2'><a class=\"ez-toc-link ez-toc-heading-1\" href=\"https:\/\/quantocustaviajar.com\/blog\/passeios-em-belgrado-roteiro-completo\/#Dica_de_passeios_em_Belgrado\" >Dica de passeios em Belgrado<\/a><ul class='ez-toc-list-level-3' ><li class='ez-toc-heading-level-3'><a class=\"ez-toc-link ez-toc-heading-2\" href=\"https:\/\/quantocustaviajar.com\/blog\/passeios-em-belgrado-roteiro-completo\/#Fortaleza_de_Kalemegdan\" >Fortaleza de Kalemegdan<\/a><\/li><li class='ez-toc-page-1 ez-toc-heading-level-3'><a class=\"ez-toc-link ez-toc-heading-3\" href=\"https:\/\/quantocustaviajar.com\/blog\/passeios-em-belgrado-roteiro-completo\/#Rua_Knez_Mihailova\" >Rua Knez Mihailova<\/a><\/li><li class='ez-toc-page-1 ez-toc-heading-level-3'><a class=\"ez-toc-link ez-toc-heading-4\" href=\"https:\/\/quantocustaviajar.com\/blog\/passeios-em-belgrado-roteiro-completo\/#Igreja_de_Sao_Sava\" >Igreja de S\u00e3o Sava<\/a><\/li><li class='ez-toc-page-1 ez-toc-heading-level-3'><a class=\"ez-toc-link ez-toc-heading-5\" href=\"https:\/\/quantocustaviajar.com\/blog\/passeios-em-belgrado-roteiro-completo\/#Museu_Nacional_da_Servia\" >Museu Nacional da S\u00e9rvia<\/a><\/li><li class='ez-toc-page-1 ez-toc-heading-level-3'><a class=\"ez-toc-link ez-toc-heading-6\" href=\"https:\/\/quantocustaviajar.com\/blog\/passeios-em-belgrado-roteiro-completo\/#Skadarlija\" >Skadarlija<\/a><\/li><li class='ez-toc-page-1 ez-toc-heading-level-3'><a class=\"ez-toc-link ez-toc-heading-7\" href=\"https:\/\/quantocustaviajar.com\/blog\/passeios-em-belgrado-roteiro-completo\/#Zeleni_Venac_Market\" >Zeleni Venac Market<\/a><\/li><li class='ez-toc-page-1 ez-toc-heading-level-3'><a class=\"ez-toc-link ez-toc-heading-8\" href=\"https:\/\/quantocustaviajar.com\/blog\/passeios-em-belgrado-roteiro-completo\/#Bairro_de_Savamala\" >Bairro de Savamala<\/a><\/li><li class='ez-toc-page-1 ez-toc-heading-level-3'><a class=\"ez-toc-link ez-toc-heading-9\" href=\"https:\/\/quantocustaviajar.com\/blog\/passeios-em-belgrado-roteiro-completo\/#Museu_de_Arte_Contemporanea\" >Museu de Arte Contempor\u00e2nea<\/a><\/li><li class='ez-toc-page-1 ez-toc-heading-level-3'><a class=\"ez-toc-link ez-toc-heading-10\" href=\"https:\/\/quantocustaviajar.com\/blog\/passeios-em-belgrado-roteiro-completo\/#Ada_Ciganlija\" >Ada Ciganlija<\/a><\/li><li class='ez-toc-page-1 ez-toc-heading-level-3'><a class=\"ez-toc-link ez-toc-heading-11\" href=\"https:\/\/quantocustaviajar.com\/blog\/passeios-em-belgrado-roteiro-completo\/#Avala_Tower\" >Avala Tower<\/a><\/li><\/ul><\/li><li class='ez-toc-page-1 ez-toc-heading-level-2'><a class=\"ez-toc-link ez-toc-heading-12\" href=\"https:\/\/quantocustaviajar.com\/blog\/passeios-em-belgrado-roteiro-completo\/#Roteiro_sugerido_com_os_passeios_em_Belgrado\" >Roteiro sugerido com os passeios em Belgrado<\/a><ul class='ez-toc-list-level-3' ><li class='ez-toc-heading-level-3'><a class=\"ez-toc-link ez-toc-heading-13\" href=\"https:\/\/quantocustaviajar.com\/blog\/passeios-em-belgrado-roteiro-completo\/#Dia_1\" >Dia 1<\/a><\/li><li class='ez-toc-page-1 ez-toc-heading-level-3'><a class=\"ez-toc-link ez-toc-heading-14\" href=\"https:\/\/quantocustaviajar.com\/blog\/passeios-em-belgrado-roteiro-completo\/#Dia_2\" >Dia 2<\/a><\/li><li class='ez-toc-page-1 ez-toc-heading-level-3'><a class=\"ez-toc-link ez-toc-heading-15\" href=\"https:\/\/quantocustaviajar.com\/blog\/passeios-em-belgrado-roteiro-completo\/#Dia_3\" >Dia 3<\/a><\/li><li class='ez-toc-page-1 ez-toc-heading-level-3'><a class=\"ez-toc-link ez-toc-heading-16\" href=\"https:\/\/quantocustaviajar.com\/blog\/passeios-em-belgrado-roteiro-completo\/#Dia_4\" >Dia 4<\/a><\/li><li class='ez-toc-page-1 ez-toc-heading-level-3'><a class=\"ez-toc-link ez-toc-heading-17\" href=\"https:\/\/quantocustaviajar.com\/blog\/passeios-em-belgrado-roteiro-completo\/#Dia_5\" >Dia 5<\/a><\/li><\/ul><\/li><\/ul><\/nav><\/div>\n\n\n\n\n<pre class=\"wp-block-preformatted has-background\" style=\"background-color:#cfd8e1\"><strong>Comece a planejar sua viagem aqui!<\/strong>\n<a href=\"https:\/\/www.turismocity.com.br\/?utm_source=qcv&amp;utm_medium=blog\" target=\"_blank\" rel=\"noreferrer noopener\">Encontre sua passagem a\u00e9rea barata\n<\/a><a href=\"https:\/\/www.booking.com\/index.pt-br.html?aid=2161834\" target=\"_blank\" rel=\"noreferrer noopener\">E pesquise a hospedagem perfeita com o seu or\u00e7amento<\/a><\/pre>\n\n\n\n<figure class=\"wp-block-image aligncenter size-large\"><img loading=\"lazy\" decoding=\"async\" width=\"1024\" height=\"768\" src=\"https:\/\/quantocustaviajar.com\/blog\/wp-content\/uploads\/2025\/07\/belgrade-968778_1280-1-1024x768.webp\" alt=\"Passeios em Belgrado\" class=\"wp-image-79515\" srcset=\"https:\/\/quantocustaviajar.com\/blog\/wp-content\/uploads\/2025\/07\/belgrade-968778_1280-1-1024x768.webp 1024w, https:\/\/quantocustaviajar.com\/blog\/wp-content\/uploads\/2025\/07\/belgrade-968778_1280-1-300x225.webp 300w, https:\/\/quantocustaviajar.com\/blog\/wp-content\/uploads\/2025\/07\/belgrade-968778_1280-1-768x576.webp 768w, https:\/\/quantocustaviajar.com\/blog\/wp-content\/uploads\/2025\/07\/belgrade-968778_1280-1.webp 1280w\" sizes=\"auto, (max-width: 1024px) 100vw, 1024px\" \/><figcaption class=\"wp-element-caption\">Foto: <a href=\"https:\/\/pixabay.com\/pt\/photos\/belgrado-s%C3%A9rvia-cidade-nuvens-968778\/\" target=\"_blank\" rel=\"noreferrer noopener\">Pixabay<\/a><\/figcaption><\/figure>\n\n\n\n<p>Neste guia completo de <strong>passeios em Belgrado<\/strong>, voc\u00ea encontrar\u00e1 as melhores atra\u00e7\u00f5es da cidade organizadas em um roteiro pr\u00e1tico, com sugest\u00f5es de hospedagem em diferentes bairros para facilitar sua estadia. A capital s\u00e9rvia \u00e9 compacta o suficiente para ser explorada a p\u00e9 em muitos trechos, mas extensa em cultura e diversidade de experi\u00eancias.<\/p>\n\n\n\n<h2 class=\"wp-block-heading\"><span class=\"ez-toc-section\" id=\"Dica_de_passeios_em_Belgrado\"><\/span>Dica de passeios em Belgrado<span class=\"ez-toc-section-end\"><\/span><\/h2>\n\n\n\n<h3 class=\"wp-block-heading\"><span class=\"ez-toc-section\" id=\"Fortaleza_de_Kalemegdan\"><\/span>Fortaleza de Kalemegdan<span class=\"ez-toc-section-end\"><\/span><\/h3>\n\n\n\n<p>A Fortaleza de Kalemegdan \u00e9 um dos pontos tur\u00edsticos mais emblem\u00e1ticos e est\u00e1 entre os principais <strong>passeios em Belgrado<\/strong>. Localizada em um parque no topo de uma colina, ela oferece vistas espetaculares do encontro entre os rios Dan\u00fabio e Sava. A fortaleza abriga muralhas antigas, basti\u00f5es, torres, o Museu Militar e v\u00e1rias est\u00e1tuas importantes, como o Pobednik (O Vitorioso), s\u00edmbolo da cidade. \u00c9 um \u00f3timo local para come\u00e7ar sua viagem e entender a import\u00e2ncia estrat\u00e9gica de Belgrado ao longo dos s\u00e9culos.<\/p>\n\n\n\n<p><strong>Hospedagem no bairro Stari Grad:<\/strong> Uma boa op\u00e7\u00e3o \u00e9 o <strong><a href=\"https:\/\/www.booking.com\/hotel\/rs\/mama-shelter-belgrade.pt-br.html?sid=de2764346989f7c88a06a24eab4f480d&amp;aid=2161834&amp;ucfs=1&amp;arphpl=1&amp;dest_id=2987661&amp;dest_type=hotel&amp;group_adults=2&amp;req_adults=2&amp;no_rooms=1&amp;group_children=0&amp;req_children=0&amp;hpos=1&amp;hapos=1&amp;sr_order=popularity&amp;srpvid=3a59708c97dc034a&amp;srepoch=1751558428&amp;from=searchresults#hotelTmpl\" target=\"_blank\" rel=\"noreferrer noopener\">Mama Shelter Belgrade<\/a><\/strong>, moderno, bem localizado e com rooftop bar.<\/p>\n\n\n\n<h3 class=\"wp-block-heading\"><span class=\"ez-toc-section\" id=\"Rua_Knez_Mihailova\"><\/span>Rua Knez Mihailova<span class=\"ez-toc-section-end\"><\/span><\/h3>\n\n\n\n<p>Ap\u00f3s visitar Kalemegdan, siga para outro dos <strong>passeios em Belgrado<\/strong> mais buscados pela Knez Mihailova, a principal rua de pedestres de Belgrado. Repleta de lojas, caf\u00e9s e edif\u00edcios hist\u00f3ricos, essa via conecta o parque \u00e0 Pra\u00e7a da Rep\u00fablica e \u00e9 perfeita para passear e absorver o movimento da cidade. Artistas de rua e galerias fazem parte do cen\u00e1rio, tornando o local vibrante e cultural.<\/p>\n\n\n\n<h3 class=\"wp-block-heading\"><span class=\"ez-toc-section\" id=\"Igreja_de_Sao_Sava\"><\/span>Igreja de S\u00e3o Sava<span class=\"ez-toc-section-end\"><\/span><\/h3>\n\n\n\n<p>A Catedral de S\u00e3o Sava \u00e9 um dos maiores templos ortodoxos do mundo. Imponente, com c\u00fapulas verdes e m\u00e1rmore branco, ela impressiona por fora e por dentro. O subsolo abriga uma cripta ricamente decorada com mosaicos dourados. A igreja est\u00e1 situada em uma ampla pra\u00e7a e representa a identidade religiosa e cultural da S\u00e9rvia.<\/p>\n\n\n\n<h3 class=\"wp-block-heading\"><span class=\"ez-toc-section\" id=\"Museu_Nacional_da_Servia\"><\/span>Museu Nacional da S\u00e9rvia<span class=\"ez-toc-section-end\"><\/span><\/h3>\n\n\n\n<p>Localizado na Pra\u00e7a da Rep\u00fablica, o Museu Nacional abriga uma vasta cole\u00e7\u00e3o de arte que vai desde artefatos arqueol\u00f3gicos at\u00e9 obras de artistas s\u00e9rvios e internacionais, como Van Gogh e Picasso. Ap\u00f3s anos fechado para reforma, o museu reabriu com espa\u00e7os modernos e exposi\u00e7\u00f5es bem organizadas.<\/p>\n\n\n\n<p><strong>Hospedagem no bairro Vra\u010dar:<\/strong> O <strong><a href=\"https:\/\/www.booking.com\/hotel\/rs\/crystal-belgrade.pt-br.html?sid=de2764346989f7c88a06a24eab4f480d&amp;aid=2161834&amp;ucfs=1&amp;arphpl=1&amp;dest_id=99021&amp;dest_type=hotel&amp;group_adults=2&amp;req_adults=2&amp;no_rooms=1&amp;group_children=0&amp;req_children=0&amp;hpos=24&amp;hapos=24&amp;sr_order=popularity&amp;srpvid=eaf0705bf4720475&amp;srepoch=1751558403&amp;from=searchresults#hotelTmpl\" target=\"_blank\" rel=\"noreferrer noopener\">Hotel Crystal<\/a><\/strong> \u00e9 uma excelente escolha, pr\u00f3ximo \u00e0 Igreja de S\u00e3o Sava e com servi\u00e7o impec\u00e1vel.<\/p>\n\n\n\n<h3 class=\"wp-block-heading\"><span class=\"ez-toc-section\" id=\"Skadarlija\"><\/span>Skadarlija<span class=\"ez-toc-section-end\"><\/span><\/h3>\n\n\n\n<p>Conhecida como o &#8220;Montmartre de Belgrado&#8221;, Skadarlija \u00e9 uma rua de paralelep\u00edpedos cheia de charme, com restaurantes t\u00edpicos, m\u00fasica ao vivo e atmosfera nost\u00e1lgica. Foi reduto de poetas, artistas e bo\u00eamios no s\u00e9culo XX, e ainda hoje preserva essa identidade. \u00c9 o melhor lugar entre os <strong>passeios em Belgrado<\/strong> para provar pratos como \u0107evapi e sarma, acompanhados de rakija.<\/p>\n\n\n\n<h3 class=\"wp-block-heading\"><span class=\"ez-toc-section\" id=\"Zeleni_Venac_Market\"><\/span>Zeleni Venac Market<span class=\"ez-toc-section-end\"><\/span><\/h3>\n\n\n\n<p>Um dos mercados mais antigos de Belgrado, Zeleni Venac \u00e9 o local ideal para conhecer o dia a dia da popula\u00e7\u00e3o. Ali voc\u00ea encontrar\u00e1 frutas, vegetais, queijos e produtos locais a pre\u00e7os acess\u00edveis. \u00c9 tamb\u00e9m um \u00f3timo ponto para observar o vai-e-vem dos moradores e experimentar iguarias regionais frescas.<\/p>\n\n\n\n<h3 class=\"wp-block-heading\"><span class=\"ez-toc-section\" id=\"Bairro_de_Savamala\"><\/span>Bairro de Savamala<span class=\"ez-toc-section-end\"><\/span><\/h3>\n\n\n\n<p>Savamala \u00e9 o bairro da arte urbana e da vida noturna alternativa. Antigamente degradado, foi revitalizado por artistas que transformaram antigos armaz\u00e9ns em centros culturais, galerias, bares e clubes. Grafites colorem os muros e espa\u00e7os como o KC Grad promovem exposi\u00e7\u00f5es, feiras e festas. Um passeio por aqui revela o lado criativo de Belgrado.<\/p>\n\n\n\n<p><strong>Hospedagem no bairro Savamala:<\/strong> O <strong><a href=\"https:\/\/www.booking.com\/hotel\/rs\/moskva.pt-br.html?sid=de2764346989f7c88a06a24eab4f480d&amp;aid=2161834&amp;ucfs=1&amp;arphpl=1&amp;dest_id=99021&amp;dest_type=hotel&amp;group_adults=2&amp;req_adults=2&amp;no_rooms=1&amp;group_children=0&amp;req_children=0&amp;hpos=8&amp;hapos=8&amp;sr_order=popularity&amp;srpvid=eaf0705bf4720475&amp;srepoch=1751558390&amp;from=searchresults#hotelTmpl\" target=\"_blank\" rel=\"noreferrer noopener\">Hotel Moskva<\/a><\/strong>, embora tecnicamente em Terazije, est\u00e1 a uma curta dist\u00e2ncia e combina eleg\u00e2ncia cl\u00e1ssica com localiza\u00e7\u00e3o central.<\/p>\n\n\n\n<h3 class=\"wp-block-heading\"><span class=\"ez-toc-section\" id=\"Museu_de_Arte_Contemporanea\"><\/span>Museu de Arte Contempor\u00e2nea<span class=\"ez-toc-section-end\"><\/span><\/h3>\n\n\n\n<p>Do outro lado do rio, em Novi Beograd, est\u00e1 o Museu de Arte Contempor\u00e2nea. Seu pr\u00e9dio modernista abriga obras dos principais artistas iugoslavos do s\u00e9culo XX, al\u00e9m de exposi\u00e7\u00f5es tempor\u00e1rias internacionais. \u00c9 um museu arejado, com vista para Kalemegdan do outro lado do Dan\u00fabio.<\/p>\n\n\n\n<h3 class=\"wp-block-heading\"><span class=\"ez-toc-section\" id=\"Ada_Ciganlija\"><\/span>Ada Ciganlija<span class=\"ez-toc-section-end\"><\/span><\/h3>\n\n\n\n<p>Conhecida como a &#8220;praia de Belgrado&#8221;, Ada Ciganlija \u00e9 uma ilha no rio Sava transformada em espa\u00e7o de lazer. Durante o ver\u00e3o \u00e9 um dos melhores <strong>passeios em Belgrado<\/strong> e atrai locais para tomar sol, nadar e praticar esportes como caiaque, ciclismo e v\u00f4lei de praia. H\u00e1 trilhas, quiosques, bares e muito verde, sendo ideal para relaxar ap\u00f3s dias de passeio intenso.<\/p>\n\n\n\n<h3 class=\"wp-block-heading\"><span class=\"ez-toc-section\" id=\"Avala_Tower\"><\/span>Avala Tower<span class=\"ez-toc-section-end\"><\/span><\/h3>\n\n\n\n<p>A cerca de 16 km do centro de Belgrado est\u00e1 a Torre Avala, com 204 metros de altura e uma vista panor\u00e2mica de tirar o f\u00f4lego. Localizada no monte Avala, a torre tem um elevador que leva at\u00e9 o mirante, onde se avistam as colinas ao redor da capital. \u00c9 uma \u00f3tima op\u00e7\u00e3o para um bate-volta tranquilo com contato com a natureza.<\/p>\n\n\n\n<p><strong>Hospedagem pr\u00f3xima ao rio em Novi Beograd:<\/strong> O <strong><a href=\"https:\/\/www.booking.com\/hotel\/rs\/hyatt-regency-belgrade.pt-br.html?sid=de2764346989f7c88a06a24eab4f480d&amp;aid=2161834&amp;ucfs=1&amp;arphpl=1&amp;dest_id=99021&amp;dest_type=hotel&amp;group_adults=2&amp;req_adults=2&amp;no_rooms=1&amp;group_children=0&amp;req_children=0&amp;hpos=1&amp;hapos=1&amp;sr_order=popularity&amp;srpvid=eaf0705bf4720475&amp;srepoch=1751558328&amp;from=searchresults#hotelTmpl\" target=\"_blank\" rel=\"noreferrer noopener\">Hyatt Regency Belgrade<\/a><\/strong> \u00e9 uma op\u00e7\u00e3o sofisticada com vista para o parque e f\u00e1cil acesso \u00e0 torre.<\/p>\n\n\n\n<h2 class=\"wp-block-heading\"><span class=\"ez-toc-section\" id=\"Roteiro_sugerido_com_os_passeios_em_Belgrado\"><\/span>Roteiro sugerido com os passeios em Belgrado<span class=\"ez-toc-section-end\"><\/span><\/h2>\n\n\n\n<h3 class=\"wp-block-heading\"><span class=\"ez-toc-section\" id=\"Dia_1\"><\/span>Dia 1<span class=\"ez-toc-section-end\"><\/span><\/h3>\n\n\n\n<ul class=\"wp-block-list\">\n<li>Kalemegdan<\/li>\n\n\n\n<li>Rua Knez Mihailova<\/li>\n<\/ul>\n\n\n\n<h3 class=\"wp-block-heading\"><span class=\"ez-toc-section\" id=\"Dia_2\"><\/span>Dia 2<span class=\"ez-toc-section-end\"><\/span><\/h3>\n\n\n\n<ul class=\"wp-block-list\">\n<li>Igreja de S\u00e3o Sava<\/li>\n\n\n\n<li>Museu Nacional<\/li>\n<\/ul>\n\n\n\n<h3 class=\"wp-block-heading\"><span class=\"ez-toc-section\" id=\"Dia_3\"><\/span>Dia 3<span class=\"ez-toc-section-end\"><\/span><\/h3>\n\n\n\n<ul class=\"wp-block-list\">\n<li>Skadarlija<\/li>\n\n\n\n<li>Zeleni Venac Market<\/li>\n<\/ul>\n\n\n\n<h3 class=\"wp-block-heading\"><span class=\"ez-toc-section\" id=\"Dia_4\"><\/span>Dia 4<span class=\"ez-toc-section-end\"><\/span><\/h3>\n\n\n\n<ul class=\"wp-block-list\">\n<li>Bairro de Savamala<\/li>\n\n\n\n<li>Museu de Arte Contempor\u00e2nea<\/li>\n<\/ul>\n\n\n\n<h3 class=\"wp-block-heading\"><span class=\"ez-toc-section\" id=\"Dia_5\"><\/span>Dia 5<span class=\"ez-toc-section-end\"><\/span><\/h3>\n\n\n\n<ul class=\"wp-block-list\">\n<li>Ada Ciganlija<\/li>\n\n\n\n<li>Avala Tower<\/li>\n<\/ul>\n\n\n\n<p>Esse roteiro de cinco dias cobre os principais <strong>passeios em Belgrado<\/strong>, unindo hist\u00f3ria, cultura, arte contempor\u00e2nea, vida local e natureza. A cidade pode ser percorrida a p\u00e9 em boa parte dos dias, mas para atra\u00e7\u00f5es como a Avala Tower, recomenda-se usar transporte p\u00fablico ou carro de aplicativo.<\/p>\n\n\n\n<p>Belgrado \u00e9 uma cidade que combina o charme do Velho Mundo com uma energia jovem e vibrante. Seus monumentos hist\u00f3ricos convivem com bares modernos, mercados tradicionais e galerias de arte urbana. Visitar Belgrado \u00e9 mergulhar em uma hist\u00f3ria complexa, saborear uma gastronomia rica e aproveitar a hospitalidade calorosa do povo s\u00e9rvio.<\/p>\n\n\n\n<p>Neste guia de <strong>passeios em Belgrado<\/strong>, voc\u00ea viu que h\u00e1 muito mais na cidade do que se imagina. Desde as ru\u00ednas da fortaleza at\u00e9 os bairros criativos e a natureza ao redor, a capital da S\u00e9rvia tem atra\u00e7\u00f5es para todos os estilos de viajantes. Organize seus dias com base neste roteiro e aproveite para explorar os diferentes bairros com suas caracter\u00edsticas \u00fanicas, complementando a experi\u00eancia com hospedagens bem localizadas.<\/p>\n\n\n\n<p>Belgrado pode n\u00e3o estar ainda no radar tur\u00edstico de muitos brasileiros, mas certamente merece um lugar na sua lista de destinos pela Europa.<\/p>\n\n\n\n<p>Veja mais: <a href=\"https:\/\/quantocustaviajar.com\/blog\/paises-onde-brasileiros-nao-precisam-de-visto-para-viajar\/\" target=\"_blank\" rel=\"noreferrer noopener\">Pa\u00edses onde brasileiros n\u00e3o precisam de visto<\/a><\/p>\n\n\n\n<p><\/p>\n","protected":false},"excerpt":{"rendered":"<p>Belgrado, a vibrante capital da S\u00e9rvia, \u00e9 um destino que surpreende por sua mistura \u00fanica de hist\u00f3ria, cultura, gastronomia e vida noturna animada. Localizada na conflu\u00eancia dos rios Dan\u00fabio e Sava, os passeios em Belgrado exibem ru\u00ednas antigas, arquitetura austro-h\u00fangara, monumentos da era socialista e bairros modernos cheios de arte e caf\u00e9s descolados. Neste guia [&hellip;]<\/p>\n","protected":false},"author":18,"featured_media":79515,"comment_status":"open","ping_status":"open","sticky":false,"template":"elementor_theme","format":"standard","meta":{"cybocfi_hide_featured_image":"yes","footnotes":""},"categories":[1182,3922],"tags":[9892,9891,9893,9894],"class_list":["post-79514","post","type-post","status-publish","format-standard","has-post-thumbnail","hentry","category-dica-cool","category-europa","tag-guia-de-passeios-em-belgrado","tag-mehores-passeios-em-belgrado","tag-passeios-em-belgrado","tag-tudo-sobre-passeios-em-belgrado"],"blocksy_meta":[],"yoast_head":"<!-- This site is optimized with the Yoast SEO plugin v26.3 - https:\/\/yoast.com\/wordpress\/plugins\/seo\/ -->\n<title>Passeios em Belgrado: roteiro completo da capital da S\u00e9rvia<\/title>\n<meta name=\"description\" content=\"Descubra os melhores passeios em Belgrado, o que visitar, guia de pontos tur\u00edsticos, como se locomover e mais.\" \/>\n<meta name=\"robots\" content=\"index, follow, max-snippet:-1, max-image-preview:large, max-video-preview:-1\" \/>\n<link rel=\"canonical\" href=\"https:\/\/quantocustaviajar.com\/blog\/passeios-em-belgrado-roteiro-completo\/\" \/>\n<meta property=\"og:locale\" content=\"pt_BR\" \/>\n<meta property=\"og:type\" content=\"article\" \/>\n<meta property=\"og:title\" content=\"Passeios em Belgrado: roteiro completo da capital da S\u00e9rvia\" \/>\n<meta property=\"og:description\" content=\"Descubra os melhores passeios em Belgrado, o que visitar, guia de pontos tur\u00edsticos, como se locomover e mais.\" \/>\n<meta property=\"og:url\" content=\"https:\/\/quantocustaviajar.com\/blog\/passeios-em-belgrado-roteiro-completo\/\" \/>\n<meta property=\"og:site_name\" content=\"Blog Quanto Custa Viajar\" \/>\n<meta property=\"article:publisher\" content=\"https:\/\/www.facebook.com\/quantocustaviajar\" \/>\n<meta property=\"article:published_time\" content=\"2025-07-07T17:46:33+00:00\" \/>\n<meta property=\"article:modified_time\" content=\"2025-07-07T17:46:40+00:00\" \/>\n<meta property=\"og:image\" content=\"https:\/\/quantocustaviajar.com\/blog\/wp-content\/uploads\/2025\/07\/belgrade-968778_1280-1.webp\" \/>\n\t<meta property=\"og:image:width\" content=\"1280\" \/>\n\t<meta property=\"og:image:height\" content=\"960\" \/>\n\t<meta property=\"og:image:type\" content=\"image\/jpeg\" \/>\n<meta name=\"author\" content=\"Izabella Miranda\" \/>\n<meta name=\"twitter:card\" content=\"summary_large_image\" \/>\n<meta name=\"twitter:label1\" content=\"Escrito por\" \/>\n\t<meta name=\"twitter:data1\" content=\"Izabella Miranda\" \/>\n\t<meta name=\"twitter:label2\" content=\"Est. tempo de leitura\" \/>\n\t<meta name=\"twitter:data2\" content=\"7 minutos\" \/>\n<!-- \/ Yoast SEO plugin. -->","yoast_head_json":{"title":"Passeios em Belgrado: roteiro completo da capital da S\u00e9rvia","description":"Descubra os melhores passeios em Belgrado, o que visitar, guia de pontos tur\u00edsticos, como se locomover e mais.","robots":{"index":"index","follow":"follow","max-snippet":"max-snippet:-1","max-image-preview":"max-image-preview:large","max-video-preview":"max-video-preview:-1"},"canonical":"https:\/\/quantocustaviajar.com\/blog\/passeios-em-belgrado-roteiro-completo\/","og_locale":"pt_BR","og_type":"article","og_title":"Passeios em Belgrado: roteiro completo da capital da S\u00e9rvia","og_description":"Descubra os melhores passeios em Belgrado, o que visitar, guia de pontos tur\u00edsticos, como se locomover e mais.","og_url":"https:\/\/quantocustaviajar.com\/blog\/passeios-em-belgrado-roteiro-completo\/","og_site_name":"Blog Quanto Custa Viajar","article_publisher":"https:\/\/www.facebook.com\/quantocustaviajar","article_published_time":"2025-07-07T17:46:33+00:00","article_modified_time":"2025-07-07T17:46:40+00:00","og_image":[{"width":1280,"height":960,"url":"https:\/\/quantocustaviajar.com\/blog\/wp-content\/uploads\/2025\/07\/belgrade-968778_1280-1.webp","type":"image\/jpeg"}],"author":"Izabella Miranda","twitter_card":"summary_large_image","twitter_misc":{"Escrito por":"Izabella Miranda","Est. tempo de leitura":"7 minutos"},"schema":{"@context":"https:\/\/schema.org","@graph":[{"@type":["Article","BlogPosting"],"@id":"https:\/\/quantocustaviajar.com\/blog\/passeios-em-belgrado-roteiro-completo\/#article","isPartOf":{"@id":"https:\/\/quantocustaviajar.com\/blog\/passeios-em-belgrado-roteiro-completo\/"},"author":{"name":"Izabella Miranda","@id":"https:\/\/quantocustaviajar.com\/blog\/#\/schema\/person\/595118451f4120870051de530232399d"},"headline":"Passeios em Belgrado: roteiro completo para conhecer a capital da S\u00e9rvia","datePublished":"2025-07-07T17:46:33+00:00","dateModified":"2025-07-07T17:46:40+00:00","mainEntityOfPage":{"@id":"https:\/\/quantocustaviajar.com\/blog\/passeios-em-belgrado-roteiro-completo\/"},"wordCount":1133,"commentCount":0,"publisher":{"@id":"https:\/\/quantocustaviajar.com\/blog\/#organization"},"image":{"@id":"https:\/\/quantocustaviajar.com\/blog\/passeios-em-belgrado-roteiro-completo\/#primaryimage"},"thumbnailUrl":"https:\/\/quantocustaviajar.com\/blog\/wp-content\/uploads\/2025\/07\/belgrade-968778_1280-1.webp","keywords":["guia de passeios em Belgrado","mehores passeios em Belgrado","passeios em Belgrado","tudo sobre passeios em Belgrado"],"articleSection":["Dica cool","Europa"],"inLanguage":"pt-BR","potentialAction":[{"@type":"CommentAction","name":"Comment","target":["https:\/\/quantocustaviajar.com\/blog\/passeios-em-belgrado-roteiro-completo\/#respond"]}]},{"@type":"WebPage","@id":"https:\/\/quantocustaviajar.com\/blog\/passeios-em-belgrado-roteiro-completo\/","url":"https:\/\/quantocustaviajar.com\/blog\/passeios-em-belgrado-roteiro-completo\/","name":"Passeios em Belgrado: roteiro completo da capital da S\u00e9rvia","isPartOf":{"@id":"https:\/\/quantocustaviajar.com\/blog\/#website"},"primaryImageOfPage":{"@id":"https:\/\/quantocustaviajar.com\/blog\/passeios-em-belgrado-roteiro-completo\/#primaryimage"},"image":{"@id":"https:\/\/quantocustaviajar.com\/blog\/passeios-em-belgrado-roteiro-completo\/#primaryimage"},"thumbnailUrl":"https:\/\/quantocustaviajar.com\/blog\/wp-content\/uploads\/2025\/07\/belgrade-968778_1280-1.webp","datePublished":"2025-07-07T17:46:33+00:00","dateModified":"2025-07-07T17:46:40+00:00","description":"Descubra os melhores passeios em Belgrado, o que visitar, guia de pontos tur\u00edsticos, como se locomover e mais.","breadcrumb":{"@id":"https:\/\/quantocustaviajar.com\/blog\/passeios-em-belgrado-roteiro-completo\/#breadcrumb"},"inLanguage":"pt-BR","potentialAction":[{"@type":"ReadAction","target":["https:\/\/quantocustaviajar.com\/blog\/passeios-em-belgrado-roteiro-completo\/"]}]},{"@type":"BreadcrumbList","@id":"https:\/\/quantocustaviajar.com\/blog\/passeios-em-belgrado-roteiro-completo\/#breadcrumb","itemListElement":[{"@type":"ListItem","position":1,"name":"In\u00edcio","item":"https:\/\/quantocustaviajar.com\/blog\/"},{"@type":"ListItem","position":2,"name":"Passeios em Belgrado: roteiro completo para conhecer a capital da S\u00e9rvia"}]},{"@type":"WebSite","@id":"https:\/\/quantocustaviajar.com\/blog\/#website","url":"https:\/\/quantocustaviajar.com\/blog\/","name":"Blog Quanto Custa Viajar","description":"","publisher":{"@id":"https:\/\/quantocustaviajar.com\/blog\/#organization"},"potentialAction":[{"@type":"SearchAction","target":{"@type":"EntryPoint","urlTemplate":"https:\/\/quantocustaviajar.com\/blog\/?s={search_term_string}"},"query-input":{"@type":"PropertyValueSpecification","valueRequired":true,"valueName":"search_term_string"}}],"inLanguage":"pt-BR"},{"@type":"Organization","@id":"https:\/\/quantocustaviajar.com\/blog\/#organization","name":"Quanto Custa Viajar","url":"https:\/\/quantocustaviajar.com\/blog\/","logo":{"@type":"ImageObject","inLanguage":"pt-BR","@id":"https:\/\/quantocustaviajar.com\/blog\/#\/schema\/logo\/image\/","url":"","contentUrl":"","caption":"Quanto Custa Viajar"},"image":{"@id":"https:\/\/quantocustaviajar.com\/blog\/#\/schema\/logo\/image\/"},"sameAs":["https:\/\/www.facebook.com\/quantocustaviajar"]},{"@type":"Person","@id":"https:\/\/quantocustaviajar.com\/blog\/#\/schema\/person\/595118451f4120870051de530232399d","name":"Izabella Miranda","image":{"@type":"ImageObject","inLanguage":"pt-BR","@id":"https:\/\/quantocustaviajar.com\/blog\/#\/schema\/person\/image\/","url":"https:\/\/secure.gravatar.com\/avatar\/eb1c9c8ed6c596023f48930e960ff440b8cad6a3beabb6b619d3504ad832c628?s=96&d=mm&r=g","contentUrl":"https:\/\/secure.gravatar.com\/avatar\/eb1c9c8ed6c596023f48930e960ff440b8cad6a3beabb6b619d3504ad832c628?s=96&d=mm&r=g","caption":"Izabella Miranda"},"description":"Jornalista por profiss\u00e3o e planejadora de viagens nas horas vagas.","url":"https:\/\/quantocustaviajar.com\/blog\/author\/izabella\/"}]}},"_links":{"self":[{"href":"https:\/\/quantocustaviajar.com\/blog\/wp-json\/wp\/v2\/posts\/79514","targetHints":{"allow":["GET"]}}],"collection":[{"href":"https:\/\/quantocustaviajar.com\/blog\/wp-json\/wp\/v2\/posts"}],"about":[{"href":"https:\/\/quantocustaviajar.com\/blog\/wp-json\/wp\/v2\/types\/post"}],"author":[{"embeddable":true,"href":"https:\/\/quantocustaviajar.com\/blog\/wp-json\/wp\/v2\/users\/18"}],"replies":[{"embeddable":true,"href":"https:\/\/quantocustaviajar.com\/blog\/wp-json\/wp\/v2\/comments?post=79514"}],"version-history":[{"count":2,"href":"https:\/\/quantocustaviajar.com\/blog\/wp-json\/wp\/v2\/posts\/79514\/revisions"}],"predecessor-version":[{"id":79566,"href":"https:\/\/quantocustaviajar.com\/blog\/wp-json\/wp\/v2\/posts\/79514\/revisions\/79566"}],"wp:featuredmedia":[{"embeddable":true,"href":"https:\/\/quantocustaviajar.com\/blog\/wp-json\/wp\/v2\/media\/79515"}],"wp:attachment":[{"href":"https:\/\/quantocustaviajar.com\/blog\/wp-json\/wp\/v2\/media?parent=79514"}],"wp:term":[{"taxonomy":"category","embeddable":true,"href":"https:\/\/quantocustaviajar.com\/blog\/wp-json\/wp\/v2\/categories?post=79514"},{"taxonomy":"post_tag","embeddable":true,"href":"https:\/\/quantocustaviajar.com\/blog\/wp-json\/wp\/v2\/tags?post=79514"}],"curies":[{"name":"wp","href":"https:\/\/api.w.org\/{rel}","templated":true}]}}