{"id":78584,"date":"2025-06-11T17:34:04","date_gmt":"2025-06-11T17:34:04","guid":{"rendered":"https:\/\/quantocustaviajar.com\/blog\/?p=78584"},"modified":"2025-06-13T18:28:49","modified_gmt":"2025-06-13T18:28:49","slug":"alimentacao-em-palma","status":"publish","type":"post","link":"https:\/\/quantocustaviajar.com\/blog\/alimentacao-em-palma\/","title":{"rendered":"Alimenta\u00e7\u00e3o em Palma: descobrindo os sabores de Mallorca"},"content":{"rendered":"\n<p>A capital da ilha de Mallorca, no arquip\u00e9lago das Ilhas Baleares (<a href=\"https:\/\/quantocustaviajar.com\/espanha\/\" target=\"_blank\" rel=\"noreferrer noopener\">Espanha<\/a>), \u00e9 um verdadeiro para\u00edso n\u00e3o s\u00f3 para quem busca sol e mar, mas tamb\u00e9m para quem ama comer bem. <strong>Alimenta\u00e7\u00e3o em Palma<\/strong> \u00e9 uma experi\u00eancia que mistura tradi\u00e7\u00e3o mediterr\u00e2nea, produtos frescos do mar, azeites locais e receitas que remontam \u00e0 \u00e9poca dos mouros e catal\u00e3es. Neste guia completo, voc\u00ea vai conhecer os melhores restaurantes, caf\u00e9s e bares da cidade, entender os pratos t\u00edpicos da regi\u00e3o, os costumes locais \u00e0 mesa e como economizar com qualidade na sua visita \u00e0 cidade.<\/p><div id=\"ez-toc-container\" class=\"ez-toc-v2_0_76 ez-toc-wrap-left counter-hierarchy ez-toc-counter ez-toc-light-blue ez-toc-container-direction\">\n<div class=\"ez-toc-title-container\">\n<p class=\"ez-toc-title\" style=\"cursor:inherit\">Aqui voc\u00ea ir\u00e1 encontrar<\/p>\n<span class=\"ez-toc-title-toggle\"><a href=\"#\" class=\"ez-toc-pull-right ez-toc-btn ez-toc-btn-xs ez-toc-btn-default ez-toc-toggle\" aria-label=\"Alternar tabela de conte\u00fado\"><span class=\"ez-toc-js-icon-con\"><span class=\"\"><span class=\"eztoc-hide\" style=\"display:none;\">Toggle<\/span><span class=\"ez-toc-icon-toggle-span\"><svg style=\"fill: #999;color:#999\" xmlns=\"http:\/\/www.w3.org\/2000\/svg\" class=\"list-377408\" width=\"20px\" height=\"20px\" viewBox=\"0 0 24 24\" fill=\"none\"><path d=\"M6 6H4v2h2V6zm14 0H8v2h12V6zM4 11h2v2H4v-2zm16 0H8v2h12v-2zM4 16h2v2H4v-2zm16 0H8v2h12v-2z\" fill=\"currentColor\"><\/path><\/svg><svg style=\"fill: #999;color:#999\" class=\"arrow-unsorted-368013\" xmlns=\"http:\/\/www.w3.org\/2000\/svg\" width=\"10px\" height=\"10px\" viewBox=\"0 0 24 24\" version=\"1.2\" baseProfile=\"tiny\"><path d=\"M18.2 9.3l-6.2-6.3-6.2 6.3c-.2.2-.3.4-.3.7s.1.5.3.7c.2.2.4.3.7.3h11c.3 0 .5-.1.7-.3.2-.2.3-.5.3-.7s-.1-.5-.3-.7zM5.8 14.7l6.2 6.3 6.2-6.3c.2-.2.3-.5.3-.7s-.1-.5-.3-.7c-.2-.2-.4-.3-.7-.3h-11c-.3 0-.5.1-.7.3-.2.2-.3.5-.3.7s.1.5.3.7z\"\/><\/svg><\/span><\/span><\/span><\/a><\/span><\/div>\n<nav><ul class='ez-toc-list ez-toc-list-level-1 ' ><li class='ez-toc-page-1 ez-toc-heading-level-2'><a class=\"ez-toc-link ez-toc-heading-1\" href=\"https:\/\/quantocustaviajar.com\/blog\/alimentacao-em-palma\/#A_gastronomia_tipica_de_Palma_de_Mallorca\" >A gastronomia t\u00edpica de Palma de Mallorca<\/a><ul class='ez-toc-list-level-3' ><li class='ez-toc-heading-level-3'><a class=\"ez-toc-link ez-toc-heading-2\" href=\"https:\/\/quantocustaviajar.com\/blog\/alimentacao-em-palma\/#Pratos_tipicos_da_alimentacao_em_Palma\" >Pratos t\u00edpicos da alimenta\u00e7\u00e3o em Palma:<\/a><\/li><li class='ez-toc-page-1 ez-toc-heading-level-3'><a class=\"ez-toc-link ez-toc-heading-3\" href=\"https:\/\/quantocustaviajar.com\/blog\/alimentacao-em-palma\/#Bebidas_tipicas\" >Bebidas t\u00edpicas:<\/a><\/li><\/ul><\/li><li class='ez-toc-page-1 ez-toc-heading-level-2'><a class=\"ez-toc-link ez-toc-heading-4\" href=\"https:\/\/quantocustaviajar.com\/blog\/alimentacao-em-palma\/#Guia_de_restaurantes\" >Guia de restaurantes<\/a><ul class='ez-toc-list-level-3' ><li class='ez-toc-heading-level-3'><a class=\"ez-toc-link ez-toc-heading-5\" href=\"https:\/\/quantocustaviajar.com\/blog\/alimentacao-em-palma\/#1_Marc_Fosh\" >1. Marc Fosh<\/a><\/li><li class='ez-toc-page-1 ez-toc-heading-level-3'><a class=\"ez-toc-link ez-toc-heading-6\" href=\"https:\/\/quantocustaviajar.com\/blog\/alimentacao-em-palma\/#2_Can_Joan_de_Saigo\" >2. Ca\u2019n Joan de S\u2019aigo<\/a><\/li><li class='ez-toc-page-1 ez-toc-heading-level-3'><a class=\"ez-toc-link ez-toc-heading-7\" href=\"https:\/\/quantocustaviajar.com\/blog\/alimentacao-em-palma\/#3_Forn_de_Sant_Joan\" >3. Forn de Sant Joan<\/a><\/li><li class='ez-toc-page-1 ez-toc-heading-level-3'><a class=\"ez-toc-link ez-toc-heading-8\" href=\"https:\/\/quantocustaviajar.com\/blog\/alimentacao-em-palma\/#4_El_Camino\" >4. El Camino<\/a><\/li><li class='ez-toc-page-1 ez-toc-heading-level-3'><a class=\"ez-toc-link ez-toc-heading-9\" href=\"https:\/\/quantocustaviajar.com\/blog\/alimentacao-em-palma\/#5_La_Rosa_Vermuteria\" >5. La Rosa Vermuter\u00eda<\/a><\/li><li class='ez-toc-page-1 ez-toc-heading-level-3'><a class=\"ez-toc-link ez-toc-heading-10\" href=\"https:\/\/quantocustaviajar.com\/blog\/alimentacao-em-palma\/#6_Mercat_de_lOlivar\" >6. Mercat de l\u2019Olivar<\/a><\/li><li class='ez-toc-page-1 ez-toc-heading-level-3'><a class=\"ez-toc-link ez-toc-heading-11\" href=\"https:\/\/quantocustaviajar.com\/blog\/alimentacao-em-palma\/#7_Vandal\" >7. Vandal<\/a><\/li><li class='ez-toc-page-1 ez-toc-heading-level-3'><a class=\"ez-toc-link ez-toc-heading-12\" href=\"https:\/\/quantocustaviajar.com\/blog\/alimentacao-em-palma\/#8_Santosha\" >8. Santosha<\/a><\/li><li class='ez-toc-page-1 ez-toc-heading-level-3'><a class=\"ez-toc-link ez-toc-heading-13\" href=\"https:\/\/quantocustaviajar.com\/blog\/alimentacao-em-palma\/#9_Beer_Lovers_Taproom\" >9. Beer Lovers Taproom<\/a><\/li><li class='ez-toc-page-1 ez-toc-heading-level-3'><a class=\"ez-toc-link ez-toc-heading-14\" href=\"https:\/\/quantocustaviajar.com\/blog\/alimentacao-em-palma\/#10_Adrian_Quetglas\" >10. Adrian Quetglas<\/a><\/li><\/ul><\/li><li class='ez-toc-page-1 ez-toc-heading-level-2'><a class=\"ez-toc-link ez-toc-heading-15\" href=\"https:\/\/quantocustaviajar.com\/blog\/alimentacao-em-palma\/#Como_funciona_a_gorjeta_na_alimentacao_em_Palma\" >Como funciona a gorjeta na alimenta\u00e7\u00e3o em Palma?<\/a><\/li><li class='ez-toc-page-1 ez-toc-heading-level-2'><a class=\"ez-toc-link ez-toc-heading-16\" href=\"https:\/\/quantocustaviajar.com\/blog\/alimentacao-em-palma\/#Precos_atualizados_da_alimentacao_em_Palma\" >Pre\u00e7os atualizados da alimenta\u00e7\u00e3o em Palma<\/a><\/li><li class='ez-toc-page-1 ez-toc-heading-level-2'><a class=\"ez-toc-link ez-toc-heading-17\" href=\"https:\/\/quantocustaviajar.com\/blog\/alimentacao-em-palma\/#Como_economizar_na_alimentacao_em_Palma\" >Como economizar na alimenta\u00e7\u00e3o em Palma<\/a><\/li><li class='ez-toc-page-1 ez-toc-heading-level-2'><a class=\"ez-toc-link ez-toc-heading-18\" href=\"https:\/\/quantocustaviajar.com\/blog\/alimentacao-em-palma\/#Diferencas_culturais_alimentares_entre_Palma_e_o_Brasil\" >Diferen\u00e7as culturais alimentares entre Palma e o Brasil<\/a><\/li><\/ul><\/nav><\/div>\n\n\n\n\n<pre class=\"wp-block-preformatted has-background\" style=\"background-color:#cfd8e1\"><strong>Comece a planejar sua viagem aqui!<\/strong>\n<a href=\"https:\/\/www.turismocity.com.br\/?utm_source=qcv&amp;utm_medium=blog\" target=\"_blank\" rel=\"noreferrer noopener\">Encontre sua passagem a\u00e9rea barata\n<\/a><a href=\"https:\/\/www.booking.com\/index.pt-br.html?aid=2161834\" target=\"_blank\" rel=\"noreferrer noopener\">E pesquise a hospedagem perfeita com o seu or\u00e7amento<\/a><\/pre>\n\n\n\n<h2 class=\"wp-block-heading\"><span class=\"ez-toc-section\" id=\"A_gastronomia_tipica_de_Palma_de_Mallorca\"><\/span>A gastronomia t\u00edpica de Palma de Mallorca<span class=\"ez-toc-section-end\"><\/span><\/h2>\n\n\n\n<p>A <strong>alimenta\u00e7\u00e3o em Palma<\/strong> \u00e9 marcada pela influ\u00eancia mediterr\u00e2nea, com peixes, frutos do mar, azeite de oliva, vegetais frescos e p\u00e3o artesanal como protagonistas. H\u00e1 tamb\u00e9m forte presen\u00e7a de pratos catal\u00e3es, \u00e1rabes e tradicionais das Baleares.<\/p>\n\n\n\n<figure class=\"wp-block-image aligncenter size-full\"><img loading=\"lazy\" decoding=\"async\" width=\"667\" height=\"667\" src=\"https:\/\/quantocustaviajar.com\/blog\/wp-content\/uploads\/2025\/06\/2148730506-1-edited.jpg\" alt=\"alimenta\u00e7\u00e3o em Palma\" class=\"wp-image-78587\" srcset=\"https:\/\/quantocustaviajar.com\/blog\/wp-content\/uploads\/2025\/06\/2148730506-1-edited.jpg 667w, https:\/\/quantocustaviajar.com\/blog\/wp-content\/uploads\/2025\/06\/2148730506-1-edited-300x300.jpg 300w, https:\/\/quantocustaviajar.com\/blog\/wp-content\/uploads\/2025\/06\/2148730506-1-edited-150x150.jpg 150w\" sizes=\"auto, (max-width: 667px) 100vw, 667px\" \/><figcaption>Foto: <a href=\"https:\/\/br.freepik.com\/fotos-gratis\/comida-deliciosa-de-dia-da-epifania-de-alto-angulo_10828831.htm#fromView=search&amp;page=2&amp;position=26&amp;uuid=4fbfc119-37d0-4106-996d-f55bd5983506&amp;query=Ensaimada\" target=\"_blank\" rel=\"noreferrer noopener\">Freepik<\/a><\/figcaption><\/figure>\n\n\n\n<h3 class=\"wp-block-heading\"><span class=\"ez-toc-section\" id=\"Pratos_tipicos_da_alimentacao_em_Palma\"><\/span>Pratos t\u00edpicos da alimenta\u00e7\u00e3o em Palma:<span class=\"ez-toc-section-end\"><\/span><\/h3>\n\n\n\n<ul class=\"wp-block-list\"><li><strong>Pa amb oli:<\/strong> p\u00e3o r\u00fastico com tomate, azeite de oliva, sal e acompanhamentos como presunto ou queijo.<\/li><li><strong>Tumbet:<\/strong> prato vegetariano de berinjela, piment\u00e3o e batata, tudo assado com molho de tomate.<\/li><li><strong>Arroz brut:<\/strong> arroz caldoso com carne, legumes e especiarias, t\u00edpico do interior de Mallorca.<\/li><li><strong>Frito mallorqu\u00edn:<\/strong> fritura de carne (ou mi\u00fados) com batata e ervas locais.<\/li><li><strong>Ensaimada:<\/strong> doce espiralado feito com massa folhada e a\u00e7\u00facar, tradicional do caf\u00e9 da manh\u00e3 ou sobremesa.<\/li><li><strong>Sobrasada:<\/strong> embutido de carne de porco temperado com p\u00e1prica, servido cru ou levemente aquecido no p\u00e3o.<\/li><\/ul>\n\n\n\n<h3 class=\"wp-block-heading\"><span class=\"ez-toc-section\" id=\"Bebidas_tipicas\"><\/span>Bebidas t\u00edpicas:<span class=\"ez-toc-section-end\"><\/span><\/h3>\n\n\n\n<ul class=\"wp-block-list\"><li><strong>Hierbas mallorquinas:<\/strong> licor digestivo feito com ervas da ilha.<\/li><li><strong>Vinhos locais:<\/strong> Mallorca possui vin\u00edcolas premiadas, especialmente nas regi\u00f5es de Binissalem e Pla i Llevant.<\/li><li><strong>Cervejas artesanais:<\/strong> como a Forastera ou Beer Lovers Mallorca.<\/li><\/ul>\n\n\n\n<h2 class=\"wp-block-heading\"><span class=\"ez-toc-section\" id=\"Guia_de_restaurantes\"><\/span>Guia de restaurantes<span class=\"ez-toc-section-end\"><\/span><\/h2>\n\n\n\n<h3 class=\"wp-block-heading\"><span class=\"ez-toc-section\" id=\"1_Marc_Fosh\"><\/span>1. <strong>Marc Fosh<\/strong><span class=\"ez-toc-section-end\"><\/span><\/h3>\n\n\n\n<p><strong>Localiza\u00e7\u00e3o:<\/strong> Carrer de la Missi\u00f3, centro hist\u00f3rico<br><strong>Especialidade:<\/strong> Cozinha mediterr\u00e2nea moderna com estrela Michelin<br><strong>Coment\u00e1rio:<\/strong> \u201cRefei\u00e7\u00e3o criativa, elegante e acess\u00edvel para uma estrela Michelin. O menu degusta\u00e7\u00e3o \u00e9 imperd\u00edvel.\u201d<br><strong>Valor m\u00e9dio:<\/strong> 65 a 100 euros por pessoa<\/p>\n\n\n\n<h3 class=\"wp-block-heading\"><span class=\"ez-toc-section\" id=\"2_Can_Joan_de_Saigo\"><\/span>2. <strong>Ca\u2019n Joan de S\u2019aigo<\/strong><span class=\"ez-toc-section-end\"><\/span><\/h3>\n\n\n\n<p><strong>Localiza\u00e7\u00e3o:<\/strong> Carrer de Can San\u00e7, centro<br><strong>Especialidade:<\/strong> Ensaimadas, chocolate quente e gelados artesanais<br><strong>Coment\u00e1rio:<\/strong> \u201cTradi\u00e7\u00e3o desde 1700. O melhor lugar para provar a verdadeira ensaimada com chocolate.\u201d<br><strong>Valor m\u00e9dio:<\/strong> 5 a 10 euros<\/p>\n\n\n\n<h3 class=\"wp-block-heading\"><span class=\"ez-toc-section\" id=\"3_Forn_de_Sant_Joan\"><\/span>3. <strong>Forn de Sant Joan<\/strong><span class=\"ez-toc-section-end\"><\/span><\/h3>\n\n\n\n<p><strong>Localiza\u00e7\u00e3o:<\/strong> Carrer de Sant Joan, La Lonja<br><strong>Especialidade:<\/strong> Tapas gourmet e pratos criativos<br><strong>Coment\u00e1rio:<\/strong> \u201cAmbiente elegante e comida excelente. As tapas s\u00e3o inovadoras e bem servidas.\u201d<br><strong>Valor m\u00e9dio:<\/strong> 40 a 60 euros<\/p>\n\n\n\n<h3 class=\"wp-block-heading\"><span class=\"ez-toc-section\" id=\"4_El_Camino\"><\/span>4. <strong>El Camino<\/strong><span class=\"ez-toc-section-end\"><\/span><\/h3>\n\n\n\n<p><strong>Localiza\u00e7\u00e3o:<\/strong> Carrer de Can Brondo<br><strong>Especialidade:<\/strong> Tapas espanholas refinadas<br><strong>Coment\u00e1rio:<\/strong> \u201cBalc\u00e3o elegante e pratos preparados na frente do cliente. O jam\u00f3n ib\u00e9rico \u00e9 inesquec\u00edvel.\u201d<br><strong>Valor m\u00e9dio:<\/strong> 30 a 50 euros<\/p>\n\n\n\n<h3 class=\"wp-block-heading\"><span class=\"ez-toc-section\" id=\"5_La_Rosa_Vermuteria\"><\/span>5. <strong>La Rosa Vermuter\u00eda<\/strong><span class=\"ez-toc-section-end\"><\/span><\/h3>\n\n\n\n<p><strong>Localiza\u00e7\u00e3o:<\/strong> Carrer de la Rosa<br><strong>Especialidade:<\/strong> Tapas, vermutes e comida de bar com estilo<br><strong>Coment\u00e1rio:<\/strong> \u201cDescontra\u00eddo e cheio de moradores. \u00d3timo lugar para petiscar e beber um bom vermute.\u201d<br><strong>Valor m\u00e9dio:<\/strong> 20 a 35 euros<\/p>\n\n\n\n<h3 class=\"wp-block-heading\"><span class=\"ez-toc-section\" id=\"6_Mercat_de_lOlivar\"><\/span>6. <strong>Mercat de l\u2019Olivar<\/strong><span class=\"ez-toc-section-end\"><\/span><\/h3>\n\n\n\n<p><strong>Localiza\u00e7\u00e3o:<\/strong> Pla\u00e7a de l\u2019Olivar<br><strong>Especialidade:<\/strong> Mercado com bancas de peixes, frutas e tapas<br><strong>Coment\u00e1rio:<\/strong> \u201cIdeal para um almo\u00e7o leve e aut\u00eantico. Pe\u00e7a frutos do mar frescos e prove ali mesmo.\u201d<br><strong>Valor m\u00e9dio:<\/strong> 10 a 25 euros<\/p>\n\n\n\n<h3 class=\"wp-block-heading\"><span class=\"ez-toc-section\" id=\"7_Vandal\"><\/span>7. <strong>Vandal<\/strong><span class=\"ez-toc-section-end\"><\/span><\/h3>\n\n\n\n<p><strong>Localiza\u00e7\u00e3o:<\/strong> Carrer de Caro, Santa Catalina<br><strong>Especialidade:<\/strong> Cozinha experimental e urbana<br><strong>Coment\u00e1rio:<\/strong> \u201cCriatividade e sabores inesperados. Experi\u00eancia fora do comum com ingredientes locais.\u201d<br><strong>Valor m\u00e9dio:<\/strong> 50 a 80 euros<\/p>\n\n\n\n<h3 class=\"wp-block-heading\"><span class=\"ez-toc-section\" id=\"8_Santosha\"><\/span>8. <strong>Santosha<\/strong><span class=\"ez-toc-section-end\"><\/span><\/h3>\n\n\n\n<p><strong>Localiza\u00e7\u00e3o:<\/strong> Carrer del Metge Matas<br><strong>Especialidade:<\/strong> Pratos saud\u00e1veis, caf\u00e9 da manh\u00e3 e brunch<br><strong>Coment\u00e1rio:<\/strong> \u201cOrg\u00e2nico e com alma. Atmosfera acolhedora e pratos leves e saborosos.\u201d<br><strong>Valor m\u00e9dio:<\/strong> 15 a 30 euros<\/p>\n\n\n\n<h3 class=\"wp-block-heading\"><span class=\"ez-toc-section\" id=\"9_Beer_Lovers_Taproom\"><\/span>9. <strong>Beer Lovers Taproom<\/strong><span class=\"ez-toc-section-end\"><\/span><\/h3>\n\n\n\n<p><strong>Localiza\u00e7\u00e3o:<\/strong> Carrer de Cervantes<br><strong>Especialidade:<\/strong> Cervejas artesanais mallorquinas<br><strong>Coment\u00e1rio:<\/strong> \u201cPara os amantes de cerveja, \u00e9 parada obrigat\u00f3ria. Deguste a IPA local com tapas simples.\u201d<br><strong>Valor m\u00e9dio:<\/strong> 4 a 6 euros por cerveja<\/p>\n\n\n\n<h3 class=\"wp-block-heading\"><span class=\"ez-toc-section\" id=\"10_Adrian_Quetglas\"><\/span>10. <strong>Adrian Quetglas<\/strong><span class=\"ez-toc-section-end\"><\/span><\/h3>\n\n\n\n<p><strong>Localiza\u00e7\u00e3o:<\/strong> Passeig de Mallorca<br><strong>Especialidade:<\/strong> Cozinha internacional com t\u00e9cnica espanhola<br><strong>Coment\u00e1rio:<\/strong> \u201cMenu degusta\u00e7\u00e3o impec\u00e1vel e \u00f3timo custo-benef\u00edcio para um restaurante sofisticado.\u201d<br><strong>Valor m\u00e9dio:<\/strong> 60 a 90 euros por pessoa<\/p>\n\n\n\n<h2 class=\"wp-block-heading\"><span class=\"ez-toc-section\" id=\"Como_funciona_a_gorjeta_na_alimentacao_em_Palma\"><\/span>Como funciona a gorjeta na alimenta\u00e7\u00e3o em Palma?<span class=\"ez-toc-section-end\"><\/span><\/h2>\n\n\n\n<p>Na <strong>alimenta\u00e7\u00e3o em Palma<\/strong>, a gorjeta <strong>n\u00e3o \u00e9 obrigat\u00f3ria<\/strong>, mas costuma ser deixada como sinal de bom servi\u00e7o. Em restaurantes mais tur\u00edsticos ou sofisticados, o habitual \u00e9 <strong>deixar entre 5% a 10%<\/strong>. Em caf\u00e9s ou bares, arredondar a conta para cima j\u00e1 \u00e9 suficiente. Os espanh\u00f3is t\u00eam uma cultura mais informal com gorjetas do que brasileiros ou norte-americanos.<\/p>\n\n\n\n<h2 class=\"wp-block-heading\"><span class=\"ez-toc-section\" id=\"Precos_atualizados_da_alimentacao_em_Palma\"><\/span>Pre\u00e7os atualizados da alimenta\u00e7\u00e3o em Palma<span class=\"ez-toc-section-end\"><\/span><\/h2>\n\n\n\n<ul class=\"wp-block-list\"><li>Caf\u00e9 da manh\u00e3 simples com caf\u00e9 e ensaimada: 5 a 8 euros<\/li><li>Almo\u00e7o (menu do dia): 12 a 18 euros<\/li><li>Jantar \u00e0 la carte: 30 a 70 euros<\/li><li>Cerveja artesanal: 4 a 6 euros<\/li><li>Ta\u00e7a de vinho local: 4 a 8 euros<\/li><\/ul>\n\n\n\n<p>C\u00e2mbio m\u00e9dio em abril de 2025: <strong>1 euro = R$ 5,50<\/strong><\/p>\n\n\n\n<ul class=\"wp-block-list\"><li>Menu do dia: R$ 66 a R$ 99<\/li><li>Prato principal: R$ 165 a R$ 385<\/li><li>Cerveja: R$ 22 a R$ 33<\/li><\/ul>\n\n\n\n<h2 class=\"wp-block-heading\"><span class=\"ez-toc-section\" id=\"Como_economizar_na_alimentacao_em_Palma\"><\/span>Como economizar na alimenta\u00e7\u00e3o em Palma<span class=\"ez-toc-section-end\"><\/span><\/h2>\n\n\n\n<ol class=\"wp-block-list\"><li><strong>Men\u00fas del d\u00eda:<\/strong> Muitos restaurantes oferecem almo\u00e7o com entrada, prato e bebida por pre\u00e7os acess\u00edveis.<\/li><li><strong>Mercados locais:<\/strong> O Mercat de Santa Catalina e o Mercat de l\u2019Olivar s\u00e3o \u00f3timos para frutas, empanadas, queijos e tapas.<\/li><li><strong>Padarias e forns:<\/strong> Espalhados pela cidade, vendem p\u00e3es, bocadillos e doces frescos a pre\u00e7os baixos.<\/li><li><strong>Supermercados como Mercadona ou Eroski:<\/strong> Ideais para montar piqueniques com queijos, presuntos e vinhos locais.<\/li><li><strong>Tapas em bares locais:<\/strong> Em vez de um jantar completo, pe\u00e7a v\u00e1rias tapas para compartilhar e economizar, prato t\u00edpico da <strong>alimenta\u00e7\u00e3o em Palma<\/strong>.<\/li><\/ol>\n\n\n\n<h2 class=\"wp-block-heading\"><span class=\"ez-toc-section\" id=\"Diferencas_culturais_alimentares_entre_Palma_e_o_Brasil\"><\/span>Diferen\u00e7as culturais alimentares entre Palma e o Brasil<span class=\"ez-toc-section-end\"><\/span><\/h2>\n\n\n\n<ul class=\"wp-block-list\"><li><strong>Hor\u00e1rios das refei\u00e7\u00f5es:<\/strong> O almo\u00e7o \u00e9 servido geralmente entre 13h e 15h e o jantar s\u00f3 come\u00e7a depois das 20h. Evite chegar muito cedo aos restaurantes.<\/li><li><strong>Entrada e p\u00e3o:<\/strong> Muitos locais cobram por p\u00e3es, azeitonas e entradas, mesmo sem pedido. Consulte antes.<\/li><li><strong>\u00c1gua paga:<\/strong> \u00c1gua da casa quase sempre \u00e9 cobrada. A \u00e1gua da torneira (gr\u00e1tis) n\u00e3o \u00e9 oferecida por padr\u00e3o.<\/li><li><strong>Cozinha mais leve:<\/strong> A comida \u00e9 menos temperada e com menos sal que no Brasil. Predominam ingredientes frescos e pouco processados.<\/li><li><strong>Alimenta\u00e7\u00e3o mais lenta:<\/strong> As refei\u00e7\u00f5es costumam ser momentos de pausa, com v\u00e1rias etapas e sem pressa.<\/li><\/ul>\n\n\n\n<p><strong>Alimenta\u00e7\u00e3o em Palma<\/strong> \u00e9 uma experi\u00eancia que une tradi\u00e7\u00e3o, criatividade e produtos frescos do Mediterr\u00e2neo. Da simplicidade de uma ensaimada com caf\u00e9 at\u00e9 os menus de degusta\u00e7\u00e3o premiados, a cidade convida o viajante a explorar sabores locais com calma e curiosidade. Palma n\u00e3o \u00e9 um destino barato, mas com intelig\u00eancia \u00e9 poss\u00edvel comer bem mesmo com or\u00e7amento reduzido. Seja em mercados vibrantes ou em terra\u00e7os com vista para o mar, cada refei\u00e7\u00e3o aqui carrega o charme ensolarado das Baleares.<\/p>\n","protected":false},"excerpt":{"rendered":"<p>A capital da ilha de Mallorca, no arquip\u00e9lago das Ilhas Baleares (Espanha), \u00e9 um verdadeiro para\u00edso n\u00e3o s\u00f3 para quem busca sol e mar, mas tamb\u00e9m para quem ama comer bem. Alimenta\u00e7\u00e3o em Palma \u00e9 uma experi\u00eancia que mistura tradi\u00e7\u00e3o mediterr\u00e2nea, produtos frescos do mar, azeites locais e receitas que remontam \u00e0 \u00e9poca dos mouros [&hellip;]<\/p>\n","protected":false},"author":18,"featured_media":78587,"comment_status":"open","ping_status":"open","sticky":false,"template":"elementor_theme","format":"standard","meta":{"cybocfi_hide_featured_image":"yes","footnotes":""},"categories":[1435,3922,1],"tags":[9194,9197,9198,9199,9196],"class_list":["post-78584","post","type-post","status-publish","format-standard","has-post-thumbnail","hentry","category-comes-bebes","category-europa","category-uncategorized","tag-alimentacao-em-palma","tag-dicas-de-alimentacao-em-palma","tag-pratos-tipicos-alimentacao-em-palma","tag-quanto-custa-alimentacao-em-palma","tag-tudo-sobre-alimentacao-em-palma"],"blocksy_meta":[],"yoast_head":"<!-- This site is optimized with the Yoast SEO plugin v26.3 - https:\/\/yoast.com\/wordpress\/plugins\/seo\/ -->\n<title>Alimenta\u00e7\u00e3o em Palma: descobrindo os sabores de Mallorca<\/title>\n<meta name=\"description\" content=\"Confira o melhor da alimenta\u00e7\u00e3o em Palma e saiba quais pratos t\u00edpicos comer, quanto gastar, onde ir e mais!\" \/>\n<meta name=\"robots\" content=\"index, follow, max-snippet:-1, max-image-preview:large, max-video-preview:-1\" \/>\n<link rel=\"canonical\" href=\"https:\/\/quantocustaviajar.com\/blog\/alimentacao-em-palma\/\" \/>\n<meta property=\"og:locale\" content=\"pt_BR\" \/>\n<meta property=\"og:type\" content=\"article\" \/>\n<meta property=\"og:title\" content=\"Alimenta\u00e7\u00e3o em Palma: descobrindo os sabores de Mallorca\" \/>\n<meta property=\"og:description\" content=\"Confira o melhor da alimenta\u00e7\u00e3o em Palma e saiba quais pratos t\u00edpicos comer, quanto gastar, onde ir e mais!\" \/>\n<meta property=\"og:url\" content=\"https:\/\/quantocustaviajar.com\/blog\/alimentacao-em-palma\/\" \/>\n<meta property=\"og:site_name\" content=\"Blog Quanto Custa Viajar\" \/>\n<meta property=\"article:publisher\" content=\"https:\/\/www.facebook.com\/quantocustaviajar\" \/>\n<meta property=\"article:published_time\" content=\"2025-06-11T17:34:04+00:00\" \/>\n<meta property=\"article:modified_time\" content=\"2025-06-13T18:28:49+00:00\" \/>\n<meta property=\"og:image\" content=\"https:\/\/quantocustaviajar.com\/blog\/wp-content\/uploads\/2025\/06\/2148730506-1-edited.jpg\" \/>\n\t<meta property=\"og:image:width\" content=\"667\" \/>\n\t<meta property=\"og:image:height\" content=\"667\" \/>\n\t<meta property=\"og:image:type\" content=\"image\/jpeg\" \/>\n<meta name=\"author\" content=\"Izabella Miranda\" \/>\n<meta name=\"twitter:card\" content=\"summary_large_image\" \/>\n<meta name=\"twitter:label1\" content=\"Escrito por\" \/>\n\t<meta name=\"twitter:data1\" content=\"Izabella Miranda\" \/>\n\t<meta name=\"twitter:label2\" content=\"Est. tempo de leitura\" \/>\n\t<meta name=\"twitter:data2\" content=\"13 minutos\" \/>\n<!-- \/ Yoast SEO plugin. -->","yoast_head_json":{"title":"Alimenta\u00e7\u00e3o em Palma: descobrindo os sabores de Mallorca","description":"Confira o melhor da alimenta\u00e7\u00e3o em Palma e saiba quais pratos t\u00edpicos comer, quanto gastar, onde ir e mais!","robots":{"index":"index","follow":"follow","max-snippet":"max-snippet:-1","max-image-preview":"max-image-preview:large","max-video-preview":"max-video-preview:-1"},"canonical":"https:\/\/quantocustaviajar.com\/blog\/alimentacao-em-palma\/","og_locale":"pt_BR","og_type":"article","og_title":"Alimenta\u00e7\u00e3o em Palma: descobrindo os sabores de Mallorca","og_description":"Confira o melhor da alimenta\u00e7\u00e3o em Palma e saiba quais pratos t\u00edpicos comer, quanto gastar, onde ir e mais!","og_url":"https:\/\/quantocustaviajar.com\/blog\/alimentacao-em-palma\/","og_site_name":"Blog Quanto Custa Viajar","article_publisher":"https:\/\/www.facebook.com\/quantocustaviajar","article_published_time":"2025-06-11T17:34:04+00:00","article_modified_time":"2025-06-13T18:28:49+00:00","og_image":[{"width":667,"height":667,"url":"https:\/\/quantocustaviajar.com\/blog\/wp-content\/uploads\/2025\/06\/2148730506-1-edited.jpg","type":"image\/jpeg"}],"author":"Izabella Miranda","twitter_card":"summary_large_image","twitter_misc":{"Escrito por":"Izabella Miranda","Est. tempo de leitura":"13 minutos"},"schema":{"@context":"https:\/\/schema.org","@graph":[{"@type":["Article","BlogPosting"],"@id":"https:\/\/quantocustaviajar.com\/blog\/alimentacao-em-palma\/#article","isPartOf":{"@id":"https:\/\/quantocustaviajar.com\/blog\/alimentacao-em-palma\/"},"author":{"name":"Izabella Miranda","@id":"https:\/\/quantocustaviajar.com\/blog\/#\/schema\/person\/595118451f4120870051de530232399d"},"headline":"Alimenta\u00e7\u00e3o em Palma: descobrindo os sabores de Mallorca","datePublished":"2025-06-11T17:34:04+00:00","dateModified":"2025-06-13T18:28:49+00:00","mainEntityOfPage":{"@id":"https:\/\/quantocustaviajar.com\/blog\/alimentacao-em-palma\/"},"wordCount":1137,"commentCount":0,"publisher":{"@id":"https:\/\/quantocustaviajar.com\/blog\/#organization"},"image":{"@id":"https:\/\/quantocustaviajar.com\/blog\/alimentacao-em-palma\/#primaryimage"},"thumbnailUrl":"https:\/\/quantocustaviajar.com\/blog\/wp-content\/uploads\/2025\/06\/2148730506-1-edited.jpg","keywords":["alimenta\u00e7\u00e3o em Palma","dicas de alimenta\u00e7\u00e3o em Palma","pratos t\u00edpicos alimenta\u00e7\u00e3o em Palma","quanto custa alimenta\u00e7\u00e3o em Palma","tudo sobre alimenta\u00e7\u00e3o em Palma"],"articleSection":["Comes &amp; Bebes","Europa","Uncategorized"],"inLanguage":"pt-BR","potentialAction":[{"@type":"CommentAction","name":"Comment","target":["https:\/\/quantocustaviajar.com\/blog\/alimentacao-em-palma\/#respond"]}]},{"@type":"WebPage","@id":"https:\/\/quantocustaviajar.com\/blog\/alimentacao-em-palma\/","url":"https:\/\/quantocustaviajar.com\/blog\/alimentacao-em-palma\/","name":"Alimenta\u00e7\u00e3o em Palma: descobrindo os sabores de Mallorca","isPartOf":{"@id":"https:\/\/quantocustaviajar.com\/blog\/#website"},"primaryImageOfPage":{"@id":"https:\/\/quantocustaviajar.com\/blog\/alimentacao-em-palma\/#primaryimage"},"image":{"@id":"https:\/\/quantocustaviajar.com\/blog\/alimentacao-em-palma\/#primaryimage"},"thumbnailUrl":"https:\/\/quantocustaviajar.com\/blog\/wp-content\/uploads\/2025\/06\/2148730506-1-edited.jpg","datePublished":"2025-06-11T17:34:04+00:00","dateModified":"2025-06-13T18:28:49+00:00","description":"Confira o melhor da alimenta\u00e7\u00e3o em Palma e saiba quais pratos t\u00edpicos comer, quanto gastar, onde ir e mais!","breadcrumb":{"@id":"https:\/\/quantocustaviajar.com\/blog\/alimentacao-em-palma\/#breadcrumb"},"inLanguage":"pt-BR","potentialAction":[{"@type":"ReadAction","target":["https:\/\/quantocustaviajar.com\/blog\/alimentacao-em-palma\/"]}]},{"@type":"BreadcrumbList","@id":"https:\/\/quantocustaviajar.com\/blog\/alimentacao-em-palma\/#breadcrumb","itemListElement":[{"@type":"ListItem","position":1,"name":"In\u00edcio","item":"https:\/\/quantocustaviajar.com\/blog\/"},{"@type":"ListItem","position":2,"name":"Alimenta\u00e7\u00e3o em Palma: descobrindo os sabores de Mallorca"}]},{"@type":"WebSite","@id":"https:\/\/quantocustaviajar.com\/blog\/#website","url":"https:\/\/quantocustaviajar.com\/blog\/","name":"Blog Quanto Custa Viajar","description":"","publisher":{"@id":"https:\/\/quantocustaviajar.com\/blog\/#organization"},"potentialAction":[{"@type":"SearchAction","target":{"@type":"EntryPoint","urlTemplate":"https:\/\/quantocustaviajar.com\/blog\/?s={search_term_string}"},"query-input":{"@type":"PropertyValueSpecification","valueRequired":true,"valueName":"search_term_string"}}],"inLanguage":"pt-BR"},{"@type":"Organization","@id":"https:\/\/quantocustaviajar.com\/blog\/#organization","name":"Quanto Custa Viajar","url":"https:\/\/quantocustaviajar.com\/blog\/","logo":{"@type":"ImageObject","inLanguage":"pt-BR","@id":"https:\/\/quantocustaviajar.com\/blog\/#\/schema\/logo\/image\/","url":"","contentUrl":"","caption":"Quanto Custa Viajar"},"image":{"@id":"https:\/\/quantocustaviajar.com\/blog\/#\/schema\/logo\/image\/"},"sameAs":["https:\/\/www.facebook.com\/quantocustaviajar"]},{"@type":"Person","@id":"https:\/\/quantocustaviajar.com\/blog\/#\/schema\/person\/595118451f4120870051de530232399d","name":"Izabella Miranda","image":{"@type":"ImageObject","inLanguage":"pt-BR","@id":"https:\/\/quantocustaviajar.com\/blog\/#\/schema\/person\/image\/","url":"https:\/\/secure.gravatar.com\/avatar\/eb1c9c8ed6c596023f48930e960ff440b8cad6a3beabb6b619d3504ad832c628?s=96&d=mm&r=g","contentUrl":"https:\/\/secure.gravatar.com\/avatar\/eb1c9c8ed6c596023f48930e960ff440b8cad6a3beabb6b619d3504ad832c628?s=96&d=mm&r=g","caption":"Izabella Miranda"},"description":"Jornalista por profiss\u00e3o e planejadora de viagens nas horas vagas.","url":"https:\/\/quantocustaviajar.com\/blog\/author\/izabella\/"}]}},"_links":{"self":[{"href":"https:\/\/quantocustaviajar.com\/blog\/wp-json\/wp\/v2\/posts\/78584","targetHints":{"allow":["GET"]}}],"collection":[{"href":"https:\/\/quantocustaviajar.com\/blog\/wp-json\/wp\/v2\/posts"}],"about":[{"href":"https:\/\/quantocustaviajar.com\/blog\/wp-json\/wp\/v2\/types\/post"}],"author":[{"embeddable":true,"href":"https:\/\/quantocustaviajar.com\/blog\/wp-json\/wp\/v2\/users\/18"}],"replies":[{"embeddable":true,"href":"https:\/\/quantocustaviajar.com\/blog\/wp-json\/wp\/v2\/comments?post=78584"}],"version-history":[{"count":4,"href":"https:\/\/quantocustaviajar.com\/blog\/wp-json\/wp\/v2\/posts\/78584\/revisions"}],"predecessor-version":[{"id":78867,"href":"https:\/\/quantocustaviajar.com\/blog\/wp-json\/wp\/v2\/posts\/78584\/revisions\/78867"}],"wp:featuredmedia":[{"embeddable":true,"href":"https:\/\/quantocustaviajar.com\/blog\/wp-json\/wp\/v2\/media\/78587"}],"wp:attachment":[{"href":"https:\/\/quantocustaviajar.com\/blog\/wp-json\/wp\/v2\/media?parent=78584"}],"wp:term":[{"taxonomy":"category","embeddable":true,"href":"https:\/\/quantocustaviajar.com\/blog\/wp-json\/wp\/v2\/categories?post=78584"},{"taxonomy":"post_tag","embeddable":true,"href":"https:\/\/quantocustaviajar.com\/blog\/wp-json\/wp\/v2\/tags?post=78584"}],"curies":[{"name":"wp","href":"https:\/\/api.w.org\/{rel}","templated":true}]}}