{"id":77957,"date":"2025-05-26T18:39:04","date_gmt":"2025-05-26T18:39:04","guid":{"rendered":"https:\/\/quantocustaviajar.com\/blog\/?p=77957"},"modified":"2025-06-10T13:38:29","modified_gmt":"2025-06-10T13:38:29","slug":"dicas-de-visitacao-da-torre-de-belem-em-lisboa","status":"publish","type":"post","link":"https:\/\/quantocustaviajar.com\/blog\/dicas-de-visitacao-da-torre-de-belem-em-lisboa\/","title":{"rendered":"Dicas de visita\u00e7\u00e3o da Torre de Bel\u00e9m em Lisboa, hist\u00f3ria e tudo que voc\u00ea precisa saber"},"content":{"rendered":"\n<p>A <strong>Torre de Bel\u00e9m<\/strong>, em <a href=\"https:\/\/quantocustaviajar.com\/portugal\/lisboa\" target=\"_blank\" rel=\"noreferrer noopener\">Lisboa<\/a>, \u00e9 um dos monumentos mais emblem\u00e1ticos de Portugal e parada obrigat\u00f3ria para quem visita a capital. Com sua arquitetura imponente e localiza\u00e7\u00e3o privilegiada \u00e0s margens do Rio Tejo, ela encanta visitantes do mundo inteiro. Neste guia de <strong>dicas de visita\u00e7\u00e3o da Torre de Bel\u00e9m<\/strong> completo, voc\u00ea vai descobrir tudo sobre a <strong>hist\u00f3ria da Torre de Bel\u00e9m<\/strong>, <strong>como visitar<\/strong>, <strong>pre\u00e7os<\/strong>, <strong>regras de visita\u00e7\u00e3o<\/strong>, <strong>hor\u00e1rios<\/strong>, <strong>atra\u00e7\u00f5es pr\u00f3ximas<\/strong> e <strong>dicas de hospedagem<\/strong>. Vamos l\u00e1?<\/p><div id=\"ez-toc-container\" class=\"ez-toc-v2_0_76 ez-toc-wrap-left counter-hierarchy ez-toc-counter ez-toc-light-blue ez-toc-container-direction\">\n<div class=\"ez-toc-title-container\">\n<p class=\"ez-toc-title\" style=\"cursor:inherit\">Aqui voc\u00ea ir\u00e1 encontrar<\/p>\n<span class=\"ez-toc-title-toggle\"><a href=\"#\" class=\"ez-toc-pull-right ez-toc-btn ez-toc-btn-xs ez-toc-btn-default ez-toc-toggle\" aria-label=\"Alternar tabela de conte\u00fado\"><span class=\"ez-toc-js-icon-con\"><span class=\"\"><span class=\"eztoc-hide\" style=\"display:none;\">Toggle<\/span><span class=\"ez-toc-icon-toggle-span\"><svg style=\"fill: #999;color:#999\" xmlns=\"http:\/\/www.w3.org\/2000\/svg\" class=\"list-377408\" width=\"20px\" height=\"20px\" viewBox=\"0 0 24 24\" fill=\"none\"><path d=\"M6 6H4v2h2V6zm14 0H8v2h12V6zM4 11h2v2H4v-2zm16 0H8v2h12v-2zM4 16h2v2H4v-2zm16 0H8v2h12v-2z\" fill=\"currentColor\"><\/path><\/svg><svg style=\"fill: #999;color:#999\" class=\"arrow-unsorted-368013\" xmlns=\"http:\/\/www.w3.org\/2000\/svg\" width=\"10px\" height=\"10px\" viewBox=\"0 0 24 24\" version=\"1.2\" baseProfile=\"tiny\"><path d=\"M18.2 9.3l-6.2-6.3-6.2 6.3c-.2.2-.3.4-.3.7s.1.5.3.7c.2.2.4.3.7.3h11c.3 0 .5-.1.7-.3.2-.2.3-.5.3-.7s-.1-.5-.3-.7zM5.8 14.7l6.2 6.3 6.2-6.3c.2-.2.3-.5.3-.7s-.1-.5-.3-.7c-.2-.2-.4-.3-.7-.3h-11c-.3 0-.5.1-.7.3-.2.2-.3.5-.3.7s.1.5.3.7z\"\/><\/svg><\/span><\/span><\/span><\/a><\/span><\/div>\n<nav><ul class='ez-toc-list ez-toc-list-level-1 ' ><li class='ez-toc-page-1 ez-toc-heading-level-2'><a class=\"ez-toc-link ez-toc-heading-1\" href=\"https:\/\/quantocustaviajar.com\/blog\/dicas-de-visitacao-da-torre-de-belem-em-lisboa\/#Historia_da_Torre_de_Belem\" >Hist\u00f3ria da Torre de Bel\u00e9m<\/a><\/li><li class='ez-toc-page-1 ez-toc-heading-level-2'><a class=\"ez-toc-link ez-toc-heading-2\" href=\"https:\/\/quantocustaviajar.com\/blog\/dicas-de-visitacao-da-torre-de-belem-em-lisboa\/#Por_que_a_Torre_de_Belem_e_famosa\" >Por que a Torre de Bel\u00e9m \u00e9 famosa?<\/a><\/li><li class='ez-toc-page-1 ez-toc-heading-level-2'><a class=\"ez-toc-link ez-toc-heading-3\" href=\"https:\/\/quantocustaviajar.com\/blog\/dicas-de-visitacao-da-torre-de-belem-em-lisboa\/#Onde_fica_a_Torre_de_Belem\" >Onde fica a Torre de Bel\u00e9m?<\/a><\/li><li class='ez-toc-page-1 ez-toc-heading-level-2'><a class=\"ez-toc-link ez-toc-heading-4\" href=\"https:\/\/quantocustaviajar.com\/blog\/dicas-de-visitacao-da-torre-de-belem-em-lisboa\/#Dicas_de_visitacao_da_Torre_de_Belem_como_chegar\" >Dicas de visita\u00e7\u00e3o da Torre de Bel\u00e9m: como chegar<\/a><ul class='ez-toc-list-level-3' ><li class='ez-toc-heading-level-3'><a class=\"ez-toc-link ez-toc-heading-5\" href=\"https:\/\/quantocustaviajar.com\/blog\/dicas-de-visitacao-da-torre-de-belem-em-lisboa\/#1_Eletrico_bonde\" >1. El\u00e9trico (bonde)<\/a><\/li><li class='ez-toc-page-1 ez-toc-heading-level-3'><a class=\"ez-toc-link ez-toc-heading-6\" href=\"https:\/\/quantocustaviajar.com\/blog\/dicas-de-visitacao-da-torre-de-belem-em-lisboa\/#2_Onibus\" >2. \u00d4nibus<\/a><\/li><li class='ez-toc-page-1 ez-toc-heading-level-3'><a class=\"ez-toc-link ez-toc-heading-7\" href=\"https:\/\/quantocustaviajar.com\/blog\/dicas-de-visitacao-da-torre-de-belem-em-lisboa\/#3_Trem_comboio\" >3. Trem (comboio)<\/a><\/li><li class='ez-toc-page-1 ez-toc-heading-level-3'><a class=\"ez-toc-link ez-toc-heading-8\" href=\"https:\/\/quantocustaviajar.com\/blog\/dicas-de-visitacao-da-torre-de-belem-em-lisboa\/#4_Taxi_ou_Uber\" >4. T\u00e1xi ou Uber<\/a><\/li><\/ul><\/li><li class='ez-toc-page-1 ez-toc-heading-level-2'><a class=\"ez-toc-link ez-toc-heading-9\" href=\"https:\/\/quantocustaviajar.com\/blog\/dicas-de-visitacao-da-torre-de-belem-em-lisboa\/#Regras_e_dicas_de_visitacao_da_Torre_de_Belem\" >Regras e dicas de visita\u00e7\u00e3o da Torre de Bel\u00e9m<\/a><\/li><li class='ez-toc-page-1 ez-toc-heading-level-2'><a class=\"ez-toc-link ez-toc-heading-10\" href=\"https:\/\/quantocustaviajar.com\/blog\/dicas-de-visitacao-da-torre-de-belem-em-lisboa\/#Horario_de_funcionamento\" >Hor\u00e1rio de funcionamento<\/a><ul class='ez-toc-list-level-3' ><li class='ez-toc-heading-level-3'><a class=\"ez-toc-link ez-toc-heading-11\" href=\"https:\/\/quantocustaviajar.com\/blog\/dicas-de-visitacao-da-torre-de-belem-em-lisboa\/#Fechada_em\" >Fechada em:<\/a><\/li><\/ul><\/li><li class='ez-toc-page-1 ez-toc-heading-level-2'><a class=\"ez-toc-link ez-toc-heading-12\" href=\"https:\/\/quantocustaviajar.com\/blog\/dicas-de-visitacao-da-torre-de-belem-em-lisboa\/#Preco_do_ingresso\" >Pre\u00e7o do ingresso<\/a><\/li><li class='ez-toc-page-1 ez-toc-heading-level-2'><a class=\"ez-toc-link ez-toc-heading-13\" href=\"https:\/\/quantocustaviajar.com\/blog\/dicas-de-visitacao-da-torre-de-belem-em-lisboa\/#Outros_pontos_turisticos_perto_da_Torre_de_Belem\" >Outros pontos tur\u00edsticos perto da Torre de Bel\u00e9m<\/a><ul class='ez-toc-list-level-3' ><li class='ez-toc-heading-level-3'><a class=\"ez-toc-link ez-toc-heading-14\" href=\"https:\/\/quantocustaviajar.com\/blog\/dicas-de-visitacao-da-torre-de-belem-em-lisboa\/#1_Mosteiro_dos_Jeronimos\" >1. Mosteiro dos Jer\u00f3nimos<\/a><\/li><li class='ez-toc-page-1 ez-toc-heading-level-3'><a class=\"ez-toc-link ez-toc-heading-15\" href=\"https:\/\/quantocustaviajar.com\/blog\/dicas-de-visitacao-da-torre-de-belem-em-lisboa\/#2_Padrao_dos_Descobrimentos\" >2. Padr\u00e3o dos Descobrimentos<\/a><\/li><li class='ez-toc-page-1 ez-toc-heading-level-3'><a class=\"ez-toc-link ez-toc-heading-16\" href=\"https:\/\/quantocustaviajar.com\/blog\/dicas-de-visitacao-da-torre-de-belem-em-lisboa\/#3_Museu_dos_Coches\" >3. Museu dos Coches<\/a><\/li><li class='ez-toc-page-1 ez-toc-heading-level-3'><a class=\"ez-toc-link ez-toc-heading-17\" href=\"https:\/\/quantocustaviajar.com\/blog\/dicas-de-visitacao-da-torre-de-belem-em-lisboa\/#4_Pasteis_de_Belem\" >4. Past\u00e9is de Bel\u00e9m<\/a><\/li><li class='ez-toc-page-1 ez-toc-heading-level-3'><a class=\"ez-toc-link ez-toc-heading-18\" href=\"https:\/\/quantocustaviajar.com\/blog\/dicas-de-visitacao-da-torre-de-belem-em-lisboa\/#5_MAAT_%E2%80%93_Museu_de_Arte_Arquitetura_e_Tecnologia\" >5. MAAT \u2013 Museu de Arte, Arquitetura e Tecnologia<\/a><\/li><\/ul><\/li><li class='ez-toc-page-1 ez-toc-heading-level-2'><a class=\"ez-toc-link ez-toc-heading-19\" href=\"https:\/\/quantocustaviajar.com\/blog\/dicas-de-visitacao-da-torre-de-belem-em-lisboa\/#Como_chegar_a_Lisboa_saindo_do_Brasil\" >Como chegar a Lisboa saindo do Brasil<\/a><\/li><li class='ez-toc-page-1 ez-toc-heading-level-2'><a class=\"ez-toc-link ez-toc-heading-20\" href=\"https:\/\/quantocustaviajar.com\/blog\/dicas-de-visitacao-da-torre-de-belem-em-lisboa\/#Hospedagens_perto_da_Torre_de_Belem\" >Hospedagens perto da Torre de Bel\u00e9m<\/a><ul class='ez-toc-list-level-3' ><li class='ez-toc-heading-level-3'><a class=\"ez-toc-link ez-toc-heading-21\" href=\"https:\/\/quantocustaviajar.com\/blog\/dicas-de-visitacao-da-torre-de-belem-em-lisboa\/#1_Palacio_do_Governador\" >1. Pal\u00e1cio do Governador<\/a><\/li><li class='ez-toc-page-1 ez-toc-heading-level-3'><a class=\"ez-toc-link ez-toc-heading-22\" href=\"https:\/\/quantocustaviajar.com\/blog\/dicas-de-visitacao-da-torre-de-belem-em-lisboa\/#2_Altis_Belem_Hotel_Spa\" >2. Altis Bel\u00e9m Hotel &amp; Spa<\/a><\/li><li class='ez-toc-page-1 ez-toc-heading-level-3'><a class=\"ez-toc-link ez-toc-heading-23\" href=\"https:\/\/quantocustaviajar.com\/blog\/dicas-de-visitacao-da-torre-de-belem-em-lisboa\/#3_Geronimo_Guest_House_Belem\" >3. Geronimo Guest House Bel\u00e9m<\/a><\/li><\/ul><\/li><\/ul><\/nav><\/div>\n\n\n\n\n<pre class=\"wp-block-preformatted has-background\" style=\"background-color:#cfd8e1\"><strong>Comece a planejar sua viagem aqui!<\/strong>\n<a href=\"https:\/\/www.turismocity.com.br\/?utm_source=qcv&amp;utm_medium=blog\" target=\"_blank\" rel=\"noreferrer noopener\">Encontre sua passagem a\u00e9rea barata\n<\/a><a href=\"https:\/\/www.booking.com\/index.pt-br.html?aid=2161834\" target=\"_blank\" rel=\"noreferrer noopener\">E pesquise a hospedagem perfeita com o seu or\u00e7amento<\/a><\/pre>\n\n\n\n<h2 class=\"wp-block-heading\"><span class=\"ez-toc-section\" id=\"Historia_da_Torre_de_Belem\"><\/span>Hist\u00f3ria da Torre de Bel\u00e9m<span class=\"ez-toc-section-end\"><\/span><\/h2>\n\n\n\n<figure class=\"wp-block-image aligncenter size-large\"><img loading=\"lazy\" decoding=\"async\" width=\"1024\" height=\"682\" src=\"https:\/\/quantocustaviajar.com\/blog\/wp-content\/uploads\/2025\/05\/belem-tower-6091647_1280-1024x682.jpg\" alt=\"Torre de Bel\u00e9m\" class=\"wp-image-77958\" srcset=\"https:\/\/quantocustaviajar.com\/blog\/wp-content\/uploads\/2025\/05\/belem-tower-6091647_1280-1024x682.jpg 1024w, https:\/\/quantocustaviajar.com\/blog\/wp-content\/uploads\/2025\/05\/belem-tower-6091647_1280-300x200.jpg 300w, https:\/\/quantocustaviajar.com\/blog\/wp-content\/uploads\/2025\/05\/belem-tower-6091647_1280-768x512.jpg 768w, https:\/\/quantocustaviajar.com\/blog\/wp-content\/uploads\/2025\/05\/belem-tower-6091647_1280.jpg 1280w\" sizes=\"auto, (max-width: 1024px) 100vw, 1024px\" \/><figcaption>Foto: <a href=\"https:\/\/pixabay.com\/pt\/photos\/torre-de-bel%C3%A9m-ponte-fortifica%C3%A7%C3%A3o-6091647\/\">Pixabay<\/a><\/figcaption><\/figure>\n\n\n\n<p>A <strong>Torre de Bel\u00e9m<\/strong> foi constru\u00edda entre <strong>1514 e 1520<\/strong>, durante o reinado de <strong>Dom Manuel I<\/strong>, como parte de um sistema defensivo da entrada do porto de Lisboa. Ela tinha o objetivo de proteger a cidade dos invasores que chegavam pelo mar, ao lado de outra estrutura desaparecida, a <strong>Torre de <a href=\"https:\/\/quantocustaviajar.com\/blog\/sao-sebastiao-litoral-paulista-guia\/\">S\u00e3o Sebasti\u00e3o<\/a> da Caparica<\/strong>, do outro lado do Tejo.<\/p>\n\n\n\n<p>Projetada por <strong>Francisco de Arruda<\/strong>, arquiteto portugu\u00eas influenciado pela arquitetura isl\u00e2mica, a Torre de Bel\u00e9m \u00e9 um exemplo do estilo <strong>manuelino<\/strong>, caracterizado por elementos n\u00e1uticos, cordas esculpidas, esferas armilares e cruzes da Ordem de Cristo. Com o passar do tempo, deixou de ter fun\u00e7\u00e3o militar e passou a ser usada como <strong>alf\u00e2ndega<\/strong>, <strong>pris\u00e3o pol\u00edtica<\/strong> e at\u00e9 <strong>farol<\/strong>.<\/p>\n\n\n\n<p>Em 1983, a Torre de Bel\u00e9m foi classificada como <strong>Patrim\u00f4nio Mundial da UNESCO<\/strong>, ao lado do <a href=\"https:\/\/quantocustaviajar.com\/blog\/visitacao-ao-mosteiro-dos-jeronimos-em-lisboa\/\">Mosteiro dos Jer\u00f3nimos<\/a>. Atualmente, \u00e9 um dos monumentos mais visitados de Portugal.<\/p>\n\n\n\n<pre class=\"wp-block-preformatted has-background\" style=\"background-color:#f5ddcc\">+ Confira aqui <strong><a href=\"https:\/\/www.civitatis.com\/pt\/lisboa\/?aid=100232&amp;cmp=torrebelem\" target=\"_blank\" rel=\"noreferrer noopener\">passeios incr\u00edveis que voc\u00ea pode fazer em Lisboa<\/a><\/strong> e reserve online!<\/pre>\n\n\n\n<h2 class=\"wp-block-heading\"><span class=\"ez-toc-section\" id=\"Por_que_a_Torre_de_Belem_e_famosa\"><\/span>Por que a Torre de Bel\u00e9m \u00e9 famosa?<span class=\"ez-toc-section-end\"><\/span><\/h2>\n\n\n\n<p>A Torre de Bel\u00e9m \u00e9 famosa por seu valor hist\u00f3rico, arquitet\u00f4nico e simb\u00f3lico. Ela representa a era das <strong>Grandes Navega\u00e7\u00f5es Portuguesas<\/strong>, quando o pa\u00eds era uma das maiores pot\u00eancias mar\u00edtimas do mundo. Daqui partiram v\u00e1rias expedi\u00e7\u00f5es para a \u00c1frica, \u00c1sia e Am\u00e9rica do Sul, incluindo o Brasil.<\/p>\n\n\n\n<p>Al\u00e9m disso, sua arquitetura \u00fanica impressiona. A torre combina um estilo militar com tra\u00e7os decorativos t\u00edpicos do manuelino, criando uma constru\u00e7\u00e3o que \u00e9 ao mesmo tempo s\u00f3lida e delicada. Do alto da torre, a vista do Rio Tejo e da regi\u00e3o de Bel\u00e9m \u00e9 de tirar o f\u00f4lego.<\/p>\n\n\n\n<h2 class=\"wp-block-heading\"><span class=\"ez-toc-section\" id=\"Onde_fica_a_Torre_de_Belem\"><\/span>Onde fica a Torre de Bel\u00e9m?<span class=\"ez-toc-section-end\"><\/span><\/h2>\n\n\n\n<p>Parte das <strong>dicas de visita\u00e7\u00e3o da Torre de Bel\u00e9m<\/strong> \u00e9 saber aonde est\u00e1 localizada a  torre, que fica no bairro de <strong>Bel\u00e9m<\/strong>, em <strong>Lisboa<\/strong>, capital de Portugal. O endere\u00e7o exato \u00e9:<\/p>\n\n\n\n<p><strong>Avenida Bras\u00edlia, 1400-038, Lisboa, Portugal<\/strong><\/p>\n\n\n\n<p>Bel\u00e9m \u00e9 um bairro hist\u00f3rico e tur\u00edstico, repleto de atra\u00e7\u00f5es culturais, jardins e caf\u00e9s famosos. \u00c9 uma \u00e1rea agrad\u00e1vel para caminhadas e um dos principais polos tur\u00edsticos da cidade.<\/p>\n\n\n\n<h2 class=\"wp-block-heading\"><span class=\"ez-toc-section\" id=\"Dicas_de_visitacao_da_Torre_de_Belem_como_chegar\"><\/span>Dicas de visita\u00e7\u00e3o da Torre de Bel\u00e9m: como chegar <span class=\"ez-toc-section-end\"><\/span><\/h2>\n\n\n\n<p>\u00c9 f\u00e1cil chegar \u00e0 Torre de Bel\u00e9m a partir do centro de Lisboa. Veja as principais op\u00e7\u00f5es de transporte:<\/p>\n\n\n\n<h3 class=\"wp-block-heading\"><span class=\"ez-toc-section\" id=\"1_Eletrico_bonde\"><\/span>1. <strong>El\u00e9trico (bonde)<\/strong><span class=\"ez-toc-section-end\"><\/span><\/h3>\n\n\n\n<ul class=\"wp-block-list\"><li>Pegue o <strong>el\u00e9trico 15E<\/strong> na Pra\u00e7a da Figueira, no centro de Lisboa, e des\u00e7a na parada \u201cLargo da Princesa\u201d ou \u201cBel\u00e9m\u201d.<\/li><li>A viagem dura cerca de <strong>25 a 30 minutos<\/strong>.<\/li><\/ul>\n\n\n\n<h3 class=\"wp-block-heading\"><span class=\"ez-toc-section\" id=\"2_Onibus\"><\/span>2. <strong>\u00d4nibus<\/strong><span class=\"ez-toc-section-end\"><\/span><\/h3>\n\n\n\n<ul class=\"wp-block-list\"><li>Linhas como a <strong>727, 728, 729, 751<\/strong> tamb\u00e9m fazem o trajeto at\u00e9 Bel\u00e9m.<\/li><\/ul>\n\n\n\n<h3 class=\"wp-block-heading\"><span class=\"ez-toc-section\" id=\"3_Trem_comboio\"><\/span>3. <strong>Trem (comboio)<\/strong><span class=\"ez-toc-section-end\"><\/span><\/h3>\n\n\n\n<ul class=\"wp-block-list\"><li>Da esta\u00e7\u00e3o do <strong>Cais do Sodr\u00e9<\/strong>, pegue o trem em dire\u00e7\u00e3o a <strong>Cascais<\/strong> e des\u00e7a na esta\u00e7\u00e3o <strong>Bel\u00e9m<\/strong>.<\/li><li>A esta\u00e7\u00e3o fica a cerca de <strong>10 minutos de caminhada<\/strong> da Torre.<\/li><\/ul>\n\n\n\n<h3 class=\"wp-block-heading\"><span class=\"ez-toc-section\" id=\"4_Taxi_ou_Uber\"><\/span>4. <strong>T\u00e1xi ou Uber<\/strong><span class=\"ez-toc-section-end\"><\/span><\/h3>\n\n\n\n<ul class=\"wp-block-list\"><li>De regi\u00f5es centrais como o Chiado ou a Baixa, a corrida leva em torno de <strong>15 a 20 minutos<\/strong>, dependendo do tr\u00e2nsito.<\/li><\/ul>\n\n\n\n<h2 class=\"wp-block-heading\"><span class=\"ez-toc-section\" id=\"Regras_e_dicas_de_visitacao_da_Torre_de_Belem\"><\/span>Regras e dicas de visita\u00e7\u00e3o da Torre de Bel\u00e9m <span class=\"ez-toc-section-end\"><\/span><\/h2>\n\n\n\n<p>Antes das <strong>dicas de visita\u00e7\u00e3o da Torre de Bel\u00e9m<\/strong>, \u00e9 importante estar atento a algumas <strong>regras e orienta\u00e7\u00f5es<\/strong>:<\/p>\n\n\n\n<ul class=\"wp-block-list\"><li><strong>N\u00e3o \u00e9 permitido entrar com mochilas grandes ou malas.<\/strong><\/li><li><strong>Fotos s\u00e3o permitidas<\/strong>, mas sem uso de flash ou trip\u00e9 dentro do monumento.<\/li><li><strong>N\u00e3o h\u00e1 elevadores<\/strong> \u2013 a visita exige subir escadas estreitas em espiral.<\/li><li><strong>Grupos escolares ou excurs\u00f5es devem ser agendados com anteced\u00eancia.<\/strong><\/li><li><strong>Pessoas com mobilidade reduzida<\/strong> t\u00eam acesso limitado, infelizmente, devido \u00e0 estrutura hist\u00f3rica da torre.<\/li><\/ul>\n\n\n\n<h2 class=\"wp-block-heading\"><span class=\"ez-toc-section\" id=\"Horario_de_funcionamento\"><\/span>Hor\u00e1rio de funcionamento<span class=\"ez-toc-section-end\"><\/span><\/h2>\n\n\n\n<p>Outro aspecto importante das <strong>dicas de visita\u00e7\u00e3o da Torre de Bel\u00e9m<\/strong>  \u00e9 saber o hor\u00e1rio de funcionamento. A visita\u00e7\u00e3o \u00e9 liberada durante na maior parte do ano. Confira os hor\u00e1rios:<\/p>\n\n\n\n<ul class=\"wp-block-list\"><li><strong>De outubro a abril:<\/strong> das <strong>10h \u00e0s 17h30<\/strong> (\u00faltima entrada \u00e0s 17h)<\/li><li><strong>De maio a setembro:<\/strong> das <strong>10h \u00e0s 18h30<\/strong> (\u00faltima entrada \u00e0s 18h)<\/li><\/ul>\n\n\n\n<h3 class=\"wp-block-heading\"><span class=\"ez-toc-section\" id=\"Fechada_em\"><\/span>Fechada em:<span class=\"ez-toc-section-end\"><\/span><\/h3>\n\n\n\n<ul class=\"wp-block-list\"><li>1\u00ba de janeiro<\/li><li>Domingo de P\u00e1scoa<\/li><li>1\u00ba de maio<\/li><li>13 de junho<\/li><li>25 de dezembro<\/li><\/ul>\n\n\n\n<h2 class=\"wp-block-heading\"><span class=\"ez-toc-section\" id=\"Preco_do_ingresso\"><\/span>Pre\u00e7o do ingresso<span class=\"ez-toc-section-end\"><\/span><\/h2>\n\n\n\n<p>Os valores para visitar a Torre de Bel\u00e9m em 2025 s\u00e3o os seguintes:<\/p>\n\n\n\n<ul class=\"wp-block-list\"><li><strong>Entrada inteira:<\/strong> \u20ac8 (cerca de R$ 45)<\/li><li><strong>Entrada com desconto (maiores de 65 anos e estudantes):<\/strong> \u20ac6 (cerca de R$ 34)<\/li><li><strong>Entrada gratuita:<\/strong> crian\u00e7as at\u00e9 12 anos, domingos e feriados at\u00e9 \u00e0s 14h para residentes em Portugal.<\/li><\/ul>\n\n\n\n<p>Voc\u00ea pode comprar o ingresso na hora, mas para evitar filas, o ideal \u00e9 <strong>comprar online<\/strong> pelo site oficial ou em plataformas de turismo.<\/p>\n\n\n\n<h2 class=\"wp-block-heading\"><span class=\"ez-toc-section\" id=\"Outros_pontos_turisticos_perto_da_Torre_de_Belem\"><\/span>Outros pontos tur\u00edsticos perto da Torre de Bel\u00e9m<span class=\"ez-toc-section-end\"><\/span><\/h2>\n\n\n\n<p>O bairro de Bel\u00e9m \u00e9 um verdadeiro tesouro hist\u00f3rico. Depois de visitar a Torre de Bel\u00e9m, aproveite para conhecer outras atra\u00e7\u00f5es pr\u00f3ximas:<\/p>\n\n\n\n<h3 class=\"wp-block-heading\"><span class=\"ez-toc-section\" id=\"1_Mosteiro_dos_Jeronimos\"><\/span>1. <strong>Mosteiro dos Jer\u00f3nimos<\/strong><span class=\"ez-toc-section-end\"><\/span><\/h3>\n\n\n\n<p>A apenas 10 minutos de caminhada, o mosteiro \u00e9 outro Patrim\u00f4nio Mundial da UNESCO. Sua arquitetura \u00e9 impressionante e o claustro \u00e9 considerado um dos mais belos da Europa.<\/p>\n\n\n\n<h3 class=\"wp-block-heading\"><span class=\"ez-toc-section\" id=\"2_Padrao_dos_Descobrimentos\"><\/span>2. <strong>Padr\u00e3o dos Descobrimentos<\/strong><span class=\"ez-toc-section-end\"><\/span><\/h3>\n\n\n\n<p>Monumento em forma de caravela dedicado aos navegadores portugueses, com uma vista panor\u00e2mica incr\u00edvel do alto.<\/p>\n\n\n\n<h3 class=\"wp-block-heading\"><span class=\"ez-toc-section\" id=\"3_Museu_dos_Coches\"><\/span>3. <strong>Museu dos Coches<\/strong><span class=\"ez-toc-section-end\"><\/span><\/h3>\n\n\n\n<p>Possui a maior cole\u00e7\u00e3o de carruagens reais do mundo, em um edif\u00edcio moderno e elegante.<\/p>\n\n\n\n<h3 class=\"wp-block-heading\"><span class=\"ez-toc-section\" id=\"4_Pasteis_de_Belem\"><\/span>4. <strong>Past\u00e9is de Bel\u00e9m<\/strong><span class=\"ez-toc-section-end\"><\/span><\/h3>\n\n\n\n<p>N\u00e3o deixe de provar o famoso pastel de nata na confeitaria original, a <strong>Past\u00e9is de Bel\u00e9m<\/strong>, aberta desde 1837.<\/p>\n\n\n\n<h3 class=\"wp-block-heading\"><span class=\"ez-toc-section\" id=\"5_MAAT_%E2%80%93_Museu_de_Arte_Arquitetura_e_Tecnologia\"><\/span>5. <strong>MAAT \u2013 Museu de Arte, Arquitetura e Tecnologia<\/strong><span class=\"ez-toc-section-end\"><\/span><\/h3>\n\n\n\n<p>Museu contempor\u00e2neo com exposi\u00e7\u00f5es interativas e uma arquitetura futurista \u00e0 beira do rio.<\/p>\n\n\n\n<h2 class=\"wp-block-heading\"><span class=\"ez-toc-section\" id=\"Como_chegar_a_Lisboa_saindo_do_Brasil\"><\/span>Como chegar a Lisboa saindo do Brasil<span class=\"ez-toc-section-end\"><\/span><\/h2>\n\n\n\n<p>Lisboa \u00e9 um dos destinos mais acess\u00edveis da Europa para brasileiros. Diversas companhias a\u00e9reas oferecem voos diretos:<\/p>\n\n\n\n<ul class=\"wp-block-list\"><li><strong>Voos diretos<\/strong> partem de cidades como <strong>S\u00e3o Paulo, Rio de Janeiro, Salvador, Recife, Bras\u00edlia e Fortaleza.<\/strong><\/li><li>As principais companhias que operam voos diretos s\u00e3o: <strong>TAP Air Portugal, LATAM, Azul e Iberia.<\/strong><\/li><li>O voo direto entre S\u00e3o Paulo e Lisboa dura em m\u00e9dia <strong>9h30<\/strong>.<\/li><\/ul>\n\n\n\n<p>Do aeroporto de Lisboa (Aeroporto Humberto Delgado), voc\u00ea pode:<\/p>\n\n\n\n<ul class=\"wp-block-list\"><li>Pegar o <strong>metr\u00f4 at\u00e9 o Cais do Sodr\u00e9<\/strong> e depois um trem para Bel\u00e9m.<\/li><li>Usar t\u00e1xi ou apps como Uber (viagem de cerca de 20 a 25 minutos).<\/li><\/ul>\n\n\n\n<h2 class=\"wp-block-heading\"><span class=\"ez-toc-section\" id=\"Hospedagens_perto_da_Torre_de_Belem\"><\/span>Hospedagens perto da Torre de Bel\u00e9m<span class=\"ez-toc-section-end\"><\/span><\/h2>\n\n\n\n<p>Selecionamos tr\u00eas op\u00e7\u00f5es de hot\u00e9is localizados na regi\u00e3o de Bel\u00e9m:<\/p>\n\n\n\n<h3 class=\"wp-block-heading\"><span class=\"ez-toc-section\" id=\"1_Palacio_do_Governador\"><\/span>1. <strong>Pal\u00e1cio do Governador<\/strong><span class=\"ez-toc-section-end\"><\/span><\/h3>\n\n\n\n<ul class=\"wp-block-list\"><li>5 estrelas | Nota 9,0 no Booking<\/li><li>Hotel de luxo com design sofisticado, spa, piscina e localiza\u00e7\u00e3o excelente a poucos minutos da Torre.<\/li><li><a href=\"https:\/\/www.booking.com\/hotel\/pt\/palacio-do-governador.pt-br.html?aid=2161834\" target=\"_blank\" rel=\"noreferrer noopener\">Veja no Booking<\/a><\/li><\/ul>\n\n\n\n<h3 class=\"wp-block-heading\"><span class=\"ez-toc-section\" id=\"2_Altis_Belem_Hotel_Spa\"><\/span>2. <strong>Altis Bel\u00e9m Hotel &amp; Spa<\/strong><span class=\"ez-toc-section-end\"><\/span><\/h3>\n\n\n\n<ul class=\"wp-block-list\"><li>5 estrelas | Nota 9,1 no Booking<\/li><li>Hotel moderno \u00e0 beira do Rio Tejo, com spa, restaurante estrelado e quartos com vista para o rio.<\/li><li><a href=\"https:\/\/www.booking.com\/hotel\/pt\/altis-belem-spa.pt-br.html?aid=2161834\" target=\"_blank\" rel=\"noreferrer noopener\">Veja no Booking<\/a><\/li><\/ul>\n\n\n\n<h3 class=\"wp-block-heading\"><span class=\"ez-toc-section\" id=\"3_Geronimo_Guest_House_Belem\"><\/span>3. <strong>Geronimo Guest House Bel\u00e9m<\/strong><span class=\"ez-toc-section-end\"><\/span><\/h3>\n\n\n\n<ul class=\"wp-block-list\"><li>Guest House | Nota 8,7 no Booking<\/li><li>Op\u00e7\u00e3o mais econ\u00f4mica e aconchegante, com quartos bem decorados, cozinha compartilhada e \u00f3timo atendimento.<\/li><li><a href=\"https:\/\/www.booking.com\/hotel\/pt\/geronimo-guest-house.pt-br.html?aid=2161834\" target=\"_blank\" rel=\"noreferrer noopener\">Veja no Booking<\/a><\/li><\/ul>\n\n\n\n<p>Visitar a <strong>Torre de Bel\u00e9m em Lisboa<\/strong> \u00e9 uma experi\u00eancia que une hist\u00f3ria, cultura e beleza em um s\u00f3 lugar. Considerada um dos maiores s\u00edmbolos de Portugal, ela oferece uma verdadeira viagem no tempo \u00e0 era dos descobrimentos portugueses. Com f\u00e1cil acesso, atra\u00e7\u00f5es ao redor e \u00f3timas op\u00e7\u00f5es de hospedagem, o passeio \u00e9 imperd\u00edvel e fica f\u00e1cil para quem seguir as <strong>dicas de visita\u00e7\u00e3o da Torre de Bel\u00e9m<\/strong>.<\/p>\n\n\n\n<p>Se voc\u00ea est\u00e1 planejando sua viagem para Portugal, inclua a Torre de Bel\u00e9m no seu roteiro e aproveite para explorar tudo o que o bairro de Bel\u00e9m tem a oferecer. Com este guia, sua visita ser\u00e1 ainda mais completa!<\/p>\n","protected":false},"excerpt":{"rendered":"<p>A Torre de Bel\u00e9m, em Lisboa, \u00e9 um dos monumentos mais emblem\u00e1ticos de Portugal e parada obrigat\u00f3ria para quem visita a capital. Com sua arquitetura imponente e localiza\u00e7\u00e3o privilegiada \u00e0s margens do Rio Tejo, ela encanta visitantes do mundo inteiro. Neste guia de dicas de visita\u00e7\u00e3o da Torre de Bel\u00e9m completo, voc\u00ea vai descobrir tudo [&hellip;]<\/p>\n","protected":false},"author":18,"featured_media":77958,"comment_status":"open","ping_status":"open","sticky":false,"template":"page-templates\/featured-img-above.php","format":"standard","meta":{"cybocfi_hide_featured_image":"","footnotes":""},"categories":[1182,3922],"tags":[8499,8500,8494,8497,8495,8496],"class_list":["post-77957","post","type-post","status-publish","format-standard","has-post-thumbnail","hentry","category-dica-cool","category-europa","tag-confira-dicas-de-visitacao-da-torre-de-belem","tag-conheca-dicas-de-visitacao-da-torre-de-belem","tag-dicas-de-visitacao-da-torre-de-belem","tag-dicas-de-visitacao-da-torre-de-belem-essenciais","tag-guia-dicas-de-visitacao-da-torre-de-belem","tag-melhores-dicas-de-visitacao-da-torre-de-belem"],"blocksy_meta":[],"yoast_head":"<!-- This site is optimized with the Yoast SEO plugin v26.3 - https:\/\/yoast.com\/wordpress\/plugins\/seo\/ -->\n<title>Dicas de visita\u00e7\u00e3o da Torre de Bel\u00e9m em Lisboa<\/title>\n<meta name=\"description\" content=\"Vai para Lisboa? Ent\u00e3o confira este guia completo de dicas de visita\u00e7\u00e3o da Torre de Bel\u00e9m e aproveite um dos melhores pontos tur\u00edsticos!\" \/>\n<meta name=\"robots\" content=\"index, follow, max-snippet:-1, max-image-preview:large, max-video-preview:-1\" \/>\n<link rel=\"canonical\" href=\"https:\/\/quantocustaviajar.com\/blog\/dicas-de-visitacao-da-torre-de-belem-em-lisboa\/\" \/>\n<meta property=\"og:locale\" content=\"pt_BR\" \/>\n<meta property=\"og:type\" content=\"article\" \/>\n<meta property=\"og:title\" content=\"Dicas de visita\u00e7\u00e3o da Torre de Bel\u00e9m em Lisboa\" \/>\n<meta property=\"og:description\" content=\"Vai para Lisboa? Ent\u00e3o confira este guia completo de dicas de visita\u00e7\u00e3o da Torre de Bel\u00e9m e aproveite um dos melhores pontos tur\u00edsticos!\" \/>\n<meta property=\"og:url\" content=\"https:\/\/quantocustaviajar.com\/blog\/dicas-de-visitacao-da-torre-de-belem-em-lisboa\/\" \/>\n<meta property=\"og:site_name\" content=\"Blog Quanto Custa Viajar\" \/>\n<meta property=\"article:publisher\" content=\"https:\/\/www.facebook.com\/quantocustaviajar\" \/>\n<meta property=\"article:published_time\" content=\"2025-05-26T18:39:04+00:00\" \/>\n<meta property=\"article:modified_time\" content=\"2025-06-10T13:38:29+00:00\" \/>\n<meta property=\"og:image\" content=\"https:\/\/quantocustaviajar.com\/blog\/wp-content\/uploads\/2025\/05\/belem-tower-6091647_1280.jpg\" \/>\n\t<meta property=\"og:image:width\" content=\"1280\" \/>\n\t<meta property=\"og:image:height\" content=\"853\" \/>\n\t<meta property=\"og:image:type\" content=\"image\/jpeg\" \/>\n<meta name=\"author\" content=\"Izabella Miranda\" \/>\n<meta name=\"twitter:card\" content=\"summary_large_image\" \/>\n<meta name=\"twitter:label1\" content=\"Escrito por\" \/>\n\t<meta name=\"twitter:data1\" content=\"Izabella Miranda\" \/>\n\t<meta name=\"twitter:label2\" content=\"Est. tempo de leitura\" \/>\n\t<meta name=\"twitter:data2\" content=\"8 minutos\" \/>\n<!-- \/ Yoast SEO plugin. -->","yoast_head_json":{"title":"Dicas de visita\u00e7\u00e3o da Torre de Bel\u00e9m em Lisboa","description":"Vai para Lisboa? Ent\u00e3o confira este guia completo de dicas de visita\u00e7\u00e3o da Torre de Bel\u00e9m e aproveite um dos melhores pontos tur\u00edsticos!","robots":{"index":"index","follow":"follow","max-snippet":"max-snippet:-1","max-image-preview":"max-image-preview:large","max-video-preview":"max-video-preview:-1"},"canonical":"https:\/\/quantocustaviajar.com\/blog\/dicas-de-visitacao-da-torre-de-belem-em-lisboa\/","og_locale":"pt_BR","og_type":"article","og_title":"Dicas de visita\u00e7\u00e3o da Torre de Bel\u00e9m em Lisboa","og_description":"Vai para Lisboa? Ent\u00e3o confira este guia completo de dicas de visita\u00e7\u00e3o da Torre de Bel\u00e9m e aproveite um dos melhores pontos tur\u00edsticos!","og_url":"https:\/\/quantocustaviajar.com\/blog\/dicas-de-visitacao-da-torre-de-belem-em-lisboa\/","og_site_name":"Blog Quanto Custa Viajar","article_publisher":"https:\/\/www.facebook.com\/quantocustaviajar","article_published_time":"2025-05-26T18:39:04+00:00","article_modified_time":"2025-06-10T13:38:29+00:00","og_image":[{"width":1280,"height":853,"url":"https:\/\/quantocustaviajar.com\/blog\/wp-content\/uploads\/2025\/05\/belem-tower-6091647_1280.jpg","type":"image\/jpeg"}],"author":"Izabella Miranda","twitter_card":"summary_large_image","twitter_misc":{"Escrito por":"Izabella Miranda","Est. tempo de leitura":"8 minutos"},"schema":{"@context":"https:\/\/schema.org","@graph":[{"@type":["Article","BlogPosting"],"@id":"https:\/\/quantocustaviajar.com\/blog\/dicas-de-visitacao-da-torre-de-belem-em-lisboa\/#article","isPartOf":{"@id":"https:\/\/quantocustaviajar.com\/blog\/dicas-de-visitacao-da-torre-de-belem-em-lisboa\/"},"author":{"name":"Izabella Miranda","@id":"https:\/\/quantocustaviajar.com\/blog\/#\/schema\/person\/595118451f4120870051de530232399d"},"headline":"Dicas de visita\u00e7\u00e3o da Torre de Bel\u00e9m em Lisboa, hist\u00f3ria e tudo que voc\u00ea precisa saber","datePublished":"2025-05-26T18:39:04+00:00","dateModified":"2025-06-10T13:38:29+00:00","mainEntityOfPage":{"@id":"https:\/\/quantocustaviajar.com\/blog\/dicas-de-visitacao-da-torre-de-belem-em-lisboa\/"},"wordCount":1344,"commentCount":0,"publisher":{"@id":"https:\/\/quantocustaviajar.com\/blog\/#organization"},"image":{"@id":"https:\/\/quantocustaviajar.com\/blog\/dicas-de-visitacao-da-torre-de-belem-em-lisboa\/#primaryimage"},"thumbnailUrl":"https:\/\/quantocustaviajar.com\/blog\/wp-content\/uploads\/2025\/05\/belem-tower-6091647_1280.jpg","keywords":["confira dicas de visita\u00e7\u00e3o da Torre de Bel\u00e9m","conhe\u00e7a dicas de visita\u00e7\u00e3o da Torre de Bel\u00e9m","dicas de visita\u00e7\u00e3o da Torre de Bel\u00e9m","dicas de visita\u00e7\u00e3o da Torre de Bel\u00e9m essenciais","guia dicas de visita\u00e7\u00e3o da Torre de Bel\u00e9m","melhores dicas de visita\u00e7\u00e3o da Torre de Bel\u00e9m"],"articleSection":["Dica cool","Europa"],"inLanguage":"pt-BR","potentialAction":[{"@type":"CommentAction","name":"Comment","target":["https:\/\/quantocustaviajar.com\/blog\/dicas-de-visitacao-da-torre-de-belem-em-lisboa\/#respond"]}]},{"@type":"WebPage","@id":"https:\/\/quantocustaviajar.com\/blog\/dicas-de-visitacao-da-torre-de-belem-em-lisboa\/","url":"https:\/\/quantocustaviajar.com\/blog\/dicas-de-visitacao-da-torre-de-belem-em-lisboa\/","name":"Dicas de visita\u00e7\u00e3o da Torre de Bel\u00e9m em Lisboa","isPartOf":{"@id":"https:\/\/quantocustaviajar.com\/blog\/#website"},"primaryImageOfPage":{"@id":"https:\/\/quantocustaviajar.com\/blog\/dicas-de-visitacao-da-torre-de-belem-em-lisboa\/#primaryimage"},"image":{"@id":"https:\/\/quantocustaviajar.com\/blog\/dicas-de-visitacao-da-torre-de-belem-em-lisboa\/#primaryimage"},"thumbnailUrl":"https:\/\/quantocustaviajar.com\/blog\/wp-content\/uploads\/2025\/05\/belem-tower-6091647_1280.jpg","datePublished":"2025-05-26T18:39:04+00:00","dateModified":"2025-06-10T13:38:29+00:00","description":"Vai para Lisboa? Ent\u00e3o confira este guia completo de dicas de visita\u00e7\u00e3o da Torre de Bel\u00e9m e aproveite um dos melhores pontos tur\u00edsticos!","breadcrumb":{"@id":"https:\/\/quantocustaviajar.com\/blog\/dicas-de-visitacao-da-torre-de-belem-em-lisboa\/#breadcrumb"},"inLanguage":"pt-BR","potentialAction":[{"@type":"ReadAction","target":["https:\/\/quantocustaviajar.com\/blog\/dicas-de-visitacao-da-torre-de-belem-em-lisboa\/"]}]},{"@type":"ImageObject","inLanguage":"pt-BR","@id":"https:\/\/quantocustaviajar.com\/blog\/dicas-de-visitacao-da-torre-de-belem-em-lisboa\/#primaryimage","url":"https:\/\/quantocustaviajar.com\/blog\/wp-content\/uploads\/2025\/05\/belem-tower-6091647_1280.jpg","contentUrl":"https:\/\/quantocustaviajar.com\/blog\/wp-content\/uploads\/2025\/05\/belem-tower-6091647_1280.jpg","width":1280,"height":853},{"@type":"BreadcrumbList","@id":"https:\/\/quantocustaviajar.com\/blog\/dicas-de-visitacao-da-torre-de-belem-em-lisboa\/#breadcrumb","itemListElement":[{"@type":"ListItem","position":1,"name":"In\u00edcio","item":"https:\/\/quantocustaviajar.com\/blog\/"},{"@type":"ListItem","position":2,"name":"Dicas de visita\u00e7\u00e3o da Torre de Bel\u00e9m em Lisboa, hist\u00f3ria e tudo que voc\u00ea precisa saber"}]},{"@type":"WebSite","@id":"https:\/\/quantocustaviajar.com\/blog\/#website","url":"https:\/\/quantocustaviajar.com\/blog\/","name":"Blog Quanto Custa Viajar","description":"","publisher":{"@id":"https:\/\/quantocustaviajar.com\/blog\/#organization"},"potentialAction":[{"@type":"SearchAction","target":{"@type":"EntryPoint","urlTemplate":"https:\/\/quantocustaviajar.com\/blog\/?s={search_term_string}"},"query-input":{"@type":"PropertyValueSpecification","valueRequired":true,"valueName":"search_term_string"}}],"inLanguage":"pt-BR"},{"@type":"Organization","@id":"https:\/\/quantocustaviajar.com\/blog\/#organization","name":"Quanto Custa Viajar","url":"https:\/\/quantocustaviajar.com\/blog\/","logo":{"@type":"ImageObject","inLanguage":"pt-BR","@id":"https:\/\/quantocustaviajar.com\/blog\/#\/schema\/logo\/image\/","url":"","contentUrl":"","caption":"Quanto Custa Viajar"},"image":{"@id":"https:\/\/quantocustaviajar.com\/blog\/#\/schema\/logo\/image\/"},"sameAs":["https:\/\/www.facebook.com\/quantocustaviajar"]},{"@type":"Person","@id":"https:\/\/quantocustaviajar.com\/blog\/#\/schema\/person\/595118451f4120870051de530232399d","name":"Izabella Miranda","image":{"@type":"ImageObject","inLanguage":"pt-BR","@id":"https:\/\/quantocustaviajar.com\/blog\/#\/schema\/person\/image\/","url":"https:\/\/secure.gravatar.com\/avatar\/eb1c9c8ed6c596023f48930e960ff440b8cad6a3beabb6b619d3504ad832c628?s=96&d=mm&r=g","contentUrl":"https:\/\/secure.gravatar.com\/avatar\/eb1c9c8ed6c596023f48930e960ff440b8cad6a3beabb6b619d3504ad832c628?s=96&d=mm&r=g","caption":"Izabella Miranda"},"description":"Jornalista por profiss\u00e3o e planejadora de viagens nas horas vagas.","url":"https:\/\/quantocustaviajar.com\/blog\/author\/izabella\/"}]}},"_links":{"self":[{"href":"https:\/\/quantocustaviajar.com\/blog\/wp-json\/wp\/v2\/posts\/77957","targetHints":{"allow":["GET"]}}],"collection":[{"href":"https:\/\/quantocustaviajar.com\/blog\/wp-json\/wp\/v2\/posts"}],"about":[{"href":"https:\/\/quantocustaviajar.com\/blog\/wp-json\/wp\/v2\/types\/post"}],"author":[{"embeddable":true,"href":"https:\/\/quantocustaviajar.com\/blog\/wp-json\/wp\/v2\/users\/18"}],"replies":[{"embeddable":true,"href":"https:\/\/quantocustaviajar.com\/blog\/wp-json\/wp\/v2\/comments?post=77957"}],"version-history":[{"count":4,"href":"https:\/\/quantocustaviajar.com\/blog\/wp-json\/wp\/v2\/posts\/77957\/revisions"}],"predecessor-version":[{"id":78179,"href":"https:\/\/quantocustaviajar.com\/blog\/wp-json\/wp\/v2\/posts\/77957\/revisions\/78179"}],"wp:featuredmedia":[{"embeddable":true,"href":"https:\/\/quantocustaviajar.com\/blog\/wp-json\/wp\/v2\/media\/77958"}],"wp:attachment":[{"href":"https:\/\/quantocustaviajar.com\/blog\/wp-json\/wp\/v2\/media?parent=77957"}],"wp:term":[{"taxonomy":"category","embeddable":true,"href":"https:\/\/quantocustaviajar.com\/blog\/wp-json\/wp\/v2\/categories?post=77957"},{"taxonomy":"post_tag","embeddable":true,"href":"https:\/\/quantocustaviajar.com\/blog\/wp-json\/wp\/v2\/tags?post=77957"}],"curies":[{"name":"wp","href":"https:\/\/api.w.org\/{rel}","templated":true}]}}