{"id":74855,"date":"2025-03-12T14:59:08","date_gmt":"2025-03-12T14:59:08","guid":{"rendered":"https:\/\/quantocustaviajar.com\/blog\/?p=74855"},"modified":"2025-06-10T15:27:35","modified_gmt":"2025-06-10T15:27:35","slug":"roteiro-de-viagem-pelo-rio-de-janeiro","status":"publish","type":"post","link":"https:\/\/quantocustaviajar.com\/blog\/roteiro-de-viagem-pelo-rio-de-janeiro\/","title":{"rendered":"Roteiro de viagem pelo Rio de Janeiro: 7 dias explorando praias e Serra"},"content":{"rendered":"\n<p>Se voc\u00ea quer conhecer o melhor do Rio de Janeiro em 7 dias, combinando a energia da capital, as <a href=\"https:\/\/quantocustaviajar.com\/blog\/destinos-para-quem-gosta-de-praias-paradisiacas\/\">praias paradis\u00edacas<\/a> da Regi\u00e3o dos Lagos e o charme da Serra Fluminense, este <strong>roteiro de viagem pelo Rio de Janeiro<\/strong> \u00e9 perfeito para voc\u00ea! <\/p><div id=\"ez-toc-container\" class=\"ez-toc-v2_0_76 ez-toc-wrap-left counter-hierarchy ez-toc-counter ez-toc-light-blue ez-toc-container-direction\">\n<div class=\"ez-toc-title-container\">\n<p class=\"ez-toc-title\" style=\"cursor:inherit\">Aqui voc\u00ea ir\u00e1 encontrar<\/p>\n<span class=\"ez-toc-title-toggle\"><a href=\"#\" class=\"ez-toc-pull-right ez-toc-btn ez-toc-btn-xs ez-toc-btn-default ez-toc-toggle\" aria-label=\"Alternar tabela de conte\u00fado\"><span class=\"ez-toc-js-icon-con\"><span class=\"\"><span class=\"eztoc-hide\" style=\"display:none;\">Toggle<\/span><span class=\"ez-toc-icon-toggle-span\"><svg style=\"fill: #999;color:#999\" xmlns=\"http:\/\/www.w3.org\/2000\/svg\" class=\"list-377408\" width=\"20px\" height=\"20px\" viewBox=\"0 0 24 24\" fill=\"none\"><path d=\"M6 6H4v2h2V6zm14 0H8v2h12V6zM4 11h2v2H4v-2zm16 0H8v2h12v-2zM4 16h2v2H4v-2zm16 0H8v2h12v-2z\" fill=\"currentColor\"><\/path><\/svg><svg style=\"fill: #999;color:#999\" class=\"arrow-unsorted-368013\" xmlns=\"http:\/\/www.w3.org\/2000\/svg\" width=\"10px\" height=\"10px\" viewBox=\"0 0 24 24\" version=\"1.2\" baseProfile=\"tiny\"><path d=\"M18.2 9.3l-6.2-6.3-6.2 6.3c-.2.2-.3.4-.3.7s.1.5.3.7c.2.2.4.3.7.3h11c.3 0 .5-.1.7-.3.2-.2.3-.5.3-.7s-.1-.5-.3-.7zM5.8 14.7l6.2 6.3 6.2-6.3c.2-.2.3-.5.3-.7s-.1-.5-.3-.7c-.2-.2-.4-.3-.7-.3h-11c-.3 0-.5.1-.7.3-.2.2-.3.5-.3.7s.1.5.3.7z\"\/><\/svg><\/span><\/span><\/span><\/a><\/span><\/div>\n<nav><ul class='ez-toc-list ez-toc-list-level-1 ' ><li class='ez-toc-page-1 ez-toc-heading-level-2'><a class=\"ez-toc-link ez-toc-heading-1\" href=\"https:\/\/quantocustaviajar.com\/blog\/roteiro-de-viagem-pelo-rio-de-janeiro\/#Roteiro_de_viagem_pelo_Rio_de_Janeiro\" >Roteiro de viagem pelo Rio de Janeiro<\/a><ul class='ez-toc-list-level-3' ><li class='ez-toc-heading-level-3'><a class=\"ez-toc-link ez-toc-heading-2\" href=\"https:\/\/quantocustaviajar.com\/blog\/roteiro-de-viagem-pelo-rio-de-janeiro\/#Dia_1_e_2_Rio_de_Janeiro_Capital\" >Dia 1 e 2: Rio de Janeiro (Capital)<\/a><\/li><li class='ez-toc-page-1 ez-toc-heading-level-3'><a class=\"ez-toc-link ez-toc-heading-3\" href=\"https:\/\/quantocustaviajar.com\/blog\/roteiro-de-viagem-pelo-rio-de-janeiro\/#O_que_fazer_no_Rio_de_Janeiro\" >O que fazer no Rio de Janeiro<\/a><\/li><li class='ez-toc-page-1 ez-toc-heading-level-3'><a class=\"ez-toc-link ez-toc-heading-4\" href=\"https:\/\/quantocustaviajar.com\/blog\/roteiro-de-viagem-pelo-rio-de-janeiro\/#Onde_se_hospedar_no_Rio_de_Janeiro\" >Onde se hospedar no Rio de Janeiro<\/a><\/li><li class='ez-toc-page-1 ez-toc-heading-level-3'><a class=\"ez-toc-link ez-toc-heading-5\" href=\"https:\/\/quantocustaviajar.com\/blog\/roteiro-de-viagem-pelo-rio-de-janeiro\/#Dia_3_e_4_Arraial_do_Cabo_e_Buzios_Regiao_dos_Lagos\" >Dia 3 e 4: Arraial do Cabo e B\u00fazios (Regi\u00e3o dos Lagos)<\/a><\/li><li class='ez-toc-page-1 ez-toc-heading-level-3'><a class=\"ez-toc-link ez-toc-heading-6\" href=\"https:\/\/quantocustaviajar.com\/blog\/roteiro-de-viagem-pelo-rio-de-janeiro\/#O_que_fazer_em_Arraial_do_Cabo\" >O que fazer em Arraial do Cabo<\/a><\/li><li class='ez-toc-page-1 ez-toc-heading-level-3'><a class=\"ez-toc-link ez-toc-heading-7\" href=\"https:\/\/quantocustaviajar.com\/blog\/roteiro-de-viagem-pelo-rio-de-janeiro\/#Onde_se_hospedar_em_Arraial_do_Cabo\" >Onde se hospedar em Arraial do Cabo:<\/a><\/li><li class='ez-toc-page-1 ez-toc-heading-level-3'><a class=\"ez-toc-link ez-toc-heading-8\" href=\"https:\/\/quantocustaviajar.com\/blog\/roteiro-de-viagem-pelo-rio-de-janeiro\/#O_que_fazer_em_Buzios\" >O que fazer em B\u00fazios<\/a><\/li><li class='ez-toc-page-1 ez-toc-heading-level-3'><a class=\"ez-toc-link ez-toc-heading-9\" href=\"https:\/\/quantocustaviajar.com\/blog\/roteiro-de-viagem-pelo-rio-de-janeiro\/#Onde_se_hospedar_em_Buzios\" >Onde se hospedar em B\u00fazios:<\/a><\/li><li class='ez-toc-page-1 ez-toc-heading-level-3'><a class=\"ez-toc-link ez-toc-heading-10\" href=\"https:\/\/quantocustaviajar.com\/blog\/roteiro-de-viagem-pelo-rio-de-janeiro\/#Como_se_transportar\" >Como se transportar<\/a><\/li><li class='ez-toc-page-1 ez-toc-heading-level-3'><a class=\"ez-toc-link ez-toc-heading-11\" href=\"https:\/\/quantocustaviajar.com\/blog\/roteiro-de-viagem-pelo-rio-de-janeiro\/#Dia_5_e_6_Petropolis_Serra_Fluminense\" >Dia 5 e 6: Petr\u00f3polis (Serra Fluminense)<\/a><\/li><li class='ez-toc-page-1 ez-toc-heading-level-3'><a class=\"ez-toc-link ez-toc-heading-12\" href=\"https:\/\/quantocustaviajar.com\/blog\/roteiro-de-viagem-pelo-rio-de-janeiro\/#O_que_fazer_em_Petropolis\" >O que fazer em Petr\u00f3polis<\/a><\/li><li class='ez-toc-page-1 ez-toc-heading-level-3'><a class=\"ez-toc-link ez-toc-heading-13\" href=\"https:\/\/quantocustaviajar.com\/blog\/roteiro-de-viagem-pelo-rio-de-janeiro\/#Como_se_transportar-2\" >Como se transportar<\/a><\/li><li class='ez-toc-page-1 ez-toc-heading-level-3'><a class=\"ez-toc-link ez-toc-heading-14\" href=\"https:\/\/quantocustaviajar.com\/blog\/roteiro-de-viagem-pelo-rio-de-janeiro\/#Onde_se_hospedar_em_Petropolis\" >Onde se hospedar em Petr\u00f3polis<\/a><\/li><li class='ez-toc-page-1 ez-toc-heading-level-3'><a class=\"ez-toc-link ez-toc-heading-15\" href=\"https:\/\/quantocustaviajar.com\/blog\/roteiro-de-viagem-pelo-rio-de-janeiro\/#Dia_7_Retorno_ao_Rio_de_Janeiro_e_Despedida\" >Dia 7: Retorno ao Rio de Janeiro e Despedida<\/a><\/li><\/ul><\/li><li class='ez-toc-page-1 ez-toc-heading-level-2'><a class=\"ez-toc-link ez-toc-heading-16\" href=\"https:\/\/quantocustaviajar.com\/blog\/roteiro-de-viagem-pelo-rio-de-janeiro\/#Quando_fazer_esse_roteiro_de_viagem_pelo_Rio_de_Janeiro\" >Quando fazer esse roteiro de viagem pelo Rio de Janeiro?<\/a><ul class='ez-toc-list-level-3' ><li class='ez-toc-heading-level-3'><a class=\"ez-toc-link ez-toc-heading-17\" href=\"https:\/\/quantocustaviajar.com\/blog\/roteiro-de-viagem-pelo-rio-de-janeiro\/#Dicas_Finais_para_sua_Viagem\" >Dicas Finais para sua Viagem<\/a><\/li><\/ul><\/li><\/ul><\/nav><\/div>\n\n\n\n\n<figure class=\"wp-block-image aligncenter size-full\"><img loading=\"lazy\" decoding=\"async\" width=\"1000\" height=\"667\" src=\"https:\/\/quantocustaviajar.com\/blog\/wp-content\/uploads\/2025\/03\/11362.jpg\" alt=\"Roteiro de viagem pelo Rio de Janeiro\" class=\"wp-image-74856\" srcset=\"https:\/\/quantocustaviajar.com\/blog\/wp-content\/uploads\/2025\/03\/11362.jpg 1000w, https:\/\/quantocustaviajar.com\/blog\/wp-content\/uploads\/2025\/03\/11362-300x200.jpg 300w, https:\/\/quantocustaviajar.com\/blog\/wp-content\/uploads\/2025\/03\/11362-768x512.jpg 768w\" sizes=\"auto, (max-width: 1000px) 100vw, 1000px\" \/><figcaption>Foto: <a href=\"https:\/\/br.freepik.com\/fotos-gratis\/foto-aerea-do-rio-de-janeiro-cercado-pelo-mar-e-morros-sob-o-sol-no-brasil_9971344.htm#fromView=search&amp;page=1&amp;position=1&amp;uuid=a90d79ba-75a0-4b67-bb3f-7a9d43792f9d&amp;query=rio+de+janeiro\" target=\"_blank\" rel=\"noreferrer noopener\">Freepik<\/a><\/figcaption><\/figure>\n\n\n\n<p>Vamos detalhar neste <strong>roteiro de viagem pelo Rio de Janeiro<\/strong> quantos dias ficar em cada destino, os melhores passeios, transporte e hospedagem para aproveitar ao m\u00e1ximo sua viagem.<\/p>\n\n\n\n<pre class=\"wp-block-preformatted has-background\" style=\"background-color:#dcdfe1\">Antes de tudo: encontre sua <strong><a href=\"https:\/\/www.turismocity.com.br\/passagens-aereas-para-RIO-Rio_de_Janeiro?utm_source=qcv&amp;utm_medium=blog\" target=\"_blank\" rel=\"noreferrer noopener\">passagem a\u00e9rea barata para o Rio de Janeiro<\/a><\/strong><\/pre>\n\n\n\n<h2 class=\"wp-block-heading\"><span class=\"ez-toc-section\" id=\"Roteiro_de_viagem_pelo_Rio_de_Janeiro\"><\/span>Roteiro de viagem pelo Rio de Janeiro<span class=\"ez-toc-section-end\"><\/span><\/h2>\n\n\n\n<h3 class=\"wp-block-heading\"><span class=\"ez-toc-section\" id=\"Dia_1_e_2_Rio_de_Janeiro_Capital\"><\/span>Dia 1 e 2: Rio de Janeiro (Capital)<span class=\"ez-toc-section-end\"><\/span><\/h3>\n\n\n\n<h3 class=\"wp-block-heading\"><span class=\"ez-toc-section\" id=\"O_que_fazer_no_Rio_de_Janeiro\"><\/span>O que fazer no Rio de Janeiro<span class=\"ez-toc-section-end\"><\/span><\/h3>\n\n\n\n<ul class=\"wp-block-list\"><li><strong><a href=\"https:\/\/www.civitatis.com\/pt\/rio-de-janeiro\/tour-entardecer-pao-acucar\/?aid=100232&amp;cmp=roteirorio\" target=\"_blank\" rel=\"noreferrer noopener\">Cristo Redentor e P\u00e3o de A\u00e7\u00facar<\/a><\/strong>: comece o <strong>roteiro de viagem pelo Rio de Janeiro<\/strong> com dois dos cart\u00f5es-postais mais famosos do Brasil, ambos oferecem vistas incr\u00edveis da cidade.<\/li><li><strong>Praia de Copacabana e Ipanema<\/strong>: Perfeitas para curtir o mar, caminhar no cal\u00e7ad\u00e3o e apreciar o p\u00f4r do sol no Arpoador.<\/li><li><strong><a href=\"https:\/\/www.civitatis.com\/pt\/rio-de-janeiro\/free-tour-centro-rio-lapa\/?aid=100232&amp;cmp=roteirorio\" target=\"_blank\" rel=\"noreferrer noopener\">Centro Hist\u00f3rico e Escadaria Selar\u00f3n<\/a><\/strong>: Explore o Theatro Municipal, o Museu do Amanh\u00e3 e a ic\u00f4nica escadaria colorida.<\/li><li><strong>Passeio de barco pela Ba\u00eda de Guanabara<\/strong>: Uma vista \u00fanica da cidade pelo mar.<\/li><li><strong>Noite na Lapa<\/strong>: Regi\u00e3o bo\u00eamia com bares e casas de samba, como o Rio Scenarium.<\/li><li><strong>Jardim Bot\u00e2nico e Parque Lage<\/strong>: \u00d3timos para um passeio ao ar livre e contato com a natureza.<\/li><li><strong>Morro Dois Irm\u00e3os<\/strong>: Trilha moderada com uma vista panor\u00e2mica incr\u00edvel do Rio.<\/li><\/ul>\n\n\n\n<h3 class=\"wp-block-heading\"><span class=\"ez-toc-section\" id=\"Onde_se_hospedar_no_Rio_de_Janeiro\"><\/span>Onde se hospedar no Rio de Janeiro<span class=\"ez-toc-section-end\"><\/span><\/h3>\n\n\n\n<ul class=\"wp-block-list\"><li><a href=\"https:\/\/www.booking.com\/hotel\/br\/granada.pt-br.html?aid=2161834&amp;sid=fdfad5446f757d71417cafb42169bb57&amp;dest_id=1514467&amp;dest_type=hotel&amp;dist=0&amp;group_adults=2&amp;group_children=0&amp;hapos=12&amp;hpos=12&amp;no_rooms=1&amp;req_adults=2&amp;req_children=0&amp;room1=A%2CA&amp;sb_price_type=total&amp;sr_order=popularity&amp;srepoch=1741357167&amp;srpvid=0ef964ad3410040f&amp;type=total&amp;ucfs=1&amp;#hotelTmpl\" target=\"_blank\" rel=\"noreferrer noopener\">Am\u00e9ricas Granada Hotel<\/a> &#8211; Avalia\u00e7\u00e3o: 8,1\/10.<\/li><li><strong><a href=\"https:\/\/www.booking.com\/hotel\/br\/arena-ipanema.pt-br.html?sid=fdfad5446f757d71417cafb42169bb57&amp;aid=2161834&amp;ucfs=1&amp;arphpl=1&amp;dest_id=1769990&amp;dest_type=hotel&amp;group_adults=2&amp;req_adults=2&amp;no_rooms=1&amp;group_children=0&amp;req_children=0&amp;hpos=1&amp;hapos=1&amp;sr_order=popularity&amp;srpvid=27a364c34aaa03f4&amp;srepoch=1741357196&amp;from=searchresults#hotelTmpl\" target=\"_blank\" rel=\"noreferrer noopener\">Arena Ipanema Hotel<\/a><\/strong> &#8211; \u00d3tima localiza\u00e7\u00e3o, pr\u00f3ximo \u00e0 Praia de Ipanema. Avalia\u00e7\u00e3o: 8,5\/10.<\/li><\/ul>\n\n\n\n<h3 class=\"wp-block-heading\"><span class=\"ez-toc-section\" id=\"Dia_3_e_4_Arraial_do_Cabo_e_Buzios_Regiao_dos_Lagos\"><\/span>Dia 3 e 4: Arraial do Cabo e B\u00fazios (Regi\u00e3o dos Lagos)<span class=\"ez-toc-section-end\"><\/span><\/h3>\n\n\n\n<h3 class=\"wp-block-heading\"><span class=\"ez-toc-section\" id=\"O_que_fazer_em_Arraial_do_Cabo\"><\/span>O que fazer em <a href=\"https:\/\/quantocustaviajar.com\/brasil\/arraial-do-cabo\" target=\"_blank\" rel=\"noreferrer noopener\">Arraial do Cabo<\/a><span class=\"ez-toc-section-end\"><\/span><\/h3>\n\n\n\n<ul class=\"wp-block-list\"><li>Siga nosso <strong>roteiro de viagem pelo Rio de Janeiro<\/strong> para Arraial e fa\u00e7a o <strong><a href=\"https:\/\/www.civitatis.com\/pt\/arraial-do-cabo\/passeio-barco-arraial-cabo\/?aid=100232&amp;cmp=roteirorio\" target=\"_blank\" rel=\"noreferrer noopener\">Passeio de barco pelas praias paradis\u00edacas<\/a><\/strong>: Inclui a Praia do Farol, Prainhas do Pontal do Atalaia e a <a href=\"https:\/\/quantocustaviajar.com\/blog\/gruta-da-pratinha-e-gruta-azul\/\">Gruta Azul<\/a>.<\/li><li><strong>Praia do Forno<\/strong>: Acesso por trilha ou barco, com \u00e1guas cristalinas perfeitas para snorkeling.<\/li><li><strong>Mirante do Pontal do Atalaia<\/strong>: Perfeito para fotos e vistas panor\u00e2micas.<\/li><li><strong>Praia Grande<\/strong>: Excelente para ver o p\u00f4r do sol.<\/li><\/ul>\n\n\n\n<h3 class=\"wp-block-heading\"><span class=\"ez-toc-section\" id=\"Onde_se_hospedar_em_Arraial_do_Cabo\"><\/span>Onde se hospedar em Arraial do Cabo:<span class=\"ez-toc-section-end\"><\/span><\/h3>\n\n\n\n<ul class=\"wp-block-list\"><li><a href=\"https:\/\/www.booking.com\/hotel\/br\/suite-deck-do-atalaia-vista-mar-cafe-da-manha-incluso.pt-br.html?aid=2161834&amp;sid=fdfad5446f757d71417cafb42169bb57&amp;dest_id=-626354&amp;dest_type=city&amp;dist=0&amp;group_adults=2&amp;group_children=0&amp;hapos=1&amp;hpos=1&amp;no_rooms=1&amp;req_adults=2&amp;req_children=0&amp;room1=A%2CA&amp;sb_price_type=total&amp;sr_order=popularity&amp;srepoch=1741357241&amp;srpvid=1a9f64db760c06c2&amp;type=total&amp;ucfs=1&amp;#hotelTmpl\" target=\"_blank\" rel=\"noreferrer noopener\">P<strong>ousada Mirante do Pontal do Atalaia<\/strong><\/a> &#8211; Avalia\u00e7\u00e3o: 8,8\/10<\/li><li><strong><a href=\"https:\/\/www.booking.com\/hotel\/br\/pousada-genesis.pt-br.html?sid=fdfad5446f757d71417cafb42169bb57&amp;aid=2161834&amp;ucfs=1&amp;arphpl=1&amp;dest_id=254992&amp;dest_type=hotel&amp;group_adults=2&amp;req_adults=2&amp;no_rooms=1&amp;group_children=0&amp;req_children=0&amp;hpos=1&amp;hapos=1&amp;sr_order=popularity&amp;srpvid=483d650a2e9a081a&amp;srepoch=1741357336&amp;from=searchresults#hotelTmpl\" target=\"_blank\" rel=\"noreferrer noopener\">Pousada G\u00eanesis (Arraial do Cabo)<\/a><\/strong> &#8211; Bem localizada e confort\u00e1vel. Avalia\u00e7\u00e3o: 8,0\/10.<\/li><\/ul>\n\n\n\n<h3 class=\"wp-block-heading\"><span class=\"ez-toc-section\" id=\"O_que_fazer_em_Buzios\"><\/span>O que fazer em B\u00fazios<span class=\"ez-toc-section-end\"><\/span><\/h3>\n\n\n\n<ul class=\"wp-block-list\"><li>Depois de explorar arraia, nosso <strong>roteiro de viagem pelo Rio de Janeiro<\/strong> segue para B\u00fazios, onde voc\u00ea vai explorar a <strong>Rua das Pedras e Orla Bardot<\/strong>: Passeio charmoso com restaurantes e lojinhas.<\/li><li><strong>Praia de Gerib\u00e1<\/strong>: \u00d3tima para relaxar e surfar.<\/li><li><strong>Praia Azeda e Azedinha<\/strong>: Pequenas, belas e de \u00e1guas calmas.<\/li><li><strong>Passeio de buggy<\/strong>: Forma divertida de explorar diversas praias da regi\u00e3o.<\/li><\/ul>\n\n\n\n<h3 class=\"wp-block-heading\"><span class=\"ez-toc-section\" id=\"Onde_se_hospedar_em_Buzios\"><\/span>Onde se hospedar em B\u00fazios:<span class=\"ez-toc-section-end\"><\/span><\/h3>\n\n\n\n<ul class=\"wp-block-list\"><li><strong><a href=\"https:\/\/www.booking.com\/hotel\/br\/pousadas-unicornio.pt-br.html?aid=2161834&amp;sid=fdfad5446f757d71417cafb42169bb57&amp;dest_id=-626254&amp;dest_type=city&amp;dist=0&amp;group_adults=2&amp;group_children=0&amp;hapos=1&amp;hpos=1&amp;no_rooms=1&amp;req_adults=2&amp;req_children=0&amp;room1=A%2CA&amp;sb_price_type=total&amp;sr_order=popularity&amp;srepoch=1741357293&amp;srpvid=725b64f44653082e&amp;type=total&amp;ucfs=1&amp;#hotelTmpl\" target=\"_blank\" rel=\"noreferrer noopener\">Uni Boutique Hotel &amp; Spa<\/a><\/strong> &#8211; Avalia\u00e7\u00e3o: 8,9\/10<\/li><li><strong><a href=\"https:\/\/www.booking.com\/hotel\/br\/praia-joao-fernandes-luxor.pt-br.html?sid=fdfad5446f757d71417cafb42169bb57&amp;aid=2161834&amp;ucfs=1&amp;arphpl=1&amp;dest_id=1249229&amp;dest_type=hotel&amp;group_adults=2&amp;req_adults=2&amp;no_rooms=1&amp;group_children=0&amp;req_children=0&amp;hpos=1&amp;hapos=1&amp;sr_order=popularity&amp;srpvid=2141651194a502f5&amp;srepoch=1741357351&amp;from=searchresults#hotelTmpl\" target=\"_blank\" rel=\"noreferrer noopener\">Pousada Jo\u00e3o Fernandes<\/a><\/strong><span style=\"color: initial;\"> &#8211; Perto das melhores praias. Avalia\u00e7\u00e3o: 8,7\/10.<\/span><\/li><\/ul>\n\n\n\n<h3 class=\"wp-block-heading\"><span class=\"ez-toc-section\" id=\"Como_se_transportar\"><\/span>Como se transportar<span class=\"ez-toc-section-end\"><\/span><\/h3>\n\n\n\n<p><a href=\"https:\/\/www.turismocity.com.br\/onibus\" target=\"_blank\" rel=\"noreferrer noopener\">Saia do Rio de Janeiro de \u00f4nibus<\/a> (via\u00e7\u00e3o 1001) ou <strong><a href=\"https:\/\/www.turismocity.com.br\/carros\" target=\"_blank\" rel=\"noreferrer noopener\">alugue um carro<\/a><\/strong> para facilitar os deslocamentos entre as cidades.<\/p>\n\n\n\n<h3 class=\"wp-block-heading\"><span class=\"ez-toc-section\" id=\"Dia_5_e_6_Petropolis_Serra_Fluminense\"><\/span>Dia 5 e 6: Petr\u00f3polis (Serra Fluminense)<span class=\"ez-toc-section-end\"><\/span><\/h3>\n\n\n\n<h3 class=\"wp-block-heading\"><span class=\"ez-toc-section\" id=\"O_que_fazer_em_Petropolis\"><\/span>O que fazer em <a href=\"https:\/\/quantocustaviajar.com\/brasil\/petropolis\" target=\"_blank\" rel=\"noreferrer noopener\">Petr\u00f3polis<\/a><span class=\"ez-toc-section-end\"><\/span><\/h3>\n\n\n\n<ul class=\"wp-block-list\"><li><strong>Museu Imperial<\/strong>: Antiga resid\u00eancia de Dom Pedro II, cheia de hist\u00f3ria.<\/li><li><strong>Pal\u00e1cio de Cristal<\/strong>: Constru\u00e7\u00e3o bel\u00edssima do s\u00e9culo XIX.<\/li><li><strong>Cervejaria Bohemia<\/strong>: Visita\u00e7\u00e3o com degusta\u00e7\u00e3o de cervejas artesanais.<\/li><li><strong>Catedral de S\u00e3o Pedro de Alc\u00e2ntara<\/strong>: Arquitetura impressionante e t\u00famulos da fam\u00edlia imperial.<\/li><li><strong>Cachoeira V\u00e9u da Noiva<\/strong>: Para um contato com a natureza.<\/li><li><strong>Parque Nacional da Serra dos \u00d3rg\u00e3os<\/strong>: Trilhas e paisagens incr\u00edveis para quem gosta de ecoturismo.<\/li><li><strong>Quitandinha<\/strong>: Pal\u00e1cio hist\u00f3rico com um belo lago ao redor.<\/li><\/ul>\n\n\n\n<h3 class=\"wp-block-heading\"><span class=\"ez-toc-section\" id=\"Como_se_transportar-2\"><\/span>Como se transportar<span class=\"ez-toc-section-end\"><\/span><\/h3>\n\n\n\n<p>De \u00f4nibus (via\u00e7\u00e3o \u00danica F\u00e1cil) saindo do Rio ou de carro para maior flexibilidade.<\/p>\n\n\n\n<h3 class=\"wp-block-heading\"><span class=\"ez-toc-section\" id=\"Onde_se_hospedar_em_Petropolis\"><\/span>Onde se hospedar em Petr\u00f3polis<span class=\"ez-toc-section-end\"><\/span><\/h3>\n\n\n\n<ul class=\"wp-block-list\"><li><a href=\"https:\/\/www.booking.com\/hotel\/br\/hota-c-is-casablanca-ltda.pt-br.html?aid=2161834&amp;sid=fdfad5446f757d71417cafb42169bb57&amp;dest_id=358990&amp;dest_type=hotel&amp;dist=0&amp;group_adults=2&amp;group_children=0&amp;hapos=1&amp;hpos=1&amp;no_rooms=1&amp;req_adults=2&amp;req_children=0&amp;room1=A%2CA&amp;sb_price_type=total&amp;sr_order=popularity&amp;srepoch=1741357377&amp;srpvid=e19c651e1728017a&amp;type=total&amp;ucfs=1&amp;#hotelTmpl\" target=\"_blank\" rel=\"noreferrer noopener\"><strong>Hotel Casablanca Imperial<\/strong> <\/a>&#8211; Charme colonial, perto do Museu Imperial. Avalia\u00e7\u00e3o: 8,6\/10.<\/li><\/ul>\n\n\n\n<h3 class=\"wp-block-heading\"><span class=\"ez-toc-section\" id=\"Dia_7_Retorno_ao_Rio_de_Janeiro_e_Despedida\"><\/span>Dia 7: Retorno ao Rio de Janeiro e Despedida<span class=\"ez-toc-section-end\"><\/span><\/h3>\n\n\n\n<p>No \u00faltimo dia deste <strong>roteiro de viagem pelo Rio de Janeiro<\/strong>, retorne ao Rio de Janeiro e aproveite um tempo livre para explorar um bairro diferente, como Santa Teresa, ou fazer compras no Shopping Rio Sul antes de voltar para S\u00e3o Paulo.<\/p>\n\n\n\n<ul class=\"wp-block-list\"><li><strong>Parque Lage<\/strong>: Ideal para um caf\u00e9 da manh\u00e3 especial antes da despedida.<\/li><li><strong>Praia do Leme<\/strong>: Alternativa tranquila a Copacabana, \u00f3tima para relaxar antes da viagem<\/li><\/ul>\n\n\n\n<h2 class=\"wp-block-heading\"><span class=\"ez-toc-section\" id=\"Quando_fazer_esse_roteiro_de_viagem_pelo_Rio_de_Janeiro\"><\/span>Quando fazer esse roteiro de viagem pelo Rio de Janeiro?<span class=\"ez-toc-section-end\"><\/span><\/h2>\n\n\n\n<p>A melhor \u00e9poca para seguir este<strong> roteiro de viagem pelo Rio de Janeiro<\/strong> \u00e9 entre <strong>abril e outubro<\/strong>. Esse per\u00edodo oferece algumas vantagens importantes:<\/p>\n\n\n\n<p><strong>Menos chuvas<\/strong> \u2013 Principalmente de maio a setembro, reduzindo o risco de dias nublados ou cancelamentos de passeios de barco em Arraial do Cabo.<br><strong>Temperaturas agrad\u00e1veis<\/strong> \u2013 No inverno (junho a agosto), o calor do Rio \u00e9 mais ameno, mas ainda \u00e9 poss\u00edvel curtir as praias.<br><strong>Menos turistas<\/strong> \u2013 Fora dos feriados e f\u00e9rias escolares (julho e janeiro), os pre\u00e7os de hospedagem tendem a ser mais baixos e as atra\u00e7\u00f5es menos lotadas.<br><strong>\u00d3tima visibilidade para paisagens<\/strong> \u2013 No outono e inverno, os dias costumam ser mais ensolarados e secos, proporcionando vistas incr\u00edveis do Cristo Redentor, P\u00e3o de A\u00e7\u00facar e Regi\u00e3o Serrana.<\/p>\n\n\n\n<p>Se quiser praias com \u00e1guas mais quentes, o fim do ver\u00e3o (mar\u00e7o) ainda tem temperaturas elevadas, mas o risco de chuvas \u00e9 maior. Evite viajar entre <strong>dezembro e fevereiro<\/strong>, pois al\u00e9m do calor intenso, os destinos tur\u00edsticos ficam lotados e os pre\u00e7os sobem bastante.<\/p>\n\n\n\n<h3 class=\"wp-block-heading\"><span class=\"ez-toc-section\" id=\"Dicas_Finais_para_sua_Viagem\"><\/span>Dicas Finais para sua Viagem<span class=\"ez-toc-section-end\"><\/span><\/h3>\n\n\n\n<ul class=\"wp-block-list\"><li><strong style=\"color: initial;\">Transporte<\/strong><span style=\"color: initial;\">: Alugar um carro pode ser uma op\u00e7\u00e3o interessante para otimizar deslocamentos.<\/span><\/li><li><strong>Custo m\u00e9dio da viagem<\/strong>: Espere gastar entre R$ 3.500 e R$ 5.500 por pessoa, incluindo hospedagem, alimenta\u00e7\u00e3o e passeios.<\/li><li><strong>Reserve sua hospedagem com anteced\u00eancia<\/strong> para garantir os melhores pre\u00e7os.<\/li><\/ul>\n\n\n\n<p>Esse <strong>roteiro de viagem pelo Rio de Janeiro<\/strong> \u00e9 perfeito para quem deseja explorar as praias e montanhas do estado em apenas 7 dias. Gostou do roteiro? Deixe seu coment\u00e1rio abaixo!<\/p>\n","protected":false},"excerpt":{"rendered":"<p>Se voc\u00ea quer conhecer o melhor do Rio de Janeiro em 7 dias, combinando a energia da capital, as praias paradis\u00edacas da Regi\u00e3o dos Lagos e o charme da Serra Fluminense, este roteiro de viagem pelo Rio de Janeiro \u00e9 perfeito para voc\u00ea! Vamos detalhar neste roteiro de viagem pelo Rio de Janeiro quantos dias [&hellip;]<\/p>\n","protected":false},"author":18,"featured_media":74856,"comment_status":"open","ping_status":"open","sticky":false,"template":"page-templates\/featured-img-above.php","format":"standard","meta":{"cybocfi_hide_featured_image":"","footnotes":""},"categories":[1182],"tags":[6663,6662,6661,6660,6664,6665],"class_list":["post-74855","post","type-post","status-publish","format-standard","has-post-thumbnail","hentry","category-dica-cool","tag-7-dias-de-roteiro-de-viagem-pelo-rio-de-janeiro","tag-como-montar-seu-roteiro-de-viagem-pelo-rio-de-janeiro","tag-dica-de-roteiro-de-viagem-pelo-rio-de-janeiro","tag-roteiro-de-viagem-pelo-rio-de-janeiro","tag-roteiro-de-viagem-pelo-rio-de-janeiro-pela-serra","tag-roteiro-de-viagem-pelo-rio-de-janeiro-praias"],"blocksy_meta":[],"yoast_head":"<!-- This site is optimized with the Yoast SEO plugin v26.3 - https:\/\/yoast.com\/wordpress\/plugins\/seo\/ -->\n<title>Roteiro de viagem pelo Rio de Janeiro: 7 dias explorando<\/title>\n<meta name=\"description\" content=\"Confira este roteiro de viagem pelo Rio de Janeiro de sete dias para explorar v\u00e1rios aspectos do estado carioca!\" \/>\n<meta name=\"robots\" content=\"index, follow, max-snippet:-1, max-image-preview:large, max-video-preview:-1\" \/>\n<link rel=\"canonical\" href=\"https:\/\/quantocustaviajar.com\/blog\/roteiro-de-viagem-pelo-rio-de-janeiro\/\" \/>\n<meta property=\"og:locale\" content=\"pt_BR\" \/>\n<meta property=\"og:type\" content=\"article\" \/>\n<meta property=\"og:title\" content=\"Roteiro de viagem pelo Rio de Janeiro: 7 dias explorando\" \/>\n<meta property=\"og:description\" content=\"Confira este roteiro de viagem pelo Rio de Janeiro de sete dias para explorar v\u00e1rios aspectos do estado carioca!\" \/>\n<meta property=\"og:url\" content=\"https:\/\/quantocustaviajar.com\/blog\/roteiro-de-viagem-pelo-rio-de-janeiro\/\" \/>\n<meta property=\"og:site_name\" content=\"Blog Quanto Custa Viajar\" \/>\n<meta property=\"article:publisher\" content=\"https:\/\/www.facebook.com\/quantocustaviajar\" \/>\n<meta property=\"article:published_time\" content=\"2025-03-12T14:59:08+00:00\" \/>\n<meta property=\"article:modified_time\" content=\"2025-06-10T15:27:35+00:00\" \/>\n<meta property=\"og:image\" content=\"https:\/\/quantocustaviajar.com\/blog\/wp-content\/uploads\/2025\/03\/11362.jpg\" \/>\n\t<meta property=\"og:image:width\" content=\"1000\" \/>\n\t<meta property=\"og:image:height\" content=\"667\" \/>\n\t<meta property=\"og:image:type\" content=\"image\/jpeg\" \/>\n<meta name=\"author\" content=\"Izabella Miranda\" \/>\n<meta name=\"twitter:card\" content=\"summary_large_image\" \/>\n<meta name=\"twitter:label1\" content=\"Escrito por\" \/>\n\t<meta name=\"twitter:data1\" content=\"Izabella Miranda\" \/>\n\t<meta name=\"twitter:label2\" content=\"Est. tempo de leitura\" \/>\n\t<meta name=\"twitter:data2\" content=\"6 minutos\" \/>\n<!-- \/ Yoast SEO plugin. -->","yoast_head_json":{"title":"Roteiro de viagem pelo Rio de Janeiro: 7 dias explorando","description":"Confira este roteiro de viagem pelo Rio de Janeiro de sete dias para explorar v\u00e1rios aspectos do estado carioca!","robots":{"index":"index","follow":"follow","max-snippet":"max-snippet:-1","max-image-preview":"max-image-preview:large","max-video-preview":"max-video-preview:-1"},"canonical":"https:\/\/quantocustaviajar.com\/blog\/roteiro-de-viagem-pelo-rio-de-janeiro\/","og_locale":"pt_BR","og_type":"article","og_title":"Roteiro de viagem pelo Rio de Janeiro: 7 dias explorando","og_description":"Confira este roteiro de viagem pelo Rio de Janeiro de sete dias para explorar v\u00e1rios aspectos do estado carioca!","og_url":"https:\/\/quantocustaviajar.com\/blog\/roteiro-de-viagem-pelo-rio-de-janeiro\/","og_site_name":"Blog Quanto Custa Viajar","article_publisher":"https:\/\/www.facebook.com\/quantocustaviajar","article_published_time":"2025-03-12T14:59:08+00:00","article_modified_time":"2025-06-10T15:27:35+00:00","og_image":[{"width":1000,"height":667,"url":"https:\/\/quantocustaviajar.com\/blog\/wp-content\/uploads\/2025\/03\/11362.jpg","type":"image\/jpeg"}],"author":"Izabella Miranda","twitter_card":"summary_large_image","twitter_misc":{"Escrito por":"Izabella Miranda","Est. tempo de leitura":"6 minutos"},"schema":{"@context":"https:\/\/schema.org","@graph":[{"@type":["Article","BlogPosting"],"@id":"https:\/\/quantocustaviajar.com\/blog\/roteiro-de-viagem-pelo-rio-de-janeiro\/#article","isPartOf":{"@id":"https:\/\/quantocustaviajar.com\/blog\/roteiro-de-viagem-pelo-rio-de-janeiro\/"},"author":{"name":"Izabella Miranda","@id":"https:\/\/quantocustaviajar.com\/blog\/#\/schema\/person\/595118451f4120870051de530232399d"},"headline":"Roteiro de viagem pelo Rio de Janeiro: 7 dias explorando praias e Serra","datePublished":"2025-03-12T14:59:08+00:00","dateModified":"2025-06-10T15:27:35+00:00","mainEntityOfPage":{"@id":"https:\/\/quantocustaviajar.com\/blog\/roteiro-de-viagem-pelo-rio-de-janeiro\/"},"wordCount":996,"commentCount":0,"publisher":{"@id":"https:\/\/quantocustaviajar.com\/blog\/#organization"},"image":{"@id":"https:\/\/quantocustaviajar.com\/blog\/roteiro-de-viagem-pelo-rio-de-janeiro\/#primaryimage"},"thumbnailUrl":"https:\/\/quantocustaviajar.com\/blog\/wp-content\/uploads\/2025\/03\/11362.jpg","keywords":["7 dias de roteiro de viagem pelo Rio de Janeiro","como montar seu roteiro de viagem pelo Rio de Janeiro","dica de roteiro de viagem pelo Rio de Janeiro","roteiro de viagem pelo Rio de Janeiro","roteiro de viagem pelo Rio de Janeiro pela serra","roteiro de viagem pelo Rio de Janeiro praias"],"articleSection":["Dica cool"],"inLanguage":"pt-BR","potentialAction":[{"@type":"CommentAction","name":"Comment","target":["https:\/\/quantocustaviajar.com\/blog\/roteiro-de-viagem-pelo-rio-de-janeiro\/#respond"]}]},{"@type":"WebPage","@id":"https:\/\/quantocustaviajar.com\/blog\/roteiro-de-viagem-pelo-rio-de-janeiro\/","url":"https:\/\/quantocustaviajar.com\/blog\/roteiro-de-viagem-pelo-rio-de-janeiro\/","name":"Roteiro de viagem pelo Rio de Janeiro: 7 dias explorando","isPartOf":{"@id":"https:\/\/quantocustaviajar.com\/blog\/#website"},"primaryImageOfPage":{"@id":"https:\/\/quantocustaviajar.com\/blog\/roteiro-de-viagem-pelo-rio-de-janeiro\/#primaryimage"},"image":{"@id":"https:\/\/quantocustaviajar.com\/blog\/roteiro-de-viagem-pelo-rio-de-janeiro\/#primaryimage"},"thumbnailUrl":"https:\/\/quantocustaviajar.com\/blog\/wp-content\/uploads\/2025\/03\/11362.jpg","datePublished":"2025-03-12T14:59:08+00:00","dateModified":"2025-06-10T15:27:35+00:00","description":"Confira este roteiro de viagem pelo Rio de Janeiro de sete dias para explorar v\u00e1rios aspectos do estado carioca!","breadcrumb":{"@id":"https:\/\/quantocustaviajar.com\/blog\/roteiro-de-viagem-pelo-rio-de-janeiro\/#breadcrumb"},"inLanguage":"pt-BR","potentialAction":[{"@type":"ReadAction","target":["https:\/\/quantocustaviajar.com\/blog\/roteiro-de-viagem-pelo-rio-de-janeiro\/"]}]},{"@type":"ImageObject","inLanguage":"pt-BR","@id":"https:\/\/quantocustaviajar.com\/blog\/roteiro-de-viagem-pelo-rio-de-janeiro\/#primaryimage","url":"https:\/\/quantocustaviajar.com\/blog\/wp-content\/uploads\/2025\/03\/11362.jpg","contentUrl":"https:\/\/quantocustaviajar.com\/blog\/wp-content\/uploads\/2025\/03\/11362.jpg","width":1000,"height":667},{"@type":"BreadcrumbList","@id":"https:\/\/quantocustaviajar.com\/blog\/roteiro-de-viagem-pelo-rio-de-janeiro\/#breadcrumb","itemListElement":[{"@type":"ListItem","position":1,"name":"In\u00edcio","item":"https:\/\/quantocustaviajar.com\/blog\/"},{"@type":"ListItem","position":2,"name":"Roteiro de viagem pelo Rio de Janeiro: 7 dias explorando praias e Serra"}]},{"@type":"WebSite","@id":"https:\/\/quantocustaviajar.com\/blog\/#website","url":"https:\/\/quantocustaviajar.com\/blog\/","name":"Blog Quanto Custa Viajar","description":"","publisher":{"@id":"https:\/\/quantocustaviajar.com\/blog\/#organization"},"potentialAction":[{"@type":"SearchAction","target":{"@type":"EntryPoint","urlTemplate":"https:\/\/quantocustaviajar.com\/blog\/?s={search_term_string}"},"query-input":{"@type":"PropertyValueSpecification","valueRequired":true,"valueName":"search_term_string"}}],"inLanguage":"pt-BR"},{"@type":"Organization","@id":"https:\/\/quantocustaviajar.com\/blog\/#organization","name":"Quanto Custa Viajar","url":"https:\/\/quantocustaviajar.com\/blog\/","logo":{"@type":"ImageObject","inLanguage":"pt-BR","@id":"https:\/\/quantocustaviajar.com\/blog\/#\/schema\/logo\/image\/","url":"","contentUrl":"","caption":"Quanto Custa Viajar"},"image":{"@id":"https:\/\/quantocustaviajar.com\/blog\/#\/schema\/logo\/image\/"},"sameAs":["https:\/\/www.facebook.com\/quantocustaviajar"]},{"@type":"Person","@id":"https:\/\/quantocustaviajar.com\/blog\/#\/schema\/person\/595118451f4120870051de530232399d","name":"Izabella Miranda","image":{"@type":"ImageObject","inLanguage":"pt-BR","@id":"https:\/\/quantocustaviajar.com\/blog\/#\/schema\/person\/image\/","url":"https:\/\/secure.gravatar.com\/avatar\/eb1c9c8ed6c596023f48930e960ff440b8cad6a3beabb6b619d3504ad832c628?s=96&d=mm&r=g","contentUrl":"https:\/\/secure.gravatar.com\/avatar\/eb1c9c8ed6c596023f48930e960ff440b8cad6a3beabb6b619d3504ad832c628?s=96&d=mm&r=g","caption":"Izabella Miranda"},"description":"Jornalista por profiss\u00e3o e planejadora de viagens nas horas vagas.","url":"https:\/\/quantocustaviajar.com\/blog\/author\/izabella\/"}]}},"_links":{"self":[{"href":"https:\/\/quantocustaviajar.com\/blog\/wp-json\/wp\/v2\/posts\/74855","targetHints":{"allow":["GET"]}}],"collection":[{"href":"https:\/\/quantocustaviajar.com\/blog\/wp-json\/wp\/v2\/posts"}],"about":[{"href":"https:\/\/quantocustaviajar.com\/blog\/wp-json\/wp\/v2\/types\/post"}],"author":[{"embeddable":true,"href":"https:\/\/quantocustaviajar.com\/blog\/wp-json\/wp\/v2\/users\/18"}],"replies":[{"embeddable":true,"href":"https:\/\/quantocustaviajar.com\/blog\/wp-json\/wp\/v2\/comments?post=74855"}],"version-history":[{"count":7,"href":"https:\/\/quantocustaviajar.com\/blog\/wp-json\/wp\/v2\/posts\/74855\/revisions"}],"predecessor-version":[{"id":75104,"href":"https:\/\/quantocustaviajar.com\/blog\/wp-json\/wp\/v2\/posts\/74855\/revisions\/75104"}],"wp:featuredmedia":[{"embeddable":true,"href":"https:\/\/quantocustaviajar.com\/blog\/wp-json\/wp\/v2\/media\/74856"}],"wp:attachment":[{"href":"https:\/\/quantocustaviajar.com\/blog\/wp-json\/wp\/v2\/media?parent=74855"}],"wp:term":[{"taxonomy":"category","embeddable":true,"href":"https:\/\/quantocustaviajar.com\/blog\/wp-json\/wp\/v2\/categories?post=74855"},{"taxonomy":"post_tag","embeddable":true,"href":"https:\/\/quantocustaviajar.com\/blog\/wp-json\/wp\/v2\/tags?post=74855"}],"curies":[{"name":"wp","href":"https:\/\/api.w.org\/{rel}","templated":true}]}}