{"id":72021,"date":"2025-01-21T16:30:59","date_gmt":"2025-01-21T16:30:59","guid":{"rendered":"https:\/\/quantocustaviajar.com\/blog\/?p=72021"},"modified":"2025-06-10T18:30:05","modified_gmt":"2025-06-10T18:30:05","slug":"pontos-turisticos-em-sao-joao-del-rei","status":"publish","type":"post","link":"https:\/\/quantocustaviajar.com\/blog\/pontos-turisticos-em-sao-joao-del-rei\/","title":{"rendered":"Descubra os melhores pontos tur\u00edsticos em S\u00e3o Jo\u00e3o Del Rei"},"content":{"rendered":"\n<p>S\u00e3o Jo\u00e3o Del Rei, em <a href=\"https:\/\/quantocustaviajar.com\/blog\/cidades-legais-para-viajar-em-minas-gerais\/\">Minas Gerais<\/a>, \u00e9 uma cidade rica em hist\u00f3ria, cultura e tradi\u00e7\u00f5es. Conhecida por sua arquitetura colonial, igrejas barrocas e uma atmosfera acolhedora, \u00e9 um destino perfeito para quem busca uma experi\u00eancia \u00fanica no cora\u00e7\u00e3o do Brasil. Neste guia completo, vamos explorar os principais <strong>pontos tur\u00edsticos em S\u00e3o Jo\u00e3o Del Rei<\/strong>, al\u00e9m de dicas sobre hospedagem, culin\u00e1ria e a melhor \u00e9poca para visitar.<\/p><div id=\"ez-toc-container\" class=\"ez-toc-v2_0_76 ez-toc-wrap-left counter-hierarchy ez-toc-counter ez-toc-light-blue ez-toc-container-direction\">\n<div class=\"ez-toc-title-container\">\n<p class=\"ez-toc-title\" style=\"cursor:inherit\">Aqui voc\u00ea ir\u00e1 encontrar<\/p>\n<span class=\"ez-toc-title-toggle\"><a href=\"#\" class=\"ez-toc-pull-right ez-toc-btn ez-toc-btn-xs ez-toc-btn-default ez-toc-toggle\" aria-label=\"Alternar tabela de conte\u00fado\"><span class=\"ez-toc-js-icon-con\"><span class=\"\"><span class=\"eztoc-hide\" style=\"display:none;\">Toggle<\/span><span class=\"ez-toc-icon-toggle-span\"><svg style=\"fill: #999;color:#999\" xmlns=\"http:\/\/www.w3.org\/2000\/svg\" class=\"list-377408\" width=\"20px\" height=\"20px\" viewBox=\"0 0 24 24\" fill=\"none\"><path d=\"M6 6H4v2h2V6zm14 0H8v2h12V6zM4 11h2v2H4v-2zm16 0H8v2h12v-2zM4 16h2v2H4v-2zm16 0H8v2h12v-2z\" fill=\"currentColor\"><\/path><\/svg><svg style=\"fill: #999;color:#999\" class=\"arrow-unsorted-368013\" xmlns=\"http:\/\/www.w3.org\/2000\/svg\" width=\"10px\" height=\"10px\" viewBox=\"0 0 24 24\" version=\"1.2\" baseProfile=\"tiny\"><path d=\"M18.2 9.3l-6.2-6.3-6.2 6.3c-.2.2-.3.4-.3.7s.1.5.3.7c.2.2.4.3.7.3h11c.3 0 .5-.1.7-.3.2-.2.3-.5.3-.7s-.1-.5-.3-.7zM5.8 14.7l6.2 6.3 6.2-6.3c.2-.2.3-.5.3-.7s-.1-.5-.3-.7c-.2-.2-.4-.3-.7-.3h-11c-.3 0-.5.1-.7.3-.2.2-.3.5-.3.7s.1.5.3.7z\"\/><\/svg><\/span><\/span><\/span><\/a><\/span><\/div>\n<nav><ul class='ez-toc-list ez-toc-list-level-1 ' ><li class='ez-toc-page-1 ez-toc-heading-level-2'><a class=\"ez-toc-link ez-toc-heading-1\" href=\"https:\/\/quantocustaviajar.com\/blog\/pontos-turisticos-em-sao-joao-del-rei\/#Principais_pontos_turisticos_em_Sao_Joao_Del_Rei\" >Principais pontos tur\u00edsticos em S\u00e3o Jo\u00e3o Del Rei<\/a><ul class='ez-toc-list-level-3' ><li class='ez-toc-heading-level-3'><a class=\"ez-toc-link ez-toc-heading-2\" href=\"https:\/\/quantocustaviajar.com\/blog\/pontos-turisticos-em-sao-joao-del-rei\/#1_Igreja_de_Sao_Francisco_de_Assis\" >1.&nbsp;Igreja de S\u00e3o Francisco de Assis<\/a><\/li><li class='ez-toc-page-1 ez-toc-heading-level-3'><a class=\"ez-toc-link ez-toc-heading-3\" href=\"https:\/\/quantocustaviajar.com\/blog\/pontos-turisticos-em-sao-joao-del-rei\/#2_Chafariz_da_Legalidade\" >2.&nbsp;Chafariz da Legalidade<\/a><\/li><li class='ez-toc-page-1 ez-toc-heading-level-3'><a class=\"ez-toc-link ez-toc-heading-4\" href=\"https:\/\/quantocustaviajar.com\/blog\/pontos-turisticos-em-sao-joao-del-rei\/#3_Maria_Fumaca\" >3.&nbsp;Maria Fuma\u00e7a<\/a><\/li><li class='ez-toc-page-1 ez-toc-heading-level-3'><a class=\"ez-toc-link ez-toc-heading-5\" href=\"https:\/\/quantocustaviajar.com\/blog\/pontos-turisticos-em-sao-joao-del-rei\/#4_Cemiterio_das_Merces\" >4.&nbsp;Cemit\u00e9rio das Merc\u00eas<\/a><\/li><li class='ez-toc-page-1 ez-toc-heading-level-3'><a class=\"ez-toc-link ez-toc-heading-6\" href=\"https:\/\/quantocustaviajar.com\/blog\/pontos-turisticos-em-sao-joao-del-rei\/#5_Museu_Regional_de_Sao_Joao_Del_Rei\" >5.&nbsp;Museu Regional de S\u00e3o Jo\u00e3o Del Rei<\/a><\/li><li class='ez-toc-page-1 ez-toc-heading-level-3'><a class=\"ez-toc-link ez-toc-heading-7\" href=\"https:\/\/quantocustaviajar.com\/blog\/pontos-turisticos-em-sao-joao-del-rei\/#6_Teatro_Municipal\" >6.&nbsp;Teatro Municipal<\/a><\/li><\/ul><\/li><li class='ez-toc-page-1 ez-toc-heading-level-2'><a class=\"ez-toc-link ez-toc-heading-8\" href=\"https:\/\/quantocustaviajar.com\/blog\/pontos-turisticos-em-sao-joao-del-rei\/#Gastronomia_e_vida_noturna_em_Sao_Joao_Del_Rei\" >Gastronomia e vida noturna em S\u00e3o Jo\u00e3o Del Rei<\/a><\/li><li class='ez-toc-page-1 ez-toc-heading-level-2'><a class=\"ez-toc-link ez-toc-heading-9\" href=\"https:\/\/quantocustaviajar.com\/blog\/pontos-turisticos-em-sao-joao-del-rei\/#Melhor_epoca_para_visitar_Sao_Joao_Del_Rei\" >Melhor \u00e9poca para visitar S\u00e3o Jo\u00e3o Del Rei<\/a><\/li><li class='ez-toc-page-1 ez-toc-heading-level-2'><a class=\"ez-toc-link ez-toc-heading-10\" href=\"https:\/\/quantocustaviajar.com\/blog\/pontos-turisticos-em-sao-joao-del-rei\/#Melhores_regioes_para_hospedagem\" >Melhores regi\u00f5es para hospedagem<\/a><\/li><\/ul><\/nav><\/div>\n\n\n\n\n<h2 class=\"wp-block-heading\"><span class=\"ez-toc-section\" id=\"Principais_pontos_turisticos_em_Sao_Joao_Del_Rei\"><\/span>Principais pontos tur\u00edsticos em S\u00e3o Jo\u00e3o Del Rei<span class=\"ez-toc-section-end\"><\/span><\/h2>\n\n\n\n<figure class=\"wp-block-image size-full\"><img loading=\"lazy\" decoding=\"async\" width=\"1024\" height=\"683\" src=\"https:\/\/quantocustaviajar.com\/blog\/wp-content\/uploads\/2025\/01\/pontos-turisticos-em-sao-joao-del-rei-02.jpg\" alt=\"pontos tur\u00edsticos em S\u00e3o Jo\u00e3o Del Rei\" class=\"wp-image-72023\" srcset=\"https:\/\/quantocustaviajar.com\/blog\/wp-content\/uploads\/2025\/01\/pontos-turisticos-em-sao-joao-del-rei-02.jpg 1024w, https:\/\/quantocustaviajar.com\/blog\/wp-content\/uploads\/2025\/01\/pontos-turisticos-em-sao-joao-del-rei-02-300x200.jpg 300w, https:\/\/quantocustaviajar.com\/blog\/wp-content\/uploads\/2025\/01\/pontos-turisticos-em-sao-joao-del-rei-02-768x512.jpg 768w\" sizes=\"auto, (max-width: 1024px) 100vw, 1024px\" \/><figcaption>Foto: <a href=\"https:\/\/commons.wikimedia.org\/wiki\/File:Apreciando_S\u00e3o_Jo\u00e3o_del_Rei_1.jpg\" target=\"_blank\" rel=\"noreferrer noopener\">Wikimedia Commons<\/a><\/figcaption><\/figure>\n\n\n\n<h3 class=\"wp-block-heading\"><span class=\"ez-toc-section\" id=\"1_Igreja_de_Sao_Francisco_de_Assis\"><\/span>1.&nbsp;<strong>Igreja de S\u00e3o Francisco de Assis<\/strong><span class=\"ez-toc-section-end\"><\/span><\/h3>\n\n\n\n<p>Um dos mais belos exemplos da arquitetura barroca no Brasil, a Igreja de S\u00e3o Francisco de Assis foi projetada por Aleijadinho. Constru\u00edda no s\u00e9culo XVIII, ela impressiona pelos detalhes em pedra-sab\u00e3o e pelos exuberantes jardins.<\/p>\n\n\n\n<ul class=\"wp-block-list\"><li><strong>Hist\u00f3ria<\/strong>: Constru\u00edda entre 1774 e 1810, \u00e9 um marco do barroco mineiro.<\/li><li><strong>Ideal para crian\u00e7as?<\/strong>: N\u00e3o \u00e9 um local com atividades espec\u00edficas para os pequenos, mas \u00e9 uma excelente oportunidade de aprendizado cultural.<\/li><\/ul>\n\n\n\n<h3 class=\"wp-block-heading\"><span class=\"ez-toc-section\" id=\"2_Chafariz_da_Legalidade\"><\/span>2.&nbsp;<strong>Chafariz da Legalidade<\/strong><span class=\"ez-toc-section-end\"><\/span><\/h3>\n\n\n\n<p>Datado de 1834, o Chafariz da Legalidade \u00e9 um \u00edcone hist\u00f3rico, usado originalmente para abastecimento de \u00e1gua da cidade.<\/p>\n\n\n\n<ul class=\"wp-block-list\"><li><strong>Hist\u00f3ria<\/strong>: Simboliza o per\u00edodo imperial e a resist\u00eancia pol\u00edtica durante a Revolu\u00e7\u00e3o Liberal de 1842.<\/li><li><strong>Ideal para crian\u00e7as?<\/strong>: Sim, o local \u00e9 ao ar livre e permite momentos descontra\u00eddos em fam\u00edlia.<\/li><\/ul>\n\n\n\n<h3 class=\"wp-block-heading\"><span class=\"ez-toc-section\" id=\"3_Maria_Fumaca\"><\/span>3.&nbsp;<strong>Maria Fuma\u00e7a<\/strong><span class=\"ez-toc-section-end\"><\/span><\/h3>\n\n\n\n<p>O passeio de trem entre S\u00e3o Jo\u00e3o Del Rei e Tiradentes \u00e9 imperd\u00edvel. A locomotiva a vapor oferece uma viagem nost\u00e1lgica e cheia de belas paisagens.<\/p>\n\n\n\n<ul class=\"wp-block-list\"><li><strong>Hist\u00f3ria<\/strong>: Criada em 1881, foi inaugurada por Dom Pedro II.<\/li><li><strong>Ideal para crian\u00e7as?<\/strong>: Sim! \u00c9 uma experi\u00eancia encantadora para todas as idades.<\/li><\/ul>\n\n\n\n<h3 class=\"wp-block-heading\"><span class=\"ez-toc-section\" id=\"4_Cemiterio_das_Merces\"><\/span>4.&nbsp;<strong>Cemit\u00e9rio das Merc\u00eas<\/strong><span class=\"ez-toc-section-end\"><\/span><\/h3>\n\n\n\n<p>Conhecido por seus t\u00famulos art\u00edsticos e hist\u00f3ricos, \u00e9 um ponto de reflex\u00e3o e beleza arquitet\u00f4nica.<\/p>\n\n\n\n<ul class=\"wp-block-list\"><li><strong>Hist\u00f3ria<\/strong>: Fundado no s\u00e9culo XIX, abriga sepulturas de figuras ilustres da cidade.<\/li><li><strong>Ideal para crian\u00e7as?<\/strong>: Depende, pois o ambiente pode n\u00e3o ser atrativo para os pequenos.<\/li><\/ul>\n\n\n\n<h3 class=\"wp-block-heading\"><span class=\"ez-toc-section\" id=\"5_Museu_Regional_de_Sao_Joao_Del_Rei\"><\/span>5.&nbsp;<strong>Museu Regional de S\u00e3o Jo\u00e3o Del Rei<\/strong><span class=\"ez-toc-section-end\"><\/span><\/h3>\n\n\n\n<p>O museu exibe uma rica cole\u00e7\u00e3o de arte sacra e objetos que retratam a vida cotidiana no per\u00edodo colonial.<\/p>\n\n\n\n<ul class=\"wp-block-list\"><li><strong>Hist\u00f3ria<\/strong>: Instalado em um casar\u00e3o do s\u00e9culo XVIII, preserva a mem\u00f3ria da regi\u00e3o.<\/li><li><strong>Ideal para crian\u00e7as?<\/strong>: Sim, com supervis\u00e3o, h\u00e1 muito para aprender.<\/li><\/ul>\n\n\n\n<h3 class=\"wp-block-heading\"><span class=\"ez-toc-section\" id=\"6_Teatro_Municipal\"><\/span>6.&nbsp;<strong>Teatro Municipal<\/strong><span class=\"ez-toc-section-end\"><\/span><\/h3>\n\n\n\n<p>Constru\u00eddo em 1893, \u00e9 um bel\u00edssimo exemplar da arquitetura e cultura da \u00e9poca.<\/p>\n\n\n\n<ul class=\"wp-block-list\"><li><strong>Hist\u00f3ria<\/strong>: Recebe pe\u00e7as, shows e eventos culturais at\u00e9 hoje.<\/li><li><strong>Ideal para crian\u00e7as?<\/strong>: Depende da programa\u00e7\u00e3o.<\/li><\/ul>\n\n\n\n<h2 class=\"wp-block-heading\"><span class=\"ez-toc-section\" id=\"Gastronomia_e_vida_noturna_em_Sao_Joao_Del_Rei\"><\/span>Gastronomia e vida noturna em S\u00e3o Jo\u00e3o Del Rei<span class=\"ez-toc-section-end\"><\/span><\/h2>\n\n\n\n<p>A cidade \u00e9 conhecida por sua rica culin\u00e1ria mineira e por seus bares aconchegantes. Alguns pratos t\u00edpicos incluem:<\/p>\n\n\n\n<ul class=\"wp-block-list\"><li><strong>Tutu de feij\u00e3o<\/strong><\/li><li><strong>Frango com quiabo<\/strong><\/li><li><strong>P\u00e3o de queijo<\/strong><\/li><li><strong>Doce de leite artesanal<\/strong><\/li><\/ul>\n\n\n\n<p><strong>Restaurantes e bares recomendados:<\/strong><\/p>\n\n\n\n<ul class=\"wp-block-list\"><li><strong>Estalagem do Sabor<\/strong>: Famoso por seu feij\u00e3o tropeiro e costelinha de porco.<\/li><li><strong><a href=\"https:\/\/www.instagram.com\/tabernad.omar\/\" target=\"_blank\" rel=\"noreferrer noopener\">Taberna d\u2019Omar<\/a><\/strong>: Um ambiente descolado com cervejas artesanais e petiscos tradicionais.<\/li><li><strong><a href=\"https:\/\/www.instagram.com\/armazemdochef\/\" target=\"_blank\" rel=\"noreferrer noopener\">Armaz\u00e9m do Chef<\/a><\/strong>: Conhecido pela m\u00fasica ao vivo e drinques criativos.<\/li><\/ul>\n\n\n\n<h2 class=\"wp-block-heading\"><span class=\"ez-toc-section\" id=\"Melhor_epoca_para_visitar_Sao_Joao_Del_Rei\"><\/span>Melhor \u00e9poca para visitar S\u00e3o Jo\u00e3o Del Rei<span class=\"ez-toc-section-end\"><\/span><\/h2>\n\n\n\n<p>A melhor \u00e9poca para explorar os&nbsp;<strong>pontos tur\u00edsticos em S\u00e3o Jo\u00e3o Del Rei<\/strong>&nbsp;\u00e9 entre abril e setembro, durante a esta\u00e7\u00e3o seca. Al\u00e9m disso, eventos religiosos como a Semana Santa s\u00e3o imperd\u00edveis, proporcionando uma experi\u00eancia cultural \u00fanica.<\/p>\n\n\n\n<h2 class=\"wp-block-heading\"><span class=\"ez-toc-section\" id=\"Melhores_regioes_para_hospedagem\"><\/span>Melhores regi\u00f5es para hospedagem<span class=\"ez-toc-section-end\"><\/span><\/h2>\n\n\n\n<ul class=\"wp-block-list\"><li><strong>Centro Hist\u00f3rico<\/strong>: Ideal para quem deseja explorar os principais pontos tur\u00edsticos a p\u00e9.<\/li><li><strong>Col\u00f4nia do Mar\u00e7al<\/strong>: Uma op\u00e7\u00e3o mais tranquila, perfeita para fam\u00edlias.<\/li><li><strong>Proximidades da Esta\u00e7\u00e3o Ferrovi\u00e1ria<\/strong>: \u00d3tima para viajantes que desejam fazer o passeio da Maria Fuma\u00e7a.<\/li><li>Confira aqui dicas de <a href=\"https:\/\/quantocustaviajar.com\/blog\/guia-de-pousada-em-sao-joao-del-rei\/\">pousada em S\u00e3o Jo\u00e3o del Rei<\/a><\/li><\/ul>\n\n\n\n<p>S\u00e3o Jo\u00e3o Del Rei \u00e9 um destino repleto de charme, hist\u00f3ria e del\u00edcias gastron\u00f4micas. Planeje sua visita para aproveitar ao m\u00e1ximo os\u00a0<strong>pontos tur\u00edsticos em S\u00e3o Jo\u00e3o Del Rei<\/strong>\u00a0e vivencie o melhor de Minas Gerais!<\/p>\n","protected":false},"excerpt":{"rendered":"<p>S\u00e3o Jo\u00e3o Del Rei, em Minas Gerais, \u00e9 uma cidade rica em hist\u00f3ria, cultura e tradi\u00e7\u00f5es. Conhecida por sua arquitetura colonial, igrejas barrocas e uma atmosfera acolhedora, \u00e9 um destino perfeito para quem busca uma experi\u00eancia \u00fanica no cora\u00e7\u00e3o do Brasil. Neste guia completo, vamos explorar os principais pontos tur\u00edsticos em S\u00e3o Jo\u00e3o Del Rei, [&hellip;]<\/p>\n","protected":false},"author":19,"featured_media":72022,"comment_status":"open","ping_status":"open","sticky":false,"template":"page-templates\/featured-img-above.php","format":"standard","meta":{"cybocfi_hide_featured_image":"","footnotes":""},"categories":[1434],"tags":[135,266,77,211,529,321,16],"class_list":["post-72021","post","type-post","status-publish","format-standard","has-post-thumbnail","hentry","category-descubra-brasil","tag-atracoes","tag-brasil","tag-dicas","tag-o-que-fazer","tag-onde-ir","tag-passeios","tag-viagem"],"blocksy_meta":[],"yoast_head":"<!-- This site is optimized with the Yoast SEO plugin v26.3 - https:\/\/yoast.com\/wordpress\/plugins\/seo\/ -->\n<title>Pontos tur\u00edsticos em S\u00e3o Jo\u00e3o Del Rei - organize seu roteiro<\/title>\n<meta name=\"description\" content=\"Descubra os melhores pontos tur\u00edsticos em S\u00e3o Jo\u00e3o Del Rei, com dicas de hist\u00f3ria, gastronomia, hospedagem e as melhores \u00e9pocas para visitar.\" \/>\n<meta name=\"robots\" content=\"index, follow, max-snippet:-1, max-image-preview:large, max-video-preview:-1\" \/>\n<link rel=\"canonical\" href=\"https:\/\/quantocustaviajar.com\/blog\/pontos-turisticos-em-sao-joao-del-rei\/\" \/>\n<meta property=\"og:locale\" content=\"pt_BR\" \/>\n<meta property=\"og:type\" content=\"article\" \/>\n<meta property=\"og:title\" content=\"Pontos tur\u00edsticos em S\u00e3o Jo\u00e3o Del Rei - organize seu roteiro\" \/>\n<meta property=\"og:description\" content=\"Descubra os melhores pontos tur\u00edsticos em S\u00e3o Jo\u00e3o Del Rei, com dicas de hist\u00f3ria, gastronomia, hospedagem e as melhores \u00e9pocas para visitar.\" \/>\n<meta property=\"og:url\" content=\"https:\/\/quantocustaviajar.com\/blog\/pontos-turisticos-em-sao-joao-del-rei\/\" \/>\n<meta property=\"og:site_name\" content=\"Blog Quanto Custa Viajar\" \/>\n<meta property=\"article:publisher\" content=\"https:\/\/www.facebook.com\/quantocustaviajar\" \/>\n<meta property=\"article:published_time\" content=\"2025-01-21T16:30:59+00:00\" \/>\n<meta property=\"article:modified_time\" content=\"2025-06-10T18:30:05+00:00\" \/>\n<meta property=\"og:image\" content=\"https:\/\/quantocustaviajar.com\/blog\/wp-content\/uploads\/2025\/01\/pontos-turisticos-em-sao-joao-del-rei-01.jpg\" \/>\n\t<meta property=\"og:image:width\" content=\"1024\" \/>\n\t<meta property=\"og:image:height\" content=\"652\" \/>\n\t<meta property=\"og:image:type\" content=\"image\/jpeg\" \/>\n<meta name=\"author\" content=\"Sheila Almendros\" \/>\n<meta name=\"twitter:card\" content=\"summary_large_image\" \/>\n<meta name=\"twitter:label1\" content=\"Escrito por\" \/>\n\t<meta name=\"twitter:data1\" content=\"Sheila Almendros\" \/>\n\t<meta name=\"twitter:label2\" content=\"Est. tempo de leitura\" \/>\n\t<meta name=\"twitter:data2\" content=\"4 minutos\" \/>\n<!-- \/ Yoast SEO plugin. -->","yoast_head_json":{"title":"Pontos tur\u00edsticos em S\u00e3o Jo\u00e3o Del Rei - organize seu roteiro","description":"Descubra os melhores pontos tur\u00edsticos em S\u00e3o Jo\u00e3o Del Rei, com dicas de hist\u00f3ria, gastronomia, hospedagem e as melhores \u00e9pocas para visitar.","robots":{"index":"index","follow":"follow","max-snippet":"max-snippet:-1","max-image-preview":"max-image-preview:large","max-video-preview":"max-video-preview:-1"},"canonical":"https:\/\/quantocustaviajar.com\/blog\/pontos-turisticos-em-sao-joao-del-rei\/","og_locale":"pt_BR","og_type":"article","og_title":"Pontos tur\u00edsticos em S\u00e3o Jo\u00e3o Del Rei - organize seu roteiro","og_description":"Descubra os melhores pontos tur\u00edsticos em S\u00e3o Jo\u00e3o Del Rei, com dicas de hist\u00f3ria, gastronomia, hospedagem e as melhores \u00e9pocas para visitar.","og_url":"https:\/\/quantocustaviajar.com\/blog\/pontos-turisticos-em-sao-joao-del-rei\/","og_site_name":"Blog Quanto Custa Viajar","article_publisher":"https:\/\/www.facebook.com\/quantocustaviajar","article_published_time":"2025-01-21T16:30:59+00:00","article_modified_time":"2025-06-10T18:30:05+00:00","og_image":[{"width":1024,"height":652,"url":"https:\/\/quantocustaviajar.com\/blog\/wp-content\/uploads\/2025\/01\/pontos-turisticos-em-sao-joao-del-rei-01.jpg","type":"image\/jpeg"}],"author":"Sheila Almendros","twitter_card":"summary_large_image","twitter_misc":{"Escrito por":"Sheila Almendros","Est. tempo de leitura":"4 minutos"},"schema":{"@context":"https:\/\/schema.org","@graph":[{"@type":["Article","BlogPosting"],"@id":"https:\/\/quantocustaviajar.com\/blog\/pontos-turisticos-em-sao-joao-del-rei\/#article","isPartOf":{"@id":"https:\/\/quantocustaviajar.com\/blog\/pontos-turisticos-em-sao-joao-del-rei\/"},"author":{"name":"Sheila Almendros","@id":"https:\/\/quantocustaviajar.com\/blog\/#\/schema\/person\/66bc96b9076769d61f47e383ac516439"},"headline":"Descubra os melhores pontos tur\u00edsticos em S\u00e3o Jo\u00e3o Del Rei","datePublished":"2025-01-21T16:30:59+00:00","dateModified":"2025-06-10T18:30:05+00:00","mainEntityOfPage":{"@id":"https:\/\/quantocustaviajar.com\/blog\/pontos-turisticos-em-sao-joao-del-rei\/"},"wordCount":700,"commentCount":0,"publisher":{"@id":"https:\/\/quantocustaviajar.com\/blog\/#organization"},"image":{"@id":"https:\/\/quantocustaviajar.com\/blog\/pontos-turisticos-em-sao-joao-del-rei\/#primaryimage"},"thumbnailUrl":"https:\/\/quantocustaviajar.com\/blog\/wp-content\/uploads\/2025\/01\/pontos-turisticos-em-sao-joao-del-rei-01.jpg","keywords":["atra\u00e7\u00f5es","Brasil","dicas","o que fazer","onde ir","passeios","viagem"],"articleSection":["Descubra o Brasil"],"inLanguage":"pt-BR","potentialAction":[{"@type":"CommentAction","name":"Comment","target":["https:\/\/quantocustaviajar.com\/blog\/pontos-turisticos-em-sao-joao-del-rei\/#respond"]}]},{"@type":"WebPage","@id":"https:\/\/quantocustaviajar.com\/blog\/pontos-turisticos-em-sao-joao-del-rei\/","url":"https:\/\/quantocustaviajar.com\/blog\/pontos-turisticos-em-sao-joao-del-rei\/","name":"Pontos tur\u00edsticos em S\u00e3o Jo\u00e3o Del Rei - organize seu roteiro","isPartOf":{"@id":"https:\/\/quantocustaviajar.com\/blog\/#website"},"primaryImageOfPage":{"@id":"https:\/\/quantocustaviajar.com\/blog\/pontos-turisticos-em-sao-joao-del-rei\/#primaryimage"},"image":{"@id":"https:\/\/quantocustaviajar.com\/blog\/pontos-turisticos-em-sao-joao-del-rei\/#primaryimage"},"thumbnailUrl":"https:\/\/quantocustaviajar.com\/blog\/wp-content\/uploads\/2025\/01\/pontos-turisticos-em-sao-joao-del-rei-01.jpg","datePublished":"2025-01-21T16:30:59+00:00","dateModified":"2025-06-10T18:30:05+00:00","description":"Descubra os melhores pontos tur\u00edsticos em S\u00e3o Jo\u00e3o Del Rei, com dicas de hist\u00f3ria, gastronomia, hospedagem e as melhores \u00e9pocas para visitar.","breadcrumb":{"@id":"https:\/\/quantocustaviajar.com\/blog\/pontos-turisticos-em-sao-joao-del-rei\/#breadcrumb"},"inLanguage":"pt-BR","potentialAction":[{"@type":"ReadAction","target":["https:\/\/quantocustaviajar.com\/blog\/pontos-turisticos-em-sao-joao-del-rei\/"]}]},{"@type":"ImageObject","inLanguage":"pt-BR","@id":"https:\/\/quantocustaviajar.com\/blog\/pontos-turisticos-em-sao-joao-del-rei\/#primaryimage","url":"https:\/\/quantocustaviajar.com\/blog\/wp-content\/uploads\/2025\/01\/pontos-turisticos-em-sao-joao-del-rei-01.jpg","contentUrl":"https:\/\/quantocustaviajar.com\/blog\/wp-content\/uploads\/2025\/01\/pontos-turisticos-em-sao-joao-del-rei-01.jpg","width":1024,"height":652,"caption":"Igreja de Nossa Senhora das Merces"},{"@type":"BreadcrumbList","@id":"https:\/\/quantocustaviajar.com\/blog\/pontos-turisticos-em-sao-joao-del-rei\/#breadcrumb","itemListElement":[{"@type":"ListItem","position":1,"name":"In\u00edcio","item":"https:\/\/quantocustaviajar.com\/blog\/"},{"@type":"ListItem","position":2,"name":"Descubra os melhores pontos tur\u00edsticos em S\u00e3o Jo\u00e3o Del Rei"}]},{"@type":"WebSite","@id":"https:\/\/quantocustaviajar.com\/blog\/#website","url":"https:\/\/quantocustaviajar.com\/blog\/","name":"Blog Quanto Custa Viajar","description":"","publisher":{"@id":"https:\/\/quantocustaviajar.com\/blog\/#organization"},"potentialAction":[{"@type":"SearchAction","target":{"@type":"EntryPoint","urlTemplate":"https:\/\/quantocustaviajar.com\/blog\/?s={search_term_string}"},"query-input":{"@type":"PropertyValueSpecification","valueRequired":true,"valueName":"search_term_string"}}],"inLanguage":"pt-BR"},{"@type":"Organization","@id":"https:\/\/quantocustaviajar.com\/blog\/#organization","name":"Quanto Custa Viajar","url":"https:\/\/quantocustaviajar.com\/blog\/","logo":{"@type":"ImageObject","inLanguage":"pt-BR","@id":"https:\/\/quantocustaviajar.com\/blog\/#\/schema\/logo\/image\/","url":"","contentUrl":"","caption":"Quanto Custa Viajar"},"image":{"@id":"https:\/\/quantocustaviajar.com\/blog\/#\/schema\/logo\/image\/"},"sameAs":["https:\/\/www.facebook.com\/quantocustaviajar"]},{"@type":"Person","@id":"https:\/\/quantocustaviajar.com\/blog\/#\/schema\/person\/66bc96b9076769d61f47e383ac516439","name":"Sheila Almendros","image":{"@type":"ImageObject","inLanguage":"pt-BR","@id":"https:\/\/quantocustaviajar.com\/blog\/#\/schema\/person\/image\/","url":"https:\/\/secure.gravatar.com\/avatar\/f38e2f0e4f0d273587e0882ec5d6afa5cd3463efd68233d49b41368144e219b5?s=96&d=mm&r=g","contentUrl":"https:\/\/secure.gravatar.com\/avatar\/f38e2f0e4f0d273587e0882ec5d6afa5cd3463efd68233d49b41368144e219b5?s=96&d=mm&r=g","caption":"Sheila Almendros"},"description":"Jornalista, produtora de conte\u00fado web e apaixonada pelo mundo.","url":"https:\/\/quantocustaviajar.com\/blog\/author\/sheila-almendros\/"}]}},"_links":{"self":[{"href":"https:\/\/quantocustaviajar.com\/blog\/wp-json\/wp\/v2\/posts\/72021","targetHints":{"allow":["GET"]}}],"collection":[{"href":"https:\/\/quantocustaviajar.com\/blog\/wp-json\/wp\/v2\/posts"}],"about":[{"href":"https:\/\/quantocustaviajar.com\/blog\/wp-json\/wp\/v2\/types\/post"}],"author":[{"embeddable":true,"href":"https:\/\/quantocustaviajar.com\/blog\/wp-json\/wp\/v2\/users\/19"}],"replies":[{"embeddable":true,"href":"https:\/\/quantocustaviajar.com\/blog\/wp-json\/wp\/v2\/comments?post=72021"}],"version-history":[{"count":2,"href":"https:\/\/quantocustaviajar.com\/blog\/wp-json\/wp\/v2\/posts\/72021\/revisions"}],"predecessor-version":[{"id":72331,"href":"https:\/\/quantocustaviajar.com\/blog\/wp-json\/wp\/v2\/posts\/72021\/revisions\/72331"}],"wp:featuredmedia":[{"embeddable":true,"href":"https:\/\/quantocustaviajar.com\/blog\/wp-json\/wp\/v2\/media\/72022"}],"wp:attachment":[{"href":"https:\/\/quantocustaviajar.com\/blog\/wp-json\/wp\/v2\/media?parent=72021"}],"wp:term":[{"taxonomy":"category","embeddable":true,"href":"https:\/\/quantocustaviajar.com\/blog\/wp-json\/wp\/v2\/categories?post=72021"},{"taxonomy":"post_tag","embeddable":true,"href":"https:\/\/quantocustaviajar.com\/blog\/wp-json\/wp\/v2\/tags?post=72021"}],"curies":[{"name":"wp","href":"https:\/\/api.w.org\/{rel}","templated":true}]}}