{"id":71814,"date":"2025-01-24T16:00:46","date_gmt":"2025-01-24T16:00:46","guid":{"rendered":"https:\/\/quantocustaviajar.com\/blog\/?p=71814"},"modified":"2025-06-10T18:19:15","modified_gmt":"2025-06-10T18:19:15","slug":"guia-de-montes-claros","status":"publish","type":"post","link":"https:\/\/quantocustaviajar.com\/blog\/guia-de-montes-claros\/","title":{"rendered":"Explore as belezas de MG: saiba tudo sobre o norte neste guia de Montes Claros"},"content":{"rendered":"\n<p>Montes Claros \u00e9 uma cidade vibrante e cheia de hist\u00f3ria localizada no estado de <a href=\"https:\/\/quantocustaviajar.com\/blog\/cidades-legais-para-viajar-em-minas-gerais\/\">Minas Gerais<\/a>, conhecida por sua hospitalidade, paisagens naturais e um mix de cultura tradicional e moderna. A cidade \u00e9 considerada a capital do Norte de Minas e serve como um centro regional de com\u00e9rcio, sa\u00fade e educa\u00e7\u00e3o. Se voc\u00ea est\u00e1 planejando uma visita, confira este <strong>guia de Montes Claros<\/strong>!<\/p><div id=\"ez-toc-container\" class=\"ez-toc-v2_0_76 ez-toc-wrap-left counter-hierarchy ez-toc-counter ez-toc-light-blue ez-toc-container-direction\">\n<div class=\"ez-toc-title-container\">\n<p class=\"ez-toc-title\" style=\"cursor:inherit\">Aqui voc\u00ea ir\u00e1 encontrar<\/p>\n<span class=\"ez-toc-title-toggle\"><a href=\"#\" class=\"ez-toc-pull-right ez-toc-btn ez-toc-btn-xs ez-toc-btn-default ez-toc-toggle\" aria-label=\"Alternar tabela de conte\u00fado\"><span class=\"ez-toc-js-icon-con\"><span class=\"\"><span class=\"eztoc-hide\" style=\"display:none;\">Toggle<\/span><span class=\"ez-toc-icon-toggle-span\"><svg style=\"fill: #999;color:#999\" xmlns=\"http:\/\/www.w3.org\/2000\/svg\" class=\"list-377408\" width=\"20px\" height=\"20px\" viewBox=\"0 0 24 24\" fill=\"none\"><path d=\"M6 6H4v2h2V6zm14 0H8v2h12V6zM4 11h2v2H4v-2zm16 0H8v2h12v-2zM4 16h2v2H4v-2zm16 0H8v2h12v-2z\" fill=\"currentColor\"><\/path><\/svg><svg style=\"fill: #999;color:#999\" class=\"arrow-unsorted-368013\" xmlns=\"http:\/\/www.w3.org\/2000\/svg\" width=\"10px\" height=\"10px\" viewBox=\"0 0 24 24\" version=\"1.2\" baseProfile=\"tiny\"><path d=\"M18.2 9.3l-6.2-6.3-6.2 6.3c-.2.2-.3.4-.3.7s.1.5.3.7c.2.2.4.3.7.3h11c.3 0 .5-.1.7-.3.2-.2.3-.5.3-.7s-.1-.5-.3-.7zM5.8 14.7l6.2 6.3 6.2-6.3c.2-.2.3-.5.3-.7s-.1-.5-.3-.7c-.2-.2-.4-.3-.7-.3h-11c-.3 0-.5.1-.7.3-.2.2-.3.5-.3.7s.1.5.3.7z\"\/><\/svg><\/span><\/span><\/span><\/a><\/span><\/div>\n<nav><ul class='ez-toc-list ez-toc-list-level-1 ' ><li class='ez-toc-page-1 ez-toc-heading-level-2'><a class=\"ez-toc-link ez-toc-heading-1\" href=\"https:\/\/quantocustaviajar.com\/blog\/guia-de-montes-claros\/#Guia_de_Montes_Claros\" >Guia de Montes Claros<\/a><ul class='ez-toc-list-level-3' ><li class='ez-toc-heading-level-3'><a class=\"ez-toc-link ez-toc-heading-2\" href=\"https:\/\/quantocustaviajar.com\/blog\/guia-de-montes-claros\/#O_que_Fazer_em_Montes_Claros\" >O que Fazer em Montes Claros<\/a><ul class='ez-toc-list-level-4' ><li class='ez-toc-heading-level-4'><a class=\"ez-toc-link ez-toc-heading-3\" href=\"https:\/\/quantocustaviajar.com\/blog\/guia-de-montes-claros\/#Praca_Doutor_Chaves\" >Pra\u00e7a Doutor Chaves<\/a><\/li><li class='ez-toc-page-1 ez-toc-heading-level-4'><a class=\"ez-toc-link ez-toc-heading-4\" href=\"https:\/\/quantocustaviajar.com\/blog\/guia-de-montes-claros\/#Museu_do_Folclore_de_Montes_Claros\" >Museu do Folclore de Montes Claros<\/a><\/li><li class='ez-toc-page-1 ez-toc-heading-level-4'><a class=\"ez-toc-link ez-toc-heading-5\" href=\"https:\/\/quantocustaviajar.com\/blog\/guia-de-montes-claros\/#Parque_Nacional_da_Serra_do_Espinhaco\" >Parque Nacional da Serra do Espinha\u00e7o<\/a><\/li><li class='ez-toc-page-1 ez-toc-heading-level-4'><a class=\"ez-toc-link ez-toc-heading-6\" href=\"https:\/\/quantocustaviajar.com\/blog\/guia-de-montes-claros\/#Igreja_de_Sao_Jose\" >Igreja de S\u00e3o Jos\u00e9<\/a><\/li><li class='ez-toc-page-1 ez-toc-heading-level-4'><a class=\"ez-toc-link ez-toc-heading-7\" href=\"https:\/\/quantocustaviajar.com\/blog\/guia-de-montes-claros\/#Comercio_e_Compras\" >Com\u00e9rcio e Compras<\/a><\/li><\/ul><\/li><li class='ez-toc-page-1 ez-toc-heading-level-3'><a class=\"ez-toc-link ez-toc-heading-8\" href=\"https:\/\/quantocustaviajar.com\/blog\/guia-de-montes-claros\/#Gastronomia\" >Gastronomia<\/a><\/li><li class='ez-toc-page-1 ez-toc-heading-level-3'><a class=\"ez-toc-link ez-toc-heading-9\" href=\"https:\/\/quantocustaviajar.com\/blog\/guia-de-montes-claros\/#Hospedagem_guia_de_Montes_Claros\" >Hospedagem: guia de Montes Claros<\/a><\/li><li class='ez-toc-page-1 ez-toc-heading-level-3'><a class=\"ez-toc-link ez-toc-heading-10\" href=\"https:\/\/quantocustaviajar.com\/blog\/guia-de-montes-claros\/#Como_chegar_a_Montes_Claros\" >Como chegar a Montes Claros<\/a><\/li><li class='ez-toc-page-1 ez-toc-heading-level-3'><a class=\"ez-toc-link ez-toc-heading-11\" href=\"https:\/\/quantocustaviajar.com\/blog\/guia-de-montes-claros\/#Melhor_epoca_para_visitar_Montes_Claros\" >Melhor \u00e9poca para visitar Montes Claros<\/a><\/li><\/ul><\/li><\/ul><\/nav><\/div>\n\n\n\n\n<p><a href=\"https:\/\/www.turismocity.com.br\/carros\" target=\"_blank\" rel=\"noreferrer noopener\">Encontre aqui pre\u00e7os de aluguel de carro para essa viagem<\/a><\/p>\n\n\n\n<h2 class=\"wp-block-heading\"><span class=\"ez-toc-section\" id=\"Guia_de_Montes_Claros\"><\/span>Guia de Montes Claros<span class=\"ez-toc-section-end\"><\/span><\/h2>\n\n\n\n<h3 class=\"wp-block-heading\"><span class=\"ez-toc-section\" id=\"O_que_Fazer_em_Montes_Claros\"><\/span><strong>O que Fazer em Montes Claros<\/strong><span class=\"ez-toc-section-end\"><\/span><\/h3>\n\n\n\n<p>A cidade tem muitos atrativos para quem deseja conhecer um pouco mais sobre sua hist\u00f3ria, cultura e natureza. Aqui est\u00e3o alguns pontos tur\u00edsticos que voc\u00ea n\u00e3o pode deixar de visitar:<\/p>\n\n\n\n<h4 class=\"wp-block-heading\"><span class=\"ez-toc-section\" id=\"Praca_Doutor_Chaves\"><\/span><strong>Pra\u00e7a Doutor Chaves<\/strong><span class=\"ez-toc-section-end\"><\/span><\/h4>\n\n\n\n<p>Localizada no centro da cidade, esta pra\u00e7a \u00e9 um \u00f3timo lugar para come\u00e7ar a explorar Montes Claros. Cercada por pr\u00e9dios hist\u00f3ricos, como o <strong>Teatro Oleg\u00e1rio Maciel<\/strong>, \u00e9 o cora\u00e7\u00e3o da cidade e palco de diversos eventos culturais ao longo do ano.<\/p>\n\n\n\n<h4 class=\"wp-block-heading\"><span class=\"ez-toc-section\" id=\"Museu_do_Folclore_de_Montes_Claros\"><\/span><strong>Museu do Folclore de Montes Claros<\/strong><span class=\"ez-toc-section-end\"><\/span><\/h4>\n\n\n\n<p>Se voc\u00ea \u00e9 f\u00e3 de cultura popular, o Museu do Folclore \u00e9 uma parada obrigat\u00f3ria. O espa\u00e7o preserva a hist\u00f3ria da cidade e da regi\u00e3o norte de Minas, com pe\u00e7as que narram as tradi\u00e7\u00f5es locais, como dan\u00e7as, m\u00fasicas e o artesanato t\u00edpico.<\/p>\n\n\n\n<h4 class=\"wp-block-heading\"><span class=\"ez-toc-section\" id=\"Parque_Nacional_da_Serra_do_Espinhaco\"><\/span><strong>Parque Nacional da Serra do Espinha\u00e7o<\/strong><span class=\"ez-toc-section-end\"><\/span><\/h4>\n\n\n\n<figure class=\"wp-block-image aligncenter size-large\"><img loading=\"lazy\" decoding=\"async\" width=\"1024\" height=\"683\" src=\"https:\/\/quantocustaviajar.com\/blog\/wp-content\/uploads\/2025\/01\/32127963663_1c23feabdd_k-1024x683.jpg\" alt=\"guia de Montes Claros\" class=\"wp-image-71820\" srcset=\"https:\/\/quantocustaviajar.com\/blog\/wp-content\/uploads\/2025\/01\/32127963663_1c23feabdd_k-1024x683.jpg 1024w, https:\/\/quantocustaviajar.com\/blog\/wp-content\/uploads\/2025\/01\/32127963663_1c23feabdd_k-300x200.jpg 300w, https:\/\/quantocustaviajar.com\/blog\/wp-content\/uploads\/2025\/01\/32127963663_1c23feabdd_k-768x512.jpg 768w, https:\/\/quantocustaviajar.com\/blog\/wp-content\/uploads\/2025\/01\/32127963663_1c23feabdd_k-1536x1024.jpg 1536w, https:\/\/quantocustaviajar.com\/blog\/wp-content\/uploads\/2025\/01\/32127963663_1c23feabdd_k-1920x1280.jpg 1920w, https:\/\/quantocustaviajar.com\/blog\/wp-content\/uploads\/2025\/01\/32127963663_1c23feabdd_k.jpg 2048w\" sizes=\"auto, (max-width: 1024px) 100vw, 1024px\" \/><figcaption>Foto: <a href=\"https:\/\/www.flickr.com\/photos\/dq-pb\/\">upslon<\/a> no flickr<\/figcaption><\/figure>\n\n\n\n<p>Para os amantes da natureza e do ecoturismo, o <strong>Parque Nacional da Serra do Espinha\u00e7o<\/strong> \u00e9 uma \u00f3tima op\u00e7\u00e3o. A \u00e1rea \u00e9 famosa por suas serras e paisagens deslumbrantes, com trilhas e cachoeiras que fazem o lugar ideal para quem curte aventura e tranquilidade.<\/p>\n\n\n\n<h4 class=\"wp-block-heading\"><span class=\"ez-toc-section\" id=\"Igreja_de_Sao_Jose\"><\/span><strong>Igreja de S\u00e3o Jos\u00e9<\/strong><span class=\"ez-toc-section-end\"><\/span><\/h4>\n\n\n\n<p>Constru\u00edda no estilo neocl\u00e1ssico, essa igreja \u00e9 um dos principais cart\u00f5es postais da cidade e merece ser visitada. O interior da igreja \u00e9 simples, mas muito acolhedor, e \u00e9 um importante ponto de f\u00e9 para os moradores locais.<\/p>\n\n\n\n<h4 class=\"wp-block-heading\"><span class=\"ez-toc-section\" id=\"Comercio_e_Compras\"><\/span><strong>Com\u00e9rcio e Compras<\/strong><span class=\"ez-toc-section-end\"><\/span><\/h4>\n\n\n\n<p>Como um importante centro comercial do Norte de Minas, Montes Claros oferece boas op\u00e7\u00f5es para quem quer fazer compras. A cidade conta com shoppings como o <strong>Montes Claros Shopping<\/strong> e o <strong>Boulevard Shopping<\/strong>, que re\u00fanem lojas de roupas, eletr\u00f4nicos, pra\u00e7a de alimenta\u00e7\u00e3o e muito mais.<\/p>\n\n\n\n<p>Al\u00e9m disso, voc\u00ea pode encontrar lojas de artesanato local, com pe\u00e7as feitas por artistas da regi\u00e3o. O <strong>Mercado Municipal<\/strong> \u00e9 o lugar perfeito para adquirir produtos t\u00edpicos da culin\u00e1ria local, como queijos, doces e cacha\u00e7as artesanais.<\/p>\n\n\n\n<h3 class=\"wp-block-heading\"><span class=\"ez-toc-section\" id=\"Gastronomia\"><\/span><strong>Gastronomia<\/strong><span class=\"ez-toc-section-end\"><\/span><\/h3>\n\n\n\n<p>A culin\u00e1ria de Montes Claros \u00e9 uma verdadeira mistura de sabores e tradi\u00e7\u00f5es do interior de Minas Gerais. N\u00e3o deixe de experimentar os pratos t\u00edpicos da regi\u00e3o:<\/p>\n\n\n\n<ul class=\"wp-block-list\"><li><strong>Feij\u00e3o Tropeiro<\/strong>: Um prato forte e tradicional, composto por feij\u00e3o, arroz, carne de sol, lingui\u00e7a e ovos.<\/li><li><strong>P\u00e3o de Queijo<\/strong>: Quem vai a Minas Gerais n\u00e3o pode deixar de saborear esse \u00edcone da culin\u00e1ria mineira, e em Montes Claros n\u00e3o \u00e9 diferente!<\/li><li><strong>Doce de Leite<\/strong>: Outro produto t\u00edpico de Minas que voc\u00ea vai encontrar em v\u00e1rias vers\u00f5es: cremoso, em peda\u00e7os, ou at\u00e9 em balas.<\/li><\/ul>\n\n\n\n<p>Voc\u00ea pode saborear essas del\u00edcias em restaurantes tradicionais da cidade, como o <strong>Restaurante Churrascaria Recanto Mineiro<\/strong> e o <strong>Restaurante Dona L\u00facia<\/strong>.<\/p>\n\n\n\n<h3 class=\"wp-block-heading\"><span class=\"ez-toc-section\" id=\"Hospedagem_guia_de_Montes_Claros\"><\/span>Hospedagem: guia de Montes Claros<span class=\"ez-toc-section-end\"><\/span><\/h3>\n\n\n\n<p>Montes Claros oferece op\u00e7\u00f5es de hospedagem para todos os gostos e or\u00e7amentos. Para quem procura conforto e comodidade, confira abaixo algumas op\u00e7\u00f5es:<\/p>\n\n\n\n<p><a href=\"https:\/\/www.booking.com\/hotel\/br\/intercity-montes-claros.pt-br.html?aid=2161834&amp;sid=18dad49135344a3e3bd489e6ce5d7333&amp;all_sr_blocks=119665902_276826426_2_1_0&amp;checkin=2025-05-01&amp;checkout=2025-05-04&amp;dest_id=-655868&amp;dest_type=city&amp;dist=0&amp;group_adults=2&amp;group_children=0&amp;hapos=6&amp;highlighted_blocks=119665902_276826426_2_1_0&amp;hpos=6&amp;matching_block_id=119665902_276826426_2_1_0&amp;no_rooms=1&amp;req_adults=2&amp;req_children=0&amp;room1=A%2CA&amp;sb_price_type=total&amp;sr_order=popularity&amp;sr_pri_blocks=119665902_276826426_2_1_0__147735&amp;srepoch=1736776985&amp;srpvid=13ca62c79edb0035&amp;type=total&amp;ucfs=1&amp;#hotelTmpl\" target=\"_blank\" rel=\"noreferrer noopener\"><strong>Intercity Montes Claros<\/strong><\/a><\/p>\n\n\n\n<figure class=\"wp-block-image aligncenter size-full\"><a href=\"https:\/\/quantocustaviajar.com\/blog\/wp-content\/uploads\/2025\/01\/46084772.jpg\"><img loading=\"lazy\" decoding=\"async\" width=\"1024\" height=\"683\" src=\"https:\/\/quantocustaviajar.com\/blog\/wp-content\/uploads\/2025\/01\/46084772.jpg\" alt=\"\" class=\"wp-image-71817\" srcset=\"https:\/\/quantocustaviajar.com\/blog\/wp-content\/uploads\/2025\/01\/46084772.jpg 1024w, https:\/\/quantocustaviajar.com\/blog\/wp-content\/uploads\/2025\/01\/46084772-300x200.jpg 300w, https:\/\/quantocustaviajar.com\/blog\/wp-content\/uploads\/2025\/01\/46084772-768x512.jpg 768w\" sizes=\"auto, (max-width: 1024px) 100vw, 1024px\" \/><\/a><figcaption>Foto: <a href=\"https:\/\/www.booking.com\/hotel\/br\/intercity-montes-claros.pt-br.html\" target=\"_blank\" rel=\"noreferrer noopener\">Booking<\/a><\/figcaption><\/figure>\n\n\n\n<p>O <strong>Intercity Montes Claros<\/strong> \u00e9 um hotel moderno e confort\u00e1vel, ideal para quem visita a cidade a trabalho ou lazer. Com localiza\u00e7\u00e3o central, oferece uma estrutura completa com quartos bem equipados, restaurante, academia e Wi-Fi gratuito. Seus servi\u00e7os incluem caf\u00e9 da manh\u00e3 e recep\u00e7\u00e3o 24h. O hotel \u00e9 conhecido pela sua excelente hospitalidade e conforto, sendo uma op\u00e7\u00e3o de hospedagem pr\u00e1tica e acess\u00edvel para os visitantes da regi\u00e3o.<\/p>\n\n\n\n<p>Voc\u00ea pode conferir mais detalhes e realizar reservas <a href=\"https:\/\/www.booking.com\/hotel\/br\/intercity-montes-claros.pt-br.html\">aqui<\/a>.<\/p>\n\n\n\n<p><a href=\"https:\/\/www.booking.com\/hotel\/br\/amsterdam-apart.pt-br.html?aid=2161834&amp;sid=18dad49135344a3e3bd489e6ce5d7333&amp;all_sr_blocks=178732304_91151303_2_1_0&amp;checkin=2025-05-01&amp;checkout=2025-05-04&amp;dest_id=-655868&amp;dest_type=city&amp;dist=0&amp;group_adults=2&amp;group_children=0&amp;hapos=2&amp;highlighted_blocks=178732304_91151303_2_1_0&amp;hpos=2&amp;matching_block_id=178732304_91151303_2_1_0&amp;no_rooms=1&amp;req_adults=2&amp;req_children=0&amp;room1=A%2CA&amp;sb_price_type=total&amp;sr_order=popularity&amp;sr_pri_blocks=178732304_91151303_2_1_0__93965&amp;srepoch=1736776978&amp;srpvid=13ca62c79edb0035&amp;type=total&amp;ucfs=1&amp;#hotelTmpl\" target=\"_blank\" rel=\"noreferrer noopener\"><strong>Hotel Amsterdam Montes Claros<\/strong><\/a><\/p>\n\n\n\n<p>O <strong>Amsterdam Apart Hotel<\/strong> em Montes Claros \u00e9 uma op\u00e7\u00e3o pr\u00e1tica para quem busca acomoda\u00e7\u00f5es confort\u00e1veis e bem localizadas. O hotel oferece apartamentos equipados com cozinha, Wi-Fi gratuito e ar-condicionado, ideal para estadias curtas ou longas. O local \u00e9 recomendado tanto para viajantes a neg\u00f3cios quanto para turistas. Est\u00e1 situado em uma regi\u00e3o conveniente da cidade, com f\u00e1cil acesso a diversos pontos tur\u00edsticos. Para mais informa\u00e7\u00f5es e reservas, confira o site <a href=\"https:\/\/www.booking.com\/hotel\/br\/amsterdam-apart.pt-br.html\">aqui<\/a>.<\/p>\n\n\n\n<p><a href=\"https:\/\/www.booking.com\/hotel\/br\/dubai-suites.pt-br.html?aid=2161834&amp;sid=18dad49135344a3e3bd489e6ce5d7333&amp;all_sr_blocks=231200405_387473385_2_1_0&amp;checkin=2025-05-01&amp;checkout=2025-05-04&amp;dest_id=-655868&amp;dest_type=city&amp;dist=0&amp;group_adults=2&amp;group_children=0&amp;hapos=1&amp;highlighted_blocks=231200405_387473385_2_1_0&amp;hpos=1&amp;matching_block_id=231200405_387473385_2_1_0&amp;no_rooms=1&amp;req_adults=2&amp;req_children=0&amp;room1=A%2CA&amp;sb_price_type=total&amp;sr_order=popularity&amp;sr_pri_blocks=231200405_387473385_2_1_0__118346&amp;srepoch=1736776978&amp;srpvid=13ca62c79edb0035&amp;type=total&amp;ucfs=1&amp;#hotelTmpl\" target=\"_blank\" rel=\"noreferrer noopener\"><strong>Dubai Suites<\/strong><\/a><\/p>\n\n\n\n<p>O <strong>Dubai Suites<\/strong> em Montes Claros oferece apartamentos modernos e completos, com comodidades como Wi-Fi gratuito, ar-condicionado e piscina, proporcionando uma op\u00e7\u00e3o pr\u00e1tica para estadias prolongadas ou curtas. O hotel \u00e9 ideal tanto para turistas quanto para viajantes a neg\u00f3cios, com uma localiza\u00e7\u00e3o conveniente na cidade, garantindo f\u00e1cil acesso a diversos servi\u00e7os e pontos de interesse. Para mais detalhes e reservas, voc\u00ea pode acessar o site <a href=\"https:\/\/www.booking.com\/hotel\/br\/dubai-suites.pt-br.html\">aqui<\/a>.<\/p>\n\n\n\n<h3 class=\"wp-block-heading\"><span class=\"ez-toc-section\" id=\"Como_chegar_a_Montes_Claros\"><\/span>Como chegar a Montes Claros<span class=\"ez-toc-section-end\"><\/span><\/h3>\n\n\n\n<p>Montes Claros \u00e9 uma cidade bem conectada com o restante do estado e do Brasil. A cidade possui um <strong>Aeroporto Regional de Montes Claros<\/strong> que recebe voos di\u00e1rios de v\u00e1rias capitais, como Belo Horizonte e S\u00e3o Paulo.<\/p>\n\n\n\n<p>Se voc\u00ea est\u00e1 viajando de carro, a cidade est\u00e1 localizada a cerca de 420 km de Belo Horizonte, e \u00e9 poss\u00edvel chegar facilmente atrav\u00e9s da <strong>BR-135<\/strong> ou da <strong>BR-251<\/strong>.<\/p>\n\n\n\n<h3 class=\"wp-block-heading\"><span class=\"ez-toc-section\" id=\"Melhor_epoca_para_visitar_Montes_Claros\"><\/span>Melhor \u00e9poca para visitar Montes Claros<span class=\"ez-toc-section-end\"><\/span><\/h3>\n\n\n\n<p>Montes Claros tem um clima tropical, com ver\u00f5es quentes e secos, e invernos mais amenos. A melhor \u00e9poca para visitar a cidade \u00e9 durante a primavera (setembro a novembro) e o outono (mar\u00e7o a maio), quando as temperaturas s\u00e3o mais agrad\u00e1veis, sem o calor excessivo do ver\u00e3o.<\/p>\n\n\n\n<p>Montes Claros \u00e9 uma cidade cheia de charme, com uma mistura \u00fanica de tradi\u00e7\u00e3o e modernidade. Se voc\u00ea busca conhecer um peda\u00e7o aut\u00eantico de Minas Gerais, com belas paisagens naturais, uma rica cultura e uma culin\u00e1ria irresist\u00edvel, Montes Claros \u00e9 o destino perfeito. Seja para um passeio de fim de semana ou para explorar mais a fundo suas atra\u00e7\u00f5es tur\u00edsticas, a cidade oferece experi\u00eancias inesquec\u00edveis para todos os tipos de visitantes.<\/p>\n\n\n\n<p>Pronto para embarcar nessa viagem? Esperamos que esse<strong> guia de Montes Claros<\/strong> tenha ajudado!<\/p>\n","protected":false},"excerpt":{"rendered":"<p>Montes Claros \u00e9 uma cidade vibrante e cheia de hist\u00f3ria localizada no estado de Minas Gerais, conhecida por sua hospitalidade, paisagens naturais e um mix de cultura tradicional e moderna. A cidade \u00e9 considerada a capital do Norte de Minas e serve como um centro regional de com\u00e9rcio, sa\u00fade e educa\u00e7\u00e3o. Se voc\u00ea est\u00e1 planejando [&hellip;]<\/p>\n","protected":false},"author":18,"featured_media":71820,"comment_status":"open","ping_status":"open","sticky":false,"template":"page-templates\/featured-img-above.php","format":"standard","meta":{"cybocfi_hide_featured_image":"","footnotes":""},"categories":[1434],"tags":[135,266,77,5253,5255,5256,74,111,529,321,16],"class_list":["post-71814","post","type-post","status-publish","format-standard","has-post-thumbnail","hentry","category-descubra-brasil","tag-atracoes","tag-brasil","tag-dicas","tag-guia-de-montes-claros","tag-guia-de-montes-claros-o-que-fazer","tag-guia-de-montes-claros-onde-ficar","tag-hospedagem","tag-natureza","tag-onde-ir","tag-passeios","tag-viagem"],"blocksy_meta":[],"yoast_head":"<!-- This site is optimized with the Yoast SEO plugin v26.3 - https:\/\/yoast.com\/wordpress\/plugins\/seo\/ -->\n<title>Guia de Montes Claros em Minas Gerais - planeje sua viagem aqui<\/title>\n<meta name=\"description\" content=\"Bora explorar a capital norte de Minas Gerais? Conhe\u00e7a tudo sobre neste guia de Montes Claros e descubra o melhor da cidade!\" \/>\n<meta name=\"robots\" content=\"index, follow, max-snippet:-1, max-image-preview:large, max-video-preview:-1\" \/>\n<link rel=\"canonical\" href=\"https:\/\/quantocustaviajar.com\/blog\/guia-de-montes-claros\/\" \/>\n<meta property=\"og:locale\" content=\"pt_BR\" \/>\n<meta property=\"og:type\" content=\"article\" \/>\n<meta property=\"og:title\" content=\"Guia de Montes Claros em Minas Gerais - planeje sua viagem aqui\" \/>\n<meta property=\"og:description\" content=\"Bora explorar a capital norte de Minas Gerais? Conhe\u00e7a tudo sobre neste guia de Montes Claros e descubra o melhor da cidade!\" \/>\n<meta property=\"og:url\" content=\"https:\/\/quantocustaviajar.com\/blog\/guia-de-montes-claros\/\" \/>\n<meta property=\"og:site_name\" content=\"Blog Quanto Custa Viajar\" \/>\n<meta property=\"article:publisher\" content=\"https:\/\/www.facebook.com\/quantocustaviajar\" \/>\n<meta property=\"article:published_time\" content=\"2025-01-24T16:00:46+00:00\" \/>\n<meta property=\"article:modified_time\" content=\"2025-06-10T18:19:15+00:00\" \/>\n<meta property=\"og:image\" content=\"https:\/\/quantocustaviajar.com\/blog\/wp-content\/uploads\/2025\/01\/32127963663_1c23feabdd_k.jpg\" \/>\n\t<meta property=\"og:image:width\" content=\"2048\" \/>\n\t<meta property=\"og:image:height\" content=\"1365\" \/>\n\t<meta property=\"og:image:type\" content=\"image\/jpeg\" \/>\n<meta name=\"author\" content=\"Izabella Miranda\" \/>\n<meta name=\"twitter:card\" content=\"summary_large_image\" \/>\n<meta name=\"twitter:label1\" content=\"Escrito por\" \/>\n\t<meta name=\"twitter:data1\" content=\"Izabella Miranda\" \/>\n\t<meta name=\"twitter:label2\" content=\"Est. tempo de leitura\" \/>\n\t<meta name=\"twitter:data2\" content=\"6 minutos\" \/>\n<!-- \/ Yoast SEO plugin. -->","yoast_head_json":{"title":"Guia de Montes Claros em Minas Gerais - planeje sua viagem aqui","description":"Bora explorar a capital norte de Minas Gerais? Conhe\u00e7a tudo sobre neste guia de Montes Claros e descubra o melhor da cidade!","robots":{"index":"index","follow":"follow","max-snippet":"max-snippet:-1","max-image-preview":"max-image-preview:large","max-video-preview":"max-video-preview:-1"},"canonical":"https:\/\/quantocustaviajar.com\/blog\/guia-de-montes-claros\/","og_locale":"pt_BR","og_type":"article","og_title":"Guia de Montes Claros em Minas Gerais - planeje sua viagem aqui","og_description":"Bora explorar a capital norte de Minas Gerais? Conhe\u00e7a tudo sobre neste guia de Montes Claros e descubra o melhor da cidade!","og_url":"https:\/\/quantocustaviajar.com\/blog\/guia-de-montes-claros\/","og_site_name":"Blog Quanto Custa Viajar","article_publisher":"https:\/\/www.facebook.com\/quantocustaviajar","article_published_time":"2025-01-24T16:00:46+00:00","article_modified_time":"2025-06-10T18:19:15+00:00","og_image":[{"width":2048,"height":1365,"url":"https:\/\/quantocustaviajar.com\/blog\/wp-content\/uploads\/2025\/01\/32127963663_1c23feabdd_k.jpg","type":"image\/jpeg"}],"author":"Izabella Miranda","twitter_card":"summary_large_image","twitter_misc":{"Escrito por":"Izabella Miranda","Est. tempo de leitura":"6 minutos"},"schema":{"@context":"https:\/\/schema.org","@graph":[{"@type":["Article","BlogPosting"],"@id":"https:\/\/quantocustaviajar.com\/blog\/guia-de-montes-claros\/#article","isPartOf":{"@id":"https:\/\/quantocustaviajar.com\/blog\/guia-de-montes-claros\/"},"author":{"name":"Izabella Miranda","@id":"https:\/\/quantocustaviajar.com\/blog\/#\/schema\/person\/595118451f4120870051de530232399d"},"headline":"Explore as belezas de MG: saiba tudo sobre o norte neste guia de Montes Claros","datePublished":"2025-01-24T16:00:46+00:00","dateModified":"2025-06-10T18:19:15+00:00","mainEntityOfPage":{"@id":"https:\/\/quantocustaviajar.com\/blog\/guia-de-montes-claros\/"},"wordCount":1058,"commentCount":0,"publisher":{"@id":"https:\/\/quantocustaviajar.com\/blog\/#organization"},"image":{"@id":"https:\/\/quantocustaviajar.com\/blog\/guia-de-montes-claros\/#primaryimage"},"thumbnailUrl":"https:\/\/quantocustaviajar.com\/blog\/wp-content\/uploads\/2025\/01\/32127963663_1c23feabdd_k.jpg","keywords":["atra\u00e7\u00f5es","Brasil","dicas","guia de Montes Claros","guia de Montes Claros o que fazer","guia de Montes Claros onde ficar","hospedagem","natureza","onde ir","passeios","viagem"],"articleSection":["Descubra o Brasil"],"inLanguage":"pt-BR","potentialAction":[{"@type":"CommentAction","name":"Comment","target":["https:\/\/quantocustaviajar.com\/blog\/guia-de-montes-claros\/#respond"]}]},{"@type":"WebPage","@id":"https:\/\/quantocustaviajar.com\/blog\/guia-de-montes-claros\/","url":"https:\/\/quantocustaviajar.com\/blog\/guia-de-montes-claros\/","name":"Guia de Montes Claros em Minas Gerais - planeje sua viagem aqui","isPartOf":{"@id":"https:\/\/quantocustaviajar.com\/blog\/#website"},"primaryImageOfPage":{"@id":"https:\/\/quantocustaviajar.com\/blog\/guia-de-montes-claros\/#primaryimage"},"image":{"@id":"https:\/\/quantocustaviajar.com\/blog\/guia-de-montes-claros\/#primaryimage"},"thumbnailUrl":"https:\/\/quantocustaviajar.com\/blog\/wp-content\/uploads\/2025\/01\/32127963663_1c23feabdd_k.jpg","datePublished":"2025-01-24T16:00:46+00:00","dateModified":"2025-06-10T18:19:15+00:00","description":"Bora explorar a capital norte de Minas Gerais? Conhe\u00e7a tudo sobre neste guia de Montes Claros e descubra o melhor da cidade!","breadcrumb":{"@id":"https:\/\/quantocustaviajar.com\/blog\/guia-de-montes-claros\/#breadcrumb"},"inLanguage":"pt-BR","potentialAction":[{"@type":"ReadAction","target":["https:\/\/quantocustaviajar.com\/blog\/guia-de-montes-claros\/"]}]},{"@type":"ImageObject","inLanguage":"pt-BR","@id":"https:\/\/quantocustaviajar.com\/blog\/guia-de-montes-claros\/#primaryimage","url":"https:\/\/quantocustaviajar.com\/blog\/wp-content\/uploads\/2025\/01\/32127963663_1c23feabdd_k.jpg","contentUrl":"https:\/\/quantocustaviajar.com\/blog\/wp-content\/uploads\/2025\/01\/32127963663_1c23feabdd_k.jpg","width":2048,"height":1365},{"@type":"BreadcrumbList","@id":"https:\/\/quantocustaviajar.com\/blog\/guia-de-montes-claros\/#breadcrumb","itemListElement":[{"@type":"ListItem","position":1,"name":"In\u00edcio","item":"https:\/\/quantocustaviajar.com\/blog\/"},{"@type":"ListItem","position":2,"name":"Explore as belezas de MG: saiba tudo sobre o norte neste guia de Montes Claros"}]},{"@type":"WebSite","@id":"https:\/\/quantocustaviajar.com\/blog\/#website","url":"https:\/\/quantocustaviajar.com\/blog\/","name":"Blog Quanto Custa Viajar","description":"","publisher":{"@id":"https:\/\/quantocustaviajar.com\/blog\/#organization"},"potentialAction":[{"@type":"SearchAction","target":{"@type":"EntryPoint","urlTemplate":"https:\/\/quantocustaviajar.com\/blog\/?s={search_term_string}"},"query-input":{"@type":"PropertyValueSpecification","valueRequired":true,"valueName":"search_term_string"}}],"inLanguage":"pt-BR"},{"@type":"Organization","@id":"https:\/\/quantocustaviajar.com\/blog\/#organization","name":"Quanto Custa Viajar","url":"https:\/\/quantocustaviajar.com\/blog\/","logo":{"@type":"ImageObject","inLanguage":"pt-BR","@id":"https:\/\/quantocustaviajar.com\/blog\/#\/schema\/logo\/image\/","url":"","contentUrl":"","caption":"Quanto Custa Viajar"},"image":{"@id":"https:\/\/quantocustaviajar.com\/blog\/#\/schema\/logo\/image\/"},"sameAs":["https:\/\/www.facebook.com\/quantocustaviajar"]},{"@type":"Person","@id":"https:\/\/quantocustaviajar.com\/blog\/#\/schema\/person\/595118451f4120870051de530232399d","name":"Izabella Miranda","image":{"@type":"ImageObject","inLanguage":"pt-BR","@id":"https:\/\/quantocustaviajar.com\/blog\/#\/schema\/person\/image\/","url":"https:\/\/secure.gravatar.com\/avatar\/eb1c9c8ed6c596023f48930e960ff440b8cad6a3beabb6b619d3504ad832c628?s=96&d=mm&r=g","contentUrl":"https:\/\/secure.gravatar.com\/avatar\/eb1c9c8ed6c596023f48930e960ff440b8cad6a3beabb6b619d3504ad832c628?s=96&d=mm&r=g","caption":"Izabella Miranda"},"description":"Jornalista por profiss\u00e3o e planejadora de viagens nas horas vagas.","url":"https:\/\/quantocustaviajar.com\/blog\/author\/izabella\/"}]}},"_links":{"self":[{"href":"https:\/\/quantocustaviajar.com\/blog\/wp-json\/wp\/v2\/posts\/71814","targetHints":{"allow":["GET"]}}],"collection":[{"href":"https:\/\/quantocustaviajar.com\/blog\/wp-json\/wp\/v2\/posts"}],"about":[{"href":"https:\/\/quantocustaviajar.com\/blog\/wp-json\/wp\/v2\/types\/post"}],"author":[{"embeddable":true,"href":"https:\/\/quantocustaviajar.com\/blog\/wp-json\/wp\/v2\/users\/18"}],"replies":[{"embeddable":true,"href":"https:\/\/quantocustaviajar.com\/blog\/wp-json\/wp\/v2\/comments?post=71814"}],"version-history":[{"count":6,"href":"https:\/\/quantocustaviajar.com\/blog\/wp-json\/wp\/v2\/posts\/71814\/revisions"}],"predecessor-version":[{"id":72597,"href":"https:\/\/quantocustaviajar.com\/blog\/wp-json\/wp\/v2\/posts\/71814\/revisions\/72597"}],"wp:featuredmedia":[{"embeddable":true,"href":"https:\/\/quantocustaviajar.com\/blog\/wp-json\/wp\/v2\/media\/71820"}],"wp:attachment":[{"href":"https:\/\/quantocustaviajar.com\/blog\/wp-json\/wp\/v2\/media?parent=71814"}],"wp:term":[{"taxonomy":"category","embeddable":true,"href":"https:\/\/quantocustaviajar.com\/blog\/wp-json\/wp\/v2\/categories?post=71814"},{"taxonomy":"post_tag","embeddable":true,"href":"https:\/\/quantocustaviajar.com\/blog\/wp-json\/wp\/v2\/tags?post=71814"}],"curies":[{"name":"wp","href":"https:\/\/api.w.org\/{rel}","templated":true}]}}