{"id":7100,"date":"2025-11-27T12:41:00","date_gmt":"2025-11-27T12:41:00","guid":{"rendered":"http:\/\/quantocustaviajar.com\/blog\/?p=7100"},"modified":"2025-12-11T13:39:37","modified_gmt":"2025-12-11T13:39:37","slug":"lugares-incriveis-ferias-no-brasil","status":"publish","type":"post","link":"https:\/\/quantocustaviajar.com\/blog\/lugares-incriveis-ferias-no-brasil\/","title":{"rendered":"Lugares incr\u00edveis para viajar nas f\u00e9rias no Brasil"},"content":{"rendered":"\n<p>Estamos sempre na contagem regressiva para os fins de semana, feriados e f\u00e9rias. Antes que seja tarde demais, vale a pena se planejar com anteced\u00eancia no calend\u00e1rio, at\u00e9 mesmo para conseguir os melhores pre\u00e7os. Se voc\u00ea n\u00e3o quer mais perder tempo, confira <strong>lugares incr\u00edveis para viajar nas f\u00e9rias no Brasil!<\/strong><\/p><div id=\"ez-toc-container\" class=\"ez-toc-v2_0_76 ez-toc-wrap-left counter-hierarchy ez-toc-counter ez-toc-light-blue ez-toc-container-direction\">\n<div class=\"ez-toc-title-container\">\n<p class=\"ez-toc-title\" style=\"cursor:inherit\">Aqui voc\u00ea ir\u00e1 encontrar<\/p>\n<span class=\"ez-toc-title-toggle\"><a href=\"#\" class=\"ez-toc-pull-right ez-toc-btn ez-toc-btn-xs ez-toc-btn-default ez-toc-toggle\" aria-label=\"Alternar tabela de conte\u00fado\"><span class=\"ez-toc-js-icon-con\"><span class=\"\"><span class=\"eztoc-hide\" style=\"display:none;\">Toggle<\/span><span class=\"ez-toc-icon-toggle-span\"><svg style=\"fill: #999;color:#999\" xmlns=\"http:\/\/www.w3.org\/2000\/svg\" class=\"list-377408\" width=\"20px\" height=\"20px\" viewBox=\"0 0 24 24\" fill=\"none\"><path d=\"M6 6H4v2h2V6zm14 0H8v2h12V6zM4 11h2v2H4v-2zm16 0H8v2h12v-2zM4 16h2v2H4v-2zm16 0H8v2h12v-2z\" fill=\"currentColor\"><\/path><\/svg><svg style=\"fill: #999;color:#999\" class=\"arrow-unsorted-368013\" xmlns=\"http:\/\/www.w3.org\/2000\/svg\" width=\"10px\" height=\"10px\" viewBox=\"0 0 24 24\" version=\"1.2\" baseProfile=\"tiny\"><path d=\"M18.2 9.3l-6.2-6.3-6.2 6.3c-.2.2-.3.4-.3.7s.1.5.3.7c.2.2.4.3.7.3h11c.3 0 .5-.1.7-.3.2-.2.3-.5.3-.7s-.1-.5-.3-.7zM5.8 14.7l6.2 6.3 6.2-6.3c.2-.2.3-.5.3-.7s-.1-.5-.3-.7c-.2-.2-.4-.3-.7-.3h-11c-.3 0-.5.1-.7.3-.2.2-.3.5-.3.7s.1.5.3.7z\"\/><\/svg><\/span><\/span><\/span><\/a><\/span><\/div>\n<nav><ul class='ez-toc-list ez-toc-list-level-1 ' ><li class='ez-toc-page-1 ez-toc-heading-level-2'><a class=\"ez-toc-link ez-toc-heading-1\" href=\"https:\/\/quantocustaviajar.com\/blog\/lugares-incriveis-ferias-no-brasil\/#Lugares_incriveis_para_viajar_nas_ferias_no_Brasil\" >Lugares incr\u00edveis para viajar nas f\u00e9rias no Brasil<\/a><ul class='ez-toc-list-level-3' ><li class='ez-toc-heading-level-3'><a class=\"ez-toc-link ez-toc-heading-2\" href=\"https:\/\/quantocustaviajar.com\/blog\/lugares-incriveis-ferias-no-brasil\/#1_Capitolio_%E2%80%93_MG\" >1. Capit\u00f3lio &#8211; MG<\/a><\/li><li class='ez-toc-page-1 ez-toc-heading-level-3'><a class=\"ez-toc-link ez-toc-heading-3\" href=\"https:\/\/quantocustaviajar.com\/blog\/lugares-incriveis-ferias-no-brasil\/#2_Costa_dos_Corais_%E2%80%93_AL\" >2.&nbsp;Costa dos Corais &#8211; AL<\/a><\/li><li class='ez-toc-page-1 ez-toc-heading-level-3'><a class=\"ez-toc-link ez-toc-heading-4\" href=\"https:\/\/quantocustaviajar.com\/blog\/lugares-incriveis-ferias-no-brasil\/#3_Joao_Pessoa_%E2%80%93_PB\" >3. Jo\u00e3o Pessoa &#8211; PB<\/a><\/li><li class='ez-toc-page-1 ez-toc-heading-level-3'><a class=\"ez-toc-link ez-toc-heading-5\" href=\"https:\/\/quantocustaviajar.com\/blog\/lugares-incriveis-ferias-no-brasil\/#4_Costa_do_Descobrimento_%E2%80%93_BA\" >4. Costa do Descobrimento &#8211; BA<\/a><\/li><li class='ez-toc-page-1 ez-toc-heading-level-3'><a class=\"ez-toc-link ez-toc-heading-6\" href=\"https:\/\/quantocustaviajar.com\/blog\/lugares-incriveis-ferias-no-brasil\/#5_Lagoa_Santa_%E2%80%93_GO\" >5. Lagoa Santa &#8211;&nbsp;GO<\/a><\/li><li class='ez-toc-page-1 ez-toc-heading-level-3'><a class=\"ez-toc-link ez-toc-heading-7\" href=\"https:\/\/quantocustaviajar.com\/blog\/lugares-incriveis-ferias-no-brasil\/#6_Belem_%E2%80%93_PA\" >6. Bel\u00e9m &#8211; PA<\/a><\/li><li class='ez-toc-page-1 ez-toc-heading-level-3'><a class=\"ez-toc-link ez-toc-heading-8\" href=\"https:\/\/quantocustaviajar.com\/blog\/lugares-incriveis-ferias-no-brasil\/#7_Guarapari_%E2%80%93_ES\" >7. Guarapari &#8211; ES<\/a><\/li><li class='ez-toc-page-1 ez-toc-heading-level-3'><a class=\"ez-toc-link ez-toc-heading-9\" href=\"https:\/\/quantocustaviajar.com\/blog\/lugares-incriveis-ferias-no-brasil\/#8_Amazonia_%E2%80%93_AM\" >8.&nbsp;Amaz\u00f4nia&nbsp;&#8211; AM<\/a><\/li><li class='ez-toc-page-1 ez-toc-heading-level-3'><a class=\"ez-toc-link ez-toc-heading-10\" href=\"https:\/\/quantocustaviajar.com\/blog\/lugares-incriveis-ferias-no-brasil\/#9_Trindade_%E2%80%93_RJ\" >9. Trindade &#8211; RJ<\/a><\/li><li class='ez-toc-page-1 ez-toc-heading-level-3'><a class=\"ez-toc-link ez-toc-heading-11\" href=\"https:\/\/quantocustaviajar.com\/blog\/lugares-incriveis-ferias-no-brasil\/#10_Ilha_do_Mel_%E2%80%93_PR\" >10. Ilha do Mel &#8211; PR<\/a><\/li><li class='ez-toc-page-1 ez-toc-heading-level-3'><a class=\"ez-toc-link ez-toc-heading-12\" href=\"https:\/\/quantocustaviajar.com\/blog\/lugares-incriveis-ferias-no-brasil\/#11_Gramado_%E2%80%93_RS\" >11. Gramado &#8211; RS<\/a><\/li><li class='ez-toc-page-1 ez-toc-heading-level-3'><a class=\"ez-toc-link ez-toc-heading-13\" href=\"https:\/\/quantocustaviajar.com\/blog\/lugares-incriveis-ferias-no-brasil\/#12_Caldas_Novas_%E2%80%93_GO\" >12. Caldas Novas &#8211; GO<\/a><\/li><li class='ez-toc-page-1 ez-toc-heading-level-3'><a class=\"ez-toc-link ez-toc-heading-14\" href=\"https:\/\/quantocustaviajar.com\/blog\/lugares-incriveis-ferias-no-brasil\/#13_Balneario_Camboriu_%E2%80%93_SC\" >13.&nbsp;Balne\u00e1rio Cambori\u00fa &#8211; SC<\/a><\/li><li class='ez-toc-page-1 ez-toc-heading-level-3'><a class=\"ez-toc-link ez-toc-heading-15\" href=\"https:\/\/quantocustaviajar.com\/blog\/lugares-incriveis-ferias-no-brasil\/#14_PETAR_%E2%80%93_SP\" >14.&nbsp;PETAR &#8211; SP<\/a><\/li><li class='ez-toc-page-1 ez-toc-heading-level-3'><a class=\"ez-toc-link ez-toc-heading-16\" href=\"https:\/\/quantocustaviajar.com\/blog\/lugares-incriveis-ferias-no-brasil\/#15_Canions_na_divisa_de_SC_com_RS\" >15.&nbsp;C\u00e2nions na divisa de SC com RS<\/a><\/li><li class='ez-toc-page-1 ez-toc-heading-level-3'><a class=\"ez-toc-link ez-toc-heading-17\" href=\"https:\/\/quantocustaviajar.com\/blog\/lugares-incriveis-ferias-no-brasil\/#16_Brotas_%E2%80%93_SP\" >16. Brotas &#8211; SP<\/a><\/li><li class='ez-toc-page-1 ez-toc-heading-level-3'><a class=\"ez-toc-link ez-toc-heading-18\" href=\"https:\/\/quantocustaviajar.com\/blog\/lugares-incriveis-ferias-no-brasil\/#17_Curitiba_%E2%80%93_PR\" >17. Curitiba &#8211; PR<\/a><\/li><li class='ez-toc-page-1 ez-toc-heading-level-3'><a class=\"ez-toc-link ez-toc-heading-19\" href=\"https:\/\/quantocustaviajar.com\/blog\/lugares-incriveis-ferias-no-brasil\/#18_Porto_de_Galinhas_%E2%80%93_PE\" >18. Porto de Galinhas &#8211; PE<\/a><\/li><li class='ez-toc-page-1 ez-toc-heading-level-3'><a class=\"ez-toc-link ez-toc-heading-20\" href=\"https:\/\/quantocustaviajar.com\/blog\/lugares-incriveis-ferias-no-brasil\/#19_Campos_do_Jordao\" >19. Campos do Jord\u00e3o<\/a><\/li><li class='ez-toc-page-1 ez-toc-heading-level-3'><a class=\"ez-toc-link ez-toc-heading-21\" href=\"https:\/\/quantocustaviajar.com\/blog\/lugares-incriveis-ferias-no-brasil\/#20_Fernando_de_Noronha_%E2%80%93_PE\" >20. Fernando de Noronha &#8211; PE<\/a><\/li><li class='ez-toc-page-1 ez-toc-heading-level-3'><a class=\"ez-toc-link ez-toc-heading-22\" href=\"https:\/\/quantocustaviajar.com\/blog\/lugares-incriveis-ferias-no-brasil\/#21_Maragogi_%E2%80%93_AL\" >21. Maragogi &#8211; AL<\/a><\/li><li class='ez-toc-page-1 ez-toc-heading-level-3'><a class=\"ez-toc-link ez-toc-heading-23\" href=\"https:\/\/quantocustaviajar.com\/blog\/lugares-incriveis-ferias-no-brasil\/#22_Jericoacoara_%E2%80%93_CE\" >22. Jericoacoara &#8211; CE<\/a><\/li><li class='ez-toc-page-1 ez-toc-heading-level-3'><a class=\"ez-toc-link ez-toc-heading-24\" href=\"https:\/\/quantocustaviajar.com\/blog\/lugares-incriveis-ferias-no-brasil\/#23_Rio_de_Janeiro_%E2%80%93_RJ\" >23. Rio de Janeiro &#8211; RJ<\/a><\/li><li class='ez-toc-page-1 ez-toc-heading-level-3'><a class=\"ez-toc-link ez-toc-heading-25\" href=\"https:\/\/quantocustaviajar.com\/blog\/lugares-incriveis-ferias-no-brasil\/#24_Bonito_%E2%80%93_MS\" >24. Bonito &#8211; MS<\/a><\/li><li class='ez-toc-page-1 ez-toc-heading-level-3'><a class=\"ez-toc-link ez-toc-heading-26\" href=\"https:\/\/quantocustaviajar.com\/blog\/lugares-incriveis-ferias-no-brasil\/#25_Recife_%E2%80%93_PE\" >25. Recife &#8211; PE<\/a><\/li><li class='ez-toc-page-1 ez-toc-heading-level-3'><a class=\"ez-toc-link ez-toc-heading-27\" href=\"https:\/\/quantocustaviajar.com\/blog\/lugares-incriveis-ferias-no-brasil\/#26_Florianopolis_%E2%80%93_SC\" >26. Florian\u00f3polis &#8211; SC<\/a><\/li><li class='ez-toc-page-1 ez-toc-heading-level-3'><a class=\"ez-toc-link ez-toc-heading-28\" href=\"https:\/\/quantocustaviajar.com\/blog\/lugares-incriveis-ferias-no-brasil\/#27_Foz_do_Iguacu_%E2%80%93_PR\" >27. Foz do Igua\u00e7u &#8211; PR<\/a><\/li><li class='ez-toc-page-1 ez-toc-heading-level-3'><a class=\"ez-toc-link ez-toc-heading-29\" href=\"https:\/\/quantocustaviajar.com\/blog\/lugares-incriveis-ferias-no-brasil\/#28_Brasilia_%E2%80%93_DF\" >28. Bras\u00edlia &#8211; DF<\/a><\/li><li class='ez-toc-page-1 ez-toc-heading-level-3'><a class=\"ez-toc-link ez-toc-heading-30\" href=\"https:\/\/quantocustaviajar.com\/blog\/lugares-incriveis-ferias-no-brasil\/#29_Lencois_Maranhenses_%E2%80%93_MA\" >29. Len\u00e7\u00f3is Maranhenses &#8211; MA<\/a><\/li><li class='ez-toc-page-1 ez-toc-heading-level-3'><a class=\"ez-toc-link ez-toc-heading-31\" href=\"https:\/\/quantocustaviajar.com\/blog\/lugares-incriveis-ferias-no-brasil\/#30_Chapada_Diamantina_%E2%80%93_BA\" >30. Chapada Diamantina &#8211; BA<\/a><\/li><li class='ez-toc-page-1 ez-toc-heading-level-3'><a class=\"ez-toc-link ez-toc-heading-32\" href=\"https:\/\/quantocustaviajar.com\/blog\/lugares-incriveis-ferias-no-brasil\/#31_Chapada_dos_Veadeiros_%E2%80%93_GO\" >31. Chapada dos Veadeiros &#8211; GO<\/a><\/li><li class='ez-toc-page-1 ez-toc-heading-level-3'><a class=\"ez-toc-link ez-toc-heading-33\" href=\"https:\/\/quantocustaviajar.com\/blog\/lugares-incriveis-ferias-no-brasil\/#32_Buzios_%E2%80%93_RJ\" >32. B\u00fazios &#8211; RJ<\/a><\/li><\/ul><\/li><\/ul><\/nav><\/div>\n\n\n\n\n<pre class=\"wp-block-preformatted has-background\" style=\"background-color:#cfd8e1\"><strong>Comece a planejar sua viagem aqui!<\/strong>\n<a href=\"https:\/\/www.turismocity.com.br\/?utm_source=qcv&amp;utm_medium=blog\" target=\"_blank\" rel=\"noreferrer noopener\">Encontre sua passagem a\u00e9rea barata\n<\/a><a href=\"https:\/\/www.booking.com\/index.pt-br.html?aid=2161834\" target=\"_blank\" rel=\"noreferrer noopener\">E pesquise a hospedagem perfeita com o seu or\u00e7amento<\/a><\/pre>\n\n\n\n<h2 class=\"wp-block-heading\"><span class=\"ez-toc-section\" id=\"Lugares_incriveis_para_viajar_nas_ferias_no_Brasil\"><\/span>Lugares incr\u00edveis para viajar nas f\u00e9rias no Brasil<span class=\"ez-toc-section-end\"><\/span><\/h2>\n\n\n\n<p>Pronta para escolher seu pr\u00f3ximo destino de viagem para passar suas <strong>f\u00e9rias no Brasil<\/strong>? ;)<\/p>\n\n\n\n<h3 class=\"wp-block-heading\"><span class=\"ez-toc-section\" id=\"1_Capitolio_%E2%80%93_MG\"><\/span><strong>1. <a href=\"https:\/\/quantocustaviajar.com\/blog\/conheca-capitolio-em-minas-gerais\/\" target=\"_blank\" rel=\"noopener\">Capit\u00f3lio<\/a> &#8211; MG<\/strong><span class=\"ez-toc-section-end\"><\/span><\/h3>\n\n\n\n<figure class=\"wp-block-image alignnone size-full wp-image-36139\"><img loading=\"lazy\" decoding=\"async\" width=\"800\" height=\"534\" src=\"https:\/\/quantocustaviajar.com\/blog\/wp-content\/uploads\/2016\/05\/capitolio-mg-lugares-para-viajar-nas-ferias.jpg\" alt=\"capit\u00f3lio lugares para viajar nas f\u00e9rias\" class=\"wp-image-36139\" srcset=\"https:\/\/quantocustaviajar.com\/blog\/wp-content\/uploads\/2016\/05\/capitolio-mg-lugares-para-viajar-nas-ferias.jpg 800w, https:\/\/quantocustaviajar.com\/blog\/wp-content\/uploads\/2016\/05\/capitolio-mg-lugares-para-viajar-nas-ferias-300x200.jpg 300w, https:\/\/quantocustaviajar.com\/blog\/wp-content\/uploads\/2016\/05\/capitolio-mg-lugares-para-viajar-nas-ferias-768x513.jpg 768w\" sizes=\"auto, (max-width: 800px) 100vw, 800px\" \/><figcaption class=\"wp-element-caption\">Foto: <a href=\"https:\/\/www.flickr.com\/photos\/rosanetur\/26032140771\" target=\"_blank\" rel=\"noopener\">Rosanetur<\/a><\/figcaption><\/figure>\n\n\n\n<p>Rodeada de belas paisagens, Capit\u00f3lio \u00e9 um prato cheio para os adeptos do ecoturismo e uma \u00f3tima op\u00e7\u00e3o para passar suas <strong>f\u00e9rias no Brasil!<\/strong> A represa de Furnas com seus c\u00e2nions de 20 metros de altura e as \u00e1guas esverdeadas \u00e9 a menina dos olhos da regi\u00e3o. \u00c9 poss\u00edvel nadar e mergulhar \u00e0 vontade na Cachoeira da Lagoa Azul, um bra\u00e7o do Lago de Furnas e verdadeiro para\u00edso de \u00e1guas transparentes. De l\u00e1 tamb\u00e9m saem os <a href=\"https:\/\/www.partner.viator.com\/pt\/15570\/tours\/Southeast-Brazil\/Boat-trips-in-Capitolio\/d22967-171971P1\" target=\"_blank\" rel=\"noopener\"><strong>passeios de lancha<\/strong><\/a> e escuna, que s\u00e3o maneiras de apreciar o conjunto da obra de capit\u00f3lio.<\/p>\n\n\n\n<p>Fazer um <a href=\"https:\/\/www.partner.viator.com\/pt\/15570\/tours\/Southeast-Brazil\/4x4-Tour-in-Capitolio\/d22967-171971P2\" target=\"_blank\" rel=\"noopener\"><strong>passeio de 4&#215;4<\/strong><\/a> na regi\u00e3o \u00e9 uma \u00f3tima maneira de desbravar cada cantinho dessa cidade especial.&nbsp;De carro, os visitantes podem ir at\u00e9 o Para\u00edso Perdido, um vale cortado pelo Ribeir\u00e3o Quebra Anzol, com 18 piscinas naturais e 8 quedas d\u2019\u00e1gua, que correm sobre pedras de quartzito predominante branco.&nbsp;A Trilha do Sol, o Po\u00e7o Dourado e o Morro do Chap\u00e9u tamb\u00e9m s\u00e3o cart\u00f5es-postais de Capit\u00f3lio que voc\u00ea precisa conhecer.<\/p>\n\n\n\n<blockquote class=\"wp-block-quote is-layout-flow wp-block-quote-is-layout-flow\">\n<p><a href=\"https:\/\/www.booking.com\/city\/br\/capitolio.pt-br.html?aid=2161834\" target=\"_blank\" rel=\"noopener\"><strong>Veja aqui onde se hospedar em Capit\u00f3lio durante sua viagem<\/strong><\/a><\/p>\n<\/blockquote>\n\n\n\n<h3 class=\"wp-block-heading\"><span class=\"ez-toc-section\" id=\"2_Costa_dos_Corais_%E2%80%93_AL\"><\/span><strong>2.&nbsp;<a href=\"https:\/\/quantocustaviajar.com\/blog\/costa-dos-corais-alagoas\/\" target=\"_blank\" rel=\"noopener\">Costa dos Corais<\/a> &#8211; AL<\/strong><span class=\"ez-toc-section-end\"><\/span><\/h3>\n\n\n\n<figure class=\"wp-block-image alignnone wp-image-36140 size-full\"><img loading=\"lazy\" decoding=\"async\" width=\"800\" height=\"530\" src=\"https:\/\/quantocustaviajar.com\/blog\/wp-content\/uploads\/2016\/05\/sao-miguel-dos-milagres-al-lugares-para-viajar-nas-ferias.jpg\" alt=\"viajar nas f\u00e9rias\" class=\"wp-image-36140\" srcset=\"https:\/\/quantocustaviajar.com\/blog\/wp-content\/uploads\/2016\/05\/sao-miguel-dos-milagres-al-lugares-para-viajar-nas-ferias.jpg 800w, https:\/\/quantocustaviajar.com\/blog\/wp-content\/uploads\/2016\/05\/sao-miguel-dos-milagres-al-lugares-para-viajar-nas-ferias-300x199.jpg 300w, https:\/\/quantocustaviajar.com\/blog\/wp-content\/uploads\/2016\/05\/sao-miguel-dos-milagres-al-lugares-para-viajar-nas-ferias-768x509.jpg 768w\" sizes=\"auto, (max-width: 800px) 100vw, 800px\" \/><figcaption class=\"wp-element-caption\">Foto: <a href=\"https:\/\/www.flickr.com\/photos\/soldon\/26648970391\" target=\"_blank\" rel=\"noopener\">Rodrigo Soldon<\/a><\/figcaption><\/figure>\n\n\n\n<p>Com cen\u00e1rios exuberantes, a <a href=\"https:\/\/quantocustaviajar.com\/blog\/costa-dos-corais-alagoas\/\">Costa dos Corais<\/a>, em Alagoas, \u00e9 um destino excelente para viajar nas <strong>f\u00e9rias no Brasil<\/strong>. O roteiro tem&nbsp;<a href=\"http:\/\/quantocustaviajar.com\/alagoas\/maceio\" target=\"_blank\" rel=\"noopener\"><strong>Macei\u00f3<\/strong><\/a>&nbsp;como ponto de partida e inclui&nbsp;os munic\u00edpio de&nbsp;Paripueira, Barra de Santo Antonio, Passo de Camaragibe,&nbsp;S\u00e3o Miguel dos Milagres,&nbsp;Porto de Pedras, Porto Calvo, <a href=\"https:\/\/quantocustaviajar.com\/blog\/japaratinga-alagoas-paraiso\/\">Japaratinga<\/a> e Maragogi.<\/p>\n\n\n\n<p>Este trecho alagoano de 300 km de extens\u00e3o, que termina j\u00e1 na divisa com Pernambuco, \u00e9 repleto de piscinas naturais com \u00e1guas cristalinas e morninhas t\u00e3o perfeitas quanto \u00e0s do Caribe. A dica \u00e9 <a href=\"https:\/\/quantocustaviajar.com\/brasil\/maceio\/passagem-aerea\" target=\"_blank\" rel=\"noopener\"><strong>comprar passagem a\u00e9rea para Macei\u00f3<\/strong><\/a> e, de l\u00e1, <a href=\"https:\/\/quantocustaviajar.com\/brasil\/maceio\/aluguel-de-carros\" target=\"_blank\" rel=\"noopener\"><strong>alugar um carro<\/strong><\/a> para fazer o passeio.<\/p>\n\n\n\n<blockquote class=\"wp-block-quote is-layout-flow wp-block-quote-is-layout-flow\">\n<p><a href=\"https:\/\/www.booking.com\/index.html?aid=2161834\" target=\"_blank\" rel=\"noopener\"><strong>Encontre hot\u00e9is em Alagoas para ficar enquanto viaja de f\u00e9rias<\/strong><\/a><\/p>\n<\/blockquote>\n\n\n\n<h3 class=\"wp-block-heading\"><span class=\"ez-toc-section\" id=\"3_Joao_Pessoa_%E2%80%93_PB\"><\/span><strong>3. <a href=\"http:\/\/quantocustaviajar.com\/brasil\/joao-pessoa\" target=\"_blank\" rel=\"noopener\">Jo\u00e3o Pessoa<\/a> &#8211; PB<\/strong><span class=\"ez-toc-section-end\"><\/span><\/h3>\n\n\n\n<figure class=\"wp-block-image alignnone wp-image-31791 size-full\"><img loading=\"lazy\" decoding=\"async\" width=\"800\" height=\"600\" src=\"https:\/\/quantocustaviajar.com\/blog\/wp-content\/uploads\/2019\/02\/piscinas-naturais-do-seixas-5.jpg\" alt=\"piscinas naturais do seixas\" class=\"wp-image-31791\" srcset=\"https:\/\/quantocustaviajar.com\/blog\/wp-content\/uploads\/2019\/02\/piscinas-naturais-do-seixas-5.jpg 800w, https:\/\/quantocustaviajar.com\/blog\/wp-content\/uploads\/2019\/02\/piscinas-naturais-do-seixas-5-300x225.jpg 300w, https:\/\/quantocustaviajar.com\/blog\/wp-content\/uploads\/2019\/02\/piscinas-naturais-do-seixas-5-768x576.jpg 768w\" sizes=\"auto, (max-width: 800px) 100vw, 800px\" \/><figcaption class=\"wp-element-caption\">Foto: <a href=\"https:\/\/www.flickr.com\/photos\/marinelson\/13387156743\" target=\"_blank\" rel=\"noopener\">Marinelson Almeida<\/a><\/figcaption><\/figure>\n\n\n\n<p>Atraindo mais de um milh\u00e3o de turistas por ano, Jo\u00e3o Pessoa tem praias tranquilas, banhadas por um mar esverdeado, sendo ideal para suas <strong>f\u00e9rias no Brasil!<\/strong> A faixa litor\u00e2nea da capital paraibana \u00e9 rodeada de bares e restaurantes, enquanto outras regi\u00f5es da cidade t\u00eam belos edif\u00edcios hist\u00f3ricos.<\/p>\n\n\n\n<p>Passeios praticamente obrigat\u00f3rios durante uma viagem de f\u00e9rias na cidade s\u00e3o para as <a href=\"https:\/\/quantocustaviajar.com\/blog\/piscinas-naturais-do-seixas-joao-pessoa\/\" target=\"_blank\" rel=\"noopener\"><strong>piscinas naturais do Seixas<\/strong><\/a>, curtir as \u00e1guas mornas de <a href=\"https:\/\/quantocustaviajar.com\/blog\/piscinas-naturais-de-picaozinho-joao-pessoa\/\" target=\"_blank\" rel=\"noopener\"><strong>Pic\u00e3ozinho<\/strong><\/a>&nbsp;e visitar a encantadora&nbsp;a <a href=\"https:\/\/quantocustaviajar.com\/blog\/areia-vermelha-joao-pessoa-paraiba\/\" target=\"_blank\" rel=\"noopener\"><strong>Ilha de Areia Vermelha<\/strong><\/a>. Pertinho da capital, ainda existem v\u00e1rias <a href=\"https:\/\/quantocustaviajar.com\/blog\/melhores-praias-da-paraiba\/\" target=\"_blank\" rel=\"noopener\"><strong>praias maravilhosas na Para\u00edba<\/strong><\/a> para conhecer \u2014 \u00e9 s\u00f3 <a href=\"https:\/\/quantocustaviajar.com\/brasil\/joao-pessoa\/aluguel-de-carros\" target=\"_blank\" rel=\"noopener\"><strong>alugar um carro<\/strong><\/a> e cair na estrada.<\/p>\n\n\n\n<blockquote class=\"wp-block-quote is-layout-flow wp-block-quote-is-layout-flow\">\n<p><a href=\"https:\/\/www.booking.com\/city\/br\/joao-pessoa.pt-br.html?aid=2161834\" target=\"_blank\" rel=\"noopener\"><strong>Confira os melhores hot\u00e9is em Jo\u00e3o Pessoa para ficar durante sua viagem<\/strong><\/a><\/p>\n<\/blockquote>\n\n\n\n<h3 class=\"wp-block-heading\"><span class=\"ez-toc-section\" id=\"4_Costa_do_Descobrimento_%E2%80%93_BA\"><\/span><strong>4. <a href=\"https:\/\/quantocustaviajar.com\/blog\/costa-do-descobrimento-sul-bahia\/\" target=\"_blank\" rel=\"noopener\">Costa do Descobrimento<\/a> &#8211; BA<\/strong><span class=\"ez-toc-section-end\"><\/span><\/h3>\n\n\n\n<figure class=\"wp-block-image alignnone size-full wp-image-31888\"><img loading=\"lazy\" decoding=\"async\" width=\"800\" height=\"600\" src=\"https:\/\/quantocustaviajar.com\/blog\/wp-content\/uploads\/2019\/02\/costa-do-descobrimento-bahia-7.jpg\" alt=\"costa do descobrimento bahia\" class=\"wp-image-31888\" srcset=\"https:\/\/quantocustaviajar.com\/blog\/wp-content\/uploads\/2019\/02\/costa-do-descobrimento-bahia-7.jpg 800w, https:\/\/quantocustaviajar.com\/blog\/wp-content\/uploads\/2019\/02\/costa-do-descobrimento-bahia-7-300x225.jpg 300w, https:\/\/quantocustaviajar.com\/blog\/wp-content\/uploads\/2019\/02\/costa-do-descobrimento-bahia-7-768x576.jpg 768w\" sizes=\"auto, (max-width: 800px) 100vw, 800px\" \/><figcaption class=\"wp-element-caption\">Foto: <a href=\"https:\/\/pixabay.com\/pt\/trancoso-bahia-praia-dos-coqueiros-2048683\/\" target=\"_blank\" rel=\"noopener\">Pixabay<\/a><\/figcaption><\/figure>\n\n\n\n<p>Quer fazer uma viagem de <strong>f\u00e9rias no Brasil<\/strong> inesquec\u00edvel? Ent\u00e3o, voc\u00ea precisa pegar a estrada e fazer a Rota da Costa do Descobrimento na regi\u00e3o sul da Bahia. As principais cidades que comp\u00f5em o roteiro pela Costa do Descobrimento s\u00e3o: Belmonte, Santo Ant\u00f4nio, Santo Andr\u00e9, Santa Cruz Cabr\u00e1lia, <a href=\"https:\/\/quantocustaviajar.com\/brasil\/porto-seguro\" target=\"_blank\" rel=\"noopener\"><strong>Porto Seguro<\/strong><\/a>, Arraial d\u2019Ajuda, <a href=\"https:\/\/quantocustaviajar.com\/brasil\/trancoso\" target=\"_blank\" rel=\"noopener\"><strong>Trancoso<\/strong><\/a> e <a href=\"https:\/\/quantocustaviajar.com\/blog\/caraiva-sul-da-bahia\/\" target=\"_blank\" rel=\"noopener\"><strong>Cara\u00edva<\/strong><\/a>.<\/p>\n\n\n\n<p>Pelo caminho, prepare-se para encontrar&nbsp;praias de \u00e1gua salgada e doce, fal\u00e9sias, piscinas naturais, rios, cachoeiras, mata preservada e muito mais. A regi\u00e3o&nbsp;perfeita para quem curte turismo de aventura e ecoturismo. Se voc\u00ea sonha em mergulhar nas \u00e1guas cristalinas da Bahia ou fazer trekkings em trilhas com paisagens lindas, com certeza vai adorar a regi\u00e3o.<\/p>\n\n\n\n<blockquote class=\"wp-block-quote is-layout-flow wp-block-quote-is-layout-flow\">\n<p><a href=\"https:\/\/www.booking.com\/index.html?aid=2161834\" target=\"_blank\" rel=\"noopener\"><strong>Onde ficar durante a viagem? Encontre seu hotel aqui<\/strong><\/a><\/p>\n<\/blockquote>\n\n\n\n<h3 class=\"wp-block-heading\"><span class=\"ez-toc-section\" id=\"5_Lagoa_Santa_%E2%80%93_GO\"><\/span><strong>5. <a href=\"http:\/\/quantocustaviajar.com\/brasil\/goiania\" target=\"_blank\" rel=\"noopener\">Lagoa Santa<\/a> &#8211;&nbsp;GO<\/strong><span class=\"ez-toc-section-end\"><\/span><\/h3>\n\n\n\n<blockquote class=\"wp-block-quote instagram-media is-layout-flow wp-block-quote-is-layout-flow\">\n<div style=\"padding: 8px;\">\n<div style=\"background: #F8F8F8; line-height: 0; margin-top: 40px; padding: 50.0% 0; text-align: center; width: 100%;\">&nbsp;<\/div>\n<p style=\"margin: 8px 0 0 0; padding: 0 4px;\"><a style=\"color: #000; font-family: Arial,sans-serif; font-size: 14px; font-style: normal; font-weight: normal; line-height: 17px; text-decoration: none; word-wrap: break-word;\" href=\"https:\/\/www.instagram.com\/p\/BA8HjgMFYz_\/\" target=\"_blank\" rel=\"noopener\">As aguas cristalinas da Lagoa Santa em Goi\u00e1s. Voc\u00ea j\u00e1 ouviu falar de l\u00e1? Pouco conhecida entre os turistas brasileiros, pode ser uma boa opcao para o #feriado. Nossa dica \u00e9 se hospedar no hotel para ter acesso a lagoa bem cedinho antes de abrir para o p\u00fablico. #viagem #mtur #viajar #turistando #brasil<\/a><\/p>\n<p style=\"color: #c9c8cd; font-family: Arial,sans-serif; font-size: 14px; line-height: 17px; margin-bottom: 0; margin-top: 8px; overflow: hidden; padding: 8px 0 7px; text-align: center; text-overflow: ellipsis; white-space: nowrap;\">A video posted by @quantocustaviajar on <time style=\"font-family: Arial,sans-serif; font-size: 14px; line-height: 17px;\" datetime=\"2016-01-24T22:56:41+00:00\">Jan 24, 2016 at 2:56pm PST<\/time><\/p>\n<\/div>\n<\/blockquote>\n\n\n\n<p><script src=\"\/\/platform.instagram.com\/en_US\/embeds.js\" async=\"\" defer=\"defer\"><\/script><\/p>\n\n\n\n<p>Tranquilo e rodeado por verde, essa op\u00e7\u00e3o para suas <strong>f\u00e9rias no Brasil <\/strong>fica no munic\u00edpio de Lagoa Santa, localizado a 360 km de <strong><a href=\"https:\/\/quantocustaviajar.com\/brasil\/goiania\" target=\"_blank\" rel=\"noopener\">Goi\u00e2nia<\/a>,<\/strong> quase na divisa de Goi\u00e1s com Mato Grosso do Sul, tem como principal atrativo a&nbsp;lagoa natural de \u00e1guas termais com temperatura de 29\u00baC a 31\u00baC. A&nbsp;lagoa, batizada com o mesmo nome do munic\u00edpio, \u00e9 linda, de \u00e1guas transparentes, quentinhas, cheia de peixes e algas. Ao mergulhar, a sensa\u00e7\u00e3o que voc\u00ea tem \u00e9 de estar nadando em um grande aqu\u00e1rio!<\/p>\n\n\n\n<p>A dica \u00e9 ficar hospedada no&nbsp;<a href=\"https:\/\/www.booking.com\/hotel\/br\/thermas-lagoa-santa.pt-br.html?aid=2161834\" target=\"_blank\" rel=\"noopener\"><strong>Thermas de Lagoa Santa<\/strong><\/a>&nbsp;para ter acesso \u00e0 lagoa em um hor\u00e1rio mais tranquilo.&nbsp;Durante o dia \u00e9 poss\u00edvel aproveitar a piscina do hotel e os jogos para a divers\u00e3o. Al\u00e9m disso recomendamos levar \u00f3culos de nata\u00e7\u00e3o ou de snorkel e tamb\u00e9m espaguete de piscina para ficar fazendo a flutua\u00e7\u00e3o na lagoa.<\/p>\n\n\n\n<blockquote class=\"wp-block-quote is-layout-flow wp-block-quote-is-layout-flow\">\n<p><a href=\"https:\/\/quantocustaviajar.com\/brasil\/goiania\/passagem-aerea\" target=\"_blank\" rel=\"noopener\"><strong>Partiu, Goi\u00e2nia? Encontre passagens a\u00e9reas com os melhores pre\u00e7os<\/strong><\/a><\/p>\n<\/blockquote>\n\n\n\n<h3 class=\"wp-block-heading\"><span class=\"ez-toc-section\" id=\"6_Belem_%E2%80%93_PA\"><\/span><strong>6. <a href=\"http:\/\/quantocustaviajar.com\/brasil\/belem\" target=\"_blank\" rel=\"noopener\">Bel\u00e9m<\/a> &#8211; PA<\/strong><span class=\"ez-toc-section-end\"><\/span><\/h3>\n\n\n\n<figure class=\"wp-block-image alignnone size-full wp-image-36143\"><img loading=\"lazy\" decoding=\"async\" width=\"800\" height=\"481\" src=\"https:\/\/quantocustaviajar.com\/blog\/wp-content\/uploads\/2016\/05\/belem-pa-lugares-para-viajar-nas-ferias.jpg\" alt=\"viajar nas f\u00e9rias belem\" class=\"wp-image-36143\" srcset=\"https:\/\/quantocustaviajar.com\/blog\/wp-content\/uploads\/2016\/05\/belem-pa-lugares-para-viajar-nas-ferias.jpg 800w, https:\/\/quantocustaviajar.com\/blog\/wp-content\/uploads\/2016\/05\/belem-pa-lugares-para-viajar-nas-ferias-300x180.jpg 300w, https:\/\/quantocustaviajar.com\/blog\/wp-content\/uploads\/2016\/05\/belem-pa-lugares-para-viajar-nas-ferias-768x462.jpg 768w\" sizes=\"auto, (max-width: 800px) 100vw, 800px\" \/><figcaption class=\"wp-element-caption\">Foto: <a href=\"https:\/\/pt.wikipedia.org\/wiki\/Ficheiro:Brazil_Bel%C3%A9m_Las_Docas_01.jpg\" target=\"_blank\" rel=\"noopener\">Wikimedia Commons<\/a><\/figcaption><\/figure>\n\n\n\n<p>Cheia de personalidade, Bel\u00e9m surpreende com seus atrativos e op\u00e7\u00f5es de atividades para as <strong>f\u00e9rias no Brasil<\/strong>. Entre rios e trechos amaz\u00f4nicos, antigos tra\u00e7os coloniais da Cidade Velha e 39 ilhas, n\u00e3o h\u00e1 como n\u00e3o aproveitar essa viagem. Um ponto tur\u00edstico obrigat\u00f3rio \u00e9 a Pra\u00e7a Dom Frei Caetano Brand\u00e3o, onde est\u00e3o o Museu de Arte Sacra, o Forte do Pres\u00e9pio, a Casa das Onze Janelas e a Catedral da S\u00e9.<\/p>\n\n\n\n<p>\u00c9 poss\u00edvel encontrar <a href=\"https:\/\/quantocustaviajar.com\/brasil\/belem\/pacotes-de-viagem\" target=\"_blank\" rel=\"noopener\"><strong>pacotes de viagem para Bel\u00e9m<\/strong><\/a>, incluindo hotel+a\u00e9reo, com bons pre\u00e7os. Aproveite os passeios para provar a rica culin\u00e1ria local, de sabores inesquec\u00edveis, e desbravar as praias fluviais em Santar\u00e9m, Cotijuba e <strong><a href=\"http:\/\/quantocustaviajar.com\/blog\/8-lugares-incriveis-no-para\/\" target=\"_blank\" rel=\"noopener\">outros lugares incr\u00edveis do Par\u00e1<\/a><\/strong>.<\/p>\n\n\n\n<blockquote class=\"wp-block-quote is-layout-flow wp-block-quote-is-layout-flow\">\n<p><a href=\"https:\/\/quantocustaviajar.com\/brasil\/belem\/onde-ficar\" target=\"_blank\" rel=\"noopener\"><strong>Encontre seu hotel ideal em Bel\u00e9m aqui<\/strong><\/a><\/p>\n<\/blockquote>\n\n\n\n<h3 class=\"wp-block-heading\"><span class=\"ez-toc-section\" id=\"7_Guarapari_%E2%80%93_ES\"><\/span><strong>7. <a href=\"http:\/\/quantocustaviajar.com\/brasil\/guarapari\" target=\"_blank\" rel=\"noopener\">Guarapari<\/a> &#8211; ES<\/strong><span class=\"ez-toc-section-end\"><\/span><\/h3>\n\n\n\n<figure class=\"wp-block-image alignnone size-full wp-image-30871\"><img loading=\"lazy\" decoding=\"async\" width=\"800\" height=\"491\" src=\"https:\/\/quantocustaviajar.com\/blog\/wp-content\/uploads\/2016\/11\/praias-paradisiacas-baratas-guarapari-es.jpg\" alt=\"praias paradis\u00edacas guarapari es\" class=\"wp-image-30871\" srcset=\"https:\/\/quantocustaviajar.com\/blog\/wp-content\/uploads\/2016\/11\/praias-paradisiacas-baratas-guarapari-es.jpg 800w, https:\/\/quantocustaviajar.com\/blog\/wp-content\/uploads\/2016\/11\/praias-paradisiacas-baratas-guarapari-es-300x184.jpg 300w, https:\/\/quantocustaviajar.com\/blog\/wp-content\/uploads\/2016\/11\/praias-paradisiacas-baratas-guarapari-es-768x471.jpg 768w\" sizes=\"auto, (max-width: 800px) 100vw, 800px\" \/><figcaption class=\"wp-element-caption\">Foto: <a href=\"https:\/\/www.flickr.com\/photos\/mrdoctor\/14347529767\" target=\"_blank\" rel=\"noopener\">fabian.kron<\/a><\/figcaption><\/figure>\n\n\n\n<p>Logo ao lado de <a href=\"https:\/\/quantocustaviajar.com\/blog\/cidades-legais-para-viajar-em-minas-gerais\/\">Minas Gerais<\/a>, a cidade capixaba de Guarapari tem muitas belezas naturais para encher os olhos dos viajantes, sendo um lugar muito interessante para passar as <strong>f\u00e9rias no Brasil<\/strong>. S\u00e3o mais de 30 praias para todos os gostos, atraindo v\u00e1rios turistas durante o ano inteiro. Ao viajar de f\u00e9rias para l\u00e1, conhe\u00e7a a Praia do Morro, a Praia Areia Preta, Praia Mea\u00edpe, Enseada Azul e a maravilhosa Praia Castanheiras.<\/p>\n\n\n\n<p>Al\u00e9m de praias urbanizadas, \u00f3timos hot\u00e9is, bares e restaurantes, o destino ainda tem uma vida noturna animada que costuma ser povoada por jovens dispostos a aproveitar o recesso.<\/p>\n\n\n\n<blockquote class=\"wp-block-quote is-layout-flow wp-block-quote-is-layout-flow\">\n<p><a href=\"https:\/\/quantocustaviajar.com\/brasil\/guarapari\/onde-ficar\" target=\"_blank\" rel=\"noopener\"><strong>Onde ficar em Guarapari? Confira hot\u00e9is e dicas aqui<\/strong><\/a><\/p>\n<\/blockquote>\n\n\n\n<h3 class=\"wp-block-heading\"><span class=\"ez-toc-section\" id=\"8_Amazonia_%E2%80%93_AM\"><\/span><strong>8.&nbsp;Amaz\u00f4nia&nbsp;&#8211; AM<\/strong><span class=\"ez-toc-section-end\"><\/span><\/h3>\n\n\n\n<figure class=\"wp-block-image\"><img loading=\"lazy\" decoding=\"async\" width=\"800\" height=\"600\" src=\"https:\/\/quantocustaviajar.com\/blog\/wp-content\/uploads\/2018\/07\/IMG_5674.jpg\" alt=\"viajar nas f\u00e9rias\" class=\"wp-image-25461\" srcset=\"https:\/\/quantocustaviajar.com\/blog\/wp-content\/uploads\/2018\/07\/IMG_5674.jpg 800w, https:\/\/quantocustaviajar.com\/blog\/wp-content\/uploads\/2018\/07\/IMG_5674-300x225.jpg 300w, https:\/\/quantocustaviajar.com\/blog\/wp-content\/uploads\/2018\/07\/IMG_5674-768x576.jpg 768w\" sizes=\"auto, (max-width: 800px) 100vw, 800px\" \/><\/figure>\n\n\n\n<p><\/p>\n\n\n\n<p>O Amazonas \u00e9 um estado MUITO especial e um lugar imposs\u00edvel de excluir na hora de pensar nas op\u00e7\u00f5es de <strong>f\u00e9rias no Brasil<\/strong>! A capital, <a href=\"https:\/\/quantocustaviajar.com\/brasil\/manaus\" target=\"_blank\" rel=\"noopener\"><strong>Manaus<\/strong><\/a>,&nbsp;tem um centro hist\u00f3rico que encanta pela arquitetura em contrates com o concreto que tomou parte de uma boa regi\u00e3o ap\u00f3s a chegada das ind\u00fastrias e a cria\u00e7\u00e3o da zona franca durante o regime militar.<\/p>\n\n\n\n<p>Isso sem contar que Manaus \u00e9 o ponto de partida para os que v\u00e3o desbravar a floresta Amaz\u00f4nica. Essa experi\u00eancia pode ser vivida no&nbsp;<strong><a href=\"https:\/\/quantocustaviajar.com\/blog\/juma-amazon-lodge-floresta-amazonica\/\" target=\"_blank\" rel=\"noopener\">Juma Amazon Lodge<\/a>, um hotel no meio da floresta amaz\u00f4nica. <\/strong>Vale a pena conhecer tamb\u00e9m Presidente Figueiredo, cidade que possui muitas atra\u00e7\u00f5es, incluindo cachoeiras, praias fluviais e rios escuros. N\u00e3o deixe de visitar a <strong><a href=\"http:\/\/quantocustaviajar.com\/blog\/gruta-da-judeia\/\" target=\"_blank\" rel=\"noopener\">Gruta da Judeia<\/a><\/strong>, onde uma queda d\u2019\u00e1gua forma uma piscina natural&nbsp;e&nbsp;a Lagoa Azul, na comunidade Boa Esperan\u00e7a, que chama a aten\u00e7\u00e3o pela cor azul turquesa.<\/p>\n\n\n\n<blockquote class=\"wp-block-quote is-layout-flow wp-block-quote-is-layout-flow\">\n<p><a href=\"https:\/\/quantocustaviajar.com\/brasil\/manaus\/passagem-aerea\" target=\"_blank\" rel=\"noopener\"><strong>Quer conhecer esse estado encantador? Encontre passagens a\u00e9reas em promo\u00e7\u00e3o para Manaus<\/strong><\/a><\/p>\n<\/blockquote>\n\n\n\n<h3 class=\"wp-block-heading\"><span class=\"ez-toc-section\" id=\"9_Trindade_%E2%80%93_RJ\"><\/span><strong>9. Trindade &#8211; RJ<\/strong><span class=\"ez-toc-section-end\"><\/span><\/h3>\n\n\n\n<figure class=\"wp-block-image alignnone size-full wp-image-36144\"><img loading=\"lazy\" decoding=\"async\" width=\"800\" height=\"600\" src=\"https:\/\/quantocustaviajar.com\/blog\/wp-content\/uploads\/2016\/05\/trindade-rj-lugares-para-viajar-nas-ferias.jpg\" alt=\"viajar nas f\u00e9rias\" class=\"wp-image-36144\" srcset=\"https:\/\/quantocustaviajar.com\/blog\/wp-content\/uploads\/2016\/05\/trindade-rj-lugares-para-viajar-nas-ferias.jpg 800w, https:\/\/quantocustaviajar.com\/blog\/wp-content\/uploads\/2016\/05\/trindade-rj-lugares-para-viajar-nas-ferias-300x225.jpg 300w, https:\/\/quantocustaviajar.com\/blog\/wp-content\/uploads\/2016\/05\/trindade-rj-lugares-para-viajar-nas-ferias-768x576.jpg 768w\" sizes=\"auto, (max-width: 800px) 100vw, 800px\" \/><figcaption class=\"wp-element-caption\">Foto: <a href=\"https:\/\/commons.wikimedia.org\/wiki\/File:Paraty_RJ_Vila_de_Trindade_Meio.jpg\" target=\"_blank\" rel=\"noopener\">Wikimedia Commons<\/a><\/figcaption><\/figure>\n\n\n\n<p>Um pequeno para\u00edso&nbsp;a 30 km de <a href=\"https:\/\/quantocustaviajar.com\/brasil\/paraty\" target=\"_blank\" rel=\"noopener\"><strong>Paraty<\/strong><\/a>, a vila de <a href=\"https:\/\/quantocustaviajar.com\/blog\/trindade-rio-de-janeiro\/\">Trindade<\/a> est\u00e1 no meio do oceano Atl\u00e2ntico. Preservada, guarda consigo cachoeiras, trilhas e algumas das praias mais bonitas do pa\u00eds, como a Praia do Meio, a Praia do Sono e a Praia do Caxada\u00e7o. O ar r\u00fastico se espalha por todo o seu territ\u00f3rio, incluindo as pousadas, restaurantes e o com\u00e9rcio.<\/p>\n\n\n\n<p>Paraty ainda tem muitas atra\u00e7\u00f5es para voc\u00ea aproveitar durante uma viagem de <strong>f\u00e9rias no Brasil<\/strong>. Fa\u00e7a um <a href=\"https:\/\/www.partner.viator.com\/pt\/15570\/tours\/Paraty\/Walking-tour-of-Paraty-Old-Town\/d5426-8058P2\" target=\"_blank\" rel=\"noopener\"><strong>city tour a p\u00e9 pelo centro hist\u00f3rico<\/strong><\/a>, <a href=\"https:\/\/www.partner.viator.com\/pt\/15570\/tours\/Paraty\/BIKE-TOUR-OF-PARATY\/d5426-140188P3\" target=\"_blank\" rel=\"noopener\"><strong>alugue uma bike<\/strong><\/a>, <a href=\"https:\/\/www.partner.viator.com\/pt\/15570\/tours\/Paraty\/Kayaking-Adventure-in-Paraty\/d5426-8058P1\" target=\"_blank\" rel=\"noopener\"><strong>aventure-se de caiaque<\/strong><\/a>, curta um <a href=\"https:\/\/www.partner.viator.com\/pt\/15570\/tours\/Paraty\/Schooner-tour-By-the-Bay-of-Paraty\/d5426-171908P2\" target=\"_blank\" rel=\"noopener\"><strong>passeio de escuna<\/strong><\/a> e at\u00e9 mesmo realize um <a href=\"https:\/\/www.partner.viator.com\/pt\/15570\/tours\/Rio-de-Janeiro\/Paraty-Scuba-Diving-Beginners-Course\/d712-2484PARSC1\" target=\"_blank\" rel=\"noopener\"><strong>curso de mergulho<\/strong><\/a>.<\/p>\n\n\n\n<blockquote class=\"wp-block-quote is-layout-flow wp-block-quote-is-layout-flow\">\n<p><a href=\"https:\/\/www.booking.com\/city\/br\/trindade.pt-br.html?aid=2161834\" target=\"_blank\" rel=\"noopener\"><strong>Veja onde ficar em Trindade durante suas f\u00e9rias<\/strong><\/a><\/p>\n<\/blockquote>\n\n\n\n<h3 class=\"wp-block-heading\"><span class=\"ez-toc-section\" id=\"10_Ilha_do_Mel_%E2%80%93_PR\"><\/span><strong>10. Ilha do Mel &#8211; PR<\/strong><span class=\"ez-toc-section-end\"><\/span><\/h3>\n\n\n\n<figure class=\"wp-block-image alignnone size-full wp-image-36145\"><img loading=\"lazy\" decoding=\"async\" width=\"800\" height=\"600\" src=\"https:\/\/quantocustaviajar.com\/blog\/wp-content\/uploads\/2016\/05\/ilha-do-mel-pr-lugares-para-viajar-nas-ferias.jpg\" alt=\"ilha do mel viajar nas f\u00e9rias\" class=\"wp-image-36145\" srcset=\"https:\/\/quantocustaviajar.com\/blog\/wp-content\/uploads\/2016\/05\/ilha-do-mel-pr-lugares-para-viajar-nas-ferias.jpg 800w, https:\/\/quantocustaviajar.com\/blog\/wp-content\/uploads\/2016\/05\/ilha-do-mel-pr-lugares-para-viajar-nas-ferias-300x225.jpg 300w, https:\/\/quantocustaviajar.com\/blog\/wp-content\/uploads\/2016\/05\/ilha-do-mel-pr-lugares-para-viajar-nas-ferias-768x576.jpg 768w\" sizes=\"auto, (max-width: 800px) 100vw, 800px\" \/><figcaption class=\"wp-element-caption\">Foto: <a href=\"https:\/\/pt.wikipedia.org\/wiki\/Ficheiro:Ilha_do_Mel_Paranagu%C3%A1_Paran%C3%A1_Brasil.jpg\" target=\"_blank\" rel=\"noopener\">Wikimedia Commons<\/a><\/figcaption><\/figure>\n\n\n\n<p>A apenas 95 km de dist\u00e2ncia de <a href=\"https:\/\/quantocustaviajar.com\/brasil\/curitiba\" target=\"_blank\" rel=\"noopener\"><strong>Curitiba<\/strong><\/a>, a Ilha do Mel \u00e9 um ref\u00fagio que todo paranaense precisa conhecer. No total, s\u00e3o 35 km de pura praia e muitas trilhas para caminhar e apreciar toda a beleza da regi\u00e3o.<\/p>\n\n\n\n<p>A ilha tamb\u00e9m \u00e9 muito procurada pelos surfistas que saem constantemente em busca de ondas perfeitas. A pr\u00e1tica de canoagem, stand up paddle, vela, pesca e outros esportes \u00e9 grande no local. Aproveite para fazer o <a href=\"https:\/\/www.partner.viator.com\/pt\/15570\/tours\/Curitiba\/Train-Tour-to-Ilha-do-Mel\/d23058-68768P488\" target=\"_blank\" rel=\"noopener\"><strong>tour de trem<\/strong><\/a>, \u00e9 realmente muito bonito e vale a pena aproveitar suas <strong>f\u00e9rias no Brasil <\/strong>para incluir essa atividade!<\/p>\n\n\n\n<blockquote class=\"wp-block-quote is-layout-flow wp-block-quote-is-layout-flow\">\n<p><a href=\"https:\/\/quantocustaviajar.com\/brasil\/ilha-do-mel\/onde-ficar\" target=\"_blank\" rel=\"noopener\"><strong>Onde ficar na Ilha do Mel? Confira dicas de hospedagem<\/strong><\/a><\/p>\n<\/blockquote>\n\n\n\n<h3 class=\"wp-block-heading\"><span class=\"ez-toc-section\" id=\"11_Gramado_%E2%80%93_RS\"><\/span>11. <a href=\"https:\/\/quantocustaviajar.com\/brasil\/gramado\" target=\"_blank\" rel=\"noopener\">Gramado<\/a> &#8211; RS<span class=\"ez-toc-section-end\"><\/span><\/h3>\n\n\n\n<figure class=\"wp-block-image alignnone size-full wp-image-30641\"><img loading=\"lazy\" decoding=\"async\" width=\"800\" height=\"531\" src=\"https:\/\/quantocustaviajar.com\/blog\/wp-content\/uploads\/2017\/04\/cidades-legais-no-rio-grande-do-sul-gramado.jpg\" alt=\"gramado Cidades legais para conhecer no Rio Grande do Sul\" class=\"wp-image-30641\" srcset=\"https:\/\/quantocustaviajar.com\/blog\/wp-content\/uploads\/2017\/04\/cidades-legais-no-rio-grande-do-sul-gramado.jpg 800w, https:\/\/quantocustaviajar.com\/blog\/wp-content\/uploads\/2017\/04\/cidades-legais-no-rio-grande-do-sul-gramado-300x199.jpg 300w, https:\/\/quantocustaviajar.com\/blog\/wp-content\/uploads\/2017\/04\/cidades-legais-no-rio-grande-do-sul-gramado-768x510.jpg 768w\" sizes=\"auto, (max-width: 800px) 100vw, 800px\" \/><figcaption class=\"wp-element-caption\">Foto: <a href=\"https:\/\/www.flickr.com\/photos\/alexportes\/5664983441\" target=\"_blank\" rel=\"noopener\">Alex Portes<\/a><\/figcaption><\/figure>\n\n\n\n<p>Seja no ver\u00e3o ou no inverno, visitar Gramado \u00e9 sempre uma del\u00edcia. Com gastronomia impec\u00e1vel e muitas atra\u00e7\u00f5es, a cidade na Serra Ga\u00facha atrai turistas o ano inteiro. Por l\u00e1, visite o <a href=\"https:\/\/quantocustaviajar.com\/blog\/um-mega-guia-para-conhecer-o-mini-mundo-em-gramado\/\" target=\"_blank\" rel=\"noopener\"><strong>MiniMundo<\/strong><\/a>, o <a href=\"https:\/\/quantocustaviajar.com\/blog\/parque-snowland-gramado\/\" target=\"_blank\" rel=\"noopener\"><strong>Snowland<\/strong><\/a>, o <a href=\"https:\/\/quantocustaviajar.com\/blog\/parque-alemanha-encantada\/\" target=\"_blank\" rel=\"noopener\"><strong>Parque Alemanha Encantada<\/strong><\/a>, o <a href=\"https:\/\/quantocustaviajar.com\/blog\/parque-de-lavanda-em-gramado\/\" target=\"_blank\" rel=\"noopener\"><strong>Parque de Lavanda<\/strong><\/a>, e tamb\u00e9m o <a href=\"https:\/\/quantocustaviajar.com\/blog\/parque-olivas-de-gramado\/\" target=\"_blank\" rel=\"noopener\"><strong>Parque Olivas de Gramado<\/strong><\/a>.<\/p>\n\n\n\n<p>A vizinha <a href=\"https:\/\/quantocustaviajar.com\/brasil\/canela\" target=\"_blank\" rel=\"noopener\"><strong>Canela<\/strong><\/a> tamb\u00e9m \u00e9 um encanto e pode ser uma op\u00e7\u00e3o de hospedagem mais em conta do que diretamente em Gramado para viajar nas <strong>f\u00e9rias no Brasil<\/strong> Em Canela, voc\u00ea pode visitar o <a href=\"https:\/\/quantocustaviajar.com\/blog\/parque-do-caracol-em-canela\/\" target=\"_blank\" rel=\"noopener\"><strong>Parque do Caracol<\/strong><\/a> e o <a href=\"https:\/\/quantocustaviajar.com\/blog\/parque-de-diversoes-em-canela-alpen-park\/\" target=\"_blank\" rel=\"noopener\"><strong>Alpen Park<\/strong><\/a>.<\/p>\n\n\n\n<blockquote class=\"wp-block-quote is-layout-flow wp-block-quote-is-layout-flow\">\n<p><a href=\"https:\/\/quantocustaviajar.com\/brasil\/gramado\/onde-ficar\" target=\"_blank\" rel=\"noopener\"><strong>Encontre hot\u00e9is em Gramado aqui!<\/strong><\/a><\/p>\n<\/blockquote>\n\n\n\n<h3 class=\"wp-block-heading\"><span class=\"ez-toc-section\" id=\"12_Caldas_Novas_%E2%80%93_GO\"><\/span>12. <a href=\"https:\/\/quantocustaviajar.com\/brasil\/caldas-novas\" target=\"_blank\" rel=\"noopener\">Caldas Novas<\/a> &#8211; GO<span class=\"ez-toc-section-end\"><\/span><\/h3>\n\n\n\n<figure class=\"wp-block-image alignnone size-full wp-image-36146\"><img loading=\"lazy\" decoding=\"async\" width=\"800\" height=\"600\" src=\"https:\/\/quantocustaviajar.com\/blog\/wp-content\/uploads\/2016\/05\/caldas-novas-go-viajar-nas-ferias.jpg\" alt=\"viajar nas f\u00e9rias\" class=\"wp-image-36146\" srcset=\"https:\/\/quantocustaviajar.com\/blog\/wp-content\/uploads\/2016\/05\/caldas-novas-go-viajar-nas-ferias.jpg 800w, https:\/\/quantocustaviajar.com\/blog\/wp-content\/uploads\/2016\/05\/caldas-novas-go-viajar-nas-ferias-300x225.jpg 300w, https:\/\/quantocustaviajar.com\/blog\/wp-content\/uploads\/2016\/05\/caldas-novas-go-viajar-nas-ferias-768x576.jpg 768w\" sizes=\"auto, (max-width: 800px) 100vw, 800px\" \/><figcaption class=\"wp-element-caption\">Foto: <a href=\"https:\/\/www.flickr.com\/photos\/rosanetur\/14037069858\" target=\"_blank\" rel=\"noopener\">Rosanetur<\/a><\/figcaption><\/figure>\n\n\n\n<p>O balne\u00e1rio de Caldas Novas fica movimentado com turistas que v\u00e3o em busca de suas \u00e1guas quentes milagrosas e maravilhosas. O destino \u00e9 perfeito para uma viagem de <strong>f\u00e9rias no Brasil <\/strong>com a fam\u00edlia. Em Caldas Novas h\u00e1 diversos condom\u00ednios que d\u00e3o acesso a pequenos e grandes parques aqu\u00e1ticos. O dia a dia se resume em uma vida &#8220;dif\u00edcil&#8221;, indo para as piscinas do parque e para o hotel.<\/p>\n\n\n\n<p>A cidade vizinha, Rio Quente, possui um resort para ningu\u00e9m botar defeito, garantindo entretenimento e tamb\u00e9m divers\u00e3o no Parque das Fontes, com fontes naturais de \u00e1gua quente, e no Hot Park, um gigantesco parque aqu\u00e1tico com piscinas mornas.<\/p>\n\n\n\n<blockquote class=\"wp-block-quote is-layout-flow wp-block-quote-is-layout-flow\">\n<p><a href=\"https:\/\/quantocustaviajar.com\/brasil\/caldas-novas\/onde-ficar\" target=\"_blank\" rel=\"noopener\"><strong>Confira op\u00e7\u00f5es de hospedagem em Caldas Novas aqui!<\/strong><\/a><\/p>\n<\/blockquote>\n\n\n\n<h3 class=\"wp-block-heading\"><span class=\"ez-toc-section\" id=\"13_Balneario_Camboriu_%E2%80%93_SC\"><\/span>13.&nbsp;<a href=\"https:\/\/quantocustaviajar.com\/brasil\/balneario-camboriu\" target=\"_blank\" rel=\"noopener\">Balne\u00e1rio Cambori\u00fa<\/a> &#8211; SC<span class=\"ez-toc-section-end\"><\/span><\/h3>\n\n\n\n<figure class=\"wp-block-image alignnone size-full wp-image-36147\"><img loading=\"lazy\" decoding=\"async\" width=\"800\" height=\"600\" src=\"https:\/\/quantocustaviajar.com\/blog\/wp-content\/uploads\/2016\/05\/camboriu-sc-lugares-para-viajar-nas-ferias.jpg\" alt=\"\" class=\"wp-image-36147\" srcset=\"https:\/\/quantocustaviajar.com\/blog\/wp-content\/uploads\/2016\/05\/camboriu-sc-lugares-para-viajar-nas-ferias.jpg 800w, https:\/\/quantocustaviajar.com\/blog\/wp-content\/uploads\/2016\/05\/camboriu-sc-lugares-para-viajar-nas-ferias-300x225.jpg 300w, https:\/\/quantocustaviajar.com\/blog\/wp-content\/uploads\/2016\/05\/camboriu-sc-lugares-para-viajar-nas-ferias-768x576.jpg 768w\" sizes=\"auto, (max-width: 800px) 100vw, 800px\" \/><figcaption class=\"wp-element-caption\">Foto: <a href=\"https:\/\/pt.wikipedia.org\/wiki\/Ficheiro:Barra_Norte_com_o_Infinity_Coast_em_destaque_vista_da_Praia_Central_em_dezembro_de_2018,_Balne%C3%A1rio_Cambori%C3%BA_SC.JPG\" target=\"_blank\" rel=\"noopener\">Wikimedia Commons<\/a><\/figcaption><\/figure>\n\n\n\n<p>Ah, as <a href=\"https:\/\/quantocustaviajar.com\/blog\/as-melhores-praias-de-santa-catarina\/\" target=\"_blank\" rel=\"noopener\"><strong>praias de Santa Catarina<\/strong><\/a> s\u00e3o destinos ideias para suas <strong>f\u00e9rias no Brasil<\/strong>&lt;3 Lindas e charmosas, as cidades catarinenses s\u00e3o \u00f3timas op\u00e7\u00f5es para passar as f\u00e9rias, principalmente durante o ver\u00e3o. Balne\u00e1rio Cambori\u00fa \u00e9 uma delas, j\u00e1 que tem toda aquela atmosfera gostosa de praia atrelada a uma vida urbana animada, com \u00f3timos restaurantes, shoppings e centros de lazer.<\/p>\n\n\n\n<p>Uma dica \u00e9 emendar a visita no <a href=\"https:\/\/quantocustaviajar.com\/blog\/guia-beto-carrero-world\/\" target=\"_blank\" rel=\"noopener\"><strong>Beto Carrero World<\/strong><\/a>, parque que \u00e9 praticamente a Disney dos brasileiros, com muitos brinquedos legais e shows para divertir adultos e crian\u00e7as.<\/p>\n\n\n\n<blockquote class=\"wp-block-quote is-layout-flow wp-block-quote-is-layout-flow\">\n<p><a href=\"https:\/\/quantocustaviajar.com\/brasil\/balneario-camboriu\/onde-ficar\" target=\"_blank\" rel=\"noopener\"><strong>Onde ficar em Balne\u00e1rio Cambori\u00fa? Veja hot\u00e9is legais aqui<\/strong><\/a><\/p>\n<\/blockquote>\n\n\n\n<h3 class=\"wp-block-heading\"><span class=\"ez-toc-section\" id=\"14_PETAR_%E2%80%93_SP\"><\/span>14.&nbsp;<a href=\"https:\/\/quantocustaviajar.com\/blog\/petar-parque-estadual-turistico-do-alto-ribeira\/\" target=\"_blank\" rel=\"noopener\">PETAR<\/a> &#8211; SP<span class=\"ez-toc-section-end\"><\/span><\/h3>\n\n\n\n<figure class=\"wp-block-image\"><img loading=\"lazy\" decoding=\"async\" width=\"800\" height=\"450\" src=\"https:\/\/quantocustaviajar.com\/blog\/wp-content\/uploads\/2018\/07\/petar-2.jpg\" alt=\"\" class=\"wp-image-25511\" srcset=\"https:\/\/quantocustaviajar.com\/blog\/wp-content\/uploads\/2018\/07\/petar-2.jpg 800w, https:\/\/quantocustaviajar.com\/blog\/wp-content\/uploads\/2018\/07\/petar-2-300x169.jpg 300w, https:\/\/quantocustaviajar.com\/blog\/wp-content\/uploads\/2018\/07\/petar-2-768x432.jpg 768w\" sizes=\"auto, (max-width: 800px) 100vw, 800px\" \/><\/figure>\n\n\n\n<p><\/p>\n\n\n\n<p>Se tem um destino surpreendente aqui na nossa lista para suas <strong>f\u00e9rias no Brasil<\/strong>, podemos sem d\u00favidas citar o <a href=\"https:\/\/quantocustaviajar.com\/blog\/petar-parque-estadual-turistico-do-alto-ribeira\/\">PETAR<\/a> como o campe\u00e3o! O Parque Estadual Tur\u00edstico do Alto Ribeira, localizado no estado de S\u00e3o Paulo, a 340 km da capital paulista e a 185 km de <a href=\"https:\/\/quantocustaviajar.com\/brasil\/curitiba\" target=\"_blank\" rel=\"noopener\"><strong>Curitiba<\/strong><\/a>, tem paisagens incr\u00edveis, cavernas e cachoeiras de tirar o f\u00f4lego.<\/p>\n\n\n\n<p>Considerado uma das Unidades de Conserva\u00e7\u00e3o mais importantes do mundo, o PETAR abriga mais de 300 cavernas, sendo 12 delas abertas ao p\u00fablico. Com f\u00e1cil acesso, \u00e9 uma boa pedida para quem quer conhecer lugares lindos em meio \u00e0 natureza! A <a href=\"https:\/\/quantocustaviajar.com\/blog\/petar-parque-estadual-turistico-do-alto-ribeira\/\" target=\"_blank\" rel=\"noopener\"><strong>Equipe do Quanto Custa Viajar j\u00e1 foi para esse para\u00edso<\/strong><\/a> e recomenda de olhos fechados o destino ;)<\/p>\n\n\n\n<h3 class=\"wp-block-heading\"><span class=\"ez-toc-section\" id=\"15_Canions_na_divisa_de_SC_com_RS\"><\/span>15.&nbsp;C\u00e2nions na divisa de SC com RS<span class=\"ez-toc-section-end\"><\/span><\/h3>\n\n\n\n<figure class=\"wp-block-image aligncenter size-full wp-image-27107\"><img loading=\"lazy\" decoding=\"async\" width=\"1080\" height=\"810\" src=\"https:\/\/quantocustaviajar.com\/blog\/wp-content\/uploads\/2018\/09\/canion-da-ronda-3.jpg\" alt=\"\" class=\"wp-image-27107\" srcset=\"https:\/\/quantocustaviajar.com\/blog\/wp-content\/uploads\/2018\/09\/canion-da-ronda-3.jpg 1080w, https:\/\/quantocustaviajar.com\/blog\/wp-content\/uploads\/2018\/09\/canion-da-ronda-3-300x225.jpg 300w, https:\/\/quantocustaviajar.com\/blog\/wp-content\/uploads\/2018\/09\/canion-da-ronda-3-768x576.jpg 768w, https:\/\/quantocustaviajar.com\/blog\/wp-content\/uploads\/2018\/09\/canion-da-ronda-3-1024x768.jpg 1024w\" sizes=\"auto, (max-width: 1080px) 100vw, 1080px\" \/><figcaption class=\"wp-element-caption\">Vista do C\u00e2nion da Ronda. Foto: <a href=\"https:\/\/www.instagram.com\/andressaxavier\/\" target=\"_blank\" rel=\"noopener\">Andressa Xavier Pellanda<\/a><\/figcaption><\/figure>\n\n\n\n<p>A <a href=\"https:\/\/quantocustaviajar.com\/blog\/?s=Serra+Catarinense\" target=\"_blank\" rel=\"noopener\"><strong>Serra Catarinense<\/strong><\/a> e Ga\u00facha s\u00e3o um prato cheio para quem gosta de aventura e natureza. Especialmente nas f\u00e9rias de julho, junto com o inverno bem friozinho, a regi\u00e3o fica super movimentada, atraindo turistas de todos os cantos do Brasil que, muitas vezes, esperam para encontrar neve!<\/p>\n\n\n\n<p>Tem um mont\u00e3o de cidade legal que voc\u00ea pode visitar nas suas <strong>f\u00e9rias no Brasil<\/strong>, inclusive, fazendo um roteiro passando por <a href=\"https:\/\/quantocustaviajar.com\/blog\/roteiro-de-3-dias-em-urubici\/\" target=\"_blank\" rel=\"noopener\"><strong>Urubici<\/strong><\/a>, Urupema e indo at\u00e9 <a href=\"https:\/\/quantocustaviajar.com\/blog\/cambara-do-sul-reune-canions\/\" target=\"_blank\" rel=\"noopener\"><strong>Cambar\u00e1 do Sul<\/strong><\/a>. Com certeza, voc\u00ea consegue montar um roteiro para viajar nas f\u00e9rias bem bacana na regi\u00e3o :)<\/p>\n\n\n\n<h3 class=\"wp-block-heading\"><span class=\"ez-toc-section\" id=\"16_Brotas_%E2%80%93_SP\"><\/span>16. Brotas &#8211; SP<span class=\"ez-toc-section-end\"><\/span><\/h3>\n\n\n\n<figure class=\"wp-block-image aligncenter\"><img loading=\"lazy\" decoding=\"async\" width=\"2048\" height=\"1536\" src=\"https:\/\/quantocustaviajar.com\/blog\/wp-content\/uploads\/2016\/05\/14834221727_5c0fb7bf22_k.jpg\" alt=\"\" class=\"wp-image-55660\" srcset=\"https:\/\/quantocustaviajar.com\/blog\/wp-content\/uploads\/2016\/05\/14834221727_5c0fb7bf22_k.jpg 2048w, https:\/\/quantocustaviajar.com\/blog\/wp-content\/uploads\/2016\/05\/14834221727_5c0fb7bf22_k-300x225.jpg 300w, https:\/\/quantocustaviajar.com\/blog\/wp-content\/uploads\/2016\/05\/14834221727_5c0fb7bf22_k-1024x768.jpg 1024w, https:\/\/quantocustaviajar.com\/blog\/wp-content\/uploads\/2016\/05\/14834221727_5c0fb7bf22_k-768x576.jpg 768w, https:\/\/quantocustaviajar.com\/blog\/wp-content\/uploads\/2016\/05\/14834221727_5c0fb7bf22_k-1536x1152.jpg 1536w, https:\/\/quantocustaviajar.com\/blog\/wp-content\/uploads\/2016\/05\/14834221727_5c0fb7bf22_k-1920x1440.jpg 1920w\" sizes=\"auto, (max-width: 2048px) 100vw, 2048px\" \/><\/figure>\n\n\n\n<p><\/p>\n\n\n\n<p>Foto: <a href=\"https:\/\/www.flickr.com\/photos\/markhillary\/14834221727\" target=\"_blank\" rel=\"noopener\">Flickr\/Mark Hillary<\/a><\/p>\n\n\n\n<p>Para os amantes do ecoturismo, a cidade de Brotas, a 250 km da capital paulista, \u00e9 uma pedida incr\u00edvel para <strong>suas f\u00e9rias no Brasil, <\/strong>feriados e finais de semana. Com programa\u00e7\u00e3o para todos os gostos, \u00e9 poss\u00edvel fazer atividade super radicais como rapel e tamb\u00e9m passeios em fam\u00edlia, como boia-cross, arvorismo e outras atividades.<\/p>\n\n\n\n<p>A cidade possui cachoeiras, muito ecoturismo e ainda uma estrutura super legal para receber os viajantes, um local bem completo para ningu\u00e9m passar perrengue. Falando em estrutura, a cidade conta at\u00e9 com alguns dos principais EcoResorts da regi\u00e3o, como o <a href=\"https:\/\/www.booking.com\/hotel\/br\/recanto-alvorada-eco-resort.pt-br.html?aid=2161834&amp;label=gog235jc-1FCAsoDEIOZ3JhY2UtY2FmYXlhdGVILVgDaCCIAQGYAS24ARfIAQzYAQHoAQH4AQqIAgGoAgO4Arbe34wGwAIB0gIkMGQ5Yzg0ZDktOGIxZi00NmIyLWJiMGEtOWVhNzFiYWVjOWZl2AIF4AIB&amp;sid=cb6abc611ab28f69a41b1617a85f305a&amp;checkin=2022-12-16;checkout=2022-12-17;dest_id=355185;dest_type=hotel;dist=0;group_adults=2;group_children=0;hapos=1;hpos=1;no_rooms=1;req_adults=2;req_children=0;room1=A%2CA;sb_price_type=total;soh=1;sr_order=popularity;srepoch=1667327348;srpvid=843a81f9f7120137;type=total;ucfs=1&amp;#no_availability_msg\" target=\"_blank\" rel=\"noopener\">Recanto Alvorada,<\/a> o<a href=\"https:\/\/www.booking.com\/hotel\/br\/brotas-eco-resort.pt-br.html?label=gog235jc-1FCAsoDEIOZ3JhY2UtY2FmYXlhdGVILVgDaCCIAQGYAS24ARfIAQzYAQHoAQH4AQqIAgGoAgO4Arbe34wGwAIB0gIkMGQ5Yzg0ZDktOGIxZi00NmIyLWJiMGEtOWVhNzFiYWVjOWZl2AIF4AIB&amp;sid=cb6abc611ab28f69a41b1617a85f305a&amp;aid=2161834&amp;ucfs=1&amp;arphpl=1&amp;checkin=2022-12-16&amp;checkout=2022-12-17&amp;dest_id=350136&amp;dest_type=hotel&amp;group_adults=2&amp;req_adults=2&amp;no_rooms=1&amp;group_children=0&amp;req_children=0&amp;hpos=1&amp;hapos=1&amp;sr_order=popularity&amp;srpvid=888f8206e9080053&amp;srepoch=1667327374&amp;soh=1&amp;from_sustainable_property_sr=1&amp;from=searchresults#no_availability_msg\" target=\"_blank\" rel=\"noopener\"> Brotas Eco Hotel Fazenda<\/a> (onde fica localizado o acampamento Peraltas) e o <a href=\"https:\/\/www.booking.com\/hotel\/br\/fazenda-areia-que-canta.pt-br.html?aid=2161834&amp;label=gog235jc-1FCAsoDEIOZ3JhY2UtY2FmYXlhdGVILVgDaCCIAQGYAS24ARfIAQzYAQHoAQH4AQqIAgGoAgO4Arbe34wGwAIB0gIkMGQ5Yzg0ZDktOGIxZi00NmIyLWJiMGEtOWVhNzFiYWVjOWZl2AIF4AIB&amp;sid=cb6abc611ab28f69a41b1617a85f305a&amp;checkin=2022-12-16;checkout=2022-12-17;dest_id=262689;dest_type=hotel;dist=0;group_adults=2;group_children=0;hapos=1;hpos=1;no_rooms=1;req_adults=2;req_children=0;room1=A%2CA;sb_price_type=total;soh=1;sr_order=popularity;srepoch=1667327391;srpvid=6345820e0d600445;type=total;ucfs=1&amp;#no_availability_msg\" target=\"_blank\" rel=\"noopener\">Hotel Fazenda Areia que Canta<\/a>.<\/p>\n\n\n\n<p>Brotas tem v\u00e1rias op\u00e7\u00f5es legais de hospedagem para as <strong>f\u00e9rias no Brasil<\/strong><strong>&nbsp;e<\/strong>&nbsp;<a href=\"https:\/\/quantocustaviajar.com\/blog\/hospedagem-em-brotas\/\" target=\"_blank\" rel=\"noopener\"><strong>o Quanto Custa Viajar j\u00e1 fez um guia sobre este tema aqui.<\/strong><\/a><\/p>\n\n\n\n<p>Se voc\u00ea vem de fora do estado de S\u00e3o Paulo, pode dar uma olhadinha por <a href=\"https:\/\/www.turismocity.com.br\/passagens-aereas-para-VCP-Sao_Paulo?from=SSA&amp;utm_source=qcv&amp;utm_medium=blog\" target=\"_blank\" rel=\"noopener\">aqui no pre\u00e7o das melhores passagens at\u00e9 Campinas<\/a>, para chegar rapidinho em Brotas.<\/p>\n\n\n\n<h3 class=\"wp-block-heading\"><span class=\"ez-toc-section\" id=\"17_Curitiba_%E2%80%93_PR\"><\/span>17. Curitiba &#8211; PR<span class=\"ez-toc-section-end\"><\/span><\/h3>\n\n\n\n<figure class=\"wp-block-image aligncenter\"><img loading=\"lazy\" decoding=\"async\" width=\"1024\" height=\"768\" src=\"https:\/\/quantocustaviajar.com\/blog\/wp-content\/uploads\/2016\/05\/Jardim_Botanico_Curitiba_-_State_of_Parana_Brazil_-_panoramio_1.jpg\" alt=\"\" class=\"wp-image-55664\" srcset=\"https:\/\/quantocustaviajar.com\/blog\/wp-content\/uploads\/2016\/05\/Jardim_Botanico_Curitiba_-_State_of_Parana_Brazil_-_panoramio_1.jpg 1024w, https:\/\/quantocustaviajar.com\/blog\/wp-content\/uploads\/2016\/05\/Jardim_Botanico_Curitiba_-_State_of_Parana_Brazil_-_panoramio_1-300x225.jpg 300w, https:\/\/quantocustaviajar.com\/blog\/wp-content\/uploads\/2016\/05\/Jardim_Botanico_Curitiba_-_State_of_Parana_Brazil_-_panoramio_1-768x576.jpg 768w\" sizes=\"auto, (max-width: 1024px) 100vw, 1024px\" \/><\/figure>\n\n\n\n<p><\/p>\n\n\n\n<p>Foto: <a href=\"https:\/\/upload.wikimedia.org\/wikipedia\/commons\/thumb\/1\/1f\/Jardim_Bot%C3%A2nico%2C_Curitiba_-_State_of_Paran%C3%A1%2C_Brazil_-_panoramio_%281%29.jpg\/1024px-Jardim_Bot%C3%A2nico%2C_Curitiba_-_State_of_Paran%C3%A1%2C_Brazil_-_panoramio_%281%29.jpg\" target=\"_blank\" rel=\"noopener\">Wikimedia Commons<\/a><\/p>\n\n\n\n<p>A capital do estado do Paran\u00e1, Curitiba, \u00e9 uma das cidades do Brasil mais imperd\u00edveis para conhecer e um \u00f3timo lugar para colocar no seu roteiro de onde passar suas <strong>f\u00e9rias no Brasil!<\/strong><\/p>\n\n\n\n<p>Com muitos pontos tur\u00edsticos para conhecer, o viajante vai ficar com a agenda super cheia com atra\u00e7\u00f5es como o Jardim Bot\u00e2nico (foto), Museu Oscar Niemeyer, \u00d3pera de Arame, Parque Tangu\u00e1 e mais. S\u00e3o muitos parques p\u00fablicos em Curitiba, \u00f3timo para quem gosta de ficar ao ar livre, mesclando um bom espa\u00e7o verde em meio a uma cidade bem contempor\u00e2nea.<\/p>\n\n\n\n<p>Um dos maiores pontos altos de Curitiba e que voc\u00ea precisa conhecer quando for <strong>viajar nas f\u00e9rias&nbsp;<\/strong>\u00e9 o bairro Santa Felicidade, que tem os melhores restaurantes da cidade. L\u00e1, voc\u00ea pode comer no <a href=\"https:\/\/quantocustaviajar.com\/blog\/restaurante-madalosso-em-curitiba\/\" target=\"_blank\" rel=\"noopener\">Restaurante Madalosso<\/a>, um rod\u00edzio de massas que \u00e9 marca registrada da cidade.<\/p>\n\n\n\n<p>Aproveite as <a href=\"https:\/\/www.booking.com\/searchresults.pt-br.html?aid=2161834&amp;label=gog235jc-1FCAsoDEIOZ3JhY2UtY2FmYXlhdGVILVgDaCCIAQGYAS24ARfIAQzYAQHoAQH4AQqIAgGoAgO4Arbe34wGwAIB0gIkMGQ5Yzg0ZDktOGIxZi00NmIyLWJiMGEtOWVhNzFiYWVjOWZl2AIF4AIB&amp;sid=cb6abc611ab28f69a41b1617a85f305a&amp;sb=1&amp;src=hotel&amp;src_elem=sb&amp;error_url=https%3A%2F%2Fwww.booking.com%2Fhotel%2Fbr%2Ffazenda-areia-que-canta.pt-br.html%3Faid%3D2161834%26label%3Dgog235jc-1FCAsoDEIOZ3JhY2UtY2FmYXlhdGVILVgDaCCIAQGYAS24ARfIAQzYAQHoAQH4AQqIAgGoAgO4Arbe34wGwAIB0gIkMGQ5Yzg0ZDktOGIxZi00NmIyLWJiMGEtOWVhNzFiYWVjOWZl2AIF4AIB%26sid%3Dcb6abc611ab28f69a41b1617a85f305a%26checkin%3D2022-12-16%3Bcheckout%3D2022-12-17%3Bdest_id%3D262689%3Bdest_type%3Dhotel%3Bdist%3D0%3Bgroup_adults%3D2%3Bgroup_children%3D0%3Bhapos%3D1%3Bhpos%3D1%3Bno_rooms%3D1%3Breq_adults%3D2%3Breq_children%3D0%3Broom1%3DA%252CA%3Bsb_price_type%3Dtotal%3Bsoh%3D1%3Bsr_order%3Dpopularity%3Bsrepoch%3D1667327391%3Bsrpvid%3D6345820e0d600445%3Btype%3Dtotal%3Bucfs%3D1%26%26&amp;highlighted_hotels=262689&amp;hp_sbox=1&amp;ss=Curitiba%2C+Paran%C3%A1%2C+Brasil&amp;is_ski_area=&amp;ssne=Brotas&amp;ssne_untouched=Brotas&amp;checkin_year=2022&amp;checkin_month=12&amp;checkin_monthday=16&amp;checkout_year=2022&amp;checkout_month=12&amp;checkout_monthday=17&amp;group_adults=2&amp;group_children=0&amp;no_rooms=1&amp;from_sf=1&amp;ss_raw=curitiba&amp;ac_position=0&amp;ac_langcode=xb&amp;ac_click_type=b&amp;ac_meta=GhA0NDcxODIxMDRkMjYwMDVkIAAoATICeGI6CGN1cml0aWJhQABKAFAA&amp;dest_id=-639568&amp;dest_type=city&amp;iata=CWB&amp;place_id_lat=-25.432821&amp;place_id_lon=-49.275867&amp;search_pageview_id=447182104d26005d&amp;search_selected=true&amp;search_pageview_id=447182104d26005d&amp;ac_suggestion_list_length=5&amp;ac_suggestion_theme_list_length=0\" target=\"_blank\" rel=\"noopener\"><strong>melhores hospedagens em Curitiba<\/strong><\/a> com nosso parceiro Booking e curta a cidade e seu descanso merecido. Se precisar de passagem a\u00e9rea para chegar l\u00e1, <a href=\"https:\/\/www.turismocity.com.br\/passagens-aereas-para-CWB-Curitiba?from=SAO&amp;utm_source=qcv&amp;utm_medium=blog\" target=\"_blank\" rel=\"noopener\"><strong>confira aqui<\/strong><\/a> v\u00e1rios or\u00e7amentos de diferentes companhias a\u00e9reas.<\/p>\n\n\n\n<h3 class=\"wp-block-heading\"><span class=\"ez-toc-section\" id=\"18_Porto_de_Galinhas_%E2%80%93_PE\"><\/span>18. Porto de Galinhas &#8211; PE<span class=\"ez-toc-section-end\"><\/span><\/h3>\n\n\n\n<figure class=\"wp-block-image aligncenter\"><img loading=\"lazy\" decoding=\"async\" width=\"640\" height=\"480\" src=\"https:\/\/quantocustaviajar.com\/blog\/wp-content\/uploads\/2016\/05\/Porto-de-galinhas-393-G_PISCINAS_NATURAIS.jpg\" alt=\"\" class=\"wp-image-55667\" srcset=\"https:\/\/quantocustaviajar.com\/blog\/wp-content\/uploads\/2016\/05\/Porto-de-galinhas-393-G_PISCINAS_NATURAIS.jpg 640w, https:\/\/quantocustaviajar.com\/blog\/wp-content\/uploads\/2016\/05\/Porto-de-galinhas-393-G_PISCINAS_NATURAIS-300x225.jpg 300w\" sizes=\"auto, (max-width: 640px) 100vw, 640px\" \/><\/figure>\n\n\n\n<p><a href=\"https:\/\/quantocustaviajar.com\/blog\/wp-content\/uploads\/2016\/05\/Porto-de-galinhas-393-G_PISCINAS_NATURAIS.jpg\">Foto: Wikimedia Commons<\/a><\/p>\n\n\n\n<p>Um lugar que faltam palavras para falar sobre de t\u00e3o lindo e incr\u00edvel que \u00e9, Porto de Galinhas, em Pernambuco, com certeza merece estar na sua lista de prioridades para as <strong>f\u00e9rias no Brasil!<\/strong><\/p>\n\n\n\n<p>Com <a href=\"https:\/\/quantocustaviajar.com\/blog\/destinos-para-quem-gosta-de-praias-paradisiacas\/\">praias paradis\u00edacas<\/a> e piscinas naturais, em Porto de Galinha voc\u00ea vai curtir algumas das melhores praias do Nordeste brasileiro e ainda pode fazer bate e volta para outras praias vizinhas que s\u00e3o incr\u00edveis, como a <a href=\"https:\/\/quantocustaviajar.com\/blog\/praia-dos-carneiros-pernambuco\/\">Praia dos Carneiros<\/a> e Maragogi. Tudo digno de filme!<\/p>\n\n\n\n<p>Ainda vale curtir passeio de buggy e outros passeios de barco dispon\u00edveis no per\u00edodo da sua viagem!<\/p>\n\n\n\n<p><a href=\"https:\/\/www.booking.com\/searchresults.pt-br.html?aid=2161834&amp;label=gog235jc-1FCAsoDEIOZ3JhY2UtY2FmYXlhdGVILVgDaCCIAQGYAS24ARfIAQzYAQHoAQH4AQqIAgGoAgO4Arbe34wGwAIB0gIkMGQ5Yzg0ZDktOGIxZi00NmIyLWJiMGEtOWVhNzFiYWVjOWZl2AIF4AIB&amp;sid=cb6abc611ab28f69a41b1617a85f305a&amp;sb=1&amp;src=hotel&amp;src_elem=sb&amp;error_url=https%3A%2F%2Fwww.booking.com%2Fhotel%2Fbr%2Fporto-de-galinhas-praia.pt-br.html%3Faid%3D2161834%26label%3Dgog235jc-1FCAsoDEIOZ3JhY2UtY2FmYXlhdGVILVgDaCCIAQGYAS24ARfIAQzYAQHoAQH4AQqIAgGoAgO4Arbe34wGwAIB0gIkMGQ5Yzg0ZDktOGIxZi00NmIyLWJiMGEtOWVhNzFiYWVjOWZl2AIF4AIB%26sid%3Dcb6abc611ab28f69a41b1617a85f305a%26all_sr_blocks%3D24353113_333301584_2_1_0%3Bcheckin%3D2021-12-20%3Bcheckout%3D2021-12-22%3Bdest_id%3D-663612%3Bdest_type%3Dcity%3Bgroup_adults%3D2%3Bgroup_children%3D0%3Bhapos%3D5%3Bhighlighted_blocks%3D24353113_333301584_2_1_0%3Bhpos%3D5%3Bmatching_block_id%3D24353113_333301584_2_1_0%3Bno_rooms%3D1%3Breq_adults%3D2%3Breq_children%3D0%3Broom1%3DA%252CA%3Bsb_price_type%3Dtotal%3Bsr_order%3Dpopularity%3Bsr_pri_blocks%3D24353113_333301584_2_1_0__219200%3Bsrepoch%3D1637363073%3Bsrpvid%3D1537a24044da0059%3Btype%3Dtotal%3Bucfs%3D1%26%26&amp;highlighted_hotels=243531&amp;hp_sbox=1&amp;ss=Porto+de+Galinhas&amp;is_ski_area=0&amp;ssne=Porto+de+Galinhas&amp;ssne_untouched=Porto+de+Galinhas&amp;dest_id=-663612&amp;dest_type=city&amp;checkin_year=2022&amp;checkin_month=12&amp;checkin_monthday=16&amp;checkout_year=2022&amp;checkout_month=12&amp;checkout_monthday=17&amp;group_adults=2&amp;group_children=0&amp;no_rooms=1&amp;from_sf=1\" target=\"_blank\" rel=\"noopener\"><strong>Curta os melhores hot\u00e9is de Porto de Galinhas e aproveite ainda mais suas f\u00e9rias em grande estilo.<\/strong><\/a><\/p>\n\n\n\n<p>Para chegar no destino, o aeroporto mais pr\u00f3ximo \u00e9 o de Recife e voc\u00ea pode ficar por dentro dos valores das <a href=\"https:\/\/www.turismocity.com.br\/passagens-aereas-para-REC-Recife?from=SAO&amp;utm_source=qcv&amp;utm_medium=blog\" target=\"_blank\" rel=\"noopener\"><strong>passagens por aqui<\/strong><\/a>.<\/p>\n\n\n\n<h3 class=\"wp-block-heading\"><span class=\"ez-toc-section\" id=\"19_Campos_do_Jordao\"><\/span>19. Campos do Jord\u00e3o<span class=\"ez-toc-section-end\"><\/span><\/h3>\n\n\n\n<figure class=\"wp-block-image aligncenter\"><img loading=\"lazy\" decoding=\"async\" width=\"1024\" height=\"683\" src=\"https:\/\/quantocustaviajar.com\/blog\/wp-content\/uploads\/2016\/05\/Campos_do_Jordao_-_Restaurantes_-_Restaurants_8904099052.jpg\" alt=\"\" class=\"wp-image-55668\" srcset=\"https:\/\/quantocustaviajar.com\/blog\/wp-content\/uploads\/2016\/05\/Campos_do_Jordao_-_Restaurantes_-_Restaurants_8904099052.jpg 1024w, https:\/\/quantocustaviajar.com\/blog\/wp-content\/uploads\/2016\/05\/Campos_do_Jordao_-_Restaurantes_-_Restaurants_8904099052-300x200.jpg 300w, https:\/\/quantocustaviajar.com\/blog\/wp-content\/uploads\/2016\/05\/Campos_do_Jordao_-_Restaurantes_-_Restaurants_8904099052-768x512.jpg 768w\" sizes=\"auto, (max-width: 1024px) 100vw, 1024px\" \/><\/figure>\n\n\n\n<p><\/p>\n\n\n\n<p>Foto: <a href=\"https:\/\/upload.wikimedia.org\/wikipedia\/commons\/thumb\/2\/21\/Campos_do_Jord%C3%A3o_-_Restaurantes_-_Restaurants_%288904099052%29.jpg\/1024px-Campos_do_Jord%C3%A3o_-_Restaurantes_-_Restaurants_%288904099052%29.jpg\" target=\"_blank\" rel=\"noopener\">Wikimedia Commons<\/a><\/p>\n\n\n\n<p>Das praias para dica serrana agora, Campos do Jord\u00e3o \u00e9 uma cidade incr\u00edvel pertinho de S\u00e3o Paulo, na Serra da Mantiqueira, que \u00e9 com certeza um dos destinos de Serra mais procurados pelos viajantes e que vale muito a pena <strong>viajar nas f\u00e9rias <\/strong>para l\u00e1.<\/p>\n\n\n\n<p>Para quem gosta de baixas temperaturas, fondue, cerveja artesanal, centrinho de compras, hot\u00e9is aconchegantes com lareiras e muitos chocolates, Campos do Jord\u00e3o \u00e9 uma cidade que merece ser visitada nas <strong>f\u00e9rias no Brasil!<\/strong><\/p>\n\n\n\n<p>Com bastante movimento, vale a pena programar quando ir a Campos do Jord\u00e3o, pois com a lota\u00e7\u00e3o, os pre\u00e7os que j\u00e1 n\u00e3o s\u00e3o muito amig\u00e1veis ficam ainda mais caros. Assim, vale conhecer e reservar j\u00e1 as <strong><a href=\"https:\/\/www.booking.com\/searchresults.pt-br.html?aid=2161834&amp;label=gog235jc-1FCAsoDEIOZ3JhY2UtY2FmYXlhdGVILVgDaCCIAQGYAS24ARfIAQzYAQHoAQH4AQqIAgGoAgO4Arbe34wGwAIB0gIkMGQ5Yzg0ZDktOGIxZi00NmIyLWJiMGEtOWVhNzFiYWVjOWZl2AIF4AIB&amp;sid=cb6abc611ab28f69a41b1617a85f305a&amp;sb=1&amp;src=hotel&amp;src_elem=sb&amp;error_url=https%3A%2F%2Fwww.booking.com%2Fhotel%2Fbr%2Fporto-de-galinhas-praia.pt-br.html%3Faid%3D2161834%26label%3Dgog235jc-1FCAsoDEIOZ3JhY2UtY2FmYXlhdGVILVgDaCCIAQGYAS24ARfIAQzYAQHoAQH4AQqIAgGoAgO4Arbe34wGwAIB0gIkMGQ5Yzg0ZDktOGIxZi00NmIyLWJiMGEtOWVhNzFiYWVjOWZl2AIF4AIB%26sid%3Dcb6abc611ab28f69a41b1617a85f305a%26all_sr_blocks%3D24353113_333301584_2_1_0%3Bcheckin%3D2021-12-20%3Bcheckout%3D2021-12-22%3Bdest_id%3D-663612%3Bdest_type%3Dcity%3Bgroup_adults%3D2%3Bgroup_children%3D0%3Bhapos%3D5%3Bhighlighted_blocks%3D24353113_333301584_2_1_0%3Bhpos%3D5%3Bmatching_block_id%3D24353113_333301584_2_1_0%3Bno_rooms%3D1%3Breq_adults%3D2%3Breq_children%3D0%3Broom1%3DA%252CA%3Bsb_price_type%3Dtotal%3Bsr_order%3Dpopularity%3Bsr_pri_blocks%3D24353113_333301584_2_1_0__219200%3Bsrepoch%3D1637363073%3Bsrpvid%3D1537a24044da0059%3Btype%3Dtotal%3Bucfs%3D1%26%26&amp;highlighted_hotels=243531&amp;hp_sbox=1&amp;ss=Campos+do+Jord%C3%A3o%2C+Estado+de+S%C3%A3o+Paulo%2C+Brasil&amp;is_ski_area=&amp;ssne=Porto+de+Galinhas&amp;ssne_untouched=Porto+de+Galinhas&amp;checkin_year=2022&amp;checkin_month=12&amp;checkin_monthday=16&amp;checkout_year=2022&amp;checkout_month=12&amp;checkout_monthday=17&amp;group_adults=2&amp;group_children=0&amp;no_rooms=1&amp;from_sf=1&amp;ss_raw=campos+do&amp;ac_position=0&amp;ac_langcode=xb&amp;ac_click_type=b&amp;ac_meta=GhAyMGFiODg5OTA3NmEwMjBiIAAoATICeGI6CWNhbXBvcyBkb0AASgBQAA%3D%3D&amp;dest_id=-634196&amp;dest_type=city&amp;place_id_lat=-22.71883&amp;place_id_lon=-45.567074&amp;search_pageview_id=20ab8899076a020b&amp;search_selected=true&amp;search_pageview_id=20ab8899076a020b&amp;ac_suggestion_list_length=5&amp;ac_suggestion_theme_list_length=0\" target=\"_blank\" rel=\"noopener\">melhores pousadas da cidade<\/a><\/strong>, conforme as dicas do <a href=\"https:\/\/quantocustaviajar.com\/blog\/pousada-em-campos-do-jordao-opcoes-de-hospedagem\/\" target=\"_blank\" rel=\"noopener\"><strong>guia que o Quanto Custa Viajar preparou.<\/strong><\/a><\/p>\n\n\n\n<p>Para chegar em Campos do Jord\u00e3o, o viajante pode chegar primeiro no <a href=\"https:\/\/www.turismocity.com.br\/passagens-aereas-para-SAO-Sao_Paulo?from=SSA&amp;utm_source=qcv&amp;utm_medium=blog\" target=\"_blank\" rel=\"noopener\">Aeroporto de Guarulhos de avi\u00e3o<\/a> e seguir a viagem de carro ou \u00f4nibus.<\/p>\n\n\n\n<h3 class=\"wp-block-heading\"><span class=\"ez-toc-section\" id=\"20_Fernando_de_Noronha_%E2%80%93_PE\"><\/span>20. Fernando de Noronha &#8211; PE<span class=\"ez-toc-section-end\"><\/span><\/h3>\n\n\n\n<figure class=\"wp-block-image\"><img loading=\"lazy\" decoding=\"async\" width=\"1024\" height=\"683\" src=\"https:\/\/quantocustaviajar.com\/blog\/wp-content\/uploads\/2016\/05\/Fernando_de_Noronha_-_PE-_Cacimba_do_Padre.jpg\" alt=\"\" class=\"wp-image-55671\" srcset=\"https:\/\/quantocustaviajar.com\/blog\/wp-content\/uploads\/2016\/05\/Fernando_de_Noronha_-_PE-_Cacimba_do_Padre.jpg 1024w, https:\/\/quantocustaviajar.com\/blog\/wp-content\/uploads\/2016\/05\/Fernando_de_Noronha_-_PE-_Cacimba_do_Padre-300x200.jpg 300w, https:\/\/quantocustaviajar.com\/blog\/wp-content\/uploads\/2016\/05\/Fernando_de_Noronha_-_PE-_Cacimba_do_Padre-768x512.jpg 768w\" sizes=\"auto, (max-width: 1024px) 100vw, 1024px\" \/><\/figure>\n\n\n\n<p><\/p>\n\n\n\n<p>Foto: <a href=\"https:\/\/upload.wikimedia.org\/wikipedia\/commons\/thumb\/e\/e3\/Fernando_de_Noronha_-_PE-_Cacimba_do_Padre.jpg\/1024px-Fernando_de_Noronha_-_PE-_Cacimba_do_Padre.jpg\" target=\"_blank\" rel=\"noopener\">Wikimedia Commons<\/a><\/p>\n\n\n\n<p>Falando em destinos dos sonhos para <strong>f\u00e9rias no Brasil, <\/strong>Fernando de Noronha \u00e9 um dos lugares mais exclusivos do pa\u00eds, seja pelos valores, seja pela dificuldade de acesso e tamb\u00e9m por limitar a quantidade de viajantes em determinados per\u00edodos.<\/p>\n\n\n\n<p>A ilha \u00e9 um dos principais destinos de lua de mel dos viajantes e tamb\u00e9m recentemente passou a ser um dos top destinos para o ano novo. Noronha conta com praias incr\u00edveis, como a Praia do Cachorro, Praia do Meio, Praia da Concei\u00e7\u00e3o (onde rola fila e competi\u00e7\u00e3o por um espa\u00e7o para ver o p\u00f4r do sol) e outras.<\/p>\n\n\n\n<p>Uma excelente op\u00e7\u00e3o para <strong>f\u00e9rias no Brasil<\/strong> para quem curte descanso, paisagens paradis\u00edacas, sem grandes estruturas de resorts e quer ficar pr\u00f3ximo \u00e0 natureza.<\/p>\n\n\n\n<p><a href=\"https:\/\/www.booking.com\/searchresults.pt-br.html?ss=Fernando+de+Noronha%2C+Pernambuco%2C+Brazil&amp;ssne=Campos+do+Jord%C3%A3o&amp;ssne_untouched=Campos+do+Jord%C3%A3o&amp;label=gog235jc-1FCAsoDEIOZ3JhY2UtY2FmYXlhdGVILVgDaCCIAQGYAS24ARfIAQzYAQHoAQH4AQqIAgGoAgO4Arbe34wGwAIB0gIkMGQ5Yzg0ZDktOGIxZi00NmIyLWJiMGEtOWVhNzFiYWVjOWZl2AIF4AIB&amp;sid=cb6abc611ab28f69a41b1617a85f305a&amp;aid=2161834&amp;highlighted_hotels=243531&amp;lang=pt-br&amp;sb=1&amp;src_elem=sb&amp;src=searchresults&amp;dest_id=900048482&amp;dest_type=city&amp;ac_position=0&amp;ac_click_type=b&amp;ac_langcode=en&amp;ac_suggestion_list_length=5&amp;search_selected=true&amp;search_pageview_id=791388b20f0800de&amp;ac_meta=GhA3OTEzODhiMjBmMDgwMGRlIAAoATICZW46B25vcm9uaGFAAEoAUAA%3D&amp;checkin=2022-12-16&amp;checkout=2022-12-17&amp;group_adults=2&amp;no_rooms=1&amp;group_children=0&amp;sb_travel_purpose=leisure\" target=\"_blank\" rel=\"noopener\"><strong>Para ajudar na sele\u00e7\u00e3o dos itens da sua viagem, confira v\u00e1rias op\u00e7\u00f5es de hospedagens em Noronha clicando aqui.<\/strong><\/a><\/p>\n\n\n\n<p>Para chegar em Fernando de Noronha de avi\u00e3o, os viajantes precisam fazer conex\u00e3o em Natal ou Recife. <a href=\"https:\/\/www.turismocity.com.br\/passagens-aereas-para-FEN-Fernando_de_Noronha?from=SAO&amp;utm_source=qcv&amp;utm_medium=blog\" target=\"_blank\" rel=\"noopener\"><strong>Confira os melhores pre\u00e7os de acordo com as conex\u00f5es por aqui.<\/strong><\/a><\/p>\n\n\n\n<h3 class=\"wp-block-heading\"><span class=\"ez-toc-section\" id=\"21_Maragogi_%E2%80%93_AL\"><\/span>21. Maragogi &#8211; AL<span class=\"ez-toc-section-end\"><\/span><\/h3>\n\n\n\n<figure class=\"wp-block-image aligncenter\"><img loading=\"lazy\" decoding=\"async\" width=\"641\" height=\"481\" src=\"https:\/\/quantocustaviajar.com\/blog\/wp-content\/uploads\/2016\/05\/Gales_de_maragogi.jpg\" alt=\"\" class=\"wp-image-55672\" srcset=\"https:\/\/quantocustaviajar.com\/blog\/wp-content\/uploads\/2016\/05\/Gales_de_maragogi.jpg 641w, https:\/\/quantocustaviajar.com\/blog\/wp-content\/uploads\/2016\/05\/Gales_de_maragogi-300x225.jpg 300w\" sizes=\"auto, (max-width: 641px) 100vw, 641px\" \/><\/figure>\n\n\n\n<p>Foto: <a href=\"https:\/\/commons.wikimedia.org\/wiki\/File:Gal%C3%A9s_de_maragogi.jpg\" target=\"_blank\" rel=\"noopener\">Wikimedia Commons<\/a><\/p>\n\n\n\n<p>Esse pedacinho de Alagoas com cara de Caribe entra facilmente na lista dos sonhos de viagem de qualquer brasileiro que curte praia, areia e \u00e1guas transparentes para suas <strong>f\u00e9rias no Brasil.<\/strong><\/p>\n\n\n\n<p>Essa tenta\u00e7\u00e3o \u00e9 frequentemente comparada com Canc\u00fan, Aruba, Punta Cana, por seus belos tra\u00e7os, piscinas naturais e por oferecer resorts \u00e0 beira mar igualzinho nossos amigos estrangeiros. Inclusive, o melhor resort do pa\u00eds atualmente (2022) se encontra ali, o <a href=\"https:\/\/www.booking.com\/hotel\/br\/salinas-do-maragogi-all-inclusive-resort.pt-br.html?aid=2161834&amp;label=gog235jc-1FCAsoDEIOZ3JhY2UtY2FmYXlhdGVILVgDaCCIAQGYAS24ARfIAQzYAQHoAQH4AQqIAgGoAgO4Arbe34wGwAIB0gIkMGQ5Yzg0ZDktOGIxZi00NmIyLWJiMGEtOWVhNzFiYWVjOWZl2AIF4AIB&amp;sid=cb6abc611ab28f69a41b1617a85f305a&amp;checkin=2022-12-16;checkout=2022-12-17;dest_id=255881;dest_type=hotel;dist=0;group_adults=2;group_children=0;hapos=1;hpos=1;no_rooms=1;req_adults=2;req_children=0;room1=A%2CA;sb_price_type=total;soh=1;sr_order=popularity;srepoch=1667333349;srpvid=9aae8db2b7a702b1;type=total;ucfs=1&amp;#no_availability_msg\" target=\"_blank\" rel=\"noopener\"><strong>Salinas de Maragogi<\/strong><\/a>.<\/p>\n\n\n\n<p>Fora ele, existem <a href=\"https:\/\/www.booking.com\/searchresults.pt-br.html?ss=Grand+Oca+Maragogi+All+Inclusive+Resort%2C+Maragogi%2C+Alagoas%2C+Brazil&amp;ssne=Maragogi&amp;ssne_untouched=Maragogi&amp;label=gog235jc-1FCAsoDEIOZ3JhY2UtY2FmYXlhdGVILVgDaCCIAQGYAS24ARfIAQzYAQHoAQH4AQqIAgGoAgO4Arbe34wGwAIB0gIkMGQ5Yzg0ZDktOGIxZi00NmIyLWJiMGEtOWVhNzFiYWVjOWZl2AIF4AIB&amp;sid=cb6abc611ab28f69a41b1617a85f305a&amp;aid=2161834&amp;highlighted_hotels=243531&amp;lang=pt-br&amp;sb=1&amp;src_elem=sb&amp;src=searchresults&amp;dest_id=261988&amp;dest_type=hotel&amp;ac_position=2&amp;ac_click_type=b&amp;ac_langcode=en&amp;ac_suggestion_list_length=5&amp;search_selected=true&amp;search_pageview_id=d3768dd3494a00c7&amp;ac_meta=GhBkMzc2OGRkMzQ5NGEwMGM3IAIoATICZW46CGdyYW4gb2NhQABKAFAA&amp;checkin=2023-01-20&amp;checkout=2023-01-21&amp;group_adults=2&amp;no_rooms=1&amp;group_children=0&amp;sb_travel_purpose=leisure\" target=\"_blank\" rel=\"noopener\"><strong>outros resorts all inclusive de cair o queixo<\/strong><\/a> e tamb\u00e9m v\u00e1rios passeios para entreter os viajantes.<\/p>\n\n\n\n<p>Para chegar em Maragogi, ser\u00e1 necess\u00e1rio <a href=\"https:\/\/www.turismocity.com.br\/passagens-aereas-para-MCZ-Maceio?from=SAO&amp;utm_source=qcv&amp;utm_medium=blog\" target=\"_blank\" rel=\"noopener\">pegar um voo at\u00e9 Recife ou Mac\u00e9io<\/a> e depois um transfer at\u00e9 seu hotel em uma estradinha de terra um pouco chata.<\/p>\n\n\n\n<h3 class=\"wp-block-heading\"><span class=\"ez-toc-section\" id=\"22_Jericoacoara_%E2%80%93_CE\"><\/span><strong>22. Jericoacoara &#8211; CE<\/strong><span class=\"ez-toc-section-end\"><\/span><\/h3>\n\n\n\n<figure class=\"wp-block-image aligncenter\"><img loading=\"lazy\" decoding=\"async\" width=\"1280\" height=\"852\" src=\"https:\/\/quantocustaviajar.com\/blog\/wp-content\/uploads\/2016\/05\/Anderps_067-1.jpg\" alt=\"\" class=\"wp-image-55675\" srcset=\"https:\/\/quantocustaviajar.com\/blog\/wp-content\/uploads\/2016\/05\/Anderps_067-1.jpg 1280w, https:\/\/quantocustaviajar.com\/blog\/wp-content\/uploads\/2016\/05\/Anderps_067-1-300x200.jpg 300w, https:\/\/quantocustaviajar.com\/blog\/wp-content\/uploads\/2016\/05\/Anderps_067-1-1024x682.jpg 1024w, https:\/\/quantocustaviajar.com\/blog\/wp-content\/uploads\/2016\/05\/Anderps_067-1-768x511.jpg 768w\" sizes=\"auto, (max-width: 1280px) 100vw, 1280px\" \/><\/figure>\n\n\n\n<p><\/p>\n\n\n\n<p>Foto: <a href=\"https:\/\/commons.wikimedia.org\/wiki\/File:Anderps_067.JPG\" target=\"_blank\" rel=\"noopener\">Wikimedia Commons<\/a><\/p>\n\n\n\n<p>A equipe do Quanto Custa Viajar n\u00e3o cansa de querer te impressionar com as belas paisagens do nosso Brasil para voc\u00ea investir cada vez mais em viagens por aqui, estimulando o turismo nacional, mas tamb\u00e9m para te mostrar como \u00e0s vezes nem precisamos ir t\u00e3o longe para ver paisagens dignas de Instagram e filmes.<\/p>\n\n\n\n<p>Jijoca de Jericoacoara, no Cear\u00e1, \u00e9 um destes destinos surreais de tirar o f\u00f4lego at\u00e9 dos mais viajados. A cor do mar, a areia e suas estruturas naturais s\u00e3o surpreendentes e com certeza merece sua aten\u00e7\u00e3o na hora de planejar onde passar suas <strong>f\u00e9rias no Brasil.<\/strong><\/p>\n\n\n\n<p>Em Jeri, n\u00e3o deixe de fazer passeios de buggy, conhecer as praias e fazer a trilha da Pedra Furada, essa da foto.<\/p>\n\n\n\n<p>Jeri tem hospedagens incr\u00edveis e super modernas, uma das mais famosas do pa\u00eds est\u00e1 l\u00e1, o <a href=\"https:\/\/www.booking.com\/hotel\/br\/essenza.pt-br.html?aid=2161834&amp;label=gog235jc-1FCAsoDEIOZ3JhY2UtY2FmYXlhdGVILVgDaCCIAQGYAS24ARfIAQzYAQHoAQH4AQqIAgGoAgO4Arbe34wGwAIB0gIkMGQ5Yzg0ZDktOGIxZi00NmIyLWJiMGEtOWVhNzFiYWVjOWZl2AIF4AIB&amp;sid=cb6abc611ab28f69a41b1617a85f305a&amp;all_sr_blocks=106030801_335369144_2_1_0;checkin=2023-01-20;checkout=2023-01-21;dest_id=1060308;dest_type=hotel;dist=0;group_adults=2;group_children=0;hapos=1;highlighted_blocks=106030801_335369144_2_1_0;hpos=1;matching_block_id=106030801_335369144_2_1_0;no_rooms=1;req_adults=2;req_children=0;room1=A%2CA;sb_price_type=total;sr_order=popularity;sr_pri_blocks=106030801_335369144_2_1_0__279000;srepoch=1667334084;srpvid=1ebf8f21a142005a;type=total;ucfs=1&amp;#hotelTmpl\" target=\"_blank\" rel=\"noopener\">Essenza Hotel<\/a>, aquele que tem piscinas na sacada do quarto. N\u00e3o se preocupe, <a href=\"https:\/\/www.booking.com\/searchresults.pt-br.html?aid=2161834&amp;label=gog235jc-1FCAsoDEIOZ3JhY2UtY2FmYXlhdGVILVgDaCCIAQGYAS24ARfIAQzYAQHoAQH4AQqIAgGoAgO4Arbe34wGwAIB0gIkMGQ5Yzg0ZDktOGIxZi00NmIyLWJiMGEtOWVhNzFiYWVjOWZl2AIF4AIB&amp;sid=cb6abc611ab28f69a41b1617a85f305a&amp;sb=1&amp;src=hotel&amp;src_elem=sb&amp;error_url=https%3A%2F%2Fwww.booking.com%2Fhotel%2Fbr%2Fporto-de-galinhas-praia.pt-br.html%3Faid%3D2161834%26label%3Dgog235jc-1FCAsoDEIOZ3JhY2UtY2FmYXlhdGVILVgDaCCIAQGYAS24ARfIAQzYAQHoAQH4AQqIAgGoAgO4Arbe34wGwAIB0gIkMGQ5Yzg0ZDktOGIxZi00NmIyLWJiMGEtOWVhNzFiYWVjOWZl2AIF4AIB%26sid%3Dcb6abc611ab28f69a41b1617a85f305a%26all_sr_blocks%3D24353113_333301584_2_1_0%3Bcheckin%3D2021-12-20%3Bcheckout%3D2021-12-22%3Bdest_id%3D-663612%3Bdest_type%3Dcity%3Bgroup_adults%3D2%3Bgroup_children%3D0%3Bhapos%3D5%3Bhighlighted_blocks%3D24353113_333301584_2_1_0%3Bhpos%3D5%3Bmatching_block_id%3D24353113_333301584_2_1_0%3Bno_rooms%3D1%3Breq_adults%3D2%3Breq_children%3D0%3Broom1%3DA%252CA%3Bsb_price_type%3Dtotal%3Bsr_order%3Dpopularity%3Bsr_pri_blocks%3D24353113_333301584_2_1_0__219200%3Bsrepoch%3D1637363073%3Bsrpvid%3D1537a24044da0059%3Btype%3Dtotal%3Bucfs%3D1%26%26&amp;highlighted_hotels=243531&amp;hp_sbox=1&amp;ss=Essenza+Hotel%2C+Jericoacoara%2C+Cear%C3%A1%2C+Brasil&amp;is_ski_area=&amp;ssne=Porto+de+Galinhas&amp;ssne_untouched=Porto+de+Galinhas&amp;checkin_year=2023&amp;checkin_month=1&amp;checkin_monthday=20&amp;checkout_year=2023&amp;checkout_month=1&amp;checkout_monthday=21&amp;group_adults=2&amp;group_children=0&amp;no_rooms=1&amp;from_sf=1&amp;ss_raw=essenza&amp;ac_position=0&amp;ac_langcode=xb&amp;ac_click_type=b&amp;ac_meta=GhBlMWZkOGYxZGNkMDQwMTBhIAAoATICeGI6B2Vzc2VuemFAAEoAUAA%3D&amp;dest_id=1060308&amp;dest_type=hotel&amp;place_id_lat=-2.7968338&amp;place_id_lon=-40.51764&amp;search_pageview_id=e1fd8f1dcd04010a&amp;search_selected=true&amp;search_pageview_id=e1fd8f1dcd04010a&amp;ac_suggestion_list_length=5&amp;ac_suggestion_theme_list_length=0\" target=\"_blank\" rel=\"noopener\">Jericoacoara tem v\u00e1rias op\u00e7\u00f5es de pousadas<\/a> tamb\u00e9m para quem quer investir um pouco menos.<\/p>\n\n\n\n<p>Para facilitar sua viagem, Jeri tem voos direto saindo de alguns pontos do pa\u00eds, vale dar aquela conferida e cotar suas passagens por <a href=\"https:\/\/www.turismocity.com.br\/passagens-de-SAO-Sao_Paulo-para-JJD-Aeroporto_Internacional_Comandante_Ariston_Pessoa?from=SAO&amp;utm_source=qcv&amp;utm_medium=blog\" target=\"_blank\" rel=\"noopener\">aqui.<\/a><\/p>\n\n\n\n<h3 class=\"wp-block-heading\"><span class=\"ez-toc-section\" id=\"23_Rio_de_Janeiro_%E2%80%93_RJ\"><\/span><strong>23. Rio de Janeiro &#8211; RJ<\/strong><span class=\"ez-toc-section-end\"><\/span><\/h3>\n\n\n\n<figure class=\"wp-block-image aligncenter size-full wp-image-60578\"><img loading=\"lazy\" decoding=\"async\" width=\"1280\" height=\"848\" src=\"https:\/\/quantocustaviajar.com\/blog\/wp-content\/uploads\/2022\/11\/rio-de-janeiro-1534128_1280.jpg\" alt=\"\" class=\"wp-image-60578\" srcset=\"https:\/\/quantocustaviajar.com\/blog\/wp-content\/uploads\/2022\/11\/rio-de-janeiro-1534128_1280.jpg 1280w, https:\/\/quantocustaviajar.com\/blog\/wp-content\/uploads\/2022\/11\/rio-de-janeiro-1534128_1280-300x199.jpg 300w, https:\/\/quantocustaviajar.com\/blog\/wp-content\/uploads\/2022\/11\/rio-de-janeiro-1534128_1280-1024x678.jpg 1024w, https:\/\/quantocustaviajar.com\/blog\/wp-content\/uploads\/2022\/11\/rio-de-janeiro-1534128_1280-768x509.jpg 768w\" sizes=\"auto, (max-width: 1280px) 100vw, 1280px\" \/><figcaption class=\"wp-element-caption\">Foto: <a href=\"https:\/\/pixabay.com\/pt\/photos\/rio-de-janeiro-vis%C3%A3o-panorama-1534128\/\" target=\"_blank\" rel=\"noopener\">Pixabay<\/a><\/figcaption><\/figure>\n\n\n\n<p>Imposs\u00edvel falar de lugares para passar as <strong>f\u00e9rias no Brasil&nbsp;<\/strong>sem falar da cidade maravilhosa, n\u00e9? O Rio de Janeiro tem uma energia incr\u00edvel, com um ambiente amig\u00e1vel, clima quente, belas praias, pontos tur\u00edsticos dignos de filmes (e inclusive aparecem em muitos deles)!<\/p>\n\n\n\n<p>Se escolher o RJ como destino das suas <strong>f\u00e9rias no Brasil, <\/strong>n\u00e3o deixe de visitar as Praias de Copacabana e Ipanema, o Cristo Redentor e o P\u00e3o de A\u00e7\u00facar!<\/p>\n\n\n\n<p>Passagens a\u00e9reas de SP para o RJ ida e volta a partir de R$ 385 voc\u00ea encontra <a href=\"https:\/\/www.turismocity.com.br\/passagens-aereas-para-RIO-Rio_de_Janeiro_Brasil?from=SAO&amp;utm_source=qcv&amp;utm_medium=blog\" target=\"_blank\" rel=\"noopener\">aqui<\/a>! E se voc\u00ea n\u00e3o sabe onde se hospedar, confira essa <a href=\"https:\/\/www.booking.com\/city\/br\/rio-de-janeiro.pt-br.html?sid=72a1c43897e59060b883b674a2fed3ed&amp;aid=2161834\" target=\"_blank\" rel=\"noopener\">lista com as 10 melhores op\u00e7\u00f5es de hot\u00e9is<\/a> na cidade.<\/p>\n\n\n\n<h3 class=\"wp-block-heading\"><span class=\"ez-toc-section\" id=\"24_Bonito_%E2%80%93_MS\"><\/span><strong>24. Bonito &#8211; MS<\/strong><span class=\"ez-toc-section-end\"><\/span><\/h3>\n\n\n\n<figure class=\"wp-block-image aligncenter size-full wp-image-60579\"><img loading=\"lazy\" decoding=\"async\" width=\"1280\" height=\"853\" src=\"https:\/\/quantocustaviajar.com\/blog\/wp-content\/uploads\/2022\/11\/Abismo_Anhumas_Bonito_MS_2-1.jpg\" alt=\"\" class=\"wp-image-60579\" srcset=\"https:\/\/quantocustaviajar.com\/blog\/wp-content\/uploads\/2022\/11\/Abismo_Anhumas_Bonito_MS_2-1.jpg 1280w, https:\/\/quantocustaviajar.com\/blog\/wp-content\/uploads\/2022\/11\/Abismo_Anhumas_Bonito_MS_2-1-300x200.jpg 300w, https:\/\/quantocustaviajar.com\/blog\/wp-content\/uploads\/2022\/11\/Abismo_Anhumas_Bonito_MS_2-1-1024x682.jpg 1024w, https:\/\/quantocustaviajar.com\/blog\/wp-content\/uploads\/2022\/11\/Abismo_Anhumas_Bonito_MS_2-1-768x512.jpg 768w\" sizes=\"auto, (max-width: 1280px) 100vw, 1280px\" \/><figcaption class=\"wp-element-caption\">Foto: <a href=\"https:\/\/commons.wikimedia.org\/wiki\/File:Abismo_Anhumas,_Bonito,_MS_2.JPG\" target=\"_blank\" rel=\"noopener\">Wikimedia Commons<\/a><\/figcaption><\/figure>\n\n\n\n<p>\u00c9 quase um &#8220;insulto&#8221; a cidade de Bonito chamar apenas bonito, deveria ser Incr\u00edvel, Maravilhoso, Deslumbrante! Piadinhas \u00e0 parte, Bonito, no MS, \u00e9 um destino de ecoturismo famoso por suas \u00e1guas cristalinas, cavernas impressionantes e atividades como mergulho e flutua\u00e7\u00e3o em rios. S\u00e3o muitas atividades para todos os gostos e at\u00e9 quem n\u00e3o costuma gostar das coisas mais radicais vai querer aproveitar. Tirolesa, arvorismo, rapel, pegar uma sucuri nos ombros e mais s\u00e3o algumas das melhores atividades para fazer na cidade durante suas <strong>f\u00e9rias no Brasil&nbsp;<\/strong>neste destino.<\/p>\n\n\n\n<p>Alguns aeroportos, como de S\u00e3o Paulo, j\u00e1 possuem voos direto para Bonito, veja <a href=\"https:\/\/www.turismocity.com.br\/passagens-aereas-para-BYO-Bonito?from=SAO&amp;utm_source=qcv&amp;utm_medium=blog\" target=\"_blank\" rel=\"noopener\"><strong>aqui<\/strong><\/a>! Pousadas, hot\u00e9is e mais o viajante encontra com bons pre\u00e7os <a href=\"https:\/\/www.booking.com\/city\/br\/bonito.pt-br.html?sid=72a1c43897e59060b883b674a2fed3ed&amp;aid=2161834\" target=\"_blank\" rel=\"noopener\">aqui<\/a>!<\/p>\n\n\n\n<h3 class=\"wp-block-heading\"><span class=\"ez-toc-section\" id=\"25_Recife_%E2%80%93_PE\"><\/span><strong>25. Recife &#8211; PE<\/strong><span class=\"ez-toc-section-end\"><\/span><\/h3>\n\n\n\n<figure class=\"wp-block-image aligncenter size-full wp-image-60582\"><img loading=\"lazy\" decoding=\"async\" width=\"1024\" height=\"683\" src=\"https:\/\/quantocustaviajar.com\/blog\/wp-content\/uploads\/2022\/11\/Recife_-_Inicio_da_Avenida_Boa_Viagem-2.jpg\" alt=\"\" class=\"wp-image-60582\" srcset=\"https:\/\/quantocustaviajar.com\/blog\/wp-content\/uploads\/2022\/11\/Recife_-_Inicio_da_Avenida_Boa_Viagem-2.jpg 1024w, https:\/\/quantocustaviajar.com\/blog\/wp-content\/uploads\/2022\/11\/Recife_-_Inicio_da_Avenida_Boa_Viagem-2-300x200.jpg 300w, https:\/\/quantocustaviajar.com\/blog\/wp-content\/uploads\/2022\/11\/Recife_-_Inicio_da_Avenida_Boa_Viagem-2-768x512.jpg 768w\" sizes=\"auto, (max-width: 1024px) 100vw, 1024px\" \/><figcaption class=\"wp-element-caption\">Foto: <a href=\"https:\/\/upload.wikimedia.org\/wikipedia\/commons\/thumb\/b\/b9\/Recife_-_In%C3%ADcio_da_Avenida_Boa_Viagem.jpg\/1024px-Recife_-_In%C3%ADcio_da_Avenida_Boa_Viagem.jpg\" target=\"_blank\" rel=\"noopener\">Wikimedia Commons<\/a><\/figcaption><\/figure>\n\n\n\n<p>Se voc\u00ea quer um lugar quente, com praias lindas, pr\u00f3ximo a outras praias t\u00e3o lindas quanto, com gente calorosa, comida excelente e boa infraestrutura para passar suas <strong>f\u00e9rias no Brasil,&nbsp;<\/strong>vale considerar Recife como destino de viagem.<\/p>\n\n\n\n<p>A capital de Pernambuco \u00e9 uma cidade charmosa com um centro hist\u00f3rico bem preservado e v\u00e1rios pontos tur\u00edsticos hist\u00f3ricos famosos. N\u00e3o bastasse isso, Recife ainda \u00e9 conhecida por suas praias, algumas das mais famosas do Brasil, como a de Boa Viagem e Piedade.<\/p>\n\n\n\n<p>Comece a or\u00e7ar j\u00e1 sua passagem para o destino <a href=\"https:\/\/www.turismocity.com.br\/passagens-aereas-para-REC-Guararapes_Intl?from=SAO&amp;utm_source=qcv&amp;utm_medium=blog\" target=\"_blank\" rel=\"noopener\">aqui<\/a> e economize. Falando em economizar, gaste pouco com a hospedagem reservando por <a href=\"https:\/\/www.booking.com\/city\/br\/recife.pt-br.html?sid=72a1c43897e59060b883b674a2fed3ed&amp;aid=2161834\" target=\"_blank\" rel=\"noopener\">aqui<\/a>!<\/p>\n\n\n\n<h3 class=\"wp-block-heading\"><span class=\"ez-toc-section\" id=\"26_Florianopolis_%E2%80%93_SC\"><\/span><strong>26. Florian\u00f3polis &#8211; SC<\/strong><span class=\"ez-toc-section-end\"><\/span><\/h3>\n\n\n\n<figure class=\"wp-block-image aligncenter size-full wp-image-60583\"><img loading=\"lazy\" decoding=\"async\" width=\"1366\" height=\"768\" src=\"https:\/\/quantocustaviajar.com\/blog\/wp-content\/uploads\/2022\/11\/wallpaperflare.com_wallpaper-24.jpg\" alt=\"\" class=\"wp-image-60583\" srcset=\"https:\/\/quantocustaviajar.com\/blog\/wp-content\/uploads\/2022\/11\/wallpaperflare.com_wallpaper-24.jpg 1366w, https:\/\/quantocustaviajar.com\/blog\/wp-content\/uploads\/2022\/11\/wallpaperflare.com_wallpaper-24-300x169.jpg 300w, https:\/\/quantocustaviajar.com\/blog\/wp-content\/uploads\/2022\/11\/wallpaperflare.com_wallpaper-24-1024x576.jpg 1024w, https:\/\/quantocustaviajar.com\/blog\/wp-content\/uploads\/2022\/11\/wallpaperflare.com_wallpaper-24-768x432.jpg 768w\" sizes=\"auto, (max-width: 1366px) 100vw, 1366px\" \/><figcaption class=\"wp-element-caption\">Foto: <a href=\"https:\/\/www.wallpaperflare.com\/brazil-florianopolis-sea-rocks-brasil-beach-landscape-wallpaper-gnwqp\/download\/1366x768\" target=\"_blank\" rel=\"noopener\">Wallpaper Flare<\/a><\/figcaption><\/figure>\n\n\n\n<p>Mais uma op\u00e7\u00e3o de capital para passar as suas <strong>f\u00e9rias no Brasil&nbsp;<\/strong>para ningu\u00e9m por defeito! Florian\u00f3polis, ou Floripa, \u00e9 a capital de <a href=\"https:\/\/quantocustaviajar.com\/blog\/lugares-para-conhecer-no-interior-de-santa-catarina\/\">Santa Catarina<\/a> mas \u00e9 mais conhecida por ser uma ilha paradis\u00edaca com belas praias, dunas e trilhas para caminhadas. Ainda \u00e9 bem famosa por seus praias de surf, kitesurfe e sua vida noturna agitada.<\/p>\n\n\n\n<p>Quem conhece a Ilha da Magia quer voltar sempre! Praia de Joaquina, Jurer\u00ea, Jurer\u00ea Internacional, Ingleses e muitas outras ganham destaque na regi\u00e3o e voc\u00ea deve visitar! Para escolher um hotel pertinho de uma dessas praias, clique <a href=\"https:\/\/www.booking.com\/city\/br\/florianopolis.pt-br.html?sid=72a1c43897e59060b883b674a2fed3ed&amp;aid=2161834\" target=\"_blank\" rel=\"noopener\">aqui<\/a>. \u00c9 poss\u00edvel encontrar voos de SP para Floripa a partir de R$ 400 por <a href=\"https:\/\/www.turismocity.com.br\/passagens-aereas-para-FLN-Hercilio_Luz_Intl?from=SAO&amp;utm_source=qcv&amp;utm_medium=blog\" target=\"_blank\" rel=\"noopener\">aqui<\/a>, j\u00e1 com ida e volta.<\/p>\n\n\n\n<h3 class=\"wp-block-heading\"><span class=\"ez-toc-section\" id=\"27_Foz_do_Iguacu_%E2%80%93_PR\"><\/span><strong>27. Foz do Igua\u00e7u &#8211; PR<\/strong><span class=\"ez-toc-section-end\"><\/span><\/h3>\n\n\n\n<figure class=\"wp-block-image aligncenter size-full wp-image-60584\"><img loading=\"lazy\" decoding=\"async\" width=\"1280\" height=\"944\" src=\"https:\/\/quantocustaviajar.com\/blog\/wp-content\/uploads\/2022\/11\/Cataratas_do_Iguacu_-_Foz_do_Iguacu_-_Parana_9.jpg\" alt=\"\" class=\"wp-image-60584\" srcset=\"https:\/\/quantocustaviajar.com\/blog\/wp-content\/uploads\/2022\/11\/Cataratas_do_Iguacu_-_Foz_do_Iguacu_-_Parana_9.jpg 1280w, https:\/\/quantocustaviajar.com\/blog\/wp-content\/uploads\/2022\/11\/Cataratas_do_Iguacu_-_Foz_do_Iguacu_-_Parana_9-300x221.jpg 300w, https:\/\/quantocustaviajar.com\/blog\/wp-content\/uploads\/2022\/11\/Cataratas_do_Iguacu_-_Foz_do_Iguacu_-_Parana_9-1024x755.jpg 1024w, https:\/\/quantocustaviajar.com\/blog\/wp-content\/uploads\/2022\/11\/Cataratas_do_Iguacu_-_Foz_do_Iguacu_-_Parana_9-768x566.jpg 768w\" sizes=\"auto, (max-width: 1280px) 100vw, 1280px\" \/><figcaption class=\"wp-element-caption\">Foto: <a href=\"https:\/\/upload.wikimedia.org\/wikipedia\/commons\/thumb\/9\/96\/Cataratas_do_Igua%C3%A7u_-_Foz_do_Igua%C3%A7u_-_Paran%C3%A1_%289%29.jpg\/1280px-Cataratas_do_Igua%C3%A7u_-_Foz_do_Igua%C3%A7u_-_Paran%C3%A1_%289%29.jpg\" target=\"_blank\" rel=\"noopener\">Wikimedia Commons<\/a><\/figcaption><\/figure>\n\n\n\n<p>Nessa op\u00e7\u00e3o de <strong>f\u00e9rias no Brasil <\/strong>vamos dar uma pequena roubada, porque d\u00e1 para visitar tanto o Brasil quanto <a href=\"https:\/\/quantocustaviajar.com\/blog\/lugares-imperdiveis-para-conhecer-na-argentina\/\">Argentina<\/a> e Paraguai em uma s\u00f3 viagem.&nbsp; A cidade de Foz do Igua\u00e7u, no Paran\u00e1, \u00e9 fronteiri\u00e7a e fica entre o Brasil, a Argentina e o Paraguai, sendo um destino popular por isso, por suas compras e tamb\u00e9m, claro, pelas Cataratas do Igua\u00e7u, uma das maiores cachoeiras do mundo!<\/p>\n\n\n\n<p>Dependendo de onde voc\u00ea for desse Brasilz\u00e3o, vale a pena come\u00e7ar a <a href=\"https:\/\/www.turismocity.com.br\/passagens-aereas-para-IGU-Foz_do_Iguacu_Intl?from=SAO&amp;utm_source=qcv&amp;utm_medium=blog\" target=\"_blank\" rel=\"noopener\">or\u00e7ar passagens a\u00e9reas<\/a> e acompanhar os pre\u00e7os, para o custo de deslocamento n\u00e3o ficar alto. E se j\u00e1 quiser, fa\u00e7a um or\u00e7amento sem compromisso de hot\u00e9is <a href=\"https:\/\/www.booking.com\/city\/br\/foz-do-iguacu.pt-br.html?sid=72a1c43897e59060b883b674a2fed3ed&amp;aid=2161834\" target=\"_blank\" rel=\"noopener\">aqui<\/a>.<\/p>\n\n\n\n<h3 class=\"wp-block-heading\"><span class=\"ez-toc-section\" id=\"28_Brasilia_%E2%80%93_DF\"><\/span><strong>28. Bras\u00edlia &#8211; DF<\/strong><span class=\"ez-toc-section-end\"><\/span><\/h3>\n\n\n\n<figure class=\"wp-block-image aligncenter size-full wp-image-60589\"><img loading=\"lazy\" decoding=\"async\" width=\"1280\" height=\"613\" src=\"https:\/\/quantocustaviajar.com\/blog\/wp-content\/uploads\/2022\/11\/Planalto_Central_cropped.jpg\" alt=\"\" class=\"wp-image-60589\" srcset=\"https:\/\/quantocustaviajar.com\/blog\/wp-content\/uploads\/2022\/11\/Planalto_Central_cropped.jpg 1280w, https:\/\/quantocustaviajar.com\/blog\/wp-content\/uploads\/2022\/11\/Planalto_Central_cropped-300x144.jpg 300w, https:\/\/quantocustaviajar.com\/blog\/wp-content\/uploads\/2022\/11\/Planalto_Central_cropped-1024x490.jpg 1024w, https:\/\/quantocustaviajar.com\/blog\/wp-content\/uploads\/2022\/11\/Planalto_Central_cropped-768x368.jpg 768w\" sizes=\"auto, (max-width: 1280px) 100vw, 1280px\" \/><figcaption class=\"wp-element-caption\">Foto: <a href=\"https:\/\/upload.wikimedia.org\/wikipedia\/commons\/thumb\/2\/2d\/Planalto_Central_%28cropped%29.jpg\/1280px-Planalto_Central_%28cropped%29.jpg\" target=\"_blank\" rel=\"noopener\">Wikimedia Commons<\/a><\/figcaption><\/figure>\n\n\n\n<p>Que tal aproveitar suas <strong>f\u00e9rias no Brasil&nbsp;<\/strong>para conhecer a capital do nosso pa\u00eds, onde \u00e9 o centro do poder do Brasil e as grandes decis\u00f5es acontecem? E de quebra conhecer uma cidade que tem uma hist\u00f3ria riqu\u00edssima, j\u00e1 que \u00e9 uma cidade que foi planejada e constru\u00edda no s\u00e9culo XX em formato de avi\u00e3o (inclusive as regi\u00f5es s\u00e3o chamadas de Asa Sul, Asa Norte) durante o governo de Juscelino Kubitschek. Esse<\/p>\n\n\n\n<p>Bras\u00edlia \u00e9 conhecida por sua arquitetura moderna, como o Pal\u00e1cio do Planalto e o Pal\u00e1cio da Alvorada, e por seus parques e jardins. Vale bem a pena conhecer o local da onde saiu a famosa banda Legi\u00e3o Urbana, na d\u00e9cada de 80.<\/p>\n\n\n\n<p>As passagens pra Bras\u00edlia costumam ter um \u00f3timo pre\u00e7o, veja <a href=\"https:\/\/www.turismocity.com.br\/passagens-aereas-para-BSB-Brasilia_Intl_President_Juscelino_Kubitschek?from=SAO&amp;utm_source=qcv&amp;utm_medium=blog\" target=\"_blank\" rel=\"noopener\">aqui<\/a>. Conhe\u00e7a as <a href=\"https:\/\/www.booking.com\/city\/br\/brasilia.pt-br.html?sid=72a1c43897e59060b883b674a2fed3ed&amp;aid=2161834\" target=\"_blank\" rel=\"noopener\">op\u00e7\u00f5es de hotelaria<\/a> em Bras\u00edlia, que ficam todos em uma mesma regi\u00e3o, j\u00e1 que a cidade foi programada.<\/p>\n\n\n\n<h3 class=\"wp-block-heading\"><span class=\"ez-toc-section\" id=\"29_Lencois_Maranhenses_%E2%80%93_MA\"><\/span><strong>29. Len\u00e7\u00f3is Maranhenses &#8211; MA<\/strong><span class=\"ez-toc-section-end\"><\/span><\/h3>\n\n\n\n<figure class=\"wp-block-image aligncenter size-full wp-image-60592\"><img loading=\"lazy\" decoding=\"async\" width=\"2048\" height=\"1366\" src=\"https:\/\/quantocustaviajar.com\/blog\/wp-content\/uploads\/2022\/11\/5444712311_6dd33e83f4_k.jpg\" alt=\"\" class=\"wp-image-60592\" srcset=\"https:\/\/quantocustaviajar.com\/blog\/wp-content\/uploads\/2022\/11\/5444712311_6dd33e83f4_k.jpg 2048w, https:\/\/quantocustaviajar.com\/blog\/wp-content\/uploads\/2022\/11\/5444712311_6dd33e83f4_k-300x200.jpg 300w, https:\/\/quantocustaviajar.com\/blog\/wp-content\/uploads\/2022\/11\/5444712311_6dd33e83f4_k-1024x683.jpg 1024w, https:\/\/quantocustaviajar.com\/blog\/wp-content\/uploads\/2022\/11\/5444712311_6dd33e83f4_k-768x512.jpg 768w, https:\/\/quantocustaviajar.com\/blog\/wp-content\/uploads\/2022\/11\/5444712311_6dd33e83f4_k-1536x1025.jpg 1536w, https:\/\/quantocustaviajar.com\/blog\/wp-content\/uploads\/2022\/11\/5444712311_6dd33e83f4_k-1920x1281.jpg 1920w\" sizes=\"auto, (max-width: 2048px) 100vw, 2048px\" \/><figcaption class=\"wp-element-caption\">Foto: Flickr\/<a id=\"yui_3_16_0_1_1692120293410_2055\" class=\"owner-name truncate\" title=\"V\u00e1 para a galeria de Danielle  Pereira\" data-track=\"attributionNameClick\" href=\"https:\/\/www.flickr.com\/photos\/galeria_miradas\/\" target=\"_blank\" rel=\"author noopener\">Danielle Pereira<\/a><\/figcaption><\/figure>\n\n\n\n<p>Essa op\u00e7\u00e3o de <strong>f\u00e9rias no Brasil&nbsp;<\/strong>deveria estar no seu top 5 se voc\u00ea ainda n\u00e3o conhece o destino. Os Len\u00e7\u00f3is Maranhenses, a 260 km de S\u00e3o Lu\u00eds, no Maranh\u00e3o, tem uma paisagem que quem n\u00e3o conhece pode at\u00e9 duvidar se \u00e9 real ou n\u00e3o &#8211; mas acreditem, \u00e9 real, e a foto n\u00e3o faz jus \u00e0 beleza desse lugar.<\/p>\n\n\n\n<p>O Parque Nacional dos Len\u00e7\u00f3is Maranhenses \u00e9 uma reserva natural e est\u00e1 entre os destinos mais disputados pelos viajantes, j\u00e1 que ficou conhecido por suas belas dunas de areia branca e lagoas cristalinas.&nbsp;A areia dos Len\u00e7\u00f3is Maranhenses \u00e9 formada principalmente por quartzo, o que dificulta sua solidifica\u00e7\u00e3o e \u00e9 arrastada pelo vento com mais facilidade, explicando assim a forma\u00e7\u00e3o das gigantescas dunas e suas lagoas s\u00e3o formadas pela \u00e1gua da chuva, que se acumula nas depress\u00f5es entre as dunas.<\/p>\n\n\n\n<p>O Parque Nacional dos Len\u00e7\u00f3is Maranhenses \u00e9 um destino tur\u00edstico imperd\u00edvel!<\/p>\n\n\n\n<p><a href=\"https:\/\/www.turismocity.com.br\/passagens-aereas-para-SLZ-Sao_Luis?from=SAO&amp;utm_source=qcv&amp;utm_medium=blog\" target=\"_blank\" rel=\"noopener\">Veja passagens at\u00e9 S\u00e3o Lu\u00eds aqui!<\/a><\/p>\n\n\n\n<h3 class=\"wp-block-heading\"><span class=\"ez-toc-section\" id=\"30_Chapada_Diamantina_%E2%80%93_BA\"><\/span><strong>30. Chapada Diamantina &#8211; BA<\/strong><span class=\"ez-toc-section-end\"><\/span><\/h3>\n\n\n\n<figure class=\"wp-block-image aligncenter size-full wp-image-60595\"><img loading=\"lazy\" decoding=\"async\" width=\"1280\" height=\"960\" src=\"https:\/\/quantocustaviajar.com\/blog\/wp-content\/uploads\/2022\/11\/Chapada_Diamantina_Panorama.jpg\" alt=\"\" class=\"wp-image-60595\" srcset=\"https:\/\/quantocustaviajar.com\/blog\/wp-content\/uploads\/2022\/11\/Chapada_Diamantina_Panorama.jpg 1280w, https:\/\/quantocustaviajar.com\/blog\/wp-content\/uploads\/2022\/11\/Chapada_Diamantina_Panorama-300x225.jpg 300w, https:\/\/quantocustaviajar.com\/blog\/wp-content\/uploads\/2022\/11\/Chapada_Diamantina_Panorama-1024x768.jpg 1024w, https:\/\/quantocustaviajar.com\/blog\/wp-content\/uploads\/2022\/11\/Chapada_Diamantina_Panorama-768x576.jpg 768w\" sizes=\"auto, (max-width: 1280px) 100vw, 1280px\" \/><figcaption class=\"wp-element-caption\">Foto: <a href=\"https:\/\/www.booking.com\/searchresults.pt-br.html?ss=Chapada+Diamantina%2C+Brasil&amp;ssne=Len%C3%A7%C3%B3is+Maranhenses&amp;ssne_untouched=Len%C3%A7%C3%B3is+Maranhenses&amp;sid=72a1c43897e59060b883b674a2fed3ed&amp;aid=2161834&amp;lang=pt-br&amp;sb=1&amp;src_elem=sb&amp;src=searchresults&amp;dest_id=5235&amp;dest_type=region&amp;ac_position=0&amp;ac_click_type=b&amp;ac_langcode=xb&amp;ac_suggestion_list_length=5&amp;search_selected=true&amp;search_pageview_id=32eb7a6a93350296&amp;ac_meta=GhAzMmViN2E2YTkzMzUwMjk2IAAoATICeGI6DWNoYXBhZGEgZGlhbWFAAEoAUAA%3D&amp;checkin=2023-12-10&amp;checkout=2023-12-17&amp;group_adults=2&amp;no_rooms=1&amp;group_children=0&amp;sb_travel_purpose=leisure\" target=\"_blank\" rel=\"noopener\">Wikimedia Commons<\/a><\/figcaption><\/figure>\n\n\n\n<p>A <a href=\"https:\/\/quantocustaviajar.com\/blog\/chapada-diamantina-bahia-brasil\/\">Chapada Diamantina<\/a> \u00e9 uma regi\u00e3o de serras, vales, rios e cachoeiras situada no cora\u00e7\u00e3o do estado da Bahia e mais uma dica incr\u00edvel para quem est\u00e1 buscando um lugar para se conectar com a natureza durante suas <strong>f\u00e9rias no Brasil! <\/strong>Ela \u00e9 conhecida por sua beleza natural \u00fanica, com paisagens espetaculares que atraem amantes da natureza, aventureiros e viajantes em busca de experi\u00eancias aut\u00eanticas.<\/p>\n\n\n\n<p><a href=\"https:\/\/www.booking.com\/searchresults.pt-br.html?ss=Chapada+Diamantina%2C+Brasil&amp;ssne=Len%C3%A7%C3%B3is+Maranhenses&amp;ssne_untouched=Len%C3%A7%C3%B3is+Maranhenses&amp;sid=72a1c43897e59060b883b674a2fed3ed&amp;aid=2161834&amp;lang=pt-br&amp;sb=1&amp;src_elem=sb&amp;src=searchresults&amp;dest_id=5235&amp;dest_type=region&amp;ac_position=0&amp;ac_click_type=b&amp;ac_langcode=xb&amp;ac_suggestion_list_length=5&amp;search_selected=true&amp;search_pageview_id=32eb7a6a93350296&amp;ac_meta=GhAzMmViN2E2YTkzMzUwMjk2IAAoATICeGI6DWNoYXBhZGEgZGlhbWFAAEoAUAA%3D&amp;checkin=2023-12-10&amp;checkout=2023-12-17&amp;group_adults=2&amp;no_rooms=1&amp;group_children=0&amp;sb_travel_purpose=leisure\" target=\"_blank\" rel=\"noopener\">Confira as hospedagens pr\u00f3ximas \u00e0 Chapada Diamantina<\/a><\/p>\n\n\n\n<h3 class=\"wp-block-heading\"><span class=\"ez-toc-section\" id=\"31_Chapada_dos_Veadeiros_%E2%80%93_GO\"><\/span><strong>31. Chapada dos Veadeiros &#8211; GO<\/strong><span class=\"ez-toc-section-end\"><\/span><\/h3>\n\n\n\n<figure class=\"wp-block-image aligncenter size-full wp-image-60596\"><img loading=\"lazy\" decoding=\"async\" width=\"1280\" height=\"853\" src=\"https:\/\/quantocustaviajar.com\/blog\/wp-content\/uploads\/2022\/11\/Chapada_dos_Veadeiros_18.jpg\" alt=\"\" class=\"wp-image-60596\" srcset=\"https:\/\/quantocustaviajar.com\/blog\/wp-content\/uploads\/2022\/11\/Chapada_dos_Veadeiros_18.jpg 1280w, https:\/\/quantocustaviajar.com\/blog\/wp-content\/uploads\/2022\/11\/Chapada_dos_Veadeiros_18-300x200.jpg 300w, https:\/\/quantocustaviajar.com\/blog\/wp-content\/uploads\/2022\/11\/Chapada_dos_Veadeiros_18-1024x682.jpg 1024w, https:\/\/quantocustaviajar.com\/blog\/wp-content\/uploads\/2022\/11\/Chapada_dos_Veadeiros_18-768x512.jpg 768w\" sizes=\"auto, (max-width: 1280px) 100vw, 1280px\" \/><figcaption class=\"wp-element-caption\">Foto: <a href=\"https:\/\/commons.wikimedia.org\/wiki\/File:Chapada_dos_Veadeiros_18.jpg\" target=\"_blank\" rel=\"noopener\">Wikimedia Commons<\/a><\/figcaption><\/figure>\n\n\n\n<p>A <a href=\"https:\/\/quantocustaviajar.com\/blog\/guia-chapada-dos-veadeiros\/\">Chapada dos Veadeiros<\/a> \u00e9 um destino deslumbrante localizado no estado de Goi\u00e1s, mais uma op\u00e7\u00e3o para passar suas <strong>f\u00e9rias no Brasil&nbsp;<\/strong>se voc\u00ea curte ecoturismo! Esta regi\u00e3o \u00e9 conhecida por suas paisagens naturais \u00fanicas, cachoeiras espetaculares, forma\u00e7\u00f5es rochosas impressionantes e uma rica biodiversidade.<\/p>\n\n\n\n<p>O Parque Nacional da Chapada dos Veadeiros \u00e9 o principal destaque da regi\u00e3o e foi declarado Patrim\u00f4nio Natural da Humanidade pela UNESCO e abriga uma grande diversidade de ecossistemas, incluindo cerrado, campos, forma\u00e7\u00f5es rochosas e cursos d&#8217;\u00e1gua. Trilhas bem demarcadas levam os visitantes a cachoeiras, piscinas naturais, c\u00e2nions e mirantes.<\/p>\n\n\n\n<p>Saiba onde ficar pertinho do parque <a href=\"https:\/\/www.booking.com\/city\/br\/alto-paraiso-de-goias.pt-br.html?sid=72a1c43897e59060b883b674a2fed3ed&amp;aid=2161834\" target=\"_blank\" rel=\"noopener\">aqui<\/a>! Para quem vem de longe, o aeroporto mais pr\u00f3ximo da Chapada dos Veadeiros \u00e9 o Aeroporto Internacional de Bras\u00edlia e o ideal \u00e9 buscar <a href=\"https:\/\/www.turismocity.com.br\/passagens-aereas-para-BSB-Brasilia?from=SAO&amp;utm_source=qcv&amp;utm_medium=blog\" target=\"_blank\" rel=\"noopener\">passagem a\u00e9rea<\/a> at\u00e9 l\u00e1 e seguir viagem de carro depois.<\/p>\n\n\n\n<h3 class=\"wp-block-heading\"><span class=\"ez-toc-section\" id=\"32_Buzios_%E2%80%93_RJ\"><\/span><strong>32. B\u00fazios &#8211; RJ<\/strong><span class=\"ez-toc-section-end\"><\/span><\/h3>\n\n\n\n<p>Mais um lugar incr\u00edvel para passar suas <strong>f\u00e9rias no Brasil<\/strong>, a cidade de <span style=\"font-size: revert; color: initial;\">B\u00fazios \u00e9 um destino tur\u00edstico famoso localizado no estado do Rio de Janeiro! Essa charmosa cidade litor\u00e2nea \u00e9 conhecida por suas belas praias, vida noturna animada, lojas elegantes e atmosfera descontra\u00edda. <\/span><\/p>\n\n\n\n<p>B\u00fazios \u00e9 famosa por suas praias paradis\u00edacas, cada uma com sua pr\u00f3pria personalidade e caracter\u00edsticas. Algumas das praias mais populares incluem Gerib\u00e1, conhecida por suas ondas ideais para o surf; Ferradura, uma praia tranquila e familiar; e Jo\u00e3o Fernandes, com \u00e1guas calmas e \u00f3timas para mergulho.<\/p>\n\n\n\n<p>Outro ponto tur\u00edstico da cidade \u00e9 a Rua das Pedras, a rua mais famosa de B\u00fazios e o epicentro da vida noturna e do com\u00e9rcio. Ela oferece uma variedade de lojas, boutiques, restaurantes, bares e casas noturnas. Durante a noite, a Rua das Pedras ganha vida com m\u00fasica, dan\u00e7a e pessoas animadas!<\/p>\n\n\n\n<p>Saiba onde ficar em B\u00fazios depois de conferir esta <a href=\"https:\/\/www.booking.com\/city\/br\/buzios.pt-br.html?sid=72a1c43897e59060b883b674a2fed3ed&amp;aid=2161834\" target=\"_blank\" rel=\"noopener\">listinha completa<\/a>!<\/p>\n\n\n\n<p class=\"has-text-align-center\">&#8230;<\/p>\n\n\n\n<p>E a\u00ed, gostou da nossa dica de lugares para viajar <strong>f\u00e9rias no Brasil<\/strong>? Use nosso <a href=\"https:\/\/busca.quantocustaviajar.com\/#\/\" target=\"_blank\" rel=\"noopener\"><strong>buscador de passagens a\u00e9reas baratas<\/strong><\/a> para encontrar promo\u00e7\u00f5es e facilitar a ida a esses destinos lindos no nosso pa\u00eds.<\/p>\n\n\n\n<p><em>Texto em colabora\u00e7\u00e3o com Andressa Xavier Pellanda e Izabella Miranda<\/em><\/p>\n\n\n\n<script type=\"application\/ld+json\">\n{\n  \"@context\": \"https:\/\/schema.org\",\n  \"@graph\": [\n    {\n      \"@type\": \"ItemList\",\n      \"name\": \"Destinos para f\u00e9rias no Brasil \u2014 10 Lugares Incr\u00edveis\",\n      \"itemListElement\": [\n        {\n          \"@type\": \"ListItem\",\n          \"position\": 1,\n          \"item\": {\n            \"@type\": \"Place\",\n            \"name\": \"Capit\u00f3lio \u2013 MG\",\n            \"url\": \"https:\/\/quantocustaviajar.com\/blog\/10-lugares-incriveis-no-brasil-para-viajar-nas-ferias\/#Capit\u00f3lio\"\n          }\n        },\n        {\n          \"@type\": \"ListItem\",\n          \"position\": 2,\n          \"item\": {\n            \"@type\": \"Place\",\n            \"name\": \"Costa dos Corais \u2013 AL\",\n            \"url\": \"https:\/\/quantocustaviajar.com\/blog\/10-lugares-incriveis-no-brasil-para-viajar-nas-ferias\/#Costa dos Corais\"\n          }\n        },\n        {\n          \"@type\": \"ListItem\",\n          \"position\": 3,\n          \"item\": {\n            \"@type\": \"Place\",\n            \"name\": \"Jo\u00e3o Pessoa \u2013 PB\",\n            \"url\": \"https:\/\/quantocustaviajar.com\/blog\/10-lugares-incriveis-no-brasil-para-viajar-nas-ferias\/#Jo\u00e3o Pessoa\"\n          }\n        },\n        {\n          \"@type\": \"ListItem\",\n          \"position\": 4,\n          \"item\": {\n            \"@type\": \"Place\",\n            \"name\": \"Costa do Descobrimento \u2013 BA\",\n            \"url\": \"https:\/\/quantocustaviajar.com\/blog\/10-lugares-incriveis-no-brasil-para-viajar-nas-ferias\/#Costa do Descobrimento\"\n          }\n        },\n        {\n          \"@type\": \"ListItem\",\n          \"position\": 5,\n          \"item\": {\n            \"@type\": \"Place\",\n            \"name\": \"Lagoa Santa \u2013 GO\",\n            \"url\": \"https:\/\/quantocustaviajar.com\/blog\/10-lugares-incriveis-no-brasil-para-viajar-nas-ferias\/#Lagoa Santa\"\n          }\n        },\n        {\n          \"@type\": \"ListItem\",\n          \"position\": 6,\n          \"item\": {\n            \"@type\": \"Place\",\n            \"name\": \"Bel\u00e9m \u2013 PA\",\n            \"url\": \"https:\/\/quantocustaviajar.com\/blog\/10-lugares-incriveis-no-brasil-para-viajar-nas-ferias\/#Bel\u00e9m\"\n          }\n        },\n        {\n          \"@type\": \"ListItem\",\n          \"position\": 7,\n          \"item\": {\n            \"@type\": \"Place\",\n            \"name\": \"Guarapari \u2013 ES\",\n            \"url\": \"https:\/\/quantocustaviajar.com\/blog\/10-lugares-incriveis-no-brasil-para-viajar-nas-ferias\/#Guarapari\"\n          }\n        },\n        {\n          \"@type\": \"ListItem\",\n          \"position\": 8,\n          \"item\": {\n            \"@type\": \"Place\",\n            \"name\": \"Amaz\u00f4nia \/ Amazonas \u2013 AM\",\n            \"url\": \"https:\/\/quantocustaviajar.com\/blog\/10-lugares-incriveis-no-brasil-para-viajar-nas-ferias\/#Amaz\u00f4nia\"\n          }\n        },\n        {\n          \"@type\": \"ListItem\",\n          \"position\": 9,\n          \"item\": {\n            \"@type\": \"Place\",\n            \"name\": \"Trindade \u2013 RJ\",\n            \"url\": \"https:\/\/quantocustaviajar.com\/blog\/10-lugares-incriveis-no-brasil-para-viajar-nas-ferias\/#Trindade\"\n          }\n        },\n        {\n          \"@type\": \"ListItem\",\n          \"position\": 10,\n          \"item\": {\n            \"@type\": \"Place\",\n            \"name\": \"Ilha do Mel \u2013 PR\",\n            \"url\": \"https:\/\/quantocustaviajar.com\/blog\/10-lugares-incriveis-no-brasil-para-viajar-nas-ferias\/#Ilha do Mel\"\n          }\n        }\n      ]\n    },\n    {\n      \"@type\": \"FAQPage\",\n      \"mainEntity\": [\n        {\n          \"@type\": \"Question\",\n          \"name\": \"Quais s\u00e3o alguns destinos imperd\u00edveis para f\u00e9rias no Brasil segundo o post?\",\n          \"acceptedAnswer\": {\n            \"@type\": \"Answer\",\n            \"text\": \"O post lista 10 destinos como Capit\u00f3lio (MG), Costa dos Corais (AL), Jo\u00e3o Pessoa (PB), Costa do Descobrimento (BA), Lagoa Santa (GO), Bel\u00e9m (PA), Guarapari (ES), Amaz\u00f4nia\/AM, Trindade (RJ) e Ilha do Mel (PR). :contentReference[oaicite:3]{index=3}\"\n          }\n        },\n        {\n          \"@type\": \"Question\",\n          \"name\": \"Que tipo de experi\u00eancias os destinos recomendados oferecem?\",\n          \"acceptedAnswer\": {\n            \"@type\": \"Answer\",\n            \"text\": \"Os destinos incluem ecoturismo, praias paradis\u00edacas, cachoeiras, piscinas naturais, natureza exuberante, hist\u00f3ria e cultura local. :contentReference[oaicite:4]{index=4}\"\n          }\n        }\n      ]\n    }\n  ]\n}\n<\/script>\n","protected":false},"excerpt":{"rendered":"<p>Estamos sempre na contagem regressiva para os fins de semana, feriados e f\u00e9rias. Antes que seja tarde demais, vale a pena se planejar com anteced\u00eancia no calend\u00e1rio, at\u00e9 mesmo para conseguir os melhores pre\u00e7os. Se voc\u00ea n\u00e3o quer mais perder tempo, confira lugares incr\u00edveis para viajar nas f\u00e9rias no Brasil! Lugares incr\u00edveis para viajar nas [&hellip;]<\/p>\n","protected":false},"author":4,"featured_media":60592,"comment_status":"open","ping_status":"open","sticky":false,"template":"","format":"standard","meta":{"cybocfi_hide_featured_image":"","footnotes":""},"categories":[1434],"tags":[3288,176,135,393,266,240,183,77,467,436,440,3972,206,210,111,529,204,309,745,16],"class_list":["post-7100","post","type-post","status-publish","format-standard","has-post-thumbnail","hentry","category-descubra-brasil","tag-22-lugares-incriveis-no-brasil-para-viajar-nas-ferias","tag-america-do-sul","tag-atracoes","tag-aventura","tag-brasil","tag-cidades","tag-destinos","tag-dicas","tag-ecoturismo","tag-familia","tag-ferias","tag-ferias-no-brasil","tag-ilhas","tag-lugares","tag-natureza","tag-onde-ir","tag-paradisiaco","tag-praia","tag-praia-de-agua-doce","tag-viagem"],"blocksy_meta":[],"yoast_head":"<!-- This site is optimized with the Yoast SEO plugin v26.3 - https:\/\/yoast.com\/wordpress\/plugins\/seo\/ -->\n<title>Lugares incr\u00edveis para passar as f\u00e9rias no Brasil<\/title>\n<meta name=\"description\" content=\"Confira uma lista com destinos sensacionais para viajar nas f\u00e9rias no Brasil. Tem op\u00e7\u00f5es para todos os perfis de viajantes!\" \/>\n<meta name=\"robots\" content=\"index, follow, max-snippet:-1, max-image-preview:large, max-video-preview:-1\" \/>\n<link rel=\"canonical\" href=\"https:\/\/quantocustaviajar.com\/blog\/lugares-incriveis-ferias-no-brasil\/\" \/>\n<meta property=\"og:locale\" content=\"pt_BR\" \/>\n<meta property=\"og:type\" content=\"article\" \/>\n<meta property=\"og:title\" content=\"Lugares incr\u00edveis para passar as f\u00e9rias no Brasil\" \/>\n<meta property=\"og:description\" content=\"Confira uma lista com destinos sensacionais para viajar nas f\u00e9rias no Brasil. Tem op\u00e7\u00f5es para todos os perfis de viajantes!\" \/>\n<meta property=\"og:url\" content=\"https:\/\/quantocustaviajar.com\/blog\/lugares-incriveis-ferias-no-brasil\/\" \/>\n<meta property=\"og:site_name\" content=\"Blog Quanto Custa Viajar\" \/>\n<meta property=\"article:publisher\" content=\"https:\/\/www.facebook.com\/quantocustaviajar\" \/>\n<meta property=\"article:author\" content=\"https:\/\/www.facebook.com\/brunellapfvr\/posts\" \/>\n<meta property=\"article:published_time\" content=\"2025-11-27T12:41:00+00:00\" \/>\n<meta property=\"article:modified_time\" content=\"2025-12-11T13:39:37+00:00\" \/>\n<meta property=\"og:image\" content=\"https:\/\/quantocustaviajar.com\/blog\/wp-content\/uploads\/2022\/11\/5444712311_6dd33e83f4_k.jpg\" \/>\n\t<meta property=\"og:image:width\" content=\"2048\" \/>\n\t<meta property=\"og:image:height\" content=\"1366\" \/>\n\t<meta property=\"og:image:type\" content=\"image\/jpeg\" \/>\n<meta name=\"author\" content=\"Brunella Nunes\" \/>\n<meta name=\"twitter:card\" content=\"summary_large_image\" \/>\n<meta name=\"twitter:label1\" content=\"Escrito por\" \/>\n\t<meta name=\"twitter:data1\" content=\"Brunella Nunes\" \/>\n\t<meta name=\"twitter:label2\" content=\"Est. tempo de leitura\" \/>\n\t<meta name=\"twitter:data2\" content=\"30 minutos\" \/>\n<!-- \/ Yoast SEO plugin. -->","yoast_head_json":{"title":"Lugares incr\u00edveis para passar as f\u00e9rias no Brasil","description":"Confira uma lista com destinos sensacionais para viajar nas f\u00e9rias no Brasil. Tem op\u00e7\u00f5es para todos os perfis de viajantes!","robots":{"index":"index","follow":"follow","max-snippet":"max-snippet:-1","max-image-preview":"max-image-preview:large","max-video-preview":"max-video-preview:-1"},"canonical":"https:\/\/quantocustaviajar.com\/blog\/lugares-incriveis-ferias-no-brasil\/","og_locale":"pt_BR","og_type":"article","og_title":"Lugares incr\u00edveis para passar as f\u00e9rias no Brasil","og_description":"Confira uma lista com destinos sensacionais para viajar nas f\u00e9rias no Brasil. Tem op\u00e7\u00f5es para todos os perfis de viajantes!","og_url":"https:\/\/quantocustaviajar.com\/blog\/lugares-incriveis-ferias-no-brasil\/","og_site_name":"Blog Quanto Custa Viajar","article_publisher":"https:\/\/www.facebook.com\/quantocustaviajar","article_author":"https:\/\/www.facebook.com\/brunellapfvr\/posts","article_published_time":"2025-11-27T12:41:00+00:00","article_modified_time":"2025-12-11T13:39:37+00:00","og_image":[{"width":2048,"height":1366,"url":"https:\/\/quantocustaviajar.com\/blog\/wp-content\/uploads\/2022\/11\/5444712311_6dd33e83f4_k.jpg","type":"image\/jpeg"}],"author":"Brunella Nunes","twitter_card":"summary_large_image","twitter_misc":{"Escrito por":"Brunella Nunes","Est. tempo de leitura":"30 minutos"},"schema":{"@context":"https:\/\/schema.org","@graph":[{"@type":["Article","BlogPosting"],"@id":"https:\/\/quantocustaviajar.com\/blog\/lugares-incriveis-ferias-no-brasil\/#article","isPartOf":{"@id":"https:\/\/quantocustaviajar.com\/blog\/lugares-incriveis-ferias-no-brasil\/"},"author":{"name":"Brunella Nunes","@id":"https:\/\/quantocustaviajar.com\/blog\/#\/schema\/person\/1a6dd3da9d0c0a4be42652b67bea19bb"},"headline":"Lugares incr\u00edveis para viajar nas f\u00e9rias no Brasil","datePublished":"2025-11-27T12:41:00+00:00","dateModified":"2025-12-11T13:39:37+00:00","mainEntityOfPage":{"@id":"https:\/\/quantocustaviajar.com\/blog\/lugares-incriveis-ferias-no-brasil\/"},"wordCount":4906,"commentCount":8,"publisher":{"@id":"https:\/\/quantocustaviajar.com\/blog\/#organization"},"image":{"@id":"https:\/\/quantocustaviajar.com\/blog\/lugares-incriveis-ferias-no-brasil\/#primaryimage"},"thumbnailUrl":"https:\/\/quantocustaviajar.com\/blog\/wp-content\/uploads\/2022\/11\/5444712311_6dd33e83f4_k.jpg","keywords":["22 lugares incr\u00edveis no Brasil para viajar nas f\u00e9rias","am\u00e9rica do sul","atra\u00e7\u00f5es","aventura","Brasil","cidades","destinos","dicas","ecoturismo","fam\u00edlia","f\u00e9rias","f\u00e9rias no Brasil","ilhas","lugares","natureza","onde ir","paradis\u00edaco","praia","praia de \u00e1gua doce","viagem"],"articleSection":["Descubra o Brasil"],"inLanguage":"pt-BR","potentialAction":[{"@type":"CommentAction","name":"Comment","target":["https:\/\/quantocustaviajar.com\/blog\/lugares-incriveis-ferias-no-brasil\/#respond"]}]},{"@type":"WebPage","@id":"https:\/\/quantocustaviajar.com\/blog\/lugares-incriveis-ferias-no-brasil\/","url":"https:\/\/quantocustaviajar.com\/blog\/lugares-incriveis-ferias-no-brasil\/","name":"Lugares incr\u00edveis para passar as f\u00e9rias no Brasil","isPartOf":{"@id":"https:\/\/quantocustaviajar.com\/blog\/#website"},"primaryImageOfPage":{"@id":"https:\/\/quantocustaviajar.com\/blog\/lugares-incriveis-ferias-no-brasil\/#primaryimage"},"image":{"@id":"https:\/\/quantocustaviajar.com\/blog\/lugares-incriveis-ferias-no-brasil\/#primaryimage"},"thumbnailUrl":"https:\/\/quantocustaviajar.com\/blog\/wp-content\/uploads\/2022\/11\/5444712311_6dd33e83f4_k.jpg","datePublished":"2025-11-27T12:41:00+00:00","dateModified":"2025-12-11T13:39:37+00:00","description":"Confira uma lista com destinos sensacionais para viajar nas f\u00e9rias no Brasil. Tem op\u00e7\u00f5es para todos os perfis de viajantes!","breadcrumb":{"@id":"https:\/\/quantocustaviajar.com\/blog\/lugares-incriveis-ferias-no-brasil\/#breadcrumb"},"inLanguage":"pt-BR","potentialAction":[{"@type":"ReadAction","target":["https:\/\/quantocustaviajar.com\/blog\/lugares-incriveis-ferias-no-brasil\/"]}]},{"@type":"ImageObject","inLanguage":"pt-BR","@id":"https:\/\/quantocustaviajar.com\/blog\/lugares-incriveis-ferias-no-brasil\/#primaryimage","url":"https:\/\/quantocustaviajar.com\/blog\/wp-content\/uploads\/2022\/11\/5444712311_6dd33e83f4_k.jpg","contentUrl":"https:\/\/quantocustaviajar.com\/blog\/wp-content\/uploads\/2022\/11\/5444712311_6dd33e83f4_k.jpg","width":2048,"height":1366,"caption":"Foto: Flickr"},{"@type":"BreadcrumbList","@id":"https:\/\/quantocustaviajar.com\/blog\/lugares-incriveis-ferias-no-brasil\/#breadcrumb","itemListElement":[{"@type":"ListItem","position":1,"name":"In\u00edcio","item":"https:\/\/quantocustaviajar.com\/blog\/"},{"@type":"ListItem","position":2,"name":"Lugares incr\u00edveis para viajar nas f\u00e9rias no Brasil"}]},{"@type":"WebSite","@id":"https:\/\/quantocustaviajar.com\/blog\/#website","url":"https:\/\/quantocustaviajar.com\/blog\/","name":"Blog Quanto Custa Viajar","description":"","publisher":{"@id":"https:\/\/quantocustaviajar.com\/blog\/#organization"},"potentialAction":[{"@type":"SearchAction","target":{"@type":"EntryPoint","urlTemplate":"https:\/\/quantocustaviajar.com\/blog\/?s={search_term_string}"},"query-input":{"@type":"PropertyValueSpecification","valueRequired":true,"valueName":"search_term_string"}}],"inLanguage":"pt-BR"},{"@type":"Organization","@id":"https:\/\/quantocustaviajar.com\/blog\/#organization","name":"Quanto Custa Viajar","url":"https:\/\/quantocustaviajar.com\/blog\/","logo":{"@type":"ImageObject","inLanguage":"pt-BR","@id":"https:\/\/quantocustaviajar.com\/blog\/#\/schema\/logo\/image\/","url":"","contentUrl":"","caption":"Quanto Custa Viajar"},"image":{"@id":"https:\/\/quantocustaviajar.com\/blog\/#\/schema\/logo\/image\/"},"sameAs":["https:\/\/www.facebook.com\/quantocustaviajar"]},{"@type":"Person","@id":"https:\/\/quantocustaviajar.com\/blog\/#\/schema\/person\/1a6dd3da9d0c0a4be42652b67bea19bb","name":"Brunella Nunes","image":{"@type":"ImageObject","inLanguage":"pt-BR","@id":"https:\/\/quantocustaviajar.com\/blog\/#\/schema\/person\/image\/","url":"https:\/\/secure.gravatar.com\/avatar\/05b28dfb8a3cc7ee0dba6feefa5677f05be6d7bf4b017728fd38499092f9c282?s=96&d=mm&r=g","contentUrl":"https:\/\/secure.gravatar.com\/avatar\/05b28dfb8a3cc7ee0dba6feefa5677f05be6d7bf4b017728fd38499092f9c282?s=96&d=mm&r=g","caption":"Brunella Nunes"},"description":"Quando n\u00e3o est\u00e1 viajando pelo mundo, est\u00e1 viajando nas ideias.","sameAs":["https:\/\/www.facebook.com\/brunellapfvr\/posts","https:\/\/www.linkedin.com\/in\/brunellanunes\/"],"url":"https:\/\/quantocustaviajar.com\/blog\/author\/equipe\/"}]}},"_links":{"self":[{"href":"https:\/\/quantocustaviajar.com\/blog\/wp-json\/wp\/v2\/posts\/7100","targetHints":{"allow":["GET"]}}],"collection":[{"href":"https:\/\/quantocustaviajar.com\/blog\/wp-json\/wp\/v2\/posts"}],"about":[{"href":"https:\/\/quantocustaviajar.com\/blog\/wp-json\/wp\/v2\/types\/post"}],"author":[{"embeddable":true,"href":"https:\/\/quantocustaviajar.com\/blog\/wp-json\/wp\/v2\/users\/4"}],"replies":[{"embeddable":true,"href":"https:\/\/quantocustaviajar.com\/blog\/wp-json\/wp\/v2\/comments?post=7100"}],"version-history":[{"count":46,"href":"https:\/\/quantocustaviajar.com\/blog\/wp-json\/wp\/v2\/posts\/7100\/revisions"}],"predecessor-version":[{"id":89187,"href":"https:\/\/quantocustaviajar.com\/blog\/wp-json\/wp\/v2\/posts\/7100\/revisions\/89187"}],"wp:featuredmedia":[{"embeddable":true,"href":"https:\/\/quantocustaviajar.com\/blog\/wp-json\/wp\/v2\/media\/60592"}],"wp:attachment":[{"href":"https:\/\/quantocustaviajar.com\/blog\/wp-json\/wp\/v2\/media?parent=7100"}],"wp:term":[{"taxonomy":"category","embeddable":true,"href":"https:\/\/quantocustaviajar.com\/blog\/wp-json\/wp\/v2\/categories?post=7100"},{"taxonomy":"post_tag","embeddable":true,"href":"https:\/\/quantocustaviajar.com\/blog\/wp-json\/wp\/v2\/tags?post=7100"}],"curies":[{"name":"wp","href":"https:\/\/api.w.org\/{rel}","templated":true}]}}