{"id":66614,"date":"2024-07-02T15:19:15","date_gmt":"2024-07-02T15:19:15","guid":{"rendered":"https:\/\/quantocustaviajar.com\/blog\/?p=66614"},"modified":"2024-10-22T13:19:53","modified_gmt":"2024-10-22T13:19:53","slug":"feriados-de-2025-dicas-de-onde-passar","status":"publish","type":"post","link":"https:\/\/quantocustaviajar.com\/blog\/feriados-de-2025-dicas-de-onde-passar\/","title":{"rendered":"Feriados de 2025: dicas de onde passar"},"content":{"rendered":"\n<p>O ano nem acabou, mas 2024 conta com t\u00e3o poucos feriados que \u00e9 normal que os viajantes mais ansiosos e organizados j\u00e1 est\u00e3o procurando saber quais os<strong> feriados de 2025 <\/strong>para come\u00e7ar a juntar dinheiro, se informar sobre dicas de onde passar esses dias off e come\u00e7ar a elaborar os roteiros de viagem.<\/p><div id=\"ez-toc-container\" class=\"ez-toc-v2_0_76 ez-toc-wrap-left counter-hierarchy ez-toc-counter ez-toc-light-blue ez-toc-container-direction\">\n<div class=\"ez-toc-title-container\">\n<p class=\"ez-toc-title\" style=\"cursor:inherit\">Aqui voc\u00ea ir\u00e1 encontrar<\/p>\n<span class=\"ez-toc-title-toggle\"><a href=\"#\" class=\"ez-toc-pull-right ez-toc-btn ez-toc-btn-xs ez-toc-btn-default ez-toc-toggle\" aria-label=\"Alternar tabela de conte\u00fado\"><span class=\"ez-toc-js-icon-con\"><span class=\"\"><span class=\"eztoc-hide\" style=\"display:none;\">Toggle<\/span><span class=\"ez-toc-icon-toggle-span\"><svg style=\"fill: #999;color:#999\" xmlns=\"http:\/\/www.w3.org\/2000\/svg\" class=\"list-377408\" width=\"20px\" height=\"20px\" viewBox=\"0 0 24 24\" fill=\"none\"><path d=\"M6 6H4v2h2V6zm14 0H8v2h12V6zM4 11h2v2H4v-2zm16 0H8v2h12v-2zM4 16h2v2H4v-2zm16 0H8v2h12v-2z\" fill=\"currentColor\"><\/path><\/svg><svg style=\"fill: #999;color:#999\" class=\"arrow-unsorted-368013\" xmlns=\"http:\/\/www.w3.org\/2000\/svg\" width=\"10px\" height=\"10px\" viewBox=\"0 0 24 24\" version=\"1.2\" baseProfile=\"tiny\"><path d=\"M18.2 9.3l-6.2-6.3-6.2 6.3c-.2.2-.3.4-.3.7s.1.5.3.7c.2.2.4.3.7.3h11c.3 0 .5-.1.7-.3.2-.2.3-.5.3-.7s-.1-.5-.3-.7zM5.8 14.7l6.2 6.3 6.2-6.3c.2-.2.3-.5.3-.7s-.1-.5-.3-.7c-.2-.2-.4-.3-.7-.3h-11c-.3 0-.5.1-.7.3-.2.2-.3.5-.3.7s.1.5.3.7z\"\/><\/svg><\/span><\/span><\/span><\/a><\/span><\/div>\n<nav><ul class='ez-toc-list ez-toc-list-level-1 ' ><li class='ez-toc-page-1 ez-toc-heading-level-2'><a class=\"ez-toc-link ez-toc-heading-1\" href=\"https:\/\/quantocustaviajar.com\/blog\/feriados-de-2025-dicas-de-onde-passar\/#Quais_sao_os_feriados_2025\" >Quais s\u00e3o os feriados 2025<\/a><ul class='ez-toc-list-level-3' ><li class='ez-toc-heading-level-3'><a class=\"ez-toc-link ez-toc-heading-2\" href=\"https:\/\/quantocustaviajar.com\/blog\/feriados-de-2025-dicas-de-onde-passar\/#Datas_dos_feriados_2025\" >Datas dos feriados 2025:<\/a><\/li><\/ul><\/li><li class='ez-toc-page-1 ez-toc-heading-level-2'><a class=\"ez-toc-link ez-toc-heading-3\" href=\"https:\/\/quantocustaviajar.com\/blog\/feriados-de-2025-dicas-de-onde-passar\/#Para_onde_viajar_nos_feriados_2025\" >Para onde viajar nos feriados 2025<\/a><\/li><li class='ez-toc-page-1 ez-toc-heading-level-2'><a class=\"ez-toc-link ez-toc-heading-4\" href=\"https:\/\/quantocustaviajar.com\/blog\/feriados-de-2025-dicas-de-onde-passar\/#Dicas_de_onde_passar_os_feriados_2025_em_SP\" >Dicas de onde passar os feriados 2025 em SP<\/a><ul class='ez-toc-list-level-3' ><li class='ez-toc-heading-level-3'><a class=\"ez-toc-link ez-toc-heading-5\" href=\"https:\/\/quantocustaviajar.com\/blog\/feriados-de-2025-dicas-de-onde-passar\/#Campos_do_Jordao\" >Campos do Jord\u00e3o&nbsp;<\/a><\/li><li class='ez-toc-page-1 ez-toc-heading-level-3'><a class=\"ez-toc-link ez-toc-heading-6\" href=\"https:\/\/quantocustaviajar.com\/blog\/feriados-de-2025-dicas-de-onde-passar\/#Maresias\" >Maresias<\/a><\/li><li class='ez-toc-page-1 ez-toc-heading-level-3'><a class=\"ez-toc-link ez-toc-heading-7\" href=\"https:\/\/quantocustaviajar.com\/blog\/feriados-de-2025-dicas-de-onde-passar\/#Mairipora\" >Mairipor\u00e3<\/a><\/li><li class='ez-toc-page-1 ez-toc-heading-level-3'><a class=\"ez-toc-link ez-toc-heading-8\" href=\"https:\/\/quantocustaviajar.com\/blog\/feriados-de-2025-dicas-de-onde-passar\/#Brotas\" >Brotas<\/a><\/li><li class='ez-toc-page-1 ez-toc-heading-level-3'><a class=\"ez-toc-link ez-toc-heading-9\" href=\"https:\/\/quantocustaviajar.com\/blog\/feriados-de-2025-dicas-de-onde-passar\/#Cunha\" >Cunha<\/a><\/li><\/ul><\/li><li class='ez-toc-page-1 ez-toc-heading-level-2'><a class=\"ez-toc-link ez-toc-heading-10\" href=\"https:\/\/quantocustaviajar.com\/blog\/feriados-de-2025-dicas-de-onde-passar\/#Dicas_de_onde_passar_os_feriados_2025_no_RJ\" >Dicas de onde passar os feriados 2025 no RJ<\/a><ul class='ez-toc-list-level-3' ><li class='ez-toc-heading-level-3'><a class=\"ez-toc-link ez-toc-heading-11\" href=\"https:\/\/quantocustaviajar.com\/blog\/feriados-de-2025-dicas-de-onde-passar\/#Paraty\" >Paraty<\/a><\/li><li class='ez-toc-page-1 ez-toc-heading-level-3'><a class=\"ez-toc-link ez-toc-heading-12\" href=\"https:\/\/quantocustaviajar.com\/blog\/feriados-de-2025-dicas-de-onde-passar\/#Cabo_Frio\" >Cabo Frio<\/a><\/li><li class='ez-toc-page-1 ez-toc-heading-level-3'><a class=\"ez-toc-link ez-toc-heading-13\" href=\"https:\/\/quantocustaviajar.com\/blog\/feriados-de-2025-dicas-de-onde-passar\/#Buzios\" >B\u00fazios<\/a><\/li><li class='ez-toc-page-1 ez-toc-heading-level-3'><a class=\"ez-toc-link ez-toc-heading-14\" href=\"https:\/\/quantocustaviajar.com\/blog\/feriados-de-2025-dicas-de-onde-passar\/#Petropolis\" >Petr\u00f3polis<\/a><\/li><li class='ez-toc-page-1 ez-toc-heading-level-3'><a class=\"ez-toc-link ez-toc-heading-15\" href=\"https:\/\/quantocustaviajar.com\/blog\/feriados-de-2025-dicas-de-onde-passar\/#Itaipava\" >Itaipava<\/a><\/li><\/ul><\/li><li class='ez-toc-page-1 ez-toc-heading-level-2'><a class=\"ez-toc-link ez-toc-heading-16\" href=\"https:\/\/quantocustaviajar.com\/blog\/feriados-de-2025-dicas-de-onde-passar\/#Dicas_de_onde_passar_os_feriados_2025_em_MG\" >Dicas de onde passar os feriados 2025 em MG<\/a><ul class='ez-toc-list-level-3' ><li class='ez-toc-heading-level-3'><a class=\"ez-toc-link ez-toc-heading-17\" href=\"https:\/\/quantocustaviajar.com\/blog\/feriados-de-2025-dicas-de-onde-passar\/#Extrema\" >Extrema<\/a><\/li><li class='ez-toc-page-1 ez-toc-heading-level-3'><a class=\"ez-toc-link ez-toc-heading-18\" href=\"https:\/\/quantocustaviajar.com\/blog\/feriados-de-2025-dicas-de-onde-passar\/#Pocos_de_Caldas\" >Po\u00e7os de Caldas<\/a><\/li><li class='ez-toc-page-1 ez-toc-heading-level-3'><a class=\"ez-toc-link ez-toc-heading-19\" href=\"https:\/\/quantocustaviajar.com\/blog\/feriados-de-2025-dicas-de-onde-passar\/#Capitolio\" >Capit\u00f3lio<\/a><\/li><li class='ez-toc-page-1 ez-toc-heading-level-3'><a class=\"ez-toc-link ez-toc-heading-20\" href=\"https:\/\/quantocustaviajar.com\/blog\/feriados-de-2025-dicas-de-onde-passar\/#Araxa\" >Arax\u00e1<\/a><\/li><li class='ez-toc-page-1 ez-toc-heading-level-3'><a class=\"ez-toc-link ez-toc-heading-21\" href=\"https:\/\/quantocustaviajar.com\/blog\/feriados-de-2025-dicas-de-onde-passar\/#Sao_Tome_das_Letras\" >S\u00e3o Tom\u00e9 das Letras<\/a><\/li><\/ul><\/li><li class='ez-toc-page-1 ez-toc-heading-level-2'><a class=\"ez-toc-link ez-toc-heading-22\" href=\"https:\/\/quantocustaviajar.com\/blog\/feriados-de-2025-dicas-de-onde-passar\/#Dicas_de_onde_passar_os_feriados_2025_no_ES\" >Dicas de onde passar os feriados 2025 no ES<\/a><ul class='ez-toc-list-level-3' ><li class='ez-toc-heading-level-3'><a class=\"ez-toc-link ez-toc-heading-23\" href=\"https:\/\/quantocustaviajar.com\/blog\/feriados-de-2025-dicas-de-onde-passar\/#Guarapari\" >Guarapari<\/a><\/li><li class='ez-toc-page-1 ez-toc-heading-level-3'><a class=\"ez-toc-link ez-toc-heading-24\" href=\"https:\/\/quantocustaviajar.com\/blog\/feriados-de-2025-dicas-de-onde-passar\/#Vila_Velha\" >Vila Velha<\/a><\/li><li class='ez-toc-page-1 ez-toc-heading-level-3'><a class=\"ez-toc-link ez-toc-heading-25\" href=\"https:\/\/quantocustaviajar.com\/blog\/feriados-de-2025-dicas-de-onde-passar\/#Anchieta\" >Anchieta<\/a><\/li><li class='ez-toc-page-1 ez-toc-heading-level-3'><a class=\"ez-toc-link ez-toc-heading-26\" href=\"https:\/\/quantocustaviajar.com\/blog\/feriados-de-2025-dicas-de-onde-passar\/#Linhares\" >Linhares<\/a><\/li><li class='ez-toc-page-1 ez-toc-heading-level-3'><a class=\"ez-toc-link ez-toc-heading-27\" href=\"https:\/\/quantocustaviajar.com\/blog\/feriados-de-2025-dicas-de-onde-passar\/#Vitoria\" >Vit\u00f3ria<\/a><\/li><\/ul><\/li><li class='ez-toc-page-1 ez-toc-heading-level-2'><a class=\"ez-toc-link ez-toc-heading-28\" href=\"https:\/\/quantocustaviajar.com\/blog\/feriados-de-2025-dicas-de-onde-passar\/#Dicas_de_onde_passar_os_feriados_2025_no_Parana\" >Dicas de onde passar os feriados 2025 no Paran\u00e1<\/a><ul class='ez-toc-list-level-3' ><li class='ez-toc-heading-level-3'><a class=\"ez-toc-link ez-toc-heading-29\" href=\"https:\/\/quantocustaviajar.com\/blog\/feriados-de-2025-dicas-de-onde-passar\/#Ilha_do_Mel\" >Ilha do Mel<\/a><\/li><li class='ez-toc-page-1 ez-toc-heading-level-3'><a class=\"ez-toc-link ez-toc-heading-30\" href=\"https:\/\/quantocustaviajar.com\/blog\/feriados-de-2025-dicas-de-onde-passar\/#Curitiba\" >Curitiba<\/a><\/li><li class='ez-toc-page-1 ez-toc-heading-level-3'><a class=\"ez-toc-link ez-toc-heading-31\" href=\"https:\/\/quantocustaviajar.com\/blog\/feriados-de-2025-dicas-de-onde-passar\/#Foz_do_Iguacu\" >Foz do Igua\u00e7u<\/a><\/li><li class='ez-toc-page-1 ez-toc-heading-level-3'><a class=\"ez-toc-link ez-toc-heading-32\" href=\"https:\/\/quantocustaviajar.com\/blog\/feriados-de-2025-dicas-de-onde-passar\/#Morretes\" >Morretes<\/a><\/li><li class='ez-toc-page-1 ez-toc-heading-level-3'><a class=\"ez-toc-link ez-toc-heading-33\" href=\"https:\/\/quantocustaviajar.com\/blog\/feriados-de-2025-dicas-de-onde-passar\/#Antonina\" >Antonina<\/a><\/li><\/ul><\/li><\/ul><\/nav><\/div>\n\n\n\n\n<p>S\u00f3 para voc\u00eas saberem, em 2024 ainda podemos curtir alguns poucos feriados nacionais, que infelizmente ainda est\u00e3o bem longe e pra piorar alguns caem em um s\u00e1bado, assim n\u00e3o d\u00e1 nem pra viajar n\u00e9?<\/p>\n\n\n\n<p>Em 2024 voc\u00ea pode se programar para viajar no dia 15 de novembro (sexta-feira), no feriado da Proclama\u00e7\u00e3o da Rep\u00fablica. Antes disso temos no dia 7 de setembro (s\u00e1bado) Independ\u00eancia do Brasil, no dia 12 de outubro feriado de Nossa Sra Aparecida (s\u00e1bado) e no dia 2 de novembro (tamb\u00e9m um s\u00e1bado) Finados.&nbsp;<\/p>\n\n\n\n<figure class=\"wp-block-image aligncenter size-large\"><img loading=\"lazy\" decoding=\"async\" width=\"1024\" height=\"683\" src=\"https:\/\/quantocustaviajar.com\/blog\/wp-content\/uploads\/2024\/06\/planner-3485976_1280-1024x683.jpg\" alt=\"feriados 2025\" class=\"wp-image-66625\" srcset=\"https:\/\/quantocustaviajar.com\/blog\/wp-content\/uploads\/2024\/06\/planner-3485976_1280-1024x683.jpg 1024w, https:\/\/quantocustaviajar.com\/blog\/wp-content\/uploads\/2024\/06\/planner-3485976_1280-300x200.jpg 300w, https:\/\/quantocustaviajar.com\/blog\/wp-content\/uploads\/2024\/06\/planner-3485976_1280-768x512.jpg 768w, https:\/\/quantocustaviajar.com\/blog\/wp-content\/uploads\/2024\/06\/planner-3485976_1280.jpg 1280w\" sizes=\"auto, (max-width: 1024px) 100vw, 1024px\" \/><figcaption>Foto: <a href=\"https:\/\/pixabay.com\/pt\/photos\/planejador-plano-planejamento-3485976\/\" target=\"_blank\" rel=\"noreferrer noopener\">Pixabay<\/a><\/figcaption><\/figure>\n\n\n\n<p>No dia 20 de novembro, uma quarta-feira, teremos o mais novo feriado nacional do Dia Nacional de Zumbi e da Consci\u00eancia Negra, mas por ser no meio da semana pode ser dif\u00edcil de emendar.<\/p>\n\n\n\n<p>Assim, vamos logo pensar nos<strong> feriados 2025<\/strong>, que est\u00e3o bem mais interessantes, com v\u00e1rias possibilidades de emenda e portanto, de viajar!<\/p>\n\n\n\n<h2 class=\"wp-block-heading\"><span class=\"ez-toc-section\" id=\"Quais_sao_os_feriados_2025\"><\/span>Quais s\u00e3o os feriados 2025<span class=\"ez-toc-section-end\"><\/span><\/h2>\n\n\n\n<p>Felizmente os <strong>feriados 2025 <\/strong>v\u00e3o compensar os poucos feriados de 2024, com v\u00e1rias datas caindo em segundas, quintas e sexta-feiras! Esses <strong>feriados 2025 <\/strong>v\u00e3o facilitar e muito para o viajante cair na estrada em v\u00e1rias oportunidades.<\/p>\n\n\n\n<p>Ou seja, se voc\u00ea j\u00e1 tem v\u00e1rios destinos que quer conhecer, confira os <strong>feriados 2025 <\/strong>abaixo e comece a tirar seus sonhos do papel. E se voc\u00ea ainda n\u00e3o sabe para onde viajar nos <strong>feriados 2025 <\/strong>e quer sugest\u00f5es, continue lendo que vamos te oferecer um guia completo para viajar em 2025.<\/p>\n\n\n\n<p>Aproveitamos tamb\u00e9m para esclarecer quais <strong>feriados 2025 <\/strong>s\u00e3o considerados feriados nacionais e quais s\u00e3o pontos facultativos. Nos dias de feriado nacional, a menos que voc\u00ea trabalhe em setores considerados essenciais (como hospitais e outros) voc\u00ea tem direito a folga ou compensa\u00e7\u00e3o das horas depois. Nos dias de ponto facultativo cabe ao seu empregador essa decis\u00e3o.<\/p>\n\n\n\n<h3 class=\"wp-block-heading\"><span class=\"ez-toc-section\" id=\"Datas_dos_feriados_2025\"><\/span>Datas dos feriados 2025:<span class=\"ez-toc-section-end\"><\/span><\/h3>\n\n\n\n<figure class=\"wp-block-table\"><table><tbody><tr><td class=\"has-text-align-center\" data-align=\"center\"><strong>Data<\/strong><\/td><td class=\"has-text-align-center\" data-align=\"center\"><strong>Dia da Semana<\/strong><\/td><td class=\"has-text-align-center\" data-align=\"center\"><strong>Feriado<\/strong><\/td><td class=\"has-text-align-center\" data-align=\"center\"><strong>\u00c9 feriado nacional?<\/strong><\/td><\/tr><tr><td class=\"has-text-align-center\" data-align=\"center\">1\/1\/25<\/td><td class=\"has-text-align-center\" data-align=\"center\">quarta-feira<br><\/td><td class=\"has-text-align-center\" data-align=\"center\">Confraterniza\u00e7\u00e3o Universal<br><\/td><td class=\"has-text-align-center\" data-align=\"center\">Sim<\/td><\/tr><tr><td class=\"has-text-align-center\" data-align=\"center\">4\/3\/25<\/td><td class=\"has-text-align-center\" data-align=\"center\">ter\u00e7a-feira<\/td><td class=\"has-text-align-center\" data-align=\"center\">Carnaval<\/td><td class=\"has-text-align-center\" data-align=\"center\">N\u00e3o<\/td><\/tr><tr><td class=\"has-text-align-center\" data-align=\"center\">18\/04\/25<\/td><td class=\"has-text-align-center\" data-align=\"center\">sexta-feira<\/td><td class=\"has-text-align-center\" data-align=\"center\">Paix\u00e3o de Cristo<\/td><td class=\"has-text-align-center\" data-align=\"center\">Sim<\/td><\/tr><tr><td class=\"has-text-align-center\" data-align=\"center\">21\/04\/25<\/td><td class=\"has-text-align-center\" data-align=\"center\">segunda-feira<\/td><td class=\"has-text-align-center\" data-align=\"center\">Tiradentes<\/td><td class=\"has-text-align-center\" data-align=\"center\">Sim<\/td><\/tr><tr><td class=\"has-text-align-center\" data-align=\"center\">01\/05\/25<\/td><td class=\"has-text-align-center\" data-align=\"center\">quinta-feira<\/td><td class=\"has-text-align-center\" data-align=\"center\">Dia do Trabalho<\/td><td class=\"has-text-align-center\" data-align=\"center\">Sim<\/td><\/tr><tr><td class=\"has-text-align-center\" data-align=\"center\">19\/06\/25<\/td><td class=\"has-text-align-center\" data-align=\"center\">quinta-feira<\/td><td class=\"has-text-align-center\" data-align=\"center\">Corpus Christi<\/td><td class=\"has-text-align-center\" data-align=\"center\">N\u00e3o<\/td><\/tr><tr><td class=\"has-text-align-center\" data-align=\"center\">07\/09\/25<\/td><td class=\"has-text-align-center\" data-align=\"center\">domingo<\/td><td class=\"has-text-align-center\" data-align=\"center\">Independ\u00eancia do Brasil<\/td><td class=\"has-text-align-center\" data-align=\"center\">Sim<\/td><\/tr><tr><td class=\"has-text-align-center\" data-align=\"center\">12\/10\/25<\/td><td class=\"has-text-align-center\" data-align=\"center\">domingo<\/td><td class=\"has-text-align-center\" data-align=\"center\">Nossa Senhora Aparecida<\/td><td class=\"has-text-align-center\" data-align=\"center\">Sim<\/td><\/tr><tr><td class=\"has-text-align-center\" data-align=\"center\">02\/11\/25<\/td><td class=\"has-text-align-center\" data-align=\"center\">domingo<\/td><td class=\"has-text-align-center\" data-align=\"center\">Finados<\/td><td class=\"has-text-align-center\" data-align=\"center\">Sim<\/td><\/tr><tr><td class=\"has-text-align-center\" data-align=\"center\">15\/11\/25<\/td><td class=\"has-text-align-center\" data-align=\"center\">s\u00e1bado<\/td><td class=\"has-text-align-center\" data-align=\"center\">Proclama\u00e7\u00e3o da Rep\u00fablica<\/td><td class=\"has-text-align-center\" data-align=\"center\">Sim<\/td><\/tr><tr><td class=\"has-text-align-center\" data-align=\"center\">20\/11\/25<\/td><td class=\"has-text-align-center\" data-align=\"center\">quinta-feira<\/td><td class=\"has-text-align-center\" data-align=\"center\"><br>Dia Nacional de Zumbi e da Consci\u00eancia Negra<\/td><td class=\"has-text-align-center\" data-align=\"center\">Sim<\/td><\/tr><tr><td class=\"has-text-align-center\" data-align=\"center\">25\/12\/25<\/td><td class=\"has-text-align-center\" data-align=\"center\">quinta-feira<\/td><td class=\"has-text-align-center\" data-align=\"center\">Natal<\/td><td class=\"has-text-align-center\" data-align=\"center\">Sim<\/td><\/tr><\/tbody><\/table><\/figure>\n\n\n\n<h2 class=\"wp-block-heading\"><span class=\"ez-toc-section\" id=\"Para_onde_viajar_nos_feriados_2025\"><\/span>Para onde viajar nos feriados 2025<span class=\"ez-toc-section-end\"><\/span><\/h2>\n\n\n\n<h2 class=\"wp-block-heading\"><span class=\"ez-toc-section\" id=\"Dicas_de_onde_passar_os_feriados_2025_em_SP\"><\/span>Dicas de onde passar os feriados 2025 em SP<span class=\"ez-toc-section-end\"><\/span><\/h2>\n\n\n\n<h3 class=\"wp-block-heading\"><span class=\"ez-toc-section\" id=\"Campos_do_Jordao\"><\/span>Campos do Jord\u00e3o&nbsp;<span class=\"ez-toc-section-end\"><\/span><\/h3>\n\n\n\n<figure class=\"wp-block-image aligncenter size-full\"><img loading=\"lazy\" decoding=\"async\" width=\"1024\" height=\"768\" src=\"https:\/\/quantocustaviajar.com\/blog\/wp-content\/uploads\/2024\/06\/capivari-square-campos-do-1.jpg\" alt=\"\" class=\"wp-image-66628\" srcset=\"https:\/\/quantocustaviajar.com\/blog\/wp-content\/uploads\/2024\/06\/capivari-square-campos-do-1.jpg 1024w, https:\/\/quantocustaviajar.com\/blog\/wp-content\/uploads\/2024\/06\/capivari-square-campos-do-1-300x225.jpg 300w, https:\/\/quantocustaviajar.com\/blog\/wp-content\/uploads\/2024\/06\/capivari-square-campos-do-1-768x576.jpg 768w\" sizes=\"auto, (max-width: 1024px) 100vw, 1024px\" \/><figcaption>Foto: <a href=\"https:\/\/www.goodfon.com\/city\/wallpaper-download-1024x768-capivari-square-campos-do.html\" target=\"_blank\" rel=\"noreferrer noopener\">GoodFon<\/a><\/figcaption><\/figure>\n\n\n\n<p>Campos do Jord\u00e3o \u00e9 uma das principais pedidas do estado de S\u00e3o Paulo para quem quer aproveitar os <strong>feriados 2025<\/strong>, mas prepare-se que assim como voc\u00ea, muitos viajantes aproveitam para conhecer o destino nestas ocasi\u00f5es.<\/p>\n\n\n\n<p>Se voc\u00ea s\u00f3 conseguir viajar nos <strong>feriados 2025<\/strong>, n\u00e3o deixe a lota\u00e7\u00e3o te desanimar e coloque o p\u00e9 na estrada para conhecer uma cidade bem europeia a apenas 180 km da capital paulista.<\/p>\n\n\n\n<p>Com \u00f3timas op\u00e7\u00f5es de entretenimento, hot\u00e9is aconchegantes, clima ameno, lazer e gastronomia, os amantes de cervejas podem conferir a famosa cervejaria Baden Baden e v\u00e1rias f\u00e1bricas de chocolate na regi\u00e3o. Ainda, para quem quer curtir atividades ao ar livre, a cidade tem parques lind\u00edssimos e tamb\u00e9m parques de ecoturismo para quem quer se aventurar.<\/p>\n\n\n\n<p><strong>| <\/strong><a href=\"https:\/\/quantocustaviajar.com\/blog\/pousada-em-campos-do-jordao-opcoes-de-hospedagem\/\" target=\"_blank\" rel=\"noreferrer noopener\"><strong>Confira op\u00e7\u00f5es de pousadas em Campos do Jord\u00e3o<\/strong><\/a><\/p>\n\n\n\n<h3 class=\"wp-block-heading\"><span class=\"ez-toc-section\" id=\"Maresias\"><\/span>Maresias<span class=\"ez-toc-section-end\"><\/span><\/h3>\n\n\n\n<figure class=\"wp-block-image aligncenter size-full\"><img loading=\"lazy\" decoding=\"async\" width=\"908\" height=\"574\" src=\"https:\/\/quantocustaviajar.com\/blog\/wp-content\/uploads\/2024\/06\/Maresias_003.jpg\" alt=\"\" class=\"wp-image-66630\" srcset=\"https:\/\/quantocustaviajar.com\/blog\/wp-content\/uploads\/2024\/06\/Maresias_003.jpg 908w, https:\/\/quantocustaviajar.com\/blog\/wp-content\/uploads\/2024\/06\/Maresias_003-300x190.jpg 300w, https:\/\/quantocustaviajar.com\/blog\/wp-content\/uploads\/2024\/06\/Maresias_003-768x485.jpg 768w\" sizes=\"auto, (max-width: 908px) 100vw, 908px\" \/><figcaption>Foto: <a href=\"https:\/\/commons.wikimedia.org\/wiki\/File:Maresias_003.jpg\" target=\"_blank\" rel=\"noreferrer noopener\">Wikimedia Commons<\/a><\/figcaption><\/figure>\n\n\n\n<p>Para voc\u00ea que n\u00e3o pode ver uma oportunidade de sair da rotina e cair no mar, a praia de <a href=\"https:\/\/quantocustaviajar.com\/blog\/guia-de-maresias-sp\/\">Maresias<\/a>, em <a href=\"https:\/\/quantocustaviajar.com\/blog\/sao-sebastiao-litoral-paulista-guia\/\">S\u00e3o Sebasti\u00e3o<\/a>, \u00e9 uma \u00f3tima op\u00e7\u00e3o a 170 km de S\u00e3o Paulo para quem quer aproveitar uma praia linda durante o dia e muito agito a noite.<\/p>\n\n\n\n<p>A praia \u00e9 famosa por suas baladas, restaurantes, beach clubs e tamb\u00e9m por possuir uma \u00f3tima estrutura para receber os viajantes em qualquer ocasi\u00e3o.<\/p>\n\n\n\n<p>|<strong> <\/strong><a href=\"https:\/\/www.booking.com\/city\/br\/maresias.pt-br.html?sid=4e2afe4d082ee710806b9740398f3494&amp;aid=2161834\" target=\"_blank\" rel=\"noreferrer noopener\"><strong>10 melhores hospedagens em Maresias<\/strong><\/a><\/p>\n\n\n\n<h3 class=\"wp-block-heading\"><span class=\"ez-toc-section\" id=\"Mairipora\"><\/span>Mairipor\u00e3<span class=\"ez-toc-section-end\"><\/span><\/h3>\n\n\n\n<figure class=\"wp-block-image aligncenter size-large\"><img loading=\"lazy\" decoding=\"async\" width=\"1024\" height=\"652\" src=\"https:\/\/quantocustaviajar.com\/blog\/wp-content\/uploads\/2024\/06\/RepresaMairipora-1024x652.jpg\" alt=\"\" class=\"wp-image-66633\" srcset=\"https:\/\/quantocustaviajar.com\/blog\/wp-content\/uploads\/2024\/06\/RepresaMairipora-1024x652.jpg 1024w, https:\/\/quantocustaviajar.com\/blog\/wp-content\/uploads\/2024\/06\/RepresaMairipora-300x191.jpg 300w, https:\/\/quantocustaviajar.com\/blog\/wp-content\/uploads\/2024\/06\/RepresaMairipora-768x489.jpg 768w, https:\/\/quantocustaviajar.com\/blog\/wp-content\/uploads\/2024\/06\/RepresaMairipora.jpg 1280w\" sizes=\"auto, (max-width: 1024px) 100vw, 1024px\" \/><figcaption>Foto: <a href=\"https:\/\/upload.wikimedia.org\/wikipedia\/commons\/thumb\/6\/60\/RepresaMairipora.JPG\/1280px-RepresaMairipora.JPG\" target=\"_blank\" rel=\"noreferrer noopener\">Wikimedia Commons<\/a><\/figcaption><\/figure>\n\n\n\n<p>Se o viajante quer aproveitar os <strong>feriados 2025 <\/strong>para desacelerar e descansar, tamb\u00e9m existem destinos indicados para isso, sem lota\u00e7\u00e3o, muvuca e agito.&nbsp;<\/p>\n\n\n\n<p>O viajante que busca uma escapada da loucura de S\u00e3o Paulo n\u00e3o s\u00f3 pode como deve incluir a pequena cidade de <a href=\"https:\/\/quantocustaviajar.com\/blog\/mairipora-um-guia-completo\/\" target=\"_blank\" rel=\"noreferrer noopener\">Mairipor\u00e3<\/a>, a apenas 40 km de dist\u00e2ncia da capital paulista, nos seus futuros destinos de viagem, isso porque o local surpreendente fica cercado por natureza e ainda conta com excelente hot\u00e9is.<\/p>\n\n\n\n<p>| <a href=\"https:\/\/quantocustaviajar.com\/blog\/chales-romanticos-em-mairipora\/\" target=\"_blank\" rel=\"noreferrer noopener\"><strong>Chal\u00e9 rom\u00e2ntico em Mairipor\u00e3: guia com as melhores op\u00e7\u00f5es da cidade<\/strong><\/a><\/p>\n\n\n\n<h3 class=\"wp-block-heading\"><span class=\"ez-toc-section\" id=\"Brotas\"><\/span>Brotas<span class=\"ez-toc-section-end\"><\/span><\/h3>\n\n\n\n<figure class=\"wp-block-image aligncenter size-full\"><img loading=\"lazy\" decoding=\"async\" width=\"800\" height=\"600\" src=\"https:\/\/quantocustaviajar.com\/blog\/wp-content\/uploads\/2024\/06\/4594561292_76c63550e7_c.jpg\" alt=\"feriados 2025\" class=\"wp-image-66636\" srcset=\"https:\/\/quantocustaviajar.com\/blog\/wp-content\/uploads\/2024\/06\/4594561292_76c63550e7_c.jpg 800w, https:\/\/quantocustaviajar.com\/blog\/wp-content\/uploads\/2024\/06\/4594561292_76c63550e7_c-300x225.jpg 300w, https:\/\/quantocustaviajar.com\/blog\/wp-content\/uploads\/2024\/06\/4594561292_76c63550e7_c-768x576.jpg 768w\" sizes=\"auto, (max-width: 800px) 100vw, 800px\" \/><figcaption>Foto: <a href=\"https:\/\/www.flickr.com\/photos\/elbragon\/4594561292\" target=\"_blank\" rel=\"noreferrer noopener\">Marcelo Braga<\/a> no Flickr<\/figcaption><\/figure>\n\n\n\n<p>Brotas \u00e9 um daqueles lugares que consegue reunir muitas coisas boas em um s\u00f3 destino, se tornando uma op\u00e7\u00e3o meio \u201ccoringa\u201d para curtir os <strong>feriados 2025. <\/strong>Isso quer dizer que se voc\u00ea procura boa estrutura e bons hot\u00e9is para ficar curtindo e descansando, pode ir para Brotas. Se voc\u00ea quer aventura, emo\u00e7\u00e3o, passeios radicais, tamb\u00e9m pode ir para Brotas.<\/p>\n\n\n\n<p>Um feriado \u00e9 mais que suficiente para curtir a cidade, que fica a 260 km de S\u00e3o Paulo. A cidade \u00e9 considerada a capital do ecoturismo e turismo de aventura do estado.<\/p>\n\n\n\n<p>Brotas tamb\u00e9m \u00e9 bem indicado para qualquer tipo de viagem: viajantes que procuram resorts para curtir em casal, fam\u00edlias que querem hot\u00e9is com estrutura para as crian\u00e7as, grupos de amigos que querem se aventurar e mais.<\/p>\n\n\n\n<p>Por l\u00e1 o viajante vai poder curtir tirolesa, boia-cross, arvorismo e muito mais!<\/p>\n\n\n\n<p><strong><a href=\"https:\/\/quantocustaviajar.com\/blog\/hospedagem-em-brotas\/\" target=\"_blank\" rel=\"noreferrer noopener\">Confira nosso guia de hospedagem em Brotas<\/a><\/strong><\/p>\n\n\n\n<h3 class=\"wp-block-heading\"><span class=\"ez-toc-section\" id=\"Cunha\"><\/span>Cunha<span class=\"ez-toc-section-end\"><\/span><\/h3>\n\n\n\n<figure class=\"wp-block-image aligncenter size-large\"><img loading=\"lazy\" decoding=\"async\" width=\"1024\" height=\"768\" src=\"https:\/\/quantocustaviajar.com\/blog\/wp-content\/uploads\/2024\/06\/Lavandario_de_Cunha-1024x768.jpg\" alt=\"feriados 2025\" class=\"wp-image-66638\" srcset=\"https:\/\/quantocustaviajar.com\/blog\/wp-content\/uploads\/2024\/06\/Lavandario_de_Cunha-1024x768.jpg 1024w, https:\/\/quantocustaviajar.com\/blog\/wp-content\/uploads\/2024\/06\/Lavandario_de_Cunha-300x225.jpg 300w, https:\/\/quantocustaviajar.com\/blog\/wp-content\/uploads\/2024\/06\/Lavandario_de_Cunha-768x576.jpg 768w, https:\/\/quantocustaviajar.com\/blog\/wp-content\/uploads\/2024\/06\/Lavandario_de_Cunha.jpg 1280w\" sizes=\"auto, (max-width: 1024px) 100vw, 1024px\" \/><figcaption>Foto: <a href=\"https:\/\/upload.wikimedia.org\/wikipedia\/commons\/thumb\/c\/c9\/Lavandario_de_Cunha.jpg\/1280px-Lavandario_de_Cunha.jpg\" target=\"_blank\" rel=\"noreferrer noopener\">Wikimedia Commons<\/a><\/figcaption><\/figure>\n\n\n\n<p>Quase no Rio de Janeiro o viajante pode aproveitar os <strong>feriados 2025 <\/strong>para conhecer a <a href=\"https:\/\/quantocustaviajar.com\/blog\/guia-de-cunha-entre-sp-e-rj\/\" target=\"_blank\" rel=\"noreferrer noopener\">cidade de Cunha<\/a>, na Serra do Mar, na divisa de SP com o estado. <a href=\"https:\/\/quantocustaviajar.com\/blog\/guia-de-cunha-entre-sp-e-rj\/\">Cunha<\/a> fica a 220 km da capital paulista (e \u00e9 pertinho de Paraty, j\u00e1 fica a dica para fazer um roteiro incluindo os dois destinos) e \u00e9 famosa pelos seus belos campos de lavanda, pelo clima ameno, regi\u00e3o montanhosa e pela sua cer\u00e2mica, sendo casa de v\u00e1rios ateli\u00eas.<\/p>\n\n\n\n<p>Para quem curte passeios ao ar livre, Cunha ainda possui cachoeiras e trilhas para voc\u00ea explorar!<\/p>\n\n\n\n<p>| <a href=\"https:\/\/www.booking.com\/city\/br\/cunha-br.pt-br.html?sid=4e2afe4d082ee710806b9740398f3494&amp;aid=2161834\" target=\"_blank\" rel=\"noreferrer noopener\"><strong>Veja pousadas muito charmosas para se hospedar em Cunha<\/strong><\/a><\/p>\n\n\n\n<p>Para chegar nesses destinos voc\u00ea pode ir de carro pr\u00f3prio, <a href=\"https:\/\/www.turismocity.com.br\/carros\" target=\"_blank\" rel=\"noreferrer noopener\">alugar um carro<\/a> ou <a href=\"https:\/\/www.turismocity.com.br\/onibus\" target=\"_blank\" rel=\"noreferrer noopener\">pesquisar aqui passagem de \u00f4nibus!<\/a><\/p>\n\n\n\n<h2 class=\"wp-block-heading\"><span class=\"ez-toc-section\" id=\"Dicas_de_onde_passar_os_feriados_2025_no_RJ\"><\/span>Dicas de onde passar os feriados 2025 no RJ<span class=\"ez-toc-section-end\"><\/span><\/h2>\n\n\n\n<h3 class=\"wp-block-heading\"><span class=\"ez-toc-section\" id=\"Paraty\"><\/span><a href=\"https:\/\/quantocustaviajar.com\/brasil\/paraty\" target=\"_blank\" rel=\"noreferrer noopener\">Paraty<\/a><span class=\"ez-toc-section-end\"><\/span><\/h3>\n\n\n\n<figure class=\"wp-block-image aligncenter size-large\"><img loading=\"lazy\" decoding=\"async\" width=\"1024\" height=\"768\" src=\"https:\/\/quantocustaviajar.com\/blog\/wp-content\/uploads\/2024\/07\/7974313762_2f24ff159a_k-1024x768.jpg\" alt=\"\" class=\"wp-image-67399\" srcset=\"https:\/\/quantocustaviajar.com\/blog\/wp-content\/uploads\/2024\/07\/7974313762_2f24ff159a_k-1024x768.jpg 1024w, https:\/\/quantocustaviajar.com\/blog\/wp-content\/uploads\/2024\/07\/7974313762_2f24ff159a_k-300x225.jpg 300w, https:\/\/quantocustaviajar.com\/blog\/wp-content\/uploads\/2024\/07\/7974313762_2f24ff159a_k-768x576.jpg 768w, https:\/\/quantocustaviajar.com\/blog\/wp-content\/uploads\/2024\/07\/7974313762_2f24ff159a_k-1536x1152.jpg 1536w, https:\/\/quantocustaviajar.com\/blog\/wp-content\/uploads\/2024\/07\/7974313762_2f24ff159a_k-1920x1440.jpg 1920w, https:\/\/quantocustaviajar.com\/blog\/wp-content\/uploads\/2024\/07\/7974313762_2f24ff159a_k.jpg 2048w\" sizes=\"auto, (max-width: 1024px) 100vw, 1024px\" \/><figcaption>Foto: <a href=\"https:\/\/www.flickr.com\/photos\/cbnsp\/\" target=\"_blank\" rel=\"noreferrer noopener\">M\u00edlton Jung<\/a> no Flickr<\/figcaption><\/figure>\n\n\n\n<p>Paraty \u00e9 uma das cidades mais lindas de todo o Rio de Janeiro &#8211; e olha que a competi\u00e7\u00e3o n\u00e3o \u00e9 pouca hein? Paraty, a 250 km de dist\u00e2ncia da capital,  \u00e9 um destino muito distinto pois parece um local onde parece que o tempo parou e re\u00fane casar\u00f5es coloniais, igrejas dos s\u00e9culos 18 e 19, restaurantes rom\u00e2nticos e cal\u00e7adas com pedras s\u00e3o parte do charmoso centro hist\u00f3rico.<\/p>\n\n\n\n<p>Al\u00e9m de todo esse charme, Paraty \u00e9 uma \u00f3tima pedida para passar os <strong>feriados 2025<\/strong> porque ainda tem praia, piscinas naturais, cachoeiras e outros atrativos naturais.<\/p>\n\n\n\n<p>| <a previewlistener=\"true\" href=\"https:\/\/www.booking.com\/city\/br\/parati.pt-br.html?aid=2161834\" target=\"_blank\" rel=\"noreferrer noopener\"><strong>Encontre hot\u00e9is e pousadas para se hospedar em Paraty aqui<\/strong><\/a>.<\/p>\n\n\n\n<h3 class=\"wp-block-heading\"><span class=\"ez-toc-section\" id=\"Cabo_Frio\"><\/span><a href=\"https:\/\/quantocustaviajar.com\/brasil\/cabo-frio\" target=\"_blank\" rel=\"noreferrer noopener\">Cabo Frio<\/a><span class=\"ez-toc-section-end\"><\/span><\/h3>\n\n\n\n<figure class=\"wp-block-image aligncenter size-full\"><img loading=\"lazy\" decoding=\"async\" width=\"1024\" height=\"302\" src=\"https:\/\/quantocustaviajar.com\/blog\/wp-content\/uploads\/2024\/07\/1024px-01_Parque_Estadual_da_Costa_do_Sol_em_Cabo_Frio-RJ_Brasil.jpg\" alt=\"\" class=\"wp-image-67401\" srcset=\"https:\/\/quantocustaviajar.com\/blog\/wp-content\/uploads\/2024\/07\/1024px-01_Parque_Estadual_da_Costa_do_Sol_em_Cabo_Frio-RJ_Brasil.jpg 1024w, https:\/\/quantocustaviajar.com\/blog\/wp-content\/uploads\/2024\/07\/1024px-01_Parque_Estadual_da_Costa_do_Sol_em_Cabo_Frio-RJ_Brasil-300x88.jpg 300w, https:\/\/quantocustaviajar.com\/blog\/wp-content\/uploads\/2024\/07\/1024px-01_Parque_Estadual_da_Costa_do_Sol_em_Cabo_Frio-RJ_Brasil-768x227.jpg 768w\" sizes=\"auto, (max-width: 1024px) 100vw, 1024px\" \/><figcaption>Foto: <a href=\"https:\/\/upload.wikimedia.org\/wikipedia\/commons\/thumb\/b\/bd\/01_Parque_Estadual_da_Costa_do_Sol_em_Cabo_Frio-RJ%2C_Brasil.jpg\/1024px-01_Parque_Estadual_da_Costa_do_Sol_em_Cabo_Frio-RJ%2C_Brasil.jpg\" target=\"_blank\" rel=\"noreferrer noopener\">Wikimedia Commons<\/a><\/figcaption><\/figure>\n\n\n\n<p>Provavelmente voc\u00ea j\u00e1 ouviu falar que existe uma praia no Rio de Janeiro que tem um mar parecido com o do Caribe? Essa \u00e9 a cidade de Cabo Frio, que tem sua fama antecipada por aqueles que apreciam um mar clarinho e querem visitar as praias magn\u00edficas de areia branquinha e \u00e1guas cristalinas, prop\u00edcias para o snorkel, sempre que poss\u00edvel.<\/p>\n\n\n\n<p>| <a href=\"https:\/\/www.booking.com\/city\/br\/cabo-frio.pt-br.html?aid=2161834\" target=\"_blank\" rel=\"noreferrer noopener\"><strong>Confira hot\u00e9is e pousadas em Cabo Frio para se hospedar.<\/strong><\/a><\/p>\n\n\n\n<h3 class=\"wp-block-heading\"><span class=\"ez-toc-section\" id=\"Buzios\"><\/span>B\u00fazios<span class=\"ez-toc-section-end\"><\/span><\/h3>\n\n\n\n<figure class=\"wp-block-image aligncenter size-full\"><img loading=\"lazy\" decoding=\"async\" width=\"1024\" height=\"576\" src=\"https:\/\/quantocustaviajar.com\/blog\/wp-content\/uploads\/2024\/07\/Praia_da_Tartaruga_-_Buzios_-_RJ.jpg\" alt=\"\" class=\"wp-image-67403\" srcset=\"https:\/\/quantocustaviajar.com\/blog\/wp-content\/uploads\/2024\/07\/Praia_da_Tartaruga_-_Buzios_-_RJ.jpg 1024w, https:\/\/quantocustaviajar.com\/blog\/wp-content\/uploads\/2024\/07\/Praia_da_Tartaruga_-_Buzios_-_RJ-300x169.jpg 300w, https:\/\/quantocustaviajar.com\/blog\/wp-content\/uploads\/2024\/07\/Praia_da_Tartaruga_-_Buzios_-_RJ-768x432.jpg 768w\" sizes=\"auto, (max-width: 1024px) 100vw, 1024px\" \/><figcaption>Foto: <a previewlistener=\"true\" href=\"https:\/\/upload.wikimedia.org\/wikipedia\/commons\/thumb\/8\/8a\/Praia_da_Tartaruga_-_B%C3%BAzios_-_RJ.jpg\/1024px-Praia_da_Tartaruga_-_B%C3%BAzios_-_RJ.jpg\" target=\"_blank\" rel=\"noreferrer noopener\">Wikimedia Commons<\/a><\/figcaption><\/figure>\n\n\n\n<p>B\u00fazios \u00e9 uma cidade quase que parada obrigat\u00f3ria dos cruzeiros que passam pelo Brasil e se voc\u00ea n\u00e3o teve chance de conhecer a cidade, est\u00e1 perdendo tempo! O destino come\u00e7ou a ficar famoso na d\u00e9cada de 60 ainda pela ilustre Brigitte Bardot (e at\u00e9 hoje existem est\u00e1tuas dela no local) e sustenta a fama at\u00e9 hoje por possuir praias bel\u00edssimas e boa estrutura para turismo, com com\u00e9rcio central, feirinhas, pousadas e mais.<\/p>\n\n\n\n<h3 class=\"wp-block-heading\"><span class=\"ez-toc-section\" id=\"Petropolis\"><\/span><a href=\"http:\/\/quantocustaviajar.com\/brasil\/petropolis\" target=\"_blank\" rel=\"noreferrer noopener\">Petr\u00f3polis<\/a><span class=\"ez-toc-section-end\"><\/span><\/h3>\n\n\n\n<figure class=\"wp-block-image aligncenter size-full\"><img loading=\"lazy\" decoding=\"async\" width=\"800\" height=\"600\" src=\"https:\/\/quantocustaviajar.com\/blog\/wp-content\/uploads\/2024\/07\/18408103143_c854db2c73_c.jpg\" alt=\"\" class=\"wp-image-67394\" srcset=\"https:\/\/quantocustaviajar.com\/blog\/wp-content\/uploads\/2024\/07\/18408103143_c854db2c73_c.jpg 800w, https:\/\/quantocustaviajar.com\/blog\/wp-content\/uploads\/2024\/07\/18408103143_c854db2c73_c-300x225.jpg 300w, https:\/\/quantocustaviajar.com\/blog\/wp-content\/uploads\/2024\/07\/18408103143_c854db2c73_c-768x576.jpg 768w\" sizes=\"auto, (max-width: 800px) 100vw, 800px\" \/><figcaption>Foto: <a href=\"https:\/\/www.flickr.com\/photos\/marinelson\/\" target=\"_blank\" rel=\"noreferrer noopener\">Marinelson Almeida<\/a> no Flickr<\/figcaption><\/figure>\n\n\n\n<p>Se o seu rol\u00ea n\u00e3o \u00e9 praia ou quer ampliar as op\u00e7\u00f5es para viajar nos <strong>feriados 2025<\/strong>, \u00e9 imposs\u00edvel n\u00e3o considerar ent\u00e3o a cidade de Petr\u00f3polis, uma das primeiras e melhores op\u00e7\u00f5es do estado do Rio de Janeiro para quem quer fugir do agito, do calor e das praias.<\/p>\n\n\n\n<p>O maior munic\u00edpio da regi\u00e3o serrana tem muitos atrativos &#8211; al\u00e9m do clima refrescante e a vegeta\u00e7\u00e3o sempre presente &#8211; a cidade tem \u00f3tima infraestrutura tur\u00edstica que torna o destino um dos mais cobi\u00e7ados do Rio de Janeiro.<\/p>\n\n\n\n<h3 class=\"wp-block-heading\"><span class=\"ez-toc-section\" id=\"Itaipava\"><\/span><a href=\"https:\/\/quantocustaviajar.com\/blog\/itaipava-no-rj\/\" target=\"_blank\" rel=\"noreferrer noopener\">Itaipava<\/a><span class=\"ez-toc-section-end\"><\/span><\/h3>\n\n\n\n<figure class=\"wp-block-image aligncenter size-full\"><img loading=\"lazy\" decoding=\"async\" width=\"768\" height=\"512\" src=\"https:\/\/quantocustaviajar.com\/blog\/wp-content\/uploads\/2024\/07\/279689174-768x512-1.jpg\" alt=\"\" class=\"wp-image-67397\" srcset=\"https:\/\/quantocustaviajar.com\/blog\/wp-content\/uploads\/2024\/07\/279689174-768x512-1.jpg 768w, https:\/\/quantocustaviajar.com\/blog\/wp-content\/uploads\/2024\/07\/279689174-768x512-1-300x200.jpg 300w\" sizes=\"auto, (max-width: 768px) 100vw, 768px\" \/><figcaption>Foto:&nbsp;<a href=\"https:\/\/www.booking.com\/hotel\/br\/castelo-de-itaipava-all-suites.pt-br.html?aid=2161834&amp;label=gog235jc-1DCAsoDEIOZ3JhY2UtY2FmYXlhdGVILVgDaCCIAQGYAS24ARfIAQzYAQPoAQH4AQqIAgGoAgO4Arbe34wGwAIB0gIkMGQ5Yzg0ZDktOGIxZi00NmIyLWJiMGEtOWVhNzFiYWVjOWZl2AIE4AIB&amp;sid=a990cb919316888cefc1d4a75b4753f2&amp;all_sr_blocks=118229509_89951105_2_1_0;checkin=2022-08-12;checkout=2022-08-13;dest_id=-647584;dest_type=city;dist=0;group_adults=2;group_children=0;hapos=1;highlighted_blocks=118229509_89951105_2_1_0;hpos=1;matching_block_id=118229509_89951105_2_1_0;no_rooms=1;req_adults=2;req_children=0;room1=A%2CA;sb_price_type=total;sr_order=popularity;sr_pri_blocks=118229509_89951105_2_1_0__24901;srepoch=1656530050;srpvid=b0f28740c3ba019b;type=total;ucfs=1&amp;#room_118229509\" target=\"_blank\" rel=\"noreferrer noopener\">Booking<\/a><br><\/figcaption><\/figure>\n\n\n\n<p>Seguindo na mesma pegada de recomenda\u00e7\u00f5es fora da praia e do calor para os <strong>feriados 2025<\/strong> temos a incr\u00edvel <a href=\"https:\/\/quantocustaviajar.com\/blog\/itaipava-no-rj\/\">Itaipava<\/a>, um distrito de Petr\u00f3polis, que ficou famosa por ter hospedagens bem aconchegantes na serra e uma vida noturna e gastron\u00f4mica agitada, al\u00e9m de claro, o ic\u00f4nico Castelo de Itaipava &#8211; ponto tur\u00edstico obrigat\u00f3rio do local.<\/p>\n\n\n\n<h2 class=\"wp-block-heading\"><span class=\"ez-toc-section\" id=\"Dicas_de_onde_passar_os_feriados_2025_em_MG\"><\/span>Dicas de onde passar os feriados 2025 em MG<span class=\"ez-toc-section-end\"><\/span><\/h2>\n\n\n\n<h3 class=\"wp-block-heading\"><span class=\"ez-toc-section\" id=\"Extrema\"><\/span>Extrema<span class=\"ez-toc-section-end\"><\/span><\/h3>\n\n\n\n<figure class=\"wp-block-image aligncenter size-full\"><img loading=\"lazy\" decoding=\"async\" width=\"768\" height=\"512\" src=\"https:\/\/quantocustaviajar.com\/blog\/wp-content\/uploads\/2024\/07\/villa-lobs-3-768x512-1.jpg\" alt=\"feriados 2025\" class=\"wp-image-67409\" srcset=\"https:\/\/quantocustaviajar.com\/blog\/wp-content\/uploads\/2024\/07\/villa-lobs-3-768x512-1.jpg 768w, https:\/\/quantocustaviajar.com\/blog\/wp-content\/uploads\/2024\/07\/villa-lobs-3-768x512-1-300x200.jpg 300w\" sizes=\"auto, (max-width: 768px) 100vw, 768px\" \/><figcaption>Hotel Villa Lobos em Extrema\/ Foto:&nbsp;<a href=\"https:\/\/www.booking.com\/hotel\/br\/villa-lobos.pt-br.html?aid=2161834&amp;sid=9983d7f958e2030cd1dacf26ffebf9c7&amp;all_sr_blocks=149571411_343271954_2_1_0&amp;checkin=2024-04-27&amp;checkout=2024-04-29&amp;dest_id=1495714&amp;dest_type=hotel&amp;dist=0&amp;group_adults=2&amp;group_children=0&amp;hapos=1&amp;highlighted_blocks=149571411_343271954_2_1_0&amp;hpos=1&amp;matching_block_id=149571411_343271954_2_1_0&amp;no_rooms=1&amp;req_adults=2&amp;req_children=0&amp;sb_price_type=total&amp;sr_order=popularity&amp;sr_pri_blocks=149571411_343271954_2_1_0__796111&amp;srepoch=1701975403&amp;srpvid=b48c85289e440245&amp;type=total&amp;ucfs=1&amp;hp_refreshed_with_new_dates=1\" target=\"_blank\" rel=\"noreferrer noopener\">Booking<\/a><\/figcaption><\/figure>\n\n\n\n<p>Uma \u00f3tima op\u00e7\u00e3o para curtir o melhor do estado de <a href=\"https:\/\/quantocustaviajar.com\/blog\/cidades-legais-para-viajar-em-minas-gerais\/\">Minas Gerais<\/a> nos <strong>feriados 2025<\/strong> mas ainda quer algo perto do estado de SP e procura uma cidade tranquila e rom\u00e2ntica em meio \u00e0 natureza, a cidade de Extrema \u00e9 uma \u00f3tima op\u00e7\u00e3o! O destaque da cidade, al\u00e9m do ecoturismo, s\u00e3o as pousadas fof\u00edssimas e aconchegantes, com op\u00e7\u00f5es com banheiras e jacuzzis para curtir o frio.<\/p>\n\n\n\n<p>| <a href=\"https:\/\/quantocustaviajar.com\/blog\/guia-de-spas-e-pousadas-em-extrema-mg\/\" target=\"_blank\" rel=\"noreferrer noopener\">Veja aqui um guia de spas e pousadas em Extrema MG<\/a><\/p>\n\n\n\n<h3 class=\"wp-block-heading\"><span class=\"ez-toc-section\" id=\"Pocos_de_Caldas\"><\/span><a previewlistener=\"true\" href=\"https:\/\/quantocustaviajar.com\/brasil\/pocos-de-caldas\" target=\"_blank\" rel=\"noreferrer noopener\">Po\u00e7os de Caldas<\/a><span class=\"ez-toc-section-end\"><\/span><\/h3>\n\n\n\n<figure class=\"wp-block-image aligncenter size-full\"><img loading=\"lazy\" decoding=\"async\" width=\"960\" height=\"720\" src=\"https:\/\/quantocustaviajar.com\/blog\/wp-content\/uploads\/2024\/07\/Cachoeira_Veu_das_Noivas_Pocos_de_Caldas-MG.png\" alt=\"feriados 2025\" class=\"wp-image-67411\" srcset=\"https:\/\/quantocustaviajar.com\/blog\/wp-content\/uploads\/2024\/07\/Cachoeira_Veu_das_Noivas_Pocos_de_Caldas-MG.png 960w, https:\/\/quantocustaviajar.com\/blog\/wp-content\/uploads\/2024\/07\/Cachoeira_Veu_das_Noivas_Pocos_de_Caldas-MG-300x225.png 300w, https:\/\/quantocustaviajar.com\/blog\/wp-content\/uploads\/2024\/07\/Cachoeira_Veu_das_Noivas_Pocos_de_Caldas-MG-768x576.png 768w\" sizes=\"auto, (max-width: 960px) 100vw, 960px\" \/><figcaption>Cachoeira V\u00e9u das Noivas em Po\u00e7os de Caldas\/Foto: <a href=\"https:\/\/upload.wikimedia.org\/wikipedia\/commons\/a\/ab\/Cachoeira_V%C3%A9u_das_Noivas%2C_Po%C3%A7os_de_Caldas-MG.png\" target=\"_blank\" rel=\"noreferrer noopener\">Wikimedia Commons<\/a><\/figcaption><\/figure>\n\n\n\n<p>Po\u00e7os de Caldas \u00e9 uma das cidades mais visitadas por turistas do pa\u00eds todo que querem aproveitar as maravilhas mineiras (hospitalidade, comida boa) e atividades ao ar livre, al\u00e9m de ser um \u00f3timo destino para quem quer renovar o arm\u00e1rio de inverno.<\/p>\n\n\n\n<p>Po\u00e7os \u00e9 uma est\u00e2ncia hidrotermal ideal para quem deseja relaxar em banhos de imers\u00e3o, descansar em bons hot\u00e9is com vista para as montanhas.<\/p>\n\n\n\n<p>| <strong><a previewlistener=\"true\" href=\"https:\/\/www.booking.com\/searchresults.pt-br.html?aid=2161834&amp;sid=a5961aa232988cee3e7dd40012f88389&amp;sb=1&amp;src=searchresults&amp;src_elem=sb&amp;error_url=https%3A%2F%2Fwww.booking.com%2Fsearchresults.pt-br.html%3Faid%3D2161834%3Bsid%3Da5961aa232988cee3e7dd40012f88389%3Bcheckin_month%3D9%3Bcheckin_monthday%3D2%3Bcheckin_year%3D2017%3Bcheckout_month%3D9%3Bcheckout_monthday%3D3%3Bcheckout_year%3D2017%3Bcity%3D-629138%3Bclass_interval%3D1%3Bdest_id%3D-631590%3Bdest_type%3Dcity%3Bdtdisc%3D0%3Bgroup_adults%3D1%3Bgroup_children%3D0%3Binac%3D0%3Bindex_postcard%3D0%3Blabel_click%3Dundef%3Bno_rooms%3D1%3Boffset%3D0%3Bpostcard%3D0%3Braw_dest_type%3Dcity%3Broom1%3DA%3Bsb_price_type%3Dtotal%3Bsb_travel_purpose%3Dleisure%3Bsearch_selected%3D1%3Bsrc%3Dsearchresults%3Bsrc_elem%3Dsb%3Bss%3DBrumadinho%252C%2520Minas%2520Gerais%252C%2520Brasil%3Bss_all%3D0%3Bss_raw%3Dbrumadinh%3Bssb%3Dempty%3Bsshis%3D0%3Bssne_untouched%3DBelo%2520Horizonte%26%3B&amp;ss=Po%C3%A7os+de+Caldas%2C+Minas+Gerais%2C+Brasil&amp;ssne=Brumadinho&amp;ssne_untouched=Brumadinho&amp;city=-631590&amp;sb_travel_purpose=leisure&amp;checkin_monthday=2&amp;checkin_month=9&amp;checkin_year=2017&amp;checkout_monthday=3&amp;checkout_month=9&amp;checkout_year=2017&amp;room1=A&amp;no_rooms=1&amp;group_adults=1&amp;group_children=0&amp;highlighted_hotels=&amp;from_sf=1&amp;ss_raw=po%C3%A7os+de+cal&amp;ac_position=0&amp;ac_langcode=xb&amp;dest_id=-662921&amp;dest_type=city&amp;search_pageview_id=9cf85b7856eb021b&amp;search_selected=true&amp;search_pageview_id=9cf85b7856eb021b&amp;ac_suggestion_list_length=5&amp;ac_suggestion_theme_list_length=0\" target=\"_blank\" rel=\"noreferrer noopener\">Hospedagem nas cidades de Minas Gerais? Clique aqui!<\/a><\/strong><\/p>\n\n\n\n<h3 class=\"wp-block-heading\"><span class=\"ez-toc-section\" id=\"Capitolio\"><\/span><a href=\"http:\/\/quantocustaviajar.com\/blog\/conheca-capitolio-em-minas-gerais\/\" target=\"_blank\" rel=\"noreferrer noopener\">Capit\u00f3lio<\/a><span class=\"ez-toc-section-end\"><\/span><\/h3>\n\n\n\n<figure class=\"wp-block-image aligncenter size-large\"><img loading=\"lazy\" decoding=\"async\" width=\"1024\" height=\"682\" src=\"https:\/\/quantocustaviajar.com\/blog\/wp-content\/uploads\/2024\/07\/Mirante_do_Lago_de_Furnas_-_Capitolio_MG-1024x682.jpg\" alt=\"feriados 2025\" class=\"wp-image-67414\" srcset=\"https:\/\/quantocustaviajar.com\/blog\/wp-content\/uploads\/2024\/07\/Mirante_do_Lago_de_Furnas_-_Capitolio_MG-1024x682.jpg 1024w, https:\/\/quantocustaviajar.com\/blog\/wp-content\/uploads\/2024\/07\/Mirante_do_Lago_de_Furnas_-_Capitolio_MG-300x200.jpg 300w, https:\/\/quantocustaviajar.com\/blog\/wp-content\/uploads\/2024\/07\/Mirante_do_Lago_de_Furnas_-_Capitolio_MG-768x512.jpg 768w, https:\/\/quantocustaviajar.com\/blog\/wp-content\/uploads\/2024\/07\/Mirante_do_Lago_de_Furnas_-_Capitolio_MG.jpg 1280w\" sizes=\"auto, (max-width: 1024px) 100vw, 1024px\" \/><figcaption>Foto: <a href=\"https:\/\/upload.wikimedia.org\/wikipedia\/commons\/thumb\/0\/04\/Mirante_do_Lago_de_Furnas_-_Capit%C3%B3lio%2C_MG.jpg\/1280px-Mirante_do_Lago_de_Furnas_-_Capit%C3%B3lio%2C_MG.jpg\" target=\"_blank\" rel=\"noreferrer noopener\">Wikimedia Commons<\/a><\/figcaption><\/figure>\n\n\n\n<p>Capit\u00f3lio possui uma \u00f3tima represa para quem quer fazer passeios de barco e tamb\u00e9m possui uma das lagoas mais bonitas do estado, a Lagoa Azul, que vale a visita. Se o viajante busca aventura nos <strong>feriados 2025<\/strong>, Capit\u00f3lio oferece cachoeiras, trilhas, mirantes, grutas e tudo isso com uma boa estrutura para os viajantes.<\/p>\n\n\n\n<h3 class=\"wp-block-heading\"><span class=\"ez-toc-section\" id=\"Araxa\"><\/span>Arax\u00e1<span class=\"ez-toc-section-end\"><\/span><\/h3>\n\n\n\n<p>Quer mais uma op\u00e7\u00e3o de cidade com \u00e1guas termais para relaxar nos <strong>feriados 2025?<\/strong> Ent\u00e3o conhe\u00e7a a cidade de Arax\u00e1, que tem um dos thermas mais famosos do Brasil, ainda serve como base para uma das formas de acesso ao Parque Nacional <a href=\"https:\/\/quantocustaviajar.com\/blog\/serra-da-canastra\/\">Serra da Canastra<\/a>! Se voc\u00ea procura descanso, massagens, \u00e1guas aquecidas e depois gastar as energias com trilhas e caminhadas, a regi\u00e3o \u00e9 ideal.<\/p>\n\n\n\n<h3 class=\"wp-block-heading\"><span class=\"ez-toc-section\" id=\"Sao_Tome_das_Letras\"><\/span><a previewlistener=\"true\" href=\"http:\/\/quantocustaviajar.com\/blog\/o-que-fazer-em-sao-tome-das-letras\/\" target=\"_blank\" rel=\"noreferrer noopener\">S\u00e3o Tom\u00e9 das Letras<\/a><span class=\"ez-toc-section-end\"><\/span><\/h3>\n\n\n\n<figure class=\"wp-block-image aligncenter size-large\"><img loading=\"lazy\" decoding=\"async\" width=\"1024\" height=\"683\" src=\"https:\/\/quantocustaviajar.com\/blog\/wp-content\/uploads\/2024\/07\/Cachoeira_Antares_-_Sao_Thome_das_Letras_MG_-_Brasil-1024x683.jpg\" alt=\"feriados 2025\" class=\"wp-image-67418\" srcset=\"https:\/\/quantocustaviajar.com\/blog\/wp-content\/uploads\/2024\/07\/Cachoeira_Antares_-_Sao_Thome_das_Letras_MG_-_Brasil-1024x683.jpg 1024w, https:\/\/quantocustaviajar.com\/blog\/wp-content\/uploads\/2024\/07\/Cachoeira_Antares_-_Sao_Thome_das_Letras_MG_-_Brasil-300x200.jpg 300w, https:\/\/quantocustaviajar.com\/blog\/wp-content\/uploads\/2024\/07\/Cachoeira_Antares_-_Sao_Thome_das_Letras_MG_-_Brasil-768x512.jpg 768w, https:\/\/quantocustaviajar.com\/blog\/wp-content\/uploads\/2024\/07\/Cachoeira_Antares_-_Sao_Thome_das_Letras_MG_-_Brasil.jpg 1280w\" sizes=\"auto, (max-width: 1024px) 100vw, 1024px\" \/><figcaption>Foto: <a href=\"https:\/\/upload.wikimedia.org\/wikipedia\/commons\/thumb\/b\/bd\/Cachoeira_Antares_-_S%C3%A3o_Thom%C3%A9_das_Letras%2C_MG_-_Brasil.JPG\/1280px-Cachoeira_Antares_-_S%C3%A3o_Thom%C3%A9_das_Letras%2C_MG_-_Brasil.JPG\" target=\"_blank\" rel=\"noreferrer noopener\">Wikimedia Commons<\/a><\/figcaption><\/figure>\n\n\n\n<p>Para os exploradores e aventureiros de plant\u00e3o, a cidade de <a href=\"https:\/\/quantocustaviajar.com\/blog\/o-que-fazer-em-sao-tome-das-letras\/\">S\u00e3o Tom\u00e9 das Letras<\/a> \u00e9 uma das op\u00e7\u00f5es mais r\u00fasticas e &#8220;ra\u00edzes&#8221; da lista toda para passar os <strong>feriados 2025<\/strong>, oferecendo cachoeiras, trilhas, camping, grutas e muitas outras atividades ao ar livre. Se voc\u00ea prefere hot\u00e9is mais luxuosos e programas menos naturais, vale conferir outras op\u00e7\u00f5es!<\/p>\n\n\n\n<h2 class=\"wp-block-heading\"><span class=\"ez-toc-section\" id=\"Dicas_de_onde_passar_os_feriados_2025_no_ES\"><\/span>Dicas de onde passar os feriados 2025 no ES<span class=\"ez-toc-section-end\"><\/span><\/h2>\n\n\n\n<h3 class=\"wp-block-heading\"><span class=\"ez-toc-section\" id=\"Guarapari\"><\/span><a href=\"https:\/\/quantocustaviajar.com\/brasil\/guarapari\" target=\"_blank\" rel=\"noreferrer noopener\">Guarapari<\/a><span class=\"ez-toc-section-end\"><\/span><\/h3>\n\n\n\n<figure class=\"wp-block-image aligncenter size-full\"><img loading=\"lazy\" decoding=\"async\" width=\"799\" height=\"533\" src=\"https:\/\/quantocustaviajar.com\/blog\/wp-content\/uploads\/2024\/08\/19545246598_42934f4f4a_c.jpg\" alt=\"feriados 2025\" class=\"wp-image-67826\" srcset=\"https:\/\/quantocustaviajar.com\/blog\/wp-content\/uploads\/2024\/08\/19545246598_42934f4f4a_c.jpg 799w, https:\/\/quantocustaviajar.com\/blog\/wp-content\/uploads\/2024\/08\/19545246598_42934f4f4a_c-300x200.jpg 300w, https:\/\/quantocustaviajar.com\/blog\/wp-content\/uploads\/2024\/08\/19545246598_42934f4f4a_c-768x512.jpg 768w\" sizes=\"auto, (max-width: 799px) 100vw, 799px\" \/><figcaption>Foto: <a href=\"https:\/\/www.flickr.com\/photos\/mellagi\/\" target=\"_blank\" rel=\"noreferrer noopener\">Andr\u00e9 Mellagi<\/a> no Flickr<\/figcaption><\/figure>\n\n\n\n<p>Seja qual for a oportunidade, seja f\u00e9rias, seja os <strong>feriados 2025<\/strong>, ir para Guarapari \u00e9 sempre uma excelente ideia! Com f\u00e1cil acesso, j\u00e1 que fica a apenas 55 km de Vit\u00f3ria, e com algumas das mais belas praias do estado do <a href=\"https:\/\/quantocustaviajar.com\/blog\/lugares-para-conhecer-no-espirito-santo\/\">Esp\u00edrito Santo<\/a>, a cidade oferece \u00f3tima estrutura para receber os viajantes, v\u00e1rias praias legais como a Praia do Morro, a Praia da Areia Preta e a Praia de Bacutia. Al\u00e9m das praias, a cidade oferece mergulho em \u00e1guas cristalinas com corais e naufr\u00e1gios. <\/p>\n\n\n\n<p><strong><a href=\"https:\/\/quantocustaviajar.com\/blog\/as-praias-paradisiacas-do-espirito-santo-ficam-aqui-em-guarapari\/\" target=\"_blank\" rel=\"noreferrer noopener\">| As praias paradis\u00edacas do Esp\u00edrito Santo ficam aqui em Guarapari<\/a><\/strong><\/p>\n\n\n\n<h3 class=\"wp-block-heading\"><span class=\"ez-toc-section\" id=\"Vila_Velha\"><\/span>Vila Velha<span class=\"ez-toc-section-end\"><\/span><\/h3>\n\n\n\n<figure class=\"wp-block-image aligncenter size-full\"><img loading=\"lazy\" decoding=\"async\" width=\"800\" height=\"600\" src=\"https:\/\/quantocustaviajar.com\/blog\/wp-content\/uploads\/2024\/08\/14262561951_1f832aba15_c.jpg\" alt=\"feriados 2025\" class=\"wp-image-67827\" srcset=\"https:\/\/quantocustaviajar.com\/blog\/wp-content\/uploads\/2024\/08\/14262561951_1f832aba15_c.jpg 800w, https:\/\/quantocustaviajar.com\/blog\/wp-content\/uploads\/2024\/08\/14262561951_1f832aba15_c-300x225.jpg 300w, https:\/\/quantocustaviajar.com\/blog\/wp-content\/uploads\/2024\/08\/14262561951_1f832aba15_c-768x576.jpg 768w\" sizes=\"auto, (max-width: 800px) 100vw, 800px\" \/><figcaption>Ponte que separa Vit\u00f3ria de Vila Velha\/Foto: <a previewlistener=\"true\" href=\"https:\/\/www.flickr.com\/photos\/giancornachini\/\" target=\"_blank\" rel=\"noreferrer noopener\">Gian Cornachini<\/a> no Flickr<\/figcaption><\/figure>\n\n\n\n<p>Separada por uma ponte da capital do estado, a cidade de Vila Velha \u00e9 a mais antiga do Esp\u00edrito Santo e possui diversas atra\u00e7\u00f5es hist\u00f3ricas, como o Convento da Penha, um dos santu\u00e1rios mais antigos do Brasil, com uma vista panor\u00e2mica incr\u00edvel da regi\u00e3o. A cidade tamb\u00e9m tem belas praias, como a Praia da Costa e Itapo\u00e3, al\u00e9m da famosa f\u00e1brica de chocolates Garoto, que oferece visitas guiadas e claro o parque mais famoso da regi\u00e3o, o Parque Estadual de Vila Velha, com v\u00e1rias atividades de ecoturismo.<\/p>\n\n\n\n<p>Se voc\u00ea ainda n\u00e3o conhece a cidade, aposte no destino durante os <strong>feriados 2025<\/strong>!<\/p>\n\n\n\n<h3 class=\"wp-block-heading\"><span class=\"ez-toc-section\" id=\"Anchieta\"><\/span>Anchieta<span class=\"ez-toc-section-end\"><\/span><\/h3>\n\n\n\n<figure class=\"wp-block-image aligncenter size-large is-resized\"><img loading=\"lazy\" decoding=\"async\" src=\"https:\/\/quantocustaviajar.com\/blog\/wp-content\/uploads\/2024\/08\/Praia_do_Presidio_no_Parque_Estadual_da_Ilha_Anchieta-1024x576.jpg\" alt=\"feriados 2025\" class=\"wp-image-67829\" width=\"840\" height=\"472\" srcset=\"https:\/\/quantocustaviajar.com\/blog\/wp-content\/uploads\/2024\/08\/Praia_do_Presidio_no_Parque_Estadual_da_Ilha_Anchieta-1024x576.jpg 1024w, https:\/\/quantocustaviajar.com\/blog\/wp-content\/uploads\/2024\/08\/Praia_do_Presidio_no_Parque_Estadual_da_Ilha_Anchieta-300x169.jpg 300w, https:\/\/quantocustaviajar.com\/blog\/wp-content\/uploads\/2024\/08\/Praia_do_Presidio_no_Parque_Estadual_da_Ilha_Anchieta-768x432.jpg 768w, https:\/\/quantocustaviajar.com\/blog\/wp-content\/uploads\/2024\/08\/Praia_do_Presidio_no_Parque_Estadual_da_Ilha_Anchieta.jpg 1280w\" sizes=\"auto, (max-width: 840px) 100vw, 840px\" \/><figcaption>Foto: <a href=\"https:\/\/upload.wikimedia.org\/wikipedia\/commons\/thumb\/f\/f6\/Praia_do_Pres%C3%ADdio_no_Parque_Estadual_da_Ilha_Anchieta.jpg\/1280px-Praia_do_Pres%C3%ADdio_no_Parque_Estadual_da_Ilha_Anchieta.jpg\" target=\"_blank\" rel=\"noreferrer noopener\">Wikimedia Commons<\/a><\/figcaption><\/figure>\n\n\n\n<p>Mais uma op\u00e7\u00e3o pertinho de Vit\u00f3ria, a cidade de Anchieta fica a apenas 70 km de dist\u00e2ncia e \u00e9 uma \u00f3tima op\u00e7\u00e3o de viagem para quem busca um destino hist\u00f3rico, j\u00e1 que foi local de miss\u00e3o do Padre Jos\u00e9 de Anchieta, que viveu e faleceu na cidade (e d\u00e1 o nome ao destino) e tamb\u00e9m muito contato com a natureza e praias! Se decidir conhecer Anchieta, saiba que as praias s\u00e3o bem tranquilas mesmo, e o destaque da cidade \u00e9 a Praia de Iriri.<\/p>\n\n\n\n<h3 class=\"wp-block-heading\"><span class=\"ez-toc-section\" id=\"Linhares\"><\/span>Linhares<span class=\"ez-toc-section-end\"><\/span><\/h3>\n\n\n\n<figure class=\"wp-block-image aligncenter size-large\"><img loading=\"lazy\" decoding=\"async\" width=\"1024\" height=\"601\" src=\"https:\/\/quantocustaviajar.com\/blog\/wp-content\/uploads\/2024\/08\/Lagoa_Juparana_-_Linhares-ES_-_panoramio_5-1024x601.jpg\" alt=\"feriados 2025\" class=\"wp-image-67831\" srcset=\"https:\/\/quantocustaviajar.com\/blog\/wp-content\/uploads\/2024\/08\/Lagoa_Juparana_-_Linhares-ES_-_panoramio_5-1024x601.jpg 1024w, https:\/\/quantocustaviajar.com\/blog\/wp-content\/uploads\/2024\/08\/Lagoa_Juparana_-_Linhares-ES_-_panoramio_5-300x176.jpg 300w, https:\/\/quantocustaviajar.com\/blog\/wp-content\/uploads\/2024\/08\/Lagoa_Juparana_-_Linhares-ES_-_panoramio_5-768x451.jpg 768w, https:\/\/quantocustaviajar.com\/blog\/wp-content\/uploads\/2024\/08\/Lagoa_Juparana_-_Linhares-ES_-_panoramio_5.jpg 1280w\" sizes=\"auto, (max-width: 1024px) 100vw, 1024px\" \/><figcaption>Lagoa Juparan\u00e3 em Linhares\/Foto: <a previewlistener=\"true\" href=\"https:\/\/upload.wikimedia.org\/wikipedia\/commons\/thumb\/5\/57\/Lagoa_Juparan%C3%A3_-_Linhares-ES_-_panoramio_%285%29.jpg\/1280px-Lagoa_Juparan%C3%A3_-_Linhares-ES_-_panoramio_%285%29.jpg\" target=\"_blank\" rel=\"noreferrer noopener\">Wikimedia Commons<\/a><\/figcaption><\/figure>\n\n\n\n<p>Para quem quer mais contato com a natureza e belas praias, vale conhecer Linhares, a 140 km de Vit\u00f3ria, cidade famosa pelo ecoturismo, com lagos e lagoas para esportes aqu\u00e1ticos, pesca e trilhas meio \u00e0 Mata Atl\u00e2ntica. A cidade \u00e9 das mais antigas do Esp\u00edrito Santo, com um centro hist\u00f3rico preservado que conta a hist\u00f3ria da coloniza\u00e7\u00e3o portuguesa.<\/p>\n\n\n\n<h3 class=\"wp-block-heading\"><span class=\"ez-toc-section\" id=\"Vitoria\"><\/span><a href=\"https:\/\/quantocustaviajar.com\/brasil\/vitoria\" target=\"_blank\" rel=\"noreferrer noopener\">Vit\u00f3ria<\/a><span class=\"ez-toc-section-end\"><\/span><\/h3>\n\n\n\n<figure class=\"wp-block-image aligncenter size-full\"><img loading=\"lazy\" decoding=\"async\" width=\"800\" height=\"600\" src=\"https:\/\/quantocustaviajar.com\/blog\/wp-content\/uploads\/2024\/08\/15411089660_d866f7c301_c.jpg\" alt=\"feriados 2025\" class=\"wp-image-67833\" srcset=\"https:\/\/quantocustaviajar.com\/blog\/wp-content\/uploads\/2024\/08\/15411089660_d866f7c301_c.jpg 800w, https:\/\/quantocustaviajar.com\/blog\/wp-content\/uploads\/2024\/08\/15411089660_d866f7c301_c-300x225.jpg 300w, https:\/\/quantocustaviajar.com\/blog\/wp-content\/uploads\/2024\/08\/15411089660_d866f7c301_c-768x576.jpg 768w\" sizes=\"auto, (max-width: 800px) 100vw, 800px\" \/><figcaption>Foto: <a href=\"https:\/\/www.flickr.com\/photos\/krolcarol\/\" target=\"_blank\" rel=\"noreferrer noopener\">Rosa Caroline Teixeira<\/a> no Flickr<\/figcaption><\/figure>\n\n\n\n<p>Claro que a capital do estado n\u00e3o poderia ficar de fora da nossa lista de recomenda\u00e7\u00f5es de onde passar os feriados 2025, especialmente se voc\u00ea ainda n\u00e3o conhece o destino. Vit\u00f3ria \u00e9 um local que encanta pela beleza natural, belas praias, rica hist\u00f3ria e infraestrutura moderna. Al\u00e9m disso, a cidade fica bem pr\u00f3xima a outros destinos encantadores que citamos acima, ent\u00e3o quem sabe n\u00e3o vale montar um roteiro que inclua a capital e outras cidades pr\u00f3ximas em uma mesma viagem? <\/p>\n\n\n\n<p>| <strong><a href=\"https:\/\/www.turismocity.com.br\/passagens-aereas-para-VIX-Goiabeiras?from=GRU\" target=\"_blank\" rel=\"noreferrer noopener\">Confira pre\u00e7os das passagens a\u00e9reas at\u00e9 Vit\u00f3ria<\/a><\/strong><\/p>\n\n\n\n<h2 class=\"wp-block-heading\"><span class=\"ez-toc-section\" id=\"Dicas_de_onde_passar_os_feriados_2025_no_Parana\"><\/span>Dicas de onde passar os feriados 2025 no Paran\u00e1<span class=\"ez-toc-section-end\"><\/span><\/h2>\n\n\n\n<h3 class=\"wp-block-heading\"><span class=\"ez-toc-section\" id=\"Ilha_do_Mel\"><\/span><a href=\"https:\/\/quantocustaviajar.com\/brasil\/ilha-do-mel\" target=\"_blank\" rel=\"noreferrer noopener\">Ilha do Mel<\/a><span class=\"ez-toc-section-end\"><\/span><\/h3>\n\n\n\n<figure class=\"wp-block-image aligncenter size-full\"><img loading=\"lazy\" decoding=\"async\" width=\"1024\" height=\"476\" src=\"https:\/\/quantocustaviajar.com\/blog\/wp-content\/uploads\/2024\/08\/Vista_aerea_da_Ilha_do_Mel.jpg\" alt=\"feriados 2025\" class=\"wp-image-67841\" srcset=\"https:\/\/quantocustaviajar.com\/blog\/wp-content\/uploads\/2024\/08\/Vista_aerea_da_Ilha_do_Mel.jpg 1024w, https:\/\/quantocustaviajar.com\/blog\/wp-content\/uploads\/2024\/08\/Vista_aerea_da_Ilha_do_Mel-300x139.jpg 300w, https:\/\/quantocustaviajar.com\/blog\/wp-content\/uploads\/2024\/08\/Vista_aerea_da_Ilha_do_Mel-768x357.jpg 768w\" sizes=\"auto, (max-width: 1024px) 100vw, 1024px\" \/><figcaption>Foto: <a href=\"https:\/\/upload.wikimedia.org\/wikipedia\/commons\/thumb\/7\/71\/Vista_a%C3%A9rea_da_Ilha_do_Mel.jpg\/1024px-Vista_a%C3%A9rea_da_Ilha_do_Mel.jpg\" target=\"_blank\" rel=\"noreferrer noopener\">Wikimedia Commons<\/a><\/figcaption><\/figure>\n\n\n\n<p>Quer descansar e relaxar em uma das praias mais lindas do Paran\u00e1? Ent\u00e3o visite a Ilha do Mel, que fica a apenas 150 km de Curitiba e \u00e9 um verdadeiro para\u00edso ecol\u00f3gico &#8211; onde carros n\u00e3o entram &#8211; e oferece praias tranquilas e muitas trilhas para quem quiser fazer atividades al\u00e9m de ficar esticado na areia tomando sol! Para chegar l\u00e1, v\u00e1 at\u00e9 o Pontal do Paran\u00e1 ou Paranagu\u00e1, de onde partem os barcos para a ilha.<\/p>\n\n\n\n<h3 class=\"wp-block-heading\"><span class=\"ez-toc-section\" id=\"Curitiba\"><\/span><a href=\"https:\/\/quantocustaviajar.com\/brasil\/curitiba\" target=\"_blank\" rel=\"noreferrer noopener\">Curitiba<\/a><span class=\"ez-toc-section-end\"><\/span><\/h3>\n\n\n\n<figure class=\"wp-block-image aligncenter size-large\"><img loading=\"lazy\" decoding=\"async\" width=\"1024\" height=\"768\" src=\"https:\/\/quantocustaviajar.com\/blog\/wp-content\/uploads\/2024\/08\/1280px-Curitiba-botanical-garden-1024x768.jpg\" alt=\"\" class=\"wp-image-67844\" srcset=\"https:\/\/quantocustaviajar.com\/blog\/wp-content\/uploads\/2024\/08\/1280px-Curitiba-botanical-garden-1024x768.jpg 1024w, https:\/\/quantocustaviajar.com\/blog\/wp-content\/uploads\/2024\/08\/1280px-Curitiba-botanical-garden-300x225.jpg 300w, https:\/\/quantocustaviajar.com\/blog\/wp-content\/uploads\/2024\/08\/1280px-Curitiba-botanical-garden-768x576.jpg 768w, https:\/\/quantocustaviajar.com\/blog\/wp-content\/uploads\/2024\/08\/1280px-Curitiba-botanical-garden.jpg 1280w\" sizes=\"auto, (max-width: 1024px) 100vw, 1024px\" \/><figcaption>Foto: <a href=\"https:\/\/upload.wikimedia.org\/wikipedia\/commons\/thumb\/8\/8c\/Curitiba-botanical-garden.jpg\/1280px-Curitiba-botanical-garden.jpg\" target=\"_blank\" rel=\"noreferrer noopener\">Wikimedia Commons<\/a><\/figcaption><\/figure>\n\n\n\n<p>Que tal passar uns dias na moderna capital Curitiba, que tem v\u00e1rios pontos tur\u00edsticos e restaurantes incr\u00edveis para todos os gostos? A cidade \u00e9 casa do famos\u00edssimo Jardim Bot\u00e2nico, que tem a estufa de vidro que \u00e9 cart\u00e3o postal da cidade, o Museu Oscar Niemeyer (MON), o Parque Barigui e a \u00d3pera de Arame, alguns dos principais pontos tur\u00edsticos. A cidade tamb\u00e9m oferece uma vida cultural agitada, com diversos eventos e festivais. Para os colecionadores, tem at\u00e9 um restaurante do Hard Rock na cidade!<\/p>\n\n\n\n<p><strong><a href=\"https:\/\/www.turismocity.com.br\/passagens-aereas-para-CWB-Afonso_Pena_Intl?from=GRU\" target=\"_blank\" rel=\"noreferrer noopener\">| Passagens a\u00e9reas para Curitiba saindo do Brasil todo voc\u00ea encontra aqui<\/a><\/strong><\/p>\n\n\n\n<h3 class=\"wp-block-heading\"><span class=\"ez-toc-section\" id=\"Foz_do_Iguacu\"><\/span><a href=\"https:\/\/quantocustaviajar.com\/brasil\/foz-do-iguacu\" target=\"_blank\" rel=\"noreferrer noopener\">Foz do Igua\u00e7u<\/a><span class=\"ez-toc-section-end\"><\/span><\/h3>\n\n\n\n<figure class=\"wp-block-image aligncenter size-large\"><img loading=\"lazy\" decoding=\"async\" width=\"1024\" height=\"681\" src=\"https:\/\/quantocustaviajar.com\/blog\/wp-content\/uploads\/2024\/08\/Parque_Nacional_do_Iguacu_-_Iguacu_National_Park_14116132151-1024x681.jpg\" alt=\"feriados 2025\" class=\"wp-image-67839\" srcset=\"https:\/\/quantocustaviajar.com\/blog\/wp-content\/uploads\/2024\/08\/Parque_Nacional_do_Iguacu_-_Iguacu_National_Park_14116132151-1024x681.jpg 1024w, https:\/\/quantocustaviajar.com\/blog\/wp-content\/uploads\/2024\/08\/Parque_Nacional_do_Iguacu_-_Iguacu_National_Park_14116132151-300x199.jpg 300w, https:\/\/quantocustaviajar.com\/blog\/wp-content\/uploads\/2024\/08\/Parque_Nacional_do_Iguacu_-_Iguacu_National_Park_14116132151-768x511.jpg 768w, https:\/\/quantocustaviajar.com\/blog\/wp-content\/uploads\/2024\/08\/Parque_Nacional_do_Iguacu_-_Iguacu_National_Park_14116132151.jpg 1280w\" sizes=\"auto, (max-width: 1024px) 100vw, 1024px\" \/><figcaption>Foto: <a href=\"https:\/\/upload.wikimedia.org\/wikipedia\/commons\/thumb\/7\/77\/Parque_Nacional_do_Igua%C3%A7%C3%BA_-_Igua%C3%A7u_National_Park_%2814116132151%29.jpg\/1280px-Parque_Nacional_do_Igua%C3%A7%C3%BA_-_Igua%C3%A7u_National_Park_%2814116132151%29.jpg\" target=\"_blank\" rel=\"noreferrer noopener\">Wikimedia Commons<\/a><\/figcaption><\/figure>\n\n\n\n<p>Esse \u00e9 um dos destinos mais distantes mesmo para quem mora no estado do Paran\u00e1, por isso \u00e9 poss\u00edvel chegar de avi\u00e3o pelo<a href=\"https:\/\/www.turismocity.com.br\/passagens-aereas-para-IGU-Foz_do_Iguacu_Intl?from=GRU\" target=\"_blank\" rel=\"noreferrer noopener\"> Aeroporto Internacional de Foz do Igua\u00e7u<\/a>\/Cataratas. Apesar da dist\u00e2ncia, \u00e9 um dos lugares mais distintos do Brasil, com uma paisagem \u00fanica e oportunidades de passeios, compras e tamb\u00e9m de conhecer os pa\u00edses vizinhos (<a href=\"https:\/\/quantocustaviajar.com\/blog\/lugares-imperdiveis-para-conhecer-na-argentina\/\">Argentina<\/a> e Paraguai).<\/p>\n\n\n\n<p>Foz \u00e9 um dos melhores destinos para conhecer durante os <strong>feriados 2025<\/strong> para quem quer novas experi\u00eancias, afinal n\u00e3o \u00e9 em qualquer lugar que voc\u00ea tem as Cataratas do Igua\u00e7u, uma das Sete <a href=\"https:\/\/quantocustaviajar.com\/blog\/as-7-maravilhas-naturais-do-mundo\/\">Maravilhas Naturais do Mundo<\/a>. O Parque Nacional do Igua\u00e7u oferece trilhas e passeios de barco que chegam perto das quedas d&#8217;\u00e1gua. A cidade tamb\u00e9m abriga a maior usina hidrel\u00e9trica do mundo em gera\u00e7\u00e3o de energia, a Itaipu Binacional, onde \u00e9 poss\u00edvel fazer visitas guiadas. Outro destaque \u00e9 o Parque das Aves, um santu\u00e1rio para aves tropicais. Resumindo? Escolha um dos <strong>feriados 2025<\/strong> prolongados para conhecer e explorar a cidade!<\/p>\n\n\n\n<h3 class=\"wp-block-heading\"><span class=\"ez-toc-section\" id=\"Morretes\"><\/span>Morretes<span class=\"ez-toc-section-end\"><\/span><\/h3>\n\n\n\n<figure class=\"wp-block-image aligncenter size-full\"><img loading=\"lazy\" decoding=\"async\" width=\"799\" height=\"534\" src=\"https:\/\/quantocustaviajar.com\/blog\/wp-content\/uploads\/2024\/08\/40704721192_ecc79dbc0b_c.jpg\" alt=\"feriados 2025\" class=\"wp-image-67847\" srcset=\"https:\/\/quantocustaviajar.com\/blog\/wp-content\/uploads\/2024\/08\/40704721192_ecc79dbc0b_c.jpg 799w, https:\/\/quantocustaviajar.com\/blog\/wp-content\/uploads\/2024\/08\/40704721192_ecc79dbc0b_c-300x201.jpg 300w, https:\/\/quantocustaviajar.com\/blog\/wp-content\/uploads\/2024\/08\/40704721192_ecc79dbc0b_c-768x513.jpg 768w\" sizes=\"auto, (max-width: 799px) 100vw, 799px\" \/><figcaption>Foto: <a href=\"https:\/\/www.flickr.com\/photos\/rosanetur\/\" target=\"_blank\" rel=\"noreferrer noopener\">Rosanetur<\/a> no Flickr<\/figcaption><\/figure>\n\n\n\n<p>Morretes \u00e9 uma cidade hist\u00f3rica a 80 km de Curitiba, que ainda preserva suas ruas de paralelep\u00edpedos e constru\u00e7\u00f5es coloniais. O passeio de trem at\u00e9 Morretes \u00e9 um dos mais famosos do pa\u00eds por ser considerada uma das viagens ferrovi\u00e1rias mais bonitas do Brasil, passando pela lind\u00edssima Serra do Mar.<\/p>\n\n\n\n<p> A cidade tamb\u00e9m \u00e9 conhecida por sua gastronomia, com destaque para o barreado, um prato t\u00edpico da regi\u00e3o. Vale muito a pena conhecer Morretes especialmente indo de trem!<\/p>\n\n\n\n<p><strong>| <a href=\"https:\/\/quantocustaviajar.com\/blog\/morretes-parana-guia\/\" target=\"_blank\" rel=\"noreferrer noopener\">Morretes, Paran\u00e1: um guia completo para sua viagem<\/a><\/strong><\/p>\n\n\n\n<h3 class=\"wp-block-heading\"><span class=\"ez-toc-section\" id=\"Antonina\"><\/span>Antonina<span class=\"ez-toc-section-end\"><\/span><\/h3>\n\n\n\n<figure class=\"wp-block-image aligncenter size-large\"><img loading=\"lazy\" decoding=\"async\" width=\"1024\" height=\"768\" src=\"https:\/\/quantocustaviajar.com\/blog\/wp-content\/uploads\/2024\/08\/1280px-Vista_dos_casaroes_em_Antonina-1024x768.jpg\" alt=\"feriados 2025\" class=\"wp-image-67851\" srcset=\"https:\/\/quantocustaviajar.com\/blog\/wp-content\/uploads\/2024\/08\/1280px-Vista_dos_casaroes_em_Antonina-1024x768.jpg 1024w, https:\/\/quantocustaviajar.com\/blog\/wp-content\/uploads\/2024\/08\/1280px-Vista_dos_casaroes_em_Antonina-300x225.jpg 300w, https:\/\/quantocustaviajar.com\/blog\/wp-content\/uploads\/2024\/08\/1280px-Vista_dos_casaroes_em_Antonina-768x576.jpg 768w, https:\/\/quantocustaviajar.com\/blog\/wp-content\/uploads\/2024\/08\/1280px-Vista_dos_casaroes_em_Antonina.jpg 1280w\" sizes=\"auto, (max-width: 1024px) 100vw, 1024px\" \/><figcaption>Foto: <a href=\"https:\/\/upload.wikimedia.org\/wikipedia\/commons\/thumb\/1\/1f\/Vista_dos_casar%C3%B5es_em_Antonina.jpg\/1280px-Vista_dos_casar%C3%B5es_em_Antonina.jpg\" target=\"_blank\" rel=\"noreferrer noopener\">Wikimedia Commons<\/a><\/figcaption><\/figure>\n\n\n\n<p>Para quem quer fugir do agito nos feriados 2025, a cidade de Antonina a cerca de 100 km de Curitiba \u00e9 uma \u00f3tima pedida! Essa cidade mant\u00e9m seu centro hist\u00f3rico preservado e um porto charmoso, al\u00e9m de contar com diversas op\u00e7\u00f5es de esportes n\u00e1uticos, como pesca e mergulho. Para quem busca tranquilidade e contato com a natureza, Antonina \u00e9 uma \u00f3tima dica.<\/p>\n","protected":false},"excerpt":{"rendered":"<p>O ano nem acabou, mas 2024 conta com t\u00e3o poucos feriados que \u00e9 normal que os viajantes mais ansiosos e organizados j\u00e1 est\u00e3o procurando saber quais os feriados de 2025 para come\u00e7ar a juntar dinheiro, se informar sobre dicas de onde passar esses dias off e come\u00e7ar a elaborar os roteiros de viagem. S\u00f3 para [&hellip;]<\/p>\n","protected":false},"author":18,"featured_media":66628,"comment_status":"open","ping_status":"open","sticky":true,"template":"","format":"standard","meta":{"cybocfi_hide_featured_image":"","footnotes":""},"categories":[1438],"tags":[4742,4740,4745,4746,4736,4738,4739,4744,4737,4741,4743],"class_list":["post-66614","post","type-post","status-publish","format-standard","has-post-thumbnail","hentry","category-dicas-praticas","tag-datas-feriados-2025","tag-dicas-de-destinos-feriados-2025","tag-dicas-de-destinosferiados-2025","tag-dicas-feriados-2025","tag-feriados-2025","tag-feriados-2025-dicas-de-onde-passar","tag-feriados-2025-onde-passar","tag-folgas-feriados-2025","tag-onde-passar-os-feriados-2025","tag-quais-os-feriados-2025","tag-quais-sao-os-feriados-2025"],"blocksy_meta":[],"yoast_head":"<!-- This site is optimized with the Yoast SEO plugin v26.3 - https:\/\/yoast.com\/wordpress\/plugins\/seo\/ -->\n<title>Feriados 2025: dicas de onde passar<\/title>\n<meta name=\"description\" content=\"Feriados 2025: confira quais os feriados para viajar e dicas de destinos por todo o Brasil para viagens r\u00e1pidas e incr\u00edveis.\" \/>\n<meta name=\"robots\" content=\"index, follow, max-snippet:-1, max-image-preview:large, max-video-preview:-1\" \/>\n<link rel=\"canonical\" href=\"https:\/\/quantocustaviajar.com\/blog\/feriados-de-2025-dicas-de-onde-passar\/\" \/>\n<meta property=\"og:locale\" content=\"pt_BR\" \/>\n<meta property=\"og:type\" content=\"article\" \/>\n<meta property=\"og:title\" content=\"Feriados 2025: dicas de onde passar\" \/>\n<meta property=\"og:description\" content=\"Feriados 2025: confira quais os feriados para viajar e dicas de destinos por todo o Brasil para viagens r\u00e1pidas e incr\u00edveis.\" \/>\n<meta property=\"og:url\" content=\"https:\/\/quantocustaviajar.com\/blog\/feriados-de-2025-dicas-de-onde-passar\/\" \/>\n<meta property=\"og:site_name\" content=\"Blog Quanto Custa Viajar\" \/>\n<meta property=\"article:publisher\" content=\"https:\/\/www.facebook.com\/quantocustaviajar\" \/>\n<meta property=\"article:published_time\" content=\"2024-07-02T15:19:15+00:00\" \/>\n<meta property=\"article:modified_time\" content=\"2024-10-22T13:19:53+00:00\" \/>\n<meta property=\"og:image\" content=\"https:\/\/quantocustaviajar.com\/blog\/wp-content\/uploads\/2024\/06\/capivari-square-campos-do-1.jpg\" \/>\n\t<meta property=\"og:image:width\" content=\"1024\" \/>\n\t<meta property=\"og:image:height\" content=\"768\" \/>\n\t<meta property=\"og:image:type\" content=\"image\/jpeg\" \/>\n<meta name=\"author\" content=\"Izabella Miranda\" \/>\n<meta name=\"twitter:card\" content=\"summary_large_image\" \/>\n<meta name=\"twitter:label1\" content=\"Escrito por\" \/>\n\t<meta name=\"twitter:data1\" content=\"Izabella Miranda\" \/>\n\t<meta name=\"twitter:label2\" content=\"Est. tempo de leitura\" \/>\n\t<meta name=\"twitter:data2\" content=\"21 minutos\" \/>\n<!-- \/ Yoast SEO plugin. -->","yoast_head_json":{"title":"Feriados 2025: dicas de onde passar","description":"Feriados 2025: confira quais os feriados para viajar e dicas de destinos por todo o Brasil para viagens r\u00e1pidas e incr\u00edveis.","robots":{"index":"index","follow":"follow","max-snippet":"max-snippet:-1","max-image-preview":"max-image-preview:large","max-video-preview":"max-video-preview:-1"},"canonical":"https:\/\/quantocustaviajar.com\/blog\/feriados-de-2025-dicas-de-onde-passar\/","og_locale":"pt_BR","og_type":"article","og_title":"Feriados 2025: dicas de onde passar","og_description":"Feriados 2025: confira quais os feriados para viajar e dicas de destinos por todo o Brasil para viagens r\u00e1pidas e incr\u00edveis.","og_url":"https:\/\/quantocustaviajar.com\/blog\/feriados-de-2025-dicas-de-onde-passar\/","og_site_name":"Blog Quanto Custa Viajar","article_publisher":"https:\/\/www.facebook.com\/quantocustaviajar","article_published_time":"2024-07-02T15:19:15+00:00","article_modified_time":"2024-10-22T13:19:53+00:00","og_image":[{"width":1024,"height":768,"url":"https:\/\/quantocustaviajar.com\/blog\/wp-content\/uploads\/2024\/06\/capivari-square-campos-do-1.jpg","type":"image\/jpeg"}],"author":"Izabella Miranda","twitter_card":"summary_large_image","twitter_misc":{"Escrito por":"Izabella Miranda","Est. tempo de leitura":"21 minutos"},"schema":{"@context":"https:\/\/schema.org","@graph":[{"@type":["Article","BlogPosting"],"@id":"https:\/\/quantocustaviajar.com\/blog\/feriados-de-2025-dicas-de-onde-passar\/#article","isPartOf":{"@id":"https:\/\/quantocustaviajar.com\/blog\/feriados-de-2025-dicas-de-onde-passar\/"},"author":{"name":"Izabella Miranda","@id":"https:\/\/quantocustaviajar.com\/blog\/#\/schema\/person\/595118451f4120870051de530232399d"},"headline":"Feriados de 2025: dicas de onde passar","datePublished":"2024-07-02T15:19:15+00:00","dateModified":"2024-10-22T13:19:53+00:00","mainEntityOfPage":{"@id":"https:\/\/quantocustaviajar.com\/blog\/feriados-de-2025-dicas-de-onde-passar\/"},"wordCount":2957,"commentCount":0,"publisher":{"@id":"https:\/\/quantocustaviajar.com\/blog\/#organization"},"image":{"@id":"https:\/\/quantocustaviajar.com\/blog\/feriados-de-2025-dicas-de-onde-passar\/#primaryimage"},"thumbnailUrl":"https:\/\/quantocustaviajar.com\/blog\/wp-content\/uploads\/2024\/06\/capivari-square-campos-do-1.jpg","keywords":["datas feriados 2025","dicas de destinos feriados 2025","dicas de destinosferiados 2025","dicas feriados 2025","feriados 2025","feriados 2025 dicas de onde passar","feriados 2025 onde passar","folgas feriados 2025","onde passar os feriados 2025","quais os feriados 2025","quais s\u00e3o os feriados 2025"],"articleSection":["Dicas pr\u00e1ticas"],"inLanguage":"pt-BR","potentialAction":[{"@type":"CommentAction","name":"Comment","target":["https:\/\/quantocustaviajar.com\/blog\/feriados-de-2025-dicas-de-onde-passar\/#respond"]}]},{"@type":"WebPage","@id":"https:\/\/quantocustaviajar.com\/blog\/feriados-de-2025-dicas-de-onde-passar\/","url":"https:\/\/quantocustaviajar.com\/blog\/feriados-de-2025-dicas-de-onde-passar\/","name":"Feriados 2025: dicas de onde passar","isPartOf":{"@id":"https:\/\/quantocustaviajar.com\/blog\/#website"},"primaryImageOfPage":{"@id":"https:\/\/quantocustaviajar.com\/blog\/feriados-de-2025-dicas-de-onde-passar\/#primaryimage"},"image":{"@id":"https:\/\/quantocustaviajar.com\/blog\/feriados-de-2025-dicas-de-onde-passar\/#primaryimage"},"thumbnailUrl":"https:\/\/quantocustaviajar.com\/blog\/wp-content\/uploads\/2024\/06\/capivari-square-campos-do-1.jpg","datePublished":"2024-07-02T15:19:15+00:00","dateModified":"2024-10-22T13:19:53+00:00","description":"Feriados 2025: confira quais os feriados para viajar e dicas de destinos por todo o Brasil para viagens r\u00e1pidas e incr\u00edveis.","breadcrumb":{"@id":"https:\/\/quantocustaviajar.com\/blog\/feriados-de-2025-dicas-de-onde-passar\/#breadcrumb"},"inLanguage":"pt-BR","potentialAction":[{"@type":"ReadAction","target":["https:\/\/quantocustaviajar.com\/blog\/feriados-de-2025-dicas-de-onde-passar\/"]}]},{"@type":"ImageObject","inLanguage":"pt-BR","@id":"https:\/\/quantocustaviajar.com\/blog\/feriados-de-2025-dicas-de-onde-passar\/#primaryimage","url":"https:\/\/quantocustaviajar.com\/blog\/wp-content\/uploads\/2024\/06\/capivari-square-campos-do-1.jpg","contentUrl":"https:\/\/quantocustaviajar.com\/blog\/wp-content\/uploads\/2024\/06\/capivari-square-campos-do-1.jpg","width":1024,"height":768},{"@type":"BreadcrumbList","@id":"https:\/\/quantocustaviajar.com\/blog\/feriados-de-2025-dicas-de-onde-passar\/#breadcrumb","itemListElement":[{"@type":"ListItem","position":1,"name":"In\u00edcio","item":"https:\/\/quantocustaviajar.com\/blog\/"},{"@type":"ListItem","position":2,"name":"Feriados de 2025: dicas de onde passar"}]},{"@type":"WebSite","@id":"https:\/\/quantocustaviajar.com\/blog\/#website","url":"https:\/\/quantocustaviajar.com\/blog\/","name":"Blog Quanto Custa Viajar","description":"","publisher":{"@id":"https:\/\/quantocustaviajar.com\/blog\/#organization"},"potentialAction":[{"@type":"SearchAction","target":{"@type":"EntryPoint","urlTemplate":"https:\/\/quantocustaviajar.com\/blog\/?s={search_term_string}"},"query-input":{"@type":"PropertyValueSpecification","valueRequired":true,"valueName":"search_term_string"}}],"inLanguage":"pt-BR"},{"@type":"Organization","@id":"https:\/\/quantocustaviajar.com\/blog\/#organization","name":"Quanto Custa Viajar","url":"https:\/\/quantocustaviajar.com\/blog\/","logo":{"@type":"ImageObject","inLanguage":"pt-BR","@id":"https:\/\/quantocustaviajar.com\/blog\/#\/schema\/logo\/image\/","url":"","contentUrl":"","caption":"Quanto Custa Viajar"},"image":{"@id":"https:\/\/quantocustaviajar.com\/blog\/#\/schema\/logo\/image\/"},"sameAs":["https:\/\/www.facebook.com\/quantocustaviajar"]},{"@type":"Person","@id":"https:\/\/quantocustaviajar.com\/blog\/#\/schema\/person\/595118451f4120870051de530232399d","name":"Izabella Miranda","image":{"@type":"ImageObject","inLanguage":"pt-BR","@id":"https:\/\/quantocustaviajar.com\/blog\/#\/schema\/person\/image\/","url":"https:\/\/secure.gravatar.com\/avatar\/eb1c9c8ed6c596023f48930e960ff440b8cad6a3beabb6b619d3504ad832c628?s=96&d=mm&r=g","contentUrl":"https:\/\/secure.gravatar.com\/avatar\/eb1c9c8ed6c596023f48930e960ff440b8cad6a3beabb6b619d3504ad832c628?s=96&d=mm&r=g","caption":"Izabella Miranda"},"description":"Jornalista por profiss\u00e3o e planejadora de viagens nas horas vagas.","url":"https:\/\/quantocustaviajar.com\/blog\/author\/izabella\/"}]}},"_links":{"self":[{"href":"https:\/\/quantocustaviajar.com\/blog\/wp-json\/wp\/v2\/posts\/66614","targetHints":{"allow":["GET"]}}],"collection":[{"href":"https:\/\/quantocustaviajar.com\/blog\/wp-json\/wp\/v2\/posts"}],"about":[{"href":"https:\/\/quantocustaviajar.com\/blog\/wp-json\/wp\/v2\/types\/post"}],"author":[{"embeddable":true,"href":"https:\/\/quantocustaviajar.com\/blog\/wp-json\/wp\/v2\/users\/18"}],"replies":[{"embeddable":true,"href":"https:\/\/quantocustaviajar.com\/blog\/wp-json\/wp\/v2\/comments?post=66614"}],"version-history":[{"count":56,"href":"https:\/\/quantocustaviajar.com\/blog\/wp-json\/wp\/v2\/posts\/66614\/revisions"}],"predecessor-version":[{"id":68006,"href":"https:\/\/quantocustaviajar.com\/blog\/wp-json\/wp\/v2\/posts\/66614\/revisions\/68006"}],"wp:featuredmedia":[{"embeddable":true,"href":"https:\/\/quantocustaviajar.com\/blog\/wp-json\/wp\/v2\/media\/66628"}],"wp:attachment":[{"href":"https:\/\/quantocustaviajar.com\/blog\/wp-json\/wp\/v2\/media?parent=66614"}],"wp:term":[{"taxonomy":"category","embeddable":true,"href":"https:\/\/quantocustaviajar.com\/blog\/wp-json\/wp\/v2\/categories?post=66614"},{"taxonomy":"post_tag","embeddable":true,"href":"https:\/\/quantocustaviajar.com\/blog\/wp-json\/wp\/v2\/tags?post=66614"}],"curies":[{"name":"wp","href":"https:\/\/api.w.org\/{rel}","templated":true}]}}