{"id":66571,"date":"2024-06-21T14:26:57","date_gmt":"2024-06-21T14:26:57","guid":{"rendered":"https:\/\/quantocustaviajar.com\/blog\/?p=66571"},"modified":"2024-06-21T14:26:59","modified_gmt":"2024-06-21T14:26:59","slug":"saiba-como-ir-de-canoas-para-gramado-em-2024","status":"publish","type":"post","link":"https:\/\/quantocustaviajar.com\/blog\/saiba-como-ir-de-canoas-para-gramado-em-2024\/","title":{"rendered":"Saiba como ir de Canoas para Gramado em 2024"},"content":{"rendered":"\n<p>A vida \u00e9 cheia de imprevistos e com as viagens n\u00e3o seriam diferentes, n\u00e3o \u00e9 poss\u00edvel programar uma viagem pensando em todos os \u201ce se isso acontecer\u201d. Definitivamente n\u00e3o dava para imaginar tudo que aconteceria com o <a href=\"https:\/\/quantocustaviajar.com\/blog\/cidades-legais-para-conhecer-no-rio-grande-do-sul\/\">Rio Grande do Sul<\/a>, mas se voc\u00ea tem uma viagem programada e vai conhecer a lind\u00edssima cidade de Gramado, \u00e9 hora de descobrir <strong>como ir de Canoas para Gramado<\/strong>, j\u00e1 que o aeroporto de Porto Alegre n\u00e3o est\u00e1 funcionando e s\u00f3 deve voltar \u00e0 ativa em dezembro deste ano.<\/p>\n\n\n\n<p>Ent\u00e3o se voc\u00ea tem uma viagem programada para Gramado antes dessa data, \u00e9 essencial saber <strong>como ir de Canoas para Gramado <\/strong>j\u00e1 que agora os voos est\u00e3o sendo redirecionados para l\u00e1.<\/p>\n\n\n\n<p><strong><a href=\"https:\/\/www.turismocity.com.br\/?utm_source=qcv&amp;utm_medium=blog\" target=\"_blank\" rel=\"noreferrer noopener\">Pesquise aqui sua passagem a\u00e9rea para o Rio Grande do Sul!<\/a><\/strong><\/p>\n\n\n\n<figure class=\"wp-block-image aligncenter size-full\"><img loading=\"lazy\" decoding=\"async\" width=\"800\" height=\"600\" src=\"https:\/\/quantocustaviajar.com\/blog\/wp-content\/uploads\/2024\/06\/2541060459_1894be6c72_c.jpg\" alt=\"como ir de Canoas para Gramado\" class=\"wp-image-66576\" srcset=\"https:\/\/quantocustaviajar.com\/blog\/wp-content\/uploads\/2024\/06\/2541060459_1894be6c72_c.jpg 800w, https:\/\/quantocustaviajar.com\/blog\/wp-content\/uploads\/2024\/06\/2541060459_1894be6c72_c-300x225.jpg 300w, https:\/\/quantocustaviajar.com\/blog\/wp-content\/uploads\/2024\/06\/2541060459_1894be6c72_c-768x576.jpg 768w\" sizes=\"auto, (max-width: 800px) 100vw, 800px\" \/><figcaption>Foto: <a previewlistener=\"true\" href=\"https:\/\/www.flickr.com\/photos\/geoglauco\/\" target=\"_blank\" rel=\"noreferrer noopener\">Glauco Umbelino<\/a> no Flickr<\/figcaption><\/figure>\n\n\n\n<p>No final de maio, a Ag\u00eancia Nacional de Avia\u00e7\u00e3o Civil (Anac) liberou a opera\u00e7\u00e3o de voos comerciais na Base A\u00e9rea de Canoas (RS), localizada a apenas 10 km do Aeroporto Salgado Filho, de Porto Alegre, que foi fortemente atingido pelas enchentes.<\/p>\n\n\n\n<p>Assim, os viajantes com viagem marcada para Gramado v\u00e3o descer nesta base em Canoas e seguir sua viagem de 92 km em trecho terrestre.<\/p>\n\n\n\n<h2 class=\"wp-block-heading\">Como ir de Canoas para Gramado<\/h2>\n\n\n\n<p>O viajante ter\u00e1 algumas op\u00e7\u00f5es para escolher <strong>como ir de Canoas para Gramado<\/strong>. A primeira op\u00e7\u00e3o \u00e9 de carro, para quem quiser <a href=\"https:\/\/www.turismocity.com.br\/carros\" target=\"_blank\" rel=\"noreferrer noopener\">alugar um ve\u00edculo<\/a>, pode realizar a viagem de cerca de 2 horas pela via BR-116 e VRS-873.<\/p>\n\n\n\n<p>Tamb\u00e9m \u00e9 poss\u00edvel realizar o trecho de Uber ou T\u00e1xi, com pre\u00e7os que oscilam em torno de R$ 200 por trecho.<\/p>\n\n\n\n<figure class=\"wp-block-image aligncenter size-large\"><img loading=\"lazy\" decoding=\"async\" width=\"1024\" height=\"682\" src=\"https:\/\/quantocustaviajar.com\/blog\/wp-content\/uploads\/2024\/06\/highway-2909336_1280-1024x682.jpg\" alt=\"como ir de Canoas para Gramado\" class=\"wp-image-66578\" srcset=\"https:\/\/quantocustaviajar.com\/blog\/wp-content\/uploads\/2024\/06\/highway-2909336_1280-1024x682.jpg 1024w, https:\/\/quantocustaviajar.com\/blog\/wp-content\/uploads\/2024\/06\/highway-2909336_1280-300x200.jpg 300w, https:\/\/quantocustaviajar.com\/blog\/wp-content\/uploads\/2024\/06\/highway-2909336_1280-768x512.jpg 768w, https:\/\/quantocustaviajar.com\/blog\/wp-content\/uploads\/2024\/06\/highway-2909336_1280.jpg 1280w\" sizes=\"auto, (max-width: 1024px) 100vw, 1024px\" \/><figcaption>Foto: <a href=\"https:\/\/pixabay.com\/pt\/photos\/auto-estrada-tr%C3%A1fego-alemanha-ruas-2909336\/\" target=\"_blank\" rel=\"noreferrer noopener\">Pixabay<\/a><\/figcaption><\/figure>\n\n\n\n<p>Outra op\u00e7\u00e3o que vale verificar especialmente se estiver em um grupo de pessoas \u00e9 fechar um transfer, privativo ou compartilhado. V\u00e1rias empresas locais j\u00e1 oferecem o servi\u00e7o, por cerca de R$ 260 para at\u00e9 duas pessoas, R$ 280 para tr\u00eas pessoas ou R$ 300 para quatro pessoas. Esse valor \u00e9 por trecho. Algumas empresas ainda cobram adicional se o transfer for de madrugada ou se tiver muitas malas.<\/p>\n\n\n\n<p>A op\u00e7\u00e3o mais econ\u00f4mica de <strong>como ir de Canoas para Gramado <\/strong>\u00e9 pela Esta\u00e7\u00e3o Fenac, uma das esta\u00e7\u00f5es do Metr\u00f4 situada em Novo Hamburgo. Na ida, o viajante deve pegar o metr\u00f4 na esta\u00e7\u00e3o em Canoas, que vai at\u00e9 Novo Hamburgo, descer e pegar um \u00f4nibus pela via\u00e7\u00e3o Citral, que chega at\u00e9 Gramado. A viagem total dura cerca de 4h30.<\/p>\n\n\n\n<p>Outra op\u00e7\u00e3o mais pr\u00e1tica e r\u00e1pida de <strong>como ir de Canoas para Gramado<\/strong> \u00e9 <a href=\"https:\/\/www.turismocity.com.br\/onibus\" target=\"_blank\" rel=\"noreferrer noopener\">ir de \u00f4nibus<\/a> direto oferecido pela Via\u00e7\u00e3o Citral, que oferece a viagem diariamente em dois hor\u00e1rios e custa aproximadamente R$ 75 por pessoa. Nessa op\u00e7\u00e3o, o \u00f4nibus tamb\u00e9m sai do ParkShopping Canoas e a viagem dura cerca de 2h45. \u00c9 a op\u00e7\u00e3o mais barata em compara\u00e7\u00e3o ao carro, transfer e Uber (dependendo de quantas pessoas estiverem com voc\u00ea, claro), s\u00f3 perdendo na economia para a op\u00e7\u00e3o que inclui o metr\u00f4.<\/p>\n\n\n\n<figure class=\"wp-block-image aligncenter size-large\"><img loading=\"lazy\" decoding=\"async\" width=\"1024\" height=\"575\" src=\"https:\/\/quantocustaviajar.com\/blog\/wp-content\/uploads\/2024\/06\/parkshoppingcanoas_cover-1024x575.jpeg\" alt=\"\" class=\"wp-image-66574\" srcset=\"https:\/\/quantocustaviajar.com\/blog\/wp-content\/uploads\/2024\/06\/parkshoppingcanoas_cover-1024x575.jpeg 1024w, https:\/\/quantocustaviajar.com\/blog\/wp-content\/uploads\/2024\/06\/parkshoppingcanoas_cover-300x169.jpeg 300w, https:\/\/quantocustaviajar.com\/blog\/wp-content\/uploads\/2024\/06\/parkshoppingcanoas_cover-768x432.jpeg 768w, https:\/\/quantocustaviajar.com\/blog\/wp-content\/uploads\/2024\/06\/parkshoppingcanoas_cover-1536x863.jpeg 1536w, https:\/\/quantocustaviajar.com\/blog\/wp-content\/uploads\/2024\/06\/parkshoppingcanoas_cover.jpeg 1920w\" sizes=\"auto, (max-width: 1024px) 100vw, 1024px\" \/><figcaption>Foto: reprodu\u00e7\u00e3o <a href=\"https:\/\/br.linkedin.com\/company\/parkshoppingcanoas\" target=\"_blank\" rel=\"noreferrer noopener\">LinkedIn ParkShopping Canoas<\/a><\/figcaption><\/figure>\n\n\n\n<p>As sa\u00eddas de Canoas para Gramado acontecem \u00e0s 11h, com previs\u00e3o de chegada \u00e0s 13h10, e depois \u00e0s 15h, com desembarque na cidade por volta das 17h.<\/p>\n\n\n\n<p>Ainda h\u00e1 op\u00e7\u00e3o de descer em Canela, para quem tem viagem programada para l\u00e1.<\/p>\n\n\n\n<h2 class=\"wp-block-heading\">E na volta?<\/h2>\n\n\n\n<p>Na volta de Gramado para Canoas, o viajante tamb\u00e9m pegar\u00e1 seu avi\u00e3o na base de Canoas e deve fazer o check in do seu voo no ParkShopping Canoas.<\/p>\n\n\n\n<p>Para n\u00e3o parar o atendimento, as companhias a\u00e9reas fizeram stands de atendimento dentro do shopping, onde \u00e9 necess\u00e1rio se apresentar tr\u00eas horas antes do voo, com embarque encerrado 1h30 antes do voo. Atente-se aos hor\u00e1rios para n\u00e3o perder seu voo! Os hor\u00e1rios foram levemente modificados das regras tradicionais por ter um deslocamento entre o shopping e a base de onde saem os voos.<\/p>\n\n\n\n<p>As cias a\u00e9reas organizaram transporte via \u00f4nibus do shopping at\u00e9 a Base A\u00e9rea de Canoas para realizar o embarque. A dist\u00e2ncia \u00e9 curta, de cerca de 3 km.<\/p>\n\n\n\n<p>Da base, os viajantes embarcam nas aeronaves para seus destinos finais.<\/p>\n\n\n\n<p>Dependendo da forma que voc\u00ea escolher de <strong>como ir de Canoas para Gramado <\/strong>e voltar, considere o hor\u00e1rio do seu voo, que horas deve chegar no shopping para o check in e avalie qual modalidade melhor atende os hor\u00e1rios para voc\u00ea n\u00e3o perder o voo. \u00c0s vezes o transporte da volta pode n\u00e3o ser o mesmo da ida, se n\u00e3o atender os hor\u00e1rios.<\/p>\n\n\n\n<p>Assim, na volta, voc\u00ea pode optar tamb\u00e9m pelo transfer, t\u00e1xi, Uber e carro caso tenha alugado. Tamb\u00e9m \u00e9 poss\u00edvel voltar no \u00f4nibus direto da Citral, que sai de Gramado em dire\u00e7\u00e3o ao ParkShopping Canoas \u00e0s 6h15 e 10h30.<\/p>\n\n\n\n<p>Partiu Gramado? Confira aqui uma sele\u00e7\u00e3o de <strong><a href=\"https:\/\/quantocustaviajar.com\/blog\/hospedagem-barata-em-gramado\/\" target=\"_blank\" rel=\"noreferrer noopener\">hospedagem barata em Gramado<\/a><\/strong>.<\/p>\n","protected":false},"excerpt":{"rendered":"<p>A vida \u00e9 cheia de imprevistos e com as viagens n\u00e3o seriam diferentes, n\u00e3o \u00e9 poss\u00edvel programar uma viagem pensando em todos os \u201ce se isso acontecer\u201d. Definitivamente n\u00e3o dava para imaginar tudo que aconteceria com o Rio Grande do Sul, mas se voc\u00ea tem uma viagem programada e vai conhecer a lind\u00edssima cidade de [&hellip;]<\/p>\n","protected":false},"author":18,"featured_media":66578,"comment_status":"open","ping_status":"open","sticky":false,"template":"","format":"standard","meta":{"cybocfi_hide_featured_image":"","footnotes":""},"categories":[1438],"tags":[266,4729,77,4730,4732,4731,4735,4734,16],"class_list":["post-66571","post","type-post","status-publish","format-standard","has-post-thumbnail","hentry","category-dicas-praticas","tag-brasil","tag-como-ir-de-canoas-para-gramado","tag-dicas","tag-dicas-de-como-ir-de-canoas-para-gramado","tag-onibus-como-ir-de-canoas-para-gramado","tag-saiba-como-como-ir-de-canoas-para-gramado","tag-trajeto-canoas-para-gramado","tag-transfer-como-ir-de-canoas-para-gramado","tag-viagem"],"blocksy_meta":[],"yoast_head":"<!-- This site is optimized with the Yoast SEO plugin v26.3 - https:\/\/yoast.com\/wordpress\/plugins\/seo\/ -->\n<title>Como ir de Canoas para Gramado em 2024<\/title>\n<meta name=\"description\" content=\"Confira como ir de Canoas para Gramado, quantas horas demora a viagem, qual via\u00e7\u00e3o faz o caminho e evite problemas na sua viagem!\" \/>\n<meta name=\"robots\" content=\"index, follow, max-snippet:-1, max-image-preview:large, max-video-preview:-1\" \/>\n<link rel=\"canonical\" href=\"https:\/\/quantocustaviajar.com\/blog\/saiba-como-ir-de-canoas-para-gramado-em-2024\/\" \/>\n<meta property=\"og:locale\" content=\"pt_BR\" \/>\n<meta property=\"og:type\" content=\"article\" \/>\n<meta property=\"og:title\" content=\"Como ir de Canoas para Gramado em 2024\" \/>\n<meta property=\"og:description\" content=\"Confira como ir de Canoas para Gramado, quantas horas demora a viagem, qual via\u00e7\u00e3o faz o caminho e evite problemas na sua viagem!\" \/>\n<meta property=\"og:url\" content=\"https:\/\/quantocustaviajar.com\/blog\/saiba-como-ir-de-canoas-para-gramado-em-2024\/\" \/>\n<meta property=\"og:site_name\" content=\"Blog Quanto Custa Viajar\" \/>\n<meta property=\"article:publisher\" content=\"https:\/\/www.facebook.com\/quantocustaviajar\" \/>\n<meta property=\"article:published_time\" content=\"2024-06-21T14:26:57+00:00\" \/>\n<meta property=\"article:modified_time\" content=\"2024-06-21T14:26:59+00:00\" \/>\n<meta property=\"og:image\" content=\"https:\/\/quantocustaviajar.com\/blog\/wp-content\/uploads\/2024\/06\/highway-2909336_1280.jpg\" \/>\n\t<meta property=\"og:image:width\" content=\"1280\" \/>\n\t<meta property=\"og:image:height\" content=\"853\" \/>\n\t<meta property=\"og:image:type\" content=\"image\/jpeg\" \/>\n<meta name=\"author\" content=\"Izabella Miranda\" \/>\n<meta name=\"twitter:card\" content=\"summary_large_image\" \/>\n<meta name=\"twitter:label1\" content=\"Escrito por\" \/>\n\t<meta name=\"twitter:data1\" content=\"Izabella Miranda\" \/>\n\t<meta name=\"twitter:label2\" content=\"Est. tempo de leitura\" \/>\n\t<meta name=\"twitter:data2\" content=\"5 minutos\" \/>\n<!-- \/ Yoast SEO plugin. -->","yoast_head_json":{"title":"Como ir de Canoas para Gramado em 2024","description":"Confira como ir de Canoas para Gramado, quantas horas demora a viagem, qual via\u00e7\u00e3o faz o caminho e evite problemas na sua viagem!","robots":{"index":"index","follow":"follow","max-snippet":"max-snippet:-1","max-image-preview":"max-image-preview:large","max-video-preview":"max-video-preview:-1"},"canonical":"https:\/\/quantocustaviajar.com\/blog\/saiba-como-ir-de-canoas-para-gramado-em-2024\/","og_locale":"pt_BR","og_type":"article","og_title":"Como ir de Canoas para Gramado em 2024","og_description":"Confira como ir de Canoas para Gramado, quantas horas demora a viagem, qual via\u00e7\u00e3o faz o caminho e evite problemas na sua viagem!","og_url":"https:\/\/quantocustaviajar.com\/blog\/saiba-como-ir-de-canoas-para-gramado-em-2024\/","og_site_name":"Blog Quanto Custa Viajar","article_publisher":"https:\/\/www.facebook.com\/quantocustaviajar","article_published_time":"2024-06-21T14:26:57+00:00","article_modified_time":"2024-06-21T14:26:59+00:00","og_image":[{"width":1280,"height":853,"url":"https:\/\/quantocustaviajar.com\/blog\/wp-content\/uploads\/2024\/06\/highway-2909336_1280.jpg","type":"image\/jpeg"}],"author":"Izabella Miranda","twitter_card":"summary_large_image","twitter_misc":{"Escrito por":"Izabella Miranda","Est. tempo de leitura":"5 minutos"},"schema":{"@context":"https:\/\/schema.org","@graph":[{"@type":["Article","BlogPosting"],"@id":"https:\/\/quantocustaviajar.com\/blog\/saiba-como-ir-de-canoas-para-gramado-em-2024\/#article","isPartOf":{"@id":"https:\/\/quantocustaviajar.com\/blog\/saiba-como-ir-de-canoas-para-gramado-em-2024\/"},"author":{"name":"Izabella Miranda","@id":"https:\/\/quantocustaviajar.com\/blog\/#\/schema\/person\/595118451f4120870051de530232399d"},"headline":"Saiba como ir de Canoas para Gramado em 2024","datePublished":"2024-06-21T14:26:57+00:00","dateModified":"2024-06-21T14:26:59+00:00","mainEntityOfPage":{"@id":"https:\/\/quantocustaviajar.com\/blog\/saiba-como-ir-de-canoas-para-gramado-em-2024\/"},"wordCount":822,"commentCount":0,"publisher":{"@id":"https:\/\/quantocustaviajar.com\/blog\/#organization"},"image":{"@id":"https:\/\/quantocustaviajar.com\/blog\/saiba-como-ir-de-canoas-para-gramado-em-2024\/#primaryimage"},"thumbnailUrl":"https:\/\/quantocustaviajar.com\/blog\/wp-content\/uploads\/2024\/06\/highway-2909336_1280.jpg","keywords":["Brasil","como ir de Canoas para Gramado","dicas","dicas de como ir de Canoas para Gramado","onibus como ir de Canoas para Gramado","saiba como como ir de Canoas para Gramado","trajeto canoas para gramado","transfer como ir de Canoas para Gramado","viagem"],"articleSection":["Dicas pr\u00e1ticas"],"inLanguage":"pt-BR","potentialAction":[{"@type":"CommentAction","name":"Comment","target":["https:\/\/quantocustaviajar.com\/blog\/saiba-como-ir-de-canoas-para-gramado-em-2024\/#respond"]}]},{"@type":"WebPage","@id":"https:\/\/quantocustaviajar.com\/blog\/saiba-como-ir-de-canoas-para-gramado-em-2024\/","url":"https:\/\/quantocustaviajar.com\/blog\/saiba-como-ir-de-canoas-para-gramado-em-2024\/","name":"Como ir de Canoas para Gramado em 2024","isPartOf":{"@id":"https:\/\/quantocustaviajar.com\/blog\/#website"},"primaryImageOfPage":{"@id":"https:\/\/quantocustaviajar.com\/blog\/saiba-como-ir-de-canoas-para-gramado-em-2024\/#primaryimage"},"image":{"@id":"https:\/\/quantocustaviajar.com\/blog\/saiba-como-ir-de-canoas-para-gramado-em-2024\/#primaryimage"},"thumbnailUrl":"https:\/\/quantocustaviajar.com\/blog\/wp-content\/uploads\/2024\/06\/highway-2909336_1280.jpg","datePublished":"2024-06-21T14:26:57+00:00","dateModified":"2024-06-21T14:26:59+00:00","description":"Confira como ir de Canoas para Gramado, quantas horas demora a viagem, qual via\u00e7\u00e3o faz o caminho e evite problemas na sua viagem!","breadcrumb":{"@id":"https:\/\/quantocustaviajar.com\/blog\/saiba-como-ir-de-canoas-para-gramado-em-2024\/#breadcrumb"},"inLanguage":"pt-BR","potentialAction":[{"@type":"ReadAction","target":["https:\/\/quantocustaviajar.com\/blog\/saiba-como-ir-de-canoas-para-gramado-em-2024\/"]}]},{"@type":"ImageObject","inLanguage":"pt-BR","@id":"https:\/\/quantocustaviajar.com\/blog\/saiba-como-ir-de-canoas-para-gramado-em-2024\/#primaryimage","url":"https:\/\/quantocustaviajar.com\/blog\/wp-content\/uploads\/2024\/06\/highway-2909336_1280.jpg","contentUrl":"https:\/\/quantocustaviajar.com\/blog\/wp-content\/uploads\/2024\/06\/highway-2909336_1280.jpg","width":1280,"height":853},{"@type":"BreadcrumbList","@id":"https:\/\/quantocustaviajar.com\/blog\/saiba-como-ir-de-canoas-para-gramado-em-2024\/#breadcrumb","itemListElement":[{"@type":"ListItem","position":1,"name":"In\u00edcio","item":"https:\/\/quantocustaviajar.com\/blog\/"},{"@type":"ListItem","position":2,"name":"Saiba como ir de Canoas para Gramado em 2024"}]},{"@type":"WebSite","@id":"https:\/\/quantocustaviajar.com\/blog\/#website","url":"https:\/\/quantocustaviajar.com\/blog\/","name":"Blog Quanto Custa Viajar","description":"","publisher":{"@id":"https:\/\/quantocustaviajar.com\/blog\/#organization"},"potentialAction":[{"@type":"SearchAction","target":{"@type":"EntryPoint","urlTemplate":"https:\/\/quantocustaviajar.com\/blog\/?s={search_term_string}"},"query-input":{"@type":"PropertyValueSpecification","valueRequired":true,"valueName":"search_term_string"}}],"inLanguage":"pt-BR"},{"@type":"Organization","@id":"https:\/\/quantocustaviajar.com\/blog\/#organization","name":"Quanto Custa Viajar","url":"https:\/\/quantocustaviajar.com\/blog\/","logo":{"@type":"ImageObject","inLanguage":"pt-BR","@id":"https:\/\/quantocustaviajar.com\/blog\/#\/schema\/logo\/image\/","url":"","contentUrl":"","caption":"Quanto Custa Viajar"},"image":{"@id":"https:\/\/quantocustaviajar.com\/blog\/#\/schema\/logo\/image\/"},"sameAs":["https:\/\/www.facebook.com\/quantocustaviajar"]},{"@type":"Person","@id":"https:\/\/quantocustaviajar.com\/blog\/#\/schema\/person\/595118451f4120870051de530232399d","name":"Izabella Miranda","image":{"@type":"ImageObject","inLanguage":"pt-BR","@id":"https:\/\/quantocustaviajar.com\/blog\/#\/schema\/person\/image\/","url":"https:\/\/secure.gravatar.com\/avatar\/eb1c9c8ed6c596023f48930e960ff440b8cad6a3beabb6b619d3504ad832c628?s=96&d=mm&r=g","contentUrl":"https:\/\/secure.gravatar.com\/avatar\/eb1c9c8ed6c596023f48930e960ff440b8cad6a3beabb6b619d3504ad832c628?s=96&d=mm&r=g","caption":"Izabella Miranda"},"description":"Jornalista por profiss\u00e3o e planejadora de viagens nas horas vagas.","url":"https:\/\/quantocustaviajar.com\/blog\/author\/izabella\/"}]}},"_links":{"self":[{"href":"https:\/\/quantocustaviajar.com\/blog\/wp-json\/wp\/v2\/posts\/66571","targetHints":{"allow":["GET"]}}],"collection":[{"href":"https:\/\/quantocustaviajar.com\/blog\/wp-json\/wp\/v2\/posts"}],"about":[{"href":"https:\/\/quantocustaviajar.com\/blog\/wp-json\/wp\/v2\/types\/post"}],"author":[{"embeddable":true,"href":"https:\/\/quantocustaviajar.com\/blog\/wp-json\/wp\/v2\/users\/18"}],"replies":[{"embeddable":true,"href":"https:\/\/quantocustaviajar.com\/blog\/wp-json\/wp\/v2\/comments?post=66571"}],"version-history":[{"count":6,"href":"https:\/\/quantocustaviajar.com\/blog\/wp-json\/wp\/v2\/posts\/66571\/revisions"}],"predecessor-version":[{"id":66795,"href":"https:\/\/quantocustaviajar.com\/blog\/wp-json\/wp\/v2\/posts\/66571\/revisions\/66795"}],"wp:featuredmedia":[{"embeddable":true,"href":"https:\/\/quantocustaviajar.com\/blog\/wp-json\/wp\/v2\/media\/66578"}],"wp:attachment":[{"href":"https:\/\/quantocustaviajar.com\/blog\/wp-json\/wp\/v2\/media?parent=66571"}],"wp:term":[{"taxonomy":"category","embeddable":true,"href":"https:\/\/quantocustaviajar.com\/blog\/wp-json\/wp\/v2\/categories?post=66571"},{"taxonomy":"post_tag","embeddable":true,"href":"https:\/\/quantocustaviajar.com\/blog\/wp-json\/wp\/v2\/tags?post=66571"}],"curies":[{"name":"wp","href":"https:\/\/api.w.org\/{rel}","templated":true}]}}