{"id":66484,"date":"2025-06-27T19:21:00","date_gmt":"2025-06-27T19:21:00","guid":{"rendered":"https:\/\/quantocustaviajar.com\/blog\/?p=66484"},"modified":"2025-09-01T17:16:15","modified_gmt":"2025-09-01T17:16:15","slug":"praias-perto-de-salvador","status":"publish","type":"post","link":"https:\/\/quantocustaviajar.com\/blog\/praias-perto-de-salvador\/","title":{"rendered":"Descubra as melhores praias perto de Salvador e conhe\u00e7a o melhor da regi\u00e3o baiana"},"content":{"rendered":"\n<p>A cidade de Salvador, capital da Bahia, \u00e9 um belo resumo do que \u00e9 o estado: povo animad\u00edssimo e receptivo, comida boa, praias lindas, agito, natureza e mais. E assim voc\u00ea pode acabar pensando: n\u00e3o tem como ficar melhor que isso! Melhor talvez n\u00e3o, mas existem outras <strong>praias perto de Salvador<\/strong> t\u00e3o incr\u00edveis quanto \u2013 ou melhores, mas a\u00ed cabe a voc\u00ea vivenciar isso, decidir e nos contar depois nos coment\u00e1rios!<\/p><div id=\"ez-toc-container\" class=\"ez-toc-v2_0_76 ez-toc-wrap-left counter-hierarchy ez-toc-counter ez-toc-light-blue ez-toc-container-direction\">\n<div class=\"ez-toc-title-container\">\n<p class=\"ez-toc-title\" style=\"cursor:inherit\">Aqui voc\u00ea ir\u00e1 encontrar<\/p>\n<span class=\"ez-toc-title-toggle\"><a href=\"#\" class=\"ez-toc-pull-right ez-toc-btn ez-toc-btn-xs ez-toc-btn-default ez-toc-toggle\" aria-label=\"Alternar tabela de conte\u00fado\"><span class=\"ez-toc-js-icon-con\"><span class=\"\"><span class=\"eztoc-hide\" style=\"display:none;\">Toggle<\/span><span class=\"ez-toc-icon-toggle-span\"><svg style=\"fill: #999;color:#999\" xmlns=\"http:\/\/www.w3.org\/2000\/svg\" class=\"list-377408\" width=\"20px\" height=\"20px\" viewBox=\"0 0 24 24\" fill=\"none\"><path d=\"M6 6H4v2h2V6zm14 0H8v2h12V6zM4 11h2v2H4v-2zm16 0H8v2h12v-2zM4 16h2v2H4v-2zm16 0H8v2h12v-2z\" fill=\"currentColor\"><\/path><\/svg><svg style=\"fill: #999;color:#999\" class=\"arrow-unsorted-368013\" xmlns=\"http:\/\/www.w3.org\/2000\/svg\" width=\"10px\" height=\"10px\" viewBox=\"0 0 24 24\" version=\"1.2\" baseProfile=\"tiny\"><path d=\"M18.2 9.3l-6.2-6.3-6.2 6.3c-.2.2-.3.4-.3.7s.1.5.3.7c.2.2.4.3.7.3h11c.3 0 .5-.1.7-.3.2-.2.3-.5.3-.7s-.1-.5-.3-.7zM5.8 14.7l6.2 6.3 6.2-6.3c.2-.2.3-.5.3-.7s-.1-.5-.3-.7c-.2-.2-.4-.3-.7-.3h-11c-.3 0-.5.1-.7.3-.2.2-.3.5-.3.7s.1.5.3.7z\"\/><\/svg><\/span><\/span><\/span><\/a><\/span><\/div>\n<nav><ul class='ez-toc-list ez-toc-list-level-1 ' ><li class='ez-toc-page-1 ez-toc-heading-level-2'><a class=\"ez-toc-link ez-toc-heading-1\" href=\"https:\/\/quantocustaviajar.com\/blog\/praias-perto-de-salvador\/#Melhores_praias_perto_de_Salvador_para_voce_conhecer\" >Melhores praias perto de Salvador para voc\u00ea conhecer<\/a><ul class='ez-toc-list-level-3' ><li class='ez-toc-heading-level-3'><a class=\"ez-toc-link ez-toc-heading-2\" href=\"https:\/\/quantocustaviajar.com\/blog\/praias-perto-de-salvador\/#Praia_do_Forte\" >Praia do Forte<\/a><\/li><li class='ez-toc-page-1 ez-toc-heading-level-3'><a class=\"ez-toc-link ez-toc-heading-3\" href=\"https:\/\/quantocustaviajar.com\/blog\/praias-perto-de-salvador\/#Guarajuba\" >Guarajuba<\/a><\/li><li class='ez-toc-page-1 ez-toc-heading-level-3'><a class=\"ez-toc-link ez-toc-heading-4\" href=\"https:\/\/quantocustaviajar.com\/blog\/praias-perto-de-salvador\/#Praia_de_Imbassai\" >Praia de Imbassa\u00ed<\/a><\/li><li class='ez-toc-page-1 ez-toc-heading-level-3'><a class=\"ez-toc-link ez-toc-heading-5\" href=\"https:\/\/quantocustaviajar.com\/blog\/praias-perto-de-salvador\/#Praia_do_Sauipe\" >Praia do Sau\u00edpe<\/a><\/li><li class='ez-toc-page-1 ez-toc-heading-level-3'><a class=\"ez-toc-link ez-toc-heading-6\" href=\"https:\/\/quantocustaviajar.com\/blog\/praias-perto-de-salvador\/#Praia_de_Arembepe\" >Praia de Arembepe<\/a><\/li><li class='ez-toc-page-1 ez-toc-heading-level-3'><a class=\"ez-toc-link ez-toc-heading-7\" href=\"https:\/\/quantocustaviajar.com\/blog\/praias-perto-de-salvador\/#Praia_de_Itacimirim\" >Praia de Itacimirim<\/a><\/li><\/ul><\/li><\/ul><\/nav><\/div>\n\n\n\n\n<pre class=\"wp-block-preformatted has-background\" style=\"background-color:#cfd8e1\"><strong>Comece a planejar sua viagem aqui!<\/strong>\n<a href=\"https:\/\/www.turismocity.com.br\/?utm_source=qcv&amp;utm_medium=blog\" target=\"_blank\" rel=\"noreferrer noopener\">Encontre sua passagem a\u00e9rea barata\n<\/a><a href=\"https:\/\/www.booking.com\/index.pt-br.html?aid=2161834\" target=\"_blank\" rel=\"noreferrer noopener\">E pesquise a hospedagem perfeita com o seu or\u00e7amento<\/a><\/pre>\n\n\n\n<p>O estado e as <strong>praias perto de Salvador <\/strong>tamb\u00e9m s\u00e3o agraciadas com uma paisagem surreal, mar com \u00e1gua quente, longas faixas de areia e \u00f3tima infraestrutura para receber o viajante.<\/p>\n\n\n\n<p>Assim, se voc\u00ea pretende conhecer a capital baiana e quer explorar outras <strong>praias perto de Salvador, <\/strong>confira nossas dicas abaixo e bora cair na estrada!<\/p>\n\n\n\n<p><strong>| <\/strong><a href=\"https:\/\/www.turismocity.com.br\/passagens-aereas-para-SSA-Salvador?utm_source=qcv&amp;utm_medium=blog\" target=\"_blank\" rel=\"noreferrer noopener\"><strong>Veja aqui op\u00e7\u00f5es e valores de passagens a\u00e9reas saindo de todo o Brasil<\/strong><\/a><\/p>\n\n\n\n<h2 class=\"wp-block-heading\"><span class=\"ez-toc-section\" id=\"Melhores_praias_perto_de_Salvador_para_voce_conhecer\"><\/span>Melhores praias perto de Salvador para voc\u00ea conhecer<span class=\"ez-toc-section-end\"><\/span><\/h2>\n\n\n\n<h3 class=\"wp-block-heading\"><span class=\"ez-toc-section\" id=\"Praia_do_Forte\"><\/span>Praia do Forte<span class=\"ez-toc-section-end\"><\/span><\/h3>\n\n\n\n<figure class=\"wp-block-image aligncenter size-full\"><img loading=\"lazy\" decoding=\"async\" width=\"1024\" height=\"682\" src=\"https:\/\/quantocustaviajar.com\/blog\/wp-content\/uploads\/2024\/06\/iberostar.jpg\" alt=\"praias perto de Salvador\" class=\"wp-image-66488\" srcset=\"https:\/\/quantocustaviajar.com\/blog\/wp-content\/uploads\/2024\/06\/iberostar.jpg 1024w, https:\/\/quantocustaviajar.com\/blog\/wp-content\/uploads\/2024\/06\/iberostar-300x200.jpg 300w, https:\/\/quantocustaviajar.com\/blog\/wp-content\/uploads\/2024\/06\/iberostar-768x512.jpg 768w\" sizes=\"auto, (max-width: 1024px) 100vw, 1024px\" \/><figcaption class=\"wp-element-caption\">Iberostar Selection na Praia do Forte\/Foto: <a href=\"https:\/\/www.booking.com\/hotel\/br\/iberostar-praia-do-forte.pt-br.html?aid=2161834&amp;sid=4e2afe4d082ee710806b9740398f3494&amp;all_sr_blocks=28920984_203769332_2_85_0;checkin=2024-10-05;checkout=2024-10-12;dest_id=900040140;dest_type=city;dist=0;group_adults=2;group_children=0;hapos=2;highlighted_blocks=28920984_203769332_2_85_0;hpos=2;matching_block_id=28920984_203769332_2_85_0;no_rooms=1;req_adults=2;req_children=0;room1=A%2CA;sb_price_type=total;sr_order=popularity;sr_pri_blocks=28920984_203769332_2_85_0__1247426;srepoch=1717688017;srpvid=e5886d5e8bd40393;type=total;ucfs=1&amp;#hotelTmpl\" target=\"_blank\" rel=\"noreferrer noopener\">Booking<\/a><\/figcaption><\/figure>\n\n\n\n<p>Uma das mais procuradas, mais famosas e mais bonitas <strong>praias perto de Salvador <\/strong>\u00e9 a <a href=\"https:\/\/quantocustaviajar.com\/blog\/dicas-de-viagem-para-praia-do-forte\/\">Praia do Forte<\/a>, a 80 km de Salvador, conhecida por sua paisagem bem caribenha, com mar de \u00e1guas cristalinas, areia branquinha e coqueiros emoldurando a paisagem.&nbsp;<\/p>\n\n\n\n<p>A Praia do Forte \u00e9 uma das <strong>praias perto de Salvador<\/strong> mais animadas e com boa infraestrutura para quem quer sair da capital mas n\u00e3o quer ir para um lugar muito tranquilo.<\/p>\n\n\n\n<p>Nesta praia, al\u00e9m de claro, curtir a natureza, tomar sol, entrar no mar, nadar e praticar esportes aqu\u00e1ticos, \u00e9 l\u00e1 que fica o famoso e fof\u00edssimo Projeto Tamar, dedicado \u00e0 prote\u00e7\u00e3o \u00e0s tartarugas marinhas e que voc\u00ea n\u00e3o pode perder a chance de fazer uma visita e ver essas fofuras pessoalmente.<\/p>\n\n\n\n<p>Da Praia do Forte ainda \u00e9 poss\u00edvel fazer passeios de barco, como at\u00e9 a <a href=\"https:\/\/quantocustaviajar.com\/blog\/ilha-de-itaparica-na-bahia\/\">Ilha de Itaparica<\/a>. \u00c9 um destino bem animado e tem uma vida noturna bem agitada, com bares e restaurantes na orla.<\/p>\n\n\n\n<p>A regi\u00e3o \u00e9 t\u00e3o privilegiada que hot\u00e9is de grandes redes internacionais fizeram hospedagens na Praia do Forte, onde voc\u00ea consegue encontrar v\u00e1rios resorts all inclusive. Para quem quer investir um pouco menos, a praia re\u00fane pousadas bem aconchegantes e com pre\u00e7os bem mais amig\u00e1veis.<\/p>\n\n\n\n<p>Para quem quer ficar em resorts, vale conferir o&nbsp; <a href=\"https:\/\/www.booking.com\/hotel\/br\/iberostar-bahia.pt-br.html?aid=2161834&amp;sid=4e2afe4d082ee710806b9740398f3494&amp;all_sr_blocks=28964021_123208126_2_85_0;checkin=2024-10-05;checkout=2024-10-12;dest_id=900040140;dest_type=city;dist=0;group_adults=2;group_children=0;hapos=1;highlighted_blocks=28964021_123208126_2_85_0;hpos=1;matching_block_id=28964021_123208126_2_85_0;no_rooms=1;req_adults=2;req_children=0;room1=A%2CA;sb_price_type=total;sr_order=popularity;sr_pri_blocks=28964021_123208126_2_85_0__1127782;srepoch=1717688002;srpvid=e5886d5e8bd40393;type=total;ucfs=1&amp;#hotelTmpl\" target=\"_blank\" rel=\"noreferrer noopener\">Iberostar Bahia &#8211; All Inclusive<\/a> e o <a href=\"https:\/\/www.booking.com\/hotel\/br\/iberostar-praia-do-forte.pt-br.html?aid=2161834&amp;sid=4e2afe4d082ee710806b9740398f3494&amp;all_sr_blocks=28920984_203769332_2_85_0;checkin=2024-10-05;checkout=2024-10-12;dest_id=900040140;dest_type=city;dist=0;group_adults=2;group_children=0;hapos=2;highlighted_blocks=28920984_203769332_2_85_0;hpos=2;matching_block_id=28920984_203769332_2_85_0;no_rooms=1;req_adults=2;req_children=0;room1=A%2CA;sb_price_type=total;sr_order=popularity;sr_pri_blocks=28920984_203769332_2_85_0__1247426;srepoch=1717688017;srpvid=e5886d5e8bd40393;type=total;ucfs=1&amp;#hotelTmpl\" target=\"_blank\" rel=\"noreferrer noopener\">Iberostar Selection Praia do Forte<\/a>. J\u00e1 para pousadas, algumas das op\u00e7\u00f5es mais bem avaliadas s\u00e3o a <a href=\"https:\/\/www.booking.com\/hotel\/br\/pousada-rosa-dos-ventos.pt-br.html?aid=2161834&amp;sid=4e2afe4d082ee710806b9740398f3494&amp;all_sr_blocks=36266519_357923856_2_1_0;checkin=2024-10-05;checkout=2024-10-12;dest_id=900040140;dest_type=city;dist=0;group_adults=2;group_children=0;hapos=5;highlighted_blocks=36266519_357923856_2_1_0;hpos=5;matching_block_id=36266519_357923856_2_1_0;no_rooms=1;req_adults=2;req_children=0;room1=A%2CA;sb_price_type=total;sr_order=popularity;sr_pri_blocks=36266519_357923856_2_1_0__340930;srepoch=1717688089;srpvid=e5886d5e8bd40393;type=total;ucfs=1&amp;#hotelTmpl\" target=\"_blank\" rel=\"noreferrer noopener\">Pousada Rosa dos Ventos<\/a> e <a href=\"https:\/\/www.booking.com\/hotel\/br\/pousada-sobrado-da-vila.pt-br.html?aid=2161834&amp;sid=4e2afe4d082ee710806b9740398f3494&amp;all_sr_blocks=26242003_94371746_2_1_0;checkin=2024-10-05;checkout=2024-10-12;dest_id=900040140;dest_type=city;dist=0;group_adults=2;group_children=0;hapos=4;highlighted_blocks=26242003_94371746_2_1_0;hpos=4;matching_block_id=26242003_94371746_2_1_0;no_rooms=1;req_adults=2;req_children=0;room1=A%2CA;sb_price_type=total;sr_order=popularity;sr_pri_blocks=26242003_94371746_2_1_0__330750;srepoch=1717688148;srpvid=e5886d5e8bd40393;type=total;ucfs=1&amp;#hotelTmpl\" target=\"_blank\" rel=\"noreferrer noopener\">Sobrado da Vila Hotel<\/a>.<\/p>\n\n\n\n<h3 class=\"wp-block-heading\"><span class=\"ez-toc-section\" id=\"Guarajuba\"><\/span>Guarajuba<span class=\"ez-toc-section-end\"><\/span><\/h3>\n\n\n\n<figure class=\"wp-block-image aligncenter size-full\"><img loading=\"lazy\" decoding=\"async\" width=\"1024\" height=\"575\" src=\"https:\/\/quantocustaviajar.com\/blog\/wp-content\/uploads\/2024\/06\/510111566.jpg\" alt=\"praias perto de Salvador\" class=\"wp-image-66490\" srcset=\"https:\/\/quantocustaviajar.com\/blog\/wp-content\/uploads\/2024\/06\/510111566.jpg 1024w, https:\/\/quantocustaviajar.com\/blog\/wp-content\/uploads\/2024\/06\/510111566-300x168.jpg 300w, https:\/\/quantocustaviajar.com\/blog\/wp-content\/uploads\/2024\/06\/510111566-768x431.jpg 768w\" sizes=\"auto, (max-width: 1024px) 100vw, 1024px\" \/><figcaption class=\"wp-element-caption\">Vila Gal\u00e9 Resort Mar\u00e9s\/Foto: <a href=\"https:\/\/www.booking.com\/hotel\/br\/vila-gale-mares-guarajuba-camacari.pt-br.html?sid=4e2afe4d082ee710806b9740398f3494&amp;aid=2161834&amp;ucfs=1&amp;arphpl=1&amp;checkin=2024-10-05&amp;checkout=2024-10-12&amp;group_adults=2&amp;req_adults=2&amp;no_rooms=1&amp;group_children=0&amp;req_children=0&amp;hpos=1&amp;hapos=1&amp;sr_order=distance_from_search&amp;srpvid=55c56ebdad650230&amp;srepoch=1717688699&amp;all_sr_blocks=1193106_344401256_2_85_0&amp;highlighted_blocks=1193106_344401256_2_85_0&amp;matching_block_id=1193106_344401256_2_85_0&amp;sr_pri_blocks=1193106_344401256_2_85_0__1000350&amp;from_sustainable_property_sr=1&amp;from=searchresults#hotelTmpl\" target=\"_blank\" rel=\"noreferrer noopener\">Booking<\/a><\/figcaption><\/figure>\n\n\n\n<p>A Praia de Guarajuba \u00e9 uma das <strong>praias perto de Salvador <\/strong>mais pr\u00f3ximas mesmo da capital, a apenas 60 km de dist\u00e2ncia. A praia conta com bons resorts e \u00e9 muito tranquila mesmo! Essa \u00e9 uma das praias favoritas de fam\u00edlias com crian\u00e7as pequenas, j\u00e1 que a faixa do mar desta praia \u00e9 \u00f3tima para banho.<\/p>\n\n\n\n<p>Com praia e ambiente bem familiar, os viajantes que quiserem estender a estada nessa praia podem procurar hospedagem no excelente all inclusive <a href=\"https:\/\/www.booking.com\/hotel\/br\/vila-gale-mares-guarajuba-camacari.pt-br.html?sid=4e2afe4d082ee710806b9740398f3494&amp;aid=2161834&amp;ucfs=1&amp;arphpl=1&amp;checkin=2024-10-05&amp;checkout=2024-10-12&amp;group_adults=2&amp;req_adults=2&amp;no_rooms=1&amp;group_children=0&amp;req_children=0&amp;hpos=1&amp;hapos=1&amp;sr_order=distance_from_search&amp;srpvid=55c56ebdad650230&amp;srepoch=1717688699&amp;all_sr_blocks=1193106_344401256_2_85_0&amp;highlighted_blocks=1193106_344401256_2_85_0&amp;matching_block_id=1193106_344401256_2_85_0&amp;sr_pri_blocks=1193106_344401256_2_85_0__1000350&amp;from_sustainable_property_sr=1&amp;from=searchresults#hotelTmpl\" target=\"_blank\" rel=\"noreferrer noopener\">Vila Gal\u00e9 Resort Mar\u00e9s<\/a> ou nas \u00f3timas pousadas, como <a href=\"https:\/\/www.booking.com\/hotel\/br\/paraiso-dos-corais-guarajuba12.pt-br.html?aid=2161834&amp;sid=4e2afe4d082ee710806b9740398f3494&amp;all_sr_blocks=831869301_348385037_5_0_0;checkin=2024-10-05;checkout=2024-10-12;dest_id=900040814;dest_type=city;dist=0;group_adults=2;group_children=0;hapos=10;highlighted_blocks=831869301_348385037_5_0_0;hpos=10;matching_block_id=831869301_348385037_5_0_0;no_rooms=1;req_adults=2;req_children=0;room1=A%2CA;sb_price_type=total;sr_order=popularity;sr_pri_blocks=831869301_348385037_5_0_0__560000;srepoch=1717688748;srpvid=ec0d6ece08170127;type=total;ucfs=1&amp;#hotelTmpl\" target=\"_blank\" rel=\"noreferrer noopener\">Para\u00edso dos corais Pe na areia<\/a> e outras dispon\u00edveis <a href=\"https:\/\/www.booking.com\/searchresults.pt-br.html?aid=2161834&amp;sid=4e2afe4d082ee710806b9740398f3494&amp;sb=1&amp;src=hotel&amp;src_elem=sb&amp;error_url=https%3A%2F%2Fwww.booking.com%2Fhotel%2Fbr%2Fvila-gale-mares-guarajuba-camacari.pt-br.html%3Faid%3D2161834%26sid%3D4e2afe4d082ee710806b9740398f3494%26all_sr_blocks%3D1193106_344401256_2_85_0%3Bcheckin%3D2024-10-05%3Bcheckout%3D2024-10-12%3Bdist%3D0%3Bgroup_adults%3D2%3Bgroup_children%3D0%3Bhapos%3D1%3Bhighlighted_blocks%3D1193106_344401256_2_85_0%3Bhpos%3D1%3Bmatching_block_id%3D1193106_344401256_2_85_0%3Bno_rooms%3D1%3Breq_adults%3D2%3Breq_children%3D0%3Broom1%3DA%252CA%3Bsb_price_type%3Dtotal%3Bsr_order%3Ddistance_from_search%3Bsr_pri_blocks%3D1193106_344401256_2_85_0__1000350%3Bsrepoch%3D1717688699%3Bsrpvid%3D55c56ebdad650230%3Btype%3Dtotal%3Bucfs%3D1%26%26&amp;highlighted_hotels=11931&amp;hp_sbox=1&amp;ss=Guarajuba&amp;is_ski_area=0&amp;ssne=Guarajuba&amp;ssne_untouched=Guarajuba&amp;city=900040814&amp;checkin_year=2024&amp;checkin_month=10&amp;checkin_monthday=5&amp;checkout_year=2024&amp;checkout_month=10&amp;checkout_monthday=12&amp;group_adults=2&amp;group_children=0&amp;no_rooms=1&amp;from_sf=1\" target=\"_blank\" rel=\"noreferrer noopener\">aqui<\/a>.<\/p>\n\n\n\n<h3 class=\"wp-block-heading\"><span class=\"ez-toc-section\" id=\"Praia_de_Imbassai\"><\/span>Praia de Imbassa\u00ed<span class=\"ez-toc-section-end\"><\/span><\/h3>\n\n\n\n<figure class=\"wp-block-image aligncenter size-full is-resized\"><img loading=\"lazy\" decoding=\"async\" width=\"1024\" height=\"683\" src=\"https:\/\/quantocustaviajar.com\/blog\/wp-content\/uploads\/2024\/06\/8380486-1.jpg\" alt=\"praias perto de Salvador\" class=\"wp-image-66493\" style=\"width:840px;height:560px\" srcset=\"https:\/\/quantocustaviajar.com\/blog\/wp-content\/uploads\/2024\/06\/8380486-1.jpg 1024w, https:\/\/quantocustaviajar.com\/blog\/wp-content\/uploads\/2024\/06\/8380486-1-300x200.jpg 300w, https:\/\/quantocustaviajar.com\/blog\/wp-content\/uploads\/2024\/06\/8380486-1-768x512.jpg 768w\" sizes=\"auto, (max-width: 1024px) 100vw, 1024px\" \/><figcaption class=\"wp-element-caption\">Grand Palladium Imbassa\u00ed Resort &amp; Spa &#8211; All Inclusive\/Foto: <a href=\"https:\/\/www.booking.com\/hotel\/br\/grand-palladium-imbassai-resort-spa.pt-br.html?aid=2161834&amp;sid=4e2afe4d082ee710806b9740398f3494&amp;all_sr_blocks=27153802_243632085_2_85_0&amp;checkin=2024-10-05&amp;checkout=2024-10-12&amp;dest_id=271538&amp;dest_type=hotel&amp;dist=0&amp;group_adults=2&amp;group_children=0&amp;hapos=1&amp;highlighted_blocks=27153802_243632085_2_85_0&amp;hpos=1&amp;matching_block_id=27153802_243632085_2_85_0&amp;no_rooms=1&amp;req_adults=2&amp;req_children=0&amp;room1=A%2CA&amp;sb_price_type=total&amp;sr_order=popularity&amp;sr_pri_blocks=27153802_243632085_2_85_0__1330957&amp;srepoch=1717689291&amp;srpvid=6e816fe3bb880093&amp;type=total&amp;ucfs=1&amp;activeTab=photosGallery\" target=\"_blank\" rel=\"noreferrer noopener\">Booking<\/a><br><\/figcaption><\/figure>\n\n\n\n<p>Uma das mais belas paisagens e mais belas <strong>praias perto de Salvador<\/strong>, Imbassa\u00ed conquista os viajantes que querem um lugar lindo e tranquilo para curtir uns dias de praia. A apenas 80 km de Salvador,&nbsp; os viajantes podem chegar facilmente no destino de carro pela BA-099 em dire\u00e7\u00e3o ao norte.<\/p>\n\n\n\n<p>Al\u00e9m do mar tranquilo e quente, os viajantes podem aproveitar passeios nas dunas e entre os coqueiros que embelezam a regi\u00e3o.<\/p>\n\n\n\n<p>De quebra, esta praia ainda possui excelente servi\u00e7o hoteleiro, com um dos resorts mais famosos do Brasil, o <a href=\"https:\/\/www.booking.com\/hotel\/br\/grand-palladium-imbassai-resort-spa.pt-br.html?sid=4e2afe4d082ee710806b9740398f3494&amp;aid=2161834&amp;ucfs=1&amp;arphpl=1&amp;checkin=2024-10-05&amp;checkout=2024-10-12&amp;dest_id=271538&amp;dest_type=hotel&amp;group_adults=2&amp;req_adults=2&amp;no_rooms=1&amp;group_children=0&amp;req_children=0&amp;hpos=1&amp;hapos=1&amp;sr_order=popularity&amp;srpvid=6e816fe3bb880093&amp;srepoch=1717689291&amp;all_sr_blocks=27153802_243632085_2_85_0&amp;highlighted_blocks=27153802_243632085_2_85_0&amp;matching_block_id=27153802_243632085_2_85_0&amp;sr_pri_blocks=27153802_243632085_2_85_0__1330957&amp;from_sustainable_property_sr=1&amp;from=searchresults#hotelTmpl\" target=\"_blank\" rel=\"noreferrer noopener\">Grand Palladium Imbassa\u00ed Resort &amp; Spa<\/a> e tamb\u00e9m com pousadas muito bem avaliadas, como a <a href=\"https:\/\/www.booking.com\/hotel\/br\/pousada-capitu.pt-br.html?aid=2161834&amp;sid=4e2afe4d082ee710806b9740398f3494&amp;all_sr_blocks=106032604_88976684_2_9_0;checkin=2024-10-05;checkout=2024-10-12;dest_id=271538;dest_type=hotel;dist=0;group_adults=2;group_children=0;hapos=5;highlighted_blocks=106032604_88976684_2_9_0;hpos=5;matching_block_id=106032604_88976684_2_9_0;no_rooms=1;req_adults=2;req_children=0;room1=A%2CA;sb_price_type=total;sr_order=popularity;sr_pri_blocks=106032604_88976684_2_9_0__354445;srepoch=1717689327;srpvid=6e816fe3bb880093;type=total;ucfs=1&amp;#hotelTmpl\" target=\"_blank\" rel=\"noreferrer noopener\">Pousada Capit\u00f9<\/a>, a <a href=\"https:\/\/www.booking.com\/hotel\/br\/pousada-luar-da-praia-imbassai.pt-br.html?aid=2161834&amp;sid=4e2afe4d082ee710806b9740398f3494&amp;all_sr_blocks=34399502_335351606_2_1_0;checkin=2024-10-05;checkout=2024-10-12;dest_id=271538;dest_type=hotel;dist=0;group_adults=2;group_children=0;hapos=2;highlighted_blocks=34399502_335351606_2_1_0;hpos=2;matching_block_id=34399502_335351606_2_1_0;no_rooms=1;req_adults=2;req_children=0;room1=A%2CA;sb_price_type=total;sr_order=popularity;sr_pri_blocks=34399502_335351606_2_1_0__270200;srepoch=1717689318;srpvid=6e816fe3bb880093;type=total;ucfs=1&amp;#hotelTmpl\" target=\"_blank\" rel=\"noreferrer noopener\">Pousada Luar da Praia<\/a> e a <a href=\"https:\/\/www.booking.com\/hotel\/br\/pousada-entre-as-aguas.pt-br.html?aid=2161834&amp;sid=4e2afe4d082ee710806b9740398f3494&amp;all_sr_blocks=34528001_213003444_2_1_0;checkin=2024-10-05;checkout=2024-10-12;dest_id=271538;dest_type=hotel;dist=0;group_adults=2;group_children=0;hapos=3;highlighted_blocks=34528001_213003444_2_1_0;hpos=3;matching_block_id=34528001_213003444_2_1_0;no_rooms=1;req_adults=2;req_children=0;room1=A%2CA;sb_price_type=total;sr_order=popularity;sr_pri_blocks=34528001_213003444_2_1_0__270000;srepoch=1717689318;srpvid=6e816fe3bb880093;type=total;ucfs=1&amp;#hotelTmpl\" target=\"_blank\" rel=\"noreferrer noopener\">Pousada Entre as \u00c1guas<\/a>.<\/p>\n\n\n\n<h3 class=\"wp-block-heading\"><span class=\"ez-toc-section\" id=\"Praia_do_Sauipe\"><\/span>Praia do Sau\u00edpe<span class=\"ez-toc-section-end\"><\/span><\/h3>\n\n\n\n<figure class=\"wp-block-image aligncenter size-full\"><img loading=\"lazy\" decoding=\"async\" width=\"1024\" height=\"767\" src=\"https:\/\/quantocustaviajar.com\/blog\/wp-content\/uploads\/2024\/06\/472940775.jpg\" alt=\"praias perto de Salvador\" class=\"wp-image-66495\" srcset=\"https:\/\/quantocustaviajar.com\/blog\/wp-content\/uploads\/2024\/06\/472940775.jpg 1024w, https:\/\/quantocustaviajar.com\/blog\/wp-content\/uploads\/2024\/06\/472940775-300x225.jpg 300w, https:\/\/quantocustaviajar.com\/blog\/wp-content\/uploads\/2024\/06\/472940775-768x575.jpg 768w\" sizes=\"auto, (max-width: 1024px) 100vw, 1024px\" \/><figcaption class=\"wp-element-caption\">Sauipe Grand Premium Brisa\/Foto: <a href=\"https:\/\/www.booking.com\/hotel\/br\/sauipe-class.pt-br.html?aid=2161834&amp;sid=4e2afe4d082ee710806b9740398f3494&amp;age=0&amp;checkin=2024-10-05&amp;checkout=2024-10-12&amp;dest_id=-625975&amp;dest_type=city&amp;dist=0&amp;group_adults=2&amp;group_children=0&amp;hapos=1&amp;hpos=1&amp;no_rooms=1&amp;req_adults=2&amp;req_children=0&amp;room1=A%2CA&amp;sb_price_type=total&amp;soh=1&amp;sr_order=popularity&amp;srepoch=1717689036&amp;srpvid=ec0d6f5eb67805a3&amp;type=total&amp;ucfs=1&amp;activeTab=photosGallery\" target=\"_blank\" rel=\"noreferrer noopener\">Booking<\/a><\/figcaption><\/figure>\n\n\n\n<p>Localizada a cerca de 90 km de Salvador, a Praia do Sau\u00edpe \u00e9 muito famosa pelos seus hot\u00e9is da regi\u00e3o (Costa do Sau\u00edpe) e re\u00fane um grande complexo tur\u00edstico com diversas op\u00e7\u00f5es de hot\u00e9is, restaurantes e atividades. A Praia ainda fica pertinho de Imbassa\u00ed, para quem quiser esticar e fazer um bate e volta at\u00e9 l\u00e1, vale a pena!<\/p>\n\n\n\n<p>Al\u00e9m de \u00f3tima infraestrutura, a praia \u00e9 longa, com mar calmo e \u00e1gua clara, tamb\u00e9m se tornando uma \u00f3tima op\u00e7\u00e3o para fam\u00edlias e crian\u00e7as pequenas.<\/p>\n\n\n\n<p>Mas n\u00e3o se preocupe, apesar de ter bons resorts para quem faz quest\u00e3o, como o <a href=\"https:\/\/www.booking.com\/hotel\/br\/sauipe-resorts-ala-mar-all-inclusive.pt-br.html?aid=2161834&amp;sid=4e2afe4d082ee710806b9740398f3494&amp;all_sr_blocks=939715101_389375790_2_85_0;checkin=2024-10-05;checkout=2024-10-12;dest_id=-625975;dest_type=city;dist=0;group_adults=2;group_children=0;hapos=1;highlighted_blocks=939715101_389375790_2_85_0;hpos=1;matching_block_id=939715101_389375790_2_85_0;no_rooms=1;req_adults=2;req_children=0;room1=A%2CA;sb_price_type=total;sr_order=popularity;sr_pri_blocks=939715101_389375790_2_85_0__866300;srepoch=1717688949;srpvid=005d6f2e63ad0173;type=total;ucfs=1&amp;#hotelTmpl\" target=\"_blank\" rel=\"noreferrer noopener\">Sauipe Resorts Ala Mar &#8211; All Inclusive<\/a> e o <a href=\"https:\/\/www.booking.com\/hotel\/br\/sauipe-class.pt-br.html?aid=2161834&amp;sid=4e2afe4d082ee710806b9740398f3494&amp;age=0;checkin=2024-10-05;checkout=2024-10-12;dest_id=-625975;dest_type=city;dist=0;group_adults=2;group_children=0;hapos=1;hpos=1;no_rooms=1;req_adults=2;req_children=0;room1=A%2CA;sb_price_type=total;soh=1;sr_order=popularity;srepoch=1717689036;srpvid=ec0d6f5eb67805a3;type=total;ucfs=1&amp;#no_availability_msg\" target=\"_blank\" rel=\"noreferrer noopener\">Sauipe Grand Premium Brisa &#8211; All Inclusive<\/a>, a regi\u00e3o conta com hot\u00e9is, casas de temporada e pousadas para receber os viajantes, agradando todos os gostos e bolsos.<\/p>\n\n\n\n<h3 class=\"wp-block-heading\"><span class=\"ez-toc-section\" id=\"Praia_de_Arembepe\"><\/span>Praia de Arembepe<span class=\"ez-toc-section-end\"><\/span><\/h3>\n\n\n\n<figure class=\"wp-block-image aligncenter size-large\"><img loading=\"lazy\" decoding=\"async\" width=\"1024\" height=\"768\" src=\"https:\/\/quantocustaviajar.com\/blog\/wp-content\/uploads\/2024\/06\/2976163026_792791b663_k-1024x768.jpg\" alt=\"praias perto de Salvador\" class=\"wp-image-66497\" srcset=\"https:\/\/quantocustaviajar.com\/blog\/wp-content\/uploads\/2024\/06\/2976163026_792791b663_k-1024x768.jpg 1024w, https:\/\/quantocustaviajar.com\/blog\/wp-content\/uploads\/2024\/06\/2976163026_792791b663_k-300x225.jpg 300w, https:\/\/quantocustaviajar.com\/blog\/wp-content\/uploads\/2024\/06\/2976163026_792791b663_k-768x576.jpg 768w, https:\/\/quantocustaviajar.com\/blog\/wp-content\/uploads\/2024\/06\/2976163026_792791b663_k-1536x1152.jpg 1536w, https:\/\/quantocustaviajar.com\/blog\/wp-content\/uploads\/2024\/06\/2976163026_792791b663_k-1920x1440.jpg 1920w, https:\/\/quantocustaviajar.com\/blog\/wp-content\/uploads\/2024\/06\/2976163026_792791b663_k.jpg 2048w\" sizes=\"auto, (max-width: 1024px) 100vw, 1024px\" \/><figcaption class=\"wp-element-caption\">Foto: <a previewlistener=\"true\" href=\"https:\/\/www.flickr.com\/photos\/sitenl\/\">Samory Pereira Santos<\/a> no Flickr<\/figcaption><\/figure>\n\n\n\n<p>Quer um programa ainda mais r\u00fastico e tranquilo? Ent\u00e3o a Praia de <a href=\"https:\/\/quantocustaviajar.com\/blog\/arembepe-aldeia-hippie-na-bahia\/\">Arembepe<\/a> \u00e9 uma boa pedida. Considerada uma das mais bonitas do litoral norte de Salvador, a praia consegue reunir piscinas naturais, praia de enseada com mar mansinho e praia de ondas para quem n\u00e3o abre m\u00e3o de surfar. \u00c9 l\u00e1 ainda que fica a famosa aldeia hippie, para quem quiser ir conhecer.<\/p>\n\n\n\n<p>O melhor \u00e9 que realmente \u00e9 bem perto da capital, sendo uma op\u00e7\u00e3o de <strong>praias perto de Salvador <\/strong>at\u00e9 para quem quer fazer um bate e volta no mesmo dia, j\u00e1 que fica a apenas 40 km de dist\u00e2ncia. Para chegar l\u00e1 de carro, basta seguir pela BA-099 (Estrada do Coco).<\/p>\n\n\n\n<p>Se preferir se hospedar por l\u00e1, o viajante estar\u00e1 bem amparado com a <a href=\"https:\/\/www.booking.com\/hotel\/br\/pousada-aguas-do-pirui.pt-br.html?aid=2161834&amp;label=gog235jc-1FCAsoIEIecGFyYWlzby1kb3MtY29yYWlzLWd1YXJhanViYTEySC1YA2ggiAEBmAEtuAEXyAEM2AEB6AEB-AEKiAIBqAIDuALXs4ezBsACAdICJDdiNzIxNDZkLTU1MTUtNDM2Ni1hNmY1LTc3M2I5OTU2MDA0ZNgCBeACAQ&amp;sid=4e2afe4d082ee710806b9740398f3494&amp;all_sr_blocks=63530910_213935539_0_1_0;checkin=2024-10-05;checkout=2024-10-12;dest_id=-626146;dest_type=city;dist=0;group_adults=2;group_children=0;hapos=1;highlighted_blocks=63530910_213935539_0_1_0;hpos=1;matching_block_id=63530910_213935539_0_1_0;no_rooms=1;req_adults=2;req_children=0;room1=A%2CA;sb_price_type=total;sr_order=popularity;sr_pri_blocks=63530910_213935539_0_1_0__286650;srepoch=1717689633;srpvid=01a1708253aa00fd;type=total;ucfs=1&amp;#hotelTmpl\" target=\"_blank\" rel=\"noreferrer noopener\">Pousada \u00c1guas do Piru\u00ed<\/a> ou na <a href=\"https:\/\/www.booking.com\/hotel\/br\/pousada-a-capela-arembepe.pt-br.html?aid=2161834&amp;label=gog235jc-1FCAsoIEIecGFyYWlzby1kb3MtY29yYWlzLWd1YXJhanViYTEySC1YA2ggiAEBmAEtuAEXyAEM2AEB6AEB-AEKiAIBqAIDuALXs4ezBsACAdICJDdiNzIxNDZkLTU1MTUtNDM2Ni1hNmY1LTc3M2I5OTU2MDA0ZNgCBeACAQ&amp;sid=4e2afe4d082ee710806b9740398f3494&amp;age=0&amp;checkin=2024-10-05&amp;checkout=2024-10-12&amp;dest_id=-626146&amp;dest_type=city&amp;dist=0&amp;group_adults=2&amp;group_children=0&amp;hapos=1&amp;hpos=1&amp;no_rooms=1&amp;req_adults=2&amp;req_children=0&amp;room1=A%2CA&amp;sb_price_type=total&amp;soh=1&amp;sr_order=popularity&amp;srepoch=1717689677&amp;srpvid=47c070a31fc40264&amp;type=total&amp;ucfs=1&amp;activeTab=photosGallery\" target=\"_blank\" rel=\"noreferrer noopener\">Pousada a Capela<\/a>, p\u00e9 na areia, com nota 9,5\/10, uma das op\u00e7\u00f5es mais buscadas pelos viajantes e que sempre esgota.<\/p>\n\n\n\n<h3 class=\"wp-block-heading\"><span class=\"ez-toc-section\" id=\"Praia_de_Itacimirim\"><\/span>Praia de Itacimirim<span class=\"ez-toc-section-end\"><\/span><\/h3>\n\n\n\n<figure class=\"wp-block-image aligncenter size-full\"><img loading=\"lazy\" decoding=\"async\" width=\"1000\" height=\"668\" src=\"https:\/\/quantocustaviajar.com\/blog\/wp-content\/uploads\/2024\/06\/53103549.jpg\" alt=\"\" class=\"wp-image-66499\" srcset=\"https:\/\/quantocustaviajar.com\/blog\/wp-content\/uploads\/2024\/06\/53103549.jpg 1000w, https:\/\/quantocustaviajar.com\/blog\/wp-content\/uploads\/2024\/06\/53103549-300x200.jpg 300w, https:\/\/quantocustaviajar.com\/blog\/wp-content\/uploads\/2024\/06\/53103549-768x513.jpg 768w\" sizes=\"auto, (max-width: 1000px) 100vw, 1000px\" \/><figcaption class=\"wp-element-caption\">Pousada Jambo\/Foto: <a href=\"https:\/\/www.booking.com\/hotel\/br\/pousada-jambo.pt-br.html?aid=2161834&amp;label=gog235jc-1FCAsoIEIecGFyYWlzby1kb3MtY29yYWlzLWd1YXJhanViYTEySC1YA2ggiAEBmAEtuAEXyAEM2AEB6AEB-AEKiAIBqAIDuALXs4ezBsACAdICJDdiNzIxNDZkLTU1MTUtNDM2Ni1hNmY1LTc3M2I5OTU2MDA0ZNgCBeACAQ&amp;sid=4e2afe4d082ee710806b9740398f3494&amp;all_sr_blocks=37614016_199755119_2_1_0&amp;checkin=2024-10-05&amp;checkout=2024-10-12&amp;dest_id=-674695&amp;dest_type=city&amp;dist=0&amp;group_adults=2&amp;group_children=0&amp;hapos=1&amp;highlighted_blocks=37614016_199755119_2_1_0&amp;hpos=1&amp;matching_block_id=37614016_199755119_2_1_0&amp;no_rooms=1&amp;req_adults=2&amp;req_children=0&amp;room1=A%2CA&amp;sb_price_type=total&amp;sr_order=popularity&amp;sr_pri_blocks=37614016_199755119_2_1_0__545300&amp;srepoch=1717690010&amp;srpvid=c6dc714a2c19016c&amp;type=total&amp;ucfs=1&amp;activeTab=main\" target=\"_blank\" rel=\"noreferrer noopener\">Booking<\/a><\/figcaption><\/figure>\n\n\n\n<p>Essa \u00e9 uma das <strong>praias perto de Salvador<\/strong> \u201cguardada a sete chaves\u201d, sendo um dos \u201csegredos\u201d mais bem guardados por quem ama a regi\u00e3o. E o motivo disso? Para n\u00e3o ter que compartilhar a beleza da praia de Itacimirim com mais ningu\u00e9m!&nbsp;<\/p>\n\n\n\n<p>Essa praia, a 80 km de Salvador, fica na cidade de Cama\u00e7ari, na regi\u00e3o de Costa dos Coqueiros e tem f\u00e1cil acesso pela rodovia BA-099 em dire\u00e7\u00e3o ao norte, antes da Praia do Forte.<\/p>\n\n\n\n<p>Essa praia ainda \u00e9 pouco explorada, ent\u00e3o \u00e9 \u00f3timo para quem quer curtir um ambiente menos agitado e mais privativo, curtindo a praia, suas piscinas naturais e tamb\u00e9m praticar esportes aqu\u00e1ticos, como stand-up paddle.<\/p>\n\n\n\n<p>Quem quiser boas dicas de hospedagem por l\u00e1, vale conferir a <a href=\"https:\/\/www.booking.com\/hotel\/br\/pousada-jambo.pt-br.html?aid=2161834&amp;label=gog235jc-1FCAsoIEIecGFyYWlzby1kb3MtY29yYWlzLWd1YXJhanViYTEySC1YA2ggiAEBmAEtuAEXyAEM2AEB6AEB-AEKiAIBqAIDuALXs4ezBsACAdICJDdiNzIxNDZkLTU1MTUtNDM2Ni1hNmY1LTc3M2I5OTU2MDA0ZNgCBeACAQ&amp;sid=4e2afe4d082ee710806b9740398f3494&amp;all_sr_blocks=37614016_199755119_2_1_0&amp;checkin=2024-10-05&amp;checkout=2024-10-12&amp;dest_id=-674695&amp;dest_type=city&amp;dist=0&amp;group_adults=2&amp;group_children=0&amp;hapos=1&amp;highlighted_blocks=37614016_199755119_2_1_0&amp;hpos=1&amp;matching_block_id=37614016_199755119_2_1_0&amp;no_rooms=1&amp;req_adults=2&amp;req_children=0&amp;room1=A%2CA&amp;sb_price_type=total&amp;sr_order=popularity&amp;sr_pri_blocks=37614016_199755119_2_1_0__545300&amp;srepoch=1717690010&amp;srpvid=c6dc714a2c19016c&amp;type=total&amp;ucfs=1&amp;activeTab=main\" target=\"_blank\" rel=\"noreferrer noopener\">Pousada Jambo<\/a> e a <a href=\"https:\/\/www.booking.com\/hotel\/br\/pousada-lagoa-clara-camacari.pt-br.html?aid=2161834&amp;label=gog235jc-1FCAsoIEIecGFyYWlzby1kb3MtY29yYWlzLWd1YXJhanViYTEySC1YA2ggiAEBmAEtuAEXyAEM2AEB6AEB-AEKiAIBqAIDuALXs4ezBsACAdICJDdiNzIxNDZkLTU1MTUtNDM2Ni1hNmY1LTc3M2I5OTU2MDA0ZNgCBeACAQ&amp;sid=4e2afe4d082ee710806b9740398f3494&amp;all_sr_blocks=106474303_259557025_2_1_0;checkin=2024-10-05;checkout=2024-10-12;dest_id=-674695;dest_type=city;dist=0;group_adults=2;group_children=0;hapos=2;highlighted_blocks=106474303_259557025_2_1_0;hpos=2;matching_block_id=106474303_259557025_2_1_0;no_rooms=1;req_adults=2;req_children=0;room1=A%2CA;sb_price_type=total;sr_order=popularity;sr_pri_blocks=106474303_259557025_2_1_0__370023;srepoch=1717690045;srpvid=c6dc714a2c19016c;type=total;ucfs=1&amp;#hotelTmpl\" target=\"_blank\" rel=\"noreferrer noopener\">Pousada Villa Maeva Itacimirim<\/a>.<\/p>\n\n\n\n<p><strong><a href=\"https:\/\/quantocustaviajar.com\/blog\/lugares-imperdiveis-na-bahia\/\" target=\"_blank\" rel=\"noreferrer noopener\">+ Confira lugares imperd\u00edveis na Bahia!<\/a><\/strong><\/p>\n\n\n\n<script type=\"application\/ld+json\">\n{\n  \"@context\": \"https:\/\/schema.org\",\n  \"@type\": \"ItemList\",\n  \"itemListElement\": [\n    {\n      \"@type\": \"ListItem\",\n      \"position\": 1,\n      \"name\": \"Praia do Forte\",\n      \"url\": \"https:\/\/quantocustaviajar.com\/blog\/praias-perto-de-salvador\/#praia-do-forte\"\n    },\n    {\n      \"@type\": \"ListItem\",\n      \"position\": 2,\n      \"name\": \"Guarajuba\",\n      \"url\": \"https:\/\/quantocustaviajar.com\/blog\/praias-perto-de-salvador\/#guarajuba\"\n    },\n    {\n      \"@type\": \"ListItem\",\n      \"position\": 3,\n      \"name\": \"Praia de Imbassa\u00ed\",\n      \"url\": \"https:\/\/quantocustaviajar.com\/blog\/praias-perto-de-salvador\/#imbassai\"\n    },\n    {\n      \"@type\": \"ListItem\",\n      \"position\": 4,\n      \"name\": \"Praia do Sau\u00edpe\",\n      \"url\": \"https:\/\/quantocustaviajar.com\/blog\/praias-perto-de-salvador\/#sauipe\"\n    },\n    {\n      \"@type\": \"ListItem\",\n      \"position\": 5,\n      \"name\": \"Praia de Arembepe\",\n      \"url\": \"https:\/\/quantocustaviajar.com\/blog\/praias-perto-de-salvador\/#arembepe\"\n    },\n    {\n      \"@type\": \"ListItem\",\n      \"position\": 6,\n      \"name\": \"Praia de Itacimirim\",\n      \"url\": \"https:\/\/quantocustaviajar.com\/blog\/praias-perto-de-salvador\/#itacimirim\"\n    }\n  ]\n}\n<\/script>\n\n\n\n\n<script type=\"application\/ld+json\">\n{\n  \"@context\": \"https:\/\/schema.org\",\n  \"@type\": \"FAQPage\",\n  \"mainEntity\": [\n    {\n      \"@type\": \"Question\",\n      \"name\": \"Qual \u00e9 a praia mais pr\u00f3xima de Salvador?\",\n      \"acceptedAnswer\": {\n        \"@type\": \"Answer\",\n        \"text\": \"A Praia de Arembepe est\u00e1 a apenas cerca de 40 km de Salvador, sendo a mais pr\u00f3xima entre as mencionadas para bate-volta.\"\n      }\n    },\n    {\n      \"@type\": \"Question\",\n      \"name\": \"Quais praias s\u00e3o ideais para fam\u00edlias?\",\n      \"acceptedAnswer\": {\n        \"@type\": \"Answer\",\n        \"text\": \"Guarajuba, Sau\u00edpe e Praia do Forte t\u00eam mar calmo, boa infraestrutura e s\u00e3o muito recomendadas para quem viaja com crian\u00e7as.\"\n      }\n    },\n    {\n      \"@type\": \"Question\",\n      \"name\": \"Onde posso ver tartarugas marinhas?\",\n      \"acceptedAnswer\": {\n        \"@type\": \"Answer\",\n        \"text\": \"Na Praia do Forte fica o Projeto Tamar, que protege tartarugas marinhas. Em Guarajuba e Barra do Jacu\u00edpe tamb\u00e9m h\u00e1 desovas de tartarugas, especialmente no ver\u00e3o.\"\n      }\n    },\n    {\n      \"@type\": \"Question\",\n      \"name\": \"Alguma praia indicada para quem quer sossego e natureza?\",\n      \"acceptedAnswer\": {\n        \"@type\": \"Answer\",\n        \"text\": \"Itacimirim e Arembepe s\u00e3o mais tranquilas e menos exploradas, oferecendo piscinas naturais, coqueirais e clima r\u00fastico.\"\n      }\n    }\n  ]\n}\n<\/script>\n\n","protected":false},"excerpt":{"rendered":"<p>A cidade de Salvador, capital da Bahia, \u00e9 um belo resumo do que \u00e9 o estado: povo animad\u00edssimo e receptivo, comida boa, praias lindas, agito, natureza e mais. E assim voc\u00ea pode acabar pensando: n\u00e3o tem como ficar melhor que isso! Melhor talvez n\u00e3o, mas existem outras praias perto de Salvador t\u00e3o incr\u00edveis quanto \u2013 [&hellip;]<\/p>\n","protected":false},"author":18,"featured_media":66499,"comment_status":"open","ping_status":"open","sticky":false,"template":"","format":"standard","meta":{"cybocfi_hide_featured_image":"yes","footnotes":""},"categories":[1434],"tags":[266,77,4725,4724,4727,181,4723,4726,16],"class_list":["post-66484","post","type-post","status-publish","format-standard","has-post-thumbnail","hentry","category-descubra-brasil","tag-brasil","tag-dicas","tag-dicas-praias-perto-de-salvador","tag-melhores-praias-perto-de-salvador","tag-onde-conhecer-praias-perto-de-salvador","tag-praias","tag-praias-perto-de-salvador","tag-praias-perto-de-salvador-para-conhecer","tag-viagem"],"blocksy_meta":[],"yoast_head":"<!-- This site is optimized with the Yoast SEO plugin v26.3 - https:\/\/yoast.com\/wordpress\/plugins\/seo\/ -->\n<title>Praias perto de Salvador: descubra as melhores<\/title>\n<meta name=\"description\" content=\"Confira as melhores praias perto de Salvador para voc\u00ea conhecer at\u00e9 100 km da capital baiana para se apaixonar!\" \/>\n<meta name=\"robots\" content=\"index, follow, max-snippet:-1, max-image-preview:large, max-video-preview:-1\" \/>\n<link rel=\"canonical\" href=\"https:\/\/quantocustaviajar.com\/blog\/praias-perto-de-salvador\/\" \/>\n<meta property=\"og:locale\" content=\"pt_BR\" \/>\n<meta property=\"og:type\" content=\"article\" \/>\n<meta property=\"og:title\" content=\"Praias perto de Salvador: descubra as melhores\" \/>\n<meta property=\"og:description\" content=\"Confira as melhores praias perto de Salvador para voc\u00ea conhecer at\u00e9 100 km da capital baiana para se apaixonar!\" \/>\n<meta property=\"og:url\" content=\"https:\/\/quantocustaviajar.com\/blog\/praias-perto-de-salvador\/\" \/>\n<meta property=\"og:site_name\" content=\"Blog Quanto Custa Viajar\" \/>\n<meta property=\"article:publisher\" content=\"https:\/\/www.facebook.com\/quantocustaviajar\" \/>\n<meta property=\"article:published_time\" content=\"2025-06-27T19:21:00+00:00\" \/>\n<meta property=\"article:modified_time\" content=\"2025-09-01T17:16:15+00:00\" \/>\n<meta property=\"og:image\" content=\"https:\/\/quantocustaviajar.com\/blog\/wp-content\/uploads\/2024\/06\/53103549.jpg\" \/>\n\t<meta property=\"og:image:width\" content=\"1000\" \/>\n\t<meta property=\"og:image:height\" content=\"668\" \/>\n\t<meta property=\"og:image:type\" content=\"image\/jpeg\" \/>\n<meta name=\"author\" content=\"Izabella Miranda\" \/>\n<meta name=\"twitter:card\" content=\"summary_large_image\" \/>\n<meta name=\"twitter:label1\" content=\"Escrito por\" \/>\n\t<meta name=\"twitter:data1\" content=\"Izabella Miranda\" \/>\n\t<meta name=\"twitter:label2\" content=\"Est. tempo de leitura\" \/>\n\t<meta name=\"twitter:data2\" content=\"8 minutos\" \/>\n<!-- \/ Yoast SEO plugin. -->","yoast_head_json":{"title":"Praias perto de Salvador: descubra as melhores","description":"Confira as melhores praias perto de Salvador para voc\u00ea conhecer at\u00e9 100 km da capital baiana para se apaixonar!","robots":{"index":"index","follow":"follow","max-snippet":"max-snippet:-1","max-image-preview":"max-image-preview:large","max-video-preview":"max-video-preview:-1"},"canonical":"https:\/\/quantocustaviajar.com\/blog\/praias-perto-de-salvador\/","og_locale":"pt_BR","og_type":"article","og_title":"Praias perto de Salvador: descubra as melhores","og_description":"Confira as melhores praias perto de Salvador para voc\u00ea conhecer at\u00e9 100 km da capital baiana para se apaixonar!","og_url":"https:\/\/quantocustaviajar.com\/blog\/praias-perto-de-salvador\/","og_site_name":"Blog Quanto Custa Viajar","article_publisher":"https:\/\/www.facebook.com\/quantocustaviajar","article_published_time":"2025-06-27T19:21:00+00:00","article_modified_time":"2025-09-01T17:16:15+00:00","og_image":[{"width":1000,"height":668,"url":"https:\/\/quantocustaviajar.com\/blog\/wp-content\/uploads\/2024\/06\/53103549.jpg","type":"image\/jpeg"}],"author":"Izabella Miranda","twitter_card":"summary_large_image","twitter_misc":{"Escrito por":"Izabella Miranda","Est. tempo de leitura":"8 minutos"},"schema":{"@context":"https:\/\/schema.org","@graph":[{"@type":["Article","BlogPosting"],"@id":"https:\/\/quantocustaviajar.com\/blog\/praias-perto-de-salvador\/#article","isPartOf":{"@id":"https:\/\/quantocustaviajar.com\/blog\/praias-perto-de-salvador\/"},"author":{"name":"Izabella Miranda","@id":"https:\/\/quantocustaviajar.com\/blog\/#\/schema\/person\/595118451f4120870051de530232399d"},"headline":"Descubra as melhores praias perto de Salvador e conhe\u00e7a o melhor da regi\u00e3o baiana","datePublished":"2025-06-27T19:21:00+00:00","dateModified":"2025-09-01T17:16:15+00:00","mainEntityOfPage":{"@id":"https:\/\/quantocustaviajar.com\/blog\/praias-perto-de-salvador\/"},"wordCount":1150,"commentCount":0,"publisher":{"@id":"https:\/\/quantocustaviajar.com\/blog\/#organization"},"image":{"@id":"https:\/\/quantocustaviajar.com\/blog\/praias-perto-de-salvador\/#primaryimage"},"thumbnailUrl":"https:\/\/quantocustaviajar.com\/blog\/wp-content\/uploads\/2024\/06\/53103549.jpg","keywords":["Brasil","dicas","dicas praias perto de Salvador","melhores praias perto de Salvador","onde conhecer praias perto de Salvador","praias","praias perto de Salvador","praias perto de Salvador para conhecer","viagem"],"articleSection":["Descubra o Brasil"],"inLanguage":"pt-BR","potentialAction":[{"@type":"CommentAction","name":"Comment","target":["https:\/\/quantocustaviajar.com\/blog\/praias-perto-de-salvador\/#respond"]}]},{"@type":"WebPage","@id":"https:\/\/quantocustaviajar.com\/blog\/praias-perto-de-salvador\/","url":"https:\/\/quantocustaviajar.com\/blog\/praias-perto-de-salvador\/","name":"Praias perto de Salvador: descubra as melhores","isPartOf":{"@id":"https:\/\/quantocustaviajar.com\/blog\/#website"},"primaryImageOfPage":{"@id":"https:\/\/quantocustaviajar.com\/blog\/praias-perto-de-salvador\/#primaryimage"},"image":{"@id":"https:\/\/quantocustaviajar.com\/blog\/praias-perto-de-salvador\/#primaryimage"},"thumbnailUrl":"https:\/\/quantocustaviajar.com\/blog\/wp-content\/uploads\/2024\/06\/53103549.jpg","datePublished":"2025-06-27T19:21:00+00:00","dateModified":"2025-09-01T17:16:15+00:00","description":"Confira as melhores praias perto de Salvador para voc\u00ea conhecer at\u00e9 100 km da capital baiana para se apaixonar!","breadcrumb":{"@id":"https:\/\/quantocustaviajar.com\/blog\/praias-perto-de-salvador\/#breadcrumb"},"inLanguage":"pt-BR","potentialAction":[{"@type":"ReadAction","target":["https:\/\/quantocustaviajar.com\/blog\/praias-perto-de-salvador\/"]}]},{"@type":"BreadcrumbList","@id":"https:\/\/quantocustaviajar.com\/blog\/praias-perto-de-salvador\/#breadcrumb","itemListElement":[{"@type":"ListItem","position":1,"name":"In\u00edcio","item":"https:\/\/quantocustaviajar.com\/blog\/"},{"@type":"ListItem","position":2,"name":"Descubra as melhores praias perto de Salvador e conhe\u00e7a o melhor da regi\u00e3o baiana"}]},{"@type":"WebSite","@id":"https:\/\/quantocustaviajar.com\/blog\/#website","url":"https:\/\/quantocustaviajar.com\/blog\/","name":"Blog Quanto Custa Viajar","description":"","publisher":{"@id":"https:\/\/quantocustaviajar.com\/blog\/#organization"},"potentialAction":[{"@type":"SearchAction","target":{"@type":"EntryPoint","urlTemplate":"https:\/\/quantocustaviajar.com\/blog\/?s={search_term_string}"},"query-input":{"@type":"PropertyValueSpecification","valueRequired":true,"valueName":"search_term_string"}}],"inLanguage":"pt-BR"},{"@type":"Organization","@id":"https:\/\/quantocustaviajar.com\/blog\/#organization","name":"Quanto Custa Viajar","url":"https:\/\/quantocustaviajar.com\/blog\/","logo":{"@type":"ImageObject","inLanguage":"pt-BR","@id":"https:\/\/quantocustaviajar.com\/blog\/#\/schema\/logo\/image\/","url":"","contentUrl":"","caption":"Quanto Custa Viajar"},"image":{"@id":"https:\/\/quantocustaviajar.com\/blog\/#\/schema\/logo\/image\/"},"sameAs":["https:\/\/www.facebook.com\/quantocustaviajar"]},{"@type":"Person","@id":"https:\/\/quantocustaviajar.com\/blog\/#\/schema\/person\/595118451f4120870051de530232399d","name":"Izabella Miranda","image":{"@type":"ImageObject","inLanguage":"pt-BR","@id":"https:\/\/quantocustaviajar.com\/blog\/#\/schema\/person\/image\/","url":"https:\/\/secure.gravatar.com\/avatar\/eb1c9c8ed6c596023f48930e960ff440b8cad6a3beabb6b619d3504ad832c628?s=96&d=mm&r=g","contentUrl":"https:\/\/secure.gravatar.com\/avatar\/eb1c9c8ed6c596023f48930e960ff440b8cad6a3beabb6b619d3504ad832c628?s=96&d=mm&r=g","caption":"Izabella Miranda"},"description":"Jornalista por profiss\u00e3o e planejadora de viagens nas horas vagas.","url":"https:\/\/quantocustaviajar.com\/blog\/author\/izabella\/"}]}},"_links":{"self":[{"href":"https:\/\/quantocustaviajar.com\/blog\/wp-json\/wp\/v2\/posts\/66484","targetHints":{"allow":["GET"]}}],"collection":[{"href":"https:\/\/quantocustaviajar.com\/blog\/wp-json\/wp\/v2\/posts"}],"about":[{"href":"https:\/\/quantocustaviajar.com\/blog\/wp-json\/wp\/v2\/types\/post"}],"author":[{"embeddable":true,"href":"https:\/\/quantocustaviajar.com\/blog\/wp-json\/wp\/v2\/users\/18"}],"replies":[{"embeddable":true,"href":"https:\/\/quantocustaviajar.com\/blog\/wp-json\/wp\/v2\/comments?post=66484"}],"version-history":[{"count":15,"href":"https:\/\/quantocustaviajar.com\/blog\/wp-json\/wp\/v2\/posts\/66484\/revisions"}],"predecessor-version":[{"id":83042,"href":"https:\/\/quantocustaviajar.com\/blog\/wp-json\/wp\/v2\/posts\/66484\/revisions\/83042"}],"wp:featuredmedia":[{"embeddable":true,"href":"https:\/\/quantocustaviajar.com\/blog\/wp-json\/wp\/v2\/media\/66499"}],"wp:attachment":[{"href":"https:\/\/quantocustaviajar.com\/blog\/wp-json\/wp\/v2\/media?parent=66484"}],"wp:term":[{"taxonomy":"category","embeddable":true,"href":"https:\/\/quantocustaviajar.com\/blog\/wp-json\/wp\/v2\/categories?post=66484"},{"taxonomy":"post_tag","embeddable":true,"href":"https:\/\/quantocustaviajar.com\/blog\/wp-json\/wp\/v2\/tags?post=66484"}],"curies":[{"name":"wp","href":"https:\/\/api.w.org\/{rel}","templated":true}]}}