{"id":65800,"date":"2024-04-30T14:37:57","date_gmt":"2024-04-30T14:37:57","guid":{"rendered":"https:\/\/quantocustaviajar.com\/blog\/?p=65800"},"modified":"2024-04-30T14:37:59","modified_gmt":"2024-04-30T14:37:59","slug":"hospedagem-barata-em-gramado","status":"publish","type":"post","link":"https:\/\/quantocustaviajar.com\/blog\/hospedagem-barata-em-gramado\/","title":{"rendered":"Hospedagem barata em Gramado: op\u00e7\u00f5es para colocar em seu radar"},"content":{"rendered":"\n<p><strong>Gramado<\/strong> \u00e9 um dos destinos mais procurados pelos turistas no Brasil, e embora seja muito visitado durante o inverno e fim de ano, os in\u00fameros atrativos da cidade ficam dispon\u00edveis para visita\u00e7\u00e3o durante todo o ano. E pensando em uma viagem econ\u00f4mica, criamos para voc\u00ea uma lista com op\u00e7\u00f5es de <strong>hospedagem barata em Gramado<\/strong>, entre outras dicas para voc\u00ea aproveitar ao m\u00e1ximo a cidade sem precisar estourar o or\u00e7amento:<\/p><div id=\"ez-toc-container\" class=\"ez-toc-v2_0_76 ez-toc-wrap-left counter-hierarchy ez-toc-counter ez-toc-light-blue ez-toc-container-direction\">\n<div class=\"ez-toc-title-container\">\n<p class=\"ez-toc-title\" style=\"cursor:inherit\">Aqui voc\u00ea ir\u00e1 encontrar<\/p>\n<span class=\"ez-toc-title-toggle\"><a href=\"#\" class=\"ez-toc-pull-right ez-toc-btn ez-toc-btn-xs ez-toc-btn-default ez-toc-toggle\" aria-label=\"Alternar tabela de conte\u00fado\"><span class=\"ez-toc-js-icon-con\"><span class=\"\"><span class=\"eztoc-hide\" style=\"display:none;\">Toggle<\/span><span class=\"ez-toc-icon-toggle-span\"><svg style=\"fill: #999;color:#999\" xmlns=\"http:\/\/www.w3.org\/2000\/svg\" class=\"list-377408\" width=\"20px\" height=\"20px\" viewBox=\"0 0 24 24\" fill=\"none\"><path d=\"M6 6H4v2h2V6zm14 0H8v2h12V6zM4 11h2v2H4v-2zm16 0H8v2h12v-2zM4 16h2v2H4v-2zm16 0H8v2h12v-2z\" fill=\"currentColor\"><\/path><\/svg><svg style=\"fill: #999;color:#999\" class=\"arrow-unsorted-368013\" xmlns=\"http:\/\/www.w3.org\/2000\/svg\" width=\"10px\" height=\"10px\" viewBox=\"0 0 24 24\" version=\"1.2\" baseProfile=\"tiny\"><path d=\"M18.2 9.3l-6.2-6.3-6.2 6.3c-.2.2-.3.4-.3.7s.1.5.3.7c.2.2.4.3.7.3h11c.3 0 .5-.1.7-.3.2-.2.3-.5.3-.7s-.1-.5-.3-.7zM5.8 14.7l6.2 6.3 6.2-6.3c.2-.2.3-.5.3-.7s-.1-.5-.3-.7c-.2-.2-.4-.3-.7-.3h-11c-.3 0-.5.1-.7.3-.2.2-.3.5-.3.7s.1.5.3.7z\"\/><\/svg><\/span><\/span><\/span><\/a><\/span><\/div>\n<nav><ul class='ez-toc-list ez-toc-list-level-1 ' ><li class='ez-toc-page-1 ez-toc-heading-level-2'><a class=\"ez-toc-link ez-toc-heading-1\" href=\"https:\/\/quantocustaviajar.com\/blog\/hospedagem-barata-em-gramado\/#Hospedagem_barata_em_Gramado\" >Hospedagem barata em Gramado<\/a><ul class='ez-toc-list-level-3' ><li class='ez-toc-heading-level-3'><a class=\"ez-toc-link ez-toc-heading-2\" href=\"https:\/\/quantocustaviajar.com\/blog\/hospedagem-barata-em-gramado\/#1_Aromas_de_Gramado\" >1. Aromas de Gramado<\/a><\/li><li class='ez-toc-page-1 ez-toc-heading-level-3'><a class=\"ez-toc-link ez-toc-heading-3\" href=\"https:\/\/quantocustaviajar.com\/blog\/hospedagem-barata-em-gramado\/#2_Chales_da_Serra_Gaucha\" >2. Chal\u00e9s da Serra Ga\u00facha<\/a><\/li><li class='ez-toc-page-1 ez-toc-heading-level-3'><a class=\"ez-toc-link ez-toc-heading-4\" href=\"https:\/\/quantocustaviajar.com\/blog\/hospedagem-barata-em-gramado\/#3_Cabanas_Brocker\" >3. Cabanas Brocker<\/a><\/li><li class='ez-toc-page-1 ez-toc-heading-level-3'><a class=\"ez-toc-link ez-toc-heading-5\" href=\"https:\/\/quantocustaviajar.com\/blog\/hospedagem-barata-em-gramado\/#4_Cabanas_Loft_Paraiso\" >4. Cabanas Loft Para\u00edso<\/a><\/li><li class='ez-toc-page-1 ez-toc-heading-level-3'><a class=\"ez-toc-link ez-toc-heading-6\" href=\"https:\/\/quantocustaviajar.com\/blog\/hospedagem-barata-em-gramado\/#5_Villetta_Gramado_Roma\" >5. Villetta Gramado Roma<\/a><\/li><li class='ez-toc-page-1 ez-toc-heading-level-3'><a class=\"ez-toc-link ez-toc-heading-7\" href=\"https:\/\/quantocustaviajar.com\/blog\/hospedagem-barata-em-gramado\/#6_Pousada_da_Tia_Eni\" >6. Pousada da Tia Eni<\/a><\/li><li class='ez-toc-page-1 ez-toc-heading-level-3'><a class=\"ez-toc-link ez-toc-heading-8\" href=\"https:\/\/quantocustaviajar.com\/blog\/hospedagem-barata-em-gramado\/#7_Pousada_dos_Passaros\" >7. Pousada dos P\u00e1ssaros<\/a><\/li><\/ul><\/li><li class='ez-toc-page-1 ez-toc-heading-level-2'><a class=\"ez-toc-link ez-toc-heading-9\" href=\"https:\/\/quantocustaviajar.com\/blog\/hospedagem-barata-em-gramado\/#Quem_busca_hospedagem_barata_em_Gramado_quer_passeios_baratos_em_Gramado\" >Quem busca hospedagem barata em Gramado quer passeios baratos em Gramado :)<\/a><\/li><\/ul><\/nav><\/div>\n\n\n\n\n<h2 class=\"wp-block-heading\"><span class=\"ez-toc-section\" id=\"Hospedagem_barata_em_Gramado\"><\/span>Hospedagem barata em Gramado<span class=\"ez-toc-section-end\"><\/span><\/h2>\n\n\n\n<h3 class=\"wp-block-heading\"><span class=\"ez-toc-section\" id=\"1_Aromas_de_Gramado\"><\/span>1. <a href=\"https:\/\/www.booking.com\/hotel\/br\/apartamentos-vista-bela-gramado-bairro-centro-gramado1.pt-br.html?aid=2161834&amp;sid=a169dc37b2871fc90a7b903dba4aacfa&amp;all_sr_blocks=847993404_369308275_2_0_0;checkin=2024-09-06;checkout=2024-09-09;dest_id=-645052;dest_type=city;dist=0;group_adults=2;group_children=0;hapos=1;highlighted_blocks=847993404_369308275_2_0_0;hpos=1;matching_block_id=847993404_369308275_2_0_0;no_rooms=1;req_adults=2;req_children=0;room1=A%2CA;sb_price_type=total;sr_order=popularity;sr_pri_blocks=847993404_369308275_2_0_0__25200;srepoch=1714057658;srpvid=c9606a5636f30109;type=total;ucfs=1&amp;#hotelTmpl\" target=\"_blank\" rel=\"noreferrer noopener\">Aromas de Gramado<\/a><span class=\"ez-toc-section-end\"><\/span><\/h3>\n\n\n\n<figure class=\"wp-block-image aligncenter size-large\"><img loading=\"lazy\" decoding=\"async\" width=\"1024\" height=\"768\" src=\"https:\/\/quantocustaviajar.com\/blog\/wp-content\/uploads\/2024\/04\/hospedagem-barata-em-gramado-01-1024x768.jpg\" alt=\"\" class=\"wp-image-65802\" srcset=\"https:\/\/quantocustaviajar.com\/blog\/wp-content\/uploads\/2024\/04\/hospedagem-barata-em-gramado-01-1024x768.jpg 1024w, https:\/\/quantocustaviajar.com\/blog\/wp-content\/uploads\/2024\/04\/hospedagem-barata-em-gramado-01-300x225.jpg 300w, https:\/\/quantocustaviajar.com\/blog\/wp-content\/uploads\/2024\/04\/hospedagem-barata-em-gramado-01-768x576.jpg 768w, https:\/\/quantocustaviajar.com\/blog\/wp-content\/uploads\/2024\/04\/hospedagem-barata-em-gramado-01.jpg 1200w\" sizes=\"auto, (max-width: 1024px) 100vw, 1024px\" \/><figcaption>Foto: <a href=\"https:\/\/www.booking.com\/hotel\/br\/apartamentos-vista-bela-gramado-bairro-centro-gramado1.pt-br.html?aid=2161834&amp;sid=a169dc37b2871fc90a7b903dba4aacfa&amp;all_sr_blocks=847993404_369308275_2_0_0&amp;checkin=2024-09-06&amp;checkout=2024-09-09&amp;dest_id=-645052&amp;dest_type=city&amp;dist=0&amp;group_adults=2&amp;group_children=0&amp;hapos=1&amp;highlighted_blocks=847993404_369308275_2_0_0&amp;hpos=1&amp;matching_block_id=847993404_369308275_2_0_0&amp;no_rooms=1&amp;req_adults=2&amp;req_children=0&amp;room1=A%2CA&amp;sb_price_type=total&amp;sr_order=popularity&amp;sr_pri_blocks=847993404_369308275_2_0_0__25200&amp;srepoch=1714057658&amp;srpvid=c9606a5636f30109&amp;type=total&amp;ucfs=1&amp;activeTab=photosGallery\" target=\"_blank\" rel=\"noreferrer noopener\">Booking<\/a><\/figcaption><\/figure>\n\n\n\n<p>Em uma localiza\u00e7\u00e3o privilegiada, esta hospedagem fica a 1,5 km da Igreja de S\u00e3o Pedro, do Pal\u00e1cio dos Festivais e da Esta\u00e7\u00e3o Rodovi\u00e1ria de <strong>Gramado<\/strong>. Cada apartamento tem uma entrada privativa, oferecendo maior conforto aos h\u00f3spedes, al\u00e9m de ar-condicionado, frigobar e banheiro. Ideal para casais e fam\u00edlias de at\u00e9 4 pessoas.<\/p>\n\n\n\n<p><strong><a href=\"https:\/\/quantocustaviajar.com\/blog\/de-porto-alegre-para-gramado\/\" target=\"_blank\" rel=\"noreferrer noopener\">Como ir de Porto Alegre \u00e0 Gramado<\/a><\/strong><\/p>\n\n\n\n<h3 class=\"wp-block-heading\"><span class=\"ez-toc-section\" id=\"2_Chales_da_Serra_Gaucha\"><\/span>2. <a href=\"https:\/\/www.booking.com\/hotel\/br\/chales-da-serra-gaucha.pt-br.html?aid=2161834&amp;sid=a169dc37b2871fc90a7b903dba4aacfa&amp;all_sr_blocks=229481001_335396270_2_0_0;checkin=2024-09-06;checkout=2024-09-09;dest_id=-645052;dest_type=city;dist=0;group_adults=2;group_children=0;hapos=3;highlighted_blocks=229481001_335396270_2_0_0;hpos=3;matching_block_id=229481001_335396270_2_0_0;nflt=review_score%3D80;no_rooms=1;req_adults=2;req_children=0;room1=A%2CA;sb_price_type=total;sr_order=price;sr_pri_blocks=229481001_335396270_2_0_0__29700;srepoch=1714058156;srpvid=c37066a56511012a;type=total;ucfs=1&amp;#hotelTmpl\" target=\"_blank\" rel=\"noreferrer noopener\">Chal\u00e9s da Serra Ga\u00facha<\/a><span class=\"ez-toc-section-end\"><\/span><\/h3>\n\n\n\n<figure class=\"wp-block-image aligncenter size-large\"><img loading=\"lazy\" decoding=\"async\" width=\"1024\" height=\"768\" src=\"https:\/\/quantocustaviajar.com\/blog\/wp-content\/uploads\/2024\/04\/hospedagem-barata-em-gramado-02-1024x768.jpg\" alt=\"\" class=\"wp-image-65803\" srcset=\"https:\/\/quantocustaviajar.com\/blog\/wp-content\/uploads\/2024\/04\/hospedagem-barata-em-gramado-02-1024x768.jpg 1024w, https:\/\/quantocustaviajar.com\/blog\/wp-content\/uploads\/2024\/04\/hospedagem-barata-em-gramado-02-300x225.jpg 300w, https:\/\/quantocustaviajar.com\/blog\/wp-content\/uploads\/2024\/04\/hospedagem-barata-em-gramado-02-768x576.jpg 768w, https:\/\/quantocustaviajar.com\/blog\/wp-content\/uploads\/2024\/04\/hospedagem-barata-em-gramado-02.jpg 1200w\" sizes=\"auto, (max-width: 1024px) 100vw, 1024px\" \/><figcaption>Foto: <a href=\"https:\/\/www.booking.com\/hotel\/br\/chales-da-serra-gaucha.pt-br.html?aid=2161834&amp;sid=a169dc37b2871fc90a7b903dba4aacfa&amp;all_sr_blocks=229481001_335396270_2_0_0&amp;checkin=2024-09-06&amp;checkout=2024-09-09&amp;dest_id=-645052&amp;dest_type=city&amp;dist=0&amp;group_adults=2&amp;group_children=0&amp;hapos=3&amp;highlighted_blocks=229481001_335396270_2_0_0&amp;hpos=3&amp;matching_block_id=229481001_335396270_2_0_0&amp;nflt=review_score%3D80&amp;no_rooms=1&amp;req_adults=2&amp;req_children=0&amp;room1=A%2CA&amp;sb_price_type=total&amp;sr_order=price&amp;sr_pri_blocks=229481001_335396270_2_0_0__29700&amp;srepoch=1714058156&amp;srpvid=c37066a56511012a&amp;type=total&amp;ucfs=1&amp;activeTab=photosGallery\" target=\"_blank\" rel=\"noreferrer noopener\">Booking<\/a><\/figcaption><\/figure>\n\n\n\n<p>A um pouco mais de 10km do Parque Minimundo, os Chal\u00e9s da Serra Ga\u00facha \u00e9 a escolha ideal para quem busca uma <strong>hospedagem barata em Gramado<\/strong>, mas tamb\u00e9m n\u00e3o abre m\u00e3o da praticidade e conforto para a fam\u00edlia. Aqui voc\u00ea poder\u00e1 contar com chal\u00e9s com cozinha compacta, varanda, banheiro privativo e camas para acomodar at\u00e9 4 pessoas. O estacionamento e o wi-fi s\u00e3o gratuitos.<\/p>\n\n\n\n<h3 class=\"wp-block-heading\"><span class=\"ez-toc-section\" id=\"3_Cabanas_Brocker\"><\/span>3. <a href=\"https:\/\/www.booking.com\/hotel\/br\/cabanas-brocker-gramado.pt-br.html?aid=2161834&amp;sid=a169dc37b2871fc90a7b903dba4aacfa&amp;all_sr_blocks=321474703_115550531_4_0_0;checkin=2024-09-06;checkout=2024-09-09;dest_id=-645052;dest_type=city;dist=0;group_adults=2;group_children=0;hapos=6;highlighted_blocks=321474703_115550531_4_0_0;hpos=6;matching_block_id=321474703_115550531_4_0_0;nflt=review_score%3D80;no_rooms=1;req_adults=2;req_children=0;room1=A%2CA;sb_price_type=total;sr_order=price;sr_pri_blocks=321474703_115550531_4_0_0__33000;srepoch=1714058441;srpvid=c37066a56511012a;type=total;ucfs=1&amp;#hotelTmpl\" target=\"_blank\" rel=\"noreferrer noopener\">Cabanas Brocker<\/a><span class=\"ez-toc-section-end\"><\/span><\/h3>\n\n\n\n<figure class=\"wp-block-image aligncenter size-large\"><img loading=\"lazy\" decoding=\"async\" width=\"1024\" height=\"768\" src=\"https:\/\/quantocustaviajar.com\/blog\/wp-content\/uploads\/2024\/04\/hospedagem-barata-em-gramado-03-1024x768.jpg\" alt=\"\" class=\"wp-image-65804\" srcset=\"https:\/\/quantocustaviajar.com\/blog\/wp-content\/uploads\/2024\/04\/hospedagem-barata-em-gramado-03-1024x768.jpg 1024w, https:\/\/quantocustaviajar.com\/blog\/wp-content\/uploads\/2024\/04\/hospedagem-barata-em-gramado-03-300x225.jpg 300w, https:\/\/quantocustaviajar.com\/blog\/wp-content\/uploads\/2024\/04\/hospedagem-barata-em-gramado-03-768x576.jpg 768w, https:\/\/quantocustaviajar.com\/blog\/wp-content\/uploads\/2024\/04\/hospedagem-barata-em-gramado-03.jpg 1200w\" sizes=\"auto, (max-width: 1024px) 100vw, 1024px\" \/><figcaption>Foto: <a href=\"https:\/\/www.booking.com\/hotel\/br\/cabanas-brocker-gramado.pt-br.html?aid=2161834&amp;sid=a169dc37b2871fc90a7b903dba4aacfa&amp;all_sr_blocks=321474703_115550531_4_0_0&amp;checkin=2024-09-06&amp;checkout=2024-09-09&amp;dest_id=-645052&amp;dest_type=city&amp;dist=0&amp;group_adults=2&amp;group_children=0&amp;hapos=6&amp;highlighted_blocks=321474703_115550531_4_0_0&amp;hpos=6&amp;matching_block_id=321474703_115550531_4_0_0&amp;nflt=review_score%3D80&amp;no_rooms=1&amp;req_adults=2&amp;req_children=0&amp;room1=A%2CA&amp;sb_price_type=total&amp;sr_order=price&amp;sr_pri_blocks=321474703_115550531_4_0_0__33000&amp;srepoch=1714058441&amp;srpvid=c37066a56511012a&amp;type=total&amp;ucfs=1&amp;activeTab=photosGallery\" target=\"_blank\" rel=\"noreferrer noopener\">Booking<\/a><\/figcaption><\/figure>\n\n\n\n<p>Com instala\u00e7\u00f5es para pessoas com mobilidade reduzida, as Cabanas Broker al\u00e9m de acess\u00edvel \u00e9 tamb\u00e9m sin\u00f4nimos de aconchego. Aqui a sua hospedagem ter\u00e1 tranquilidade garantida, com vista para as montanhas, trilhas, \u00e1rea para piquenique e playground. Todas as acomoda\u00e7\u00f5es possuem varanda, ar-condicionado, banheiro privativo, cozinha compacta e completa e TV de tela plana.<\/p>\n\n\n\n<h3 class=\"wp-block-heading\"><span class=\"ez-toc-section\" id=\"4_Cabanas_Loft_Paraiso\"><\/span>4. <a href=\"https:\/\/www.booking.com\/hotel\/br\/camping-paraiso.pt-br.html?aid=2161834&amp;sid=a169dc37b2871fc90a7b903dba4aacfa&amp;all_sr_blocks=1150781004_387878118_2_0_0;checkin=2024-09-06;checkout=2024-09-09;dest_id=-645052;dest_type=city;dist=0;group_adults=2;group_children=0;hapos=24;highlighted_blocks=1150781004_387878118_2_0_0;hpos=24;matching_block_id=1150781004_387878118_2_0_0;nflt=review_score%3D80;no_rooms=1;req_adults=2;req_children=0;room1=A%2CA;sb_price_type=total;sr_order=price;sr_pri_blocks=1150781004_387878118_2_0_0__52900;srepoch=1714058838;srpvid=c37066a56511012a;type=total;ucfs=1&amp;#hotelTmpl\" target=\"_blank\" rel=\"noreferrer noopener\">Cabanas Loft Para\u00edso<\/a><span class=\"ez-toc-section-end\"><\/span><\/h3>\n\n\n\n<figure class=\"wp-block-image aligncenter size-full\"><img loading=\"lazy\" decoding=\"async\" width=\"815\" height=\"900\" src=\"https:\/\/quantocustaviajar.com\/blog\/wp-content\/uploads\/2024\/04\/hospedagem-barata-em-gramado-04.jpg\" alt=\"Hospedagem barata em Gramado\" class=\"wp-image-65805\" srcset=\"https:\/\/quantocustaviajar.com\/blog\/wp-content\/uploads\/2024\/04\/hospedagem-barata-em-gramado-04.jpg 815w, https:\/\/quantocustaviajar.com\/blog\/wp-content\/uploads\/2024\/04\/hospedagem-barata-em-gramado-04-272x300.jpg 272w, https:\/\/quantocustaviajar.com\/blog\/wp-content\/uploads\/2024\/04\/hospedagem-barata-em-gramado-04-768x848.jpg 768w\" sizes=\"auto, (max-width: 815px) 100vw, 815px\" \/><figcaption>Foto: <a href=\"https:\/\/www.booking.com\/hotel\/br\/camping-paraiso.pt-br.html?aid=2161834&amp;sid=a169dc37b2871fc90a7b903dba4aacfa&amp;all_sr_blocks=1150781004_387878118_2_0_0&amp;checkin=2024-09-06&amp;checkout=2024-09-09&amp;dest_id=-645052&amp;dest_type=city&amp;dist=0&amp;group_adults=2&amp;group_children=0&amp;hapos=24&amp;highlighted_blocks=1150781004_387878118_2_0_0&amp;hpos=24&amp;matching_block_id=1150781004_387878118_2_0_0&amp;nflt=review_score%3D80&amp;no_rooms=1&amp;req_adults=2&amp;req_children=0&amp;room1=A%2CA&amp;sb_price_type=total&amp;sr_order=price&amp;sr_pri_blocks=1150781004_387878118_2_0_0__52900&amp;srepoch=1714058838&amp;srpvid=c37066a56511012a&amp;type=total&amp;ucfs=1&amp;activeTab=photosGallery\" target=\"_blank\" rel=\"noreferrer noopener\">Booking<\/a><\/figcaption><\/figure>\n\n\n\n<p>Com nota 10 no Booking, esta op\u00e7\u00e3o de <strong>hospedagem barata em Gramado<\/strong> fica a apenas 5,6 km do Pal\u00e1cio dos Festivais, e disp\u00f5e de wi-fi gratuito, parquinho infantil, jardim e estacionamento. Nas cabanas, conte com varanda t\u00e9rrea, vista para o lago, e uma estrutura completa que conta com sala de estar, ar-condicionado, TV de tela plana, cozinha com microondas, fog\u00e3o, torradeira e geladeira e banheiro privativo.<\/p>\n\n\n\n<h3 class=\"wp-block-heading\"><span class=\"ez-toc-section\" id=\"5_Villetta_Gramado_Roma\"><\/span>5. <a href=\"https:\/\/www.booking.com\/hotel\/br\/chale-gramado-gramado123.pt-br.html?aid=2161834&amp;sid=a169dc37b2871fc90a7b903dba4aacfa&amp;all_sr_blocks=804499901_341835119_2_0_0;checkin=2024-09-06;checkout=2024-09-09;dest_id=-645052;dest_type=city;dist=0;group_adults=2;group_children=0;hapos=26;highlighted_blocks=804499901_341835119_2_0_0;hpos=1;matching_block_id=804499901_341835119_2_0_0;nflt=review_score%3D80;no_rooms=1;req_adults=2;req_children=0;room1=A%2CA;sb_price_type=total;sr_order=price;sr_pri_blocks=804499901_341835119_2_0_0__53460;srepoch=1714058809;srpvid=c37066a56511012a;type=total;ucfs=1&amp;#hotelTmpl\" target=\"_blank\" rel=\"noreferrer noopener\">Villetta Gramado Roma<\/a><span class=\"ez-toc-section-end\"><\/span><\/h3>\n\n\n\n<figure class=\"wp-block-image aligncenter size-full\"><img loading=\"lazy\" decoding=\"async\" width=\"900\" height=\"900\" src=\"https:\/\/quantocustaviajar.com\/blog\/wp-content\/uploads\/2024\/04\/hospedagem-barata-em-gramado-05.jpg\" alt=\"Hospedagem barata em Gramado\" class=\"wp-image-65806\" srcset=\"https:\/\/quantocustaviajar.com\/blog\/wp-content\/uploads\/2024\/04\/hospedagem-barata-em-gramado-05.jpg 900w, https:\/\/quantocustaviajar.com\/blog\/wp-content\/uploads\/2024\/04\/hospedagem-barata-em-gramado-05-300x300.jpg 300w, https:\/\/quantocustaviajar.com\/blog\/wp-content\/uploads\/2024\/04\/hospedagem-barata-em-gramado-05-150x150.jpg 150w, https:\/\/quantocustaviajar.com\/blog\/wp-content\/uploads\/2024\/04\/hospedagem-barata-em-gramado-05-768x768.jpg 768w\" sizes=\"auto, (max-width: 900px) 100vw, 900px\" \/><figcaption>Foto: <a href=\"https:\/\/www.booking.com\/hotel\/br\/chale-gramado-gramado123.pt-br.html?aid=2161834&amp;sid=a169dc37b2871fc90a7b903dba4aacfa&amp;all_sr_blocks=804499901_341835119_2_0_0&amp;checkin=2024-09-06&amp;checkout=2024-09-09&amp;dest_id=-645052&amp;dest_type=city&amp;dist=0&amp;group_adults=2&amp;group_children=0&amp;hapos=26&amp;highlighted_blocks=804499901_341835119_2_0_0&amp;hpos=1&amp;matching_block_id=804499901_341835119_2_0_0&amp;nflt=review_score%3D80&amp;no_rooms=1&amp;req_adults=2&amp;req_children=0&amp;room1=A%2CA&amp;sb_price_type=total&amp;sr_order=price&amp;sr_pri_blocks=804499901_341835119_2_0_0__53460&amp;srepoch=1714058809&amp;srpvid=c37066a56511012a&amp;type=total&amp;ucfs=1&amp;activeTab=photosGallery\" target=\"_blank\" rel=\"noreferrer noopener\">Booking<\/a><\/figcaption><\/figure>\n\n\n\n<p>Grandes grupos de viajantes podem contar com o Villetta como op\u00e7\u00e3o de <strong>hospedagem barata em Gramado<\/strong> sem abrir m\u00e3o do conforto. A propriedade fica a 4,9 km do Lago Negro, e todas as unidades possuem estacionamento gratuito, varanda, cozinha equipada, banheiro privativo e TV de tela plana. A estrutura dos chal\u00e9s oferece praticidade para todos os tipos de viajantes, e n\u00e3o \u00e9 a toa que recebeu nota m\u00e1xima de quem j\u00e1 passou por l\u00e1.<\/p>\n\n\n\n<h3 class=\"wp-block-heading\"><span class=\"ez-toc-section\" id=\"6_Pousada_da_Tia_Eni\"><\/span>6. <a href=\"https:\/\/www.booking.com\/hotel\/br\/pousada-tia-eni.pt-br.html?aid=2161834&amp;sid=a169dc37b2871fc90a7b903dba4aacfa&amp;all_sr_blocks=41737601_210778498_2_1_0;checkin=2024-09-06;checkout=2024-09-09;dest_id=-645052;dest_type=city;dist=0;group_adults=2;group_children=0;hapos=34;highlighted_blocks=41737601_210778498_2_1_0;hpos=9;matching_block_id=41737601_210778498_2_1_0;nflt=review_score%3D80;no_rooms=1;req_adults=2;req_children=0;room1=A%2CA;sb_price_type=total;sr_order=price;sr_pri_blocks=41737601_210778498_2_1_0__57000;srepoch=1714058809;srpvid=c37066a56511012a;type=total;ucfs=1&amp;#hotelTmpl\" target=\"_blank\" rel=\"noreferrer noopener\">Pousada da Tia Eni<\/a><span class=\"ez-toc-section-end\"><\/span><\/h3>\n\n\n\n<figure class=\"wp-block-image aligncenter size-large\"><img loading=\"lazy\" decoding=\"async\" width=\"1024\" height=\"678\" src=\"https:\/\/quantocustaviajar.com\/blog\/wp-content\/uploads\/2024\/04\/hospedagem-barata-em-gramado-06-1024x678.jpg\" alt=\"Hospedagem barata em Gramado\" class=\"wp-image-65807\" srcset=\"https:\/\/quantocustaviajar.com\/blog\/wp-content\/uploads\/2024\/04\/hospedagem-barata-em-gramado-06-1024x678.jpg 1024w, https:\/\/quantocustaviajar.com\/blog\/wp-content\/uploads\/2024\/04\/hospedagem-barata-em-gramado-06-300x199.jpg 300w, https:\/\/quantocustaviajar.com\/blog\/wp-content\/uploads\/2024\/04\/hospedagem-barata-em-gramado-06-768x509.jpg 768w, https:\/\/quantocustaviajar.com\/blog\/wp-content\/uploads\/2024\/04\/hospedagem-barata-em-gramado-06.jpg 1280w\" sizes=\"auto, (max-width: 1024px) 100vw, 1024px\" \/><figcaption>Foto: <a href=\"https:\/\/www.booking.com\/hotel\/br\/pousada-tia-eni.pt-br.html?aid=2161834&amp;sid=a169dc37b2871fc90a7b903dba4aacfa&amp;all_sr_blocks=41737601_210778498_2_1_0&amp;checkin=2024-09-06&amp;checkout=2024-09-09&amp;dest_id=-645052&amp;dest_type=city&amp;dist=0&amp;group_adults=2&amp;group_children=0&amp;hapos=34&amp;highlighted_blocks=41737601_210778498_2_1_0&amp;hpos=9&amp;matching_block_id=41737601_210778498_2_1_0&amp;nflt=review_score%3D80&amp;no_rooms=1&amp;req_adults=2&amp;req_children=0&amp;room1=A%2CA&amp;sb_price_type=total&amp;sr_order=price&amp;sr_pri_blocks=41737601_210778498_2_1_0__57000&amp;srepoch=1714058809&amp;srpvid=c37066a56511012a&amp;type=total&amp;ucfs=1&amp;activeTab=photosGallery\" target=\"_blank\" rel=\"noreferrer noopener\">Booking<\/a><\/figcaption><\/figure>\n\n\n\n<p>A simplicidade e o aconchego caminham juntos nessa hospedagem, que far\u00e1 voc\u00ea se sentir como se estivesse visitando uma av\u00f3 ou tia querida. A Pousada da Tia Eni fica a 2km do centro de Gramado, com estacionamento, caf\u00e9 da manh\u00e3 caprichado e wi-fi gratuitos, quartos com ar-condicionado, banheiro privativo, TV e guarda-roupas, que acomodam at\u00e9 4 pessoas.<\/p>\n\n\n\n<h3 class=\"wp-block-heading\"><span class=\"ez-toc-section\" id=\"7_Pousada_dos_Passaros\"><\/span>7. <a href=\"https:\/\/www.booking.com\/hotel\/br\/aptos-em-gramado-temporada-gramado1.pt-br.html?aid=2161834&amp;sid=a169dc37b2871fc90a7b903dba4aacfa&amp;all_sr_blocks=676700610_372110936_2_1_0;checkin=2024-09-06;checkout=2024-09-09;dest_id=-645052;dest_type=city;dist=0;group_adults=2;group_children=0;hapos=39;highlighted_blocks=676700610_372110936_2_1_0;hpos=14;matching_block_id=676700610_372110936_2_1_0;nflt=review_score%3D80;no_rooms=1;req_adults=2;req_children=0;room1=A%2CA;sb_price_type=total;sr_order=price;sr_pri_blocks=676700610_372110936_2_1_0__59356;srepoch=1714058809;srpvid=c37066a56511012a;type=total;ucfs=1&amp;#hotelTmpl\" target=\"_blank\" rel=\"noreferrer noopener\">Pousada dos P\u00e1ssaros<\/a><span class=\"ez-toc-section-end\"><\/span><\/h3>\n\n\n\n<figure class=\"wp-block-image aligncenter size-large\"><img loading=\"lazy\" decoding=\"async\" width=\"1024\" height=\"865\" src=\"https:\/\/quantocustaviajar.com\/blog\/wp-content\/uploads\/2024\/04\/hospedagem-barata-em-gramado-07-1024x865.jpg\" alt=\"Hospedagem barata em Gramado\" class=\"wp-image-65808\" srcset=\"https:\/\/quantocustaviajar.com\/blog\/wp-content\/uploads\/2024\/04\/hospedagem-barata-em-gramado-07-1024x865.jpg 1024w, https:\/\/quantocustaviajar.com\/blog\/wp-content\/uploads\/2024\/04\/hospedagem-barata-em-gramado-07-300x254.jpg 300w, https:\/\/quantocustaviajar.com\/blog\/wp-content\/uploads\/2024\/04\/hospedagem-barata-em-gramado-07-768x649.jpg 768w, https:\/\/quantocustaviajar.com\/blog\/wp-content\/uploads\/2024\/04\/hospedagem-barata-em-gramado-07.jpg 1065w\" sizes=\"auto, (max-width: 1024px) 100vw, 1024px\" \/><figcaption>Foto: <a href=\"https:\/\/www.booking.com\/hotel\/br\/aptos-em-gramado-temporada-gramado1.pt-br.html?aid=2161834&amp;sid=a169dc37b2871fc90a7b903dba4aacfa&amp;all_sr_blocks=676700610_372110936_2_1_0&amp;checkin=2024-09-06&amp;checkout=2024-09-09&amp;dest_id=-645052&amp;dest_type=city&amp;dist=0&amp;group_adults=2&amp;group_children=0&amp;hapos=39&amp;highlighted_blocks=676700610_372110936_2_1_0&amp;hpos=14&amp;matching_block_id=676700610_372110936_2_1_0&amp;nflt=review_score%3D80&amp;no_rooms=1&amp;req_adults=2&amp;req_children=0&amp;room1=A%2CA&amp;sb_price_type=total&amp;sr_order=price&amp;sr_pri_blocks=676700610_372110936_2_1_0__59356&amp;srepoch=1714058809&amp;srpvid=c37066a56511012a&amp;type=total&amp;ucfs=1&amp;activeTab=photosGallery\" target=\"_blank\" rel=\"noreferrer noopener\">Booking<\/a><\/figcaption><\/figure>\n\n\n\n<p>Esta \u00e9 uma op\u00e7\u00e3o de <strong>hospedagem barata em Gramado<\/strong> que oferece maior flexibilidade para reagendamento, caso precise mudar os planos. A 3,4 km do Pal\u00e1cio dos Festivais, a Pousada dos P\u00e1ssaros tamb\u00e9m se difere por usa \u00f3tima localiza\u00e7\u00e3o, al\u00e9m de ser muito procurado especialmente por casais. A estrutura \u00e9 simples, mas garante todo o conforto que voc\u00ea precisa: os quartos s\u00e3o equipados com frigobar, ar-condicionado, TV de tela plana e banheiro. O caf\u00e9 da manh\u00e3 \u00e9 por conta da casa.<\/p>\n\n\n\n<h2 class=\"wp-block-heading\"><span class=\"ez-toc-section\" id=\"Quem_busca_hospedagem_barata_em_Gramado_quer_passeios_baratos_em_Gramado\"><\/span>Quem busca hospedagem barata em Gramado quer passeios baratos em Gramado :)<span class=\"ez-toc-section-end\"><\/span><\/h2>\n\n\n\n<figure class=\"wp-block-image aligncenter size-full\"><img loading=\"lazy\" decoding=\"async\" width=\"1024\" height=\"683\" src=\"https:\/\/quantocustaviajar.com\/blog\/wp-content\/uploads\/2024\/04\/hospedagem-barata-em-gramado-00.jpg\" alt=\"\" class=\"wp-image-65809\" srcset=\"https:\/\/quantocustaviajar.com\/blog\/wp-content\/uploads\/2024\/04\/hospedagem-barata-em-gramado-00.jpg 1024w, https:\/\/quantocustaviajar.com\/blog\/wp-content\/uploads\/2024\/04\/hospedagem-barata-em-gramado-00-300x200.jpg 300w, https:\/\/quantocustaviajar.com\/blog\/wp-content\/uploads\/2024\/04\/hospedagem-barata-em-gramado-00-768x512.jpg 768w\" sizes=\"auto, (max-width: 1024px) 100vw, 1024px\" \/><figcaption>Foto: <a href=\"https:\/\/commons.wikimedia.org\/wiki\/File:Gramado_RS_2022.jpg\" target=\"_blank\" rel=\"noreferrer noopener\">Wikimedia Commons<\/a><\/figcaption><\/figure>\n\n\n\n<p>Mesmo sendo um destino considerado caro, aqui neste post tivemos a comprova\u00e7\u00e3o de que \u00e9 poss\u00edvel encontrar uma <strong>hospedagem barata em Gramado<\/strong>,  mas saiba que \u00e9 poss\u00edvel tamb\u00e9m curtir diferentes atra\u00e7\u00f5es gastando pouco. Mas antes de falar sobre ela, vamos a uma dica primordial? Para economizar com deslocamento, o modo mais pr\u00e1tico e eficiente \u00e9 <strong><a href=\"https:\/\/www.turismocity.com.br\/carros\" target=\"_blank\" rel=\"noreferrer noopener\">alugar um carro<\/a><\/strong>, principalmente se a sua viagem ser\u00e1 feita em duas ou mais pessoas. Feito isso, tome nota de um roteiro econ\u00f4mico que promete deixar a sua viagem completa:<\/p>\n\n\n\n<ul class=\"wp-block-list\"><li><strong>Lago Negro<\/strong>: este parque encantador \u00e9 uma \u00f3tima pedida para caminhar, tomar um chimarr\u00e3o enquanto relaxa no gramado, e tamb\u00e9m curtir os atrativos do entorno &#8211; h\u00e1 uma gruta com a imagem de Nossa Senhora que merece a sua visita, o pedalinho, e tamb\u00e9m um restaurante e banheiros que atendem bem as necessidades dos visitantes durante todo o dia;<\/li><li><strong>Rua Coberta<\/strong>: durante todo o ano, diversos eventos acontecem por ali e com entrada gratuita, como  a Semana do Meio Ambiente, a Exposi\u00e7\u00e3o Nacional de Orqu\u00eddeas, as apresenta\u00e7\u00f5es natalinas, entre outros. H\u00e1 tamb\u00e9m diversas lojas de artesanato, livrarias e artigos de inverno;<\/li><li><strong>Le Jardin Parque de Lavanda<\/strong>: este parque fica bem na entrada de Gramado, e al\u00e9m da exposi\u00e7\u00e3o das diferentes esp\u00e9cies de lavanda, h\u00e1 tamb\u00e9m um bistr\u00f4 e uma lojinha. A entrada custa R$40 e o estacionamento \u00e9 gratuito;<\/li><li><strong>Pra\u00e7a das Etnias<\/strong>: fica ao lado da rodovi\u00e1ria de Gramado, e por l\u00e1 voc\u00ea encontrar\u00e1 3 casas que representam os pa\u00edses respons\u00e1veis pela coloniza\u00e7\u00e3o da cidade: It\u00e1lia, Alemanha e Portugal &#8211; cada uma com uma atra\u00e7\u00e3o diferente. Aos s\u00e1bados acontece uma feirinha imperd\u00edvel, que come\u00e7a \u00e0s 7h;<\/li><li><strong>Rua Torta<\/strong>: fica em frente \u00e0 Pra\u00e7a das Etnias e chama muito a aten\u00e7\u00e3o dos turistas n\u00e3o s\u00f3 por fazer jus ao nome, mas tamb\u00e9m por ser lindamente decorada com v\u00e1rios arbustos de flores. O passeio rende fotos incr\u00edveis;<\/li><li><strong>Mirante do Belvedere<\/strong>: curta a melhor vista do Vale do Quilombo neste mirante, que fica na estrada que liga Gramado \u00e0 Canela. N\u00e3o \u00e9 preciso pagar nada para curtir o cen\u00e1rio, h\u00e1 lugar para estacionar o carro gratuitamente, e o melhor hor\u00e1rio para ir at\u00e9 l\u00e1 \u00e9 durante o p\u00f4r do sol &#8211; voc\u00ea n\u00e3o vai ser arrepender;<\/li><li><strong>Pal\u00e1cio dos Festivais<\/strong>: a casa do maior festival da Am\u00e9rica Latina (Festival de Gramado) fica aberto \u00e0s sextas, s\u00e1bados e domingos para exibi\u00e7\u00e3o de alguns filmes, mas se a ideia \u00e9 n\u00e3o gastar, vale a visita para conhecer o edif\u00edcio de estilo colonial;<\/li><li><strong>Fonte do Amor Eterno<\/strong>: a famosa fonte repleta de cadeados tamb\u00e9m \u00e9 um cen\u00e1rio perfeito para fotos, e de quebra, vale combinar com o moz\u00e3o de eternizar o amor de voc\u00eas por l\u00e1 tamb\u00e9m.<\/li><\/ul>\n\n\n\n<p><strong><a href=\"https:\/\/quantocustaviajar.com\/brasil\/gramado\" target=\"_blank\" rel=\"noreferrer noopener\">Confira quanto Quanto Custa Viajar<\/a><\/strong> para Gramado e veja aqui outros <a href=\"https:\/\/quantocustaviajar.com\/blog\/passeios-em-gramado\/\" target=\"_blank\" rel=\"noreferrer noopener\">passeios em Gramado<\/a> (muitos pagos).<\/p>\n","protected":false},"excerpt":{"rendered":"<p>Gramado \u00e9 um dos destinos mais procurados pelos turistas no Brasil, e embora seja muito visitado durante o inverno e fim de ano, os in\u00fameros atrativos da cidade ficam dispon\u00edveis para visita\u00e7\u00e3o durante todo o ano. E pensando em uma viagem econ\u00f4mica, criamos para voc\u00ea uma lista com op\u00e7\u00f5es de hospedagem barata em Gramado, entre [&hellip;]<\/p>\n","protected":false},"author":19,"featured_media":65809,"comment_status":"open","ping_status":"open","sticky":false,"template":"","format":"standard","meta":{"cybocfi_hide_featured_image":"","footnotes":""},"categories":[1438],"tags":[266,77,215,74,4620,211,321,16],"class_list":["post-65800","post","type-post","status-publish","format-standard","has-post-thumbnail","hentry","category-dicas-praticas","tag-brasil","tag-dicas","tag-gramado","tag-hospedagem","tag-hospedagem-barata-em-gramado","tag-o-que-fazer","tag-passeios","tag-viagem"],"blocksy_meta":[],"yoast_head":"<!-- This site is optimized with the Yoast SEO plugin v26.3 - https:\/\/yoast.com\/wordpress\/plugins\/seo\/ -->\n<title>Hospedagem barata em Gramado: op\u00e7\u00f5es para colocar no radar<\/title>\n<meta name=\"description\" content=\"Uma sele\u00e7\u00e3o de Hospedagem barata em Gramado para voc\u00ea curtir as pr\u00f3ximas f\u00e9rias sem estourar o seu or\u00e7amento.\" \/>\n<meta name=\"robots\" content=\"index, follow, max-snippet:-1, max-image-preview:large, max-video-preview:-1\" \/>\n<link rel=\"canonical\" href=\"https:\/\/quantocustaviajar.com\/blog\/hospedagem-barata-em-gramado\/\" \/>\n<meta property=\"og:locale\" content=\"pt_BR\" \/>\n<meta property=\"og:type\" content=\"article\" \/>\n<meta property=\"og:title\" content=\"Hospedagem barata em Gramado: op\u00e7\u00f5es para colocar no radar\" \/>\n<meta property=\"og:description\" content=\"Uma sele\u00e7\u00e3o de Hospedagem barata em Gramado para voc\u00ea curtir as pr\u00f3ximas f\u00e9rias sem estourar o seu or\u00e7amento.\" \/>\n<meta property=\"og:url\" content=\"https:\/\/quantocustaviajar.com\/blog\/hospedagem-barata-em-gramado\/\" \/>\n<meta property=\"og:site_name\" content=\"Blog Quanto Custa Viajar\" \/>\n<meta property=\"article:publisher\" content=\"https:\/\/www.facebook.com\/quantocustaviajar\" \/>\n<meta property=\"article:published_time\" content=\"2024-04-30T14:37:57+00:00\" \/>\n<meta property=\"article:modified_time\" content=\"2024-04-30T14:37:59+00:00\" \/>\n<meta property=\"og:image\" content=\"https:\/\/quantocustaviajar.com\/blog\/wp-content\/uploads\/2024\/04\/hospedagem-barata-em-gramado-00.jpg\" \/>\n\t<meta property=\"og:image:width\" content=\"1024\" \/>\n\t<meta property=\"og:image:height\" content=\"683\" \/>\n\t<meta property=\"og:image:type\" content=\"image\/jpeg\" \/>\n<meta name=\"author\" content=\"Sheila Almendros\" \/>\n<meta name=\"twitter:card\" content=\"summary_large_image\" \/>\n<meta name=\"twitter:label1\" content=\"Escrito por\" \/>\n\t<meta name=\"twitter:data1\" content=\"Sheila Almendros\" \/>\n\t<meta name=\"twitter:label2\" content=\"Est. tempo de leitura\" \/>\n\t<meta name=\"twitter:data2\" content=\"8 minutos\" \/>\n<!-- \/ Yoast SEO plugin. -->","yoast_head_json":{"title":"Hospedagem barata em Gramado: op\u00e7\u00f5es para colocar no radar","description":"Uma sele\u00e7\u00e3o de Hospedagem barata em Gramado para voc\u00ea curtir as pr\u00f3ximas f\u00e9rias sem estourar o seu or\u00e7amento.","robots":{"index":"index","follow":"follow","max-snippet":"max-snippet:-1","max-image-preview":"max-image-preview:large","max-video-preview":"max-video-preview:-1"},"canonical":"https:\/\/quantocustaviajar.com\/blog\/hospedagem-barata-em-gramado\/","og_locale":"pt_BR","og_type":"article","og_title":"Hospedagem barata em Gramado: op\u00e7\u00f5es para colocar no radar","og_description":"Uma sele\u00e7\u00e3o de Hospedagem barata em Gramado para voc\u00ea curtir as pr\u00f3ximas f\u00e9rias sem estourar o seu or\u00e7amento.","og_url":"https:\/\/quantocustaviajar.com\/blog\/hospedagem-barata-em-gramado\/","og_site_name":"Blog Quanto Custa Viajar","article_publisher":"https:\/\/www.facebook.com\/quantocustaviajar","article_published_time":"2024-04-30T14:37:57+00:00","article_modified_time":"2024-04-30T14:37:59+00:00","og_image":[{"width":1024,"height":683,"url":"https:\/\/quantocustaviajar.com\/blog\/wp-content\/uploads\/2024\/04\/hospedagem-barata-em-gramado-00.jpg","type":"image\/jpeg"}],"author":"Sheila Almendros","twitter_card":"summary_large_image","twitter_misc":{"Escrito por":"Sheila Almendros","Est. tempo de leitura":"8 minutos"},"schema":{"@context":"https:\/\/schema.org","@graph":[{"@type":["Article","BlogPosting"],"@id":"https:\/\/quantocustaviajar.com\/blog\/hospedagem-barata-em-gramado\/#article","isPartOf":{"@id":"https:\/\/quantocustaviajar.com\/blog\/hospedagem-barata-em-gramado\/"},"author":{"name":"Sheila Almendros","@id":"https:\/\/quantocustaviajar.com\/blog\/#\/schema\/person\/66bc96b9076769d61f47e383ac516439"},"headline":"Hospedagem barata em Gramado: op\u00e7\u00f5es para colocar em seu radar","datePublished":"2024-04-30T14:37:57+00:00","dateModified":"2024-04-30T14:37:59+00:00","mainEntityOfPage":{"@id":"https:\/\/quantocustaviajar.com\/blog\/hospedagem-barata-em-gramado\/"},"wordCount":1119,"commentCount":0,"publisher":{"@id":"https:\/\/quantocustaviajar.com\/blog\/#organization"},"image":{"@id":"https:\/\/quantocustaviajar.com\/blog\/hospedagem-barata-em-gramado\/#primaryimage"},"thumbnailUrl":"https:\/\/quantocustaviajar.com\/blog\/wp-content\/uploads\/2024\/04\/hospedagem-barata-em-gramado-00.jpg","keywords":["Brasil","dicas","Gramado","hospedagem","hospedagem barata em gramado","o que fazer","passeios","viagem"],"articleSection":["Dicas pr\u00e1ticas"],"inLanguage":"pt-BR","potentialAction":[{"@type":"CommentAction","name":"Comment","target":["https:\/\/quantocustaviajar.com\/blog\/hospedagem-barata-em-gramado\/#respond"]}]},{"@type":"WebPage","@id":"https:\/\/quantocustaviajar.com\/blog\/hospedagem-barata-em-gramado\/","url":"https:\/\/quantocustaviajar.com\/blog\/hospedagem-barata-em-gramado\/","name":"Hospedagem barata em Gramado: op\u00e7\u00f5es para colocar no radar","isPartOf":{"@id":"https:\/\/quantocustaviajar.com\/blog\/#website"},"primaryImageOfPage":{"@id":"https:\/\/quantocustaviajar.com\/blog\/hospedagem-barata-em-gramado\/#primaryimage"},"image":{"@id":"https:\/\/quantocustaviajar.com\/blog\/hospedagem-barata-em-gramado\/#primaryimage"},"thumbnailUrl":"https:\/\/quantocustaviajar.com\/blog\/wp-content\/uploads\/2024\/04\/hospedagem-barata-em-gramado-00.jpg","datePublished":"2024-04-30T14:37:57+00:00","dateModified":"2024-04-30T14:37:59+00:00","description":"Uma sele\u00e7\u00e3o de Hospedagem barata em Gramado para voc\u00ea curtir as pr\u00f3ximas f\u00e9rias sem estourar o seu or\u00e7amento.","breadcrumb":{"@id":"https:\/\/quantocustaviajar.com\/blog\/hospedagem-barata-em-gramado\/#breadcrumb"},"inLanguage":"pt-BR","potentialAction":[{"@type":"ReadAction","target":["https:\/\/quantocustaviajar.com\/blog\/hospedagem-barata-em-gramado\/"]}]},{"@type":"ImageObject","inLanguage":"pt-BR","@id":"https:\/\/quantocustaviajar.com\/blog\/hospedagem-barata-em-gramado\/#primaryimage","url":"https:\/\/quantocustaviajar.com\/blog\/wp-content\/uploads\/2024\/04\/hospedagem-barata-em-gramado-00.jpg","contentUrl":"https:\/\/quantocustaviajar.com\/blog\/wp-content\/uploads\/2024\/04\/hospedagem-barata-em-gramado-00.jpg","width":1024,"height":683,"caption":"Pousadas na Serra Ga\u00facha"},{"@type":"BreadcrumbList","@id":"https:\/\/quantocustaviajar.com\/blog\/hospedagem-barata-em-gramado\/#breadcrumb","itemListElement":[{"@type":"ListItem","position":1,"name":"In\u00edcio","item":"https:\/\/quantocustaviajar.com\/blog\/"},{"@type":"ListItem","position":2,"name":"Hospedagem barata em Gramado: op\u00e7\u00f5es para colocar em seu radar"}]},{"@type":"WebSite","@id":"https:\/\/quantocustaviajar.com\/blog\/#website","url":"https:\/\/quantocustaviajar.com\/blog\/","name":"Blog Quanto Custa Viajar","description":"","publisher":{"@id":"https:\/\/quantocustaviajar.com\/blog\/#organization"},"potentialAction":[{"@type":"SearchAction","target":{"@type":"EntryPoint","urlTemplate":"https:\/\/quantocustaviajar.com\/blog\/?s={search_term_string}"},"query-input":{"@type":"PropertyValueSpecification","valueRequired":true,"valueName":"search_term_string"}}],"inLanguage":"pt-BR"},{"@type":"Organization","@id":"https:\/\/quantocustaviajar.com\/blog\/#organization","name":"Quanto Custa Viajar","url":"https:\/\/quantocustaviajar.com\/blog\/","logo":{"@type":"ImageObject","inLanguage":"pt-BR","@id":"https:\/\/quantocustaviajar.com\/blog\/#\/schema\/logo\/image\/","url":"","contentUrl":"","caption":"Quanto Custa Viajar"},"image":{"@id":"https:\/\/quantocustaviajar.com\/blog\/#\/schema\/logo\/image\/"},"sameAs":["https:\/\/www.facebook.com\/quantocustaviajar"]},{"@type":"Person","@id":"https:\/\/quantocustaviajar.com\/blog\/#\/schema\/person\/66bc96b9076769d61f47e383ac516439","name":"Sheila Almendros","image":{"@type":"ImageObject","inLanguage":"pt-BR","@id":"https:\/\/quantocustaviajar.com\/blog\/#\/schema\/person\/image\/","url":"https:\/\/secure.gravatar.com\/avatar\/f38e2f0e4f0d273587e0882ec5d6afa5cd3463efd68233d49b41368144e219b5?s=96&d=mm&r=g","contentUrl":"https:\/\/secure.gravatar.com\/avatar\/f38e2f0e4f0d273587e0882ec5d6afa5cd3463efd68233d49b41368144e219b5?s=96&d=mm&r=g","caption":"Sheila Almendros"},"description":"Jornalista, produtora de conte\u00fado web e apaixonada pelo mundo.","url":"https:\/\/quantocustaviajar.com\/blog\/author\/sheila-almendros\/"}]}},"_links":{"self":[{"href":"https:\/\/quantocustaviajar.com\/blog\/wp-json\/wp\/v2\/posts\/65800","targetHints":{"allow":["GET"]}}],"collection":[{"href":"https:\/\/quantocustaviajar.com\/blog\/wp-json\/wp\/v2\/posts"}],"about":[{"href":"https:\/\/quantocustaviajar.com\/blog\/wp-json\/wp\/v2\/types\/post"}],"author":[{"embeddable":true,"href":"https:\/\/quantocustaviajar.com\/blog\/wp-json\/wp\/v2\/users\/19"}],"replies":[{"embeddable":true,"href":"https:\/\/quantocustaviajar.com\/blog\/wp-json\/wp\/v2\/comments?post=65800"}],"version-history":[{"count":4,"href":"https:\/\/quantocustaviajar.com\/blog\/wp-json\/wp\/v2\/posts\/65800\/revisions"}],"predecessor-version":[{"id":65881,"href":"https:\/\/quantocustaviajar.com\/blog\/wp-json\/wp\/v2\/posts\/65800\/revisions\/65881"}],"wp:featuredmedia":[{"embeddable":true,"href":"https:\/\/quantocustaviajar.com\/blog\/wp-json\/wp\/v2\/media\/65809"}],"wp:attachment":[{"href":"https:\/\/quantocustaviajar.com\/blog\/wp-json\/wp\/v2\/media?parent=65800"}],"wp:term":[{"taxonomy":"category","embeddable":true,"href":"https:\/\/quantocustaviajar.com\/blog\/wp-json\/wp\/v2\/categories?post=65800"},{"taxonomy":"post_tag","embeddable":true,"href":"https:\/\/quantocustaviajar.com\/blog\/wp-json\/wp\/v2\/tags?post=65800"}],"curies":[{"name":"wp","href":"https:\/\/api.w.org\/{rel}","templated":true}]}}