{"id":64839,"date":"2024-03-22T19:25:55","date_gmt":"2024-03-22T19:25:55","guid":{"rendered":"https:\/\/quantocustaviajar.com\/blog\/?p=64839"},"modified":"2024-03-22T19:25:56","modified_gmt":"2024-03-22T19:25:56","slug":"de-porto-alegre-para-gramado","status":"publish","type":"post","link":"https:\/\/quantocustaviajar.com\/blog\/de-porto-alegre-para-gramado\/","title":{"rendered":"Como ir de Porto Alegre para Gramado"},"content":{"rendered":"\n<p><strong>Gramado<\/strong> \u00e9 um dos destinos mais procurados do Brasil, principalmente no per\u00edodo de inverno e fim de ano, quando a cidade ganha uma atmosfera m\u00e1gica, com decora\u00e7\u00e3o tem\u00e1tica natalina. Com arquitetura europeia influenciada por seus colonizadores, a cidade exala aconchego no melhor clima intimista, ideal para casais que buscam um destino para curtir a dois ou at\u00e9 mesmo comemorar datas especiais e viver uma <strong><a href=\"https:\/\/quantocustaviajar.com\/blog\/lua-de-mel-em-gramado\/\" target=\"_blank\" rel=\"noreferrer noopener\">lua de mel em Gramado inesquec\u00edvel<\/a><\/strong>. Confira nesse post como ir de Porto Alegre para Gramado.<\/p><div id=\"ez-toc-container\" class=\"ez-toc-v2_0_76 ez-toc-wrap-left counter-hierarchy ez-toc-counter ez-toc-light-blue ez-toc-container-direction\">\n<div class=\"ez-toc-title-container\">\n<p class=\"ez-toc-title\" style=\"cursor:inherit\">Aqui voc\u00ea ir\u00e1 encontrar<\/p>\n<span class=\"ez-toc-title-toggle\"><a href=\"#\" class=\"ez-toc-pull-right ez-toc-btn ez-toc-btn-xs ez-toc-btn-default ez-toc-toggle\" aria-label=\"Alternar tabela de conte\u00fado\"><span class=\"ez-toc-js-icon-con\"><span class=\"\"><span class=\"eztoc-hide\" style=\"display:none;\">Toggle<\/span><span class=\"ez-toc-icon-toggle-span\"><svg style=\"fill: #999;color:#999\" xmlns=\"http:\/\/www.w3.org\/2000\/svg\" class=\"list-377408\" width=\"20px\" height=\"20px\" viewBox=\"0 0 24 24\" fill=\"none\"><path d=\"M6 6H4v2h2V6zm14 0H8v2h12V6zM4 11h2v2H4v-2zm16 0H8v2h12v-2zM4 16h2v2H4v-2zm16 0H8v2h12v-2z\" fill=\"currentColor\"><\/path><\/svg><svg style=\"fill: #999;color:#999\" class=\"arrow-unsorted-368013\" xmlns=\"http:\/\/www.w3.org\/2000\/svg\" width=\"10px\" height=\"10px\" viewBox=\"0 0 24 24\" version=\"1.2\" baseProfile=\"tiny\"><path d=\"M18.2 9.3l-6.2-6.3-6.2 6.3c-.2.2-.3.4-.3.7s.1.5.3.7c.2.2.4.3.7.3h11c.3 0 .5-.1.7-.3.2-.2.3-.5.3-.7s-.1-.5-.3-.7zM5.8 14.7l6.2 6.3 6.2-6.3c.2-.2.3-.5.3-.7s-.1-.5-.3-.7c-.2-.2-.4-.3-.7-.3h-11c-.3 0-.5.1-.7.3-.2.2-.3.5-.3.7s.1.5.3.7z\"\/><\/svg><\/span><\/span><\/span><\/a><\/span><\/div>\n<nav><ul class='ez-toc-list ez-toc-list-level-1 ' ><li class='ez-toc-page-1 ez-toc-heading-level-2'><a class=\"ez-toc-link ez-toc-heading-1\" href=\"https:\/\/quantocustaviajar.com\/blog\/de-porto-alegre-para-gramado\/#Como_chegar_em_Gramado\" >Como chegar em Gramado<\/a><\/li><li class='ez-toc-page-1 ez-toc-heading-level-2'><a class=\"ez-toc-link ez-toc-heading-2\" href=\"https:\/\/quantocustaviajar.com\/blog\/de-porto-alegre-para-gramado\/#Distancia_entre_Porto_Alegre_para_Gramado\" >Dist\u00e2ncia entre Porto Alegre para Gramado<\/a><\/li><li class='ez-toc-page-1 ez-toc-heading-level-2'><a class=\"ez-toc-link ez-toc-heading-3\" href=\"https:\/\/quantocustaviajar.com\/blog\/de-porto-alegre-para-gramado\/#Como_ir_a_Gramado_de_carro\" >Como ir \u00e0 Gramado de carro<\/a><\/li><li class='ez-toc-page-1 ez-toc-heading-level-2'><a class=\"ez-toc-link ez-toc-heading-4\" href=\"https:\/\/quantocustaviajar.com\/blog\/de-porto-alegre-para-gramado\/#Como_ir_para_Porto_Alegre_de_onibus\" >Como ir para Porto Alegre de \u00f4nibus<\/a><\/li><\/ul><\/nav><\/div>\n\n\n\n\n<h2 class=\"wp-block-heading\"><span class=\"ez-toc-section\" id=\"Como_chegar_em_Gramado\"><\/span>Como chegar em Gramado<span class=\"ez-toc-section-end\"><\/span><\/h2>\n\n\n\n<p>Mas <strong>Gramado<\/strong> n\u00e3o \u00e9 ideal somente para casais: com <strong><a href=\"https:\/\/quantocustaviajar.com\/blog\/passeios-em-gramado\/\" target=\"_blank\" rel=\"noreferrer noopener\">diversas atra\u00e7\u00f5es para todas as idades<\/a><\/strong>, fam\u00edlias e grupos de amigos tamb\u00e9m s\u00e3o muito bem vindos. O circuito gastron\u00f4mico da cidade tamb\u00e9m \u00e9 caprichado, com diversas op\u00e7\u00f5es de restaurantes, que contam com um menu variado: de comidinhas tradicionais, <strong><a href=\"https:\/\/quantocustaviajar.com\/blog\/fondue-em-gramado-onde-comer\/\" target=\"_blank\" rel=\"noreferrer noopener\">fondue<\/a><\/strong> at\u00e9 <strong><a href=\"https:\/\/quantocustaviajar.com\/blog\/cafe-colonial-em-gramado\/\" target=\"_blank\" rel=\"noreferrer noopener\">caf\u00e9s coloniais<\/a><\/strong>. <\/p>\n\n\n\n<figure class=\"wp-block-image aligncenter size-large\"><img loading=\"lazy\" decoding=\"async\" width=\"1024\" height=\"682\" src=\"https:\/\/quantocustaviajar.com\/blog\/wp-content\/uploads\/2024\/03\/de-porto-alegre-a-gramado-01-1-1024x682.jpg\" alt=\"de porto alegre a gramado\" class=\"wp-image-64868\" srcset=\"https:\/\/quantocustaviajar.com\/blog\/wp-content\/uploads\/2024\/03\/de-porto-alegre-a-gramado-01-1-1024x682.jpg 1024w, https:\/\/quantocustaviajar.com\/blog\/wp-content\/uploads\/2024\/03\/de-porto-alegre-a-gramado-01-1-300x200.jpg 300w, https:\/\/quantocustaviajar.com\/blog\/wp-content\/uploads\/2024\/03\/de-porto-alegre-a-gramado-01-1-768x512.jpg 768w, https:\/\/quantocustaviajar.com\/blog\/wp-content\/uploads\/2024\/03\/de-porto-alegre-a-gramado-01-1.jpg 1280w\" sizes=\"auto, (max-width: 1024px) 100vw, 1024px\" \/><figcaption>Foto: <a href=\"https:\/\/commons.wikimedia.org\/wiki\/File:Gramado_RS_2022.jpg\" target=\"_blank\" rel=\"noreferrer noopener\">Wikimedia Commons<\/a><\/figcaption><\/figure>\n\n\n\n<p>E quem vem de outros estados, o ponto de chegada costuma ser pela capital Porto Alegre &#8211; o principal aeroporto do estado est\u00e1 localizado na cidade, e \u00e9 por isso que neste post voc\u00ea saber\u00e1 quais s\u00e3o todos os meios de acesso entre as duas cidades mais visitadas do <a href=\"https:\/\/quantocustaviajar.com\/blog\/cidades-legais-para-conhecer-no-rio-grande-do-sul\/\">Rio Grande do Sul<\/a>.<\/p>\n\n\n\n<h2 class=\"wp-block-heading\"><span class=\"ez-toc-section\" id=\"Distancia_entre_Porto_Alegre_para_Gramado\"><\/span>Dist\u00e2ncia entre Porto Alegre para Gramado<span class=\"ez-toc-section-end\"><\/span><\/h2>\n\n\n\n<figure class=\"wp-block-image aligncenter size-large\"><img loading=\"lazy\" decoding=\"async\" width=\"909\" height=\"606\" src=\"https:\/\/quantocustaviajar.com\/blog\/wp-content\/uploads\/2024\/03\/de-porto-alegre-a-gramado-02-edited.jpg\" alt=\"de porto alegre a gramado\" class=\"wp-image-64870\" srcset=\"https:\/\/quantocustaviajar.com\/blog\/wp-content\/uploads\/2024\/03\/de-porto-alegre-a-gramado-02-edited.jpg 909w, https:\/\/quantocustaviajar.com\/blog\/wp-content\/uploads\/2024\/03\/de-porto-alegre-a-gramado-02-edited-300x200.jpg 300w, https:\/\/quantocustaviajar.com\/blog\/wp-content\/uploads\/2024\/03\/de-porto-alegre-a-gramado-02-edited-768x512.jpg 768w\" sizes=\"auto, (max-width: 909px) 100vw, 909px\" \/><figcaption>Trecho da RS-020 \/ Foto: <a href=\"https:\/\/commons.wikimedia.org\/wiki\/File:562\u00aa_Trilha_Mirante_da_Garganta_do_Diabo_e_trilha_das_Jabuticabas_-_Santa_Maria_RS_020_(19308153255).jpg\" target=\"_blank\" rel=\"noreferrer noopener\">Wikimedia Commons<\/a><\/figcaption><\/figure>\n\n\n\n<p>Existem 3 caminhos diferentes que ligam a cidade de Porto Alegre \u00e0 Gramado: <\/p>\n\n\n\n<ul class=\"wp-block-list\"><li><strong>Pela RS-020 e RS-115<\/strong>: o percurso de 123,5&nbsp;km pode ser percorrido de carro em 2h4min sem tr\u00e2nsito. O percurso inclui acessos como a Av. Osvaldo Aranha, Av. Castelo Branco\/Largo Edgar Koetz, a BR-290, Rod. Estadual M\u00e1rio Quintana e a Rod. Estadual Teixeirinha;<\/li><li><strong>Pela BR-116<\/strong>: curiosamente, o caminho mais curto (104,3&nbsp;km) n\u00e3o \u00e9 o mais r\u00e1pido &#8211; o percurso pode ser percorrido de carro em 2h8min, partindo da Av. Osvaldo Aranha, e passando por acessos como Av. Castelo Branco\/Largo Edgar Koetz e BR-290;<\/li><li><strong>Pela BR-116, RS-239 e RS-115<\/strong>: com alguns quil\u00f4metros a mais (125,8&nbsp;km), este percurso tem 2h12min de tr\u00e2nsito livre, e basicamente inclui os mesmos acessos das outras rotas, mas que se intercalam.<\/li><\/ul>\n\n\n\n<p>Tanto na RS-239, km 20 como na RS-115, km 24 h\u00e1 ped\u00e1gios na ida e na volta, portanto, se programe.<\/p>\n\n\n\n<h2 class=\"wp-block-heading\"><span class=\"ez-toc-section\" id=\"Como_ir_a_Gramado_de_carro\"><\/span>Como ir \u00e0 Gramado de carro<span class=\"ez-toc-section-end\"><\/span><\/h2>\n\n\n\n<p>Grupos de amigos ou fam\u00edlia que desejam conforto e privacidade sempre optam por trafegar entre Porto Alegre e Gramado de carro. Quem chega ao estado pelo aeroporto da capital, tem a op\u00e7\u00e3o de alugar um autom\u00f3vel, e incluir no aplicativo de GPS uma das 3 rotas mencionadas anteriormente. Existem diversas empresas que oferecem este servi\u00e7o, voc\u00ea pode fazer a pesquisa de pre\u00e7os de <strong><a href=\"https:\/\/www.turismocity.com.br\/carros\/aluguel-de-carros-em-Porto_Alegre_Brasil?pickup=POA.a&amp;dropoff=POA.a&amp;dates=07-04-2024.1100.14-04-2024.1100&amp;driver=m25.BR\" target=\"_blank\" rel=\"noreferrer noopener\">aluguel de carro no Turismocity<\/a><\/strong>.<\/p>\n\n\n\n<p><strong><a href=\"https:\/\/www.turismocity.com.br\/passagens-aereas\/resultados-para-porto_alegre-POA?s=SAO-POA.14-04-2024.POA-SAO.21-04-2024&amp;cabinClass=Economy\" target=\"_blank\" rel=\"noreferrer noopener\">Confira os melhores pre\u00e7os de passagens a\u00e9reas para Porto Alegre<\/a><\/strong><\/p>\n\n\n\n<h2 class=\"wp-block-heading\"><span class=\"ez-toc-section\" id=\"Como_ir_para_Porto_Alegre_de_onibus\"><\/span>Como ir para Porto Alegre de \u00f4nibus<span class=\"ez-toc-section-end\"><\/span><\/h2>\n\n\n\n<figure class=\"wp-block-image aligncenter size-large\"><img loading=\"lazy\" decoding=\"async\" width=\"1024\" height=\"576\" src=\"https:\/\/quantocustaviajar.com\/blog\/wp-content\/uploads\/2024\/03\/de-porto-alegre-a-gramado-03-1024x576.jpg\" alt=\"de porto alegre a gramado\" class=\"wp-image-64871\" srcset=\"https:\/\/quantocustaviajar.com\/blog\/wp-content\/uploads\/2024\/03\/de-porto-alegre-a-gramado-03-1024x576.jpg 1024w, https:\/\/quantocustaviajar.com\/blog\/wp-content\/uploads\/2024\/03\/de-porto-alegre-a-gramado-03-300x169.jpg 300w, https:\/\/quantocustaviajar.com\/blog\/wp-content\/uploads\/2024\/03\/de-porto-alegre-a-gramado-03-768x432.jpg 768w, https:\/\/quantocustaviajar.com\/blog\/wp-content\/uploads\/2024\/03\/de-porto-alegre-a-gramado-03.jpg 1280w\" sizes=\"auto, (max-width: 1024px) 100vw, 1024px\" \/><figcaption>Terminal Aeroporto Salgado Filho, Porto Alegre \/ Foto: <a href=\"https:\/\/commons.wikimedia.org\/wiki\/File:Terminal_Aeroporto.jpg\" target=\"_blank\" rel=\"noreferrer noopener\">Wikimedia Commons<\/a><\/figcaption><\/figure>\n\n\n\n<p>E quando ningu\u00e9m quer dirigir por mais de duas horas ou n\u00e3o h\u00e1 ningu\u00e9m da turma que tenha carteira de motorista? V\u00e1 de \u00f4nibus! E quem acha que esta op\u00e7\u00e3o n\u00e3o oferece conforto, est\u00e1 redondamente enganado! Ali\u00e1s, todos os \u00f4nibus que saem da Rodovi\u00e1ria de Porto Alegre fazem uma parada tamb\u00e9m no aeroporto da cidade, facilitando ainda mais a locomo\u00e7\u00e3o de quem chega de outro estado via a\u00e9rea. <\/p>\n\n\n\n<p>E para deixar a sua viagem toda organizada antes mesmo de sair de casa, vale a pena comprar sua passagem de \u00f4nibus antecipadamente pela <strong><a href=\"https:\/\/www.turismocity.com.br\/onibus\" target=\"_blank\" rel=\"noreferrer noopener\">Turismocity<\/a><\/strong>. Por l\u00e1 voc\u00ea confere as melhores op\u00e7\u00f5es, datas, valores e hor\u00e1rios. Outra op\u00e7\u00e3o que o site oferece s\u00e3o as <strong><a href=\"https:\/\/www.turismocity.com.br\/atividades-em-Porto_Alegre_Brasil\/search?name=gramado\" target=\"_blank\" rel=\"noreferrer noopener\">excurs\u00f5es<\/a><\/strong>. Al\u00e9m do eixo Porto Alegre \/ Gramado, h\u00e1 tamb\u00e9m outras possibilidades de pacotes, incluindo outros destinos e passeios durante a sua viagem ao Rio Grande do Sul.<\/p>\n\n\n\n<p>A viagem de Porto Alegre \u00e0 Gramado passa por diversos outros destinos, como Canoas, S\u00e3o Leopoldo, Novo Hamburgo (a capital nacional do sapato), Dois Irm\u00e3os, Morro Reuter, Picada Caf\u00e9 e Nova Petr\u00f3polis &#8211; op\u00e7\u00f5es que podem garantir \u00f3timas paradas at\u00e9 o destino final. Canela tamb\u00e9m \u00e9 uma parada quase que obrigat\u00f3ria durante a sua viagem, e o <strong><a href=\"https:\/\/quantocustaviajar.com\/brasil\/canela\" target=\"_blank\" rel=\"noreferrer noopener\">QCV tem um guia completo da cidade<\/a><\/strong> para enriquecer ainda mais o seu roteiro.<\/p>\n","protected":false},"excerpt":{"rendered":"<p>Gramado \u00e9 um dos destinos mais procurados do Brasil, principalmente no per\u00edodo de inverno e fim de ano, quando a cidade ganha uma atmosfera m\u00e1gica, com decora\u00e7\u00e3o tem\u00e1tica natalina. Com arquitetura europeia influenciada por seus colonizadores, a cidade exala aconchego no melhor clima intimista, ideal para casais que buscam um destino para curtir a dois [&hellip;]<\/p>\n","protected":false},"author":19,"featured_media":64867,"comment_status":"open","ping_status":"open","sticky":false,"template":"","format":"standard","meta":{"cybocfi_hide_featured_image":"","footnotes":""},"categories":[1434,1438],"tags":[4562,4564,215,274,614],"class_list":["post-64839","post","type-post","status-publish","format-standard","has-post-thumbnail","hentry","category-descubra-brasil","category-dicas-praticas","tag-como-chegar-em-gramado","tag-como-ir-de-porto-alegre-para-gramado","tag-gramado","tag-inverno","tag-porto-alegre"],"blocksy_meta":[],"yoast_head":"<!-- This site is optimized with the Yoast SEO plugin v26.3 - https:\/\/yoast.com\/wordpress\/plugins\/seo\/ -->\n<title>Como ir de Porto Alegre para Gramado<\/title>\n<meta name=\"description\" content=\"Confira todas as op\u00e7\u00f5es de deslocamento para o viajante que deseja ir de Porto Alegre para Gramado sem grandes surpresas ou imprevistos.\" \/>\n<meta name=\"robots\" content=\"index, follow, max-snippet:-1, max-image-preview:large, max-video-preview:-1\" \/>\n<link rel=\"canonical\" href=\"https:\/\/quantocustaviajar.com\/blog\/de-porto-alegre-para-gramado\/\" \/>\n<meta property=\"og:locale\" content=\"pt_BR\" \/>\n<meta property=\"og:type\" content=\"article\" \/>\n<meta property=\"og:title\" content=\"Como ir de Porto Alegre para Gramado\" \/>\n<meta property=\"og:description\" content=\"Confira todas as op\u00e7\u00f5es de deslocamento para o viajante que deseja ir de Porto Alegre para Gramado sem grandes surpresas ou imprevistos.\" \/>\n<meta property=\"og:url\" content=\"https:\/\/quantocustaviajar.com\/blog\/de-porto-alegre-para-gramado\/\" \/>\n<meta property=\"og:site_name\" content=\"Blog Quanto Custa Viajar\" \/>\n<meta property=\"article:publisher\" content=\"https:\/\/www.facebook.com\/quantocustaviajar\" \/>\n<meta property=\"article:published_time\" content=\"2024-03-22T19:25:55+00:00\" \/>\n<meta property=\"article:modified_time\" content=\"2024-03-22T19:25:56+00:00\" \/>\n<meta property=\"og:image\" content=\"https:\/\/quantocustaviajar.com\/blog\/wp-content\/uploads\/2024\/03\/de-porto-alegre-a-gramado-01.jpg\" \/>\n\t<meta property=\"og:image:width\" content=\"1280\" \/>\n\t<meta property=\"og:image:height\" content=\"853\" \/>\n\t<meta property=\"og:image:type\" content=\"image\/jpeg\" \/>\n<meta name=\"author\" content=\"Sheila Almendros\" \/>\n<meta name=\"twitter:card\" content=\"summary_large_image\" \/>\n<meta name=\"twitter:label1\" content=\"Escrito por\" \/>\n\t<meta name=\"twitter:data1\" content=\"Sheila Almendros\" \/>\n\t<meta name=\"twitter:label2\" content=\"Est. tempo de leitura\" \/>\n\t<meta name=\"twitter:data2\" content=\"5 minutos\" \/>\n<!-- \/ Yoast SEO plugin. -->","yoast_head_json":{"title":"Como ir de Porto Alegre para Gramado","description":"Confira todas as op\u00e7\u00f5es de deslocamento para o viajante que deseja ir de Porto Alegre para Gramado sem grandes surpresas ou imprevistos.","robots":{"index":"index","follow":"follow","max-snippet":"max-snippet:-1","max-image-preview":"max-image-preview:large","max-video-preview":"max-video-preview:-1"},"canonical":"https:\/\/quantocustaviajar.com\/blog\/de-porto-alegre-para-gramado\/","og_locale":"pt_BR","og_type":"article","og_title":"Como ir de Porto Alegre para Gramado","og_description":"Confira todas as op\u00e7\u00f5es de deslocamento para o viajante que deseja ir de Porto Alegre para Gramado sem grandes surpresas ou imprevistos.","og_url":"https:\/\/quantocustaviajar.com\/blog\/de-porto-alegre-para-gramado\/","og_site_name":"Blog Quanto Custa Viajar","article_publisher":"https:\/\/www.facebook.com\/quantocustaviajar","article_published_time":"2024-03-22T19:25:55+00:00","article_modified_time":"2024-03-22T19:25:56+00:00","og_image":[{"width":1280,"height":853,"url":"https:\/\/quantocustaviajar.com\/blog\/wp-content\/uploads\/2024\/03\/de-porto-alegre-a-gramado-01.jpg","type":"image\/jpeg"}],"author":"Sheila Almendros","twitter_card":"summary_large_image","twitter_misc":{"Escrito por":"Sheila Almendros","Est. tempo de leitura":"5 minutos"},"schema":{"@context":"https:\/\/schema.org","@graph":[{"@type":["Article","BlogPosting"],"@id":"https:\/\/quantocustaviajar.com\/blog\/de-porto-alegre-para-gramado\/#article","isPartOf":{"@id":"https:\/\/quantocustaviajar.com\/blog\/de-porto-alegre-para-gramado\/"},"author":{"name":"Sheila Almendros","@id":"https:\/\/quantocustaviajar.com\/blog\/#\/schema\/person\/66bc96b9076769d61f47e383ac516439"},"headline":"Como ir de Porto Alegre para Gramado","datePublished":"2024-03-22T19:25:55+00:00","dateModified":"2024-03-22T19:25:56+00:00","mainEntityOfPage":{"@id":"https:\/\/quantocustaviajar.com\/blog\/de-porto-alegre-para-gramado\/"},"wordCount":714,"commentCount":0,"publisher":{"@id":"https:\/\/quantocustaviajar.com\/blog\/#organization"},"image":{"@id":"https:\/\/quantocustaviajar.com\/blog\/de-porto-alegre-para-gramado\/#primaryimage"},"thumbnailUrl":"https:\/\/quantocustaviajar.com\/blog\/wp-content\/uploads\/2024\/03\/de-porto-alegre-a-gramado-01.jpg","keywords":["como chegar em gramado","como ir de Porto Alegre para Gramado","Gramado","inverno","Porto Alegre"],"articleSection":["Descubra o Brasil","Dicas pr\u00e1ticas"],"inLanguage":"pt-BR","potentialAction":[{"@type":"CommentAction","name":"Comment","target":["https:\/\/quantocustaviajar.com\/blog\/de-porto-alegre-para-gramado\/#respond"]}]},{"@type":"WebPage","@id":"https:\/\/quantocustaviajar.com\/blog\/de-porto-alegre-para-gramado\/","url":"https:\/\/quantocustaviajar.com\/blog\/de-porto-alegre-para-gramado\/","name":"Como ir de Porto Alegre para Gramado","isPartOf":{"@id":"https:\/\/quantocustaviajar.com\/blog\/#website"},"primaryImageOfPage":{"@id":"https:\/\/quantocustaviajar.com\/blog\/de-porto-alegre-para-gramado\/#primaryimage"},"image":{"@id":"https:\/\/quantocustaviajar.com\/blog\/de-porto-alegre-para-gramado\/#primaryimage"},"thumbnailUrl":"https:\/\/quantocustaviajar.com\/blog\/wp-content\/uploads\/2024\/03\/de-porto-alegre-a-gramado-01.jpg","datePublished":"2024-03-22T19:25:55+00:00","dateModified":"2024-03-22T19:25:56+00:00","description":"Confira todas as op\u00e7\u00f5es de deslocamento para o viajante que deseja ir de Porto Alegre para Gramado sem grandes surpresas ou imprevistos.","breadcrumb":{"@id":"https:\/\/quantocustaviajar.com\/blog\/de-porto-alegre-para-gramado\/#breadcrumb"},"inLanguage":"pt-BR","potentialAction":[{"@type":"ReadAction","target":["https:\/\/quantocustaviajar.com\/blog\/de-porto-alegre-para-gramado\/"]}]},{"@type":"ImageObject","inLanguage":"pt-BR","@id":"https:\/\/quantocustaviajar.com\/blog\/de-porto-alegre-para-gramado\/#primaryimage","url":"https:\/\/quantocustaviajar.com\/blog\/wp-content\/uploads\/2024\/03\/de-porto-alegre-a-gramado-01.jpg","contentUrl":"https:\/\/quantocustaviajar.com\/blog\/wp-content\/uploads\/2024\/03\/de-porto-alegre-a-gramado-01.jpg","width":1280,"height":853},{"@type":"BreadcrumbList","@id":"https:\/\/quantocustaviajar.com\/blog\/de-porto-alegre-para-gramado\/#breadcrumb","itemListElement":[{"@type":"ListItem","position":1,"name":"In\u00edcio","item":"https:\/\/quantocustaviajar.com\/blog\/"},{"@type":"ListItem","position":2,"name":"Como ir de Porto Alegre para Gramado"}]},{"@type":"WebSite","@id":"https:\/\/quantocustaviajar.com\/blog\/#website","url":"https:\/\/quantocustaviajar.com\/blog\/","name":"Blog Quanto Custa Viajar","description":"","publisher":{"@id":"https:\/\/quantocustaviajar.com\/blog\/#organization"},"potentialAction":[{"@type":"SearchAction","target":{"@type":"EntryPoint","urlTemplate":"https:\/\/quantocustaviajar.com\/blog\/?s={search_term_string}"},"query-input":{"@type":"PropertyValueSpecification","valueRequired":true,"valueName":"search_term_string"}}],"inLanguage":"pt-BR"},{"@type":"Organization","@id":"https:\/\/quantocustaviajar.com\/blog\/#organization","name":"Quanto Custa Viajar","url":"https:\/\/quantocustaviajar.com\/blog\/","logo":{"@type":"ImageObject","inLanguage":"pt-BR","@id":"https:\/\/quantocustaviajar.com\/blog\/#\/schema\/logo\/image\/","url":"","contentUrl":"","caption":"Quanto Custa Viajar"},"image":{"@id":"https:\/\/quantocustaviajar.com\/blog\/#\/schema\/logo\/image\/"},"sameAs":["https:\/\/www.facebook.com\/quantocustaviajar"]},{"@type":"Person","@id":"https:\/\/quantocustaviajar.com\/blog\/#\/schema\/person\/66bc96b9076769d61f47e383ac516439","name":"Sheila Almendros","image":{"@type":"ImageObject","inLanguage":"pt-BR","@id":"https:\/\/quantocustaviajar.com\/blog\/#\/schema\/person\/image\/","url":"https:\/\/secure.gravatar.com\/avatar\/f38e2f0e4f0d273587e0882ec5d6afa5cd3463efd68233d49b41368144e219b5?s=96&d=mm&r=g","contentUrl":"https:\/\/secure.gravatar.com\/avatar\/f38e2f0e4f0d273587e0882ec5d6afa5cd3463efd68233d49b41368144e219b5?s=96&d=mm&r=g","caption":"Sheila Almendros"},"description":"Jornalista, produtora de conte\u00fado web e apaixonada pelo mundo.","url":"https:\/\/quantocustaviajar.com\/blog\/author\/sheila-almendros\/"}]}},"_links":{"self":[{"href":"https:\/\/quantocustaviajar.com\/blog\/wp-json\/wp\/v2\/posts\/64839","targetHints":{"allow":["GET"]}}],"collection":[{"href":"https:\/\/quantocustaviajar.com\/blog\/wp-json\/wp\/v2\/posts"}],"about":[{"href":"https:\/\/quantocustaviajar.com\/blog\/wp-json\/wp\/v2\/types\/post"}],"author":[{"embeddable":true,"href":"https:\/\/quantocustaviajar.com\/blog\/wp-json\/wp\/v2\/users\/19"}],"replies":[{"embeddable":true,"href":"https:\/\/quantocustaviajar.com\/blog\/wp-json\/wp\/v2\/comments?post=64839"}],"version-history":[{"count":3,"href":"https:\/\/quantocustaviajar.com\/blog\/wp-json\/wp\/v2\/posts\/64839\/revisions"}],"predecessor-version":[{"id":65038,"href":"https:\/\/quantocustaviajar.com\/blog\/wp-json\/wp\/v2\/posts\/64839\/revisions\/65038"}],"wp:featuredmedia":[{"embeddable":true,"href":"https:\/\/quantocustaviajar.com\/blog\/wp-json\/wp\/v2\/media\/64867"}],"wp:attachment":[{"href":"https:\/\/quantocustaviajar.com\/blog\/wp-json\/wp\/v2\/media?parent=64839"}],"wp:term":[{"taxonomy":"category","embeddable":true,"href":"https:\/\/quantocustaviajar.com\/blog\/wp-json\/wp\/v2\/categories?post=64839"},{"taxonomy":"post_tag","embeddable":true,"href":"https:\/\/quantocustaviajar.com\/blog\/wp-json\/wp\/v2\/tags?post=64839"}],"curies":[{"name":"wp","href":"https:\/\/api.w.org\/{rel}","templated":true}]}}