{"id":63738,"date":"2025-02-05T13:03:00","date_gmt":"2025-02-05T13:03:00","guid":{"rendered":"https:\/\/quantocustaviajar.com\/blog\/?p=63738"},"modified":"2025-12-10T18:34:10","modified_gmt":"2025-12-10T18:34:10","slug":"lua-de-mel-em-gramado","status":"publish","type":"post","link":"https:\/\/quantocustaviajar.com\/blog\/lua-de-mel-em-gramado\/","title":{"rendered":"Lua de mel em Gramado: restaurantes e atra\u00e7\u00f5es para curtir a dois"},"content":{"rendered":"\n<p>Gramado \u00e9 um dos destinos mais procurados por turistas no Brasil, e n\u00e3o \u00e9 s\u00f3 no inverno que a cidade oferece as melhores atra\u00e7\u00f5es. Por todo ano, centenas de pessoas passam por ali em busca do clima ameno e bons restaurantes que a Serra Ga\u00facha oferece &#8211; op\u00e7\u00f5es essas que fazem de l\u00e1 tamb\u00e9m um destino rom\u00e2ntico.  E como seria uma <strong>lua de mel em Gramado<\/strong>?<\/p><div id=\"ez-toc-container\" class=\"ez-toc-v2_0_76 ez-toc-wrap-left counter-hierarchy ez-toc-counter ez-toc-light-blue ez-toc-container-direction\">\n<div class=\"ez-toc-title-container\">\n<p class=\"ez-toc-title\" style=\"cursor:inherit\">Aqui voc\u00ea ir\u00e1 encontrar<\/p>\n<span class=\"ez-toc-title-toggle\"><a href=\"#\" class=\"ez-toc-pull-right ez-toc-btn ez-toc-btn-xs ez-toc-btn-default ez-toc-toggle\" aria-label=\"Alternar tabela de conte\u00fado\"><span class=\"ez-toc-js-icon-con\"><span class=\"\"><span class=\"eztoc-hide\" style=\"display:none;\">Toggle<\/span><span class=\"ez-toc-icon-toggle-span\"><svg style=\"fill: #999;color:#999\" xmlns=\"http:\/\/www.w3.org\/2000\/svg\" class=\"list-377408\" width=\"20px\" height=\"20px\" viewBox=\"0 0 24 24\" fill=\"none\"><path d=\"M6 6H4v2h2V6zm14 0H8v2h12V6zM4 11h2v2H4v-2zm16 0H8v2h12v-2zM4 16h2v2H4v-2zm16 0H8v2h12v-2z\" fill=\"currentColor\"><\/path><\/svg><svg style=\"fill: #999;color:#999\" class=\"arrow-unsorted-368013\" xmlns=\"http:\/\/www.w3.org\/2000\/svg\" width=\"10px\" height=\"10px\" viewBox=\"0 0 24 24\" version=\"1.2\" baseProfile=\"tiny\"><path d=\"M18.2 9.3l-6.2-6.3-6.2 6.3c-.2.2-.3.4-.3.7s.1.5.3.7c.2.2.4.3.7.3h11c.3 0 .5-.1.7-.3.2-.2.3-.5.3-.7s-.1-.5-.3-.7zM5.8 14.7l6.2 6.3 6.2-6.3c.2-.2.3-.5.3-.7s-.1-.5-.3-.7c-.2-.2-.4-.3-.7-.3h-11c-.3 0-.5.1-.7.3-.2.2-.3.5-.3.7s.1.5.3.7z\"\/><\/svg><\/span><\/span><\/span><\/a><\/span><\/div>\n<nav><ul class='ez-toc-list ez-toc-list-level-1 ' ><li class='ez-toc-page-1 ez-toc-heading-level-2'><a class=\"ez-toc-link ez-toc-heading-1\" href=\"https:\/\/quantocustaviajar.com\/blog\/lua-de-mel-em-gramado\/#Lua_de_mel_em_Gramado\" >Lua de mel em Gramado<\/a><ul class='ez-toc-list-level-3' ><li class='ez-toc-heading-level-3'><a class=\"ez-toc-link ez-toc-heading-2\" href=\"https:\/\/quantocustaviajar.com\/blog\/lua-de-mel-em-gramado\/#Passeio_de_Maria_Fumaca_pela_Serra_Gaucha\" >Passeio de Maria Fuma\u00e7a pela Serra Ga\u00facha<\/a><\/li><li class='ez-toc-page-1 ez-toc-heading-level-3'><a class=\"ez-toc-link ez-toc-heading-3\" href=\"https:\/\/quantocustaviajar.com\/blog\/lua-de-mel-em-gramado\/#Parque_Lago_Negro\" >Parque Lago Negro<\/a><\/li><li class='ez-toc-page-1 ez-toc-heading-level-3'><a class=\"ez-toc-link ez-toc-heading-4\" href=\"https:\/\/quantocustaviajar.com\/blog\/lua-de-mel-em-gramado\/#Fonte_do_Amor_Eterno\" >Fonte do Amor Eterno<\/a><\/li><li class='ez-toc-page-1 ez-toc-heading-level-3'><a class=\"ez-toc-link ez-toc-heading-5\" href=\"https:\/\/quantocustaviajar.com\/blog\/lua-de-mel-em-gramado\/#Passeio_por_Canela\" >Passeio por Canela<\/a><\/li><li class='ez-toc-page-1 ez-toc-heading-level-3'><a class=\"ez-toc-link ez-toc-heading-6\" href=\"https:\/\/quantocustaviajar.com\/blog\/lua-de-mel-em-gramado\/#Belvedere_Vale_do_Quilombo\" >Belvedere Vale do Quilombo<\/a><\/li><li class='ez-toc-page-1 ez-toc-heading-level-3'><a class=\"ez-toc-link ez-toc-heading-7\" href=\"https:\/\/quantocustaviajar.com\/blog\/lua-de-mel-em-gramado\/#Centro_de_Gramado\" >Centro de Gramado<\/a><\/li><li class='ez-toc-page-1 ez-toc-heading-level-3'><a class=\"ez-toc-link ez-toc-heading-8\" href=\"https:\/\/quantocustaviajar.com\/blog\/lua-de-mel-em-gramado\/#Snowland\" >Snowland<\/a><\/li><li class='ez-toc-page-1 ez-toc-heading-level-3'><a class=\"ez-toc-link ez-toc-heading-9\" href=\"https:\/\/quantocustaviajar.com\/blog\/lua-de-mel-em-gramado\/#Lua_de_mel_em_Gramado_restaurantes_romanticos\" >Lua de mel em Gramado: restaurantes rom\u00e2nticos<\/a><\/li><\/ul><\/li><li class='ez-toc-page-1 ez-toc-heading-level-2'><a class=\"ez-toc-link ez-toc-heading-10\" href=\"https:\/\/quantocustaviajar.com\/blog\/lua-de-mel-em-gramado\/#Hospedagem_romantica_para_sua_Lua_de_Mel_em_Gramado\" >Hospedagem rom\u00e2ntica para sua Lua de Mel em Gramado<\/a><\/li><\/ul><\/nav><\/div>\n\n\n\n\n<p>Neste post voc\u00ea conhecer\u00e1 atra\u00e7\u00f5es perfeitas para adicionar em um roteiro no melhor clima intimista para um casal rec\u00e9m casado, e que s\u00e3o acess\u00edveis o ano todo.<\/p>\n\n\n\n<p><strong><a href=\"https:\/\/www.turismocity.com.br\/passagens-aereas-para-POA-Porto_Alegre?utm_source=qcv&amp;utm_medium=blog\" target=\"_blank\" rel=\"noreferrer noopener\">Encontre aqui passagem a\u00e9rea para Porto Alegre<\/a><\/strong><\/p>\n\n\n\n<h2 class=\"wp-block-heading\"><span class=\"ez-toc-section\" id=\"Lua_de_mel_em_Gramado\"><\/span>Lua de mel em Gramado<span class=\"ez-toc-section-end\"><\/span><\/h2>\n\n\n\n<h3 class=\"wp-block-heading\"><span class=\"ez-toc-section\" id=\"Passeio_de_Maria_Fumaca_pela_Serra_Gaucha\"><\/span>Passeio de Maria Fuma\u00e7a pela Serra Ga\u00facha<span class=\"ez-toc-section-end\"><\/span><\/h3>\n\n\n\n<figure class=\"wp-block-image aligncenter size-large\"><img loading=\"lazy\" decoding=\"async\" width=\"1024\" height=\"1024\" src=\"https:\/\/quantocustaviajar.com\/blog\/wp-content\/uploads\/2024\/01\/lua-de-mel-em-gramado-01-1024x1024.jpg\" alt=\"\" class=\"wp-image-63739\" srcset=\"https:\/\/quantocustaviajar.com\/blog\/wp-content\/uploads\/2024\/01\/lua-de-mel-em-gramado-01-1024x1024.jpg 1024w, https:\/\/quantocustaviajar.com\/blog\/wp-content\/uploads\/2024\/01\/lua-de-mel-em-gramado-01-300x300.jpg 300w, https:\/\/quantocustaviajar.com\/blog\/wp-content\/uploads\/2024\/01\/lua-de-mel-em-gramado-01-150x150.jpg 150w, https:\/\/quantocustaviajar.com\/blog\/wp-content\/uploads\/2024\/01\/lua-de-mel-em-gramado-01-768x768.jpg 768w, https:\/\/quantocustaviajar.com\/blog\/wp-content\/uploads\/2024\/01\/lua-de-mel-em-gramado-01.jpg 1080w\" sizes=\"auto, (max-width: 1024px) 100vw, 1024px\" \/><figcaption class=\"wp-element-caption\">Foto: <a href=\"https:\/\/www.instagram.com\/p\/CqF5RzUua5h\/\" target=\"_blank\" rel=\"noreferrer noopener\">Maria Fuma\u00e7a em Gramado<\/a><\/figcaption><\/figure>\n\n\n\n<p>Conhecida tamb\u00e9m como Trem do Vinho, a Maria Fuma\u00e7a de Gramado conta com um itiner\u00e1rio de 23km, percorrido em 1h30min, passando por Bento Gon\u00e7alves, Garibaldi e Carlos Barbosa. H\u00e1 3 tipos diferentes de passeios, que podem ser <a href=\"https:\/\/mariafumaca.tur.br\/?gclid=CjwKCAiA5L2tBhBTEiwAdSxJX-xRwaRvHAvkvbWjEfnWod_i_3U7vFx4JaSBy2CqgjWzcVSTOyUIqRoCn18QAvD_BwE\" target=\"_blank\" rel=\"noreferrer noopener\">reservados no site oficial<\/a>, e contam com paradas em pontos espec\u00edficos, degusta\u00e7\u00e3o de vinhos e espumantes, entre outras atividades ideais para fazer a dois.<\/p>\n\n\n\n<h3 class=\"wp-block-heading\"><span class=\"ez-toc-section\" id=\"Parque_Lago_Negro\"><\/span>Parque Lago Negro<span class=\"ez-toc-section-end\"><\/span><\/h3>\n\n\n\n<figure class=\"wp-block-image aligncenter size-full\"><img loading=\"lazy\" decoding=\"async\" width=\"1024\" height=\"768\" src=\"https:\/\/quantocustaviajar.com\/blog\/wp-content\/uploads\/2024\/01\/lua-de-mel-em-gramado-02.jpg\" alt=\"\" class=\"wp-image-63740\" srcset=\"https:\/\/quantocustaviajar.com\/blog\/wp-content\/uploads\/2024\/01\/lua-de-mel-em-gramado-02.jpg 1024w, https:\/\/quantocustaviajar.com\/blog\/wp-content\/uploads\/2024\/01\/lua-de-mel-em-gramado-02-300x225.jpg 300w, https:\/\/quantocustaviajar.com\/blog\/wp-content\/uploads\/2024\/01\/lua-de-mel-em-gramado-02-768x576.jpg 768w\" sizes=\"auto, (max-width: 1024px) 100vw, 1024px\" \/><figcaption class=\"wp-element-caption\">Foto: <a href=\"https:\/\/commons.wikimedia.org\/wiki\/File:Lago_Negro_-_Gramado_RS.jpg\" target=\"_blank\" rel=\"noreferrer noopener\">Wikimedia Commons<\/a><\/figcaption><\/figure>\n\n\n\n<p>O cen\u00e1rio pitoresco do Parque Lago Negro \u00e9 um convite para curtir uma manh\u00e3 ou tarde de maneira divertida e rom\u00e2ntica, seja com um piquenique ou apenas para contempla\u00e7\u00e3o. O local tem entrada gratuita, e conta com trilhas, restaurantes e lanchonetes, al\u00e9m de um pedalinho que funciona diariamente, de 8h30 \u00e0s 18h. <\/p>\n\n\n\n<p>O Parque Lago Negro fica aberto todos os dias, por 24 horas.<\/p>\n\n\n\n<p>Acesse o <a href=\"https:\/\/portalgramado.com.br\/pontos-turisticos\/pontos-turisticos\/lago-negro\/\" target=\"_blank\" rel=\"noreferrer noopener\">site oficial<\/a> para mais informa\u00e7\u00f5es.<\/p>\n\n\n\n<h3 class=\"wp-block-heading\"><span class=\"ez-toc-section\" id=\"Fonte_do_Amor_Eterno\"><\/span>Fonte do Amor Eterno<span class=\"ez-toc-section-end\"><\/span><\/h3>\n\n\n\n<figure class=\"wp-block-image aligncenter size-full\"><img loading=\"lazy\" decoding=\"async\" width=\"629\" height=\"839\" src=\"https:\/\/quantocustaviajar.com\/blog\/wp-content\/uploads\/2024\/01\/lua-de-mel-em-gramado-03.jpg\" alt=\"\" class=\"wp-image-63741\" srcset=\"https:\/\/quantocustaviajar.com\/blog\/wp-content\/uploads\/2024\/01\/lua-de-mel-em-gramado-03.jpg 629w, https:\/\/quantocustaviajar.com\/blog\/wp-content\/uploads\/2024\/01\/lua-de-mel-em-gramado-03-225x300.jpg 225w\" sizes=\"auto, (max-width: 629px) 100vw, 629px\" \/><figcaption class=\"wp-element-caption\">Foto: <a href=\"https:\/\/commons.wikimedia.org\/wiki\/File:Fonte_do_Amor_Eterno_2.jpg\" target=\"_blank\" rel=\"noreferrer noopener\">Wikimedia Commons<\/a><\/figcaption><\/figure>\n\n\n\n<p>Baseada na Fontana de Trevi, na It\u00e1lia, a Fonte do Amor Eterno de Gramado repete a tradi\u00e7\u00e3o de diversos pontos tur\u00edsticos famosos espalhados pelo mundo: o casal tranca um cadeado com suas iniciais gravadas, compondo um cen\u00e1rio curioso e bonito. H\u00e1 diversas lojinhas no entorno que vendem e fazem grava\u00e7\u00f5es em cadeados, mas n\u00e3o se esque\u00e7a de jogar a chave na fonte para que o amor entre voc\u00eas jamais seja rompido, ok?<\/p>\n\n\n\n<p>A Fonte do Amor Eterno fica na Av. Borges de Medeiros, 2659, no Centro de Gramado.<\/p>\n\n\n\n<h3 class=\"wp-block-heading\"><span class=\"ez-toc-section\" id=\"Passeio_por_Canela\"><\/span>Passeio por Canela<span class=\"ez-toc-section-end\"><\/span><\/h3>\n\n\n\n<figure class=\"wp-block-image aligncenter size-large\"><img loading=\"lazy\" decoding=\"async\" width=\"1024\" height=\"683\" src=\"https:\/\/quantocustaviajar.com\/blog\/wp-content\/uploads\/2024\/01\/lua-de-mel-em-gramado-04-1024x683.jpg\" alt=\"\" class=\"wp-image-63742\" srcset=\"https:\/\/quantocustaviajar.com\/blog\/wp-content\/uploads\/2024\/01\/lua-de-mel-em-gramado-04-1024x683.jpg 1024w, https:\/\/quantocustaviajar.com\/blog\/wp-content\/uploads\/2024\/01\/lua-de-mel-em-gramado-04-300x200.jpg 300w, https:\/\/quantocustaviajar.com\/blog\/wp-content\/uploads\/2024\/01\/lua-de-mel-em-gramado-04-768x512.jpg 768w, https:\/\/quantocustaviajar.com\/blog\/wp-content\/uploads\/2024\/01\/lua-de-mel-em-gramado-04.jpg 1280w\" sizes=\"auto, (max-width: 1024px) 100vw, 1024px\" \/><figcaption class=\"wp-element-caption\">Foto: <a href=\"https:\/\/commons.wikimedia.org\/wiki\/File:Catedral_de_Pedra,_Canela_RS.jpg\" target=\"_blank\" rel=\"noreferrer noopener\">Wikimedia Commons<\/a><\/figcaption><\/figure>\n\n\n\n<p>A cidade vizinha a Gramado segue a mesma atmosfera rom\u00e2ntica do destino principal, e o centro da cidade \u00e9 um convite ao romance sem precedentes. Por ali voc\u00ea encontrar\u00e1 diversos restaurantes gostosos, cafeterias aconchegantes, e os dois pontos tur\u00edsticos mais famosos: a Catedral de Pedra e sua arquitetura de estilo g\u00f3tico ingl\u00eas, com 12 sinos de bronze fabricados na It\u00e1lia, e o Parque do Caracol, com uma cachoeira hom\u00f4nima espetacular, que pode ser avistada de diferentes maneiras.<\/p>\n\n\n\n<p>Canela est\u00e1 apenas 9 km de dist\u00e2ncia de Gramado, e seu acesso \u00e9 feito pela Av. das Hort\u00eansias e Av. Don Luiz Guanella.<\/p>\n\n\n\n<h3 class=\"wp-block-heading\"><span class=\"ez-toc-section\" id=\"Belvedere_Vale_do_Quilombo\"><\/span>Belvedere Vale do Quilombo<span class=\"ez-toc-section-end\"><\/span><\/h3>\n\n\n\n<figure class=\"wp-block-image aligncenter size-full\"><img loading=\"lazy\" decoding=\"async\" width=\"640\" height=\"640\" src=\"https:\/\/quantocustaviajar.com\/blog\/wp-content\/uploads\/2024\/01\/lua-de-mel-em-gramado-05.jpg\" alt=\"\" class=\"wp-image-63756\" srcset=\"https:\/\/quantocustaviajar.com\/blog\/wp-content\/uploads\/2024\/01\/lua-de-mel-em-gramado-05.jpg 640w, https:\/\/quantocustaviajar.com\/blog\/wp-content\/uploads\/2024\/01\/lua-de-mel-em-gramado-05-300x300.jpg 300w, https:\/\/quantocustaviajar.com\/blog\/wp-content\/uploads\/2024\/01\/lua-de-mel-em-gramado-05-150x150.jpg 150w\" sizes=\"auto, (max-width: 640px) 100vw, 640px\" \/><figcaption class=\"wp-element-caption\">Foto: <a href=\"https:\/\/www.instagram.com\/p\/60Rnjvplo4\/\" target=\"_blank\" rel=\"noreferrer noopener\">Gramado RS Cantos e Encantos<\/a><\/figcaption><\/figure>\n\n\n\n<p>Pertinho da Rua Coberta de Gramado est\u00e1 este mirante a 850 metros de altura, na Av. das Hort\u00eansias (a mesma que d\u00e1 acesso para Canela). O acesso pode ser feito gratuitamente, com uma vista surpreendente das montanhas. Que tal aproveitar o cen\u00e1rio para desfrutar de um bel\u00edssimo p\u00f4r-do-sol com o seu par?<\/p>\n\n\n\n<h3 class=\"wp-block-heading\"><span class=\"ez-toc-section\" id=\"Centro_de_Gramado\"><\/span>Centro de Gramado<span class=\"ez-toc-section-end\"><\/span><\/h3>\n\n\n\n<figure class=\"wp-block-image aligncenter size-full\"><img loading=\"lazy\" decoding=\"async\" width=\"1024\" height=\"768\" src=\"https:\/\/quantocustaviajar.com\/blog\/wp-content\/uploads\/2024\/01\/lua-de-mel-em-gramado-06.jpg\" alt=\"\" class=\"wp-image-63760\" srcset=\"https:\/\/quantocustaviajar.com\/blog\/wp-content\/uploads\/2024\/01\/lua-de-mel-em-gramado-06.jpg 1024w, https:\/\/quantocustaviajar.com\/blog\/wp-content\/uploads\/2024\/01\/lua-de-mel-em-gramado-06-300x225.jpg 300w, https:\/\/quantocustaviajar.com\/blog\/wp-content\/uploads\/2024\/01\/lua-de-mel-em-gramado-06-768x576.jpg 768w\" sizes=\"auto, (max-width: 1024px) 100vw, 1024px\" \/><figcaption class=\"wp-element-caption\">Foto: <a href=\"https:\/\/commons.wikimedia.org\/wiki\/File:Rua_Coberta_-_Gramado_-_panoramio.jpg\" target=\"_blank\" rel=\"noreferrer noopener\">Wikimedia Commons<\/a><\/figcaption><\/figure>\n\n\n\n<p>Gramado em si exala romantismo. Com arquitetura europeia inspiradora, presente principalmente no centro da cidade, se torna um cen\u00e1rio delicioso para passeios despretensiosos, de m\u00e3os dadas. Ao percorrer o centro da cidade, o casal encontrar\u00e1 a Rua Coberta, com seu teto transl\u00facido e cheio de plantas, dando um visual \u00fanico aos eventos locais, feiras, lojinhas e v\u00e1rios restaurantes que ali se encontram. Apreciar um bom vinho ou tomar um caf\u00e9 deixar\u00e1 o passeio ainda mais aconchegante. E para o passeio se tornar completo, n\u00e3o deixe de visitar a Rua Torta e a Pra\u00e7a das Etnias para tirar \u00f3timas fotos.<\/p>\n\n\n\n<h3 class=\"wp-block-heading\"><span class=\"ez-toc-section\" id=\"Snowland\"><\/span>Snowland<span class=\"ez-toc-section-end\"><\/span><\/h3>\n\n\n\n<figure class=\"wp-block-image aligncenter size-large\"><img loading=\"lazy\" decoding=\"async\" width=\"1024\" height=\"683\" src=\"https:\/\/quantocustaviajar.com\/blog\/wp-content\/uploads\/2024\/01\/lua-de-mel-em-gramado-07-1024x683.jpg\" alt=\"Lua de mel em Gramado\" class=\"wp-image-63761\" srcset=\"https:\/\/quantocustaviajar.com\/blog\/wp-content\/uploads\/2024\/01\/lua-de-mel-em-gramado-07-1024x683.jpg 1024w, https:\/\/quantocustaviajar.com\/blog\/wp-content\/uploads\/2024\/01\/lua-de-mel-em-gramado-07-300x200.jpg 300w, https:\/\/quantocustaviajar.com\/blog\/wp-content\/uploads\/2024\/01\/lua-de-mel-em-gramado-07-768x512.jpg 768w, https:\/\/quantocustaviajar.com\/blog\/wp-content\/uploads\/2024\/01\/lua-de-mel-em-gramado-07.jpg 1080w\" sizes=\"auto, (max-width: 1024px) 100vw, 1024px\" \/><figcaption class=\"wp-element-caption\">Foto: <a href=\"https:\/\/www.instagram.com\/p\/CvioM8IM2bV\/\" target=\"_blank\" rel=\"noreferrer noopener\">Snowland Gramado<\/a><\/figcaption><\/figure>\n\n\n\n<p>O \u00fanico parque coberto com neve da Am\u00e9rica Latina \u00e9 perfeito para casais que adora uma aventura. O Snowland oferece diferentes atra\u00e7\u00f5es para todas as idades, e para todas as configura\u00e7\u00f5es de visitantes, al\u00e9m de shows de patina\u00e7\u00e3o art\u00edstica, restaurantes, entre outras op\u00e7\u00f5es. O QCV tem um post especial sobre o local, que pode ser conferido <a href=\"https:\/\/quantocustaviajar.com\/blog\/parque-snowland-gramado\/\" target=\"_blank\" rel=\"noreferrer noopener\">clicando aqui<\/a>.<\/p>\n\n\n\n<h3 class=\"wp-block-heading\"><span class=\"ez-toc-section\" id=\"Lua_de_mel_em_Gramado_restaurantes_romanticos\"><\/span>Lua de mel em Gramado: restaurantes rom\u00e2nticos<span class=\"ez-toc-section-end\"><\/span><\/h3>\n\n\n\n<figure class=\"wp-block-image aligncenter size-full\"><img loading=\"lazy\" decoding=\"async\" width=\"1024\" height=\"681\" src=\"https:\/\/quantocustaviajar.com\/blog\/wp-content\/uploads\/2024\/01\/lua-de-mel-em-gramado-08.jpg\" alt=\"Lua de mel em Gramado\" class=\"wp-image-63762\" srcset=\"https:\/\/quantocustaviajar.com\/blog\/wp-content\/uploads\/2024\/01\/lua-de-mel-em-gramado-08.jpg 1024w, https:\/\/quantocustaviajar.com\/blog\/wp-content\/uploads\/2024\/01\/lua-de-mel-em-gramado-08-300x200.jpg 300w, https:\/\/quantocustaviajar.com\/blog\/wp-content\/uploads\/2024\/01\/lua-de-mel-em-gramado-08-768x511.jpg 768w\" sizes=\"auto, (max-width: 1024px) 100vw, 1024px\" \/><figcaption class=\"wp-element-caption\">Foto: <a href=\"https:\/\/www.instagram.com\/p\/CvDED2guBZc\/\" target=\"_blank\" rel=\"noreferrer noopener\">Belle Du Valais<\/a><\/figcaption><\/figure>\n\n\n\n<p>O que n\u00e3o falta em Gramado s\u00e3o \u00f3timos restaurantes, seja para curtir em casal ou com a fam\u00edlia, mas como o foco principal aqui \u00e9 o romantismo, a lista a seguir confere exatamente esta atmosfera indispens\u00e1vel para a lua de mel perfeita:<\/p>\n\n\n\n<ul class=\"wp-block-list\">\n<li><strong><a href=\"https:\/\/www.instagram.com\/belleduvalais\/\" target=\"_blank\" rel=\"noreferrer noopener\">Belle du Valais<\/a><\/strong> (foto): um dos melhores restaurantes su\u00ed\u00e7os da serra ga\u00facha tem uma decora\u00e7\u00e3o encantadora, card\u00e1pio recheado de op\u00e7\u00f5es a la carte, e o tradicional fondues\u00a0de queijo e chocolate.  Os valores s\u00e3o bem caprichados, mas para uma noite especial, vale cada centavo.<\/li>\n\n\n\n<li><strong><a href=\"https:\/\/www.instagram.com\/restaurantehoppner\/\" target=\"_blank\" rel=\"noreferrer noopener\">Restaurante H\u00f6ppner<\/a><\/strong> : famoso por seu card\u00e1pio inspirado na culin\u00e1ria alem\u00e3, o restaurante ainda conta com outras op\u00e7\u00f5es a la carte, tudo servido em um ambiente \u00e0 meia luz bem intimista.<\/li>\n\n\n\n<li><strong><a href=\"https:\/\/www.instagram.com\/latabledormediterranee\/\" target=\"_blank\" rel=\"noreferrer noopener\">La Table D\u2019Or Mediterran\u00e9e<\/a><\/strong> : a culin\u00e1ria francesa mediterr\u00e2nea marca presen\u00e7a neste restaurante de decora\u00e7\u00e3o cl\u00e1ssica, que tem como carro chefe os frutos do mar. O menu \u00e9 dividido em degusta\u00e7\u00e3o, sugest\u00e3o do chef e \u00e0\u00a0la carte, por valores mais acess\u00edveis.<\/li>\n\n\n\n<li><strong><a href=\"https:\/\/www.instagram.com\/olivasgastrobar\/\" target=\"_blank\" rel=\"noreferrer noopener\">Olivas Gastrobar<\/a><\/strong> : com op\u00e7\u00f5es veganas e vegetarianas, esse restaurante \u00e9 inspirado na cozinha brasileira, e com um precinho camarada. O card\u00e1pio passeia por v\u00e1rias possibilidades, de hamb\u00fargueres a cortes de carne.<\/li>\n\n\n\n<li><strong><a href=\"https:\/\/www.instagram.com\/forneria847\/\" target=\"_blank\" rel=\"noreferrer noopener\">Forneria 847<\/a><\/strong> : a pedida perfeita para apreciar uma boa pizza \u00e0 meia luz, com um bom vinho. <\/li>\n\n\n\n<li><strong><a href=\"https:\/\/www.instagram.com\/catherinegramado\/\" target=\"_blank\" rel=\"noreferrer noopener\">Catherine Gramado<\/a><\/strong> : a decora\u00e7\u00e3o deste restaurante \u00e9 praticamente uma atra\u00e7\u00e3o, e ocasi\u00f5es especiais s\u00e3o celebradas por ali como se deve &#8211; basta entrar em contato com a casa que eles providenciam pequenos mimos para o casal. A culin\u00e1ria contempor\u00e2nea \u00e9 elogiad\u00edssima por quem passa por ali.<\/li>\n<\/ul>\n\n\n\n<p><strong><a href=\"https:\/\/quantocustaviajar.com\/blog\/fondue-em-gramado-onde-comer\/\" target=\"_blank\" rel=\"noreferrer noopener\">Confira tamb\u00e9m onde comer fondue em Gramado<\/a><\/strong><\/p>\n\n\n\n<h2 class=\"wp-block-heading\"><span class=\"ez-toc-section\" id=\"Hospedagem_romantica_para_sua_Lua_de_Mel_em_Gramado\"><\/span>Hospedagem rom\u00e2ntica para sua Lua de Mel em Gramado<span class=\"ez-toc-section-end\"><\/span><\/h2>\n\n\n\n<p>Emoldurada por colinas verdejantes e um clima ameno, Gramado, no cora\u00e7\u00e3o da Serra Ga\u00facha, \u00e9 o ref\u00fagio perfeito para casais em busca de uma escapada rom\u00e2ntica inesquec\u00edvel. Com uma variedade de op\u00e7\u00f5es de hospedagem especialmente concebidas para atender aos amantes, desde chal\u00e9s aconchegantes at\u00e9 hot\u00e9is boutique, a cidade oferece uma experi\u00eancia encantadora para todos os gostos. Os casais podem desfrutar de momentos \u00edntimos em charmosos chal\u00e9s com lareiras acesas, relaxar em spas luxuosos e saborear a deliciosa gastronomia local em restaurantes sofisticados. Al\u00e9m disso, os passeios pelas ruas arborizadas, pontuadas por jardins floridos e lojas encantadoras, proporcionam cen\u00e1rios id\u00edlicos para momentos rom\u00e2nticos a dois.<\/p>\n\n\n\n<figure class=\"wp-block-image aligncenter size-full\"><img loading=\"lazy\" decoding=\"async\" width=\"1024\" height=\"669\" src=\"https:\/\/quantocustaviajar.com\/blog\/wp-content\/uploads\/2024\/02\/luademelemgramado.jpg\" alt=\"Lua de mel em Gramado\" class=\"wp-image-63981\" srcset=\"https:\/\/quantocustaviajar.com\/blog\/wp-content\/uploads\/2024\/02\/luademelemgramado.jpg 1024w, https:\/\/quantocustaviajar.com\/blog\/wp-content\/uploads\/2024\/02\/luademelemgramado-300x196.jpg 300w, https:\/\/quantocustaviajar.com\/blog\/wp-content\/uploads\/2024\/02\/luademelemgramado-768x502.jpg 768w\" sizes=\"auto, (max-width: 1024px) 100vw, 1024px\" \/><figcaption class=\"wp-element-caption\">Foto: <a href=\"https:\/\/www.booking.com\/hotel\/br\/valle-dincanto.pt-br.html?aid=2161834&amp;sid=1bf763744f797b5c155179495991425c&amp;all_sr_blocks=118286502_335372194_0_1_0&amp;checkin=2024-09-05&amp;checkout=2024-09-07&amp;dest_id=-645052&amp;dest_type=city&amp;dist=0&amp;group_adults=2&amp;group_children=0&amp;hapos=1&amp;highlighted_blocks=118286502_335372194_0_1_0&amp;hpos=1&amp;matching_block_id=118286502_335372194_0_1_0&amp;no_rooms=1&amp;req_adults=2&amp;req_children=0&amp;room1=A%2CA&amp;sb_price_type=total&amp;sr_order=popularity&amp;sr_pri_blocks=118286502_335372194_0_1_0__229783&amp;srepoch=1707137966&amp;srpvid=44fb5b562b9902e9&amp;type=total&amp;ucfs=1&amp;activeTab=photosGallery\" target=\"_blank\" rel=\"noreferrer noopener\">Booking<\/a><\/figcaption><\/figure>\n\n\n\n<p>Uma das hospedagens que merece um destaque para uma Lua de Mel em Gramado \u00e9 o <strong><a href=\"https:\/\/www.booking.com\/hotel\/br\/valle-dincanto.pt-br.html?aid=2161834\" target=\"_blank\" rel=\"noreferrer noopener\">Valle D\u00b4incanto Midscale Hotel<\/a>&nbsp;<\/strong>que levou o primeiro lugar no pr\u00eamio&nbsp;<strong><a href=\"https:\/\/www.tripadvisor.com.br\/TravelersChoice-Hotels-cTop-g294280\" target=\"_blank\" rel=\"noreferrer noopener\">Travellers Choice<\/a><\/strong>&nbsp;promovido pelo Tripadvisor, na categoria melhor hotel no Brasil no ano de 2020.<\/p>\n\n\n\n<figure class=\"wp-block-image aligncenter size-full\"><img loading=\"lazy\" decoding=\"async\" width=\"1024\" height=\"686\" src=\"https:\/\/quantocustaviajar.com\/blog\/wp-content\/uploads\/2024\/02\/lua_de_mel_em_gramado.jpg\" alt=\"Lua de mel em Gramado\" class=\"wp-image-63980\" srcset=\"https:\/\/quantocustaviajar.com\/blog\/wp-content\/uploads\/2024\/02\/lua_de_mel_em_gramado.jpg 1024w, https:\/\/quantocustaviajar.com\/blog\/wp-content\/uploads\/2024\/02\/lua_de_mel_em_gramado-300x201.jpg 300w, https:\/\/quantocustaviajar.com\/blog\/wp-content\/uploads\/2024\/02\/lua_de_mel_em_gramado-768x515.jpg 768w\" sizes=\"auto, (max-width: 1024px) 100vw, 1024px\" \/><figcaption class=\"wp-element-caption\">Foto: <a href=\"https:\/\/www.booking.com\/hotel\/br\/gramado-termas-resort-amp-spa-by-wyndham.pt-br.html?aid=2161834&amp;sid=1bf763744f797b5c155179495991425c&amp;all_sr_blocks=439355007_246094991_2_41_0&amp;checkin=2021-08-06&amp;checkout=2021-08-07&amp;dest_id=-645052&amp;dest_type=city&amp;dist=0&amp;group_adults=2&amp;group_children=0&amp;hapos=1&amp;highlighted_blocks=439355007_246094991_2_41_0&amp;hpos=1&amp;no_rooms=1&amp;room1=A%2CA&amp;sb_price_type=total&amp;sr_order=popularity&amp;sr_pri_blocks=439355007_246094991_2_41_0__106643&amp;srepoch=1623679647&amp;srpvid=2cde634f592e0624&amp;type=total&amp;ucfs=1&amp;activeTab=photosGallery\" target=\"_blank\" rel=\"noreferrer noopener\">Booking<\/a><\/figcaption><\/figure>\n\n\n\n<p>Outra hospedagem perfeita para a lua de mel em Gramado \u00e9 o <a href=\"https:\/\/www.booking.com\/hotel\/br\/gramado-termas-resort-amp-spa-by-wyndham.pt-br.html?aid=2161834&amp;sid=f56f863f19ee5ec3e946e8426990d6af&amp;all_sr_blocks=439355007_246094991_2_41_0&amp;checkin=2021-08-06&amp;checkout=2021-08-07&amp;dest_id=-645052&amp;dest_type=city&amp;group_adults=2&amp;group_children=0&amp;hapos=1&amp;highlighted_blocks=439355007_246094991_2_41_0&amp;hpos=1&amp;no_rooms=1&amp;sr_order=popularity&amp;sr_pri_blocks=439355007_246094991_2_41_0__106643&amp;srepoch=1623679647&amp;srpvid=2cde634f592e0624&amp;ucfs=1&amp;sig=v1TD4UCMoE&amp;from=searchresults;highlight_room=#hotelTmpl\" target=\"_blank\" rel=\"noreferrer noopener\">Wyndham Gramado Termas Resort &amp; Spa<\/a>, um resort incr\u00edvel com \u00e1guas termais!<\/p>\n\n\n\n<figure class=\"wp-block-image aligncenter size-full\"><img loading=\"lazy\" decoding=\"async\" width=\"831\" height=\"768\" src=\"https:\/\/quantocustaviajar.com\/blog\/wp-content\/uploads\/2024\/02\/lua-de-mel-em-gramado.jpg\" alt=\"Lua de mel em Gramado\" class=\"wp-image-63979\" srcset=\"https:\/\/quantocustaviajar.com\/blog\/wp-content\/uploads\/2024\/02\/lua-de-mel-em-gramado.jpg 831w, https:\/\/quantocustaviajar.com\/blog\/wp-content\/uploads\/2024\/02\/lua-de-mel-em-gramado-300x277.jpg 300w, https:\/\/quantocustaviajar.com\/blog\/wp-content\/uploads\/2024\/02\/lua-de-mel-em-gramado-768x710.jpg 768w\" sizes=\"auto, (max-width: 831px) 100vw, 831px\" \/><figcaption class=\"wp-element-caption\">Foto: <a href=\"https:\/\/www.booking.com\/hotel\/br\/le-boutique-hotel-gramado.pt-br.html?aid=2161834&amp;sid=1bf763744f797b5c155179495991425c&amp;all_sr_blocks=774489410_368460596_2_1_0&amp;checkin=2024-09-05&amp;checkout=2024-09-07&amp;dest_id=-645052&amp;dest_type=city&amp;dist=0&amp;group_adults=2&amp;group_children=0&amp;hapos=5&amp;highlighted_blocks=774489410_368460596_2_1_0&amp;hpos=5&amp;matching_block_id=774489410_368460596_2_1_0&amp;nflt=class%3D5&amp;no_rooms=1&amp;req_adults=2&amp;req_children=0&amp;room1=A%2CA&amp;sb_price_type=total&amp;sr_order=popularity&amp;sr_pri_blocks=774489410_368460596_2_1_0__207737&amp;srepoch=1707137764&amp;srpvid=013a5adb1694057b&amp;type=total&amp;ucfs=1&amp;activeTab=photosGallery\" target=\"_blank\" rel=\"noreferrer noopener\">Booking<\/a><\/figcaption><\/figure>\n\n\n\n<p>Por \u00faltimo temos a dica do <strong><a href=\"https:\/\/www.booking.com\/hotel\/br\/le-boutique-hotel-gramado.pt-br.html?aid=2161834&amp;sid=1bf763744f797b5c155179495991425c&amp;all_sr_blocks=774489410_368460596_2_1_0;checkin=2024-09-05;checkout=2024-09-07;dest_id=-645052;dest_type=city;dist=0;group_adults=2;group_children=0;hapos=5;highlighted_blocks=774489410_368460596_2_1_0;hpos=5;matching_block_id=774489410_368460596_2_1_0;nflt=class%3D5;no_rooms=1;req_adults=2;req_children=0;room1=A%2CA;sb_price_type=total;sr_order=popularity;sr_pri_blocks=774489410_368460596_2_1_0__207737;srepoch=1707137764;srpvid=013a5adb1694057b;type=total;ucfs=1&amp;#hotelTmpl\" target=\"_blank\" rel=\"noreferrer noopener\">Le Boutique Hotel Gramado<\/a><\/strong> uma hospedagem rom\u00e2ntica em Gramado exclusiva para casais, n\u00e3o tem como sua lua de mel em Gramado n\u00e3o ser perfeita aqui!<\/p>\n\n\n\n<p><strong>+ <a href=\"https:\/\/quantocustaviajar.com\/blog\/viajar-a-dois-no-brasil\/\" target=\"_blank\" rel=\"noreferrer noopener\">Lugares para viajar a dois no Brasil<\/a><\/strong><\/p>\n\n\n\n<script type=\"application\/ld+json\">\n{\n  \"@context\": \"https:\/\/schema.org\",\n  \"@type\": \"ItemList\",\n  \"name\": \"Sugest\u00f5es de restaurantes para lua de mel em Gramado\",\n  \"itemListOrder\": \"Ascending\",\n  \"itemListElement\": [\n    {\n      \"@type\": \"ListItem\",\n      \"position\": 1,\n      \"name\": \"Belle du Valais\",\n      \"url\": \"https:\/\/quantocustaviajar.com\/blog\/lua-de-mel-em-gramado\/#belle-du-valais\"\n    },\n    {\n      \"@type\": \"ListItem\",\n      \"position\": 2,\n      \"name\": \"Restaurante H\u00f6ppner\",\n      \"url\": \"https:\/\/quantocustaviajar.com\/blog\/lua-de-mel-em-gramado\/#restaurante-hoppner\"\n    },\n    {\n      \"@type\": \"ListItem\",\n      \"position\": 3,\n      \"name\": \"La Table D\u2019Or Mediterran\u00e9e\",\n      \"url\": \"https:\/\/quantocustaviajar.com\/blog\/lua-de-mel-em-gramado\/#la-table-dor-mediterranee\"\n    },\n    {\n      \"@type\": \"ListItem\",\n      \"position\": 4,\n      \"name\": \"Olivas Gastrobar\",\n      \"url\": \"https:\/\/quantocustaviajar.com\/blog\/lua-de-mel-em-gramado\/#olivas-gastrobar\"\n    },\n    {\n      \"@type\": \"ListItem\",\n      \"position\": 5,\n      \"name\": \"Forneria 847\",\n      \"url\": \"https:\/\/quantocustaviajar.com\/blog\/lua-de-mel-em-gramado\/#forneria-847\"\n    },\n    {\n      \"@type\": \"ListItem\",\n      \"position\": 6,\n      \"name\": \"Catherine Gramado\",\n      \"url\": \"https:\/\/quantocustaviajar.com\/blog\/lua-de-mel-em-gramado\/#catherine-gramado\"\n    }\n  ]\n}\n<\/script>\n\n<script type=\"application\/ld+json\">\n{\n  \"@context\": \"https:\/\/schema.org\",\n  \"@type\": \"FAQPage\",\n  \"mainEntity\": [\n    {\n      \"@type\": \"Question\",\n      \"name\": \"O que o post sugere para quem vai fazer lua de mel em Gramado?\",\n      \"acceptedAnswer\": {\n        \"@type\": \"Answer\",\n        \"text\": \"O post sugere conhecer a cidade com charme, incluindo passeios rom\u00e2nticos, clima de serra, boa gastronomia em restaurantes intimistas e hospedagens aconchegantes \u2014 ideal para casais em lua de mel.\"\n      }\n    },\n    {\n      \"@type\": \"Question\",\n      \"name\": \"Quais restaurantes s\u00e3o indicados para um jantar rom\u00e2ntico em Gramado na lua de mel?\",\n      \"acceptedAnswer\": {\n        \"@type\": \"Answer\",\n        \"text\": \"Entre os restaurantes indicados est\u00e3o Belle du Valais; Restaurante H\u00f6ppner; La Table D\u2019Or Mediterran\u00e9e; Olivas Gastrobar; Forneria 847; e Catherine Gramado \u2014 todos com ambiente acolhedor ou elegante, perfeitos para uma noite especial a dois. (quantocustaviajar.com\/blog\/lua-de-mel-em-gramado\/)\"\n      }\n    },\n    {\n      \"@type\": \"Question\",\n      \"name\": \"O que esperar de hospedagem ao fazer lua de mel em Gramado?\",\n      \"acceptedAnswer\": {\n        \"@type\": \"Answer\",\n        \"text\": \"O post cita hospedagens rom\u00e2nticas como chal\u00e9s aconchegantes, hot\u00e9is boutique ou resorts com \u00e1guas termais \u2014 ideais para relaxar a dois, aproveitar o clima da serra e curtir a cidade com conforto e tranquilidade.\"\n      }\n    },\n    {\n      \"@type\": \"Question\",\n      \"name\": \"A lua de mel em Gramado vale em qualquer \u00e9poca do ano?\",\n      \"acceptedAnswer\": {\n        \"@type\": \"Answer\",\n        \"text\": \"Sim \u2014 embora o inverno e o frio da serra tornem a experi\u00eancia especialmente charmosa, Gramado oferece clima ameno e atra\u00e7\u00f5es o ano todo, o que permite aproveitar a viagem independentemente da esta\u00e7\u00e3o. (quantocustaviajar.com\/blog\/lua-de-mel-em-gramado\/)\"\n      }\n    }\n  ]\n}\n<\/script>\n\n","protected":false},"excerpt":{"rendered":"<p>Gramado \u00e9 um dos destinos mais procurados por turistas no Brasil, e n\u00e3o \u00e9 s\u00f3 no inverno que a cidade oferece as melhores atra\u00e7\u00f5es. Por todo ano, centenas de pessoas passam por ali em busca do clima ameno e bons restaurantes que a Serra Ga\u00facha oferece &#8211; op\u00e7\u00f5es essas que fazem de l\u00e1 tamb\u00e9m um [&hellip;]<\/p>\n","protected":false},"author":19,"featured_media":63760,"comment_status":"open","ping_status":"open","sticky":false,"template":"","format":"standard","meta":{"cybocfi_hide_featured_image":"","footnotes":""},"categories":[1435,1434,1438],"tags":[215,234,4416,529,16],"class_list":["post-63738","post","type-post","status-publish","format-standard","has-post-thumbnail","hentry","category-comes-bebes","category-descubra-brasil","category-dicas-praticas","tag-gramado","tag-lua-de-mel","tag-lua-de-mel-em-gramado","tag-onde-ir","tag-viagem"],"blocksy_meta":[],"yoast_head":"<!-- This site is optimized with the Yoast SEO plugin v26.3 - https:\/\/yoast.com\/wordpress\/plugins\/seo\/ -->\n<title>Lua de mel em Gramado: restaurantes e atra\u00e7\u00f5es para curtir a dois<\/title>\n<meta name=\"description\" content=\"Planejando uma lua de mel em Gramado? Confira muitas dicas de passeios, restaurantes e hospedagens rom\u00e2nticas na cidade.\" \/>\n<meta name=\"robots\" content=\"index, follow, max-snippet:-1, max-image-preview:large, max-video-preview:-1\" \/>\n<link rel=\"canonical\" href=\"https:\/\/quantocustaviajar.com\/blog\/lua-de-mel-em-gramado\/\" \/>\n<meta property=\"og:locale\" content=\"pt_BR\" \/>\n<meta property=\"og:type\" content=\"article\" \/>\n<meta property=\"og:title\" content=\"Lua de mel em Gramado: restaurantes e atra\u00e7\u00f5es para curtir a dois\" \/>\n<meta property=\"og:description\" content=\"Planejando uma lua de mel em Gramado? Confira muitas dicas de passeios, restaurantes e hospedagens rom\u00e2nticas na cidade.\" \/>\n<meta property=\"og:url\" content=\"https:\/\/quantocustaviajar.com\/blog\/lua-de-mel-em-gramado\/\" \/>\n<meta property=\"og:site_name\" content=\"Blog Quanto Custa Viajar\" \/>\n<meta property=\"article:publisher\" content=\"https:\/\/www.facebook.com\/quantocustaviajar\" \/>\n<meta property=\"article:published_time\" content=\"2025-02-05T13:03:00+00:00\" \/>\n<meta property=\"article:modified_time\" content=\"2025-12-10T18:34:10+00:00\" \/>\n<meta property=\"og:image\" content=\"https:\/\/quantocustaviajar.com\/blog\/wp-content\/uploads\/2024\/01\/lua-de-mel-em-gramado-06.jpg\" \/>\n\t<meta property=\"og:image:width\" content=\"1024\" \/>\n\t<meta property=\"og:image:height\" content=\"768\" \/>\n\t<meta property=\"og:image:type\" content=\"image\/jpeg\" \/>\n<meta name=\"author\" content=\"Sheila Almendros\" \/>\n<meta name=\"twitter:card\" content=\"summary_large_image\" \/>\n<meta name=\"twitter:label1\" content=\"Escrito por\" \/>\n\t<meta name=\"twitter:data1\" content=\"Sheila Almendros\" \/>\n\t<meta name=\"twitter:label2\" content=\"Est. tempo de leitura\" \/>\n\t<meta name=\"twitter:data2\" content=\"9 minutos\" \/>\n<!-- \/ Yoast SEO plugin. -->","yoast_head_json":{"title":"Lua de mel em Gramado: restaurantes e atra\u00e7\u00f5es para curtir a dois","description":"Planejando uma lua de mel em Gramado? Confira muitas dicas de passeios, restaurantes e hospedagens rom\u00e2nticas na cidade.","robots":{"index":"index","follow":"follow","max-snippet":"max-snippet:-1","max-image-preview":"max-image-preview:large","max-video-preview":"max-video-preview:-1"},"canonical":"https:\/\/quantocustaviajar.com\/blog\/lua-de-mel-em-gramado\/","og_locale":"pt_BR","og_type":"article","og_title":"Lua de mel em Gramado: restaurantes e atra\u00e7\u00f5es para curtir a dois","og_description":"Planejando uma lua de mel em Gramado? Confira muitas dicas de passeios, restaurantes e hospedagens rom\u00e2nticas na cidade.","og_url":"https:\/\/quantocustaviajar.com\/blog\/lua-de-mel-em-gramado\/","og_site_name":"Blog Quanto Custa Viajar","article_publisher":"https:\/\/www.facebook.com\/quantocustaviajar","article_published_time":"2025-02-05T13:03:00+00:00","article_modified_time":"2025-12-10T18:34:10+00:00","og_image":[{"width":1024,"height":768,"url":"https:\/\/quantocustaviajar.com\/blog\/wp-content\/uploads\/2024\/01\/lua-de-mel-em-gramado-06.jpg","type":"image\/jpeg"}],"author":"Sheila Almendros","twitter_card":"summary_large_image","twitter_misc":{"Escrito por":"Sheila Almendros","Est. tempo de leitura":"9 minutos"},"schema":{"@context":"https:\/\/schema.org","@graph":[{"@type":["Article","BlogPosting"],"@id":"https:\/\/quantocustaviajar.com\/blog\/lua-de-mel-em-gramado\/#article","isPartOf":{"@id":"https:\/\/quantocustaviajar.com\/blog\/lua-de-mel-em-gramado\/"},"author":{"name":"Sheila Almendros","@id":"https:\/\/quantocustaviajar.com\/blog\/#\/schema\/person\/66bc96b9076769d61f47e383ac516439"},"headline":"Lua de mel em Gramado: restaurantes e atra\u00e7\u00f5es para curtir a dois","datePublished":"2025-02-05T13:03:00+00:00","dateModified":"2025-12-10T18:34:10+00:00","mainEntityOfPage":{"@id":"https:\/\/quantocustaviajar.com\/blog\/lua-de-mel-em-gramado\/"},"wordCount":1285,"commentCount":0,"publisher":{"@id":"https:\/\/quantocustaviajar.com\/blog\/#organization"},"image":{"@id":"https:\/\/quantocustaviajar.com\/blog\/lua-de-mel-em-gramado\/#primaryimage"},"thumbnailUrl":"https:\/\/quantocustaviajar.com\/blog\/wp-content\/uploads\/2024\/01\/lua-de-mel-em-gramado-06.jpg","keywords":["Gramado","lua de mel","lua de mel em gramado","onde ir","viagem"],"articleSection":["Comes &amp; Bebes","Descubra o Brasil","Dicas pr\u00e1ticas"],"inLanguage":"pt-BR","potentialAction":[{"@type":"CommentAction","name":"Comment","target":["https:\/\/quantocustaviajar.com\/blog\/lua-de-mel-em-gramado\/#respond"]}]},{"@type":"WebPage","@id":"https:\/\/quantocustaviajar.com\/blog\/lua-de-mel-em-gramado\/","url":"https:\/\/quantocustaviajar.com\/blog\/lua-de-mel-em-gramado\/","name":"Lua de mel em Gramado: restaurantes e atra\u00e7\u00f5es para curtir a dois","isPartOf":{"@id":"https:\/\/quantocustaviajar.com\/blog\/#website"},"primaryImageOfPage":{"@id":"https:\/\/quantocustaviajar.com\/blog\/lua-de-mel-em-gramado\/#primaryimage"},"image":{"@id":"https:\/\/quantocustaviajar.com\/blog\/lua-de-mel-em-gramado\/#primaryimage"},"thumbnailUrl":"https:\/\/quantocustaviajar.com\/blog\/wp-content\/uploads\/2024\/01\/lua-de-mel-em-gramado-06.jpg","datePublished":"2025-02-05T13:03:00+00:00","dateModified":"2025-12-10T18:34:10+00:00","description":"Planejando uma lua de mel em Gramado? Confira muitas dicas de passeios, restaurantes e hospedagens rom\u00e2nticas na cidade.","breadcrumb":{"@id":"https:\/\/quantocustaviajar.com\/blog\/lua-de-mel-em-gramado\/#breadcrumb"},"inLanguage":"pt-BR","potentialAction":[{"@type":"ReadAction","target":["https:\/\/quantocustaviajar.com\/blog\/lua-de-mel-em-gramado\/"]}]},{"@type":"ImageObject","inLanguage":"pt-BR","@id":"https:\/\/quantocustaviajar.com\/blog\/lua-de-mel-em-gramado\/#primaryimage","url":"https:\/\/quantocustaviajar.com\/blog\/wp-content\/uploads\/2024\/01\/lua-de-mel-em-gramado-06.jpg","contentUrl":"https:\/\/quantocustaviajar.com\/blog\/wp-content\/uploads\/2024\/01\/lua-de-mel-em-gramado-06.jpg","width":1024,"height":768},{"@type":"BreadcrumbList","@id":"https:\/\/quantocustaviajar.com\/blog\/lua-de-mel-em-gramado\/#breadcrumb","itemListElement":[{"@type":"ListItem","position":1,"name":"In\u00edcio","item":"https:\/\/quantocustaviajar.com\/blog\/"},{"@type":"ListItem","position":2,"name":"Lua de mel em Gramado: restaurantes e atra\u00e7\u00f5es para curtir a dois"}]},{"@type":"WebSite","@id":"https:\/\/quantocustaviajar.com\/blog\/#website","url":"https:\/\/quantocustaviajar.com\/blog\/","name":"Blog Quanto Custa Viajar","description":"","publisher":{"@id":"https:\/\/quantocustaviajar.com\/blog\/#organization"},"potentialAction":[{"@type":"SearchAction","target":{"@type":"EntryPoint","urlTemplate":"https:\/\/quantocustaviajar.com\/blog\/?s={search_term_string}"},"query-input":{"@type":"PropertyValueSpecification","valueRequired":true,"valueName":"search_term_string"}}],"inLanguage":"pt-BR"},{"@type":"Organization","@id":"https:\/\/quantocustaviajar.com\/blog\/#organization","name":"Quanto Custa Viajar","url":"https:\/\/quantocustaviajar.com\/blog\/","logo":{"@type":"ImageObject","inLanguage":"pt-BR","@id":"https:\/\/quantocustaviajar.com\/blog\/#\/schema\/logo\/image\/","url":"","contentUrl":"","caption":"Quanto Custa Viajar"},"image":{"@id":"https:\/\/quantocustaviajar.com\/blog\/#\/schema\/logo\/image\/"},"sameAs":["https:\/\/www.facebook.com\/quantocustaviajar"]},{"@type":"Person","@id":"https:\/\/quantocustaviajar.com\/blog\/#\/schema\/person\/66bc96b9076769d61f47e383ac516439","name":"Sheila Almendros","image":{"@type":"ImageObject","inLanguage":"pt-BR","@id":"https:\/\/quantocustaviajar.com\/blog\/#\/schema\/person\/image\/","url":"https:\/\/secure.gravatar.com\/avatar\/f38e2f0e4f0d273587e0882ec5d6afa5cd3463efd68233d49b41368144e219b5?s=96&d=mm&r=g","contentUrl":"https:\/\/secure.gravatar.com\/avatar\/f38e2f0e4f0d273587e0882ec5d6afa5cd3463efd68233d49b41368144e219b5?s=96&d=mm&r=g","caption":"Sheila Almendros"},"description":"Jornalista, produtora de conte\u00fado web e apaixonada pelo mundo.","url":"https:\/\/quantocustaviajar.com\/blog\/author\/sheila-almendros\/"}]}},"_links":{"self":[{"href":"https:\/\/quantocustaviajar.com\/blog\/wp-json\/wp\/v2\/posts\/63738","targetHints":{"allow":["GET"]}}],"collection":[{"href":"https:\/\/quantocustaviajar.com\/blog\/wp-json\/wp\/v2\/posts"}],"about":[{"href":"https:\/\/quantocustaviajar.com\/blog\/wp-json\/wp\/v2\/types\/post"}],"author":[{"embeddable":true,"href":"https:\/\/quantocustaviajar.com\/blog\/wp-json\/wp\/v2\/users\/19"}],"replies":[{"embeddable":true,"href":"https:\/\/quantocustaviajar.com\/blog\/wp-json\/wp\/v2\/comments?post=63738"}],"version-history":[{"count":3,"href":"https:\/\/quantocustaviajar.com\/blog\/wp-json\/wp\/v2\/posts\/63738\/revisions"}],"predecessor-version":[{"id":89154,"href":"https:\/\/quantocustaviajar.com\/blog\/wp-json\/wp\/v2\/posts\/63738\/revisions\/89154"}],"wp:featuredmedia":[{"embeddable":true,"href":"https:\/\/quantocustaviajar.com\/blog\/wp-json\/wp\/v2\/media\/63760"}],"wp:attachment":[{"href":"https:\/\/quantocustaviajar.com\/blog\/wp-json\/wp\/v2\/media?parent=63738"}],"wp:term":[{"taxonomy":"category","embeddable":true,"href":"https:\/\/quantocustaviajar.com\/blog\/wp-json\/wp\/v2\/categories?post=63738"},{"taxonomy":"post_tag","embeddable":true,"href":"https:\/\/quantocustaviajar.com\/blog\/wp-json\/wp\/v2\/tags?post=63738"}],"curies":[{"name":"wp","href":"https:\/\/api.w.org\/{rel}","templated":true}]}}