{"id":60163,"date":"2023-08-01T17:59:05","date_gmt":"2023-08-01T17:59:05","guid":{"rendered":"https:\/\/quantocustaviajar.com\/blog\/?p=60163"},"modified":"2023-08-01T17:59:07","modified_gmt":"2023-08-01T17:59:07","slug":"qual-a-melhor-epoca-para-ir-para-porto-de-galinha","status":"publish","type":"post","link":"https:\/\/quantocustaviajar.com\/blog\/qual-a-melhor-epoca-para-ir-para-porto-de-galinha\/","title":{"rendered":"Qual a melhor \u00e9poca para ir para Porto de Galinhas? Confira agora!"},"content":{"rendered":"\n<p>Quer conhecer um dos destinos de praia mais populares do Nordeste brasileiro mas ainda n\u00e3o sabe e n\u00e3o consegue decidir <strong>qual a melhor \u00e9poca para ir para Porto de Galinhas? <\/strong>Ent\u00e3o acompanhe este guia m\u00eas a m\u00eas para saber o per\u00edodo ideal para realizar sua viagem!<\/p><div id=\"ez-toc-container\" class=\"ez-toc-v2_0_76 ez-toc-wrap-left counter-hierarchy ez-toc-counter ez-toc-light-blue ez-toc-container-direction\">\n<div class=\"ez-toc-title-container\">\n<p class=\"ez-toc-title\" style=\"cursor:inherit\">Aqui voc\u00ea ir\u00e1 encontrar<\/p>\n<span class=\"ez-toc-title-toggle\"><a href=\"#\" class=\"ez-toc-pull-right ez-toc-btn ez-toc-btn-xs ez-toc-btn-default ez-toc-toggle\" aria-label=\"Alternar tabela de conte\u00fado\"><span class=\"ez-toc-js-icon-con\"><span class=\"\"><span class=\"eztoc-hide\" style=\"display:none;\">Toggle<\/span><span class=\"ez-toc-icon-toggle-span\"><svg style=\"fill: #999;color:#999\" xmlns=\"http:\/\/www.w3.org\/2000\/svg\" class=\"list-377408\" width=\"20px\" height=\"20px\" viewBox=\"0 0 24 24\" fill=\"none\"><path d=\"M6 6H4v2h2V6zm14 0H8v2h12V6zM4 11h2v2H4v-2zm16 0H8v2h12v-2zM4 16h2v2H4v-2zm16 0H8v2h12v-2z\" fill=\"currentColor\"><\/path><\/svg><svg style=\"fill: #999;color:#999\" class=\"arrow-unsorted-368013\" xmlns=\"http:\/\/www.w3.org\/2000\/svg\" width=\"10px\" height=\"10px\" viewBox=\"0 0 24 24\" version=\"1.2\" baseProfile=\"tiny\"><path d=\"M18.2 9.3l-6.2-6.3-6.2 6.3c-.2.2-.3.4-.3.7s.1.5.3.7c.2.2.4.3.7.3h11c.3 0 .5-.1.7-.3.2-.2.3-.5.3-.7s-.1-.5-.3-.7zM5.8 14.7l6.2 6.3 6.2-6.3c.2-.2.3-.5.3-.7s-.1-.5-.3-.7c-.2-.2-.4-.3-.7-.3h-11c-.3 0-.5.1-.7.3-.2.2-.3.5-.3.7s.1.5.3.7z\"\/><\/svg><\/span><\/span><\/span><\/a><\/span><\/div>\n<nav><ul class='ez-toc-list ez-toc-list-level-1 ' ><li class='ez-toc-page-1 ez-toc-heading-level-2'><a class=\"ez-toc-link ez-toc-heading-1\" href=\"https:\/\/quantocustaviajar.com\/blog\/qual-a-melhor-epoca-para-ir-para-porto-de-galinha\/#Qual_a_melhor_epoca_para_ir_para_Porto_de_Galinhas\" >Qual a melhor \u00e9poca para ir para Porto de Galinhas<\/a><\/li><li class='ez-toc-page-1 ez-toc-heading-level-2'><a class=\"ez-toc-link ez-toc-heading-2\" href=\"https:\/\/quantocustaviajar.com\/blog\/qual-a-melhor-epoca-para-ir-para-porto-de-galinha\/#Qual_a_melhor_epoca_para_ir_para_Porto_de_Galinhas_mes_a_mes\" >Qual a melhor \u00e9poca para ir para Porto de Galinhas: m\u00eas a m\u00eas<\/a><ul class='ez-toc-list-level-3' ><li class='ez-toc-heading-level-3'><a class=\"ez-toc-link ez-toc-heading-3\" href=\"https:\/\/quantocustaviajar.com\/blog\/qual-a-melhor-epoca-para-ir-para-porto-de-galinha\/#Janeiro\" >Janeiro<\/a><\/li><li class='ez-toc-page-1 ez-toc-heading-level-3'><a class=\"ez-toc-link ez-toc-heading-4\" href=\"https:\/\/quantocustaviajar.com\/blog\/qual-a-melhor-epoca-para-ir-para-porto-de-galinha\/#Fevereiro\" >Fevereiro<\/a><\/li><li class='ez-toc-page-1 ez-toc-heading-level-3'><a class=\"ez-toc-link ez-toc-heading-5\" href=\"https:\/\/quantocustaviajar.com\/blog\/qual-a-melhor-epoca-para-ir-para-porto-de-galinha\/#Marco\" >Mar\u00e7o<\/a><\/li><li class='ez-toc-page-1 ez-toc-heading-level-3'><a class=\"ez-toc-link ez-toc-heading-6\" href=\"https:\/\/quantocustaviajar.com\/blog\/qual-a-melhor-epoca-para-ir-para-porto-de-galinha\/#Abril\" >Abril<\/a><\/li><li class='ez-toc-page-1 ez-toc-heading-level-3'><a class=\"ez-toc-link ez-toc-heading-7\" href=\"https:\/\/quantocustaviajar.com\/blog\/qual-a-melhor-epoca-para-ir-para-porto-de-galinha\/#Maio\" >Maio<\/a><\/li><li class='ez-toc-page-1 ez-toc-heading-level-3'><a class=\"ez-toc-link ez-toc-heading-8\" href=\"https:\/\/quantocustaviajar.com\/blog\/qual-a-melhor-epoca-para-ir-para-porto-de-galinha\/#Junho\" >Junho<\/a><\/li><li class='ez-toc-page-1 ez-toc-heading-level-3'><a class=\"ez-toc-link ez-toc-heading-9\" href=\"https:\/\/quantocustaviajar.com\/blog\/qual-a-melhor-epoca-para-ir-para-porto-de-galinha\/#Julho\" >Julho<\/a><\/li><li class='ez-toc-page-1 ez-toc-heading-level-3'><a class=\"ez-toc-link ez-toc-heading-10\" href=\"https:\/\/quantocustaviajar.com\/blog\/qual-a-melhor-epoca-para-ir-para-porto-de-galinha\/#Agosto\" >Agosto<\/a><\/li><li class='ez-toc-page-1 ez-toc-heading-level-3'><a class=\"ez-toc-link ez-toc-heading-11\" href=\"https:\/\/quantocustaviajar.com\/blog\/qual-a-melhor-epoca-para-ir-para-porto-de-galinha\/#Setembro\" >Setembro<\/a><\/li><li class='ez-toc-page-1 ez-toc-heading-level-3'><a class=\"ez-toc-link ez-toc-heading-12\" href=\"https:\/\/quantocustaviajar.com\/blog\/qual-a-melhor-epoca-para-ir-para-porto-de-galinha\/#Outubro\" >Outubro<\/a><\/li><li class='ez-toc-page-1 ez-toc-heading-level-3'><a class=\"ez-toc-link ez-toc-heading-13\" href=\"https:\/\/quantocustaviajar.com\/blog\/qual-a-melhor-epoca-para-ir-para-porto-de-galinha\/#Novembro\" >Novembro<\/a><\/li><li class='ez-toc-page-1 ez-toc-heading-level-3'><a class=\"ez-toc-link ez-toc-heading-14\" href=\"https:\/\/quantocustaviajar.com\/blog\/qual-a-melhor-epoca-para-ir-para-porto-de-galinha\/#Dezembro\" >Dezembro<\/a><\/li><\/ul><\/li><\/ul><\/nav><\/div>\n\n\n\n\n<p>Com certeza um dos melhores destinos do litoral do nordeste brasileiro, Porto de Galinhas \u00e9 um distrito da cidade de Ipojuca, no estado de Pernambuco e fica a apenas 60 km do aeroporto Guararapes em Recife, a capital do estado. Com f\u00e1cil acesso, voos frequentes do pa\u00eds todo, \u00f3tima infraestrutura e um clima excelente praticamente o ano todo, n\u00e3o \u00e9 dif\u00edcil descobrir <strong>qual a melhor \u00e9poca para ir para Porto de Galinhas<\/strong>, mas vale a aten\u00e7\u00e3o para alguns meses espec\u00edficos e aten\u00e7\u00e3o aos per\u00edodos festivos.<\/p>\n\n\n\n<p>Antes de tudo, <strong><a href=\"https:\/\/www.turismocity.com.br\/passagens-aereas-para-REC-Recife?from=SAO&amp;utm_source=qcv&amp;utm_medium=blog\" target=\"_blank\" rel=\"noreferrer noopener\">pesquise aqui sua passagem a\u00e9rea barata para Recife!<\/a><\/strong><\/p>\n\n\n\n<figure class=\"wp-block-image aligncenter size-full\"><img loading=\"lazy\" decoding=\"async\" width=\"1024\" height=\"768\" src=\"https:\/\/quantocustaviajar.com\/blog\/wp-content\/uploads\/2023\/07\/1024px-Porto_de_Galinhas-003.jpg\" alt=\"\" class=\"wp-image-60166\" srcset=\"https:\/\/quantocustaviajar.com\/blog\/wp-content\/uploads\/2023\/07\/1024px-Porto_de_Galinhas-003.jpg 1024w, https:\/\/quantocustaviajar.com\/blog\/wp-content\/uploads\/2023\/07\/1024px-Porto_de_Galinhas-003-300x225.jpg 300w, https:\/\/quantocustaviajar.com\/blog\/wp-content\/uploads\/2023\/07\/1024px-Porto_de_Galinhas-003-768x576.jpg 768w\" sizes=\"auto, (max-width: 1024px) 100vw, 1024px\" \/><figcaption>Foto: <a href=\"https:\/\/commons.wikimedia.org\/wiki\/File:Porto_de_Galinhas-003.jpg\" target=\"_blank\" rel=\"noreferrer noopener\">Wikimedia Commons<\/a><\/figcaption><\/figure>\n\n\n\n<p>Quem viaja n\u00e3o quer e nem pode perder tempo, por isso prestar aten\u00e7\u00e3o em alguns detalhes podem com certeza te ajudar a ter uma experi\u00eancia melhor e mais completa em cada destino, otimizando seu precioso tempo na regi\u00e3o, que muitas vezes j\u00e1 \u00e9 bem mais curto do que gostar\u00edamos.&nbsp;<\/p>\n\n\n\n<p>Assim, veja abaixo detalhadamente, com as caracter\u00edsticas m\u00eas a m\u00eas, e descubra <strong>qual a melhor \u00e9poca para ir para Porto de Galinhas.<\/strong><\/p>\n\n\n\n<h2 class=\"wp-block-heading\"><span class=\"ez-toc-section\" id=\"Qual_a_melhor_epoca_para_ir_para_Porto_de_Galinhas\"><\/span>Qual a melhor \u00e9poca para ir para Porto de Galinhas<span class=\"ez-toc-section-end\"><\/span><\/h2>\n\n\n\n<p>Nesta regi\u00e3o do pa\u00eds, saber certinho as caracter\u00edsticas das esta\u00e7\u00f5es e qual o per\u00edodo de seca e o de chuva ajudam no entendimento de <strong>qual a melhor \u00e9poca para ir para Porto de Galinhas.<\/strong><\/p>\n\n\n\n<p><strong>Esta\u00e7\u00e3o seca<\/strong>: a esta\u00e7\u00e3o seca \u00e9 caracter\u00edstica da primavera e do ver\u00e3o, marcando os meses de agosto, setembro, outubro, novembro, dezembro, janeiro e fevereiro, o que se traduz na alta temporada da regi\u00e3o. Com temperaturas m\u00e9dias em torno de 28-32\u00b0C, as chuvas s\u00e3o mais escassas, e o mar fica mais calmo, com uma cor linda, ideal para a pr\u00e1tica de mergulho e outras atividades aqu\u00e1ticas.<\/p>\n\n\n\n<p><strong>Esta\u00e7\u00e3o chuvosa<\/strong>: j\u00e1 o per\u00edodo chuvoso acontece entre os meses de mar\u00e7o, abril, maio, junho e julho, no outono e inverno. As chuvas s\u00e3o mais frequentes, mas costumam ser breves, o que n\u00e3o impede a visita \u00e0 regi\u00e3o, mas pode impactar na cor do mar, nas atividades dispon\u00edveis e tamb\u00e9m no fato do mar estar bem mais agitado.<\/p>\n\n\n\n<p>Agora que voc\u00ea j\u00e1 sabe uma vis\u00e3o geral das esta\u00e7\u00f5es para decidir <strong>qual a melhor \u00e9poca para ir para Porto de Galinhas<\/strong>, confira no detalhe as caracter\u00edsticas de cada m\u00eas na regi\u00e3o.<\/p>\n\n\n\n<figure class=\"wp-block-image aligncenter size-full is-resized\"><img loading=\"lazy\" decoding=\"async\" src=\"https:\/\/quantocustaviajar.com\/blog\/wp-content\/uploads\/2023\/07\/Porto_de_galinhas_RIQUESA_MUNDIAL_PRESERVA_SEMPRE.jpg\" alt=\"\" class=\"wp-image-60168\" width=\"804\" height=\"447\" srcset=\"https:\/\/quantocustaviajar.com\/blog\/wp-content\/uploads\/2023\/07\/Porto_de_galinhas_RIQUESA_MUNDIAL_PRESERVA_SEMPRE.jpg 630w, https:\/\/quantocustaviajar.com\/blog\/wp-content\/uploads\/2023\/07\/Porto_de_galinhas_RIQUESA_MUNDIAL_PRESERVA_SEMPRE-300x167.jpg 300w\" sizes=\"auto, (max-width: 804px) 100vw, 804px\" \/><figcaption>Foto: <a href=\"https:\/\/commons.wikimedia.org\/wiki\/File:Porto_de_galinhas_RIQUESA_MUNDIAL_PRESERVA_SEMPRE.jpg\" target=\"_blank\" rel=\"noreferrer noopener\">Wikimedia Commons<\/a><\/figcaption><\/figure>\n\n\n\n<h2 class=\"wp-block-heading\"><span class=\"ez-toc-section\" id=\"Qual_a_melhor_epoca_para_ir_para_Porto_de_Galinhas_mes_a_mes\"><\/span>Qual a melhor \u00e9poca para ir para Porto de Galinhas: m\u00eas a m\u00eas<span class=\"ez-toc-section-end\"><\/span><\/h2>\n\n\n\n<h3 class=\"wp-block-heading\"><span class=\"ez-toc-section\" id=\"Janeiro\"><\/span>Janeiro<span class=\"ez-toc-section-end\"><\/span><\/h3>\n\n\n\n<p>O primeiro m\u00eas do ano \u00e9 o mais quente de todos, com temperaturas m\u00e9dias de 32\u00b0C e chuvas r\u00e1pidas e n\u00e3o t\u00e3o frequentes, come\u00e7ando a marcar a&nbsp; reta final da esta\u00e7\u00e3o seca. Por coincidir com o per\u00edodo de r\u00e9veillon e f\u00e9rias escolares, o viajante deve se preparar para uma das maiores lota\u00e7\u00f5es do ano, que impactam diretamente nos servi\u00e7os tur\u00edsticos, assim voc\u00ea deve encontrar os valores de passeios, hospedagens e voos bem mais caros que em outros meses.<\/p>\n\n\n\n<p>Embora seja um bom m\u00eas e que muitos j\u00e1 tenham f\u00e9rias marcadas, janeiro n\u00e3o garante o primeiro lugar em nossas indica\u00e7\u00f5es de <strong>qual a melhor \u00e9poca para ir para Porto de Galinhas<\/strong>.<\/p>\n\n\n\n<h3 class=\"wp-block-heading\"><span class=\"ez-toc-section\" id=\"Fevereiro\"><\/span>Fevereiro<span class=\"ez-toc-section-end\"><\/span><\/h3>\n\n\n\n<p>O \u00faltimo m\u00eas da esta\u00e7\u00e3o seca tamb\u00e9m \u00e9 quente e as chuvas s\u00e3o um pouco mais frequentes, ainda que poucas e r\u00e1pidas. Aqui, a lota\u00e7\u00e3o come\u00e7a a desacelerar, mas volta com tudo no feriado de Carnaval (se cair neste m\u00eas, o que geralmente acontece). Se sua inten\u00e7\u00e3o for realmente passar o feriado em Porto de Galinhas festejando, fa\u00e7a suas reservas na regi\u00e3o de forma bem antecipada.<\/p>\n\n\n\n<p>Se seu objetivo n\u00e3o for necessariamente passar o Carnaval nesta praia e puder escolher <strong>qual a melhor \u00e9poca para ir para Porto de Galinhas<\/strong>, indicamos voc\u00ea escolher outro per\u00edodo, que n\u00e3o esteja t\u00e3o cheio e com pre\u00e7os mais elevados.<\/p>\n\n\n\n<h3 class=\"wp-block-heading\"><span class=\"ez-toc-section\" id=\"Marco\"><\/span>Mar\u00e7o<span class=\"ez-toc-section-end\"><\/span><\/h3>\n\n\n\n<p>Em mar\u00e7o as temperaturas continuam altas, mas as chuvas come\u00e7am a aparecer com mais frequ\u00eancia e maior volume. Se n\u00e3o houver o feriado de Carnaval pegando o come\u00e7o deste m\u00eas, a lota\u00e7\u00e3o \u00e9 bem inferior ao come\u00e7o do ano e os pre\u00e7os bem mais amig\u00e1veis, ainda valendo a pena investir em viajar nesta \u00e9poca.<\/p>\n\n\n\n<p>Neste m\u00eas a lota\u00e7\u00e3o tur\u00edstica come\u00e7a a diminuir e o m\u00eas \u00e9 marcado por ser um intermedi\u00e1rio entre a alta temporada e a baixa temporada.<\/p>\n\n\n\n<h3 class=\"wp-block-heading\"><span class=\"ez-toc-section\" id=\"Abril\"><\/span>Abril<span class=\"ez-toc-section-end\"><\/span><\/h3>\n\n\n\n<p>Abril marca o primeiro m\u00eas da primavera, e o clima come\u00e7a a ficar mais ameno, com temperaturas m\u00e9dias de 27\u00b0C e \u00e9 quando as chuvas come\u00e7am de vez. A lota\u00e7\u00e3o diminui ainda mais, e \u00e9 um bom m\u00eas para visitar Porto de Galinhas se voc\u00ea quer evitar a multid\u00e3o, investir menos dinheiro, n\u00e3o pegar o \u00e1pice da esta\u00e7\u00e3o chuvosa e ainda curtir dias ensolarados.<\/p>\n\n\n\n<h3 class=\"wp-block-heading\"><span class=\"ez-toc-section\" id=\"Maio\"><\/span>Maio<span class=\"ez-toc-section-end\"><\/span><\/h3>\n\n\n\n<p>Em maio, as chuvas ainda s\u00e3o frequentes, mas tendem a diminuir \u00e0 medida que o m\u00eas avan\u00e7a e o clima permanece quente e \u00famido, na m\u00e9dia de 26\u00b0C. Uma das vantagens \u00e9 ser parte da baixa temporada, com poucos viajantes e valores acess\u00edveis.<\/p>\n\n\n\n<h3 class=\"wp-block-heading\"><span class=\"ez-toc-section\" id=\"Junho\"><\/span>Junho<span class=\"ez-toc-section-end\"><\/span><\/h3>\n\n\n\n<p>O in\u00edcio do inverno pode apresentar alguns poucos dias chuvosos, mas geralmente tem bem menos chuva do que os meses anteriores. O clima ainda \u00e9 \u00f3timo para praia, com temperaturas em torno de 27\u00b0C.<\/p>\n\n\n\n<p>Com clima agrad\u00e1vel e dias menos chuvosos, junho pode ser considerado um bom m\u00eas na decis\u00e3o de <strong>qual a melhor \u00e9poca para ir para Porto de Galinhas<\/strong>, especialmente se ainda quiser economizar um pouco mais.<\/p>\n\n\n\n<p>Neste m\u00eas, s\u00f3 vale a aten\u00e7\u00e3o para a lota\u00e7\u00e3o no feriado Corpus Christi, quando cai em junho, que costuma movimentar o local. <a href=\"https:\/\/quantocustaviajar.com\/blog\/feriados-2024\/\" target=\"_blank\" rel=\"noreferrer noopener\">Em 2024, Corpus Christi cai em 30 de maio, saiba tudo sobre os feriados do pr\u00f3ximo ano aqui<\/a>.<\/p>\n\n\n\n<figure class=\"wp-block-image aligncenter size-large\"><img loading=\"lazy\" decoding=\"async\" width=\"1024\" height=\"576\" src=\"https:\/\/quantocustaviajar.com\/blog\/wp-content\/uploads\/2023\/07\/wallpaperflare.com_wallpaper-10-1024x576.jpg\" alt=\"\" class=\"wp-image-60170\" srcset=\"https:\/\/quantocustaviajar.com\/blog\/wp-content\/uploads\/2023\/07\/wallpaperflare.com_wallpaper-10-1024x576.jpg 1024w, https:\/\/quantocustaviajar.com\/blog\/wp-content\/uploads\/2023\/07\/wallpaperflare.com_wallpaper-10-300x169.jpg 300w, https:\/\/quantocustaviajar.com\/blog\/wp-content\/uploads\/2023\/07\/wallpaperflare.com_wallpaper-10-768x432.jpg 768w, https:\/\/quantocustaviajar.com\/blog\/wp-content\/uploads\/2023\/07\/wallpaperflare.com_wallpaper-10.jpg 1366w\" sizes=\"auto, (max-width: 1024px) 100vw, 1024px\" \/><figcaption>Foto: <a href=\"https:\/\/www.wallpaperflare.com\/ckturistando-porto-de-galinha-nordeste-pernambuco-brazil-wallpaper-erhxu\/download\/1366x768\" target=\"_blank\" rel=\"noreferrer noopener\">Wallpaper Flare<\/a><\/figcaption><\/figure>\n\n\n\n<h3 class=\"wp-block-heading\"><span class=\"ez-toc-section\" id=\"Julho\"><\/span>Julho<span class=\"ez-toc-section-end\"><\/span><\/h3>\n\n\n\n<p>Embora seja o \u201cauge\u201d do inverno em Porto de Galinhas com temperaturas m\u00e9dias de 24\u00b0C, o clima ainda favorece os dias de praia, mas com bem mais incid\u00eancia de chuvas.<\/p>\n\n\n\n<p>Julho marca o in\u00edcio da alta temporada, gra\u00e7as \u00e0s &#8220;f\u00e9rias de julho&#8221; no Brasil, por isso \u00e9 poss\u00edvel encontrar valores mais inflacionados nos servi\u00e7os tur\u00edsticos.<\/p>\n\n\n\n<h3 class=\"wp-block-heading\"><span class=\"ez-toc-section\" id=\"Agosto\"><\/span>Agosto<span class=\"ez-toc-section-end\"><\/span><\/h3>\n\n\n\n<p>O primeiro m\u00eas da esta\u00e7\u00e3o seca \u00e9 marcado por temperaturas um pouco mais altas que julho e uma redu\u00e7\u00e3o consider\u00e1vel das chuvas.<\/p>\n\n\n\n<p>A lota\u00e7\u00e3o \u00e9 baixa, os pre\u00e7os mais atrativos e \u00e9 um bom m\u00eas para escolher quando pensar em <strong>qual a melhor \u00e9poca para ir para Porto de Galinha.<\/strong><\/p>\n\n\n\n<h3 class=\"wp-block-heading\"><span class=\"ez-toc-section\" id=\"Setembro\"><\/span>Setembro<span class=\"ez-toc-section-end\"><\/span><\/h3>\n\n\n\n<p>Em setembro, in\u00edcio da primavera, as chuvas come\u00e7am a ser mais raras, e o clima come\u00e7a a ficar mais seco novamente e as temperaturas continuam subindo, sendo uma \u00f3tima op\u00e7\u00e3o para conhecer Porto de Galinhas.<\/p>\n\n\n\n<p>Em setembro, vale a pena evitar apenas o feriado do Dia da Independ\u00eancia do Brasil (7 de setembro), j\u00e1 que costuma ser um feriado emendado e muitas pessoas aproveitam para visitar a regi\u00e3o.<\/p>\n\n\n\n<h3 class=\"wp-block-heading\"><span class=\"ez-toc-section\" id=\"Outubro\"><\/span>Outubro<span class=\"ez-toc-section-end\"><\/span><\/h3>\n\n\n\n<p>Ainda n\u00e3o sabe<strong> qual a melhor \u00e9poca para ir para Porto de Galinha? <\/strong>Ent\u00e3o considere seriamente viajar em outubro! No auge da primavera, a esta\u00e7\u00e3o \u00e9 seca, o clima fica cada vez mais quente e quase n\u00e3o h\u00e1 chuvas.<\/p>\n\n\n\n<p>Durante o m\u00eas todo a lota\u00e7\u00e3o \u00e9 baixa e os pre\u00e7os bem atrativos, com exce\u00e7\u00e3o para a semana do saco cheio (por volta de 12 de outubro), quando muitas escolas tem feriado e as fam\u00edlias e jovens aproveitam para viajar ao destino.<\/p>\n\n\n\n<h3 class=\"wp-block-heading\"><span class=\"ez-toc-section\" id=\"Novembro\"><\/span>Novembro<span class=\"ez-toc-section-end\"><\/span><\/h3>\n\n\n\n<p>Muito parecido com outubro, aqui o clima est\u00e1 bem quente j\u00e1, com poucas chuvas e marcando a transi\u00e7\u00e3o da baixa temporada para a alta temporada. At\u00e9 o final de novembro, \u00e9 poss\u00edvel encontrar bons valores e pouca lota\u00e7\u00e3o.<\/p>\n\n\n\n<h3 class=\"wp-block-heading\"><span class=\"ez-toc-section\" id=\"Dezembro\"><\/span>Dezembro<span class=\"ez-toc-section-end\"><\/span><\/h3>\n\n\n\n<p>O primeiro m\u00eas do ver\u00e3o \u00e9 uma das \u00e9pocas mais procuradas para conhecer Porto de Galinhas, pois muitos trabalhadores e alunos j\u00e1 est\u00e3o de f\u00e9rias e querem aproveitar o calor e o clima seco que marca a regi\u00e3o.<\/p>\n\n\n\n<p>Em dezembro \u00e9 normal encontrar pre\u00e7os mais altos nos servi\u00e7os tur\u00edsticos.\u00a0<\/p>\n\n\n\n<p>&#8212;<\/p>\n\n\n\n<p>Preparado para uma viagem incr\u00edvel? <strong><a href=\"https:\/\/www.booking.com\/searchresults.pt-br.html?aid=2161834&amp;sid=ff54c80d7b616e24cc3dc9b1ed3f86ce&amp;sb=1&amp;sb_lp=1&amp;src=index&amp;src_elem=sb&amp;error_url=https%3A%2F%2Fwww.booking.com%2Findex.pt-br.html%3Faid%3D2161834%26sid%3Dff54c80d7b616e24cc3dc9b1ed3f86ce%26sb_price_type%3Dtotal%26%26&amp;ss=Porto+de+Galinhas%2C+Pernambuco%2C+Brasil&amp;is_ski_area=&amp;ssne=Punta+Cana&amp;ssne_untouched=Punta+Cana&amp;checkin_year=2023&amp;checkin_month=9&amp;checkin_monthday=8&amp;checkout_year=2023&amp;checkout_month=9&amp;checkout_monthday=10&amp;group_adults=2&amp;group_children=0&amp;no_rooms=1&amp;b_h4u_keep_filters=&amp;from_sf=1&amp;ss_raw=porto+de+galin&amp;ac_position=0&amp;ac_langcode=xb&amp;ac_click_type=b&amp;ac_meta=GhA5OTA5N2U1YzljNDMwMDY5IAAoATICeGI6DnBvcnRvIGRlIGdhbGluQABKAFAA&amp;dest_id=-663612&amp;dest_type=city&amp;place_id_lat=-8.50468&amp;place_id_lon=-35.005&amp;search_pageview_id=99097e5c9c430069&amp;search_selected=true&amp;search_pageview_id=99097e5c9c430069&amp;ac_suggestion_list_length=5&amp;ac_suggestion_theme_list_length=0\" target=\"_blank\" rel=\"noreferrer noopener\">Encontre aqui uma hospedagem perfeita em Porto de Galinhas<\/a><\/strong><\/p>\n","protected":false},"excerpt":{"rendered":"<p>Quer conhecer um dos destinos de praia mais populares do Nordeste brasileiro mas ainda n\u00e3o sabe e n\u00e3o consegue decidir qual a melhor \u00e9poca para ir para Porto de Galinhas? Ent\u00e3o acompanhe este guia m\u00eas a m\u00eas para saber o per\u00edodo ideal para realizar sua viagem! Com certeza um dos melhores destinos do litoral do [&hellip;]<\/p>\n","protected":false},"author":18,"featured_media":60166,"comment_status":"open","ping_status":"open","sticky":false,"template":"","format":"standard","meta":{"cybocfi_hide_featured_image":"","footnotes":""},"categories":[1434],"tags":[135,266,3913,77,3914,3915,211,529,321,2024,3911,3912,159,16],"class_list":["post-60163","post","type-post","status-publish","format-standard","has-post-thumbnail","hentry","category-descubra-brasil","tag-atracoes","tag-brasil","tag-conheca-porto-de-galinhas","tag-dicas","tag-dicas-de-porto-de-galinhas","tag-melhor-mes-porto-de-galinhas","tag-o-que-fazer","tag-onde-ir","tag-passeios","tag-porto-de-galinhas","tag-qual-a-melhor-epoca-para-ir-para-porto-de-galinhas","tag-quando-ir-para-porto-de-galinhas","tag-recife","tag-viagem"],"blocksy_meta":[],"yoast_head":"<!-- This site is optimized with the Yoast SEO plugin v26.3 - https:\/\/yoast.com\/wordpress\/plugins\/seo\/ -->\n<title>Qual a melhor \u00e9poca para ir para Porto de Galinhas?<\/title>\n<meta name=\"description\" content=\"Confira nosso guia com todos os meses e decida qual a melhor \u00e9poca para ir para Porto de Galinhas sem nenhuma d\u00favida!\" \/>\n<meta name=\"robots\" content=\"index, follow, max-snippet:-1, max-image-preview:large, max-video-preview:-1\" \/>\n<link rel=\"canonical\" href=\"https:\/\/quantocustaviajar.com\/blog\/qual-a-melhor-epoca-para-ir-para-porto-de-galinha\/\" \/>\n<meta property=\"og:locale\" content=\"pt_BR\" \/>\n<meta property=\"og:type\" content=\"article\" \/>\n<meta property=\"og:title\" content=\"Qual a melhor \u00e9poca para ir para Porto de Galinhas?\" \/>\n<meta property=\"og:description\" content=\"Confira nosso guia com todos os meses e decida qual a melhor \u00e9poca para ir para Porto de Galinhas sem nenhuma d\u00favida!\" \/>\n<meta property=\"og:url\" content=\"https:\/\/quantocustaviajar.com\/blog\/qual-a-melhor-epoca-para-ir-para-porto-de-galinha\/\" \/>\n<meta property=\"og:site_name\" content=\"Blog Quanto Custa Viajar\" \/>\n<meta property=\"article:publisher\" content=\"https:\/\/www.facebook.com\/quantocustaviajar\" \/>\n<meta property=\"article:published_time\" content=\"2023-08-01T17:59:05+00:00\" \/>\n<meta property=\"article:modified_time\" content=\"2023-08-01T17:59:07+00:00\" \/>\n<meta property=\"og:image\" content=\"https:\/\/quantocustaviajar.com\/blog\/wp-content\/uploads\/2023\/07\/1024px-Porto_de_Galinhas-003.jpg\" \/>\n\t<meta property=\"og:image:width\" content=\"1024\" \/>\n\t<meta property=\"og:image:height\" content=\"768\" \/>\n\t<meta property=\"og:image:type\" content=\"image\/jpeg\" \/>\n<meta name=\"author\" content=\"Izabella Miranda\" \/>\n<meta name=\"twitter:card\" content=\"summary_large_image\" \/>\n<meta name=\"twitter:label1\" content=\"Escrito por\" \/>\n\t<meta name=\"twitter:data1\" content=\"Izabella Miranda\" \/>\n\t<meta name=\"twitter:label2\" content=\"Est. tempo de leitura\" \/>\n\t<meta name=\"twitter:data2\" content=\"8 minutos\" \/>\n<!-- \/ Yoast SEO plugin. -->","yoast_head_json":{"title":"Qual a melhor \u00e9poca para ir para Porto de Galinhas?","description":"Confira nosso guia com todos os meses e decida qual a melhor \u00e9poca para ir para Porto de Galinhas sem nenhuma d\u00favida!","robots":{"index":"index","follow":"follow","max-snippet":"max-snippet:-1","max-image-preview":"max-image-preview:large","max-video-preview":"max-video-preview:-1"},"canonical":"https:\/\/quantocustaviajar.com\/blog\/qual-a-melhor-epoca-para-ir-para-porto-de-galinha\/","og_locale":"pt_BR","og_type":"article","og_title":"Qual a melhor \u00e9poca para ir para Porto de Galinhas?","og_description":"Confira nosso guia com todos os meses e decida qual a melhor \u00e9poca para ir para Porto de Galinhas sem nenhuma d\u00favida!","og_url":"https:\/\/quantocustaviajar.com\/blog\/qual-a-melhor-epoca-para-ir-para-porto-de-galinha\/","og_site_name":"Blog Quanto Custa Viajar","article_publisher":"https:\/\/www.facebook.com\/quantocustaviajar","article_published_time":"2023-08-01T17:59:05+00:00","article_modified_time":"2023-08-01T17:59:07+00:00","og_image":[{"width":1024,"height":768,"url":"https:\/\/quantocustaviajar.com\/blog\/wp-content\/uploads\/2023\/07\/1024px-Porto_de_Galinhas-003.jpg","type":"image\/jpeg"}],"author":"Izabella Miranda","twitter_card":"summary_large_image","twitter_misc":{"Escrito por":"Izabella Miranda","Est. tempo de leitura":"8 minutos"},"schema":{"@context":"https:\/\/schema.org","@graph":[{"@type":["Article","BlogPosting"],"@id":"https:\/\/quantocustaviajar.com\/blog\/qual-a-melhor-epoca-para-ir-para-porto-de-galinha\/#article","isPartOf":{"@id":"https:\/\/quantocustaviajar.com\/blog\/qual-a-melhor-epoca-para-ir-para-porto-de-galinha\/"},"author":{"name":"Izabella Miranda","@id":"https:\/\/quantocustaviajar.com\/blog\/#\/schema\/person\/595118451f4120870051de530232399d"},"headline":"Qual a melhor \u00e9poca para ir para Porto de Galinhas? Confira agora!","datePublished":"2023-08-01T17:59:05+00:00","dateModified":"2023-08-01T17:59:07+00:00","mainEntityOfPage":{"@id":"https:\/\/quantocustaviajar.com\/blog\/qual-a-melhor-epoca-para-ir-para-porto-de-galinha\/"},"wordCount":1465,"commentCount":0,"publisher":{"@id":"https:\/\/quantocustaviajar.com\/blog\/#organization"},"image":{"@id":"https:\/\/quantocustaviajar.com\/blog\/qual-a-melhor-epoca-para-ir-para-porto-de-galinha\/#primaryimage"},"thumbnailUrl":"https:\/\/quantocustaviajar.com\/blog\/wp-content\/uploads\/2023\/07\/1024px-Porto_de_Galinhas-003.jpg","keywords":["atra\u00e7\u00f5es","Brasil","conhe\u00e7a porto de galinhas","dicas","dicas de porto de galinhas","melhor m\u00eas porto de galinhas","o que fazer","onde ir","passeios","porto de galinhas","qual a melhor \u00e9poca para ir para Porto de Galinhas","quando ir para porto de galinhas","recife","viagem"],"articleSection":["Descubra o Brasil"],"inLanguage":"pt-BR","potentialAction":[{"@type":"CommentAction","name":"Comment","target":["https:\/\/quantocustaviajar.com\/blog\/qual-a-melhor-epoca-para-ir-para-porto-de-galinha\/#respond"]}]},{"@type":"WebPage","@id":"https:\/\/quantocustaviajar.com\/blog\/qual-a-melhor-epoca-para-ir-para-porto-de-galinha\/","url":"https:\/\/quantocustaviajar.com\/blog\/qual-a-melhor-epoca-para-ir-para-porto-de-galinha\/","name":"Qual a melhor \u00e9poca para ir para Porto de Galinhas?","isPartOf":{"@id":"https:\/\/quantocustaviajar.com\/blog\/#website"},"primaryImageOfPage":{"@id":"https:\/\/quantocustaviajar.com\/blog\/qual-a-melhor-epoca-para-ir-para-porto-de-galinha\/#primaryimage"},"image":{"@id":"https:\/\/quantocustaviajar.com\/blog\/qual-a-melhor-epoca-para-ir-para-porto-de-galinha\/#primaryimage"},"thumbnailUrl":"https:\/\/quantocustaviajar.com\/blog\/wp-content\/uploads\/2023\/07\/1024px-Porto_de_Galinhas-003.jpg","datePublished":"2023-08-01T17:59:05+00:00","dateModified":"2023-08-01T17:59:07+00:00","description":"Confira nosso guia com todos os meses e decida qual a melhor \u00e9poca para ir para Porto de Galinhas sem nenhuma d\u00favida!","breadcrumb":{"@id":"https:\/\/quantocustaviajar.com\/blog\/qual-a-melhor-epoca-para-ir-para-porto-de-galinha\/#breadcrumb"},"inLanguage":"pt-BR","potentialAction":[{"@type":"ReadAction","target":["https:\/\/quantocustaviajar.com\/blog\/qual-a-melhor-epoca-para-ir-para-porto-de-galinha\/"]}]},{"@type":"ImageObject","inLanguage":"pt-BR","@id":"https:\/\/quantocustaviajar.com\/blog\/qual-a-melhor-epoca-para-ir-para-porto-de-galinha\/#primaryimage","url":"https:\/\/quantocustaviajar.com\/blog\/wp-content\/uploads\/2023\/07\/1024px-Porto_de_Galinhas-003.jpg","contentUrl":"https:\/\/quantocustaviajar.com\/blog\/wp-content\/uploads\/2023\/07\/1024px-Porto_de_Galinhas-003.jpg","width":1024,"height":768},{"@type":"BreadcrumbList","@id":"https:\/\/quantocustaviajar.com\/blog\/qual-a-melhor-epoca-para-ir-para-porto-de-galinha\/#breadcrumb","itemListElement":[{"@type":"ListItem","position":1,"name":"In\u00edcio","item":"https:\/\/quantocustaviajar.com\/blog\/"},{"@type":"ListItem","position":2,"name":"Qual a melhor \u00e9poca para ir para Porto de Galinhas? Confira agora!"}]},{"@type":"WebSite","@id":"https:\/\/quantocustaviajar.com\/blog\/#website","url":"https:\/\/quantocustaviajar.com\/blog\/","name":"Blog Quanto Custa Viajar","description":"","publisher":{"@id":"https:\/\/quantocustaviajar.com\/blog\/#organization"},"potentialAction":[{"@type":"SearchAction","target":{"@type":"EntryPoint","urlTemplate":"https:\/\/quantocustaviajar.com\/blog\/?s={search_term_string}"},"query-input":{"@type":"PropertyValueSpecification","valueRequired":true,"valueName":"search_term_string"}}],"inLanguage":"pt-BR"},{"@type":"Organization","@id":"https:\/\/quantocustaviajar.com\/blog\/#organization","name":"Quanto Custa Viajar","url":"https:\/\/quantocustaviajar.com\/blog\/","logo":{"@type":"ImageObject","inLanguage":"pt-BR","@id":"https:\/\/quantocustaviajar.com\/blog\/#\/schema\/logo\/image\/","url":"","contentUrl":"","caption":"Quanto Custa Viajar"},"image":{"@id":"https:\/\/quantocustaviajar.com\/blog\/#\/schema\/logo\/image\/"},"sameAs":["https:\/\/www.facebook.com\/quantocustaviajar"]},{"@type":"Person","@id":"https:\/\/quantocustaviajar.com\/blog\/#\/schema\/person\/595118451f4120870051de530232399d","name":"Izabella Miranda","image":{"@type":"ImageObject","inLanguage":"pt-BR","@id":"https:\/\/quantocustaviajar.com\/blog\/#\/schema\/person\/image\/","url":"https:\/\/secure.gravatar.com\/avatar\/eb1c9c8ed6c596023f48930e960ff440b8cad6a3beabb6b619d3504ad832c628?s=96&d=mm&r=g","contentUrl":"https:\/\/secure.gravatar.com\/avatar\/eb1c9c8ed6c596023f48930e960ff440b8cad6a3beabb6b619d3504ad832c628?s=96&d=mm&r=g","caption":"Izabella Miranda"},"description":"Jornalista por profiss\u00e3o e planejadora de viagens nas horas vagas.","url":"https:\/\/quantocustaviajar.com\/blog\/author\/izabella\/"}]}},"_links":{"self":[{"href":"https:\/\/quantocustaviajar.com\/blog\/wp-json\/wp\/v2\/posts\/60163","targetHints":{"allow":["GET"]}}],"collection":[{"href":"https:\/\/quantocustaviajar.com\/blog\/wp-json\/wp\/v2\/posts"}],"about":[{"href":"https:\/\/quantocustaviajar.com\/blog\/wp-json\/wp\/v2\/types\/post"}],"author":[{"embeddable":true,"href":"https:\/\/quantocustaviajar.com\/blog\/wp-json\/wp\/v2\/users\/18"}],"replies":[{"embeddable":true,"href":"https:\/\/quantocustaviajar.com\/blog\/wp-json\/wp\/v2\/comments?post=60163"}],"version-history":[{"count":5,"href":"https:\/\/quantocustaviajar.com\/blog\/wp-json\/wp\/v2\/posts\/60163\/revisions"}],"predecessor-version":[{"id":60319,"href":"https:\/\/quantocustaviajar.com\/blog\/wp-json\/wp\/v2\/posts\/60163\/revisions\/60319"}],"wp:featuredmedia":[{"embeddable":true,"href":"https:\/\/quantocustaviajar.com\/blog\/wp-json\/wp\/v2\/media\/60166"}],"wp:attachment":[{"href":"https:\/\/quantocustaviajar.com\/blog\/wp-json\/wp\/v2\/media?parent=60163"}],"wp:term":[{"taxonomy":"category","embeddable":true,"href":"https:\/\/quantocustaviajar.com\/blog\/wp-json\/wp\/v2\/categories?post=60163"},{"taxonomy":"post_tag","embeddable":true,"href":"https:\/\/quantocustaviajar.com\/blog\/wp-json\/wp\/v2\/tags?post=60163"}],"curies":[{"name":"wp","href":"https:\/\/api.w.org\/{rel}","templated":true}]}}