{"id":60067,"date":"2023-07-31T19:00:13","date_gmt":"2023-07-31T19:00:13","guid":{"rendered":"https:\/\/quantocustaviajar.com\/blog\/?p=60067"},"modified":"2023-07-31T19:00:14","modified_gmt":"2023-07-31T19:00:14","slug":"quanto-custa-7-dias-em-gramado","status":"publish","type":"post","link":"https:\/\/quantocustaviajar.com\/blog\/quanto-custa-7-dias-em-gramado\/","title":{"rendered":"Quanto custa 7 dias em Gramado? Programe a sua viagem sem surpresas"},"content":{"rendered":"\n<p>Gramado \u00e9 um destino muito procurado principalmente durante o inverno, mas tamb\u00e9m \u00e9 no per\u00edodo entre novembro e janeiro que  os turistas enchem a cidade por conta do t\u00e3o famoso Natal Luz. Essas s\u00e3o consideradas as duas altas temporadas da cidade &#8211; onde os pre\u00e7os costumam ser mais elevados e as vagas entre as hospedagens bastante disputadas. Mas n\u00e3o se preocupe, pois a <a href=\"https:\/\/quantocustaviajar.com\/blog\/roteiro-na-serra-gaucha\/\" target=\"_blank\" rel=\"noreferrer noopener\">Serra Ga\u00facha<\/a> tem seus encantos durante todo o ano, e para que a sua viagem at\u00e9 l\u00e1 n\u00e3o tenha surpresas, aqui neste post voc\u00ea ter\u00e1 a resposta da fat\u00eddica pergunta: <strong>Quanto custa 7 dias em Gramado?<\/strong> <\/p><div id=\"ez-toc-container\" class=\"ez-toc-v2_0_76 ez-toc-wrap-left counter-hierarchy ez-toc-counter ez-toc-light-blue ez-toc-container-direction\">\n<div class=\"ez-toc-title-container\">\n<p class=\"ez-toc-title\" style=\"cursor:inherit\">Aqui voc\u00ea ir\u00e1 encontrar<\/p>\n<span class=\"ez-toc-title-toggle\"><a href=\"#\" class=\"ez-toc-pull-right ez-toc-btn ez-toc-btn-xs ez-toc-btn-default ez-toc-toggle\" aria-label=\"Alternar tabela de conte\u00fado\"><span class=\"ez-toc-js-icon-con\"><span class=\"\"><span class=\"eztoc-hide\" style=\"display:none;\">Toggle<\/span><span class=\"ez-toc-icon-toggle-span\"><svg style=\"fill: #999;color:#999\" xmlns=\"http:\/\/www.w3.org\/2000\/svg\" class=\"list-377408\" width=\"20px\" height=\"20px\" viewBox=\"0 0 24 24\" fill=\"none\"><path d=\"M6 6H4v2h2V6zm14 0H8v2h12V6zM4 11h2v2H4v-2zm16 0H8v2h12v-2zM4 16h2v2H4v-2zm16 0H8v2h12v-2z\" fill=\"currentColor\"><\/path><\/svg><svg style=\"fill: #999;color:#999\" class=\"arrow-unsorted-368013\" xmlns=\"http:\/\/www.w3.org\/2000\/svg\" width=\"10px\" height=\"10px\" viewBox=\"0 0 24 24\" version=\"1.2\" baseProfile=\"tiny\"><path d=\"M18.2 9.3l-6.2-6.3-6.2 6.3c-.2.2-.3.4-.3.7s.1.5.3.7c.2.2.4.3.7.3h11c.3 0 .5-.1.7-.3.2-.2.3-.5.3-.7s-.1-.5-.3-.7zM5.8 14.7l6.2 6.3 6.2-6.3c.2-.2.3-.5.3-.7s-.1-.5-.3-.7c-.2-.2-.4-.3-.7-.3h-11c-.3 0-.5.1-.7.3-.2.2-.3.5-.3.7s.1.5.3.7z\"\/><\/svg><\/span><\/span><\/span><\/a><\/span><\/div>\n<nav><ul class='ez-toc-list ez-toc-list-level-1 ' ><li class='ez-toc-page-1 ez-toc-heading-level-2'><a class=\"ez-toc-link ez-toc-heading-1\" href=\"https:\/\/quantocustaviajar.com\/blog\/quanto-custa-7-dias-em-gramado\/#Hospedagem_quanto_custa_7_dias_em_Gramado\" >Hospedagem: quanto custa 7 dias em Gramado?<\/a><\/li><li class='ez-toc-page-1 ez-toc-heading-level-2'><a class=\"ez-toc-link ez-toc-heading-2\" href=\"https:\/\/quantocustaviajar.com\/blog\/quanto-custa-7-dias-em-gramado\/#Atracoes_em_Gramado\" >Atra\u00e7\u00f5es em Gramado<\/a><\/li><li class='ez-toc-page-1 ez-toc-heading-level-2'><a class=\"ez-toc-link ez-toc-heading-3\" href=\"https:\/\/quantocustaviajar.com\/blog\/quanto-custa-7-dias-em-gramado\/#Quanto_custa_7_dias_de_alimentacao_em_Gramado\" >Quanto custa 7 dias de alimenta\u00e7\u00e3o em Gramado?<\/a><\/li><li class='ez-toc-page-1 ez-toc-heading-level-2'><a class=\"ez-toc-link ez-toc-heading-4\" href=\"https:\/\/quantocustaviajar.com\/blog\/quanto-custa-7-dias-em-gramado\/#Transporte_em_Gramado\" >Transporte em Gramado<\/a><\/li><li class='ez-toc-page-1 ez-toc-heading-level-2'><a class=\"ez-toc-link ez-toc-heading-5\" href=\"https:\/\/quantocustaviajar.com\/blog\/quanto-custa-7-dias-em-gramado\/#Compras_em_Gramado\" >Compras em Gramado<\/a><\/li><\/ul><\/nav><\/div>\n\n\n\n\n<p>Como n\u00e3o h\u00e1 uma resposta certeira para esta pergunta, o QCV traz para voc\u00ea um pre\u00e7o m\u00e9dio da viagem durante a baixa e alta temporada, levando em considera\u00e7\u00e3o diferentes tipos de hot\u00e9is, atra\u00e7\u00f5es, alimenta\u00e7\u00e3o, transporte e compras.<\/p>\n\n\n\n<h2 class=\"wp-block-heading\"><span class=\"ez-toc-section\" id=\"Hospedagem_quanto_custa_7_dias_em_Gramado\"><\/span>Hospedagem: quanto custa 7 dias em Gramado?<span class=\"ez-toc-section-end\"><\/span><\/h2>\n\n\n\n<p>Em uma viagem de 7 dias para Gramado, o que mais sofre modifica\u00e7\u00f5es de pre\u00e7os por conta da baixa ou alta temporada \u00e9 a hospedagem.  Entre um per\u00edodo e outro \u00e9 poss\u00edvel notar uma varia\u00e7\u00e3o de pre\u00e7o de at\u00e9 20%.<\/p>\n\n\n\n<p>No per\u00edodo do Natal Luz, o <a href=\"https:\/\/www.booking.com\/hotel\/br\/ritta-hoppner-chala-c-s.pt-br.html?aid=2161834&amp;sid=d47f4ddc45ecf18ea05aace3c405b257&amp;all_sr_blocks=36898404_347144462_2_1_0;checkin=2023-12-09;checkout=2023-12-16;dest_id=-645052;dest_type=city;dist=0;group_adults=1;group_children=0;hapos=1;highlighted_blocks=36898404_347144462_2_1_0;hpos=1;matching_block_id=36898404_347144462_2_1_0;no_rooms=1;req_adults=1;req_children=0;room1=A;sb_price_type=total;sr_order=popularity;sr_pri_blocks=36898404_347144462_2_1_0__634768;srepoch=1689951837;srpvid=551f69edc8b70330;type=total;ucfs=1&amp;#hotelTmpl\" target=\"_blank\" rel=\"noreferrer noopener\">Hotel Ritta H\u00f6ppner<\/a>, um dos mais bem avaliados pelos h\u00f3spedes no Booking, chega a um valor de R$6.348 para os 7 dias, incluindo caf\u00e9 da manh\u00e3 e entrada gratuita para o <a href=\"https:\/\/quantocustaviajar.com\/blog\/um-mega-guia-para-conhecer-o-mini-mundo-em-gramado\/\" target=\"_blank\" rel=\"noreferrer noopener\">Parque Mini Mundo<\/a>. J\u00e1 em per\u00edodos de baixa temporada, o valor despenca para R$5.459.<\/p>\n\n\n\n<figure class=\"wp-block-image size-large\"><img loading=\"lazy\" decoding=\"async\" width=\"1024\" height=\"682\" src=\"https:\/\/quantocustaviajar.com\/blog\/wp-content\/uploads\/2023\/07\/quanto-custa-sete-dias-em-gramado-01-1024x682.jpg\" alt=\"\" class=\"wp-image-60144\" srcset=\"https:\/\/quantocustaviajar.com\/blog\/wp-content\/uploads\/2023\/07\/quanto-custa-sete-dias-em-gramado-01-1024x682.jpg 1024w, https:\/\/quantocustaviajar.com\/blog\/wp-content\/uploads\/2023\/07\/quanto-custa-sete-dias-em-gramado-01-300x200.jpg 300w, https:\/\/quantocustaviajar.com\/blog\/wp-content\/uploads\/2023\/07\/quanto-custa-sete-dias-em-gramado-01-768x512.jpg 768w, https:\/\/quantocustaviajar.com\/blog\/wp-content\/uploads\/2023\/07\/quanto-custa-sete-dias-em-gramado-01.jpg 1280w\" sizes=\"auto, (max-width: 1024px) 100vw, 1024px\" \/><figcaption>Foto: Hotel Ritta H\u00f6ppner \/ <a href=\"https:\/\/www.booking.com\/hotel\/br\/ritta-hoppner-chala-c-s.pt-br.html?aid=2161834&amp;sid=d47f4ddc45ecf18ea05aace3c405b257&amp;all_sr_blocks=36898404_347144462_2_1_0&amp;checkin=2023-12-09&amp;checkout=2023-12-16&amp;dest_id=-645052&amp;dest_type=city&amp;dist=0&amp;group_adults=1&amp;group_children=0&amp;hapos=1&amp;highlighted_blocks=36898404_347144462_2_1_0&amp;hpos=1&amp;matching_block_id=36898404_347144462_2_1_0&amp;no_rooms=1&amp;req_adults=1&amp;req_children=0&amp;room1=A&amp;sb_price_type=total&amp;sr_order=popularity&amp;sr_pri_blocks=36898404_347144462_2_1_0__634768&amp;srepoch=1689951837&amp;srpvid=551f69edc8b70330&amp;type=total&amp;ucfs=1&amp;activeTab=photosGallery\" target=\"_blank\" rel=\"noreferrer noopener\">Booking<\/a><\/figcaption><\/figure>\n\n\n\n<p>J\u00e1 a <a href=\"https:\/\/www.booking.com\/hotel\/br\/pousada-vovo-carolina.pt-br.html?aid=2161834&amp;sid=d47f4ddc45ecf18ea05aace3c405b257&amp;all_sr_blocks=40368601_209164552_1_1_0;checkin=2023-12-09;checkout=2023-12-16;dest_id=-645052;dest_type=city;dist=0;group_adults=1;group_children=0;hapos=13;highlighted_blocks=40368601_209164552_1_1_0;hpos=13;matching_block_id=40368601_209164552_1_1_0;no_rooms=1;req_adults=1;req_children=0;room1=A;sb_price_type=total;sr_order=popularity;sr_pri_blocks=40368601_209164552_1_1_0__266910;srepoch=1689951837;srpvid=551f69edc8b70330;type=total;ucfs=1&amp;#hotelTmpl\" target=\"_blank\" rel=\"noreferrer noopener\">Pousada Vov\u00f3 Carolina<\/a>, que conta com todo o aconchego que faz jus ao seu nome, sai por R$2.669 o combo de uma semana na alta temporada, valor este que despenca para R$1.613 no m\u00eas de mar\u00e7o de 2024. Ambos os per\u00edodos incluem caf\u00e9 da manh\u00e3 gratuito.<\/p>\n\n\n\n<figure class=\"wp-block-image aligncenter size-full\"><img loading=\"lazy\" decoding=\"async\" width=\"675\" height=\"900\" src=\"https:\/\/quantocustaviajar.com\/blog\/wp-content\/uploads\/2023\/07\/quanto-custa-sete-dias-em-gramado-02.jpg\" alt=\"\" class=\"wp-image-60145\" srcset=\"https:\/\/quantocustaviajar.com\/blog\/wp-content\/uploads\/2023\/07\/quanto-custa-sete-dias-em-gramado-02.jpg 675w, https:\/\/quantocustaviajar.com\/blog\/wp-content\/uploads\/2023\/07\/quanto-custa-sete-dias-em-gramado-02-225x300.jpg 225w\" sizes=\"auto, (max-width: 675px) 100vw, 675px\" \/><figcaption>Foto: Pousada Vov\u00f3 Carolina \/ <a href=\"https:\/\/www.booking.com\/hotel\/br\/pousada-vovo-carolina.pt-br.html?aid=2161834&amp;sid=d47f4ddc45ecf18ea05aace3c405b257&amp;all_sr_blocks=40368601_209164552_1_1_0&amp;checkin=2023-12-09&amp;checkout=2023-12-16&amp;dest_id=-645052&amp;dest_type=city&amp;dist=0&amp;group_adults=1&amp;group_children=0&amp;hapos=13&amp;highlighted_blocks=40368601_209164552_1_1_0&amp;hpos=13&amp;matching_block_id=40368601_209164552_1_1_0&amp;no_rooms=1&amp;req_adults=1&amp;req_children=0&amp;room1=A&amp;sb_price_type=total&amp;sr_order=popularity&amp;sr_pri_blocks=40368601_209164552_1_1_0__266910&amp;srepoch=1689951837&amp;srpvid=551f69edc8b70330&amp;type=total&amp;ucfs=1&amp;activeTab=main\" target=\"_blank\" rel=\"noreferrer noopener\">Booking<\/a><\/figcaption><\/figure>\n\n\n\n<p>Para quem busca um custo benef\u00edcio mais acess\u00edvel, o <a href=\"https:\/\/www.booking.com\/hotel\/br\/hostel-chocolatche.pt-br.html?aid=2161834&amp;sid=d47f4ddc45ecf18ea05aace3c405b257&amp;all_sr_blocks=200765209_101331471_0_1_0;checkin=2023-12-09;checkout=2023-12-16;dest_id=-645052;dest_type=city;dist=0;group_adults=1;group_children=0;hapos=4;highlighted_blocks=200765209_101331471_0_1_0;hpos=4;matching_block_id=200765209_101331471_0_1_0;no_rooms=1;req_adults=1;req_children=0;room1=A;sb_price_type=total;sr_order=price;sr_pri_blocks=200765209_101331471_0_1_0__116375;srepoch=1689952979;srpvid=551f69edc8b70330;type=total;ucfs=1&amp;#hotelTmpl\" target=\"_blank\" rel=\"noreferrer noopener\">Hostel Chocolatch\u00ea<\/a> \u00e9 a op\u00e7\u00e3o perfeita, porque al\u00e9m de bom pre\u00e7o, ele tamb\u00e9m oferece uma excelente localiza\u00e7\u00e3o, bem no centro de Gramado. Na alta temporada, os valores para 7 dias come\u00e7am em R$\u00a01.164, mas fora do per\u00edodo mais procurado, os valores podem chegar a R$630 (ambos incluem caf\u00e9 da manh\u00e3).<\/p>\n\n\n\n<p>Tendo em vista que todas as 3 op\u00e7\u00f5es sugeridas incluem caf\u00e9 da manh\u00e3, este gasto j\u00e1 pode ser eliminado da planilha &#8211; uma excelente economia, n\u00e3o acha?<\/p>\n\n\n\n<h2 class=\"wp-block-heading\"><span class=\"ez-toc-section\" id=\"Atracoes_em_Gramado\"><\/span>Atra\u00e7\u00f5es em Gramado<span class=\"ez-toc-section-end\"><\/span><\/h2>\n\n\n\n<figure class=\"wp-block-image aligncenter size-large\"><img loading=\"lazy\" decoding=\"async\" width=\"1024\" height=\"768\" src=\"https:\/\/quantocustaviajar.com\/blog\/wp-content\/uploads\/2023\/07\/quanto-custa-sete-dias-em-gramado-03-1024x768.jpg\" alt=\"\" class=\"wp-image-60146\" srcset=\"https:\/\/quantocustaviajar.com\/blog\/wp-content\/uploads\/2023\/07\/quanto-custa-sete-dias-em-gramado-03-1024x768.jpg 1024w, https:\/\/quantocustaviajar.com\/blog\/wp-content\/uploads\/2023\/07\/quanto-custa-sete-dias-em-gramado-03-300x225.jpg 300w, https:\/\/quantocustaviajar.com\/blog\/wp-content\/uploads\/2023\/07\/quanto-custa-sete-dias-em-gramado-03-768x576.jpg 768w, https:\/\/quantocustaviajar.com\/blog\/wp-content\/uploads\/2023\/07\/quanto-custa-sete-dias-em-gramado-03.jpg 1280w\" sizes=\"auto, (max-width: 1024px) 100vw, 1024px\" \/><figcaption>Foto: <a href=\"https:\/\/commons.wikimedia.org\/wiki\/File:Centro_de_Gramado,_RS.jpg\" target=\"_blank\" rel=\"noreferrer noopener\">Wikimedia Commons<\/a><\/figcaption><\/figure>\n\n\n\n<p>Durante 7 dias em Gramado \u00e9 mais do que poss\u00edvel gabaritar todas as atra\u00e7\u00f5es poss\u00edveis e imagin\u00e1veis n\u00e3o s\u00f3 da cidade, mas tamb\u00e9m das redondezas, como Canela e o <a href=\"https:\/\/quantocustaviajar.com\/blog\/vale-dos-vinhedos\/\" target=\"_blank\" rel=\"noreferrer noopener\">Vale dos Vinhedos<\/a>. A seguir voc\u00ea conferir\u00e1 as principais delas em uma lista de op\u00e7\u00f5es e pre\u00e7os*, (tirando as atra\u00e7\u00f5es gratuitas) mas vale lembrar que Gramado \u00e9 um destino que oferece uma experi\u00eancia gastron\u00f4mica imperd\u00edvel (o que pode ser contado como atra\u00e7\u00e3o tamb\u00e9m), mas que ser\u00e1 inclu\u00eddo em outro t\u00f3pico, sobre alimenta\u00e7\u00e3o, ok?<\/p>\n\n\n\n<ul class=\"wp-block-list\"><li><strong><a href=\"https:\/\/quantocustaviajar.com\/blog\/parque-snowland-gramado\/\" target=\"_blank\" rel=\"noreferrer noopener\">Snowland<\/a><\/strong>: de R$79,90 a R$159 (varia\u00e7\u00f5es de pre\u00e7os por idade);<\/li><li><strong>Desfile de Natal<\/strong>: de R$135 a R$200 (varia\u00e7\u00f5es de pre\u00e7os por categoria);<\/li><li><strong>M<a href=\"https:\/\/quantocustaviajar.com\/blog\/um-mega-guia-para-conhecer-o-mini-mundo-em-gramado\/\" target=\"_blank\" rel=\"noreferrer noopener\">ini Mundo<\/a><\/strong>: de R$24 a R$48 (varia\u00e7\u00f5es de pre\u00e7os por idade);<\/li><li><strong>Museu de Cera<\/strong>: R$140;<\/li><li><strong>Aldeia do Papai Noel<\/strong>: R$60,92;<\/li><li><strong>Parque do Caracol<\/strong>: de R$10 a R$20 (varia\u00e7\u00f5es de pre\u00e7os por idade);<\/li><li><strong>Tour Vin\u00edcolas Vale dos Vinhedos<\/strong>: R$330,50;<\/li><li><strong>Mundo Encantado<\/strong>: de R$20 a R$40 (varia\u00e7\u00f5es de pre\u00e7os por idade);<\/li><li><strong>Motor Harley Show<\/strong>: de R$30 a R$60 (varia\u00e7\u00f5es de pre\u00e7os por idade);<\/li><li><strong>Vale dos Dinossauros<\/strong>: R$90.<\/li><\/ul>\n\n\n\n<p>* <em>Os pre\u00e7os listados foram consultados em julho de 2023, podendo sofrer altera\u00e7\u00f5es sem aviso pr\u00e9vio.<\/em><\/p>\n\n\n\n<p><strong><a href=\"https:\/\/quantocustaviajar.com\/blog\/passeios-em-gramado\/\" target=\"_blank\" rel=\"noreferrer noopener\">Confira outras op\u00e7\u00f5es de passeios imperd\u00edveis em Gramado no QCV.<\/a><\/strong><\/p>\n\n\n\n<h2 class=\"wp-block-heading\"><span class=\"ez-toc-section\" id=\"Quanto_custa_7_dias_de_alimentacao_em_Gramado\"><\/span>Quanto custa 7 dias de alimenta\u00e7\u00e3o em Gramado?<span class=\"ez-toc-section-end\"><\/span><\/h2>\n\n\n\n<p>Neste quesito, os gastos com alimenta\u00e7\u00e3o durante a sua viagem depender\u00e1 muito de como voc\u00ea desejar\u00e1 encarar este t\u00f3pico. Como mencionado anteriormente, Gramado oferece um leque de op\u00e7\u00f5es gastron\u00f4micas que s\u00e3o uma verdadeira atra\u00e7\u00e3o, e pensando nessa varia\u00e7\u00e3o de objetivos, as vari\u00e1veis di\u00e1rias de pre\u00e7os podem ser mais ou menos assim:<\/p>\n\n\n\n<p><strong>Caf\u00e9 da manh\u00e3<\/strong>: entre R$15 a R$21 por dia, pensando em itens b\u00e1sicos de padaria. Mas se a ideia \u00e9 se servir de um belo <a href=\"https:\/\/quantocustaviajar.com\/blog\/cafe-colonial-em-gramado\/\" target=\"_blank\" rel=\"noreferrer noopener\">caf\u00e9 colonial tradicional<\/a>, coloque nesta conta em torno de R$80 por pessoa.<\/p>\n\n\n\n<p><strong>Almo\u00e7o e jantar<\/strong>: uma refei\u00e7\u00e3o de baixo custo em restaurantes mais simples pode ficar em torno de R$32 a R$60 por pessoa e por dia. J\u00e1 em restaurantes mais sofisticados e concorridos, uma refei\u00e7\u00e3o pode sair em torno de R$90 por pessoa\/dia.<\/p>\n\n\n\n<p>No <a href=\"https:\/\/quantocustaviajar.com\/brasil\/gramado\/alimentacao\" target=\"_blank\" rel=\"noreferrer noopener\">guia de Gramado do QCV<\/a> voc\u00ea encontrar\u00e1 diferentes sugest\u00f5es de restaurantes, de diferentes card\u00e1pios e pre\u00e7os, que podem rechear seu tour gastron\u00f4mico pela cidade com precis\u00e3o.<\/p>\n\n\n\n<h2 class=\"wp-block-heading\"><span class=\"ez-toc-section\" id=\"Transporte_em_Gramado\"><\/span>Transporte em Gramado<span class=\"ez-toc-section-end\"><\/span><\/h2>\n\n\n\n<figure class=\"wp-block-image aligncenter size-large\"><img loading=\"lazy\" decoding=\"async\" width=\"1024\" height=\"768\" src=\"https:\/\/quantocustaviajar.com\/blog\/wp-content\/uploads\/2023\/07\/quanto-custa-sete-dias-em-gramado-04-1024x768.jpg\" alt=\"\" class=\"wp-image-60148\" srcset=\"https:\/\/quantocustaviajar.com\/blog\/wp-content\/uploads\/2023\/07\/quanto-custa-sete-dias-em-gramado-04-1024x768.jpg 1024w, https:\/\/quantocustaviajar.com\/blog\/wp-content\/uploads\/2023\/07\/quanto-custa-sete-dias-em-gramado-04-300x225.jpg 300w, https:\/\/quantocustaviajar.com\/blog\/wp-content\/uploads\/2023\/07\/quanto-custa-sete-dias-em-gramado-04-768x576.jpg 768w, https:\/\/quantocustaviajar.com\/blog\/wp-content\/uploads\/2023\/07\/quanto-custa-sete-dias-em-gramado-04.jpg 1280w\" sizes=\"auto, (max-width: 1024px) 100vw, 1024px\" \/><figcaption>Foto: <a href=\"https:\/\/commons.wikimedia.org\/wiki\/File:Bus_Tour_Gramado_-_1000_-_Flickr_-_Rafael_Delazari.jpg\" target=\"_blank\" rel=\"noreferrer noopener\">Wikimedia Commons<\/a><\/figcaption><\/figure>\n\n\n\n<p>Por ser um destino que inclui diferentes atra\u00e7\u00f5es a longa dist\u00e2ncia, a forma mais c\u00f4moda de se deslocar em Gramado durante 7 dias de viagem \u00e9 alugando um carro. Na Rent Cars, os valores podem variar de acordo com a temporada, e diferente da hospedagem, aqui o pre\u00e7o sai mais em conta na alta temporada. Uma pesquisa r\u00e1pida para uma semana de loca\u00e7\u00e3o no m\u00eas de setembro de 2023 disponibiliza <a href=\"https:\/\/www.rentcars.com\/pt-br\/reserva\/listar\/6215-1694264400-6215-1694869200-0-0-0-0-0-0-0-0?requestorid=52\" target=\"_blank\" rel=\"noreferrer noopener\">carros econ\u00f4micos por R$464,44 pelo per\u00edodo<\/a>, j\u00e1 no per\u00edodo de dezembro, quando acontece o Natal Luz, a <a href=\"https:\/\/www.rentcars.com\/pt-br\/reserva\/listar\/6215-1702126800-6215-1702731600-0-0-0-0-0-0-0-0?requestorid=52\" target=\"_blank\" rel=\"noreferrer noopener\">mesma categoria fica em R$397,46 o per\u00edodo<\/a>.<\/p>\n\n\n\n<p>H\u00e1 tamb\u00e9m a op\u00e7\u00e3o de motorista por aplicativo, mas \u00e9 imposs\u00edvel ter uma m\u00e9dia de pre\u00e7o por este meio, pois pode variar muito por conta do pre\u00e7o din\u00e2mico de cada plataforma. Este pre\u00e7o pode subir ainda mais na alta temporada  com a alta demanda &#8211; quanto maior a procura, maior o pre\u00e7o ser\u00e1.<\/p>\n\n\n\n<p>Uma das op\u00e7\u00f5es mais populares de locomo\u00e7\u00e3o \u00e9 o bus tour. Os famosos \u00f4nibus de dois andares t\u00eam 38 paradas, do&nbsp;Alpen Park&nbsp;e&nbsp;Bondinhos A\u00e9reos&nbsp;em Canela, ao&nbsp;Snowland&nbsp;e&nbsp;Parque de Lavanda em Gramado, ficando de fora somente o Gramado&nbsp;Zoo&nbsp;e o&nbsp;Parque Ga\u00facho. Os hor\u00e1rios podem ser consultados j\u00e1 no embarque e o bilhete custa a partir de R$98 por dia\/pessoa (podendo ser parcelado em at\u00e9 12x).<\/p>\n\n\n\n<h2 class=\"wp-block-heading\"><span class=\"ez-toc-section\" id=\"Compras_em_Gramado\"><\/span>Compras em Gramado<span class=\"ez-toc-section-end\"><\/span><\/h2>\n\n\n\n<p>Este t\u00f3pico pede por uma resposta muito relativa, pois \u00e9 dif\u00edcil programar um gasto para compras de uma semana sem saber o que o viajante pretende. Gramado \u00e9 um destino que oferece um arsenal de op\u00e7\u00f5es quando se trata de presentes e at\u00e9 mesmo itens pessoais, desde lojas de chocolates, vinhos, at\u00e9 malhas e vestimentas para o inverno, portanto, esse budget pode variar entre R$300, caso a ideia seja levar somente uns chocolatinhos de lembran\u00e7a para a fam\u00edlia, at\u00e9 R$1.000 se a ideia \u00e9 garantir umas roupinhas novas para o frio.<\/p>\n\n\n\n<p>Para obter informa\u00e7\u00f5es mais precisa sobre custos e gastos, conte com nossa <a href=\"https:\/\/quantocustaviajar.com\/brasil\/gramado\" target=\"_blank\" rel=\"noreferrer noopener\">calculadora de viagem \u00e0 Gramado<\/a> &#8211; nela voc\u00ea ter\u00e1 informa\u00e7\u00f5es adicionais como pre\u00e7os de passagens a\u00e9reas, al\u00e9m de dicas de viagem que vai deixar o seu roteiro ainda mais completo<\/p>\n","protected":false},"excerpt":{"rendered":"<p>Gramado \u00e9 um destino muito procurado principalmente durante o inverno, mas tamb\u00e9m \u00e9 no per\u00edodo entre novembro e janeiro que os turistas enchem a cidade por conta do t\u00e3o famoso Natal Luz. Essas s\u00e3o consideradas as duas altas temporadas da cidade &#8211; onde os pre\u00e7os costumam ser mais elevados e as vagas entre as hospedagens [&hellip;]<\/p>\n","protected":false},"author":19,"featured_media":60146,"comment_status":"open","ping_status":"open","sticky":false,"template":"","format":"standard","meta":{"cybocfi_hide_featured_image":"","footnotes":""},"categories":[1434,1182,1438,1217],"tags":[266,77,215,74,3930,16],"class_list":["post-60067","post","type-post","status-publish","format-standard","has-post-thumbnail","hentry","category-descubra-brasil","category-dica-cool","category-dicas-praticas","category-economize-e-viaje","tag-brasil","tag-dicas","tag-gramado","tag-hospedagem","tag-quanto-custa-7-dias-em-gramado","tag-viagem"],"blocksy_meta":[],"yoast_head":"<!-- This site is optimized with the Yoast SEO plugin v26.3 - https:\/\/yoast.com\/wordpress\/plugins\/seo\/ -->\n<title>Quanto custa 7 dias em Gramado? Programe a viagem com o QCV<\/title>\n<meta name=\"description\" content=\"Saiba qual o pre\u00e7o m\u00e9dio da cidade na alta e baixa temporada para descobrir quanto custa 7 dias em Gramado.\" \/>\n<meta name=\"robots\" content=\"index, follow, max-snippet:-1, max-image-preview:large, max-video-preview:-1\" \/>\n<link rel=\"canonical\" href=\"https:\/\/quantocustaviajar.com\/blog\/quanto-custa-7-dias-em-gramado\/\" \/>\n<meta property=\"og:locale\" content=\"pt_BR\" \/>\n<meta property=\"og:type\" content=\"article\" \/>\n<meta property=\"og:title\" content=\"Quanto custa 7 dias em Gramado? Programe a viagem com o QCV\" \/>\n<meta property=\"og:description\" content=\"Saiba qual o pre\u00e7o m\u00e9dio da cidade na alta e baixa temporada para descobrir quanto custa 7 dias em Gramado.\" \/>\n<meta property=\"og:url\" content=\"https:\/\/quantocustaviajar.com\/blog\/quanto-custa-7-dias-em-gramado\/\" \/>\n<meta property=\"og:site_name\" content=\"Blog Quanto Custa Viajar\" \/>\n<meta property=\"article:publisher\" content=\"https:\/\/www.facebook.com\/quantocustaviajar\" \/>\n<meta property=\"article:published_time\" content=\"2023-07-31T19:00:13+00:00\" \/>\n<meta property=\"article:modified_time\" content=\"2023-07-31T19:00:14+00:00\" \/>\n<meta property=\"og:image\" content=\"https:\/\/quantocustaviajar.com\/blog\/wp-content\/uploads\/2023\/07\/quanto-custa-sete-dias-em-gramado-03.jpg\" \/>\n\t<meta property=\"og:image:width\" content=\"1280\" \/>\n\t<meta property=\"og:image:height\" content=\"960\" \/>\n\t<meta property=\"og:image:type\" content=\"image\/jpeg\" \/>\n<meta name=\"author\" content=\"Sheila Almendros\" \/>\n<meta name=\"twitter:card\" content=\"summary_large_image\" \/>\n<meta name=\"twitter:label1\" content=\"Escrito por\" \/>\n\t<meta name=\"twitter:data1\" content=\"Sheila Almendros\" \/>\n\t<meta name=\"twitter:label2\" content=\"Est. tempo de leitura\" \/>\n\t<meta name=\"twitter:data2\" content=\"7 minutos\" \/>\n<!-- \/ Yoast SEO plugin. -->","yoast_head_json":{"title":"Quanto custa 7 dias em Gramado? Programe a viagem com o QCV","description":"Saiba qual o pre\u00e7o m\u00e9dio da cidade na alta e baixa temporada para descobrir quanto custa 7 dias em Gramado.","robots":{"index":"index","follow":"follow","max-snippet":"max-snippet:-1","max-image-preview":"max-image-preview:large","max-video-preview":"max-video-preview:-1"},"canonical":"https:\/\/quantocustaviajar.com\/blog\/quanto-custa-7-dias-em-gramado\/","og_locale":"pt_BR","og_type":"article","og_title":"Quanto custa 7 dias em Gramado? Programe a viagem com o QCV","og_description":"Saiba qual o pre\u00e7o m\u00e9dio da cidade na alta e baixa temporada para descobrir quanto custa 7 dias em Gramado.","og_url":"https:\/\/quantocustaviajar.com\/blog\/quanto-custa-7-dias-em-gramado\/","og_site_name":"Blog Quanto Custa Viajar","article_publisher":"https:\/\/www.facebook.com\/quantocustaviajar","article_published_time":"2023-07-31T19:00:13+00:00","article_modified_time":"2023-07-31T19:00:14+00:00","og_image":[{"width":1280,"height":960,"url":"https:\/\/quantocustaviajar.com\/blog\/wp-content\/uploads\/2023\/07\/quanto-custa-sete-dias-em-gramado-03.jpg","type":"image\/jpeg"}],"author":"Sheila Almendros","twitter_card":"summary_large_image","twitter_misc":{"Escrito por":"Sheila Almendros","Est. tempo de leitura":"7 minutos"},"schema":{"@context":"https:\/\/schema.org","@graph":[{"@type":["Article","BlogPosting"],"@id":"https:\/\/quantocustaviajar.com\/blog\/quanto-custa-7-dias-em-gramado\/#article","isPartOf":{"@id":"https:\/\/quantocustaviajar.com\/blog\/quanto-custa-7-dias-em-gramado\/"},"author":{"name":"Sheila Almendros","@id":"https:\/\/quantocustaviajar.com\/blog\/#\/schema\/person\/66bc96b9076769d61f47e383ac516439"},"headline":"Quanto custa 7 dias em Gramado? Programe a sua viagem sem surpresas","datePublished":"2023-07-31T19:00:13+00:00","dateModified":"2023-07-31T19:00:14+00:00","mainEntityOfPage":{"@id":"https:\/\/quantocustaviajar.com\/blog\/quanto-custa-7-dias-em-gramado\/"},"wordCount":1230,"commentCount":0,"publisher":{"@id":"https:\/\/quantocustaviajar.com\/blog\/#organization"},"image":{"@id":"https:\/\/quantocustaviajar.com\/blog\/quanto-custa-7-dias-em-gramado\/#primaryimage"},"thumbnailUrl":"https:\/\/quantocustaviajar.com\/blog\/wp-content\/uploads\/2023\/07\/quanto-custa-sete-dias-em-gramado-03.jpg","keywords":["Brasil","dicas","Gramado","hospedagem","quanto custa 7 dias em gramado","viagem"],"articleSection":["Descubra o Brasil","Dica cool","Dicas pr\u00e1ticas","Economize e viaje"],"inLanguage":"pt-BR","potentialAction":[{"@type":"CommentAction","name":"Comment","target":["https:\/\/quantocustaviajar.com\/blog\/quanto-custa-7-dias-em-gramado\/#respond"]}]},{"@type":"WebPage","@id":"https:\/\/quantocustaviajar.com\/blog\/quanto-custa-7-dias-em-gramado\/","url":"https:\/\/quantocustaviajar.com\/blog\/quanto-custa-7-dias-em-gramado\/","name":"Quanto custa 7 dias em Gramado? Programe a viagem com o QCV","isPartOf":{"@id":"https:\/\/quantocustaviajar.com\/blog\/#website"},"primaryImageOfPage":{"@id":"https:\/\/quantocustaviajar.com\/blog\/quanto-custa-7-dias-em-gramado\/#primaryimage"},"image":{"@id":"https:\/\/quantocustaviajar.com\/blog\/quanto-custa-7-dias-em-gramado\/#primaryimage"},"thumbnailUrl":"https:\/\/quantocustaviajar.com\/blog\/wp-content\/uploads\/2023\/07\/quanto-custa-sete-dias-em-gramado-03.jpg","datePublished":"2023-07-31T19:00:13+00:00","dateModified":"2023-07-31T19:00:14+00:00","description":"Saiba qual o pre\u00e7o m\u00e9dio da cidade na alta e baixa temporada para descobrir quanto custa 7 dias em Gramado.","breadcrumb":{"@id":"https:\/\/quantocustaviajar.com\/blog\/quanto-custa-7-dias-em-gramado\/#breadcrumb"},"inLanguage":"pt-BR","potentialAction":[{"@type":"ReadAction","target":["https:\/\/quantocustaviajar.com\/blog\/quanto-custa-7-dias-em-gramado\/"]}]},{"@type":"ImageObject","inLanguage":"pt-BR","@id":"https:\/\/quantocustaviajar.com\/blog\/quanto-custa-7-dias-em-gramado\/#primaryimage","url":"https:\/\/quantocustaviajar.com\/blog\/wp-content\/uploads\/2023\/07\/quanto-custa-sete-dias-em-gramado-03.jpg","contentUrl":"https:\/\/quantocustaviajar.com\/blog\/wp-content\/uploads\/2023\/07\/quanto-custa-sete-dias-em-gramado-03.jpg","width":1280,"height":960},{"@type":"BreadcrumbList","@id":"https:\/\/quantocustaviajar.com\/blog\/quanto-custa-7-dias-em-gramado\/#breadcrumb","itemListElement":[{"@type":"ListItem","position":1,"name":"In\u00edcio","item":"https:\/\/quantocustaviajar.com\/blog\/"},{"@type":"ListItem","position":2,"name":"Quanto custa 7 dias em Gramado? Programe a sua viagem sem surpresas"}]},{"@type":"WebSite","@id":"https:\/\/quantocustaviajar.com\/blog\/#website","url":"https:\/\/quantocustaviajar.com\/blog\/","name":"Blog Quanto Custa Viajar","description":"","publisher":{"@id":"https:\/\/quantocustaviajar.com\/blog\/#organization"},"potentialAction":[{"@type":"SearchAction","target":{"@type":"EntryPoint","urlTemplate":"https:\/\/quantocustaviajar.com\/blog\/?s={search_term_string}"},"query-input":{"@type":"PropertyValueSpecification","valueRequired":true,"valueName":"search_term_string"}}],"inLanguage":"pt-BR"},{"@type":"Organization","@id":"https:\/\/quantocustaviajar.com\/blog\/#organization","name":"Quanto Custa Viajar","url":"https:\/\/quantocustaviajar.com\/blog\/","logo":{"@type":"ImageObject","inLanguage":"pt-BR","@id":"https:\/\/quantocustaviajar.com\/blog\/#\/schema\/logo\/image\/","url":"","contentUrl":"","caption":"Quanto Custa Viajar"},"image":{"@id":"https:\/\/quantocustaviajar.com\/blog\/#\/schema\/logo\/image\/"},"sameAs":["https:\/\/www.facebook.com\/quantocustaviajar"]},{"@type":"Person","@id":"https:\/\/quantocustaviajar.com\/blog\/#\/schema\/person\/66bc96b9076769d61f47e383ac516439","name":"Sheila Almendros","image":{"@type":"ImageObject","inLanguage":"pt-BR","@id":"https:\/\/quantocustaviajar.com\/blog\/#\/schema\/person\/image\/","url":"https:\/\/secure.gravatar.com\/avatar\/f38e2f0e4f0d273587e0882ec5d6afa5cd3463efd68233d49b41368144e219b5?s=96&d=mm&r=g","contentUrl":"https:\/\/secure.gravatar.com\/avatar\/f38e2f0e4f0d273587e0882ec5d6afa5cd3463efd68233d49b41368144e219b5?s=96&d=mm&r=g","caption":"Sheila Almendros"},"description":"Jornalista, produtora de conte\u00fado web e apaixonada pelo mundo.","url":"https:\/\/quantocustaviajar.com\/blog\/author\/sheila-almendros\/"}]}},"_links":{"self":[{"href":"https:\/\/quantocustaviajar.com\/blog\/wp-json\/wp\/v2\/posts\/60067","targetHints":{"allow":["GET"]}}],"collection":[{"href":"https:\/\/quantocustaviajar.com\/blog\/wp-json\/wp\/v2\/posts"}],"about":[{"href":"https:\/\/quantocustaviajar.com\/blog\/wp-json\/wp\/v2\/types\/post"}],"author":[{"embeddable":true,"href":"https:\/\/quantocustaviajar.com\/blog\/wp-json\/wp\/v2\/users\/19"}],"replies":[{"embeddable":true,"href":"https:\/\/quantocustaviajar.com\/blog\/wp-json\/wp\/v2\/comments?post=60067"}],"version-history":[{"count":2,"href":"https:\/\/quantocustaviajar.com\/blog\/wp-json\/wp\/v2\/posts\/60067\/revisions"}],"predecessor-version":[{"id":60295,"href":"https:\/\/quantocustaviajar.com\/blog\/wp-json\/wp\/v2\/posts\/60067\/revisions\/60295"}],"wp:featuredmedia":[{"embeddable":true,"href":"https:\/\/quantocustaviajar.com\/blog\/wp-json\/wp\/v2\/media\/60146"}],"wp:attachment":[{"href":"https:\/\/quantocustaviajar.com\/blog\/wp-json\/wp\/v2\/media?parent=60067"}],"wp:term":[{"taxonomy":"category","embeddable":true,"href":"https:\/\/quantocustaviajar.com\/blog\/wp-json\/wp\/v2\/categories?post=60067"},{"taxonomy":"post_tag","embeddable":true,"href":"https:\/\/quantocustaviajar.com\/blog\/wp-json\/wp\/v2\/tags?post=60067"}],"curies":[{"name":"wp","href":"https:\/\/api.w.org\/{rel}","templated":true}]}}