{"id":55934,"date":"2022-11-24T16:56:34","date_gmt":"2022-11-24T16:56:34","guid":{"rendered":"https:\/\/quantocustaviajar.com\/blog\/?p=55934"},"modified":"2022-11-24T16:56:36","modified_gmt":"2022-11-24T16:56:36","slug":"natal-de-holambra-no-parque-da-expoflora","status":"publish","type":"post","link":"https:\/\/quantocustaviajar.com\/blog\/natal-de-holambra-no-parque-da-expoflora\/","title":{"rendered":"Natal de Holambra no Parque da Expoflora"},"content":{"rendered":"\n<p><em>O evento acontece de 25 de novembro a 18 de dezembro de 2022, \u00e0s sextas e aos s\u00e1bados, das 16h \u00e0s 24h, e aos domingos, das 16h \u00e0s 23h. <a href=\"https:\/\/quantocustaviajar.com\/blog\/conheca-holambra-cidade-das-flores-em-sao-paulo\/\">Holambra<\/a> fica a 134 km da capital paulista. O Natal de Holambra est\u00e1 gerando 2.500 postos de trabalho e deve atrair cerca de 90 mil visitantes, al\u00e9m de movimentar em torno de R$ 100 milh\u00f5es na economia regional.<\/em><\/p>\n\n\n\n<p>O <a href=\"https:\/\/quantocustaviajar.com\/blog\/expoflora-holambra-sp\/\" target=\"_blank\" rel=\"noreferrer noopener\">Parque da Expoflora<\/a> recebe os visitantes, a partir da pr\u00f3xima sexta-feira, dia 25 de novembro, para o \u201cNatal de Holambra\u201d. Mais de 800 mil microl\u00e2mpadas enfeitar\u00e3o as \u00e1rvores, as fachadas de arquitetura holandesa dos pr\u00e9dios e as \u00e1reas de jardim. Todos os espa\u00e7os estar\u00e3o decorados com motivos natalinos. Personagens itinerantes, como a Rena, o Boneco de Neve, o Biscoito e o Duende, promover\u00e3o a interatividade com adultos e crian\u00e7as. Os ingressos custam R$ 40,00 (meia-entrada) e R$ 80,00 (inteira) e podem ser adquiridos nas bilheterias do evento, no site\u00a0<a href=\"http:\/\/www.ingressorapido.com.br\/\" target=\"_blank\" rel=\"noreferrer noopener\">www.ingressorapido.com.br<\/a>\u00a0ou com os representantes informados no site\u00a0<a href=\"http:\/\/www.nataldeholambra.com.br\/\" target=\"_blank\" rel=\"noreferrer noopener\">www.nataldeholambra.com.br<\/a>. Crian\u00e7as com at\u00e9 cinco anos de idade, acompanhadas por adulto pagante, t\u00eam entrada gratuita.\u00a0O evento acontece at\u00e9 o dia 18 de dezembro de 2022, \u00e0s sextas e aos s\u00e1bados, das 16h \u00e0s 24h, e aos domingos, das 16h \u00e0s 23h. Holambra fica a 134 km da capital paulista.<\/p>\n\n\n\n<p>O Natal de<a href=\"https:\/\/quantocustaviajar.com\/brasil\/holambra\" target=\"_blank\" rel=\"noreferrer noopener\"> Holambra<\/a> gera cerca de 2.500 postos de trabalho e deve atrair cerca de 90 mil visitantes, al\u00e9m de movimentar em torno de R$ 100 milh\u00f5es na economia regional. A novidade desta edi\u00e7\u00e3o \u00e9 o Shopping de Natal, onde podem ser adquiridos artigos de decora\u00e7\u00e3o natalina (guirlandas, \u00e1rvores, fest\u00f5es, personagens, ornamentos, sinos, bolas, enfeites de mesa etc.), al\u00e9m de flores e plantas ornamentais, como as tradicionais tuias holandesas e poins\u00e9tias e os lan\u00e7amentos como plantas maquiadas, tinturadas ou com glitter e as que at\u00e9 t\u00eam \u201cprintadas\u201d nas p\u00e9talas mensagens de boas festas.<\/p>\n\n\n\n<figure class=\"wp-block-image aligncenter size-full\"><img loading=\"lazy\" decoding=\"async\" width=\"800\" height=\"450\" src=\"https:\/\/quantocustaviajar.com\/blog\/wp-content\/uploads\/2022\/11\/IMG-2141.jpg\" alt=\"\" class=\"wp-image-55936\" srcset=\"https:\/\/quantocustaviajar.com\/blog\/wp-content\/uploads\/2022\/11\/IMG-2141.jpg 800w, https:\/\/quantocustaviajar.com\/blog\/wp-content\/uploads\/2022\/11\/IMG-2141-300x169.jpg 300w, https:\/\/quantocustaviajar.com\/blog\/wp-content\/uploads\/2022\/11\/IMG-2141-768x432.jpg 768w\" sizes=\"auto, (max-width: 800px) 100vw, 800px\" \/><figcaption>Foto: Juliana Lazarini<\/figcaption><\/figure>\n\n\n\n<p><strong>Decora\u00e7\u00e3o natalina<\/strong><\/p>\n\n\n\n<p>Para a decora\u00e7\u00e3o, o cen\u00f3grafo Matheus Comitre optou pelo gigantismo e buscou interagir os brinquedos do parque de divers\u00f5es com cada ambiente. Um Papai Noel com cinco metros de altura recepciona os turistas, em frente ao p\u00f3rtico de acesso \u00e0s bilheterias, que \u00e9 ladeado por moinhos holandeses. Tuias holandesas e poins\u00e9tias vermelhas, plantas t\u00edpicas do Natal, comp\u00f5em o cen\u00e1rio.\u00a0No corredor de acesso ao parque, 12 soldadinhos de chumbo, com 3 metros de altura cada, escoltam os visitantes at\u00e9 a \u201cF\u00e1brica de Brinquedos\u201d, onde outro Papai Noel, com 4 metros de altura, acompanha a produ\u00e7\u00e3o dos presentes. O ambiente traz uma \u00e1rvore formada por ursos de diferentes tamanhos e uma \u201cmini Maria Fuma\u00e7a\u201d sobre trilhos para passeios com as crian\u00e7as, uma \u201cCentopeia\u201d e um\u00a0<em>jumper<\/em>. Os brinquedos do Parque de Divers\u00f5es comp\u00f5em os v\u00e1rios espa\u00e7os e n\u00e3o est\u00e3o concentrados em um s\u00f3 local.<\/p>\n\n\n\n<p><strong>Pres\u00e9pio animatr\u00f4nico<\/strong><\/p>\n\n\n\n<p>O ambiente seguinte \u00e9 o \u201cPres\u00e9pio\u201d, com pe\u00e7as em tamanho natural e animatr\u00f4nicas (dispositivos rob\u00f3ticos que d\u00e3o vida aos personagens e objetos), onde, em um est\u00e1bulo em pedra, Jos\u00e9, Maria e os tr\u00eas Reis Magos acompanham o nascimento do Menino Jesus.&nbsp;Ao lado est\u00e1 o \u201cVale Nevado\u201d, onde localiza-se a enorme cabana de madeira do Papai Noel, com 6 metros de comprimento por 4 metros de profundidade, com todo o conforto para receber as crian\u00e7as que desejarem fazer os seus pedidos pessoalmente (sextas e s\u00e1bados, das 16h \u00e0s 18h30; das 19h30 \u00e0s 22h e das 23h \u00e0s 24h; e, aos domingos, das 16h \u00e0s 18h30, e das 19h30 \u00e0s 22h. Neste \u201cVale Nevado\u201d, h\u00e1 300 tuias holandesas em vasos, bonecos de neve, ursos polares, geleiras, \u00e1rvores nevadas (entre as quais uma de 4 metros de altura) e at\u00e9 os pinguins, que viajaram do Polo Sul at\u00e9 este cen\u00e1rio para visitar Papai Noel. H\u00e1 muitos brinquedos para as crian\u00e7as nesse ambiente, como os avi\u00f5ezinhos, carrinhos bate-bate, minichap\u00e9u mexicano e tren\u00f3 sobre trilhos. Nas laterais, estandes com diversos produtos, inclusive para presentes.<\/p>\n\n\n\n<p>O pr\u00f3ximo ambiente \u00e9 a \u201cCasa de doces da Mam\u00e3e Noel\u201d, tamb\u00e9m com \u201cgiostras\u201d (carross\u00e9is) com fuscas convers\u00edveis e caminh\u00f5es. Em frente, fica a \u00e1rea destinada \u00e0 \u201cChuva de Neve\u201d, lan\u00e7ada (\u00e0s 19h e \u00e0s 22h30) de uma \u00e1rvore de Natal com 8 metros de altura, repleta de doces e cercada por biscoitos de gengibre em \u201ctamanho fam\u00edlia\u201d. Ao fundo, o caramanch\u00e3o de tumb\u00e9rgias ficou supercolorido, com luzes azuis, vermelhas, amarelas e verdes.<\/p>\n\n\n\n<figure class=\"wp-block-image aligncenter size-full\"><img loading=\"lazy\" decoding=\"async\" width=\"800\" height=\"450\" src=\"https:\/\/quantocustaviajar.com\/blog\/wp-content\/uploads\/2022\/11\/IMG-1425.jpg\" alt=\"\" class=\"wp-image-55937\" srcset=\"https:\/\/quantocustaviajar.com\/blog\/wp-content\/uploads\/2022\/11\/IMG-1425.jpg 800w, https:\/\/quantocustaviajar.com\/blog\/wp-content\/uploads\/2022\/11\/IMG-1425-300x169.jpg 300w, https:\/\/quantocustaviajar.com\/blog\/wp-content\/uploads\/2022\/11\/IMG-1425-768x432.jpg 768w\" sizes=\"auto, (max-width: 800px) 100vw, 800px\" \/><figcaption>Foto: Juliana Lazarini<\/figcaption><\/figure>\n\n\n\n<p><strong>Atra\u00e7\u00f5es culturais<\/strong><\/p>\n\n\n\n<p>Ao lado est\u00e1 o palco \u201cMagia do Natal\u201d, onde haver\u00e1 apresenta\u00e7\u00f5es de teatro (19h), de dan\u00e7as t\u00edpicas holandesas (19h30), Flash Mob de dan\u00e7a (21h) e de onde sair\u00e1 a \u201cParada de Natal\u201d (\u00e0s 21h30), com carro aleg\u00f3rico decorado com flores e um trenzinho com o Papai Noel e todos os personagens itinerantes. Aos s\u00e1bados, a \u201cParada de Natal\u201d conta com a participa\u00e7\u00e3o especial da Fanfarra Amigos de Holambra.<\/p>\n\n\n\n<p>Na sequ\u00eancia est\u00e1 a \u201cFloresta Iluminada\u201d, formada por v\u00e1rias dezenas de \u00e1rvores naturais, de diversas esp\u00e9cies, com seus troncos revestidos por microl\u00e2mpadas. As frondosas copas receberam ilumina\u00e7\u00e3o c\u00eanica para que possam deslumbrar quem se diverte na roda gigante, com 35 metros de altura, proporcionando uma linda vista panor\u00e2mica do parque. Os canteiros pr\u00f3ximos receberam \u201cpatas de canguru\u201d &#8211; nas cores vermelha, rosa-claro e escuro &#8211; e muitos hibiscos. A Noel Band se encarregar\u00e1 de entreter o p\u00fablico no palco \u201cM\u00fasica na Pra\u00e7a\u201d, onde os visitantes poder\u00e3o descansar nas arquibancadas ou nas mesas de piquenique que servem \u00e0 pra\u00e7a de alimenta\u00e7\u00e3o. Para as crian\u00e7as, tem o \u201cplayground\u201d, o \u201ctrampolim el\u00e1stico\u201d e o \u201ct\u00e1xi maluco\u201d.<\/p>\n\n\n\n<figure class=\"wp-block-image aligncenter size-full\"><img loading=\"lazy\" decoding=\"async\" width=\"800\" height=\"533\" src=\"https:\/\/quantocustaviajar.com\/blog\/wp-content\/uploads\/2022\/11\/Coral-na-janela-credJulianaLazarini-6-.jpg\" alt=\"\" class=\"wp-image-55938\" srcset=\"https:\/\/quantocustaviajar.com\/blog\/wp-content\/uploads\/2022\/11\/Coral-na-janela-credJulianaLazarini-6-.jpg 800w, https:\/\/quantocustaviajar.com\/blog\/wp-content\/uploads\/2022\/11\/Coral-na-janela-credJulianaLazarini-6--300x200.jpg 300w, https:\/\/quantocustaviajar.com\/blog\/wp-content\/uploads\/2022\/11\/Coral-na-janela-credJulianaLazarini-6--768x512.jpg 768w\" sizes=\"auto, (max-width: 800px) 100vw, 800px\" \/><figcaption>Foto: Juliana Lazarini<\/figcaption><\/figure>\n\n\n\n<p>As fachadas da sorveteria, confeitaria e restaurante &#8211; tamb\u00e9m iluminadas &#8211; n\u00e3o apenas emolduram e destacam a arquitetura holandesa, como servem de palco para o coral, que se utiliza dos janel\u00f5es do sobrado para as suas apresenta\u00e7\u00f5es. Formado por 14 vozes e privilegiando cantores da regi\u00e3o, com cantores com idades que variam dos 20 aos 40 anos, o coral se apresenta todas as sextas-feiras, \u00e0s 20h e \u00e0s 22h, e aos s\u00e1bados e domingos, \u00e0s 18h e \u00e0s 20h. Regido pelo maestro Robson Cavalcante, destaca-se pela criatividade na interpreta\u00e7\u00e3o das m\u00fasicas natalinas cl\u00e1ssicas cantadas em v\u00e1rias vers\u00f5es.<\/p>\n\n\n\n<p><strong>Jardins em Festa<\/strong><\/p>\n\n\n\n<p>O acesso para a Mostra de Paisagismo e Decora\u00e7\u00e3o \u201cJardins em Festa\u201d, ao lado do brinquedo \u201c360\u00ba\u201d, \u00e9 indicado pela \u00e1rvore de tamancos holandeses, bolas e presentes. No caminho, os visitantes precisam passar por um \u201ct\u00fanel m\u00e1gico de luz\u201d, onde est\u00e3o instaladas a \u201cCapela do <a href=\"https:\/\/quantocustaviajar.com\/blog\/lugares-para-conhecer-no-espirito-santo\/\">Esp\u00edrito Santo<\/a>\u201d, as borboletas e os cora\u00e7\u00f5es de ant\u00farios, at\u00e9 chegar aos \u201cJardins dos Duendes\u201d. Ali, essas criaturinhas folcl\u00f3ricas que, segundo lendas, possuem poderes sobrenaturais interagem com cogumelos enormes, observando o p\u00fablico, ou tentando se esconder das pessoas, como se ningu\u00e9m as estivesse vendo. Eles indicam o caminho do miniss\u00edtio que, composto por diversos espa\u00e7os climatizados e com ilumina\u00e7\u00e3o adequada, abriga pequenos animais, tratados de acordo com todas as normas legais e sob orienta\u00e7\u00e3o e cuidados permanentes de veterin\u00e1rios. &nbsp;<\/p>\n\n\n\n<p>A Mostra de Paisagismo e Decora\u00e7\u00e3o \u201cJardins em Festa\u201d est\u00e1 na sequ\u00eancia e traz um novo olhar para a decora\u00e7\u00e3o de Natal, onde o est\u00edmulo \u00e0s emo\u00e7\u00f5es est\u00e1 aliado \u00e0 consci\u00eancia ecol\u00f3gica. Al\u00e9m dos tradicionais enfeites pr\u00e9-fabricados, pe\u00e7as leves e tecnol\u00f3gicas feitas com produtos recicl\u00e1veis ou at\u00e9 mesmo biodegrad\u00e1veis s\u00e3o utilizadas na decora\u00e7\u00e3o, entre elas o isopor ecol\u00f3gico reaproveit\u00e1vel e a madeira reciclada. Tudo envolto por plantas ornamentais naturais, ricas em suas formas, e as sempre belas flores.<\/p>\n\n\n\n<p>Na sa\u00edda da Mostra encontra-se o \u201cVilarejo dos Enfeites\u201d, ao lado dos roseirais com bolas de luz em tamanho gigante para permitir fotos instagram\u00e1veis em seu interior. Um letreiro de \u201cFeliz Natal\u201d tamb\u00e9m foi instalado neste espa\u00e7o para ajudar a imortalizar o momento. Em frente \u00e0 \u201cRua dos Guarda-chuvas\u201d, est\u00e1 o \u201cRecanto das \u00c1rvores de Natal\u201d. Uma delas, com 6 metros de altura, \u00e9 formada por cord\u00f5es de luz e estrelas brilhantes, iluminando o jardim das coloridas sunpatiens e os vasos de tuias naturais. A alameda, onde se concentram as lojinhas de presentes, souvenirs e sobremesas, foi transformada na \u201cVila das Luzes\u201d, uma vez que ali cerca de 40 \u00e1rvores receberam ilumina\u00e7\u00e3o \u201c<em>snow fall<\/em>\u201d, cujo efeito \u00e9 o da neve caindo dos galhos. O chafariz, pr\u00f3ximo aos bebedouros de \u00e1gua pot\u00e1vel, \u201cjorra\u201d echev\u00e9rias tinturadas. Um carro antigo repleto de orqu\u00eddeas comp\u00f5e a decora\u00e7\u00e3o.<\/p>\n\n\n\n<p><strong>Compras<\/strong><\/p>\n\n\n\n<p>Tanto as lojinhas da Alameda quanto os estandes, que ficam nas laterais dos ambientes decorados, oferecem diversos produtos e artigos para presentes (confec\u00e7\u00e3o feminina, roupas indianas e chinesas, rendas do Cear\u00e1, camisetas com personagens, sand\u00e1lias, bolsas de tecido e sint\u00e9ticas, cosm\u00e9ticos e artigos de beleza, mandalas, est\u00e1tuas de santos e decora\u00e7\u00f5es em MDF, semijoias e bijuterias, chaveiros, almofadas, toalhas de mesa, jogos americanos e aventais, roupas, acess\u00f3rios para boneca Barbie, livros e papelaria).<\/p>\n\n\n\n<p><strong>Gastronomia<\/strong><\/p>\n\n\n\n<p>Na gastronomia, h\u00e1 sugest\u00f5es de card\u00e1pios especiais e, nas lanchonetes, os turistas encontrar\u00e3o as mais variadas op\u00e7\u00f5es de alimenta\u00e7\u00e3o. Entre as novidades para Natal de Holambra est\u00e1 a Pannekoek de Natal (recheada com bacon, nozes e mel) e a Torta Natalina de morango com merengue, em formato estilizado de uma \u00e1rvore, encontrada na Confeitaria Martin Holandesa.&nbsp;A sorveteria Delicci traz os sabores de \u201cpanetone\u201d, \u201crabanada\u201d, \u201cFini\u201d, e \u201cpirulito de Natal\u201d, al\u00e9m das cestinhas com sorvete sabor baunilha coberto por doces natalinos e a casquinha com borda recheada de granulado colorido, Chocoball e castanha.<\/p>\n\n\n\n<p>A Omma Beppi inovou, mais uma vez, nas coberturas da tradicional bolacha stroopwafel, com as op\u00e7\u00f5es de frutas cristalizadas, frutas vermelhas e uvas passas, ou com desenhos de temas natalinos, feitos com corante aliment\u00edcio. Para fixar as estrelas e \u00e1rvores de Natal, as bolachas recebem coberturas de chocolate meio amargo e branco, enfeitadas com glitter comest\u00edvel.<\/p>\n\n\n\n<p><strong>Servi\u00e7o<\/strong><br><strong>Natal de Holambra<\/strong><br>Data: de 25 de novembro a 18 de dezembro, de sexta a domingo<br>Hor\u00e1rio: sextas-feiras e s\u00e1bados, das 16h \u00e0s 24h, e aos domingos, das 16h \u00e0s 23h<br>Ingressos\u00a0&#8211; R$ 40,00 (meia-entrada) e R$ 80,00 (inteira), nas bilheterias, no site\u00a0<a href=\"http:\/\/www.ingressorapido.com.br\/\" target=\"_blank\" rel=\"noreferrer noopener\">www.ingressorapido.com.br<\/a>\u00a0ou com os representantes informados no site\u00a0<a href=\"http:\/\/www.nataldeholambra.com.br\/\" target=\"_blank\" rel=\"noreferrer noopener\">www.nataldeholambra.com.br<\/a><br>Informa\u00e7\u00f5es:\u00a0<a href=\"http:\/\/www.nataldeholambra.com.br\/\" target=\"_blank\" rel=\"noreferrer noopener\">www.nataldeholambra.com.br<\/a>\u00a0 e pelo telefone (19) 3802-1499<br>Patrocinador: Coca-Cola FEMSA Brasil &#8211; por meio da marca Coca-Cola Sem A\u00e7\u00facar &#8211; e cervejas premium Estrella Galicia e Therez\u00f3polis<br>Apoio: Banco do Brasil e Prefeitura da Est\u00e2ncia Tur\u00edstica de Holambra<\/p>\n\n\n\n<p>Quer ficar por Holambra para curtir mais? <strong><a href=\"https:\/\/www.booking.com\/searchresults.xb.html?city=-675839&amp;aid=2161834&amp;no_rooms=1&amp;group_adults=2\" target=\"_blank\" rel=\"noreferrer noopener\">Confira aqui op\u00e7\u00f5es de hospedagem.<\/a><\/strong><\/p>\n\n\n\n<p>Texto e fotos enviados por <strong>Ateli\u00ea da Not\u00edcia<\/strong><\/p>\n","protected":false},"excerpt":{"rendered":"<p>O evento acontece de 25 de novembro a 18 de dezembro de 2022, \u00e0s sextas e aos s\u00e1bados, das 16h \u00e0s 24h, e aos domingos, das 16h \u00e0s 23h. Holambra fica a 134 km da capital paulista. O Natal de Holambra est\u00e1 gerando 2.500 postos de trabalho e deve atrair cerca de 90 mil visitantes, [&hellip;]<\/p>\n","protected":false},"author":9,"featured_media":55935,"comment_status":"open","ping_status":"open","sticky":false,"template":"","format":"standard","meta":{"cybocfi_hide_featured_image":"","footnotes":""},"categories":[1436],"tags":[1505,214],"class_list":["post-55934","post","type-post","status-publish","format-standard","has-post-thumbnail","hentry","category-artes-cultura-diversao","tag-holambra","tag-natal"],"blocksy_meta":[],"yoast_head":"<!-- This site is optimized with the Yoast SEO plugin v26.3 - https:\/\/yoast.com\/wordpress\/plugins\/seo\/ -->\n<title>Natal de Holambra no Parque da Expoflora - Blog Quanto Custa Viajar<\/title>\n<meta name=\"robots\" content=\"index, follow, max-snippet:-1, max-image-preview:large, max-video-preview:-1\" \/>\n<link rel=\"canonical\" href=\"https:\/\/quantocustaviajar.com\/blog\/natal-de-holambra-no-parque-da-expoflora\/\" \/>\n<meta property=\"og:locale\" content=\"pt_BR\" \/>\n<meta property=\"og:type\" content=\"article\" \/>\n<meta property=\"og:title\" content=\"Natal de Holambra no Parque da Expoflora - Blog Quanto Custa Viajar\" \/>\n<meta property=\"og:description\" content=\"O evento acontece de 25 de novembro a 18 de dezembro de 2022, \u00e0s sextas e aos s\u00e1bados, das 16h \u00e0s 24h, e aos domingos, das 16h \u00e0s 23h. Holambra fica a 134 km da capital paulista. O Natal de Holambra est\u00e1 gerando 2.500 postos de trabalho e deve atrair cerca de 90 mil visitantes, [&hellip;]\" \/>\n<meta property=\"og:url\" content=\"https:\/\/quantocustaviajar.com\/blog\/natal-de-holambra-no-parque-da-expoflora\/\" \/>\n<meta property=\"og:site_name\" content=\"Blog Quanto Custa Viajar\" \/>\n<meta property=\"article:publisher\" content=\"https:\/\/www.facebook.com\/quantocustaviajar\" \/>\n<meta property=\"article:published_time\" content=\"2022-11-24T16:56:34+00:00\" \/>\n<meta property=\"article:modified_time\" content=\"2022-11-24T16:56:36+00:00\" \/>\n<meta property=\"og:image\" content=\"https:\/\/quantocustaviajar.com\/blog\/wp-content\/uploads\/2022\/11\/alameda-iluminada.jpg\" \/>\n\t<meta property=\"og:image:width\" content=\"1119\" \/>\n\t<meta property=\"og:image:height\" content=\"783\" \/>\n\t<meta property=\"og:image:type\" content=\"image\/jpeg\" \/>\n<meta name=\"author\" content=\"Reda\u00e7\u00e3o QCV\" \/>\n<meta name=\"twitter:card\" content=\"summary_large_image\" \/>\n<meta name=\"twitter:label1\" content=\"Escrito por\" \/>\n\t<meta name=\"twitter:data1\" content=\"Reda\u00e7\u00e3o QCV\" \/>\n\t<meta name=\"twitter:label2\" content=\"Est. tempo de leitura\" \/>\n\t<meta name=\"twitter:data2\" content=\"10 minutos\" \/>\n<!-- \/ Yoast SEO plugin. -->","yoast_head_json":{"title":"Natal de Holambra no Parque da Expoflora - Blog Quanto Custa Viajar","robots":{"index":"index","follow":"follow","max-snippet":"max-snippet:-1","max-image-preview":"max-image-preview:large","max-video-preview":"max-video-preview:-1"},"canonical":"https:\/\/quantocustaviajar.com\/blog\/natal-de-holambra-no-parque-da-expoflora\/","og_locale":"pt_BR","og_type":"article","og_title":"Natal de Holambra no Parque da Expoflora - Blog Quanto Custa Viajar","og_description":"O evento acontece de 25 de novembro a 18 de dezembro de 2022, \u00e0s sextas e aos s\u00e1bados, das 16h \u00e0s 24h, e aos domingos, das 16h \u00e0s 23h. Holambra fica a 134 km da capital paulista. O Natal de Holambra est\u00e1 gerando 2.500 postos de trabalho e deve atrair cerca de 90 mil visitantes, [&hellip;]","og_url":"https:\/\/quantocustaviajar.com\/blog\/natal-de-holambra-no-parque-da-expoflora\/","og_site_name":"Blog Quanto Custa Viajar","article_publisher":"https:\/\/www.facebook.com\/quantocustaviajar","article_published_time":"2022-11-24T16:56:34+00:00","article_modified_time":"2022-11-24T16:56:36+00:00","og_image":[{"width":1119,"height":783,"url":"https:\/\/quantocustaviajar.com\/blog\/wp-content\/uploads\/2022\/11\/alameda-iluminada.jpg","type":"image\/jpeg"}],"author":"Reda\u00e7\u00e3o QCV","twitter_card":"summary_large_image","twitter_misc":{"Escrito por":"Reda\u00e7\u00e3o QCV","Est. tempo de leitura":"10 minutos"},"schema":{"@context":"https:\/\/schema.org","@graph":[{"@type":["Article","BlogPosting"],"@id":"https:\/\/quantocustaviajar.com\/blog\/natal-de-holambra-no-parque-da-expoflora\/#article","isPartOf":{"@id":"https:\/\/quantocustaviajar.com\/blog\/natal-de-holambra-no-parque-da-expoflora\/"},"author":{"name":"Reda\u00e7\u00e3o QCV","@id":"https:\/\/quantocustaviajar.com\/blog\/#\/schema\/person\/b99c49b1272e2104cc84a5a84122b751"},"headline":"Natal de Holambra no Parque da Expoflora","datePublished":"2022-11-24T16:56:34+00:00","dateModified":"2022-11-24T16:56:36+00:00","mainEntityOfPage":{"@id":"https:\/\/quantocustaviajar.com\/blog\/natal-de-holambra-no-parque-da-expoflora\/"},"wordCount":1830,"commentCount":0,"publisher":{"@id":"https:\/\/quantocustaviajar.com\/blog\/#organization"},"image":{"@id":"https:\/\/quantocustaviajar.com\/blog\/natal-de-holambra-no-parque-da-expoflora\/#primaryimage"},"thumbnailUrl":"https:\/\/quantocustaviajar.com\/blog\/wp-content\/uploads\/2022\/11\/alameda-iluminada.jpg","keywords":["holambra","Natal"],"articleSection":["Artes, Cultura &amp; Divers\u00e3o"],"inLanguage":"pt-BR","potentialAction":[{"@type":"CommentAction","name":"Comment","target":["https:\/\/quantocustaviajar.com\/blog\/natal-de-holambra-no-parque-da-expoflora\/#respond"]}]},{"@type":"WebPage","@id":"https:\/\/quantocustaviajar.com\/blog\/natal-de-holambra-no-parque-da-expoflora\/","url":"https:\/\/quantocustaviajar.com\/blog\/natal-de-holambra-no-parque-da-expoflora\/","name":"Natal de Holambra no Parque da Expoflora - Blog Quanto Custa Viajar","isPartOf":{"@id":"https:\/\/quantocustaviajar.com\/blog\/#website"},"primaryImageOfPage":{"@id":"https:\/\/quantocustaviajar.com\/blog\/natal-de-holambra-no-parque-da-expoflora\/#primaryimage"},"image":{"@id":"https:\/\/quantocustaviajar.com\/blog\/natal-de-holambra-no-parque-da-expoflora\/#primaryimage"},"thumbnailUrl":"https:\/\/quantocustaviajar.com\/blog\/wp-content\/uploads\/2022\/11\/alameda-iluminada.jpg","datePublished":"2022-11-24T16:56:34+00:00","dateModified":"2022-11-24T16:56:36+00:00","breadcrumb":{"@id":"https:\/\/quantocustaviajar.com\/blog\/natal-de-holambra-no-parque-da-expoflora\/#breadcrumb"},"inLanguage":"pt-BR","potentialAction":[{"@type":"ReadAction","target":["https:\/\/quantocustaviajar.com\/blog\/natal-de-holambra-no-parque-da-expoflora\/"]}]},{"@type":"ImageObject","inLanguage":"pt-BR","@id":"https:\/\/quantocustaviajar.com\/blog\/natal-de-holambra-no-parque-da-expoflora\/#primaryimage","url":"https:\/\/quantocustaviajar.com\/blog\/wp-content\/uploads\/2022\/11\/alameda-iluminada.jpg","contentUrl":"https:\/\/quantocustaviajar.com\/blog\/wp-content\/uploads\/2022\/11\/alameda-iluminada.jpg","width":1119,"height":783,"caption":"Foto: Juliana Lazarini"},{"@type":"BreadcrumbList","@id":"https:\/\/quantocustaviajar.com\/blog\/natal-de-holambra-no-parque-da-expoflora\/#breadcrumb","itemListElement":[{"@type":"ListItem","position":1,"name":"In\u00edcio","item":"https:\/\/quantocustaviajar.com\/blog\/"},{"@type":"ListItem","position":2,"name":"Natal de Holambra no Parque da Expoflora"}]},{"@type":"WebSite","@id":"https:\/\/quantocustaviajar.com\/blog\/#website","url":"https:\/\/quantocustaviajar.com\/blog\/","name":"Blog Quanto Custa Viajar","description":"","publisher":{"@id":"https:\/\/quantocustaviajar.com\/blog\/#organization"},"potentialAction":[{"@type":"SearchAction","target":{"@type":"EntryPoint","urlTemplate":"https:\/\/quantocustaviajar.com\/blog\/?s={search_term_string}"},"query-input":{"@type":"PropertyValueSpecification","valueRequired":true,"valueName":"search_term_string"}}],"inLanguage":"pt-BR"},{"@type":"Organization","@id":"https:\/\/quantocustaviajar.com\/blog\/#organization","name":"Quanto Custa Viajar","url":"https:\/\/quantocustaviajar.com\/blog\/","logo":{"@type":"ImageObject","inLanguage":"pt-BR","@id":"https:\/\/quantocustaviajar.com\/blog\/#\/schema\/logo\/image\/","url":"","contentUrl":"","caption":"Quanto Custa Viajar"},"image":{"@id":"https:\/\/quantocustaviajar.com\/blog\/#\/schema\/logo\/image\/"},"sameAs":["https:\/\/www.facebook.com\/quantocustaviajar"]},{"@type":"Person","@id":"https:\/\/quantocustaviajar.com\/blog\/#\/schema\/person\/b99c49b1272e2104cc84a5a84122b751","name":"Reda\u00e7\u00e3o QCV","image":{"@type":"ImageObject","inLanguage":"pt-BR","@id":"https:\/\/quantocustaviajar.com\/blog\/#\/schema\/person\/image\/","url":"https:\/\/secure.gravatar.com\/avatar\/e7b47d7a4633897697c32e0a2a1ad3abd9ca142ad0d9b7897241c6115247561b?s=96&d=mm&r=g","contentUrl":"https:\/\/secure.gravatar.com\/avatar\/e7b47d7a4633897697c32e0a2a1ad3abd9ca142ad0d9b7897241c6115247561b?s=96&d=mm&r=g","caption":"Reda\u00e7\u00e3o QCV"},"url":"https:\/\/quantocustaviajar.com\/blog\/author\/redacao\/"}]}},"_links":{"self":[{"href":"https:\/\/quantocustaviajar.com\/blog\/wp-json\/wp\/v2\/posts\/55934","targetHints":{"allow":["GET"]}}],"collection":[{"href":"https:\/\/quantocustaviajar.com\/blog\/wp-json\/wp\/v2\/posts"}],"about":[{"href":"https:\/\/quantocustaviajar.com\/blog\/wp-json\/wp\/v2\/types\/post"}],"author":[{"embeddable":true,"href":"https:\/\/quantocustaviajar.com\/blog\/wp-json\/wp\/v2\/users\/9"}],"replies":[{"embeddable":true,"href":"https:\/\/quantocustaviajar.com\/blog\/wp-json\/wp\/v2\/comments?post=55934"}],"version-history":[{"count":1,"href":"https:\/\/quantocustaviajar.com\/blog\/wp-json\/wp\/v2\/posts\/55934\/revisions"}],"predecessor-version":[{"id":55939,"href":"https:\/\/quantocustaviajar.com\/blog\/wp-json\/wp\/v2\/posts\/55934\/revisions\/55939"}],"wp:featuredmedia":[{"embeddable":true,"href":"https:\/\/quantocustaviajar.com\/blog\/wp-json\/wp\/v2\/media\/55935"}],"wp:attachment":[{"href":"https:\/\/quantocustaviajar.com\/blog\/wp-json\/wp\/v2\/media?parent=55934"}],"wp:term":[{"taxonomy":"category","embeddable":true,"href":"https:\/\/quantocustaviajar.com\/blog\/wp-json\/wp\/v2\/categories?post=55934"},{"taxonomy":"post_tag","embeddable":true,"href":"https:\/\/quantocustaviajar.com\/blog\/wp-json\/wp\/v2\/tags?post=55934"}],"curies":[{"name":"wp","href":"https:\/\/api.w.org\/{rel}","templated":true}]}}