{"id":55679,"date":"2022-11-03T12:37:18","date_gmt":"2022-11-03T12:37:18","guid":{"rendered":"https:\/\/quantocustaviajar.com\/blog\/?p=55679"},"modified":"2022-11-03T12:37:20","modified_gmt":"2022-11-03T12:37:20","slug":"trem-da-imigracao","status":"publish","type":"post","link":"https:\/\/quantocustaviajar.com\/blog\/trem-da-imigracao\/","title":{"rendered":"Trem da Imigra\u00e7\u00e3o prop\u00f5e viagem tem\u00e1tica sobre trilhos do\u00a0RS"},"content":{"rendered":"\n<p>Quando o t\u00e9dio bater, que tal embarcar numa<strong> viagem tem\u00e1tica sobre trilhos do <a href=\"https:\/\/quantocustaviajar.com\/blog\/cidades-legais-para-conhecer-no-rio-grande-do-sul\/\">Rio Grande do Sul<\/a>?<\/strong> O Trem da Imigra\u00e7\u00e3o \u00e9 um passeio de temporada realizado uma vez por ano entre os munic\u00edpios de <strong>Colinas<\/strong> e <strong>Roca Sales<\/strong>. As 10 viagens acontecer\u00e3o nos dias <strong>4, 5 e 6 de novembro<\/strong> (sexta, s\u00e1bado e domingo).<\/p>\n\n\n\n<p>Multicultural, a regi\u00e3o foi principalmente colonizada por italianos e alem\u00e3es, que entram na programa\u00e7\u00e3o do passeio como destaques. Com o objetivo de valorizar o legado, o roteiro elaborada na Ferrovia Tronco Principal Sul teve sua estreia em 2020, em continua\u00e7\u00e3o ao <a href=\"https:\/\/quantocustaviajar.com\/blog\/viagens-de-trem-no-brasil\/\" target=\"_blank\" rel=\"noreferrer noopener\">Trem dos Vales<\/a>. Em seu retorno, passa a ser um produto \u00fanico, batizado como Trem da Imigra\u00e7\u00e3o.&nbsp;<\/p>\n\n\n\n<p>O trajeto de 17 quil\u00f4metros \u00e9 percorrido em uma hora com uma locomotiva diesel-el\u00e9trica (modelo G-12 General Purpouse). Os passageiros a bordo de 12 vag\u00f5es com decora\u00e7\u00e3o, m\u00fasica e atrativos diferenciados poder\u00e3o observar das janelas os morros \u00e0s margens do Rio Taquari, dois t\u00faneis e tr\u00eas viadutos comp\u00f5em o cen\u00e1rio da ferrovia, inaugurada em 1960.<\/p>\n\n\n\n<figure class=\"wp-block-image aligncenter size-full\"><img loading=\"lazy\" decoding=\"async\" width=\"1024\" height=\"683\" src=\"https:\/\/quantocustaviajar.com\/blog\/wp-content\/uploads\/2022\/11\/trem-tematico-rs.jpeg\" alt=\"\" class=\"wp-image-55681\" srcset=\"https:\/\/quantocustaviajar.com\/blog\/wp-content\/uploads\/2022\/11\/trem-tematico-rs.jpeg 1024w, https:\/\/quantocustaviajar.com\/blog\/wp-content\/uploads\/2022\/11\/trem-tematico-rs-300x200.jpeg 300w, https:\/\/quantocustaviajar.com\/blog\/wp-content\/uploads\/2022\/11\/trem-tematico-rs-768x512.jpeg 768w\" sizes=\"auto, (max-width: 1024px) 100vw, 1024px\" \/><\/figure>\n\n\n\n<p>A programa\u00e7\u00e3o marca para a sexta-feira, dia 4, passeio dedicado \u00e0s fam\u00edlias, com momentos de divers\u00e3o e a participa\u00e7\u00e3o especial do Papai Noel e dos personagens \u201cA Menina Flor\u201d e \u201cO Jardineiro Encantado\u201d.<\/p>\n\n\n\n<p>J\u00e1 no s\u00e1bado e domingo, al\u00e9m do espa\u00e7o tur\u00edstico, o Trem da Imigra\u00e7\u00e3o tamb\u00e9m ter\u00e1 a classe germ\u00e2nica (com atra\u00e7\u00f5es especiais e <strong>chope liberado durante o passeio<\/strong> para os passageiros que comprarem bilhetes para esse vag\u00e3o) e classe Italiana (com atra\u00e7\u00f5es especiais e vinho liberado durante o passeio para aos passageiros que comprarem bilhetes para esse vag\u00e3o).<\/p>\n\n\n\n<p>Segundo os organizadores, a cidade de Roca Sales vai realizar o Campeonato Ga\u00facho de Moton\u00e1utica e Jetski no Parque N\u00e1utico e, em Colinas, vai ocorrer o Festival da Primavera, concomitantemente com as datas dos passeios, expandindo os atrativos regionais.\u00a0<\/p>\n\n\n\n<figure class=\"wp-block-image aligncenter size-full\"><img loading=\"lazy\" decoding=\"async\" width=\"800\" height=\"599\" src=\"https:\/\/quantocustaviajar.com\/blog\/wp-content\/uploads\/2022\/11\/Colinas-RS.jpeg\" alt=\"\" class=\"wp-image-55684\" srcset=\"https:\/\/quantocustaviajar.com\/blog\/wp-content\/uploads\/2022\/11\/Colinas-RS.jpeg 800w, https:\/\/quantocustaviajar.com\/blog\/wp-content\/uploads\/2022\/11\/Colinas-RS-300x225.jpeg 300w, https:\/\/quantocustaviajar.com\/blog\/wp-content\/uploads\/2022\/11\/Colinas-RS-768x575.jpeg 768w\" sizes=\"auto, (max-width: 800px) 100vw, 800px\" \/><figcaption>A charmosa Colinas, no RS<\/figcaption><\/figure>\n\n\n\n<h2 class=\"wp-block-heading\"><strong>Hor\u00e1rios e bilhetes<\/strong><\/h2>\n\n\n\n<p>Na sexta-feira, dia 4, o passeio ocorrer\u00e1 somente na parte da tarde, saindo \u00e0s 14h30min de Colinas a Roca Sales e \u00e0s 16h30min de Roca Sales a Colinas. J\u00e1 no s\u00e1bado e domingo (dias 5 e 6), os passeios ter\u00e3o quatro hor\u00e1rios de sa\u00eddas: de Colinas a Roca Sales, \u00e0s 9h e \u00e0s 14h30min, e de Roca Sales a Colinas, \u00e0s 11h e \u00e0s 16h30min.<\/p>\n\n\n\n<p>Nos dois percursos, o retorno dos passageiros aos munic\u00edpios de partida dos trens acontece por meio de transporte rodovi\u00e1rio. <\/p>\n\n\n\n<p>A proje\u00e7\u00e3o da organiza\u00e7\u00e3o \u00e9 de que tr\u00eas mil visitantes realizem os passeios, sendo que 30% dos bilhetes j\u00e1 foram comercializados. O valor do passeio por pessoa \u00e9 de R$ 95,00 (classe tur\u00edstica) e R$ 129,00 (classes germ\u00e2nica e italiana) e os bilhetes est\u00e3o \u00e0 venda no site <a href=\"http:\/\/www.tremdaimigracao.com.br\/\" rel=\"noreferrer noopener\" target=\"_blank\">www.tremdaimigracao.com.br<\/a> ou pelo telefone\/whats (47) 3307\u20139977.<\/p>\n\n\n\n<p>O Trem da Imigra\u00e7\u00e3o \u00e9 uma iniciativa da Associa\u00e7\u00e3o Brasileira de Preserva\u00e7\u00e3o Ferrovi\u00e1ria (ABPF), em parceria com a Associa\u00e7\u00e3o dos Munic\u00edpios de Turismo da Regi\u00e3o dos Vales (Amturvales) e apoio e coopera\u00e7\u00e3o da Rumo Log\u00edstica.<\/p>\n\n\n\n<p><strong><em>Cr\u00e9ditos Fotos: Ang\u00e9lica Pott<\/em><\/strong><\/p>\n\n\n\n<figure class=\"wp-block-image aligncenter size-large\"><img loading=\"lazy\" decoding=\"async\" width=\"1024\" height=\"682\" src=\"https:\/\/quantocustaviajar.com\/blog\/wp-content\/uploads\/2022\/11\/trem-da-imigrac\u0327a\u0303o-rs-1024x682.jpg\" alt=\"\" class=\"wp-image-55685\" srcset=\"https:\/\/quantocustaviajar.com\/blog\/wp-content\/uploads\/2022\/11\/trem-da-imigrac\u0327a\u0303o-rs-1024x682.jpg 1024w, https:\/\/quantocustaviajar.com\/blog\/wp-content\/uploads\/2022\/11\/trem-da-imigrac\u0327a\u0303o-rs-300x200.jpg 300w, https:\/\/quantocustaviajar.com\/blog\/wp-content\/uploads\/2022\/11\/trem-da-imigrac\u0327a\u0303o-rs-768x512.jpg 768w, https:\/\/quantocustaviajar.com\/blog\/wp-content\/uploads\/2022\/11\/trem-da-imigrac\u0327a\u0303o-rs-1536x1024.jpg 1536w, https:\/\/quantocustaviajar.com\/blog\/wp-content\/uploads\/2022\/11\/trem-da-imigrac\u0327a\u0303o-rs-2048x1365.jpg 2048w, https:\/\/quantocustaviajar.com\/blog\/wp-content\/uploads\/2022\/11\/trem-da-imigrac\u0327a\u0303o-rs-1920x1279.jpg 1920w\" sizes=\"auto, (max-width: 1024px) 100vw, 1024px\" \/><\/figure>\n\n\n\n<h3 class=\"wp-block-heading\"><a href=\"https:\/\/www.booking.com\/index.pt-br.html?aid=2161834\" target=\"_blank\" rel=\"noreferrer noopener\">Precisa de hospedagem? Confira os pre\u00e7os aqui!<\/a><\/h3>\n\n\n\n<figure class=\"wp-block-image aligncenter size-full\"><img loading=\"lazy\" decoding=\"async\" width=\"800\" height=\"600\" src=\"https:\/\/quantocustaviajar.com\/blog\/wp-content\/uploads\/2022\/11\/Roca_Sales-RS.jpeg\" alt=\"\" class=\"wp-image-55683\" srcset=\"https:\/\/quantocustaviajar.com\/blog\/wp-content\/uploads\/2022\/11\/Roca_Sales-RS.jpeg 800w, https:\/\/quantocustaviajar.com\/blog\/wp-content\/uploads\/2022\/11\/Roca_Sales-RS-300x225.jpeg 300w, https:\/\/quantocustaviajar.com\/blog\/wp-content\/uploads\/2022\/11\/Roca_Sales-RS-768x576.jpeg 768w\" sizes=\"auto, (max-width: 800px) 100vw, 800px\" \/><figcaption>Roca Sales, uma das cidades do percurso<\/figcaption><\/figure>\n","protected":false},"excerpt":{"rendered":"<p>Quando o t\u00e9dio bater, que tal embarcar numa viagem tem\u00e1tica sobre trilhos do Rio Grande do Sul? O Trem da Imigra\u00e7\u00e3o \u00e9 um passeio de temporada realizado uma vez por ano entre os munic\u00edpios de Colinas e Roca Sales. As 10 viagens acontecer\u00e3o nos dias 4, 5 e 6 de novembro (sexta, s\u00e1bado e domingo). [&hellip;]<\/p>\n","protected":false},"author":4,"featured_media":55682,"comment_status":"open","ping_status":"open","sticky":false,"template":"","format":"standard","meta":{"cybocfi_hide_featured_image":"","footnotes":""},"categories":[1436],"tags":[266,933,211,529,321,644,1115],"class_list":["post-55679","post","type-post","status-publish","format-standard","has-post-thumbnail","hentry","category-artes-cultura-diversao","tag-brasil","tag-imigracao","tag-o-que-fazer","tag-onde-ir","tag-passeios","tag-tematico","tag-viagem-de-trem"],"blocksy_meta":[],"yoast_head":"<!-- This site is optimized with the Yoast SEO plugin v26.3 - https:\/\/yoast.com\/wordpress\/plugins\/seo\/ -->\n<title>Trem da Imigra\u00e7\u00e3o prop\u00f5e viagem tem\u00e1tica sobre trilhos do\u00a0RS<\/title>\n<meta name=\"description\" content=\"Que tal embarcar numa viagem tem\u00e1tica sobre trilhos do Rio Grande do Sul? O Trem da Imigra\u00e7\u00e3o acontece nos dias 4, 5 e 6 de novembro. Reserve!\" \/>\n<meta name=\"robots\" content=\"index, follow, max-snippet:-1, max-image-preview:large, max-video-preview:-1\" \/>\n<link rel=\"canonical\" href=\"https:\/\/quantocustaviajar.com\/blog\/trem-da-imigracao\/\" \/>\n<meta property=\"og:locale\" content=\"pt_BR\" \/>\n<meta property=\"og:type\" content=\"article\" \/>\n<meta property=\"og:title\" content=\"Trem da Imigra\u00e7\u00e3o prop\u00f5e viagem tem\u00e1tica sobre trilhos do\u00a0RS\" \/>\n<meta property=\"og:description\" content=\"Que tal embarcar numa viagem tem\u00e1tica sobre trilhos do Rio Grande do Sul? O Trem da Imigra\u00e7\u00e3o acontece nos dias 4, 5 e 6 de novembro. Reserve!\" \/>\n<meta property=\"og:url\" content=\"https:\/\/quantocustaviajar.com\/blog\/trem-da-imigracao\/\" \/>\n<meta property=\"og:site_name\" content=\"Blog Quanto Custa Viajar\" \/>\n<meta property=\"article:publisher\" content=\"https:\/\/www.facebook.com\/quantocustaviajar\" \/>\n<meta property=\"article:author\" content=\"https:\/\/www.facebook.com\/brunellapfvr\/posts\" \/>\n<meta property=\"article:published_time\" content=\"2022-11-03T12:37:18+00:00\" \/>\n<meta property=\"article:modified_time\" content=\"2022-11-03T12:37:20+00:00\" \/>\n<meta property=\"og:image\" content=\"https:\/\/quantocustaviajar.com\/blog\/wp-content\/uploads\/2022\/11\/passeio-de-trem-tematico.jpeg\" \/>\n\t<meta property=\"og:image:width\" content=\"1024\" \/>\n\t<meta property=\"og:image:height\" content=\"682\" \/>\n\t<meta property=\"og:image:type\" content=\"image\/jpeg\" \/>\n<meta name=\"author\" content=\"Brunella Nunes\" \/>\n<meta name=\"twitter:card\" content=\"summary_large_image\" \/>\n<meta name=\"twitter:label1\" content=\"Escrito por\" \/>\n\t<meta name=\"twitter:data1\" content=\"Brunella Nunes\" \/>\n\t<meta name=\"twitter:label2\" content=\"Est. tempo de leitura\" \/>\n\t<meta name=\"twitter:data2\" content=\"4 minutos\" \/>\n<!-- \/ Yoast SEO plugin. -->","yoast_head_json":{"title":"Trem da Imigra\u00e7\u00e3o prop\u00f5e viagem tem\u00e1tica sobre trilhos do\u00a0RS","description":"Que tal embarcar numa viagem tem\u00e1tica sobre trilhos do Rio Grande do Sul? O Trem da Imigra\u00e7\u00e3o acontece nos dias 4, 5 e 6 de novembro. Reserve!","robots":{"index":"index","follow":"follow","max-snippet":"max-snippet:-1","max-image-preview":"max-image-preview:large","max-video-preview":"max-video-preview:-1"},"canonical":"https:\/\/quantocustaviajar.com\/blog\/trem-da-imigracao\/","og_locale":"pt_BR","og_type":"article","og_title":"Trem da Imigra\u00e7\u00e3o prop\u00f5e viagem tem\u00e1tica sobre trilhos do\u00a0RS","og_description":"Que tal embarcar numa viagem tem\u00e1tica sobre trilhos do Rio Grande do Sul? O Trem da Imigra\u00e7\u00e3o acontece nos dias 4, 5 e 6 de novembro. Reserve!","og_url":"https:\/\/quantocustaviajar.com\/blog\/trem-da-imigracao\/","og_site_name":"Blog Quanto Custa Viajar","article_publisher":"https:\/\/www.facebook.com\/quantocustaviajar","article_author":"https:\/\/www.facebook.com\/brunellapfvr\/posts","article_published_time":"2022-11-03T12:37:18+00:00","article_modified_time":"2022-11-03T12:37:20+00:00","og_image":[{"width":1024,"height":682,"url":"https:\/\/quantocustaviajar.com\/blog\/wp-content\/uploads\/2022\/11\/passeio-de-trem-tematico.jpeg","type":"image\/jpeg"}],"author":"Brunella Nunes","twitter_card":"summary_large_image","twitter_misc":{"Escrito por":"Brunella Nunes","Est. tempo de leitura":"4 minutos"},"schema":{"@context":"https:\/\/schema.org","@graph":[{"@type":["Article","BlogPosting"],"@id":"https:\/\/quantocustaviajar.com\/blog\/trem-da-imigracao\/#article","isPartOf":{"@id":"https:\/\/quantocustaviajar.com\/blog\/trem-da-imigracao\/"},"author":{"name":"Brunella Nunes","@id":"https:\/\/quantocustaviajar.com\/blog\/#\/schema\/person\/1a6dd3da9d0c0a4be42652b67bea19bb"},"headline":"Trem da Imigra\u00e7\u00e3o prop\u00f5e viagem tem\u00e1tica sobre trilhos do\u00a0RS","datePublished":"2022-11-03T12:37:18+00:00","dateModified":"2022-11-03T12:37:20+00:00","mainEntityOfPage":{"@id":"https:\/\/quantocustaviajar.com\/blog\/trem-da-imigracao\/"},"wordCount":559,"commentCount":0,"publisher":{"@id":"https:\/\/quantocustaviajar.com\/blog\/#organization"},"image":{"@id":"https:\/\/quantocustaviajar.com\/blog\/trem-da-imigracao\/#primaryimage"},"thumbnailUrl":"https:\/\/quantocustaviajar.com\/blog\/wp-content\/uploads\/2022\/11\/passeio-de-trem-tematico.jpeg","keywords":["Brasil","imigra\u00e7\u00e3o","o que fazer","onde ir","passeios","tem\u00e1tico","viagem de trem"],"articleSection":["Artes, Cultura &amp; Divers\u00e3o"],"inLanguage":"pt-BR","potentialAction":[{"@type":"CommentAction","name":"Comment","target":["https:\/\/quantocustaviajar.com\/blog\/trem-da-imigracao\/#respond"]}]},{"@type":"WebPage","@id":"https:\/\/quantocustaviajar.com\/blog\/trem-da-imigracao\/","url":"https:\/\/quantocustaviajar.com\/blog\/trem-da-imigracao\/","name":"Trem da Imigra\u00e7\u00e3o prop\u00f5e viagem tem\u00e1tica sobre trilhos do\u00a0RS","isPartOf":{"@id":"https:\/\/quantocustaviajar.com\/blog\/#website"},"primaryImageOfPage":{"@id":"https:\/\/quantocustaviajar.com\/blog\/trem-da-imigracao\/#primaryimage"},"image":{"@id":"https:\/\/quantocustaviajar.com\/blog\/trem-da-imigracao\/#primaryimage"},"thumbnailUrl":"https:\/\/quantocustaviajar.com\/blog\/wp-content\/uploads\/2022\/11\/passeio-de-trem-tematico.jpeg","datePublished":"2022-11-03T12:37:18+00:00","dateModified":"2022-11-03T12:37:20+00:00","description":"Que tal embarcar numa viagem tem\u00e1tica sobre trilhos do Rio Grande do Sul? O Trem da Imigra\u00e7\u00e3o acontece nos dias 4, 5 e 6 de novembro. Reserve!","breadcrumb":{"@id":"https:\/\/quantocustaviajar.com\/blog\/trem-da-imigracao\/#breadcrumb"},"inLanguage":"pt-BR","potentialAction":[{"@type":"ReadAction","target":["https:\/\/quantocustaviajar.com\/blog\/trem-da-imigracao\/"]}]},{"@type":"ImageObject","inLanguage":"pt-BR","@id":"https:\/\/quantocustaviajar.com\/blog\/trem-da-imigracao\/#primaryimage","url":"https:\/\/quantocustaviajar.com\/blog\/wp-content\/uploads\/2022\/11\/passeio-de-trem-tematico.jpeg","contentUrl":"https:\/\/quantocustaviajar.com\/blog\/wp-content\/uploads\/2022\/11\/passeio-de-trem-tematico.jpeg","width":1024,"height":682},{"@type":"BreadcrumbList","@id":"https:\/\/quantocustaviajar.com\/blog\/trem-da-imigracao\/#breadcrumb","itemListElement":[{"@type":"ListItem","position":1,"name":"In\u00edcio","item":"https:\/\/quantocustaviajar.com\/blog\/"},{"@type":"ListItem","position":2,"name":"Trem da Imigra\u00e7\u00e3o prop\u00f5e viagem tem\u00e1tica sobre trilhos do\u00a0RS"}]},{"@type":"WebSite","@id":"https:\/\/quantocustaviajar.com\/blog\/#website","url":"https:\/\/quantocustaviajar.com\/blog\/","name":"Blog Quanto Custa Viajar","description":"","publisher":{"@id":"https:\/\/quantocustaviajar.com\/blog\/#organization"},"potentialAction":[{"@type":"SearchAction","target":{"@type":"EntryPoint","urlTemplate":"https:\/\/quantocustaviajar.com\/blog\/?s={search_term_string}"},"query-input":{"@type":"PropertyValueSpecification","valueRequired":true,"valueName":"search_term_string"}}],"inLanguage":"pt-BR"},{"@type":"Organization","@id":"https:\/\/quantocustaviajar.com\/blog\/#organization","name":"Quanto Custa Viajar","url":"https:\/\/quantocustaviajar.com\/blog\/","logo":{"@type":"ImageObject","inLanguage":"pt-BR","@id":"https:\/\/quantocustaviajar.com\/blog\/#\/schema\/logo\/image\/","url":"","contentUrl":"","caption":"Quanto Custa Viajar"},"image":{"@id":"https:\/\/quantocustaviajar.com\/blog\/#\/schema\/logo\/image\/"},"sameAs":["https:\/\/www.facebook.com\/quantocustaviajar"]},{"@type":"Person","@id":"https:\/\/quantocustaviajar.com\/blog\/#\/schema\/person\/1a6dd3da9d0c0a4be42652b67bea19bb","name":"Brunella Nunes","image":{"@type":"ImageObject","inLanguage":"pt-BR","@id":"https:\/\/quantocustaviajar.com\/blog\/#\/schema\/person\/image\/","url":"https:\/\/secure.gravatar.com\/avatar\/05b28dfb8a3cc7ee0dba6feefa5677f05be6d7bf4b017728fd38499092f9c282?s=96&d=mm&r=g","contentUrl":"https:\/\/secure.gravatar.com\/avatar\/05b28dfb8a3cc7ee0dba6feefa5677f05be6d7bf4b017728fd38499092f9c282?s=96&d=mm&r=g","caption":"Brunella Nunes"},"description":"Quando n\u00e3o est\u00e1 viajando pelo mundo, est\u00e1 viajando nas ideias.","sameAs":["https:\/\/www.facebook.com\/brunellapfvr\/posts","https:\/\/www.linkedin.com\/in\/brunellanunes\/"],"url":"https:\/\/quantocustaviajar.com\/blog\/author\/equipe\/"}]}},"_links":{"self":[{"href":"https:\/\/quantocustaviajar.com\/blog\/wp-json\/wp\/v2\/posts\/55679","targetHints":{"allow":["GET"]}}],"collection":[{"href":"https:\/\/quantocustaviajar.com\/blog\/wp-json\/wp\/v2\/posts"}],"about":[{"href":"https:\/\/quantocustaviajar.com\/blog\/wp-json\/wp\/v2\/types\/post"}],"author":[{"embeddable":true,"href":"https:\/\/quantocustaviajar.com\/blog\/wp-json\/wp\/v2\/users\/4"}],"replies":[{"embeddable":true,"href":"https:\/\/quantocustaviajar.com\/blog\/wp-json\/wp\/v2\/comments?post=55679"}],"version-history":[{"count":3,"href":"https:\/\/quantocustaviajar.com\/blog\/wp-json\/wp\/v2\/posts\/55679\/revisions"}],"predecessor-version":[{"id":55705,"href":"https:\/\/quantocustaviajar.com\/blog\/wp-json\/wp\/v2\/posts\/55679\/revisions\/55705"}],"wp:featuredmedia":[{"embeddable":true,"href":"https:\/\/quantocustaviajar.com\/blog\/wp-json\/wp\/v2\/media\/55682"}],"wp:attachment":[{"href":"https:\/\/quantocustaviajar.com\/blog\/wp-json\/wp\/v2\/media?parent=55679"}],"wp:term":[{"taxonomy":"category","embeddable":true,"href":"https:\/\/quantocustaviajar.com\/blog\/wp-json\/wp\/v2\/categories?post=55679"},{"taxonomy":"post_tag","embeddable":true,"href":"https:\/\/quantocustaviajar.com\/blog\/wp-json\/wp\/v2\/tags?post=55679"}],"curies":[{"name":"wp","href":"https:\/\/api.w.org\/{rel}","templated":true}]}}