{"id":55546,"date":"2022-12-28T14:27:00","date_gmt":"2022-12-28T14:27:00","guid":{"rendered":"https:\/\/quantocustaviajar.com\/blog\/?p=55546"},"modified":"2022-12-29T14:02:48","modified_gmt":"2022-12-29T14:02:48","slug":"restaurantes-e-cafes-classicos-em-sao-paulo","status":"publish","type":"post","link":"https:\/\/quantocustaviajar.com\/blog\/restaurantes-e-cafes-classicos-em-sao-paulo\/","title":{"rendered":"Restaurantes e caf\u00e9s cl\u00e1ssicos em S\u00e3o Paulo"},"content":{"rendered":"\n<p>&#8220;<em>Ah, se eu pudesse voltar no tempo&#8230;<\/em>&#8220;. Nos <strong>restaurantes e caf\u00e9s cl\u00e1ssicos em S\u00e3o Paulo<\/strong>, voc\u00ea at\u00e9 pode. Com ambientes permeados por tradicionalismo e nostalgia, os endere\u00e7os antigos da capital ainda despertam o interesse de novos olhares. Com algumas mudan\u00e7as, \u00e9 claro, muitos estabelecimentos da cidade seguem no mesmo endere\u00e7o dos tempos \u00e1ureos. <\/p>\n\n\n\n<p>Foi em meados do s\u00e9culo 19 que o Centro de S\u00e3o Paulo come\u00e7ou a ganhar boa parte de seus com\u00e9rcios, que at\u00e9 hoje mant\u00eam as portas abertas. S\u00e3o mercearias, panificadoras, cafeterias e restaurantes, cada qual com sua fama, frequentados ao longo de d\u00e9cadas por fam\u00edlias e turistas. <\/p>\n\n\n\n<h2 class=\"wp-block-heading\">Restaurantes e caf\u00e9s cl\u00e1ssicos em S\u00e3o Paulo<\/h2>\n\n\n\n<h2 class=\"wp-block-heading\"><\/h2>\n\n\n\n<ul class=\"wp-block-list\"><li><strong>Hamburgueria do Seu Oswaldo<br><\/strong><em>R. Bom Pastor, 1659 &#8211; Ipiranga<\/em><\/li><\/ul>\n\n\n\n<p>O primeiro da lista de restaurantes e caf\u00e9s cl\u00e1ssicos em S\u00e3o Paulo \u00e9 uma hamburgueria que foi fundada em 1966 por Oswaldo Paolicchi (1930-2008), \u00e9 uma das primeiras hamburguerias de S\u00e3o Paulo, sendo auto declaradamente a primeira a criar um molho de tomate para acompanhar os lanches. Maionese e hamb\u00farguer s\u00e3o caseiros, e a receita dessas del\u00edcias \u00e9 guardada a sete chaves pelos funcion\u00e1rios. <\/p>\n\n\n\n<p>Os lanches s\u00e3o servidos em pratos coloridos de pl\u00e1stico e as bebidas com gostinho de nostalgia: nas garrafas KS ou em copos de refresco. N\u00e3o h\u00e1 venda de acompanhamentos, como batatas fritas, ou por\u00e7\u00f5es, mas isso n\u00e3o \u00e9 problema para degustar um lanche saboroso e cheio de hist\u00f3ria. Seu Oswaldo \u00e9 um ponto t\u00e3o famoso no bairro que costuma a ter fila na porta aos finais de semana. <\/p>\n\n\n\n<figure class=\"wp-block-gallery has-nested-images columns-default is-cropped wp-block-gallery-1 is-layout-flex wp-block-gallery-is-layout-flex\">\n<figure class=\"wp-block-image size-large\"><img loading=\"lazy\" decoding=\"async\" width=\"1440\" height=\"1440\" data-id=\"56265\" src=\"https:\/\/quantocustaviajar.com\/blog\/wp-content\/uploads\/2022\/12\/hamburguer-do-seu-oswaldo.jpeg\" alt=\"\" class=\"wp-image-56265\" srcset=\"https:\/\/quantocustaviajar.com\/blog\/wp-content\/uploads\/2022\/12\/hamburguer-do-seu-oswaldo.jpeg 1440w, https:\/\/quantocustaviajar.com\/blog\/wp-content\/uploads\/2022\/12\/hamburguer-do-seu-oswaldo-300x300.jpeg 300w, https:\/\/quantocustaviajar.com\/blog\/wp-content\/uploads\/2022\/12\/hamburguer-do-seu-oswaldo-1024x1024.jpeg 1024w, https:\/\/quantocustaviajar.com\/blog\/wp-content\/uploads\/2022\/12\/hamburguer-do-seu-oswaldo-150x150.jpeg 150w, https:\/\/quantocustaviajar.com\/blog\/wp-content\/uploads\/2022\/12\/hamburguer-do-seu-oswaldo-768x768.jpeg 768w\" sizes=\"auto, (max-width: 1440px) 100vw, 1440px\" \/><figcaption>Foto: divulga\u00e7\u00e3o<\/figcaption><\/figure>\n\n\n\n<figure class=\"wp-block-image size-large\"><img loading=\"lazy\" decoding=\"async\" width=\"1440\" height=\"1440\" data-id=\"56266\" src=\"https:\/\/quantocustaviajar.com\/blog\/wp-content\/uploads\/2022\/12\/seu-oswaldo.jpeg\" alt=\"\" class=\"wp-image-56266\" srcset=\"https:\/\/quantocustaviajar.com\/blog\/wp-content\/uploads\/2022\/12\/seu-oswaldo.jpeg 1440w, https:\/\/quantocustaviajar.com\/blog\/wp-content\/uploads\/2022\/12\/seu-oswaldo-300x300.jpeg 300w, https:\/\/quantocustaviajar.com\/blog\/wp-content\/uploads\/2022\/12\/seu-oswaldo-1024x1024.jpeg 1024w, https:\/\/quantocustaviajar.com\/blog\/wp-content\/uploads\/2022\/12\/seu-oswaldo-150x150.jpeg 150w, https:\/\/quantocustaviajar.com\/blog\/wp-content\/uploads\/2022\/12\/seu-oswaldo-768x768.jpeg 768w\" sizes=\"auto, (max-width: 1440px) 100vw, 1440px\" \/><figcaption>Foto: divulga\u00e7\u00e3o<\/figcaption><\/figure>\n<\/figure>\n\n\n\n<ul class=\"wp-block-list\"><li><strong>Caf\u00e9 Girondino<br><\/strong><em>Rua Boa Vista, 365 &#8211; Centro<\/em><\/li><\/ul>\n\n\n\n<p>Uma institui\u00e7\u00e3o paulistana. Assim se define o Caf\u00e9 Girondino, inaugurado em 1998 com o mesmo nome de um famoso bar e charuaria que existiu na Pra\u00e7a da S\u00e9 em meados de 1910, segundo imagens hist\u00f3ricas. Com vista para o Mosteiro S\u00e3o Bento, o charmoso restaurante na esquina da rua Boa Vista, serve, al\u00e9m do caf\u00e9 da manh\u00e3, doces e salgados a qualquer hora do dia. S\u00e3o servidos almo\u00e7o e jantar, e tamb\u00e9m \u00e9 uma boa op\u00e7\u00e3o para um happy hour com os amigos.<\/p>\n\n\n\n<figure class=\"wp-block-image aligncenter size-full\"><img loading=\"lazy\" decoding=\"async\" width=\"564\" height=\"940\" src=\"https:\/\/quantocustaviajar.com\/blog\/wp-content\/uploads\/2022\/12\/cafe-girondino.jpeg\" alt=\"\" class=\"wp-image-56267\" srcset=\"https:\/\/quantocustaviajar.com\/blog\/wp-content\/uploads\/2022\/12\/cafe-girondino.jpeg 564w, https:\/\/quantocustaviajar.com\/blog\/wp-content\/uploads\/2022\/12\/cafe-girondino-180x300.jpeg 180w\" sizes=\"auto, (max-width: 564px) 100vw, 564px\" \/><\/figure>\n\n\n\n<figure class=\"wp-block-image aligncenter size-large\"><img loading=\"lazy\" decoding=\"async\" width=\"1024\" height=\"683\" src=\"https:\/\/quantocustaviajar.com\/blog\/wp-content\/uploads\/2022\/12\/cafe-girondinosp-1024x683.jpeg\" alt=\"\" class=\"wp-image-56268\" srcset=\"https:\/\/quantocustaviajar.com\/blog\/wp-content\/uploads\/2022\/12\/cafe-girondinosp-1024x683.jpeg 1024w, https:\/\/quantocustaviajar.com\/blog\/wp-content\/uploads\/2022\/12\/cafe-girondinosp-300x200.jpeg 300w, https:\/\/quantocustaviajar.com\/blog\/wp-content\/uploads\/2022\/12\/cafe-girondinosp-768x512.jpeg 768w, https:\/\/quantocustaviajar.com\/blog\/wp-content\/uploads\/2022\/12\/cafe-girondinosp.jpeg 1440w\" sizes=\"auto, (max-width: 1024px) 100vw, 1024px\" \/><figcaption>Foto: divulga\u00e7\u00e3o<\/figcaption><\/figure>\n\n\n\n<ul class=\"wp-block-list\"><li><strong>Ponto Chic<br><\/strong><em>Largo do Paissandu, 27 &#8211; Rep\u00fablica<\/em><\/li><\/ul>\n\n\n\n<ul class=\"wp-block-list\"><li>Outras unidades: <em>Ponto Chic Perdizes -Largo Padre P\u00e9ricles 139<br>Ponto Chic Para\u00edso &#8211; Pra\u00e7a Oswaldo Cruz, 26<br>Ponto Chic Brooklin\/Morumbi (Exclusiva para delivery) &#8211; Rua Guararapes, 218 <\/em><\/li><\/ul>\n\n\n\n<p>O Ponto Chic \u00e9 um dos bares mais tradicionais de S\u00e3o Paulo, com 100 anos de exist\u00eancia e hist\u00f3ria e sua inaugura\u00e7\u00e3o no Largo do Paissandu, coincidiu com a Semana de Arte Moderna, em 1922.Os alunos da Faculdade de Direito do Largo S\u00e3o Francisco se tornaram ass\u00edduos frequentadores. <\/p>\n\n\n\n<p>Casimiro Pinto Neto, o Bauru, aluno da faculdade, que tinha esse apelido por ser da cidade de Bauru, foi o respons\u00e1vel pela inven\u00e7\u00e3o do sandu\u00edche que levou seu nome (1937), O Famoso Bauru e at\u00e9 hoje o Ponto Chic mant\u00e9m sua receita original, que em 2022 completou 80 anos.<\/p>\n\n\n\n<p>As 4 lojas (Paissandu, Perdizes, Para\u00edso e Brooklin\/Morumbi) possuem um card\u00e1pio variado com lanches, por\u00e7\u00f5es e pratos tradicionais da cultura paulista.<\/p>\n\n\n\n<figure class=\"wp-block-gallery has-nested-images columns-default is-cropped wp-block-gallery-2 is-layout-flex wp-block-gallery-is-layout-flex\">\n<figure class=\"wp-block-image size-large\"><img loading=\"lazy\" decoding=\"async\" width=\"1440\" height=\"1062\" data-id=\"56272\" src=\"https:\/\/quantocustaviajar.com\/blog\/wp-content\/uploads\/2022\/12\/ponto-chic-1.jpeg\" alt=\"\" class=\"wp-image-56272\" srcset=\"https:\/\/quantocustaviajar.com\/blog\/wp-content\/uploads\/2022\/12\/ponto-chic-1.jpeg 1440w, https:\/\/quantocustaviajar.com\/blog\/wp-content\/uploads\/2022\/12\/ponto-chic-1-300x221.jpeg 300w, https:\/\/quantocustaviajar.com\/blog\/wp-content\/uploads\/2022\/12\/ponto-chic-1-1024x755.jpeg 1024w, https:\/\/quantocustaviajar.com\/blog\/wp-content\/uploads\/2022\/12\/ponto-chic-1-768x566.jpeg 768w\" sizes=\"auto, (max-width: 1440px) 100vw, 1440px\" \/><figcaption>O bauru mais cl\u00e1ssico de S\u00e3o Paulo. Foto: divulga\u00e7\u00e3o<\/figcaption><\/figure>\n\n\n\n<figure class=\"wp-block-image size-large\"><img loading=\"lazy\" decoding=\"async\" width=\"1440\" height=\"755\" data-id=\"56271\" src=\"https:\/\/quantocustaviajar.com\/blog\/wp-content\/uploads\/2022\/12\/ponto-chic.jpeg\" alt=\"\" class=\"wp-image-56271\" srcset=\"https:\/\/quantocustaviajar.com\/blog\/wp-content\/uploads\/2022\/12\/ponto-chic.jpeg 1440w, https:\/\/quantocustaviajar.com\/blog\/wp-content\/uploads\/2022\/12\/ponto-chic-300x157.jpeg 300w, https:\/\/quantocustaviajar.com\/blog\/wp-content\/uploads\/2022\/12\/ponto-chic-1024x537.jpeg 1024w, https:\/\/quantocustaviajar.com\/blog\/wp-content\/uploads\/2022\/12\/ponto-chic-768x403.jpeg 768w\" sizes=\"auto, (max-width: 1440px) 100vw, 1440px\" \/><figcaption>Foto: divulga\u00e7\u00e3o<\/figcaption><\/figure>\n<\/figure>\n\n\n\n<ul class=\"wp-block-list\"><li><strong>Di Cunto <br><\/strong><em>Rua Borges Figueiredo, 61\/103 &#8211; Mooca<\/em><\/li><\/ul>\n\n\n\n<p>Fundada por Donato Di Cunto em 1896 no cora\u00e7\u00e3o da Mooca, a Di Cunto traz a tradi\u00e7\u00e3o italiana, seguindo as receitas da fam\u00edlia desde ent\u00e3o. Com o passar dos anos Donato Di Cunto regressa \u00e0 It\u00e1lia e n\u00e3o volta mais, deixando seus filhos nascidos no Brasil vivendo por aqui, e \u00e9 em 1935 que a Di Cunto nasce oficialmente. Os filhos de Donato, Vicente, Lorenzo, Roberto e Alfredo decidem recuperar o sobrado e reabrir a padaria.<\/p>\n\n\n\n<p>O card\u00e1pio \u00e9 variado, e voc\u00ea pode passar para tomar um caf\u00e9 e comer um docinho, ou se preferir, levar massas frescas com molho caseiro para o almo\u00e7o no final de semana. O restaurante est\u00e1 aberto tamb\u00e9m, assim d\u00e1 para provar um pouco de cada uma dessas del\u00edcias l\u00e1 mesmo. Detalhe: eles fazem panetone o ano inteiro l\u00e1, vale a pena provar!<\/p>\n\n\n\n<figure class=\"wp-block-image aligncenter size-full\"><img loading=\"lazy\" decoding=\"async\" width=\"800\" height=\"800\" src=\"https:\/\/quantocustaviajar.com\/blog\/wp-content\/uploads\/2022\/12\/dicunto.png\" alt=\"\" class=\"wp-image-56269\" srcset=\"https:\/\/quantocustaviajar.com\/blog\/wp-content\/uploads\/2022\/12\/dicunto.png 800w, https:\/\/quantocustaviajar.com\/blog\/wp-content\/uploads\/2022\/12\/dicunto-300x300.png 300w, https:\/\/quantocustaviajar.com\/blog\/wp-content\/uploads\/2022\/12\/dicunto-150x150.png 150w, https:\/\/quantocustaviajar.com\/blog\/wp-content\/uploads\/2022\/12\/dicunto-768x768.png 768w\" sizes=\"auto, (max-width: 800px) 100vw, 800px\" \/><figcaption>Foto: divulga\u00e7\u00e3o<\/figcaption><\/figure>\n\n\n\n<ul class=\"wp-block-list\"><li><strong>Cantina C\u2026Q Sabe<br><\/strong><em>Rua Rui Barbosa, 192 &#8211; Bela Vista<\/em><\/li><\/ul>\n\n\n\n<p>A Cantina C\u2026Q Sabe \u00e9 tradicional\u00edssima em S\u00e3o Paulo, no Bixiga, desde 1931.<br>Bruno Stippe, chef da Cantina, manteve as receitas tradicionais italianas dos av\u00f3s e incrementou com a cozinha internacional. Al\u00e9m dos pratos, o ambiente chama a aten\u00e7\u00e3o tamb\u00e9m, com decora\u00e7\u00e3o t\u00edpica italiana, quadros nas paredes com fotos de artistas que j\u00e1 frequentaram o local, panelas penduradas no teto e muita m\u00fasica ao vivo.<\/p>\n\n\n\n<figure class=\"wp-block-gallery has-nested-images columns-default is-cropped wp-block-gallery-3 is-layout-flex wp-block-gallery-is-layout-flex\">\n<figure class=\"wp-block-image size-large\"><img loading=\"lazy\" decoding=\"async\" width=\"1119\" height=\"836\" data-id=\"56276\" src=\"https:\/\/quantocustaviajar.com\/blog\/wp-content\/uploads\/2022\/12\/cantina-c-que-sabe-1.jpeg\" alt=\"\" class=\"wp-image-56276\" srcset=\"https:\/\/quantocustaviajar.com\/blog\/wp-content\/uploads\/2022\/12\/cantina-c-que-sabe-1.jpeg 1119w, https:\/\/quantocustaviajar.com\/blog\/wp-content\/uploads\/2022\/12\/cantina-c-que-sabe-1-300x224.jpeg 300w, https:\/\/quantocustaviajar.com\/blog\/wp-content\/uploads\/2022\/12\/cantina-c-que-sabe-1-1024x765.jpeg 1024w, https:\/\/quantocustaviajar.com\/blog\/wp-content\/uploads\/2022\/12\/cantina-c-que-sabe-1-768x574.jpeg 768w\" sizes=\"auto, (max-width: 1119px) 100vw, 1119px\" \/><figcaption>Foto: divulga\u00e7\u00e3o<\/figcaption><\/figure>\n\n\n\n<figure class=\"wp-block-image size-large\"><img loading=\"lazy\" decoding=\"async\" width=\"1440\" height=\"1440\" data-id=\"56275\" src=\"https:\/\/quantocustaviajar.com\/blog\/wp-content\/uploads\/2022\/12\/cantina-c-que-sabe.jpeg\" alt=\"\" class=\"wp-image-56275\" srcset=\"https:\/\/quantocustaviajar.com\/blog\/wp-content\/uploads\/2022\/12\/cantina-c-que-sabe.jpeg 1440w, https:\/\/quantocustaviajar.com\/blog\/wp-content\/uploads\/2022\/12\/cantina-c-que-sabe-300x300.jpeg 300w, https:\/\/quantocustaviajar.com\/blog\/wp-content\/uploads\/2022\/12\/cantina-c-que-sabe-1024x1024.jpeg 1024w, https:\/\/quantocustaviajar.com\/blog\/wp-content\/uploads\/2022\/12\/cantina-c-que-sabe-150x150.jpeg 150w, https:\/\/quantocustaviajar.com\/blog\/wp-content\/uploads\/2022\/12\/cantina-c-que-sabe-768x768.jpeg 768w\" sizes=\"auto, (max-width: 1440px) 100vw, 1440px\" \/><figcaption>Foto: divulga\u00e7\u00e3o<\/figcaption><\/figure>\n<\/figure>\n\n\n\n<ul class=\"wp-block-list\"><li><strong>Caf\u00e9 Floresta<\/strong><br><em>Av. Ipiranga, 200\/21 &#8211; Copan &#8211; Centro<\/em><\/li><\/ul>\n\n\n\n<p>Foi em 1970, quatro anos ap\u00f3s a abertura oficial do <a href=\"https:\/\/quantocustaviajar.com\/blog\/aluguel-de-apartamento-no-copan-vira-experiencia-diferente-em-sao-paulo\/\" target=\"_blank\" rel=\"noreferrer noopener\">Copan<\/a>, que o caf\u00e9 abriu as portas e nunca mais fechou. \u00c9 parada r\u00e1pida, no balc\u00e3o mesmo, onde saem inconfund\u00edveis x\u00edcaras na cor \u00e2mbar, com caf\u00e9 forte mo\u00eddo na hora. O bolinho de banana \u00e9 o mais comentado do peda\u00e7o. E, n\u00e3o se esque\u00e7a: pagamento apenas em dinheiro.<\/p>\n\n\n\n<figure class=\"wp-block-image aligncenter size-large\"><img loading=\"lazy\" decoding=\"async\" width=\"1024\" height=\"767\" src=\"https:\/\/quantocustaviajar.com\/blog\/wp-content\/uploads\/2021\/03\/edificio-copan-comercio-1024x767.jpg\" alt=\"\" class=\"wp-image-47290\" srcset=\"https:\/\/quantocustaviajar.com\/blog\/wp-content\/uploads\/2021\/03\/edificio-copan-comercio-1024x767.jpg 1024w, https:\/\/quantocustaviajar.com\/blog\/wp-content\/uploads\/2021\/03\/edificio-copan-comercio-300x225.jpg 300w, https:\/\/quantocustaviajar.com\/blog\/wp-content\/uploads\/2021\/03\/edificio-copan-comercio-768x575.jpg 768w, https:\/\/quantocustaviajar.com\/blog\/wp-content\/uploads\/2021\/03\/edificio-copan-comercio.jpg 1200w\" sizes=\"auto, (max-width: 1024px) 100vw, 1024px\" \/><figcaption>Foto: Immanuel Fruhmann <\/figcaption><\/figure>\n\n\n\n<ul class=\"wp-block-list\"><li><a href=\"https:\/\/quantocustaviajar.com\/blog\/pizzaria-speranza-em-sao-paulo\/\" target=\"_blank\" rel=\"noreferrer noopener\"><strong>Pizzaria Speranza<\/strong><\/a><br><em>R. Treze de Maio, 1004 &#8211; Bela Vista<\/em><\/li><\/ul>\n\n\n\n<p>Faz 64 anos que a <strong>Pizzaria Speranza<\/strong> abarca longos jantares, de fam\u00edlias que mant\u00e9m a tradi\u00e7\u00e3o viva por gera\u00e7\u00f5es a fio, seja na administra\u00e7\u00e3o do espa\u00e7o ou nos encontros. Localizada no italian\u00edssimo bairro do Bixiga, a pizzaria ocupa o antigo casar\u00e3o da fam\u00edlia Tarallo, a fundadora, contando com espa\u00e7o de sobra para receber o p\u00fablico sedento por saborosas pizzas, nos tamanhos tradicional e napolitano, al\u00e9m do excelente Tortano, p\u00e3o de lingui\u00e7a que \u00e9 um patrim\u00f4nio da casa.&nbsp;<\/p>\n\n\n\n<figure class=\"wp-block-gallery has-nested-images columns-default is-cropped wp-block-gallery-4 is-layout-flex wp-block-gallery-is-layout-flex\">\n<figure class=\"wp-block-image size-full\"><img loading=\"lazy\" decoding=\"async\" width=\"850\" height=\"884\" data-id=\"31041\" src=\"https:\/\/quantocustaviajar.com\/blog\/wp-content\/uploads\/2019\/01\/speranza-sp.jpg\" alt=\"\" class=\"wp-image-31041\" srcset=\"https:\/\/quantocustaviajar.com\/blog\/wp-content\/uploads\/2019\/01\/speranza-sp.jpg 850w, https:\/\/quantocustaviajar.com\/blog\/wp-content\/uploads\/2019\/01\/speranza-sp-288x300.jpg 288w, https:\/\/quantocustaviajar.com\/blog\/wp-content\/uploads\/2019\/01\/speranza-sp-768x799.jpg 768w\" sizes=\"auto, (max-width: 850px) 100vw, 850px\" \/><\/figure>\n<\/figure>\n\n\n\n<figure class=\"wp-block-gallery has-nested-images columns-default is-cropped wp-block-gallery-5 is-layout-flex wp-block-gallery-is-layout-flex\">\n<figure class=\"wp-block-image size-large\"><img loading=\"lazy\" decoding=\"async\" width=\"2000\" height=\"1500\" data-id=\"31482\" src=\"https:\/\/quantocustaviajar.com\/blog\/wp-content\/uploads\/2019\/01\/pizzaria-speranza-saopaulo-2.jpg\" alt=\"\" class=\"wp-image-31482\" srcset=\"https:\/\/quantocustaviajar.com\/blog\/wp-content\/uploads\/2019\/01\/pizzaria-speranza-saopaulo-2.jpg 2000w, https:\/\/quantocustaviajar.com\/blog\/wp-content\/uploads\/2019\/01\/pizzaria-speranza-saopaulo-2-300x225.jpg 300w, https:\/\/quantocustaviajar.com\/blog\/wp-content\/uploads\/2019\/01\/pizzaria-speranza-saopaulo-2-768x576.jpg 768w, https:\/\/quantocustaviajar.com\/blog\/wp-content\/uploads\/2019\/01\/pizzaria-speranza-saopaulo-2-1024x768.jpg 1024w, https:\/\/quantocustaviajar.com\/blog\/wp-content\/uploads\/2019\/01\/pizzaria-speranza-saopaulo-2-1920x1440.jpg 1920w\" sizes=\"auto, (max-width: 2000px) 100vw, 2000px\" \/><figcaption>Foto: Brunella Nunes<\/figcaption><\/figure>\n\n\n\n<figure class=\"wp-block-image size-large\"><img loading=\"lazy\" decoding=\"async\" width=\"650\" height=\"432\" data-id=\"28546\" src=\"https:\/\/quantocustaviajar.com\/blog\/wp-content\/uploads\/2018\/11\/speranza-bixiga.jpg\" alt=\"\" class=\"wp-image-28546\" srcset=\"https:\/\/quantocustaviajar.com\/blog\/wp-content\/uploads\/2018\/11\/speranza-bixiga.jpg 650w, https:\/\/quantocustaviajar.com\/blog\/wp-content\/uploads\/2018\/11\/speranza-bixiga-300x199.jpg 300w\" sizes=\"auto, (max-width: 650px) 100vw, 650px\" \/><figcaption>Foto: Divulga\u00e7\u00e3o<\/figcaption><\/figure>\n<\/figure>\n\n\n\n<ul class=\"wp-block-list\"><li><a href=\"https:\/\/quantocustaviajar.com\/blog\/padaria-santa-tereza-sp\/\" target=\"_blank\" rel=\"noreferrer noopener\"><strong>Padaria Santa Tereza<\/strong><\/a><br><em>Pra\u00e7a Dr. Jo\u00e3o Mendes, 150 &#8211; Centro<\/em><\/li><\/ul>\n\n\n\n<div class=\"wp-block-group is-layout-flow wp-block-group-is-layout-flow\">\n<p>Na ativa desde 1872, a Padaria Santa Tereza \u00e9 considerada a mais antiga do pa\u00eds. Mudan\u00e7as foram feitas ao longo do tempo, inclusive de endere\u00e7o, mas a casa se mant\u00e9m atr\u00e1s da Catedral da S\u00e9 desde 1947. O ambiente \u00e9 simples e bem paulistano: um grande balc\u00e3o serve comidas r\u00e1pidas, em especial a famosa duplinha coxa-creme e Coca-Cola gelada. J\u00e1 o andar superior \u00e9 mais sofisticado, contando com objetos antigos e uma parede forrada de fotografias que recontam a hist\u00f3ria longeva da padoca.&nbsp;<\/p>\n\n\n\n<figure class=\"wp-block-gallery has-nested-images columns-default is-cropped wp-block-gallery-6 is-layout-flex wp-block-gallery-is-layout-flex\">\n<figure class=\"wp-block-image size-large\"><img loading=\"lazy\" decoding=\"async\" width=\"960\" height=\"1280\" data-id=\"51737\" src=\"https:\/\/quantocustaviajar.com\/blog\/wp-content\/uploads\/2021\/12\/padaria-santatereza21.jpeg\" alt=\"\" class=\"wp-image-51737\" srcset=\"https:\/\/quantocustaviajar.com\/blog\/wp-content\/uploads\/2021\/12\/padaria-santatereza21.jpeg 960w, https:\/\/quantocustaviajar.com\/blog\/wp-content\/uploads\/2021\/12\/padaria-santatereza21-225x300.jpeg 225w, https:\/\/quantocustaviajar.com\/blog\/wp-content\/uploads\/2021\/12\/padaria-santatereza21-768x1024.jpeg 768w\" sizes=\"auto, (max-width: 960px) 100vw, 960px\" \/><figcaption>Foto: divulga\u00e7\u00e3o<\/figcaption><\/figure>\n\n\n\n<figure class=\"wp-block-image size-large\"><img loading=\"lazy\" decoding=\"async\" width=\"2048\" height=\"1537\" data-id=\"51727\" src=\"https:\/\/quantocustaviajar.com\/blog\/wp-content\/uploads\/2021\/12\/padaria-santatereza2.jpeg\" alt=\"\" class=\"wp-image-51727\" srcset=\"https:\/\/quantocustaviajar.com\/blog\/wp-content\/uploads\/2021\/12\/padaria-santatereza2.jpeg 2048w, https:\/\/quantocustaviajar.com\/blog\/wp-content\/uploads\/2021\/12\/padaria-santatereza2-300x225.jpeg 300w, https:\/\/quantocustaviajar.com\/blog\/wp-content\/uploads\/2021\/12\/padaria-santatereza2-768x576.jpeg 768w, https:\/\/quantocustaviajar.com\/blog\/wp-content\/uploads\/2021\/12\/padaria-santatereza2-1024x769.jpeg 1024w, https:\/\/quantocustaviajar.com\/blog\/wp-content\/uploads\/2021\/12\/padaria-santatereza2-1920x1441.jpeg 1920w\" sizes=\"auto, (max-width: 2048px) 100vw, 2048px\" \/><figcaption>Foto: divulga\u00e7\u00e3o<\/figcaption><\/figure>\n\n\n\n<figure class=\"wp-block-image size-large\"><img loading=\"lazy\" decoding=\"async\" width=\"2048\" height=\"1365\" data-id=\"51728\" src=\"https:\/\/quantocustaviajar.com\/blog\/wp-content\/uploads\/2021\/12\/padaria-santatereza3.jpeg\" alt=\"\" class=\"wp-image-51728\" srcset=\"https:\/\/quantocustaviajar.com\/blog\/wp-content\/uploads\/2021\/12\/padaria-santatereza3.jpeg 2048w, https:\/\/quantocustaviajar.com\/blog\/wp-content\/uploads\/2021\/12\/padaria-santatereza3-300x200.jpeg 300w, https:\/\/quantocustaviajar.com\/blog\/wp-content\/uploads\/2021\/12\/padaria-santatereza3-768x512.jpeg 768w, https:\/\/quantocustaviajar.com\/blog\/wp-content\/uploads\/2021\/12\/padaria-santatereza3-1024x683.jpeg 1024w, https:\/\/quantocustaviajar.com\/blog\/wp-content\/uploads\/2021\/12\/padaria-santatereza3-1920x1280.jpeg 1920w\" sizes=\"auto, (max-width: 2048px) 100vw, 2048px\" \/><figcaption>Foto: divulga\u00e7\u00e3o\/Padaria Santa Tereza<\/figcaption><\/figure>\n<\/figure>\n<\/div>\n\n\n\n<ul class=\"wp-block-list\"><li><strong>Carlino Ristorante&nbsp;<br><\/strong><em>Rua Epit\u00e1cio Pessoa, 85\u200a\u2014\u200aVila Buarque<\/em><\/li><\/ul>\n\n\n\n<p>Mas \u00e9 claro que o restaurante mais antigo da cidade foi fundado por um imigrante italiano, na\u00e7\u00e3o volumosa em terras tupiniquins. Foi fundado em 1881 com base na cozinha Lucchese, proveniente da regi\u00e3o Toscana, por Carlo Cecchini, que permaneceu no comando at\u00e9 1949. Foi repassado a outros dois chefs italianos e mudou de endere\u00e7o na d\u00e9cada de 60, onde permanece at\u00e9 hoje. Para sair do \u00f3bvio, uma sugest\u00e3o: Tagliolini verdi com salmon defumado, pimenta rosa, dill e raspas de laranja.&nbsp;<\/p>\n\n\n\n<figure class=\"wp-block-image aligncenter size-large\"><img loading=\"lazy\" decoding=\"async\" width=\"1024\" height=\"835\" src=\"https:\/\/quantocustaviajar.com\/blog\/wp-content\/uploads\/2022\/08\/carlino-ristorante-1024x835.jpeg\" alt=\"\" class=\"wp-image-54386\" srcset=\"https:\/\/quantocustaviajar.com\/blog\/wp-content\/uploads\/2022\/08\/carlino-ristorante-1024x835.jpeg 1024w, https:\/\/quantocustaviajar.com\/blog\/wp-content\/uploads\/2022\/08\/carlino-ristorante-300x245.jpeg 300w, https:\/\/quantocustaviajar.com\/blog\/wp-content\/uploads\/2022\/08\/carlino-ristorante-768x626.jpeg 768w, https:\/\/quantocustaviajar.com\/blog\/wp-content\/uploads\/2022\/08\/carlino-ristorante.jpeg 1080w\" sizes=\"auto, (max-width: 1024px) 100vw, 1024px\" \/><figcaption>Casa antiga, receitas novas: assim \u00e9 esse cl\u00e1ssico de S\u00e3o Paulo. Foto: divulga\u00e7\u00e3o<\/figcaption><\/figure>\n\n\n\n<figure class=\"wp-block-image aligncenter size-large\"><img loading=\"lazy\" decoding=\"async\" width=\"1024\" height=\"683\" src=\"https:\/\/quantocustaviajar.com\/blog\/wp-content\/uploads\/2022\/12\/carlino-sp-1024x683.jpeg\" alt=\"\" class=\"wp-image-56277\" srcset=\"https:\/\/quantocustaviajar.com\/blog\/wp-content\/uploads\/2022\/12\/carlino-sp-1024x683.jpeg 1024w, https:\/\/quantocustaviajar.com\/blog\/wp-content\/uploads\/2022\/12\/carlino-sp-300x200.jpeg 300w, https:\/\/quantocustaviajar.com\/blog\/wp-content\/uploads\/2022\/12\/carlino-sp-768x512.jpeg 768w, https:\/\/quantocustaviajar.com\/blog\/wp-content\/uploads\/2022\/12\/carlino-sp.jpeg 1080w\" sizes=\"auto, (max-width: 1024px) 100vw, 1024px\" \/><figcaption>Foto: divulga\u00e7\u00e3o<\/figcaption><\/figure>\n\n\n\n<ul class=\"wp-block-list\"><li><a href=\"https:\/\/www.instagram.com\/casagodinho\/\" target=\"_blank\" rel=\"noreferrer noopener\"><strong>Casa Godinho<\/strong><br><\/a><strong>Rua L\u00edbero Badar\u00f3, 340 &#8211; Centro<\/strong><\/li><\/ul>\n\n\n\n<p>Foi em 1888 que a mercearia mais conhecida da cidade se instalou em um edif\u00edcio na regi\u00e3o central, sob o comando do imigrante portugu\u00eas Jos\u00e9 Maria Godinho. No atual endere\u00e7o est\u00e1 desde 1924, mantendo at\u00e9 hoje os charmosos pisos de ladrilho hidr\u00e1ulico, a balan\u00e7a de prata, as prateleiras em madeira nobre.&nbsp;<\/p>\n\n\n\n<p>A clientela de pessoas como Assis Chateubriant, Adhemar de Barros e J\u00e2nio Quadros trouxe mais fama para o local, que vende azeites, frutas secas e outros produtos a granel. O Bacalhau da Noruega \u00e9 orgulho da casa, assim como as empadinhas, que trazem gente de longe para matar as saudades.&nbsp;<\/p>\n\n\n\n<p>O tempo em atividade, que atravessa s\u00e9culos, fez com que fosse declarada patrim\u00f4nio cultural imaterial da cidade.<\/p>\n\n\n\n<figure class=\"wp-block-gallery has-nested-images columns-default is-cropped wp-block-gallery-7 is-layout-flex wp-block-gallery-is-layout-flex\">\n<figure class=\"wp-block-image size-large\"><img loading=\"lazy\" decoding=\"async\" width=\"923\" height=\"943\" data-id=\"56274\" src=\"https:\/\/quantocustaviajar.com\/blog\/wp-content\/uploads\/2022\/12\/casa-godinho1888.jpeg\" alt=\"\" class=\"wp-image-56274\" srcset=\"https:\/\/quantocustaviajar.com\/blog\/wp-content\/uploads\/2022\/12\/casa-godinho1888.jpeg 923w, https:\/\/quantocustaviajar.com\/blog\/wp-content\/uploads\/2022\/12\/casa-godinho1888-294x300.jpeg 294w, https:\/\/quantocustaviajar.com\/blog\/wp-content\/uploads\/2022\/12\/casa-godinho1888-768x785.jpeg 768w\" sizes=\"auto, (max-width: 923px) 100vw, 923px\" \/><\/figure>\n\n\n\n<figure class=\"wp-block-image size-large\"><img loading=\"lazy\" decoding=\"async\" width=\"1080\" height=\"1080\" data-id=\"56273\" src=\"https:\/\/quantocustaviajar.com\/blog\/wp-content\/uploads\/2022\/12\/casa-godinho2.jpeg\" alt=\"\" class=\"wp-image-56273\" srcset=\"https:\/\/quantocustaviajar.com\/blog\/wp-content\/uploads\/2022\/12\/casa-godinho2.jpeg 1080w, https:\/\/quantocustaviajar.com\/blog\/wp-content\/uploads\/2022\/12\/casa-godinho2-300x300.jpeg 300w, https:\/\/quantocustaviajar.com\/blog\/wp-content\/uploads\/2022\/12\/casa-godinho2-1024x1024.jpeg 1024w, https:\/\/quantocustaviajar.com\/blog\/wp-content\/uploads\/2022\/12\/casa-godinho2-150x150.jpeg 150w, https:\/\/quantocustaviajar.com\/blog\/wp-content\/uploads\/2022\/12\/casa-godinho2-768x768.jpeg 768w\" sizes=\"auto, (max-width: 1080px) 100vw, 1080px\" \/><figcaption>Foto: divulga\u00e7\u00e3o<\/figcaption><\/figure>\n<\/figure>\n\n\n\n<ul class=\"wp-block-list\"><li><strong>Padaria S\u00e3o Domingos<\/strong><br><em>R. S\u00e3o Domingos, 330 &#8211; Bela Vista<\/em><\/li><\/ul>\n\n\n\n<p>A \u00faltima da lista de restaurantes e caf\u00e9s cl\u00e1ssicos em S\u00e3o Paulo foi bombardeada no conflito de 1924, conhecido como &#8220;a guerra esquecida&#8221;, a padaria S\u00e3o Domingos j\u00e1 passou por poucas e boas. De p\u00e9 desde 1907, o endere\u00e7o centen\u00e1rio se estabeleceu no bairro do Bixiga para nunca mais sair, nem que venha uma bomba dos c\u00e9us. O p\u00e3o italiano chegou por ali atrav\u00e9s das m\u00e3os do italiano Dom\u00eanico Albanese, que atraiu uma boa e fiel clientela, incluindo o m\u00fasico Adoniran Barbosa. <\/p>\n\n\n\n<p>Entre as del\u00edcias da panificadora est\u00e1 a crocante Sfogliatella feita de ricota com frutas cristalizadas, o cannoli e a rosca de lingui\u00e7a calabresa. Antepastos e embutidos acompanham as compras de quem n\u00e3o abre m\u00e3o da S\u00e3o Domingos. <\/p>\n\n\n\n<figure class=\"wp-block-gallery has-nested-images columns-default is-cropped wp-block-gallery-8 is-layout-flex wp-block-gallery-is-layout-flex\">\n<figure class=\"wp-block-image size-large\"><img loading=\"lazy\" decoding=\"async\" width=\"341\" height=\"500\" data-id=\"56278\" src=\"https:\/\/quantocustaviajar.com\/blog\/wp-content\/uploads\/2022\/12\/saodomingos.jpeg\" alt=\"\" class=\"wp-image-56278\" srcset=\"https:\/\/quantocustaviajar.com\/blog\/wp-content\/uploads\/2022\/12\/saodomingos.jpeg 341w, https:\/\/quantocustaviajar.com\/blog\/wp-content\/uploads\/2022\/12\/saodomingos-205x300.jpeg 205w\" sizes=\"auto, (max-width: 341px) 100vw, 341px\" \/><figcaption>Adoniran em um dos lugares mais cl\u00e1ssicos de S\u00e3o Paulo<\/figcaption><\/figure>\n\n\n\n<figure class=\"wp-block-image size-large\"><img loading=\"lazy\" decoding=\"async\" width=\"999\" height=\"999\" data-id=\"56279\" src=\"https:\/\/quantocustaviajar.com\/blog\/wp-content\/uploads\/2022\/12\/padaria-sao-domingos.jpeg\" alt=\"\" class=\"wp-image-56279\" srcset=\"https:\/\/quantocustaviajar.com\/blog\/wp-content\/uploads\/2022\/12\/padaria-sao-domingos.jpeg 999w, https:\/\/quantocustaviajar.com\/blog\/wp-content\/uploads\/2022\/12\/padaria-sao-domingos-300x300.jpeg 300w, https:\/\/quantocustaviajar.com\/blog\/wp-content\/uploads\/2022\/12\/padaria-sao-domingos-150x150.jpeg 150w, https:\/\/quantocustaviajar.com\/blog\/wp-content\/uploads\/2022\/12\/padaria-sao-domingos-768x768.jpeg 768w\" sizes=\"auto, (max-width: 999px) 100vw, 999px\" \/><figcaption>Foto: divulga\u00e7\u00e3o<\/figcaption><\/figure>\n<\/figure>\n\n\n\n<h3 class=\"wp-block-heading\"><a href=\"https:\/\/www.booking.com\/index.html?aid=2161834\" target=\"_blank\" rel=\"noreferrer noopener\">Encontre aqui a sua hospedagem e viaje no tempo sem sair da cidade!<\/a><\/h3>\n\n\n\n<p><em>Texto com colabora\u00e7\u00e3o de <strong>Paula Alvarez<\/strong><\/em><\/p>\n\n\n\n<figure class=\"wp-block-embed is-type-wp-embed is-provider-blog-quanto-custa-viajar wp-block-embed-blog-quanto-custa-viajar\"><div class=\"wp-block-embed__wrapper\">\n<blockquote class=\"wp-embedded-content\" data-secret=\"ZfBSXxY7tx\"><a href=\"https:\/\/quantocustaviajar.com\/blog\/passeios-gastronomicos-em-sao-paulo\/\">Passeios gastron\u00f4micos que valem a viagem em S\u00e3o\u00a0Paulo<\/a><\/blockquote><iframe loading=\"lazy\" class=\"wp-embedded-content\" sandbox=\"allow-scripts\" security=\"restricted\" style=\"position: absolute; visibility: hidden;\" title=\"&#8220;Passeios gastron\u00f4micos que valem a viagem em S\u00e3o\u00a0Paulo&#8221; &#8212; Blog Quanto Custa Viajar\" src=\"https:\/\/quantocustaviajar.com\/blog\/passeios-gastronomicos-em-sao-paulo\/embed\/#?secret=KsqTt3bilm#?secret=ZfBSXxY7tx\" data-secret=\"ZfBSXxY7tx\" width=\"600\" height=\"338\" frameborder=\"0\" marginwidth=\"0\" marginheight=\"0\" scrolling=\"no\"><\/iframe>\n<\/div><\/figure>\n","protected":false},"excerpt":{"rendered":"<p>&#8220;Ah, se eu pudesse voltar no tempo&#8230;&#8220;. Nos restaurantes e caf\u00e9s cl\u00e1ssicos em S\u00e3o Paulo, voc\u00ea at\u00e9 pode. Com ambientes permeados por tradicionalismo e nostalgia, os endere\u00e7os antigos da capital ainda despertam o interesse de novos olhares. Com algumas mudan\u00e7as, \u00e9 claro, muitos estabelecimentos da cidade seguem no mesmo endere\u00e7o dos tempos \u00e1ureos. Foi em [&hellip;]<\/p>\n","protected":false},"author":4,"featured_media":56270,"comment_status":"open","ping_status":"open","sticky":false,"template":"","format":"standard","meta":{"cybocfi_hide_featured_image":"","footnotes":""},"categories":[1435],"tags":[503,63,67,289,3368,211,321,68,303,2025],"class_list":["post-55546","post","type-post","status-publish","format-standard","has-post-thumbnail","hentry","category-comes-bebes","tag-antigo","tag-bar","tag-cafe","tag-cafeteria","tag-classico-2","tag-o-que-fazer","tag-passeios","tag-restaurante","tag-sao-paulo","tag-tradicional"],"blocksy_meta":[],"yoast_head":"<!-- This site is optimized with the Yoast SEO plugin v26.3 - https:\/\/yoast.com\/wordpress\/plugins\/seo\/ -->\n<title>Restaurantes e caf\u00e9s cl\u00e1ssicos em S\u00e3o Paulo<\/title>\n<meta name=\"description\" content=\"Nos restaurantes e caf\u00e9s cl\u00e1ssicos em S\u00e3o Paulo, voc\u00ea pode se sentir no s\u00e9culo passado. Confira uma lista para conhecer pela cidade.\" \/>\n<meta name=\"robots\" content=\"index, follow, max-snippet:-1, max-image-preview:large, max-video-preview:-1\" \/>\n<link rel=\"canonical\" href=\"https:\/\/quantocustaviajar.com\/blog\/restaurantes-e-cafes-classicos-em-sao-paulo\/\" \/>\n<meta property=\"og:locale\" content=\"pt_BR\" \/>\n<meta property=\"og:type\" content=\"article\" \/>\n<meta property=\"og:title\" content=\"Restaurantes e caf\u00e9s cl\u00e1ssicos em S\u00e3o Paulo\" \/>\n<meta property=\"og:description\" content=\"Nos restaurantes e caf\u00e9s cl\u00e1ssicos em S\u00e3o Paulo, voc\u00ea pode se sentir no s\u00e9culo passado. Confira uma lista para conhecer pela cidade.\" \/>\n<meta property=\"og:url\" content=\"https:\/\/quantocustaviajar.com\/blog\/restaurantes-e-cafes-classicos-em-sao-paulo\/\" \/>\n<meta property=\"og:site_name\" content=\"Blog Quanto Custa Viajar\" \/>\n<meta property=\"article:publisher\" content=\"https:\/\/www.facebook.com\/quantocustaviajar\" \/>\n<meta property=\"article:author\" content=\"https:\/\/www.facebook.com\/brunellapfvr\/posts\" \/>\n<meta property=\"article:published_time\" content=\"2022-12-28T14:27:00+00:00\" \/>\n<meta property=\"article:modified_time\" content=\"2022-12-29T14:02:48+00:00\" \/>\n<meta property=\"og:image\" content=\"https:\/\/quantocustaviajar.com\/blog\/wp-content\/uploads\/2022\/12\/lugares-classicos-em-sp.jpeg\" \/>\n\t<meta property=\"og:image:width\" content=\"1440\" \/>\n\t<meta property=\"og:image:height\" content=\"960\" \/>\n\t<meta property=\"og:image:type\" content=\"image\/jpeg\" \/>\n<meta name=\"author\" content=\"Brunella Nunes\" \/>\n<meta name=\"twitter:card\" content=\"summary_large_image\" \/>\n<meta name=\"twitter:label1\" content=\"Escrito por\" \/>\n\t<meta name=\"twitter:data1\" content=\"Brunella Nunes\" \/>\n\t<meta name=\"twitter:label2\" content=\"Est. tempo de leitura\" \/>\n\t<meta name=\"twitter:data2\" content=\"13 minutos\" \/>\n<!-- \/ Yoast SEO plugin. -->","yoast_head_json":{"title":"Restaurantes e caf\u00e9s cl\u00e1ssicos em S\u00e3o Paulo","description":"Nos restaurantes e caf\u00e9s cl\u00e1ssicos em S\u00e3o Paulo, voc\u00ea pode se sentir no s\u00e9culo passado. Confira uma lista para conhecer pela cidade.","robots":{"index":"index","follow":"follow","max-snippet":"max-snippet:-1","max-image-preview":"max-image-preview:large","max-video-preview":"max-video-preview:-1"},"canonical":"https:\/\/quantocustaviajar.com\/blog\/restaurantes-e-cafes-classicos-em-sao-paulo\/","og_locale":"pt_BR","og_type":"article","og_title":"Restaurantes e caf\u00e9s cl\u00e1ssicos em S\u00e3o Paulo","og_description":"Nos restaurantes e caf\u00e9s cl\u00e1ssicos em S\u00e3o Paulo, voc\u00ea pode se sentir no s\u00e9culo passado. Confira uma lista para conhecer pela cidade.","og_url":"https:\/\/quantocustaviajar.com\/blog\/restaurantes-e-cafes-classicos-em-sao-paulo\/","og_site_name":"Blog Quanto Custa Viajar","article_publisher":"https:\/\/www.facebook.com\/quantocustaviajar","article_author":"https:\/\/www.facebook.com\/brunellapfvr\/posts","article_published_time":"2022-12-28T14:27:00+00:00","article_modified_time":"2022-12-29T14:02:48+00:00","og_image":[{"width":1440,"height":960,"url":"https:\/\/quantocustaviajar.com\/blog\/wp-content\/uploads\/2022\/12\/lugares-classicos-em-sp.jpeg","type":"image\/jpeg"}],"author":"Brunella Nunes","twitter_card":"summary_large_image","twitter_misc":{"Escrito por":"Brunella Nunes","Est. tempo de leitura":"13 minutos"},"schema":{"@context":"https:\/\/schema.org","@graph":[{"@type":["Article","BlogPosting"],"@id":"https:\/\/quantocustaviajar.com\/blog\/restaurantes-e-cafes-classicos-em-sao-paulo\/#article","isPartOf":{"@id":"https:\/\/quantocustaviajar.com\/blog\/restaurantes-e-cafes-classicos-em-sao-paulo\/"},"author":{"name":"Brunella Nunes","@id":"https:\/\/quantocustaviajar.com\/blog\/#\/schema\/person\/1a6dd3da9d0c0a4be42652b67bea19bb"},"headline":"Restaurantes e caf\u00e9s cl\u00e1ssicos em S\u00e3o Paulo","datePublished":"2022-12-28T14:27:00+00:00","dateModified":"2022-12-29T14:02:48+00:00","mainEntityOfPage":{"@id":"https:\/\/quantocustaviajar.com\/blog\/restaurantes-e-cafes-classicos-em-sao-paulo\/"},"wordCount":1528,"commentCount":0,"publisher":{"@id":"https:\/\/quantocustaviajar.com\/blog\/#organization"},"image":{"@id":"https:\/\/quantocustaviajar.com\/blog\/restaurantes-e-cafes-classicos-em-sao-paulo\/#primaryimage"},"thumbnailUrl":"https:\/\/quantocustaviajar.com\/blog\/wp-content\/uploads\/2022\/12\/lugares-classicos-em-sp.jpeg","keywords":["antigo","bar","caf\u00e9","cafeteria","cl\u00e1ssico","o que fazer","passeios","restaurante","S\u00e3o Paulo","tradicional"],"articleSection":["Comes &amp; Bebes"],"inLanguage":"pt-BR","potentialAction":[{"@type":"CommentAction","name":"Comment","target":["https:\/\/quantocustaviajar.com\/blog\/restaurantes-e-cafes-classicos-em-sao-paulo\/#respond"]}]},{"@type":"WebPage","@id":"https:\/\/quantocustaviajar.com\/blog\/restaurantes-e-cafes-classicos-em-sao-paulo\/","url":"https:\/\/quantocustaviajar.com\/blog\/restaurantes-e-cafes-classicos-em-sao-paulo\/","name":"Restaurantes e caf\u00e9s cl\u00e1ssicos em S\u00e3o Paulo","isPartOf":{"@id":"https:\/\/quantocustaviajar.com\/blog\/#website"},"primaryImageOfPage":{"@id":"https:\/\/quantocustaviajar.com\/blog\/restaurantes-e-cafes-classicos-em-sao-paulo\/#primaryimage"},"image":{"@id":"https:\/\/quantocustaviajar.com\/blog\/restaurantes-e-cafes-classicos-em-sao-paulo\/#primaryimage"},"thumbnailUrl":"https:\/\/quantocustaviajar.com\/blog\/wp-content\/uploads\/2022\/12\/lugares-classicos-em-sp.jpeg","datePublished":"2022-12-28T14:27:00+00:00","dateModified":"2022-12-29T14:02:48+00:00","description":"Nos restaurantes e caf\u00e9s cl\u00e1ssicos em S\u00e3o Paulo, voc\u00ea pode se sentir no s\u00e9culo passado. Confira uma lista para conhecer pela cidade.","breadcrumb":{"@id":"https:\/\/quantocustaviajar.com\/blog\/restaurantes-e-cafes-classicos-em-sao-paulo\/#breadcrumb"},"inLanguage":"pt-BR","potentialAction":[{"@type":"ReadAction","target":["https:\/\/quantocustaviajar.com\/blog\/restaurantes-e-cafes-classicos-em-sao-paulo\/"]}]},{"@type":"ImageObject","inLanguage":"pt-BR","@id":"https:\/\/quantocustaviajar.com\/blog\/restaurantes-e-cafes-classicos-em-sao-paulo\/#primaryimage","url":"https:\/\/quantocustaviajar.com\/blog\/wp-content\/uploads\/2022\/12\/lugares-classicos-em-sp.jpeg","contentUrl":"https:\/\/quantocustaviajar.com\/blog\/wp-content\/uploads\/2022\/12\/lugares-classicos-em-sp.jpeg","width":1440,"height":960,"caption":"Foto: divulga\u00e7\u00e3o"},{"@type":"BreadcrumbList","@id":"https:\/\/quantocustaviajar.com\/blog\/restaurantes-e-cafes-classicos-em-sao-paulo\/#breadcrumb","itemListElement":[{"@type":"ListItem","position":1,"name":"In\u00edcio","item":"https:\/\/quantocustaviajar.com\/blog\/"},{"@type":"ListItem","position":2,"name":"Restaurantes e caf\u00e9s cl\u00e1ssicos em S\u00e3o Paulo"}]},{"@type":"WebSite","@id":"https:\/\/quantocustaviajar.com\/blog\/#website","url":"https:\/\/quantocustaviajar.com\/blog\/","name":"Blog Quanto Custa Viajar","description":"","publisher":{"@id":"https:\/\/quantocustaviajar.com\/blog\/#organization"},"potentialAction":[{"@type":"SearchAction","target":{"@type":"EntryPoint","urlTemplate":"https:\/\/quantocustaviajar.com\/blog\/?s={search_term_string}"},"query-input":{"@type":"PropertyValueSpecification","valueRequired":true,"valueName":"search_term_string"}}],"inLanguage":"pt-BR"},{"@type":"Organization","@id":"https:\/\/quantocustaviajar.com\/blog\/#organization","name":"Quanto Custa Viajar","url":"https:\/\/quantocustaviajar.com\/blog\/","logo":{"@type":"ImageObject","inLanguage":"pt-BR","@id":"https:\/\/quantocustaviajar.com\/blog\/#\/schema\/logo\/image\/","url":"","contentUrl":"","caption":"Quanto Custa Viajar"},"image":{"@id":"https:\/\/quantocustaviajar.com\/blog\/#\/schema\/logo\/image\/"},"sameAs":["https:\/\/www.facebook.com\/quantocustaviajar"]},{"@type":"Person","@id":"https:\/\/quantocustaviajar.com\/blog\/#\/schema\/person\/1a6dd3da9d0c0a4be42652b67bea19bb","name":"Brunella Nunes","image":{"@type":"ImageObject","inLanguage":"pt-BR","@id":"https:\/\/quantocustaviajar.com\/blog\/#\/schema\/person\/image\/","url":"https:\/\/secure.gravatar.com\/avatar\/05b28dfb8a3cc7ee0dba6feefa5677f05be6d7bf4b017728fd38499092f9c282?s=96&d=mm&r=g","contentUrl":"https:\/\/secure.gravatar.com\/avatar\/05b28dfb8a3cc7ee0dba6feefa5677f05be6d7bf4b017728fd38499092f9c282?s=96&d=mm&r=g","caption":"Brunella Nunes"},"description":"Quando n\u00e3o est\u00e1 viajando pelo mundo, est\u00e1 viajando nas ideias.","sameAs":["https:\/\/www.facebook.com\/brunellapfvr\/posts","https:\/\/www.linkedin.com\/in\/brunellanunes\/"],"url":"https:\/\/quantocustaviajar.com\/blog\/author\/equipe\/"}]}},"_links":{"self":[{"href":"https:\/\/quantocustaviajar.com\/blog\/wp-json\/wp\/v2\/posts\/55546","targetHints":{"allow":["GET"]}}],"collection":[{"href":"https:\/\/quantocustaviajar.com\/blog\/wp-json\/wp\/v2\/posts"}],"about":[{"href":"https:\/\/quantocustaviajar.com\/blog\/wp-json\/wp\/v2\/types\/post"}],"author":[{"embeddable":true,"href":"https:\/\/quantocustaviajar.com\/blog\/wp-json\/wp\/v2\/users\/4"}],"replies":[{"embeddable":true,"href":"https:\/\/quantocustaviajar.com\/blog\/wp-json\/wp\/v2\/comments?post=55546"}],"version-history":[{"count":4,"href":"https:\/\/quantocustaviajar.com\/blog\/wp-json\/wp\/v2\/posts\/55546\/revisions"}],"predecessor-version":[{"id":56292,"href":"https:\/\/quantocustaviajar.com\/blog\/wp-json\/wp\/v2\/posts\/55546\/revisions\/56292"}],"wp:featuredmedia":[{"embeddable":true,"href":"https:\/\/quantocustaviajar.com\/blog\/wp-json\/wp\/v2\/media\/56270"}],"wp:attachment":[{"href":"https:\/\/quantocustaviajar.com\/blog\/wp-json\/wp\/v2\/media?parent=55546"}],"wp:term":[{"taxonomy":"category","embeddable":true,"href":"https:\/\/quantocustaviajar.com\/blog\/wp-json\/wp\/v2\/categories?post=55546"},{"taxonomy":"post_tag","embeddable":true,"href":"https:\/\/quantocustaviajar.com\/blog\/wp-json\/wp\/v2\/tags?post=55546"}],"curies":[{"name":"wp","href":"https:\/\/api.w.org\/{rel}","templated":true}]}}