{"id":55459,"date":"2022-11-03T19:56:51","date_gmt":"2022-11-03T19:56:51","guid":{"rendered":"https:\/\/quantocustaviajar.com\/blog\/?p=55459"},"modified":"2022-11-03T20:04:06","modified_gmt":"2022-11-03T20:04:06","slug":"sao-lourenco-minas-gerais","status":"publish","type":"post","link":"https:\/\/quantocustaviajar.com\/blog\/sao-lourenco-minas-gerais\/","title":{"rendered":"S\u00e3o Louren\u00e7o Minas Gerais e a beleza das \u00e1guas que curam"},"content":{"rendered":"\n<p>Conhecida por ser um balne\u00e1rio de \u00e1guas minerais com propriedades curativas, <strong>S\u00e3o Louren\u00e7o em <a href=\"https:\/\/quantocustaviajar.com\/blog\/cidades-legais-para-viajar-em-minas-gerais\/\">Minas Gerais<\/a><\/strong> \u00e9 um lugar m\u00edstico e curioso para quem quer passear pelas terras mineiras. <\/p><div id=\"ez-toc-container\" class=\"ez-toc-v2_0_76 ez-toc-wrap-left counter-hierarchy ez-toc-counter ez-toc-light-blue ez-toc-container-direction\">\n<div class=\"ez-toc-title-container\">\n<p class=\"ez-toc-title\" style=\"cursor:inherit\">Aqui voc\u00ea ir\u00e1 encontrar<\/p>\n<span class=\"ez-toc-title-toggle\"><a href=\"#\" class=\"ez-toc-pull-right ez-toc-btn ez-toc-btn-xs ez-toc-btn-default ez-toc-toggle\" aria-label=\"Alternar tabela de conte\u00fado\"><span class=\"ez-toc-js-icon-con\"><span class=\"\"><span class=\"eztoc-hide\" style=\"display:none;\">Toggle<\/span><span class=\"ez-toc-icon-toggle-span\"><svg style=\"fill: #999;color:#999\" xmlns=\"http:\/\/www.w3.org\/2000\/svg\" class=\"list-377408\" width=\"20px\" height=\"20px\" viewBox=\"0 0 24 24\" fill=\"none\"><path d=\"M6 6H4v2h2V6zm14 0H8v2h12V6zM4 11h2v2H4v-2zm16 0H8v2h12v-2zM4 16h2v2H4v-2zm16 0H8v2h12v-2z\" fill=\"currentColor\"><\/path><\/svg><svg style=\"fill: #999;color:#999\" class=\"arrow-unsorted-368013\" xmlns=\"http:\/\/www.w3.org\/2000\/svg\" width=\"10px\" height=\"10px\" viewBox=\"0 0 24 24\" version=\"1.2\" baseProfile=\"tiny\"><path d=\"M18.2 9.3l-6.2-6.3-6.2 6.3c-.2.2-.3.4-.3.7s.1.5.3.7c.2.2.4.3.7.3h11c.3 0 .5-.1.7-.3.2-.2.3-.5.3-.7s-.1-.5-.3-.7zM5.8 14.7l6.2 6.3 6.2-6.3c.2-.2.3-.5.3-.7s-.1-.5-.3-.7c-.2-.2-.4-.3-.7-.3h-11c-.3 0-.5.1-.7.3-.2.2-.3.5-.3.7s.1.5.3.7z\"\/><\/svg><\/span><\/span><\/span><\/a><\/span><\/div>\n<nav><ul class='ez-toc-list ez-toc-list-level-1 ' ><li class='ez-toc-page-1 ez-toc-heading-level-2'><a class=\"ez-toc-link ez-toc-heading-1\" href=\"https:\/\/quantocustaviajar.com\/blog\/sao-lourenco-minas-gerais\/#O_que_fazer\" >O que fazer<\/a><ul class='ez-toc-list-level-3' ><li class='ez-toc-heading-level-3'><a class=\"ez-toc-link ez-toc-heading-2\" href=\"https:\/\/quantocustaviajar.com\/blog\/sao-lourenco-minas-gerais\/#Parque_das_Aguas\" >Parque das \u00c1guas<\/a><\/li><li class='ez-toc-page-1 ez-toc-heading-level-3'><a class=\"ez-toc-link ez-toc-heading-3\" href=\"https:\/\/quantocustaviajar.com\/blog\/sao-lourenco-minas-gerais\/#Trem_das_Aguas\" >Trem das \u00c1guas<\/a><\/li><li class='ez-toc-page-1 ez-toc-heading-level-3'><a class=\"ez-toc-link ez-toc-heading-4\" href=\"https:\/\/quantocustaviajar.com\/blog\/sao-lourenco-minas-gerais\/#Teleferico_de_Sao_Lourenco\" >Telef\u00e9rico de S\u00e3o Louren\u00e7o<\/a><\/li><li class='ez-toc-page-1 ez-toc-heading-level-3'><a class=\"ez-toc-link ez-toc-heading-5\" href=\"https:\/\/quantocustaviajar.com\/blog\/sao-lourenco-minas-gerais\/#Passeio_de_balao\" >Passeio de bal\u00e3o<\/a><\/li><li class='ez-toc-page-1 ez-toc-heading-level-3'><a class=\"ez-toc-link ez-toc-heading-6\" href=\"https:\/\/quantocustaviajar.com\/blog\/sao-lourenco-minas-gerais\/#Cervejaria_Mantibier\" >Cervejaria Mantibier<\/a><\/li><li class='ez-toc-page-1 ez-toc-heading-level-3'><a class=\"ez-toc-link ez-toc-heading-7\" href=\"https:\/\/quantocustaviajar.com\/blog\/sao-lourenco-minas-gerais\/#Rota_do_Cafe\" >Rota do Caf\u00e9<\/a><\/li><\/ul><\/li><li class='ez-toc-page-1 ez-toc-heading-level-2'><a class=\"ez-toc-link ez-toc-heading-8\" href=\"https:\/\/quantocustaviajar.com\/blog\/sao-lourenco-minas-gerais\/#Onde_se_hospedar\" >Onde se hospedar<\/a><ul class='ez-toc-list-level-3' ><li class='ez-toc-heading-level-3'><a class=\"ez-toc-link ez-toc-heading-9\" href=\"https:\/\/quantocustaviajar.com\/blog\/sao-lourenco-minas-gerais\/#Pousada_Le_Sape\" >Pousada Le Sap\u00ea<\/a><\/li><li class='ez-toc-page-1 ez-toc-heading-level-3'><a class=\"ez-toc-link ez-toc-heading-10\" href=\"https:\/\/quantocustaviajar.com\/blog\/sao-lourenco-minas-gerais\/#Hotel_Metropole\" >Hotel Metr\u00f3pole<\/a><\/li><li class='ez-toc-page-1 ez-toc-heading-level-3'><a class=\"ez-toc-link ez-toc-heading-11\" href=\"https:\/\/quantocustaviajar.com\/blog\/sao-lourenco-minas-gerais\/#Grand_Ville_Hotel\" >Grand Ville Hotel<\/a><\/li><li class='ez-toc-page-1 ez-toc-heading-level-3'><a class=\"ez-toc-link ez-toc-heading-12\" href=\"https:\/\/quantocustaviajar.com\/blog\/sao-lourenco-minas-gerais\/#Quanto_tempo_ficar_em_Sao_Lourenco_Minas_Gerais\" >Quanto tempo ficar em S\u00e3o Louren\u00e7o, Minas Gerais<\/a><\/li><\/ul><\/li><li class='ez-toc-page-1 ez-toc-heading-level-2'><a class=\"ez-toc-link ez-toc-heading-13\" href=\"https:\/\/quantocustaviajar.com\/blog\/sao-lourenco-minas-gerais\/#Onde_comer\" >Onde comer<\/a><\/li><li class='ez-toc-page-1 ez-toc-heading-level-2'><a class=\"ez-toc-link ez-toc-heading-14\" href=\"https:\/\/quantocustaviajar.com\/blog\/sao-lourenco-minas-gerais\/#Como_chegar\" >Como chegar<\/a><\/li><li class='ez-toc-page-1 ez-toc-heading-level-2'><a class=\"ez-toc-link ez-toc-heading-15\" href=\"https:\/\/quantocustaviajar.com\/blog\/sao-lourenco-minas-gerais\/#Quando_ir\" >Quando ir<\/a><\/li><\/ul><\/nav><\/div>\n\n\n\n\n<p>L\u00e1, voc\u00ea vai encontrar muitos passeios ligados \u00e0 \u00e1gua, mas tamb\u00e9m vai poder visitar cervejarias locais, passear de bal\u00e3o ou conhecer a Rota do Caf\u00e9 Especial.<\/p>\n\n\n\n<p>Al\u00e9m disso, vai descobrir tamb\u00e9m como uma cidade pequena, que recebe um alto n\u00famero de visitantes, n\u00e3o perde o seu charme. Vamos l\u00e1?<\/p>\n\n\n\n<h2 class=\"wp-block-heading\"><span class=\"ez-toc-section\" id=\"O_que_fazer\"><\/span>O que fazer <span class=\"ez-toc-section-end\"><\/span><\/h2>\n\n\n\n<h3 class=\"wp-block-heading\" id=\"parque-das-aguas\"><span class=\"ez-toc-section\" id=\"Parque_das_Aguas\"><\/span>Parque das \u00c1guas<span class=\"ez-toc-section-end\"><\/span><\/h3>\n\n\n\n<p>A principal atra\u00e7\u00e3o tur\u00edstica da cidade foi fundada em 1936 e \u00e9 enorme! L\u00e1, voc\u00ea encontra \u00e1rea verde de Mata Atl\u00e2ntica perservada, lagos e fontes de \u00e1gua com propriedades curativas. <\/p>\n\n\n\n<p>Ao todo, s\u00e3o 9 fontes naturais: ferruginosa, alcalina, sulfurosa, gaseificada&#8230; Tem de todos os tipos. Nossa recomenda\u00e7\u00e3o \u00e9<strong> levar uma garrafinha para provar todas.<\/strong> Algumas propriedades das \u00e1guas: a\u00a0<strong>Vichy<\/strong>, indicada para quem tem \u00falcera e nefrites. J\u00e1 a\u00a0<strong>Primavera<\/strong>\u00a0\u00e9 largamente recomendada para quem combate a anorexia e a anemia.<\/p>\n\n\n\n<figure class=\"wp-block-image aligncenter size-full\"><img loading=\"lazy\" decoding=\"async\" width=\"1024\" height=\"768\" src=\"https:\/\/quantocustaviajar.com\/blog\/wp-content\/uploads\/2022\/10\/sao-lourenco-parque-das-aguas.jpg\" alt=\"S\u00e3o Louren\u00e7o - Minas Gerais\" class=\"wp-image-55586\" srcset=\"https:\/\/quantocustaviajar.com\/blog\/wp-content\/uploads\/2022\/10\/sao-lourenco-parque-das-aguas.jpg 1024w, https:\/\/quantocustaviajar.com\/blog\/wp-content\/uploads\/2022\/10\/sao-lourenco-parque-das-aguas-300x225.jpg 300w, https:\/\/quantocustaviajar.com\/blog\/wp-content\/uploads\/2022\/10\/sao-lourenco-parque-das-aguas-768x576.jpg 768w\" sizes=\"auto, (max-width: 1024px) 100vw, 1024px\" \/><figcaption><a href=\"https:\/\/www.flickr.com\/photos\/marinelson\/5569628078\" target=\"_blank\" rel=\"noreferrer noopener\">Foto: Marinelson Almeida<\/a><\/figcaption><\/figure>\n\n\n\n<p>O gosto pode ser muito diferente do que estamos acostumados, mas vale a pena! A experi\u00eancia \u00e9 \u00fanica. <\/p>\n\n\n\n<p><strong>Ah, uma dica: n\u00e3o consuma muita \u00e1gua de uma vez. <\/strong>Por causa das suas propriedades, elas podem gerar c\u00f3licas se consumidas em grande quantidade.<\/p>\n\n\n\n<p>A entrada no parque custa<strong> R$20 por pessoa, sem direito a reentrada<\/strong> no dia, e R$24 com direito a reentrada. Se voc\u00ea estiver com crian\u00e7as, saiba que os pequenos v\u00e3o amar! Tem muito espa\u00e7o verde para passear, correr e se divertir. (Pre\u00e7os consultados em novembro de 2022).<\/p>\n\n\n\n<p>Esse \u00e9 um programa para o dia inteiro, j\u00e1 que o Parque conta com <strong>lanchonetes e uma infraestrutura completa <\/strong>para garantir conforto durante a visita.<\/p>\n\n\n\n<p>H\u00e1 ainda no parque o Spa Balne\u00e1rio Hidroter\u00e1pico para relaxamento do corpo e da mente.<\/p>\n\n\n\n<p><strong><a href=\"https:\/\/quantocustaviajar.com\/blog\/circuito-das-aguas-de-minas-gerais-guia\/\" target=\"_blank\" rel=\"noreferrer noopener\">Confira aqui uma mat\u00e9ria sobre o Circuito das \u00c1guas de Minas Gerais<\/a><\/strong><\/p>\n\n\n\n<h3 class=\"wp-block-heading\" id=\"trem-das-aguas\"><span class=\"ez-toc-section\" id=\"Trem_das_Aguas\"><\/span>Trem das \u00c1guas<span class=\"ez-toc-section-end\"><\/span><\/h3>\n\n\n\n<p>Quem gosta de hist\u00f3ria, vai amar essa sugest\u00e3o de passeio: o Trem das \u00c1guas faz o roteiro tur\u00edstico conectando as cidades de S\u00e3o Louren\u00e7o e Soledade de Minas, pela <strong>antiga Estrada de Ferro Minas &amp; Rio, <\/strong>que foi constru\u00edda em 1884.<\/p>\n\n\n\n<p>\u00c9 perfeito para quem est\u00e1 passando o <strong>final de semana ou feriado<\/strong>, j\u00e1 que o trem funciona aos s\u00e1bados  de 10h e de 14:30h e, aos domingos, tem uma sa\u00edda \u00e0s 10:00h. Nos feriados, o hor\u00e1rio de funcionamento varia. Ent\u00e3o \u00e9 bom consultar com anteced\u00eancia.<\/p>\n\n\n\n<p>O trajeto inteiro dura cerca de 2h30 e tem uma parada de 40 minutos na cidade de Soledade. O bilhete pode ser comprado <a href=\"https:\/\/appticket.com.br\/trem-das-aguas?\" target=\"_blank\" rel=\"noreferrer noopener\">aqui.<\/a><\/p>\n\n\n\n<h3 class=\"wp-block-heading\" id=\"teleferico\"><span class=\"ez-toc-section\" id=\"Teleferico_de_Sao_Lourenco\"><\/span>Telef\u00e9rico de S\u00e3o Louren\u00e7o<span class=\"ez-toc-section-end\"><\/span><\/h3>\n\n\n\n<p>Pertinho da esta\u00e7\u00e3o de trem, fica o telef\u00e9rico de S\u00e3o Louren\u00e7o. Ele foi fundado em 1993 e \u00e9 bem simples: ainda conta com aquelas cadeiras abertas.<\/p>\n\n\n\n<p>A vista l\u00e1 de cima \u00e9 bonita, mas n\u00e3o tem um mirante propriamente dito. Vale a pena se voc\u00ea gostar de ver as paisagens do alto.<\/p>\n\n\n\n<h3 class=\"wp-block-heading\" id=\"balao\"><span class=\"ez-toc-section\" id=\"Passeio_de_balao\"><\/span>Passeio de bal\u00e3o<span class=\"ez-toc-section-end\"><\/span><\/h3>\n\n\n\n<p>Muita gente tem um sonho de andar de bal\u00e3o, n\u00e9? Se esse for seu caso, prepare-se para acordar cedo e desembolsar cerca de R$550. Nesse valor, est\u00e1 incluso um pequeno caf\u00e9 da manh\u00e3. Pre\u00e7o consultado em novembro de 2022.<\/p>\n\n\n\n<p>O ideal \u00e9 ir com roupas leves e cal\u00e7ado de caminhada, al\u00e9m de bon\u00e9 ou chap\u00e9u, e protetor solar. Ah! \u00c9 importante reservar com anteced\u00eancia, tamb\u00e9m. Aqui, deixo o contato do&nbsp;<strong>Ventura Balonismo:&nbsp;<\/strong>(35) 99148-7376.<\/p>\n\n\n\n<figure class=\"wp-block-image size-large\"><img loading=\"lazy\" decoding=\"async\" width=\"1024\" height=\"768\" src=\"https:\/\/quantocustaviajar.com\/blog\/wp-content\/uploads\/2022\/10\/sao-lourenco-baloes-1-1024x768.jpg\" alt=\"Passeio de Bal\u00e3o\" class=\"wp-image-55588\" srcset=\"https:\/\/quantocustaviajar.com\/blog\/wp-content\/uploads\/2022\/10\/sao-lourenco-baloes-1-1024x768.jpg 1024w, https:\/\/quantocustaviajar.com\/blog\/wp-content\/uploads\/2022\/10\/sao-lourenco-baloes-1-300x225.jpg 300w, https:\/\/quantocustaviajar.com\/blog\/wp-content\/uploads\/2022\/10\/sao-lourenco-baloes-1-768x576.jpg 768w, https:\/\/quantocustaviajar.com\/blog\/wp-content\/uploads\/2022\/10\/sao-lourenco-baloes-1-1536x1152.jpg 1536w, https:\/\/quantocustaviajar.com\/blog\/wp-content\/uploads\/2022\/10\/sao-lourenco-baloes-1-2048x1536.jpg 2048w, https:\/\/quantocustaviajar.com\/blog\/wp-content\/uploads\/2022\/10\/sao-lourenco-baloes-1-1920x1440.jpg 1920w\" sizes=\"auto, (max-width: 1024px) 100vw, 1024px\" \/><figcaption><a href=\"https:\/\/commons.wikimedia.org\/wiki\/File:Inverno_em_S%C3%A3o_Louren%C3%A7o_Minas_Gerais_Brasil.jpg\" target=\"_blank\" rel=\"noreferrer noopener\">Foto: Divulga\u00e7\u00e3o<\/a><\/figcaption><\/figure>\n\n\n\n<h3 class=\"wp-block-heading\" id=\"mantibier\"><span class=\"ez-toc-section\" id=\"Cervejaria_Mantibier\"><\/span>Cervejaria Mantibier<span class=\"ez-toc-section-end\"><\/span><\/h3>\n\n\n\n<p>Que tal visitar a primeira cervejaria da cidade? \u00c9 ela, a Cervejaria Mantibier!<\/p>\n\n\n\n<p>J\u00e1 pensou em tomar cerveja <strong>produzida com as \u00e1guas da Mantiqueira<\/strong>? Pois \u00e9, esse \u00e9 o slogan deles.<\/p>\n\n\n\n<p>O espa\u00e7o \u00e9 maravilhoso, digno de uma gela bem gelada. No segundo piso, voc\u00ea ainda tem uma vista privilegiada dos tanques de fermenta\u00e7\u00e3o. Para quem ama cerveja, \u00e9 o lugar certo!<\/p>\n\n\n\n<p>Fica um pouco afastado do centro, mas n\u00e3o muito longe. \u00c9 s\u00f3 seguir essa localiza\u00e7\u00e3o: Rua Pedro Ribeiro Arantes, 1555 &#8211; Vale dos Pinheiros.<\/p>\n\n\n\n<h3 class=\"wp-block-heading\"><span class=\"ez-toc-section\" id=\"Rota_do_Cafe\"><\/span>Rota do Caf\u00e9<span class=\"ez-toc-section-end\"><\/span><\/h3>\n\n\n\n<p>Conhecer o processo de produ\u00e7\u00e3o de caf\u00e9, desde o p\u00e9 at\u00e9 a x\u00edcara, \u00e9 um \u00f3timo programa, hein? Essa \u00e9 a proposta do Passeio da Rota do Caf\u00e9 Especial, que come\u00e7a em um 4&#215;4 saindo do Cal\u00e7ad\u00e3o em S\u00e3o Louren\u00e7o e vai at\u00e9 a Torrefa\u00e7\u00e3o da Unique Caf\u00e9s.<\/p>\n\n\n\n<p>O percurso passa pelos caf\u00e9zais e, enquanto isso, um profissional vai explicando como funciona cada etapa: da lavoura, \u00e0 torra.<\/p>\n\n\n\n<p>Ficou com vontade de conhecer mais sobre esse gr\u00e3o que d\u00e1 origem a uma bebida fant\u00e1stica, e ainda provar um dos melhores caf\u00e9s da regi\u00e3o? \u00c9 s\u00f3 clicar <a href=\"https:\/\/vendas.eztravel.com.br\/#\/rota-do-cafe-especial\/do-pe-a-xicara-4x4\" target=\"_blank\" rel=\"noreferrer noopener\">aqui<\/a> e reservar seu passeio. <\/p>\n\n\n\n<p><strong><a href=\"https:\/\/quantocustaviajar.com\/blog\/rota-do-cafe-um-guia-de-viagens-no-brasil-para-quem-ama-a-bebida\/\" target=\"_blank\" rel=\"noreferrer noopener\">Descubra a Rota do Caf\u00e9 pelo Brasil nesse roteiro<\/a><\/strong><\/p>\n\n\n\n<h2 class=\"wp-block-heading\"><span class=\"ez-toc-section\" id=\"Onde_se_hospedar\"><\/span>Onde se hospedar<span class=\"ez-toc-section-end\"><\/span><\/h2>\n\n\n\n<p>Como a cidade tem um longo hist\u00f3rico como destino tur\u00edstico, a rede hoteleira de S\u00e3o Louren\u00e7o oferece v\u00e1rias op\u00e7\u00f5es de hospedagem, tanto no centro quanto nos arredores, para quem prefere uma pousada com mais contato com a natureza.<\/p>\n\n\n\n<p>A cidade cresceu em torno do parque das \u00e1guas, ent\u00e3o n\u00e3o faltam op\u00e7\u00f5es para se hospedar:<\/p>\n\n\n\n<h3 class=\"wp-block-heading\"><span class=\"ez-toc-section\" id=\"Pousada_Le_Sape\"><\/span><a href=\"https:\/\/www.booking.com\/hotel\/br\/pousada-le-sapaa.pt-br.html?aid=2161834&amp;sid=aa8ef247c9c8e97bc3c805aa006a4178&amp;dest_id=-671476;dest_type=city;dist=0;group_adults=2;group_children=0;hapos=3;hpos=3;no_rooms=1;req_adults=2;req_children=0;room1=A%2CA;sb_price_type=total;sr_order=popularity;srepoch=1665953988;srpvid=560c93a1263600cf;type=total;ucfs=1&amp;#hotelTmpl\" target=\"_blank\" rel=\"noreferrer noopener\">Pousada Le Sap\u00ea<\/a><span class=\"ez-toc-section-end\"><\/span><\/h3>\n\n\n\n<p>Cercada por natureza, essa pousada lembra muito um hotel fazenda. \u00c9 \u00f3tima para quem est\u00e1 com crian\u00e7as ou mesmo para uma estadia mais rom\u00e2ntica. <\/p>\n\n\n\n<p>O grande destaque s\u00e3o as piscinas: t\u00e9rmicas, com tobo\u00e1guas e at\u00e9 mesmo uma cascata artificial. As estaduas custam a partir de R$385.<\/p>\n\n\n\n<figure class=\"wp-block-image aligncenter size-large\"><img loading=\"lazy\" decoding=\"async\" width=\"1024\" height=\"682\" src=\"https:\/\/quantocustaviajar.com\/blog\/wp-content\/uploads\/2022\/10\/le-sape-1024x682.jpg\" alt=\"Pousada Le Sap\u00ea\" class=\"wp-image-55598\" srcset=\"https:\/\/quantocustaviajar.com\/blog\/wp-content\/uploads\/2022\/10\/le-sape-1024x682.jpg 1024w, https:\/\/quantocustaviajar.com\/blog\/wp-content\/uploads\/2022\/10\/le-sape-300x200.jpg 300w, https:\/\/quantocustaviajar.com\/blog\/wp-content\/uploads\/2022\/10\/le-sape-768x512.jpg 768w, https:\/\/quantocustaviajar.com\/blog\/wp-content\/uploads\/2022\/10\/le-sape.jpg 1280w\" sizes=\"auto, (max-width: 1024px) 100vw, 1024px\" \/><figcaption><a href=\"https:\/\/www.booking.com\/hotel\/br\/pousada-le-sapaa.pt-br.html?ucfs=1&amp;room1=A%2CA&amp;srepoch=1665953988&amp;hpos=3&amp;req_adults=2&amp;req_children=0&amp;no_rooms=1&amp;dest_type=city&amp;dest_id=-671476&amp;dist=0&amp;aid=2161834&amp;group_children=0&amp;group_adults=2&amp;sid=aa8ef247c9c8e97bc3c805aa006a4178&amp;sr_order=popularity&amp;srpvid=560c93a1263600cf&amp;type=total&amp;hapos=3&amp;sb_price_type=total&amp;activeTab=photosGallery\" target=\"_blank\" rel=\"noreferrer noopener\">Foto: Divulga\u00e7\u00e3o<\/a><\/figcaption><\/figure>\n\n\n\n<h3 class=\"wp-block-heading\"><span class=\"ez-toc-section\" id=\"Hotel_Metropole\"><\/span><a href=\"https:\/\/www.booking.com\/hotel\/br\/metropole-sapso-lourenasso.pt-br.html?aid=2161834&amp;sid=aa8ef247c9c8e97bc3c805aa006a4178&amp;dest_id=-671476;dest_type=city;dist=0;group_adults=2;group_children=0;hapos=1;hpos=1;no_rooms=1;req_adults=2;req_children=0;room1=A%2CA;sb_price_type=total;sr_order=class;srepoch=1665953989;srpvid=560c93a1263600cf;type=total;ucfs=1&amp;#hotelTmpl\" target=\"_blank\" rel=\"noreferrer noopener\">Hotel Metr\u00f3pole<\/a><span class=\"ez-toc-section-end\"><\/span><\/h3>\n\n\n\n<p>Esse hotel \u00e9 para quem quer viver a cidade de pertinho. L\u00e1, voc\u00ea vai ter o conforto das su\u00edtes junto com a movimenta\u00e7\u00e3o do centro: perfeito para quem quer fazer tudo \u00e0 p\u00e9: fica a apenas 100 metros do famoso Parque das \u00c1guas! As estadias custam a partir de R$382.<\/p>\n\n\n\n<figure class=\"wp-block-image aligncenter size-large\"><img loading=\"lazy\" decoding=\"async\" width=\"1024\" height=\"678\" src=\"https:\/\/quantocustaviajar.com\/blog\/wp-content\/uploads\/2022\/10\/metropole-1024x678.jpg\" alt=\"Hotel Metr\u00f3pole\" class=\"wp-image-55599\" srcset=\"https:\/\/quantocustaviajar.com\/blog\/wp-content\/uploads\/2022\/10\/metropole-1024x678.jpg 1024w, https:\/\/quantocustaviajar.com\/blog\/wp-content\/uploads\/2022\/10\/metropole-300x199.jpg 300w, https:\/\/quantocustaviajar.com\/blog\/wp-content\/uploads\/2022\/10\/metropole-768x509.jpg 768w, https:\/\/quantocustaviajar.com\/blog\/wp-content\/uploads\/2022\/10\/metropole.jpg 1280w\" sizes=\"auto, (max-width: 1024px) 100vw, 1024px\" \/><figcaption><a href=\"https:\/\/www.booking.com\/hotel\/br\/metropole-sapso-lourenasso.pt-br.html?aid=2161834&amp;sid=aa8ef247c9c8e97bc3c805aa006a4178&amp;dest_id=-671476;dest_type=city;dist=0;group_adults=2;group_children=0;hapos=1;hpos=1;no_rooms=1;req_adults=2;req_children=0;room1=A%2CA;sb_price_type=total;sr_order=class;srepoch=1665953989;srpvid=560c93a1263600cf;type=total;ucfs=1&amp;#hotelTmpl\" target=\"_blank\" rel=\"noreferrer noopener\">Foto: Divulga\u00e7\u00e3o<\/a><\/figcaption><\/figure>\n\n\n\n<h3 class=\"wp-block-heading\"><span class=\"ez-toc-section\" id=\"Grand_Ville_Hotel\"><\/span><a href=\"https:\/\/www.booking.com\/hotel\/br\/grand-ville.pt-br.html?aid=2161834&amp;sid=aa8ef247c9c8e97bc3c805aa006a4178&amp;dest_id=-671476;dest_type=city;dist=0;group_adults=2;group_children=0;hapos=4;hpos=4;no_rooms=1;req_adults=2;req_children=0;room1=A%2CA;sb_price_type=total;sr_order=class;srepoch=1665953989;srpvid=560c93a1263600cf;type=total;ucfs=1&amp;#hotelTmpl\" target=\"_blank\" rel=\"noreferrer noopener\">Grand Ville Hotel<\/a><span class=\"ez-toc-section-end\"><\/span><\/h3>\n\n\n\n<p>Um pouquinho mais afastado do centro, mas com um clima de fazenda, o Grand Ville Hotel surpreende quem fica por l\u00e1.<\/p>\n\n\n\n<p>A propriedade \u00e9 pequena e os quartos s\u00e3o modestos, mas cada cantinho \u00e9 organizado com muito zelo e cuidado. Voc\u00ea vai gostar! As estadias custam a partir de R$282.<\/p>\n\n\n\n<figure class=\"wp-block-image aligncenter size-full\"><img loading=\"lazy\" decoding=\"async\" width=\"900\" height=\"900\" src=\"https:\/\/quantocustaviajar.com\/blog\/wp-content\/uploads\/2022\/10\/grande-ville.jpg\" alt=\"Grand Ville Hotel\" class=\"wp-image-55600\" srcset=\"https:\/\/quantocustaviajar.com\/blog\/wp-content\/uploads\/2022\/10\/grande-ville.jpg 900w, https:\/\/quantocustaviajar.com\/blog\/wp-content\/uploads\/2022\/10\/grande-ville-300x300.jpg 300w, https:\/\/quantocustaviajar.com\/blog\/wp-content\/uploads\/2022\/10\/grande-ville-150x150.jpg 150w, https:\/\/quantocustaviajar.com\/blog\/wp-content\/uploads\/2022\/10\/grande-ville-768x768.jpg 768w\" sizes=\"auto, (max-width: 900px) 100vw, 900px\" \/><figcaption><a href=\"https:\/\/www.booking.com\/hotel\/br\/grand-ville.pt-br.html?aid=2161834&amp;sid=aa8ef247c9c8e97bc3c805aa006a4178&amp;dest_id=-671476&amp;dest_type=city&amp;dist=0&amp;group_adults=2&amp;group_children=0&amp;hapos=4&amp;hpos=4&amp;no_rooms=1&amp;req_adults=2&amp;req_children=0&amp;room1=A%2CA&amp;sb_price_type=total&amp;sr_order=class&amp;srepoch=1665953989&amp;srpvid=560c93a1263600cf&amp;type=total&amp;ucfs=1&amp;activeTab=main\" target=\"_blank\" rel=\"noreferrer noopener\">Foto: Divulga\u00e7\u00e3o<\/a><\/figcaption><\/figure>\n\n\n\n<h3 class=\"wp-block-heading\"><span class=\"ez-toc-section\" id=\"Quanto_tempo_ficar_em_Sao_Lourenco_Minas_Gerais\"><\/span>Quanto tempo ficar em S\u00e3o Louren\u00e7o, Minas Gerais<span class=\"ez-toc-section-end\"><\/span><\/h3>\n\n\n\n<p>Tr\u00eas dias s\u00e3o suficientes para visitar o Parque das \u00c1guas, tomar uma boa cerveja, viajar de bal\u00e3o e se reenergizar com um caf\u00e9. Al\u00e9m de caminhar pelo centrinho, comer muito bem e descansar. <\/p>\n\n\n\n<p>Como fica a cerca de 4h de S\u00e3o Paulo, nossa recomenda\u00e7\u00e3o \u00e9 que voc\u00ea aproveite um feriad\u00e3o ou as mini-f\u00e9rias para chegar e aproveitar com tranquilidade. Afinal, de nada adianta ir na correria e passar pelos lugares s\u00f3 pra bater ponto, n\u00e9? <\/p>\n\n\n\n<figure class=\"wp-block-image aligncenter size-large\"><img loading=\"lazy\" decoding=\"async\" width=\"1024\" height=\"397\" src=\"https:\/\/quantocustaviajar.com\/blog\/wp-content\/uploads\/2022\/10\/sao-lourenco-minas-gerais-1024x397.jpg\" alt=\"S\u00e3o Louren\u00e7o - Minas Gerais\" class=\"wp-image-55585\" srcset=\"https:\/\/quantocustaviajar.com\/blog\/wp-content\/uploads\/2022\/10\/sao-lourenco-minas-gerais-1024x397.jpg 1024w, https:\/\/quantocustaviajar.com\/blog\/wp-content\/uploads\/2022\/10\/sao-lourenco-minas-gerais-300x116.jpg 300w, https:\/\/quantocustaviajar.com\/blog\/wp-content\/uploads\/2022\/10\/sao-lourenco-minas-gerais-768x298.jpg 768w, https:\/\/quantocustaviajar.com\/blog\/wp-content\/uploads\/2022\/10\/sao-lourenco-minas-gerais-1536x596.jpg 1536w, https:\/\/quantocustaviajar.com\/blog\/wp-content\/uploads\/2022\/10\/sao-lourenco-minas-gerais-2048x795.jpg 2048w, https:\/\/quantocustaviajar.com\/blog\/wp-content\/uploads\/2022\/10\/sao-lourenco-minas-gerais-1920x745.jpg 1920w\" sizes=\"auto, (max-width: 1024px) 100vw, 1024px\" \/><figcaption><a href=\"https:\/\/commons.wikimedia.org\/wiki\/File:Igreja_Matriz_S%C3%A3o_Louren%C3%A7o_M%C3%A1rtir_-_S%C3%A3o_Louren%C3%A7o_-_MG_-_panoramio.jpg\" target=\"_blank\" rel=\"noreferrer noopener\">Foto: Divulga\u00e7\u00e3o<\/a><\/figcaption><\/figure>\n\n\n\n<h2 class=\"wp-block-heading\"><span class=\"ez-toc-section\" id=\"Onde_comer\"><\/span>Onde comer<span class=\"ez-toc-section-end\"><\/span><\/h2>\n\n\n\n<p>S\u00e3o Louren\u00e7o, Minas Gerais, \u00e9 pequena e voc\u00ea vai descobrir muitos lugares ao caminhar por l\u00e1. Mas aqui, deixo a dica de dois bons e tradicionais restaurante:<\/p>\n\n\n\n<ul class=\"wp-block-list\"><li><strong>Emp\u00f3rio Gastron\u00f4mico<\/strong>, que \u00e9 especializado em cortes especiais de carnes, mas tamb\u00e9m serve sushi. Os pre\u00e7os s\u00e3o bons e o atendimento tamb\u00e9m. Ele fica na Avenida Get\u00falio Vargas, n\u00ba 284<\/li><\/ul>\n\n\n\n<ul class=\"wp-block-list\"><li><strong>St. Laurent Bistr\u00f4 E Gastronomia<\/strong>, \u00e9 um bistr\u00f4 conhecido pelos vinhos e pela culin\u00e1ria francesa. A comida \u00e9 espetacular, voc\u00ea n\u00e3o vai se arrepender! O endere\u00e7o \u00e9 Avenida Dom Pedro II, n\u00ba 538, Lojas 8 e 9.<\/li><\/ul>\n\n\n\n<h2 class=\"wp-block-heading\"><span class=\"ez-toc-section\" id=\"Como_chegar\"><\/span>Como chegar<span class=\"ez-toc-section-end\"><\/span><\/h2>\n\n\n\n<p>A cidade de S\u00e3o Louren\u00e7o fica em Minas Gerais, na parte sul do estado. Isso \u00e9 \u00f3timo para quem sai de S\u00e3o Paulo de carro, por exemplo. S\u00e3o cerca de 4h-4h30 da capital at\u00e9 a cidade das \u00e1guas. <\/p>\n\n\n\n<p>A melhor rota, apesar dos ped\u00e1gios, ainda \u00e9 seguir pela BR-116 e seguir as placas at\u00e9 l\u00e1.<\/p>\n\n\n\n<blockquote class=\"wp-block-quote is-layout-flow wp-block-quote-is-layout-flow\"><p><a href=\"https:\/\/www.rentcars.com\/?requestorid=52\" target=\"_blank\" rel=\"noreferrer noopener\">Reserve agora seu carro para visitar S\u00e3o Louren\u00e7o em Minas Gerais<\/a><\/p><\/blockquote>\n\n\n\n<h2 class=\"wp-block-heading\"><span class=\"ez-toc-section\" id=\"Quando_ir\"><\/span>Quando ir<span class=\"ez-toc-section-end\"><\/span><\/h2>\n\n\n\n<p>Muitos turistas v\u00e3o para S\u00e3o Louren\u00e7o, Minas Gerais, para visitar o Parque das \u00c1guas. A boa not\u00edcia \u00e9 que ele funciona o ano inteiro!<\/p>\n\n\n\n<p>Mas se voc\u00ea quer aproveitar tudo o que a cidade tem para oferecer, d\u00ea prefer\u00eancia aos meses de <strong>abril a setembro,<\/strong> quando chove menos.<\/p>\n\n\n\n<p>Esses meses s\u00e3o perfeitos para aproveitar o<strong> friozinho <\/strong>que a Serra da Mantiqueira proporciona. De junho a agosto, por exemplo, voc\u00ea vai encontrar <strong>temperaturas abaixo dos 10\u00baC \u00e0 noite.<\/strong><\/p>\n\n\n\n<p>Ah, uma dica! S\u00e3o Louren\u00e7o tamb\u00e9m \u00e9 sede de alguns eventos tradicionais, que vale a pena pesquisar pelas datas:<\/p>\n\n\n\n<ul class=\"wp-block-list\"><li>Encontro de Fuscas e Carros Antigos<\/li><li>S\u00e3o Louren\u00e7o Jazz &amp; Blues<\/li><li>Degusta \u2013 Festival Gastron\u00f4mico de S\u00e3o Louren\u00e7o<\/li><\/ul>\n\n\n\n<p>Tudo de bom e de lindo, n\u00e9? Agora, voc\u00ea j\u00e1 tem tudo o que precisa para visitar essa cidade encantadora, de \u00e1guas curativas, no cora\u00e7\u00e3o da Serra da Mantiqueira. Reserve uma data e se jogue nessa aventura!<\/p>\n","protected":false},"excerpt":{"rendered":"<p>Conhecida por ser um balne\u00e1rio de \u00e1guas minerais com propriedades curativas, S\u00e3o Louren\u00e7o em Minas Gerais \u00e9 um lugar m\u00edstico e curioso para quem quer passear pelas terras mineiras. L\u00e1, voc\u00ea vai encontrar muitos passeios ligados \u00e0 \u00e1gua, mas tamb\u00e9m vai poder visitar cervejarias locais, passear de bal\u00e3o ou conhecer a Rota do Caf\u00e9 Especial. [&hellip;]<\/p>\n","protected":false},"author":17,"featured_media":55587,"comment_status":"open","ping_status":"open","sticky":false,"template":"","format":"standard","meta":{"cybocfi_hide_featured_image":"","footnotes":""},"categories":[1437,1434],"tags":[3273,2740,394,3274,3272,3271,2264],"class_list":["post-55459","post","type-post","status-publish","format-standard","has-post-thumbnail","hentry","category-ao-ar-livre","category-descubra-brasil","tag-aguas-curativas","tag-interior-de-minas-gerais","tag-minas-gerais","tag-passeio-em-minas-gerais","tag-sao-lourenco","tag-sao-lourenco-minas-gerais","tag-serra-da-mantiqueira"],"blocksy_meta":[],"yoast_head":"<!-- This site is optimized with the Yoast SEO plugin v26.3 - https:\/\/yoast.com\/wordpress\/plugins\/seo\/ -->\n<title>S\u00e3o Louren\u00e7o Minas Gerais e a beleza das \u00e1guas que curam<\/title>\n<meta name=\"description\" content=\"Conhe\u00e7a S\u00e3o Louren\u00e7o Minas Gerais: uma cidadezinha cheia de encantos e muita preserva\u00e7\u00e3o ambiental. O lugar certo para recarregar energias.\" \/>\n<meta name=\"robots\" content=\"index, follow, max-snippet:-1, max-image-preview:large, max-video-preview:-1\" \/>\n<link rel=\"canonical\" href=\"https:\/\/quantocustaviajar.com\/blog\/sao-lourenco-minas-gerais\/\" \/>\n<meta property=\"og:locale\" content=\"pt_BR\" \/>\n<meta property=\"og:type\" content=\"article\" \/>\n<meta property=\"og:title\" content=\"S\u00e3o Louren\u00e7o Minas Gerais e a beleza das \u00e1guas que curam\" \/>\n<meta property=\"og:description\" content=\"Conhe\u00e7a S\u00e3o Louren\u00e7o Minas Gerais: uma cidadezinha cheia de encantos e muita preserva\u00e7\u00e3o ambiental. O lugar certo para recarregar energias.\" \/>\n<meta property=\"og:url\" content=\"https:\/\/quantocustaviajar.com\/blog\/sao-lourenco-minas-gerais\/\" \/>\n<meta property=\"og:site_name\" content=\"Blog Quanto Custa Viajar\" \/>\n<meta property=\"article:publisher\" content=\"https:\/\/www.facebook.com\/quantocustaviajar\" \/>\n<meta property=\"article:published_time\" content=\"2022-11-03T19:56:51+00:00\" \/>\n<meta property=\"article:modified_time\" content=\"2022-11-03T20:04:06+00:00\" \/>\n<meta property=\"og:image\" content=\"https:\/\/quantocustaviajar.com\/blog\/wp-content\/uploads\/2022\/10\/parque-das-aguas.jpg\" \/>\n\t<meta property=\"og:image:width\" content=\"2304\" \/>\n\t<meta property=\"og:image:height\" content=\"1728\" \/>\n\t<meta property=\"og:image:type\" content=\"image\/jpeg\" \/>\n<meta name=\"author\" content=\"Luana Aladim\" \/>\n<meta name=\"twitter:card\" content=\"summary_large_image\" \/>\n<meta name=\"twitter:label1\" content=\"Escrito por\" \/>\n\t<meta name=\"twitter:data1\" content=\"Luana Aladim\" \/>\n\t<meta name=\"twitter:label2\" content=\"Est. tempo de leitura\" \/>\n\t<meta name=\"twitter:data2\" content=\"9 minutos\" \/>\n<!-- \/ Yoast SEO plugin. -->","yoast_head_json":{"title":"S\u00e3o Louren\u00e7o Minas Gerais e a beleza das \u00e1guas que curam","description":"Conhe\u00e7a S\u00e3o Louren\u00e7o Minas Gerais: uma cidadezinha cheia de encantos e muita preserva\u00e7\u00e3o ambiental. O lugar certo para recarregar energias.","robots":{"index":"index","follow":"follow","max-snippet":"max-snippet:-1","max-image-preview":"max-image-preview:large","max-video-preview":"max-video-preview:-1"},"canonical":"https:\/\/quantocustaviajar.com\/blog\/sao-lourenco-minas-gerais\/","og_locale":"pt_BR","og_type":"article","og_title":"S\u00e3o Louren\u00e7o Minas Gerais e a beleza das \u00e1guas que curam","og_description":"Conhe\u00e7a S\u00e3o Louren\u00e7o Minas Gerais: uma cidadezinha cheia de encantos e muita preserva\u00e7\u00e3o ambiental. O lugar certo para recarregar energias.","og_url":"https:\/\/quantocustaviajar.com\/blog\/sao-lourenco-minas-gerais\/","og_site_name":"Blog Quanto Custa Viajar","article_publisher":"https:\/\/www.facebook.com\/quantocustaviajar","article_published_time":"2022-11-03T19:56:51+00:00","article_modified_time":"2022-11-03T20:04:06+00:00","og_image":[{"width":2304,"height":1728,"url":"https:\/\/quantocustaviajar.com\/blog\/wp-content\/uploads\/2022\/10\/parque-das-aguas.jpg","type":"image\/jpeg"}],"author":"Luana Aladim","twitter_card":"summary_large_image","twitter_misc":{"Escrito por":"Luana Aladim","Est. tempo de leitura":"9 minutos"},"schema":{"@context":"https:\/\/schema.org","@graph":[{"@type":["Article","BlogPosting"],"@id":"https:\/\/quantocustaviajar.com\/blog\/sao-lourenco-minas-gerais\/#article","isPartOf":{"@id":"https:\/\/quantocustaviajar.com\/blog\/sao-lourenco-minas-gerais\/"},"author":{"name":"Luana Aladim","@id":"https:\/\/quantocustaviajar.com\/blog\/#\/schema\/person\/b70e39c697bb9ac3e8585c614393a99e"},"headline":"S\u00e3o Louren\u00e7o Minas Gerais e a beleza das \u00e1guas que curam","datePublished":"2022-11-03T19:56:51+00:00","dateModified":"2022-11-03T20:04:06+00:00","mainEntityOfPage":{"@id":"https:\/\/quantocustaviajar.com\/blog\/sao-lourenco-minas-gerais\/"},"wordCount":1476,"commentCount":0,"publisher":{"@id":"https:\/\/quantocustaviajar.com\/blog\/#organization"},"image":{"@id":"https:\/\/quantocustaviajar.com\/blog\/sao-lourenco-minas-gerais\/#primaryimage"},"thumbnailUrl":"https:\/\/quantocustaviajar.com\/blog\/wp-content\/uploads\/2022\/10\/parque-das-aguas.jpg","keywords":["aguas curativas","interior de minas gerais","Minas Gerais","passeio em minas gerais","sao lourenco","sao lourenco minas gerais","serra da mantiqueira"],"articleSection":["Ao Ar Livre","Descubra o Brasil"],"inLanguage":"pt-BR","potentialAction":[{"@type":"CommentAction","name":"Comment","target":["https:\/\/quantocustaviajar.com\/blog\/sao-lourenco-minas-gerais\/#respond"]}]},{"@type":"WebPage","@id":"https:\/\/quantocustaviajar.com\/blog\/sao-lourenco-minas-gerais\/","url":"https:\/\/quantocustaviajar.com\/blog\/sao-lourenco-minas-gerais\/","name":"S\u00e3o Louren\u00e7o Minas Gerais e a beleza das \u00e1guas que curam","isPartOf":{"@id":"https:\/\/quantocustaviajar.com\/blog\/#website"},"primaryImageOfPage":{"@id":"https:\/\/quantocustaviajar.com\/blog\/sao-lourenco-minas-gerais\/#primaryimage"},"image":{"@id":"https:\/\/quantocustaviajar.com\/blog\/sao-lourenco-minas-gerais\/#primaryimage"},"thumbnailUrl":"https:\/\/quantocustaviajar.com\/blog\/wp-content\/uploads\/2022\/10\/parque-das-aguas.jpg","datePublished":"2022-11-03T19:56:51+00:00","dateModified":"2022-11-03T20:04:06+00:00","description":"Conhe\u00e7a S\u00e3o Louren\u00e7o Minas Gerais: uma cidadezinha cheia de encantos e muita preserva\u00e7\u00e3o ambiental. O lugar certo para recarregar energias.","breadcrumb":{"@id":"https:\/\/quantocustaviajar.com\/blog\/sao-lourenco-minas-gerais\/#breadcrumb"},"inLanguage":"pt-BR","potentialAction":[{"@type":"ReadAction","target":["https:\/\/quantocustaviajar.com\/blog\/sao-lourenco-minas-gerais\/"]}]},{"@type":"ImageObject","inLanguage":"pt-BR","@id":"https:\/\/quantocustaviajar.com\/blog\/sao-lourenco-minas-gerais\/#primaryimage","url":"https:\/\/quantocustaviajar.com\/blog\/wp-content\/uploads\/2022\/10\/parque-das-aguas.jpg","contentUrl":"https:\/\/quantocustaviajar.com\/blog\/wp-content\/uploads\/2022\/10\/parque-das-aguas.jpg","width":2304,"height":1728},{"@type":"BreadcrumbList","@id":"https:\/\/quantocustaviajar.com\/blog\/sao-lourenco-minas-gerais\/#breadcrumb","itemListElement":[{"@type":"ListItem","position":1,"name":"In\u00edcio","item":"https:\/\/quantocustaviajar.com\/blog\/"},{"@type":"ListItem","position":2,"name":"S\u00e3o Louren\u00e7o Minas Gerais e a beleza das \u00e1guas que curam"}]},{"@type":"WebSite","@id":"https:\/\/quantocustaviajar.com\/blog\/#website","url":"https:\/\/quantocustaviajar.com\/blog\/","name":"Blog Quanto Custa Viajar","description":"","publisher":{"@id":"https:\/\/quantocustaviajar.com\/blog\/#organization"},"potentialAction":[{"@type":"SearchAction","target":{"@type":"EntryPoint","urlTemplate":"https:\/\/quantocustaviajar.com\/blog\/?s={search_term_string}"},"query-input":{"@type":"PropertyValueSpecification","valueRequired":true,"valueName":"search_term_string"}}],"inLanguage":"pt-BR"},{"@type":"Organization","@id":"https:\/\/quantocustaviajar.com\/blog\/#organization","name":"Quanto Custa Viajar","url":"https:\/\/quantocustaviajar.com\/blog\/","logo":{"@type":"ImageObject","inLanguage":"pt-BR","@id":"https:\/\/quantocustaviajar.com\/blog\/#\/schema\/logo\/image\/","url":"","contentUrl":"","caption":"Quanto Custa Viajar"},"image":{"@id":"https:\/\/quantocustaviajar.com\/blog\/#\/schema\/logo\/image\/"},"sameAs":["https:\/\/www.facebook.com\/quantocustaviajar"]},{"@type":"Person","@id":"https:\/\/quantocustaviajar.com\/blog\/#\/schema\/person\/b70e39c697bb9ac3e8585c614393a99e","name":"Luana Aladim","image":{"@type":"ImageObject","inLanguage":"pt-BR","@id":"https:\/\/quantocustaviajar.com\/blog\/#\/schema\/person\/image\/","url":"https:\/\/secure.gravatar.com\/avatar\/1fa4434b0a9643e0b66248ebd844bf6965834842c28e3442b1ae7bb534e70d67?s=96&d=mm&r=g","contentUrl":"https:\/\/secure.gravatar.com\/avatar\/1fa4434b0a9643e0b66248ebd844bf6965834842c28e3442b1ae7bb534e70d67?s=96&d=mm&r=g","caption":"Luana Aladim"},"url":"https:\/\/quantocustaviajar.com\/blog\/author\/luana\/"}]}},"_links":{"self":[{"href":"https:\/\/quantocustaviajar.com\/blog\/wp-json\/wp\/v2\/posts\/55459","targetHints":{"allow":["GET"]}}],"collection":[{"href":"https:\/\/quantocustaviajar.com\/blog\/wp-json\/wp\/v2\/posts"}],"about":[{"href":"https:\/\/quantocustaviajar.com\/blog\/wp-json\/wp\/v2\/types\/post"}],"author":[{"embeddable":true,"href":"https:\/\/quantocustaviajar.com\/blog\/wp-json\/wp\/v2\/users\/17"}],"replies":[{"embeddable":true,"href":"https:\/\/quantocustaviajar.com\/blog\/wp-json\/wp\/v2\/comments?post=55459"}],"version-history":[{"count":13,"href":"https:\/\/quantocustaviajar.com\/blog\/wp-json\/wp\/v2\/posts\/55459\/revisions"}],"predecessor-version":[{"id":55711,"href":"https:\/\/quantocustaviajar.com\/blog\/wp-json\/wp\/v2\/posts\/55459\/revisions\/55711"}],"wp:featuredmedia":[{"embeddable":true,"href":"https:\/\/quantocustaviajar.com\/blog\/wp-json\/wp\/v2\/media\/55587"}],"wp:attachment":[{"href":"https:\/\/quantocustaviajar.com\/blog\/wp-json\/wp\/v2\/media?parent=55459"}],"wp:term":[{"taxonomy":"category","embeddable":true,"href":"https:\/\/quantocustaviajar.com\/blog\/wp-json\/wp\/v2\/categories?post=55459"},{"taxonomy":"post_tag","embeddable":true,"href":"https:\/\/quantocustaviajar.com\/blog\/wp-json\/wp\/v2\/tags?post=55459"}],"curies":[{"name":"wp","href":"https:\/\/api.w.org\/{rel}","templated":true}]}}