{"id":55100,"date":"2022-09-14T13:44:29","date_gmt":"2022-09-14T13:44:29","guid":{"rendered":"https:\/\/quantocustaviajar.com\/blog\/?p=55100"},"modified":"2025-08-06T18:34:00","modified_gmt":"2025-08-06T18:34:00","slug":"ilha-dos-arvoredos","status":"publish","type":"post","link":"https:\/\/quantocustaviajar.com\/blog\/ilha-dos-arvoredos\/","title":{"rendered":"Ilha dos Arvoredos, uma atra\u00e7\u00e3o \u00edmpar no litoral paulista"},"content":{"rendered":"\n<p><em>A Ilha dos Arvoredos, localizada no Guaruj\u00e1, \u00e9 uma atra\u00e7\u00e3o \u00edmpar no litoral paulista.&nbsp;<\/em><\/p>\n\n\n\n<p>Aberta a visita\u00e7\u00e3o, a ilha tem sido procurada n\u00e3o apenas como ponto tur\u00edstico, mas tamb\u00e9m por estudantes e pesquisadores, considerando a hist\u00f3ria que ela apresenta.<\/p>\n\n\n\n<p>A ilha era apenas um grande rochedo em meio ao mar, a um quilometro e meio da praia, sem qualquer local para aportar um barco, devido as altas pedras que a cercavam e a forte rebenta\u00e7\u00e3o do mar no cost\u00e3o.&nbsp;<\/p>\n\n\n\n<p>Foi na d\u00e9cada de 50, que o engenheiro&nbsp;Fernando Eduardo Lee<strong>,&nbsp;<\/strong>decidiu transformar o rochedo em uma ilha totalmente sustent\u00e1vel. Dizem que todos os g\u00eanios s\u00e3o loucos, e foram essas loucuras que fizeram da Ilha dos Arvoredos um lugar \u00fanico.<\/p>\n\n\n\n<figure class=\"wp-block-image aligncenter size-large\"><img loading=\"lazy\" decoding=\"async\" width=\"1024\" height=\"576\" src=\"https:\/\/quantocustaviajar.com\/blog\/wp-content\/uploads\/2022\/09\/unnamed-9-1024x576.jpg\" alt=\"\" class=\"wp-image-55101\" srcset=\"https:\/\/quantocustaviajar.com\/blog\/wp-content\/uploads\/2022\/09\/unnamed-9-1024x576.jpg 1024w, https:\/\/quantocustaviajar.com\/blog\/wp-content\/uploads\/2022\/09\/unnamed-9-300x169.jpg 300w, https:\/\/quantocustaviajar.com\/blog\/wp-content\/uploads\/2022\/09\/unnamed-9-768x432.jpg 768w, https:\/\/quantocustaviajar.com\/blog\/wp-content\/uploads\/2022\/09\/unnamed-9-1536x864.jpg 1536w, https:\/\/quantocustaviajar.com\/blog\/wp-content\/uploads\/2022\/09\/unnamed-9.jpg 1600w\" sizes=\"auto, (max-width: 1024px) 100vw, 1024px\" \/><\/figure>\n\n\n\n<p>O primeiro obst\u00e1culo a ser transposto era de como atracar. A genialidade e um gosto diferenciado, construiu em concreto uma grande F\u00eanix que brota da pedra al\u00e7ando um voo, de onde um guincho sai da parte de baixo para i\u00e7ar um bote e coloc\u00e1-lo em uma plataforma.<\/p>\n\n\n\n<p>A partir de ent\u00e3o, o desafio passou a ser como plantar em cima da rocha. Foram in\u00fameras viagens de terra, criando sobre as pedras uma camada suficiente para que as ra\u00edzes de arbustos pudessem se fixar.<\/p>\n\n\n\n<p>Pedras retiradas do rochedo substitu\u00edram tijolos na constru\u00e7\u00e3o de uma casa confort\u00e1vel com dois amplos quartos, sala com lareira e varanda que avan\u00e7a sobre um penhasco.<\/p>\n\n\n\n<p>Chegamos aos anos 60, e pela primeira vez placa solares s\u00e3o utilizadas para gerar energia. Capta\u00e7\u00e3o de \u00e1gua pluvial em um grande reservat\u00f3rio e o in\u00edcio de um centro de pesquisa se instalam na ilha.<\/p>\n\n\n\n<p>Uma caixa de \u00e1gua em forma de foguete e um farol s\u00e3o constru\u00eddos no topo, al\u00e9m de uma s\u00e9rie de outras ideias sustent\u00e1veis e at\u00e9 ent\u00e3o pouco convencionais, que se pode conhecer em visita a Ilha dos Arvoredos.<\/p>\n\n\n\n<p>Hoje sob os cuidados da Funda\u00e7\u00e3o Fernando Lee, em parceria com a UNAERP, se tornou um grande centro de pesquisa em diversas \u00e1reas, e atrav\u00e9s da parceria com o Instituto Nova Mar\u00e9 (INMAR), foi aberta para visita\u00e7\u00e3o, que pode ser agendada com a Enjoy Experience, atrav\u00e9s do site:&nbsp;<a href=\"https:\/\/enjoyexperience.com.br\/\" target=\"_blank\" rel=\"noreferrer noopener\">https:\/\/enjoyexperience.com.br<\/a><\/p>\n\n\n\n<p><strong><a href=\"https:\/\/www.booking.com\/searchresults.pt-br.html?aid=2161834&amp;sid=78b231a388440edd7ec1490702c9d10b&amp;sb=1&amp;sb_lp=1&amp;src=index&amp;src_elem=sb&amp;error_url=https%3A%2F%2Fwww.booking.com%2Findex.pt-br.html%3Faid%3D2161834%3Bsid%3D78b231a388440edd7ec1490702c9d10b%3Bsb_price_type%3Dtotal%26%3B&amp;ss=Guaruj%C3%A1%2C+Estado+de+S%C3%A3o+Paulo%2C+Brasil&amp;is_ski_area=&amp;ssne=El+Calafate&amp;ssne_untouched=El+Calafate&amp;checkin_year=2022&amp;checkin_month=12&amp;checkin_monthday=5&amp;checkout_year=2022&amp;checkout_month=12&amp;checkout_monthday=12&amp;group_adults=2&amp;group_children=0&amp;no_rooms=1&amp;b_h4u_keep_filters=&amp;from_sf=1&amp;ss_raw=guaruj&amp;ac_position=0&amp;ac_langcode=xb&amp;ac_click_type=b&amp;dest_id=-645946&amp;dest_type=city&amp;place_id_lat=-23.9946&amp;place_id_lon=-46.2569&amp;search_pageview_id=72b26050d3500120&amp;search_selected=true&amp;search_pageview_id=72b26050d3500120&amp;ac_suggestion_list_length=5&amp;ac_suggestion_theme_list_length=0\" target=\"_blank\" rel=\"noreferrer noopener\">Encontre aqui sua hospedagem no Guaruj\u00e1 <\/a><\/strong><\/p>\n\n\n\n<p>Texto e foto enviados por <strong>AMIgo! Comunica\u00e7\u00e3o Integrada<\/strong><\/p>\n\n\n\n<p><\/p>\n","protected":false},"excerpt":{"rendered":"<p>A Ilha dos Arvoredos, localizada no Guaruj\u00e1, \u00e9 uma atra\u00e7\u00e3o \u00edmpar no litoral paulista.&nbsp; Aberta a visita\u00e7\u00e3o, a ilha tem sido procurada n\u00e3o apenas como ponto tur\u00edstico, mas tamb\u00e9m por estudantes e pesquisadores, considerando a hist\u00f3ria que ela apresenta. A ilha era apenas um grande rochedo em meio ao mar, a um quilometro e meio [&hellip;]<\/p>\n","protected":false},"author":9,"featured_media":55101,"comment_status":"open","ping_status":"open","sticky":false,"template":"","format":"standard","meta":{"cybocfi_hide_featured_image":"","footnotes":""},"categories":[1437,1434],"tags":[2299,2541,2375],"class_list":["post-55100","post","type-post","status-publish","format-standard","has-post-thumbnail","hentry","category-ao-ar-livre","category-descubra-brasil","tag-guaruja","tag-litoral-paulista","tag-verao-2"],"blocksy_meta":[],"yoast_head":"<!-- This site is optimized with the Yoast SEO plugin v26.3 - https:\/\/yoast.com\/wordpress\/plugins\/seo\/ -->\n<title>Ilha dos Arvoredos, uma atra\u00e7\u00e3o \u00edmpar no litoral paulista<\/title>\n<meta name=\"robots\" content=\"index, follow, max-snippet:-1, max-image-preview:large, max-video-preview:-1\" \/>\n<link rel=\"canonical\" href=\"https:\/\/quantocustaviajar.com\/blog\/ilha-dos-arvoredos\/\" \/>\n<meta property=\"og:locale\" content=\"pt_BR\" \/>\n<meta property=\"og:type\" content=\"article\" \/>\n<meta property=\"og:title\" content=\"Ilha dos Arvoredos, uma atra\u00e7\u00e3o \u00edmpar no litoral paulista\" \/>\n<meta property=\"og:description\" content=\"A Ilha dos Arvoredos, localizada no Guaruj\u00e1, \u00e9 uma atra\u00e7\u00e3o \u00edmpar no litoral paulista.&nbsp; Aberta a visita\u00e7\u00e3o, a ilha tem sido procurada n\u00e3o apenas como ponto tur\u00edstico, mas tamb\u00e9m por estudantes e pesquisadores, considerando a hist\u00f3ria que ela apresenta. A ilha era apenas um grande rochedo em meio ao mar, a um quilometro e meio [&hellip;]\" \/>\n<meta property=\"og:url\" content=\"https:\/\/quantocustaviajar.com\/blog\/ilha-dos-arvoredos\/\" \/>\n<meta property=\"og:site_name\" content=\"Blog Quanto Custa Viajar\" \/>\n<meta property=\"article:publisher\" content=\"https:\/\/www.facebook.com\/quantocustaviajar\" \/>\n<meta property=\"article:published_time\" content=\"2022-09-14T13:44:29+00:00\" \/>\n<meta property=\"article:modified_time\" content=\"2025-08-06T18:34:00+00:00\" \/>\n<meta property=\"og:image\" content=\"https:\/\/quantocustaviajar.com\/blog\/wp-content\/uploads\/2022\/09\/unnamed-9.jpg\" \/>\n\t<meta property=\"og:image:width\" content=\"1600\" \/>\n\t<meta property=\"og:image:height\" content=\"900\" \/>\n\t<meta property=\"og:image:type\" content=\"image\/jpeg\" \/>\n<meta name=\"author\" content=\"Reda\u00e7\u00e3o QCV\" \/>\n<meta name=\"twitter:card\" content=\"summary_large_image\" \/>\n<meta name=\"twitter:label1\" content=\"Escrito por\" \/>\n\t<meta name=\"twitter:data1\" content=\"Reda\u00e7\u00e3o QCV\" \/>\n\t<meta name=\"twitter:label2\" content=\"Est. tempo de leitura\" \/>\n\t<meta name=\"twitter:data2\" content=\"3 minutos\" \/>\n<!-- \/ Yoast SEO plugin. -->","yoast_head_json":{"title":"Ilha dos Arvoredos, uma atra\u00e7\u00e3o \u00edmpar no litoral paulista","robots":{"index":"index","follow":"follow","max-snippet":"max-snippet:-1","max-image-preview":"max-image-preview:large","max-video-preview":"max-video-preview:-1"},"canonical":"https:\/\/quantocustaviajar.com\/blog\/ilha-dos-arvoredos\/","og_locale":"pt_BR","og_type":"article","og_title":"Ilha dos Arvoredos, uma atra\u00e7\u00e3o \u00edmpar no litoral paulista","og_description":"A Ilha dos Arvoredos, localizada no Guaruj\u00e1, \u00e9 uma atra\u00e7\u00e3o \u00edmpar no litoral paulista.&nbsp; Aberta a visita\u00e7\u00e3o, a ilha tem sido procurada n\u00e3o apenas como ponto tur\u00edstico, mas tamb\u00e9m por estudantes e pesquisadores, considerando a hist\u00f3ria que ela apresenta. A ilha era apenas um grande rochedo em meio ao mar, a um quilometro e meio [&hellip;]","og_url":"https:\/\/quantocustaviajar.com\/blog\/ilha-dos-arvoredos\/","og_site_name":"Blog Quanto Custa Viajar","article_publisher":"https:\/\/www.facebook.com\/quantocustaviajar","article_published_time":"2022-09-14T13:44:29+00:00","article_modified_time":"2025-08-06T18:34:00+00:00","og_image":[{"width":1600,"height":900,"url":"https:\/\/quantocustaviajar.com\/blog\/wp-content\/uploads\/2022\/09\/unnamed-9.jpg","type":"image\/jpeg"}],"author":"Reda\u00e7\u00e3o QCV","twitter_card":"summary_large_image","twitter_misc":{"Escrito por":"Reda\u00e7\u00e3o QCV","Est. tempo de leitura":"3 minutos"},"schema":{"@context":"https:\/\/schema.org","@graph":[{"@type":["Article","BlogPosting"],"@id":"https:\/\/quantocustaviajar.com\/blog\/ilha-dos-arvoredos\/#article","isPartOf":{"@id":"https:\/\/quantocustaviajar.com\/blog\/ilha-dos-arvoredos\/"},"author":{"name":"Reda\u00e7\u00e3o QCV","@id":"https:\/\/quantocustaviajar.com\/blog\/#\/schema\/person\/b99c49b1272e2104cc84a5a84122b751"},"headline":"Ilha dos Arvoredos, uma atra\u00e7\u00e3o \u00edmpar no litoral paulista","datePublished":"2022-09-14T13:44:29+00:00","dateModified":"2025-08-06T18:34:00+00:00","mainEntityOfPage":{"@id":"https:\/\/quantocustaviajar.com\/blog\/ilha-dos-arvoredos\/"},"wordCount":418,"commentCount":0,"publisher":{"@id":"https:\/\/quantocustaviajar.com\/blog\/#organization"},"image":{"@id":"https:\/\/quantocustaviajar.com\/blog\/ilha-dos-arvoredos\/#primaryimage"},"thumbnailUrl":"https:\/\/quantocustaviajar.com\/blog\/wp-content\/uploads\/2022\/09\/unnamed-9.jpg","keywords":["guaruja","litoral paulista","verao"],"articleSection":["Ao Ar Livre","Descubra o Brasil"],"inLanguage":"pt-BR","potentialAction":[{"@type":"CommentAction","name":"Comment","target":["https:\/\/quantocustaviajar.com\/blog\/ilha-dos-arvoredos\/#respond"]}]},{"@type":"WebPage","@id":"https:\/\/quantocustaviajar.com\/blog\/ilha-dos-arvoredos\/","url":"https:\/\/quantocustaviajar.com\/blog\/ilha-dos-arvoredos\/","name":"Ilha dos Arvoredos, uma atra\u00e7\u00e3o \u00edmpar no litoral paulista","isPartOf":{"@id":"https:\/\/quantocustaviajar.com\/blog\/#website"},"primaryImageOfPage":{"@id":"https:\/\/quantocustaviajar.com\/blog\/ilha-dos-arvoredos\/#primaryimage"},"image":{"@id":"https:\/\/quantocustaviajar.com\/blog\/ilha-dos-arvoredos\/#primaryimage"},"thumbnailUrl":"https:\/\/quantocustaviajar.com\/blog\/wp-content\/uploads\/2022\/09\/unnamed-9.jpg","datePublished":"2022-09-14T13:44:29+00:00","dateModified":"2025-08-06T18:34:00+00:00","breadcrumb":{"@id":"https:\/\/quantocustaviajar.com\/blog\/ilha-dos-arvoredos\/#breadcrumb"},"inLanguage":"pt-BR","potentialAction":[{"@type":"ReadAction","target":["https:\/\/quantocustaviajar.com\/blog\/ilha-dos-arvoredos\/"]}]},{"@type":"ImageObject","inLanguage":"pt-BR","@id":"https:\/\/quantocustaviajar.com\/blog\/ilha-dos-arvoredos\/#primaryimage","url":"https:\/\/quantocustaviajar.com\/blog\/wp-content\/uploads\/2022\/09\/unnamed-9.jpg","contentUrl":"https:\/\/quantocustaviajar.com\/blog\/wp-content\/uploads\/2022\/09\/unnamed-9.jpg","width":1600,"height":900},{"@type":"BreadcrumbList","@id":"https:\/\/quantocustaviajar.com\/blog\/ilha-dos-arvoredos\/#breadcrumb","itemListElement":[{"@type":"ListItem","position":1,"name":"In\u00edcio","item":"https:\/\/quantocustaviajar.com\/blog\/"},{"@type":"ListItem","position":2,"name":"Ilha dos Arvoredos, uma atra\u00e7\u00e3o \u00edmpar no litoral paulista"}]},{"@type":"WebSite","@id":"https:\/\/quantocustaviajar.com\/blog\/#website","url":"https:\/\/quantocustaviajar.com\/blog\/","name":"Blog Quanto Custa Viajar","description":"","publisher":{"@id":"https:\/\/quantocustaviajar.com\/blog\/#organization"},"potentialAction":[{"@type":"SearchAction","target":{"@type":"EntryPoint","urlTemplate":"https:\/\/quantocustaviajar.com\/blog\/?s={search_term_string}"},"query-input":{"@type":"PropertyValueSpecification","valueRequired":true,"valueName":"search_term_string"}}],"inLanguage":"pt-BR"},{"@type":"Organization","@id":"https:\/\/quantocustaviajar.com\/blog\/#organization","name":"Quanto Custa Viajar","url":"https:\/\/quantocustaviajar.com\/blog\/","logo":{"@type":"ImageObject","inLanguage":"pt-BR","@id":"https:\/\/quantocustaviajar.com\/blog\/#\/schema\/logo\/image\/","url":"","contentUrl":"","caption":"Quanto Custa Viajar"},"image":{"@id":"https:\/\/quantocustaviajar.com\/blog\/#\/schema\/logo\/image\/"},"sameAs":["https:\/\/www.facebook.com\/quantocustaviajar"]},{"@type":"Person","@id":"https:\/\/quantocustaviajar.com\/blog\/#\/schema\/person\/b99c49b1272e2104cc84a5a84122b751","name":"Reda\u00e7\u00e3o QCV","image":{"@type":"ImageObject","inLanguage":"pt-BR","@id":"https:\/\/quantocustaviajar.com\/blog\/#\/schema\/person\/image\/","url":"https:\/\/secure.gravatar.com\/avatar\/e7b47d7a4633897697c32e0a2a1ad3abd9ca142ad0d9b7897241c6115247561b?s=96&d=mm&r=g","contentUrl":"https:\/\/secure.gravatar.com\/avatar\/e7b47d7a4633897697c32e0a2a1ad3abd9ca142ad0d9b7897241c6115247561b?s=96&d=mm&r=g","caption":"Reda\u00e7\u00e3o QCV"},"url":"https:\/\/quantocustaviajar.com\/blog\/author\/redacao\/"}]}},"_links":{"self":[{"href":"https:\/\/quantocustaviajar.com\/blog\/wp-json\/wp\/v2\/posts\/55100","targetHints":{"allow":["GET"]}}],"collection":[{"href":"https:\/\/quantocustaviajar.com\/blog\/wp-json\/wp\/v2\/posts"}],"about":[{"href":"https:\/\/quantocustaviajar.com\/blog\/wp-json\/wp\/v2\/types\/post"}],"author":[{"embeddable":true,"href":"https:\/\/quantocustaviajar.com\/blog\/wp-json\/wp\/v2\/users\/9"}],"replies":[{"embeddable":true,"href":"https:\/\/quantocustaviajar.com\/blog\/wp-json\/wp\/v2\/comments?post=55100"}],"version-history":[{"count":2,"href":"https:\/\/quantocustaviajar.com\/blog\/wp-json\/wp\/v2\/posts\/55100\/revisions"}],"predecessor-version":[{"id":81662,"href":"https:\/\/quantocustaviajar.com\/blog\/wp-json\/wp\/v2\/posts\/55100\/revisions\/81662"}],"wp:featuredmedia":[{"embeddable":true,"href":"https:\/\/quantocustaviajar.com\/blog\/wp-json\/wp\/v2\/media\/55101"}],"wp:attachment":[{"href":"https:\/\/quantocustaviajar.com\/blog\/wp-json\/wp\/v2\/media?parent=55100"}],"wp:term":[{"taxonomy":"category","embeddable":true,"href":"https:\/\/quantocustaviajar.com\/blog\/wp-json\/wp\/v2\/categories?post=55100"},{"taxonomy":"post_tag","embeddable":true,"href":"https:\/\/quantocustaviajar.com\/blog\/wp-json\/wp\/v2\/tags?post=55100"}],"curies":[{"name":"wp","href":"https:\/\/api.w.org\/{rel}","templated":true}]}}