{"id":55053,"date":"2025-01-11T17:14:00","date_gmt":"2025-01-11T17:14:00","guid":{"rendered":"https:\/\/quantocustaviajar.com\/blog\/?p=55053"},"modified":"2025-06-10T19:04:31","modified_gmt":"2025-06-10T19:04:31","slug":"domingos-martins-no-es","status":"publish","type":"post","link":"https:\/\/quantocustaviajar.com\/blog\/domingos-martins-no-es\/","title":{"rendered":"Domingos Martins: tudo sobre este destino Serrano incr\u00edvel no ES"},"content":{"rendered":"\n<p>A cidade de <strong>Domingos Martins<\/strong>, no <a href=\"https:\/\/quantocustaviajar.com\/blog\/lugares-para-conhecer-no-espirito-santo\/\">Esp\u00edrito Santo<\/a>, \u00e9 uma pedida certeira para aqueles que buscam ref\u00fagio das cidades grandes, aconchego, natureza e calmaria.<\/p><div id=\"ez-toc-container\" class=\"ez-toc-v2_0_76 ez-toc-wrap-left counter-hierarchy ez-toc-counter ez-toc-light-blue ez-toc-container-direction\">\n<div class=\"ez-toc-title-container\">\n<p class=\"ez-toc-title\" style=\"cursor:inherit\">Aqui voc\u00ea ir\u00e1 encontrar<\/p>\n<span class=\"ez-toc-title-toggle\"><a href=\"#\" class=\"ez-toc-pull-right ez-toc-btn ez-toc-btn-xs ez-toc-btn-default ez-toc-toggle\" aria-label=\"Alternar tabela de conte\u00fado\"><span class=\"ez-toc-js-icon-con\"><span class=\"\"><span class=\"eztoc-hide\" style=\"display:none;\">Toggle<\/span><span class=\"ez-toc-icon-toggle-span\"><svg style=\"fill: #999;color:#999\" xmlns=\"http:\/\/www.w3.org\/2000\/svg\" class=\"list-377408\" width=\"20px\" height=\"20px\" viewBox=\"0 0 24 24\" fill=\"none\"><path d=\"M6 6H4v2h2V6zm14 0H8v2h12V6zM4 11h2v2H4v-2zm16 0H8v2h12v-2zM4 16h2v2H4v-2zm16 0H8v2h12v-2z\" fill=\"currentColor\"><\/path><\/svg><svg style=\"fill: #999;color:#999\" class=\"arrow-unsorted-368013\" xmlns=\"http:\/\/www.w3.org\/2000\/svg\" width=\"10px\" height=\"10px\" viewBox=\"0 0 24 24\" version=\"1.2\" baseProfile=\"tiny\"><path d=\"M18.2 9.3l-6.2-6.3-6.2 6.3c-.2.2-.3.4-.3.7s.1.5.3.7c.2.2.4.3.7.3h11c.3 0 .5-.1.7-.3.2-.2.3-.5.3-.7s-.1-.5-.3-.7zM5.8 14.7l6.2 6.3 6.2-6.3c.2-.2.3-.5.3-.7s-.1-.5-.3-.7c-.2-.2-.4-.3-.7-.3h-11c-.3 0-.5.1-.7.3-.2.2-.3.5-.3.7s.1.5.3.7z\"\/><\/svg><\/span><\/span><\/span><\/a><\/span><\/div>\n<nav><ul class='ez-toc-list ez-toc-list-level-1 ' ><li class='ez-toc-page-1 ez-toc-heading-level-2'><a class=\"ez-toc-link ez-toc-heading-1\" href=\"https:\/\/quantocustaviajar.com\/blog\/domingos-martins-no-es\/#Uma_pequena_contextualizacao_sobre_Domingos_Martins\" >Uma pequena contextualiza\u00e7\u00e3o sobre Domingos Martins<\/a><\/li><li class='ez-toc-page-1 ez-toc-heading-level-2'><a class=\"ez-toc-link ez-toc-heading-2\" href=\"https:\/\/quantocustaviajar.com\/blog\/domingos-martins-no-es\/#O_que_fazer_em_Domingos_Martins\" >O que fazer em Domingos Martins<\/a><\/li><li class='ez-toc-page-1 ez-toc-heading-level-2'><a class=\"ez-toc-link ez-toc-heading-3\" href=\"https:\/\/quantocustaviajar.com\/blog\/domingos-martins-no-es\/#Dicas_de_hospedagem_em_Domingos_Martins\" >Dicas de hospedagem em Domingos Martins<\/a><\/li><li class='ez-toc-page-1 ez-toc-heading-level-2'><a class=\"ez-toc-link ez-toc-heading-4\" href=\"https:\/\/quantocustaviajar.com\/blog\/domingos-martins-no-es\/#Onde_comer_em_Domingos_Martins\" >Onde comer em Domingos Martins<\/a><\/li><li class='ez-toc-page-1 ez-toc-heading-level-2'><a class=\"ez-toc-link ez-toc-heading-5\" href=\"https:\/\/quantocustaviajar.com\/blog\/domingos-martins-no-es\/#Quando_ir\" >Quando ir<\/a><\/li><li class='ez-toc-page-1 ez-toc-heading-level-2'><a class=\"ez-toc-link ez-toc-heading-6\" href=\"https:\/\/quantocustaviajar.com\/blog\/domingos-martins-no-es\/#Como_chegar_em_Domingos_Martins\" >Como chegar em Domingos Martins<\/a><\/li><\/ul><\/nav><\/div>\n\n\n\n\n<p>O buc\u00f3lico e pequeno munic\u00edpio \u00e9 uma preciosidade na regi\u00e3o Serrana do estado, que envolve o local com belas paisagens, montanhas e clima agrad\u00e1vel o ano todo.<\/p>\n\n\n\n<p>Com atra\u00e7\u00f5es imperd\u00edveis, boa gastronomia e paisagens naturais, <strong>Domingos Martins <\/strong>conquista os viajantes independente da idade.<\/p>\n\n\n\n<figure class=\"wp-block-image aligncenter size-full is-resized\"><img loading=\"lazy\" decoding=\"async\" src=\"https:\/\/quantocustaviajar.com\/blog\/wp-content\/uploads\/2022\/09\/getlstd-property-photo.jpg\" alt=\"\" class=\"wp-image-55065\" width=\"773\" height=\"580\" srcset=\"https:\/\/quantocustaviajar.com\/blog\/wp-content\/uploads\/2022\/09\/getlstd-property-photo.jpg 600w, https:\/\/quantocustaviajar.com\/blog\/wp-content\/uploads\/2022\/09\/getlstd-property-photo-300x225.jpg 300w\" sizes=\"auto, (max-width: 773px) 100vw, 773px\" \/><figcaption>Foto: <a href=\"https:\/\/www.tripadvisor.com.br\/Tourism-g1076184-Domingos_Martins_State_of_Espirito_Santo-Vacations.html#\/media\/1076184\/'126628753':p\/?focusedIndex=1\" target=\"_blank\" rel=\"noreferrer noopener\">Tripadvisor<\/a><\/figcaption><\/figure>\n\n\n\n<p>Confira nosso guia completo para <strong>Domingos Martins<\/strong>, saiba onde ficar, os melhores restaurantes, dicas de quando ir e o que fazer enquanto estiver l\u00e1.<\/p>\n\n\n\n<h2 class=\"wp-block-heading\"><span class=\"ez-toc-section\" id=\"Uma_pequena_contextualizacao_sobre_Domingos_Martins\"><\/span><strong>Uma pequena contextualiza\u00e7\u00e3o sobre Domingos Martins<\/strong><span class=\"ez-toc-section-end\"><\/span><\/h2>\n\n\n\n<p>Localizada a 45 km da capital capixaba Vit\u00f3ria, <strong>Domingos Martins <\/strong>foi colonizada por italianos e alem\u00e3es e mant\u00e9m at\u00e9 os dias atuais a cultura herdada, por meio de sua arquitetura, festas folcl\u00f3ricas e excelente culin\u00e1ria.<\/p>\n\n\n\n<p>Um dos principais atrativos do munic\u00edpio s\u00e3o suas baixas temperaturas, diferente das famosas cidades litor\u00e2neas do Esp\u00edrito Santo, alcan\u00e7ando em m\u00e9dia 14\u00baC durante o ano e caindo ainda mais durante o inverno.<\/p>\n\n\n\n<p>Com o frio, as belas paisagens naturais, a gastronomia, os passeios e o aconchego da Serra, <strong>Domingos Martins <\/strong>acaba sendo um destino muito procurado pelos viajantes apaixonados que viajam em casais e at\u00e9 em Lua de Mel.<\/p>\n\n\n\n<h2 class=\"wp-block-heading\"><span class=\"ez-toc-section\" id=\"O_que_fazer_em_Domingos_Martins\"><\/span><strong>O que fazer em Domingos Martins<\/strong><span class=\"ez-toc-section-end\"><\/span><\/h2>\n\n\n\n<p>Com atividades ao ar livre e belezas naturais, o viajante vai se encantar com as op\u00e7\u00f5es de passeios em<strong> Domingos Martins.<\/strong><\/p>\n\n\n\n<p>As belezas da cidade j\u00e1 come\u00e7am logo na entrada em seu belo port\u00e3o, cart\u00e3o postal da cidade, que possui um estilo colonial muito bem preservado.<\/p>\n\n\n\n<p>Depois, conhe\u00e7a a Pra\u00e7a Dr. Arthur Gerhardt, um local muito simp\u00e1tico para passear com a fam\u00edlia e tirar belas fotos.<\/p>\n\n\n\n<p>A atra\u00e7\u00e3o mais visitada em <strong>Domingos Martins<\/strong> na verdade fica em sua cidade vizinha, Pedra Azul, a 50 km da cidade: Parque Estadual da Pedra Azul. O parque \u00e9 uma excelente op\u00e7\u00e3o para quem gosta de ver fauna e flora, fazer trilhas ecol\u00f3gicas e ainda visitar lojinhas locais. L\u00e1 ser\u00e1 poss\u00edvel ver a forma\u00e7\u00e3o rochosa de 1822 metros de altura.<\/p>\n\n\n\n<figure class=\"wp-block-image aligncenter size-full\"><img loading=\"lazy\" decoding=\"async\" width=\"1024\" height=\"681\" src=\"https:\/\/quantocustaviajar.com\/blog\/wp-content\/uploads\/2022\/09\/Parque_Estadual_da_Pedra_Azul_Rolf_Gustaf_Odelius_01.jpg\" alt=\"\" class=\"wp-image-55067\" srcset=\"https:\/\/quantocustaviajar.com\/blog\/wp-content\/uploads\/2022\/09\/Parque_Estadual_da_Pedra_Azul_Rolf_Gustaf_Odelius_01.jpg 1024w, https:\/\/quantocustaviajar.com\/blog\/wp-content\/uploads\/2022\/09\/Parque_Estadual_da_Pedra_Azul_Rolf_Gustaf_Odelius_01-300x200.jpg 300w, https:\/\/quantocustaviajar.com\/blog\/wp-content\/uploads\/2022\/09\/Parque_Estadual_da_Pedra_Azul_Rolf_Gustaf_Odelius_01-768x511.jpg 768w\" sizes=\"auto, (max-width: 1024px) 100vw, 1024px\" \/><figcaption>Foto: <a href=\"https:\/\/upload.wikimedia.org\/wikipedia\/commons\/thumb\/0\/09\/Parque_Estadual_da_Pedra_Azul_Rolf_Gustaf_Odelius_%2801%29.jpg\/1024px-Parque_Estadual_da_Pedra_Azul_Rolf_Gustaf_Odelius_%2801%29.jpg\">Wikimedia Commons<\/a><\/figcaption><\/figure>\n\n\n\n<p>Ao lado do parque, vale conhecer o Bosque das Cerejeiras, um passeio contemplativo super bacana para ver as flores de cerejeiras, \u00e1rvores japonesas que n\u00e3o existem nessa dimens\u00e3o em muitos locais do Brasil.<\/p>\n\n\n\n<figure class=\"wp-block-image aligncenter size-full\"><img loading=\"lazy\" decoding=\"async\" width=\"480\" height=\"480\" src=\"https:\/\/quantocustaviajar.com\/blog\/wp-content\/uploads\/2022\/09\/480px-Cerejeiras_no_Parque_do_Carmo_em_Sao_Paulo.jpg\" alt=\"\" class=\"wp-image-55069\" srcset=\"https:\/\/quantocustaviajar.com\/blog\/wp-content\/uploads\/2022\/09\/480px-Cerejeiras_no_Parque_do_Carmo_em_Sao_Paulo.jpg 480w, https:\/\/quantocustaviajar.com\/blog\/wp-content\/uploads\/2022\/09\/480px-Cerejeiras_no_Parque_do_Carmo_em_Sao_Paulo-300x300.jpg 300w, https:\/\/quantocustaviajar.com\/blog\/wp-content\/uploads\/2022\/09\/480px-Cerejeiras_no_Parque_do_Carmo_em_Sao_Paulo-150x150.jpg 150w\" sizes=\"auto, (max-width: 480px) 100vw, 480px\" \/><figcaption>Foto: <a href=\"https:\/\/upload.wikimedia.org\/wikipedia\/commons\/thumb\/3\/39\/Cerejeiras_no_Parque_do_Carmo%2C_em_S%C3%A3o_Paulo.jpg\/480px-Cerejeiras_no_Parque_do_Carmo%2C_em_S%C3%A3o_Paulo.jpg\" target=\"_blank\" rel=\"noreferrer noopener\">Wikimedia Commons<\/a><\/figcaption><\/figure>\n\n\n\n<p>Quem estiver por ali, j\u00e1 vale conhecer e fazer a Rota do Lagarto, uma estrada de 8 km envolta da Pedra Azul que re\u00fane restaurantes e pousadas, ali ser\u00e1 poss\u00edvel ver paisagens muito bonitas e ainda tirar fotos pr\u00f3ximo ao lago negro.<\/p>\n\n\n\n<p>Mais um programa para toda a fam\u00edlia, o Zoo Park da Montanha fica dentro de <strong>Domingos Martins<\/strong>, possui mais de 150 animais e \u00e9 o \u00fanico zool\u00f3gico do estado.<\/p>\n\n\n\n<figure class=\"wp-block-image aligncenter size-full\"><img loading=\"lazy\" decoding=\"async\" width=\"628\" height=\"626\" src=\"https:\/\/quantocustaviajar.com\/blog\/wp-content\/uploads\/2022\/09\/91148992_3142629055748716_8269457451066064896_n.jpg\" alt=\"\" class=\"wp-image-55071\" srcset=\"https:\/\/quantocustaviajar.com\/blog\/wp-content\/uploads\/2022\/09\/91148992_3142629055748716_8269457451066064896_n.jpg 628w, https:\/\/quantocustaviajar.com\/blog\/wp-content\/uploads\/2022\/09\/91148992_3142629055748716_8269457451066064896_n-300x300.jpg 300w, https:\/\/quantocustaviajar.com\/blog\/wp-content\/uploads\/2022\/09\/91148992_3142629055748716_8269457451066064896_n-150x150.jpg 150w\" sizes=\"auto, (max-width: 628px) 100vw, 628px\" \/><figcaption>Foto: <a href=\"https:\/\/www.facebook.com\/zooparkdamontanha\/photos\/a.651487644862882\/3142629052415383\/\" target=\"_blank\" rel=\"noreferrer noopener\">Divulga\u00e7\u00e3o\/Facebook<\/a><\/figcaption><\/figure>\n\n\n\n<h2 class=\"wp-block-heading\"><span class=\"ez-toc-section\" id=\"Dicas_de_hospedagem_em_Domingos_Martins\"><\/span><strong>Dicas de hospedagem em Domingos Martins<\/strong><span class=\"ez-toc-section-end\"><\/span><\/h2>\n\n\n\n<p><strong>Domingos Martins <\/strong>possui uma boa variedade de hot\u00e9is e pousadas, e apesar de n\u00e3o contar com redes hoteleiras internacionais ou uma imensid\u00e3o de op\u00e7\u00f5es, os viajantes n\u00e3o v\u00e3o se sentir desamparados.<\/p>\n\n\n\n<p>Muito pelo contr\u00e1rio, a hotelaria de <strong>Domingos Martins <\/strong>\u00e9 consideravelmente elogiada e o viajante vai facilmente encontrar algo que se encaixe no seu gosto e or\u00e7amento.&nbsp;<\/p>\n\n\n\n<p>Confira uma lista de hospedagens que o Quanto Custa Viajar separou para te ajudar a fazer a melhor escolha para sua viagem.<\/p>\n\n\n\n<p>Para quem quiser, ainda existem boas op\u00e7\u00f5es em Pedra Azul, que como j\u00e1 comentamos fica a 1h da cidade.<\/p>\n\n\n\n<p><a href=\"https:\/\/www.booking.com\/hotel\/br\/pousada-vila-do-loro.pt-br.html?aid=2161834;sid=cb6abc611ab28f69a41b1617a85f305a;all_sr_blocks=278963501_238909211_2_1_0;checkin=2022-10-20;checkout=2022-10-21;dest_id=-640395;dest_type=city;dist=0;group_adults=2;group_children=0;hapos=17;highlighted_blocks=278963501_238909211_2_1_0;hpos=17;matching_block_id=278963501_238909211_2_1_0;no_rooms=1;req_adults=2;req_children=0;room1=A%2CA;sb_price_type=total;sr_order=popularity;sr_pri_blocks=278963501_238909211_2_1_0__75000;srepoch=1663009011;srpvid=d8d1853859cb013e;type=total;ucfs=1&amp;#hotelTmpl\" target=\"_blank\" rel=\"noreferrer noopener\"><strong>Pousada Vila do Loro<\/strong><\/a>: esta bel\u00edssima pousada possui um requinte r\u00fastico para encantar seus h\u00f3spedes, disp\u00f5e de piscina ao ar livre, caf\u00e9 da manh\u00e3 inclu\u00eddo nas tarifas e acomoda\u00e7\u00f5es confort\u00e1veis com vista da montanha.<\/p>\n\n\n\n<p>Os quartos ainda possuem Tv, Wifi, banheiro privativo e frigobar. Se precisar, o estacionamento gratuito est\u00e1 dispon\u00edvel no local.<\/p>\n\n\n\n<p>Os h\u00f3spedes recentes avaliaram a pousada com 9,7\/10, considerada excepcional.<\/p>\n\n\n\n<figure class=\"wp-block-image aligncenter size-full\"><img loading=\"lazy\" decoding=\"async\" width=\"1024\" height=\"683\" src=\"https:\/\/quantocustaviajar.com\/blog\/wp-content\/uploads\/2022\/09\/loro.jpg\" alt=\"\" class=\"wp-image-55054\" srcset=\"https:\/\/quantocustaviajar.com\/blog\/wp-content\/uploads\/2022\/09\/loro.jpg 1024w, https:\/\/quantocustaviajar.com\/blog\/wp-content\/uploads\/2022\/09\/loro-300x200.jpg 300w, https:\/\/quantocustaviajar.com\/blog\/wp-content\/uploads\/2022\/09\/loro-768x512.jpg 768w\" sizes=\"auto, (max-width: 1024px) 100vw, 1024px\" \/><figcaption>Foto: <a href=\"https:\/\/www.booking.com\/hotel\/br\/pousada-vila-do-loro.pt-br.html?aid=2161834;sid=cb6abc611ab28f69a41b1617a85f305a;all_sr_blocks=278963501_238909211_2_1_0;checkin=2022-10-20;checkout=2022-10-21;dest_id=-640395;dest_type=city;dist=0;group_adults=2;group_children=0;hapos=17;highlighted_blocks=278963501_238909211_2_1_0;hpos=17;matching_block_id=278963501_238909211_2_1_0;no_rooms=1;req_adults=2;req_children=0;room1=A%2CA;sb_price_type=total;sr_order=popularity;sr_pri_blocks=278963501_238909211_2_1_0__75000;srepoch=1663009011;srpvid=d8d1853859cb013e;type=total;ucfs=1&amp;#hotelTmpl\" target=\"_blank\" rel=\"noreferrer noopener\">Booking<\/a><\/figcaption><\/figure>\n\n\n\n<p><a href=\"https:\/\/www.booking.com\/hotel\/br\/pousada-restaurante-portal-do-ceu.pt-br.html?aid=2161834;sid=cb6abc611ab28f69a41b1617a85f305a;all_sr_blocks=257161603_104398819_2_1_0;checkin=2022-10-20;checkout=2022-10-21;dest_id=-640395;dest_type=city;dist=0;group_adults=2;group_children=0;hapos=5;highlighted_blocks=257161603_104398819_2_1_0;hpos=5;matching_block_id=257161603_104398819_2_1_0;no_rooms=1;req_adults=2;req_children=0;room1=A%2CA;sb_price_type=total;sr_order=popularity;sr_pri_blocks=257161603_104398819_2_1_0__35100;srepoch=1663009011;srpvid=d8d1853859cb013e;type=total;ucfs=1&amp;#_\" target=\"_blank\" rel=\"noreferrer noopener\"><strong>Pousada Restaurante Portal do Ceu<\/strong><\/a><strong>: <\/strong>para quem quer se sentir ainda mais imerso na natureza, esta pousada \u00e9 uma \u00f3tima dica. Com quartos que possuem paredes de vidros para a mata, o visitante aproveita uma vista panor\u00e2mica incr\u00edvel da paisagem do pr\u00f3prio quarto.<\/p>\n\n\n\n<p>A propriedade possui um terra\u00e7o ao ar livre, restaurante, estacionamento, wifi e quartos muito bem equipados. O caf\u00e9 da manh\u00e3, avaliado como muito bom, tamb\u00e9m est\u00e1 inclu\u00eddo nas di\u00e1rias.<\/p>\n\n\n\n<figure class=\"wp-block-image aligncenter size-full\"><img loading=\"lazy\" decoding=\"async\" width=\"1024\" height=\"768\" src=\"https:\/\/quantocustaviajar.com\/blog\/wp-content\/uploads\/2022\/09\/portal-do-ceu.jpg\" alt=\"\" class=\"wp-image-55056\" srcset=\"https:\/\/quantocustaviajar.com\/blog\/wp-content\/uploads\/2022\/09\/portal-do-ceu.jpg 1024w, https:\/\/quantocustaviajar.com\/blog\/wp-content\/uploads\/2022\/09\/portal-do-ceu-300x225.jpg 300w, https:\/\/quantocustaviajar.com\/blog\/wp-content\/uploads\/2022\/09\/portal-do-ceu-768x576.jpg 768w\" sizes=\"auto, (max-width: 1024px) 100vw, 1024px\" \/><figcaption>Foto: <a href=\"https:\/\/www.booking.com\/hotel\/br\/pousada-restaurante-portal-do-ceu.pt-br.html?aid=2161834;sid=cb6abc611ab28f69a41b1617a85f305a;all_sr_blocks=257161603_104398819_2_1_0;checkin=2022-10-20;checkout=2022-10-21;dest_id=-640395;dest_type=city;dist=0;group_adults=2;group_children=0;hapos=5;highlighted_blocks=257161603_104398819_2_1_0;hpos=5;matching_block_id=257161603_104398819_2_1_0;no_rooms=1;req_adults=2;req_children=0;room1=A%2CA;sb_price_type=total;sr_order=popularity;sr_pri_blocks=257161603_104398819_2_1_0__35100;srepoch=1663009011;srpvid=d8d1853859cb013e;type=total;ucfs=1&amp;#_\" target=\"_blank\" rel=\"noreferrer noopener\">Booking<\/a><\/figcaption><\/figure>\n\n\n\n<p><a href=\"https:\/\/www.booking.com\/hotel\/br\/pousada-na-montanha-domingos-martins.pt-br.html?aid=2161834&amp;sid=cb6abc611ab28f69a41b1617a85f305a&amp;all_sr_blocks=394085705_356755240_2_1_0&amp;checkin=2022-10-20&amp;checkout=2022-10-21&amp;dest_id=-640395&amp;dest_type=city&amp;dist=0&amp;group_adults=2&amp;group_children=0&amp;hapos=2&amp;highlighted_blocks=394085705_356755240_2_1_0&amp;hpos=2&amp;matching_block_id=394085705_356755240_2_1_0&amp;no_rooms=1&amp;req_adults=2&amp;req_children=0&amp;room1=A%2CA&amp;sb_price_type=total&amp;sr_order=popularity&amp;sr_pri_blocks=394085705_356755240_2_1_0__35000&amp;srepoch=1663009011&amp;srpvid=d8d1853859cb013e&amp;type=total&amp;ucfs=1&amp;activeTab=main\" target=\"_blank\" rel=\"noreferrer noopener\"><strong>Pousada na Montanha<\/strong><\/a><strong>: <\/strong>esta op\u00e7\u00e3o \u00e9 um pouco mais simples e tamb\u00e9m mais econ\u00f4mica que as demais, uma \u00f3tima escolha para quem quer passar o dia passeando e aproveitando as depend\u00eancias da pousada.<\/p>\n\n\n\n<p>Com piscina ao ar livre, caf\u00e9 da manh\u00e3 inclu\u00eddo, wifi e estacionamento, o viajante se sentir\u00e1 bem acolhido aqui.<\/p>\n\n\n\n<figure class=\"wp-block-image aligncenter size-full\"><img loading=\"lazy\" decoding=\"async\" width=\"1024\" height=\"498\" src=\"https:\/\/quantocustaviajar.com\/blog\/wp-content\/uploads\/2022\/09\/montanha-1.jpg\" alt=\"\" class=\"wp-image-55057\" srcset=\"https:\/\/quantocustaviajar.com\/blog\/wp-content\/uploads\/2022\/09\/montanha-1.jpg 1024w, https:\/\/quantocustaviajar.com\/blog\/wp-content\/uploads\/2022\/09\/montanha-1-300x146.jpg 300w, https:\/\/quantocustaviajar.com\/blog\/wp-content\/uploads\/2022\/09\/montanha-1-768x374.jpg 768w\" sizes=\"auto, (max-width: 1024px) 100vw, 1024px\" \/><figcaption>Foto: <a href=\"https:\/\/www.booking.com\/hotel\/br\/pousada-restaurante-portal-do-ceu.pt-br.html?aid=2161834;sid=cb6abc611ab28f69a41b1617a85f305a;all_sr_blocks=257161603_104398819_2_1_0;checkin=2022-10-20;checkout=2022-10-21;dest_id=-640395;dest_type=city;dist=0;group_adults=2;group_children=0;hapos=5;highlighted_blocks=257161603_104398819_2_1_0;hpos=5;matching_block_id=257161603_104398819_2_1_0;no_rooms=1;req_adults=2;req_children=0;room1=A%2CA;sb_price_type=total;sr_order=popularity;sr_pri_blocks=257161603_104398819_2_1_0__35100;srepoch=1663009011;srpvid=d8d1853859cb013e;type=total;ucfs=1&amp;#_\" target=\"_blank\" rel=\"noreferrer noopener\">Booking<\/a><\/figcaption><\/figure>\n\n\n\n<p><a href=\"https:\/\/www.booking.com\/hotel\/br\/pousada-pedra-azul.pt-br.html?aid=2161834;sid=cb6abc611ab28f69a41b1617a85f305a;all_sr_blocks=35244808_295360686_0_1_0;checkin=2022-10-20;checkout=2022-10-21;dest_id=352448;dest_type=hotel;dist=0;group_adults=2;group_children=0;hapos=1;highlighted_blocks=35244808_295360686_0_1_0;hpos=1;matching_block_id=35244808_295360686_0_1_0;no_rooms=1;req_adults=2;req_children=0;room1=A%2CA;sb_price_type=total;sr_order=popularity;sr_pri_blocks=35244808_295360686_0_1_0__40300;srepoch=1663010396;srpvid=68f087ed33610223;type=total;ucfs=1&amp;#hotelTmpl\" target=\"_blank\" rel=\"noreferrer noopener\"><strong>Pousada Pedra Azul:<\/strong><\/a> como o pr\u00f3prio nome sugere, esta op\u00e7\u00e3o fica na cidade de Pedra Azul, vizinha de <strong>Domingos Martins. <\/strong>Esta \u00e9 a pousada mais tradicional e popular de Pedra Azul, com uma vista incr\u00edvel da pedra e imersa na natureza.<\/p>\n\n\n\n<p>Com muita fauna, flora, cachoeira e lago na propriedade, a Pousada Pedra Azul fica ao lado do Parque Florestal e possui piscina ao ar livre e buffet de caf\u00e9 da manh\u00e3.<\/p>\n\n\n\n<figure class=\"wp-block-image aligncenter size-full\"><img loading=\"lazy\" decoding=\"async\" width=\"1024\" height=\"683\" src=\"https:\/\/quantocustaviajar.com\/blog\/wp-content\/uploads\/2022\/09\/pedra-azul.jpg\" alt=\"\" class=\"wp-image-55058\" srcset=\"https:\/\/quantocustaviajar.com\/blog\/wp-content\/uploads\/2022\/09\/pedra-azul.jpg 1024w, https:\/\/quantocustaviajar.com\/blog\/wp-content\/uploads\/2022\/09\/pedra-azul-300x200.jpg 300w, https:\/\/quantocustaviajar.com\/blog\/wp-content\/uploads\/2022\/09\/pedra-azul-768x512.jpg 768w\" sizes=\"auto, (max-width: 1024px) 100vw, 1024px\" \/><figcaption>Foto: <a href=\"https:\/\/www.booking.com\/hotel\/br\/pousada-pedra-azul.pt-br.html?aid=2161834;sid=cb6abc611ab28f69a41b1617a85f305a;all_sr_blocks=35244808_295360686_0_1_0;checkin=2022-10-20;checkout=2022-10-21;dest_id=352448;dest_type=hotel;dist=0;group_adults=2;group_children=0;hapos=1;highlighted_blocks=35244808_295360686_0_1_0;hpos=1;matching_block_id=35244808_295360686_0_1_0;no_rooms=1;req_adults=2;req_children=0;room1=A%2CA;sb_price_type=total;sr_order=popularity;sr_pri_blocks=35244808_295360686_0_1_0__40300;srepoch=1663010396;srpvid=68f087ed33610223;type=total;ucfs=1&amp;#hotelTmpl\">Booking<\/a><\/figcaption><\/figure>\n\n\n\n<figure class=\"wp-block-image aligncenter size-full\"><img loading=\"lazy\" decoding=\"async\" width=\"1024\" height=\"683\" src=\"https:\/\/quantocustaviajar.com\/blog\/wp-content\/uploads\/2022\/09\/293386696.jpg\" alt=\"\" class=\"wp-image-55059\" srcset=\"https:\/\/quantocustaviajar.com\/blog\/wp-content\/uploads\/2022\/09\/293386696.jpg 1024w, https:\/\/quantocustaviajar.com\/blog\/wp-content\/uploads\/2022\/09\/293386696-300x200.jpg 300w, https:\/\/quantocustaviajar.com\/blog\/wp-content\/uploads\/2022\/09\/293386696-768x512.jpg 768w\" sizes=\"auto, (max-width: 1024px) 100vw, 1024px\" \/><figcaption>Foto: <a href=\"https:\/\/www.booking.com\/hotel\/br\/pousada-pedra-azul.pt-br.html?aid=2161834;sid=cb6abc611ab28f69a41b1617a85f305a;all_sr_blocks=35244808_295360686_0_1_0;checkin=2022-10-20;checkout=2022-10-21;dest_id=352448;dest_type=hotel;dist=0;group_adults=2;group_children=0;hapos=1;highlighted_blocks=35244808_295360686_0_1_0;hpos=1;matching_block_id=35244808_295360686_0_1_0;no_rooms=1;req_adults=2;req_children=0;room1=A%2CA;sb_price_type=total;sr_order=popularity;sr_pri_blocks=35244808_295360686_0_1_0__40300;srepoch=1663010396;srpvid=68f087ed33610223;type=total;ucfs=1&amp;#hotelTmpl\" target=\"_blank\" rel=\"noreferrer noopener\">Booking<\/a><\/figcaption><\/figure>\n\n\n\n<p>Confira aqui mais dicas de <a href=\"https:\/\/quantocustaviajar.com\/blog\/pousadas-em-domingos-martins\/\">pousadas em Domingos Martins<\/a><\/p>\n\n\n\n<h2 class=\"wp-block-heading\"><span class=\"ez-toc-section\" id=\"Onde_comer_em_Domingos_Martins\"><\/span><strong>Onde comer em Domingos Martins<\/strong><span class=\"ez-toc-section-end\"><\/span><\/h2>\n\n\n\n<p>Comida boa \u00e9 o que n\u00e3o falta em <strong>Domingos Martins<\/strong>, pode ter certeza. Com aquela influ\u00eancia italiana e alem\u00e3, espere uma culin\u00e1ria excepcional e cervejas artesanais na regi\u00e3o.<\/p>\n\n\n\n<p>Para quem quer aproveitar o melhor da influ\u00eancia alem\u00e3 na cidade, aposte no<strong> <\/strong><a href=\"https:\/\/www.instagram.com\/fritzfridarestaurante\/?hl=pt-br\" target=\"_blank\" rel=\"noreferrer noopener\"><strong>Fritz Frida Restaurante e Chopperia<\/strong><\/a> e descubra pratos da gastronomia t\u00edpica alem\u00e3.<\/p>\n\n\n\n<p>Quem quiser aproveitar pratos italianos, conhe\u00e7a o <strong><a href=\"https:\/\/www.instagram.com\/dondue.es\/?hl=pt-br\" target=\"_blank\" rel=\"noreferrer noopener\">Restaurante Don Due<\/a>,<\/strong> fica em Pedra Azul mas com certeza merece a visita.<\/p>\n\n\n\n<figure class=\"wp-block-image aligncenter size-large\"><img loading=\"lazy\" decoding=\"async\" width=\"1024\" height=\"1024\" src=\"https:\/\/cache.quantocustaviajar.com\/blog\/wp-content\/uploads\/2022\/09\/don-due-1024x1024.jpg\" alt=\"\" class=\"wp-image-55061\" srcset=\"https:\/\/quantocustaviajar.com\/blog\/wp-content\/uploads\/2022\/09\/don-due-1024x1024.jpg 1024w, https:\/\/quantocustaviajar.com\/blog\/wp-content\/uploads\/2022\/09\/don-due-300x300.jpg 300w, https:\/\/quantocustaviajar.com\/blog\/wp-content\/uploads\/2022\/09\/don-due-150x150.jpg 150w, https:\/\/quantocustaviajar.com\/blog\/wp-content\/uploads\/2022\/09\/don-due-768x768.jpg 768w, https:\/\/quantocustaviajar.com\/blog\/wp-content\/uploads\/2022\/09\/don-due-1536x1536.jpg 1536w, https:\/\/quantocustaviajar.com\/blog\/wp-content\/uploads\/2022\/09\/don-due.jpg 2048w, https:\/\/quantocustaviajar.com\/blog\/wp-content\/uploads\/2022\/09\/don-due-1920x1920.jpg 1920w\" sizes=\"auto, (max-width: 1024px) 100vw, 1024px\" \/><figcaption>Restaurante Italiano Don Due\/Foto: <a href=\"https:\/\/www.facebook.com\/photo\/?fbid=1619313628257634&amp;set=pcb.1619313681590962\" target=\"_blank\" rel=\"noreferrer noopener\">Divulga\u00e7\u00e3o\/facebook<\/a><\/figcaption><\/figure>\n\n\n\n<p>Para comer carne, parrilla e churrasco, tenha uma experi\u00eancia diferenciada no <a href=\"https:\/\/www.instagram.com\/aromendomingosmartins\/?hl=pt-br\" target=\"_blank\" rel=\"noreferrer noopener\"><strong>Aromen Parrilla Bar<\/strong><\/a><strong>.<\/strong><\/p>\n\n\n\n<p>O <a href=\"https:\/\/www.instagram.com\/expresso37cafe\/?hl=pt-br\" target=\"_blank\" rel=\"noreferrer noopener\"><strong>Expresso 37 Caf\u00e9<\/strong><\/a><strong> <\/strong>\u00e9 uma excelente op\u00e7\u00e3o logo na estrada pr\u00f3xima a cidade, com um ambiente muito charmoso oferece v\u00e1rias op\u00e7\u00f5es de p\u00e3es, lanches e caf\u00e9s.<\/p>\n\n\n\n<h2 class=\"wp-block-heading\"><span class=\"ez-toc-section\" id=\"Quando_ir\"><\/span><strong>Quando ir<\/strong><span class=\"ez-toc-section-end\"><\/span><\/h2>\n\n\n\n<p>As paisagens, atrativos e acomoda\u00e7\u00f5es em <strong>Domingos Martins <\/strong>est\u00e3o dispon\u00edveis o ano todo para receber o viajante, mas por ser um destino nas montanhas, combina bastante com o outono e inverno, especialmente para quem curte as baix\u00edssimas temperaturas.<\/p>\n\n\n\n<p>S\u00f3 vale dar uma conferida na previs\u00e3o do tempo e evitar per\u00edodos de chuva, para n\u00e3o perder os passeios que acontecem ao ar livre.<\/p>\n\n\n\n<h2 class=\"wp-block-heading\"><span class=\"ez-toc-section\" id=\"Como_chegar_em_Domingos_Martins\"><\/span><strong>Como chegar em Domingos Martins<\/strong><span class=\"ez-toc-section-end\"><\/span><\/h2>\n\n\n\n<p><strong>Domingos Martins <\/strong>est\u00e1 na regi\u00e3o das Montanhas Capixabas, bem pertinho da capital <a href=\"https:\/\/quantocustaviajar.com\/brasil\/vitoria\" target=\"_blank\" rel=\"noreferrer noopener\">Vit\u00f3ria<\/a>, a apenas 45 km, por isso quem for do estado ou da capital, pode aproveitar para ir de carro, come\u00e7ando pela BR-101 e depois seguir pela BR-262 em uma viagem de cerca de 1 hora.<\/p>\n\n\n\n<p>A maioria do trajeto de carro possui pista dupla, mas por estar em regi\u00e3o Serrana, alguns trechos possuem curvas bem fechadas e perigosas (al\u00e9m de apenas uma pista), feitas \u00e0 beira de um abismo, mas com aten\u00e7\u00e3o e com a ajuda dos muitos radares de velocidade presentes na estrada, os acidentes diminu\u00edram no local.<\/p>\n\n\n\n<p>Ainda \u00e9 poss\u00edvel ir de \u00f4nibus saindo da capital com a via\u00e7\u00e3o \u00c1guia Branca ou Via\u00e7\u00e3o Alvorada.<\/p>\n\n\n\n<p>Para quem \u00e9 de fora do estado, aposte em <a href=\"https:\/\/www.turismocity.com.br\/passagens-aereas-para-VIX-Vitoria?from=SAO&amp;utm_source=qcv&amp;utm_medium=blog\" target=\"_blank\" rel=\"noreferrer noopener\"><strong>pegar um voo at\u00e9 Vit\u00f3ria<\/strong><\/a> e seguir o caminho com um carro alugado, de \u00f4nibus ou at\u00e9 mesmo de t\u00e1xi.<\/p>\n","protected":false},"excerpt":{"rendered":"<p>A cidade de Domingos Martins, no Esp\u00edrito Santo, \u00e9 uma pedida certeira para aqueles que buscam ref\u00fagio das cidades grandes, aconchego, natureza e calmaria. O buc\u00f3lico e pequeno munic\u00edpio \u00e9 uma preciosidade na regi\u00e3o Serrana do estado, que envolve o local com belas paisagens, montanhas e clima agrad\u00e1vel o ano todo. Com atra\u00e7\u00f5es imperd\u00edveis, boa [&hellip;]<\/p>\n","protected":false},"author":18,"featured_media":55067,"comment_status":"open","ping_status":"open","sticky":false,"template":"page-templates\/featured-img-above.php","format":"standard","meta":{"cybocfi_hide_featured_image":"","footnotes":""},"categories":[1434],"tags":[135,266,77,3098,74,111,211,529,321,16],"class_list":["post-55053","post","type-post","status-publish","format-standard","has-post-thumbnail","hentry","category-descubra-brasil","tag-atracoes","tag-brasil","tag-dicas","tag-domingos-martins","tag-hospedagem","tag-natureza","tag-o-que-fazer","tag-onde-ir","tag-passeios","tag-viagem"],"blocksy_meta":[],"yoast_head":"<!-- This site is optimized with the Yoast SEO plugin v26.3 - https:\/\/yoast.com\/wordpress\/plugins\/seo\/ -->\n<title>Domingos Martins: tudo sobre este destino Serrano incr\u00edvel no ES<\/title>\n<meta name=\"description\" content=\"Conhe\u00e7a a cidade de Domingos Martins, pertinho da capital Vit\u00f3ria e que foge das altas temperaturas em meio \u00e0s montanhas e natureza.\" \/>\n<meta name=\"robots\" content=\"index, follow, max-snippet:-1, max-image-preview:large, max-video-preview:-1\" \/>\n<link rel=\"canonical\" href=\"https:\/\/quantocustaviajar.com\/blog\/domingos-martins-no-es\/\" \/>\n<meta property=\"og:locale\" content=\"pt_BR\" \/>\n<meta property=\"og:type\" content=\"article\" \/>\n<meta property=\"og:title\" content=\"Domingos Martins: tudo sobre este destino Serrano incr\u00edvel no ES\" \/>\n<meta property=\"og:description\" content=\"Conhe\u00e7a a cidade de Domingos Martins, pertinho da capital Vit\u00f3ria e que foge das altas temperaturas em meio \u00e0s montanhas e natureza.\" \/>\n<meta property=\"og:url\" content=\"https:\/\/quantocustaviajar.com\/blog\/domingos-martins-no-es\/\" \/>\n<meta property=\"og:site_name\" content=\"Blog Quanto Custa Viajar\" \/>\n<meta property=\"article:publisher\" content=\"https:\/\/www.facebook.com\/quantocustaviajar\" \/>\n<meta property=\"article:published_time\" content=\"2025-01-11T17:14:00+00:00\" \/>\n<meta property=\"article:modified_time\" content=\"2025-06-10T19:04:31+00:00\" \/>\n<meta property=\"og:image\" content=\"https:\/\/quantocustaviajar.com\/blog\/wp-content\/uploads\/2022\/09\/Parque_Estadual_da_Pedra_Azul_Rolf_Gustaf_Odelius_01.jpg\" \/>\n\t<meta property=\"og:image:width\" content=\"1024\" \/>\n\t<meta property=\"og:image:height\" content=\"681\" \/>\n\t<meta property=\"og:image:type\" content=\"image\/jpeg\" \/>\n<meta name=\"author\" content=\"Izabella Miranda\" \/>\n<meta name=\"twitter:card\" content=\"summary_large_image\" \/>\n<meta name=\"twitter:label1\" content=\"Escrito por\" \/>\n\t<meta name=\"twitter:data1\" content=\"Izabella Miranda\" \/>\n\t<meta name=\"twitter:label2\" content=\"Est. tempo de leitura\" \/>\n\t<meta name=\"twitter:data2\" content=\"9 minutos\" \/>\n<!-- \/ Yoast SEO plugin. -->","yoast_head_json":{"title":"Domingos Martins: tudo sobre este destino Serrano incr\u00edvel no ES","description":"Conhe\u00e7a a cidade de Domingos Martins, pertinho da capital Vit\u00f3ria e que foge das altas temperaturas em meio \u00e0s montanhas e natureza.","robots":{"index":"index","follow":"follow","max-snippet":"max-snippet:-1","max-image-preview":"max-image-preview:large","max-video-preview":"max-video-preview:-1"},"canonical":"https:\/\/quantocustaviajar.com\/blog\/domingos-martins-no-es\/","og_locale":"pt_BR","og_type":"article","og_title":"Domingos Martins: tudo sobre este destino Serrano incr\u00edvel no ES","og_description":"Conhe\u00e7a a cidade de Domingos Martins, pertinho da capital Vit\u00f3ria e que foge das altas temperaturas em meio \u00e0s montanhas e natureza.","og_url":"https:\/\/quantocustaviajar.com\/blog\/domingos-martins-no-es\/","og_site_name":"Blog Quanto Custa Viajar","article_publisher":"https:\/\/www.facebook.com\/quantocustaviajar","article_published_time":"2025-01-11T17:14:00+00:00","article_modified_time":"2025-06-10T19:04:31+00:00","og_image":[{"width":1024,"height":681,"url":"https:\/\/quantocustaviajar.com\/blog\/wp-content\/uploads\/2022\/09\/Parque_Estadual_da_Pedra_Azul_Rolf_Gustaf_Odelius_01.jpg","type":"image\/jpeg"}],"author":"Izabella Miranda","twitter_card":"summary_large_image","twitter_misc":{"Escrito por":"Izabella Miranda","Est. tempo de leitura":"9 minutos"},"schema":{"@context":"https:\/\/schema.org","@graph":[{"@type":["Article","BlogPosting"],"@id":"https:\/\/quantocustaviajar.com\/blog\/domingos-martins-no-es\/#article","isPartOf":{"@id":"https:\/\/quantocustaviajar.com\/blog\/domingos-martins-no-es\/"},"author":{"name":"Izabella Miranda","@id":"https:\/\/quantocustaviajar.com\/blog\/#\/schema\/person\/595118451f4120870051de530232399d"},"headline":"Domingos Martins: tudo sobre este destino Serrano incr\u00edvel no ES","datePublished":"2025-01-11T17:14:00+00:00","dateModified":"2025-06-10T19:04:31+00:00","mainEntityOfPage":{"@id":"https:\/\/quantocustaviajar.com\/blog\/domingos-martins-no-es\/"},"wordCount":1271,"commentCount":0,"publisher":{"@id":"https:\/\/quantocustaviajar.com\/blog\/#organization"},"image":{"@id":"https:\/\/quantocustaviajar.com\/blog\/domingos-martins-no-es\/#primaryimage"},"thumbnailUrl":"https:\/\/quantocustaviajar.com\/blog\/wp-content\/uploads\/2022\/09\/Parque_Estadual_da_Pedra_Azul_Rolf_Gustaf_Odelius_01.jpg","keywords":["atra\u00e7\u00f5es","Brasil","dicas","Domingos Martins","hospedagem","natureza","o que fazer","onde ir","passeios","viagem"],"articleSection":["Descubra o Brasil"],"inLanguage":"pt-BR","potentialAction":[{"@type":"CommentAction","name":"Comment","target":["https:\/\/quantocustaviajar.com\/blog\/domingos-martins-no-es\/#respond"]}]},{"@type":"WebPage","@id":"https:\/\/quantocustaviajar.com\/blog\/domingos-martins-no-es\/","url":"https:\/\/quantocustaviajar.com\/blog\/domingos-martins-no-es\/","name":"Domingos Martins: tudo sobre este destino Serrano incr\u00edvel no ES","isPartOf":{"@id":"https:\/\/quantocustaviajar.com\/blog\/#website"},"primaryImageOfPage":{"@id":"https:\/\/quantocustaviajar.com\/blog\/domingos-martins-no-es\/#primaryimage"},"image":{"@id":"https:\/\/quantocustaviajar.com\/blog\/domingos-martins-no-es\/#primaryimage"},"thumbnailUrl":"https:\/\/quantocustaviajar.com\/blog\/wp-content\/uploads\/2022\/09\/Parque_Estadual_da_Pedra_Azul_Rolf_Gustaf_Odelius_01.jpg","datePublished":"2025-01-11T17:14:00+00:00","dateModified":"2025-06-10T19:04:31+00:00","description":"Conhe\u00e7a a cidade de Domingos Martins, pertinho da capital Vit\u00f3ria e que foge das altas temperaturas em meio \u00e0s montanhas e natureza.","breadcrumb":{"@id":"https:\/\/quantocustaviajar.com\/blog\/domingos-martins-no-es\/#breadcrumb"},"inLanguage":"pt-BR","potentialAction":[{"@type":"ReadAction","target":["https:\/\/quantocustaviajar.com\/blog\/domingos-martins-no-es\/"]}]},{"@type":"ImageObject","inLanguage":"pt-BR","@id":"https:\/\/quantocustaviajar.com\/blog\/domingos-martins-no-es\/#primaryimage","url":"https:\/\/quantocustaviajar.com\/blog\/wp-content\/uploads\/2022\/09\/Parque_Estadual_da_Pedra_Azul_Rolf_Gustaf_Odelius_01.jpg","contentUrl":"https:\/\/quantocustaviajar.com\/blog\/wp-content\/uploads\/2022\/09\/Parque_Estadual_da_Pedra_Azul_Rolf_Gustaf_Odelius_01.jpg","width":1024,"height":681},{"@type":"BreadcrumbList","@id":"https:\/\/quantocustaviajar.com\/blog\/domingos-martins-no-es\/#breadcrumb","itemListElement":[{"@type":"ListItem","position":1,"name":"In\u00edcio","item":"https:\/\/quantocustaviajar.com\/blog\/"},{"@type":"ListItem","position":2,"name":"Domingos Martins: tudo sobre este destino Serrano incr\u00edvel no ES"}]},{"@type":"WebSite","@id":"https:\/\/quantocustaviajar.com\/blog\/#website","url":"https:\/\/quantocustaviajar.com\/blog\/","name":"Blog Quanto Custa Viajar","description":"","publisher":{"@id":"https:\/\/quantocustaviajar.com\/blog\/#organization"},"potentialAction":[{"@type":"SearchAction","target":{"@type":"EntryPoint","urlTemplate":"https:\/\/quantocustaviajar.com\/blog\/?s={search_term_string}"},"query-input":{"@type":"PropertyValueSpecification","valueRequired":true,"valueName":"search_term_string"}}],"inLanguage":"pt-BR"},{"@type":"Organization","@id":"https:\/\/quantocustaviajar.com\/blog\/#organization","name":"Quanto Custa Viajar","url":"https:\/\/quantocustaviajar.com\/blog\/","logo":{"@type":"ImageObject","inLanguage":"pt-BR","@id":"https:\/\/quantocustaviajar.com\/blog\/#\/schema\/logo\/image\/","url":"","contentUrl":"","caption":"Quanto Custa Viajar"},"image":{"@id":"https:\/\/quantocustaviajar.com\/blog\/#\/schema\/logo\/image\/"},"sameAs":["https:\/\/www.facebook.com\/quantocustaviajar"]},{"@type":"Person","@id":"https:\/\/quantocustaviajar.com\/blog\/#\/schema\/person\/595118451f4120870051de530232399d","name":"Izabella Miranda","image":{"@type":"ImageObject","inLanguage":"pt-BR","@id":"https:\/\/quantocustaviajar.com\/blog\/#\/schema\/person\/image\/","url":"https:\/\/secure.gravatar.com\/avatar\/eb1c9c8ed6c596023f48930e960ff440b8cad6a3beabb6b619d3504ad832c628?s=96&d=mm&r=g","contentUrl":"https:\/\/secure.gravatar.com\/avatar\/eb1c9c8ed6c596023f48930e960ff440b8cad6a3beabb6b619d3504ad832c628?s=96&d=mm&r=g","caption":"Izabella Miranda"},"description":"Jornalista por profiss\u00e3o e planejadora de viagens nas horas vagas.","url":"https:\/\/quantocustaviajar.com\/blog\/author\/izabella\/"}]}},"_links":{"self":[{"href":"https:\/\/quantocustaviajar.com\/blog\/wp-json\/wp\/v2\/posts\/55053","targetHints":{"allow":["GET"]}}],"collection":[{"href":"https:\/\/quantocustaviajar.com\/blog\/wp-json\/wp\/v2\/posts"}],"about":[{"href":"https:\/\/quantocustaviajar.com\/blog\/wp-json\/wp\/v2\/types\/post"}],"author":[{"embeddable":true,"href":"https:\/\/quantocustaviajar.com\/blog\/wp-json\/wp\/v2\/users\/18"}],"replies":[{"embeddable":true,"href":"https:\/\/quantocustaviajar.com\/blog\/wp-json\/wp\/v2\/comments?post=55053"}],"version-history":[{"count":9,"href":"https:\/\/quantocustaviajar.com\/blog\/wp-json\/wp\/v2\/posts\/55053\/revisions"}],"predecessor-version":[{"id":72941,"href":"https:\/\/quantocustaviajar.com\/blog\/wp-json\/wp\/v2\/posts\/55053\/revisions\/72941"}],"wp:featuredmedia":[{"embeddable":true,"href":"https:\/\/quantocustaviajar.com\/blog\/wp-json\/wp\/v2\/media\/55067"}],"wp:attachment":[{"href":"https:\/\/quantocustaviajar.com\/blog\/wp-json\/wp\/v2\/media?parent=55053"}],"wp:term":[{"taxonomy":"category","embeddable":true,"href":"https:\/\/quantocustaviajar.com\/blog\/wp-json\/wp\/v2\/categories?post=55053"},{"taxonomy":"post_tag","embeddable":true,"href":"https:\/\/quantocustaviajar.com\/blog\/wp-json\/wp\/v2\/tags?post=55053"}],"curies":[{"name":"wp","href":"https:\/\/api.w.org\/{rel}","templated":true}]}}