{"id":54954,"date":"2022-09-02T12:22:24","date_gmt":"2022-09-02T12:22:24","guid":{"rendered":"https:\/\/quantocustaviajar.com\/blog\/?p=54954"},"modified":"2022-09-22T12:30:17","modified_gmt":"2022-09-22T12:30:17","slug":"visitar-museu-do-ipiranga","status":"publish","type":"post","link":"https:\/\/quantocustaviajar.com\/blog\/visitar-museu-do-ipiranga\/","title":{"rendered":"Tudo o que voc\u00ea precisa saber antes de visitar o Museu do Ipiranga, em SP"},"content":{"rendered":"\n<p>Nove anos de espera se passaram para quem sonha em <strong>visitar o<\/strong> <strong>Museu do Ipiranga<\/strong>, em <a href=\"https:\/\/quantocustaviajar.com\/brasil\/sao-paulo\" target=\"_blank\" rel=\"noreferrer noopener\">S\u00e3o Paulo<\/a>. Fechado \u00e0s pressas em 2013, um dos espa\u00e7os culturais mais importantes do pa\u00eds aproveitou uma rachadura no subsolo para fazer uma grande reforma, com direito a <strong>restauro, amplia\u00e7\u00e3o e moderniza\u00e7\u00e3o<\/strong>. Em setembro de 2022, o espa\u00e7o ir\u00e1 finalmente reabrir e o Quanto Custa Viajar reuniu tudo o que voc\u00ea precisa saber antes de chegar l\u00e1 na porta. <\/p><div id=\"ez-toc-container\" class=\"ez-toc-v2_0_76 ez-toc-wrap-left counter-hierarchy ez-toc-counter ez-toc-light-blue ez-toc-container-direction\">\n<div class=\"ez-toc-title-container\">\n<p class=\"ez-toc-title\" style=\"cursor:inherit\">Aqui voc\u00ea ir\u00e1 encontrar<\/p>\n<span class=\"ez-toc-title-toggle\"><a href=\"#\" class=\"ez-toc-pull-right ez-toc-btn ez-toc-btn-xs ez-toc-btn-default ez-toc-toggle\" aria-label=\"Alternar tabela de conte\u00fado\"><span class=\"ez-toc-js-icon-con\"><span class=\"\"><span class=\"eztoc-hide\" style=\"display:none;\">Toggle<\/span><span class=\"ez-toc-icon-toggle-span\"><svg style=\"fill: #999;color:#999\" xmlns=\"http:\/\/www.w3.org\/2000\/svg\" class=\"list-377408\" width=\"20px\" height=\"20px\" viewBox=\"0 0 24 24\" fill=\"none\"><path d=\"M6 6H4v2h2V6zm14 0H8v2h12V6zM4 11h2v2H4v-2zm16 0H8v2h12v-2zM4 16h2v2H4v-2zm16 0H8v2h12v-2z\" fill=\"currentColor\"><\/path><\/svg><svg style=\"fill: #999;color:#999\" class=\"arrow-unsorted-368013\" xmlns=\"http:\/\/www.w3.org\/2000\/svg\" width=\"10px\" height=\"10px\" viewBox=\"0 0 24 24\" version=\"1.2\" baseProfile=\"tiny\"><path d=\"M18.2 9.3l-6.2-6.3-6.2 6.3c-.2.2-.3.4-.3.7s.1.5.3.7c.2.2.4.3.7.3h11c.3 0 .5-.1.7-.3.2-.2.3-.5.3-.7s-.1-.5-.3-.7zM5.8 14.7l6.2 6.3 6.2-6.3c.2-.2.3-.5.3-.7s-.1-.5-.3-.7c-.2-.2-.4-.3-.7-.3h-11c-.3 0-.5.1-.7.3-.2.2-.3.5-.3.7s.1.5.3.7z\"\/><\/svg><\/span><\/span><\/span><\/a><\/span><\/div>\n<nav><ul class='ez-toc-list ez-toc-list-level-1 ' ><li class='ez-toc-page-1 ez-toc-heading-level-2'><a class=\"ez-toc-link ez-toc-heading-1\" href=\"https:\/\/quantocustaviajar.com\/blog\/visitar-museu-do-ipiranga\/#Nem_tudo_esta_pronto\" >Nem tudo est\u00e1 pronto<\/a><\/li><li class='ez-toc-page-1 ez-toc-heading-level-2'><a class=\"ez-toc-link ez-toc-heading-2\" href=\"https:\/\/quantocustaviajar.com\/blog\/visitar-museu-do-ipiranga\/#Quais_sao_as_novidades\" >Quais s\u00e3o as novidades?<\/a><\/li><li class='ez-toc-page-1 ez-toc-heading-level-2'><a class=\"ez-toc-link ez-toc-heading-3\" href=\"https:\/\/quantocustaviajar.com\/blog\/visitar-museu-do-ipiranga\/#Acessibilidade_e_interacao\" >Acessibilidade e intera\u00e7\u00e3o<\/a><\/li><li class='ez-toc-page-1 ez-toc-heading-level-2'><a class=\"ez-toc-link ez-toc-heading-4\" href=\"https:\/\/quantocustaviajar.com\/blog\/visitar-museu-do-ipiranga\/#Quais_sao_as_exposicoes\" >Quais s\u00e3o as exposi\u00e7\u00f5es<\/a><\/li><li class='ez-toc-page-1 ez-toc-heading-level-2'><a class=\"ez-toc-link ez-toc-heading-5\" href=\"https:\/\/quantocustaviajar.com\/blog\/visitar-museu-do-ipiranga\/#Um_mirante_de_dar_inveja\" >Um mirante de dar inveja<\/a><\/li><li class='ez-toc-page-1 ez-toc-heading-level-2'><a class=\"ez-toc-link ez-toc-heading-6\" href=\"https:\/\/quantocustaviajar.com\/blog\/visitar-museu-do-ipiranga\/#O_retorno_das_fontes\" >O retorno das fontes<\/a><\/li><li class='ez-toc-page-1 ez-toc-heading-level-2'><a class=\"ez-toc-link ez-toc-heading-7\" href=\"https:\/\/quantocustaviajar.com\/blog\/visitar-museu-do-ipiranga\/#Quando_reabre_ao_publico\" >Quando reabre ao p\u00fablico?<\/a><\/li><li class='ez-toc-page-1 ez-toc-heading-level-2'><a class=\"ez-toc-link ez-toc-heading-8\" href=\"https:\/\/quantocustaviajar.com\/blog\/visitar-museu-do-ipiranga\/#Gratuidade_por_dois_meses\" >Gratuidade por dois meses<\/a><\/li><li class='ez-toc-page-1 ez-toc-heading-level-2'><a class=\"ez-toc-link ez-toc-heading-9\" href=\"https:\/\/quantocustaviajar.com\/blog\/visitar-museu-do-ipiranga\/#Onde_adquirir_os_ingressos\" >Onde adquirir os ingressos?<\/a><\/li><li class='ez-toc-page-1 ez-toc-heading-level-2'><a class=\"ez-toc-link ez-toc-heading-10\" href=\"https:\/\/quantocustaviajar.com\/blog\/visitar-museu-do-ipiranga\/#Onde_fica\" >Onde fica?<\/a><\/li><li class='ez-toc-page-1 ez-toc-heading-level-2'><a class=\"ez-toc-link ez-toc-heading-11\" href=\"https:\/\/quantocustaviajar.com\/blog\/visitar-museu-do-ipiranga\/#Onde_se_hospedar\" >Onde se hospedar?<\/a><\/li><\/ul><\/nav><\/div>\n\n\n\n\n<p>Sob os cuidados da USP, o antigo Museu Paulista &#8211; como era chamado &#8211; foi erguido em 1895 j\u00e1 com a fun\u00e7\u00e3o de ser um monumento e n\u00e3o um <a href=\"https:\/\/quantocustaviajar.com\/blog\/palacio-de-queluz-sintra\/\" target=\"_blank\" rel=\"noreferrer noopener\">pal\u00e1cio real<\/a>, ao contr\u00e1rio do que muita gente imagina. Embora o imperador D. Pedro I tenha dado o grito da independ\u00eancia a bordo de sua mula \u00e0s margens do riacho Ipiranga, em 7 de setembro de 1822, nem ele e nem sua fam\u00edlia chegou a morar neste local hist\u00f3rico. <\/p>\n\n\n\n<p>A fun\u00e7\u00e3o de museu \u00e9 antiga, mas o p\u00fablico pode esperar por algumas novidades a partir de agora. Depois de um projeto or\u00e7ado em mais de R$ 200 milh\u00f5es, captado via leis de incentivo e patrocinadores, o Museu do Ipiranga voltar\u00e1 a ativa com \u00e1reas e exposi\u00e7\u00f5es novas, pe\u00e7as do acervo e edif\u00edcio restaurado, algumas doses de tecnologia e um <a href=\"https:\/\/quantocustaviajar.com\/blog\/jardins-de-monet-fundacao-claude-monet\/\" target=\"_blank\" rel=\"noreferrer noopener\">jardim franc\u00eas<\/a> com fontes reluzentes.  <\/p>\n\n\n\n<p>Confira abaixo alguns destaques e informa\u00e7\u00f5es cruciais sobre este passeio. <\/p>\n\n\n\n<h2 class=\"wp-block-heading\"><span class=\"ez-toc-section\" id=\"Nem_tudo_esta_pronto\"><\/span>Nem tudo est\u00e1 pronto<span class=\"ez-toc-section-end\"><\/span><\/h2>\n\n\n\n<p>Sim, \u00e9 isso mesmo que voc\u00ea leu. Passada quase uma d\u00e9cada de museu fechado, chega a ser frustrante saber que nem tudo estar\u00e1 como deveria. Faltando poucos dias para a reabertura, o local ainda est\u00e1 em organiza\u00e7\u00e3o, realizando obras, montando salas expositivas e finalizando parte de suas alas. Em uma visita realizada pela equipe no dia 01 de setembro, pudemos constatar os trabalhadores em ritmo acelerado por todos os lados, para tentar cumprir os j\u00e1 atrasados prazos. <\/p>\n\n\n\n<p>At\u00e9 o final do ano, o museu dever\u00e1 definir quem vai operar a parte gastron\u00f4mica das instala\u00e7\u00f5es novas: restaurante, cafeteria e loja de souvenir, que n\u00e3o estar\u00e3o prontas por enquanto. Al\u00e9m disso, duas novas fontes no jardim franc\u00eas, recuperadas do projeto paisag\u00edstico da d\u00e9cada de 20, ainda est\u00e3o com escava\u00e7\u00e3o aberta. <\/p>\n\n\n\n<figure class=\"wp-block-image aligncenter size-large\"><img loading=\"lazy\" decoding=\"async\" width=\"768\" height=\"1024\" src=\"https:\/\/quantocustaviajar.com\/blog\/wp-content\/uploads\/2022\/09\/exposicoes20museu20ipiranga-1-768x1024.jpg\" alt=\"\" class=\"wp-image-54959\" srcset=\"https:\/\/quantocustaviajar.com\/blog\/wp-content\/uploads\/2022\/09\/exposicoes20museu20ipiranga-1-768x1024.jpg 768w, https:\/\/quantocustaviajar.com\/blog\/wp-content\/uploads\/2022\/09\/exposicoes20museu20ipiranga-1-225x300.jpg 225w, https:\/\/quantocustaviajar.com\/blog\/wp-content\/uploads\/2022\/09\/exposicoes20museu20ipiranga-1-1152x1536.jpg 1152w, https:\/\/quantocustaviajar.com\/blog\/wp-content\/uploads\/2022\/09\/exposicoes20museu20ipiranga-1.jpg 1500w\" sizes=\"auto, (max-width: 768px) 100vw, 768px\" \/><figcaption>Foto: Brunella Nunes\/QCV<\/figcaption><\/figure>\n\n\n\n<h2 class=\"wp-block-heading\"><span class=\"ez-toc-section\" id=\"Quais_sao_as_novidades\"><\/span>Quais s\u00e3o as novidades?<span class=\"ez-toc-section-end\"><\/span><\/h2>\n\n\n\n<p>A \u00e1rea ampliada ocupa tanto o subsolo do edif\u00edcio quanto seu topo. O p\u00fablico poder\u00e1 acessar o local por duas novas entradas, feitas na altura do jardim, onde se encontrar\u00e1 a bilheteria, um anfiteatro, uma sala de exposi\u00e7\u00f5es tempor\u00e1rias e, futuramente, a cafeteria e loja de souvenires. Por uma escada rolante \u00e9 poss\u00edvel chegar ao primeiro piso, que recebe os visitantes com a impactante escadaria monumental. <\/p>\n\n\n\n<p>Para al\u00e9m do segundo andar, h\u00e1 uma nova \u00e1rea expositiva em um espa\u00e7o entre as duas torres (do lado direito e esquerdo) e um grande mirante no topo do pr\u00e9dio, de onde se avista as terras ipiranguistas, a <a href=\"https:\/\/quantocustaviajar.com\/blog\/lugares-na-serra-da-cantareira\/\" target=\"_blank\" rel=\"noreferrer noopener\">Serra da Cantareira<\/a> e bairros adjacentes, como Mooca e at\u00e9 a Av. Paulista.<\/p>\n\n\n\n<p>No jardim, haver\u00e1 espa\u00e7o para food bikes e um restaurante onde ficava a antiga administra\u00e7\u00e3o do Parque da Independ\u00eancia, localizado logo em frente. Tamb\u00e9m foi colocado um biciclet\u00e1rio e um estacionamento destinado para pessoas com necessidades especiais. <\/p>\n\n\n\n<p>Al\u00e9m de mudan\u00e7as estruturais, o museu investiu em itens fundamentais para a sua preserva\u00e7\u00e3o, como um sistema h\u00edbrido de circula\u00e7\u00e3o de ar, novos aparatos de preven\u00e7\u00e3o de inc\u00eandios e um sistema inteligente para gerenciar sua seguran\u00e7a e manuten\u00e7\u00e3o e a conserva\u00e7\u00e3o de seu acervo.<\/p>\n\n\n\n<figure class=\"wp-block-image aligncenter size-large\"><img loading=\"lazy\" decoding=\"async\" width=\"768\" height=\"1024\" src=\"https:\/\/quantocustaviajar.com\/blog\/wp-content\/uploads\/2022\/09\/museu-do-ipiranga-abertura-1-768x1024.jpg\" alt=\"\" class=\"wp-image-54968\" srcset=\"https:\/\/quantocustaviajar.com\/blog\/wp-content\/uploads\/2022\/09\/museu-do-ipiranga-abertura-1-768x1024.jpg 768w, https:\/\/quantocustaviajar.com\/blog\/wp-content\/uploads\/2022\/09\/museu-do-ipiranga-abertura-1-225x300.jpg 225w, https:\/\/quantocustaviajar.com\/blog\/wp-content\/uploads\/2022\/09\/museu-do-ipiranga-abertura-1-1152x1536.jpg 1152w, https:\/\/quantocustaviajar.com\/blog\/wp-content\/uploads\/2022\/09\/museu-do-ipiranga-abertura-1.jpg 1500w\" sizes=\"auto, (max-width: 768px) 100vw, 768px\" \/><figcaption>Foto: Brunella Nunes\/QCV<\/figcaption><\/figure>\n\n\n\n<p><strong><a href=\"https:\/\/www.civitatis.com\/br\/sao-paulo\/?aid=100232&amp;cmp=postmuseuipi\" target=\"_blank\" rel=\"noreferrer noopener\">Encontre aqui passeios para fazer em SP!<\/a><\/strong><\/p>\n\n\n\n<h2 class=\"wp-block-heading\"><span class=\"ez-toc-section\" id=\"Acessibilidade_e_interacao\"><\/span>Acessibilidade e intera\u00e7\u00e3o<span class=\"ez-toc-section-end\"><\/span><\/h2>\n\n\n\n<p>Um dos investimentos mais importantes foi em acessibilidade, com a instala\u00e7\u00e3o de elevadores, banheiros adaptados, piso t\u00e1til, orienta\u00e7\u00f5es em Braile, audiodescri\u00e7\u00e3o nos itens expositivos, pain\u00e9is digitais e interativos com informa\u00e7\u00f5es e curiosidades sobre as obras, al\u00e9m de pe\u00e7as t\u00e1teis que facilitam o entendimento do acervo para pessoas com baixa ou nenhuma vis\u00e3o. <\/p>\n\n\n\n<p>O museu apostou minimamente em partes interativas dentro das exposi\u00e7\u00f5es, incluindo gavetas que o p\u00fablico pode puxar e conferir novos itens ou at\u00e9 mesmo toc\u00e1-los, quando h\u00e1 sinaliza\u00e7\u00e3o. <\/p>\n\n\n\n<figure class=\"wp-block-image aligncenter size-large\"><img loading=\"lazy\" decoding=\"async\" width=\"1024\" height=\"789\" src=\"https:\/\/quantocustaviajar.com\/blog\/wp-content\/uploads\/2022\/09\/exposicoes20museu20ipiranga-4-1024x789.jpg\" alt=\"\" class=\"wp-image-54960\" srcset=\"https:\/\/quantocustaviajar.com\/blog\/wp-content\/uploads\/2022\/09\/exposicoes20museu20ipiranga-4-1024x789.jpg 1024w, https:\/\/quantocustaviajar.com\/blog\/wp-content\/uploads\/2022\/09\/exposicoes20museu20ipiranga-4-300x231.jpg 300w, https:\/\/quantocustaviajar.com\/blog\/wp-content\/uploads\/2022\/09\/exposicoes20museu20ipiranga-4-768x592.jpg 768w, https:\/\/quantocustaviajar.com\/blog\/wp-content\/uploads\/2022\/09\/exposicoes20museu20ipiranga-4-1536x1183.jpg 1536w, https:\/\/quantocustaviajar.com\/blog\/wp-content\/uploads\/2022\/09\/exposicoes20museu20ipiranga-4-1920x1479.jpg 1920w, https:\/\/quantocustaviajar.com\/blog\/wp-content\/uploads\/2022\/09\/exposicoes20museu20ipiranga-4.jpg 2000w\" sizes=\"auto, (max-width: 1024px) 100vw, 1024px\" \/><figcaption>Foto: Brunella Nunes\/QCV<\/figcaption><\/figure>\n\n\n\n<h2 class=\"wp-block-heading\"><span class=\"ez-toc-section\" id=\"Quais_sao_as_exposicoes\"><\/span>Quais s\u00e3o as exposi\u00e7\u00f5es<span class=\"ez-toc-section-end\"><\/span><\/h2>\n\n\n\n<p>O Museu do Ipiranga tem um acervo gigantesco: s\u00e3o 450 mil itens coletados ao longo dos anos. Destes, 3,5 mil foram restaurados para estarem nas 11 exposi\u00e7\u00f5es que percorrem todo o edif\u00edcio. A visita\u00e7\u00e3o \u00e9 autoguiada, mas segundo a historiadora e curadora Solange Ferraz de Lima, a sugest\u00e3o \u00e9 come\u00e7ar pela exposi\u00e7\u00e3o &#8220;Para Entender o Museu: exposi\u00e7\u00e3o introdut\u00f3ria sobre o eixo&#8221;, dedicada a falar sobre a constru\u00e7\u00e3o do museu como um todo, unindo desde pe\u00e7as relacionadas \u00e0 hist\u00f3ria natural, at\u00e9 itens encontrados nas escava\u00e7\u00f5es das obras recentes.<\/p>\n\n\n\n<p>Em &#8220;Passados Imaginados&#8221; o p\u00fablico encontra uma enorme maquete que remonta S\u00e3o Paulo de 1841, feita em gesso. J\u00e1 &#8220;Territ\u00f3rios em Disputa&#8221; deixa o lado tipicamente pacifista das representa\u00e7\u00f5es de lado para abordar a coloniza\u00e7\u00e3o de uma terra ind\u00edgena por meio de objetos dos s\u00e9culos 16 e 17.<\/p>\n\n\n\n<figure class=\"wp-block-image aligncenter size-large\"><img loading=\"lazy\" decoding=\"async\" width=\"1024\" height=\"683\" src=\"https:\/\/quantocustaviajar.com\/blog\/wp-content\/uploads\/2022\/09\/escadaria-museudoipiranga-1024x683.jpg\" alt=\"\" class=\"wp-image-54961\" srcset=\"https:\/\/quantocustaviajar.com\/blog\/wp-content\/uploads\/2022\/09\/escadaria-museudoipiranga-1024x683.jpg 1024w, https:\/\/quantocustaviajar.com\/blog\/wp-content\/uploads\/2022\/09\/escadaria-museudoipiranga-300x200.jpg 300w, https:\/\/quantocustaviajar.com\/blog\/wp-content\/uploads\/2022\/09\/escadaria-museudoipiranga-768x512.jpg 768w, https:\/\/quantocustaviajar.com\/blog\/wp-content\/uploads\/2022\/09\/escadaria-museudoipiranga-1536x1024.jpg 1536w, https:\/\/quantocustaviajar.com\/blog\/wp-content\/uploads\/2022\/09\/escadaria-museudoipiranga-2048x1365.jpg 2048w, https:\/\/quantocustaviajar.com\/blog\/wp-content\/uploads\/2022\/09\/escadaria-museudoipiranga-1920x1280.jpg 1920w\" sizes=\"auto, (max-width: 1024px) 100vw, 1024px\" \/><figcaption>Foto: F\u00e1bio Feltrin\/QCV<\/figcaption><\/figure>\n\n\n\n<p>Antes de subir as escadas, no hall, conv\u00e9m ler os pain\u00e9is informativos da mostra &#8220;Uma Hist\u00f3ria do Brasil&#8221;, que re\u00fane itens relacionados \u00e0 Independ\u00eancia do Brasil e seus processos, antes de chegar ao Sal\u00e3o Nobre, espa\u00e7o conhecido por destacar figuras e telas art\u00edsticas importantes como D. Pedro I, a Imperatriz Leopoldina, e a soldado Maria Quit\u00e9ria. \u00c9 nessa sala que fica o famoso quadro &#8220;Independ\u00eancia ou Morte&#8221;, de Pedro Am\u00e9rico. <\/p>\n\n\n\n<p>Nas escadas, vale a pena admirar as 18 \u00e2nforas de cristal com \u00e1guas de rios brasileiros. <\/p>\n\n\n\n<p>A sala &#8220;Mundos do Trabalho&#8221; est\u00e1 entre as mais interessantes do museu, com destaque para a classe trabalhadora que ergueu o pa\u00eds, como pessoas negras escravizadas, ind\u00edgenas, imigrantes e homens livres em pap\u00e9is de protagonistas. H\u00e1 telas bel\u00edssimas de Antonio Ferrigno e pe\u00e7as que pertenceram a Santos Dumont. <\/p>\n\n\n\n<p>O tour inclui ainda as mostras &#8220;Casas e Coisas&#8221;, &#8220;Comunicar: lou\u00e7as&#8221;, &#8220;Conservar: brinquedos&#8221;, &#8220;Catalogar: moedas e medalhas&#8221;, &#8220;Coletar: imagens e objetos&#8221;, &#8220;A Cidade Vista de Cima&#8221; e, por fim, &#8220;Mem\u00f3rias da Independ\u00eancia&#8221;, a 12\u00aa exposi\u00e7\u00e3o, que fica pronta apenas em novembro. <\/p>\n\n\n\n<figure class=\"wp-block-image aligncenter size-large\"><img loading=\"lazy\" decoding=\"async\" width=\"1024\" height=\"738\" src=\"https:\/\/quantocustaviajar.com\/blog\/wp-content\/uploads\/2022\/09\/exposicao-museuipiranga-1024x738.jpg\" alt=\"\" class=\"wp-image-54957\" srcset=\"https:\/\/quantocustaviajar.com\/blog\/wp-content\/uploads\/2022\/09\/exposicao-museuipiranga-1024x738.jpg 1024w, https:\/\/quantocustaviajar.com\/blog\/wp-content\/uploads\/2022\/09\/exposicao-museuipiranga-300x216.jpg 300w, https:\/\/quantocustaviajar.com\/blog\/wp-content\/uploads\/2022\/09\/exposicao-museuipiranga-768x553.jpg 768w, https:\/\/quantocustaviajar.com\/blog\/wp-content\/uploads\/2022\/09\/exposicao-museuipiranga-1536x1107.jpg 1536w, https:\/\/quantocustaviajar.com\/blog\/wp-content\/uploads\/2022\/09\/exposicao-museuipiranga-2048x1476.jpg 2048w, https:\/\/quantocustaviajar.com\/blog\/wp-content\/uploads\/2022\/09\/exposicao-museuipiranga-1920x1383.jpg 1920w\" sizes=\"auto, (max-width: 1024px) 100vw, 1024px\" \/><figcaption>Foto: F\u00e1bio Feltrin\/QCV<\/figcaption><\/figure>\n\n\n\n<h2 class=\"wp-block-heading\"><span class=\"ez-toc-section\" id=\"Um_mirante_de_dar_inveja\"><\/span>Um mirante de dar inveja<span class=\"ez-toc-section-end\"><\/span><\/h2>\n\n\n\n<p>Esta talvez ser\u00e1 a \u00e1rea mais disputada do museu: o mirante ter\u00e1 vis\u00e3o privilegiada para a colina hist\u00f3rica do Ipiranga, que tem em seu horizonte o bonito contorno da <a href=\"https:\/\/quantocustaviajar.com\/blog\/lugares-na-serra-da-cantareira\/\">Serra da Cantareira<\/a>. <\/p>\n\n\n\n<p>Nos 360\u00ba que disponibiliza aos visitantes na torra central, h\u00e1 chances de ter finais de tarde memor\u00e1veis nas alturas. Mas, enquanto o museu estiver em abertura inicial, tamb\u00e9m n\u00e3o dar\u00e1 acesso ao espa\u00e7o. <\/p>\n\n\n\n<figure class=\"wp-block-image aligncenter size-large\"><img loading=\"lazy\" decoding=\"async\" width=\"1024\" height=\"768\" src=\"https:\/\/quantocustaviajar.com\/blog\/wp-content\/uploads\/2022\/09\/mirante-museuipiranga-1024x768.jpg\" alt=\"\" class=\"wp-image-54964\" srcset=\"https:\/\/quantocustaviajar.com\/blog\/wp-content\/uploads\/2022\/09\/mirante-museuipiranga-1024x768.jpg 1024w, https:\/\/quantocustaviajar.com\/blog\/wp-content\/uploads\/2022\/09\/mirante-museuipiranga-300x225.jpg 300w, https:\/\/quantocustaviajar.com\/blog\/wp-content\/uploads\/2022\/09\/mirante-museuipiranga-768x576.jpg 768w, https:\/\/quantocustaviajar.com\/blog\/wp-content\/uploads\/2022\/09\/mirante-museuipiranga-1536x1152.jpg 1536w, https:\/\/quantocustaviajar.com\/blog\/wp-content\/uploads\/2022\/09\/mirante-museuipiranga.jpg 1600w\" sizes=\"auto, (max-width: 1024px) 100vw, 1024px\" \/><figcaption>Foto: F\u00e1bio Savino<\/figcaption><\/figure>\n\n\n\n<h2 class=\"wp-block-heading\"><span class=\"ez-toc-section\" id=\"O_retorno_das_fontes\"><\/span>O retorno das fontes<span class=\"ez-toc-section-end\"><\/span><\/h2>\n\n\n\n<p>Mesmo antes do Museu do Ipiranga fechar para reforma, as fontes j\u00e1 estavam desativadas e vazias. A imagem outrora triste ganhou outra vida a partir da instala\u00e7\u00e3o de novos circuitos e jatos d&#8217;\u00e1gua, que tornam a paisagem do jardim e do edif\u00edcio muito mais sedutora. Os ornamentos foram restaurados e um jogo de luzes coloridas ir\u00e3o dar outros tons \u00e0s noites no Ipiranga. <\/p>\n\n\n\n<p>O jardim franc\u00eas conta com \u00e1rvores topi\u00e1rias, pinheiros, palmeiras, roseiras, azaleias e uma alameda repleta de jaqueiras nas laterais. O paisagismo inspirado no parisiense <a href=\"https:\/\/quantocustaviajar.com\/blog\/palacio-de-versalhes\/\" target=\"_blank\" rel=\"noreferrer noopener\">Pal\u00e1cio de Versalhes<\/a> recuperou todo o seu brilho. <\/p>\n\n\n\n<figure class=\"wp-block-image aligncenter size-large\"><img loading=\"lazy\" decoding=\"async\" width=\"1024\" height=\"683\" src=\"https:\/\/quantocustaviajar.com\/blog\/wp-content\/uploads\/2022\/09\/jardim-museudoipiranga-1024x683.jpg\" alt=\"\" class=\"wp-image-54962\" srcset=\"https:\/\/quantocustaviajar.com\/blog\/wp-content\/uploads\/2022\/09\/jardim-museudoipiranga-1024x683.jpg 1024w, https:\/\/quantocustaviajar.com\/blog\/wp-content\/uploads\/2022\/09\/jardim-museudoipiranga-300x200.jpg 300w, https:\/\/quantocustaviajar.com\/blog\/wp-content\/uploads\/2022\/09\/jardim-museudoipiranga-768x512.jpg 768w, https:\/\/quantocustaviajar.com\/blog\/wp-content\/uploads\/2022\/09\/jardim-museudoipiranga-1536x1024.jpg 1536w, https:\/\/quantocustaviajar.com\/blog\/wp-content\/uploads\/2022\/09\/jardim-museudoipiranga-2048x1365.jpg 2048w, https:\/\/quantocustaviajar.com\/blog\/wp-content\/uploads\/2022\/09\/jardim-museudoipiranga-1920x1280.jpg 1920w\" sizes=\"auto, (max-width: 1024px) 100vw, 1024px\" \/><figcaption>Foto: F\u00e1bio Feltrin\/QCV<\/figcaption><\/figure>\n\n\n\n<h2 class=\"wp-block-heading\"><span class=\"ez-toc-section\" id=\"Quando_reabre_ao_publico\"><\/span>Quando reabre ao p\u00fablico?<span class=\"ez-toc-section-end\"><\/span><\/h2>\n\n\n\n<p>Ao longo dos anos, foi prometida a reabertura do Museu do Ipiranga no dia 7 de setembro de 2022. Por\u00e9m, dadas as propor\u00e7\u00f5es pol\u00edticas acaloradas do momento, a data ficou reservada apenas aos mais de 400 trabalhadores das obras e suas fam\u00edlias, al\u00e9m de alunos selecionadas da rede p\u00fablica de ensino. <\/p>\n\n\n\n<p>Assim sendo, <strong>a reabertura ao p\u00fablico ser\u00e1 a partir do dia 08 de setembro<\/strong>, mediante agendamento e apresenta\u00e7\u00e3o do ingresso. Ou seja, n\u00e3o ser\u00e1 poss\u00edvel entrar no edif\u00edcio sem apresentar o ticket virtual. <\/p>\n\n\n\n<p>Dias de funcionamento do museu: de ter\u00e7a a domingo. Hor\u00e1rios (v\u00e1lidos para setembro): de 8 a 11 de setembro, das 11h \u00e0s 16h. Depois, das 12h \u00e0s 18h.<\/p>\n\n\n\n<figure class=\"wp-block-image aligncenter size-large\"><img loading=\"lazy\" decoding=\"async\" width=\"1024\" height=\"682\" src=\"https:\/\/quantocustaviajar.com\/blog\/wp-content\/uploads\/2022\/09\/novo-museudoipiranga-1024x682.jpg\" alt=\"\" class=\"wp-image-54967\" srcset=\"https:\/\/quantocustaviajar.com\/blog\/wp-content\/uploads\/2022\/09\/novo-museudoipiranga-1024x682.jpg 1024w, https:\/\/quantocustaviajar.com\/blog\/wp-content\/uploads\/2022\/09\/novo-museudoipiranga-300x200.jpg 300w, https:\/\/quantocustaviajar.com\/blog\/wp-content\/uploads\/2022\/09\/novo-museudoipiranga-768x512.jpg 768w, https:\/\/quantocustaviajar.com\/blog\/wp-content\/uploads\/2022\/09\/novo-museudoipiranga-1536x1024.jpg 1536w, https:\/\/quantocustaviajar.com\/blog\/wp-content\/uploads\/2022\/09\/novo-museudoipiranga-2048x1365.jpg 2048w, https:\/\/quantocustaviajar.com\/blog\/wp-content\/uploads\/2022\/09\/novo-museudoipiranga-1920x1280.jpg 1920w\" sizes=\"auto, (max-width: 1024px) 100vw, 1024px\" \/><figcaption>Foto: F\u00e1bio Feltrin\/QCV<\/figcaption><\/figure>\n\n\n\n<h2 class=\"wp-block-heading\"><span class=\"ez-toc-section\" id=\"Gratuidade_por_dois_meses\"><\/span>Gratuidade por dois meses<span class=\"ez-toc-section-end\"><\/span><\/h2>\n\n\n\n<p>Por meio de uma franquia, o museu ir\u00e1 disponibilizar ingressos gratuitos a todos durante dois meses, distribu\u00eddos on-line a partir do dia 05 de setembro, at\u00e9 o dia 06 de novembro. Dada a indefini\u00e7\u00e3o com rela\u00e7\u00e3o \u00e0 venda de ingressos, ainda n\u00e3o ser\u00e1 poss\u00edvel se programar para visitar o pr\u00e9dio em datas que v\u00e3o al\u00e9m do per\u00edodo com entrada franca. <\/p>\n\n\n\n<h2 class=\"wp-block-heading\"><span class=\"ez-toc-section\" id=\"Onde_adquirir_os_ingressos\"><\/span>Onde adquirir os ingressos?<span class=\"ez-toc-section-end\"><\/span><\/h2>\n\n\n\n<p>Mesmo gratuitos, os ingressos devem ser adquiridos por meio da plataforma oficial do museu, no site: <a href=\"http:\/\/www.museudoipiranga.org.br\" target=\"_blank\" rel=\"noreferrer noopener\">www.museudoipiranga.org.br<\/a>. A plataforma estar\u00e1 dispon\u00edvel no dia 05 de setembro, \u00e0s 10h. <\/p>\n\n\n\n<p>A distribui\u00e7\u00e3o acontece em lotes semanais, sempre \u00e0s sextas-feiras, \u00e0s 10h. Ou seja, n\u00e3o adianta entrar no site em qualquer outro dia\/hor\u00e1rio, que n\u00e3o haver\u00e1 como pegar ingressos, ok?<\/p>\n\n\n\n<figure class=\"wp-block-image aligncenter size-large\"><img loading=\"lazy\" decoding=\"async\" width=\"1024\" height=\"683\" src=\"https:\/\/quantocustaviajar.com\/blog\/wp-content\/uploads\/2022\/09\/expo-museuipiranga-1024x683.jpg\" alt=\"\" class=\"wp-image-54965\" srcset=\"https:\/\/quantocustaviajar.com\/blog\/wp-content\/uploads\/2022\/09\/expo-museuipiranga-1024x683.jpg 1024w, https:\/\/quantocustaviajar.com\/blog\/wp-content\/uploads\/2022\/09\/expo-museuipiranga-300x200.jpg 300w, https:\/\/quantocustaviajar.com\/blog\/wp-content\/uploads\/2022\/09\/expo-museuipiranga-768x512.jpg 768w, https:\/\/quantocustaviajar.com\/blog\/wp-content\/uploads\/2022\/09\/expo-museuipiranga-1536x1024.jpg 1536w, https:\/\/quantocustaviajar.com\/blog\/wp-content\/uploads\/2022\/09\/expo-museuipiranga-2048x1365.jpg 2048w, https:\/\/quantocustaviajar.com\/blog\/wp-content\/uploads\/2022\/09\/expo-museuipiranga-1920x1280.jpg 1920w\" sizes=\"auto, (max-width: 1024px) 100vw, 1024px\" \/><figcaption>Foto: F\u00e1bio Feltrin\/QCV<\/figcaption><\/figure>\n\n\n\n<h2 class=\"wp-block-heading\"><span class=\"ez-toc-section\" id=\"Onde_fica\"><\/span>Onde fica?<span class=\"ez-toc-section-end\"><\/span><\/h2>\n\n\n\n<p>O Museu do Ipiranga fica na <strong>Rua dos Patriotas, n\u00ba 100<\/strong> &#8211; Ipiranga, S\u00e3o Paulo. O bairro conta com tr\u00eas esta\u00e7\u00f5es de metr\u00f4, todas na linha verde: Santos-Imigrantes, Alto do Ipiranga e Sacom\u00e3. Todas ficam a aproximadamente 2 km de dist\u00e2ncia do edif\u00edcio. Tanto na Av. Nazar\u00e9 quanto na rua Bom Pastor, que abra\u00e7am o museu, h\u00e1 linhas de \u00f4nibus dispon\u00edveis. <\/p>\n\n\n\n<h2 class=\"wp-block-heading\"><span class=\"ez-toc-section\" id=\"Onde_se_hospedar\"><\/span>Onde se hospedar?<span class=\"ez-toc-section-end\"><\/span><\/h2>\n\n\n\n<p><a href=\"https:\/\/www.booking.com\/index.html?aid=2161834\" target=\"_blank\" rel=\"noreferrer noopener\"><strong>Procure a hospedagem mais conveniente para voc\u00ea clicando aqui.<\/strong><\/a><\/p>\n\n\n\n<figure class=\"wp-block-image aligncenter size-large\"><img loading=\"lazy\" decoding=\"async\" width=\"1024\" height=\"683\" src=\"https:\/\/quantocustaviajar.com\/blog\/wp-content\/uploads\/2022\/09\/jardim-museuipiranga-1024x683.jpg\" alt=\"\" class=\"wp-image-54966\" srcset=\"https:\/\/quantocustaviajar.com\/blog\/wp-content\/uploads\/2022\/09\/jardim-museuipiranga-1024x683.jpg 1024w, https:\/\/quantocustaviajar.com\/blog\/wp-content\/uploads\/2022\/09\/jardim-museuipiranga-300x200.jpg 300w, https:\/\/quantocustaviajar.com\/blog\/wp-content\/uploads\/2022\/09\/jardim-museuipiranga-768x512.jpg 768w, https:\/\/quantocustaviajar.com\/blog\/wp-content\/uploads\/2022\/09\/jardim-museuipiranga-1536x1024.jpg 1536w, https:\/\/quantocustaviajar.com\/blog\/wp-content\/uploads\/2022\/09\/jardim-museuipiranga-2048x1365.jpg 2048w, https:\/\/quantocustaviajar.com\/blog\/wp-content\/uploads\/2022\/09\/jardim-museuipiranga-1920x1280.jpg 1920w\" sizes=\"auto, (max-width: 1024px) 100vw, 1024px\" \/><figcaption>Foto: F\u00e1bio Feltrin\/QCV<\/figcaption><\/figure>\n","protected":false},"excerpt":{"rendered":"<p>Nove anos de espera se passaram para quem sonha em visitar o Museu do Ipiranga, em S\u00e3o Paulo. Fechado \u00e0s pressas em 2013, um dos espa\u00e7os culturais mais importantes do pa\u00eds aproveitou uma rachadura no subsolo para fazer uma grande reforma, com direito a restauro, amplia\u00e7\u00e3o e moderniza\u00e7\u00e3o. Em setembro de 2022, o espa\u00e7o ir\u00e1 [&hellip;]<\/p>\n","protected":false},"author":4,"featured_media":54963,"comment_status":"open","ping_status":"open","sticky":false,"template":"","format":"standard","meta":{"cybocfi_hide_featured_image":"","footnotes":""},"categories":[1436,646],"tags":[135,178,330,278,3091,2184,529,321,303,1000],"class_list":["post-54954","post","type-post","status-publish","format-standard","has-post-thumbnail","hentry","category-artes-cultura-diversao","category-nossas-experiencias","tag-atracoes","tag-como-chegar","tag-exposicao","tag-ingresso","tag-museu-do-ipiranga","tag-museus","tag-onde-ir","tag-passeios","tag-sao-paulo","tag-visita"],"blocksy_meta":[],"yoast_head":"<!-- This site is optimized with the Yoast SEO plugin v26.3 - https:\/\/yoast.com\/wordpress\/plugins\/seo\/ -->\n<title>Tudo o que voc\u00ea precisa saber antes de visitar o Museu do Ipiranga, em SP<\/title>\n<meta name=\"description\" content=\"Chegou o grande momento de visitar o Museu do Ipiranga, em S\u00e3o Paulo, que ficou 9 anos em obras. Saiba tudo o que voc\u00ea precisa antes de ir!\" \/>\n<meta name=\"robots\" content=\"index, follow, max-snippet:-1, max-image-preview:large, max-video-preview:-1\" \/>\n<link rel=\"canonical\" href=\"https:\/\/quantocustaviajar.com\/blog\/visitar-museu-do-ipiranga\/\" \/>\n<meta property=\"og:locale\" content=\"pt_BR\" \/>\n<meta property=\"og:type\" content=\"article\" \/>\n<meta property=\"og:title\" content=\"Tudo o que voc\u00ea precisa saber antes de visitar o Museu do Ipiranga, em SP\" \/>\n<meta property=\"og:description\" content=\"Chegou o grande momento de visitar o Museu do Ipiranga, em S\u00e3o Paulo, que ficou 9 anos em obras. Saiba tudo o que voc\u00ea precisa antes de ir!\" \/>\n<meta property=\"og:url\" content=\"https:\/\/quantocustaviajar.com\/blog\/visitar-museu-do-ipiranga\/\" \/>\n<meta property=\"og:site_name\" content=\"Blog Quanto Custa Viajar\" \/>\n<meta property=\"article:publisher\" content=\"https:\/\/www.facebook.com\/quantocustaviajar\" \/>\n<meta property=\"article:author\" content=\"https:\/\/www.facebook.com\/brunellapfvr\/posts\" \/>\n<meta property=\"article:published_time\" content=\"2022-09-02T12:22:24+00:00\" \/>\n<meta property=\"article:modified_time\" content=\"2022-09-22T12:30:17+00:00\" \/>\n<meta property=\"og:image\" content=\"https:\/\/quantocustaviajar.com\/blog\/wp-content\/uploads\/2022\/09\/visita-museudoipiranga-scaled.jpg\" \/>\n\t<meta property=\"og:image:width\" content=\"2560\" \/>\n\t<meta property=\"og:image:height\" content=\"1707\" \/>\n\t<meta property=\"og:image:type\" content=\"image\/jpeg\" \/>\n<meta name=\"author\" content=\"Brunella Nunes\" \/>\n<meta name=\"twitter:card\" content=\"summary_large_image\" \/>\n<meta name=\"twitter:label1\" content=\"Escrito por\" \/>\n\t<meta name=\"twitter:data1\" content=\"Brunella Nunes\" \/>\n\t<meta name=\"twitter:label2\" content=\"Est. tempo de leitura\" \/>\n\t<meta name=\"twitter:data2\" content=\"11 minutos\" \/>\n<!-- \/ Yoast SEO plugin. -->","yoast_head_json":{"title":"Tudo o que voc\u00ea precisa saber antes de visitar o Museu do Ipiranga, em SP","description":"Chegou o grande momento de visitar o Museu do Ipiranga, em S\u00e3o Paulo, que ficou 9 anos em obras. Saiba tudo o que voc\u00ea precisa antes de ir!","robots":{"index":"index","follow":"follow","max-snippet":"max-snippet:-1","max-image-preview":"max-image-preview:large","max-video-preview":"max-video-preview:-1"},"canonical":"https:\/\/quantocustaviajar.com\/blog\/visitar-museu-do-ipiranga\/","og_locale":"pt_BR","og_type":"article","og_title":"Tudo o que voc\u00ea precisa saber antes de visitar o Museu do Ipiranga, em SP","og_description":"Chegou o grande momento de visitar o Museu do Ipiranga, em S\u00e3o Paulo, que ficou 9 anos em obras. Saiba tudo o que voc\u00ea precisa antes de ir!","og_url":"https:\/\/quantocustaviajar.com\/blog\/visitar-museu-do-ipiranga\/","og_site_name":"Blog Quanto Custa Viajar","article_publisher":"https:\/\/www.facebook.com\/quantocustaviajar","article_author":"https:\/\/www.facebook.com\/brunellapfvr\/posts","article_published_time":"2022-09-02T12:22:24+00:00","article_modified_time":"2022-09-22T12:30:17+00:00","og_image":[{"width":2560,"height":1707,"url":"https:\/\/quantocustaviajar.com\/blog\/wp-content\/uploads\/2022\/09\/visita-museudoipiranga-scaled.jpg","type":"image\/jpeg"}],"author":"Brunella Nunes","twitter_card":"summary_large_image","twitter_misc":{"Escrito por":"Brunella Nunes","Est. tempo de leitura":"11 minutos"},"schema":{"@context":"https:\/\/schema.org","@graph":[{"@type":["Article","BlogPosting"],"@id":"https:\/\/quantocustaviajar.com\/blog\/visitar-museu-do-ipiranga\/#article","isPartOf":{"@id":"https:\/\/quantocustaviajar.com\/blog\/visitar-museu-do-ipiranga\/"},"author":{"name":"Brunella Nunes","@id":"https:\/\/quantocustaviajar.com\/blog\/#\/schema\/person\/1a6dd3da9d0c0a4be42652b67bea19bb"},"headline":"Tudo o que voc\u00ea precisa saber antes de visitar o Museu do Ipiranga, em SP","datePublished":"2022-09-02T12:22:24+00:00","dateModified":"2022-09-22T12:30:17+00:00","mainEntityOfPage":{"@id":"https:\/\/quantocustaviajar.com\/blog\/visitar-museu-do-ipiranga\/"},"wordCount":1643,"commentCount":9,"publisher":{"@id":"https:\/\/quantocustaviajar.com\/blog\/#organization"},"image":{"@id":"https:\/\/quantocustaviajar.com\/blog\/visitar-museu-do-ipiranga\/#primaryimage"},"thumbnailUrl":"https:\/\/quantocustaviajar.com\/blog\/wp-content\/uploads\/2022\/09\/visita-museudoipiranga-scaled.jpg","keywords":["atra\u00e7\u00f5es","como chegar","exposi\u00e7\u00e3o","ingresso","museu do ipiranga","museus","onde ir","passeios","S\u00e3o Paulo","visita"],"articleSection":["Artes, Cultura &amp; Divers\u00e3o","Nossas experi\u00eancias"],"inLanguage":"pt-BR","potentialAction":[{"@type":"CommentAction","name":"Comment","target":["https:\/\/quantocustaviajar.com\/blog\/visitar-museu-do-ipiranga\/#respond"]}]},{"@type":"WebPage","@id":"https:\/\/quantocustaviajar.com\/blog\/visitar-museu-do-ipiranga\/","url":"https:\/\/quantocustaviajar.com\/blog\/visitar-museu-do-ipiranga\/","name":"Tudo o que voc\u00ea precisa saber antes de visitar o Museu do Ipiranga, em SP","isPartOf":{"@id":"https:\/\/quantocustaviajar.com\/blog\/#website"},"primaryImageOfPage":{"@id":"https:\/\/quantocustaviajar.com\/blog\/visitar-museu-do-ipiranga\/#primaryimage"},"image":{"@id":"https:\/\/quantocustaviajar.com\/blog\/visitar-museu-do-ipiranga\/#primaryimage"},"thumbnailUrl":"https:\/\/quantocustaviajar.com\/blog\/wp-content\/uploads\/2022\/09\/visita-museudoipiranga-scaled.jpg","datePublished":"2022-09-02T12:22:24+00:00","dateModified":"2022-09-22T12:30:17+00:00","description":"Chegou o grande momento de visitar o Museu do Ipiranga, em S\u00e3o Paulo, que ficou 9 anos em obras. Saiba tudo o que voc\u00ea precisa antes de ir!","breadcrumb":{"@id":"https:\/\/quantocustaviajar.com\/blog\/visitar-museu-do-ipiranga\/#breadcrumb"},"inLanguage":"pt-BR","potentialAction":[{"@type":"ReadAction","target":["https:\/\/quantocustaviajar.com\/blog\/visitar-museu-do-ipiranga\/"]}]},{"@type":"ImageObject","inLanguage":"pt-BR","@id":"https:\/\/quantocustaviajar.com\/blog\/visitar-museu-do-ipiranga\/#primaryimage","url":"https:\/\/quantocustaviajar.com\/blog\/wp-content\/uploads\/2022\/09\/visita-museudoipiranga-scaled.jpg","contentUrl":"https:\/\/quantocustaviajar.com\/blog\/wp-content\/uploads\/2022\/09\/visita-museudoipiranga-scaled.jpg","width":2560,"height":1707,"caption":"Foto: F\u00e1bio Feltrin\/QCV"},{"@type":"BreadcrumbList","@id":"https:\/\/quantocustaviajar.com\/blog\/visitar-museu-do-ipiranga\/#breadcrumb","itemListElement":[{"@type":"ListItem","position":1,"name":"In\u00edcio","item":"https:\/\/quantocustaviajar.com\/blog\/"},{"@type":"ListItem","position":2,"name":"Tudo o que voc\u00ea precisa saber antes de visitar o Museu do Ipiranga, em SP"}]},{"@type":"WebSite","@id":"https:\/\/quantocustaviajar.com\/blog\/#website","url":"https:\/\/quantocustaviajar.com\/blog\/","name":"Blog Quanto Custa Viajar","description":"","publisher":{"@id":"https:\/\/quantocustaviajar.com\/blog\/#organization"},"potentialAction":[{"@type":"SearchAction","target":{"@type":"EntryPoint","urlTemplate":"https:\/\/quantocustaviajar.com\/blog\/?s={search_term_string}"},"query-input":{"@type":"PropertyValueSpecification","valueRequired":true,"valueName":"search_term_string"}}],"inLanguage":"pt-BR"},{"@type":"Organization","@id":"https:\/\/quantocustaviajar.com\/blog\/#organization","name":"Quanto Custa Viajar","url":"https:\/\/quantocustaviajar.com\/blog\/","logo":{"@type":"ImageObject","inLanguage":"pt-BR","@id":"https:\/\/quantocustaviajar.com\/blog\/#\/schema\/logo\/image\/","url":"","contentUrl":"","caption":"Quanto Custa Viajar"},"image":{"@id":"https:\/\/quantocustaviajar.com\/blog\/#\/schema\/logo\/image\/"},"sameAs":["https:\/\/www.facebook.com\/quantocustaviajar"]},{"@type":"Person","@id":"https:\/\/quantocustaviajar.com\/blog\/#\/schema\/person\/1a6dd3da9d0c0a4be42652b67bea19bb","name":"Brunella Nunes","image":{"@type":"ImageObject","inLanguage":"pt-BR","@id":"https:\/\/quantocustaviajar.com\/blog\/#\/schema\/person\/image\/","url":"https:\/\/secure.gravatar.com\/avatar\/05b28dfb8a3cc7ee0dba6feefa5677f05be6d7bf4b017728fd38499092f9c282?s=96&d=mm&r=g","contentUrl":"https:\/\/secure.gravatar.com\/avatar\/05b28dfb8a3cc7ee0dba6feefa5677f05be6d7bf4b017728fd38499092f9c282?s=96&d=mm&r=g","caption":"Brunella Nunes"},"description":"Quando n\u00e3o est\u00e1 viajando pelo mundo, est\u00e1 viajando nas ideias.","sameAs":["https:\/\/www.facebook.com\/brunellapfvr\/posts","https:\/\/www.linkedin.com\/in\/brunellanunes\/"],"url":"https:\/\/quantocustaviajar.com\/blog\/author\/equipe\/"}]}},"_links":{"self":[{"href":"https:\/\/quantocustaviajar.com\/blog\/wp-json\/wp\/v2\/posts\/54954","targetHints":{"allow":["GET"]}}],"collection":[{"href":"https:\/\/quantocustaviajar.com\/blog\/wp-json\/wp\/v2\/posts"}],"about":[{"href":"https:\/\/quantocustaviajar.com\/blog\/wp-json\/wp\/v2\/types\/post"}],"author":[{"embeddable":true,"href":"https:\/\/quantocustaviajar.com\/blog\/wp-json\/wp\/v2\/users\/4"}],"replies":[{"embeddable":true,"href":"https:\/\/quantocustaviajar.com\/blog\/wp-json\/wp\/v2\/comments?post=54954"}],"version-history":[{"count":7,"href":"https:\/\/quantocustaviajar.com\/blog\/wp-json\/wp\/v2\/posts\/54954\/revisions"}],"predecessor-version":[{"id":55111,"href":"https:\/\/quantocustaviajar.com\/blog\/wp-json\/wp\/v2\/posts\/54954\/revisions\/55111"}],"wp:featuredmedia":[{"embeddable":true,"href":"https:\/\/quantocustaviajar.com\/blog\/wp-json\/wp\/v2\/media\/54963"}],"wp:attachment":[{"href":"https:\/\/quantocustaviajar.com\/blog\/wp-json\/wp\/v2\/media?parent=54954"}],"wp:term":[{"taxonomy":"category","embeddable":true,"href":"https:\/\/quantocustaviajar.com\/blog\/wp-json\/wp\/v2\/categories?post=54954"},{"taxonomy":"post_tag","embeddable":true,"href":"https:\/\/quantocustaviajar.com\/blog\/wp-json\/wp\/v2\/tags?post=54954"}],"curies":[{"name":"wp","href":"https:\/\/api.w.org\/{rel}","templated":true}]}}