{"id":54639,"date":"2025-01-05T13:18:00","date_gmt":"2025-01-05T13:18:00","guid":{"rendered":"https:\/\/quantocustaviajar.com\/blog\/?p=54639"},"modified":"2025-06-10T19:19:19","modified_gmt":"2025-06-10T19:19:19","slug":"cabanas-na-serra-catarinense","status":"publish","type":"post","link":"https:\/\/quantocustaviajar.com\/blog\/cabanas-na-serra-catarinense\/","title":{"rendered":"Cabanas na Serra Catarinense &#8211; op\u00e7\u00f5es para curtir o inverno com lindas paisagens"},"content":{"rendered":"\n<p>A Serra Catarinense \u00e9 um destino imperd\u00edvel para quem quer fugir da rotina e descansar em meio \u00e0 natureza, com belas paisagens montanhosas, com altitude, arauc\u00e1rias, ecoturismo e nada melhor do que hospedagens incr\u00edveis para completar essa experi\u00eancia, por isso confira<strong> cabanas na Serra Catarinense <\/strong>para descansar em grande estilo.<\/p><div id=\"ez-toc-container\" class=\"ez-toc-v2_0_76 ez-toc-wrap-left counter-hierarchy ez-toc-counter ez-toc-light-blue ez-toc-container-direction\">\n<div class=\"ez-toc-title-container\">\n<p class=\"ez-toc-title\" style=\"cursor:inherit\">Aqui voc\u00ea ir\u00e1 encontrar<\/p>\n<span class=\"ez-toc-title-toggle\"><a href=\"#\" class=\"ez-toc-pull-right ez-toc-btn ez-toc-btn-xs ez-toc-btn-default ez-toc-toggle\" aria-label=\"Alternar tabela de conte\u00fado\"><span class=\"ez-toc-js-icon-con\"><span class=\"\"><span class=\"eztoc-hide\" style=\"display:none;\">Toggle<\/span><span class=\"ez-toc-icon-toggle-span\"><svg style=\"fill: #999;color:#999\" xmlns=\"http:\/\/www.w3.org\/2000\/svg\" class=\"list-377408\" width=\"20px\" height=\"20px\" viewBox=\"0 0 24 24\" fill=\"none\"><path d=\"M6 6H4v2h2V6zm14 0H8v2h12V6zM4 11h2v2H4v-2zm16 0H8v2h12v-2zM4 16h2v2H4v-2zm16 0H8v2h12v-2z\" fill=\"currentColor\"><\/path><\/svg><svg style=\"fill: #999;color:#999\" class=\"arrow-unsorted-368013\" xmlns=\"http:\/\/www.w3.org\/2000\/svg\" width=\"10px\" height=\"10px\" viewBox=\"0 0 24 24\" version=\"1.2\" baseProfile=\"tiny\"><path d=\"M18.2 9.3l-6.2-6.3-6.2 6.3c-.2.2-.3.4-.3.7s.1.5.3.7c.2.2.4.3.7.3h11c.3 0 .5-.1.7-.3.2-.2.3-.5.3-.7s-.1-.5-.3-.7zM5.8 14.7l6.2 6.3 6.2-6.3c.2-.2.3-.5.3-.7s-.1-.5-.3-.7c-.2-.2-.4-.3-.7-.3h-11c-.3 0-.5.1-.7.3-.2.2-.3.5-.3.7s.1.5.3.7z\"\/><\/svg><\/span><\/span><\/span><\/a><\/span><\/div>\n<nav><ul class='ez-toc-list ez-toc-list-level-1 ' ><li class='ez-toc-page-1 ez-toc-heading-level-2'><a class=\"ez-toc-link ez-toc-heading-1\" href=\"https:\/\/quantocustaviajar.com\/blog\/cabanas-na-serra-catarinense\/#Cabanas_na_Serra_Catarinense_%E2%80%93_conheca_a_Serra\" >Cabanas na Serra Catarinense &#8211; conhe\u00e7a a Serra<\/a><\/li><li class='ez-toc-page-1 ez-toc-heading-level-2'><a class=\"ez-toc-link ez-toc-heading-2\" href=\"https:\/\/quantocustaviajar.com\/blog\/cabanas-na-serra-catarinense\/#Cabanas_na_Serra_Catarinense_em_Urubici\" >Cabanas na Serra Catarinense em Urubici<\/a><ul class='ez-toc-list-level-3' ><li class='ez-toc-heading-level-3'><a class=\"ez-toc-link ez-toc-heading-3\" href=\"https:\/\/quantocustaviajar.com\/blog\/cabanas-na-serra-catarinense\/#1_Hospedaria_Refugio_do_Invernador\" >1. Hospedaria Ref\u00fagio do Invernador<\/a><\/li><li class='ez-toc-page-1 ez-toc-heading-level-3'><a class=\"ez-toc-link ez-toc-heading-4\" href=\"https:\/\/quantocustaviajar.com\/blog\/cabanas-na-serra-catarinense\/#2_Altitude_maxima_%E2%80%93_Cabanas_de_Altitude\" >2. Altitude m\u00e1xima &#8211; Cabanas de Altitude<\/a><\/li><li class='ez-toc-page-1 ez-toc-heading-level-3'><a class=\"ez-toc-link ez-toc-heading-5\" href=\"https:\/\/quantocustaviajar.com\/blog\/cabanas-na-serra-catarinense\/#3_Cabanas_Cold_Mountain\" >3. Cabanas Cold Mountain<\/a><\/li><\/ul><\/li><li class='ez-toc-page-1 ez-toc-heading-level-2'><a class=\"ez-toc-link ez-toc-heading-6\" href=\"https:\/\/quantocustaviajar.com\/blog\/cabanas-na-serra-catarinense\/#Cabanas_na_Serra_Catarinense_em_Bom_Retiro\" >Cabanas na Serra Catarinense em Bom Retiro<\/a><ul class='ez-toc-list-level-3' ><li class='ez-toc-heading-level-3'><a class=\"ez-toc-link ez-toc-heading-7\" href=\"https:\/\/quantocustaviajar.com\/blog\/cabanas-na-serra-catarinense\/#4_Cabana_Refugio_da_Serra\" >4. Cabana Ref\u00fagio da Serra<\/a><\/li><li class='ez-toc-page-1 ez-toc-heading-level-3'><a class=\"ez-toc-link ez-toc-heading-8\" href=\"https:\/\/quantocustaviajar.com\/blog\/cabanas-na-serra-catarinense\/#5_Cabana_Ceu_e_Mel\" >5. Cabana C\u00e9u e Mel<\/a><\/li><\/ul><\/li><li class='ez-toc-page-1 ez-toc-heading-level-2'><a class=\"ez-toc-link ez-toc-heading-9\" href=\"https:\/\/quantocustaviajar.com\/blog\/cabanas-na-serra-catarinense\/#Cabanas_na_Serra_Catarinense_em_Aguas_Brancas\" >Cabanas na Serra Catarinense em \u00c1guas Brancas<\/a><ul class='ez-toc-list-level-3' ><li class='ez-toc-heading-level-3'><a class=\"ez-toc-link ez-toc-heading-10\" href=\"https:\/\/quantocustaviajar.com\/blog\/cabanas-na-serra-catarinense\/#6_Chale_Alpino_Romantico\" >6. Chal\u00e9 Alpino Rom\u00e2ntico<\/a><\/li><\/ul><\/li><li class='ez-toc-page-1 ez-toc-heading-level-2'><a class=\"ez-toc-link ez-toc-heading-11\" href=\"https:\/\/quantocustaviajar.com\/blog\/cabanas-na-serra-catarinense\/#Cabanas_na_Serra_Catarinense_em_Alfredo_Wagner\" >Cabanas na Serra Catarinense em Alfredo Wagner<\/a><ul class='ez-toc-list-level-3' ><li class='ez-toc-heading-level-3'><a class=\"ez-toc-link ez-toc-heading-12\" href=\"https:\/\/quantocustaviajar.com\/blog\/cabanas-na-serra-catarinense\/#7_Cabana_no_Vale_das_Furnas\" >7. Cabana no Vale das Furnas<\/a><\/li><li class='ez-toc-page-1 ez-toc-heading-level-3'><a class=\"ez-toc-link ez-toc-heading-13\" href=\"https:\/\/quantocustaviajar.com\/blog\/cabanas-na-serra-catarinense\/#8_Chale_Doce_Recanto\" >8. Chal\u00e9 Doce Recanto<\/a><\/li><\/ul><\/li><li class='ez-toc-page-1 ez-toc-heading-level-2'><a class=\"ez-toc-link ez-toc-heading-14\" href=\"https:\/\/quantocustaviajar.com\/blog\/cabanas-na-serra-catarinense\/#Cabanas_na_Serra_Catarinense_em_Rancho_Queimado\" >Cabanas na Serra Catarinense em Rancho Queimado<\/a><ul class='ez-toc-list-level-3' ><li class='ez-toc-heading-level-3'><a class=\"ez-toc-link ez-toc-heading-15\" href=\"https:\/\/quantocustaviajar.com\/blog\/cabanas-na-serra-catarinense\/#9_Trailer_com_linda_vista\" >9. Trailer com linda vista<\/a><\/li><\/ul><\/li><li class='ez-toc-page-1 ez-toc-heading-level-2'><a class=\"ez-toc-link ez-toc-heading-16\" href=\"https:\/\/quantocustaviajar.com\/blog\/cabanas-na-serra-catarinense\/#Cabanas_na_Serra_Catarinense_em_Urupema\" >Cabanas na Serra Catarinense em Urupema<\/a><ul class='ez-toc-list-level-3' ><li class='ez-toc-heading-level-3'><a class=\"ez-toc-link ez-toc-heading-17\" href=\"https:\/\/quantocustaviajar.com\/blog\/cabanas-na-serra-catarinense\/#10_Refugio_de_Altitude_%E2%80%93_Centro\" >10. Ref\u00fagio de Altitude &#8211; Centro<\/a><\/li><\/ul><\/li><li class='ez-toc-page-1 ez-toc-heading-level-2'><a class=\"ez-toc-link ez-toc-heading-18\" href=\"https:\/\/quantocustaviajar.com\/blog\/cabanas-na-serra-catarinense\/#Cabanas_na_Serra_Catarinense_em_Bom_Jardim_da_Serra\" >Cabanas na Serra Catarinense em Bom Jardim da Serra<\/a><ul class='ez-toc-list-level-3' ><li class='ez-toc-heading-level-3'><a class=\"ez-toc-link ez-toc-heading-19\" href=\"https:\/\/quantocustaviajar.com\/blog\/cabanas-na-serra-catarinense\/#11_Recanto_da_Maju\" >11. Recanto da Maju<\/a><\/li><\/ul><\/li><li class='ez-toc-page-1 ez-toc-heading-level-2'><a class=\"ez-toc-link ez-toc-heading-20\" href=\"https:\/\/quantocustaviajar.com\/blog\/cabanas-na-serra-catarinense\/#Cabanas_na_Serra_Catarinense_em_Sao_Joaquim\" >Cabanas na Serra Catarinense em S\u00e3o Joaquim<\/a><ul class='ez-toc-list-level-3' ><li class='ez-toc-heading-level-3'><a class=\"ez-toc-link ez-toc-heading-21\" href=\"https:\/\/quantocustaviajar.com\/blog\/cabanas-na-serra-catarinense\/#12_Pousada_Recanto_da_Cascata_%E2%80%93_Cabana_Platano\" >12. Pousada Recanto da Cascata &#8211; Cabana Platano<\/a><\/li><\/ul><\/li><li class='ez-toc-page-1 ez-toc-heading-level-2'><a class=\"ez-toc-link ez-toc-heading-22\" href=\"https:\/\/quantocustaviajar.com\/blog\/cabanas-na-serra-catarinense\/#Como_chegar_na_regiao_das_cabanas_na_Serra_Catarinense\" >Como chegar na regi\u00e3o das cabanas na Serra Catarinense<\/a><\/li><li class='ez-toc-page-1 ez-toc-heading-level-2'><a class=\"ez-toc-link ez-toc-heading-23\" href=\"https:\/\/quantocustaviajar.com\/blog\/cabanas-na-serra-catarinense\/#Quando_ir\" >Quando ir<\/a><\/li><\/ul><\/nav><\/div>\n\n\n\n\n<p>Na regi\u00e3o da serra est\u00e3o cidades como S\u00e3o Joaquim, <a href=\"https:\/\/quantocustaviajar.com\/blog\/guia-completo-de-urubici\/\">Urubici<\/a>, Bom Jardim da Serra, Urupema, Alfredo Wagner, Rancho Queimado e Bom Retiro, que ficam a aproximadamente 180 km da capital do estado, <a href=\"https:\/\/quantocustaviajar.com\/brasil\/florianopolis\" target=\"_blank\" rel=\"noreferrer noopener\">Florian\u00f3polis<\/a>.<\/p>\n\n\n\n<p>Nosso guia de hospedagem dessa vez percorre estas localiza\u00e7\u00f5es, que entre campos, florestas, cachoeiras e natureza quase intocada, est\u00e3o <strong>as cabanas na Serra Catarinense <\/strong>incr\u00edveis para agregar \u00e0 sua experi\u00eancia de viagem.<\/p>\n\n\n\n<figure class=\"wp-block-image aligncenter size-full is-resized\"><a href=\"https:\/\/quantocustaviajar.com\/blog\/wp-content\/uploads\/2022\/08\/hospedaria-2-2.jpg\"><img loading=\"lazy\" decoding=\"async\" src=\"https:\/\/quantocustaviajar.com\/blog\/wp-content\/uploads\/2022\/08\/hospedaria-2-2.jpg\" alt=\"cabanas na Serra Catarinense\" class=\"wp-image-54657\" width=\"842\" height=\"561\" srcset=\"https:\/\/quantocustaviajar.com\/blog\/wp-content\/uploads\/2022\/08\/hospedaria-2-2.jpg 1024w, https:\/\/quantocustaviajar.com\/blog\/wp-content\/uploads\/2022\/08\/hospedaria-2-2-300x200.jpg 300w, https:\/\/quantocustaviajar.com\/blog\/wp-content\/uploads\/2022\/08\/hospedaria-2-2-768x512.jpg 768w\" sizes=\"auto, (max-width: 842px) 100vw, 842px\" \/><\/a><figcaption>Imagina passar uns dias aqui, com essa vista? \u00c9 poss\u00edvel na Hospedaria Ref\u00fagio do Invernador\/Foto: <a href=\"https:\/\/www.booking.com\/hotel\/br\/hospedaria-refugio-do-invernador.pt-br.html?aid=2161834&amp;label=gog235jc-1FCAsoDEIOZ3JhY2UtY2FmYXlhdGVILVgDaCCIAQGYAS24ARfIAQzYAQHoAQH4AQqIAgGoAgO4Arbe34wGwAIB0gIkMGQ5Yzg0ZDktOGIxZi00NmIyLWJiMGEtOWVhNzFiYWVjOWZl2AIF4AIB&amp;sid=cb6abc611ab28f69a41b1617a85f305a&amp;all_sr_blocks=239172702_120739027_2_1_0&amp;checkin=2022-09-16&amp;checkout=2022-09-18&amp;dest_id=2391727&amp;dest_type=hotel&amp;dist=0&amp;group_adults=2&amp;group_children=0&amp;hapos=1&amp;highlighted_blocks=239172702_120739027_2_1_0&amp;hpos=1&amp;matching_block_id=239172702_120739027_2_1_0&amp;no_rooms=1&amp;req_adults=2&amp;req_children=0&amp;room1=A%2CA&amp;sb_price_type=total&amp;sr_order=popularity&amp;sr_pri_blocks=239172702_120739027_2_1_0__188000&amp;srepoch=1660678032&amp;srpvid=455488c7828506cd&amp;type=total&amp;ucfs=1&amp;activeTab=main#_\" target=\"_blank\" rel=\"noreferrer noopener\">Booking<\/a><\/figcaption><\/figure>\n\n\n\n<h2 class=\"wp-block-heading\"><span class=\"ez-toc-section\" id=\"Cabanas_na_Serra_Catarinense_%E2%80%93_conheca_a_Serra\"><\/span><strong>Cabanas na Serra Catarinense<\/strong> &#8211; <strong>conhe\u00e7a a Serra<\/strong><span class=\"ez-toc-section-end\"><\/span><\/h2>\n\n\n\n<p>Uma regi\u00e3o que guarda muitas belezas e surpresas, acaba competindo pela aten\u00e7\u00e3o de sua vizinha, a Serra Ga\u00facha, considerada mais popular e chique (e tamb\u00e9m mais cara!), a Serra Catarinense possui um grande leque de hospedagens, atra\u00e7\u00f5es e atividades para todos os gostos e idades.<\/p>\n\n\n\n<p>O foco da regi\u00e3o, considerada a mais fria do pa\u00eds, \u00e9 o turismo rural e o ecoturismo, oferecendo grande oportunidade de contato com a natureza. Al\u00e9m disso, \u00e9 uma das poucas localiza\u00e7\u00f5es do Brasil que neva no inverno, o que torna a Serra Catarinense ainda mais diferenciada.<\/p>\n\n\n\n<p>Inclusive, alguns passeios s\u00f3 acontecem no inverno, para apreciar os lagos e as cachoeiras congeladas.<\/p>\n\n\n\n<figure class=\"wp-block-image aligncenter size-full\"><img loading=\"lazy\" decoding=\"async\" width=\"1024\" height=\"576\" src=\"https:\/\/quantocustaviajar.com\/blog\/wp-content\/uploads\/2022\/08\/1024px-Reflexos_da_Serra_Catarinense.jpg\" alt=\"\" class=\"wp-image-54659\" srcset=\"https:\/\/quantocustaviajar.com\/blog\/wp-content\/uploads\/2022\/08\/1024px-Reflexos_da_Serra_Catarinense.jpg 1024w, https:\/\/quantocustaviajar.com\/blog\/wp-content\/uploads\/2022\/08\/1024px-Reflexos_da_Serra_Catarinense-300x169.jpg 300w, https:\/\/quantocustaviajar.com\/blog\/wp-content\/uploads\/2022\/08\/1024px-Reflexos_da_Serra_Catarinense-768x432.jpg 768w\" sizes=\"auto, (max-width: 1024px) 100vw, 1024px\" \/><figcaption>Foto: <a href=\"https:\/\/upload.wikimedia.org\/wikipedia\/commons\/thumb\/9\/95\/Reflexos_da_Serra_Catarinense.jpg\/1024px-Reflexos_da_Serra_Catarinense.jpg\" target=\"_blank\" rel=\"noreferrer noopener\">Wikimedia Commons<\/a><\/figcaption><\/figure>\n\n\n\n<p>Outra vantagem dessa regi\u00e3o \u00e9 que as cidades que comp\u00f5em a Serra Catarinense ficam todas bem pr\u00f3ximas, sem necessidade de grandes deslocamentos para conhecer as cidades.<\/p>\n\n\n\n<p>Os hot\u00e9is da regi\u00e3o costumam oferecer diversos atrativos como cavalgadas, pescaria, trilhas e nada melhor do que conhecer op\u00e7\u00f5es diferentes de acomoda\u00e7\u00f5es, como as <strong>cabanas na Serra Catarinense <\/strong>a seguir, para incrementar sua viagem.<\/p>\n\n\n\n<h2 class=\"wp-block-heading\"><span class=\"ez-toc-section\" id=\"Cabanas_na_Serra_Catarinense_em_Urubici\"><\/span>Cabanas na Serra Catarinense em Urubici<span class=\"ez-toc-section-end\"><\/span><\/h2>\n\n\n\n<h3 class=\"wp-block-heading\"><span class=\"ez-toc-section\" id=\"1_Hospedaria_Refugio_do_Invernador\"><\/span>1. <strong>Hospedaria Ref\u00fagio do Invernador<\/strong><span class=\"ez-toc-section-end\"><\/span><\/h3>\n\n\n\n<p>Nossa primeira sugest\u00e3o de cabana na Serra Catarinense \u00e9 a <a href=\"https:\/\/www.booking.com\/hotel\/br\/hospedaria-refugio-do-invernador.pt-br.html?aid=2161834&amp;label=gog235jc-1FCAsoDEIOZ3JhY2UtY2FmYXlhdGVILVgDaCCIAQGYAS24ARfIAQzYAQHoAQH4AQqIAgGoAgO4Arbe34wGwAIB0gIkMGQ5Yzg0ZDktOGIxZi00NmIyLWJiMGEtOWVhNzFiYWVjOWZl2AIF4AIB&amp;sid=cb6abc611ab28f69a41b1617a85f305a&amp;all_sr_blocks=239172702_120739027_2_1_0&amp;checkin=2022-09-16&amp;checkout=2022-09-18&amp;dest_id=2391727&amp;dest_type=hotel&amp;dist=0&amp;group_adults=2&amp;group_children=0&amp;hapos=1&amp;highlighted_blocks=239172702_120739027_2_1_0&amp;hpos=1&amp;matching_block_id=239172702_120739027_2_1_0&amp;no_rooms=1&amp;req_adults=2&amp;req_children=0&amp;room1=A%2CA&amp;sb_price_type=total&amp;sr_order=popularity&amp;sr_pri_blocks=239172702_120739027_2_1_0__188000&amp;srepoch=1660678032&amp;srpvid=455488c7828506cd&amp;type=total&amp;ucfs=1&amp;activeTab=main#_\" target=\"_blank\" rel=\"noreferrer noopener\"><strong>Hospedaria Ref\u00fagio do Invernador<\/strong><\/a><strong>,<\/strong> na cidade de Urubici, que tem uma paisagem e uma estrutura de tirar o f\u00f4lego de qualquer um.<\/p>\n\n\n\n<p>Considerado fabuloso pelos viajantes recentes que avaliaram o local com nota 9,5\/10, essa hospedagem tem caf\u00e9 da manh\u00e3 inclu\u00eddo, wi fi nos chal\u00e9s, banheiro privativo e estacionamento gratuito. Todas as unidades t\u00eam varanda, lareira, TV e banheira de hidromassagem com uma vista espetacular.<\/p>\n\n\n\n<p>Localizada a 40 km de Bom Jardim da Serra e a 31 km de Urupema, o aeroporto mais pr\u00f3ximo \u00e9 o Aeroporto de Lages, a 107 km do chal\u00e9.<\/p>\n\n\n\n<p>Para passar ainda mais vontade, vale conferir o <a href=\"https:\/\/www.instagram.com\/h.refugiodoinvernador\/?hl=pt-br\" target=\"_blank\" rel=\"noreferrer noopener\">instagram da hospedagem<\/a> e ficar por dentro do que aguarda o viajante.<\/p>\n\n\n\n<p><strong>Endere\u00e7o:<\/strong> Rua Estrada Geral do Invernador, 1600 Km 1,6, Urubici<\/p>\n\n\n\n<figure class=\"wp-block-image aligncenter size-full\"><img loading=\"lazy\" decoding=\"async\" width=\"1024\" height=\"683\" src=\"https:\/\/quantocustaviajar.com\/blog\/wp-content\/uploads\/2022\/08\/hospedaria.jpg\" alt=\"cabanas na Serra Catarinense\" class=\"wp-image-54640\" srcset=\"https:\/\/quantocustaviajar.com\/blog\/wp-content\/uploads\/2022\/08\/hospedaria.jpg 1024w, https:\/\/quantocustaviajar.com\/blog\/wp-content\/uploads\/2022\/08\/hospedaria-300x200.jpg 300w, https:\/\/quantocustaviajar.com\/blog\/wp-content\/uploads\/2022\/08\/hospedaria-768x512.jpg 768w\" sizes=\"auto, (max-width: 1024px) 100vw, 1024px\" \/><figcaption>Foto: <a href=\"https:\/\/www.booking.com\/hotel\/br\/hospedaria-refugio-do-invernador.pt-br.html?aid=2161834&amp;label=gog235jc-1FCAsoDEIOZ3JhY2UtY2FmYXlhdGVILVgDaCCIAQGYAS24ARfIAQzYAQHoAQH4AQqIAgGoAgO4Arbe34wGwAIB0gIkMGQ5Yzg0ZDktOGIxZi00NmIyLWJiMGEtOWVhNzFiYWVjOWZl2AIF4AIB&amp;sid=cb6abc611ab28f69a41b1617a85f305a&amp;all_sr_blocks=239172702_120739027_2_1_0&amp;checkin=2022-09-16&amp;checkout=2022-09-18&amp;dest_id=2391727&amp;dest_type=hotel&amp;dist=0&amp;group_adults=2&amp;group_children=0&amp;hapos=1&amp;highlighted_blocks=239172702_120739027_2_1_0&amp;hpos=1&amp;matching_block_id=239172702_120739027_2_1_0&amp;no_rooms=1&amp;req_adults=2&amp;req_children=0&amp;room1=A%2CA&amp;sb_price_type=total&amp;sr_order=popularity&amp;sr_pri_blocks=239172702_120739027_2_1_0__188000&amp;srepoch=1660678032&amp;srpvid=455488c7828506cd&amp;type=total&amp;ucfs=1&amp;activeTab=main#_\" target=\"_blank\" rel=\"noreferrer noopener\">Booking<\/a><\/figcaption><\/figure>\n\n\n\n<h3 class=\"wp-block-heading\"><span class=\"ez-toc-section\" id=\"2_Altitude_maxima_%E2%80%93_Cabanas_de_Altitude\"><\/span>2. <strong>Altitude m\u00e1xima &#8211; Cabanas de Altitude <\/strong><span class=\"ez-toc-section-end\"><\/span><\/h3>\n\n\n\n<p>Uma novidade em nosso parceiro Booking, a <a href=\"https:\/\/www.booking.com\/hotel\/br\/altitude-maxima-cabanas-de-altitude.pt-br.html?aid=2161834&amp;label=gog235jc-1FCAsoDEIOZ3JhY2UtY2FmYXlhdGVILVgDaCCIAQGYAS24ARfIAQzYAQHoAQH4AQqIAgGoAgO4Arbe34wGwAIB0gIkMGQ5Yzg0ZDktOGIxZi00NmIyLWJiMGEtOWVhNzFiYWVjOWZl2AIF4AIB&amp;sid=cb6abc611ab28f69a41b1617a85f305a&amp;all_sr_blocks=865972001_354776041_2_0_0&amp;checkin=2022-09-16&amp;checkout=2022-09-18&amp;dest_id=3030239&amp;dest_type=hotel&amp;dist=0&amp;group_adults=2&amp;group_children=0&amp;hapos=5&amp;highlighted_blocks=865972001_354776041_2_0_0&amp;hpos=5&amp;matching_block_id=865972001_354776041_2_0_0&amp;no_rooms=1&amp;req_adults=2&amp;req_children=0&amp;room1=A%2CA&amp;sb_price_type=total&amp;sr_order=popularity&amp;sr_pri_blocks=865972001_354776041_2_0_0__117900&amp;srepoch=1660678707&amp;srpvid=7c2c8a18a45c01ab&amp;type=total&amp;ucfs=1&amp;activeTab=main\" target=\"_blank\" rel=\"noreferrer noopener\"><strong>Altitude m\u00e1xima &#8211; Cabanas de Altitude<\/strong><\/a><strong> <\/strong>\u00e9 uma op\u00e7\u00e3o de cabana super completa para quem quer viajar bem amparado. As cabanas possuem quarto, banheiro privativo, sala, cozinha completa e ainda banheira de hidromassagem e amenidades, como roup\u00e3o e chinelos.<\/p>\n\n\n\n<p>Todas as unidades disp\u00f5em de varanda com vista para o jardim e o local ainda oferece cavalgadas e outros passeios.<\/p>\n\n\n\n<p>Por ser nesse estilo mais completo, a cabana n\u00e3o possui op\u00e7\u00e3o de refei\u00e7\u00f5es e nem caf\u00e9 da manh\u00e3. Mesmo assim, sua nota geral \u00e9 de 9,6\/10, considerada excepcional pelos h\u00f3spedes recentes.<\/p>\n\n\n\n<p>Para te ajudar a se apaixonar ainda mais por essa cabana, <a href=\"https:\/\/www.instagram.com\/altitude_maxima\/?hl=pt-br\" target=\"_blank\" rel=\"noreferrer noopener\">confira aqui o instagram da empresa<\/a>.<\/p>\n\n\n\n<p><strong>Endere\u00e7o<\/strong>: SC-110, Km 394,5, Urubici &#8211; SC<\/p>\n\n\n\n<figure class=\"wp-block-image aligncenter size-full\"><img loading=\"lazy\" decoding=\"async\" width=\"1024\" height=\"768\" src=\"https:\/\/quantocustaviajar.com\/blog\/wp-content\/uploads\/2022\/08\/altitude-1.jpg\" alt=\"\" class=\"wp-image-54653\" srcset=\"https:\/\/quantocustaviajar.com\/blog\/wp-content\/uploads\/2022\/08\/altitude-1.jpg 1024w, https:\/\/quantocustaviajar.com\/blog\/wp-content\/uploads\/2022\/08\/altitude-1-300x225.jpg 300w, https:\/\/quantocustaviajar.com\/blog\/wp-content\/uploads\/2022\/08\/altitude-1-768x576.jpg 768w\" sizes=\"auto, (max-width: 1024px) 100vw, 1024px\" \/><figcaption>Foto: <a href=\"https:\/\/www.booking.com\/hotel\/br\/altitude-maxima-cabanas-de-altitude.pt-br.html?aid=2161834&amp;label=gog235jc-1FCAsoDEIOZ3JhY2UtY2FmYXlhdGVILVgDaCCIAQGYAS24ARfIAQzYAQHoAQH4AQqIAgGoAgO4Arbe34wGwAIB0gIkMGQ5Yzg0ZDktOGIxZi00NmIyLWJiMGEtOWVhNzFiYWVjOWZl2AIF4AIB&amp;sid=cb6abc611ab28f69a41b1617a85f305a&amp;all_sr_blocks=865972001_354776041_2_0_0&amp;checkin=2022-09-16&amp;checkout=2022-09-18&amp;dest_id=3030239&amp;dest_type=hotel&amp;dist=0&amp;group_adults=2&amp;group_children=0&amp;hapos=5&amp;highlighted_blocks=865972001_354776041_2_0_0&amp;hpos=5&amp;matching_block_id=865972001_354776041_2_0_0&amp;no_rooms=1&amp;req_adults=2&amp;req_children=0&amp;room1=A%2CA&amp;sb_price_type=total&amp;sr_order=popularity&amp;sr_pri_blocks=865972001_354776041_2_0_0__117900&amp;srepoch=1660678707&amp;srpvid=7c2c8a18a45c01ab&amp;type=total&amp;ucfs=1&amp;activeTab=main\" target=\"_blank\" rel=\"noreferrer noopener\">Booking<\/a><\/figcaption><\/figure>\n\n\n\n<h3 class=\"wp-block-heading\"><span class=\"ez-toc-section\" id=\"3_Cabanas_Cold_Mountain\"><\/span><strong>3. Cabanas Cold Mountain<\/strong><span class=\"ez-toc-section-end\"><\/span><\/h3>\n\n\n\n<p>Mais uma op\u00e7\u00e3o recente no Booking por\u00e9m que j\u00e1 conta com mais de 200 avalia\u00e7\u00f5es (deixando a nota m\u00e9dia do local com 9,1\/10), as <a href=\"https:\/\/www.booking.com\/hotel\/br\/cabanas-cold-mountain.pt-br.html?aid=2161834&amp;sid=4e2afe4d082ee710806b9740398f3494&amp;all_sr_blocks=883904808_357756777_2_1_0&amp;checkin=2025-03-07&amp;checkout=2025-03-08&amp;dest_id=8998994&amp;dest_type=hotel&amp;dist=0&amp;group_adults=2&amp;group_children=0&amp;hapos=3&amp;highlighted_blocks=883904808_357756777_2_1_0&amp;hpos=3&amp;matching_block_id=883904808_357756777_2_1_0&amp;no_rooms=1&amp;req_adults=2&amp;req_children=0&amp;room1=A%2CA&amp;sb_price_type=total&amp;sr_order=popularity&amp;sr_pri_blocks=883904808_357756777_2_1_0__78000&amp;srepoch=1733752188&amp;srpvid=c8266138bb8701ec&amp;type=total&amp;ucfs=1&amp;activeTab=photosGallery\" target=\"_blank\" rel=\"noreferrer noopener\">Cabanas Cold Mountain<\/a> oferecem diferentes chal\u00e9s (tem op\u00e7\u00e3o superior, 1 ou 2 quartos) comportando at\u00e9 tr\u00eas pessoas. Todas as unidades disp\u00f5em de cozinha compacta totalmente equipada com mesa para refei\u00e7\u00f5es, TV de tela plana com servi\u00e7os de streaming e banheiro privativo com chuveiro, roup\u00f5es de banho e secador de cabelo. <\/p>\n\n\n\n<p>Para ficar ainda melhor, o caf\u00e9 da manh\u00e3 j\u00e1 est\u00e1 incluso nessa op\u00e7\u00e3o!<\/p>\n\n\n\n<p><strong>Endere\u00e7o<\/strong>: RD, SC-110 &#8211; \u00c1guas Brancas, Urubici &#8211; SC, 88650-000<\/p>\n\n\n\n<figure class=\"wp-block-image aligncenter size-full\"><a href=\"https:\/\/quantocustaviajar.com\/blog\/wp-content\/uploads\/2024\/12\/452513182.jpg\"><img decoding=\"async\" src=\"https:\/\/quantocustaviajar.com\/blog\/wp-content\/uploads\/2024\/12\/452513182-edited.jpg\" alt=\"\" class=\"wp-image-70788\"\/><\/a><figcaption>Foto: <a href=\"https:\/\/www.booking.com\/hotel\/br\/cabanas-cold-mountain.pt-br.html?aid=2161834&amp;sid=4e2afe4d082ee710806b9740398f3494&amp;all_sr_blocks=883904808_357756777_2_1_0&amp;checkin=2025-03-07&amp;checkout=2025-03-08&amp;dest_id=8998994&amp;dest_type=hotel&amp;dist=0&amp;group_adults=2&amp;group_children=0&amp;hapos=3&amp;highlighted_blocks=883904808_357756777_2_1_0&amp;hpos=3&amp;matching_block_id=883904808_357756777_2_1_0&amp;no_rooms=1&amp;req_adults=2&amp;req_children=0&amp;room1=A%2CA&amp;sb_price_type=total&amp;sr_order=popularity&amp;sr_pri_blocks=883904808_357756777_2_1_0__78000&amp;srepoch=1733752188&amp;srpvid=c8266138bb8701ec&amp;type=total&amp;ucfs=1&amp;activeTab=photosGallery\" target=\"_blank\" rel=\"noreferrer noopener\">Booking<\/a><\/figcaption><\/figure>\n\n\n\n<h2 class=\"wp-block-heading\"><span class=\"ez-toc-section\" id=\"Cabanas_na_Serra_Catarinense_em_Bom_Retiro\"><\/span>Cabanas na Serra Catarinense em Bom Retiro<span class=\"ez-toc-section-end\"><\/span><\/h2>\n\n\n\n<h3 class=\"wp-block-heading\"><span class=\"ez-toc-section\" id=\"4_Cabana_Refugio_da_Serra\"><\/span>4. <strong>Cabana Ref\u00fagio da Serra <\/strong><span class=\"ez-toc-section-end\"><\/span><\/h3>\n\n\n\n<p>Localizada na cidade de Bom Retiro, na Serra Catarinense, a <a href=\"https:\/\/www.booking.com\/hotel\/br\/cabana-refugio-da-serra-bom-retiro.pt-br.html?aid=2161834&amp;label=gog235jc-1FCAsoDEIOZ3JhY2UtY2FmYXlhdGVILVgDaCCIAQGYAS24ARfIAQzYAQHoAQH4AQqIAgGoAgO4Arbe34wGwAIB0gIkMGQ5Yzg0ZDktOGIxZi00NmIyLWJiMGEtOWVhNzFiYWVjOWZl2AIF4AIB&amp;sid=cb6abc611ab28f69a41b1617a85f305a&amp;all_sr_blocks=755303601_332295694_4_0_0;checkin=2022-09-16;checkout=2022-09-18;dest_id=7553036;dest_type=hotel;dist=0;group_adults=2;group_children=0;hapos=1;highlighted_blocks=755303601_332295694_4_0_0;hpos=1;matching_block_id=755303601_332295694_4_0_0;no_rooms=1;req_adults=2;req_children=0;room1=A%2CA;sb_price_type=total;sr_order=popularity;sr_pri_blocks=755303601_332295694_4_0_0__80000;srepoch=1660681847;srpvid=15bb903bbd700195;type=total;ucfs=1&amp;#hotelTmpl\" target=\"_blank\" rel=\"noreferrer noopener\"><strong>Cabana Ref\u00fagio da Serra<\/strong><\/a> possui chal\u00e9s completos com 2 quartos, sala de estar, sala de jantar, cozinha, banheiro privativo e varanda, totalmente equipado para o viajante.<\/p>\n\n\n\n<p>Considerada excepcional pelos viajantes recentes, com nota 9,9\/10, a cabana oferece bastante privacidade para at\u00e9 quatro adultos. Por possuir cozinha completa, n\u00e3o \u00e9 servido caf\u00e9 da manh\u00e3 ou outras refei\u00e7\u00f5es.<\/p>\n\n\n\n<p><a href=\"https:\/\/www.instagram.com\/cabanarefugioda\/?hl=pt-br\" target=\"_blank\" rel=\"noreferrer noopener\">Clicando aqui \u00e9 poss\u00edvel ver mais fotos<\/a> do lugar e j\u00e1 ir sonhando com a sua viagem.<\/p>\n\n\n\n<p><strong>Endere\u00e7o<\/strong>: Cost\u00e3o do Frade, Bom Retiro &#8211; SC<\/p>\n\n\n\n<figure class=\"wp-block-image aligncenter size-full\"><img loading=\"lazy\" decoding=\"async\" width=\"1024\" height=\"768\" src=\"https:\/\/quantocustaviajar.com\/blog\/wp-content\/uploads\/2022\/08\/refugio-da-serra.jpg\" alt=\"\" class=\"wp-image-54654\" srcset=\"https:\/\/quantocustaviajar.com\/blog\/wp-content\/uploads\/2022\/08\/refugio-da-serra.jpg 1024w, https:\/\/quantocustaviajar.com\/blog\/wp-content\/uploads\/2022\/08\/refugio-da-serra-300x225.jpg 300w, https:\/\/quantocustaviajar.com\/blog\/wp-content\/uploads\/2022\/08\/refugio-da-serra-768x576.jpg 768w\" sizes=\"auto, (max-width: 1024px) 100vw, 1024px\" \/><figcaption>Foto: <a href=\"https:\/\/www.booking.com\/hotel\/br\/cabana-refugio-da-serra-bom-retiro.pt-br.html?aid=2161834&amp;label=gog235jc-1FCAsoDEIOZ3JhY2UtY2FmYXlhdGVILVgDaCCIAQGYAS24ARfIAQzYAQHoAQH4AQqIAgGoAgO4Arbe34wGwAIB0gIkMGQ5Yzg0ZDktOGIxZi00NmIyLWJiMGEtOWVhNzFiYWVjOWZl2AIF4AIB&amp;sid=cb6abc611ab28f69a41b1617a85f305a&amp;all_sr_blocks=755303601_332295694_4_0_0;checkin=2022-09-16;checkout=2022-09-18;dest_id=7553036;dest_type=hotel;dist=0;group_adults=2;group_children=0;hapos=1;highlighted_blocks=755303601_332295694_4_0_0;hpos=1;matching_block_id=755303601_332295694_4_0_0;no_rooms=1;req_adults=2;req_children=0;room1=A%2CA;sb_price_type=total;sr_order=popularity;sr_pri_blocks=755303601_332295694_4_0_0__80000;srepoch=1660681847;srpvid=15bb903bbd700195;type=total;ucfs=1&amp;#hotelTmpl\" target=\"_blank\" rel=\"noreferrer noopener\">Booking<\/a><\/figcaption><\/figure>\n\n\n\n<h3 class=\"wp-block-heading\"><span class=\"ez-toc-section\" id=\"5_Cabana_Ceu_e_Mel\"><\/span><strong>5. Cabana C\u00e9u e Mel<\/strong><span class=\"ez-toc-section-end\"><\/span><\/h3>\n\n\n\n<p>Para quem busca <strong>cabanas na Serra Catarinense<\/strong> bem rom\u00e2nticas em Bom Retiro, a <a href=\"https:\/\/www.booking.com\/hotel\/br\/cabana-ceu-e-mel.pt-br.html?aid=2161834&amp;sid=4e2afe4d082ee710806b9740398f3494&amp;all_sr_blocks=1259602401_402684233_2_0_0&amp;checkin=2025-03-07&amp;checkout=2025-03-08&amp;dest_id=-630562&amp;dest_type=city&amp;dist=0&amp;group_adults=2&amp;group_children=0&amp;hapos=2&amp;highlighted_blocks=1259602401_402684233_2_0_0&amp;hpos=2&amp;matching_block_id=1259602401_402684233_2_0_0&amp;no_rooms=1&amp;req_adults=2&amp;req_children=0&amp;room1=A%2CA&amp;sb_price_type=total&amp;sr_order=popularity&amp;sr_pri_blocks=1259602401_402684233_2_0_0__59900&amp;srepoch=1733752539&amp;srpvid=c80461eb11821086&amp;type=total&amp;ucfs=1&amp;activeTab=photosGallery\" target=\"_blank\" rel=\"noreferrer noopener\">Cabana C\u00e9u e Mel<\/a> \u00e9 uma \u00f3tima op\u00e7\u00e3o, oferecendo chal\u00e9 de 1 quarto, cozinha totalmente equipada com micro-ondas e frigobar, e 1 banheiro com banheira de hidromassagem e roup\u00f5es de banho. Para ficar ainda mais especial, as comodidades adicionais no quarto incluem vinho ou champanhe!<\/p>\n\n\n\n<figure class=\"wp-block-image aligncenter size-full\"><a href=\"https:\/\/quantocustaviajar.com\/blog\/wp-content\/uploads\/2024\/12\/586763174.jpg\"><img loading=\"lazy\" decoding=\"async\" width=\"576\" height=\"768\" src=\"https:\/\/quantocustaviajar.com\/blog\/wp-content\/uploads\/2024\/12\/586763174.jpg\" alt=\"\" class=\"wp-image-70791\" srcset=\"https:\/\/quantocustaviajar.com\/blog\/wp-content\/uploads\/2024\/12\/586763174.jpg 576w, https:\/\/quantocustaviajar.com\/blog\/wp-content\/uploads\/2024\/12\/586763174-225x300.jpg 225w\" sizes=\"auto, (max-width: 576px) 100vw, 576px\" \/><\/a><figcaption>Foto: <a href=\"https:\/\/www.booking.com\/hotel\/br\/cabana-ceu-e-mel.pt-br.html?aid=2161834&amp;sid=4e2afe4d082ee710806b9740398f3494&amp;all_sr_blocks=1259602401_402684233_2_0_0&amp;checkin=2025-03-07&amp;checkout=2025-03-08&amp;dest_id=-630562&amp;dest_type=city&amp;dist=0&amp;group_adults=2&amp;group_children=0&amp;hapos=2&amp;highlighted_blocks=1259602401_402684233_2_0_0&amp;hpos=2&amp;matching_block_id=1259602401_402684233_2_0_0&amp;no_rooms=1&amp;req_adults=2&amp;req_children=0&amp;room1=A%2CA&amp;sb_price_type=total&amp;sr_order=popularity&amp;sr_pri_blocks=1259602401_402684233_2_0_0__59900&amp;srepoch=1733752539&amp;srpvid=c80461eb11821086&amp;type=total&amp;ucfs=1&amp;activeTab=photosGallery\" target=\"_blank\" rel=\"noreferrer noopener\">Booking<\/a><\/figcaption><\/figure>\n\n\n\n<h2 class=\"wp-block-heading\"><span class=\"ez-toc-section\" id=\"Cabanas_na_Serra_Catarinense_em_Aguas_Brancas\"><\/span>Cabanas na Serra Catarinense em \u00c1guas Brancas<span class=\"ez-toc-section-end\"><\/span><\/h2>\n\n\n\n<h3 class=\"wp-block-heading\"><span class=\"ez-toc-section\" id=\"6_Chale_Alpino_Romantico\"><\/span>6. <strong>Chal\u00e9 Alpino Rom\u00e2ntico<\/strong><span class=\"ez-toc-section-end\"><\/span><\/h3>\n\n\n\n<p>Essa op\u00e7\u00e3o fica no distrito de \u00c1guas Brancas, ao lado de Urubici e \u00e9 uma op\u00e7\u00e3o super rom\u00e2ntica para uma experi\u00eancia a dois.&nbsp;<\/p>\n\n\n\n<p>O <a href=\"https:\/\/www.booking.com\/hotel\/br\/chale-romantico-com-banheira-de-hidromassagem-top.pt-br.html?aid=2161834&amp;label=gog235jc-1FCAsoDEIOZ3JhY2UtY2FmYXlhdGVILVgDaCCIAQGYAS24ARfIAQzYAQHoAQH4AQqIAgGoAgO4Arbe34wGwAIB0gIkMGQ5Yzg0ZDktOGIxZi00NmIyLWJiMGEtOWVhNzFiYWVjOWZl2AIF4AIB&amp;sid=cb6abc611ab28f69a41b1617a85f305a&amp;all_sr_blocks=804245001_341794923_4_0_0;checkin=2022-09-16;checkout=2022-09-18;dest_id=-630562;dest_type=city;dist=0;group_adults=2;group_children=0;hapos=14;highlighted_blocks=804245001_341794923_4_0_0;hpos=14;matching_block_id=804245001_341794923_4_0_0;no_rooms=1;req_adults=2;req_children=0;room1=A%2CA;sb_price_type=total;sr_order=popularity;sr_pri_blocks=804245001_341794923_4_0_0__252000;srepoch=1660753429;srpvid=c3a7734abe71031e;type=total;ucfs=1&amp;#tab-main\" target=\"_blank\" rel=\"noreferrer noopener\">chal\u00e9 rom\u00e2ntico com hidromassagem<\/a> disp\u00f5e de 1 quarto, 1 banheiro, roupa de cama, toalhas, TV de tela plana, \u00e1rea para refei\u00e7\u00f5es, cozinha totalmente equipada e varanda com vista do jardim.<\/p>\n\n\n\n<p>O local tem dois andares, no segundo fica o terra\u00e7o ao ar livre, e no primeiro o quarto com uma hidromassagem que d\u00e1 para o terra\u00e7o, com uma vista incr\u00edvel.<\/p>\n\n\n\n<p>Ainda h\u00e1 um jardim com churrasqueira e existem trilhas para fazer nas proximidades.<\/p>\n\n\n\n<p><strong>Endere\u00e7o: <\/strong>Rodovia SC-430 &#8211; km 15\/ \u00c1guas brancas &#8211; sc<\/p>\n\n\n\n<figure class=\"wp-block-image aligncenter size-full\"><img loading=\"lazy\" decoding=\"async\" width=\"614\" height=\"768\" src=\"https:\/\/quantocustaviajar.com\/blog\/wp-content\/uploads\/2022\/08\/chale-romantico.jpg\" alt=\"\" class=\"wp-image-54655\" srcset=\"https:\/\/quantocustaviajar.com\/blog\/wp-content\/uploads\/2022\/08\/chale-romantico.jpg 614w, https:\/\/quantocustaviajar.com\/blog\/wp-content\/uploads\/2022\/08\/chale-romantico-240x300.jpg 240w\" sizes=\"auto, (max-width: 614px) 100vw, 614px\" \/><figcaption>Foto: <a href=\"https:\/\/www.booking.com\/hotel\/br\/chale-romantico-com-banheira-de-hidromassagem-top.pt-br.html?aid=2161834&amp;label=gog235jc-1FCAsoDEIOZ3JhY2UtY2FmYXlhdGVILVgDaCCIAQGYAS24ARfIAQzYAQHoAQH4AQqIAgGoAgO4Arbe34wGwAIB0gIkMGQ5Yzg0ZDktOGIxZi00NmIyLWJiMGEtOWVhNzFiYWVjOWZl2AIF4AIB&amp;sid=cb6abc611ab28f69a41b1617a85f305a&amp;all_sr_blocks=804245001_341794923_4_0_0;checkin=2022-09-16;checkout=2022-09-18;dest_id=-630562;dest_type=city;dist=0;group_adults=2;group_children=0;hapos=14;highlighted_blocks=804245001_341794923_4_0_0;hpos=14;matching_block_id=804245001_341794923_4_0_0;no_rooms=1;req_adults=2;req_children=0;room1=A%2CA;sb_price_type=total;sr_order=popularity;sr_pri_blocks=804245001_341794923_4_0_0__252000;srepoch=1660753429;srpvid=c3a7734abe71031e;type=total;ucfs=1&amp;#tab-main\" target=\"_blank\" rel=\"noreferrer noopener\">Booking<\/a><\/figcaption><\/figure>\n\n\n\n<h2 class=\"wp-block-heading\"><span class=\"ez-toc-section\" id=\"Cabanas_na_Serra_Catarinense_em_Alfredo_Wagner\"><\/span>Cabanas na Serra Catarinense em Alfredo Wagner<span class=\"ez-toc-section-end\"><\/span><\/h2>\n\n\n\n<h3 class=\"wp-block-heading\"><span class=\"ez-toc-section\" id=\"7_Cabana_no_Vale_das_Furnas\"><\/span>7. <strong>Cabana no Vale das Furnas<\/strong><span class=\"ez-toc-section-end\"><\/span><\/h3>\n\n\n\n<p>J\u00e1 imaginou se hospedar em uma cabana feita praticamente inteira de vidro? Poder observar a natureza e dormir sob as estrelas? Essa \u00e9 a proposta da <a href=\"https:\/\/holmy.com.br\/hospedagem\/cabana-no-vale-das-furnas\/\" target=\"_blank\" rel=\"noreferrer noopener\"><strong>Cabana no Vale das Furnas<\/strong><\/a><strong> <\/strong>na cidade de Alfredo Wagner.<\/p>\n\n\n\n<p>Essa op\u00e7\u00e3o n\u00e3o poderia ficar de fora da nossa sele\u00e7\u00e3o de <strong>&nbsp;6 cabanas na Serra Catarinense <\/strong>pois \u00e9 uma experi\u00eancia praticamente \u00fanica no Brasil.<\/p>\n\n\n\n<p>Com capacidade para 2 pessoas, com um quarto, um banheiro e uma vaga de garagem, nesta acomoda\u00e7\u00e3o \u00e9 poss\u00edvel escapar das capitais e ficar imerso na natureza.<\/p>\n\n\n\n<p>Todas as informa\u00e7\u00f5es e endere\u00e7o s\u00e3o enviados ao viajante depois da confirma\u00e7\u00e3o da reserva. Para ficar ainda mais apaixonado, \u00e9 s\u00f3 <a href=\"https:\/\/www.instagram.com\/valedasfurnas\/\" target=\"_blank\" rel=\"noreferrer noopener\">clicar aqui e viajar pelo instagram da cabana.<\/a><\/p>\n\n\n\n<figure class=\"wp-block-image aligncenter size-large\"><img loading=\"lazy\" decoding=\"async\" width=\"1024\" height=\"681\" src=\"https:\/\/quantocustaviajar.com\/blog\/wp-content\/uploads\/2022\/08\/b8441d6b-aebb-46c4-a2b9-9835104f273b-1024x681.webp\" alt=\"\" class=\"wp-image-54644\" srcset=\"https:\/\/quantocustaviajar.com\/blog\/wp-content\/uploads\/2022\/08\/b8441d6b-aebb-46c4-a2b9-9835104f273b-1024x681.webp 1024w, https:\/\/quantocustaviajar.com\/blog\/wp-content\/uploads\/2022\/08\/b8441d6b-aebb-46c4-a2b9-9835104f273b-300x200.webp 300w, https:\/\/quantocustaviajar.com\/blog\/wp-content\/uploads\/2022\/08\/b8441d6b-aebb-46c4-a2b9-9835104f273b-768x511.webp 768w, https:\/\/quantocustaviajar.com\/blog\/wp-content\/uploads\/2022\/08\/b8441d6b-aebb-46c4-a2b9-9835104f273b.webp 1200w\" sizes=\"auto, (max-width: 1024px) 100vw, 1024px\" \/><figcaption>Foto: <a href=\"https:\/\/holmy.com.br\/hospedagem\/cabana-no-vale-das-furnas\/\" target=\"_blank\" rel=\"noreferrer noopener\">Holmy<\/a><\/figcaption><\/figure>\n\n\n\n<h3 class=\"wp-block-heading\"><span class=\"ez-toc-section\" id=\"8_Chale_Doce_Recanto\"><\/span>8. <strong>Chal\u00e9 Doce Recanto <\/strong><span class=\"ez-toc-section-end\"><\/span><\/h3>\n\n\n\n<p>O <a href=\"https:\/\/holmy.com.br\/hospedagem\/chale-doce-recanto\/\" target=\"_blank\" rel=\"noreferrer noopener\">Chal\u00e9 Doce Recanto<\/a> \u00e9 mais uma op\u00e7\u00e3o de cabana rom\u00e2ntica, anexo ao S\u00edtio Recanto Azul, ideal para casais mas comporta at\u00e9 4 pessoas (2 adultos e 2 crian\u00e7as), sem divis\u00e3o de ambientes.<\/p>\n\n\n\n<p>A cabana \u00e9 toda completa, com hidromassagem com vista para a natureza, lareira, Smartv, wi-fi, ar condicionado, cozinha completa, churrasqueira el\u00e9trica e totalmente equipada com roupas de cama e utens\u00edlios.<\/p>\n\n\n\n<p>Um diferencial muito legal desse local \u00e9 que oferece um box de caf\u00e9 da manh\u00e3, todos os dias, entre 08h e 08h30, mesmo tendo cozinha.&nbsp;<\/p>\n\n\n\n<p>Na parte externa, ainda tem balan\u00e7o, fogo de ch\u00e3o, lenha e banquinho para ficarem ao redor.<\/p>\n\n\n\n<figure class=\"wp-block-image aligncenter size-large\"><img loading=\"lazy\" decoding=\"async\" width=\"1024\" height=\"768\" src=\"https:\/\/quantocustaviajar.com\/blog\/wp-content\/uploads\/2022\/08\/image_6483441-1-1200x900-2-1024x768.webp\" alt=\"\" class=\"wp-image-54645\" srcset=\"https:\/\/quantocustaviajar.com\/blog\/wp-content\/uploads\/2022\/08\/image_6483441-1-1200x900-2-1024x768.webp 1024w, https:\/\/quantocustaviajar.com\/blog\/wp-content\/uploads\/2022\/08\/image_6483441-1-1200x900-2-300x225.webp 300w, https:\/\/quantocustaviajar.com\/blog\/wp-content\/uploads\/2022\/08\/image_6483441-1-1200x900-2-768x576.webp 768w, https:\/\/quantocustaviajar.com\/blog\/wp-content\/uploads\/2022\/08\/image_6483441-1-1200x900-2.webp 1200w\" sizes=\"auto, (max-width: 1024px) 100vw, 1024px\" \/><figcaption>Foto: <a href=\"https:\/\/holmy.com.br\/hospedagem\/chale-doce-recanto\/\" target=\"_blank\" rel=\"noreferrer noopener\">Holmy<\/a><\/figcaption><\/figure>\n\n\n\n<figure class=\"wp-block-image aligncenter size-large\"><img loading=\"lazy\" decoding=\"async\" width=\"768\" height=\"1024\" src=\"https:\/\/quantocustaviajar.com\/blog\/wp-content\/uploads\/2022\/08\/1fcc9853-c0df-4e71-a853-0989a986df7d-768x1024.webp\" alt=\"cabanas na Serra Catarinense\" class=\"wp-image-54646\" srcset=\"https:\/\/quantocustaviajar.com\/blog\/wp-content\/uploads\/2022\/08\/1fcc9853-c0df-4e71-a853-0989a986df7d-768x1024.webp 768w, https:\/\/quantocustaviajar.com\/blog\/wp-content\/uploads\/2022\/08\/1fcc9853-c0df-4e71-a853-0989a986df7d-225x300.webp 225w, https:\/\/quantocustaviajar.com\/blog\/wp-content\/uploads\/2022\/08\/1fcc9853-c0df-4e71-a853-0989a986df7d.webp 864w\" sizes=\"auto, (max-width: 768px) 100vw, 768px\" \/><figcaption>Foto: <a href=\"https:\/\/holmy.com.br\/hospedagem\/chale-doce-recanto\/\" target=\"_blank\" rel=\"noreferrer noopener\">Holmy<\/a><\/figcaption><\/figure>\n\n\n\n<h2 class=\"wp-block-heading\"><span class=\"ez-toc-section\" id=\"Cabanas_na_Serra_Catarinense_em_Rancho_Queimado\"><\/span>Cabanas na Serra Catarinense em Rancho Queimado<span class=\"ez-toc-section-end\"><\/span><\/h2>\n\n\n\n<h3 class=\"wp-block-heading\"><span class=\"ez-toc-section\" id=\"9_Trailer_com_linda_vista\"><\/span>9. <strong>Trailer com linda vista <\/strong><span class=\"ez-toc-section-end\"><\/span><\/h3>\n\n\n\n<p>N\u00e3o \u00e9 cabana mas vale a pena a experi\u00eancia! O <a href=\"https:\/\/www.booking.com\/searchresults.pt-br.html?aid=2161834&amp;sid=ea5405ee7c80bf629f23560a9c896fbe&amp;checkin=2022-09-16&amp;checkout=2022-09-18&amp;city=-665379&amp;group_adults=2&amp;group_children=0&amp;highlighted_hotels=8435909&amp;hlrd=with_av&amp;keep_landing=1&amp;no_rooms=1&amp;redirected=1&amp;source=hotel&amp;srpvid=c236818c6e500376&amp;room1=A,A,;#hotelTmpl\" target=\"_blank\" rel=\"noreferrer noopener\">trailer com uma lista vista<\/a> est\u00e1 localizado no alto de uma colina na cidade de Rancho Queimado, a mais pr\u00f3xima de Florian\u00f3polis. <\/p>\n\n\n\n<p>Equipado com cozinha completa, banheiro, deck com fogo de ch\u00e3o, ele \u00e9 perfeito para sair da rotina em casal. O local tem uma lista vista e conta com muita natureza.<\/p>\n\n\n\n<figure class=\"wp-block-image aligncenter size-large\"><img loading=\"lazy\" decoding=\"async\" width=\"1024\" height=\"768\" src=\"https:\/\/quantocustaviajar.com\/blog\/wp-content\/uploads\/2022\/08\/353781968-1024x768.jpg\" alt=\"\" class=\"wp-image-54670\" srcset=\"https:\/\/quantocustaviajar.com\/blog\/wp-content\/uploads\/2022\/08\/353781968-1024x768.jpg 1024w, https:\/\/quantocustaviajar.com\/blog\/wp-content\/uploads\/2022\/08\/353781968-300x225.jpg 300w, https:\/\/quantocustaviajar.com\/blog\/wp-content\/uploads\/2022\/08\/353781968-768x576.jpg 768w, https:\/\/quantocustaviajar.com\/blog\/wp-content\/uploads\/2022\/08\/353781968.jpg 1200w\" sizes=\"auto, (max-width: 1024px) 100vw, 1024px\" \/><figcaption>Foto: Booking<\/figcaption><\/figure>\n\n\n\n<h2 class=\"wp-block-heading\"><span class=\"ez-toc-section\" id=\"Cabanas_na_Serra_Catarinense_em_Urupema\"><\/span>Cabanas na Serra Catarinense em Urupema<span class=\"ez-toc-section-end\"><\/span><\/h2>\n\n\n\n<h3 class=\"wp-block-heading\"><span class=\"ez-toc-section\" id=\"10_Refugio_de_Altitude_%E2%80%93_Centro\"><\/span><strong>10. Ref\u00fagio de Altitude &#8211; Centro<\/strong><span class=\"ez-toc-section-end\"><\/span><\/h3>\n\n\n\n<p>Uma das op\u00e7\u00f5es mais bem avaliadas desta lista, com nota 9,3\/10 entre os h\u00f3spedes no Booking, o <a href=\"https:\/\/www.booking.com\/hotel\/br\/refugio-de-altitude-centro.pt-br.html?aid=2161834&amp;sid=4e2afe4d082ee710806b9740398f3494&amp;all_sr_blocks=990209801_382808894_0_1_0&amp;checkin=2025-03-07&amp;checkout=2025-03-08&amp;dest_id=-677885&amp;dest_type=city&amp;dist=0&amp;group_adults=2&amp;group_children=0&amp;hapos=2&amp;highlighted_blocks=990209801_382808894_0_1_0&amp;hpos=2&amp;matching_block_id=990209801_382808894_0_1_0&amp;no_rooms=1&amp;req_adults=2&amp;req_children=0&amp;room1=A%2CA&amp;sb_price_type=total&amp;sr_order=popularity&amp;sr_pri_blocks=990209801_382808894_0_1_0__82500&amp;srepoch=1733752891&amp;srpvid=a8c86298399f00c7&amp;type=total&amp;ucfs=1&amp;activeTab=photosGallery\" target=\"_blank\" rel=\"noreferrer noopener\">Ref\u00fagio de Altitude<\/a> tem piscina privativa, terra\u00e7o, estacionamento privativo gratuito, WiFi gratuito, lareira ao ar livre ou da \u00e1rea de piquenique, ou apreciar a vista do jardim e da cidade.<\/p>\n\n\n\n<p>Os chal\u00e9s disp\u00f5em de ar-condicionado, fog\u00e3o, frigobar, cafeteira, roup\u00f5es de banho e mesa de trabalho. As acomoda\u00e7\u00f5es incluem varanda com vista da montanha, cozinha totalmente equipada e banheiro privativo com chuveiro. Essa op\u00e7\u00e3o j\u00e1 inclui caf\u00e9 da manh\u00e3! <\/p>\n\n\n\n<figure class=\"wp-block-image aligncenter size-full\"><img loading=\"lazy\" decoding=\"async\" width=\"1024\" height=\"768\" src=\"https:\/\/quantocustaviajar.com\/blog\/wp-content\/uploads\/2024\/12\/474940431.jpg\" alt=\"cabanas na Serra Catarinense\" class=\"wp-image-70794\" srcset=\"https:\/\/quantocustaviajar.com\/blog\/wp-content\/uploads\/2024\/12\/474940431.jpg 1024w, https:\/\/quantocustaviajar.com\/blog\/wp-content\/uploads\/2024\/12\/474940431-300x225.jpg 300w, https:\/\/quantocustaviajar.com\/blog\/wp-content\/uploads\/2024\/12\/474940431-768x576.jpg 768w\" sizes=\"auto, (max-width: 1024px) 100vw, 1024px\" \/><figcaption>Foto: <a href=\"https:\/\/www.booking.com\/hotel\/br\/refugio-de-altitude-centro.pt-br.html?aid=2161834&amp;sid=4e2afe4d082ee710806b9740398f3494&amp;all_sr_blocks=990209801_382808894_0_1_0&amp;checkin=2025-03-07&amp;checkout=2025-03-08&amp;dest_id=-677885&amp;dest_type=city&amp;dist=0&amp;group_adults=2&amp;group_children=0&amp;hapos=2&amp;highlighted_blocks=990209801_382808894_0_1_0&amp;hpos=2&amp;matching_block_id=990209801_382808894_0_1_0&amp;no_rooms=1&amp;req_adults=2&amp;req_children=0&amp;room1=A%2CA&amp;sb_price_type=total&amp;sr_order=popularity&amp;sr_pri_blocks=990209801_382808894_0_1_0__82500&amp;srepoch=1733752891&amp;srpvid=a8c86298399f00c7&amp;type=total&amp;ucfs=1&amp;activeTab=photosGallery\" target=\"_blank\" rel=\"noreferrer noopener\">Booking<\/a><\/figcaption><\/figure>\n\n\n\n<h2 class=\"wp-block-heading\"><span class=\"ez-toc-section\" id=\"Cabanas_na_Serra_Catarinense_em_Bom_Jardim_da_Serra\"><\/span>Cabanas na Serra Catarinense em Bom Jardim da Serra<span class=\"ez-toc-section-end\"><\/span><\/h2>\n\n\n\n<h3 class=\"wp-block-heading\"><span class=\"ez-toc-section\" id=\"11_Recanto_da_Maju\"><\/span><strong>11. Recanto da Maju<\/strong><span class=\"ez-toc-section-end\"><\/span><\/h3>\n\n\n\n<p>Para quem busca<strong> cabanas na Serra Catarinense<\/strong> em Bom Jardim da Serra pode conferir o <a href=\"https:\/\/www.booking.com\/hotel\/br\/recanto-da-maju.pt-br.html?aid=2161834&amp;sid=4e2afe4d082ee710806b9740398f3494&amp;all_sr_blocks=936362501_368112592_2_0_0&amp;checkin=2025-03-07&amp;checkout=2025-03-08&amp;dest_id=-630419&amp;dest_type=city&amp;dist=0&amp;group_adults=2&amp;group_children=0&amp;hapos=1&amp;highlighted_blocks=936362501_368112592_2_0_0&amp;hpos=1&amp;matching_block_id=936362501_368112592_2_0_0&amp;no_rooms=1&amp;req_adults=2&amp;req_children=0&amp;room1=A%2CA&amp;sb_price_type=total&amp;sr_order=popularity&amp;sr_pri_blocks=936362501_368112592_2_0_0__24000&amp;srepoch=1733753764&amp;srpvid=6797641666d100ef&amp;type=total&amp;ucfs=1&amp;activeTab=photosGallery\" target=\"_blank\" rel=\"noreferrer noopener\">Recanto da Maju<\/a>, que re\u00fane v\u00e1rias op\u00e7\u00f5es de chal\u00e9s muito bem avaliados na regi\u00e3o. Todas as unidades possuem varanda com vista da montanha, TV, \u00e1rea para refei\u00e7\u00f5es, cozinha bem equipada e banheiro privativo com amenidades de banho gratuitas e secador de cabelo. <\/p>\n\n\n\n<figure class=\"wp-block-image aligncenter size-full\"><img loading=\"lazy\" decoding=\"async\" width=\"1024\" height=\"683\" src=\"https:\/\/quantocustaviajar.com\/blog\/wp-content\/uploads\/2024\/12\/570561231.jpg\" alt=\"cabanas na Serra Catarinense\" class=\"wp-image-70797\" srcset=\"https:\/\/quantocustaviajar.com\/blog\/wp-content\/uploads\/2024\/12\/570561231.jpg 1024w, https:\/\/quantocustaviajar.com\/blog\/wp-content\/uploads\/2024\/12\/570561231-300x200.jpg 300w, https:\/\/quantocustaviajar.com\/blog\/wp-content\/uploads\/2024\/12\/570561231-768x512.jpg 768w\" sizes=\"auto, (max-width: 1024px) 100vw, 1024px\" \/><figcaption>Foto: <a href=\"https:\/\/www.booking.com\/hotel\/br\/recanto-da-maju.pt-br.html?aid=2161834&amp;sid=4e2afe4d082ee710806b9740398f3494&amp;all_sr_blocks=936362501_368112592_2_0_0&amp;checkin=2025-03-07&amp;checkout=2025-03-08&amp;dest_id=-630419&amp;dest_type=city&amp;dist=0&amp;group_adults=2&amp;group_children=0&amp;hapos=1&amp;highlighted_blocks=936362501_368112592_2_0_0&amp;hpos=1&amp;matching_block_id=936362501_368112592_2_0_0&amp;no_rooms=1&amp;req_adults=2&amp;req_children=0&amp;room1=A%2CA&amp;sb_price_type=total&amp;sr_order=popularity&amp;sr_pri_blocks=936362501_368112592_2_0_0__24000&amp;srepoch=1733753764&amp;srpvid=6797641666d100ef&amp;type=total&amp;ucfs=1&amp;activeTab=photosGallery\" target=\"_blank\" rel=\"noreferrer noopener\">Booking<\/a><\/figcaption><\/figure>\n\n\n\n<h2 class=\"wp-block-heading\"><span class=\"ez-toc-section\" id=\"Cabanas_na_Serra_Catarinense_em_Sao_Joaquim\"><\/span>Cabanas na Serra Catarinense em S\u00e3o Joaquim<span class=\"ez-toc-section-end\"><\/span><\/h2>\n\n\n\n<h3 class=\"wp-block-heading\"><span class=\"ez-toc-section\" id=\"12_Pousada_Recanto_da_Cascata_%E2%80%93_Cabana_Platano\"><\/span><strong>12. Pousada Recanto da Cascata &#8211; Cabana Platano<\/strong><span class=\"ez-toc-section-end\"><\/span><\/h3>\n\n\n\n<p>Considerada uma op\u00e7\u00e3o excepcional em S\u00e3o Joaquim, com nota 9,7\/10, a Pousada Recanto da Cascata oferece chal\u00e9s para hospedagem que s\u00e3o bem completos, com cozinha compacta, TV, banheira de hidromassagem, ar condicionado e al\u00e9m de uma vista incr\u00edvel! O local tem estacionamento e ainda tem \u00e1rea para trilha nas proximidades, onde fica a cachoeira.<\/p>\n\n\n\n<figure class=\"wp-block-image aligncenter size-full\"><img loading=\"lazy\" decoding=\"async\" width=\"576\" height=\"576\" src=\"https:\/\/quantocustaviajar.com\/blog\/wp-content\/uploads\/2024\/12\/492140333-edited.jpg\" alt=\"cabanas na Serra Catarinense\" class=\"wp-image-70807\" srcset=\"https:\/\/quantocustaviajar.com\/blog\/wp-content\/uploads\/2024\/12\/492140333-edited.jpg 576w, https:\/\/quantocustaviajar.com\/blog\/wp-content\/uploads\/2024\/12\/492140333-edited-300x300.jpg 300w, https:\/\/quantocustaviajar.com\/blog\/wp-content\/uploads\/2024\/12\/492140333-edited-150x150.jpg 150w\" sizes=\"auto, (max-width: 576px) 100vw, 576px\" \/><figcaption>Foto: <a href=\"https:\/\/www.booking.com\/hotel\/br\/pousada-recanto-da-cascata.pt-br.html?aid=2161834&amp;sid=4e2afe4d082ee710806b9740398f3494&amp;all_sr_blocks=1076460002_380280165_2_1_0&amp;checkin=2025-03-07&amp;checkout=2025-03-08&amp;dest_id=-671042&amp;dest_type=city&amp;dist=0&amp;group_adults=2&amp;group_children=0&amp;hapos=6&amp;highlighted_blocks=1076460002_380280165_2_1_0&amp;hpos=6&amp;matching_block_id=1076460002_380280165_2_1_0&amp;no_rooms=1&amp;req_adults=2&amp;req_children=0&amp;room1=A%2CA&amp;sb_price_type=total&amp;sr_order=popularity&amp;sr_pri_blocks=1076460002_380280165_2_1_0__75000&amp;srepoch=1733754293&amp;srpvid=c9c265502fcd0092&amp;type=total&amp;ucfs=1&amp;activeTab=photosGallery\" target=\"_blank\" rel=\"noreferrer noopener\">Booking<\/a><\/figcaption><\/figure>\n\n\n\n<h2 class=\"wp-block-heading\"><span class=\"ez-toc-section\" id=\"Como_chegar_na_regiao_das_cabanas_na_Serra_Catarinense\"><\/span><strong>Como chegar na regi\u00e3o das cabanas na Serra Catarinense<\/strong><span class=\"ez-toc-section-end\"><\/span><\/h2>\n\n\n\n<p>A principal forma de chegar at\u00e9 a regi\u00e3o das<strong> cabanas na Serra Catarinense <\/strong>\u00e9 de carro, j\u00e1 que garante mais liberdade ao viajante que pode, inclusive, ir passando pelas cidades da regi\u00e3o e poder conhecer outras hospedagens e localiza\u00e7\u00f5es.<\/p>\n\n\n\n<p>Quem vem de fora do estado pode <a href=\"https:\/\/www.turismocity.com.br\/passagens-aereas-para-FLN-Florianopolis?from=SAO&amp;utm_source=qcv&amp;utm_medium=blog\" target=\"_blank\" rel=\"noreferrer noopener\">conferir aqui passagens a\u00e9rea barata para Florian\u00f3polis<\/a>, que fica a aproximadamente 2h da regi\u00e3o serrana. O aeroporto mais pr\u00f3ximo da regi\u00e3o \u00e9 o de Lages (110 km) e tamb\u00e9m o de Jaguaruna (135 km).<\/p>\n\n\n\n<p>Uma vez no estado, \u00e9 poss\u00edvel<a href=\"https:\/\/www.turismocity.com.br\/carros\"> alugar um ve\u00edculo<\/a> nos pr\u00f3prios aeroportos e seguir viagem terrestre por conta.<\/p>\n\n\n\n<h2 class=\"wp-block-heading\"><span class=\"ez-toc-section\" id=\"Quando_ir\"><\/span><strong>Quando ir<\/strong><span class=\"ez-toc-section-end\"><\/span><\/h2>\n\n\n\n<p>Assim como outros destinos de <a href=\"https:\/\/quantocustaviajar.com\/blog\/lugares-para-conhecer-no-interior-de-santa-catarina\/\">Santa Catarina<\/a>, quando visitar as <strong>cabanas na Serra Catarinense <\/strong>depende muito do prop\u00f3sito da viagem.&nbsp;<\/p>\n\n\n\n<p>Se o viajante prefere justamente as temperaturas mais baixas da regi\u00e3o e prefere passeios internos, evitando o ar livre e passeios que molham (como cachoeiras), pode apostar nos meses de inverno, de junho a agosto.<\/p>\n\n\n\n<p>Se o visitante quer aproveitar a vida ao ar livre, as \u00e1guas das cachoeiras e quer fugir do frio, vale apostar nas outras \u00e9pocas do ano, entre outubro e abril.<\/p>\n","protected":false},"excerpt":{"rendered":"<p>A Serra Catarinense \u00e9 um destino imperd\u00edvel para quem quer fugir da rotina e descansar em meio \u00e0 natureza, com belas paisagens montanhosas, com altitude, arauc\u00e1rias, ecoturismo e nada melhor do que hospedagens incr\u00edveis para completar essa experi\u00eancia, por isso confira cabanas na Serra Catarinense para descansar em grande estilo. Na regi\u00e3o da serra est\u00e3o [&hellip;]<\/p>\n","protected":false},"author":18,"featured_media":54644,"comment_status":"open","ping_status":"open","sticky":false,"template":"page-templates\/featured-img-above.php","format":"standard","meta":{"cybocfi_hide_featured_image":"","footnotes":""},"categories":[1149],"tags":[135,266,533,77,74,211,529,321,808,1704,16],"class_list":["post-54639","post","type-post","status-publish","format-standard","has-post-thumbnail","hentry","category-hospedagem-dos-sonhos","tag-atracoes","tag-brasil","tag-cabana","tag-dicas","tag-hospedagem","tag-o-que-fazer","tag-onde-ir","tag-passeios","tag-pousada","tag-serra-catarinense","tag-viagem"],"blocksy_meta":[],"yoast_head":"<!-- This site is optimized with the Yoast SEO plugin v26.3 - https:\/\/yoast.com\/wordpress\/plugins\/seo\/ -->\n<title>Cabanas na Serra Catarinense - op\u00e7\u00f5es para curtir o inverno<\/title>\n<meta name=\"description\" content=\"Confira cabanas na Serra Catarinense para se hospedar e viver uma experi\u00eancia incr\u00edvel, aproveitando a natureza com muito conforto.\" \/>\n<meta name=\"robots\" content=\"index, follow, max-snippet:-1, max-image-preview:large, max-video-preview:-1\" \/>\n<link rel=\"canonical\" href=\"https:\/\/quantocustaviajar.com\/blog\/cabanas-na-serra-catarinense\/\" \/>\n<meta property=\"og:locale\" content=\"pt_BR\" \/>\n<meta property=\"og:type\" content=\"article\" \/>\n<meta property=\"og:title\" content=\"Cabanas na Serra Catarinense - op\u00e7\u00f5es para curtir o inverno\" \/>\n<meta property=\"og:description\" content=\"Confira cabanas na Serra Catarinense para se hospedar e viver uma experi\u00eancia incr\u00edvel, aproveitando a natureza com muito conforto.\" \/>\n<meta property=\"og:url\" content=\"https:\/\/quantocustaviajar.com\/blog\/cabanas-na-serra-catarinense\/\" \/>\n<meta property=\"og:site_name\" content=\"Blog Quanto Custa Viajar\" \/>\n<meta property=\"article:publisher\" content=\"https:\/\/www.facebook.com\/quantocustaviajar\" \/>\n<meta property=\"article:published_time\" content=\"2025-01-05T13:18:00+00:00\" \/>\n<meta property=\"article:modified_time\" content=\"2025-06-10T19:19:19+00:00\" \/>\n<meta property=\"og:image\" content=\"https:\/\/quantocustaviajar.com\/blog\/wp-content\/uploads\/2022\/08\/THUMBfbcanabasnaserracatarinense.jpg\" \/>\n\t<meta property=\"og:image:width\" content=\"1024\" \/>\n\t<meta property=\"og:image:height\" content=\"683\" \/>\n\t<meta property=\"og:image:type\" content=\"image\/jpeg\" \/>\n<meta name=\"author\" content=\"Izabella Miranda\" \/>\n<meta name=\"twitter:card\" content=\"summary_large_image\" \/>\n<meta name=\"twitter:label1\" content=\"Escrito por\" \/>\n\t<meta name=\"twitter:data1\" content=\"Izabella Miranda\" \/>\n\t<meta name=\"twitter:label2\" content=\"Est. tempo de leitura\" \/>\n\t<meta name=\"twitter:data2\" content=\"13 minutos\" \/>\n<!-- \/ Yoast SEO plugin. -->","yoast_head_json":{"title":"Cabanas na Serra Catarinense - op\u00e7\u00f5es para curtir o inverno","description":"Confira cabanas na Serra Catarinense para se hospedar e viver uma experi\u00eancia incr\u00edvel, aproveitando a natureza com muito conforto.","robots":{"index":"index","follow":"follow","max-snippet":"max-snippet:-1","max-image-preview":"max-image-preview:large","max-video-preview":"max-video-preview:-1"},"canonical":"https:\/\/quantocustaviajar.com\/blog\/cabanas-na-serra-catarinense\/","og_locale":"pt_BR","og_type":"article","og_title":"Cabanas na Serra Catarinense - op\u00e7\u00f5es para curtir o inverno","og_description":"Confira cabanas na Serra Catarinense para se hospedar e viver uma experi\u00eancia incr\u00edvel, aproveitando a natureza com muito conforto.","og_url":"https:\/\/quantocustaviajar.com\/blog\/cabanas-na-serra-catarinense\/","og_site_name":"Blog Quanto Custa Viajar","article_publisher":"https:\/\/www.facebook.com\/quantocustaviajar","article_published_time":"2025-01-05T13:18:00+00:00","article_modified_time":"2025-06-10T19:19:19+00:00","og_image":[{"width":1024,"height":683,"url":"https:\/\/quantocustaviajar.com\/blog\/wp-content\/uploads\/2022\/08\/THUMBfbcanabasnaserracatarinense.jpg","type":"image\/jpeg"}],"author":"Izabella Miranda","twitter_card":"summary_large_image","twitter_misc":{"Escrito por":"Izabella Miranda","Est. tempo de leitura":"13 minutos"},"schema":{"@context":"https:\/\/schema.org","@graph":[{"@type":["Article","BlogPosting"],"@id":"https:\/\/quantocustaviajar.com\/blog\/cabanas-na-serra-catarinense\/#article","isPartOf":{"@id":"https:\/\/quantocustaviajar.com\/blog\/cabanas-na-serra-catarinense\/"},"author":{"name":"Izabella Miranda","@id":"https:\/\/quantocustaviajar.com\/blog\/#\/schema\/person\/595118451f4120870051de530232399d"},"headline":"Cabanas na Serra Catarinense &#8211; op\u00e7\u00f5es para curtir o inverno com lindas paisagens","datePublished":"2025-01-05T13:18:00+00:00","dateModified":"2025-06-10T19:19:19+00:00","mainEntityOfPage":{"@id":"https:\/\/quantocustaviajar.com\/blog\/cabanas-na-serra-catarinense\/"},"wordCount":1836,"commentCount":0,"publisher":{"@id":"https:\/\/quantocustaviajar.com\/blog\/#organization"},"image":{"@id":"https:\/\/quantocustaviajar.com\/blog\/cabanas-na-serra-catarinense\/#primaryimage"},"thumbnailUrl":"https:\/\/quantocustaviajar.com\/blog\/wp-content\/uploads\/2022\/08\/b8441d6b-aebb-46c4-a2b9-9835104f273b.webp","keywords":["atra\u00e7\u00f5es","Brasil","cabana","dicas","hospedagem","o que fazer","onde ir","passeios","pousada","serra catarinense","viagem"],"articleSection":["Hospedagem dos Sonhos"],"inLanguage":"pt-BR","potentialAction":[{"@type":"CommentAction","name":"Comment","target":["https:\/\/quantocustaviajar.com\/blog\/cabanas-na-serra-catarinense\/#respond"]}]},{"@type":"WebPage","@id":"https:\/\/quantocustaviajar.com\/blog\/cabanas-na-serra-catarinense\/","url":"https:\/\/quantocustaviajar.com\/blog\/cabanas-na-serra-catarinense\/","name":"Cabanas na Serra Catarinense - op\u00e7\u00f5es para curtir o inverno","isPartOf":{"@id":"https:\/\/quantocustaviajar.com\/blog\/#website"},"primaryImageOfPage":{"@id":"https:\/\/quantocustaviajar.com\/blog\/cabanas-na-serra-catarinense\/#primaryimage"},"image":{"@id":"https:\/\/quantocustaviajar.com\/blog\/cabanas-na-serra-catarinense\/#primaryimage"},"thumbnailUrl":"https:\/\/quantocustaviajar.com\/blog\/wp-content\/uploads\/2022\/08\/b8441d6b-aebb-46c4-a2b9-9835104f273b.webp","datePublished":"2025-01-05T13:18:00+00:00","dateModified":"2025-06-10T19:19:19+00:00","description":"Confira cabanas na Serra Catarinense para se hospedar e viver uma experi\u00eancia incr\u00edvel, aproveitando a natureza com muito conforto.","breadcrumb":{"@id":"https:\/\/quantocustaviajar.com\/blog\/cabanas-na-serra-catarinense\/#breadcrumb"},"inLanguage":"pt-BR","potentialAction":[{"@type":"ReadAction","target":["https:\/\/quantocustaviajar.com\/blog\/cabanas-na-serra-catarinense\/"]}]},{"@type":"ImageObject","inLanguage":"pt-BR","@id":"https:\/\/quantocustaviajar.com\/blog\/cabanas-na-serra-catarinense\/#primaryimage","url":"https:\/\/quantocustaviajar.com\/blog\/wp-content\/uploads\/2022\/08\/b8441d6b-aebb-46c4-a2b9-9835104f273b.webp","contentUrl":"https:\/\/quantocustaviajar.com\/blog\/wp-content\/uploads\/2022\/08\/b8441d6b-aebb-46c4-a2b9-9835104f273b.webp","width":1200,"height":798},{"@type":"BreadcrumbList","@id":"https:\/\/quantocustaviajar.com\/blog\/cabanas-na-serra-catarinense\/#breadcrumb","itemListElement":[{"@type":"ListItem","position":1,"name":"In\u00edcio","item":"https:\/\/quantocustaviajar.com\/blog\/"},{"@type":"ListItem","position":2,"name":"Cabanas na Serra Catarinense &#8211; op\u00e7\u00f5es para curtir o inverno com lindas paisagens"}]},{"@type":"WebSite","@id":"https:\/\/quantocustaviajar.com\/blog\/#website","url":"https:\/\/quantocustaviajar.com\/blog\/","name":"Blog Quanto Custa Viajar","description":"","publisher":{"@id":"https:\/\/quantocustaviajar.com\/blog\/#organization"},"potentialAction":[{"@type":"SearchAction","target":{"@type":"EntryPoint","urlTemplate":"https:\/\/quantocustaviajar.com\/blog\/?s={search_term_string}"},"query-input":{"@type":"PropertyValueSpecification","valueRequired":true,"valueName":"search_term_string"}}],"inLanguage":"pt-BR"},{"@type":"Organization","@id":"https:\/\/quantocustaviajar.com\/blog\/#organization","name":"Quanto Custa Viajar","url":"https:\/\/quantocustaviajar.com\/blog\/","logo":{"@type":"ImageObject","inLanguage":"pt-BR","@id":"https:\/\/quantocustaviajar.com\/blog\/#\/schema\/logo\/image\/","url":"","contentUrl":"","caption":"Quanto Custa Viajar"},"image":{"@id":"https:\/\/quantocustaviajar.com\/blog\/#\/schema\/logo\/image\/"},"sameAs":["https:\/\/www.facebook.com\/quantocustaviajar"]},{"@type":"Person","@id":"https:\/\/quantocustaviajar.com\/blog\/#\/schema\/person\/595118451f4120870051de530232399d","name":"Izabella Miranda","image":{"@type":"ImageObject","inLanguage":"pt-BR","@id":"https:\/\/quantocustaviajar.com\/blog\/#\/schema\/person\/image\/","url":"https:\/\/secure.gravatar.com\/avatar\/eb1c9c8ed6c596023f48930e960ff440b8cad6a3beabb6b619d3504ad832c628?s=96&d=mm&r=g","contentUrl":"https:\/\/secure.gravatar.com\/avatar\/eb1c9c8ed6c596023f48930e960ff440b8cad6a3beabb6b619d3504ad832c628?s=96&d=mm&r=g","caption":"Izabella Miranda"},"description":"Jornalista por profiss\u00e3o e planejadora de viagens nas horas vagas.","url":"https:\/\/quantocustaviajar.com\/blog\/author\/izabella\/"}]}},"_links":{"self":[{"href":"https:\/\/quantocustaviajar.com\/blog\/wp-json\/wp\/v2\/posts\/54639","targetHints":{"allow":["GET"]}}],"collection":[{"href":"https:\/\/quantocustaviajar.com\/blog\/wp-json\/wp\/v2\/posts"}],"about":[{"href":"https:\/\/quantocustaviajar.com\/blog\/wp-json\/wp\/v2\/types\/post"}],"author":[{"embeddable":true,"href":"https:\/\/quantocustaviajar.com\/blog\/wp-json\/wp\/v2\/users\/18"}],"replies":[{"embeddable":true,"href":"https:\/\/quantocustaviajar.com\/blog\/wp-json\/wp\/v2\/comments?post=54639"}],"version-history":[{"count":29,"href":"https:\/\/quantocustaviajar.com\/blog\/wp-json\/wp\/v2\/posts\/54639\/revisions"}],"predecessor-version":[{"id":71336,"href":"https:\/\/quantocustaviajar.com\/blog\/wp-json\/wp\/v2\/posts\/54639\/revisions\/71336"}],"wp:featuredmedia":[{"embeddable":true,"href":"https:\/\/quantocustaviajar.com\/blog\/wp-json\/wp\/v2\/media\/54644"}],"wp:attachment":[{"href":"https:\/\/quantocustaviajar.com\/blog\/wp-json\/wp\/v2\/media?parent=54639"}],"wp:term":[{"taxonomy":"category","embeddable":true,"href":"https:\/\/quantocustaviajar.com\/blog\/wp-json\/wp\/v2\/categories?post=54639"},{"taxonomy":"post_tag","embeddable":true,"href":"https:\/\/quantocustaviajar.com\/blog\/wp-json\/wp\/v2\/tags?post=54639"}],"curies":[{"name":"wp","href":"https:\/\/api.w.org\/{rel}","templated":true}]}}