{"id":54039,"date":"2022-07-13T21:18:18","date_gmt":"2022-07-13T21:18:18","guid":{"rendered":"https:\/\/quantocustaviajar.com\/blog\/?p=54039"},"modified":"2022-09-22T12:45:58","modified_gmt":"2022-09-22T12:45:58","slug":"castelinho-caracol-em-canela","status":"publish","type":"post","link":"https:\/\/quantocustaviajar.com\/blog\/castelinho-caracol-em-canela\/","title":{"rendered":"Tudo sobre o hist\u00f3rico Castelinho Caracol em Canela"},"content":{"rendered":"\n<p>O <strong>Castelinho Caracol em Canela <\/strong>\u00e9 mais uma atra\u00e7\u00e3o incr\u00edvel para conhecer durante a viagem ao <a href=\"https:\/\/quantocustaviajar.com\/blog\/cidades-legais-para-conhecer-no-rio-grande-do-sul\/\">Rio Grande do Sul<\/a>, sendo mais uma parada indispens\u00e1vel para se apaixonar ainda mais pela regi\u00e3o.<\/p><div id=\"ez-toc-container\" class=\"ez-toc-v2_0_76 ez-toc-wrap-left counter-hierarchy ez-toc-counter ez-toc-light-blue ez-toc-container-direction\">\n<div class=\"ez-toc-title-container\">\n<p class=\"ez-toc-title\" style=\"cursor:inherit\">Aqui voc\u00ea ir\u00e1 encontrar<\/p>\n<span class=\"ez-toc-title-toggle\"><a href=\"#\" class=\"ez-toc-pull-right ez-toc-btn ez-toc-btn-xs ez-toc-btn-default ez-toc-toggle\" aria-label=\"Alternar tabela de conte\u00fado\"><span class=\"ez-toc-js-icon-con\"><span class=\"\"><span class=\"eztoc-hide\" style=\"display:none;\">Toggle<\/span><span class=\"ez-toc-icon-toggle-span\"><svg style=\"fill: #999;color:#999\" xmlns=\"http:\/\/www.w3.org\/2000\/svg\" class=\"list-377408\" width=\"20px\" height=\"20px\" viewBox=\"0 0 24 24\" fill=\"none\"><path d=\"M6 6H4v2h2V6zm14 0H8v2h12V6zM4 11h2v2H4v-2zm16 0H8v2h12v-2zM4 16h2v2H4v-2zm16 0H8v2h12v-2z\" fill=\"currentColor\"><\/path><\/svg><svg style=\"fill: #999;color:#999\" class=\"arrow-unsorted-368013\" xmlns=\"http:\/\/www.w3.org\/2000\/svg\" width=\"10px\" height=\"10px\" viewBox=\"0 0 24 24\" version=\"1.2\" baseProfile=\"tiny\"><path d=\"M18.2 9.3l-6.2-6.3-6.2 6.3c-.2.2-.3.4-.3.7s.1.5.3.7c.2.2.4.3.7.3h11c.3 0 .5-.1.7-.3.2-.2.3-.5.3-.7s-.1-.5-.3-.7zM5.8 14.7l6.2 6.3 6.2-6.3c.2-.2.3-.5.3-.7s-.1-.5-.3-.7c-.2-.2-.4-.3-.7-.3h-11c-.3 0-.5.1-.7.3-.2.2-.3.5-.3.7s.1.5.3.7z\"\/><\/svg><\/span><\/span><\/span><\/a><\/span><\/div>\n<nav><ul class='ez-toc-list ez-toc-list-level-1 ' ><li class='ez-toc-page-1 ez-toc-heading-level-2'><a class=\"ez-toc-link ez-toc-heading-1\" href=\"https:\/\/quantocustaviajar.com\/blog\/castelinho-caracol-em-canela\/#Castelinho_Caracol_em_Canela\" >Castelinho Caracol em Canela<\/a><\/li><li class='ez-toc-page-1 ez-toc-heading-level-2'><a class=\"ez-toc-link ez-toc-heading-2\" href=\"https:\/\/quantocustaviajar.com\/blog\/castelinho-caracol-em-canela\/#O_que_ver_e_fazer_no_Castelinho_Caracol_em_Canela\" >O que ver e fazer no Castelinho Caracol em Canela<\/a><\/li><li class='ez-toc-page-1 ez-toc-heading-level-2'><a class=\"ez-toc-link ez-toc-heading-3\" href=\"https:\/\/quantocustaviajar.com\/blog\/castelinho-caracol-em-canela\/#Horarios_e_ingressos_para_o_Castelinho_Caracol_em_Canela\" >Hor\u00e1rios e ingressos para o Castelinho Caracol em Canela<\/a><\/li><li class='ez-toc-page-1 ez-toc-heading-level-2'><a class=\"ez-toc-link ez-toc-heading-4\" href=\"https:\/\/quantocustaviajar.com\/blog\/castelinho-caracol-em-canela\/#Como_chegar\" >Como chegar<\/a><\/li><\/ul><\/nav><\/div>\n\n\n\n\n<p>A bela casa de madeira de arauc\u00e1ria, pinheiro t\u00edpico da regi\u00e3o, impressiona com sua bela arquitetura, sua gastronomia (muitos viajantes v\u00e3o s\u00f3 pelo apfelstrudel com creme de nata famos\u00edssimo) e tamb\u00e9m pelos belos jardins, cuidados e criados ao melhor estilo alem\u00e3o.<\/p>\n\n\n\n<p>Um lugarzinho com cara de castelinho de conto de fadas na floresta, o <strong>Castelinho Caracol em Canela <\/strong>\u00e9 uma gra\u00e7a e super instagram\u00e1vel. Confira tudo sobre o local!<\/p>\n\n\n\n<div class=\"wp-block-image\"><figure class=\"aligncenter size-full\"><img loading=\"lazy\" decoding=\"async\" width=\"768\" height=\"767\" src=\"https:\/\/quantocustaviajar.com\/blog\/wp-content\/uploads\/2022\/07\/280440887_680004399775847_2210610680794086210_n.jpg\" alt=\"\" class=\"wp-image-54041\" srcset=\"https:\/\/quantocustaviajar.com\/blog\/wp-content\/uploads\/2022\/07\/280440887_680004399775847_2210610680794086210_n.jpg 768w, https:\/\/quantocustaviajar.com\/blog\/wp-content\/uploads\/2022\/07\/280440887_680004399775847_2210610680794086210_n-300x300.jpg 300w, https:\/\/quantocustaviajar.com\/blog\/wp-content\/uploads\/2022\/07\/280440887_680004399775847_2210610680794086210_n-150x150.jpg 150w\" sizes=\"auto, (max-width: 768px) 100vw, 768px\" \/><figcaption>Foto: Reprodu\u00e7\u00e3o Instagram @castelinhocaracoloficial<\/figcaption><\/figure><\/div>\n\n\n\n<h2 class=\"wp-block-heading\"><span class=\"ez-toc-section\" id=\"Castelinho_Caracol_em_Canela\"><\/span><strong>Castelinho Caracol em Canela<\/strong><span class=\"ez-toc-section-end\"><\/span><\/h2>\n\n\n\n<p>O <strong>Castelinho Caracol em Canela <\/strong>j\u00e1 \u00e9 bem famoso na regi\u00e3o, fica localizado na estrada Caracol (da\u00ed o nome), foi constru\u00eddo no comecinho do s\u00e9culo XX e, diferente do que muitos pensam, seu nome castelinho n\u00e3o \u00e9 apenas um apelido fofo.&nbsp;<\/p>\n\n\n\n<p>\u00c9 uma refer\u00eancia ao tamanho do local e sua estrutura, que \u00e9 um verdadeiro castelo com nada mais nada menos do que 18 c\u00f4modos nada b\u00e1sicos, que recuperam os costumes e tradi\u00e7\u00f5es dos imigrantes alem\u00e3es na regi\u00e3o. A casa foi uma das primeiras resid\u00eancias do munic\u00edpio de <a href=\"https:\/\/quantocustaviajar.com\/brasil\/canela\" target=\"_blank\" rel=\"noreferrer noopener\">Canela<\/a>.<\/p>\n\n\n\n<p>Uma curiosidade sobre a constru\u00e7\u00e3o \u00e9 que a madeira utilizada foi tratada durante seis meses antes de ser aplicada na casa, para que ficasse mais resistente e duradoura, e tamb\u00e9m n\u00e3o foi utilizado nenhum prego, apenas encaixes e parafusos na montagem. A casa demorou dois anos para ficar pronta.<\/p>\n\n\n\n<div class=\"wp-block-image\"><figure class=\"aligncenter size-full\"><img loading=\"lazy\" decoding=\"async\" width=\"800\" height=\"537\" src=\"https:\/\/quantocustaviajar.com\/blog\/wp-content\/uploads\/2022\/07\/12021775176_32433c7d25_c-1.jpg\" alt=\"\" class=\"wp-image-54040\" srcset=\"https:\/\/quantocustaviajar.com\/blog\/wp-content\/uploads\/2022\/07\/12021775176_32433c7d25_c-1.jpg 800w, https:\/\/quantocustaviajar.com\/blog\/wp-content\/uploads\/2022\/07\/12021775176_32433c7d25_c-1-300x201.jpg 300w, https:\/\/quantocustaviajar.com\/blog\/wp-content\/uploads\/2022\/07\/12021775176_32433c7d25_c-1-768x516.jpg 768w\" sizes=\"auto, (max-width: 800px) 100vw, 800px\" \/><figcaption>Foto: <a href=\"https:\/\/www.flickr.com\/photos\/danielneto\/12021775176\/in\/photostream\/\" target=\"_blank\" rel=\"noreferrer noopener\">Flickr<\/a><\/figcaption><\/figure><\/div>\n\n\n\n<p>O castelinho foi constru\u00eddo para que a fam\u00edlia que construiu a casa se sentisse mais perto da terra natal, e a moradia foi a forma de aproximar os dois locais.&nbsp;<\/p>\n\n\n\n<p>No local j\u00e1 foram gravadas algumas novelas brasileiras da TV Globo e tamb\u00e9m cenas de filmes.<\/p>\n\n\n\n<h2 class=\"wp-block-heading\"><span class=\"ez-toc-section\" id=\"O_que_ver_e_fazer_no_Castelinho_Caracol_em_Canela\"><\/span><strong>O que ver e fazer no Castelinho Caracol em Canela<\/strong><span class=\"ez-toc-section-end\"><\/span><\/h2>\n\n\n\n<p>O <strong>Castelinho Caracol em Canela <\/strong>\u00e9 um museu, com jardim e cafeteria que reconta um pouco da hist\u00f3ria alem\u00e3, da fam\u00edlia de Pedro Carlos Frazen e sua esposa Luiza Sommer, que fizeram o castelo, ainda possuindo muitos m\u00f3veis e itens da \u00e9poca de inaugura\u00e7\u00e3o, praticamente intactos.<\/p>\n\n\n\n<p>O local possui um aspecto bem buc\u00f3lico, uma verdadeira viagem no tempo para a \u00e9poca de sua constru\u00e7\u00e3o.<\/p>\n\n\n\n<p>Tudo \u00e9 muito bem cuidado e \u00e9 na Sala de Ch\u00e1 do Castelinho que as del\u00edcias da cafeteria s\u00e3o servidas. Durante a visita, aproveite o apfelstrudel com creme de nata (strudel de ma\u00e7\u00e3) ou com sorvete. A receita original alem\u00e3 \u00e9 assada na lareira da casa, de 1915.<\/p>\n\n\n\n<div class=\"wp-block-image\"><figure class=\"aligncenter size-large is-resized\"><img loading=\"lazy\" decoding=\"async\" src=\"https:\/\/quantocustaviajar.com\/blog\/wp-content\/uploads\/2022\/07\/274567564_121309226938064_2635339425682148189_n-819x1024.jpg\" alt=\"\" class=\"wp-image-54042\" width=\"513\" height=\"641\" srcset=\"https:\/\/quantocustaviajar.com\/blog\/wp-content\/uploads\/2022\/07\/274567564_121309226938064_2635339425682148189_n-819x1024.jpg 819w, https:\/\/quantocustaviajar.com\/blog\/wp-content\/uploads\/2022\/07\/274567564_121309226938064_2635339425682148189_n-240x300.jpg 240w, https:\/\/quantocustaviajar.com\/blog\/wp-content\/uploads\/2022\/07\/274567564_121309226938064_2635339425682148189_n-768x960.jpg 768w, https:\/\/quantocustaviajar.com\/blog\/wp-content\/uploads\/2022\/07\/274567564_121309226938064_2635339425682148189_n.jpg 960w\" sizes=\"auto, (max-width: 513px) 100vw, 513px\" \/><figcaption>Apfelstrudel\/ Foto: Reprodu\u00e7\u00e3o Instagram @castelinhocaracoloficial<\/figcaption><\/figure><\/div>\n\n\n\n<p>Ainda \u00e9 poss\u00edvel comer wafell salgados e doces e levar tortas para casa.<\/p>\n\n\n\n<p>Al\u00e9m da constru\u00e7\u00e3o principal, o <strong>Castelinho Caracol em Canela<\/strong>, o local conta praticamente com uma verdadeira vilazinha da \u00e9poca, que ainda tem a primeira casa da fam\u00edlia (bem mais humilde), a antiga serraria, galp\u00f5es, armaz\u00e9m e uma ponte coberta.<\/p>\n\n\n\n<p>A parte da serraria e dos galp\u00f5es s\u00e3o museus por si s\u00f3, cheio de maquin\u00e1rios antigos no melhor estilo alem\u00e3o.<\/p>\n\n\n\n<p><strong><a href=\"https:\/\/www.civitatis.com\/br\/canela\/?aid=100232&amp;cmp=postcastelocanela\" target=\"_blank\" rel=\"noreferrer noopener\">Encontre passeios em Canela<\/a><\/strong> para sua viagem<\/p>\n\n\n\n<h2 class=\"wp-block-heading\"><span class=\"ez-toc-section\" id=\"Horarios_e_ingressos_para_o_Castelinho_Caracol_em_Canela\"><\/span><strong>Hor\u00e1rios e ingressos para o Castelinho Caracol em Canela<\/strong><span class=\"ez-toc-section-end\"><\/span><\/h2>\n\n\n\n<p>O <strong>Castelinho Caracol em Canela <\/strong>funciona diariamente, das 9h \u00e0s 13h e das 14h20 \u00e0s 17h30.<\/p>\n\n\n\n<p>O ingresso custa R$15 por pessoa, maiores de 60 anos pagam metade do pre\u00e7o e crian\u00e7as at\u00e9 seis anos acompanhadas dos pais entram de gra\u00e7a. Crian\u00e7as em idade escolar pagam R$7,50.<\/p>\n\n\n\n<p>Uma dica \u00e9 que, se o turista quiser ir apenas para comer no restaurante, precisar\u00e1 tamb\u00e9m pagar o ingresso.<\/p>\n\n\n\n<p>Outra observa\u00e7\u00e3o \u00e9 que n\u00e3o tem Wi-fi no local e cart\u00f5es n\u00e3o costumam funcionar pela falta de sinal das maquininhas.<\/p>\n\n\n\n<p>Confira aqui mais dicas <a href=\"https:\/\/quantocustaviajar.com\/brasil\/canela\/o-que-fazer\" target=\"_blank\" rel=\"noreferrer noopener\">do que fazer em Canela<\/a>.<\/p>\n\n\n\n<p>No local n\u00e3o \u00e9 permitido animais e nem piqueniques. Quem tiver interesse em fazer ensaios fotogr\u00e1ficos, dever\u00e1 entrar em contato solicitando previamente.<\/p>\n\n\n\n<p>Para conhecer tudo sobre o local, conhe\u00e7a o <a href=\"https:\/\/www.castelinhocaracol.com.br\/pt\" target=\"_blank\" rel=\"noreferrer noopener\">site oficial<\/a>, o <a href=\"https:\/\/www.instagram.com\/castelinhocaracoloficial\/?hl=pt-br\" target=\"_blank\" rel=\"noreferrer noopener\">instagram<\/a> e para d\u00favidas, basta entrar em contato pelo telefone (54) 3278 3208 ou <a href=\"mailto:museu@castelinhocaracol.com.br\" target=\"_blank\" rel=\"noreferrer noopener\">museu@castelinhocaracol.com.br<\/a>.<\/p>\n\n\n\n<div class=\"wp-block-image\"><figure class=\"aligncenter size-large\"><img loading=\"lazy\" decoding=\"async\" width=\"819\" height=\"1024\" src=\"https:\/\/quantocustaviajar.com\/blog\/wp-content\/uploads\/2022\/07\/155877337_486071269427419_4148460274980255491_n-819x1024.jpg\" alt=\"\" class=\"wp-image-54043\" srcset=\"https:\/\/quantocustaviajar.com\/blog\/wp-content\/uploads\/2022\/07\/155877337_486071269427419_4148460274980255491_n-819x1024.jpg 819w, https:\/\/quantocustaviajar.com\/blog\/wp-content\/uploads\/2022\/07\/155877337_486071269427419_4148460274980255491_n-240x300.jpg 240w, https:\/\/quantocustaviajar.com\/blog\/wp-content\/uploads\/2022\/07\/155877337_486071269427419_4148460274980255491_n-768x960.jpg 768w, https:\/\/quantocustaviajar.com\/blog\/wp-content\/uploads\/2022\/07\/155877337_486071269427419_4148460274980255491_n.jpg 967w\" sizes=\"auto, (max-width: 819px) 100vw, 819px\" \/><figcaption>Foto: Reprodu\u00e7\u00e3o Instagram @castelinhocaracoloficial<\/figcaption><\/figure><\/div>\n\n\n\n<h2 class=\"wp-block-heading\"><span class=\"ez-toc-section\" id=\"Como_chegar\"><\/span><strong>Como chegar<\/strong><span class=\"ez-toc-section-end\"><\/span><\/h2>\n\n\n\n<p>Uma vez na cidade, o <strong>Castelinho Caracol em Canela<\/strong> fica na&nbsp; estrada do Caracol Km 03 s n\u00ba (Estrada RS-466), Parque dos Pinheiros, na cidade de Canela (Serra Ga\u00facha) , no Rio Grande do Sul (e se algu\u00e9m precisar, o CEP \u00e9 95680-000).<\/p>\n\n\n\n<p>J\u00e1 para quem vem de fora do estado, o aeroporto mais pr\u00f3ximo de Canela \u00e9 o de Porto Alegre. <a href=\"https:\/\/www.turismocity.com.br\/passagens-aereas-para-POA-Porto_Alegre?from=SAO&amp;utm_source=qcv&amp;utm_medium=blog\" target=\"_blank\" rel=\"noreferrer noopener\">Encontre passagem a\u00e9rea barata para Porto Alegre<\/a><\/p>\n\n\n\n<p>De Porto Alegre, o visitante <a href=\"https:\/\/www.rentcars.com\/?requestorid=52\" target=\"_blank\" rel=\"noreferrer noopener\">pode alugar um carro<\/a> e fazer o trajeto de 130 km de carro, em aproximadamente 2h30. Uma das vantagens \u00e9 que assim tamb\u00e9m d\u00e1 para passar em <a href=\"https:\/\/quantocustaviajar.com\/brasil\/gramado\" target=\"_blank\" rel=\"noreferrer noopener\">Gramado<\/a> e outros destinos imperd\u00edveis pertinho de Canela.<\/p>\n\n\n\n<p>Tamb\u00e9m \u00e9 poss\u00edvel fazer o trajeto at\u00e9 Canela de \u00f4nibus com a via\u00e7\u00e3o Citral, que tem muitas op\u00e7\u00f5es de hor\u00e1rio saindo da rodovi\u00e1ria de POA.<\/p>\n\n\n\n<p>O local \u00e9 um pouco distante do centro da cidade, a uns 6km. Para refer\u00eancia, fica a 4,9 km do Museu do Autom\u00f3vel de Canela, 9,4 km da Cascata do Caracol e a 12 km de Gramado.<\/p>\n\n\n\n<p><strong><a href=\"https:\/\/www.booking.com\/searchresults.pt-br.html?aid=2161834&amp;label=gog235jc-1DCAsoDEIOZ3JhY2UtY2FmYXlhdGVILVgDaCCIAQGYAS24ARfIAQzYAQPoAQH4AQqIAgGoAgO4Arbe34wGwAIB0gIkMGQ5Yzg0ZDktOGIxZi00NmIyLWJiMGEtOWVhNzFiYWVjOWZl2AIE4AIB&amp;sid=a990cb919316888cefc1d4a75b4753f2&amp;sb=1&amp;src=hotel&amp;src_elem=sb&amp;error_url=https%3A%2F%2Fwww.booking.com%2Fhotel%2Fbr%2Fporto-de-galinhas-praia.pt-br.html%3Faid%3D2161834%26label%3Dgog235jc-1DCAsoDEIOZ3JhY2UtY2FmYXlhdGVILVgDaCCIAQGYAS24ARfIAQzYAQPoAQH4AQqIAgGoAgO4Arbe34wGwAIB0gIkMGQ5Yzg0ZDktOGIxZi00NmIyLWJiMGEtOWVhNzFiYWVjOWZl2AIE4AIB%26sid%3Da990cb919316888cefc1d4a75b4753f2%26all_sr_blocks%3D24353113_333301584_2_1_0%3Bcheckin%3D2021-12-20%3Bcheckout%3D2021-12-22%3Bdest_id%3D-663612%3Bdest_type%3Dcity%3Bgroup_adults%3D2%3Bgroup_children%3D0%3Bhapos%3D5%3Bhighlighted_blocks%3D24353113_333301584_2_1_0%3Bhpos%3D5%3Bmatching_block_id%3D24353113_333301584_2_1_0%3Bno_rooms%3D1%3Breq_adults%3D2%3Breq_children%3D0%3Broom1%3DA%252CA%3Bsb_price_type%3Dtotal%3Bsr_order%3Dpopularity%3Bsr_pri_blocks%3D24353113_333301584_2_1_0__219200%3Bsrepoch%3D1637363073%3Bsrpvid%3D1537a24044da0059%3Btype%3Dtotal%3Bucfs%3D1%26%26&amp;highlighted_hotels=243531&amp;hp_sbox=1&amp;ss=Canela%2C+Rio+Grande+do+Sul%2C+Brasil&amp;is_ski_area=&amp;ssne=Porto+de+Galinhas&amp;ssne_untouched=Porto+de+Galinhas&amp;checkin_year=2022&amp;checkin_month=8&amp;checkin_monthday=2&amp;checkout_year=2022&amp;checkout_month=8&amp;checkout_monthday=3&amp;group_adults=2&amp;group_children=0&amp;no_rooms=1&amp;from_sf=1&amp;ss_raw=canela&amp;ac_position=0&amp;ac_langcode=xb&amp;ac_click_type=b&amp;dest_id=-634523&amp;dest_type=city&amp;place_id_lat=-29.36367&amp;place_id_lon=-50.812878&amp;search_pageview_id=e1028e635a18005b&amp;search_selected=true&amp;search_pageview_id=e1028e635a18005b&amp;ac_suggestion_list_length=5&amp;ac_suggestion_theme_list_length=0\" target=\"_blank\" rel=\"noreferrer noopener\">Confira onde se hospedar em Canela com \u00f3timos pre\u00e7os e v\u00e1rias op\u00e7\u00f5es.<\/a><\/strong><\/p>\n","protected":false},"excerpt":{"rendered":"<p>O Castelinho Caracol em Canela \u00e9 mais uma atra\u00e7\u00e3o incr\u00edvel para conhecer durante a viagem ao Rio Grande do Sul, sendo mais uma parada indispens\u00e1vel para se apaixonar ainda mais pela regi\u00e3o. A bela casa de madeira de arauc\u00e1ria, pinheiro t\u00edpico da regi\u00e3o, impressiona com sua bela arquitetura, sua gastronomia (muitos viajantes v\u00e3o s\u00f3 pelo [&hellip;]<\/p>\n","protected":false},"author":18,"featured_media":54041,"comment_status":"open","ping_status":"open","sticky":false,"template":"","format":"standard","meta":{"cybocfi_hide_featured_image":"","footnotes":""},"categories":[1434],"tags":[135,266,517,3121,77,74,111,211,529,321,216,16],"class_list":["post-54039","post","type-post","status-publish","format-standard","has-post-thumbnail","hentry","category-descubra-brasil","tag-atracoes","tag-brasil","tag-canela","tag-castelinho-caracol","tag-dicas","tag-hospedagem","tag-natureza","tag-o-que-fazer","tag-onde-ir","tag-passeios","tag-rio-grande-do-sul","tag-viagem"],"blocksy_meta":[],"yoast_head":"<!-- This site is optimized with the Yoast SEO plugin v26.3 - https:\/\/yoast.com\/wordpress\/plugins\/seo\/ -->\n<title>Tudo sobre o hist\u00f3rico Castelinho Caracol em Canela<\/title>\n<meta name=\"description\" content=\"Conhe\u00e7a o Castelinho Caracol em Canela, no Rio Grande do Sul, uma das primeiras casas do local e que hoje \u00e9 um museu e uma cafeteria incr\u00edvel.\" \/>\n<meta name=\"robots\" content=\"index, follow, max-snippet:-1, max-image-preview:large, max-video-preview:-1\" \/>\n<link rel=\"canonical\" href=\"https:\/\/quantocustaviajar.com\/blog\/castelinho-caracol-em-canela\/\" \/>\n<meta property=\"og:locale\" content=\"pt_BR\" \/>\n<meta property=\"og:type\" content=\"article\" \/>\n<meta property=\"og:title\" content=\"Super charmoso! Tudo sobre o hist\u00f3rico Castelinho Caracol em Canela\" \/>\n<meta property=\"og:description\" content=\"Conhe\u00e7a o Castelinho Caracol em Canela, no Rio Grande do Sul, uma das primeiras casas do local e que hoje \u00e9 um museu e uma cafeteria incr\u00edvel.\" \/>\n<meta property=\"og:url\" content=\"https:\/\/quantocustaviajar.com\/blog\/castelinho-caracol-em-canela\/\" \/>\n<meta property=\"og:site_name\" content=\"Blog Quanto Custa Viajar\" \/>\n<meta property=\"article:publisher\" content=\"https:\/\/www.facebook.com\/quantocustaviajar\" \/>\n<meta property=\"article:published_time\" content=\"2022-07-13T21:18:18+00:00\" \/>\n<meta property=\"article:modified_time\" content=\"2022-09-22T12:45:58+00:00\" \/>\n<meta property=\"og:image\" content=\"https:\/\/quantocustaviajar.com\/blog\/wp-content\/uploads\/2022\/07\/280440887_680004399775847_2210610680794086210_n.jpg\" \/>\n\t<meta property=\"og:image:width\" content=\"768\" \/>\n\t<meta property=\"og:image:height\" content=\"767\" \/>\n\t<meta property=\"og:image:type\" content=\"image\/jpeg\" \/>\n<meta name=\"author\" content=\"Izabella Miranda\" \/>\n<meta name=\"twitter:card\" content=\"summary_large_image\" \/>\n<meta name=\"twitter:label1\" content=\"Escrito por\" \/>\n\t<meta name=\"twitter:data1\" content=\"Izabella Miranda\" \/>\n\t<meta name=\"twitter:label2\" content=\"Est. tempo de leitura\" \/>\n\t<meta name=\"twitter:data2\" content=\"6 minutos\" \/>\n<!-- \/ Yoast SEO plugin. -->","yoast_head_json":{"title":"Tudo sobre o hist\u00f3rico Castelinho Caracol em Canela","description":"Conhe\u00e7a o Castelinho Caracol em Canela, no Rio Grande do Sul, uma das primeiras casas do local e que hoje \u00e9 um museu e uma cafeteria incr\u00edvel.","robots":{"index":"index","follow":"follow","max-snippet":"max-snippet:-1","max-image-preview":"max-image-preview:large","max-video-preview":"max-video-preview:-1"},"canonical":"https:\/\/quantocustaviajar.com\/blog\/castelinho-caracol-em-canela\/","og_locale":"pt_BR","og_type":"article","og_title":"Super charmoso! Tudo sobre o hist\u00f3rico Castelinho Caracol em Canela","og_description":"Conhe\u00e7a o Castelinho Caracol em Canela, no Rio Grande do Sul, uma das primeiras casas do local e que hoje \u00e9 um museu e uma cafeteria incr\u00edvel.","og_url":"https:\/\/quantocustaviajar.com\/blog\/castelinho-caracol-em-canela\/","og_site_name":"Blog Quanto Custa Viajar","article_publisher":"https:\/\/www.facebook.com\/quantocustaviajar","article_published_time":"2022-07-13T21:18:18+00:00","article_modified_time":"2022-09-22T12:45:58+00:00","og_image":[{"width":768,"height":767,"url":"https:\/\/quantocustaviajar.com\/blog\/wp-content\/uploads\/2022\/07\/280440887_680004399775847_2210610680794086210_n.jpg","type":"image\/jpeg"}],"author":"Izabella Miranda","twitter_card":"summary_large_image","twitter_misc":{"Escrito por":"Izabella Miranda","Est. tempo de leitura":"6 minutos"},"schema":{"@context":"https:\/\/schema.org","@graph":[{"@type":["Article","BlogPosting"],"@id":"https:\/\/quantocustaviajar.com\/blog\/castelinho-caracol-em-canela\/#article","isPartOf":{"@id":"https:\/\/quantocustaviajar.com\/blog\/castelinho-caracol-em-canela\/"},"author":{"name":"Izabella Miranda","@id":"https:\/\/quantocustaviajar.com\/blog\/#\/schema\/person\/595118451f4120870051de530232399d"},"headline":"Tudo sobre o hist\u00f3rico Castelinho Caracol em Canela","datePublished":"2022-07-13T21:18:18+00:00","dateModified":"2022-09-22T12:45:58+00:00","mainEntityOfPage":{"@id":"https:\/\/quantocustaviajar.com\/blog\/castelinho-caracol-em-canela\/"},"wordCount":908,"commentCount":0,"publisher":{"@id":"https:\/\/quantocustaviajar.com\/blog\/#organization"},"image":{"@id":"https:\/\/quantocustaviajar.com\/blog\/castelinho-caracol-em-canela\/#primaryimage"},"thumbnailUrl":"https:\/\/quantocustaviajar.com\/blog\/wp-content\/uploads\/2022\/07\/280440887_680004399775847_2210610680794086210_n.jpg","keywords":["atra\u00e7\u00f5es","Brasil","Canela","Castelinho Caracol","dicas","hospedagem","natureza","o que fazer","onde ir","passeios","Rio Grande do Sul","viagem"],"articleSection":["Descubra o Brasil"],"inLanguage":"pt-BR","potentialAction":[{"@type":"CommentAction","name":"Comment","target":["https:\/\/quantocustaviajar.com\/blog\/castelinho-caracol-em-canela\/#respond"]}]},{"@type":"WebPage","@id":"https:\/\/quantocustaviajar.com\/blog\/castelinho-caracol-em-canela\/","url":"https:\/\/quantocustaviajar.com\/blog\/castelinho-caracol-em-canela\/","name":"Tudo sobre o hist\u00f3rico Castelinho Caracol em Canela","isPartOf":{"@id":"https:\/\/quantocustaviajar.com\/blog\/#website"},"primaryImageOfPage":{"@id":"https:\/\/quantocustaviajar.com\/blog\/castelinho-caracol-em-canela\/#primaryimage"},"image":{"@id":"https:\/\/quantocustaviajar.com\/blog\/castelinho-caracol-em-canela\/#primaryimage"},"thumbnailUrl":"https:\/\/quantocustaviajar.com\/blog\/wp-content\/uploads\/2022\/07\/280440887_680004399775847_2210610680794086210_n.jpg","datePublished":"2022-07-13T21:18:18+00:00","dateModified":"2022-09-22T12:45:58+00:00","description":"Conhe\u00e7a o Castelinho Caracol em Canela, no Rio Grande do Sul, uma das primeiras casas do local e que hoje \u00e9 um museu e uma cafeteria incr\u00edvel.","breadcrumb":{"@id":"https:\/\/quantocustaviajar.com\/blog\/castelinho-caracol-em-canela\/#breadcrumb"},"inLanguage":"pt-BR","potentialAction":[{"@type":"ReadAction","target":["https:\/\/quantocustaviajar.com\/blog\/castelinho-caracol-em-canela\/"]}]},{"@type":"ImageObject","inLanguage":"pt-BR","@id":"https:\/\/quantocustaviajar.com\/blog\/castelinho-caracol-em-canela\/#primaryimage","url":"https:\/\/quantocustaviajar.com\/blog\/wp-content\/uploads\/2022\/07\/280440887_680004399775847_2210610680794086210_n.jpg","contentUrl":"https:\/\/quantocustaviajar.com\/blog\/wp-content\/uploads\/2022\/07\/280440887_680004399775847_2210610680794086210_n.jpg","width":768,"height":767},{"@type":"BreadcrumbList","@id":"https:\/\/quantocustaviajar.com\/blog\/castelinho-caracol-em-canela\/#breadcrumb","itemListElement":[{"@type":"ListItem","position":1,"name":"In\u00edcio","item":"https:\/\/quantocustaviajar.com\/blog\/"},{"@type":"ListItem","position":2,"name":"Tudo sobre o hist\u00f3rico Castelinho Caracol em Canela"}]},{"@type":"WebSite","@id":"https:\/\/quantocustaviajar.com\/blog\/#website","url":"https:\/\/quantocustaviajar.com\/blog\/","name":"Blog Quanto Custa Viajar","description":"","publisher":{"@id":"https:\/\/quantocustaviajar.com\/blog\/#organization"},"potentialAction":[{"@type":"SearchAction","target":{"@type":"EntryPoint","urlTemplate":"https:\/\/quantocustaviajar.com\/blog\/?s={search_term_string}"},"query-input":{"@type":"PropertyValueSpecification","valueRequired":true,"valueName":"search_term_string"}}],"inLanguage":"pt-BR"},{"@type":"Organization","@id":"https:\/\/quantocustaviajar.com\/blog\/#organization","name":"Quanto Custa Viajar","url":"https:\/\/quantocustaviajar.com\/blog\/","logo":{"@type":"ImageObject","inLanguage":"pt-BR","@id":"https:\/\/quantocustaviajar.com\/blog\/#\/schema\/logo\/image\/","url":"","contentUrl":"","caption":"Quanto Custa Viajar"},"image":{"@id":"https:\/\/quantocustaviajar.com\/blog\/#\/schema\/logo\/image\/"},"sameAs":["https:\/\/www.facebook.com\/quantocustaviajar"]},{"@type":"Person","@id":"https:\/\/quantocustaviajar.com\/blog\/#\/schema\/person\/595118451f4120870051de530232399d","name":"Izabella Miranda","image":{"@type":"ImageObject","inLanguage":"pt-BR","@id":"https:\/\/quantocustaviajar.com\/blog\/#\/schema\/person\/image\/","url":"https:\/\/secure.gravatar.com\/avatar\/eb1c9c8ed6c596023f48930e960ff440b8cad6a3beabb6b619d3504ad832c628?s=96&d=mm&r=g","contentUrl":"https:\/\/secure.gravatar.com\/avatar\/eb1c9c8ed6c596023f48930e960ff440b8cad6a3beabb6b619d3504ad832c628?s=96&d=mm&r=g","caption":"Izabella Miranda"},"description":"Jornalista por profiss\u00e3o e planejadora de viagens nas horas vagas.","url":"https:\/\/quantocustaviajar.com\/blog\/author\/izabella\/"}]}},"_links":{"self":[{"href":"https:\/\/quantocustaviajar.com\/blog\/wp-json\/wp\/v2\/posts\/54039","targetHints":{"allow":["GET"]}}],"collection":[{"href":"https:\/\/quantocustaviajar.com\/blog\/wp-json\/wp\/v2\/posts"}],"about":[{"href":"https:\/\/quantocustaviajar.com\/blog\/wp-json\/wp\/v2\/types\/post"}],"author":[{"embeddable":true,"href":"https:\/\/quantocustaviajar.com\/blog\/wp-json\/wp\/v2\/users\/18"}],"replies":[{"embeddable":true,"href":"https:\/\/quantocustaviajar.com\/blog\/wp-json\/wp\/v2\/comments?post=54039"}],"version-history":[{"count":4,"href":"https:\/\/quantocustaviajar.com\/blog\/wp-json\/wp\/v2\/posts\/54039\/revisions"}],"predecessor-version":[{"id":54217,"href":"https:\/\/quantocustaviajar.com\/blog\/wp-json\/wp\/v2\/posts\/54039\/revisions\/54217"}],"wp:featuredmedia":[{"embeddable":true,"href":"https:\/\/quantocustaviajar.com\/blog\/wp-json\/wp\/v2\/media\/54041"}],"wp:attachment":[{"href":"https:\/\/quantocustaviajar.com\/blog\/wp-json\/wp\/v2\/media?parent=54039"}],"wp:term":[{"taxonomy":"category","embeddable":true,"href":"https:\/\/quantocustaviajar.com\/blog\/wp-json\/wp\/v2\/categories?post=54039"},{"taxonomy":"post_tag","embeddable":true,"href":"https:\/\/quantocustaviajar.com\/blog\/wp-json\/wp\/v2\/tags?post=54039"}],"curies":[{"name":"wp","href":"https:\/\/api.w.org\/{rel}","templated":true}]}}