{"id":54020,"date":"2022-07-12T18:56:22","date_gmt":"2022-07-12T18:56:22","guid":{"rendered":"https:\/\/quantocustaviajar.com\/blog\/?p=54020"},"modified":"2022-07-12T18:56:24","modified_gmt":"2022-07-12T18:56:24","slug":"hospedagem-em-onibus-dos-anos-80-sc","status":"publish","type":"post","link":"https:\/\/quantocustaviajar.com\/blog\/hospedagem-em-onibus-dos-anos-80-sc\/","title":{"rendered":"Hospedagem em \u00f4nibus dos anos 80 \u00e9 experi\u00eancia diferente em\u00a0Chapec\u00f3\u00a0"},"content":{"rendered":"\n<p>O turismo de experi\u00eancia vem ganhando cada vez mais adeptos em busca de novidade. Foi assim que surgiu o <strong>Tillibus<\/strong>, <strong>hospedagem em \u00f4nibus dos anos 80<\/strong>, localizado em <strong>Chapec\u00f3<\/strong>, regi\u00e3o Oeste de <strong><a href=\"https:\/\/quantocustaviajar.com\/blog\/lugares-para-conhecer-no-interior-de-santa-catarina\/\">Santa Catarina<\/a><\/strong>. Rom\u00e2ntico, buc\u00f3lico e vintage, o bus\u00e3o \u00e9 uma verdadeira viagem no tempo!&nbsp;<\/p>\n\n\n\n<p>O projeto foi elaborado por uma fam\u00edlia apaixonada por antiguidades ap\u00f3s uma viagem em 2020, quando fizeram um percurso de <a href=\"https:\/\/quantocustaviajar.com\/blog\/trailers-incriveis\/\" target=\"_blank\" rel=\"noreferrer noopener\">trailer<\/a>, devido ao fechamento das pousadas em raz\u00e3o da pandemia. Sem ter op\u00e7\u00f5es de onde ficar, alugaram a casa sobre rodas e viveram momentos inesquec\u00edveis.<\/p>\n\n\n\n<div class=\"wp-block-image\"><figure class=\"aligncenter size-large\"><img loading=\"lazy\" decoding=\"async\" width=\"1024\" height=\"692\" src=\"https:\/\/quantocustaviajar.com\/blog\/wp-content\/uploads\/2022\/06\/tillibus-1024x692.jpeg\" alt=\"\" class=\"wp-image-54021\" srcset=\"https:\/\/quantocustaviajar.com\/blog\/wp-content\/uploads\/2022\/06\/tillibus-1024x692.jpeg 1024w, https:\/\/quantocustaviajar.com\/blog\/wp-content\/uploads\/2022\/06\/tillibus-300x203.jpeg 300w, https:\/\/quantocustaviajar.com\/blog\/wp-content\/uploads\/2022\/06\/tillibus-768x519.jpeg 768w, https:\/\/quantocustaviajar.com\/blog\/wp-content\/uploads\/2022\/06\/tillibus.jpeg 1300w\" sizes=\"auto, (max-width: 1024px) 100vw, 1024px\" \/><figcaption>Foto: Inae Puttkamer<\/figcaption><\/figure><\/div>\n\n\n\n<div class=\"wp-block-image\"><figure class=\"aligncenter size-large\"><img loading=\"lazy\" decoding=\"async\" width=\"1024\" height=\"683\" src=\"https:\/\/quantocustaviajar.com\/blog\/wp-content\/uploads\/2022\/06\/tillibus6-1024x683.jpeg\" alt=\"\" class=\"wp-image-54026\" srcset=\"https:\/\/quantocustaviajar.com\/blog\/wp-content\/uploads\/2022\/06\/tillibus6-1024x683.jpeg 1024w, https:\/\/quantocustaviajar.com\/blog\/wp-content\/uploads\/2022\/06\/tillibus6-300x200.jpeg 300w, https:\/\/quantocustaviajar.com\/blog\/wp-content\/uploads\/2022\/06\/tillibus6-768x512.jpeg 768w, https:\/\/quantocustaviajar.com\/blog\/wp-content\/uploads\/2022\/06\/tillibus6.jpeg 1440w\" sizes=\"auto, (max-width: 1024px) 100vw, 1024px\" \/><\/figure><\/div>\n\n\n\n<p>Colecionadores de itens antigos e valorizando a mem\u00f3ria que carregam, resolveram comprar o \u00f4nibus Marcopolo 1981 para torn\u00e1-lo um tipo de <a href=\"https:\/\/quantocustaviajar.com\/blog\/hoteis-tematicos-para-conhecer\/\" target=\"_blank\" rel=\"noreferrer noopener\">acomoda\u00e7\u00e3o diferente<\/a>, que desperta uma certa nostalgia da inf\u00e2ncia e sensa\u00e7\u00e3o de aconchego no campo.&nbsp;<\/p>\n\n\n\n<p>Assim, cada detalhe do ve\u00edculo restaurado foi pensado com bases afetivas, que carregam uma hist\u00f3ria, comovem e transferem os h\u00f3spedes para d\u00e9cadas passadas.<\/p>\n\n\n\n<figure class=\"wp-block-gallery has-nested-images columns-default is-cropped wp-block-gallery-1 is-layout-flex wp-block-gallery-is-layout-flex\">\n<figure class=\"wp-block-image size-large\"><img loading=\"lazy\" decoding=\"async\" width=\"1040\" height=\"1560\" data-id=\"54024\" src=\"https:\/\/quantocustaviajar.com\/blog\/wp-content\/uploads\/2022\/06\/tillibus4.jpeg\" alt=\"\" class=\"wp-image-54024\" srcset=\"https:\/\/quantocustaviajar.com\/blog\/wp-content\/uploads\/2022\/06\/tillibus4.jpeg 1040w, https:\/\/quantocustaviajar.com\/blog\/wp-content\/uploads\/2022\/06\/tillibus4-200x300.jpeg 200w, https:\/\/quantocustaviajar.com\/blog\/wp-content\/uploads\/2022\/06\/tillibus4-683x1024.jpeg 683w, https:\/\/quantocustaviajar.com\/blog\/wp-content\/uploads\/2022\/06\/tillibus4-768x1152.jpeg 768w, https:\/\/quantocustaviajar.com\/blog\/wp-content\/uploads\/2022\/06\/tillibus4-1024x1536.jpeg 1024w\" sizes=\"auto, (max-width: 1040px) 100vw, 1040px\" \/><figcaption>Foto: Inae Puttkamer<\/figcaption><\/figure>\n\n\n\n<figure class=\"wp-block-image size-large\"><img loading=\"lazy\" decoding=\"async\" width=\"1040\" height=\"1560\" data-id=\"54028\" src=\"https:\/\/quantocustaviajar.com\/blog\/wp-content\/uploads\/2022\/06\/tillibus8.jpeg\" alt=\"\" class=\"wp-image-54028\" srcset=\"https:\/\/quantocustaviajar.com\/blog\/wp-content\/uploads\/2022\/06\/tillibus8.jpeg 1040w, https:\/\/quantocustaviajar.com\/blog\/wp-content\/uploads\/2022\/06\/tillibus8-200x300.jpeg 200w, https:\/\/quantocustaviajar.com\/blog\/wp-content\/uploads\/2022\/06\/tillibus8-683x1024.jpeg 683w, https:\/\/quantocustaviajar.com\/blog\/wp-content\/uploads\/2022\/06\/tillibus8-768x1152.jpeg 768w, https:\/\/quantocustaviajar.com\/blog\/wp-content\/uploads\/2022\/06\/tillibus8-1024x1536.jpeg 1024w\" sizes=\"auto, (max-width: 1040px) 100vw, 1040px\" \/><figcaption>Foto: Inae Puttkamer<\/figcaption><\/figure>\n<\/figure>\n\n\n\n<p>O Tillibus, nome dado pelo filho de 5 anos do casal Heverton e Andreia, ocupa uma \u00e1rea rural, com direito a rio, a\u00e7ude, balan\u00e7o, rede, jardim com lareira e <strong>banheira de 1960 ao ar livre<\/strong>. Tudo vintage e garimpado, \u00e9 claro.<\/p>\n\n\n\n<p><a href=\"https:\/\/www.turismocity.com.br\/passagens-aereas-para-XAP-Chapeco?from=SAO&amp;utm_source=qcv&amp;utm_medium=blog\" target=\"_blank\" rel=\"noreferrer noopener\">Pesquise passagem a\u00e9rea barata para Chapec\u00f3!<\/a><\/p>\n\n\n\n<p>A acomoda\u00e7\u00e3o <strong>para at\u00e9 quatro pessoas <\/strong>conta com climatizador, uma cama de casal king size, um sof\u00e1-cama, uma mesa para refei\u00e7\u00f5es e uma pequena cozinha com frigobar, equipamentos el\u00e9tricos, fog\u00e3o e microondas.&nbsp;<\/p>\n\n\n\n<div class=\"wp-block-image\"><figure class=\"aligncenter size-large\"><img loading=\"lazy\" decoding=\"async\" width=\"1024\" height=\"683\" src=\"https:\/\/quantocustaviajar.com\/blog\/wp-content\/uploads\/2022\/06\/tillibus11-1024x683.jpeg\" alt=\"\" class=\"wp-image-54031\" srcset=\"https:\/\/quantocustaviajar.com\/blog\/wp-content\/uploads\/2022\/06\/tillibus11-1024x683.jpeg 1024w, https:\/\/quantocustaviajar.com\/blog\/wp-content\/uploads\/2022\/06\/tillibus11-300x200.jpeg 300w, https:\/\/quantocustaviajar.com\/blog\/wp-content\/uploads\/2022\/06\/tillibus11-768x512.jpeg 768w, https:\/\/quantocustaviajar.com\/blog\/wp-content\/uploads\/2022\/06\/tillibus11.jpeg 1440w\" sizes=\"auto, (max-width: 1024px) 100vw, 1024px\" \/><figcaption>Foto: Inae Puttkamer<\/figcaption><\/figure><\/div>\n\n\n\n<figure class=\"wp-block-image size-large\"><img loading=\"lazy\" decoding=\"async\" width=\"1024\" height=\"683\" src=\"https:\/\/quantocustaviajar.com\/blog\/wp-content\/uploads\/2022\/06\/tillibus3-1024x683.jpeg\" alt=\"\" class=\"wp-image-54023\" srcset=\"https:\/\/quantocustaviajar.com\/blog\/wp-content\/uploads\/2022\/06\/tillibus3-1024x683.jpeg 1024w, https:\/\/quantocustaviajar.com\/blog\/wp-content\/uploads\/2022\/06\/tillibus3-300x200.jpeg 300w, https:\/\/quantocustaviajar.com\/blog\/wp-content\/uploads\/2022\/06\/tillibus3-768x512.jpeg 768w, https:\/\/quantocustaviajar.com\/blog\/wp-content\/uploads\/2022\/06\/tillibus3.jpeg 1440w\" sizes=\"auto, (max-width: 1024px) 100vw, 1024px\" \/><figcaption>Foto: Inae Puttkamer<\/figcaption><\/figure>\n\n\n\n<p>Outro ponto interessante \u00e9 a casa de banho, inspirada nas constru\u00e7\u00f5es da Toscana, que a fam\u00edlia conheceu durante uma viagem \u00e0 It\u00e1lia em 2018. A charmosa casinha tamb\u00e9m conta com banheira, servindo especialmente para os dias mais frios que tornam o banho ao ar livre imposs\u00edvel.&nbsp;<\/p>\n\n\n\n<p>Como entretenimento, o local oferece TV com Netflix, uma vitrola com discos, alguns livros, duas bicicletas, churrasqueira e cesta de pique-nique. O local, rodeado de natureza, tamb\u00e9m pede por momentos de sil\u00eancio e contempla\u00e7\u00e3o.&nbsp;<\/p>\n\n\n\n<figure class=\"wp-block-gallery has-nested-images columns-default is-cropped wp-block-gallery-2 is-layout-flex wp-block-gallery-is-layout-flex\">\n<figure class=\"wp-block-image size-large\"><img loading=\"lazy\" decoding=\"async\" width=\"1440\" height=\"960\" data-id=\"54032\" src=\"https:\/\/quantocustaviajar.com\/blog\/wp-content\/uploads\/2022\/06\/tillibus14.jpeg\" alt=\"\" class=\"wp-image-54032\" srcset=\"https:\/\/quantocustaviajar.com\/blog\/wp-content\/uploads\/2022\/06\/tillibus14.jpeg 1440w, https:\/\/quantocustaviajar.com\/blog\/wp-content\/uploads\/2022\/06\/tillibus14-300x200.jpeg 300w, https:\/\/quantocustaviajar.com\/blog\/wp-content\/uploads\/2022\/06\/tillibus14-1024x683.jpeg 1024w, https:\/\/quantocustaviajar.com\/blog\/wp-content\/uploads\/2022\/06\/tillibus14-768x512.jpeg 768w\" sizes=\"auto, (max-width: 1440px) 100vw, 1440px\" \/><figcaption>Foto: Inae Puttkamer<\/figcaption><\/figure>\n\n\n\n<figure class=\"wp-block-image size-large\"><img loading=\"lazy\" decoding=\"async\" width=\"1300\" height=\"879\" data-id=\"54022\" src=\"https:\/\/quantocustaviajar.com\/blog\/wp-content\/uploads\/2022\/06\/tillibus2.jpeg\" alt=\"\" class=\"wp-image-54022\" srcset=\"https:\/\/quantocustaviajar.com\/blog\/wp-content\/uploads\/2022\/06\/tillibus2.jpeg 1300w, https:\/\/quantocustaviajar.com\/blog\/wp-content\/uploads\/2022\/06\/tillibus2-300x203.jpeg 300w, https:\/\/quantocustaviajar.com\/blog\/wp-content\/uploads\/2022\/06\/tillibus2-1024x692.jpeg 1024w, https:\/\/quantocustaviajar.com\/blog\/wp-content\/uploads\/2022\/06\/tillibus2-768x519.jpeg 768w\" sizes=\"auto, (max-width: 1300px) 100vw, 1300px\" \/><figcaption>Foto: Inae Puttkamer<\/figcaption><\/figure>\n\n\n\n<figure class=\"wp-block-image size-large\"><img loading=\"lazy\" decoding=\"async\" width=\"1440\" height=\"960\" data-id=\"54029\" src=\"https:\/\/quantocustaviajar.com\/blog\/wp-content\/uploads\/2022\/06\/tillibus9.jpeg\" alt=\"\" class=\"wp-image-54029\" srcset=\"https:\/\/quantocustaviajar.com\/blog\/wp-content\/uploads\/2022\/06\/tillibus9.jpeg 1440w, https:\/\/quantocustaviajar.com\/blog\/wp-content\/uploads\/2022\/06\/tillibus9-300x200.jpeg 300w, https:\/\/quantocustaviajar.com\/blog\/wp-content\/uploads\/2022\/06\/tillibus9-1024x683.jpeg 1024w, https:\/\/quantocustaviajar.com\/blog\/wp-content\/uploads\/2022\/06\/tillibus9-768x512.jpeg 768w\" sizes=\"auto, (max-width: 1440px) 100vw, 1440px\" \/><figcaption>Foto: Inae Puttkamer<\/figcaption><\/figure>\n<\/figure>\n\n\n\n<div class=\"wp-block-image\"><figure class=\"aligncenter size-large\"><img loading=\"lazy\" decoding=\"async\" width=\"1024\" height=\"683\" src=\"https:\/\/quantocustaviajar.com\/blog\/wp-content\/uploads\/2022\/06\/tillibus7-1024x683.jpeg\" alt=\"\" class=\"wp-image-54027\" srcset=\"https:\/\/quantocustaviajar.com\/blog\/wp-content\/uploads\/2022\/06\/tillibus7-1024x683.jpeg 1024w, https:\/\/quantocustaviajar.com\/blog\/wp-content\/uploads\/2022\/06\/tillibus7-300x200.jpeg 300w, https:\/\/quantocustaviajar.com\/blog\/wp-content\/uploads\/2022\/06\/tillibus7-768x512.jpeg 768w, https:\/\/quantocustaviajar.com\/blog\/wp-content\/uploads\/2022\/06\/tillibus7-1536x1024.jpeg 1536w, https:\/\/quantocustaviajar.com\/blog\/wp-content\/uploads\/2022\/06\/tillibus7.jpeg 1560w\" sizes=\"auto, (max-width: 1024px) 100vw, 1024px\" \/><figcaption>Foto: Inae Puttkamer<\/figcaption><\/figure><\/div>\n\n\n\n<h2 class=\"wp-block-heading\">Vai l\u00e1!<\/h2>\n\n\n\n<p>A hospedagem em \u00f4nibus dos anos 80 fica na estrada BR 282, entre <a href=\"https:\/\/quantocustaviajar.com\/blog\/mirante-volta-do-dedo-santa-catarina\/\" target=\"_blank\" rel=\"noreferrer noopener\">Chapec\u00f3<\/a> e Nova Itaberaba (SC). Todas as informa\u00e7\u00f5es s\u00e3o passadas via <a href=\"https:\/\/api.whatsapp.com\/send?phone=5549991218050&amp;text=Ol%C3%A1%2C%20conheci%20seu%20estabelecimento%20no%20site%20quantocustaviajar.com%20e%20gostaria%20de%20maiores%20informa%C3%A7%C3%B5es%20sobre%20o%20rod%C3%ADzio\" target=\"_blank\" rel=\"noreferrer noopener\">Whatsapp<\/a>.<\/p>\n\n\n\n<ul class=\"wp-block-list\"><li>Tem caf\u00e9 da manh\u00e3<\/li><\/ul>\n\n\n\n<ul class=\"wp-block-list\"><li>\u00c9 petfriendly para c\u00e3es de pequeno e m\u00e9dio porte. Necessita levar todos os equipamentos do animal.&nbsp;<\/li><\/ul>\n\n\n\n<ul class=\"wp-block-list\"><li>Saiba mais seguindo o <a href=\"https:\/\/www.instagram.com\/tillibus.hospedagemafetiva\/\" target=\"_blank\" rel=\"noreferrer noopener\">@tillibus.hospedagemafetiva<\/a><\/li><\/ul>\n\n\n\n<h3 class=\"wp-block-heading\"><\/h3>\n\n\n\n<div class=\"wp-block-image\"><figure class=\"aligncenter size-large\"><img loading=\"lazy\" decoding=\"async\" width=\"683\" height=\"1024\" src=\"https:\/\/quantocustaviajar.com\/blog\/wp-content\/uploads\/2022\/06\/tillibus5-683x1024.jpeg\" alt=\"\" class=\"wp-image-54025\" srcset=\"https:\/\/quantocustaviajar.com\/blog\/wp-content\/uploads\/2022\/06\/tillibus5-683x1024.jpeg 683w, https:\/\/quantocustaviajar.com\/blog\/wp-content\/uploads\/2022\/06\/tillibus5-200x300.jpeg 200w, https:\/\/quantocustaviajar.com\/blog\/wp-content\/uploads\/2022\/06\/tillibus5-768x1152.jpeg 768w, https:\/\/quantocustaviajar.com\/blog\/wp-content\/uploads\/2022\/06\/tillibus5-1024x1536.jpeg 1024w, https:\/\/quantocustaviajar.com\/blog\/wp-content\/uploads\/2022\/06\/tillibus5.jpeg 1040w\" sizes=\"auto, (max-width: 683px) 100vw, 683px\" \/><figcaption>Foto: Inae Puttkamer<\/figcaption><\/figure><\/div>\n\n\n\n<p>Fotos: <a href=\"https:\/\/www.facebook.com\/inaeputtkamerphoto\/?__cft__[0]=AZULenLft75OKQtm35Fmkyd_WmI4FcZViWgO4jO-aEJq17AsXq7BJ2OrDeHDHLpKLw_hUIk_bZQ9SUf0RZcBLcLluDQVJFcU1Tjb1aVbHS-VmOjlem4RoKwGxiLIhci_cjk&amp;__tn__=-UC%2CP-R\" target=\"_blank\" rel=\"noreferrer noopener\">Inae Puttkamer Photo<\/a><\/p>\n\n\n\n<figure class=\"wp-block-embed is-type-wp-embed is-provider-blog-quanto-custa-viajar wp-block-embed-blog-quanto-custa-viajar\"><div class=\"wp-block-embed__wrapper\">\n<blockquote class=\"wp-embedded-content\" data-secret=\"oj2hyozcCH\"><a href=\"https:\/\/quantocustaviajar.com\/blog\/lugares-para-conhecer-no-interior-de-santa-catarina\/\">Lugares para conhecer no interior de Santa Catarina<\/a><\/blockquote><iframe loading=\"lazy\" class=\"wp-embedded-content\" sandbox=\"allow-scripts\" security=\"restricted\" style=\"position: absolute; visibility: hidden;\" title=\"&#8220;Lugares para conhecer no interior de Santa Catarina&#8221; &#8212; Blog Quanto Custa Viajar\" src=\"https:\/\/quantocustaviajar.com\/blog\/lugares-para-conhecer-no-interior-de-santa-catarina\/embed\/#?secret=YRk6VTrFIa#?secret=oj2hyozcCH\" data-secret=\"oj2hyozcCH\" width=\"600\" height=\"338\" frameborder=\"0\" marginwidth=\"0\" marginheight=\"0\" scrolling=\"no\"><\/iframe>\n<\/div><\/figure>\n","protected":false},"excerpt":{"rendered":"<p>O turismo de experi\u00eancia vem ganhando cada vez mais adeptos em busca de novidade. Foi assim que surgiu o Tillibus, hospedagem em \u00f4nibus dos anos 80, localizado em Chapec\u00f3, regi\u00e3o Oeste de Santa Catarina. Rom\u00e2ntico, buc\u00f3lico e vintage, o bus\u00e3o \u00e9 uma verdadeira viagem no tempo!&nbsp; O projeto foi elaborado por uma fam\u00edlia apaixonada por [&hellip;]<\/p>\n","protected":false},"author":4,"featured_media":54030,"comment_status":"open","ping_status":"open","sticky":false,"template":"","format":"standard","meta":{"cybocfi_hide_featured_image":"","footnotes":""},"categories":[1182,1149],"tags":[200,266,3050,77,74,111,211,796,808,187,748,16],"class_list":["post-54020","post","type-post","status-publish","format-standard","has-post-thumbnail","hentry","category-dica-cool","category-hospedagem-dos-sonhos","tag-airbnb","tag-brasil","tag-chapeco-2","tag-dicas","tag-hospedagem","tag-natureza","tag-o-que-fazer","tag-onibus","tag-pousada","tag-santa-catarina","tag-turismo-de-experiencia","tag-viagem"],"blocksy_meta":[],"yoast_head":"<!-- This site is optimized with the Yoast SEO plugin v26.3 - https:\/\/yoast.com\/wordpress\/plugins\/seo\/ -->\n<title>Hospedagem em \u00f4nibus dos anos 80 \u00e9 experi\u00eancia diferente em\u00a0Chapec\u00f3\u00a0 - Blog Quanto Custa Viajar<\/title>\n<meta name=\"description\" content=\"Pensando em uma experi\u00eancia diferente, esta hospedagem em \u00f4nibus dos anos 80, \u00e9 uma verdadeira viagem no tempo!\u00a0Saiba como ficar l\u00e1.\" \/>\n<meta name=\"robots\" content=\"index, follow, max-snippet:-1, max-image-preview:large, max-video-preview:-1\" \/>\n<link rel=\"canonical\" href=\"https:\/\/quantocustaviajar.com\/blog\/hospedagem-em-onibus-dos-anos-80-sc\/\" \/>\n<meta property=\"og:locale\" content=\"pt_BR\" \/>\n<meta property=\"og:type\" content=\"article\" \/>\n<meta property=\"og:title\" content=\"Hospedagem em \u00f4nibus dos anos 80 \u00e9 experi\u00eancia diferente em\u00a0Chapec\u00f3\u00a0 - Blog Quanto Custa Viajar\" \/>\n<meta property=\"og:description\" content=\"Pensando em uma experi\u00eancia diferente, esta hospedagem em \u00f4nibus dos anos 80, \u00e9 uma verdadeira viagem no tempo!\u00a0Saiba como ficar l\u00e1.\" \/>\n<meta property=\"og:url\" content=\"https:\/\/quantocustaviajar.com\/blog\/hospedagem-em-onibus-dos-anos-80-sc\/\" \/>\n<meta property=\"og:site_name\" content=\"Blog Quanto Custa Viajar\" \/>\n<meta property=\"article:publisher\" content=\"https:\/\/www.facebook.com\/quantocustaviajar\" \/>\n<meta property=\"article:author\" content=\"https:\/\/www.facebook.com\/brunellapfvr\/posts\" \/>\n<meta property=\"article:published_time\" content=\"2022-07-12T18:56:22+00:00\" \/>\n<meta property=\"article:modified_time\" content=\"2022-07-12T18:56:24+00:00\" \/>\n<meta property=\"og:image\" content=\"https:\/\/quantocustaviajar.com\/blog\/wp-content\/uploads\/2022\/06\/tillibus10.jpeg\" \/>\n\t<meta property=\"og:image:width\" content=\"1440\" \/>\n\t<meta property=\"og:image:height\" content=\"960\" \/>\n\t<meta property=\"og:image:type\" content=\"image\/jpeg\" \/>\n<meta name=\"author\" content=\"Brunella Nunes\" \/>\n<meta name=\"twitter:card\" content=\"summary_large_image\" \/>\n<meta name=\"twitter:label1\" content=\"Escrito por\" \/>\n\t<meta name=\"twitter:data1\" content=\"Brunella Nunes\" \/>\n\t<meta name=\"twitter:label2\" content=\"Est. tempo de leitura\" \/>\n\t<meta name=\"twitter:data2\" content=\"5 minutos\" \/>\n<!-- \/ Yoast SEO plugin. -->","yoast_head_json":{"title":"Hospedagem em \u00f4nibus dos anos 80 \u00e9 experi\u00eancia diferente em\u00a0Chapec\u00f3\u00a0 - Blog Quanto Custa Viajar","description":"Pensando em uma experi\u00eancia diferente, esta hospedagem em \u00f4nibus dos anos 80, \u00e9 uma verdadeira viagem no tempo!\u00a0Saiba como ficar l\u00e1.","robots":{"index":"index","follow":"follow","max-snippet":"max-snippet:-1","max-image-preview":"max-image-preview:large","max-video-preview":"max-video-preview:-1"},"canonical":"https:\/\/quantocustaviajar.com\/blog\/hospedagem-em-onibus-dos-anos-80-sc\/","og_locale":"pt_BR","og_type":"article","og_title":"Hospedagem em \u00f4nibus dos anos 80 \u00e9 experi\u00eancia diferente em\u00a0Chapec\u00f3\u00a0 - Blog Quanto Custa Viajar","og_description":"Pensando em uma experi\u00eancia diferente, esta hospedagem em \u00f4nibus dos anos 80, \u00e9 uma verdadeira viagem no tempo!\u00a0Saiba como ficar l\u00e1.","og_url":"https:\/\/quantocustaviajar.com\/blog\/hospedagem-em-onibus-dos-anos-80-sc\/","og_site_name":"Blog Quanto Custa Viajar","article_publisher":"https:\/\/www.facebook.com\/quantocustaviajar","article_author":"https:\/\/www.facebook.com\/brunellapfvr\/posts","article_published_time":"2022-07-12T18:56:22+00:00","article_modified_time":"2022-07-12T18:56:24+00:00","og_image":[{"width":1440,"height":960,"url":"https:\/\/quantocustaviajar.com\/blog\/wp-content\/uploads\/2022\/06\/tillibus10.jpeg","type":"image\/jpeg"}],"author":"Brunella Nunes","twitter_card":"summary_large_image","twitter_misc":{"Escrito por":"Brunella Nunes","Est. tempo de leitura":"5 minutos"},"schema":{"@context":"https:\/\/schema.org","@graph":[{"@type":["Article","BlogPosting"],"@id":"https:\/\/quantocustaviajar.com\/blog\/hospedagem-em-onibus-dos-anos-80-sc\/#article","isPartOf":{"@id":"https:\/\/quantocustaviajar.com\/blog\/hospedagem-em-onibus-dos-anos-80-sc\/"},"author":{"name":"Brunella Nunes","@id":"https:\/\/quantocustaviajar.com\/blog\/#\/schema\/person\/1a6dd3da9d0c0a4be42652b67bea19bb"},"headline":"Hospedagem em \u00f4nibus dos anos 80 \u00e9 experi\u00eancia diferente em\u00a0Chapec\u00f3\u00a0","datePublished":"2022-07-12T18:56:22+00:00","dateModified":"2022-07-12T18:56:24+00:00","mainEntityOfPage":{"@id":"https:\/\/quantocustaviajar.com\/blog\/hospedagem-em-onibus-dos-anos-80-sc\/"},"wordCount":443,"commentCount":0,"publisher":{"@id":"https:\/\/quantocustaviajar.com\/blog\/#organization"},"image":{"@id":"https:\/\/quantocustaviajar.com\/blog\/hospedagem-em-onibus-dos-anos-80-sc\/#primaryimage"},"thumbnailUrl":"https:\/\/quantocustaviajar.com\/blog\/wp-content\/uploads\/2022\/06\/tillibus10.jpeg","keywords":["airbnb","Brasil","chapec\u00f3","dicas","hospedagem","natureza","o que fazer","\u00f4nibus","pousada","Santa Catarina","turismo de experi\u00eancia","viagem"],"articleSection":["Dica cool","Hospedagem dos Sonhos"],"inLanguage":"pt-BR","potentialAction":[{"@type":"CommentAction","name":"Comment","target":["https:\/\/quantocustaviajar.com\/blog\/hospedagem-em-onibus-dos-anos-80-sc\/#respond"]}]},{"@type":"WebPage","@id":"https:\/\/quantocustaviajar.com\/blog\/hospedagem-em-onibus-dos-anos-80-sc\/","url":"https:\/\/quantocustaviajar.com\/blog\/hospedagem-em-onibus-dos-anos-80-sc\/","name":"Hospedagem em \u00f4nibus dos anos 80 \u00e9 experi\u00eancia diferente em\u00a0Chapec\u00f3\u00a0 - Blog Quanto Custa Viajar","isPartOf":{"@id":"https:\/\/quantocustaviajar.com\/blog\/#website"},"primaryImageOfPage":{"@id":"https:\/\/quantocustaviajar.com\/blog\/hospedagem-em-onibus-dos-anos-80-sc\/#primaryimage"},"image":{"@id":"https:\/\/quantocustaviajar.com\/blog\/hospedagem-em-onibus-dos-anos-80-sc\/#primaryimage"},"thumbnailUrl":"https:\/\/quantocustaviajar.com\/blog\/wp-content\/uploads\/2022\/06\/tillibus10.jpeg","datePublished":"2022-07-12T18:56:22+00:00","dateModified":"2022-07-12T18:56:24+00:00","description":"Pensando em uma experi\u00eancia diferente, esta hospedagem em \u00f4nibus dos anos 80, \u00e9 uma verdadeira viagem no tempo!\u00a0Saiba como ficar l\u00e1.","breadcrumb":{"@id":"https:\/\/quantocustaviajar.com\/blog\/hospedagem-em-onibus-dos-anos-80-sc\/#breadcrumb"},"inLanguage":"pt-BR","potentialAction":[{"@type":"ReadAction","target":["https:\/\/quantocustaviajar.com\/blog\/hospedagem-em-onibus-dos-anos-80-sc\/"]}]},{"@type":"ImageObject","inLanguage":"pt-BR","@id":"https:\/\/quantocustaviajar.com\/blog\/hospedagem-em-onibus-dos-anos-80-sc\/#primaryimage","url":"https:\/\/quantocustaviajar.com\/blog\/wp-content\/uploads\/2022\/06\/tillibus10.jpeg","contentUrl":"https:\/\/quantocustaviajar.com\/blog\/wp-content\/uploads\/2022\/06\/tillibus10.jpeg","width":1440,"height":960},{"@type":"BreadcrumbList","@id":"https:\/\/quantocustaviajar.com\/blog\/hospedagem-em-onibus-dos-anos-80-sc\/#breadcrumb","itemListElement":[{"@type":"ListItem","position":1,"name":"In\u00edcio","item":"https:\/\/quantocustaviajar.com\/blog\/"},{"@type":"ListItem","position":2,"name":"Hospedagem em \u00f4nibus dos anos 80 \u00e9 experi\u00eancia diferente em\u00a0Chapec\u00f3\u00a0"}]},{"@type":"WebSite","@id":"https:\/\/quantocustaviajar.com\/blog\/#website","url":"https:\/\/quantocustaviajar.com\/blog\/","name":"Blog Quanto Custa Viajar","description":"","publisher":{"@id":"https:\/\/quantocustaviajar.com\/blog\/#organization"},"potentialAction":[{"@type":"SearchAction","target":{"@type":"EntryPoint","urlTemplate":"https:\/\/quantocustaviajar.com\/blog\/?s={search_term_string}"},"query-input":{"@type":"PropertyValueSpecification","valueRequired":true,"valueName":"search_term_string"}}],"inLanguage":"pt-BR"},{"@type":"Organization","@id":"https:\/\/quantocustaviajar.com\/blog\/#organization","name":"Quanto Custa Viajar","url":"https:\/\/quantocustaviajar.com\/blog\/","logo":{"@type":"ImageObject","inLanguage":"pt-BR","@id":"https:\/\/quantocustaviajar.com\/blog\/#\/schema\/logo\/image\/","url":"","contentUrl":"","caption":"Quanto Custa Viajar"},"image":{"@id":"https:\/\/quantocustaviajar.com\/blog\/#\/schema\/logo\/image\/"},"sameAs":["https:\/\/www.facebook.com\/quantocustaviajar"]},{"@type":"Person","@id":"https:\/\/quantocustaviajar.com\/blog\/#\/schema\/person\/1a6dd3da9d0c0a4be42652b67bea19bb","name":"Brunella Nunes","image":{"@type":"ImageObject","inLanguage":"pt-BR","@id":"https:\/\/quantocustaviajar.com\/blog\/#\/schema\/person\/image\/","url":"https:\/\/secure.gravatar.com\/avatar\/05b28dfb8a3cc7ee0dba6feefa5677f05be6d7bf4b017728fd38499092f9c282?s=96&d=mm&r=g","contentUrl":"https:\/\/secure.gravatar.com\/avatar\/05b28dfb8a3cc7ee0dba6feefa5677f05be6d7bf4b017728fd38499092f9c282?s=96&d=mm&r=g","caption":"Brunella Nunes"},"description":"Quando n\u00e3o est\u00e1 viajando pelo mundo, est\u00e1 viajando nas ideias.","sameAs":["https:\/\/www.facebook.com\/brunellapfvr\/posts","https:\/\/www.linkedin.com\/in\/brunellanunes\/"],"url":"https:\/\/quantocustaviajar.com\/blog\/author\/equipe\/"}]}},"_links":{"self":[{"href":"https:\/\/quantocustaviajar.com\/blog\/wp-json\/wp\/v2\/posts\/54020","targetHints":{"allow":["GET"]}}],"collection":[{"href":"https:\/\/quantocustaviajar.com\/blog\/wp-json\/wp\/v2\/posts"}],"about":[{"href":"https:\/\/quantocustaviajar.com\/blog\/wp-json\/wp\/v2\/types\/post"}],"author":[{"embeddable":true,"href":"https:\/\/quantocustaviajar.com\/blog\/wp-json\/wp\/v2\/users\/4"}],"replies":[{"embeddable":true,"href":"https:\/\/quantocustaviajar.com\/blog\/wp-json\/wp\/v2\/comments?post=54020"}],"version-history":[{"count":2,"href":"https:\/\/quantocustaviajar.com\/blog\/wp-json\/wp\/v2\/posts\/54020\/revisions"}],"predecessor-version":[{"id":54130,"href":"https:\/\/quantocustaviajar.com\/blog\/wp-json\/wp\/v2\/posts\/54020\/revisions\/54130"}],"wp:featuredmedia":[{"embeddable":true,"href":"https:\/\/quantocustaviajar.com\/blog\/wp-json\/wp\/v2\/media\/54030"}],"wp:attachment":[{"href":"https:\/\/quantocustaviajar.com\/blog\/wp-json\/wp\/v2\/media?parent=54020"}],"wp:term":[{"taxonomy":"category","embeddable":true,"href":"https:\/\/quantocustaviajar.com\/blog\/wp-json\/wp\/v2\/categories?post=54020"},{"taxonomy":"post_tag","embeddable":true,"href":"https:\/\/quantocustaviajar.com\/blog\/wp-json\/wp\/v2\/tags?post=54020"}],"curies":[{"name":"wp","href":"https:\/\/api.w.org\/{rel}","templated":true}]}}