{"id":53441,"date":"2022-05-10T12:12:00","date_gmt":"2022-05-10T12:12:00","guid":{"rendered":"https:\/\/quantocustaviajar.com\/blog\/?p=53441"},"modified":"2022-07-04T14:33:35","modified_gmt":"2022-07-04T14:33:35","slug":"bariloche-no-inverno-a-temporada-mais-esperada-do-ano-esta-chegando","status":"publish","type":"post","link":"https:\/\/quantocustaviajar.com\/blog\/bariloche-no-inverno-a-temporada-mais-esperada-do-ano-esta-chegando\/","title":{"rendered":"Bariloche no inverno &#8211; a temporada mais esperada do ano est\u00e1 chegando!"},"content":{"rendered":"\n<p>A temporada de inverno est\u00e1 chegando em Bariloche! Anote no calend\u00e1rio e se programe: come\u00e7a dia 21 de junho e vai at\u00e9 20 de setembro. <\/p>\n\n\n\n<p><strong>Bariloche convida voc\u00ea a passar umas f\u00e9rias de inverno cinematogr\u00e1ficas.<\/strong> N\u00e3o perca as divertidas aventuras para todas as idades. E n\u00e3o, n\u00e3o precisa saber esquiar! Bariloche tem diversas atividades para todas as idades e todos os gostos (e habilidades). Confira os destaques tur\u00edsticos desse destino incr\u00edvel e super desejado pelos brasileiros.<\/p>\n\n\n\n<div class=\"wp-block-image\"><figure class=\"aligncenter size-full\"><img decoding=\"async\" src=\"https:\/\/quantocustaviajar.com\/blog\/wp-content\/uploads\/2022\/05\/jULIO-GRAN-NEVADA-110.jpg\" alt=\"\" class=\"wp-image-53423\"\/><\/figure><\/div>\n\n\n\n<p><a href=\"https:\/\/barilocheturismo.gob.ar\/br\/inverno\" target=\"_blank\" rel=\"noreferrer noopener\">Encontre aqui dicas importantes para curtir a temporada de inverno em Bariloche!<\/a><\/p>\n\n\n\n<p><strong>Cerro Otto<\/strong><\/p>\n\n\n\n<div class=\"wp-block-image\"><figure class=\"aligncenter size-full\"><img loading=\"lazy\" decoding=\"async\" width=\"800\" height=\"533\" src=\"https:\/\/quantocustaviajar.com\/blog\/wp-content\/uploads\/2022\/05\/TELEFERICO-CERRO-OTTO.jpg\" alt=\"\" class=\"wp-image-53454\" srcset=\"https:\/\/quantocustaviajar.com\/blog\/wp-content\/uploads\/2022\/05\/TELEFERICO-CERRO-OTTO.jpg 800w, https:\/\/quantocustaviajar.com\/blog\/wp-content\/uploads\/2022\/05\/TELEFERICO-CERRO-OTTO-300x200.jpg 300w, https:\/\/quantocustaviajar.com\/blog\/wp-content\/uploads\/2022\/05\/TELEFERICO-CERRO-OTTO-768x512.jpg 768w\" sizes=\"auto, (max-width: 800px) 100vw, 800px\" \/><\/figure><\/div>\n\n\n\n<p>Em Bariloche voc\u00ea encontra uma das melhores excurs\u00f5es para fazer no inverno: visitar o Cerro Otto. Nele voc\u00ea pode passar por uma ponte p\u00eansil de 35 metros de comprimento, visitar a Caba\u00f1a de los Espejos, fazer caminhadas na montanha e ainda pegar um funicular para chegar ao topo, a 1400 metros acima do n\u00edvel do mar, onde se encontra a legend\u00e1ria confeitaria girat\u00f3ria. Enquanto voc\u00ea saboreia um gostoso chocolate, o mundo gira ao seu redor.<\/p>\n\n\n\n<p><strong>Piedras Blancas<\/strong><\/p>\n\n\n\n<div class=\"wp-block-image\"><figure class=\"aligncenter size-full\"><img decoding=\"async\" src=\"https:\/\/quantocustaviajar.com\/blog\/wp-content\/uploads\/2022\/05\/bariloche_fazer.jpg\" alt=\"\" class=\"wp-image-53370\"\/><\/figure><\/div>\n\n\n\n<p>Piedras Blancas tem as melhores atividades para fazer em Bariloche no inverno se voc\u00ea est\u00e1 com crian\u00e7as (e tamb\u00e9m se voc\u00ea \u00e9 um adulto que quer se divertir como uma crian\u00e7a). 3000 metros de pistas para andar de tren\u00f3 e um telef\u00e9rico para voar para as melhores paisagens. H\u00e1 tamb\u00e9m a melhor escola para aprender a esquiar ou praticar snowboard com as pistas mais exclusivas.<\/p>\n\n\n\n<p><strong>Centro de Esqui N\u00f3rdico<\/strong><\/p>\n\n\n\n<div class=\"wp-block-image\"><figure class=\"aligncenter size-full\"><img loading=\"lazy\" decoding=\"async\" width=\"800\" height=\"533\" src=\"https:\/\/quantocustaviajar.com\/blog\/wp-content\/uploads\/2022\/05\/5DM40637.jpg\" alt=\"\" class=\"wp-image-53457\" srcset=\"https:\/\/quantocustaviajar.com\/blog\/wp-content\/uploads\/2022\/05\/5DM40637.jpg 800w, https:\/\/quantocustaviajar.com\/blog\/wp-content\/uploads\/2022\/05\/5DM40637-300x200.jpg 300w, https:\/\/quantocustaviajar.com\/blog\/wp-content\/uploads\/2022\/05\/5DM40637-768x512.jpg 768w\" sizes=\"auto, (max-width: 800px) 100vw, 800px\" \/><\/figure><\/div>\n\n\n\n<p>Mais de 10 km de pistas para todos os n\u00edveis, rodeadas por belas florestas de lengas centen\u00e1rias. A combina\u00e7\u00e3o perfeita de esporte e natureza, ideal para desfrutar da neve com amigos ou em fam\u00edlia.<\/p>\n\n\n\n<p><strong>Ref\u00fagio Arelauquen<\/strong><\/p>\n\n\n\n<div class=\"wp-block-image\"><figure class=\"aligncenter size-full\"><img decoding=\"async\" src=\"https:\/\/quantocustaviajar.com\/blog\/wp-content\/uploads\/2022\/05\/o_que_fazer_bariloche.jpg\" alt=\"\" class=\"wp-image-53372\"\/><\/figure><\/div>\n\n\n\n<p>Nesse passeio voc\u00ea far\u00e1 uma inesquec\u00edvel travessia de curvas e contracurvas subindo no profundo sil\u00eancio da floresta, at\u00e9 chegar na reconfortante tranquilidade e calor do Refugio. A excurs\u00e3o at\u00e9 O Refugio, a 1300 mts de altura, proporciona uma aventura que combina uma subida em caminhonetes 4&#215;4 e depois um passeio de moto de neve. O final? Um delicioso fondue!<\/p>\n\n\n\n<p><strong>Roca Negra no Cerro Lopez<\/strong><\/p>\n\n\n\n<div class=\"wp-block-image\"><figure class=\"aligncenter size-full\"><img loading=\"lazy\" decoding=\"async\" width=\"800\" height=\"706\" src=\"https:\/\/quantocustaviajar.com\/blog\/wp-content\/uploads\/2022\/05\/barcopasseo.jpg\" alt=\"\" class=\"wp-image-53422\" srcset=\"https:\/\/quantocustaviajar.com\/blog\/wp-content\/uploads\/2022\/05\/barcopasseo.jpg 800w, https:\/\/quantocustaviajar.com\/blog\/wp-content\/uploads\/2022\/05\/barcopasseo-300x265.jpg 300w, https:\/\/quantocustaviajar.com\/blog\/wp-content\/uploads\/2022\/05\/barcopasseo-768x678.jpg 768w\" sizes=\"auto, (max-width: 800px) 100vw, 800px\" \/><\/figure><\/div>\n\n\n\n<p>Incr\u00edveis estradas de montanha para viajar de 4&#215;4. Excurs\u00f5es para caminhar na neve com raquetes e chegar a lugares inesquec\u00edveis depois de uma caminhada m\u00e1gica de 1 hora e meia. \u00c9 para todas as idades! Voc\u00ea s\u00f3 precisa de sapatos, um casaco e muita vontade de aventura.<\/p>\n\n\n\n<p><strong>Ref\u00fagio Extremo Encantado<\/strong><\/p>\n\n\n\n<div class=\"wp-block-image\"><figure class=\"aligncenter size-full\"><img loading=\"lazy\" decoding=\"async\" width=\"800\" height=\"533\" src=\"https:\/\/quantocustaviajar.com\/blog\/wp-content\/uploads\/2022\/05\/5DM49738.jpg\" alt=\"\" class=\"wp-image-53456\" srcset=\"https:\/\/quantocustaviajar.com\/blog\/wp-content\/uploads\/2022\/05\/5DM49738.jpg 800w, https:\/\/quantocustaviajar.com\/blog\/wp-content\/uploads\/2022\/05\/5DM49738-300x200.jpg 300w, https:\/\/quantocustaviajar.com\/blog\/wp-content\/uploads\/2022\/05\/5DM49738-768x512.jpg 768w\" sizes=\"auto, (max-width: 800px) 100vw, 800px\" \/><\/figure><\/div>\n\n\n\n<p>Da base do Cerro L\u00f3pez partem jeeps 4&#215;4 que levam voc\u00ea at\u00e9 o ref\u00fagio localizado a 1260 m de altura. Depois de caminhar com raquetes na neve voc\u00ea vai almo\u00e7ar em uma paisagem de sonhos. Voc\u00ea se atreve a ficar para dormir aqui? Voc\u00ea ter\u00e1 uma noite que nunca esquecer\u00e1 com o imponente lago Nahuel Huapi no fundo.<\/p>\n\n\n\n<p><strong>Cerro Catedral<\/strong><\/p>\n\n\n\n<div class=\"wp-block-image\"><figure class=\"aligncenter size-full\"><img loading=\"lazy\" decoding=\"async\" width=\"800\" height=\"534\" src=\"https:\/\/quantocustaviajar.com\/blog\/wp-content\/uploads\/2022\/05\/cerrootto.jpg\" alt=\"\" class=\"wp-image-53443\" srcset=\"https:\/\/quantocustaviajar.com\/blog\/wp-content\/uploads\/2022\/05\/cerrootto.jpg 800w, https:\/\/quantocustaviajar.com\/blog\/wp-content\/uploads\/2022\/05\/cerrootto-300x200.jpg 300w, https:\/\/quantocustaviajar.com\/blog\/wp-content\/uploads\/2022\/05\/cerrootto-768x513.jpg 768w\" sizes=\"auto, (max-width: 800px) 100vw, 800px\" \/><\/figure><\/div>\n\n\n\n<p><strong>O Cerro tem o melhor centro de esqui de Am\u00e9rica Latina<\/strong>, com uma das maiores superf\u00edcies esqui\u00e1veis (600 ha). 120 quil\u00f4metros de pistas e os melhores instrutores para aprender a esquiar com amigos ou em fam\u00edlia.<\/p>\n\n\n\n<p>Ficou com mais vontade de ir para Bariloche!? Ent\u00e3o prepare os casacos, confira as <strong><a href=\"https:\/\/barilocheturismo.gob.ar\/br\/inverno\" target=\"_blank\" rel=\"noreferrer noopener\">dicas para o inverno<\/a><\/strong> e partiu!<\/p>\n\n\n\n<p><em>*Artigo patrocinado<\/em><\/p>\n","protected":false},"excerpt":{"rendered":"<p>A temporada de inverno est\u00e1 chegando em Bariloche! Anote no calend\u00e1rio e se programe: come\u00e7a dia 21 de junho e vai at\u00e9 20 de setembro. Bariloche convida voc\u00ea a passar umas f\u00e9rias de inverno cinematogr\u00e1ficas. N\u00e3o perca as divertidas aventuras para todas as idades. E n\u00e3o, n\u00e3o precisa saber esquiar! Bariloche tem diversas atividades para [&hellip;]<\/p>\n","protected":false},"author":9,"featured_media":0,"comment_status":"open","ping_status":"open","sticky":false,"template":"","format":"standard","meta":{"cybocfi_hide_featured_image":"","footnotes":""},"categories":[1437,1436],"tags":[58,383,2093,274],"class_list":["post-53441","post","type-post","status-publish","format-standard","hentry","category-ao-ar-livre","category-artes-cultura-diversao","tag-argentina","tag-bariloche","tag-esquiar","tag-inverno"],"blocksy_meta":[],"yoast_head":"<!-- This site is optimized with the Yoast SEO plugin v26.3 - https:\/\/yoast.com\/wordpress\/plugins\/seo\/ -->\n<title>Bariloche no inverno - a temporada mais esperada do ano est\u00e1 chegando! - Blog Quanto Custa Viajar<\/title>\n<meta name=\"robots\" content=\"index, follow, max-snippet:-1, max-image-preview:large, max-video-preview:-1\" \/>\n<link rel=\"canonical\" href=\"https:\/\/quantocustaviajar.com\/blog\/bariloche-no-inverno-a-temporada-mais-esperada-do-ano-esta-chegando\/\" \/>\n<meta property=\"og:locale\" content=\"pt_BR\" \/>\n<meta property=\"og:type\" content=\"article\" \/>\n<meta property=\"og:title\" content=\"Bariloche no inverno - a temporada mais esperada do ano est\u00e1 chegando! - Blog Quanto Custa Viajar\" \/>\n<meta property=\"og:description\" content=\"A temporada de inverno est\u00e1 chegando em Bariloche! Anote no calend\u00e1rio e se programe: come\u00e7a dia 21 de junho e vai at\u00e9 20 de setembro. Bariloche convida voc\u00ea a passar umas f\u00e9rias de inverno cinematogr\u00e1ficas. N\u00e3o perca as divertidas aventuras para todas as idades. E n\u00e3o, n\u00e3o precisa saber esquiar! Bariloche tem diversas atividades para [&hellip;]\" \/>\n<meta property=\"og:url\" content=\"https:\/\/quantocustaviajar.com\/blog\/bariloche-no-inverno-a-temporada-mais-esperada-do-ano-esta-chegando\/\" \/>\n<meta property=\"og:site_name\" content=\"Blog Quanto Custa Viajar\" \/>\n<meta property=\"article:publisher\" content=\"https:\/\/www.facebook.com\/quantocustaviajar\" \/>\n<meta property=\"article:published_time\" content=\"2022-05-10T12:12:00+00:00\" \/>\n<meta property=\"article:modified_time\" content=\"2022-07-04T14:33:35+00:00\" \/>\n<meta property=\"og:image\" content=\"https:\/\/quantocustaviajar.com\/blog\/wp-content\/uploads\/2022\/05\/bariloche_fazer.jpg\" \/>\n\t<meta property=\"og:image:width\" content=\"1000\" \/>\n\t<meta property=\"og:image:height\" content=\"667\" \/>\n\t<meta property=\"og:image:type\" content=\"image\/jpeg\" \/>\n<meta name=\"author\" content=\"Reda\u00e7\u00e3o QCV\" \/>\n<meta name=\"twitter:card\" content=\"summary_large_image\" \/>\n<meta name=\"twitter:label1\" content=\"Escrito por\" \/>\n\t<meta name=\"twitter:data1\" content=\"Reda\u00e7\u00e3o QCV\" \/>\n\t<meta name=\"twitter:label2\" content=\"Est. tempo de leitura\" \/>\n\t<meta name=\"twitter:data2\" content=\"5 minutos\" \/>\n<!-- \/ Yoast SEO plugin. -->","yoast_head_json":{"title":"Bariloche no inverno - a temporada mais esperada do ano est\u00e1 chegando! - Blog Quanto Custa Viajar","robots":{"index":"index","follow":"follow","max-snippet":"max-snippet:-1","max-image-preview":"max-image-preview:large","max-video-preview":"max-video-preview:-1"},"canonical":"https:\/\/quantocustaviajar.com\/blog\/bariloche-no-inverno-a-temporada-mais-esperada-do-ano-esta-chegando\/","og_locale":"pt_BR","og_type":"article","og_title":"Bariloche no inverno - a temporada mais esperada do ano est\u00e1 chegando! - Blog Quanto Custa Viajar","og_description":"A temporada de inverno est\u00e1 chegando em Bariloche! Anote no calend\u00e1rio e se programe: come\u00e7a dia 21 de junho e vai at\u00e9 20 de setembro. Bariloche convida voc\u00ea a passar umas f\u00e9rias de inverno cinematogr\u00e1ficas. N\u00e3o perca as divertidas aventuras para todas as idades. E n\u00e3o, n\u00e3o precisa saber esquiar! Bariloche tem diversas atividades para [&hellip;]","og_url":"https:\/\/quantocustaviajar.com\/blog\/bariloche-no-inverno-a-temporada-mais-esperada-do-ano-esta-chegando\/","og_site_name":"Blog Quanto Custa Viajar","article_publisher":"https:\/\/www.facebook.com\/quantocustaviajar","article_published_time":"2022-05-10T12:12:00+00:00","article_modified_time":"2022-07-04T14:33:35+00:00","og_image":[{"width":1000,"height":667,"url":"https:\/\/quantocustaviajar.com\/blog\/wp-content\/uploads\/2022\/05\/bariloche_fazer.jpg","type":"image\/jpeg"}],"author":"Reda\u00e7\u00e3o QCV","twitter_card":"summary_large_image","twitter_misc":{"Escrito por":"Reda\u00e7\u00e3o QCV","Est. tempo de leitura":"5 minutos"},"schema":{"@context":"https:\/\/schema.org","@graph":[{"@type":["Article","BlogPosting"],"@id":"https:\/\/quantocustaviajar.com\/blog\/bariloche-no-inverno-a-temporada-mais-esperada-do-ano-esta-chegando\/#article","isPartOf":{"@id":"https:\/\/quantocustaviajar.com\/blog\/bariloche-no-inverno-a-temporada-mais-esperada-do-ano-esta-chegando\/"},"author":{"name":"Reda\u00e7\u00e3o QCV","@id":"https:\/\/quantocustaviajar.com\/blog\/#\/schema\/person\/b99c49b1272e2104cc84a5a84122b751"},"headline":"Bariloche no inverno &#8211; a temporada mais esperada do ano est\u00e1 chegando!","datePublished":"2022-05-10T12:12:00+00:00","dateModified":"2022-07-04T14:33:35+00:00","mainEntityOfPage":{"@id":"https:\/\/quantocustaviajar.com\/blog\/bariloche-no-inverno-a-temporada-mais-esperada-do-ano-esta-chegando\/"},"wordCount":546,"commentCount":0,"publisher":{"@id":"https:\/\/quantocustaviajar.com\/blog\/#organization"},"image":{"@id":"https:\/\/quantocustaviajar.com\/blog\/bariloche-no-inverno-a-temporada-mais-esperada-do-ano-esta-chegando\/#primaryimage"},"thumbnailUrl":"https:\/\/quantocustaviajar.com\/blog\/wp-content\/uploads\/2022\/05\/jULIO-GRAN-NEVADA-110.jpg","keywords":["argentina","Bariloche","esquiar","inverno"],"articleSection":["Ao Ar Livre","Artes, Cultura &amp; Divers\u00e3o"],"inLanguage":"pt-BR","potentialAction":[{"@type":"CommentAction","name":"Comment","target":["https:\/\/quantocustaviajar.com\/blog\/bariloche-no-inverno-a-temporada-mais-esperada-do-ano-esta-chegando\/#respond"]}]},{"@type":"WebPage","@id":"https:\/\/quantocustaviajar.com\/blog\/bariloche-no-inverno-a-temporada-mais-esperada-do-ano-esta-chegando\/","url":"https:\/\/quantocustaviajar.com\/blog\/bariloche-no-inverno-a-temporada-mais-esperada-do-ano-esta-chegando\/","name":"Bariloche no inverno - a temporada mais esperada do ano est\u00e1 chegando! - Blog Quanto Custa Viajar","isPartOf":{"@id":"https:\/\/quantocustaviajar.com\/blog\/#website"},"primaryImageOfPage":{"@id":"https:\/\/quantocustaviajar.com\/blog\/bariloche-no-inverno-a-temporada-mais-esperada-do-ano-esta-chegando\/#primaryimage"},"image":{"@id":"https:\/\/quantocustaviajar.com\/blog\/bariloche-no-inverno-a-temporada-mais-esperada-do-ano-esta-chegando\/#primaryimage"},"thumbnailUrl":"https:\/\/quantocustaviajar.com\/blog\/wp-content\/uploads\/2022\/05\/jULIO-GRAN-NEVADA-110.jpg","datePublished":"2022-05-10T12:12:00+00:00","dateModified":"2022-07-04T14:33:35+00:00","breadcrumb":{"@id":"https:\/\/quantocustaviajar.com\/blog\/bariloche-no-inverno-a-temporada-mais-esperada-do-ano-esta-chegando\/#breadcrumb"},"inLanguage":"pt-BR","potentialAction":[{"@type":"ReadAction","target":["https:\/\/quantocustaviajar.com\/blog\/bariloche-no-inverno-a-temporada-mais-esperada-do-ano-esta-chegando\/"]}]},{"@type":"ImageObject","inLanguage":"pt-BR","@id":"https:\/\/quantocustaviajar.com\/blog\/bariloche-no-inverno-a-temporada-mais-esperada-do-ano-esta-chegando\/#primaryimage","url":"","contentUrl":""},{"@type":"BreadcrumbList","@id":"https:\/\/quantocustaviajar.com\/blog\/bariloche-no-inverno-a-temporada-mais-esperada-do-ano-esta-chegando\/#breadcrumb","itemListElement":[{"@type":"ListItem","position":1,"name":"In\u00edcio","item":"https:\/\/quantocustaviajar.com\/blog\/"},{"@type":"ListItem","position":2,"name":"Bariloche no inverno &#8211; a temporada mais esperada do ano est\u00e1 chegando!"}]},{"@type":"WebSite","@id":"https:\/\/quantocustaviajar.com\/blog\/#website","url":"https:\/\/quantocustaviajar.com\/blog\/","name":"Blog Quanto Custa Viajar","description":"","publisher":{"@id":"https:\/\/quantocustaviajar.com\/blog\/#organization"},"potentialAction":[{"@type":"SearchAction","target":{"@type":"EntryPoint","urlTemplate":"https:\/\/quantocustaviajar.com\/blog\/?s={search_term_string}"},"query-input":{"@type":"PropertyValueSpecification","valueRequired":true,"valueName":"search_term_string"}}],"inLanguage":"pt-BR"},{"@type":"Organization","@id":"https:\/\/quantocustaviajar.com\/blog\/#organization","name":"Quanto Custa Viajar","url":"https:\/\/quantocustaviajar.com\/blog\/","logo":{"@type":"ImageObject","inLanguage":"pt-BR","@id":"https:\/\/quantocustaviajar.com\/blog\/#\/schema\/logo\/image\/","url":"","contentUrl":"","caption":"Quanto Custa Viajar"},"image":{"@id":"https:\/\/quantocustaviajar.com\/blog\/#\/schema\/logo\/image\/"},"sameAs":["https:\/\/www.facebook.com\/quantocustaviajar"]},{"@type":"Person","@id":"https:\/\/quantocustaviajar.com\/blog\/#\/schema\/person\/b99c49b1272e2104cc84a5a84122b751","name":"Reda\u00e7\u00e3o QCV","image":{"@type":"ImageObject","inLanguage":"pt-BR","@id":"https:\/\/quantocustaviajar.com\/blog\/#\/schema\/person\/image\/","url":"https:\/\/secure.gravatar.com\/avatar\/e7b47d7a4633897697c32e0a2a1ad3abd9ca142ad0d9b7897241c6115247561b?s=96&d=mm&r=g","contentUrl":"https:\/\/secure.gravatar.com\/avatar\/e7b47d7a4633897697c32e0a2a1ad3abd9ca142ad0d9b7897241c6115247561b?s=96&d=mm&r=g","caption":"Reda\u00e7\u00e3o QCV"},"url":"https:\/\/quantocustaviajar.com\/blog\/author\/redacao\/"}]}},"_links":{"self":[{"href":"https:\/\/quantocustaviajar.com\/blog\/wp-json\/wp\/v2\/posts\/53441","targetHints":{"allow":["GET"]}}],"collection":[{"href":"https:\/\/quantocustaviajar.com\/blog\/wp-json\/wp\/v2\/posts"}],"about":[{"href":"https:\/\/quantocustaviajar.com\/blog\/wp-json\/wp\/v2\/types\/post"}],"author":[{"embeddable":true,"href":"https:\/\/quantocustaviajar.com\/blog\/wp-json\/wp\/v2\/users\/9"}],"replies":[{"embeddable":true,"href":"https:\/\/quantocustaviajar.com\/blog\/wp-json\/wp\/v2\/comments?post=53441"}],"version-history":[{"count":7,"href":"https:\/\/quantocustaviajar.com\/blog\/wp-json\/wp\/v2\/posts\/53441\/revisions"}],"predecessor-version":[{"id":53476,"href":"https:\/\/quantocustaviajar.com\/blog\/wp-json\/wp\/v2\/posts\/53441\/revisions\/53476"}],"wp:attachment":[{"href":"https:\/\/quantocustaviajar.com\/blog\/wp-json\/wp\/v2\/media?parent=53441"}],"wp:term":[{"taxonomy":"category","embeddable":true,"href":"https:\/\/quantocustaviajar.com\/blog\/wp-json\/wp\/v2\/categories?post=53441"},{"taxonomy":"post_tag","embeddable":true,"href":"https:\/\/quantocustaviajar.com\/blog\/wp-json\/wp\/v2\/tags?post=53441"}],"curies":[{"name":"wp","href":"https:\/\/api.w.org\/{rel}","templated":true}]}}