{"id":53389,"date":"2022-05-24T18:47:25","date_gmt":"2022-05-24T18:47:25","guid":{"rendered":"https:\/\/quantocustaviajar.com\/blog\/?p=53389"},"modified":"2022-09-22T12:58:05","modified_gmt":"2022-09-22T12:58:05","slug":"lugares-para-um-cafe-da-tarde-em-sp","status":"publish","type":"post","link":"https:\/\/quantocustaviajar.com\/blog\/lugares-para-um-cafe-da-tarde-em-sp\/","title":{"rendered":"Como na casa da vov\u00f3: 10 lugares para um caf\u00e9 da tarde em\u00a0SP"},"content":{"rendered":"\n<p>Se voc\u00ea \u00e9 uma pessoa que come a cada tr\u00eas horas, com certeza faz uma pausinha no meio do dia para forrar o est\u00f4mago. Para tornar esse momento ainda mais prazeroso, separamos <strong>10 lugares incr\u00edveis para um caf\u00e9 da tarde em SP e arredores<\/strong>.&nbsp;<\/p><div id=\"ez-toc-container\" class=\"ez-toc-v2_0_76 ez-toc-wrap-left counter-hierarchy ez-toc-counter ez-toc-light-blue ez-toc-container-direction\">\n<div class=\"ez-toc-title-container\">\n<p class=\"ez-toc-title\" style=\"cursor:inherit\">Aqui voc\u00ea ir\u00e1 encontrar<\/p>\n<span class=\"ez-toc-title-toggle\"><a href=\"#\" class=\"ez-toc-pull-right ez-toc-btn ez-toc-btn-xs ez-toc-btn-default ez-toc-toggle\" aria-label=\"Alternar tabela de conte\u00fado\"><span class=\"ez-toc-js-icon-con\"><span class=\"\"><span class=\"eztoc-hide\" style=\"display:none;\">Toggle<\/span><span class=\"ez-toc-icon-toggle-span\"><svg style=\"fill: #999;color:#999\" xmlns=\"http:\/\/www.w3.org\/2000\/svg\" class=\"list-377408\" width=\"20px\" height=\"20px\" viewBox=\"0 0 24 24\" fill=\"none\"><path d=\"M6 6H4v2h2V6zm14 0H8v2h12V6zM4 11h2v2H4v-2zm16 0H8v2h12v-2zM4 16h2v2H4v-2zm16 0H8v2h12v-2z\" fill=\"currentColor\"><\/path><\/svg><svg style=\"fill: #999;color:#999\" class=\"arrow-unsorted-368013\" xmlns=\"http:\/\/www.w3.org\/2000\/svg\" width=\"10px\" height=\"10px\" viewBox=\"0 0 24 24\" version=\"1.2\" baseProfile=\"tiny\"><path d=\"M18.2 9.3l-6.2-6.3-6.2 6.3c-.2.2-.3.4-.3.7s.1.5.3.7c.2.2.4.3.7.3h11c.3 0 .5-.1.7-.3.2-.2.3-.5.3-.7s-.1-.5-.3-.7zM5.8 14.7l6.2 6.3 6.2-6.3c.2-.2.3-.5.3-.7s-.1-.5-.3-.7c-.2-.2-.4-.3-.7-.3h-11c-.3 0-.5.1-.7.3-.2.2-.3.5-.3.7s.1.5.3.7z\"\/><\/svg><\/span><\/span><\/span><\/a><\/span><\/div>\n<nav><ul class='ez-toc-list ez-toc-list-level-1 ' ><li class='ez-toc-page-1 ez-toc-heading-level-2'><a class=\"ez-toc-link ez-toc-heading-1\" href=\"https:\/\/quantocustaviajar.com\/blog\/lugares-para-um-cafe-da-tarde-em-sp\/#Bora_conhecer_opcoes_de_cafe_da_tarde_em_SP_entao\" >Bora conhecer op\u00e7\u00f5es de caf\u00e9 da tarde em SP ent\u00e3o!&nbsp;<\/a><ul class='ez-toc-list-level-4' ><li class='ez-toc-heading-level-4'><ul class='ez-toc-list-level-4' ><li class='ez-toc-heading-level-4'><a class=\"ez-toc-link ez-toc-heading-2\" href=\"https:\/\/quantocustaviajar.com\/blog\/lugares-para-um-cafe-da-tarde-em-sp\/#Teakettle\" >Teakettle<\/a><\/li><li class='ez-toc-page-1 ez-toc-heading-level-4'><a class=\"ez-toc-link ez-toc-heading-3\" href=\"https:\/\/quantocustaviajar.com\/blog\/lugares-para-um-cafe-da-tarde-em-sp\/#Palacio_Tangara\" >Pal\u00e1cio Tangar\u00e1<\/a><\/li><li class='ez-toc-page-1 ez-toc-heading-level-4'><a class=\"ez-toc-link ez-toc-heading-4\" href=\"https:\/\/quantocustaviajar.com\/blog\/lugares-para-um-cafe-da-tarde-em-sp\/#Fundacao_Maria_Luisa_e_Oscar_Americano\" >Funda\u00e7\u00e3o Maria Luisa e Oscar Americano<\/a><\/li><li class='ez-toc-page-1 ez-toc-heading-level-4'><a class=\"ez-toc-link ez-toc-heading-5\" href=\"https:\/\/quantocustaviajar.com\/blog\/lugares-para-um-cafe-da-tarde-em-sp\/#Galeria_dos_Paes\" >Galeria dos&nbsp;P\u00e3es<\/a><\/li><li class='ez-toc-page-1 ez-toc-heading-level-4'><a class=\"ez-toc-link ez-toc-heading-6\" href=\"https:\/\/quantocustaviajar.com\/blog\/lugares-para-um-cafe-da-tarde-em-sp\/#Jardim_da_Anna%E2%80%8A%E2%80%94%E2%80%8ASantana_de_Parnaiba\" >Jardim da Anna\u200a\u2014\u200aSantana de&nbsp;Parna\u00edba<\/a><\/li><li class='ez-toc-page-1 ez-toc-heading-level-4'><a class=\"ez-toc-link ez-toc-heading-7\" href=\"https:\/\/quantocustaviajar.com\/blog\/lugares-para-um-cafe-da-tarde-em-sp\/#Adelia_Boulangerie%E2%80%8A%E2%80%94%E2%80%8ACampinas\" >Ad\u00e9lia Boulangerie\u200a\u2014\u200aCampinas<\/a><\/li><li class='ez-toc-page-1 ez-toc-heading-level-4'><a class=\"ez-toc-link ez-toc-heading-8\" href=\"https:\/\/quantocustaviajar.com\/blog\/lugares-para-um-cafe-da-tarde-em-sp\/#Confeitaria_Romana%E2%80%8A%E2%80%94%E2%80%8ACampinas\" >Confeitaria Romana\u200a\u2014\u200aCampinas<\/a><\/li><li class='ez-toc-page-1 ez-toc-heading-level-4'><a class=\"ez-toc-link ez-toc-heading-9\" href=\"https:\/\/quantocustaviajar.com\/blog\/lugares-para-um-cafe-da-tarde-em-sp\/#Panificadora_Kelli%E2%80%8A%E2%80%94%E2%80%8AJundiai\" >Panificadora Kelli\u200a\u2014\u200aJundia\u00ed<\/a><\/li><li class='ez-toc-page-1 ez-toc-heading-level-4'><a class=\"ez-toc-link ez-toc-heading-10\" href=\"https:\/\/quantocustaviajar.com\/blog\/lugares-para-um-cafe-da-tarde-em-sp\/#Emporio_Dom_Jose%E2%80%8A%E2%80%94%E2%80%8ASantos\" >Emp\u00f3rio Dom Jos\u00e9\u200a\u2014\u200aSantos<\/a><\/li><li class='ez-toc-page-1 ez-toc-heading-level-4'><a class=\"ez-toc-link ez-toc-heading-11\" href=\"https:\/\/quantocustaviajar.com\/blog\/lugares-para-um-cafe-da-tarde-em-sp\/#Terraco_da_Mamma%E2%80%8A%E2%80%94%E2%80%8AGuaruja\" >Terra\u00e7o da Mamma\u200a\u2014\u200aGuaruj\u00e1<\/a><\/li><\/ul><\/li><\/ul><\/li><\/ul><\/nav><\/div>\n\n\n\n\n<p><strong>Ch\u00e1 da tarde \u00e9 uma das refei\u00e7\u00f5es mais famosas da <a href=\"http:\/\/quantocustaviajar.com\/inglaterra\/londres\" target=\"_blank\" rel=\"noreferrer noopener\">Inglaterra<\/a><\/strong>. O h\u00e1bito de tomar ch\u00e1 pontualmente \u00e0s 17h come\u00e7ou com Anna Maria Russell, duquesa de Belfort, que hoje poderia ser conhecida como a <em>Rainha dos Lanchos<\/em>, j\u00e1 que ela inventou de fazer um lanchinho antes do jantar l\u00e1 no s\u00e9culo 19.&nbsp;<\/p>\n\n\n\n<p>O h\u00e1bito nunca mais saiu do radar e foi sendo incorporado \u00e0s mais diversas culturas, cada qual com sua particularidade. <strong>No Brasil, foram as <a href=\"https:\/\/quantocustaviajar.com\/blog\/lugares-ideais-para-viajar-na-terceira-idade\/\" target=\"_blank\" rel=\"noreferrer noopener\">vov\u00f3s<\/a> &#8211; muitas delas, rainhas do lar &#8211; que levaram a ideia adiante<\/strong>, mas geralmente trocando o ch\u00e1 por um cafezinho com leite, na companhia de um bolo caseiro quentinho.&nbsp;<\/p>\n\n\n\n<p>A essa altura do texto, imagino que sua mem\u00f3ria afetiva j\u00e1 esteja ativada e as lombrigas tamb\u00e9m. <\/p>\n\n\n\n<h2 class=\"wp-block-heading\"><span class=\"ez-toc-section\" id=\"Bora_conhecer_opcoes_de_cafe_da_tarde_em_SP_entao\"><\/span>Bora conhecer op\u00e7\u00f5es de caf\u00e9 da tarde em SP ent\u00e3o!&nbsp;<span class=\"ez-toc-section-end\"><\/span><\/h2>\n\n\n\n<h4 class=\"wp-block-heading\"><span class=\"ez-toc-section\" id=\"Teakettle\"><\/span><a href=\"https:\/\/www.instagram.com\/teakettlecasadechas\/\" rel=\"noreferrer noopener\" target=\"_blank\">Teakettle<\/a><span class=\"ez-toc-section-end\"><\/span><\/h4>\n\n\n\n<p><em>Rua Alexandre Dumas, 1049\u200a\u2014\u200aCh\u00e1cara Santo Ant\u00f4nio<br><\/em>Ter\u00e7a a s\u00e1bado, das 10h \u00e0s 17h; domingo, das 8h30 \u00e0s 12h<\/p>\n\n\n\n<p>Com cen\u00e1rio que lembra contos como Alice no Pa\u00eds das Maravilhas, essa \u00e9 a casa de ch\u00e1 mais charmosa da cidade. Criada em 2007, a casa oferece 100 variedades de ch\u00e1s, origin\u00e1rios de diversas regi\u00f5es produtoras de ch\u00e1s em todo o mundo. Entre os blends mais populares est\u00e3o ch\u00e1 de rosas com cranberry e ch\u00e1 preto com banana, coco e mirtilo.<\/p>\n\n\n\n<p>As bebidas podem acompanhar caf\u00e9 da manh\u00e3, almo\u00e7o e ch\u00e1 das cinco, servidos em dois amplos sal\u00f5es e no jardim de inverno. Aos domingos e feriados t\u00eam brunch caprichado.&nbsp;<\/p>\n\n\n\n<div class=\"wp-block-image\"><figure class=\"aligncenter size-full\"><img loading=\"lazy\" decoding=\"async\" width=\"848\" height=\"846\" src=\"https:\/\/quantocustaviajar.com\/blog\/wp-content\/uploads\/2022\/05\/cha-da-tarde-sp.jpeg\" alt=\"\" class=\"wp-image-53543\" srcset=\"https:\/\/quantocustaviajar.com\/blog\/wp-content\/uploads\/2022\/05\/cha-da-tarde-sp.jpeg 848w, https:\/\/quantocustaviajar.com\/blog\/wp-content\/uploads\/2022\/05\/cha-da-tarde-sp-300x300.jpeg 300w, https:\/\/quantocustaviajar.com\/blog\/wp-content\/uploads\/2022\/05\/cha-da-tarde-sp-150x150.jpeg 150w, https:\/\/quantocustaviajar.com\/blog\/wp-content\/uploads\/2022\/05\/cha-da-tarde-sp-768x766.jpeg 768w\" sizes=\"auto, (max-width: 848px) 100vw, 848px\" \/><figcaption>Foto: divulga\u00e7\u00e3o<\/figcaption><\/figure><\/div>\n\n\n\n<h4 class=\"wp-block-heading\"><span class=\"ez-toc-section\" id=\"Palacio_Tangara\"><\/span><a href=\"https:\/\/www.experienciaspalaciotangara.com.br\/\" rel=\"noreferrer noopener\" target=\"_blank\">Pal\u00e1cio Tangar\u00e1<\/a><span class=\"ez-toc-section-end\"><\/span><\/h4>\n\n\n\n<p><em>Rua Deputado La\u00e9rcio Corte, 1.501- Panamby<br><\/em>Segunda a s\u00e1bado, das 15h \u00e0s 18h<\/p>\n\n\n\n<p>Um dos hot\u00e9is mais lindos de S\u00e3o Paulo oferece um ch\u00e1 da tarde inspirado em Londres. Servida no terra\u00e7o externo com vista ao Parque Burle Marx ou nos lounges internos do sofisticado empreendimento, a experi\u00eancia \u00e9 composta por uma sele\u00e7\u00e3o de finger sandwiches, fine pastries e scones frescos\u200a\u2014\u200atodos produzidos artesanalmente e servidos em formato torre.&nbsp;<\/p>\n\n\n\n<p>O valor inclui uma reposi\u00e7\u00e3o de itens. O voucher, adquirido on-line, \u00e9 v\u00e1lido por tr\u00eas meses, a partir da data da compra, e custa R$ 190 por pessoa.<\/p>\n\n\n\n<div class=\"wp-block-image\"><figure class=\"aligncenter size-large\"><img loading=\"lazy\" decoding=\"async\" width=\"831\" height=\"1024\" src=\"https:\/\/quantocustaviajar.com\/blog\/wp-content\/uploads\/2022\/05\/palacio-tangara-cha-da-tarde-831x1024.jpeg\" alt=\"\" class=\"wp-image-53546\" srcset=\"https:\/\/quantocustaviajar.com\/blog\/wp-content\/uploads\/2022\/05\/palacio-tangara-cha-da-tarde-831x1024.jpeg 831w, https:\/\/quantocustaviajar.com\/blog\/wp-content\/uploads\/2022\/05\/palacio-tangara-cha-da-tarde-243x300.jpeg 243w, https:\/\/quantocustaviajar.com\/blog\/wp-content\/uploads\/2022\/05\/palacio-tangara-cha-da-tarde-768x947.jpeg 768w, https:\/\/quantocustaviajar.com\/blog\/wp-content\/uploads\/2022\/05\/palacio-tangara-cha-da-tarde-1246x1536.jpeg 1246w, https:\/\/quantocustaviajar.com\/blog\/wp-content\/uploads\/2022\/05\/palacio-tangara-cha-da-tarde.jpeg 1661w\" sizes=\"auto, (max-width: 831px) 100vw, 831px\" \/><figcaption>Ao estilo ingl\u00eas, caf\u00e9 da tarde em SP celebra o dia com ch\u00e1s &#8211; Foto: divulga\u00e7\u00e3o<\/figcaption><\/figure><\/div>\n\n\n\n<h4 class=\"wp-block-heading\"><span class=\"ez-toc-section\" id=\"Fundacao_Maria_Luisa_e_Oscar_Americano\"><\/span>Funda\u00e7\u00e3o Maria Luisa e Oscar Americano<span class=\"ez-toc-section-end\"><\/span><\/h4>\n\n\n\n<p><em>Av. Morumbi, 4077\u200a\u2014\u200aMorumbi<br><\/em>Apenas com reserva. Ter\u00e7a a domingo, das 10h \u00e0s 16h<\/p>\n\n\n\n<p>Com um belo sal\u00e3o de ch\u00e1, que lembra uma casa de campo, a Funda\u00e7\u00e3o Maria Luisa e Oscar Americano oferece brunch e ch\u00e1 ingl\u00eas h\u00e1 anos em suas depend\u00eancias. O ch\u00e1 \u00e9 servido individualmente na mesa, contando com mini sandu\u00edches, p\u00e3es variados, mini quiche, petit four, bolos, suco, ch\u00e1 ou chocolate quente.&nbsp;<\/p>\n\n\n\n<p>Custa R$ 82 por pessoa, al\u00e9m da taxa de acesso na funda\u00e7\u00e3o: R$ 20 (inteira) e R$ 10 (meia). Aos s\u00e1bados a entrada \u00e9 franca. \u00c9 preciso fazer reserva e s\u00f3 aceita cart\u00e3o de d\u00e9bito.&nbsp;<\/p>\n\n\n\n<div class=\"wp-block-columns is-layout-flex wp-container-core-columns-is-layout-28f84493 wp-block-columns-is-layout-flex\">\n<div class=\"wp-block-column is-layout-flow wp-block-column-is-layout-flow\" style=\"flex-basis:100%\">\n<figure class=\"wp-block-gallery has-nested-images columns-default is-cropped wp-block-gallery-1 is-layout-flex wp-block-gallery-is-layout-flex\">\n<figure class=\"wp-block-image size-large\"><a href=\"https:\/\/quantocustaviajar.com\/blog\/wp-content\/uploads\/2022\/05\/cha-da-tarde-fundacao-maria-luisa.webp\"><img loading=\"lazy\" decoding=\"async\" width=\"1346\" height=\"897\" data-id=\"53542\" src=\"https:\/\/quantocustaviajar.com\/blog\/wp-content\/uploads\/2022\/05\/cha-da-tarde-fundacao-maria-luisa.webp\" alt=\"\" class=\"wp-image-53542\" srcset=\"https:\/\/quantocustaviajar.com\/blog\/wp-content\/uploads\/2022\/05\/cha-da-tarde-fundacao-maria-luisa.webp 1346w, https:\/\/quantocustaviajar.com\/blog\/wp-content\/uploads\/2022\/05\/cha-da-tarde-fundacao-maria-luisa-300x200.webp 300w, https:\/\/quantocustaviajar.com\/blog\/wp-content\/uploads\/2022\/05\/cha-da-tarde-fundacao-maria-luisa-1024x682.webp 1024w, https:\/\/quantocustaviajar.com\/blog\/wp-content\/uploads\/2022\/05\/cha-da-tarde-fundacao-maria-luisa-768x512.webp 768w\" sizes=\"auto, (max-width: 1346px) 100vw, 1346px\" \/><\/a><figcaption>Foto: divulga\u00e7\u00e3o<\/figcaption><\/figure>\n\n\n\n<figure class=\"wp-block-image size-large\"><a href=\"https:\/\/quantocustaviajar.com\/blog\/wp-content\/uploads\/2022\/05\/fundacao-maria-luisa.webp\"><img loading=\"lazy\" decoding=\"async\" width=\"1516\" height=\"1011\" data-id=\"53541\" src=\"https:\/\/quantocustaviajar.com\/blog\/wp-content\/uploads\/2022\/05\/fundacao-maria-luisa.webp\" alt=\"\" class=\"wp-image-53541\" srcset=\"https:\/\/quantocustaviajar.com\/blog\/wp-content\/uploads\/2022\/05\/fundacao-maria-luisa.webp 1516w, https:\/\/quantocustaviajar.com\/blog\/wp-content\/uploads\/2022\/05\/fundacao-maria-luisa-300x200.webp 300w, https:\/\/quantocustaviajar.com\/blog\/wp-content\/uploads\/2022\/05\/fundacao-maria-luisa-1024x683.webp 1024w, https:\/\/quantocustaviajar.com\/blog\/wp-content\/uploads\/2022\/05\/fundacao-maria-luisa-768x512.webp 768w\" sizes=\"auto, (max-width: 1516px) 100vw, 1516px\" \/><\/a><figcaption>Caf\u00e9 da tarde em SP incluem muitas del\u00edcias doces &#8211; Foto: divulga\u00e7\u00e3o<\/figcaption><\/figure>\n<\/figure>\n<\/div>\n<\/div>\n\n\n\n<h4 class=\"wp-block-heading\"><span class=\"ez-toc-section\" id=\"Galeria_dos_Paes\"><\/span><strong>Galeria dos&nbsp;P\u00e3es<\/strong><span class=\"ez-toc-section-end\"><\/span><\/h4>\n\n\n\n<p><em>R. Estados Unidos, 1645\u200a\u2014\u200aJardins<br><\/em>Todos os dias, 24 horas<\/p>\n\n\n\n<p>Aberta 24h, essa \u00e9 uma das poucas padarias em S\u00e3o Paulo que n\u00e3o deixa ningu\u00e9m passando fome. Ao longo do dia o p\u00fablico encontra buffets diversos, mas o de ch\u00e1 da tarde est\u00e1 temporariamente suspenso.&nbsp;<\/p>\n\n\n\n<p>Em todo caso, o de caf\u00e9 da manh\u00e3 foi esticado das 7h \u00e0s 15h, ent\u00e3o \u00e9 poss\u00edvel encontrar del\u00edcias como p\u00e3es, bolos, doces, salgados e uma s\u00e9rie de op\u00e7\u00f5es de frios e lanches frescos s\u00e3o disponibilizados no balc\u00e3o, pelo menos at\u00e9 o meio da tarde. Aos domingos, a fartura \u00e9 maior.<\/p>\n\n\n\n<div class=\"wp-block-image\"><figure class=\"aligncenter size-full\"><img loading=\"lazy\" decoding=\"async\" width=\"800\" height=\"600\" src=\"https:\/\/quantocustaviajar.com\/blog\/wp-content\/uploads\/2022\/05\/galeria-dos-paes-cha-da-tarde.jpeg\" alt=\"\" class=\"wp-image-53550\" srcset=\"https:\/\/quantocustaviajar.com\/blog\/wp-content\/uploads\/2022\/05\/galeria-dos-paes-cha-da-tarde.jpeg 800w, https:\/\/quantocustaviajar.com\/blog\/wp-content\/uploads\/2022\/05\/galeria-dos-paes-cha-da-tarde-300x225.jpeg 300w, https:\/\/quantocustaviajar.com\/blog\/wp-content\/uploads\/2022\/05\/galeria-dos-paes-cha-da-tarde-768x576.jpeg 768w\" sizes=\"auto, (max-width: 800px) 100vw, 800px\" \/><figcaption>Foto: divulga\u00e7\u00e3o<\/figcaption><\/figure><\/div>\n\n\n\n<h4 class=\"wp-block-heading\"><span class=\"ez-toc-section\" id=\"Jardim_da_Anna%E2%80%8A%E2%80%94%E2%80%8ASantana_de_Parnaiba\"><\/span>Jardim da Anna\u200a\u2014\u200a<a href=\"https:\/\/quantocustaviajar.com\/blog\/santana-de-parnaiba\/\" target=\"_blank\" rel=\"noreferrer noopener\">Santana de&nbsp;Parna\u00edba<\/a><span class=\"ez-toc-section-end\"><\/span><\/h4>\n\n\n\n<p><em>R. Bartolomeu Bueno da Silva, 75\u200a\u2014\u200aCentro, Santana de Parna\u00edba<br><\/em>Quarta \u00e0 s\u00e1bado, das 12h \u00e0s 17h30; s\u00e1bados e feriados somente com reserva (<a href=\"https:\/\/api.whatsapp.com\/send?phone=5511978899796&amp;text=Ol%C3%A1%2C%20conheci%20seu%20estabelecimento%20no%20site%20quantocustaviajar.com%20e%20gostaria%20de%20maiores%20informa%C3%A7%C3%B5es\" rel=\"noreferrer noopener\" target=\"_blank\">clique aqui para acessar o WhatsApp<\/a>)<\/p>\n\n\n\n<p>A charmosa cafeteria \u00e9 sediada num casar\u00e3o com jardim acolhedor e encantador. O espa\u00e7o conta com ambientes diversos para a clientela se acomodar, seja na sala de estar, na varanda ou no meio das plantas.&nbsp;<\/p>\n\n\n\n<p>Entre as del\u00edcias caseiras a serem provadas est\u00e1 o croissant franc\u00eas com geleia caseira ou requeij\u00e3o, p\u00e3o pizza artesanal, quiches, bolos diversos e sorvete de queijo de Brotas com calda de goiabada.&nbsp;<\/p>\n\n\n\n<figure class=\"wp-block-gallery has-nested-images columns-default is-cropped wp-block-gallery-2 is-layout-flex wp-block-gallery-is-layout-flex\">\n<figure class=\"wp-block-image size-large\"><a href=\"https:\/\/quantocustaviajar.com\/blog\/wp-content\/uploads\/2022\/05\/jardim-da-anna-sp.jpeg\"><img loading=\"lazy\" decoding=\"async\" width=\"1440\" height=\"1440\" data-id=\"53545\" src=\"https:\/\/quantocustaviajar.com\/blog\/wp-content\/uploads\/2022\/05\/jardim-da-anna-sp.jpeg\" alt=\"\" class=\"wp-image-53545\" srcset=\"https:\/\/quantocustaviajar.com\/blog\/wp-content\/uploads\/2022\/05\/jardim-da-anna-sp.jpeg 1440w, https:\/\/quantocustaviajar.com\/blog\/wp-content\/uploads\/2022\/05\/jardim-da-anna-sp-300x300.jpeg 300w, https:\/\/quantocustaviajar.com\/blog\/wp-content\/uploads\/2022\/05\/jardim-da-anna-sp-1024x1024.jpeg 1024w, https:\/\/quantocustaviajar.com\/blog\/wp-content\/uploads\/2022\/05\/jardim-da-anna-sp-150x150.jpeg 150w, https:\/\/quantocustaviajar.com\/blog\/wp-content\/uploads\/2022\/05\/jardim-da-anna-sp-768x768.jpeg 768w\" sizes=\"auto, (max-width: 1440px) 100vw, 1440px\" \/><\/a><figcaption>Foto: divulga\u00e7\u00e3o<\/figcaption><\/figure>\n\n\n\n<figure class=\"wp-block-image size-large\"><a href=\"https:\/\/quantocustaviajar.com\/blog\/wp-content\/uploads\/2022\/05\/jardim-da-anna-cha-da-tarde.jpeg\"><img loading=\"lazy\" decoding=\"async\" width=\"1024\" height=\"768\" data-id=\"53544\" src=\"https:\/\/quantocustaviajar.com\/blog\/wp-content\/uploads\/2022\/05\/jardim-da-anna-cha-da-tarde.jpeg\" alt=\"\" class=\"wp-image-53544\" srcset=\"https:\/\/quantocustaviajar.com\/blog\/wp-content\/uploads\/2022\/05\/jardim-da-anna-cha-da-tarde.jpeg 1024w, https:\/\/quantocustaviajar.com\/blog\/wp-content\/uploads\/2022\/05\/jardim-da-anna-cha-da-tarde-300x225.jpeg 300w, https:\/\/quantocustaviajar.com\/blog\/wp-content\/uploads\/2022\/05\/jardim-da-anna-cha-da-tarde-768x576.jpeg 768w\" sizes=\"auto, (max-width: 1024px) 100vw, 1024px\" \/><\/a><figcaption>Foto: divulga\u00e7\u00e3o<\/figcaption><\/figure>\n<\/figure>\n\n\n\n<h4 class=\"wp-block-heading\"><span class=\"ez-toc-section\" id=\"Adelia_Boulangerie%E2%80%8A%E2%80%94%E2%80%8ACampinas\"><\/span>Ad\u00e9lia Boulangerie\u200a\u2014\u200aCampinas<span class=\"ez-toc-section-end\"><\/span><\/h4>\n\n\n\n<p>Rua Dr. Guilherme da Silva, 414<br>Aberto todos os dias, das 7h \u00e0s 19h<\/p>\n\n\n\n<p>Caf\u00e9 da manh\u00e3, almo\u00e7o, ch\u00e1 da tarde e jantar s\u00e3o servidos a la carte no cantinho mais franc\u00eas de Campinas. Seja na companhia dos fabulosos doces folhados, tortas, croissants ou croque monsieur, sandu\u00edche franc\u00eas gratinado, com fatias de p\u00e3o brioche, molho bechamel, queijos e presunto, o local oferece uma \u00f3tima pausa no dia.&nbsp;<\/p>\n\n\n\n<div class=\"wp-block-image\"><figure class=\"aligncenter size-large\"><img loading=\"lazy\" decoding=\"async\" width=\"819\" height=\"1024\" src=\"https:\/\/quantocustaviajar.com\/blog\/wp-content\/uploads\/2022\/05\/adelia-boulangerie-campinas-819x1024.jpeg\" alt=\"\" class=\"wp-image-53535\" srcset=\"https:\/\/quantocustaviajar.com\/blog\/wp-content\/uploads\/2022\/05\/adelia-boulangerie-campinas-819x1024.jpeg 819w, https:\/\/quantocustaviajar.com\/blog\/wp-content\/uploads\/2022\/05\/adelia-boulangerie-campinas-240x300.jpeg 240w, https:\/\/quantocustaviajar.com\/blog\/wp-content\/uploads\/2022\/05\/adelia-boulangerie-campinas-768x960.jpeg 768w, https:\/\/quantocustaviajar.com\/blog\/wp-content\/uploads\/2022\/05\/adelia-boulangerie-campinas-1229x1536.jpeg 1229w, https:\/\/quantocustaviajar.com\/blog\/wp-content\/uploads\/2022\/05\/adelia-boulangerie-campinas.jpeg 1440w\" sizes=\"auto, (max-width: 819px) 100vw, 819px\" \/><figcaption>Foto: divulga\u00e7\u00e3o<\/figcaption><\/figure><\/div>\n\n\n\n<h4 class=\"wp-block-heading\"><span class=\"ez-toc-section\" id=\"Confeitaria_Romana%E2%80%8A%E2%80%94%E2%80%8ACampinas\"><\/span>Confeitaria Romana\u200a\u2014\u200aCampinas<span class=\"ez-toc-section-end\"><\/span><\/h4>\n\n\n\n<p><em>Rua Cor. Silva Telles, 463, Cambu\u00ed\u200a\u2014\u200aCampinas<br><\/em>Todos os dias, das 16h \u00e0s 20h<\/p>\n\n\n\n<p>A confeitaria e padaria serve diariamente um buffet de ch\u00e1 da tarde, com p\u00e3es, bolos, frios, doces, sucos e ch\u00e1s variados.&nbsp;<\/p>\n\n\n\n<div class=\"wp-block-image\"><figure class=\"aligncenter size-full\"><img loading=\"lazy\" decoding=\"async\" width=\"960\" height=\"960\" src=\"https:\/\/quantocustaviajar.com\/blog\/wp-content\/uploads\/2022\/05\/cha-da-tarde-jundiai.jpeg\" alt=\"\" class=\"wp-image-53551\" srcset=\"https:\/\/quantocustaviajar.com\/blog\/wp-content\/uploads\/2022\/05\/cha-da-tarde-jundiai.jpeg 960w, https:\/\/quantocustaviajar.com\/blog\/wp-content\/uploads\/2022\/05\/cha-da-tarde-jundiai-300x300.jpeg 300w, https:\/\/quantocustaviajar.com\/blog\/wp-content\/uploads\/2022\/05\/cha-da-tarde-jundiai-150x150.jpeg 150w, https:\/\/quantocustaviajar.com\/blog\/wp-content\/uploads\/2022\/05\/cha-da-tarde-jundiai-768x768.jpeg 768w\" sizes=\"auto, (max-width: 960px) 100vw, 960px\" \/><figcaption>Foto: divulga\u00e7\u00e3o<\/figcaption><\/figure><\/div>\n\n\n\n<h4 class=\"wp-block-heading\"><span class=\"ez-toc-section\" id=\"Panificadora_Kelli%E2%80%8A%E2%80%94%E2%80%8AJundiai\"><\/span>Panificadora Kelli\u200a\u2014\u200aJundia\u00ed<span class=\"ez-toc-section-end\"><\/span><\/h4>\n\n\n\n<p><em>R. Campos Sales, 516\u200a\u2014\u200aCentro, Jundia\u00ed<br><\/em>Todos os dias, das 16h \u00e0s 18h30<\/p>\n\n\n\n<p>Fundada em 1982, a tradicional panificadora de fermenta\u00e7\u00e3o natural acompanha todas as refei\u00e7\u00f5es do dia da clientela. Por um valor fixo (R$ 29,50), o p\u00fablico pode se servir no buffet completo, com frutas, frios, p\u00e3es, bolos e bebidas. Crian\u00e7as at\u00e9 10 anos pagam R$ 14,75.&nbsp;<\/p>\n\n\n\n<div class=\"wp-block-image\"><figure class=\"aligncenter size-large\"><img loading=\"lazy\" decoding=\"async\" width=\"768\" height=\"1024\" src=\"https:\/\/quantocustaviajar.com\/blog\/wp-content\/uploads\/2022\/05\/cafe-da-tarde-jundiai-768x1024.jpeg\" alt=\"\" class=\"wp-image-53539\" srcset=\"https:\/\/quantocustaviajar.com\/blog\/wp-content\/uploads\/2022\/05\/cafe-da-tarde-jundiai-768x1024.jpeg 768w, https:\/\/quantocustaviajar.com\/blog\/wp-content\/uploads\/2022\/05\/cafe-da-tarde-jundiai-225x300.jpeg 225w, https:\/\/quantocustaviajar.com\/blog\/wp-content\/uploads\/2022\/05\/cafe-da-tarde-jundiai-1152x1536.jpeg 1152w, https:\/\/quantocustaviajar.com\/blog\/wp-content\/uploads\/2022\/05\/cafe-da-tarde-jundiai.jpeg 1536w\" sizes=\"auto, (max-width: 768px) 100vw, 768px\" \/><figcaption>Foto: divulga\u00e7\u00e3o<\/figcaption><\/figure><\/div>\n\n\n\n<h4 class=\"wp-block-heading\"><span class=\"ez-toc-section\" id=\"Emporio_Dom_Jose%E2%80%8A%E2%80%94%E2%80%8ASantos\"><\/span>Emp\u00f3rio Dom Jos\u00e9\u200a\u2014\u200aSantos<span class=\"ez-toc-section-end\"><\/span><\/h4>\n\n\n\n<p><em>Rua Conselheiro Lafaiete, 3, Embar\u00e9\u200a\u2014\u200aSantos<br><\/em>S\u00e1bados e domingos, das 15h \u00e0s 19h<\/p>\n\n\n\n<p>A padaria na Baixada Santista promove ch\u00e1 da tarde em estilo buffet apenas aos finais de semana. A mesa fica forrada de p\u00e3es, doces, salgados e bebidas. O valor \u00e9 de R$ 49,90 por pessoa, com direito \u00e0 repeti\u00e7\u00e3o.&nbsp;<\/p>\n\n\n\n<div class=\"wp-block-image\"><figure class=\"aligncenter size-large\"><img loading=\"lazy\" decoding=\"async\" width=\"819\" height=\"1024\" src=\"https:\/\/quantocustaviajar.com\/blog\/wp-content\/uploads\/2022\/05\/cafe-da-tarde-em-santos-819x1024.jpeg\" alt=\"\" class=\"wp-image-53536\" srcset=\"https:\/\/quantocustaviajar.com\/blog\/wp-content\/uploads\/2022\/05\/cafe-da-tarde-em-santos-819x1024.jpeg 819w, https:\/\/quantocustaviajar.com\/blog\/wp-content\/uploads\/2022\/05\/cafe-da-tarde-em-santos-240x300.jpeg 240w, https:\/\/quantocustaviajar.com\/blog\/wp-content\/uploads\/2022\/05\/cafe-da-tarde-em-santos-768x960.jpeg 768w, https:\/\/quantocustaviajar.com\/blog\/wp-content\/uploads\/2022\/05\/cafe-da-tarde-em-santos-1229x1536.jpeg 1229w, https:\/\/quantocustaviajar.com\/blog\/wp-content\/uploads\/2022\/05\/cafe-da-tarde-em-santos.jpeg 1440w\" sizes=\"auto, (max-width: 819px) 100vw, 819px\" \/><figcaption>Foto: divulga\u00e7\u00e3o<\/figcaption><\/figure><\/div>\n\n\n\n<h4 class=\"wp-block-heading\"><span class=\"ez-toc-section\" id=\"Terraco_da_Mamma%E2%80%8A%E2%80%94%E2%80%8AGuaruja\"><\/span>Terra\u00e7o da Mamma\u200a\u2014\u200aGuaruj\u00e1<span class=\"ez-toc-section-end\"><\/span><\/h4>\n\n\n\n<p><em>Rua Fran\u00e7a Pinto, 553\u200a\u2014\u200aEnseada\u200a\u2014\u200aGuaruj\u00e1<br><\/em>Sexta a domingo das 15h \u00e0s 18h<\/p>\n\n\n\n<p>Com vista para a praia da Enseada, o restaurante no 14\u00ba andar do hotel Candeias. Todas as refei\u00e7\u00f5es do dia s\u00e3o servidas no local, incluindo o cafezinho da tarde. O buffet \u00e9 \u00e0 vontade, contando com variedade de p\u00e3es doces e salgados, frutas e bolos, al\u00e9m de bebidas quentes e frias. Custa R$ 40,00 por pessoa.&nbsp;<\/p>\n\n\n\n<div class=\"wp-block-image\"><figure class=\"aligncenter size-large\"><img loading=\"lazy\" decoding=\"async\" width=\"894\" height=\"1024\" src=\"https:\/\/quantocustaviajar.com\/blog\/wp-content\/uploads\/2022\/05\/cafe-da-tarde-guaruja-894x1024.jpeg\" alt=\"\" class=\"wp-image-53538\" srcset=\"https:\/\/quantocustaviajar.com\/blog\/wp-content\/uploads\/2022\/05\/cafe-da-tarde-guaruja-894x1024.jpeg 894w, https:\/\/quantocustaviajar.com\/blog\/wp-content\/uploads\/2022\/05\/cafe-da-tarde-guaruja-262x300.jpeg 262w, https:\/\/quantocustaviajar.com\/blog\/wp-content\/uploads\/2022\/05\/cafe-da-tarde-guaruja-768x880.jpeg 768w, https:\/\/quantocustaviajar.com\/blog\/wp-content\/uploads\/2022\/05\/cafe-da-tarde-guaruja-1341x1536.jpeg 1341w, https:\/\/quantocustaviajar.com\/blog\/wp-content\/uploads\/2022\/05\/cafe-da-tarde-guaruja.jpeg 1440w\" sizes=\"auto, (max-width: 894px) 100vw, 894px\" \/><figcaption>Foto: divulga\u00e7\u00e3o<\/figcaption><\/figure><\/div>\n\n\n\n<figure class=\"wp-block-embed is-type-wp-embed is-provider-blog-quanto-custa-viajar wp-block-embed-blog-quanto-custa-viajar\"><div class=\"wp-block-embed__wrapper\">\n<blockquote class=\"wp-embedded-content\" data-secret=\"fz3G80guA5\"><a href=\"https:\/\/quantocustaviajar.com\/blog\/cafe-da-manha-mundo\/\">Como \u00e9 o caf\u00e9 da manh\u00e3 nos outros pa\u00edses? Confira a mesa em 12 lugares do mundo<\/a><\/blockquote><iframe loading=\"lazy\" class=\"wp-embedded-content\" sandbox=\"allow-scripts\" security=\"restricted\" style=\"position: absolute; visibility: hidden;\" title=\"&#8220;Como \u00e9 o caf\u00e9 da manh\u00e3 nos outros pa\u00edses? Confira a mesa em 12 lugares do mundo&#8221; &#8212; Blog Quanto Custa Viajar\" src=\"https:\/\/quantocustaviajar.com\/blog\/cafe-da-manha-mundo\/embed\/#?secret=EzzZJ2Kns6#?secret=fz3G80guA5\" data-secret=\"fz3G80guA5\" width=\"600\" height=\"338\" frameborder=\"0\" marginwidth=\"0\" marginheight=\"0\" scrolling=\"no\"><\/iframe>\n<\/div><\/figure>\n","protected":false},"excerpt":{"rendered":"<p>Se voc\u00ea \u00e9 uma pessoa que come a cada tr\u00eas horas, com certeza faz uma pausinha no meio do dia para forrar o est\u00f4mago. Para tornar esse momento ainda mais prazeroso, separamos 10 lugares incr\u00edveis para um caf\u00e9 da tarde em SP e arredores.&nbsp; Ch\u00e1 da tarde \u00e9 uma das refei\u00e7\u00f5es mais famosas da Inglaterra. [&hellip;]<\/p>\n","protected":false},"author":4,"featured_media":53537,"comment_status":"open","ping_status":"open","sticky":false,"template":"","format":"standard","meta":{"cybocfi_hide_featured_image":"","footnotes":""},"categories":[1435],"tags":[266,3031,67,3030,289,1422,77,2526,211,303],"class_list":["post-53389","post","type-post","status-publish","format-standard","has-post-thumbnail","hentry","category-comes-bebes","tag-brasil","tag-buffet","tag-cafe","tag-cafe-da-tarde","tag-cafeteria","tag-cha-da-tarde","tag-dicas","tag-interior-de-sao-paulo","tag-o-que-fazer","tag-sao-paulo"],"blocksy_meta":[],"yoast_head":"<!-- This site is optimized with the Yoast SEO plugin v26.3 - https:\/\/yoast.com\/wordpress\/plugins\/seo\/ -->\n<title>Como na casa da vov\u00f3: 10 lugares para um caf\u00e9 da tarde em\u00a0SP<\/title>\n<meta name=\"description\" content=\"Se voc\u00ea \u00e9 uma pessoa que come a cada tr\u00eas horas, precisa conhecer esses 10 lugares incr\u00edveis para um caf\u00e9 da tarde em SP e arredores.\u00a0\" \/>\n<meta name=\"robots\" content=\"index, follow, max-snippet:-1, max-image-preview:large, max-video-preview:-1\" \/>\n<link rel=\"canonical\" href=\"https:\/\/quantocustaviajar.com\/blog\/lugares-para-um-cafe-da-tarde-em-sp\/\" \/>\n<meta property=\"og:locale\" content=\"pt_BR\" \/>\n<meta property=\"og:type\" content=\"article\" \/>\n<meta property=\"og:title\" content=\"Como na casa da vov\u00f3: 10 lugares para um caf\u00e9 da tarde em\u00a0SP\" \/>\n<meta property=\"og:description\" content=\"Se voc\u00ea \u00e9 uma pessoa que come a cada tr\u00eas horas, precisa conhecer esses 10 lugares incr\u00edveis para um caf\u00e9 da tarde em SP e arredores.\u00a0\" \/>\n<meta property=\"og:url\" content=\"https:\/\/quantocustaviajar.com\/blog\/lugares-para-um-cafe-da-tarde-em-sp\/\" \/>\n<meta property=\"og:site_name\" content=\"Blog Quanto Custa Viajar\" \/>\n<meta property=\"article:publisher\" content=\"https:\/\/www.facebook.com\/quantocustaviajar\" \/>\n<meta property=\"article:author\" content=\"https:\/\/www.facebook.com\/brunellapfvr\/posts\" \/>\n<meta property=\"article:published_time\" content=\"2022-05-24T18:47:25+00:00\" \/>\n<meta property=\"article:modified_time\" content=\"2022-09-22T12:58:05+00:00\" \/>\n<meta property=\"og:image\" content=\"https:\/\/quantocustaviajar.com\/blog\/wp-content\/uploads\/2022\/05\/cafe-da-tarde-em-sp.jpeg\" \/>\n\t<meta property=\"og:image:width\" content=\"2048\" \/>\n\t<meta property=\"og:image:height\" content=\"1545\" \/>\n\t<meta property=\"og:image:type\" content=\"image\/jpeg\" \/>\n<meta name=\"author\" content=\"Brunella Nunes\" \/>\n<meta name=\"twitter:card\" content=\"summary_large_image\" \/>\n<meta name=\"twitter:label1\" content=\"Escrito por\" \/>\n\t<meta name=\"twitter:data1\" content=\"Brunella Nunes\" \/>\n\t<meta name=\"twitter:label2\" content=\"Est. tempo de leitura\" \/>\n\t<meta name=\"twitter:data2\" content=\"9 minutos\" \/>\n<!-- \/ Yoast SEO plugin. -->","yoast_head_json":{"title":"Como na casa da vov\u00f3: 10 lugares para um caf\u00e9 da tarde em\u00a0SP","description":"Se voc\u00ea \u00e9 uma pessoa que come a cada tr\u00eas horas, precisa conhecer esses 10 lugares incr\u00edveis para um caf\u00e9 da tarde em SP e arredores.\u00a0","robots":{"index":"index","follow":"follow","max-snippet":"max-snippet:-1","max-image-preview":"max-image-preview:large","max-video-preview":"max-video-preview:-1"},"canonical":"https:\/\/quantocustaviajar.com\/blog\/lugares-para-um-cafe-da-tarde-em-sp\/","og_locale":"pt_BR","og_type":"article","og_title":"Como na casa da vov\u00f3: 10 lugares para um caf\u00e9 da tarde em\u00a0SP","og_description":"Se voc\u00ea \u00e9 uma pessoa que come a cada tr\u00eas horas, precisa conhecer esses 10 lugares incr\u00edveis para um caf\u00e9 da tarde em SP e arredores.\u00a0","og_url":"https:\/\/quantocustaviajar.com\/blog\/lugares-para-um-cafe-da-tarde-em-sp\/","og_site_name":"Blog Quanto Custa Viajar","article_publisher":"https:\/\/www.facebook.com\/quantocustaviajar","article_author":"https:\/\/www.facebook.com\/brunellapfvr\/posts","article_published_time":"2022-05-24T18:47:25+00:00","article_modified_time":"2022-09-22T12:58:05+00:00","og_image":[{"width":2048,"height":1545,"url":"https:\/\/quantocustaviajar.com\/blog\/wp-content\/uploads\/2022\/05\/cafe-da-tarde-em-sp.jpeg","type":"image\/jpeg"}],"author":"Brunella Nunes","twitter_card":"summary_large_image","twitter_misc":{"Escrito por":"Brunella Nunes","Est. tempo de leitura":"9 minutos"},"schema":{"@context":"https:\/\/schema.org","@graph":[{"@type":["Article","BlogPosting"],"@id":"https:\/\/quantocustaviajar.com\/blog\/lugares-para-um-cafe-da-tarde-em-sp\/#article","isPartOf":{"@id":"https:\/\/quantocustaviajar.com\/blog\/lugares-para-um-cafe-da-tarde-em-sp\/"},"author":{"name":"Brunella Nunes","@id":"https:\/\/quantocustaviajar.com\/blog\/#\/schema\/person\/1a6dd3da9d0c0a4be42652b67bea19bb"},"headline":"Como na casa da vov\u00f3: 10 lugares para um caf\u00e9 da tarde em\u00a0SP","datePublished":"2022-05-24T18:47:25+00:00","dateModified":"2022-09-22T12:58:05+00:00","mainEntityOfPage":{"@id":"https:\/\/quantocustaviajar.com\/blog\/lugares-para-um-cafe-da-tarde-em-sp\/"},"wordCount":1147,"commentCount":0,"publisher":{"@id":"https:\/\/quantocustaviajar.com\/blog\/#organization"},"image":{"@id":"https:\/\/quantocustaviajar.com\/blog\/lugares-para-um-cafe-da-tarde-em-sp\/#primaryimage"},"thumbnailUrl":"https:\/\/quantocustaviajar.com\/blog\/wp-content\/uploads\/2022\/05\/cafe-da-tarde-em-sp.jpeg","keywords":["Brasil","buffet","caf\u00e9","caf\u00e9 da tarde","cafeteria","ch\u00e1 da tarde","dicas","interior de sao paulo","o que fazer","S\u00e3o Paulo"],"articleSection":["Comes &amp; Bebes"],"inLanguage":"pt-BR","potentialAction":[{"@type":"CommentAction","name":"Comment","target":["https:\/\/quantocustaviajar.com\/blog\/lugares-para-um-cafe-da-tarde-em-sp\/#respond"]}]},{"@type":"WebPage","@id":"https:\/\/quantocustaviajar.com\/blog\/lugares-para-um-cafe-da-tarde-em-sp\/","url":"https:\/\/quantocustaviajar.com\/blog\/lugares-para-um-cafe-da-tarde-em-sp\/","name":"Como na casa da vov\u00f3: 10 lugares para um caf\u00e9 da tarde em\u00a0SP","isPartOf":{"@id":"https:\/\/quantocustaviajar.com\/blog\/#website"},"primaryImageOfPage":{"@id":"https:\/\/quantocustaviajar.com\/blog\/lugares-para-um-cafe-da-tarde-em-sp\/#primaryimage"},"image":{"@id":"https:\/\/quantocustaviajar.com\/blog\/lugares-para-um-cafe-da-tarde-em-sp\/#primaryimage"},"thumbnailUrl":"https:\/\/quantocustaviajar.com\/blog\/wp-content\/uploads\/2022\/05\/cafe-da-tarde-em-sp.jpeg","datePublished":"2022-05-24T18:47:25+00:00","dateModified":"2022-09-22T12:58:05+00:00","description":"Se voc\u00ea \u00e9 uma pessoa que come a cada tr\u00eas horas, precisa conhecer esses 10 lugares incr\u00edveis para um caf\u00e9 da tarde em SP e arredores.\u00a0","breadcrumb":{"@id":"https:\/\/quantocustaviajar.com\/blog\/lugares-para-um-cafe-da-tarde-em-sp\/#breadcrumb"},"inLanguage":"pt-BR","potentialAction":[{"@type":"ReadAction","target":["https:\/\/quantocustaviajar.com\/blog\/lugares-para-um-cafe-da-tarde-em-sp\/"]}]},{"@type":"ImageObject","inLanguage":"pt-BR","@id":"https:\/\/quantocustaviajar.com\/blog\/lugares-para-um-cafe-da-tarde-em-sp\/#primaryimage","url":"https:\/\/quantocustaviajar.com\/blog\/wp-content\/uploads\/2022\/05\/cafe-da-tarde-em-sp.jpeg","contentUrl":"https:\/\/quantocustaviajar.com\/blog\/wp-content\/uploads\/2022\/05\/cafe-da-tarde-em-sp.jpeg","width":2048,"height":1545,"caption":"Foto: divulga\u00e7\u00e3o"},{"@type":"BreadcrumbList","@id":"https:\/\/quantocustaviajar.com\/blog\/lugares-para-um-cafe-da-tarde-em-sp\/#breadcrumb","itemListElement":[{"@type":"ListItem","position":1,"name":"In\u00edcio","item":"https:\/\/quantocustaviajar.com\/blog\/"},{"@type":"ListItem","position":2,"name":"Como na casa da vov\u00f3: 10 lugares para um caf\u00e9 da tarde em\u00a0SP"}]},{"@type":"WebSite","@id":"https:\/\/quantocustaviajar.com\/blog\/#website","url":"https:\/\/quantocustaviajar.com\/blog\/","name":"Blog Quanto Custa Viajar","description":"","publisher":{"@id":"https:\/\/quantocustaviajar.com\/blog\/#organization"},"potentialAction":[{"@type":"SearchAction","target":{"@type":"EntryPoint","urlTemplate":"https:\/\/quantocustaviajar.com\/blog\/?s={search_term_string}"},"query-input":{"@type":"PropertyValueSpecification","valueRequired":true,"valueName":"search_term_string"}}],"inLanguage":"pt-BR"},{"@type":"Organization","@id":"https:\/\/quantocustaviajar.com\/blog\/#organization","name":"Quanto Custa Viajar","url":"https:\/\/quantocustaviajar.com\/blog\/","logo":{"@type":"ImageObject","inLanguage":"pt-BR","@id":"https:\/\/quantocustaviajar.com\/blog\/#\/schema\/logo\/image\/","url":"","contentUrl":"","caption":"Quanto Custa Viajar"},"image":{"@id":"https:\/\/quantocustaviajar.com\/blog\/#\/schema\/logo\/image\/"},"sameAs":["https:\/\/www.facebook.com\/quantocustaviajar"]},{"@type":"Person","@id":"https:\/\/quantocustaviajar.com\/blog\/#\/schema\/person\/1a6dd3da9d0c0a4be42652b67bea19bb","name":"Brunella Nunes","image":{"@type":"ImageObject","inLanguage":"pt-BR","@id":"https:\/\/quantocustaviajar.com\/blog\/#\/schema\/person\/image\/","url":"https:\/\/secure.gravatar.com\/avatar\/05b28dfb8a3cc7ee0dba6feefa5677f05be6d7bf4b017728fd38499092f9c282?s=96&d=mm&r=g","contentUrl":"https:\/\/secure.gravatar.com\/avatar\/05b28dfb8a3cc7ee0dba6feefa5677f05be6d7bf4b017728fd38499092f9c282?s=96&d=mm&r=g","caption":"Brunella Nunes"},"description":"Quando n\u00e3o est\u00e1 viajando pelo mundo, est\u00e1 viajando nas ideias.","sameAs":["https:\/\/www.facebook.com\/brunellapfvr\/posts","https:\/\/www.linkedin.com\/in\/brunellanunes\/"],"url":"https:\/\/quantocustaviajar.com\/blog\/author\/equipe\/"}]}},"_links":{"self":[{"href":"https:\/\/quantocustaviajar.com\/blog\/wp-json\/wp\/v2\/posts\/53389","targetHints":{"allow":["GET"]}}],"collection":[{"href":"https:\/\/quantocustaviajar.com\/blog\/wp-json\/wp\/v2\/posts"}],"about":[{"href":"https:\/\/quantocustaviajar.com\/blog\/wp-json\/wp\/v2\/types\/post"}],"author":[{"embeddable":true,"href":"https:\/\/quantocustaviajar.com\/blog\/wp-json\/wp\/v2\/users\/4"}],"replies":[{"embeddable":true,"href":"https:\/\/quantocustaviajar.com\/blog\/wp-json\/wp\/v2\/comments?post=53389"}],"version-history":[{"count":2,"href":"https:\/\/quantocustaviajar.com\/blog\/wp-json\/wp\/v2\/posts\/53389\/revisions"}],"predecessor-version":[{"id":53555,"href":"https:\/\/quantocustaviajar.com\/blog\/wp-json\/wp\/v2\/posts\/53389\/revisions\/53555"}],"wp:featuredmedia":[{"embeddable":true,"href":"https:\/\/quantocustaviajar.com\/blog\/wp-json\/wp\/v2\/media\/53537"}],"wp:attachment":[{"href":"https:\/\/quantocustaviajar.com\/blog\/wp-json\/wp\/v2\/media?parent=53389"}],"wp:term":[{"taxonomy":"category","embeddable":true,"href":"https:\/\/quantocustaviajar.com\/blog\/wp-json\/wp\/v2\/categories?post=53389"},{"taxonomy":"post_tag","embeddable":true,"href":"https:\/\/quantocustaviajar.com\/blog\/wp-json\/wp\/v2\/tags?post=53389"}],"curies":[{"name":"wp","href":"https:\/\/api.w.org\/{rel}","templated":true}]}}