{"id":53146,"date":"2022-04-19T12:43:40","date_gmt":"2022-04-19T12:43:40","guid":{"rendered":"https:\/\/quantocustaviajar.com\/blog\/?p=53146"},"modified":"2022-09-22T13:39:03","modified_gmt":"2022-09-22T13:39:03","slug":"alles-park-pomerode","status":"publish","type":"post","link":"https:\/\/quantocustaviajar.com\/blog\/alles-park-pomerode\/","title":{"rendered":"Neve o ano todo em Santa Catarina no Alles Park!"},"content":{"rendered":"\n<p>J\u00e1 pensou voc\u00ea curtir a neve o ano todo?! \u00c9 essa a promessa do <strong><a href=\"https:\/\/allespark.com.br\/\" target=\"_blank\" rel=\"noreferrer noopener\">Alles Park<\/a><\/strong>, um parque tem\u00e1tico de neve que ir\u00e1 inaugurar em junho de 2022 em Pomerode-SC.<\/p>\n\n\n\n<p>A cidade de <strong><a href=\"https:\/\/quantocustaviajar.com\/blog\/pomerode-em-santa-catarina\/\" target=\"_blank\" rel=\"noreferrer noopener\">Pomerode<\/a><\/strong> cada vez mais se destaca no turismo do Brasil. \u00c9 considerada a cidade mais alem\u00e3 do pa\u00eds e possui festas como a <strong><a href=\"https:\/\/quantocustaviajar.com\/blog\/osterfest-em-pomerode-festa-pascoa\/\" target=\"_blank\" rel=\"noreferrer noopener\">Osterfest<\/a><\/strong> que \u00e9 a p\u00e1scoa em estilo alem\u00e3o, nessa festa h\u00e1 sempre um ovo todo decorado que j\u00e1 entrou pro livro dos records como o maior do mundo! Al\u00e9m disso, a Rota do enxaimel em Pomerode recebeu selo internacional da ONU sendo reconhecida como uma das melhores vilas tur\u00edsticas do mundo.<\/p>\n\n\n\n<figure class=\"wp-block-image size-full\"><a href=\"https:\/\/quantocustaviajar.com\/blog\/wp-content\/uploads\/2022\/04\/novo-parque-tematico-neve-santa-catarina-00003-820x461-1.jpeg\"><img loading=\"lazy\" decoding=\"async\" width=\"820\" height=\"461\" src=\"https:\/\/quantocustaviajar.com\/blog\/wp-content\/uploads\/2022\/04\/novo-parque-tematico-neve-santa-catarina-00003-820x461-1.jpeg\" alt=\"\" class=\"wp-image-53147\" srcset=\"https:\/\/quantocustaviajar.com\/blog\/wp-content\/uploads\/2022\/04\/novo-parque-tematico-neve-santa-catarina-00003-820x461-1.jpeg 820w, https:\/\/quantocustaviajar.com\/blog\/wp-content\/uploads\/2022\/04\/novo-parque-tematico-neve-santa-catarina-00003-820x461-1-300x169.jpeg 300w, https:\/\/quantocustaviajar.com\/blog\/wp-content\/uploads\/2022\/04\/novo-parque-tematico-neve-santa-catarina-00003-820x461-1-768x432.jpeg 768w\" sizes=\"auto, (max-width: 820px) 100vw, 820px\" \/><\/a><\/figure>\n\n\n\n<h2 class=\"wp-block-heading\">Alles Park em Pomerode<\/h2>\n\n\n\n<p>Agora Pomerode ir\u00e1 contar com mais uma atra\u00e7\u00e3o que \u00e9 o <strong>Alles Park<\/strong>, um parque tem\u00e1tico de neve que tamb\u00e9m ser\u00e1 em um estilo europeu, parecendo uma pequena Alemanha.<\/p>\n\n\n\n<p>O parque ter\u00e1 uma \u00e1rea constru\u00edda de 50 mil metros quadrados e ir\u00e1 contar com atra\u00e7\u00f5es como a Vila da Neve, um ambiente cenogr\u00e1fico, com escorregadores, iglus e bonecos de neve, carrossel feito de madeira de forma artesanal, Scape Room, labirinto de espelhos, chafariz interativo, al\u00e9m de lojas, gastronomia t\u00edpica alem\u00e3 e cervejarias.<\/p>\n\n\n\n<figure class=\"wp-block-image size-full\"><a href=\"https:\/\/quantocustaviajar.com\/blog\/wp-content\/uploads\/2022\/04\/novo-parque-tematico-neve-santa-catarina-00006-820x461-1.jpeg\"><img loading=\"lazy\" decoding=\"async\" width=\"820\" height=\"461\" src=\"https:\/\/quantocustaviajar.com\/blog\/wp-content\/uploads\/2022\/04\/novo-parque-tematico-neve-santa-catarina-00006-820x461-1.jpeg\" alt=\"\" class=\"wp-image-53148\" srcset=\"https:\/\/quantocustaviajar.com\/blog\/wp-content\/uploads\/2022\/04\/novo-parque-tematico-neve-santa-catarina-00006-820x461-1.jpeg 820w, https:\/\/quantocustaviajar.com\/blog\/wp-content\/uploads\/2022\/04\/novo-parque-tematico-neve-santa-catarina-00006-820x461-1-300x169.jpeg 300w, https:\/\/quantocustaviajar.com\/blog\/wp-content\/uploads\/2022\/04\/novo-parque-tematico-neve-santa-catarina-00006-820x461-1-768x432.jpeg 768w\" sizes=\"auto, (max-width: 820px) 100vw, 820px\" \/><\/a><\/figure>\n\n\n\n<p>O parque estar\u00e1 aberto a partir de julho!<\/p>\n\n\n\n<figure class=\"wp-block-embed is-type-video is-provider-youtube wp-block-embed-youtube wp-embed-aspect-16-9 wp-has-aspect-ratio\"><div class=\"wp-block-embed__wrapper\">\n<iframe loading=\"lazy\" title=\"TODOS os detalhes do NOVO Parque Tem\u00e1tico de Santa Catarina? - Alles Park | Hapfun\" width=\"1290\" height=\"726\" src=\"https:\/\/www.youtube.com\/embed\/RDhiYBpoCDs?feature=oembed\" frameborder=\"0\" allow=\"accelerometer; autoplay; clipboard-write; encrypted-media; gyroscope; picture-in-picture; web-share\" referrerpolicy=\"strict-origin-when-cross-origin\" allowfullscreen><\/iframe>\n<\/div><\/figure>\n\n\n\n<p><strong>Para chegar em Pomerode<\/strong> voc\u00ea pode pegar um avi\u00e3o at\u00e9 Navegantes, de l\u00e1 pode dar uma passadinha em outro parque tem\u00e1tico na regi\u00e3o que \u00e9 o Beto Carrero e depois pegar a BR 470 rumo ao Vale Europeu e Blumenau.<\/p>\n\n\n\n<p>Para ingressos, <strong><a href=\"https:\/\/allespark.com.br\/\" target=\"_blank\" rel=\"noreferrer noopener\">acesse o site oficial.<\/a><\/strong><\/p>\n\n\n\n<p><strong><a href=\"?from=SAO&amp;utm_source=qcv&amp;utm_medium=blog\" target=\"_blank\" rel=\"noreferrer noopener\">Encontre aqui passagem a\u00e9rea para Navegantes<\/a><\/strong> | <strong><a href=\"https:\/\/www.booking.com\/searchresults.pt-br.html?aid=2161834&amp;sid=c09f127db37fbb997afb9cd3d280cfb1&amp;sb=1&amp;sb_lp=1&amp;src=index&amp;src_elem=sb&amp;error_url=https%3A%2F%2Fwww.booking.com%2Findex.pt-br.html%3Faid%3D2161834%3Bsid%3Dc09f127db37fbb997afb9cd3d280cfb1%3Bsb_price_type%3Dtotal%26%3B&amp;ss=Pomerode%2C+Santa+Catarina%2C+Brasil&amp;is_ski_area=&amp;checkin_year=2022&amp;checkin_month=8&amp;checkin_monthday=19&amp;checkout_year=2022&amp;checkout_month=8&amp;checkout_monthday=20&amp;group_adults=2&amp;group_children=0&amp;no_rooms=1&amp;b_h4u_keep_filters=&amp;from_sf=1&amp;ss_raw=pomero&amp;ac_position=0&amp;ac_langcode=xb&amp;ac_click_type=b&amp;dest_id=-663019&amp;dest_type=city&amp;place_id_lat=-26.73562&amp;place_id_lon=-49.17701&amp;search_pageview_id=87685949c93c00aa&amp;search_selected=true&amp;search_pageview_id=87685949c93c00aa&amp;ac_suggestion_list_length=5&amp;ac_suggestion_theme_list_length=0\" target=\"_blank\" rel=\"noreferrer noopener\">Pesquise uma hospedagem na regi\u00e3o<\/a><\/strong><\/p>\n\n\n\n<p>Imagens:<strong><a href=\"https:\/\/www.instagram.com\/allespark_pomerode\/\" target=\"_blank\" rel=\"noreferrer noopener\"> <\/a><\/strong><a href=\"https:\/\/www.instagram.com\/allespark_pomerode\/\" target=\"_blank\" rel=\"noreferrer noopener\">Divulga\u00e7\u00e3o Alles Park<\/a><\/p>\n","protected":false},"excerpt":{"rendered":"<p>J\u00e1 pensou voc\u00ea curtir a neve o ano todo?! \u00c9 essa a promessa do Alles Park, um parque tem\u00e1tico de neve que ir\u00e1 inaugurar em junho de 2022 em Pomerode-SC. A cidade de Pomerode cada vez mais se destaca no turismo do Brasil. \u00c9 considerada a cidade mais alem\u00e3 do pa\u00eds e possui festas como [&hellip;]<\/p>\n","protected":false},"author":9,"featured_media":53149,"comment_status":"open","ping_status":"open","sticky":false,"template":"","format":"standard","meta":{"cybocfi_hide_featured_image":"","footnotes":""},"categories":[1436,1434],"tags":[1670,3148,147,1464,187],"class_list":["post-53146","post","type-post","status-publish","format-standard","has-post-thumbnail","hentry","category-artes-cultura-diversao","category-descubra-brasil","tag-blumenau","tag-parque-de-diversoes","tag-parque-tematico","tag-pomerode","tag-santa-catarina"],"blocksy_meta":[],"yoast_head":"<!-- This site is optimized with the Yoast SEO plugin v26.3 - https:\/\/yoast.com\/wordpress\/plugins\/seo\/ -->\n<title>Neve o ano todo em Santa Catarina no Alles Park!<\/title>\n<meta name=\"robots\" content=\"index, follow, max-snippet:-1, max-image-preview:large, max-video-preview:-1\" \/>\n<link rel=\"canonical\" href=\"https:\/\/quantocustaviajar.com\/blog\/alles-park-pomerode\/\" \/>\n<meta property=\"og:locale\" content=\"pt_BR\" \/>\n<meta property=\"og:type\" content=\"article\" \/>\n<meta property=\"og:title\" content=\"Neve o ano todo em Santa Catarina no Alles Park!\" \/>\n<meta property=\"og:description\" content=\"J\u00e1 pensou voc\u00ea curtir a neve o ano todo?! \u00c9 essa a promessa do Alles Park, um parque tem\u00e1tico de neve que ir\u00e1 inaugurar em junho de 2022 em Pomerode-SC. A cidade de Pomerode cada vez mais se destaca no turismo do Brasil. \u00c9 considerada a cidade mais alem\u00e3 do pa\u00eds e possui festas como [&hellip;]\" \/>\n<meta property=\"og:url\" content=\"https:\/\/quantocustaviajar.com\/blog\/alles-park-pomerode\/\" \/>\n<meta property=\"og:site_name\" content=\"Blog Quanto Custa Viajar\" \/>\n<meta property=\"article:publisher\" content=\"https:\/\/www.facebook.com\/quantocustaviajar\" \/>\n<meta property=\"article:published_time\" content=\"2022-04-19T12:43:40+00:00\" \/>\n<meta property=\"article:modified_time\" content=\"2022-09-22T13:39:03+00:00\" \/>\n<meta property=\"og:image\" content=\"https:\/\/quantocustaviajar.com\/blog\/wp-content\/uploads\/2022\/04\/default.jpeg\" \/>\n\t<meta property=\"og:image:width\" content=\"1206\" \/>\n\t<meta property=\"og:image:height\" content=\"720\" \/>\n\t<meta property=\"og:image:type\" content=\"image\/jpeg\" \/>\n<meta name=\"author\" content=\"Reda\u00e7\u00e3o QCV\" \/>\n<meta name=\"twitter:card\" content=\"summary_large_image\" \/>\n<meta name=\"twitter:label1\" content=\"Escrito por\" \/>\n\t<meta name=\"twitter:data1\" content=\"Reda\u00e7\u00e3o QCV\" \/>\n\t<meta name=\"twitter:label2\" content=\"Est. tempo de leitura\" \/>\n\t<meta name=\"twitter:data2\" content=\"2 minutos\" \/>\n<!-- \/ Yoast SEO plugin. -->","yoast_head_json":{"title":"Neve o ano todo em Santa Catarina no Alles Park!","robots":{"index":"index","follow":"follow","max-snippet":"max-snippet:-1","max-image-preview":"max-image-preview:large","max-video-preview":"max-video-preview:-1"},"canonical":"https:\/\/quantocustaviajar.com\/blog\/alles-park-pomerode\/","og_locale":"pt_BR","og_type":"article","og_title":"Neve o ano todo em Santa Catarina no Alles Park!","og_description":"J\u00e1 pensou voc\u00ea curtir a neve o ano todo?! \u00c9 essa a promessa do Alles Park, um parque tem\u00e1tico de neve que ir\u00e1 inaugurar em junho de 2022 em Pomerode-SC. A cidade de Pomerode cada vez mais se destaca no turismo do Brasil. \u00c9 considerada a cidade mais alem\u00e3 do pa\u00eds e possui festas como [&hellip;]","og_url":"https:\/\/quantocustaviajar.com\/blog\/alles-park-pomerode\/","og_site_name":"Blog Quanto Custa Viajar","article_publisher":"https:\/\/www.facebook.com\/quantocustaviajar","article_published_time":"2022-04-19T12:43:40+00:00","article_modified_time":"2022-09-22T13:39:03+00:00","og_image":[{"width":1206,"height":720,"url":"https:\/\/quantocustaviajar.com\/blog\/wp-content\/uploads\/2022\/04\/default.jpeg","type":"image\/jpeg"}],"author":"Reda\u00e7\u00e3o QCV","twitter_card":"summary_large_image","twitter_misc":{"Escrito por":"Reda\u00e7\u00e3o QCV","Est. tempo de leitura":"2 minutos"},"schema":{"@context":"https:\/\/schema.org","@graph":[{"@type":["Article","BlogPosting"],"@id":"https:\/\/quantocustaviajar.com\/blog\/alles-park-pomerode\/#article","isPartOf":{"@id":"https:\/\/quantocustaviajar.com\/blog\/alles-park-pomerode\/"},"author":{"name":"Reda\u00e7\u00e3o QCV","@id":"https:\/\/quantocustaviajar.com\/blog\/#\/schema\/person\/b99c49b1272e2104cc84a5a84122b751"},"headline":"Neve o ano todo em Santa Catarina no Alles Park!","datePublished":"2022-04-19T12:43:40+00:00","dateModified":"2022-09-22T13:39:03+00:00","mainEntityOfPage":{"@id":"https:\/\/quantocustaviajar.com\/blog\/alles-park-pomerode\/"},"wordCount":291,"commentCount":0,"publisher":{"@id":"https:\/\/quantocustaviajar.com\/blog\/#organization"},"image":{"@id":"https:\/\/quantocustaviajar.com\/blog\/alles-park-pomerode\/#primaryimage"},"thumbnailUrl":"https:\/\/quantocustaviajar.com\/blog\/wp-content\/uploads\/2022\/04\/default.jpeg","keywords":["blumenau","parque de diversoes","parque tematico","pomerode","Santa Catarina"],"articleSection":["Artes, Cultura &amp; Divers\u00e3o","Descubra o Brasil"],"inLanguage":"pt-BR","potentialAction":[{"@type":"CommentAction","name":"Comment","target":["https:\/\/quantocustaviajar.com\/blog\/alles-park-pomerode\/#respond"]}]},{"@type":"WebPage","@id":"https:\/\/quantocustaviajar.com\/blog\/alles-park-pomerode\/","url":"https:\/\/quantocustaviajar.com\/blog\/alles-park-pomerode\/","name":"Neve o ano todo em Santa Catarina no Alles Park!","isPartOf":{"@id":"https:\/\/quantocustaviajar.com\/blog\/#website"},"primaryImageOfPage":{"@id":"https:\/\/quantocustaviajar.com\/blog\/alles-park-pomerode\/#primaryimage"},"image":{"@id":"https:\/\/quantocustaviajar.com\/blog\/alles-park-pomerode\/#primaryimage"},"thumbnailUrl":"https:\/\/quantocustaviajar.com\/blog\/wp-content\/uploads\/2022\/04\/default.jpeg","datePublished":"2022-04-19T12:43:40+00:00","dateModified":"2022-09-22T13:39:03+00:00","breadcrumb":{"@id":"https:\/\/quantocustaviajar.com\/blog\/alles-park-pomerode\/#breadcrumb"},"inLanguage":"pt-BR","potentialAction":[{"@type":"ReadAction","target":["https:\/\/quantocustaviajar.com\/blog\/alles-park-pomerode\/"]}]},{"@type":"ImageObject","inLanguage":"pt-BR","@id":"https:\/\/quantocustaviajar.com\/blog\/alles-park-pomerode\/#primaryimage","url":"https:\/\/quantocustaviajar.com\/blog\/wp-content\/uploads\/2022\/04\/default.jpeg","contentUrl":"https:\/\/quantocustaviajar.com\/blog\/wp-content\/uploads\/2022\/04\/default.jpeg","width":1206,"height":720},{"@type":"BreadcrumbList","@id":"https:\/\/quantocustaviajar.com\/blog\/alles-park-pomerode\/#breadcrumb","itemListElement":[{"@type":"ListItem","position":1,"name":"In\u00edcio","item":"https:\/\/quantocustaviajar.com\/blog\/"},{"@type":"ListItem","position":2,"name":"Neve o ano todo em Santa Catarina no Alles Park!"}]},{"@type":"WebSite","@id":"https:\/\/quantocustaviajar.com\/blog\/#website","url":"https:\/\/quantocustaviajar.com\/blog\/","name":"Blog Quanto Custa Viajar","description":"","publisher":{"@id":"https:\/\/quantocustaviajar.com\/blog\/#organization"},"potentialAction":[{"@type":"SearchAction","target":{"@type":"EntryPoint","urlTemplate":"https:\/\/quantocustaviajar.com\/blog\/?s={search_term_string}"},"query-input":{"@type":"PropertyValueSpecification","valueRequired":true,"valueName":"search_term_string"}}],"inLanguage":"pt-BR"},{"@type":"Organization","@id":"https:\/\/quantocustaviajar.com\/blog\/#organization","name":"Quanto Custa Viajar","url":"https:\/\/quantocustaviajar.com\/blog\/","logo":{"@type":"ImageObject","inLanguage":"pt-BR","@id":"https:\/\/quantocustaviajar.com\/blog\/#\/schema\/logo\/image\/","url":"","contentUrl":"","caption":"Quanto Custa Viajar"},"image":{"@id":"https:\/\/quantocustaviajar.com\/blog\/#\/schema\/logo\/image\/"},"sameAs":["https:\/\/www.facebook.com\/quantocustaviajar"]},{"@type":"Person","@id":"https:\/\/quantocustaviajar.com\/blog\/#\/schema\/person\/b99c49b1272e2104cc84a5a84122b751","name":"Reda\u00e7\u00e3o QCV","image":{"@type":"ImageObject","inLanguage":"pt-BR","@id":"https:\/\/quantocustaviajar.com\/blog\/#\/schema\/person\/image\/","url":"https:\/\/secure.gravatar.com\/avatar\/e7b47d7a4633897697c32e0a2a1ad3abd9ca142ad0d9b7897241c6115247561b?s=96&d=mm&r=g","contentUrl":"https:\/\/secure.gravatar.com\/avatar\/e7b47d7a4633897697c32e0a2a1ad3abd9ca142ad0d9b7897241c6115247561b?s=96&d=mm&r=g","caption":"Reda\u00e7\u00e3o QCV"},"url":"https:\/\/quantocustaviajar.com\/blog\/author\/redacao\/"}]}},"_links":{"self":[{"href":"https:\/\/quantocustaviajar.com\/blog\/wp-json\/wp\/v2\/posts\/53146","targetHints":{"allow":["GET"]}}],"collection":[{"href":"https:\/\/quantocustaviajar.com\/blog\/wp-json\/wp\/v2\/posts"}],"about":[{"href":"https:\/\/quantocustaviajar.com\/blog\/wp-json\/wp\/v2\/types\/post"}],"author":[{"embeddable":true,"href":"https:\/\/quantocustaviajar.com\/blog\/wp-json\/wp\/v2\/users\/9"}],"replies":[{"embeddable":true,"href":"https:\/\/quantocustaviajar.com\/blog\/wp-json\/wp\/v2\/comments?post=53146"}],"version-history":[{"count":3,"href":"https:\/\/quantocustaviajar.com\/blog\/wp-json\/wp\/v2\/posts\/53146\/revisions"}],"predecessor-version":[{"id":53900,"href":"https:\/\/quantocustaviajar.com\/blog\/wp-json\/wp\/v2\/posts\/53146\/revisions\/53900"}],"wp:featuredmedia":[{"embeddable":true,"href":"https:\/\/quantocustaviajar.com\/blog\/wp-json\/wp\/v2\/media\/53149"}],"wp:attachment":[{"href":"https:\/\/quantocustaviajar.com\/blog\/wp-json\/wp\/v2\/media?parent=53146"}],"wp:term":[{"taxonomy":"category","embeddable":true,"href":"https:\/\/quantocustaviajar.com\/blog\/wp-json\/wp\/v2\/categories?post=53146"},{"taxonomy":"post_tag","embeddable":true,"href":"https:\/\/quantocustaviajar.com\/blog\/wp-json\/wp\/v2\/tags?post=53146"}],"curies":[{"name":"wp","href":"https:\/\/api.w.org\/{rel}","templated":true}]}}