{"id":52595,"date":"2022-03-14T14:00:17","date_gmt":"2022-03-14T14:00:17","guid":{"rendered":"https:\/\/quantocustaviajar.com\/blog\/?p=52595"},"modified":"2022-03-14T14:00:19","modified_gmt":"2022-03-14T14:00:19","slug":"cafe-em-montevideu","status":"publish","type":"post","link":"https:\/\/quantocustaviajar.com\/blog\/cafe-em-montevideu\/","title":{"rendered":"Caf\u00e9 em Montevid\u00e9u ocupa uma antiga farm\u00e1cia com charme do passado e\u00a0brunch"},"content":{"rendered":"\n<p>O fil\u00f3sofo Hip\u00f3crates dizia &#8220;<em>que seu rem\u00e9dio seja seu alimento, e seu alimento seja seu rem\u00e9dio<\/em>&#8220;. Levando a teoria para a pr\u00e1tica, esse caf\u00e9 em Montevid\u00e9u, no Uruguai, aproveita a estrutura de uma antiga farm\u00e1cia para servir comida saud\u00e1vel e colorida, conforme manda a bula.&nbsp;<\/p>\n\n\n\n<p>\u00c9 numa esquina da <a href=\"https:\/\/quantocustaviajar.com\/blog\/sin-pretensiones-restaurante-com-bom-custo-beneficio-em-montevideu\/\" target=\"_blank\" rel=\"noreferrer noopener\">Cidade Velha<\/a> que a extinta Farm\u00e1cia Deli teve seus dias de gl\u00f3ria a partir de 1870. Tombado como Patrim\u00f4nio Hist\u00f3rico e conservado de maneira praticamente intacta, o com\u00e9rcio \u00e9 hoje o <strong>La Farmacia Caf\u00e9<\/strong>, uma das cafeterias mais deslumbrantes e interessantes do mundo. &nbsp;<\/p>\n\n\n\n<p>Ao tocar os puxadores em bronze das portas se abre um portal do tempo. O <a href=\"https:\/\/quantocustaviajar.com\/blog\/bar-descolado-no-centro-de-sp-jaguar-bar\/\" target=\"_blank\" rel=\"noreferrer noopener\">ambiente nost\u00e1lgico<\/a> que amanhece com a entrada de luz natural pelas vitrines parece perfeito para uma pausa no dia.<\/p>\n\n\n\n<div class=\"wp-block-image\"><figure class=\"aligncenter size-large\"><img loading=\"lazy\" decoding=\"async\" width=\"1024\" height=\"683\" src=\"https:\/\/quantocustaviajar.com\/blog\/wp-content\/uploads\/2022\/03\/la-farmacia-montevideu-1024x683.jpeg\" alt=\"\" class=\"wp-image-52596\" srcset=\"https:\/\/quantocustaviajar.com\/blog\/wp-content\/uploads\/2022\/03\/la-farmacia-montevideu-1024x683.jpeg 1024w, https:\/\/quantocustaviajar.com\/blog\/wp-content\/uploads\/2022\/03\/la-farmacia-montevideu-300x200.jpeg 300w, https:\/\/quantocustaviajar.com\/blog\/wp-content\/uploads\/2022\/03\/la-farmacia-montevideu-768x512.jpeg 768w, https:\/\/quantocustaviajar.com\/blog\/wp-content\/uploads\/2022\/03\/la-farmacia-montevideu-1536x1024.jpeg 1536w, https:\/\/quantocustaviajar.com\/blog\/wp-content\/uploads\/2022\/03\/la-farmacia-montevideu-1920x1280.jpeg 1920w, https:\/\/quantocustaviajar.com\/blog\/wp-content\/uploads\/2022\/03\/la-farmacia-montevideu.jpeg 2048w\" sizes=\"auto, (max-width: 1024px) 100vw, 1024px\" \/><figcaption>Foto: divulga\u00e7\u00e3o<\/figcaption><\/figure><\/div>\n\n\n\n<p><strong><a href=\"https:\/\/www.turismocity.com.br\/passagens-aereas-para-MVD-Montevideu?from=SAO&amp;utm_source=qcv&amp;utm_medium=blog\" target=\"_blank\" rel=\"noreferrer noopener\">Pesquise aqui passagem para Montevid\u00e9u<\/a><\/strong><\/p>\n\n\n\n<div class=\"wp-block-image\"><figure class=\"aligncenter size-large\"><img loading=\"lazy\" decoding=\"async\" width=\"1024\" height=\"683\" src=\"https:\/\/quantocustaviajar.com\/blog\/wp-content\/uploads\/2022\/03\/la-farmacia-montevideu7-1024x683.jpeg\" alt=\"\" class=\"wp-image-52601\" srcset=\"https:\/\/quantocustaviajar.com\/blog\/wp-content\/uploads\/2022\/03\/la-farmacia-montevideu7-1024x683.jpeg 1024w, https:\/\/quantocustaviajar.com\/blog\/wp-content\/uploads\/2022\/03\/la-farmacia-montevideu7-300x200.jpeg 300w, https:\/\/quantocustaviajar.com\/blog\/wp-content\/uploads\/2022\/03\/la-farmacia-montevideu7-768x512.jpeg 768w, https:\/\/quantocustaviajar.com\/blog\/wp-content\/uploads\/2022\/03\/la-farmacia-montevideu7-1536x1024.jpeg 1536w, https:\/\/quantocustaviajar.com\/blog\/wp-content\/uploads\/2022\/03\/la-farmacia-montevideu7-1920x1280.jpeg 1920w, https:\/\/quantocustaviajar.com\/blog\/wp-content\/uploads\/2022\/03\/la-farmacia-montevideu7.jpeg 2048w\" sizes=\"auto, (max-width: 1024px) 100vw, 1024px\" \/><figcaption>Foto: divulga\u00e7\u00e3o<\/figcaption><\/figure><\/div>\n\n\n\n<h2 class=\"wp-block-heading\">Caf\u00e9 em Montevid\u00e9u<\/h2>\n\n\n\n<p>A decora\u00e7\u00e3o neog\u00f3tica e Art Nouveau precisou de restauro, mas de quase nenhuma adapta\u00e7\u00e3o. O charme fica a crit\u00e9rio dos antigos balc\u00f5es e prateleiras de madeira, bel\u00edssimas, que sobem em dire\u00e7\u00e3o ao p\u00e9 direito alto e tocam o colorido piso em mosaico geom\u00e9trico. As gavetas ainda est\u00e3o etiquetadas com especialidades farmac\u00eauticas.<\/p>\n\n\n\n<p>Hoje, ainda assim, o espa\u00e7o tamb\u00e9m pode ser considerado um laborat\u00f3rio, que manipula <strong>caf\u00e9s especiais <\/strong>de um jeito profissional, em m\u00e9todos variados, e distribui doses di\u00e1rias a quem n\u00e3o vive sem cafe\u00edna nas veias. O menu tem op\u00e7\u00f5es de desjejum, <a href=\"https:\/\/quantocustaviajar.com\/blog\/brunch-em-sao-paulo-traz-pratos-australianos-saudaveis-e-inovadores\/\" target=\"_blank\" rel=\"noreferrer noopener\">brunch<\/a> e lanchinho da tarde.&nbsp;<\/p>\n\n\n\n<figure class=\"wp-block-gallery has-nested-images columns-default is-cropped wp-block-gallery-1 is-layout-flex wp-block-gallery-is-layout-flex\">\n<figure class=\"wp-block-image size-large\"><a href=\"https:\/\/quantocustaviajar.com\/blog\/wp-content\/uploads\/2022\/03\/la-farmacia-montevideu8.jpeg\"><img loading=\"lazy\" decoding=\"async\" width=\"1440\" height=\"1440\" data-id=\"52602\" src=\"https:\/\/quantocustaviajar.com\/blog\/wp-content\/uploads\/2022\/03\/la-farmacia-montevideu8.jpeg\" alt=\"\" class=\"wp-image-52602\" srcset=\"https:\/\/quantocustaviajar.com\/blog\/wp-content\/uploads\/2022\/03\/la-farmacia-montevideu8.jpeg 1440w, https:\/\/quantocustaviajar.com\/blog\/wp-content\/uploads\/2022\/03\/la-farmacia-montevideu8-300x300.jpeg 300w, https:\/\/quantocustaviajar.com\/blog\/wp-content\/uploads\/2022\/03\/la-farmacia-montevideu8-1024x1024.jpeg 1024w, https:\/\/quantocustaviajar.com\/blog\/wp-content\/uploads\/2022\/03\/la-farmacia-montevideu8-150x150.jpeg 150w, https:\/\/quantocustaviajar.com\/blog\/wp-content\/uploads\/2022\/03\/la-farmacia-montevideu8-768x768.jpeg 768w\" sizes=\"auto, (max-width: 1440px) 100vw, 1440px\" \/><\/a><figcaption>Foto: divulga\u00e7\u00e3o<\/figcaption><\/figure>\n\n\n\n<figure class=\"wp-block-image size-large\"><a href=\"https:\/\/quantocustaviajar.com\/blog\/wp-content\/uploads\/2022\/03\/la-farmacia-montevideu2.jpeg\"><img loading=\"lazy\" decoding=\"async\" width=\"1440\" height=\"1800\" data-id=\"52597\" src=\"https:\/\/quantocustaviajar.com\/blog\/wp-content\/uploads\/2022\/03\/la-farmacia-montevideu2.jpeg\" alt=\"\" class=\"wp-image-52597\" srcset=\"https:\/\/quantocustaviajar.com\/blog\/wp-content\/uploads\/2022\/03\/la-farmacia-montevideu2.jpeg 1440w, https:\/\/quantocustaviajar.com\/blog\/wp-content\/uploads\/2022\/03\/la-farmacia-montevideu2-240x300.jpeg 240w, https:\/\/quantocustaviajar.com\/blog\/wp-content\/uploads\/2022\/03\/la-farmacia-montevideu2-819x1024.jpeg 819w, https:\/\/quantocustaviajar.com\/blog\/wp-content\/uploads\/2022\/03\/la-farmacia-montevideu2-768x960.jpeg 768w, https:\/\/quantocustaviajar.com\/blog\/wp-content\/uploads\/2022\/03\/la-farmacia-montevideu2-1229x1536.jpeg 1229w\" sizes=\"auto, (max-width: 1440px) 100vw, 1440px\" \/><\/a><figcaption>Foto: divulga\u00e7\u00e3o<\/figcaption><\/figure>\n\n\n\n<figure class=\"wp-block-image size-large\"><a href=\"https:\/\/quantocustaviajar.com\/blog\/wp-content\/uploads\/2022\/03\/la-farmacia-montevideu9.jpeg\"><img loading=\"lazy\" decoding=\"async\" width=\"1440\" height=\"1440\" data-id=\"52603\" src=\"https:\/\/quantocustaviajar.com\/blog\/wp-content\/uploads\/2022\/03\/la-farmacia-montevideu9.jpeg\" alt=\"\" class=\"wp-image-52603\" srcset=\"https:\/\/quantocustaviajar.com\/blog\/wp-content\/uploads\/2022\/03\/la-farmacia-montevideu9.jpeg 1440w, https:\/\/quantocustaviajar.com\/blog\/wp-content\/uploads\/2022\/03\/la-farmacia-montevideu9-300x300.jpeg 300w, https:\/\/quantocustaviajar.com\/blog\/wp-content\/uploads\/2022\/03\/la-farmacia-montevideu9-1024x1024.jpeg 1024w, https:\/\/quantocustaviajar.com\/blog\/wp-content\/uploads\/2022\/03\/la-farmacia-montevideu9-150x150.jpeg 150w, https:\/\/quantocustaviajar.com\/blog\/wp-content\/uploads\/2022\/03\/la-farmacia-montevideu9-768x768.jpeg 768w\" sizes=\"auto, (max-width: 1440px) 100vw, 1440px\" \/><\/a><figcaption>Foto: divulga\u00e7\u00e3o<\/figcaption><\/figure>\n\n\n\n<figure class=\"wp-block-image size-large\"><img loading=\"lazy\" decoding=\"async\" width=\"1440\" height=\"1440\" data-id=\"52604\" src=\"https:\/\/quantocustaviajar.com\/blog\/wp-content\/uploads\/2022\/03\/la-farmacia-montevideu10.jpeg\" alt=\"\" class=\"wp-image-52604\" srcset=\"https:\/\/quantocustaviajar.com\/blog\/wp-content\/uploads\/2022\/03\/la-farmacia-montevideu10.jpeg 1440w, https:\/\/quantocustaviajar.com\/blog\/wp-content\/uploads\/2022\/03\/la-farmacia-montevideu10-300x300.jpeg 300w, https:\/\/quantocustaviajar.com\/blog\/wp-content\/uploads\/2022\/03\/la-farmacia-montevideu10-1024x1024.jpeg 1024w, https:\/\/quantocustaviajar.com\/blog\/wp-content\/uploads\/2022\/03\/la-farmacia-montevideu10-150x150.jpeg 150w, https:\/\/quantocustaviajar.com\/blog\/wp-content\/uploads\/2022\/03\/la-farmacia-montevideu10-768x768.jpeg 768w\" sizes=\"auto, (max-width: 1440px) 100vw, 1440px\" \/><figcaption>Foto: divulga\u00e7\u00e3o<\/figcaption><\/figure>\n<\/figure>\n\n\n\n<p>Entre os destaques da casa est\u00e3o as tostadas, servidas de dois jeitos: como bruschettas, com avocado e tomatinhos em cima do p\u00e3o, ou como lanches no estilo tostex, com presunto cru e queijo ou queijo gouda e pesto, entre outras varia\u00e7\u00f5es.&nbsp;<\/p>\n\n\n\n<p>Salada de frutas com gr\u00e3os e iogurte, sopas e pratos com pegada mais saud\u00e1vel resgatam no espa\u00e7o o mesmo objetivo do passado, que \u00e9 o cuidado com a sa\u00fade dos clientes, mas usando o alimento como medicamento.&nbsp;<\/p>\n\n\n\n<p>As alquimias da equipe ficam expostas na antiga vitrine de f\u00e1rmacos. S\u00e3o geleias, conservas fermentadas e outras del\u00edcias artesanais vendidas em potes de vidro, como num pequeno emp\u00f3rio.&nbsp;<\/p>\n\n\n\n<p>Depois de conhecer o <strong>La Farmacia Cafe<\/strong>, d\u00e1 para entender que o cafezinho tamb\u00e9m pode ser um santo rem\u00e9dio.\u00a0<\/p>\n\n\n\n<div class=\"wp-block-image\"><figure class=\"aligncenter size-large\"><img loading=\"lazy\" decoding=\"async\" width=\"821\" height=\"1024\" src=\"https:\/\/quantocustaviajar.com\/blog\/wp-content\/uploads\/2022\/03\/cafe-em-montevideu-821x1024.png\" alt=\"\" class=\"wp-image-52606\" srcset=\"https:\/\/quantocustaviajar.com\/blog\/wp-content\/uploads\/2022\/03\/cafe-em-montevideu-821x1024.png 821w, https:\/\/quantocustaviajar.com\/blog\/wp-content\/uploads\/2022\/03\/cafe-em-montevideu-241x300.png 241w, https:\/\/quantocustaviajar.com\/blog\/wp-content\/uploads\/2022\/03\/cafe-em-montevideu-768x958.png 768w, https:\/\/quantocustaviajar.com\/blog\/wp-content\/uploads\/2022\/03\/cafe-em-montevideu.png 906w\" sizes=\"auto, (max-width: 821px) 100vw, 821px\" \/><figcaption>Foto: divulga\u00e7\u00e3o<\/figcaption><\/figure><\/div>\n\n\n\n<div class=\"wp-block-image\"><figure class=\"aligncenter size-large\"><img loading=\"lazy\" decoding=\"async\" width=\"1024\" height=\"716\" src=\"https:\/\/quantocustaviajar.com\/blog\/wp-content\/uploads\/2022\/03\/la-farmacia-montevideu4-1024x716.jpeg\" alt=\"\" class=\"wp-image-52598\" srcset=\"https:\/\/quantocustaviajar.com\/blog\/wp-content\/uploads\/2022\/03\/la-farmacia-montevideu4-1024x716.jpeg 1024w, https:\/\/quantocustaviajar.com\/blog\/wp-content\/uploads\/2022\/03\/la-farmacia-montevideu4-300x210.jpeg 300w, https:\/\/quantocustaviajar.com\/blog\/wp-content\/uploads\/2022\/03\/la-farmacia-montevideu4-768x537.jpeg 768w, https:\/\/quantocustaviajar.com\/blog\/wp-content\/uploads\/2022\/03\/la-farmacia-montevideu4.jpeg 1440w\" sizes=\"auto, (max-width: 1024px) 100vw, 1024px\" \/><figcaption>Foto: divulga\u00e7\u00e3o<\/figcaption><\/figure><\/div>\n\n\n\n<h2 class=\"wp-block-heading\">Vai l\u00e1!\u00a0<\/h2>\n\n\n\n<p>O caf\u00e9 em <strong><a href=\"https:\/\/quantocustaviajar.com\/uruguai\/montevideu\" target=\"_blank\" rel=\"noreferrer noopener\">Montevid\u00e9u<\/a><\/strong> fica na via Cerrito, 550\u200a\u2014\u200aCiudad Vieja.\u00a0<\/p>\n\n\n\n<p>Funcionamento: segunda a sexta, das 8h \u00e0s 19h; s\u00e1bado das 9h \u00e0s 19h<\/p>\n\n\n\n<p>Instagram: <a href=\"https:\/\/www.instagram.com\/cafelafarmacia\/\" target=\"_blank\" rel=\"noreferrer noopener\">@cafelafarmacia<\/a>\u00a0<\/p>\n\n\n\n<p><strong><a href=\"https:\/\/www.booking.com\/searchresults.xb.html?city=-907764&amp;aid=2161834&amp;no_rooms=1&amp;group_adults=2\" target=\"_blank\" rel=\"noreferrer noopener\">Encontre aqui hospedagem em Montevide\u00fa<\/a><\/strong><\/p>\n\n\n\n<div class=\"wp-block-image\"><figure class=\"aligncenter size-large\"><img loading=\"lazy\" decoding=\"async\" width=\"1024\" height=\"689\" src=\"https:\/\/quantocustaviajar.com\/blog\/wp-content\/uploads\/2022\/03\/la-farmacia-montevideu6-1024x689.jpeg\" alt=\"\" class=\"wp-image-52600\" srcset=\"https:\/\/quantocustaviajar.com\/blog\/wp-content\/uploads\/2022\/03\/la-farmacia-montevideu6-1024x689.jpeg 1024w, https:\/\/quantocustaviajar.com\/blog\/wp-content\/uploads\/2022\/03\/la-farmacia-montevideu6-300x202.jpeg 300w, https:\/\/quantocustaviajar.com\/blog\/wp-content\/uploads\/2022\/03\/la-farmacia-montevideu6-768x517.jpeg 768w, https:\/\/quantocustaviajar.com\/blog\/wp-content\/uploads\/2022\/03\/la-farmacia-montevideu6-1536x1034.jpeg 1536w, https:\/\/quantocustaviajar.com\/blog\/wp-content\/uploads\/2022\/03\/la-farmacia-montevideu6-1920x1292.jpeg 1920w, https:\/\/quantocustaviajar.com\/blog\/wp-content\/uploads\/2022\/03\/la-farmacia-montevideu6.jpeg 2048w\" sizes=\"auto, (max-width: 1024px) 100vw, 1024px\" \/><figcaption>Foto: divulga\u00e7\u00e3o<\/figcaption><\/figure><\/div>\n\n\n\n<div class=\"wp-block-image\"><figure class=\"aligncenter size-large\"><img loading=\"lazy\" decoding=\"async\" width=\"1024\" height=\"1024\" src=\"https:\/\/quantocustaviajar.com\/blog\/wp-content\/uploads\/2022\/03\/la-farmacia-montevideu5-1024x1024.jpeg\" alt=\"\" class=\"wp-image-52599\" srcset=\"https:\/\/quantocustaviajar.com\/blog\/wp-content\/uploads\/2022\/03\/la-farmacia-montevideu5-1024x1024.jpeg 1024w, https:\/\/quantocustaviajar.com\/blog\/wp-content\/uploads\/2022\/03\/la-farmacia-montevideu5-300x300.jpeg 300w, https:\/\/quantocustaviajar.com\/blog\/wp-content\/uploads\/2022\/03\/la-farmacia-montevideu5-150x150.jpeg 150w, https:\/\/quantocustaviajar.com\/blog\/wp-content\/uploads\/2022\/03\/la-farmacia-montevideu5-768x768.jpeg 768w, https:\/\/quantocustaviajar.com\/blog\/wp-content\/uploads\/2022\/03\/la-farmacia-montevideu5.jpeg 1440w\" sizes=\"auto, (max-width: 1024px) 100vw, 1024px\" \/><figcaption>Foto: divulga\u00e7\u00e3o<\/figcaption><\/figure><\/div>\n\n\n\n<figure class=\"wp-block-embed is-type-wp-embed is-provider-blog-quanto-custa-viajar wp-block-embed-blog-quanto-custa-viajar\"><div class=\"wp-block-embed__wrapper\">\n<blockquote class=\"wp-embedded-content\" data-secret=\"P1uYGMB2jl\"><a href=\"https:\/\/quantocustaviajar.com\/blog\/charmosa-livraria-em-montevideu\/\">Casar\u00e3o de 1903 abriga charmosa livraria em Montevid\u00e9u<\/a><\/blockquote><iframe loading=\"lazy\" class=\"wp-embedded-content\" sandbox=\"allow-scripts\" security=\"restricted\" style=\"position: absolute; visibility: hidden;\" title=\"&#8220;Casar\u00e3o de 1903 abriga charmosa livraria em Montevid\u00e9u&#8221; &#8212; Blog Quanto Custa Viajar\" src=\"https:\/\/quantocustaviajar.com\/blog\/charmosa-livraria-em-montevideu\/embed\/#?secret=rOSu67mpaf#?secret=P1uYGMB2jl\" data-secret=\"P1uYGMB2jl\" width=\"600\" height=\"338\" frameborder=\"0\" marginwidth=\"0\" marginheight=\"0\" scrolling=\"no\"><\/iframe>\n<\/div><\/figure>\n","protected":false},"excerpt":{"rendered":"<p>O fil\u00f3sofo Hip\u00f3crates dizia &#8220;que seu rem\u00e9dio seja seu alimento, e seu alimento seja seu rem\u00e9dio&#8220;. Levando a teoria para a pr\u00e1tica, esse caf\u00e9 em Montevid\u00e9u, no Uruguai, aproveita a estrutura de uma antiga farm\u00e1cia para servir comida saud\u00e1vel e colorida, conforme manda a bula.&nbsp; \u00c9 numa esquina da Cidade Velha que a extinta Farm\u00e1cia [&hellip;]<\/p>\n","protected":false},"author":4,"featured_media":52605,"comment_status":"open","ping_status":"open","sticky":false,"template":"","format":"standard","meta":{"cybocfi_hide_featured_image":"","footnotes":""},"categories":[1435,1182],"tags":[981,67,289,724,607,2239,576,529,466],"class_list":["post-52595","post","type-post","status-publish","format-standard","has-post-thumbnail","hentry","category-comes-bebes","category-dica-cool","tag-brunch","tag-cafe","tag-cafeteria","tag-descolado","tag-farmacia","tag-instagramavel","tag-montevideu","tag-onde-ir","tag-uruguai"],"blocksy_meta":[],"yoast_head":"<!-- This site is optimized with the Yoast SEO plugin v26.3 - https:\/\/yoast.com\/wordpress\/plugins\/seo\/ -->\n<title>Caf\u00e9 em Montevid\u00e9u ocupa uma antiga farm\u00e1cia com charme do passado<\/title>\n<meta name=\"description\" content=\"Esse caf\u00e9 em Montevid\u00e9u, no Uruguai, aproveita a estrutura de uma antiga farm\u00e1cia para servir comida saud\u00e1vel e colorida, de acordo com a bula\" \/>\n<meta name=\"robots\" content=\"index, follow, max-snippet:-1, max-image-preview:large, max-video-preview:-1\" \/>\n<link rel=\"canonical\" href=\"https:\/\/quantocustaviajar.com\/blog\/cafe-em-montevideu\/\" \/>\n<meta property=\"og:locale\" content=\"pt_BR\" \/>\n<meta property=\"og:type\" content=\"article\" \/>\n<meta property=\"og:title\" content=\"Caf\u00e9 em Montevid\u00e9u ocupa uma antiga farm\u00e1cia com charme do passado\" \/>\n<meta property=\"og:description\" content=\"Esse caf\u00e9 em Montevid\u00e9u, no Uruguai, aproveita a estrutura de uma antiga farm\u00e1cia para servir comida saud\u00e1vel e colorida, de acordo com a bula\" \/>\n<meta property=\"og:url\" content=\"https:\/\/quantocustaviajar.com\/blog\/cafe-em-montevideu\/\" \/>\n<meta property=\"og:site_name\" content=\"Blog Quanto Custa Viajar\" \/>\n<meta property=\"article:publisher\" content=\"https:\/\/www.facebook.com\/quantocustaviajar\" \/>\n<meta property=\"article:author\" content=\"https:\/\/www.facebook.com\/brunellapfvr\/posts\" \/>\n<meta property=\"article:published_time\" content=\"2022-03-14T14:00:17+00:00\" \/>\n<meta property=\"article:modified_time\" content=\"2022-03-14T14:00:19+00:00\" \/>\n<meta property=\"og:image\" content=\"https:\/\/quantocustaviajar.com\/blog\/wp-content\/uploads\/2022\/03\/la-farmacia-montevideu11.jpeg\" \/>\n\t<meta property=\"og:image:width\" content=\"2048\" \/>\n\t<meta property=\"og:image:height\" content=\"1365\" \/>\n\t<meta property=\"og:image:type\" content=\"image\/jpeg\" \/>\n<meta name=\"author\" content=\"Brunella Nunes\" \/>\n<meta name=\"twitter:card\" content=\"summary_large_image\" \/>\n<meta name=\"twitter:label1\" content=\"Escrito por\" \/>\n\t<meta name=\"twitter:data1\" content=\"Brunella Nunes\" \/>\n\t<meta name=\"twitter:label2\" content=\"Est. tempo de leitura\" \/>\n\t<meta name=\"twitter:data2\" content=\"5 minutos\" \/>\n<!-- \/ Yoast SEO plugin. -->","yoast_head_json":{"title":"Caf\u00e9 em Montevid\u00e9u ocupa uma antiga farm\u00e1cia com charme do passado","description":"Esse caf\u00e9 em Montevid\u00e9u, no Uruguai, aproveita a estrutura de uma antiga farm\u00e1cia para servir comida saud\u00e1vel e colorida, de acordo com a bula","robots":{"index":"index","follow":"follow","max-snippet":"max-snippet:-1","max-image-preview":"max-image-preview:large","max-video-preview":"max-video-preview:-1"},"canonical":"https:\/\/quantocustaviajar.com\/blog\/cafe-em-montevideu\/","og_locale":"pt_BR","og_type":"article","og_title":"Caf\u00e9 em Montevid\u00e9u ocupa uma antiga farm\u00e1cia com charme do passado","og_description":"Esse caf\u00e9 em Montevid\u00e9u, no Uruguai, aproveita a estrutura de uma antiga farm\u00e1cia para servir comida saud\u00e1vel e colorida, de acordo com a bula","og_url":"https:\/\/quantocustaviajar.com\/blog\/cafe-em-montevideu\/","og_site_name":"Blog Quanto Custa Viajar","article_publisher":"https:\/\/www.facebook.com\/quantocustaviajar","article_author":"https:\/\/www.facebook.com\/brunellapfvr\/posts","article_published_time":"2022-03-14T14:00:17+00:00","article_modified_time":"2022-03-14T14:00:19+00:00","og_image":[{"width":2048,"height":1365,"url":"https:\/\/quantocustaviajar.com\/blog\/wp-content\/uploads\/2022\/03\/la-farmacia-montevideu11.jpeg","type":"image\/jpeg"}],"author":"Brunella Nunes","twitter_card":"summary_large_image","twitter_misc":{"Escrito por":"Brunella Nunes","Est. tempo de leitura":"5 minutos"},"schema":{"@context":"https:\/\/schema.org","@graph":[{"@type":["Article","BlogPosting"],"@id":"https:\/\/quantocustaviajar.com\/blog\/cafe-em-montevideu\/#article","isPartOf":{"@id":"https:\/\/quantocustaviajar.com\/blog\/cafe-em-montevideu\/"},"author":{"name":"Brunella Nunes","@id":"https:\/\/quantocustaviajar.com\/blog\/#\/schema\/person\/1a6dd3da9d0c0a4be42652b67bea19bb"},"headline":"Caf\u00e9 em Montevid\u00e9u ocupa uma antiga farm\u00e1cia com charme do passado e\u00a0brunch","datePublished":"2022-03-14T14:00:17+00:00","dateModified":"2022-03-14T14:00:19+00:00","mainEntityOfPage":{"@id":"https:\/\/quantocustaviajar.com\/blog\/cafe-em-montevideu\/"},"wordCount":489,"commentCount":0,"publisher":{"@id":"https:\/\/quantocustaviajar.com\/blog\/#organization"},"image":{"@id":"https:\/\/quantocustaviajar.com\/blog\/cafe-em-montevideu\/#primaryimage"},"thumbnailUrl":"https:\/\/quantocustaviajar.com\/blog\/wp-content\/uploads\/2022\/03\/la-farmacia-montevideu11.jpeg","keywords":["brunch","caf\u00e9","cafeteria","descolado","farm\u00e1cia","instagram\u00e1vel","Montevid\u00e9u","onde ir","Uruguai"],"articleSection":["Comes &amp; Bebes","Dica cool"],"inLanguage":"pt-BR","potentialAction":[{"@type":"CommentAction","name":"Comment","target":["https:\/\/quantocustaviajar.com\/blog\/cafe-em-montevideu\/#respond"]}]},{"@type":"WebPage","@id":"https:\/\/quantocustaviajar.com\/blog\/cafe-em-montevideu\/","url":"https:\/\/quantocustaviajar.com\/blog\/cafe-em-montevideu\/","name":"Caf\u00e9 em Montevid\u00e9u ocupa uma antiga farm\u00e1cia com charme do passado","isPartOf":{"@id":"https:\/\/quantocustaviajar.com\/blog\/#website"},"primaryImageOfPage":{"@id":"https:\/\/quantocustaviajar.com\/blog\/cafe-em-montevideu\/#primaryimage"},"image":{"@id":"https:\/\/quantocustaviajar.com\/blog\/cafe-em-montevideu\/#primaryimage"},"thumbnailUrl":"https:\/\/quantocustaviajar.com\/blog\/wp-content\/uploads\/2022\/03\/la-farmacia-montevideu11.jpeg","datePublished":"2022-03-14T14:00:17+00:00","dateModified":"2022-03-14T14:00:19+00:00","description":"Esse caf\u00e9 em Montevid\u00e9u, no Uruguai, aproveita a estrutura de uma antiga farm\u00e1cia para servir comida saud\u00e1vel e colorida, de acordo com a bula","breadcrumb":{"@id":"https:\/\/quantocustaviajar.com\/blog\/cafe-em-montevideu\/#breadcrumb"},"inLanguage":"pt-BR","potentialAction":[{"@type":"ReadAction","target":["https:\/\/quantocustaviajar.com\/blog\/cafe-em-montevideu\/"]}]},{"@type":"ImageObject","inLanguage":"pt-BR","@id":"https:\/\/quantocustaviajar.com\/blog\/cafe-em-montevideu\/#primaryimage","url":"https:\/\/quantocustaviajar.com\/blog\/wp-content\/uploads\/2022\/03\/la-farmacia-montevideu11.jpeg","contentUrl":"https:\/\/quantocustaviajar.com\/blog\/wp-content\/uploads\/2022\/03\/la-farmacia-montevideu11.jpeg","width":2048,"height":1365,"caption":"Foto: divulga\u00e7\u00e3o"},{"@type":"BreadcrumbList","@id":"https:\/\/quantocustaviajar.com\/blog\/cafe-em-montevideu\/#breadcrumb","itemListElement":[{"@type":"ListItem","position":1,"name":"In\u00edcio","item":"https:\/\/quantocustaviajar.com\/blog\/"},{"@type":"ListItem","position":2,"name":"Caf\u00e9 em Montevid\u00e9u ocupa uma antiga farm\u00e1cia com charme do passado e\u00a0brunch"}]},{"@type":"WebSite","@id":"https:\/\/quantocustaviajar.com\/blog\/#website","url":"https:\/\/quantocustaviajar.com\/blog\/","name":"Blog Quanto Custa Viajar","description":"","publisher":{"@id":"https:\/\/quantocustaviajar.com\/blog\/#organization"},"potentialAction":[{"@type":"SearchAction","target":{"@type":"EntryPoint","urlTemplate":"https:\/\/quantocustaviajar.com\/blog\/?s={search_term_string}"},"query-input":{"@type":"PropertyValueSpecification","valueRequired":true,"valueName":"search_term_string"}}],"inLanguage":"pt-BR"},{"@type":"Organization","@id":"https:\/\/quantocustaviajar.com\/blog\/#organization","name":"Quanto Custa Viajar","url":"https:\/\/quantocustaviajar.com\/blog\/","logo":{"@type":"ImageObject","inLanguage":"pt-BR","@id":"https:\/\/quantocustaviajar.com\/blog\/#\/schema\/logo\/image\/","url":"","contentUrl":"","caption":"Quanto Custa Viajar"},"image":{"@id":"https:\/\/quantocustaviajar.com\/blog\/#\/schema\/logo\/image\/"},"sameAs":["https:\/\/www.facebook.com\/quantocustaviajar"]},{"@type":"Person","@id":"https:\/\/quantocustaviajar.com\/blog\/#\/schema\/person\/1a6dd3da9d0c0a4be42652b67bea19bb","name":"Brunella Nunes","image":{"@type":"ImageObject","inLanguage":"pt-BR","@id":"https:\/\/quantocustaviajar.com\/blog\/#\/schema\/person\/image\/","url":"https:\/\/secure.gravatar.com\/avatar\/05b28dfb8a3cc7ee0dba6feefa5677f05be6d7bf4b017728fd38499092f9c282?s=96&d=mm&r=g","contentUrl":"https:\/\/secure.gravatar.com\/avatar\/05b28dfb8a3cc7ee0dba6feefa5677f05be6d7bf4b017728fd38499092f9c282?s=96&d=mm&r=g","caption":"Brunella Nunes"},"description":"Quando n\u00e3o est\u00e1 viajando pelo mundo, est\u00e1 viajando nas ideias.","sameAs":["https:\/\/www.facebook.com\/brunellapfvr\/posts","https:\/\/www.linkedin.com\/in\/brunellanunes\/"],"url":"https:\/\/quantocustaviajar.com\/blog\/author\/equipe\/"}]}},"_links":{"self":[{"href":"https:\/\/quantocustaviajar.com\/blog\/wp-json\/wp\/v2\/posts\/52595","targetHints":{"allow":["GET"]}}],"collection":[{"href":"https:\/\/quantocustaviajar.com\/blog\/wp-json\/wp\/v2\/posts"}],"about":[{"href":"https:\/\/quantocustaviajar.com\/blog\/wp-json\/wp\/v2\/types\/post"}],"author":[{"embeddable":true,"href":"https:\/\/quantocustaviajar.com\/blog\/wp-json\/wp\/v2\/users\/4"}],"replies":[{"embeddable":true,"href":"https:\/\/quantocustaviajar.com\/blog\/wp-json\/wp\/v2\/comments?post=52595"}],"version-history":[{"count":2,"href":"https:\/\/quantocustaviajar.com\/blog\/wp-json\/wp\/v2\/posts\/52595\/revisions"}],"predecessor-version":[{"id":52730,"href":"https:\/\/quantocustaviajar.com\/blog\/wp-json\/wp\/v2\/posts\/52595\/revisions\/52730"}],"wp:featuredmedia":[{"embeddable":true,"href":"https:\/\/quantocustaviajar.com\/blog\/wp-json\/wp\/v2\/media\/52605"}],"wp:attachment":[{"href":"https:\/\/quantocustaviajar.com\/blog\/wp-json\/wp\/v2\/media?parent=52595"}],"wp:term":[{"taxonomy":"category","embeddable":true,"href":"https:\/\/quantocustaviajar.com\/blog\/wp-json\/wp\/v2\/categories?post=52595"},{"taxonomy":"post_tag","embeddable":true,"href":"https:\/\/quantocustaviajar.com\/blog\/wp-json\/wp\/v2\/tags?post=52595"}],"curies":[{"name":"wp","href":"https:\/\/api.w.org\/{rel}","templated":true}]}}