{"id":5199,"date":"2025-03-18T23:27:00","date_gmt":"2025-03-18T23:27:00","guid":{"rendered":"http:\/\/quantocustaviajar.com\/blog\/?p=5199"},"modified":"2025-06-10T15:18:35","modified_gmt":"2025-06-10T15:18:35","slug":"algarve-e-um-verdadeiro-paraiso-em-portugal","status":"publish","type":"post","link":"https:\/\/quantocustaviajar.com\/blog\/algarve-e-um-verdadeiro-paraiso-em-portugal\/","title":{"rendered":"Algarve \u00e9 um verdadeiro para\u00edso em Portugal"},"content":{"rendered":"\n<p>Conhecida como &#8220;o segredo mais famoso da Europa&#8221;, a regi\u00e3o de <strong>Algarve<\/strong>, em<strong> <a href=\"http:\/\/quantocustaviajar.com\/portugal\" target=\"_blank\" rel=\"noopener noreferrer\">Portugal<\/a><\/strong>, \u00e9 um verdadeiro col\u00edrio para os olhos. Com ensolaradas <a href=\"https:\/\/quantocustaviajar.com\/blog\/destinos-para-quem-gosta-de-praias-paradisiacas\/\">praias paradis\u00edacas<\/a>, se destaca pela paisagem que envolve cavernas e grutas de calc\u00e1rio no meio de um mar azul intenso.<\/p><div id=\"ez-toc-container\" class=\"ez-toc-v2_0_76 ez-toc-wrap-left counter-hierarchy ez-toc-counter ez-toc-light-blue ez-toc-container-direction\">\n<div class=\"ez-toc-title-container\">\n<p class=\"ez-toc-title\" style=\"cursor:inherit\">Aqui voc\u00ea ir\u00e1 encontrar<\/p>\n<span class=\"ez-toc-title-toggle\"><a href=\"#\" class=\"ez-toc-pull-right ez-toc-btn ez-toc-btn-xs ez-toc-btn-default ez-toc-toggle\" aria-label=\"Alternar tabela de conte\u00fado\"><span class=\"ez-toc-js-icon-con\"><span class=\"\"><span class=\"eztoc-hide\" style=\"display:none;\">Toggle<\/span><span class=\"ez-toc-icon-toggle-span\"><svg style=\"fill: #999;color:#999\" xmlns=\"http:\/\/www.w3.org\/2000\/svg\" class=\"list-377408\" width=\"20px\" height=\"20px\" viewBox=\"0 0 24 24\" fill=\"none\"><path d=\"M6 6H4v2h2V6zm14 0H8v2h12V6zM4 11h2v2H4v-2zm16 0H8v2h12v-2zM4 16h2v2H4v-2zm16 0H8v2h12v-2z\" fill=\"currentColor\"><\/path><\/svg><svg style=\"fill: #999;color:#999\" class=\"arrow-unsorted-368013\" xmlns=\"http:\/\/www.w3.org\/2000\/svg\" width=\"10px\" height=\"10px\" viewBox=\"0 0 24 24\" version=\"1.2\" baseProfile=\"tiny\"><path d=\"M18.2 9.3l-6.2-6.3-6.2 6.3c-.2.2-.3.4-.3.7s.1.5.3.7c.2.2.4.3.7.3h11c.3 0 .5-.1.7-.3.2-.2.3-.5.3-.7s-.1-.5-.3-.7zM5.8 14.7l6.2 6.3 6.2-6.3c.2-.2.3-.5.3-.7s-.1-.5-.3-.7c-.2-.2-.4-.3-.7-.3h-11c-.3 0-.5.1-.7.3-.2.2-.3.5-.3.7s.1.5.3.7z\"\/><\/svg><\/span><\/span><\/span><\/a><\/span><\/div>\n<nav><ul class='ez-toc-list ez-toc-list-level-1 ' ><li class='ez-toc-page-1 ez-toc-heading-level-2'><a class=\"ez-toc-link ez-toc-heading-1\" href=\"https:\/\/quantocustaviajar.com\/blog\/algarve-e-um-verdadeiro-paraiso-em-portugal\/#O_que_fazer_em_Algarve\" >O que fazer em Algarve<\/a><ul class='ez-toc-list-level-3' ><li class='ez-toc-heading-level-3'><a class=\"ez-toc-link ez-toc-heading-2\" href=\"https:\/\/quantocustaviajar.com\/blog\/algarve-e-um-verdadeiro-paraiso-em-portugal\/#As_praias_escondidas_de_Algarve\" >As praias escondidas de Algarve<\/a><\/li><li class='ez-toc-page-1 ez-toc-heading-level-3'><a class=\"ez-toc-link ez-toc-heading-3\" href=\"https:\/\/quantocustaviajar.com\/blog\/algarve-e-um-verdadeiro-paraiso-em-portugal\/#Explorar_as_cidades_litoraneas\" >Explorar as cidades litor\u00e2neas<\/a><\/li><li class='ez-toc-page-1 ez-toc-heading-level-3'><a class=\"ez-toc-link ez-toc-heading-4\" href=\"https:\/\/quantocustaviajar.com\/blog\/algarve-e-um-verdadeiro-paraiso-em-portugal\/#Se_apaixone_pelas_construcoes_historicas_de_Faro\" >Se apaixone pelas constru\u00e7\u00f5es hist\u00f3ricas de Faro<\/a><\/li><li class='ez-toc-page-1 ez-toc-heading-level-3'><a class=\"ez-toc-link ez-toc-heading-5\" href=\"https:\/\/quantocustaviajar.com\/blog\/algarve-e-um-verdadeiro-paraiso-em-portugal\/#O_Algar_de_Benagil\" >O Algar de Benagil<\/a><\/li><li class='ez-toc-page-1 ez-toc-heading-level-3'><a class=\"ez-toc-link ez-toc-heading-6\" href=\"https:\/\/quantocustaviajar.com\/blog\/algarve-e-um-verdadeiro-paraiso-em-portugal\/#Quando_ir_a_Algarve\" >Quando ir a Algarve<\/a><\/li><li class='ez-toc-page-1 ez-toc-heading-level-3'><a class=\"ez-toc-link ez-toc-heading-7\" href=\"https:\/\/quantocustaviajar.com\/blog\/algarve-e-um-verdadeiro-paraiso-em-portugal\/#Como_chegar_em_Algarve\" >Como chegar em Algarve<\/a><\/li><li class='ez-toc-page-1 ez-toc-heading-level-3'><a class=\"ez-toc-link ez-toc-heading-8\" href=\"https:\/\/quantocustaviajar.com\/blog\/algarve-e-um-verdadeiro-paraiso-em-portugal\/#Onde_se_hospedar_em_Algarve\" >Onde se hospedar em Algarve<\/a><\/li><\/ul><\/li><\/ul><\/nav><\/div>\n\n\n\n\n<p>Ao sul do pa\u00eds, Algarve tem algumas das mais belas praias europeias ao longo dos 200 km da costa litor\u00e2nea, como a Praia da Luz, a Arma\u00e7\u00e3o de Pera e ainda as fontes termais de Caldas de Monchique. Se perder pelas ruelas da cidade, curtir a vida noturna animada ou a tranquilidade que se encontra em Sagres s\u00e3o alguns dos atrativos deste trecho portugu\u00eas.<\/p>\n\n\n\n<pre class=\"wp-block-preformatted has-background\" style=\"background-color:#dcdee0\"><strong>Comece planejando a sua viagem para Portugal aqui!\n<\/strong><a href=\"https:\/\/www.turismocity.com.br\/passagens-aereas-para-LIS-Lisboa?utm_source=qcv&amp;utm_medium=blog\" target=\"_blank\" rel=\"noreferrer noopener\">Encontre sua passagem a\u00e9rea barata\n<\/a><a href=\"https:\/\/www.booking.com\/searchresults.pt-br.html?aid=2161834&amp;sid=f5a83590f333f0403fb17b0321568a2c&amp;sb=1&amp;sb_lp=1&amp;src=index&amp;src_elem=sb&amp;error_url=https%3A%2F%2Fwww.booking.com%2Findex.pt-br.html%3Faid%3D2161834%26sid%3Df5a83590f333f0403fb17b0321568a2c%26sb_price_type%3Dtotal%26&amp;ss=Lisboa%2C+Lisbon+Region%2C+Portugal&amp;is_ski_area=&amp;ssne=Nice&amp;ssne_untouched=Nice&amp;checkin_year=&amp;checkin_month=&amp;checkout_year=&amp;checkout_month=&amp;flex_window=0&amp;efdco=1&amp;group_adults=2&amp;group_children=0&amp;no_rooms=1&amp;b_h4u_keep_filters=&amp;from_sf=1&amp;ss_raw=lisboa&amp;ac_position=0&amp;ac_langcode=xb&amp;ac_click_type=b&amp;ac_meta=GhBhNmYxNzc2NmJjNjYwMzIzIAAoATICeGI6Bmxpc2JvYUAASgBQAA%3D%3D&amp;dest_id=-2167973&amp;dest_type=city&amp;iata=LIS&amp;place_id_lat=38.713833&amp;place_id_lon=-9.139315&amp;search_pageview_id=8e0a742bb46a036a&amp;search_selected=true&amp;search_pageview_id=8e0a742bb46a036a&amp;ac_suggestion_list_length=5&amp;ac_suggestion_theme_list_length=0\" target=\"_blank\" rel=\"noreferrer noopener\">Pesquise hospedagem de acordo com o seu bolso<\/a><\/pre>\n\n\n\n<h2 class=\"wp-block-heading\"><span class=\"ez-toc-section\" id=\"O_que_fazer_em_Algarve\"><\/span>O que fazer em Algarve<span class=\"ez-toc-section-end\"><\/span><\/h2>\n\n\n\n<h3 class=\"wp-block-heading\"><span class=\"ez-toc-section\" id=\"As_praias_escondidas_de_Algarve\"><\/span>As praias escondidas de Algarve<span class=\"ez-toc-section-end\"><\/span><\/h3>\n\n\n\n<p>Aproveite a viagem para conhecer as praias menos exploradas de Algarve, acessadas por caminhos escondidos. Vale a pena conhecer Carrapateira, Monte Cl\u00e9rigo, Amoreira e Arrifana, al\u00e9m da Praia do Amado, que ficam ao sul, onde surfistas participam de competi\u00e7\u00f5es ou pegam ondas numa boa. Um peda\u00e7o de para\u00edso no meio do oceano Atl\u00e2ntico.<\/p>\n\n\n\n<figure class=\"wp-block-image aligncenter\"><img loading=\"lazy\" decoding=\"async\" width=\"1024\" height=\"681\" src=\"https:\/\/quantocustaviajar.com\/blog\/wp-content\/uploads\/2016\/03\/algarve-01.jpg\" alt=\"Algarve\" class=\"wp-image-69869\" srcset=\"https:\/\/quantocustaviajar.com\/blog\/wp-content\/uploads\/2016\/03\/algarve-01.jpg 1024w, https:\/\/quantocustaviajar.com\/blog\/wp-content\/uploads\/2016\/03\/algarve-01-300x200.jpg 300w, https:\/\/quantocustaviajar.com\/blog\/wp-content\/uploads\/2016\/03\/algarve-01-768x511.jpg 768w\" sizes=\"auto, (max-width: 1024px) 100vw, 1024px\" \/><\/figure>\n\n\n\n<p>Foto: <a href=\"https:\/\/commons.wikimedia.org\/wiki\/File:Praia_da_Dona_Ana_cliffs.jpg\" target=\"_blank\" rel=\"noopener\">Wikimedia Commons<\/a><\/p>\n\n\n\n<h3 class=\"wp-block-heading\"><span class=\"ez-toc-section\" id=\"Explorar_as_cidades_litoraneas\"><\/span>Explorar as cidades litor\u00e2neas<span class=\"ez-toc-section-end\"><\/span><\/h3>\n\n\n\n<p>Outras cidades em destaque na regi\u00e3o de Algarve s\u00e3o <strong><a href=\"http:\/\/quantocustaviajar.com\/portugal\/lagos\" target=\"_blank\" rel=\"noopener noreferrer\">Lagos<\/a> e <a href=\"http:\/\/quantocustaviajar.com\/portugal\/albufeira\" target=\"_blank\" rel=\"noopener noreferrer\">Albufeira<\/a>. <\/strong>Outras duas cidades litor\u00e2neas com praias de tirar o f\u00f4lego. Em Albufeira n\u00e3o deixe de fazer <a href=\"https:\/\/www.civitatis.com\/pt\/albufeira\/excursao-grutas-algarve\/?aid=100232&amp;cmp=postalgarve\" target=\"_blank\" rel=\"noopener noreferrer\"><strong>um tour de barco pelas cavernas<\/strong><\/a> formadas pela \u00e1gua do mar.<\/p>\n\n\n\n<figure class=\"wp-block-image aligncenter\"><img loading=\"lazy\" decoding=\"async\" width=\"1024\" height=\"684\" src=\"https:\/\/quantocustaviajar.com\/blog\/wp-content\/uploads\/2016\/03\/algarve-02.jpg\" alt=\"Algarve\" class=\"wp-image-69871\" srcset=\"https:\/\/quantocustaviajar.com\/blog\/wp-content\/uploads\/2016\/03\/algarve-02.jpg 1024w, https:\/\/quantocustaviajar.com\/blog\/wp-content\/uploads\/2016\/03\/algarve-02-300x200.jpg 300w, https:\/\/quantocustaviajar.com\/blog\/wp-content\/uploads\/2016\/03\/algarve-02-768x513.jpg 768w\" sizes=\"auto, (max-width: 1024px) 100vw, 1024px\" \/><\/figure>\n\n\n\n<p>Foto: <a href=\"https:\/\/commons.wikimedia.org\/wiki\/File:Praia_da_Marinha-Algarve-Portugal.jpg\" target=\"_blank\" rel=\"noopener\">Wikimedia Commons<\/a><\/p>\n\n\n\n<blockquote class=\"wp-block-quote is-layout-flow wp-block-quote-is-layout-flow\"><p><a href=\"https:\/\/www.turismocity.com.br\/hoteis-en-Albufeira_Portugal\/\" target=\"_blank\" rel=\"noopener noreferrer\"><strong>Procure aqui sua hospedagem em Portugal<\/strong><\/a><\/p><\/blockquote>\n\n\n\n<figure class=\"wp-block-image aligncenter\"><img loading=\"lazy\" decoding=\"async\" width=\"1024\" height=\"683\" src=\"https:\/\/quantocustaviajar.com\/blog\/wp-content\/uploads\/2016\/03\/algarve-03.jpg\" alt=\"Algarve\" class=\"wp-image-69872\" srcset=\"https:\/\/quantocustaviajar.com\/blog\/wp-content\/uploads\/2016\/03\/algarve-03.jpg 1024w, https:\/\/quantocustaviajar.com\/blog\/wp-content\/uploads\/2016\/03\/algarve-03-300x200.jpg 300w, https:\/\/quantocustaviajar.com\/blog\/wp-content\/uploads\/2016\/03\/algarve-03-768x512.jpg 768w\" sizes=\"auto, (max-width: 1024px) 100vw, 1024px\" \/><\/figure>\n\n\n\n<p>Foto: <a href=\"https:\/\/commons.wikimedia.org\/wiki\/File:Rocky_coast_of_Algarve_Portugal.jpg\" target=\"_blank\" rel=\"noopener\">Wikimedia Commons<\/a><\/p>\n\n\n\n<blockquote class=\"wp-block-quote is-layout-flow wp-block-quote-is-layout-flow\"><p><strong><a href=\"http:\/\/quantocustaviajar.com\/portugal\/albufeira\" target=\"_blank\" rel=\"noopener noreferrer\">Confira aqui <\/a>quanto custa viajar para Albufeira<\/strong><\/p><\/blockquote>\n\n\n\n<figure class=\"wp-block-image aligncenter\"><img loading=\"lazy\" decoding=\"async\" width=\"1024\" height=\"576\" src=\"https:\/\/quantocustaviajar.com\/blog\/wp-content\/uploads\/2016\/03\/algarve-04.jpg\" alt=\"\" class=\"wp-image-69873\" srcset=\"https:\/\/quantocustaviajar.com\/blog\/wp-content\/uploads\/2016\/03\/algarve-04.jpg 1024w, https:\/\/quantocustaviajar.com\/blog\/wp-content\/uploads\/2016\/03\/algarve-04-300x169.jpg 300w, https:\/\/quantocustaviajar.com\/blog\/wp-content\/uploads\/2016\/03\/algarve-04-768x432.jpg 768w\" sizes=\"auto, (max-width: 1024px) 100vw, 1024px\" \/><\/figure>\n\n\n\n<p>Foto: <a href=\"https:\/\/commons.wikimedia.org\/wiki\/File:Algarve_DSC_6085_(27512610057).jpg\" target=\"_blank\" rel=\"noopener\">Wikimedia Commons<\/a><\/p>\n\n\n\n<figure class=\"wp-block-image aligncenter\"><img loading=\"lazy\" decoding=\"async\" width=\"1024\" height=\"683\" src=\"https:\/\/quantocustaviajar.com\/blog\/wp-content\/uploads\/2016\/03\/algarve-05.jpg\" alt=\"\" class=\"wp-image-69874\" srcset=\"https:\/\/quantocustaviajar.com\/blog\/wp-content\/uploads\/2016\/03\/algarve-05.jpg 1024w, https:\/\/quantocustaviajar.com\/blog\/wp-content\/uploads\/2016\/03\/algarve-05-300x200.jpg 300w, https:\/\/quantocustaviajar.com\/blog\/wp-content\/uploads\/2016\/03\/algarve-05-768x512.jpg 768w\" sizes=\"auto, (max-width: 1024px) 100vw, 1024px\" \/><\/figure>\n\n\n\n<p>Foto: <a href=\"https:\/\/commons.wikimedia.org\/wiki\/File:An_der_Algarve,_Portugal_(41960516910).jpg\" target=\"_blank\" rel=\"noopener\">Wikimedia Commons<\/a><\/p>\n\n\n\n<h3 class=\"wp-block-heading\"><span class=\"ez-toc-section\" id=\"Se_apaixone_pelas_construcoes_historicas_de_Faro\"><\/span>Se apaixone pelas constru\u00e7\u00f5es hist\u00f3ricas de Faro<span class=\"ez-toc-section-end\"><\/span><\/h3>\n\n\n\n<p>\u00c9 na capital do Algarve que voc\u00ea encontrar\u00e1 um centro hist\u00f3rico na Cidade Velha recheado de monumentos, constru\u00e7\u00f5es e museus hist\u00f3ricos, uma marina com estrutura impressionante e rodeada por com\u00e9rcio e restaurantes, uma marginal perfeita para passear sem pressa, a Vila Adentro e suas ruas estreitas que mais parecem um labirinto, e as praias e excurs\u00f5es imperd\u00edveis pela regi\u00e3o.<\/p>\n\n\n\n<figure class=\"wp-block-image aligncenter\"><img loading=\"lazy\" decoding=\"async\" width=\"1024\" height=\"768\" src=\"https:\/\/quantocustaviajar.com\/blog\/wp-content\/uploads\/2016\/03\/algarve-10.jpg\" alt=\"\" class=\"wp-image-69879\" srcset=\"https:\/\/quantocustaviajar.com\/blog\/wp-content\/uploads\/2016\/03\/algarve-10.jpg 1024w, https:\/\/quantocustaviajar.com\/blog\/wp-content\/uploads\/2016\/03\/algarve-10-300x225.jpg 300w, https:\/\/quantocustaviajar.com\/blog\/wp-content\/uploads\/2016\/03\/algarve-10-768x576.jpg 768w\" sizes=\"auto, (max-width: 1024px) 100vw, 1024px\" \/><\/figure>\n\n\n\n<p>Pal\u00e1cio de Estoi, em Faro \/ Foto: <a href=\"https:\/\/commons.wikimedia.org\/wiki\/File:Palacio_de_Estoi,_Faro_-_Algarve._30.11.2018.jpg\" target=\"_blank\" rel=\"noopener\">Wikimedia Commons<\/a><\/p>\n\n\n\n<h3 class=\"wp-block-heading\"><span class=\"ez-toc-section\" id=\"O_Algar_de_Benagil\"><\/span>O Algar de Benagil<span class=\"ez-toc-section-end\"><\/span><\/h3>\n\n\n\n<p>Considerado o monumento natural mais famoso de Algarve, o Algar de Benagil impressiona por ser uma praia dentro de uma gruta com um buraco em sua cobertura. <a href=\"https:\/\/www.civitatis.com\/pt\/albufeira\/passeio-barco-grutas-benagil\/?aid=100232&amp;cmp=postalgarve\" target=\"_blank\" rel=\"noopener\">O passeio at\u00e9 este destino<\/a> s\u00f3 \u00e9 realizado quando o mar est\u00e1 tranquilo, e existe duas maneiras de curtir o local: se voc\u00ea for de barco, \u00e9 prov\u00e1vel que s\u00f3 passe pelo Algar de Benagil, sem parada. Mas se voc\u00ea quer curtir mesmo por l\u00e1, alugue um caiaque, pois assim voc\u00ea pode ficar o tempo que quiser (s\u00f3 se atente com os valores cobrados pelo per\u00edodo que deseja ficar com o caiaque).<\/p>\n\n\n\n<figure class=\"wp-block-image aligncenter\"><img loading=\"lazy\" decoding=\"async\" width=\"1024\" height=\"768\" src=\"https:\/\/quantocustaviajar.com\/blog\/wp-content\/uploads\/2016\/03\/algarve-11.jpg\" alt=\"Algarve\" class=\"wp-image-69881\" srcset=\"https:\/\/quantocustaviajar.com\/blog\/wp-content\/uploads\/2016\/03\/algarve-11.jpg 1024w, https:\/\/quantocustaviajar.com\/blog\/wp-content\/uploads\/2016\/03\/algarve-11-300x225.jpg 300w, https:\/\/quantocustaviajar.com\/blog\/wp-content\/uploads\/2016\/03\/algarve-11-768x576.jpg 768w\" sizes=\"auto, (max-width: 1024px) 100vw, 1024px\" \/><\/figure>\n\n\n\n<p>Foto: <a href=\"https:\/\/commons.wikimedia.org\/wiki\/File:Algar_de_Benagil,_O_Algarve_20210713_111605_(51615602464).jpg\" target=\"_blank\" rel=\"noopener\">Wikimedia Commons<\/a><\/p>\n\n\n\n<h3 class=\"wp-block-heading\"><span class=\"ez-toc-section\" id=\"Quando_ir_a_Algarve\"><\/span>Quando ir a Algarve<span class=\"ez-toc-section-end\"><\/span><\/h3>\n\n\n\n<p>A alta temporada em Algarve \u00e9 no ver\u00e3o europeu, quando as temperaturas m\u00e9dias variam entre 25\u00b0C e 30\u00b0C &#8211; este \u00e9 o melhor clima para curtir as praias e tudo na regi\u00e3o parece ganhar vida. Os meses de julho e agosto costumam ser bem movimentados, j\u00e1 que as f\u00e9rias escolares decretam as f\u00e9rias de grande parte dos portugueses, que buscam os melhores destinos ensolarados para curtir os merecidos dias de descanso. Caso prefira curtir o destino com mais sossego, opte pelo m\u00eas de junho, quando o calor j\u00e1 d\u00e1 as caras, mas os turistas ainda est\u00e3o em ritmo de trabalho, ou em setembro &#8211; com term\u00f4metros marcando temperaturas mais amenas.<\/p>\n\n\n\n<figure class=\"wp-block-image aligncenter\"><img loading=\"lazy\" decoding=\"async\" width=\"1024\" height=\"683\" src=\"https:\/\/quantocustaviajar.com\/blog\/wp-content\/uploads\/2016\/03\/algarve-06.jpg\" alt=\"Algarve\" class=\"wp-image-69875\" srcset=\"https:\/\/quantocustaviajar.com\/blog\/wp-content\/uploads\/2016\/03\/algarve-06.jpg 1024w, https:\/\/quantocustaviajar.com\/blog\/wp-content\/uploads\/2016\/03\/algarve-06-300x200.jpg 300w, https:\/\/quantocustaviajar.com\/blog\/wp-content\/uploads\/2016\/03\/algarve-06-768x512.jpg 768w\" sizes=\"auto, (max-width: 1024px) 100vw, 1024px\" \/><\/figure>\n\n\n\n<p>Foto: <a href=\"https:\/\/commons.wikimedia.org\/wiki\/File:Coasts_of_Lagoa_(7).jpg\" target=\"_blank\" rel=\"noopener\">Wikimedia Commons<\/a><\/p>\n\n\n\n<h3 class=\"wp-block-heading\"><span class=\"ez-toc-section\" id=\"Como_chegar_em_Algarve\"><\/span>Como chegar em Algarve<span class=\"ez-toc-section-end\"><\/span><\/h3>\n\n\n\n<p>Partindo do princ\u00edpio que a porta de entrada de Portugal \u00e9 Lisboa, vamos calcular este deslocamento da capital portuguesa at\u00e9 Albufeira, uma das cidades pertencentes a regi\u00e3o de Algarve. A dist\u00e2ncia \u00e9 de 256 km, e h\u00e1 3 diferentes maneiras de chegar at\u00e9 l\u00e1:<\/p>\n\n\n\n<ul class=\"wp-block-list\"><li><strong>De carro<\/strong>: a maneira mais r\u00e1pida e pr\u00e1tica de se deslocar de Lisboa at\u00e9 Algarve, at\u00e9 mesmo porque \u00e9 mais c\u00f4modo circular de carro entre as cidades da regi\u00e3o, de maneira independente. Voc\u00ea pode <a href=\"https:\/\/www.turismocity.com.br\/carros\" target=\"_blank\" rel=\"noopener\"><strong>alugar um carro<\/strong><\/a> na capital portuguesa, e seguir o caminho que o GPS. O percurso \u00e9 feito em aproximadamente 2 horas e meia e h\u00e1 ped\u00e1gios.<\/li><li><strong>De \u00f4nibus<\/strong>: o Terminal Rodovi\u00e1rio de Sete Rios oferece diferentes linhas com destino a Algarve. A viagem \u00e9 confort\u00e1vel com dura\u00e7\u00e3o de mais ou menos 3 horas.<\/li><li><strong>De trem<\/strong>: A dura\u00e7\u00e3o da viagem \u00e9 semelhante a de \u00f4nibus, e \u00e9 a op\u00e7\u00e3o mais segura de viagem. A Esta\u00e7\u00e3o Oriente \u00e9 a que oferece partidas para Algarve, e fica situada na Avenida D. Jo\u00e3o II em Lisboa.<\/li><\/ul>\n\n\n\n<figure class=\"wp-block-image aligncenter\"><img loading=\"lazy\" decoding=\"async\" width=\"1024\" height=\"433\" src=\"https:\/\/quantocustaviajar.com\/blog\/wp-content\/uploads\/2016\/03\/algarve-07.jpg\" alt=\"\" class=\"wp-image-69876\" srcset=\"https:\/\/quantocustaviajar.com\/blog\/wp-content\/uploads\/2016\/03\/algarve-07.jpg 1024w, https:\/\/quantocustaviajar.com\/blog\/wp-content\/uploads\/2016\/03\/algarve-07-300x127.jpg 300w, https:\/\/quantocustaviajar.com\/blog\/wp-content\/uploads\/2016\/03\/algarve-07-768x325.jpg 768w\" sizes=\"auto, (max-width: 1024px) 100vw, 1024px\" \/><\/figure>\n\n\n\n<p>Foto: <a href=\"https:\/\/commons.wikimedia.org\/wiki\/File:Portugal_-_Algarve_-_Lagos_(25699036691).jpg\" target=\"_blank\" rel=\"noopener\">Wikimedia Commons<\/a><\/p>\n\n\n\n<h3 class=\"wp-block-heading\"><span class=\"ez-toc-section\" id=\"Onde_se_hospedar_em_Algarve\"><\/span>Onde se hospedar em Algarve<span class=\"ez-toc-section-end\"><\/span><\/h3>\n\n\n\n<p>Algarve oferece um leque de op\u00e7\u00f5es distintas de hospedagem, e a sua escolha depende muito da cidade que deseja ficar. Confira algumas sugest\u00f5es:<\/p>\n\n\n\n<figure class=\"wp-block-image aligncenter\"><img loading=\"lazy\" decoding=\"async\" width=\"1024\" height=\"1024\" src=\"https:\/\/quantocustaviajar.com\/blog\/wp-content\/uploads\/2016\/03\/algarve-08.jpg\" alt=\"\" class=\"wp-image-69877\" srcset=\"https:\/\/quantocustaviajar.com\/blog\/wp-content\/uploads\/2016\/03\/algarve-08.jpg 1024w, https:\/\/quantocustaviajar.com\/blog\/wp-content\/uploads\/2016\/03\/algarve-08-300x300.jpg 300w, https:\/\/quantocustaviajar.com\/blog\/wp-content\/uploads\/2016\/03\/algarve-08-150x150.jpg 150w, https:\/\/quantocustaviajar.com\/blog\/wp-content\/uploads\/2016\/03\/algarve-08-768x768.jpg 768w\" sizes=\"auto, (max-width: 1024px) 100vw, 1024px\" \/><\/figure>\n\n\n\n<p>Foto: <a href=\"https:\/\/commons.wikimedia.org\/wiki\/File:Algarve,_Portugal_2015_-_Praia_de_Dona_Ana_(20927797686).jpg\" target=\"_blank\" rel=\"noopener\">Wikimedia Commons<\/a><\/p>\n\n\n\n<ul class=\"wp-block-list\"><li><p class=\"d2fee87262 pp-header__title\"><strong><a href=\"https:\/\/www.booking.com\/hotel\/pt\/pestana-vila-sol-golf-and-conference.pt-br.html?aid=2161834&amp;sid=bab5d35f304a62b31131a66ec6772cad&amp;all_sr_blocks=28293204_224320299_0_1_0&amp;checkin=2025-01-12&amp;checkout=2025-01-14&amp;dest_id=1064&amp;dest_type=region&amp;dist=0&amp;group_adults=2&amp;group_children=0&amp;hapos=1&amp;highlighted_blocks=28293204_224320299_0_1_0&amp;hpos=1&amp;matching_block_id=28293204_224320299_0_1_0&amp;no_rooms=1&amp;req_adults=2&amp;req_children=0&amp;room1=A%2CA&amp;sb_price_type=total&amp;sr_order=popularity&amp;sr_pri_blocks=28293204_224320299_0_1_0__14758&amp;srepoch=1732028146&amp;srpvid=a6f168f06b4e0196&amp;type=total&amp;ucfs=1&amp;#hotelTmpl\" target=\"_blank\" rel=\"noopener\">Pestana Vila Sol Golf &amp; Resort Hotel<\/a>:\u00a0<\/strong>o servi\u00e7o de primeira classe \u00e9 o diferencial desta hospedagem. H\u00e1 di\u00e1rias que incluem caf\u00e9 da manh\u00e3 e caf\u00e9 da manh\u00e3 e jantar, e a estrutura conta com 3 piscinas, bar, quartos muito bem decorados e equipados, tudo a 7 minutos de carro da Praia de Vilamoura.<\/p> <\/li><li><p class=\"d2fee87262 pp-header__title\"><a href=\"https:\/\/www.booking.com\/hotel\/pt\/pestanaalvorpraia.pt-br.html?aid=2161834&amp;sid=bab5d35f304a62b31131a66ec6772cad&amp;all_sr_blocks=3867404_204204489_0_33_0&amp;checkin=2025-01-12&amp;checkout=2025-01-14&amp;dest_id=1064&amp;dest_type=region&amp;dist=0&amp;group_adults=2&amp;group_children=0&amp;hapos=2&amp;highlighted_blocks=3867404_204204489_0_33_0&amp;hpos=2&amp;matching_block_id=3867404_204204489_0_33_0&amp;no_rooms=1&amp;req_adults=2&amp;req_children=0&amp;room1=A%2CA&amp;sb_price_type=total&amp;sr_order=popularity&amp;sr_pri_blocks=3867404_204204489_0_33_0__21760&amp;srepoch=1732028149&amp;srpvid=a6f168f06b4e0196&amp;type=total&amp;ucfs=1&amp;#hotelTmpl\" target=\"_blank\" rel=\"noopener\"><strong>Pestana Alvor Praia Premium Beach &amp; Golf Resort<\/strong><\/a>: localizado na Praia dos Tr\u00eas Irm\u00e3os, este resort 5 estrelas tem uma vista linda da orla, al\u00e9m de um atendimento excelente n\u00e3o s\u00f3 no hotel, mas tamb\u00e9m a beira-mar, centro de bem estar e spa, al\u00e9m de bar, restaurante, entre outras regalias.<\/p> <\/li><\/ul>\n\n\n\n<figure class=\"wp-block-image aligncenter\"><img loading=\"lazy\" decoding=\"async\" width=\"1024\" height=\"768\" src=\"https:\/\/quantocustaviajar.com\/blog\/wp-content\/uploads\/2016\/03\/algarve-09.jpg\" alt=\"Algarve\" class=\"wp-image-69878\" srcset=\"https:\/\/quantocustaviajar.com\/blog\/wp-content\/uploads\/2016\/03\/algarve-09.jpg 1024w, https:\/\/quantocustaviajar.com\/blog\/wp-content\/uploads\/2016\/03\/algarve-09-300x225.jpg 300w, https:\/\/quantocustaviajar.com\/blog\/wp-content\/uploads\/2016\/03\/algarve-09-768x576.jpg 768w\" sizes=\"auto, (max-width: 1024px) 100vw, 1024px\" \/><\/figure>\n\n\n\n<p>Foto: <a href=\"https:\/\/commons.wikimedia.org\/wiki\/File:Fort_at_Ferragudo_-_The_Algarve,_Portugal_(1469072359).jpg\" target=\"_blank\" rel=\"noopener\">Wikimedia Commons<\/a><\/p>\n\n\n\n<ul class=\"wp-block-list\"><li><a href=\"https:\/\/www.booking.com\/hotel\/pt\/casa-felix-loule1.pt-br.html?aid=2161834&amp;sid=bab5d35f304a62b31131a66ec6772cad&amp;all_sr_blocks=722720303_309685206_3_2_0&amp;checkin=2025-01-12&amp;checkout=2025-01-14&amp;dest_id=1064&amp;dest_type=region&amp;dist=0&amp;group_adults=2&amp;group_children=0&amp;hapos=3&amp;highlighted_blocks=722720303_309685206_3_2_0&amp;hpos=3&amp;matching_block_id=722720303_309685206_3_2_0&amp;no_rooms=1&amp;req_adults=2&amp;req_children=0&amp;room1=A%2CA&amp;sb_price_type=total&amp;sr_order=popularity&amp;sr_pri_blocks=722720303_309685206_3_2_0__15840&amp;srepoch=1732028157&amp;srpvid=a6f168f06b4e0196&amp;type=total&amp;ucfs=1&amp;#hotelTmpl\" target=\"_blank\" rel=\"noopener\"><strong>Casa Felix<\/strong><\/a>: op\u00e7\u00e3o ideal para casais, fam\u00edlias e grandes grupos em busca de privacidade e conforto, \u00a0essa hospedagem em villa fica em Loul\u00e9 e confere uma vista linda para as montanhas. Conte ainda com piscina, churrasqueira, um belo jardim, lavanderia, terra\u00e7o e um caf\u00e9 da manh\u00e3 excepcional inclu\u00eddo na di\u00e1ria.<\/li><li><p class=\"d2fee87262 pp-header__title\"><a href=\"https:\/\/www.booking.com\/hotel\/pt\/vale-d-oliveiras-quinta-resort-and-spa.pt-br.html?aid=2161834&amp;sid=bab5d35f304a62b31131a66ec6772cad&amp;all_sr_blocks=17167205_88536410_0_33_0_405019&amp;checkin=2025-01-12&amp;checkout=2025-01-14&amp;dest_id=1064&amp;dest_type=region&amp;dist=0&amp;group_adults=2&amp;group_children=0&amp;hapos=4&amp;highlighted_blocks=17167205_88536410_0_33_0_405019&amp;hpos=4&amp;matching_block_id=17167205_88536410_0_33_0_405019&amp;no_rooms=1&amp;req_adults=2&amp;req_children=0&amp;room1=A%2CA&amp;sb_price_type=total&amp;sr_order=popularity&amp;sr_pri_blocks=17167205_88536410_0_33_0_405019_21131&amp;srepoch=1732028162&amp;srpvid=a6f168f06b4e0196&amp;type=total&amp;ucfs=1&amp;#hotelTmpl\" target=\"_blank\" rel=\"noopener\"><strong>Vale d&#8217;Oliveiras Quinta Resort &amp; Spa<\/strong><\/a>: cercado por jardins, essa hospedagem em Carvoeiro conta com spa e academia, piscinas, restaurante, servi\u00e7o de quarto, bar, caf\u00e9 da manh\u00e3 inclu\u00eddo na di\u00e1ria e uma estrutura completa para receber grupos de at\u00e9 4 pessoas.<\/p> <\/li><li><a href=\"https:\/\/www.booking.com\/hotel\/pt\/viceroy-at-ombria-algarve.pt-br.html?aid=2161834&amp;sid=bab5d35f304a62b31131a66ec6772cad&amp;all_sr_blocks=1216656501_393835422_2_1_0&amp;checkin=2025-01-12&amp;checkout=2025-01-14&amp;dest_id=1064&amp;dest_type=region&amp;dist=0&amp;group_adults=2&amp;group_children=0&amp;hapos=5&amp;highlighted_blocks=1216656501_393835422_2_1_0&amp;hpos=5&amp;matching_block_id=1216656501_393835422_2_1_0&amp;no_rooms=1&amp;req_adults=2&amp;req_children=0&amp;room1=A%2CA&amp;sb_price_type=total&amp;sr_order=popularity&amp;sr_pri_blocks=1216656501_393835422_2_1_0__45400&amp;srepoch=1732028167&amp;srpvid=a6f168f06b4e0196&amp;type=total&amp;ucfs=1&amp;#hotelTmpl\" target=\"_blank\" rel=\"noopener\"><strong>Viceroy at Ombria Algarve<\/strong><\/a>: com uma estrutura fant\u00e1stica em Loul\u00e9, em meio as montanhas, esta hospedagem oferece servi\u00e7o de primeira classe e toda infraestrutura para o seu lazer e descanso, como quadra de t\u00eanis, golfe, spa, piscinas, caf\u00e9 da manh\u00e3 continental, entre outras tantas regalias.<\/li><\/ul>\n","protected":false},"excerpt":{"rendered":"<p>Conhecida como &#8220;o segredo mais famoso da Europa&#8221;, a regi\u00e3o de Algarve, em Portugal, \u00e9 um verdadeiro col\u00edrio para os olhos. Com ensolaradas praias paradis\u00edacas, se destaca pela paisagem que envolve cavernas e grutas de calc\u00e1rio no meio de um mar azul intenso. Ao sul do pa\u00eds, Algarve tem algumas das mais belas praias europeias [&hellip;]<\/p>\n","protected":false},"author":19,"featured_media":5213,"comment_status":"open","ping_status":"open","sticky":false,"template":"page-templates\/featured-img-above.php","format":"standard","meta":{"cybocfi_hide_featured_image":"","footnotes":""},"categories":[1437],"tags":[1512,656,135,415,240,183,77,18,111,204,409,321,653,181,16],"class_list":["post-5199","post","type-post","status-publish","format-standard","has-post-thumbnail","hentry","category-ao-ar-livre","tag-albufeira","tag-algarve","tag-atracoes","tag-belezas-naturais","tag-cidades","tag-destinos","tag-dicas","tag-europa","tag-natureza","tag-paradisiaco","tag-paraiso","tag-passeios","tag-portugal","tag-praias","tag-viagem"],"blocksy_meta":[],"yoast_head":"<!-- This site is optimized with the Yoast SEO plugin v26.3 - https:\/\/yoast.com\/wordpress\/plugins\/seo\/ -->\n<title>Algarve \u00e9 um verdadeiro para\u00edso em Portugal, confira dicas<\/title>\n<meta name=\"description\" content=\"Conhecida como &quot;o segredo mais famoso da Europa&quot;, a regi\u00e3o de\u00a0Algarve, em\u00a0Portugal, \u00e9 um verdadeiro col\u00edrio para os olhos.\" \/>\n<meta name=\"robots\" content=\"index, follow, max-snippet:-1, max-image-preview:large, max-video-preview:-1\" \/>\n<link rel=\"canonical\" href=\"https:\/\/quantocustaviajar.com\/blog\/algarve-e-um-verdadeiro-paraiso-em-portugal\/\" \/>\n<meta property=\"og:locale\" content=\"pt_BR\" \/>\n<meta property=\"og:type\" content=\"article\" \/>\n<meta property=\"og:title\" content=\"Algarve \u00e9 um verdadeiro para\u00edso em Portugal, confira dicas\" \/>\n<meta property=\"og:description\" content=\"Conhecida como &quot;o segredo mais famoso da Europa&quot;, a regi\u00e3o de\u00a0Algarve, em\u00a0Portugal, \u00e9 um verdadeiro col\u00edrio para os olhos.\" \/>\n<meta property=\"og:url\" content=\"https:\/\/quantocustaviajar.com\/blog\/algarve-e-um-verdadeiro-paraiso-em-portugal\/\" \/>\n<meta property=\"og:site_name\" content=\"Blog Quanto Custa Viajar\" \/>\n<meta property=\"article:publisher\" content=\"https:\/\/www.facebook.com\/quantocustaviajar\" \/>\n<meta property=\"article:published_time\" content=\"2025-03-18T23:27:00+00:00\" \/>\n<meta property=\"article:modified_time\" content=\"2025-06-10T15:18:35+00:00\" \/>\n<meta property=\"og:image\" content=\"https:\/\/quantocustaviajar.com\/blog\/wp-content\/uploads\/2016\/02\/algarve15.jpg\" \/>\n\t<meta property=\"og:image:width\" content=\"672\" \/>\n\t<meta property=\"og:image:height\" content=\"372\" \/>\n\t<meta property=\"og:image:type\" content=\"image\/jpeg\" \/>\n<meta name=\"author\" content=\"Sheila Almendros\" \/>\n<meta name=\"twitter:card\" content=\"summary_large_image\" \/>\n<meta name=\"twitter:label1\" content=\"Escrito por\" \/>\n\t<meta name=\"twitter:data1\" content=\"Sheila Almendros\" \/>\n\t<meta name=\"twitter:label2\" content=\"Est. tempo de leitura\" \/>\n\t<meta name=\"twitter:data2\" content=\"8 minutos\" \/>\n<!-- \/ Yoast SEO plugin. -->","yoast_head_json":{"title":"Algarve \u00e9 um verdadeiro para\u00edso em Portugal, confira dicas","description":"Conhecida como \"o segredo mais famoso da Europa\", a regi\u00e3o de\u00a0Algarve, em\u00a0Portugal, \u00e9 um verdadeiro col\u00edrio para os olhos.","robots":{"index":"index","follow":"follow","max-snippet":"max-snippet:-1","max-image-preview":"max-image-preview:large","max-video-preview":"max-video-preview:-1"},"canonical":"https:\/\/quantocustaviajar.com\/blog\/algarve-e-um-verdadeiro-paraiso-em-portugal\/","og_locale":"pt_BR","og_type":"article","og_title":"Algarve \u00e9 um verdadeiro para\u00edso em Portugal, confira dicas","og_description":"Conhecida como \"o segredo mais famoso da Europa\", a regi\u00e3o de\u00a0Algarve, em\u00a0Portugal, \u00e9 um verdadeiro col\u00edrio para os olhos.","og_url":"https:\/\/quantocustaviajar.com\/blog\/algarve-e-um-verdadeiro-paraiso-em-portugal\/","og_site_name":"Blog Quanto Custa Viajar","article_publisher":"https:\/\/www.facebook.com\/quantocustaviajar","article_published_time":"2025-03-18T23:27:00+00:00","article_modified_time":"2025-06-10T15:18:35+00:00","og_image":[{"width":672,"height":372,"url":"https:\/\/quantocustaviajar.com\/blog\/wp-content\/uploads\/2016\/02\/algarve15.jpg","type":"image\/jpeg"}],"author":"Sheila Almendros","twitter_card":"summary_large_image","twitter_misc":{"Escrito por":"Sheila Almendros","Est. tempo de leitura":"8 minutos"},"schema":{"@context":"https:\/\/schema.org","@graph":[{"@type":["Article","BlogPosting"],"@id":"https:\/\/quantocustaviajar.com\/blog\/algarve-e-um-verdadeiro-paraiso-em-portugal\/#article","isPartOf":{"@id":"https:\/\/quantocustaviajar.com\/blog\/algarve-e-um-verdadeiro-paraiso-em-portugal\/"},"author":{"name":"Sheila Almendros","@id":"https:\/\/quantocustaviajar.com\/blog\/#\/schema\/person\/66bc96b9076769d61f47e383ac516439"},"headline":"Algarve \u00e9 um verdadeiro para\u00edso em Portugal","datePublished":"2025-03-18T23:27:00+00:00","dateModified":"2025-06-10T15:18:35+00:00","mainEntityOfPage":{"@id":"https:\/\/quantocustaviajar.com\/blog\/algarve-e-um-verdadeiro-paraiso-em-portugal\/"},"wordCount":1049,"commentCount":4,"publisher":{"@id":"https:\/\/quantocustaviajar.com\/blog\/#organization"},"image":{"@id":"https:\/\/quantocustaviajar.com\/blog\/algarve-e-um-verdadeiro-paraiso-em-portugal\/#primaryimage"},"thumbnailUrl":"https:\/\/quantocustaviajar.com\/blog\/wp-content\/uploads\/2016\/02\/algarve15.jpg","keywords":["albufeira","Algarve","atra\u00e7\u00f5es","belezas naturais","cidades","destinos","dicas","europa","natureza","paradis\u00edaco","para\u00edso","passeios","Portugal","praias","viagem"],"articleSection":["Ao Ar Livre"],"inLanguage":"pt-BR","potentialAction":[{"@type":"CommentAction","name":"Comment","target":["https:\/\/quantocustaviajar.com\/blog\/algarve-e-um-verdadeiro-paraiso-em-portugal\/#respond"]}]},{"@type":"WebPage","@id":"https:\/\/quantocustaviajar.com\/blog\/algarve-e-um-verdadeiro-paraiso-em-portugal\/","url":"https:\/\/quantocustaviajar.com\/blog\/algarve-e-um-verdadeiro-paraiso-em-portugal\/","name":"Algarve \u00e9 um verdadeiro para\u00edso em Portugal, confira dicas","isPartOf":{"@id":"https:\/\/quantocustaviajar.com\/blog\/#website"},"primaryImageOfPage":{"@id":"https:\/\/quantocustaviajar.com\/blog\/algarve-e-um-verdadeiro-paraiso-em-portugal\/#primaryimage"},"image":{"@id":"https:\/\/quantocustaviajar.com\/blog\/algarve-e-um-verdadeiro-paraiso-em-portugal\/#primaryimage"},"thumbnailUrl":"https:\/\/quantocustaviajar.com\/blog\/wp-content\/uploads\/2016\/02\/algarve15.jpg","datePublished":"2025-03-18T23:27:00+00:00","dateModified":"2025-06-10T15:18:35+00:00","description":"Conhecida como \"o segredo mais famoso da Europa\", a regi\u00e3o de\u00a0Algarve, em\u00a0Portugal, \u00e9 um verdadeiro col\u00edrio para os olhos.","breadcrumb":{"@id":"https:\/\/quantocustaviajar.com\/blog\/algarve-e-um-verdadeiro-paraiso-em-portugal\/#breadcrumb"},"inLanguage":"pt-BR","potentialAction":[{"@type":"ReadAction","target":["https:\/\/quantocustaviajar.com\/blog\/algarve-e-um-verdadeiro-paraiso-em-portugal\/"]}]},{"@type":"ImageObject","inLanguage":"pt-BR","@id":"https:\/\/quantocustaviajar.com\/blog\/algarve-e-um-verdadeiro-paraiso-em-portugal\/#primaryimage","url":"https:\/\/quantocustaviajar.com\/blog\/wp-content\/uploads\/2016\/02\/algarve15.jpg","contentUrl":"https:\/\/quantocustaviajar.com\/blog\/wp-content\/uploads\/2016\/02\/algarve15.jpg","width":672,"height":372},{"@type":"BreadcrumbList","@id":"https:\/\/quantocustaviajar.com\/blog\/algarve-e-um-verdadeiro-paraiso-em-portugal\/#breadcrumb","itemListElement":[{"@type":"ListItem","position":1,"name":"In\u00edcio","item":"https:\/\/quantocustaviajar.com\/blog\/"},{"@type":"ListItem","position":2,"name":"Algarve \u00e9 um verdadeiro para\u00edso em Portugal"}]},{"@type":"WebSite","@id":"https:\/\/quantocustaviajar.com\/blog\/#website","url":"https:\/\/quantocustaviajar.com\/blog\/","name":"Blog Quanto Custa Viajar","description":"","publisher":{"@id":"https:\/\/quantocustaviajar.com\/blog\/#organization"},"potentialAction":[{"@type":"SearchAction","target":{"@type":"EntryPoint","urlTemplate":"https:\/\/quantocustaviajar.com\/blog\/?s={search_term_string}"},"query-input":{"@type":"PropertyValueSpecification","valueRequired":true,"valueName":"search_term_string"}}],"inLanguage":"pt-BR"},{"@type":"Organization","@id":"https:\/\/quantocustaviajar.com\/blog\/#organization","name":"Quanto Custa Viajar","url":"https:\/\/quantocustaviajar.com\/blog\/","logo":{"@type":"ImageObject","inLanguage":"pt-BR","@id":"https:\/\/quantocustaviajar.com\/blog\/#\/schema\/logo\/image\/","url":"","contentUrl":"","caption":"Quanto Custa Viajar"},"image":{"@id":"https:\/\/quantocustaviajar.com\/blog\/#\/schema\/logo\/image\/"},"sameAs":["https:\/\/www.facebook.com\/quantocustaviajar"]},{"@type":"Person","@id":"https:\/\/quantocustaviajar.com\/blog\/#\/schema\/person\/66bc96b9076769d61f47e383ac516439","name":"Sheila Almendros","image":{"@type":"ImageObject","inLanguage":"pt-BR","@id":"https:\/\/quantocustaviajar.com\/blog\/#\/schema\/person\/image\/","url":"https:\/\/secure.gravatar.com\/avatar\/f38e2f0e4f0d273587e0882ec5d6afa5cd3463efd68233d49b41368144e219b5?s=96&d=mm&r=g","contentUrl":"https:\/\/secure.gravatar.com\/avatar\/f38e2f0e4f0d273587e0882ec5d6afa5cd3463efd68233d49b41368144e219b5?s=96&d=mm&r=g","caption":"Sheila Almendros"},"description":"Jornalista, produtora de conte\u00fado web e apaixonada pelo mundo.","url":"https:\/\/quantocustaviajar.com\/blog\/author\/sheila-almendros\/"}]}},"_links":{"self":[{"href":"https:\/\/quantocustaviajar.com\/blog\/wp-json\/wp\/v2\/posts\/5199","targetHints":{"allow":["GET"]}}],"collection":[{"href":"https:\/\/quantocustaviajar.com\/blog\/wp-json\/wp\/v2\/posts"}],"about":[{"href":"https:\/\/quantocustaviajar.com\/blog\/wp-json\/wp\/v2\/types\/post"}],"author":[{"embeddable":true,"href":"https:\/\/quantocustaviajar.com\/blog\/wp-json\/wp\/v2\/users\/19"}],"replies":[{"embeddable":true,"href":"https:\/\/quantocustaviajar.com\/blog\/wp-json\/wp\/v2\/comments?post=5199"}],"version-history":[{"count":6,"href":"https:\/\/quantocustaviajar.com\/blog\/wp-json\/wp\/v2\/posts\/5199\/revisions"}],"predecessor-version":[{"id":75445,"href":"https:\/\/quantocustaviajar.com\/blog\/wp-json\/wp\/v2\/posts\/5199\/revisions\/75445"}],"wp:featuredmedia":[{"embeddable":true,"href":"https:\/\/quantocustaviajar.com\/blog\/wp-json\/wp\/v2\/media\/5213"}],"wp:attachment":[{"href":"https:\/\/quantocustaviajar.com\/blog\/wp-json\/wp\/v2\/media?parent=5199"}],"wp:term":[{"taxonomy":"category","embeddable":true,"href":"https:\/\/quantocustaviajar.com\/blog\/wp-json\/wp\/v2\/categories?post=5199"},{"taxonomy":"post_tag","embeddable":true,"href":"https:\/\/quantocustaviajar.com\/blog\/wp-json\/wp\/v2\/tags?post=5199"}],"curies":[{"name":"wp","href":"https:\/\/api.w.org\/{rel}","templated":true}]}}