{"id":51693,"date":"2022-01-19T17:52:47","date_gmt":"2022-01-19T17:52:47","guid":{"rendered":"https:\/\/quantocustaviajar.com\/blog\/?p=51693"},"modified":"2022-01-19T17:52:50","modified_gmt":"2022-01-19T17:52:50","slug":"guaramiranga-ceara","status":"publish","type":"post","link":"https:\/\/quantocustaviajar.com\/blog\/guaramiranga-ceara\/","title":{"rendered":"Guaramiranga: a cidade com jeitinho de Su\u00ed\u00e7a no meio do Cear\u00e1"},"content":{"rendered":"\n<p>Entre as muitas belezas e surpresas que o vasto Brasil nos oferece, est\u00e1 a nossa pr\u00f3pria Su\u00ed\u00e7a Brasileira &#8211; e em um lugar que aposto n\u00e3o seria o primeiro palpite da maioria. A cidade de <strong>Guaramiranga<\/strong> fica no estado do Cear\u00e1, a apenas 100 km da capital <a href=\"https:\/\/quantocustaviajar.com\/brasil\/fortaleza\" target=\"_blank\" rel=\"noreferrer noopener\">Fortaleza<\/a>, trazendo um cen\u00e1rio bem diferente do resto da imagem do nordeste tropical que temos.<br><br>Quem pensava que o <a href=\"https:\/\/quantocustaviajar.com\/blog\/18-lugares-deslumbrantes-no-ceara\/\" target=\"_blank\" rel=\"noreferrer noopener\">Cear\u00e1<\/a> \u00e9 sin\u00f4nimo \u201capenas\u201d de belas praias, clima quente e cen\u00e1rios lindos n\u00e3o est\u00e1 totalmente enganado, mas o estado oferece ainda mais ao seu viajante e tem uma op\u00e7\u00e3o com clima ameno, montanhas e paisagens que remetem ao t\u00e3o querido continente europeu.<\/p><div id=\"ez-toc-container\" class=\"ez-toc-v2_0_76 ez-toc-wrap-left counter-hierarchy ez-toc-counter ez-toc-light-blue ez-toc-container-direction\">\n<div class=\"ez-toc-title-container\">\n<p class=\"ez-toc-title\" style=\"cursor:inherit\">Aqui voc\u00ea ir\u00e1 encontrar<\/p>\n<span class=\"ez-toc-title-toggle\"><a href=\"#\" class=\"ez-toc-pull-right ez-toc-btn ez-toc-btn-xs ez-toc-btn-default ez-toc-toggle\" aria-label=\"Alternar tabela de conte\u00fado\"><span class=\"ez-toc-js-icon-con\"><span class=\"\"><span class=\"eztoc-hide\" style=\"display:none;\">Toggle<\/span><span class=\"ez-toc-icon-toggle-span\"><svg style=\"fill: #999;color:#999\" xmlns=\"http:\/\/www.w3.org\/2000\/svg\" class=\"list-377408\" width=\"20px\" height=\"20px\" viewBox=\"0 0 24 24\" fill=\"none\"><path d=\"M6 6H4v2h2V6zm14 0H8v2h12V6zM4 11h2v2H4v-2zm16 0H8v2h12v-2zM4 16h2v2H4v-2zm16 0H8v2h12v-2z\" fill=\"currentColor\"><\/path><\/svg><svg style=\"fill: #999;color:#999\" class=\"arrow-unsorted-368013\" xmlns=\"http:\/\/www.w3.org\/2000\/svg\" width=\"10px\" height=\"10px\" viewBox=\"0 0 24 24\" version=\"1.2\" baseProfile=\"tiny\"><path d=\"M18.2 9.3l-6.2-6.3-6.2 6.3c-.2.2-.3.4-.3.7s.1.5.3.7c.2.2.4.3.7.3h11c.3 0 .5-.1.7-.3.2-.2.3-.5.3-.7s-.1-.5-.3-.7zM5.8 14.7l6.2 6.3 6.2-6.3c.2-.2.3-.5.3-.7s-.1-.5-.3-.7c-.2-.2-.4-.3-.7-.3h-11c-.3 0-.5.1-.7.3-.2.2-.3.5-.3.7s.1.5.3.7z\"\/><\/svg><\/span><\/span><\/span><\/a><\/span><\/div>\n<nav><ul class='ez-toc-list ez-toc-list-level-1 ' ><li class='ez-toc-page-1 ez-toc-heading-level-2'><a class=\"ez-toc-link ez-toc-heading-1\" href=\"https:\/\/quantocustaviajar.com\/blog\/guaramiranga-ceara\/#O_que_fazer_em_Guaramiranga\" >O que fazer em Guaramiranga<\/a><\/li><li class='ez-toc-page-1 ez-toc-heading-level-2'><a class=\"ez-toc-link ez-toc-heading-2\" href=\"https:\/\/quantocustaviajar.com\/blog\/guaramiranga-ceara\/#Hospedagem_em_Guaramiranga\" >Hospedagem em Guaramiranga<\/a><\/li><li class='ez-toc-page-1 ez-toc-heading-level-2'><a class=\"ez-toc-link ez-toc-heading-3\" href=\"https:\/\/quantocustaviajar.com\/blog\/guaramiranga-ceara\/#Alimentacao\" >Alimenta\u00e7\u00e3o<\/a><\/li><li class='ez-toc-page-1 ez-toc-heading-level-2'><a class=\"ez-toc-link ez-toc-heading-4\" href=\"https:\/\/quantocustaviajar.com\/blog\/guaramiranga-ceara\/#Guaramiranga_como_chegar_na_Suica_brasileira\" >Guaramiranga: como chegar na Su\u00ed\u00e7a brasileira<\/a><\/li><li class='ez-toc-page-1 ez-toc-heading-level-2'><a class=\"ez-toc-link ez-toc-heading-5\" href=\"https:\/\/quantocustaviajar.com\/blog\/guaramiranga-ceara\/#Quando_visitar\" >Quando visitar<\/a><\/li><\/ul><\/nav><\/div>\n\n\n\n\n<p><strong>Guaramiranga <\/strong>\u00e9 uma pequena cidade na serra do Cear\u00e1, na regi\u00e3o do Maci\u00e7o de Baturit\u00e9, a 865 metros de altitude, com \u00e1rea preservada de Mata Atl\u00e2ntica, cachoeiras, rios e trilhas para encantar turistas do Brasil afora.<\/p>\n\n\n\n<div class=\"wp-block-image\"><figure class=\"aligncenter\"><img loading=\"lazy\" decoding=\"async\" width=\"640\" height=\"429\" src=\"https:\/\/quantocustaviajar.com\/blog\/wp-content\/uploads\/2021\/12\/foto-1.png\" alt=\"Aproveite o ambiente r\u00fastico e europeu que Guaramiranga oferece\/Foto: Wikimmedia Commons\" class=\"wp-image-51694\" srcset=\"https:\/\/quantocustaviajar.com\/blog\/wp-content\/uploads\/2021\/12\/foto-1.png 640w, https:\/\/quantocustaviajar.com\/blog\/wp-content\/uploads\/2021\/12\/foto-1-300x201.png 300w\" sizes=\"auto, (max-width: 640px) 100vw, 640px\" \/><figcaption>Aproveite o ambiente r\u00fastico e europeu que Guaramiranga oferece\/Foto: <a href=\"https:\/\/commons.wikimedia.org\/wiki\/File:Guaramiranga_(4).png\" target=\"_blank\" rel=\"noreferrer noopener\" aria-label=\"Wikimmedia Commons (abre numa nova aba)\">Wikimmedia Commons<\/a><\/figcaption><\/figure><\/div>\n\n\n\n<p>E quem pensa que o local n\u00e3o \u00e9 conhecido, ficar\u00e1 surpreso em saber que a cidade \u00e9 movimentada o ano todo devido \u00e0s suas caracter\u00edsticas diferenciadas e \u00e9 o foco de um dos principais festivais de Jazz e Blues do pa\u00eds, que acontece durante o carnaval.<\/p>\n\n\n\n<h2 class=\"wp-block-heading\"><span class=\"ez-toc-section\" id=\"O_que_fazer_em_Guaramiranga\"><\/span><strong>O que fazer em Guaramiranga<\/strong><span class=\"ez-toc-section-end\"><\/span><\/h2>\n\n\n\n<p>Acompanhando a proposta<strong> <\/strong>dos locais de temperaturas mais amenas, o destaque da cidade de <strong>Guaramiranga <\/strong>vai para suas trilhas, contato com a natureza e ecoturismo. Confira algumas atra\u00e7\u00f5es que voc\u00ea n\u00e3o pode perder em sua visita:<\/p>\n\n\n\n<p><strong>Serra de Guaramiranga<\/strong><br>A serra da cidade possui a maior parte de Mata Atl\u00e2ntica preservada, com trilhas que possibilitam a imers\u00e3o do viajante na natureza, sendo um ambiente ainda mais \u00famido e gelado que o resto da cidade.<\/p>\n\n\n\n<p><strong>Pico Alto<\/strong><br>A melhor vista de <strong>Guaramiranga<\/strong> est\u00e1 no mirante natural da regi\u00e3o, que fica na maior altitude da cidade: a 1.100 metros. No seu topo \u00e9 poss\u00edvel admirar toda a Mata Atl\u00e2ntica, as montanhas e a impressionante paisagem da regi\u00e3o que est\u00e1 inserida. Do topo ainda \u00e9 poss\u00edvel ver algumas dunas cearenses, surpreendendo ainda mais quem v\u00ea.<\/p>\n\n\n\n<div class=\"wp-block-image\"><figure class=\"aligncenter\"><img loading=\"lazy\" decoding=\"async\" width=\"640\" height=\"425\" src=\"https:\/\/quantocustaviajar.com\/blog\/wp-content\/uploads\/2021\/12\/foto-2-2.jpg\" alt=\"Aproveite as belas paisagens do Pico Alto \/Foto: Wikimmedia Commons\" class=\"wp-image-51695\" srcset=\"https:\/\/quantocustaviajar.com\/blog\/wp-content\/uploads\/2021\/12\/foto-2-2.jpg 640w, https:\/\/quantocustaviajar.com\/blog\/wp-content\/uploads\/2021\/12\/foto-2-2-300x199.jpg 300w\" sizes=\"auto, (max-width: 640px) 100vw, 640px\" \/><figcaption>Aproveite as belas paisagens do Pico Alto \/Foto: <a href=\"https:\/\/commons.wikimedia.org\/wiki\/File:Pico_Alto_-_Guaramiranga_-_Cear%C3%A1_03.jpg\" target=\"_blank\" rel=\"noreferrer noopener\" aria-label=\"Wikimmedia Commons  (abre numa nova aba)\">Wikimmedia Commons <\/a><\/figcaption><\/figure><\/div>\n\n\n\n<p><strong>Parque das Trilhas<\/strong><br>O melhor plano para quem curte ecoturismo e trilhas! O local oferece v\u00e1rios tipos de trilhas, com dificuldades e extens\u00f5es diferentes, al\u00e9m de pequenas piscinas naturais, visita \u00e0 planta\u00e7\u00f5es de caf\u00e9 e tirolesas<\/p>\n\n\n\n<p><strong>Parque Handara&nbsp;<\/strong><br>Voltado mais para um contexto natural, honrando o local que est\u00e1 inserido, o Parque Handara \u00e9 voltado para fam\u00edlias e crian\u00e7as com trilhas mais f\u00e1ceis e brinquedos e atra\u00e7\u00f5es para os menores.<br><br><strong>Cachoeira do Perigo<\/strong><br>A apenas 10 minutos de caminhada do centro de <strong>Guaramiranga<\/strong> est\u00e1 a Cachoeira do perigo, com uma queda de 70 metros (que faz jus ao nome do local) com \u00e1guas que s\u00e3o indicadas para banho.<\/p>\n\n\n\n<h2 class=\"wp-block-heading\"><span class=\"ez-toc-section\" id=\"Hospedagem_em_Guaramiranga\"><\/span><strong>Hospedagem em Guaramiranga<\/strong><span class=\"ez-toc-section-end\"><\/span><\/h2>\n\n\n\n<p>Para curtir todas as atra\u00e7\u00f5es e pontos tur\u00edsticos que <strong>Guaramiranga <\/strong>oferece, a dica \u00e9 se hospedar na regi\u00e3o por pelo menos alguns dias, facilitando assim a imers\u00e3o no destino e tamb\u00e9m evitando o desgaste de bater e voltar na estrada para Fortaleza, o que n\u00e3o \u00e9 recomendado.<\/p>\n\n\n\n<p>A cidade oferece algumas diferentes op\u00e7\u00f5es de tipos de acomoda\u00e7\u00f5es e inclus\u00f5es, ent\u00e3o para facilitar na programa\u00e7\u00e3o da sua viagem, separamos algumas dicas de pousadas e hot\u00e9is na cidade. Os valores e a disponibilidade foram conferidos em dezembro de 2021 para viagens em baixa temporada em quarto duplo.<br><br><strong><a href=\"https:\/\/www.booking.com\/hotel\/br\/vale-das-nuvens.pt-br.html?aid=2161834;label=gog235jc-1FCAsoDEIOZ3JhY2UtY2FmYXlhdGVILVgDaCCIAQGYAS24ARfIAQzYAQHoAQH4AQqIAgGoAgO4Arbe34wGwAIB0gIkMGQ5Yzg0ZDktOGIxZi00NmIyLWJiMGEtOWVhNzFiYWVjOWZl2AIF4AIB;sid=18e44fbfa33af87112e5c03c58024107;checkin=2022-03-08;checkout=2022-03-09;dest_id=455296;dest_type=hotel;dist=0;group_adults=2;group_children=0;hapos=0;hpos=0;no_rooms=1;req_adults=2;req_children=0;room1=A%2CA;sb_price_type=total;soh=1;sohad=1;sr_order=popularity;srepoch=1640200115;srpvid=308586990560001c;type=total;ucfs=1&amp;#no_availability_msg\" target=\"_blank\" rel=\"noreferrer noopener\" aria-label=\" (abre numa nova aba)\">Hotel Vale das Nuvens<\/a>: <\/strong>com di\u00e1rias a partir de R$600, este hotel \u00e9 considerado fabuloso por seus h\u00f3spedes recentes, avaliado em 8,8 e inclui caf\u00e9 da manh\u00e3, estacionamento, wi-fi e piscina, parquinho e sala de jogos para seus h\u00f3spedes.<\/p>\n\n\n\n<div class=\"wp-block-image\"><figure class=\"aligncenter\"><img loading=\"lazy\" decoding=\"async\" width=\"851\" height=\"638\" src=\"https:\/\/quantocustaviajar.com\/blog\/wp-content\/uploads\/2021\/12\/FOTO-4-4.jpg\" alt=\"Com chal\u00e9s confort\u00e1veis, este hotel \u00e9 um dos favoritos entre os viajantes\/Foto: Booking\" class=\"wp-image-51696\" srcset=\"https:\/\/quantocustaviajar.com\/blog\/wp-content\/uploads\/2021\/12\/FOTO-4-4.jpg 851w, https:\/\/quantocustaviajar.com\/blog\/wp-content\/uploads\/2021\/12\/FOTO-4-4-300x225.jpg 300w, https:\/\/quantocustaviajar.com\/blog\/wp-content\/uploads\/2021\/12\/FOTO-4-4-768x576.jpg 768w\" sizes=\"auto, (max-width: 851px) 100vw, 851px\" \/><figcaption>Com chal\u00e9s confort\u00e1veis, este hotel \u00e9 um dos favoritos entre os viajantes\/Foto: <a href=\"https:\/\/www.booking.com\/hotel\/br\/vale-das-nuvens.pt-br.html?aid=2161834&amp;label=gog235jc-1FCAsoDEIOZ3JhY2UtY2FmYXlhdGVILVgDaCCIAQGYAS24ARfIAQzYAQHoAQH4AQqIAgGoAgO4Arbe34wGwAIB0gIkMGQ5Yzg0ZDktOGIxZi00NmIyLWJiMGEtOWVhNzFiYWVjOWZl2AIF4AIB&amp;sid=18e44fbfa33af87112e5c03c58024107&amp;checkin=2022-03-08&amp;checkout=2022-03-09&amp;dest_id=455296&amp;dest_type=hotel&amp;dist=0&amp;group_adults=2&amp;group_children=0&amp;hapos=0&amp;hpos=0&amp;no_rooms=1&amp;req_adults=2&amp;req_children=0&amp;room1=A%2CA&amp;sb_price_type=total&amp;soh=1&amp;sohad=1&amp;sr_order=popularity&amp;srepoch=1640200115&amp;srpvid=308586990560001c&amp;type=total&amp;ucfs=1&amp;activeTab=photosGallery\" target=\"_blank\" rel=\"noreferrer noopener\" aria-label=\" (abre numa nova aba)\">Booking <\/a><\/figcaption><\/figure><\/div>\n\n\n\n<p><strong><a rel=\"noreferrer noopener\" aria-label=\" (abre numa nova aba)\" href=\"https:\/\/www.booking.com\/hotel\/br\/chale-monte-lindo.pt-br.html?aid=2161834;label=gog235jc-1FCAsoDEIOZ3JhY2UtY2FmYXlhdGVILVgDaCCIAQGYAS24ARfIAQzYAQHoAQH4AQqIAgGoAgO4Arbe34wGwAIB0gIkMGQ5Yzg0ZDktOGIxZi00NmIyLWJiMGEtOWVhNzFiYWVjOWZl2AIF4AIB;sid=18e44fbfa33af87112e5c03c58024107;checkin=2022-02-16;checkout=2022-03-09;dest_id=900051096;dest_type=city;dist=0;group_adults=2;group_children=0;hapos=0;hpos=0;no_rooms=1;req_adults=2;req_children=0;room1=A%2CA;sb_price_type=total;soh=1;sr_order=popularity;srepoch=1640200391;srpvid=b5da8723d0a90172;type=total;ucfs=1&amp;#no_availability_msg\" target=\"_blank\">Chalet Sch\u00f6nenberg<\/a>: <\/strong>este chal\u00e9 \u00e9 um dos mais procurados por quem viaja em fam\u00edlia, j\u00e1 que \u00e9 uma casa de temporada com quatro quartos para at\u00e9 13 adultos. As di\u00e1rias da casa ficam por volta de R$1.200 e n\u00e3o inclui as amenidades das pousadas e hot\u00e9is, al\u00e9m de ser muito disputada.<\/p>\n\n\n\n<div class=\"wp-block-image\"><figure class=\"aligncenter\"><img loading=\"lazy\" decoding=\"async\" width=\"794\" height=\"768\" src=\"https:\/\/quantocustaviajar.com\/blog\/wp-content\/uploads\/2021\/12\/foto-5-2.jpg\" alt=\"Quem tiver interesse consegue fazer a reserva direto pelo link que indicamos, mas vale se programar com muita anteced\u00eancia para conseguir vaga\/Foto: Booking\" class=\"wp-image-51697\" srcset=\"https:\/\/quantocustaviajar.com\/blog\/wp-content\/uploads\/2021\/12\/foto-5-2.jpg 794w, https:\/\/quantocustaviajar.com\/blog\/wp-content\/uploads\/2021\/12\/foto-5-2-300x290.jpg 300w, https:\/\/quantocustaviajar.com\/blog\/wp-content\/uploads\/2021\/12\/foto-5-2-768x743.jpg 768w\" sizes=\"auto, (max-width: 794px) 100vw, 794px\" \/><figcaption>Quem tiver interesse consegue fazer a reserva direto pelo link que indicamos, mas vale se programar com muita anteced\u00eancia para conseguir vaga\/Foto: <a href=\"https:\/\/www.booking.com\/hotel\/br\/chale-monte-lindo.pt-br.html?aid=2161834&amp;label=gog235jc-1FCAsoDEIOZ3JhY2UtY2FmYXlhdGVILVgDaCCIAQGYAS24ARfIAQzYAQHoAQH4AQqIAgGoAgO4Arbe34wGwAIB0gIkMGQ5Yzg0ZDktOGIxZi00NmIyLWJiMGEtOWVhNzFiYWVjOWZl2AIF4AIB&amp;sid=18e44fbfa33af87112e5c03c58024107&amp;checkin=2022-02-16&amp;checkout=2022-03-09&amp;dest_id=900051096&amp;dest_type=city&amp;dist=0&amp;group_adults=2&amp;group_children=0&amp;hapos=0&amp;hpos=0&amp;no_rooms=1&amp;req_adults=2&amp;req_children=0&amp;room1=A%2CA&amp;sb_price_type=total&amp;soh=1&amp;sr_order=popularity&amp;srepoch=1640200391&amp;srpvid=b5da8723d0a90172&amp;type=total&amp;ucfs=1&amp;activeTab=main\" target=\"_blank\" rel=\"noreferrer noopener\" aria-label=\"Booking  (abre numa nova aba)\">Booking <\/a><\/figcaption><\/figure><\/div>\n\n\n\n<p><strong><a rel=\"noreferrer noopener\" aria-label=\" (abre numa nova aba)\" href=\"https:\/\/www.booking.com\/hotel\/br\/chale-nosso-satio.pt-br.html?aid=2161834;label=gog235jc-1FCAsoDEIOZ3JhY2UtY2FmYXlhdGVILVgDaCCIAQGYAS24ARfIAQzYAQHoAQH4AQqIAgGoAgO4Arbe34wGwAIB0gIkMGQ5Yzg0ZDktOGIxZi00NmIyLWJiMGEtOWVhNzFiYWVjOWZl2AIF4AIB;sid=18e44fbfa33af87112e5c03c58024107;checkin=2022-02-16;checkout=2022-03-09;dest_id=895623;dest_type=hotel;dist=0;group_adults=2;group_children=0;hapos=0;hpos=0;no_rooms=1;req_adults=2;req_children=0;room1=A%2CA;sb_price_type=total;soh=1;sr_order=popularity;srepoch=1640200544;srpvid=96b4876f0f3f0036;type=total;ucfs=1&amp;#no_availability_msg\" target=\"_blank\">Hotel Chale Nosso S\u00edtio<\/a>: <\/strong>localizado a 7 km do centro de<strong> Guaramiranga<\/strong>, essa op\u00e7\u00e3o de hospedagem \u00e9 muito bem avaliada por seus clientes que gostam muito do caf\u00e9 da manh\u00e3, da localiza\u00e7\u00e3o e das acomoda\u00e7\u00f5es dos chal\u00e9s. O investimento nas di\u00e1rias \u00e9 a partir de R$336.<\/p>\n\n\n\n<div class=\"wp-block-image\"><figure class=\"aligncenter\"><img loading=\"lazy\" decoding=\"async\" width=\"1024\" height=\"683\" src=\"https:\/\/quantocustaviajar.com\/blog\/wp-content\/uploads\/2021\/12\/foto-6-2-1024x683.jpg\" alt=\" Com chal\u00e9s de um ou dois dormit\u00f3rios, o Hotel Chal\u00e9 Nosso S\u00edtio tamb\u00e9m \u00e9 um dos mais procurados em Guaramiranga\/Foto: Booking\" class=\"wp-image-51698\" srcset=\"https:\/\/quantocustaviajar.com\/blog\/wp-content\/uploads\/2021\/12\/foto-6-2.jpg 1024w, https:\/\/quantocustaviajar.com\/blog\/wp-content\/uploads\/2021\/12\/foto-6-2-300x200.jpg 300w, https:\/\/quantocustaviajar.com\/blog\/wp-content\/uploads\/2021\/12\/foto-6-2-768x512.jpg 768w\" sizes=\"auto, (max-width: 1024px) 100vw, 1024px\" \/><figcaption> Com chal\u00e9s de um ou dois dormit\u00f3rios, o Hotel Chal\u00e9 Nosso S\u00edtio tamb\u00e9m \u00e9 um dos mais procurados em Guaramiranga\/Foto: <a href=\"https:\/\/www.booking.com\/hotel\/br\/chale-nosso-satio.html?tab=1&amp;origin=hp&amp;src=hotel&amp;hp_avform=1&amp;error_url=%2Fhotel%2Fbr%2Fchale-nosso-satio.pt-br.html%3Faid%3D2161834%3Blabel%3Dgog235jc-1FCAsoDEIOZ3JhY2UtY2FmYXlhdGVILVgDaCCIAQGYAS24ARfIAQzYAQHoAQH4AQqIAgGoAgO4Arbe34wGwAIB0gIkMGQ5Yzg0ZDktOGIxZi00NmIyLWJiMGEtOWVhNzFiYWVjOWZl2AIF4AIB%3Bsid%3D18e44fbfa33af87112e5c03c58024107%3Bsrpvid%3D96b4876f0f3f0036%26%3B&amp;do_availability_check=on&amp;aid=2161834&amp;label=gog235jc-1FCAsoDEIOZ3JhY2UtY2FmYXlhdGVILVgDaCCIAQGYAS24ARfIAQzYAQHoAQH4AQqIAgGoAgO4Arbe34wGwAIB0gIkMGQ5Yzg0ZDktOGIxZi00NmIyLWJiMGEtOWVhNzFiYWVjOWZl2AIF4AIB&amp;sid=18e44fbfa33af87112e5c03c58024107&amp;checkin_monthday=15&amp;checkin_year_month=2022-3&amp;checkout_monthday=17&amp;checkout_year_month=2022-3&amp;no_rooms=1&amp;group_adults=2&amp;group_children=0&amp;activeTab=photosGallery\" target=\"_blank\" rel=\"noreferrer noopener\" aria-label=\"Booking (abre numa nova aba)\">Booking<\/a><\/figcaption><\/figure><\/div>\n\n\n\n<p><strong><a rel=\"noreferrer noopener\" aria-label=\" (abre numa nova aba)\" href=\"https:\/\/www.booking.com\/hotel\/br\/le-reve-pousada.html?tab=1&amp;origin=hp&amp;src=hotel&amp;hp_avform=1&amp;error_url=%2Fhotel%2Fbr%2Fle-reve-pousada.pt-br.html%3Faid%3D2161834%3Blabel%3Dgog235jc-1FCAsoDEIOZ3JhY2UtY2FmYXlhdGVILVgDaCCIAQGYAS24ARfIAQzYAQHoAQH4AQqIAgGoAgO4Arbe34wGwAIB0gIkMGQ5Yzg0ZDktOGIxZi00NmIyLWJiMGEtOWVhNzFiYWVjOWZl2AIF4AIB%3Bsid%3D18e44fbfa33af87112e5c03c58024107%3Bsrpvid%3D7ddc88e2e4f10154%26%3B&amp;do_availability_check=on&amp;aid=2161834&amp;label=gog235jc-1FCAsoDEIOZ3JhY2UtY2FmYXlhdGVILVgDaCCIAQGYAS24ARfIAQzYAQHoAQH4AQqIAgGoAgO4Arbe34wGwAIB0gIkMGQ5Yzg0ZDktOGIxZi00NmIyLWJiMGEtOWVhNzFiYWVjOWZl2AIF4AIB&amp;sid=18e44fbfa33af87112e5c03c58024107&amp;checkin_monthday=6&amp;checkin_year_month=2022-3&amp;checkout_monthday=9&amp;checkout_year_month=2022-3&amp;no_rooms=1&amp;group_adults=2&amp;group_children=0\" target=\"_blank\">Le R\u00eave Pousada<\/a>: <\/strong>essa pousada tem di\u00e1rias a partir de R$370 j\u00e1 incluindo caf\u00e9 da manh\u00e3, acesso a piscina, wi-fi e estacionamento. Do local \u00e9 poss\u00edvel sair para v\u00e1rias trilhas da regi\u00e3o.<\/p>\n\n\n\n<div class=\"wp-block-image\"><figure class=\"aligncenter\"><img loading=\"lazy\" decoding=\"async\" width=\"1024\" height=\"766\" src=\"https:\/\/quantocustaviajar.com\/blog\/wp-content\/uploads\/2021\/12\/7-1024x766.jpg\" alt=\"As acomoda\u00e7\u00f5es da pousada s\u00e3o muito aconchegantes e algumas op\u00e7\u00f5es bem luxuosas\/Foto: Booking\" class=\"wp-image-51699\" srcset=\"https:\/\/quantocustaviajar.com\/blog\/wp-content\/uploads\/2021\/12\/7.jpg 1024w, https:\/\/quantocustaviajar.com\/blog\/wp-content\/uploads\/2021\/12\/7-300x224.jpg 300w, https:\/\/quantocustaviajar.com\/blog\/wp-content\/uploads\/2021\/12\/7-768x575.jpg 768w\" sizes=\"auto, (max-width: 1024px) 100vw, 1024px\" \/><figcaption>As acomoda\u00e7\u00f5es da pousada s\u00e3o muito aconchegantes e algumas op\u00e7\u00f5es bem luxuosas\/Foto: <a href=\"https:\/\/www.booking.com\/hotel\/br\/le-reve-pousada.html?tab=1&amp;origin=hp&amp;src=hotel&amp;hp_avform=1&amp;error_url=%2Fhotel%2Fbr%2Fle-reve-pousada.pt-br.html%3Faid%3D2161834%3Blabel%3Dgog235jc-1FCAsoDEIOZ3JhY2UtY2FmYXlhdGVILVgDaCCIAQGYAS24ARfIAQzYAQHoAQH4AQqIAgGoAgO4Arbe34wGwAIB0gIkMGQ5Yzg0ZDktOGIxZi00NmIyLWJiMGEtOWVhNzFiYWVjOWZl2AIF4AIB%3Bsid%3D18e44fbfa33af87112e5c03c58024107%3Bsrpvid%3D7ddc88e2e4f10154%26%3B&amp;do_availability_check=on&amp;aid=2161834&amp;label=gog235jc-1FCAsoDEIOZ3JhY2UtY2FmYXlhdGVILVgDaCCIAQGYAS24ARfIAQzYAQHoAQH4AQqIAgGoAgO4Arbe34wGwAIB0gIkMGQ5Yzg0ZDktOGIxZi00NmIyLWJiMGEtOWVhNzFiYWVjOWZl2AIF4AIB&amp;sid=18e44fbfa33af87112e5c03c58024107&amp;checkin_monthday=6&amp;checkin_year_month=2022-3&amp;checkout_monthday=9&amp;checkout_year_month=2022-3&amp;no_rooms=1&amp;group_adults=2&amp;group_children=0&amp;activeTab=photosGallery\" target=\"_blank\" rel=\"noreferrer noopener\" aria-label=\"Booking (abre numa nova aba)\">Booking<\/a><\/figcaption><\/figure><\/div>\n\n\n\n<h2 class=\"wp-block-heading\"><span class=\"ez-toc-section\" id=\"Alimentacao\"><\/span><strong>Alimenta\u00e7\u00e3o<\/strong><span class=\"ez-toc-section-end\"><\/span><\/h2>\n\n\n\n<p><strong>Guaramiranga <\/strong>oferece muitas op\u00e7\u00f5es de caf\u00e9s e restaurantes para os viajantes se deliciarem e curtirem ainda mais a temperatura amena. A maior parte dos estabelecimentos est\u00e3o localizados no centro da cidade.<br><br>Com grande oferta de vinhos e fondue, a comida cearense ainda pode ser apreciada para quem ainda quer comer as comidas t\u00edpicas do estado.<\/p>\n\n\n\n<p>O <strong>restaurante Manjeric\u00e3o<\/strong> al\u00e9m de oferecer comidas t\u00edpicas \u00e9 um pesqueiro, com um ambiente muito descontra\u00eddo e r\u00fastico. Quem quiser comer fondue, n\u00e3o deixe de visitar o Studio 70. Para sobremesas e caf\u00e9s, <strong>o Chocoberry<\/strong> \u00e9 uma excelente op\u00e7\u00e3o!<\/p>\n\n\n\n<div class=\"wp-block-image\"><figure class=\"aligncenter\"><img loading=\"lazy\" decoding=\"async\" width=\"1024\" height=\"576\" src=\"https:\/\/quantocustaviajar.com\/blog\/wp-content\/uploads\/2021\/12\/FOTO-8-1-1024x576.jpg\" alt=\" Aproveite as in\u00fameras del\u00edcias que o Chocoberry oferece!\/Foto: Divulga\u00e7\u00e3o\" class=\"wp-image-51700\" srcset=\"https:\/\/quantocustaviajar.com\/blog\/wp-content\/uploads\/2021\/12\/FOTO-8-1-1024x576.jpg 1024w, https:\/\/quantocustaviajar.com\/blog\/wp-content\/uploads\/2021\/12\/FOTO-8-1-300x169.jpg 300w, https:\/\/quantocustaviajar.com\/blog\/wp-content\/uploads\/2021\/12\/FOTO-8-1-768x432.jpg 768w, https:\/\/quantocustaviajar.com\/blog\/wp-content\/uploads\/2021\/12\/FOTO-8-1.jpg 1080w\" sizes=\"auto, (max-width: 1024px) 100vw, 1024px\" \/><figcaption> Aproveite as in\u00fameras del\u00edcias que o Chocoberry oferece!\/Foto: <a href=\"https:\/\/chocoberry.business.site\/\" target=\"_blank\" rel=\"noreferrer noopener\" aria-label=\"Divulga\u00e7\u00e3o  (abre numa nova aba)\">Divulga\u00e7\u00e3o <\/a><\/figcaption><\/figure><\/div>\n\n\n\n<h2 class=\"wp-block-heading\"><span class=\"ez-toc-section\" id=\"Guaramiranga_como_chegar_na_Suica_brasileira\"><\/span><strong>Guaramiranga: como chegar na Su\u00ed\u00e7a brasileira<\/strong><span class=\"ez-toc-section-end\"><\/span><\/h2>\n\n\n\n<p>Para quem vem de fora do Cear\u00e1, o melhor trajeto para chegar em <strong>Guaramiranga <\/strong>\u00e9 de avi\u00e3o at\u00e9 Fortaleza, e de l\u00e1 alugar um carro para realizar o resto do trajeto, que pode ser realizado em duas rotas diferentes entre a capital e a cidade tur\u00edstica.<\/p>\n\n\n\n<p><strong><a href=\"https:\/\/www.turismocity.com.br\/passagens-aereas-para-FOR-Fortaleza?from=SAO&amp;utm_source=qcv&amp;utm_medium=blog\" target=\"_blank\" rel=\"noreferrer noopener\">Encontre aqui passagem a\u00e9rea para Fortaleza<\/a><\/strong><\/p>\n\n\n\n<p>Embora tenha apenas 100 km entre Fortaleza e<strong> Guaramiranga<\/strong>, a rota mais curta economiza tempo, mas \u00e9 considerada muito perigosa devido \u00e0s montanhas e seu caminho \u00edngreme, por isso vamos indicar o caminho mais longo, por\u00e9m seguro.<\/p>\n\n\n\n<p>O motorista deve seguir pela BR-060, saindo da capital at\u00e9 Baturit\u00e9, em uma rodovia plana e duplicada no come\u00e7o. Nos \u00faltimos 18 km at\u00e9 a cidade de destino o caminho come\u00e7a a parecer a tradicional Serra.<\/p>\n\n\n\n<h2 class=\"wp-block-heading\"><span class=\"ez-toc-section\" id=\"Quando_visitar\"><\/span><strong>Quando visitar<\/strong><span class=\"ez-toc-section-end\"><\/span><\/h2>\n\n\n\n<p>Devido ao seu local serrano,<strong> Guaramiranga <\/strong>costuma ter temperatura m\u00e1xima de 25\u00baC e m\u00ednima de 14\u00baC o ano todo, possibilitando a fuga do calor e das praias cheias em qualquer per\u00edodo.<\/p>\n\n\n\n<p>Quem busca temperaturas realmente mais baixas e curtir esse clima de \u201cSu\u00ed\u00e7a do Brasil\u201d, a viagem \u00e9 mais indicada no inverno do pa\u00eds, entre junho e agosto, sem deixar a desejar em quest\u00e3o de temperaturas e atra\u00e7\u00f5es no resto do ano.<\/p>\n","protected":false},"excerpt":{"rendered":"<p>Entre as muitas belezas e surpresas que o vasto Brasil nos oferece, est\u00e1 a nossa pr\u00f3pria Su\u00ed\u00e7a Brasileira &#8211; e em um lugar que aposto n\u00e3o seria o primeiro palpite da maioria. A cidade de Guaramiranga fica no estado do Cear\u00e1, a apenas 100 km da capital Fortaleza, trazendo um cen\u00e1rio bem diferente do resto [&hellip;]<\/p>\n","protected":false},"author":18,"featured_media":51695,"comment_status":"open","ping_status":"open","sticky":false,"template":"","format":"standard","meta":{"cybocfi_hide_featured_image":"","footnotes":""},"categories":[1434],"tags":[622,2936,2935,2937],"class_list":["post-51693","post","type-post","status-publish","format-standard","has-post-thumbnail","hentry","category-descubra-brasil","tag-ceara","tag-cidades-turisticas","tag-guaramiranga","tag-suica-brasileira"],"blocksy_meta":[],"yoast_head":"<!-- This site is optimized with the Yoast SEO plugin v26.3 - https:\/\/yoast.com\/wordpress\/plugins\/seo\/ -->\n<title>Guaramiranga: a cidade com jeitinho de Su\u00ed\u00e7a no meio do Cear\u00e1<\/title>\n<meta name=\"description\" content=\"A cidade de Guaramiranga fica no estado do Cear\u00e1, a apenas 100 km da capital Fortaleza, confira dicas para fazer essa viagem!\" \/>\n<meta name=\"robots\" content=\"index, follow, max-snippet:-1, max-image-preview:large, max-video-preview:-1\" \/>\n<link rel=\"canonical\" href=\"https:\/\/quantocustaviajar.com\/blog\/guaramiranga-ceara\/\" \/>\n<meta property=\"og:locale\" content=\"pt_BR\" \/>\n<meta property=\"og:type\" content=\"article\" \/>\n<meta property=\"og:title\" content=\"Guaramiranga: a cidade com jeitinho de Su\u00ed\u00e7a no meio do Cear\u00e1\" \/>\n<meta property=\"og:description\" content=\"A cidade de Guaramiranga fica no estado do Cear\u00e1, a apenas 100 km da capital Fortaleza, confira dicas para fazer essa viagem!\" \/>\n<meta property=\"og:url\" content=\"https:\/\/quantocustaviajar.com\/blog\/guaramiranga-ceara\/\" \/>\n<meta property=\"og:site_name\" content=\"Blog Quanto Custa Viajar\" \/>\n<meta property=\"article:publisher\" content=\"https:\/\/www.facebook.com\/quantocustaviajar\" \/>\n<meta property=\"article:published_time\" content=\"2022-01-19T17:52:47+00:00\" \/>\n<meta property=\"article:modified_time\" content=\"2022-01-19T17:52:50+00:00\" \/>\n<meta property=\"og:image\" content=\"https:\/\/quantocustaviajar.com\/blog\/wp-content\/uploads\/2021\/12\/foto-2-2.jpg\" \/>\n\t<meta property=\"og:image:width\" content=\"640\" \/>\n\t<meta property=\"og:image:height\" content=\"425\" \/>\n\t<meta property=\"og:image:type\" content=\"image\/jpeg\" \/>\n<meta name=\"author\" content=\"Izabella Miranda\" \/>\n<meta name=\"twitter:card\" content=\"summary_large_image\" \/>\n<meta name=\"twitter:label1\" content=\"Escrito por\" \/>\n\t<meta name=\"twitter:data1\" content=\"Izabella Miranda\" \/>\n\t<meta name=\"twitter:label2\" content=\"Est. tempo de leitura\" \/>\n\t<meta name=\"twitter:data2\" content=\"8 minutos\" \/>\n<!-- \/ Yoast SEO plugin. -->","yoast_head_json":{"title":"Guaramiranga: a cidade com jeitinho de Su\u00ed\u00e7a no meio do Cear\u00e1","description":"A cidade de Guaramiranga fica no estado do Cear\u00e1, a apenas 100 km da capital Fortaleza, confira dicas para fazer essa viagem!","robots":{"index":"index","follow":"follow","max-snippet":"max-snippet:-1","max-image-preview":"max-image-preview:large","max-video-preview":"max-video-preview:-1"},"canonical":"https:\/\/quantocustaviajar.com\/blog\/guaramiranga-ceara\/","og_locale":"pt_BR","og_type":"article","og_title":"Guaramiranga: a cidade com jeitinho de Su\u00ed\u00e7a no meio do Cear\u00e1","og_description":"A cidade de Guaramiranga fica no estado do Cear\u00e1, a apenas 100 km da capital Fortaleza, confira dicas para fazer essa viagem!","og_url":"https:\/\/quantocustaviajar.com\/blog\/guaramiranga-ceara\/","og_site_name":"Blog Quanto Custa Viajar","article_publisher":"https:\/\/www.facebook.com\/quantocustaviajar","article_published_time":"2022-01-19T17:52:47+00:00","article_modified_time":"2022-01-19T17:52:50+00:00","og_image":[{"width":640,"height":425,"url":"https:\/\/quantocustaviajar.com\/blog\/wp-content\/uploads\/2021\/12\/foto-2-2.jpg","type":"image\/jpeg"}],"author":"Izabella Miranda","twitter_card":"summary_large_image","twitter_misc":{"Escrito por":"Izabella Miranda","Est. tempo de leitura":"8 minutos"},"schema":{"@context":"https:\/\/schema.org","@graph":[{"@type":["Article","BlogPosting"],"@id":"https:\/\/quantocustaviajar.com\/blog\/guaramiranga-ceara\/#article","isPartOf":{"@id":"https:\/\/quantocustaviajar.com\/blog\/guaramiranga-ceara\/"},"author":{"name":"Izabella Miranda","@id":"https:\/\/quantocustaviajar.com\/blog\/#\/schema\/person\/595118451f4120870051de530232399d"},"headline":"Guaramiranga: a cidade com jeitinho de Su\u00ed\u00e7a no meio do Cear\u00e1","datePublished":"2022-01-19T17:52:47+00:00","dateModified":"2022-01-19T17:52:50+00:00","mainEntityOfPage":{"@id":"https:\/\/quantocustaviajar.com\/blog\/guaramiranga-ceara\/"},"wordCount":1190,"commentCount":0,"publisher":{"@id":"https:\/\/quantocustaviajar.com\/blog\/#organization"},"image":{"@id":"https:\/\/quantocustaviajar.com\/blog\/guaramiranga-ceara\/#primaryimage"},"thumbnailUrl":"https:\/\/quantocustaviajar.com\/blog\/wp-content\/uploads\/2021\/12\/foto-2-2.jpg","keywords":["Cear\u00e1","cidades tur\u00edsticas","guaramiranga","su\u00ed\u00e7a brasileira"],"articleSection":["Descubra o Brasil"],"inLanguage":"pt-BR","potentialAction":[{"@type":"CommentAction","name":"Comment","target":["https:\/\/quantocustaviajar.com\/blog\/guaramiranga-ceara\/#respond"]}]},{"@type":"WebPage","@id":"https:\/\/quantocustaviajar.com\/blog\/guaramiranga-ceara\/","url":"https:\/\/quantocustaviajar.com\/blog\/guaramiranga-ceara\/","name":"Guaramiranga: a cidade com jeitinho de Su\u00ed\u00e7a no meio do Cear\u00e1","isPartOf":{"@id":"https:\/\/quantocustaviajar.com\/blog\/#website"},"primaryImageOfPage":{"@id":"https:\/\/quantocustaviajar.com\/blog\/guaramiranga-ceara\/#primaryimage"},"image":{"@id":"https:\/\/quantocustaviajar.com\/blog\/guaramiranga-ceara\/#primaryimage"},"thumbnailUrl":"https:\/\/quantocustaviajar.com\/blog\/wp-content\/uploads\/2021\/12\/foto-2-2.jpg","datePublished":"2022-01-19T17:52:47+00:00","dateModified":"2022-01-19T17:52:50+00:00","description":"A cidade de Guaramiranga fica no estado do Cear\u00e1, a apenas 100 km da capital Fortaleza, confira dicas para fazer essa viagem!","breadcrumb":{"@id":"https:\/\/quantocustaviajar.com\/blog\/guaramiranga-ceara\/#breadcrumb"},"inLanguage":"pt-BR","potentialAction":[{"@type":"ReadAction","target":["https:\/\/quantocustaviajar.com\/blog\/guaramiranga-ceara\/"]}]},{"@type":"ImageObject","inLanguage":"pt-BR","@id":"https:\/\/quantocustaviajar.com\/blog\/guaramiranga-ceara\/#primaryimage","url":"https:\/\/quantocustaviajar.com\/blog\/wp-content\/uploads\/2021\/12\/foto-2-2.jpg","contentUrl":"https:\/\/quantocustaviajar.com\/blog\/wp-content\/uploads\/2021\/12\/foto-2-2.jpg","width":640,"height":425,"caption":"Aproveite as belas paisagens do Pico Alto \/Foto: Wikimmedia Commons"},{"@type":"BreadcrumbList","@id":"https:\/\/quantocustaviajar.com\/blog\/guaramiranga-ceara\/#breadcrumb","itemListElement":[{"@type":"ListItem","position":1,"name":"In\u00edcio","item":"https:\/\/quantocustaviajar.com\/blog\/"},{"@type":"ListItem","position":2,"name":"Guaramiranga: a cidade com jeitinho de Su\u00ed\u00e7a no meio do Cear\u00e1"}]},{"@type":"WebSite","@id":"https:\/\/quantocustaviajar.com\/blog\/#website","url":"https:\/\/quantocustaviajar.com\/blog\/","name":"Blog Quanto Custa Viajar","description":"","publisher":{"@id":"https:\/\/quantocustaviajar.com\/blog\/#organization"},"potentialAction":[{"@type":"SearchAction","target":{"@type":"EntryPoint","urlTemplate":"https:\/\/quantocustaviajar.com\/blog\/?s={search_term_string}"},"query-input":{"@type":"PropertyValueSpecification","valueRequired":true,"valueName":"search_term_string"}}],"inLanguage":"pt-BR"},{"@type":"Organization","@id":"https:\/\/quantocustaviajar.com\/blog\/#organization","name":"Quanto Custa Viajar","url":"https:\/\/quantocustaviajar.com\/blog\/","logo":{"@type":"ImageObject","inLanguage":"pt-BR","@id":"https:\/\/quantocustaviajar.com\/blog\/#\/schema\/logo\/image\/","url":"","contentUrl":"","caption":"Quanto Custa Viajar"},"image":{"@id":"https:\/\/quantocustaviajar.com\/blog\/#\/schema\/logo\/image\/"},"sameAs":["https:\/\/www.facebook.com\/quantocustaviajar"]},{"@type":"Person","@id":"https:\/\/quantocustaviajar.com\/blog\/#\/schema\/person\/595118451f4120870051de530232399d","name":"Izabella Miranda","image":{"@type":"ImageObject","inLanguage":"pt-BR","@id":"https:\/\/quantocustaviajar.com\/blog\/#\/schema\/person\/image\/","url":"https:\/\/secure.gravatar.com\/avatar\/eb1c9c8ed6c596023f48930e960ff440b8cad6a3beabb6b619d3504ad832c628?s=96&d=mm&r=g","contentUrl":"https:\/\/secure.gravatar.com\/avatar\/eb1c9c8ed6c596023f48930e960ff440b8cad6a3beabb6b619d3504ad832c628?s=96&d=mm&r=g","caption":"Izabella Miranda"},"description":"Jornalista por profiss\u00e3o e planejadora de viagens nas horas vagas.","url":"https:\/\/quantocustaviajar.com\/blog\/author\/izabella\/"}]}},"_links":{"self":[{"href":"https:\/\/quantocustaviajar.com\/blog\/wp-json\/wp\/v2\/posts\/51693","targetHints":{"allow":["GET"]}}],"collection":[{"href":"https:\/\/quantocustaviajar.com\/blog\/wp-json\/wp\/v2\/posts"}],"about":[{"href":"https:\/\/quantocustaviajar.com\/blog\/wp-json\/wp\/v2\/types\/post"}],"author":[{"embeddable":true,"href":"https:\/\/quantocustaviajar.com\/blog\/wp-json\/wp\/v2\/users\/18"}],"replies":[{"embeddable":true,"href":"https:\/\/quantocustaviajar.com\/blog\/wp-json\/wp\/v2\/comments?post=51693"}],"version-history":[{"count":2,"href":"https:\/\/quantocustaviajar.com\/blog\/wp-json\/wp\/v2\/posts\/51693\/revisions"}],"predecessor-version":[{"id":51970,"href":"https:\/\/quantocustaviajar.com\/blog\/wp-json\/wp\/v2\/posts\/51693\/revisions\/51970"}],"wp:featuredmedia":[{"embeddable":true,"href":"https:\/\/quantocustaviajar.com\/blog\/wp-json\/wp\/v2\/media\/51695"}],"wp:attachment":[{"href":"https:\/\/quantocustaviajar.com\/blog\/wp-json\/wp\/v2\/media?parent=51693"}],"wp:term":[{"taxonomy":"category","embeddable":true,"href":"https:\/\/quantocustaviajar.com\/blog\/wp-json\/wp\/v2\/categories?post=51693"},{"taxonomy":"post_tag","embeddable":true,"href":"https:\/\/quantocustaviajar.com\/blog\/wp-json\/wp\/v2\/tags?post=51693"}],"curies":[{"name":"wp","href":"https:\/\/api.w.org\/{rel}","templated":true}]}}