{"id":51604,"date":"2021-12-20T19:16:45","date_gmt":"2021-12-20T19:16:45","guid":{"rendered":"https:\/\/quantocustaviajar.com\/blog\/?p=51604"},"modified":"2021-12-20T19:16:48","modified_gmt":"2021-12-20T19:16:48","slug":"vila-itororo-centro-cultural","status":"publish","type":"post","link":"https:\/\/quantocustaviajar.com\/blog\/vila-itororo-centro-cultural\/","title":{"rendered":"Centro Cultural Vila Itoror\u00f3: conhe\u00e7a o novo espa\u00e7o que re\u00fane shows e atra\u00e7\u00f5es em SP"},"content":{"rendered":"\n<p>Dentre as muitas op\u00e7\u00f5es de passeios e pontos tur\u00edsticos na cidade de S\u00e3o Paulo para todos os gostos e bolsos, o novo Centro Cultural <strong>Vila Itoror\u00f3 <\/strong>deve se tornar um dos destaques da cidade por unir diferentes programa\u00e7\u00f5es gratuitas para todos os estilos, buscando ser o centro cultural de toda a popula\u00e7\u00e3o da cidade.<\/p><div id=\"ez-toc-container\" class=\"ez-toc-v2_0_76 ez-toc-wrap-left counter-hierarchy ez-toc-counter ez-toc-light-blue ez-toc-container-direction\">\n<div class=\"ez-toc-title-container\">\n<p class=\"ez-toc-title\" style=\"cursor:inherit\">Aqui voc\u00ea ir\u00e1 encontrar<\/p>\n<span class=\"ez-toc-title-toggle\"><a href=\"#\" class=\"ez-toc-pull-right ez-toc-btn ez-toc-btn-xs ez-toc-btn-default ez-toc-toggle\" aria-label=\"Alternar tabela de conte\u00fado\"><span class=\"ez-toc-js-icon-con\"><span class=\"\"><span class=\"eztoc-hide\" style=\"display:none;\">Toggle<\/span><span class=\"ez-toc-icon-toggle-span\"><svg style=\"fill: #999;color:#999\" xmlns=\"http:\/\/www.w3.org\/2000\/svg\" class=\"list-377408\" width=\"20px\" height=\"20px\" viewBox=\"0 0 24 24\" fill=\"none\"><path d=\"M6 6H4v2h2V6zm14 0H8v2h12V6zM4 11h2v2H4v-2zm16 0H8v2h12v-2zM4 16h2v2H4v-2zm16 0H8v2h12v-2z\" fill=\"currentColor\"><\/path><\/svg><svg style=\"fill: #999;color:#999\" class=\"arrow-unsorted-368013\" xmlns=\"http:\/\/www.w3.org\/2000\/svg\" width=\"10px\" height=\"10px\" viewBox=\"0 0 24 24\" version=\"1.2\" baseProfile=\"tiny\"><path d=\"M18.2 9.3l-6.2-6.3-6.2 6.3c-.2.2-.3.4-.3.7s.1.5.3.7c.2.2.4.3.7.3h11c.3 0 .5-.1.7-.3.2-.2.3-.5.3-.7s-.1-.5-.3-.7zM5.8 14.7l6.2 6.3 6.2-6.3c.2-.2.3-.5.3-.7s-.1-.5-.3-.7c-.2-.2-.4-.3-.7-.3h-11c-.3 0-.5.1-.7.3-.2.2-.3.5-.3.7s.1.5.3.7z\"\/><\/svg><\/span><\/span><\/span><\/a><\/span><\/div>\n<nav><ul class='ez-toc-list ez-toc-list-level-1 ' ><li class='ez-toc-page-1 ez-toc-heading-level-2'><a class=\"ez-toc-link ez-toc-heading-1\" href=\"https:\/\/quantocustaviajar.com\/blog\/vila-itororo-centro-cultural\/#Atividades_da_Vila_Itororo\" >Atividades da Vila Itoror\u00f3<\/a><\/li><li class='ez-toc-page-1 ez-toc-heading-level-2'><a class=\"ez-toc-link ez-toc-heading-2\" href=\"https:\/\/quantocustaviajar.com\/blog\/vila-itororo-centro-cultural\/#Restauracao_da_Vila_Itororo\" >Restaura\u00e7\u00e3o da Vila Itoror\u00f3<\/a><\/li><li class='ez-toc-page-1 ez-toc-heading-level-2'><a class=\"ez-toc-link ez-toc-heading-3\" href=\"https:\/\/quantocustaviajar.com\/blog\/vila-itororo-centro-cultural\/#Informacoes_de_visita_a_Vila_Itororo\" >Informa\u00e7\u00f5es de visita \u00e0 Vila Itoror\u00f3<\/a><ul class='ez-toc-list-level-3' ><li class='ez-toc-heading-level-3'><a class=\"ez-toc-link ez-toc-heading-4\" href=\"https:\/\/quantocustaviajar.com\/blog\/vila-itororo-centro-cultural\/#Partiu_Sao_Paulo\" >Partiu S\u00e3o Paulo?<\/a><\/li><\/ul><\/li><\/ul><\/nav><\/div>\n\n\n\n\n<p>Localizado na regi\u00e3o central da cidade, no bairro de Bela Vista, o espa\u00e7o utilizado pelo centro cultural fica em uma \u00e1rea de casas constru\u00eddas em 1920, que estava em ru\u00ednas e foram parcialmente restauradas, onde uma vez serviram como espa\u00e7o de habita\u00e7\u00e3o.<\/p>\n\n\n\n<p>O local foi considerado patrim\u00f4nio hist\u00f3rico e em 2013 foi destinado para atividades art\u00edsticas e culturais, que ap\u00f3s sua revitaliza\u00e7\u00e3o, tem diferentes espa\u00e7os para receber o p\u00fablico para shows, apresenta\u00e7\u00f5es, workshops, palestras e mais.<\/p>\n\n\n\n<p>O Centro Cultural <strong>Vila Itoror\u00f3 <\/strong>foi reinaugurado no dia 10 de setembro deste ano e j\u00e1 faz parte do circuito cultural paulistano dentro da Jornada do Patrim\u00f4nio, reunindo atividades variadas ligadas \u00e0 mem\u00f3ria da cidade.<\/p>\n\n\n\n<div class=\"wp-block-image\"><figure class=\"aligncenter\"><img loading=\"lazy\" decoding=\"async\" width=\"960\" height=\"540\" src=\"https:\/\/quantocustaviajar.com\/blog\/wp-content\/uploads\/2021\/12\/foto-1-1.jpg\" alt=\"As luzes do Centro Cultural Vila Itoror\u00f3 \u00e0 noite comp\u00f5e e agregam ainda mais beleza ao local hist\u00f3rico renovado \/Foto: Divulga\u00e7\u00e3o\" class=\"wp-image-51605\" srcset=\"https:\/\/quantocustaviajar.com\/blog\/wp-content\/uploads\/2021\/12\/foto-1-1.jpg 960w, https:\/\/quantocustaviajar.com\/blog\/wp-content\/uploads\/2021\/12\/foto-1-1-300x169.jpg 300w, https:\/\/quantocustaviajar.com\/blog\/wp-content\/uploads\/2021\/12\/foto-1-1-768x432.jpg 768w\" sizes=\"auto, (max-width: 960px) 100vw, 960px\" \/><figcaption>As luzes do Centro Cultural Vila Itoror\u00f3 \u00e0 noite comp\u00f5e e agregam ainda mais beleza ao local hist\u00f3rico renovado \/Foto: <a href=\"https:\/\/www.facebook.com\/vilaitororo\/photos\/a.1597809920455383\/3147354732167553\" target=\"_blank\" rel=\"noreferrer noopener\" aria-label=\"Divulga\u00e7\u00e3o (abre numa nova aba)\">Divulga\u00e7\u00e3o<\/a><\/figcaption><\/figure><\/div>\n\n\n\n<h2 class=\"wp-block-heading\"><span class=\"ez-toc-section\" id=\"Atividades_da_Vila_Itororo\"><\/span><strong>Atividades da Vila Itoror\u00f3<\/strong><span class=\"ez-toc-section-end\"><\/span><\/h2>\n\n\n\n<p>O Centro Cultural <strong>Vila Itoror\u00f3 <\/strong>tem diversas novas atividades previstas para implementa\u00e7\u00e3o, entre elas as sess\u00f5es de cinema ao ar livre (\u00e0s quintas-feiras) por meio do projeto Cine Clube \u00c9den, em homenagem ao centro esportivo que funcionava ali.<\/p>\n\n\n\n<p>A piscina do local recebe as \u00e1guas do rio Itoror\u00f3, que d\u00e1 o nome ao espa\u00e7o, que agora ser\u00e1 usada para palco de produ\u00e7\u00f5es art\u00edsticas e musicais.<\/p>\n\n\n\n<p>Shows de menor porte, feiras de artesanato e gastronomia, oficinas e exposi\u00e7\u00f5es tamb\u00e9m devem entrar em breve na programa\u00e7\u00e3o da <strong>Vila Itoror\u00f3<\/strong>, que ainda contar\u00e1 com um caf\u00e9 para aproximar os visitantes e receb\u00ea-los bem durante a estada no local.<\/p>\n\n\n\n<div class=\"wp-block-image\"><figure class=\"aligncenter\"><img loading=\"lazy\" decoding=\"async\" width=\"960\" height=\"540\" src=\"https:\/\/quantocustaviajar.com\/blog\/wp-content\/uploads\/2021\/12\/foto-2-1.jpg\" alt=\"A obra do artista Enivo\u201cEsperan\u00e7a\u201d, est\u00e1 localizada na entrada hist\u00f3rica da Vila Itoror\u00f3\/Foto: Benedito Moura\" class=\"wp-image-51606\" srcset=\"https:\/\/quantocustaviajar.com\/blog\/wp-content\/uploads\/2021\/12\/foto-2-1.jpg 960w, https:\/\/quantocustaviajar.com\/blog\/wp-content\/uploads\/2021\/12\/foto-2-1-300x169.jpg 300w, https:\/\/quantocustaviajar.com\/blog\/wp-content\/uploads\/2021\/12\/foto-2-1-768x432.jpg 768w\" sizes=\"auto, (max-width: 960px) 100vw, 960px\" \/><figcaption>A obra do artista Enivo \u201cEsperan\u00e7a\u201d, est\u00e1 localizada na entrada hist\u00f3rica da Vila Itoror\u00f3\/Foto: <a href=\"https:\/\/www.facebook.com\/vilaitororo\/photos\/a.1597809920455383\/3052036958365998\" target=\"_blank\" rel=\"noreferrer noopener\" aria-label=\"Benedito Moura (abre numa nova aba)\">Benedito Moura<\/a><\/figcaption><\/figure><\/div>\n\n\n\n<p>Um dos destaques do centro cultural \u00e9 o seu vasto acervo liter\u00e1rio com foco na literatura infanto-juvenil, al\u00e9m de material relacionado ao patrim\u00f4nio cultural, arquitetura e hist\u00f3rica, incluindo tamb\u00e9m informa\u00e7\u00f5es sobre a ocupa\u00e7\u00e3o da vila.<\/p>\n\n\n\n<p>No futuro o plano \u00e9 que a biblioteca da <strong>Vila Itoror\u00f3 <\/strong>fa\u00e7a parte do Sistema Municipal de Bibliotecas de S\u00e3o Paulo.<\/p>\n\n\n\n<p>O espa\u00e7o tamb\u00e9m abriga o Centro de Refer\u00eancia de Promo\u00e7\u00e3o da Igualdade Racial Vila Itoror\u00f3 (CRPIR), que oferece atendimento e orienta\u00e7\u00e3o profissional em casos de discrimina\u00e7\u00e3o racial.&nbsp; O CRPIR oferece tamb\u00e9m oficinas, debates, a\u00e7\u00f5es culturais e outras a\u00e7\u00f5es relacionadas \u00e0 promo\u00e7\u00e3o da igualdade.<\/p>\n\n\n\n<p>Al\u00e9m de buscar expandir as op\u00e7\u00f5es de lazer, entretenimento e educa\u00e7\u00e3o, o complexo possui uma unidade do Fab Lab, rede de laborat\u00f3rios p\u00fablicos com outros espa\u00e7os pela cidade.<\/p>\n\n\n\n<p>O laborat\u00f3rio oferece cursos das mais variadas \u00e1reas, como cria\u00e7\u00e3o de jogos, costura e modelagem 3D. Os equipamentos s\u00e3o oferecidos a artes\u00e3os e pequenos empreendedores da regi\u00e3o para produzir pe\u00e7as e at\u00e9 cen\u00e1rios para teatro.<\/p>\n\n\n\n<div class=\"wp-block-image\"><figure class=\"aligncenter\"><img loading=\"lazy\" decoding=\"async\" width=\"960\" height=\"540\" src=\"https:\/\/quantocustaviajar.com\/blog\/wp-content\/uploads\/2021\/12\/foto-3.png\" alt=\"A reestrutura\u00e7\u00e3o da Vila Itoror\u00f3 contou com artes de diversos artistas locais\/ Foto: Divulga\u00e7\u00e3o\" class=\"wp-image-51607\" srcset=\"https:\/\/quantocustaviajar.com\/blog\/wp-content\/uploads\/2021\/12\/foto-3.png 960w, https:\/\/quantocustaviajar.com\/blog\/wp-content\/uploads\/2021\/12\/foto-3-300x169.png 300w, https:\/\/quantocustaviajar.com\/blog\/wp-content\/uploads\/2021\/12\/foto-3-768x432.png 768w\" sizes=\"auto, (max-width: 960px) 100vw, 960px\" \/><figcaption>A reestrutura\u00e7\u00e3o da<strong> <\/strong>vila contou com artes de diversos artistas locais\/ Foto: <a rel=\"noreferrer noopener\" aria-label=\"Divulga\u00e7\u00e3o (abre numa nova aba)\" href=\"https:\/\/www.facebook.com\/vilaitororo\/photos\/a.1597809920455383\/3006366106266417\" target=\"_blank\">Divulga\u00e7\u00e3o<\/a><\/figcaption><\/figure><\/div>\n\n\n\n<h2 class=\"wp-block-heading\"><span class=\"ez-toc-section\" id=\"Restauracao_da_Vila_Itororo\"><\/span><strong>Restaura\u00e7\u00e3o da Vila Itoror\u00f3<\/strong><span class=\"ez-toc-section-end\"><\/span><\/h2>\n\n\n\n<p>A<strong>\u00a0Vila Itoror\u00f3 <\/strong>foi inaugurada em 1922 por um comerciante portugu\u00eas e foi moradia de diversos imigrantes durante a produ\u00e7\u00e3o do caf\u00e9 na capital paulista. Hipotecada por d\u00edvidas ap\u00f3s o falecimento do fundador, o espa\u00e7o acabou sendo degradado.<\/p>\n\n\n\n<p>Em 2002 o espa\u00e7o que hoje se tornaria refer\u00eancia em lazer em S\u00e3o Paulo foi tomado pela prefeitura e nos anos seguintes pelo estado. S\u00f3 em 2011 os at\u00e9 ent\u00e3o moradores do local foram obrigados a mudar para apartamentos populares para que a restaura\u00e7\u00e3o come\u00e7asse a ser realizada.<br><br>Em 2013 o Centro Cultural <strong>Vila Itoror\u00f3 <\/strong>foi oficialmente inaugurado e liberado para que o p\u00fablico pudesse ver de perto as obras do complexo hist\u00f3rico. Em 2019 as casas revitalizadas foram abertas e s\u00e3o nelas que ocorrem as oficinas e outras atividades culturais.<br><br>Em 2021 o espa\u00e7o foi reinaugurado com algumas altera\u00e7\u00f5es e reformas, aguardando seu marco de 100 anos no dia 7 de setembro de 2022.<\/p>\n\n\n\n<div class=\"wp-block-image\"><figure class=\"aligncenter\"><img loading=\"lazy\" decoding=\"async\" width=\"750\" height=\"500\" src=\"https:\/\/quantocustaviajar.com\/blog\/wp-content\/uploads\/2021\/12\/FOTO-4-1.jpg\" alt=\"Veja como era a Vila Itoror\u00f3 antes da reforma\/Foto: Wikimedia Commons e Caros Barretta\" class=\"wp-image-51608\" srcset=\"https:\/\/quantocustaviajar.com\/blog\/wp-content\/uploads\/2021\/12\/FOTO-4-1.jpg 750w, https:\/\/quantocustaviajar.com\/blog\/wp-content\/uploads\/2021\/12\/FOTO-4-1-300x200.jpg 300w\" sizes=\"auto, (max-width: 750px) 100vw, 750px\" \/><figcaption>Veja como era antes da reforma\/Foto: <a rel=\"noreferrer noopener\" aria-label=\"Wikimedia Commons e Carlos Barretta (abre numa nova aba)\" href=\"https:\/\/upload.wikimedia.org\/wikipedia\/commons\/e\/e6\/By_Carlos_Barretta_stk_001373_%288020939549%29.jpg\" target=\"_blank\">Wikimedia Commons e Carlos Barretta<\/a><\/figcaption><\/figure><\/div>\n\n\n\n<h2 class=\"wp-block-heading\"><span class=\"ez-toc-section\" id=\"Informacoes_de_visita_a_Vila_Itororo\"><\/span><strong>Informa\u00e7\u00f5es de visita \u00e0 Vila Itoror\u00f3<\/strong><span class=\"ez-toc-section-end\"><\/span><\/h2>\n\n\n\n<p>O Centro Cultural <strong>Vila Itoror\u00f3 <\/strong>funciona de ter\u00e7a a domingo das 10h \u00e0s 19h no endere\u00e7o\u00a0 R. Maestro Cardim, 60 &#8211; Bela Vista, <a href=\"https:\/\/quantocustaviajar.com\/brasil\/sao-paulo\" target=\"_blank\" rel=\"noreferrer noopener\" aria-label=\"S\u00e3o Paulo (abre numa nova aba)\">S\u00e3o Paulo<\/a> &#8211; SP. Em datas de shows e outras atra\u00e7\u00f5es previstas na programa\u00e7\u00e3o, os hor\u00e1rios podem sofrer altera\u00e7\u00e3o.\u00a0<\/p>\n\n\n\n<p>A programa\u00e7\u00e3o mensal \u00e9 liberada no site oficial do centro cultural que pode ser acessado clicando <a rel=\"noreferrer noopener\" aria-label=\" (abre numa nova aba)\" href=\"https:\/\/vilaitororo.prefeitura.sp.gov.br\/index.php\/programacao\/\" target=\"_blank\">aqui<\/a>. Outras informa\u00e7\u00f5es, dados e d\u00favidas podem ser tiradas pela equipe de gest\u00e3o do centro por meio do <a rel=\"noreferrer noopener\" aria-label=\" (abre numa nova aba)\" href=\"mailto:vilaitororo@prefeitura.sp.gov.br\" target=\"_blank\">vilaitororo@prefeitura.sp.gov.br<\/a> ou pelo telefone (11) 3253-0187.<\/p>\n\n\n\n<p>O Fab Lab pode ser visitado de segunda a sexta, das 10h \u00e0s 19h e aos s\u00e1bados at\u00e9 \u00e0s 14h. O contato do laborat\u00f3rio \u00e9 via e-mail no <a rel=\"noreferrer noopener\" aria-label=\" (abre numa nova aba)\" href=\"mailto:fablab@prefeitura.sp.gov.br\" target=\"_blank\">fablab@prefeitura.sp.gov.br<\/a>.<\/p>\n\n\n\n<p>O Centro de Refer\u00eancia de Promo\u00e7\u00e3o da Igualdade Racial segue os hor\u00e1rios do Centro Cultural <strong>Vila Itoror\u00f3 <\/strong>e ainda pode ser contatado pelo <a rel=\"noreferrer noopener\" aria-label=\" (abre numa nova aba)\" href=\"mailto:smdhccrpircentro@prefeitura.sp.gov.br\" target=\"_blank\">smdhccrpircentro@prefeitura.sp.gov.br<\/a> ou via telefone nos n\u00fameros 11 2558-8896 \/ 11 3136-2194.<br><\/p>\n\n\n\n<h3 class=\"wp-block-heading\"><span class=\"ez-toc-section\" id=\"Partiu_Sao_Paulo\"><\/span>Partiu S\u00e3o Paulo?<span class=\"ez-toc-section-end\"><\/span><\/h3>\n\n\n\n<p>\ud83c\udfe8 <strong><a href=\"https:\/\/www.booking.com\/searchresults.xb.html?city=-671824&amp;aid=2161834&amp;no_rooms=1&amp;group_adults=2\">Encontre aqui a hospedagem que cabe no seu bolso<\/a><\/strong><br>\u2708\ufe0f <a rel=\"noreferrer noopener\" aria-label=\"Pesquise passagem a\u00e9rea no buscador da Turismocity  (abre numa nova aba)\" href=\"https:\/\/www.turismocity.com.br\/?utm_source=qcv&amp;utm_medium=blog\" target=\"_blank\">Pesquise passagem a\u00e9rea no buscador da Turismocity <\/a><\/p>\n\n\n\n<figure class=\"wp-block-embed-wordpress wp-block-embed is-type-wp-embed is-provider-blog-quanto-custa-viajar\"><div class=\"wp-block-embed__wrapper\">\n<blockquote class=\"wp-embedded-content\" data-secret=\"i329H3XwQI\"><a href=\"https:\/\/quantocustaviajar.com\/blog\/cafes-em-sao-paulo\/\">A procura da x\u00edcara perfeita: caf\u00e9s para visitar em S\u00e3o Paulo<\/a><\/blockquote><iframe loading=\"lazy\" class=\"wp-embedded-content\" sandbox=\"allow-scripts\" security=\"restricted\" style=\"position: absolute; visibility: hidden;\" title=\"&#8220;A procura da x\u00edcara perfeita: caf\u00e9s para visitar em S\u00e3o Paulo&#8221; &#8212; Blog Quanto Custa Viajar\" src=\"https:\/\/quantocustaviajar.com\/blog\/cafes-em-sao-paulo\/embed\/#?secret=Xil0RAAmbA#?secret=i329H3XwQI\" data-secret=\"i329H3XwQI\" width=\"600\" height=\"338\" frameborder=\"0\" marginwidth=\"0\" marginheight=\"0\" scrolling=\"no\"><\/iframe>\n<\/div><\/figure>\n","protected":false},"excerpt":{"rendered":"<p>Dentre as muitas op\u00e7\u00f5es de passeios e pontos tur\u00edsticos na cidade de S\u00e3o Paulo para todos os gostos e bolsos, o novo Centro Cultural Vila Itoror\u00f3 deve se tornar um dos destaques da cidade por unir diferentes programa\u00e7\u00f5es gratuitas para todos os estilos, buscando ser o centro cultural de toda a popula\u00e7\u00e3o da cidade. Localizado [&hellip;]<\/p>\n","protected":false},"author":18,"featured_media":51605,"comment_status":"open","ping_status":"open","sticky":false,"template":"","format":"standard","meta":{"cybocfi_hide_featured_image":"","footnotes":""},"categories":[1436],"tags":[62,1431],"class_list":["post-51604","post","type-post","status-publish","format-standard","has-post-thumbnail","hentry","category-artes-cultura-diversao","tag-cultura","tag-saopaulo"],"blocksy_meta":[],"yoast_head":"<!-- This site is optimized with the Yoast SEO plugin v26.3 - https:\/\/yoast.com\/wordpress\/plugins\/seo\/ -->\n<title>Centro Cultural Vila Itoror\u00f3: novo espa\u00e7o re\u00fane shows e atra\u00e7\u00f5es em SP<\/title>\n<meta name=\"robots\" content=\"index, follow, max-snippet:-1, max-image-preview:large, max-video-preview:-1\" \/>\n<link rel=\"canonical\" href=\"https:\/\/quantocustaviajar.com\/blog\/vila-itororo-centro-cultural\/\" \/>\n<meta property=\"og:locale\" content=\"pt_BR\" \/>\n<meta property=\"og:type\" content=\"article\" \/>\n<meta property=\"og:title\" content=\"Antiga vila de imigrantes vira incr\u00edvel Centro Cultural em SP\" \/>\n<meta property=\"og:description\" content=\"Dentre as muitas op\u00e7\u00f5es de passeios e pontos tur\u00edsticos na cidade de S\u00e3o Paulo para todos os gostos e bolsos, o novo Centro Cultural Vila Itoror\u00f3 deve se tornar um dos destaques da cidade por unir diferentes programa\u00e7\u00f5es gratuitas para todos os estilos, buscando ser o centro cultural de toda a popula\u00e7\u00e3o da cidade. Localizado [&hellip;]\" \/>\n<meta property=\"og:url\" content=\"https:\/\/quantocustaviajar.com\/blog\/vila-itororo-centro-cultural\/\" \/>\n<meta property=\"og:site_name\" content=\"Blog Quanto Custa Viajar\" \/>\n<meta property=\"article:publisher\" content=\"https:\/\/www.facebook.com\/quantocustaviajar\" \/>\n<meta property=\"article:published_time\" content=\"2021-12-20T19:16:45+00:00\" \/>\n<meta property=\"article:modified_time\" content=\"2021-12-20T19:16:48+00:00\" \/>\n<meta property=\"og:image\" content=\"https:\/\/quantocustaviajar.com\/blog\/wp-content\/uploads\/2021\/12\/foto-1-1.jpg\" \/>\n\t<meta property=\"og:image:width\" content=\"960\" \/>\n\t<meta property=\"og:image:height\" content=\"540\" \/>\n\t<meta property=\"og:image:type\" content=\"image\/jpeg\" \/>\n<meta name=\"author\" content=\"Izabella Miranda\" \/>\n<meta name=\"twitter:card\" content=\"summary_large_image\" \/>\n<meta name=\"twitter:label1\" content=\"Escrito por\" \/>\n\t<meta name=\"twitter:data1\" content=\"Izabella Miranda\" \/>\n\t<meta name=\"twitter:label2\" content=\"Est. tempo de leitura\" \/>\n\t<meta name=\"twitter:data2\" content=\"5 minutos\" \/>\n<!-- \/ Yoast SEO plugin. -->","yoast_head_json":{"title":"Centro Cultural Vila Itoror\u00f3: novo espa\u00e7o re\u00fane shows e atra\u00e7\u00f5es em SP","robots":{"index":"index","follow":"follow","max-snippet":"max-snippet:-1","max-image-preview":"max-image-preview:large","max-video-preview":"max-video-preview:-1"},"canonical":"https:\/\/quantocustaviajar.com\/blog\/vila-itororo-centro-cultural\/","og_locale":"pt_BR","og_type":"article","og_title":"Antiga vila de imigrantes vira incr\u00edvel Centro Cultural em SP","og_description":"Dentre as muitas op\u00e7\u00f5es de passeios e pontos tur\u00edsticos na cidade de S\u00e3o Paulo para todos os gostos e bolsos, o novo Centro Cultural Vila Itoror\u00f3 deve se tornar um dos destaques da cidade por unir diferentes programa\u00e7\u00f5es gratuitas para todos os estilos, buscando ser o centro cultural de toda a popula\u00e7\u00e3o da cidade. Localizado [&hellip;]","og_url":"https:\/\/quantocustaviajar.com\/blog\/vila-itororo-centro-cultural\/","og_site_name":"Blog Quanto Custa Viajar","article_publisher":"https:\/\/www.facebook.com\/quantocustaviajar","article_published_time":"2021-12-20T19:16:45+00:00","article_modified_time":"2021-12-20T19:16:48+00:00","og_image":[{"width":960,"height":540,"url":"https:\/\/quantocustaviajar.com\/blog\/wp-content\/uploads\/2021\/12\/foto-1-1.jpg","type":"image\/jpeg"}],"author":"Izabella Miranda","twitter_card":"summary_large_image","twitter_misc":{"Escrito por":"Izabella Miranda","Est. tempo de leitura":"5 minutos"},"schema":{"@context":"https:\/\/schema.org","@graph":[{"@type":["Article","BlogPosting"],"@id":"https:\/\/quantocustaviajar.com\/blog\/vila-itororo-centro-cultural\/#article","isPartOf":{"@id":"https:\/\/quantocustaviajar.com\/blog\/vila-itororo-centro-cultural\/"},"author":{"name":"Izabella Miranda","@id":"https:\/\/quantocustaviajar.com\/blog\/#\/schema\/person\/595118451f4120870051de530232399d"},"headline":"Centro Cultural Vila Itoror\u00f3: conhe\u00e7a o novo espa\u00e7o que re\u00fane shows e atra\u00e7\u00f5es em SP","datePublished":"2021-12-20T19:16:45+00:00","dateModified":"2021-12-20T19:16:48+00:00","mainEntityOfPage":{"@id":"https:\/\/quantocustaviajar.com\/blog\/vila-itororo-centro-cultural\/"},"wordCount":944,"commentCount":0,"publisher":{"@id":"https:\/\/quantocustaviajar.com\/blog\/#organization"},"image":{"@id":"https:\/\/quantocustaviajar.com\/blog\/vila-itororo-centro-cultural\/#primaryimage"},"thumbnailUrl":"https:\/\/quantocustaviajar.com\/blog\/wp-content\/uploads\/2021\/12\/foto-1-1.jpg","keywords":["cultura","saopaulo"],"articleSection":["Artes, Cultura &amp; Divers\u00e3o"],"inLanguage":"pt-BR","potentialAction":[{"@type":"CommentAction","name":"Comment","target":["https:\/\/quantocustaviajar.com\/blog\/vila-itororo-centro-cultural\/#respond"]}]},{"@type":"WebPage","@id":"https:\/\/quantocustaviajar.com\/blog\/vila-itororo-centro-cultural\/","url":"https:\/\/quantocustaviajar.com\/blog\/vila-itororo-centro-cultural\/","name":"Centro Cultural Vila Itoror\u00f3: novo espa\u00e7o re\u00fane shows e atra\u00e7\u00f5es em SP","isPartOf":{"@id":"https:\/\/quantocustaviajar.com\/blog\/#website"},"primaryImageOfPage":{"@id":"https:\/\/quantocustaviajar.com\/blog\/vila-itororo-centro-cultural\/#primaryimage"},"image":{"@id":"https:\/\/quantocustaviajar.com\/blog\/vila-itororo-centro-cultural\/#primaryimage"},"thumbnailUrl":"https:\/\/quantocustaviajar.com\/blog\/wp-content\/uploads\/2021\/12\/foto-1-1.jpg","datePublished":"2021-12-20T19:16:45+00:00","dateModified":"2021-12-20T19:16:48+00:00","breadcrumb":{"@id":"https:\/\/quantocustaviajar.com\/blog\/vila-itororo-centro-cultural\/#breadcrumb"},"inLanguage":"pt-BR","potentialAction":[{"@type":"ReadAction","target":["https:\/\/quantocustaviajar.com\/blog\/vila-itororo-centro-cultural\/"]}]},{"@type":"ImageObject","inLanguage":"pt-BR","@id":"https:\/\/quantocustaviajar.com\/blog\/vila-itororo-centro-cultural\/#primaryimage","url":"https:\/\/quantocustaviajar.com\/blog\/wp-content\/uploads\/2021\/12\/foto-1-1.jpg","contentUrl":"https:\/\/quantocustaviajar.com\/blog\/wp-content\/uploads\/2021\/12\/foto-1-1.jpg","width":960,"height":540,"caption":"As luzes do Centro Cultural Vila Itoror\u00f3 \u00e0 noite comp\u00f5e e agregam ainda mais beleza ao local hist\u00f3rico renovado \/Foto: Divulga\u00e7\u00e3o"},{"@type":"BreadcrumbList","@id":"https:\/\/quantocustaviajar.com\/blog\/vila-itororo-centro-cultural\/#breadcrumb","itemListElement":[{"@type":"ListItem","position":1,"name":"In\u00edcio","item":"https:\/\/quantocustaviajar.com\/blog\/"},{"@type":"ListItem","position":2,"name":"Centro Cultural Vila Itoror\u00f3: conhe\u00e7a o novo espa\u00e7o que re\u00fane shows e atra\u00e7\u00f5es em SP"}]},{"@type":"WebSite","@id":"https:\/\/quantocustaviajar.com\/blog\/#website","url":"https:\/\/quantocustaviajar.com\/blog\/","name":"Blog Quanto Custa Viajar","description":"","publisher":{"@id":"https:\/\/quantocustaviajar.com\/blog\/#organization"},"potentialAction":[{"@type":"SearchAction","target":{"@type":"EntryPoint","urlTemplate":"https:\/\/quantocustaviajar.com\/blog\/?s={search_term_string}"},"query-input":{"@type":"PropertyValueSpecification","valueRequired":true,"valueName":"search_term_string"}}],"inLanguage":"pt-BR"},{"@type":"Organization","@id":"https:\/\/quantocustaviajar.com\/blog\/#organization","name":"Quanto Custa Viajar","url":"https:\/\/quantocustaviajar.com\/blog\/","logo":{"@type":"ImageObject","inLanguage":"pt-BR","@id":"https:\/\/quantocustaviajar.com\/blog\/#\/schema\/logo\/image\/","url":"","contentUrl":"","caption":"Quanto Custa Viajar"},"image":{"@id":"https:\/\/quantocustaviajar.com\/blog\/#\/schema\/logo\/image\/"},"sameAs":["https:\/\/www.facebook.com\/quantocustaviajar"]},{"@type":"Person","@id":"https:\/\/quantocustaviajar.com\/blog\/#\/schema\/person\/595118451f4120870051de530232399d","name":"Izabella Miranda","image":{"@type":"ImageObject","inLanguage":"pt-BR","@id":"https:\/\/quantocustaviajar.com\/blog\/#\/schema\/person\/image\/","url":"https:\/\/secure.gravatar.com\/avatar\/eb1c9c8ed6c596023f48930e960ff440b8cad6a3beabb6b619d3504ad832c628?s=96&d=mm&r=g","contentUrl":"https:\/\/secure.gravatar.com\/avatar\/eb1c9c8ed6c596023f48930e960ff440b8cad6a3beabb6b619d3504ad832c628?s=96&d=mm&r=g","caption":"Izabella Miranda"},"description":"Jornalista por profiss\u00e3o e planejadora de viagens nas horas vagas.","url":"https:\/\/quantocustaviajar.com\/blog\/author\/izabella\/"}]}},"_links":{"self":[{"href":"https:\/\/quantocustaviajar.com\/blog\/wp-json\/wp\/v2\/posts\/51604","targetHints":{"allow":["GET"]}}],"collection":[{"href":"https:\/\/quantocustaviajar.com\/blog\/wp-json\/wp\/v2\/posts"}],"about":[{"href":"https:\/\/quantocustaviajar.com\/blog\/wp-json\/wp\/v2\/types\/post"}],"author":[{"embeddable":true,"href":"https:\/\/quantocustaviajar.com\/blog\/wp-json\/wp\/v2\/users\/18"}],"replies":[{"embeddable":true,"href":"https:\/\/quantocustaviajar.com\/blog\/wp-json\/wp\/v2\/comments?post=51604"}],"version-history":[{"count":2,"href":"https:\/\/quantocustaviajar.com\/blog\/wp-json\/wp\/v2\/posts\/51604\/revisions"}],"predecessor-version":[{"id":51666,"href":"https:\/\/quantocustaviajar.com\/blog\/wp-json\/wp\/v2\/posts\/51604\/revisions\/51666"}],"wp:featuredmedia":[{"embeddable":true,"href":"https:\/\/quantocustaviajar.com\/blog\/wp-json\/wp\/v2\/media\/51605"}],"wp:attachment":[{"href":"https:\/\/quantocustaviajar.com\/blog\/wp-json\/wp\/v2\/media?parent=51604"}],"wp:term":[{"taxonomy":"category","embeddable":true,"href":"https:\/\/quantocustaviajar.com\/blog\/wp-json\/wp\/v2\/categories?post=51604"},{"taxonomy":"post_tag","embeddable":true,"href":"https:\/\/quantocustaviajar.com\/blog\/wp-json\/wp\/v2\/tags?post=51604"}],"curies":[{"name":"wp","href":"https:\/\/api.w.org\/{rel}","templated":true}]}}