{"id":50949,"date":"2021-10-19T16:52:07","date_gmt":"2021-10-19T16:52:07","guid":{"rendered":"https:\/\/quantocustaviajar.com\/blog\/?p=50949"},"modified":"2021-10-19T16:52:10","modified_gmt":"2021-10-19T16:52:10","slug":"vila-de-natal-sao-paulo","status":"publish","type":"post","link":"https:\/\/quantocustaviajar.com\/blog\/vila-de-natal-sao-paulo\/","title":{"rendered":"S\u00e3o Paulo ter\u00e1 vila de Natal com roda gigante, luzes e pista de patina\u00e7\u00e3o"},"content":{"rendered":"\n<p>O per\u00edodo de f\u00e9rias coletivas promete ser mais agitado este ano em S\u00e3o Paulo. O Governo do Estado anunciou a cria\u00e7\u00e3o de uma<strong> vila de Natal <\/strong>tempor\u00e1ria, inspirada nas tradicionais atra\u00e7\u00f5es europeias. Com luzes, roda gigante, pista de patina\u00e7\u00e3o e casas tem\u00e1ticas, o passeio j\u00e1 est\u00e1 com ingressos \u00e0 venda.\u00a0<\/p><div id=\"ez-toc-container\" class=\"ez-toc-v2_0_76 ez-toc-wrap-left counter-hierarchy ez-toc-counter ez-toc-light-blue ez-toc-container-direction\">\n<div class=\"ez-toc-title-container\">\n<p class=\"ez-toc-title\" style=\"cursor:inherit\">Aqui voc\u00ea ir\u00e1 encontrar<\/p>\n<span class=\"ez-toc-title-toggle\"><a href=\"#\" class=\"ez-toc-pull-right ez-toc-btn ez-toc-btn-xs ez-toc-btn-default ez-toc-toggle\" aria-label=\"Alternar tabela de conte\u00fado\"><span class=\"ez-toc-js-icon-con\"><span class=\"\"><span class=\"eztoc-hide\" style=\"display:none;\">Toggle<\/span><span class=\"ez-toc-icon-toggle-span\"><svg style=\"fill: #999;color:#999\" xmlns=\"http:\/\/www.w3.org\/2000\/svg\" class=\"list-377408\" width=\"20px\" height=\"20px\" viewBox=\"0 0 24 24\" fill=\"none\"><path d=\"M6 6H4v2h2V6zm14 0H8v2h12V6zM4 11h2v2H4v-2zm16 0H8v2h12v-2zM4 16h2v2H4v-2zm16 0H8v2h12v-2z\" fill=\"currentColor\"><\/path><\/svg><svg style=\"fill: #999;color:#999\" class=\"arrow-unsorted-368013\" xmlns=\"http:\/\/www.w3.org\/2000\/svg\" width=\"10px\" height=\"10px\" viewBox=\"0 0 24 24\" version=\"1.2\" baseProfile=\"tiny\"><path d=\"M18.2 9.3l-6.2-6.3-6.2 6.3c-.2.2-.3.4-.3.7s.1.5.3.7c.2.2.4.3.7.3h11c.3 0 .5-.1.7-.3.2-.2.3-.5.3-.7s-.1-.5-.3-.7zM5.8 14.7l6.2 6.3 6.2-6.3c.2-.2.3-.5.3-.7s-.1-.5-.3-.7c-.2-.2-.4-.3-.7-.3h-11c-.3 0-.5.1-.7.3-.2.2-.3.5-.3.7s.1.5.3.7z\"\/><\/svg><\/span><\/span><\/span><\/a><\/span><\/div>\n<nav><ul class='ez-toc-list ez-toc-list-level-1 ' ><li class='ez-toc-page-1 ez-toc-heading-level-2'><a class=\"ez-toc-link ez-toc-heading-1\" href=\"https:\/\/quantocustaviajar.com\/blog\/vila-de-natal-sao-paulo\/#Vai_la\" >Vai l\u00e1!<\/a><ul class='ez-toc-list-level-4' ><li class='ez-toc-heading-level-4'><ul class='ez-toc-list-level-4' ><li class='ez-toc-heading-level-4'><a class=\"ez-toc-link ez-toc-heading-2\" href=\"https:\/\/quantocustaviajar.com\/blog\/vila-de-natal-sao-paulo\/#Consulte_os_melhores_precos_de_passagem_aerea_para_SP\" >Consulte os melhores pre\u00e7os de passagem a\u00e9rea para SP!<\/a><\/li><\/ul><\/li><li class='ez-toc-page-1 ez-toc-heading-level-3'><a class=\"ez-toc-link ez-toc-heading-3\" href=\"https:\/\/quantocustaviajar.com\/blog\/vila-de-natal-sao-paulo\/#Quanto_Custa_ir_a_vila_de_Natal\" >Quanto Custa ir \u00e0 vila de Natal<\/a><ul class='ez-toc-list-level-4' ><li class='ez-toc-heading-level-4'><a class=\"ez-toc-link ez-toc-heading-4\" href=\"https:\/\/quantocustaviajar.com\/blog\/vila-de-natal-sao-paulo\/#Precisa_de_hotel_em_Sampa_Confira_as_opcoes\" >Precisa de hotel em Sampa? Confira as op\u00e7\u00f5es!<\/a><\/li><\/ul><\/li><\/ul><\/li><\/ul><\/nav><\/div>\n\n\n\n\n<p>A vila de Natal paulistana ser\u00e1 erguida ao ar livre, mais precisamente no Parque Villa-Lobos, regi\u00e3o Oeste de <a href=\"http:\/\/quantocustaviajar.com\/brasil\/sao-paulo\" target=\"_blank\" rel=\"noreferrer noopener\" aria-label=\"S\u00e3o Paulo (abre numa nova aba)\">S\u00e3o Paulo<\/a>. O projeto prev\u00ea uma <strong>\u00e1rvore natalina de 65 metros de altura<\/strong> ao centro, sendo a maior da cidade; uma<strong> Casa do Papai Noel<\/strong>, que simula o lar da figura mais emblem\u00e1tica da celebra\u00e7\u00e3o crist\u00e3; e uma <strong>Cabana da Mam\u00e3e Noel<\/strong>, espa\u00e7o dedicado a oficinas de culin\u00e1ria, resgatando receitas cl\u00e1ssicas da \u00e9poca.<\/p>\n\n\n\n<div class=\"wp-block-image\"><figure class=\"aligncenter\"><img loading=\"lazy\" decoding=\"async\" width=\"1020\" height=\"766\" src=\"https:\/\/quantocustaviajar.com\/blog\/wp-content\/uploads\/2021\/10\/natal-sp.jpeg\" alt=\"\" class=\"wp-image-50950\" srcset=\"https:\/\/quantocustaviajar.com\/blog\/wp-content\/uploads\/2021\/10\/natal-sp.jpeg 1020w, https:\/\/quantocustaviajar.com\/blog\/wp-content\/uploads\/2021\/10\/natal-sp-300x225.jpeg 300w, https:\/\/quantocustaviajar.com\/blog\/wp-content\/uploads\/2021\/10\/natal-sp-768x577.jpeg 768w\" sizes=\"auto, (max-width: 1020px) 100vw, 1020px\" \/><figcaption>Foto: divulga\u00e7\u00e3o<\/figcaption><\/figure><\/div>\n\n\n\n<div class=\"wp-block-image\"><figure class=\"aligncenter\"><img loading=\"lazy\" decoding=\"async\" width=\"768\" height=\"512\" src=\"https:\/\/quantocustaviajar.com\/blog\/wp-content\/uploads\/2021\/10\/natal-em-sp.jpeg\" alt=\"\" class=\"wp-image-50953\" srcset=\"https:\/\/quantocustaviajar.com\/blog\/wp-content\/uploads\/2021\/10\/natal-em-sp.jpeg 768w, https:\/\/quantocustaviajar.com\/blog\/wp-content\/uploads\/2021\/10\/natal-em-sp-300x200.jpeg 300w\" sizes=\"auto, (max-width: 768px) 100vw, 768px\" \/><figcaption>Foto: divulga\u00e7\u00e3o<\/figcaption><\/figure><\/div>\n\n\n\n<p><a rel=\"noreferrer noopener\" aria-label=\"Adultos e crian\u00e7as (abre numa nova aba)\" href=\"https:\/\/quantocustaviajar.com\/blog\/lugares-no-brasil-para-viajar-com-criancas\/\" target=\"_blank\">Adultos e crian\u00e7as<\/a> poder\u00e3o se divertir tamb\u00e9m numa <strong>pista ecol\u00f3gica de patina\u00e7\u00e3o no gelo de 300m\u00b2<\/strong>, que n\u00e3o requer o uso de \u00e1gua e nem de energia para funcionar, e no <strong><a href=\"https:\/\/quantocustaviajar.com\/blog\/sao-paulo-roda-gigante\/\" target=\"_blank\" rel=\"noreferrer noopener\" aria-label=\"parque de divers\u00f5es (abre numa nova aba)\">parque de divers\u00f5es<\/a><\/strong>, que ter\u00e1 brinquedos diversos, alguns deles pagos \u00e0 parte da entrada que d\u00e1 acesso ao local.\u00a0<\/p>\n\n\n\n<p>Na chamada <strong>Aldeia Gastron\u00f4mica<\/strong> estar\u00e3o barracas de comida com aproximadamente 20 expositores e 15 op\u00e7\u00f5es de prato. E, para ningu\u00e9m sair de m\u00e3os abanando, a vila de Natal inclui produtos de artes\u00e3os e pequenos comerciantes, que ser\u00e3o vendidos em barraquinhas, incentivando a compra de lembrancinhas natalinas. \u00a0<\/p>\n\n\n\n<p>A proposta do evento tamb\u00e9m se respalda na solidariedade, <strong>arrecadando alimentos e brinquedos para o Fundo Social de SP<\/strong>. A organiza\u00e7\u00e3o espera arrecadar 15 mil brinquedos e 10 toneladas de alimentos.\u00a0<\/p>\n\n\n\n<ul class=\"wp-block-gallery columns-2 is-cropped wp-block-gallery-1 is-layout-flex wp-block-gallery-is-layout-flex\"><li class=\"blocks-gallery-item\"><figure><img loading=\"lazy\" decoding=\"async\" width=\"450\" height=\"339\" src=\"https:\/\/quantocustaviajar.com\/blog\/wp-content\/uploads\/2021\/10\/viladenatal.png\" alt=\"\" data-id=\"50959\" data-link=\"https:\/\/quantocustaviajar.com\/blog\/?attachment_id=50959\" class=\"wp-image-50959\" srcset=\"https:\/\/quantocustaviajar.com\/blog\/wp-content\/uploads\/2021\/10\/viladenatal.png 450w, https:\/\/quantocustaviajar.com\/blog\/wp-content\/uploads\/2021\/10\/viladenatal-300x226.png 300w\" sizes=\"auto, (max-width: 450px) 100vw, 450px\" \/><\/figure><\/li><li class=\"blocks-gallery-item\"><figure><img loading=\"lazy\" decoding=\"async\" width=\"450\" height=\"339\" src=\"https:\/\/quantocustaviajar.com\/blog\/wp-content\/uploads\/2021\/10\/viladenatal2.png\" alt=\"\" data-id=\"50958\" data-link=\"https:\/\/quantocustaviajar.com\/blog\/?attachment_id=50958\" class=\"wp-image-50958\" srcset=\"https:\/\/quantocustaviajar.com\/blog\/wp-content\/uploads\/2021\/10\/viladenatal2.png 450w, https:\/\/quantocustaviajar.com\/blog\/wp-content\/uploads\/2021\/10\/viladenatal2-300x226.png 300w\" sizes=\"auto, (max-width: 450px) 100vw, 450px\" \/><\/figure><\/li><\/ul>\n\n\n\n<div class=\"wp-block-image\"><figure class=\"aligncenter\"><img loading=\"lazy\" decoding=\"async\" width=\"1021\" height=\"560\" src=\"https:\/\/quantocustaviajar.com\/blog\/wp-content\/uploads\/2021\/10\/vila-de-natal-sp.jpeg\" alt=\"\" class=\"wp-image-50952\" srcset=\"https:\/\/quantocustaviajar.com\/blog\/wp-content\/uploads\/2021\/10\/vila-de-natal-sp.jpeg 1021w, https:\/\/quantocustaviajar.com\/blog\/wp-content\/uploads\/2021\/10\/vila-de-natal-sp-300x165.jpeg 300w, https:\/\/quantocustaviajar.com\/blog\/wp-content\/uploads\/2021\/10\/vila-de-natal-sp-768x421.jpeg 768w\" sizes=\"auto, (max-width: 1021px) 100vw, 1021px\" \/><figcaption>Foto: divulga\u00e7\u00e3o<\/figcaption><\/figure><\/div>\n\n\n\n<ul class=\"wp-block-gallery aligncenter columns-2 is-cropped wp-block-gallery-2 is-layout-flex wp-block-gallery-is-layout-flex\"><li class=\"blocks-gallery-item\"><figure><img loading=\"lazy\" decoding=\"async\" width=\"450\" height=\"339\" src=\"https:\/\/quantocustaviajar.com\/blog\/wp-content\/uploads\/2021\/10\/viladenatal5.png\" alt=\"\" data-id=\"50956\" data-link=\"https:\/\/quantocustaviajar.com\/blog\/?attachment_id=50956\" class=\"wp-image-50956\" srcset=\"https:\/\/quantocustaviajar.com\/blog\/wp-content\/uploads\/2021\/10\/viladenatal5.png 450w, https:\/\/quantocustaviajar.com\/blog\/wp-content\/uploads\/2021\/10\/viladenatal5-300x226.png 300w\" sizes=\"auto, (max-width: 450px) 100vw, 450px\" \/><\/figure><\/li><li class=\"blocks-gallery-item\"><figure><img loading=\"lazy\" decoding=\"async\" width=\"450\" height=\"339\" src=\"https:\/\/quantocustaviajar.com\/blog\/wp-content\/uploads\/2021\/10\/viladenatal3.png\" alt=\"\" data-id=\"50957\" data-link=\"https:\/\/quantocustaviajar.com\/blog\/?attachment_id=50957\" class=\"wp-image-50957\" srcset=\"https:\/\/quantocustaviajar.com\/blog\/wp-content\/uploads\/2021\/10\/viladenatal3.png 450w, https:\/\/quantocustaviajar.com\/blog\/wp-content\/uploads\/2021\/10\/viladenatal3-300x226.png 300w\" sizes=\"auto, (max-width: 450px) 100vw, 450px\" \/><\/figure><\/li><\/ul>\n\n\n\n<h2 class=\"wp-block-heading\"><span class=\"ez-toc-section\" id=\"Vai_la\"><\/span>Vai l\u00e1!<span class=\"ez-toc-section-end\"><\/span><\/h2>\n\n\n\n<p>A <a href=\"https:\/\/villadenatalsp.com.br\/\" rel=\"noreferrer noopener\" target=\"_blank\">Villa de Natal<\/a>  estar\u00e1 na Av. Prof. Fonseca Rodrigues, 2001\u200a\u2014\u200aAlto de Pinheiros\u200a\u2014\u200aS\u00e3o Paulo (SP)<\/p>\n\n\n\n<p>Funcionamento: de 10 de dezembro a 6 de janeiro\u200a\u2014\u200ade segunda \u00e0 sexta, das 14h \u00e0s 23h, e aos s\u00e1bados e domingos, das 10h \u00e0s 23h.<\/p>\n\n\n\n<p>Estacionamento no local; esta\u00e7\u00e3o de trem pr\u00f3xima.\u00a0<\/p>\n\n\n\n<h4 class=\"wp-block-heading\"><span class=\"ez-toc-section\" id=\"Consulte_os_melhores_precos_de_passagem_aerea_para_SP\"><\/span><strong><a href=\"https:\/\/www.turismocity.com.br\/passagens-aereas\" target=\"_blank\" rel=\"noreferrer noopener\" aria-label=\"Consulte os melhores pre\u00e7os de passagem a\u00e9rea para SP! (abre numa nova aba)\">Consulte os melhores pre\u00e7os de passagem a\u00e9rea para SP!<\/a><\/strong><span class=\"ez-toc-section-end\"><\/span><\/h4>\n\n\n\n<div class=\"wp-block-image\"><figure class=\"aligncenter\"><img loading=\"lazy\" decoding=\"async\" width=\"1020\" height=\"762\" src=\"https:\/\/quantocustaviajar.com\/blog\/wp-content\/uploads\/2021\/10\/villa-de-natal-sp.jpeg\" alt=\"\" class=\"wp-image-50954\" srcset=\"https:\/\/quantocustaviajar.com\/blog\/wp-content\/uploads\/2021\/10\/villa-de-natal-sp.jpeg 1020w, https:\/\/quantocustaviajar.com\/blog\/wp-content\/uploads\/2021\/10\/villa-de-natal-sp-300x224.jpeg 300w, https:\/\/quantocustaviajar.com\/blog\/wp-content\/uploads\/2021\/10\/villa-de-natal-sp-768x574.jpeg 768w\" sizes=\"auto, (max-width: 1020px) 100vw, 1020px\" \/><figcaption>Foto: divulga\u00e7\u00e3o<\/figcaption><\/figure><\/div>\n\n\n\n<h3 class=\"wp-block-heading\"><span class=\"ez-toc-section\" id=\"Quanto_Custa_ir_a_vila_de_Natal\"><\/span>Quanto Custa ir \u00e0 vila de Natal<span class=\"ez-toc-section-end\"><\/span><\/h3>\n\n\n\n<p>Ingressos de R$ 20 a R$ 40. Entrada isenta para fam\u00edlias de at\u00e9 quatro pessoas que doarem um brinquedo com valor estimado acima de R$75.&nbsp;<\/p>\n\n\n\n<p>Estudantes, idosos, professores e pessoas com defici\u00eancia pagam R$ 24 no ingresso. O mesmo valor \u00e9 aplicado para ingresso solid\u00e1rio, que funciona mediante a entrega de 1kg de alimento n\u00e3o perec\u00edvel no dia do evento.&nbsp;<\/p>\n\n\n\n<p>As vendas j\u00e1 est\u00e3o abertas no <a rel=\"noreferrer noopener\" href=\"https:\/\/www.ticket360.com.br\/ingressos-composto\/518\/ingressos-para-villa-de-natal-sp\/ingressos-composto\/518\/ingressos-para-villa-de-natal-sp\" target=\"_blank\">site Ticket360<\/a>.\u00a0<\/p>\n\n\n\n<h4 class=\"wp-block-heading\"><span class=\"ez-toc-section\" id=\"Precisa_de_hotel_em_Sampa_Confira_as_opcoes\"><\/span><a href=\"https:\/\/booking.com\/index.pt-br.html?aid=2161834\">Precisa de hotel em Sampa? Confira as op\u00e7\u00f5es!<\/a><span class=\"ez-toc-section-end\"><\/span><\/h4>\n\n\n\n<div class=\"wp-block-image\"><figure class=\"aligncenter\"><img loading=\"lazy\" decoding=\"async\" width=\"1018\" height=\"701\" src=\"https:\/\/quantocustaviajar.com\/blog\/wp-content\/uploads\/2021\/10\/villa-de-natal.jpeg\" alt=\"\" class=\"wp-image-50955\" srcset=\"https:\/\/quantocustaviajar.com\/blog\/wp-content\/uploads\/2021\/10\/villa-de-natal.jpeg 1018w, https:\/\/quantocustaviajar.com\/blog\/wp-content\/uploads\/2021\/10\/villa-de-natal-300x207.jpeg 300w, https:\/\/quantocustaviajar.com\/blog\/wp-content\/uploads\/2021\/10\/villa-de-natal-768x529.jpeg 768w\" sizes=\"auto, (max-width: 1018px) 100vw, 1018px\" \/><figcaption>Foto: divulga\u00e7\u00e3o<\/figcaption><\/figure><\/div>\n\n\n\n<figure class=\"wp-block-embed-wordpress aligncenter wp-block-embed is-type-wp-embed is-provider-blog-quanto-custa-viajar\"><div class=\"wp-block-embed__wrapper\">\n<blockquote class=\"wp-embedded-content\" data-secret=\"PNa6gj4c5I\"><a href=\"https:\/\/quantocustaviajar.com\/blog\/destinos-para-passar-o-natal-no-brasil\/\">Magia e encanto no ar: confira destinos para passar o Natal no Brasil<\/a><\/blockquote><iframe loading=\"lazy\" class=\"wp-embedded-content\" sandbox=\"allow-scripts\" security=\"restricted\" style=\"position: absolute; visibility: hidden;\" title=\"&#8220;Magia e encanto no ar: confira destinos para passar o Natal no Brasil&#8221; &#8212; Blog Quanto Custa Viajar\" src=\"https:\/\/quantocustaviajar.com\/blog\/destinos-para-passar-o-natal-no-brasil\/embed\/#?secret=UpO81pIrEk#?secret=PNa6gj4c5I\" data-secret=\"PNa6gj4c5I\" width=\"600\" height=\"338\" frameborder=\"0\" marginwidth=\"0\" marginheight=\"0\" scrolling=\"no\"><\/iframe>\n<\/div><\/figure>\n","protected":false},"excerpt":{"rendered":"<p>O per\u00edodo de f\u00e9rias coletivas promete ser mais agitado este ano em S\u00e3o Paulo. O Governo do Estado anunciou a cria\u00e7\u00e3o de uma vila de Natal tempor\u00e1ria, inspirada nas tradicionais atra\u00e7\u00f5es europeias. Com luzes, roda gigante, pista de patina\u00e7\u00e3o e casas tem\u00e1ticas, o passeio j\u00e1 est\u00e1 com ingressos \u00e0 venda.\u00a0 A vila de Natal paulistana [&hellip;]<\/p>\n","protected":false},"author":4,"featured_media":50951,"comment_status":"open","ping_status":"open","sticky":false,"template":"","format":"standard","meta":{"cybocfi_hide_featured_image":"","footnotes":""},"categories":[1182,1515],"tags":[2709,219,440,278,214,147,57,1431],"class_list":["post-50949","post","type-post","status-publish","format-standard","has-post-thumbnail","hentry","category-dica-cool","category-novidades","tag-2709","tag-dezembro","tag-ferias","tag-ingresso","tag-natal","tag-parque-tematico","tag-passeio","tag-saopaulo"],"blocksy_meta":[],"yoast_head":"<!-- This site is optimized with the Yoast SEO plugin v26.3 - https:\/\/yoast.com\/wordpress\/plugins\/seo\/ -->\n<title>S\u00e3o Paulo ter\u00e1 vila de Natal com roda gigante, luzes e pista de patina\u00e7\u00e3o - Blog Quanto Custa Viajar<\/title>\n<meta name=\"description\" content=\"A partir de dezembro deste ano, S\u00e3o Paulo ter\u00e1 uma vila de Natal tempor\u00e1ria, com \u00e1rvore natalina, luzes, roda gigante, pista de patina\u00e7\u00e3o e casas tem\u00e1ticas.\" \/>\n<meta name=\"robots\" content=\"index, follow, max-snippet:-1, max-image-preview:large, max-video-preview:-1\" \/>\n<link rel=\"canonical\" href=\"https:\/\/quantocustaviajar.com\/blog\/vila-de-natal-sao-paulo\/\" \/>\n<meta property=\"og:locale\" content=\"pt_BR\" \/>\n<meta property=\"og:type\" content=\"article\" \/>\n<meta property=\"og:title\" content=\"S\u00e3o Paulo ter\u00e1 vila de Natal com roda gigante, luzes e pista de patina\u00e7\u00e3o - Blog Quanto Custa Viajar\" \/>\n<meta property=\"og:description\" content=\"A partir de dezembro deste ano, S\u00e3o Paulo ter\u00e1 uma vila de Natal tempor\u00e1ria, com \u00e1rvore natalina, luzes, roda gigante, pista de patina\u00e7\u00e3o e casas tem\u00e1ticas.\" \/>\n<meta property=\"og:url\" content=\"https:\/\/quantocustaviajar.com\/blog\/vila-de-natal-sao-paulo\/\" \/>\n<meta property=\"og:site_name\" content=\"Blog Quanto Custa Viajar\" \/>\n<meta property=\"article:publisher\" content=\"https:\/\/www.facebook.com\/quantocustaviajar\" \/>\n<meta property=\"article:author\" content=\"https:\/\/www.facebook.com\/brunellapfvr\/posts\" \/>\n<meta property=\"article:published_time\" content=\"2021-10-19T16:52:07+00:00\" \/>\n<meta property=\"article:modified_time\" content=\"2021-10-19T16:52:10+00:00\" \/>\n<meta property=\"og:image\" content=\"https:\/\/quantocustaviajar.com\/blog\/wp-content\/uploads\/2021\/10\/vila-de-natal-em-sp.jpeg\" \/>\n\t<meta property=\"og:image:width\" content=\"1200\" \/>\n\t<meta property=\"og:image:height\" content=\"800\" \/>\n\t<meta property=\"og:image:type\" content=\"image\/jpeg\" \/>\n<meta name=\"author\" content=\"Brunella Nunes\" \/>\n<meta name=\"twitter:card\" content=\"summary_large_image\" \/>\n<meta name=\"twitter:label1\" content=\"Escrito por\" \/>\n\t<meta name=\"twitter:data1\" content=\"Brunella Nunes\" \/>\n\t<meta name=\"twitter:label2\" content=\"Est. tempo de leitura\" \/>\n\t<meta name=\"twitter:data2\" content=\"2 minutos\" \/>\n<!-- \/ Yoast SEO plugin. -->","yoast_head_json":{"title":"S\u00e3o Paulo ter\u00e1 vila de Natal com roda gigante, luzes e pista de patina\u00e7\u00e3o - Blog Quanto Custa Viajar","description":"A partir de dezembro deste ano, S\u00e3o Paulo ter\u00e1 uma vila de Natal tempor\u00e1ria, com \u00e1rvore natalina, luzes, roda gigante, pista de patina\u00e7\u00e3o e casas tem\u00e1ticas.","robots":{"index":"index","follow":"follow","max-snippet":"max-snippet:-1","max-image-preview":"max-image-preview:large","max-video-preview":"max-video-preview:-1"},"canonical":"https:\/\/quantocustaviajar.com\/blog\/vila-de-natal-sao-paulo\/","og_locale":"pt_BR","og_type":"article","og_title":"S\u00e3o Paulo ter\u00e1 vila de Natal com roda gigante, luzes e pista de patina\u00e7\u00e3o - Blog Quanto Custa Viajar","og_description":"A partir de dezembro deste ano, S\u00e3o Paulo ter\u00e1 uma vila de Natal tempor\u00e1ria, com \u00e1rvore natalina, luzes, roda gigante, pista de patina\u00e7\u00e3o e casas tem\u00e1ticas.","og_url":"https:\/\/quantocustaviajar.com\/blog\/vila-de-natal-sao-paulo\/","og_site_name":"Blog Quanto Custa Viajar","article_publisher":"https:\/\/www.facebook.com\/quantocustaviajar","article_author":"https:\/\/www.facebook.com\/brunellapfvr\/posts","article_published_time":"2021-10-19T16:52:07+00:00","article_modified_time":"2021-10-19T16:52:10+00:00","og_image":[{"width":1200,"height":800,"url":"https:\/\/quantocustaviajar.com\/blog\/wp-content\/uploads\/2021\/10\/vila-de-natal-em-sp.jpeg","type":"image\/jpeg"}],"author":"Brunella Nunes","twitter_card":"summary_large_image","twitter_misc":{"Escrito por":"Brunella Nunes","Est. tempo de leitura":"2 minutos"},"schema":{"@context":"https:\/\/schema.org","@graph":[{"@type":["Article","BlogPosting"],"@id":"https:\/\/quantocustaviajar.com\/blog\/vila-de-natal-sao-paulo\/#article","isPartOf":{"@id":"https:\/\/quantocustaviajar.com\/blog\/vila-de-natal-sao-paulo\/"},"author":{"name":"Brunella Nunes","@id":"https:\/\/quantocustaviajar.com\/blog\/#\/schema\/person\/1a6dd3da9d0c0a4be42652b67bea19bb"},"headline":"S\u00e3o Paulo ter\u00e1 vila de Natal com roda gigante, luzes e pista de patina\u00e7\u00e3o","datePublished":"2021-10-19T16:52:07+00:00","dateModified":"2021-10-19T16:52:10+00:00","mainEntityOfPage":{"@id":"https:\/\/quantocustaviajar.com\/blog\/vila-de-natal-sao-paulo\/"},"wordCount":459,"commentCount":0,"publisher":{"@id":"https:\/\/quantocustaviajar.com\/blog\/#organization"},"image":{"@id":"https:\/\/quantocustaviajar.com\/blog\/vila-de-natal-sao-paulo\/#primaryimage"},"thumbnailUrl":"https:\/\/quantocustaviajar.com\/blog\/wp-content\/uploads\/2021\/10\/vila-de-natal-em-sp.jpeg","keywords":["2021","dezembro","f\u00e9rias","ingresso","Natal","parque tematico","passeio","saopaulo"],"articleSection":["Dica cool","Novidades"],"inLanguage":"pt-BR","potentialAction":[{"@type":"CommentAction","name":"Comment","target":["https:\/\/quantocustaviajar.com\/blog\/vila-de-natal-sao-paulo\/#respond"]}]},{"@type":"WebPage","@id":"https:\/\/quantocustaviajar.com\/blog\/vila-de-natal-sao-paulo\/","url":"https:\/\/quantocustaviajar.com\/blog\/vila-de-natal-sao-paulo\/","name":"S\u00e3o Paulo ter\u00e1 vila de Natal com roda gigante, luzes e pista de patina\u00e7\u00e3o - Blog Quanto Custa Viajar","isPartOf":{"@id":"https:\/\/quantocustaviajar.com\/blog\/#website"},"primaryImageOfPage":{"@id":"https:\/\/quantocustaviajar.com\/blog\/vila-de-natal-sao-paulo\/#primaryimage"},"image":{"@id":"https:\/\/quantocustaviajar.com\/blog\/vila-de-natal-sao-paulo\/#primaryimage"},"thumbnailUrl":"https:\/\/quantocustaviajar.com\/blog\/wp-content\/uploads\/2021\/10\/vila-de-natal-em-sp.jpeg","datePublished":"2021-10-19T16:52:07+00:00","dateModified":"2021-10-19T16:52:10+00:00","description":"A partir de dezembro deste ano, S\u00e3o Paulo ter\u00e1 uma vila de Natal tempor\u00e1ria, com \u00e1rvore natalina, luzes, roda gigante, pista de patina\u00e7\u00e3o e casas tem\u00e1ticas.","breadcrumb":{"@id":"https:\/\/quantocustaviajar.com\/blog\/vila-de-natal-sao-paulo\/#breadcrumb"},"inLanguage":"pt-BR","potentialAction":[{"@type":"ReadAction","target":["https:\/\/quantocustaviajar.com\/blog\/vila-de-natal-sao-paulo\/"]}]},{"@type":"ImageObject","inLanguage":"pt-BR","@id":"https:\/\/quantocustaviajar.com\/blog\/vila-de-natal-sao-paulo\/#primaryimage","url":"https:\/\/quantocustaviajar.com\/blog\/wp-content\/uploads\/2021\/10\/vila-de-natal-em-sp.jpeg","contentUrl":"https:\/\/quantocustaviajar.com\/blog\/wp-content\/uploads\/2021\/10\/vila-de-natal-em-sp.jpeg","width":1200,"height":800,"caption":"Foto: divulga\u00e7\u00e3o"},{"@type":"BreadcrumbList","@id":"https:\/\/quantocustaviajar.com\/blog\/vila-de-natal-sao-paulo\/#breadcrumb","itemListElement":[{"@type":"ListItem","position":1,"name":"In\u00edcio","item":"https:\/\/quantocustaviajar.com\/blog\/"},{"@type":"ListItem","position":2,"name":"S\u00e3o Paulo ter\u00e1 vila de Natal com roda gigante, luzes e pista de patina\u00e7\u00e3o"}]},{"@type":"WebSite","@id":"https:\/\/quantocustaviajar.com\/blog\/#website","url":"https:\/\/quantocustaviajar.com\/blog\/","name":"Blog Quanto Custa Viajar","description":"","publisher":{"@id":"https:\/\/quantocustaviajar.com\/blog\/#organization"},"potentialAction":[{"@type":"SearchAction","target":{"@type":"EntryPoint","urlTemplate":"https:\/\/quantocustaviajar.com\/blog\/?s={search_term_string}"},"query-input":{"@type":"PropertyValueSpecification","valueRequired":true,"valueName":"search_term_string"}}],"inLanguage":"pt-BR"},{"@type":"Organization","@id":"https:\/\/quantocustaviajar.com\/blog\/#organization","name":"Quanto Custa Viajar","url":"https:\/\/quantocustaviajar.com\/blog\/","logo":{"@type":"ImageObject","inLanguage":"pt-BR","@id":"https:\/\/quantocustaviajar.com\/blog\/#\/schema\/logo\/image\/","url":"","contentUrl":"","caption":"Quanto Custa Viajar"},"image":{"@id":"https:\/\/quantocustaviajar.com\/blog\/#\/schema\/logo\/image\/"},"sameAs":["https:\/\/www.facebook.com\/quantocustaviajar"]},{"@type":"Person","@id":"https:\/\/quantocustaviajar.com\/blog\/#\/schema\/person\/1a6dd3da9d0c0a4be42652b67bea19bb","name":"Brunella Nunes","image":{"@type":"ImageObject","inLanguage":"pt-BR","@id":"https:\/\/quantocustaviajar.com\/blog\/#\/schema\/person\/image\/","url":"https:\/\/secure.gravatar.com\/avatar\/05b28dfb8a3cc7ee0dba6feefa5677f05be6d7bf4b017728fd38499092f9c282?s=96&d=mm&r=g","contentUrl":"https:\/\/secure.gravatar.com\/avatar\/05b28dfb8a3cc7ee0dba6feefa5677f05be6d7bf4b017728fd38499092f9c282?s=96&d=mm&r=g","caption":"Brunella Nunes"},"description":"Quando n\u00e3o est\u00e1 viajando pelo mundo, est\u00e1 viajando nas ideias.","sameAs":["https:\/\/www.facebook.com\/brunellapfvr\/posts","https:\/\/www.linkedin.com\/in\/brunellanunes\/"],"url":"https:\/\/quantocustaviajar.com\/blog\/author\/equipe\/"}]}},"_links":{"self":[{"href":"https:\/\/quantocustaviajar.com\/blog\/wp-json\/wp\/v2\/posts\/50949","targetHints":{"allow":["GET"]}}],"collection":[{"href":"https:\/\/quantocustaviajar.com\/blog\/wp-json\/wp\/v2\/posts"}],"about":[{"href":"https:\/\/quantocustaviajar.com\/blog\/wp-json\/wp\/v2\/types\/post"}],"author":[{"embeddable":true,"href":"https:\/\/quantocustaviajar.com\/blog\/wp-json\/wp\/v2\/users\/4"}],"replies":[{"embeddable":true,"href":"https:\/\/quantocustaviajar.com\/blog\/wp-json\/wp\/v2\/comments?post=50949"}],"version-history":[{"count":2,"href":"https:\/\/quantocustaviajar.com\/blog\/wp-json\/wp\/v2\/posts\/50949\/revisions"}],"predecessor-version":[{"id":50961,"href":"https:\/\/quantocustaviajar.com\/blog\/wp-json\/wp\/v2\/posts\/50949\/revisions\/50961"}],"wp:featuredmedia":[{"embeddable":true,"href":"https:\/\/quantocustaviajar.com\/blog\/wp-json\/wp\/v2\/media\/50951"}],"wp:attachment":[{"href":"https:\/\/quantocustaviajar.com\/blog\/wp-json\/wp\/v2\/media?parent=50949"}],"wp:term":[{"taxonomy":"category","embeddable":true,"href":"https:\/\/quantocustaviajar.com\/blog\/wp-json\/wp\/v2\/categories?post=50949"},{"taxonomy":"post_tag","embeddable":true,"href":"https:\/\/quantocustaviajar.com\/blog\/wp-json\/wp\/v2\/tags?post=50949"}],"curies":[{"name":"wp","href":"https:\/\/api.w.org\/{rel}","templated":true}]}}