{"id":50915,"date":"2021-10-21T11:15:25","date_gmt":"2021-10-21T11:15:25","guid":{"rendered":"https:\/\/quantocustaviajar.com\/blog\/?p=50915"},"modified":"2021-10-21T11:15:26","modified_gmt":"2021-10-21T11:15:26","slug":"lugares-misteriosos-suspense-terror","status":"publish","type":"post","link":"https:\/\/quantocustaviajar.com\/blog\/lugares-misteriosos-suspense-terror\/","title":{"rendered":"5 lugares misteriosos em SP para quem gosta de suspense e terror"},"content":{"rendered":"\n<p>S\u00e3o Paulo \u00e9 conhecida pelos seus grandes pr\u00e9dios, pela multiculturalidade e pelas grandes avenidas. Mas para quem gosta de suspense e terror, os <strong>lugares misteriosos em SP<\/strong> s\u00e3o tamb\u00e9m um grande atrativo.<\/p><div id=\"ez-toc-container\" class=\"ez-toc-v2_0_76 ez-toc-wrap-left counter-hierarchy ez-toc-counter ez-toc-light-blue ez-toc-container-direction\">\n<div class=\"ez-toc-title-container\">\n<p class=\"ez-toc-title\" style=\"cursor:inherit\">Aqui voc\u00ea ir\u00e1 encontrar<\/p>\n<span class=\"ez-toc-title-toggle\"><a href=\"#\" class=\"ez-toc-pull-right ez-toc-btn ez-toc-btn-xs ez-toc-btn-default ez-toc-toggle\" aria-label=\"Alternar tabela de conte\u00fado\"><span class=\"ez-toc-js-icon-con\"><span class=\"\"><span class=\"eztoc-hide\" style=\"display:none;\">Toggle<\/span><span class=\"ez-toc-icon-toggle-span\"><svg style=\"fill: #999;color:#999\" xmlns=\"http:\/\/www.w3.org\/2000\/svg\" class=\"list-377408\" width=\"20px\" height=\"20px\" viewBox=\"0 0 24 24\" fill=\"none\"><path d=\"M6 6H4v2h2V6zm14 0H8v2h12V6zM4 11h2v2H4v-2zm16 0H8v2h12v-2zM4 16h2v2H4v-2zm16 0H8v2h12v-2z\" fill=\"currentColor\"><\/path><\/svg><svg style=\"fill: #999;color:#999\" class=\"arrow-unsorted-368013\" xmlns=\"http:\/\/www.w3.org\/2000\/svg\" width=\"10px\" height=\"10px\" viewBox=\"0 0 24 24\" version=\"1.2\" baseProfile=\"tiny\"><path d=\"M18.2 9.3l-6.2-6.3-6.2 6.3c-.2.2-.3.4-.3.7s.1.5.3.7c.2.2.4.3.7.3h11c.3 0 .5-.1.7-.3.2-.2.3-.5.3-.7s-.1-.5-.3-.7zM5.8 14.7l6.2 6.3 6.2-6.3c.2-.2.3-.5.3-.7s-.1-.5-.3-.7c-.2-.2-.4-.3-.7-.3h-11c-.3 0-.5.1-.7.3-.2.2-.3.5-.3.7s.1.5.3.7z\"\/><\/svg><\/span><\/span><\/span><\/a><\/span><\/div>\n<nav><ul class='ez-toc-list ez-toc-list-level-1 ' ><li class='ez-toc-page-1 ez-toc-heading-level-2'><a class=\"ez-toc-link ez-toc-heading-1\" href=\"https:\/\/quantocustaviajar.com\/blog\/lugares-misteriosos-suspense-terror\/#Lugares_misteriosos_em_SP\" >Lugares misteriosos em SP<\/a><ul class='ez-toc-list-level-3' ><li class='ez-toc-heading-level-3'><a class=\"ez-toc-link ez-toc-heading-2\" href=\"https:\/\/quantocustaviajar.com\/blog\/lugares-misteriosos-suspense-terror\/#Capela_da_Santa_Cruz_dos_Enforcados\" >Capela da Santa Cruz dos Enforcados<\/a><\/li><li class='ez-toc-page-1 ez-toc-heading-level-3'><a class=\"ez-toc-link ez-toc-heading-3\" href=\"https:\/\/quantocustaviajar.com\/blog\/lugares-misteriosos-suspense-terror\/#Edificio_Martinelli\" >Edif\u00edcio Martinelli<\/a><\/li><li class='ez-toc-page-1 ez-toc-heading-level-3'><a class=\"ez-toc-link ez-toc-heading-4\" href=\"https:\/\/quantocustaviajar.com\/blog\/lugares-misteriosos-suspense-terror\/#Largo_Sao_Francisco\" >Largo S\u00e3o Francisco<\/a><\/li><li class='ez-toc-page-1 ez-toc-heading-level-3'><a class=\"ez-toc-link ez-toc-heading-5\" href=\"https:\/\/quantocustaviajar.com\/blog\/lugares-misteriosos-suspense-terror\/#Castelinho_da_Rua_Apa\" >Castelinho da Rua Apa<\/a><\/li><li class='ez-toc-page-1 ez-toc-heading-level-3'><a class=\"ez-toc-link ez-toc-heading-6\" href=\"https:\/\/quantocustaviajar.com\/blog\/lugares-misteriosos-suspense-terror\/#Casa_de_Dona_Yaya\" >Casa de Dona Yay\u00e1<\/a><\/li><\/ul><\/li><\/ul><\/nav><\/div>\n\n\n\n\n<p>Aqui, voc\u00ea vai conhecer 5 espa\u00e7os: alguns que, apesar de muito movimentados, reservam <strong>mist\u00e9rios<\/strong> que provavelmente voc\u00ea ainda n\u00e3o conhece. Vamos descobrir juntos?<\/p>\n\n\n\n<h2 class=\"wp-block-heading\"><span class=\"ez-toc-section\" id=\"Lugares_misteriosos_em_SP\"><\/span><strong>Lugares misteriosos em SP<\/strong><span class=\"ez-toc-section-end\"><\/span><\/h2>\n\n\n\n<h3 class=\"wp-block-heading\"><span class=\"ez-toc-section\" id=\"Capela_da_Santa_Cruz_dos_Enforcados\"><\/span><strong>Capela da Santa Cruz dos Enforcados<\/strong><span class=\"ez-toc-section-end\"><\/span><\/h3>\n\n\n\n<p>Em plena <strong>Pra\u00e7a da Liberdade<\/strong>, a Capela da Santa Cruz dos Enterrados guarda segredos especiais. A sua funda\u00e7\u00e3o vem de uma antiga tradi\u00e7\u00e3o: fincar uma cruz no local onde ocorreu uma morte violenta, por crime ou acidente. Dessa cruz, em muitos casos, algu\u00e9m constru\u00eda uma capelinha &#8211; e foi o que aconteceu com a Capela da Santa Cruz dos Enforcados.<\/p>\n\n\n\n<p>Segundo conta a hist\u00f3ria, em<strong> 1821<\/strong> havia muito inconformismo entre os soldados do Brasil col\u00f4nia e, neste ano, o cabo Francisco Jos\u00e9 das Chagas iniciou uma revolta pedindo igualdade salarial. Mas a ideia n\u00e3o foi bem aceita, e o cabo foi punido com <strong>morte por enforcamento.&nbsp;<\/strong><\/p>\n\n\n\n<p>Na \u00e9poca, n\u00e3o haviam cordas de boa qualidade em <a href=\"http:\/\/quantocustaviajar.com\/brasil\/sao-paulo\" target=\"_blank\" rel=\"noreferrer noopener\" aria-label=\"S\u00e3o Paulo (abre numa nova aba)\">S\u00e3o Paulo<\/a>, pois a forca ainda estava em processo de constru\u00e7\u00e3o. Por isso, a corda do enforcamento do cabo Francisco Jos\u00e9 <strong>se rompeu duas vezes no dia da execu\u00e7\u00e3o<\/strong>, causando a ele uma morte ainda mais dolorosa.<\/p>\n\n\n\n<p>Em 1891, de acordo com o Arquivo da C\u00faria Metropolitana, a Capela da Santa Cruz dos Enforcados foi constru\u00edda, e hoje se encontra em um dos bairros mais movimentados da cidade.&nbsp;<\/p>\n\n\n\n<p>Entretanto, h\u00e1 quem diga que, depois da sua constru\u00e7\u00e3o, <strong>algumas pessoas ainda v\u00eaem o esp\u00edrito do cabo vagando pelo local.<\/strong> H\u00e1 quem diga que outras almas enraivecidas e inconformadas com sua morte, perturbam os fi\u00e9is que ficam sozinhos na capela.&nbsp;<\/p>\n\n\n\n<p>E a\u00ed? Tem coragem de visitar a igreja sozinho?<\/p>\n\n\n<blockquote class=\"instagram-media\" data-instgrm-permalink=\"https:\/\/www.instagram.com\/p\/CMW8mt_n3v1\/?utm_source=ig_embed&amp;utm_campaign=loading\" data-instgrm-version=\"14\" style=\" background:#FFF; border:0; border-radius:3px; box-shadow:0 0 1px 0 rgba(0,0,0,0.5),0 1px 10px 0 rgba(0,0,0,0.15); margin: 1px; max-width:540px; min-width:326px; padding:0; width:99.375%; width:-webkit-calc(100% - 2px); width:calc(100% - 2px);\">\n<div style=\"padding:16px;\"> <a href=\"https:\/\/www.instagram.com\/p\/CMW8mt_n3v1\/?utm_source=ig_embed&amp;utm_campaign=loading\" style=\" background:#FFFFFF; line-height:0; padding:0 0; text-align:center; text-decoration:none; width:100%;\" target=\"_blank\" rel=\"noopener noreferrer\"> <p><\/p>\n<div style=\" display: flex; flex-direction: row; align-items: center;\">\n<div style=\"background-color: #F4F4F4; border-radius: 50%; flex-grow: 0; height: 40px; margin-right: 14px; width: 40px;\"><\/div>\n<div style=\"display: flex; flex-direction: column; flex-grow: 1; justify-content: center;\">\n<div style=\" background-color: #F4F4F4; border-radius: 4px; flex-grow: 0; height: 14px; margin-bottom: 6px; width: 100px;\"><\/div>\n<div style=\" background-color: #F4F4F4; border-radius: 4px; flex-grow: 0; height: 14px; width: 60px;\"><\/div>\n<\/div>\n<\/div>\n<div style=\"padding: 19% 0;\"><\/div>\n<div style=\"display:block; height:50px; margin:0 auto 12px; width:50px;\"><svg width=\"50px\" height=\"50px\" viewBox=\"0 0 60 60\" version=\"1.1\" xmlns=\"https:\/\/www.w3.org\/2000\/svg\" xmlns:xlink=\"https:\/\/www.w3.org\/1999\/xlink\"><g stroke=\"none\" stroke-width=\"1\" fill=\"none\" fill-rule=\"evenodd\"><g transform=\"translate(-511.000000, -20.000000)\" fill=\"#000000\"><g><path d=\"M556.869,30.41 C554.814,30.41 553.148,32.076 553.148,34.131 C553.148,36.186 554.814,37.852 556.869,37.852 C558.924,37.852 560.59,36.186 560.59,34.131 C560.59,32.076 558.924,30.41 556.869,30.41 M541,60.657 C535.114,60.657 530.342,55.887 530.342,50 C530.342,44.114 535.114,39.342 541,39.342 C546.887,39.342 551.658,44.114 551.658,50 C551.658,55.887 546.887,60.657 541,60.657 M541,33.886 C532.1,33.886 524.886,41.1 524.886,50 C524.886,58.899 532.1,66.113 541,66.113 C549.9,66.113 557.115,58.899 557.115,50 C557.115,41.1 549.9,33.886 541,33.886 M565.378,62.101 C565.244,65.022 564.756,66.606 564.346,67.663 C563.803,69.06 563.154,70.057 562.106,71.106 C561.058,72.155 560.06,72.803 558.662,73.347 C557.607,73.757 556.021,74.244 553.102,74.378 C549.944,74.521 548.997,74.552 541,74.552 C533.003,74.552 532.056,74.521 528.898,74.378 C525.979,74.244 524.393,73.757 523.338,73.347 C521.94,72.803 520.942,72.155 519.894,71.106 C518.846,70.057 518.197,69.06 517.654,67.663 C517.244,66.606 516.755,65.022 516.623,62.101 C516.479,58.943 516.448,57.996 516.448,50 C516.448,42.003 516.479,41.056 516.623,37.899 C516.755,34.978 517.244,33.391 517.654,32.338 C518.197,30.938 518.846,29.942 519.894,28.894 C520.942,27.846 521.94,27.196 523.338,26.654 C524.393,26.244 525.979,25.756 528.898,25.623 C532.057,25.479 533.004,25.448 541,25.448 C548.997,25.448 549.943,25.479 553.102,25.623 C556.021,25.756 557.607,26.244 558.662,26.654 C560.06,27.196 561.058,27.846 562.106,28.894 C563.154,29.942 563.803,30.938 564.346,32.338 C564.756,33.391 565.244,34.978 565.378,37.899 C565.522,41.056 565.552,42.003 565.552,50 C565.552,57.996 565.522,58.943 565.378,62.101 M570.82,37.631 C570.674,34.438 570.167,32.258 569.425,30.349 C568.659,28.377 567.633,26.702 565.965,25.035 C564.297,23.368 562.623,22.342 560.652,21.575 C558.743,20.834 556.562,20.326 553.369,20.18 C550.169,20.033 549.148,20 541,20 C532.853,20 531.831,20.033 528.631,20.18 C525.438,20.326 523.257,20.834 521.349,21.575 C519.376,22.342 517.703,23.368 516.035,25.035 C514.368,26.702 513.342,28.377 512.574,30.349 C511.834,32.258 511.326,34.438 511.181,37.631 C511.035,40.831 511,41.851 511,50 C511,58.147 511.035,59.17 511.181,62.369 C511.326,65.562 511.834,67.743 512.574,69.651 C513.342,71.625 514.368,73.296 516.035,74.965 C517.703,76.634 519.376,77.658 521.349,78.425 C523.257,79.167 525.438,79.673 528.631,79.82 C531.831,79.965 532.853,80.001 541,80.001 C549.148,80.001 550.169,79.965 553.369,79.82 C556.562,79.673 558.743,79.167 560.652,78.425 C562.623,77.658 564.297,76.634 565.965,74.965 C567.633,73.296 568.659,71.625 569.425,69.651 C570.167,67.743 570.674,65.562 570.82,62.369 C570.966,59.17 571,58.147 571,50 C571,41.851 570.966,40.831 570.82,37.631\"><\/path><\/g><\/g><\/g><\/svg><\/div>\n<div style=\"padding-top: 8px;\">\n<div style=\" color:#3897f0; font-family:Arial,sans-serif; font-size:14px; font-style:normal; font-weight:550; line-height:18px;\">View this post on Instagram<\/div>\n<\/div>\n<div style=\"padding: 12.5% 0;\"><\/div>\n<div style=\"display: flex; flex-direction: row; margin-bottom: 14px; align-items: center;\">\n<div>\n<div style=\"background-color: #F4F4F4; border-radius: 50%; height: 12.5px; width: 12.5px; transform: translateX(0px) translateY(7px);\"><\/div>\n<div style=\"background-color: #F4F4F4; height: 12.5px; transform: rotate(-45deg) translateX(3px) translateY(1px); width: 12.5px; flex-grow: 0; margin-right: 14px; margin-left: 2px;\"><\/div>\n<div style=\"background-color: #F4F4F4; border-radius: 50%; height: 12.5px; width: 12.5px; transform: translateX(9px) translateY(-18px);\"><\/div>\n<\/div>\n<div style=\"margin-left: 8px;\">\n<div style=\" background-color: #F4F4F4; border-radius: 50%; flex-grow: 0; height: 20px; width: 20px;\"><\/div>\n<div style=\" width: 0; height: 0; border-top: 2px solid transparent; border-left: 6px solid #f4f4f4; border-bottom: 2px solid transparent; transform: translateX(16px) translateY(-4px) rotate(30deg)\"><\/div>\n<\/div>\n<div style=\"margin-left: auto;\">\n<div style=\" width: 0px; border-top: 8px solid #F4F4F4; border-right: 8px solid transparent; transform: translateY(16px);\"><\/div>\n<div style=\" background-color: #F4F4F4; flex-grow: 0; height: 12px; width: 16px; transform: translateY(-4px);\"><\/div>\n<div style=\" width: 0; height: 0; border-top: 8px solid #F4F4F4; border-left: 8px solid transparent; transform: translateY(-4px) translateX(8px);\"><\/div>\n<\/div>\n<\/div>\n<div style=\"display: flex; flex-direction: column; flex-grow: 1; justify-content: center; margin-bottom: 24px;\">\n<div style=\" background-color: #F4F4F4; border-radius: 4px; flex-grow: 0; height: 14px; margin-bottom: 6px; width: 224px;\"><\/div>\n<div style=\" background-color: #F4F4F4; border-radius: 4px; flex-grow: 0; height: 14px; width: 144px;\"><\/div>\n<\/div>\n<\/a><p><a href=\"https:\/\/www.instagram.com\/p\/CMW8mt_n3v1\/?utm_source=ig_embed&amp;utm_campaign=loading\" style=\" background:#FFFFFF; line-height:0; padding:0 0; text-align:center; text-decoration:none; width:100%;\" target=\"_blank\" rel=\"noopener noreferrer\"><\/a><\/p>\n<p style=\" color:#c9c8cd; font-family:Arial,sans-serif; font-size:14px; line-height:17px; margin-bottom:0; margin-top:8px; overflow:hidden; padding:8px 0 7px; text-align:center; text-overflow:ellipsis; white-space:nowrap;\"><a href=\"https:\/\/www.instagram.com\/p\/CMW8mt_n3v1\/?utm_source=ig_embed&amp;utm_campaign=loading\" style=\" color:#c9c8cd; font-family:Arial,sans-serif; font-size:14px; font-style:normal; font-weight:normal; line-height:17px; text-decoration:none;\" target=\"_blank\" rel=\"noopener noreferrer\">Uma publica\u00e7\u00e3o compartilhada por Achados da Liberdade (@achadosdaliberdade)<\/a><\/p>\n<\/div>\n<\/blockquote>\n<p> <script async=\"\" src=\"\/\/www.instagram.com\/embed.js\"><\/script><\/p>\n\n\n<h3 class=\"wp-block-heading\"><span class=\"ez-toc-section\" id=\"Edificio_Martinelli\"><\/span><strong>Edif\u00edcio Martinelli<\/strong><span class=\"ez-toc-section-end\"><\/span><\/h3>\n\n\n\n<p>Dentre os lugares misteriosos em SP, o <strong>Edif\u00edcio Martinelli<\/strong> est\u00e1 como uma das principais recomenda\u00e7\u00f5es para quem gosta desse tipo de turismo. Constru\u00eddo em 1929, na <strong>R. S\u00e3o Bento, 405 &#8211; Centro Hist\u00f3rico de S\u00e3o Paulo<\/strong>, o pr\u00e9dio foi o primeiro arranha-c\u00e9u da Am\u00e9rica Latina e hoje guarda muitas hist\u00f3rias: algumas fatos e outras lendas (que n\u00e3o sabemos se s\u00e3o verdadeiras ou n\u00e3o).<\/p>\n\n\n\n<p>Entre os anos de 1947 e 1960, <strong>dois assassinatos ocorreram no local,<\/strong> e os mais curiosos dizem que, ainda hoje, uma mulher loira e sem rosto caminha pelo pr\u00e9dio durante a noite. Outros relatos misteriosos s\u00e3o de portas de arm\u00e1rios que batem sem uma explica\u00e7\u00e3o l\u00f3gica.<\/p>\n\n\n\n<blockquote class=\"instagram-media\" data-instgrm-permalink=\"https:\/\/www.instagram.com\/p\/CGP7AjKH8wU\/?utm_source=ig_embed&amp;utm_campaign=loading\" data-instgrm-version=\"14\" style=\"background:#FFF;border:0;margin: 1px;max-width:540px;min-width:326px;padding:0;width:99.375%\"><div style=\"padding:16px\"> <a href=\"https:\/\/www.instagram.com\/p\/CGP7AjKH8wU\/?utm_source=ig_embed&amp;utm_campaign=loading\" style=\"background:#FFFFFF;line-height:0;padding:0 0;text-align:center;text-decoration:none;width:100%\" target=\"_blank\" rel=\"noopener noreferrer\"> <div> <div style=\"background-color: #F4F4F4;height: 40px;margin-right: 14px;width: 40px\"><\/div> <div> <div style=\"background-color: #F4F4F4;height: 14px;margin-bottom: 6px;width: 100px\"><\/div> <div style=\"background-color: #F4F4F4;height: 14px;width: 60px\"><\/div><\/div><\/div><div style=\"padding: 19% 0\"><\/div> <div style=\"height:50px;margin:0 auto 12px;width:50px\"><\/div><div style=\"padding-top: 8px\"> <div style=\"color:#3897f0;font-family:Arial,sans-serif;font-size:14px;font-style:normal;font-weight:550;line-height:18px\">View this post on Instagram<\/div><\/div><div style=\"padding: 12.5% 0\"><\/div> <div style=\"margin-bottom: 14px\"><div> <div style=\"background-color: #F4F4F4;height: 12.5px;width: 12.5px\"><\/div> <div style=\"background-color: #F4F4F4;height: 12.5px;width: 12.5px;margin-right: 14px;margin-left: 2px\"><\/div> <div style=\"background-color: #F4F4F4;height: 12.5px;width: 12.5px\"><\/div><\/div><div style=\"margin-left: 8px\"> <div style=\"background-color: #F4F4F4;height: 20px;width: 20px\"><\/div> <div style=\"width: 0;height: 0;border-top: 2px solid transparent;border-left: 6px solid #f4f4f4;border-bottom: 2px solid transparent\"><\/div><\/div><div style=\"margin-left: auto\"> <div style=\"width: 0px;border-top: 8px solid #F4F4F4;border-right: 8px solid transparent\"><\/div> <div style=\"background-color: #F4F4F4;height: 12px;width: 16px\"><\/div> <div style=\"width: 0;height: 0;border-top: 8px solid #F4F4F4;border-left: 8px solid transparent\"><\/div><\/div><\/div> <div style=\"margin-bottom: 24px\"> <div style=\"background-color: #F4F4F4;height: 14px;margin-bottom: 6px;width: 224px\"><\/div> <div style=\"background-color: #F4F4F4;height: 14px;width: 144px\"><\/div><\/div><\/a><p style=\"color:#c9c8cd;font-family:Arial,sans-serif;font-size:14px;line-height:17px;margin-bottom:0;margin-top:8px;overflow:hidden;padding:8px 0 7px;text-align:center\"><a href=\"https:\/\/www.instagram.com\/p\/CGP7AjKH8wU\/?utm_source=ig_embed&amp;utm_campaign=loading\" style=\"color:#c9c8cd;font-family:Arial,sans-serif;font-size:14px;font-style:normal;font-weight:normal;line-height:17px;text-decoration:none\" target=\"_blank\" rel=\"noopener noreferrer\">Uma publica\u00e7\u00e3o compartilhada por Guia SP 24H | Dalton Germano (@guiasp24h)<\/a><\/p><\/div><\/blockquote>\n\n\n\n<h3 class=\"wp-block-heading\"><span class=\"ez-toc-section\" id=\"Largo_Sao_Francisco\"><\/span><strong>Largo S\u00e3o Francisco<\/strong><span class=\"ez-toc-section-end\"><\/span><\/h3>\n\n\n\n<p>A <strong>Faculdade de Direito do Largo S\u00e3o Francisco, <\/strong>fundada em 1827,<strong> <\/strong>guarda uma hist\u00f3ria interessante.<\/p>\n\n\n\n<p>No seu subsolo, acredita-se que um dos professores mais queridos, chamado<strong> J\u00falio Frank<\/strong>, foi enterrado por ser protestante. Na \u00e9poca (1840), os cemit\u00e9rios eram apenas cat\u00f3licos, e n\u00e3o aceitavam pessoas de outras religi\u00f5es.<\/p>\n\n\n\n<p><strong><a href=\"https:\/\/www.turismocity.com.br\/passagens-aereas-para-SAO-Sao_Paulo?from=SAO&amp;utm_source=qcv&amp;utm_medium=blog\" target=\"_blank\" rel=\"noreferrer noopener\" aria-label=\"Encontre aqui passagem a\u00e9rea para S\u00e3o Paulo (abre numa nova aba)\">Encontre aqui passagem a\u00e9rea para S\u00e3o Paulo<\/a><\/strong><\/p>\n\n\n\n<p>J\u00falio, um alem\u00e3o que veio para o Brasil sem motivo definido, se destacou como um grande professor de hist\u00f3ria e filosofia, sendo tamb\u00e9m respons\u00e1vel pela cria\u00e7\u00e3o de uma sociedade secreta, a Bucha.<\/p>\n\n\n\n<p>Iniciada com o intuito de ajudar jovens universit\u00e1rios a se manterem financeiramente longe das fam\u00edlias, a <strong>Bucha<\/strong> se assemelhava \u00e0 ma\u00e7onaria. Tinha uma estrutura pr\u00f3pria, dividida em graus hier\u00e1rquicos. No seu desenvolvimento, chegou a funcionar com um bra\u00e7o dentro da Academia e outro fora, que era constitu\u00eddo, inclusive, por grandes nomes da pol\u00edtica da \u00e9poca.&nbsp;<\/p>\n\n\n\n<p>Hoje, ainda h\u00e1 boatos que dizem que <strong>os corredores da faculdade s\u00e3o visitados todas as noites pela alma do professor<\/strong>, que vaga tranquilamente revisitando os espa\u00e7os e procurando pelos seus confrades da sociedade secreta.<\/p>\n\n\n\n<blockquote class=\"instagram-media\" data-instgrm-permalink=\"https:\/\/www.instagram.com\/p\/CJj-kvxh4LQ\/?utm_source=ig_embed&amp;utm_campaign=loading\" data-instgrm-version=\"14\" style=\"background:#FFF;border:0;margin: 1px;max-width:540px;min-width:326px;padding:0;width:99.375%\"><div style=\"padding:16px\"> <a href=\"https:\/\/www.instagram.com\/p\/CJj-kvxh4LQ\/?utm_source=ig_embed&amp;utm_campaign=loading\" style=\"background:#FFFFFF;line-height:0;padding:0 0;text-align:center;text-decoration:none;width:100%\" target=\"_blank\" rel=\"noopener noreferrer\"> <div> <div style=\"background-color: #F4F4F4;height: 40px;margin-right: 14px;width: 40px\"><\/div> <div> <div style=\"background-color: #F4F4F4;height: 14px;margin-bottom: 6px;width: 100px\"><\/div> <div style=\"background-color: #F4F4F4;height: 14px;width: 60px\"><\/div><\/div><\/div><div style=\"padding: 19% 0\"><\/div> <div style=\"height:50px;margin:0 auto 12px;width:50px\"><\/div><div style=\"padding-top: 8px\"> <div style=\"color:#3897f0;font-family:Arial,sans-serif;font-size:14px;font-style:normal;font-weight:550;line-height:18px\">View this post on Instagram<\/div><\/div><div style=\"padding: 12.5% 0\"><\/div> <div style=\"margin-bottom: 14px\"><div> <div style=\"background-color: #F4F4F4;height: 12.5px;width: 12.5px\"><\/div> <div style=\"background-color: #F4F4F4;height: 12.5px;width: 12.5px;margin-right: 14px;margin-left: 2px\"><\/div> <div style=\"background-color: #F4F4F4;height: 12.5px;width: 12.5px\"><\/div><\/div><div style=\"margin-left: 8px\"> <div style=\"background-color: #F4F4F4;height: 20px;width: 20px\"><\/div> <div style=\"width: 0;height: 0;border-top: 2px solid transparent;border-left: 6px solid #f4f4f4;border-bottom: 2px solid transparent\"><\/div><\/div><div style=\"margin-left: auto\"> <div style=\"width: 0px;border-top: 8px solid #F4F4F4;border-right: 8px solid transparent\"><\/div> <div style=\"background-color: #F4F4F4;height: 12px;width: 16px\"><\/div> <div style=\"width: 0;height: 0;border-top: 8px solid #F4F4F4;border-left: 8px solid transparent\"><\/div><\/div><\/div> <div style=\"margin-bottom: 24px\"> <div style=\"background-color: #F4F4F4;height: 14px;margin-bottom: 6px;width: 224px\"><\/div> <div style=\"background-color: #F4F4F4;height: 14px;width: 144px\"><\/div><\/div><\/a><p style=\"color:#c9c8cd;font-family:Arial,sans-serif;font-size:14px;line-height:17px;margin-bottom:0;margin-top:8px;overflow:hidden;padding:8px 0 7px;text-align:center\"><a href=\"https:\/\/www.instagram.com\/p\/CJj-kvxh4LQ\/?utm_source=ig_embed&amp;utm_campaign=loading\" style=\"color:#c9c8cd;font-family:Arial,sans-serif;font-size:14px;font-style:normal;font-weight:normal;line-height:17px;text-decoration:none\" target=\"_blank\" rel=\"noopener noreferrer\">Uma publica\u00e7\u00e3o compartilhada por gabi guido photos (@gguido_photos)<\/a><\/p><\/div><\/blockquote>\n\n\n\n<h3 class=\"wp-block-heading\"><span class=\"ez-toc-section\" id=\"Castelinho_da_Rua_Apa\"><\/span><strong>Castelinho da Rua Apa<\/strong><span class=\"ez-toc-section-end\"><\/span><\/h3>\n\n\n\n<p>Um castelo, uma fam\u00edlia de alto poder aquisitivo e uma <strong>chacina <\/strong>nunca resolvida. Poderia ser um roteiro de s\u00e9rie ou um document\u00e1rio de fic\u00e7\u00e3o, mas na verdade \u00e9 a hist\u00f3ria por tr\u00e1s do <strong>Castelinho da Rua Apa<\/strong>: uma constru\u00e7\u00e3o antiga, que ganhou destaque em 1937.<\/p>\n\n\n\n<p>Na noite de 12 de maio deste ano, foram encontrados mortos a socialite Maria C\u00e2ndida Guimar\u00e3es e seus dois filhos, \u00c1lvaro Guimar\u00e3es Reis e Armando.&nbsp;<\/p>\n\n\n\n<p>A pol\u00edcia nunca conseguiu encontrar o<strong> verdadeiro assassino<\/strong>, ou mesmo o mandante do crime. Segundo suspeitas, existia uma quarta pessoa na casa, que nunca foi encontrada.<\/p>\n\n\n\n<p>Ap\u00f3s o<strong> assassinato<\/strong>, o local ficou abandonado at\u00e9 virar patrim\u00f4nio p\u00fablico e at\u00e9 hoje, h\u00e1 relatos de pessoas que passam em frente \u00e0 casa e ouvem vozes, gritos e correntes sendo arrastadas. Os vizinhos ainda chegaram a relatar eventos paranormais, como passos e torneiras abertas, mesmo depois de abandonado.<\/p>\n\n\n\n<p>Hoje, o castelinho est\u00e1 reformado e sob a administra\u00e7\u00e3o da <strong>ONG Clube das M\u00e3es do Brasil<\/strong>. Vale uma visita, pelo menos para conhecer a entrada do local que faz parte do roteiro dos lugares misteriosos de SP.<\/p>\n\n\n\n<blockquote class=\"instagram-media\" data-instgrm-permalink=\"https:\/\/www.instagram.com\/p\/BSkHFgJAfuK\/?utm_source=ig_embed&amp;utm_campaign=loading\" data-instgrm-version=\"14\" style=\"background:#FFF;border:0;margin: 1px;max-width:540px;min-width:326px;padding:0;width:99.375%\"><div style=\"padding:16px\"> <a href=\"https:\/\/www.instagram.com\/p\/BSkHFgJAfuK\/?utm_source=ig_embed&amp;utm_campaign=loading\" style=\"background:#FFFFFF;line-height:0;padding:0 0;text-align:center;text-decoration:none;width:100%\" target=\"_blank\" rel=\"noopener noreferrer\"> <div> <div style=\"background-color: #F4F4F4;height: 40px;margin-right: 14px;width: 40px\"><\/div> <div> <div style=\"background-color: #F4F4F4;height: 14px;margin-bottom: 6px;width: 100px\"><\/div> <div style=\"background-color: #F4F4F4;height: 14px;width: 60px\"><\/div><\/div><\/div><div style=\"padding: 19% 0\"><\/div> <div style=\"height:50px;margin:0 auto 12px;width:50px\"><\/div><div style=\"padding-top: 8px\"> <div style=\"color:#3897f0;font-family:Arial,sans-serif;font-size:14px;font-style:normal;font-weight:550;line-height:18px\">View this post on Instagram<\/div><\/div><div style=\"padding: 12.5% 0\"><\/div> <div style=\"margin-bottom: 14px\"><div> <div style=\"background-color: #F4F4F4;height: 12.5px;width: 12.5px\"><\/div> <div style=\"background-color: #F4F4F4;height: 12.5px;width: 12.5px;margin-right: 14px;margin-left: 2px\"><\/div> <div style=\"background-color: #F4F4F4;height: 12.5px;width: 12.5px\"><\/div><\/div><div style=\"margin-left: 8px\"> <div style=\"background-color: #F4F4F4;height: 20px;width: 20px\"><\/div> <div style=\"width: 0;height: 0;border-top: 2px solid transparent;border-left: 6px solid #f4f4f4;border-bottom: 2px solid transparent\"><\/div><\/div><div style=\"margin-left: auto\"> <div style=\"width: 0px;border-top: 8px solid #F4F4F4;border-right: 8px solid transparent\"><\/div> <div style=\"background-color: #F4F4F4;height: 12px;width: 16px\"><\/div> <div style=\"width: 0;height: 0;border-top: 8px solid #F4F4F4;border-left: 8px solid transparent\"><\/div><\/div><\/div> <div style=\"margin-bottom: 24px\"> <div style=\"background-color: #F4F4F4;height: 14px;margin-bottom: 6px;width: 224px\"><\/div> <div style=\"background-color: #F4F4F4;height: 14px;width: 144px\"><\/div><\/div><\/a><p style=\"color:#c9c8cd;font-family:Arial,sans-serif;font-size:14px;line-height:17px;margin-bottom:0;margin-top:8px;overflow:hidden;padding:8px 0 7px;text-align:center\"><a href=\"https:\/\/www.instagram.com\/p\/BSkHFgJAfuK\/?utm_source=ig_embed&amp;utm_campaign=loading\" style=\"color:#c9c8cd;font-family:Arial,sans-serif;font-size:14px;font-style:normal;font-weight:normal;line-height:17px;text-decoration:none\" target=\"_blank\" rel=\"noopener noreferrer\">Uma publica\u00e7\u00e3o compartilhada por Governo SP (@governosp)<\/a><\/p><\/div><\/blockquote>\n\n\n\n<h3 class=\"wp-block-heading\"><span class=\"ez-toc-section\" id=\"Casa_de_Dona_Yaya\"><\/span><strong>Casa de Dona Yay\u00e1<\/strong><span class=\"ez-toc-section-end\"><\/span><\/h3>\n\n\n\n<p>Para quem gosta de suspense e trag\u00e9dia, a hist\u00f3ria da Dona Yay\u00e1 rende boas conversas. Os problemas que marcaram a vida da jovem come\u00e7aram desde cedo, quando com apenas 3 anos, perdeu a irm\u00e3 que morreu asfixiada por uma porca que se soltou do seu ber\u00e7o. Pouco tempo depois, sua outra irm\u00e3 tamb\u00e9m faleceu de t\u00e9tano aos 13 anos. Algum tempo depois, morreu sua m\u00e3e e logo em seguida o seu pai, deixando a jovem <strong>\u00f3rf\u00e3 e herdeira de uma grande fortuna.<\/strong><\/p>\n\n\n\n<p>Sebastiana de Melo Freire, a famosa Dona Yay\u00e1, viveu sozinha: sem marido e sem filhos. Boa parte do seu tempo era voltado para promover saraus na sua resid\u00eancia da Rua Sete de Abril.&nbsp;<\/p>\n\n\n\n<p>Mas aos 31 anos come\u00e7ou a mostrar sintomas de <strong>problemas psiqui\u00e1tricos. <\/strong>Ela logo foi internada em um sanat\u00f3rio, mas seus curadores pediram para que o tratamento fosse realizado em casa. Como o espa\u00e7o era inadequado, logo fizeram a mudan\u00e7a para o casar\u00e3o do Bixiga (Rua Major Diogo, 353), que depois ficou conhecido como a Casa de Dona Yay\u00e1.<\/p>\n\n\n\n<p>Ap\u00f3s o diagn\u00f3stico de psicose esquizofr\u00eanica, Dona Yay\u00e1 ainda viveu at\u00e9 os 74 anos no casar\u00e3o, onde foram instaladas janelas inquebr\u00e1veis que s\u00f3 abriam do lado de fora, bem como um sol\u00e1rio para que ela pudesse ficar ao ar livre.<\/p>\n\n\n\n<p>Hoje, a casa funciona como<strong> sede do Centro de Preserva\u00e7\u00e3o Cultural <\/strong>e est\u00e1 aberta \u00e0 visita\u00e7\u00e3o p\u00fablica.<\/p>\n\n\n\n<blockquote class=\"instagram-media\" data-instgrm-permalink=\"https:\/\/www.instagram.com\/p\/BCKw8croWCY\/?utm_source=ig_embed&amp;utm_campaign=loading\" data-instgrm-version=\"14\" style=\"background:#FFF;border:0;margin: 1px;max-width:540px;min-width:326px;padding:0;width:99.375%\"><div style=\"padding:16px\"> <a href=\"https:\/\/www.instagram.com\/p\/BCKw8croWCY\/?utm_source=ig_embed&amp;utm_campaign=loading\" style=\"background:#FFFFFF;line-height:0;padding:0 0;text-align:center;text-decoration:none;width:100%\" target=\"_blank\" rel=\"noopener noreferrer\"> <div> <div style=\"background-color: #F4F4F4;height: 40px;margin-right: 14px;width: 40px\"><\/div> <div> <div style=\"background-color: #F4F4F4;height: 14px;margin-bottom: 6px;width: 100px\"><\/div> <div style=\"background-color: #F4F4F4;height: 14px;width: 60px\"><\/div><\/div><\/div><div style=\"padding: 19% 0\"><\/div> <div style=\"height:50px;margin:0 auto 12px;width:50px\"><\/div><div style=\"padding-top: 8px\"> <div style=\"color:#3897f0;font-family:Arial,sans-serif;font-size:14px;font-style:normal;font-weight:550;line-height:18px\">View this post on Instagram<\/div><\/div><div style=\"padding: 12.5% 0\"><\/div> <div style=\"margin-bottom: 14px\"><div> <div style=\"background-color: #F4F4F4;height: 12.5px;width: 12.5px\"><\/div> <div style=\"background-color: #F4F4F4;height: 12.5px;width: 12.5px;margin-right: 14px;margin-left: 2px\"><\/div> <div style=\"background-color: #F4F4F4;height: 12.5px;width: 12.5px\"><\/div><\/div><div style=\"margin-left: 8px\"> <div style=\"background-color: #F4F4F4;height: 20px;width: 20px\"><\/div> <div style=\"width: 0;height: 0;border-top: 2px solid transparent;border-left: 6px solid #f4f4f4;border-bottom: 2px solid transparent\"><\/div><\/div><div style=\"margin-left: auto\"> <div style=\"width: 0px;border-top: 8px solid #F4F4F4;border-right: 8px solid transparent\"><\/div> <div style=\"background-color: #F4F4F4;height: 12px;width: 16px\"><\/div> <div style=\"width: 0;height: 0;border-top: 8px solid #F4F4F4;border-left: 8px solid transparent\"><\/div><\/div><\/div> <div style=\"margin-bottom: 24px\"> <div style=\"background-color: #F4F4F4;height: 14px;margin-bottom: 6px;width: 224px\"><\/div> <div style=\"background-color: #F4F4F4;height: 14px;width: 144px\"><\/div><\/div><\/a><p style=\"color:#c9c8cd;font-family:Arial,sans-serif;font-size:14px;line-height:17px;margin-bottom:0;margin-top:8px;overflow:hidden;padding:8px 0 7px;text-align:center\"><a href=\"https:\/\/www.instagram.com\/p\/BCKw8croWCY\/?utm_source=ig_embed&amp;utm_campaign=loading\" style=\"color:#c9c8cd;font-family:Arial,sans-serif;font-size:14px;font-style:normal;font-weight:normal;line-height:17px;text-decoration:none\" target=\"_blank\" rel=\"noopener noreferrer\">Uma publica\u00e7\u00e3o compartilhada por Rony carvalheiro (@ronycarvalheiro)<\/a><\/p><\/div><\/blockquote>\n\n\n\n<p><br>E voc\u00ea? Quais lugares misteriosos em SP voc\u00ea vai visitar? Conta pra gente!<\/p>\n\n\n\n<blockquote class=\"wp-block-quote is-layout-flow wp-block-quote-is-layout-flow\"><p><a href=\"https:\/\/quantocustaviajar.com\/blog\/5-igrejas-assustadoras-que-vao-te-arrepiar\/\" target=\"_blank\" rel=\"noreferrer noopener\" aria-label=\" (abre numa nova aba)\"> Se voc\u00ea gosta desse tipo de roteiro, separamos aqui 5 igrejas assustadoras para voc\u00ea descobrir ao redor do mundo. <\/a><\/p><\/blockquote>\n\n\n\n<p><strong><a href=\"https:\/\/www.booking.com\/index.pt-br.html?aid=2161834\" target=\"_blank\" rel=\"noreferrer noopener\" aria-label=\"N\u00e3o \u00e9 de S\u00e3o Paulo? Confira op\u00e7\u00f5es de hospedagem na cidade (abre numa nova aba)\">N\u00e3o \u00e9 de S\u00e3o Paulo? Confira op\u00e7\u00f5es de hospedagem na cidade<\/a><\/strong><\/p>\n","protected":false},"excerpt":{"rendered":"<p>S\u00e3o Paulo \u00e9 conhecida pelos seus grandes pr\u00e9dios, pela multiculturalidade e pelas grandes avenidas. Mas para quem gosta de suspense e terror, os lugares misteriosos em SP s\u00e3o tamb\u00e9m um grande atrativo. Aqui, voc\u00ea vai conhecer 5 espa\u00e7os: alguns que, apesar de muito movimentados, reservam mist\u00e9rios que provavelmente voc\u00ea ainda n\u00e3o conhece. Vamos descobrir juntos? [&hellip;]<\/p>\n","protected":false},"author":17,"featured_media":50984,"comment_status":"open","ping_status":"open","sticky":false,"template":"","format":"standard","meta":{"cybocfi_hide_featured_image":"","footnotes":""},"categories":[1436,1434],"tags":[470,2917,124,1431],"class_list":["post-50915","post","type-post","status-publish","format-standard","has-post-thumbnail","hentry","category-artes-cultura-diversao","category-descubra-brasil","tag-halloween","tag-lugares-misteriosos","tag-roteiro","tag-saopaulo"],"blocksy_meta":[],"yoast_head":"<!-- This site is optimized with the Yoast SEO plugin v26.3 - https:\/\/yoast.com\/wordpress\/plugins\/seo\/ -->\n<title>5 lugares misteriosos em SP para quem gosta de suspense e terror<\/title>\n<meta name=\"description\" content=\"Se voc\u00ea gosta de suspense e terror, n\u00e3o pode deixar de visitar esses 5 lugares misteriosos em SP, cheios de hist\u00f3rias (algumas reais e outras nem tanto).\" \/>\n<meta name=\"robots\" content=\"index, follow, max-snippet:-1, max-image-preview:large, max-video-preview:-1\" \/>\n<link rel=\"canonical\" href=\"https:\/\/quantocustaviajar.com\/blog\/lugares-misteriosos-suspense-terror\/\" \/>\n<meta property=\"og:locale\" content=\"pt_BR\" \/>\n<meta property=\"og:type\" content=\"article\" \/>\n<meta property=\"og:title\" content=\"5 lugares misteriosos em SP para quem gosta de suspense e terror\" \/>\n<meta property=\"og:description\" content=\"Se voc\u00ea gosta de suspense e terror, n\u00e3o pode deixar de visitar esses 5 lugares misteriosos em SP, cheios de hist\u00f3rias (algumas reais e outras nem tanto).\" \/>\n<meta property=\"og:url\" content=\"https:\/\/quantocustaviajar.com\/blog\/lugares-misteriosos-suspense-terror\/\" \/>\n<meta property=\"og:site_name\" content=\"Blog Quanto Custa Viajar\" \/>\n<meta property=\"article:publisher\" content=\"https:\/\/www.facebook.com\/quantocustaviajar\" \/>\n<meta property=\"article:published_time\" content=\"2021-10-21T11:15:25+00:00\" \/>\n<meta property=\"article:modified_time\" content=\"2021-10-21T11:15:26+00:00\" \/>\n<meta property=\"og:image\" content=\"https:\/\/quantocustaviajar.com\/blog\/wp-content\/uploads\/2021\/10\/pexels-pixabay-162389.jpg\" \/>\n\t<meta property=\"og:image:width\" content=\"1280\" \/>\n\t<meta property=\"og:image:height\" content=\"853\" \/>\n\t<meta property=\"og:image:type\" content=\"image\/jpeg\" \/>\n<meta name=\"author\" content=\"Luana Aladim\" \/>\n<meta name=\"twitter:card\" content=\"summary_large_image\" \/>\n<meta name=\"twitter:label1\" content=\"Escrito por\" \/>\n\t<meta name=\"twitter:data1\" content=\"Luana Aladim\" \/>\n\t<meta name=\"twitter:label2\" content=\"Est. tempo de leitura\" \/>\n\t<meta name=\"twitter:data2\" content=\"6 minutos\" \/>\n<!-- \/ Yoast SEO plugin. -->","yoast_head_json":{"title":"5 lugares misteriosos em SP para quem gosta de suspense e terror","description":"Se voc\u00ea gosta de suspense e terror, n\u00e3o pode deixar de visitar esses 5 lugares misteriosos em SP, cheios de hist\u00f3rias (algumas reais e outras nem tanto).","robots":{"index":"index","follow":"follow","max-snippet":"max-snippet:-1","max-image-preview":"max-image-preview:large","max-video-preview":"max-video-preview:-1"},"canonical":"https:\/\/quantocustaviajar.com\/blog\/lugares-misteriosos-suspense-terror\/","og_locale":"pt_BR","og_type":"article","og_title":"5 lugares misteriosos em SP para quem gosta de suspense e terror","og_description":"Se voc\u00ea gosta de suspense e terror, n\u00e3o pode deixar de visitar esses 5 lugares misteriosos em SP, cheios de hist\u00f3rias (algumas reais e outras nem tanto).","og_url":"https:\/\/quantocustaviajar.com\/blog\/lugares-misteriosos-suspense-terror\/","og_site_name":"Blog Quanto Custa Viajar","article_publisher":"https:\/\/www.facebook.com\/quantocustaviajar","article_published_time":"2021-10-21T11:15:25+00:00","article_modified_time":"2021-10-21T11:15:26+00:00","og_image":[{"width":1280,"height":853,"url":"https:\/\/quantocustaviajar.com\/blog\/wp-content\/uploads\/2021\/10\/pexels-pixabay-162389.jpg","type":"image\/jpeg"}],"author":"Luana Aladim","twitter_card":"summary_large_image","twitter_misc":{"Escrito por":"Luana Aladim","Est. tempo de leitura":"6 minutos"},"schema":{"@context":"https:\/\/schema.org","@graph":[{"@type":["Article","BlogPosting"],"@id":"https:\/\/quantocustaviajar.com\/blog\/lugares-misteriosos-suspense-terror\/#article","isPartOf":{"@id":"https:\/\/quantocustaviajar.com\/blog\/lugares-misteriosos-suspense-terror\/"},"author":{"name":"Luana Aladim","@id":"https:\/\/quantocustaviajar.com\/blog\/#\/schema\/person\/b70e39c697bb9ac3e8585c614393a99e"},"headline":"5 lugares misteriosos em SP para quem gosta de suspense e terror","datePublished":"2021-10-21T11:15:25+00:00","dateModified":"2021-10-21T11:15:26+00:00","mainEntityOfPage":{"@id":"https:\/\/quantocustaviajar.com\/blog\/lugares-misteriosos-suspense-terror\/"},"wordCount":1228,"commentCount":0,"publisher":{"@id":"https:\/\/quantocustaviajar.com\/blog\/#organization"},"image":{"@id":"https:\/\/quantocustaviajar.com\/blog\/lugares-misteriosos-suspense-terror\/#primaryimage"},"thumbnailUrl":"https:\/\/quantocustaviajar.com\/blog\/wp-content\/uploads\/2021\/10\/pexels-pixabay-162389.jpg","keywords":["halloween","lugares misteriosos","roteiro","saopaulo"],"articleSection":["Artes, Cultura &amp; Divers\u00e3o","Descubra o Brasil"],"inLanguage":"pt-BR","potentialAction":[{"@type":"CommentAction","name":"Comment","target":["https:\/\/quantocustaviajar.com\/blog\/lugares-misteriosos-suspense-terror\/#respond"]}]},{"@type":"WebPage","@id":"https:\/\/quantocustaviajar.com\/blog\/lugares-misteriosos-suspense-terror\/","url":"https:\/\/quantocustaviajar.com\/blog\/lugares-misteriosos-suspense-terror\/","name":"5 lugares misteriosos em SP para quem gosta de suspense e terror","isPartOf":{"@id":"https:\/\/quantocustaviajar.com\/blog\/#website"},"primaryImageOfPage":{"@id":"https:\/\/quantocustaviajar.com\/blog\/lugares-misteriosos-suspense-terror\/#primaryimage"},"image":{"@id":"https:\/\/quantocustaviajar.com\/blog\/lugares-misteriosos-suspense-terror\/#primaryimage"},"thumbnailUrl":"https:\/\/quantocustaviajar.com\/blog\/wp-content\/uploads\/2021\/10\/pexels-pixabay-162389.jpg","datePublished":"2021-10-21T11:15:25+00:00","dateModified":"2021-10-21T11:15:26+00:00","description":"Se voc\u00ea gosta de suspense e terror, n\u00e3o pode deixar de visitar esses 5 lugares misteriosos em SP, cheios de hist\u00f3rias (algumas reais e outras nem tanto).","breadcrumb":{"@id":"https:\/\/quantocustaviajar.com\/blog\/lugares-misteriosos-suspense-terror\/#breadcrumb"},"inLanguage":"pt-BR","potentialAction":[{"@type":"ReadAction","target":["https:\/\/quantocustaviajar.com\/blog\/lugares-misteriosos-suspense-terror\/"]}]},{"@type":"ImageObject","inLanguage":"pt-BR","@id":"https:\/\/quantocustaviajar.com\/blog\/lugares-misteriosos-suspense-terror\/#primaryimage","url":"https:\/\/quantocustaviajar.com\/blog\/wp-content\/uploads\/2021\/10\/pexels-pixabay-162389.jpg","contentUrl":"https:\/\/quantocustaviajar.com\/blog\/wp-content\/uploads\/2021\/10\/pexels-pixabay-162389.jpg","width":1280,"height":853,"caption":"Foto: Pexels"},{"@type":"BreadcrumbList","@id":"https:\/\/quantocustaviajar.com\/blog\/lugares-misteriosos-suspense-terror\/#breadcrumb","itemListElement":[{"@type":"ListItem","position":1,"name":"In\u00edcio","item":"https:\/\/quantocustaviajar.com\/blog\/"},{"@type":"ListItem","position":2,"name":"5 lugares misteriosos em SP para quem gosta de suspense e terror"}]},{"@type":"WebSite","@id":"https:\/\/quantocustaviajar.com\/blog\/#website","url":"https:\/\/quantocustaviajar.com\/blog\/","name":"Blog Quanto Custa Viajar","description":"","publisher":{"@id":"https:\/\/quantocustaviajar.com\/blog\/#organization"},"potentialAction":[{"@type":"SearchAction","target":{"@type":"EntryPoint","urlTemplate":"https:\/\/quantocustaviajar.com\/blog\/?s={search_term_string}"},"query-input":{"@type":"PropertyValueSpecification","valueRequired":true,"valueName":"search_term_string"}}],"inLanguage":"pt-BR"},{"@type":"Organization","@id":"https:\/\/quantocustaviajar.com\/blog\/#organization","name":"Quanto Custa Viajar","url":"https:\/\/quantocustaviajar.com\/blog\/","logo":{"@type":"ImageObject","inLanguage":"pt-BR","@id":"https:\/\/quantocustaviajar.com\/blog\/#\/schema\/logo\/image\/","url":"","contentUrl":"","caption":"Quanto Custa Viajar"},"image":{"@id":"https:\/\/quantocustaviajar.com\/blog\/#\/schema\/logo\/image\/"},"sameAs":["https:\/\/www.facebook.com\/quantocustaviajar"]},{"@type":"Person","@id":"https:\/\/quantocustaviajar.com\/blog\/#\/schema\/person\/b70e39c697bb9ac3e8585c614393a99e","name":"Luana Aladim","image":{"@type":"ImageObject","inLanguage":"pt-BR","@id":"https:\/\/quantocustaviajar.com\/blog\/#\/schema\/person\/image\/","url":"https:\/\/secure.gravatar.com\/avatar\/1fa4434b0a9643e0b66248ebd844bf6965834842c28e3442b1ae7bb534e70d67?s=96&d=mm&r=g","contentUrl":"https:\/\/secure.gravatar.com\/avatar\/1fa4434b0a9643e0b66248ebd844bf6965834842c28e3442b1ae7bb534e70d67?s=96&d=mm&r=g","caption":"Luana Aladim"},"url":"https:\/\/quantocustaviajar.com\/blog\/author\/luana\/"}]}},"_links":{"self":[{"href":"https:\/\/quantocustaviajar.com\/blog\/wp-json\/wp\/v2\/posts\/50915","targetHints":{"allow":["GET"]}}],"collection":[{"href":"https:\/\/quantocustaviajar.com\/blog\/wp-json\/wp\/v2\/posts"}],"about":[{"href":"https:\/\/quantocustaviajar.com\/blog\/wp-json\/wp\/v2\/types\/post"}],"author":[{"embeddable":true,"href":"https:\/\/quantocustaviajar.com\/blog\/wp-json\/wp\/v2\/users\/17"}],"replies":[{"embeddable":true,"href":"https:\/\/quantocustaviajar.com\/blog\/wp-json\/wp\/v2\/comments?post=50915"}],"version-history":[{"count":3,"href":"https:\/\/quantocustaviajar.com\/blog\/wp-json\/wp\/v2\/posts\/50915\/revisions"}],"predecessor-version":[{"id":50986,"href":"https:\/\/quantocustaviajar.com\/blog\/wp-json\/wp\/v2\/posts\/50915\/revisions\/50986"}],"wp:featuredmedia":[{"embeddable":true,"href":"https:\/\/quantocustaviajar.com\/blog\/wp-json\/wp\/v2\/media\/50984"}],"wp:attachment":[{"href":"https:\/\/quantocustaviajar.com\/blog\/wp-json\/wp\/v2\/media?parent=50915"}],"wp:term":[{"taxonomy":"category","embeddable":true,"href":"https:\/\/quantocustaviajar.com\/blog\/wp-json\/wp\/v2\/categories?post=50915"},{"taxonomy":"post_tag","embeddable":true,"href":"https:\/\/quantocustaviajar.com\/blog\/wp-json\/wp\/v2\/tags?post=50915"}],"curies":[{"name":"wp","href":"https:\/\/api.w.org\/{rel}","templated":true}]}}