{"id":50846,"date":"2025-01-09T14:13:00","date_gmt":"2025-01-09T14:13:00","guid":{"rendered":"https:\/\/quantocustaviajar.com\/blog\/?p=50846"},"modified":"2025-06-10T19:07:29","modified_gmt":"2025-06-10T19:07:29","slug":"serra-dos-alves","status":"publish","type":"post","link":"https:\/\/quantocustaviajar.com\/blog\/serra-dos-alves\/","title":{"rendered":"Conhe\u00e7a a Serra dos Alves: um vilarejo cheio de hist\u00f3ria e costumes para quem busca por sossego"},"content":{"rendered":"\n<p>Localizada no munic\u00edpio de Itabira, a <strong>Serra dos Alves<\/strong> \u00e9 uma forma\u00e7\u00e3o geol\u00f3gica privilegiada, no interior de <a href=\"https:\/\/quantocustaviajar.com\/blog\/cidades-legais-para-viajar-em-minas-gerais\/\">Minas Gerais<\/a>. E quando falamos em privil\u00e9gio, estamos apontando diversas \u00e1reas: a hist\u00f3ria, a cultura e as belezas naturais da regi\u00e3o.<\/p><div id=\"ez-toc-container\" class=\"ez-toc-v2_0_76 ez-toc-wrap-left counter-hierarchy ez-toc-counter ez-toc-light-blue ez-toc-container-direction\">\n<div class=\"ez-toc-title-container\">\n<p class=\"ez-toc-title\" style=\"cursor:inherit\">Aqui voc\u00ea ir\u00e1 encontrar<\/p>\n<span class=\"ez-toc-title-toggle\"><a href=\"#\" class=\"ez-toc-pull-right ez-toc-btn ez-toc-btn-xs ez-toc-btn-default ez-toc-toggle\" aria-label=\"Alternar tabela de conte\u00fado\"><span class=\"ez-toc-js-icon-con\"><span class=\"\"><span class=\"eztoc-hide\" style=\"display:none;\">Toggle<\/span><span class=\"ez-toc-icon-toggle-span\"><svg style=\"fill: #999;color:#999\" xmlns=\"http:\/\/www.w3.org\/2000\/svg\" class=\"list-377408\" width=\"20px\" height=\"20px\" viewBox=\"0 0 24 24\" fill=\"none\"><path d=\"M6 6H4v2h2V6zm14 0H8v2h12V6zM4 11h2v2H4v-2zm16 0H8v2h12v-2zM4 16h2v2H4v-2zm16 0H8v2h12v-2z\" fill=\"currentColor\"><\/path><\/svg><svg style=\"fill: #999;color:#999\" class=\"arrow-unsorted-368013\" xmlns=\"http:\/\/www.w3.org\/2000\/svg\" width=\"10px\" height=\"10px\" viewBox=\"0 0 24 24\" version=\"1.2\" baseProfile=\"tiny\"><path d=\"M18.2 9.3l-6.2-6.3-6.2 6.3c-.2.2-.3.4-.3.7s.1.5.3.7c.2.2.4.3.7.3h11c.3 0 .5-.1.7-.3.2-.2.3-.5.3-.7s-.1-.5-.3-.7zM5.8 14.7l6.2 6.3 6.2-6.3c.2-.2.3-.5.3-.7s-.1-.5-.3-.7c-.2-.2-.4-.3-.7-.3h-11c-.3 0-.5.1-.7.3-.2.2-.3.5-.3.7s.1.5.3.7z\"\/><\/svg><\/span><\/span><\/span><\/a><\/span><\/div>\n<nav><ul class='ez-toc-list ez-toc-list-level-1 ' ><ul class='ez-toc-list-level-3' ><li class='ez-toc-heading-level-3'><a class=\"ez-toc-link ez-toc-heading-1\" href=\"https:\/\/quantocustaviajar.com\/blog\/serra-dos-alves\/#Curiosidades_sobre_a_Serra_dos_Alves\" >Curiosidades sobre a Serra dos Alves<\/a><\/li><\/ul><\/li><li class='ez-toc-page-1 ez-toc-heading-level-2'><a class=\"ez-toc-link ez-toc-heading-2\" href=\"https:\/\/quantocustaviajar.com\/blog\/serra-dos-alves\/#O_que_fazer_na_Serra_dos_Alves\" >O que fazer na Serra dos Alves<\/a><ul class='ez-toc-list-level-3' ><li class='ez-toc-heading-level-3'><a class=\"ez-toc-link ez-toc-heading-3\" href=\"https:\/\/quantocustaviajar.com\/blog\/serra-dos-alves\/#Boca_da_Serra\" >Boca da Serra<\/a><\/li><li class='ez-toc-page-1 ez-toc-heading-level-3'><a class=\"ez-toc-link ez-toc-heading-4\" href=\"https:\/\/quantocustaviajar.com\/blog\/serra-dos-alves\/#Cachoeira_do_Bongue\" >Cachoeira do Bongue<\/a><\/li><li class='ez-toc-page-1 ez-toc-heading-level-3'><a class=\"ez-toc-link ez-toc-heading-5\" href=\"https:\/\/quantocustaviajar.com\/blog\/serra-dos-alves\/#Cachoeira_da_Coca-Cola\" >Cachoeira da Coca-Cola<\/a><\/li><li class='ez-toc-page-1 ez-toc-heading-level-3'><a class=\"ez-toc-link ez-toc-heading-6\" href=\"https:\/\/quantocustaviajar.com\/blog\/serra-dos-alves\/#Cachoeira_do_Marques\" >Cachoeira do Marques<\/a><\/li><li class='ez-toc-page-1 ez-toc-heading-level-3'><a class=\"ez-toc-link ez-toc-heading-7\" href=\"https:\/\/quantocustaviajar.com\/blog\/serra-dos-alves\/#Cachoeira_dos_Cristais\" >Cachoeira dos Cristais<\/a><\/li><li class='ez-toc-page-1 ez-toc-heading-level-3'><a class=\"ez-toc-link ez-toc-heading-8\" href=\"https:\/\/quantocustaviajar.com\/blog\/serra-dos-alves\/#Mirante_da_Serra_dos_Alves\" >Mirante da Serra dos Alves<\/a><\/li><li class='ez-toc-page-1 ez-toc-heading-level-3'><a class=\"ez-toc-link ez-toc-heading-9\" href=\"https:\/\/quantocustaviajar.com\/blog\/serra-dos-alves\/#Morro_Redondo_Capela_do_Senhor_do_Bonfim\" >Morro Redondo \/ Capela do Senhor do Bonfim<\/a><\/li><li class='ez-toc-page-1 ez-toc-heading-level-3'><a class=\"ez-toc-link ez-toc-heading-10\" href=\"https:\/\/quantocustaviajar.com\/blog\/serra-dos-alves\/#Parque_Estadual_Mata_do_Limoeiro\" >Parque Estadual Mata do Limoeiro<\/a><\/li><li class='ez-toc-page-1 ez-toc-heading-level-3'><a class=\"ez-toc-link ez-toc-heading-11\" href=\"https:\/\/quantocustaviajar.com\/blog\/serra-dos-alves\/#Parque_Nacional_da_Serra_do_Cipo\" >Parque Nacional da Serra do Cip\u00f3<\/a><\/li><\/ul><\/li><li class='ez-toc-page-1 ez-toc-heading-level-2'><a class=\"ez-toc-link ez-toc-heading-12\" href=\"https:\/\/quantocustaviajar.com\/blog\/serra-dos-alves\/#Como_chegar_na_Serra_dos_Alves\" >Como chegar na Serra dos Alves<\/a><ul class='ez-toc-list-level-3' ><li class='ez-toc-heading-level-3'><a class=\"ez-toc-link ez-toc-heading-13\" href=\"https:\/\/quantocustaviajar.com\/blog\/serra-dos-alves\/#De_carro\" >De carro<\/a><\/li><li class='ez-toc-page-1 ez-toc-heading-level-3'><a class=\"ez-toc-link ez-toc-heading-14\" href=\"https:\/\/quantocustaviajar.com\/blog\/serra-dos-alves\/#De_onibus\" >De \u00f4nibus<\/a><\/li><\/ul><\/li><li class='ez-toc-page-1 ez-toc-heading-level-2'><a class=\"ez-toc-link ez-toc-heading-15\" href=\"https:\/\/quantocustaviajar.com\/blog\/serra-dos-alves\/#Onde_se_hospedar\" >Onde se hospedar<\/a><ul class='ez-toc-list-level-3' ><li class='ez-toc-heading-level-3'><a class=\"ez-toc-link ez-toc-heading-16\" href=\"https:\/\/quantocustaviajar.com\/blog\/serra-dos-alves\/#Casinha_Trevo_de_Quatro_Folhas\" >Casinha Trevo de Quatro Folhas<\/a><\/li><li class='ez-toc-page-1 ez-toc-heading-level-3'><a class=\"ez-toc-link ez-toc-heading-17\" href=\"https:\/\/quantocustaviajar.com\/blog\/serra-dos-alves\/#Casa_da_Serra_dos_Alves\" >Casa da Serra dos Alves<\/a><\/li><li class='ez-toc-page-1 ez-toc-heading-level-3'><a class=\"ez-toc-link ez-toc-heading-18\" href=\"https:\/\/quantocustaviajar.com\/blog\/serra-dos-alves\/#Casa_Do_Paulao\" >Casa Do Paul\u00e3o<\/a><\/li><li class='ez-toc-page-1 ez-toc-heading-level-3'><a class=\"ez-toc-link ez-toc-heading-19\" href=\"https:\/\/quantocustaviajar.com\/blog\/serra-dos-alves\/#Premium_Executive_Hotel_Itabira\" >Premium Executive Hotel Itabira<\/a><\/li><li class='ez-toc-page-1 ez-toc-heading-level-3'><a class=\"ez-toc-link ez-toc-heading-20\" href=\"https:\/\/quantocustaviajar.com\/blog\/serra-dos-alves\/#IT_Itabira_Hotel\" >IT Itabira Hotel<\/a><\/li><li class='ez-toc-page-1 ez-toc-heading-level-3'><a class=\"ez-toc-link ez-toc-heading-21\" href=\"https:\/\/quantocustaviajar.com\/blog\/serra-dos-alves\/#Estancias_da_Serra_dos_Alves\" >Est\u00e2ncias da Serra dos Alves<\/a><\/li><li class='ez-toc-page-1 ez-toc-heading-level-3'><a class=\"ez-toc-link ez-toc-heading-22\" href=\"https:\/\/quantocustaviajar.com\/blog\/serra-dos-alves\/#Estancias_da_Serra_dos_Alves_2\" >Est\u00e2ncias da Serra dos Alves 2<\/a><\/li><\/ul><\/li><li class='ez-toc-page-1 ez-toc-heading-level-2'><a class=\"ez-toc-link ez-toc-heading-23\" href=\"https:\/\/quantocustaviajar.com\/blog\/serra-dos-alves\/#Onde_comer\" >Onde comer&nbsp;<\/a><ul class='ez-toc-list-level-3' ><li class='ez-toc-heading-level-3'><a class=\"ez-toc-link ez-toc-heading-24\" href=\"https:\/\/quantocustaviajar.com\/blog\/serra-dos-alves\/#Buteco_da_Vila\" >Buteco da Vila<\/a><\/li><li class='ez-toc-page-1 ez-toc-heading-level-3'><a class=\"ez-toc-link ez-toc-heading-25\" href=\"https:\/\/quantocustaviajar.com\/blog\/serra-dos-alves\/#Casa_de_Cultura\" >Casa de Cultura<\/a><\/li><li class='ez-toc-page-1 ez-toc-heading-level-3'><a class=\"ez-toc-link ez-toc-heading-26\" href=\"https:\/\/quantocustaviajar.com\/blog\/serra-dos-alves\/#Mercearia_Serra_dos_Alves\" >Mercearia Serra dos Alves<\/a><\/li><\/ul><\/li><li class='ez-toc-page-1 ez-toc-heading-level-2'><a class=\"ez-toc-link ez-toc-heading-27\" href=\"https:\/\/quantocustaviajar.com\/blog\/serra-dos-alves\/#O_que_levar_na_mala_para_Serra_dos_Alves\" >O que levar na mala para Serra dos Alves?<\/a><\/li><\/ul><\/nav><\/div>\n\n\n\n\n<p>S\u00e3o pouco mais de cem moradores nesse<strong> vilarejo rom\u00e2ntico e sossegado<\/strong>, t\u00edpico dos interiores do Brasil. A capela fica em frente \u00e0 uma pracinha e, no entorno, a natureza parece ter escolhido cada detalhe com cuidado, para garantir a tranquilidade no local.<\/p>\n\n\n\n<p>Para quem quer se desconectar da rotina fren\u00e9tica da cidade grande, a Serra dos Alves \u00e9 o local certo. Logo ao cruzar a placa de entrada da cidade, provavelmente voc\u00ea perder\u00e1 o sinal de internet.\u00a0<\/p>\n\n\n\n<p><strong>Pesquise valores de <a href=\"https:\/\/www.turismocity.com.br\/carros\" target=\"_blank\" rel=\"noreferrer noopener\">aluguel de carro<\/a> para essa viagem ou veja <a href=\"https:\/\/www.turismocity.com.br\/carros\" target=\"_blank\" rel=\"noreferrer noopener\">passagem de \u00f4nibus<\/a>.<\/strong><\/p>\n\n\n\n<figure class=\"wp-block-image aligncenter size-large\"><img loading=\"lazy\" decoding=\"async\" width=\"1024\" height=\"768\" src=\"https:\/\/quantocustaviajar.com\/blog\/wp-content\/uploads\/2024\/05\/serra-dos-alves-01-1024x768.jpg\" alt=\"Serra dos Alves\" class=\"wp-image-66247\" srcset=\"https:\/\/quantocustaviajar.com\/blog\/wp-content\/uploads\/2024\/05\/serra-dos-alves-01-1024x768.jpg 1024w, https:\/\/quantocustaviajar.com\/blog\/wp-content\/uploads\/2024\/05\/serra-dos-alves-01-300x225.jpg 300w, https:\/\/quantocustaviajar.com\/blog\/wp-content\/uploads\/2024\/05\/serra-dos-alves-01-768x576.jpg 768w, https:\/\/quantocustaviajar.com\/blog\/wp-content\/uploads\/2024\/05\/serra-dos-alves-01.jpg 1280w\" sizes=\"auto, (max-width: 1024px) 100vw, 1024px\" \/><figcaption>Foto: <a href=\"https:\/\/commons.wikimedia.org\/wiki\/File:Expedi\u00e7\u00e3o_Serra_dos_Alves_-_Agosto_2013_-_panoramio.jpg\" target=\"_blank\" rel=\"noreferrer noopener\">Wikimedia Commons<\/a><\/figcaption><\/figure>\n\n\n\n<p>E a independ\u00eancia da tecnologia n\u00e3o para por a\u00ed. Se voc\u00ea est\u00e1 pensando em visitar o vilarejo, prepare-se. L\u00e1 n\u00e3o tem farm\u00e1cia, posto de sa\u00fade, ag\u00eancia banc\u00e1ria, posto de gasolina e nem oficina mec\u00e2nica. Ou seja: \u00e9 o lugar perfeito para se reconectar com voc\u00ea mesmo, deixando de lado qualquer distra\u00e7\u00e3o.<\/p>\n\n\n\n<h3 class=\"wp-block-heading\"><span class=\"ez-toc-section\" id=\"Curiosidades_sobre_a_Serra_dos_Alves\"><\/span><strong>Curiosidades sobre a Serra dos Alves<\/strong><span class=\"ez-toc-section-end\"><\/span><\/h3>\n\n\n\n<p>No s\u00e9culo XX, a <strong>Serra dos Alves<\/strong> foi abrigo para portadores de hansen\u00edase (lepra). Nessa \u00e9poca, ainda acreditava-se que a doen\u00e7a era um castigo de Deus: uma puni\u00e7\u00e3o a algum malfeito cometido pela pessoa. Em outras palavras: os leprosos seriam grandes pecadores, e isso dificultava o conv\u00edvio em sociedade, posto que ningu\u00e9m se sentia confort\u00e1vel junto deles.<\/p>\n\n\n\n<p>Assim, o leproso e sua fam\u00edlia precisavam buscar regi\u00f5es desabitadas, muitas vezes montanhosas, de dif\u00edcil acesso, para viver. A Serra dos Alves, ent\u00e3o, se tornou o lugar perfeito para essas pessoas.<br>Mas se antes o local era repleto de preconceitos, hoje \u00e9 <strong>cheio de cultura, costumes peculiares e muitas belezas naturais<\/strong> para se desfrutar. E, claro, sem nenhum rastro da hansen\u00edase por perto. <\/p>\n\n\n\n<figure class=\"wp-block-image aligncenter size-large\"><img loading=\"lazy\" decoding=\"async\" width=\"1024\" height=\"768\" src=\"https:\/\/quantocustaviajar.com\/blog\/wp-content\/uploads\/2024\/05\/serra-dos-alves-02-1024x768.jpg\" alt=\"Serra dos Alves\" class=\"wp-image-66248\" srcset=\"https:\/\/quantocustaviajar.com\/blog\/wp-content\/uploads\/2024\/05\/serra-dos-alves-02-1024x768.jpg 1024w, https:\/\/quantocustaviajar.com\/blog\/wp-content\/uploads\/2024\/05\/serra-dos-alves-02-300x225.jpg 300w, https:\/\/quantocustaviajar.com\/blog\/wp-content\/uploads\/2024\/05\/serra-dos-alves-02-768x576.jpg 768w, https:\/\/quantocustaviajar.com\/blog\/wp-content\/uploads\/2024\/05\/serra-dos-alves-02.jpg 1280w\" sizes=\"auto, (max-width: 1024px) 100vw, 1024px\" \/><figcaption>Foto: <a href=\"https:\/\/commons.wikimedia.org\/wiki\/File:Expedi\u00e7\u00e3o_Serra_dos_Alves_-_Agosto_2013_-_panoramio_(10).jpg\" target=\"_blank\" rel=\"noreferrer noopener\">Wikimedia Commons<\/a><\/figcaption><\/figure>\n\n\n\n<h2 class=\"wp-block-heading\"><span class=\"ez-toc-section\" id=\"O_que_fazer_na_Serra_dos_Alves\"><\/span><strong>O que fazer na Serra dos Alves<\/strong><span class=\"ez-toc-section-end\"><\/span><\/h2>\n\n\n\n<p>O vilarejo n\u00e3o \u00e9 feito para quem busca por luxos de uma cidade bem estruturada, mas sim para quem quer se conectar com a natureza e conhecer uma cultura que valoriza o bem-estar. O foco, portanto, s\u00e3o as <strong>trilhas que levam at\u00e9 belas cachoeiras e c\u00e2nions<\/strong> de tirar o f\u00f4lego.<\/p>\n\n\n\n<p>E para ajudar nessa empreitada sem ter dores de cabe\u00e7a, utilize o servi\u00e7o dos guias locais. Aqui, reservamos um espa\u00e7o para que voc\u00ea possa entrar em contato com eles:<\/p>\n\n\n\n<p><strong>Gardiano: (31) 98626-0492<br>Geraldo Raul: (31) 98948-8486<br>Jaf\u00e9: (31) 98809-9899<br>Martinho: (31) 97146-5761<\/strong><\/p>\n\n\n\n<h3 class=\"wp-block-heading\"><span class=\"ez-toc-section\" id=\"Boca_da_Serra\"><\/span><strong>Boca da Serra<\/strong><span class=\"ez-toc-section-end\"><\/span><\/h3>\n\n\n\n<figure class=\"wp-block-image aligncenter size-large\"><img loading=\"lazy\" decoding=\"async\" width=\"1024\" height=\"694\" src=\"https:\/\/quantocustaviajar.com\/blog\/wp-content\/uploads\/2024\/05\/serra-dos-alves-03-1024x694.jpg\" alt=\"Serra dos Alves\" class=\"wp-image-66249\" srcset=\"https:\/\/quantocustaviajar.com\/blog\/wp-content\/uploads\/2024\/05\/serra-dos-alves-03-1024x694.jpg 1024w, https:\/\/quantocustaviajar.com\/blog\/wp-content\/uploads\/2024\/05\/serra-dos-alves-03-300x203.jpg 300w, https:\/\/quantocustaviajar.com\/blog\/wp-content\/uploads\/2024\/05\/serra-dos-alves-03-768x520.jpg 768w, https:\/\/quantocustaviajar.com\/blog\/wp-content\/uploads\/2024\/05\/serra-dos-alves-03.jpg 1280w\" sizes=\"auto, (max-width: 1024px) 100vw, 1024px\" \/><figcaption>Foto: <a href=\"https:\/\/commons.wikimedia.org\/wiki\/File:C\u00e2nion_Boca_da_Serra.jpg\" target=\"_blank\" rel=\"noreferrer noopener\">Wikimedia Commons<\/a><\/figcaption><\/figure>\n\n\n\n<p>Os c\u00e2nions s\u00e3o extensos pared\u00f5es esculpidos atrav\u00e9s de processos erosivos, principalmente em fun\u00e7\u00e3o das \u00e1guas e dos ventos, no decorrer de milh\u00f5es de anos. No c\u00e2nion Boca da Serra, o maior da regi\u00e3o, \u00e9 poss\u00edvel deparar-se com piscinas naturais, cachoeiras e pared\u00f5es que ultrapassam os 100 m de altura. Tudo isso nos 9km de caminhada em uma trilha deslumbrante.&nbsp;<\/p>\n\n\n\n<p>Nesse percurso, um dos destaques \u00e9 a <strong>cachoeira da Lucy<\/strong>, com 15 m de altura e de dif\u00edcil acesso, mas que compensa pela beleza de sua queda d\u2019\u00e1gua.<\/p>\n\n\n\n<h3 class=\"wp-block-heading\"><span class=\"ez-toc-section\" id=\"Cachoeira_do_Bongue\"><\/span><strong>Cachoeira do Bongue<\/strong><span class=\"ez-toc-section-end\"><\/span><\/h3>\n\n\n\n<p>Para quem est\u00e1 disposto a um pouco menos de aventura e mais contempla\u00e7\u00e3o, a cachoeira do Bongue \u00e9 uma boa alternativa. Localizada no Rio do Tanque, tem f\u00e1cil acesso a p\u00e9, permite a chegada de carros, e \u00e9 uma das cachoeiras mais bonitas da Serra dos Alves.<\/p>\n\n\n\n<p>S\u00e3o cerca de 7 km de dist\u00e2ncia entre o in\u00edcio e o final da trilha, que resultam em cerca de 1 hora de caminhada e apenas 30 minutos de carro.<\/p>\n\n\n\n<h3 class=\"wp-block-heading\"><span class=\"ez-toc-section\" id=\"Cachoeira_da_Coca-Cola\"><\/span><strong>Cachoeira da Coca-Cola<\/strong><span class=\"ez-toc-section-end\"><\/span><\/h3>\n\n\n\n<p>Cachoeira do Chuvisco ou Cachoeira Dois C\u00f3rregos. Ningu\u00e9m sabe ao certo qual o seu nome \u201cde batismo\u201d, mas hoje ela \u00e9 mais conhecida como cachoeira da Coca-Cola, devido \u00e0s suas \u00e1guas escuras.&nbsp;<\/p>\n\n\n\n<p>Essa caracter\u00edstica toda especial \u00e9, provavelmente, resultado da composi\u00e7\u00e3o qu\u00edmica do solo rico em iodo e ferro e da pigmenta\u00e7\u00e3o das ra\u00edzes das \u00e1rvores ao seu redor. Mas isso n\u00e3o significa que as \u00e1guas s\u00e3o sujas! Pelo contr\u00e1rio: s\u00e3o bastante limpas e relaxantes.<\/p>\n\n\n\n<p><strong>Curiosidade:<\/strong> \u00c9 uma das poucas cachoeiras que apresenta a forma\u00e7\u00e3o geol\u00f3gica em Conglomerado ou Rudito (que parece ter sido feita em massa de concreto com pedras em seu interior).<\/p>\n\n\n\n<h3 class=\"wp-block-heading\"><span class=\"ez-toc-section\" id=\"Cachoeira_do_Marques\"><\/span>Cachoeira do Marques<span class=\"ez-toc-section-end\"><\/span><\/h3>\n\n\n\n<p>Com aproximadamente 3 metros de altura, a Cachoeira do Marques \u00e9 uma das atra\u00e7\u00f5es mais famosas da cidade, e est\u00e1 disposta em meio \u00e0 pared\u00f5es rochosos e piscinas naturais. A trilha para chegar at\u00e9 ela \u00e9 de f\u00e1cil acesso, com aproximadamente 3km de extens\u00e3o (cerca de 40 minutos de caminhada). Mas aten\u00e7\u00e3o: por ser uma trilha com pouca sombra, n\u00e3o se esque\u00e7a de se equipar com um bom bon\u00e9\/chap\u00e9u e protetor solar, ok?<\/p>\n\n\n\n<p>Para quem n\u00e3o abre m\u00e3o de uma boa aventura, ali na mesma regi\u00e3o tem os c\u00e2nions que levam o mesmo nome da cachoeira, o lugar perfeito para praticar escalada, rapel e rafting<\/p>\n\n\n\n<h3 class=\"wp-block-heading\"><span class=\"ez-toc-section\" id=\"Cachoeira_dos_Cristais\"><\/span>Cachoeira dos Cristais<span class=\"ez-toc-section-end\"><\/span><\/h3>\n\n\n\n<figure class=\"wp-block-image aligncenter size-full\"><img loading=\"lazy\" decoding=\"async\" width=\"608\" height=\"734\" src=\"https:\/\/quantocustaviajar.com\/blog\/wp-content\/uploads\/2024\/05\/serra-dos-alves-10.jpg\" alt=\"Serra dos Alves\" class=\"wp-image-66256\" srcset=\"https:\/\/quantocustaviajar.com\/blog\/wp-content\/uploads\/2024\/05\/serra-dos-alves-10.jpg 608w, https:\/\/quantocustaviajar.com\/blog\/wp-content\/uploads\/2024\/05\/serra-dos-alves-10-249x300.jpg 249w\" sizes=\"auto, (max-width: 608px) 100vw, 608px\" \/><figcaption>Foto: <a href=\"https:\/\/serradosalves.org\/o-que-tem-na-serra\/passeios\/\" target=\"_blank\" rel=\"noreferrer noopener\">Divulga\u00e7\u00e3o Serra dos Alves<\/a><\/figcaption><\/figure>\n\n\n\n<p>No caminho do C\u00e2nion Boca da Serra voc\u00ea encontra a Cachoeira dos Cristais, com seus 4 metros de queda d&#8217;\u00e1gua e um po\u00e7o de \u00e1guas refrescantes. Embora a trilha tenha uma subida \u00edngreme, o seu percurso \u00e9 de f\u00e1cil acesso, com cerca de 5km de extens\u00e3o. O lugar ideal para relaxar e esquecer da vida.<\/p>\n\n\n\n<h3 class=\"wp-block-heading\"><span class=\"ez-toc-section\" id=\"Mirante_da_Serra_dos_Alves\"><\/span>Mirante da Serra dos Alves<span class=\"ez-toc-section-end\"><\/span><\/h3>\n\n\n\n<figure class=\"wp-block-image aligncenter size-full\"><img loading=\"lazy\" decoding=\"async\" width=\"960\" height=\"720\" src=\"https:\/\/quantocustaviajar.com\/blog\/wp-content\/uploads\/2024\/05\/serra-dos-alves-11.jpg\" alt=\"Serra dos Alves\" class=\"wp-image-66257\" srcset=\"https:\/\/quantocustaviajar.com\/blog\/wp-content\/uploads\/2024\/05\/serra-dos-alves-11.jpg 960w, https:\/\/quantocustaviajar.com\/blog\/wp-content\/uploads\/2024\/05\/serra-dos-alves-11-300x225.jpg 300w, https:\/\/quantocustaviajar.com\/blog\/wp-content\/uploads\/2024\/05\/serra-dos-alves-11-768x576.jpg 768w\" sizes=\"auto, (max-width: 960px) 100vw, 960px\" \/><figcaption>Foto: <a href=\"https:\/\/commons.wikimedia.org\/wiki\/File:Serra_dos_Alves9.jpg\" target=\"_blank\" rel=\"noreferrer noopener\">Wikimedia Commons<\/a><\/figcaption><\/figure>\n\n\n\n<p>O mirante da cidade \u00e9 a atra\u00e7\u00e3o ideal para avistar as belezas naturais que Serra dos Alves proporciona. Al\u00e9m das montanhas e vales, o p\u00f4r-do-sol se transforma no espet\u00e1culo perfeito. Fica a cerca de 3,5&nbsp;km do centro: s\u00e3o 20 minutos de carro at\u00e9 a trilha, e 30 minutos de caminhada at\u00e9 o topo &#8211; vale cada segundo do passeio!<\/p>\n\n\n\n<h3 class=\"wp-block-heading\"><span class=\"ez-toc-section\" id=\"Morro_Redondo_Capela_do_Senhor_do_Bonfim\"><\/span>Morro Redondo \/ Capela do Senhor do Bonfim<span class=\"ez-toc-section-end\"><\/span><\/h3>\n\n\n\n<figure class=\"wp-block-image aligncenter size-large\"><img loading=\"lazy\" decoding=\"async\" width=\"1024\" height=\"768\" src=\"https:\/\/quantocustaviajar.com\/blog\/wp-content\/uploads\/2024\/05\/serra-dos-alves-01-1-1024x768.jpg\" alt=\"\" class=\"wp-image-66258\" srcset=\"https:\/\/quantocustaviajar.com\/blog\/wp-content\/uploads\/2024\/05\/serra-dos-alves-01-1-1024x768.jpg 1024w, https:\/\/quantocustaviajar.com\/blog\/wp-content\/uploads\/2024\/05\/serra-dos-alves-01-1-300x225.jpg 300w, https:\/\/quantocustaviajar.com\/blog\/wp-content\/uploads\/2024\/05\/serra-dos-alves-01-1-768x576.jpg 768w, https:\/\/quantocustaviajar.com\/blog\/wp-content\/uploads\/2024\/05\/serra-dos-alves-01-1.jpg 1280w\" sizes=\"auto, (max-width: 1024px) 100vw, 1024px\" \/><figcaption>Foto: <a href=\"https:\/\/commons.wikimedia.org\/wiki\/File:Expedi\u00e7\u00e3o_Serra_dos_Alves_-_Agosto_2013_-_panoramio.jpg\" target=\"_blank\" rel=\"noreferrer noopener\">Wikimedia Commons<\/a><\/figcaption><\/figure>\n\n\n\n<p>Com 1200 metros de altitude, o mirante do Morro Redondo oferece uma vista de&nbsp;360 graus de toda a regi\u00e3o. Al\u00e9m de avistar o p\u00f4r-do-sol, os visitantes que buscam esta atra\u00e7\u00e3o tamb\u00e9m aproveitam o local para contempla\u00e7\u00e3o do povoado da Serra dos Alves, o Pico do Amor em Itabira, os distritos de Senhora do Carmo e de Ipoema, a Serra da Piedade e o Cara\u00e7a, al\u00e9m de dar uma esticadinha at\u00e9 a Capela do Senhor do Bonfim, uma singela constru\u00e7\u00e3o emblem\u00e1tica que comp\u00f5e o cen\u00e1rio de maneira buc\u00f3lica. <\/p>\n\n\n\n<p>O local oferece estacionamento, mas \u00e9 necess\u00e1rio levar lanches e bebidas, pois n\u00e3o h\u00e1 infraestrutura para alimenta\u00e7\u00e3o.<\/p>\n\n\n\n<h3 class=\"wp-block-heading\"><span class=\"ez-toc-section\" id=\"Parque_Estadual_Mata_do_Limoeiro\"><\/span>Parque Estadual Mata do Limoeiro<span class=\"ez-toc-section-end\"><\/span><\/h3>\n\n\n\n<figure class=\"wp-block-image aligncenter size-large\"><img loading=\"lazy\" decoding=\"async\" width=\"1024\" height=\"1024\" src=\"https:\/\/quantocustaviajar.com\/blog\/wp-content\/uploads\/2024\/05\/serra-dos-alves-12-1024x1024.jpg\" alt=\"Serra dos Alves\" class=\"wp-image-66259\" srcset=\"https:\/\/quantocustaviajar.com\/blog\/wp-content\/uploads\/2024\/05\/serra-dos-alves-12-1024x1024.jpg 1024w, https:\/\/quantocustaviajar.com\/blog\/wp-content\/uploads\/2024\/05\/serra-dos-alves-12-300x300.jpg 300w, https:\/\/quantocustaviajar.com\/blog\/wp-content\/uploads\/2024\/05\/serra-dos-alves-12-150x150.jpg 150w, https:\/\/quantocustaviajar.com\/blog\/wp-content\/uploads\/2024\/05\/serra-dos-alves-12-768x768.jpg 768w, https:\/\/quantocustaviajar.com\/blog\/wp-content\/uploads\/2024\/05\/serra-dos-alves-12.jpg 1080w\" sizes=\"auto, (max-width: 1024px) 100vw, 1024px\" \/><figcaption>Foto: <a href=\"https:\/\/www.instagram.com\/p\/CO8KtWynzjY\/?igsh=MThoNjRkYjF1b2ZvZQ==\" target=\"_blank\" rel=\"noreferrer noopener\">Parque Estadual Mata do Limoeiro<\/a><\/figcaption><\/figure>\n\n\n\n<p>O Parque Estadual Mata do Limoeiro n\u00e3o fica precisamente em Serra dos Alves, e sim no distrito vizinho de Ipoema, a 14km. Aberto de ter\u00e7a-feira a domingo, das 8h \u00e0s 16h, e com entrada de R$ 15,00 por pessoa, o local reserva in\u00fameras atra\u00e7\u00f5es naturais, que v\u00e3o de cachoeiras a grutas e mirantes, acessados por trilhas bem sinalizadas.<\/p>\n\n\n\n<h3 class=\"wp-block-heading\"><span class=\"ez-toc-section\" id=\"Parque_Nacional_da_Serra_do_Cipo\"><\/span><strong>Parque Nacional da Serra do Cip\u00f3<\/strong><span class=\"ez-toc-section-end\"><\/span><\/h3>\n\n\n\n<figure class=\"wp-block-image aligncenter size-large\"><img loading=\"lazy\" decoding=\"async\" width=\"1024\" height=\"682\" src=\"https:\/\/quantocustaviajar.com\/blog\/wp-content\/uploads\/2024\/05\/serra-dos-alves-13-1024x682.jpg\" alt=\"Serra dos Alves\" class=\"wp-image-66260\" srcset=\"https:\/\/quantocustaviajar.com\/blog\/wp-content\/uploads\/2024\/05\/serra-dos-alves-13-1024x682.jpg 1024w, https:\/\/quantocustaviajar.com\/blog\/wp-content\/uploads\/2024\/05\/serra-dos-alves-13-300x200.jpg 300w, https:\/\/quantocustaviajar.com\/blog\/wp-content\/uploads\/2024\/05\/serra-dos-alves-13-768x512.jpg 768w, https:\/\/quantocustaviajar.com\/blog\/wp-content\/uploads\/2024\/05\/serra-dos-alves-13.jpg 1280w\" sizes=\"auto, (max-width: 1024px) 100vw, 1024px\" \/><figcaption>Foto: <a href=\"https:\/\/commons.wikimedia.org\/wiki\/File:Parque_Nacional_da_Serra_do_Cip\u00f3_(32902059926).jpg\" target=\"_blank\" rel=\"noreferrer noopener\">Wikimedia Commons<\/a><\/figcaption><\/figure>\n\n\n\n<p>O paisagista Burle Marx passou a chamar esta atra\u00e7\u00e3o de \u201cJardim do Brasil\u201d n\u00e3o foi a toa: o Parque Nacional da Serra do Cip\u00f3 garante uma paisagem ic\u00f4nica de arrancar suspiros de seus visitantes. Aberto todos os dias, das 8h \u00e0s 18h (e com entrada at\u00e9 as 16h), esta \u00e9 uma aventura para montanheiros que buscam uma experi\u00eancia \u00fanica: a travessia Alto do Pal\u00e1cio &#8211; Serra dos Alves leva 3 dias para ser completada, e todas as informa\u00e7\u00f5es sobre a atividade pode ser acessada no <strong><a href=\"https:\/\/serradosalves.org\/wp-content\/uploads\/2018\/06\/ALTO_PAL\u00c1CIO-SERRA_DOS_ALVES.pdf\" target=\"_blank\" rel=\"noreferrer noopener\">site oficial<\/a><\/strong>. A entrada \u00e9 gratuita.<\/p>\n\n\n\n<h2 class=\"wp-block-heading\"><span class=\"ez-toc-section\" id=\"Como_chegar_na_Serra_dos_Alves\"><\/span><strong>Como chegar na Serra dos Alves<\/strong><span class=\"ez-toc-section-end\"><\/span><\/h2>\n\n\n\n<p>Existem duas maneiras de chegar at\u00e9 a Serra dos Alves: de carro ou de \u00f4nibus.<\/p>\n\n\n\n<p><strong><a href=\"https:\/\/quantocustaviajar.com\/brasil\/belo-horizonte\/passagem-aerea\" target=\"_blank\" rel=\"noreferrer noopener\" aria-label=\"Encontre aqui passagem a\u00e9rea para Belo Horizonte (abre numa nova aba)\">Encontre aqui passagem a\u00e9rea para Belo Horizonte<\/a><\/strong><\/p>\n\n\n\n<h3 class=\"wp-block-heading\"><span class=\"ez-toc-section\" id=\"De_carro\"><\/span><strong>De carro<\/strong><span class=\"ez-toc-section-end\"><\/span><\/h3>\n\n\n\n<p>Para esse trajeto, voc\u00ea deve percorrer aproximadamente 70 km na rodovia BR-381 no sentido <strong><a href=\"https:\/\/quantocustaviajar.com\/brasil\/vitoria\" target=\"_blank\" rel=\"noreferrer noopener\" aria-label=\" (abre numa nova aba)\">Vit\u00f3ria (ES)<\/a><\/strong>. Depois, deve entrar no trevo de Bom Jesus do Amparo e seguir 15 km at\u00e9 Ipoema. L\u00e1, vai seguir por 16 km em estrada de terra at\u00e9 a Serra dos Alves.<\/p>\n\n\n\n<p>Se estiver chovendo, o acesso pode ser comprometido. Por isso, se puder, prefira o <strong>aluguel de um 4&#215;4, que voc\u00ea pode conseguir por <\/strong><a rel=\"noreferrer noopener\" aria-label=\" (abre numa nova aba)\" href=\"https:\/\/www.rentcars.com\/?requestorid=52\" target=\"_blank\"><strong>aqui<\/strong><\/a><strong>.<\/strong><\/p>\n\n\n\n<h3 class=\"wp-block-heading\"><span class=\"ez-toc-section\" id=\"De_onibus\"><\/span><strong>De \u00f4nibus<\/strong><span class=\"ez-toc-section-end\"><\/span><\/h3>\n\n\n\n<p>Existe um \u00f4nibus saindo de <a href=\"https:\/\/quantocustaviajar.com\/brasil\/belo-horizonte\" target=\"_blank\" rel=\"noreferrer noopener\" aria-label=\"Belo Horizonte (abre numa nova aba)\">Belo Horizonte<\/a> at\u00e9 Itabira (Via\u00e7\u00e3o Saritur) a cada 1h. De Itabira at\u00e9 Serra dos Alves (Via\u00e7\u00e3o Santos), o \u00f4nibus sai <strong>apenas na sexta-feira<\/strong>, ent\u00e3o \u00e9 importante se programar para chegar a tempo.<\/p>\n\n\n\n<blockquote class=\"wp-block-quote is-layout-flow wp-block-quote-is-layout-flow\"><p><a href=\"https:\/\/quantocustaviajar.com\/blog\/o-que-fazer-em-belo-horizonte-em-24-horas\/\" target=\"_blank\" rel=\"noreferrer noopener\" aria-label=\" (abre numa nova aba)\">Aproveite a viagem at\u00e9 Minas Gerais e conhe\u00e7a Belo Horizonte em 24 horas. <\/a><\/p><\/blockquote>\n\n\n\n<h2 class=\"wp-block-heading\"><span class=\"ez-toc-section\" id=\"Onde_se_hospedar\"><\/span><strong>Onde se hospedar<\/strong><span class=\"ez-toc-section-end\"><\/span><\/h2>\n\n\n\n<p>As acomoda\u00e7\u00f5es na Serra dos Alves s\u00e3o predominantemente em casas de fam\u00edlia que cederam uma parte (ou o todo) do seu espa\u00e7o para receber turistas na vila. Conhe\u00e7a algumas das op\u00e7\u00f5es:<\/p>\n\n\n\n<h3 class=\"wp-block-heading\"><span class=\"ez-toc-section\" id=\"Casinha_Trevo_de_Quatro_Folhas\"><\/span><a href=\"https:\/\/www.instagram.com\/casinhatrevode4folhas\/\" target=\"_blank\" rel=\"noreferrer noopener\">Casinha Trevo de Quatro Folhas<\/a><span class=\"ez-toc-section-end\"><\/span><\/h3>\n\n\n\n<figure class=\"wp-block-image aligncenter size-full\"><img loading=\"lazy\" decoding=\"async\" width=\"869\" height=\"869\" src=\"https:\/\/quantocustaviajar.com\/blog\/wp-content\/uploads\/2024\/05\/serra-dos-alves-06.jpg\" alt=\"\" class=\"wp-image-66252\" srcset=\"https:\/\/quantocustaviajar.com\/blog\/wp-content\/uploads\/2024\/05\/serra-dos-alves-06.jpg 869w, https:\/\/quantocustaviajar.com\/blog\/wp-content\/uploads\/2024\/05\/serra-dos-alves-06-300x300.jpg 300w, https:\/\/quantocustaviajar.com\/blog\/wp-content\/uploads\/2024\/05\/serra-dos-alves-06-150x150.jpg 150w, https:\/\/quantocustaviajar.com\/blog\/wp-content\/uploads\/2024\/05\/serra-dos-alves-06-768x768.jpg 768w\" sizes=\"auto, (max-width: 869px) 100vw, 869px\" \/><figcaption>Foto: <a href=\"https:\/\/www.instagram.com\/p\/CMIH7y5hEL5\/?igsh=MWo2N3hwd3Q4dnQwNA==\" target=\"_blank\" rel=\"noreferrer noopener\">Casinha Trevo de 4 Folhas<\/a><\/figcaption><\/figure>\n\n\n\n<p>Contato: Luiza e L\u00e9o \u2013 (31) 98798-5728<\/p>\n\n\n\n<h3 class=\"wp-block-heading\"><span class=\"ez-toc-section\" id=\"Casa_da_Serra_dos_Alves\"><\/span><a href=\"https:\/\/www.instagram.com\/serradosalves_casadaserra\/\" target=\"_blank\" rel=\"noreferrer noopener\">Casa da Serra dos Alves<\/a><span class=\"ez-toc-section-end\"><\/span><\/h3>\n\n\n\n<figure class=\"wp-block-image aligncenter size-large\"><img loading=\"lazy\" decoding=\"async\" width=\"1024\" height=\"1024\" src=\"https:\/\/quantocustaviajar.com\/blog\/wp-content\/uploads\/2024\/05\/serra-dos-alves-07-1024x1024.jpg\" alt=\"\" class=\"wp-image-66253\" srcset=\"https:\/\/quantocustaviajar.com\/blog\/wp-content\/uploads\/2024\/05\/serra-dos-alves-07-1024x1024.jpg 1024w, https:\/\/quantocustaviajar.com\/blog\/wp-content\/uploads\/2024\/05\/serra-dos-alves-07-300x300.jpg 300w, https:\/\/quantocustaviajar.com\/blog\/wp-content\/uploads\/2024\/05\/serra-dos-alves-07-150x150.jpg 150w, https:\/\/quantocustaviajar.com\/blog\/wp-content\/uploads\/2024\/05\/serra-dos-alves-07-768x768.jpg 768w, https:\/\/quantocustaviajar.com\/blog\/wp-content\/uploads\/2024\/05\/serra-dos-alves-07.jpg 1080w\" sizes=\"auto, (max-width: 1024px) 100vw, 1024px\" \/><figcaption>Foto: <a href=\"https:\/\/www.instagram.com\/p\/C4frBNQLmWE\/?igsh=azd3Y3RwbWV3dWdp\" target=\"_blank\" rel=\"noreferrer noopener\">Casa da Serra dos Alves<\/a><\/figcaption><\/figure>\n\n\n\n<p>Contato: Alessandro (31) 99278-8450<\/p>\n\n\n\n<h3 class=\"wp-block-heading\"><span class=\"ez-toc-section\" id=\"Casa_Do_Paulao\"><\/span><a href=\"https:\/\/www.instagram.com\/casadopaulao\/\" target=\"_blank\" rel=\"noreferrer noopener\">Casa Do Paul\u00e3o<\/a><span class=\"ez-toc-section-end\"><\/span><\/h3>\n\n\n\n<figure class=\"wp-block-image aligncenter size-large\"><img loading=\"lazy\" decoding=\"async\" width=\"1024\" height=\"673\" src=\"https:\/\/quantocustaviajar.com\/blog\/wp-content\/uploads\/2024\/05\/serra-dos-alves-08-1024x673.jpg\" alt=\"\" class=\"wp-image-66254\" srcset=\"https:\/\/quantocustaviajar.com\/blog\/wp-content\/uploads\/2024\/05\/serra-dos-alves-08-1024x673.jpg 1024w, https:\/\/quantocustaviajar.com\/blog\/wp-content\/uploads\/2024\/05\/serra-dos-alves-08-300x197.jpg 300w, https:\/\/quantocustaviajar.com\/blog\/wp-content\/uploads\/2024\/05\/serra-dos-alves-08-768x505.jpg 768w, https:\/\/quantocustaviajar.com\/blog\/wp-content\/uploads\/2024\/05\/serra-dos-alves-08.jpg 1080w\" sizes=\"auto, (max-width: 1024px) 100vw, 1024px\" \/><figcaption>Foto: <a href=\"https:\/\/www.instagram.com\/p\/C5yfd6uOHNF\/?igsh=NmQ2Z2tjdHc1bmdp\" target=\"_blank\" rel=\"noreferrer noopener\">Casa do Paul\u00e3o<\/a><\/figcaption><\/figure>\n\n\n\n<p>Contato: Paulo Roberto (31) 98761-1866<\/p>\n\n\n\n<h3 class=\"wp-block-heading\"><span class=\"ez-toc-section\" id=\"Premium_Executive_Hotel_Itabira\"><\/span><a href=\"https:\/\/www.booking.com\/hotel\/br\/premium-executive.pt-br.html?aid=2161834&amp;sid=a169dc37b2871fc90a7b903dba4aacfa&amp;all_sr_blocks=25975501_359587757_0_1_0;checkin=2024-07-06;checkout=2024-07-08;dest_id=6391844;dest_type=hotel;dist=0;group_adults=2;group_children=0;hapos=7;highlighted_blocks=25975501_359587757_0_1_0;hpos=7;matching_block_id=25975501_359587757_0_1_0;no_rooms=1;req_adults=2;req_children=0;room1=A%2CA;sb_price_type=total;sr_order=popularity;sr_pri_blocks=25975501_359587757_0_1_0__47800;srepoch=1716489084;srpvid=76b48228c64802b8;type=total;ucfs=1&amp;#hotelTmpl\" target=\"_blank\" rel=\"noreferrer noopener\">Premium Executive Hotel Itabira<\/a><span class=\"ez-toc-section-end\"><\/span><\/h3>\n\n\n\n<figure class=\"wp-block-image aligncenter size-full\"><img loading=\"lazy\" decoding=\"async\" width=\"903\" height=\"900\" src=\"https:\/\/quantocustaviajar.com\/blog\/wp-content\/uploads\/2024\/05\/serra-dos-alves-14.jpg\" alt=\"\" class=\"wp-image-66261\" srcset=\"https:\/\/quantocustaviajar.com\/blog\/wp-content\/uploads\/2024\/05\/serra-dos-alves-14.jpg 903w, https:\/\/quantocustaviajar.com\/blog\/wp-content\/uploads\/2024\/05\/serra-dos-alves-14-300x300.jpg 300w, https:\/\/quantocustaviajar.com\/blog\/wp-content\/uploads\/2024\/05\/serra-dos-alves-14-150x150.jpg 150w, https:\/\/quantocustaviajar.com\/blog\/wp-content\/uploads\/2024\/05\/serra-dos-alves-14-768x765.jpg 768w\" sizes=\"auto, (max-width: 903px) 100vw, 903px\" \/><figcaption>Foto: <a href=\"https:\/\/www.booking.com\/hotel\/br\/premium-executive.pt-br.html?aid=2161834&amp;sid=a169dc37b2871fc90a7b903dba4aacfa&amp;all_sr_blocks=25975501_359587757_0_1_0&amp;checkin=2024-07-06&amp;checkout=2024-07-08&amp;dest_id=6391844&amp;dest_type=hotel&amp;dist=0&amp;group_adults=2&amp;group_children=0&amp;hapos=7&amp;highlighted_blocks=25975501_359587757_0_1_0&amp;hpos=7&amp;matching_block_id=25975501_359587757_0_1_0&amp;no_rooms=1&amp;req_adults=2&amp;req_children=0&amp;room1=A%2CA&amp;sb_price_type=total&amp;sr_order=popularity&amp;sr_pri_blocks=25975501_359587757_0_1_0__47800&amp;srepoch=1716489084&amp;srpvid=76b48228c64802b8&amp;type=total&amp;ucfs=1&amp;activeTab=photosGallery\" target=\"_blank\" rel=\"noreferrer noopener\">Booking<\/a><\/figcaption><\/figure>\n\n\n\n<p>Com caf\u00e9 da manh\u00e3 inclu\u00eddo na di\u00e1ria, este hotel oferece dormit\u00f3rios Premium Executive contam com ar-condicionado, TV a cabo e frigobar e banheiro privativo. O Wi-Fi e o estacionamento tamb\u00e9m s\u00e3o gratuitos.<\/p>\n\n\n\n<h3 class=\"wp-block-heading\"><span class=\"ez-toc-section\" id=\"IT_Itabira_Hotel\"><\/span><a href=\"https:\/\/www.booking.com\/hotel\/br\/bristol-itabira.pt-br.html?aid=2161834&amp;sid=a169dc37b2871fc90a7b903dba4aacfa&amp;all_sr_blocks=145787508_365342656_2_41_0;checkin=2024-07-06;checkout=2024-07-08;dest_id=6391844;dest_type=hotel;dist=0;group_adults=2;group_children=0;hapos=6;highlighted_blocks=145787508_365342656_2_41_0;hpos=6;matching_block_id=145787508_365342656_2_41_0;no_rooms=1;req_adults=2;req_children=0;room1=A%2CA;sb_price_type=total;sr_order=popularity;sr_pri_blocks=145787508_365342656_2_41_0__67568;srepoch=1716489080;srpvid=76b48228c64802b8;type=total;ucfs=1&amp;#hotelTmpl\" target=\"_blank\" rel=\"noreferrer noopener\">IT Itabira Hotel<\/a><span class=\"ez-toc-section-end\"><\/span><\/h3>\n\n\n\n<figure class=\"wp-block-image aligncenter size-large\"><img loading=\"lazy\" decoding=\"async\" width=\"1024\" height=\"682\" src=\"https:\/\/quantocustaviajar.com\/blog\/wp-content\/uploads\/2024\/05\/serra-dos-alves-15-1024x682.jpeg\" alt=\"\" class=\"wp-image-66262\" srcset=\"https:\/\/quantocustaviajar.com\/blog\/wp-content\/uploads\/2024\/05\/serra-dos-alves-15-1024x682.jpeg 1024w, https:\/\/quantocustaviajar.com\/blog\/wp-content\/uploads\/2024\/05\/serra-dos-alves-15-300x200.jpeg 300w, https:\/\/quantocustaviajar.com\/blog\/wp-content\/uploads\/2024\/05\/serra-dos-alves-15-768x512.jpeg 768w, https:\/\/quantocustaviajar.com\/blog\/wp-content\/uploads\/2024\/05\/serra-dos-alves-15.jpeg 1280w\" sizes=\"auto, (max-width: 1024px) 100vw, 1024px\" \/><figcaption>Foto: <a href=\"https:\/\/www.booking.com\/hotel\/br\/bristol-itabira.pt-br.html?aid=2161834&amp;sid=a169dc37b2871fc90a7b903dba4aacfa&amp;all_sr_blocks=145787508_365342656_2_41_0&amp;checkin=2024-07-06&amp;checkout=2024-07-08&amp;dest_id=6391844&amp;dest_type=hotel&amp;dist=0&amp;group_adults=2&amp;group_children=0&amp;hapos=6&amp;highlighted_blocks=145787508_365342656_2_41_0&amp;hpos=6&amp;matching_block_id=145787508_365342656_2_41_0&amp;no_rooms=1&amp;req_adults=2&amp;req_children=0&amp;room1=A%2CA&amp;sb_price_type=total&amp;sr_order=popularity&amp;sr_pri_blocks=145787508_365342656_2_41_0__67568&amp;srepoch=1716489080&amp;srpvid=76b48228c64802b8&amp;type=total&amp;ucfs=1&amp;activeTab=photosGallery\" target=\"_blank\" rel=\"noreferrer noopener\">Booking<\/a><\/figcaption><\/figure>\n\n\n\n<p>o IT Itabira tem como diferencial piscina ao ar livre, restaurante, sauna, academia e caf\u00e9 da manh\u00e3 fabuloso. Nos dormit\u00f3rios, ar-condicionado, mesa de trabalho, cofre, TV de tela plana e banheiro privativo com chuveiro fazem parte da estrutura.<\/p>\n\n\n\n<h3 class=\"wp-block-heading\"><span class=\"ez-toc-section\" id=\"Estancias_da_Serra_dos_Alves\"><\/span><a href=\"https:\/\/www.booking.com\/hotel\/br\/estancias-da-serra-dos-alves.pt-br.html?aid=2161834&amp;sid=a169dc37b2871fc90a7b903dba4aacfa&amp;all_sr_blocks=639184401_254626999_9_0_0;checkin=2024-07-06;checkout=2024-07-08;dest_id=6391844;dest_type=hotel;dist=0;group_adults=2;group_children=0;hapos=1;highlighted_blocks=639184401_254626999_9_0_0;hpos=1;matching_block_id=639184401_254626999_9_0_0;no_rooms=1;req_adults=2;req_children=0;room1=A%2CA;sb_price_type=total;sr_order=popularity;sr_pri_blocks=639184401_254626999_9_0_0__178000;srepoch=1716489070;srpvid=76b48228c64802b8;type=total;ucfs=1&amp;#hotelTmpl\" target=\"_blank\" rel=\"noreferrer noopener\">Est\u00e2ncias da Serra dos Alves<\/a><span class=\"ez-toc-section-end\"><\/span><\/h3>\n\n\n\n<figure class=\"wp-block-image aligncenter size-large\"><img loading=\"lazy\" decoding=\"async\" width=\"1024\" height=\"677\" src=\"https:\/\/quantocustaviajar.com\/blog\/wp-content\/uploads\/2024\/05\/serra-dos-alves-16-1024x677.jpeg\" alt=\"\" class=\"wp-image-66263\" srcset=\"https:\/\/quantocustaviajar.com\/blog\/wp-content\/uploads\/2024\/05\/serra-dos-alves-16-1024x677.jpeg 1024w, https:\/\/quantocustaviajar.com\/blog\/wp-content\/uploads\/2024\/05\/serra-dos-alves-16-300x198.jpeg 300w, https:\/\/quantocustaviajar.com\/blog\/wp-content\/uploads\/2024\/05\/serra-dos-alves-16-768x508.jpeg 768w, https:\/\/quantocustaviajar.com\/blog\/wp-content\/uploads\/2024\/05\/serra-dos-alves-16.jpeg 1280w\" sizes=\"auto, (max-width: 1024px) 100vw, 1024px\" \/><figcaption>Foto: <a href=\"https:\/\/www.booking.com\/hotel\/br\/estancias-da-serra-dos-alves.pt-br.html?aid=2161834&amp;sid=a169dc37b2871fc90a7b903dba4aacfa&amp;all_sr_blocks=639184401_254626999_9_0_0&amp;checkin=2024-07-06&amp;checkout=2024-07-08&amp;dest_id=6391844&amp;dest_type=hotel&amp;dist=0&amp;group_adults=2&amp;group_children=0&amp;hapos=1&amp;highlighted_blocks=639184401_254626999_9_0_0&amp;hpos=1&amp;matching_block_id=639184401_254626999_9_0_0&amp;no_rooms=1&amp;req_adults=2&amp;req_children=0&amp;room1=A%2CA&amp;sb_price_type=total&amp;sr_order=popularity&amp;sr_pri_blocks=639184401_254626999_9_0_0__178000&amp;srepoch=1716489070&amp;srpvid=76b48228c64802b8&amp;type=total&amp;ucfs=1&amp;activeTab=photosGallery\" target=\"_blank\" rel=\"noreferrer noopener\">Booking<\/a><\/figcaption><\/figure>\n\n\n\n<p>Esta \u00e9 uma casa de temporada que oferece toda a infraestrutura para comportar at\u00e9 9 pessoas. E para o maior conforto, a propriedade disp\u00f5e de churrasqueira, hidromassagem, sauna e vista para o rio e para as montanhas. H\u00e1 ainda 4 quartos, cozinha equipada, varanda com mesa para refei\u00e7\u00f5es ao ar livre e \u00e1rea para piquenique. <\/p>\n\n\n\n<h3 class=\"wp-block-heading\"><span class=\"ez-toc-section\" id=\"Estancias_da_Serra_dos_Alves_2\"><\/span><a href=\"https:\/\/www.booking.com\/hotel\/br\/estancias-da-serra-dos-alves-2.pt-br.html?aid=2161834&amp;sid=a169dc37b2871fc90a7b903dba4aacfa&amp;all_sr_blocks=912432501_362582209_10_0_0;checkin=2024-07-06;checkout=2024-07-08;dest_id=6391844;dest_type=hotel;dist=0;group_adults=2;group_children=0;hapos=3;highlighted_blocks=912432501_362582209_10_0_0;hpos=3;matching_block_id=912432501_362582209_10_0_0;no_rooms=1;req_adults=2;req_children=0;room1=A%2CA;sb_price_type=total;sr_order=popularity;sr_pri_blocks=912432501_362582209_10_0_0__178000;srepoch=1716489073;srpvid=76b48228c64802b8;type=total;ucfs=1&amp;#hotelTmpl\" target=\"_blank\" rel=\"noreferrer noopener\">Est\u00e2ncias da Serra dos Alves 2<\/a><span class=\"ez-toc-section-end\"><\/span><\/h3>\n\n\n\n<figure class=\"wp-block-image aligncenter size-large\"><img loading=\"lazy\" decoding=\"async\" width=\"1024\" height=\"682\" src=\"https:\/\/quantocustaviajar.com\/blog\/wp-content\/uploads\/2024\/05\/serra-dos-alves-17-1024x682.jpeg\" alt=\"\" class=\"wp-image-66264\" srcset=\"https:\/\/quantocustaviajar.com\/blog\/wp-content\/uploads\/2024\/05\/serra-dos-alves-17-1024x682.jpeg 1024w, https:\/\/quantocustaviajar.com\/blog\/wp-content\/uploads\/2024\/05\/serra-dos-alves-17-300x200.jpeg 300w, https:\/\/quantocustaviajar.com\/blog\/wp-content\/uploads\/2024\/05\/serra-dos-alves-17-768x512.jpeg 768w, https:\/\/quantocustaviajar.com\/blog\/wp-content\/uploads\/2024\/05\/serra-dos-alves-17.jpeg 1280w\" sizes=\"auto, (max-width: 1024px) 100vw, 1024px\" \/><figcaption>Foto: <a href=\"https:\/\/www.booking.com\/hotel\/br\/estancias-da-serra-dos-alves-2.pt-br.html?aid=2161834&amp;sid=a169dc37b2871fc90a7b903dba4aacfa&amp;all_sr_blocks=912432501_362582209_10_0_0&amp;checkin=2024-07-06&amp;checkout=2024-07-08&amp;dest_id=6391844&amp;dest_type=hotel&amp;dist=0&amp;group_adults=2&amp;group_children=0&amp;hapos=3&amp;highlighted_blocks=912432501_362582209_10_0_0&amp;hpos=3&amp;matching_block_id=912432501_362582209_10_0_0&amp;no_rooms=1&amp;req_adults=2&amp;req_children=0&amp;room1=A%2CA&amp;sb_price_type=total&amp;sr_order=popularity&amp;sr_pri_blocks=912432501_362582209_10_0_0__178000&amp;srepoch=1716489073&amp;srpvid=76b48228c64802b8&amp;type=total&amp;ucfs=1&amp;activeTab=photosGallery\" target=\"_blank\" rel=\"noreferrer noopener\">Booking<\/a><\/figcaption><\/figure>\n\n\n\n<p>Esta casa de 3 quartos comporta at\u00e9 10 pessoas confortavelmente, e disp\u00f5e de hidromassagem, churrasqueira, TV de tela plana e cozinha equipada. H\u00e1 ainda Wi-Fi gratuito, uma vista preciosa das montanhas e uma espa\u00e7osa \u00e1rea para refei\u00e7\u00f5es.<\/p>\n\n\n\n<h2 class=\"wp-block-heading\"><span class=\"ez-toc-section\" id=\"Onde_comer\"><\/span><strong>Onde comer&nbsp;<\/strong><span class=\"ez-toc-section-end\"><\/span><\/h2>\n\n\n\n<p>Na Serra dos Alves, existem lugares super especiais para fazer uma refei\u00e7\u00e3o completa ou lanches. Apesar de pequenos, s\u00e3o bastante caseiros e aconchegantes. Vai parecer que voc\u00ea est\u00e1 na casa dos av\u00f3s. Separamos alguns para voc\u00ea:<\/p>\n\n\n\n<h3 class=\"wp-block-heading\"><span class=\"ez-toc-section\" id=\"Buteco_da_Vila\"><\/span><strong>Buteco da Vila<\/strong><span class=\"ez-toc-section-end\"><\/span><\/h3>\n\n\n\n<p><strong>Cerveja artesanal, frango caipira, batata frita caseira<\/strong><\/p>\n\n\n\n<p>Funcionamento: fins de semana e feriados<br>Hor\u00e1rio: 11h \u00e0s 18h (podendo haver altera\u00e7\u00f5es)<br>Contato: Alessandro (31) 99662-8372<\/p>\n\n\n\n<h3 class=\"wp-block-heading\"><span class=\"ez-toc-section\" id=\"Casa_de_Cultura\"><\/span><strong>Casa de Cultura<\/strong><span class=\"ez-toc-section-end\"><\/span><\/h3>\n\n\n\n<p><strong>Chopp artesanal, pizza, pastel de angu, batata recheada, lanches.<\/strong><\/p>\n\n\n\n<p>Funcionamento: fins de semana e feriados (para outros hor\u00e1rios, \u00e9 necess\u00e1rio agendamento)<br>Hor\u00e1rio: 8h \u00e0s 22h<br>Contato: Helena (31) 98761-8008<br>Daniel Whatsapp (35) 98820-8056<\/p>\n\n\n\n<h3 class=\"wp-block-heading\"><span class=\"ez-toc-section\" id=\"Mercearia_Serra_dos_Alves\"><\/span><strong>Mercearia Serra dos Alves<\/strong><span class=\"ez-toc-section-end\"><\/span><\/h3>\n\n\n\n<p><strong>Bar e mercearia, para um petisco ou lanche da tarde.<\/strong><\/p>\n\n\n\n<p>Funcionamento: todos os dias<br>Hor\u00e1rio: 8:30h \u00e0s 19:30h<br>Contato: Ariane (31) 97146-5761<\/p>\n\n\n\n<h2 class=\"wp-block-heading\"><span class=\"ez-toc-section\" id=\"O_que_levar_na_mala_para_Serra_dos_Alves\"><\/span>O que levar na mala para Serra dos Alves?<span class=\"ez-toc-section-end\"><\/span><\/h2>\n\n\n\n<p>Na Serra dos Alves o foco principal \u00e9 o ecoturismo, e o sin\u00f4nimo disso \u00e9 uma bagagem simples, leve e com todos os acess\u00f3rios necess\u00e1rios para a sua devida prote\u00e7\u00e3o. E isso inclui:<\/p>\n\n\n\n<ul class=\"wp-block-list\"><li>Roupas leves para caminhadas;<\/li><li>Assim como um bom t\u00eanis confort\u00e1vel;<\/li><li>Para a pr\u00e1tica de esportes radicais e\/ou aqu\u00e1ticos, certamente n\u00e3o pode faltar em sua bagagem os equipamentos adequados para cada modalidade;<\/li><li>Repelente e protetor solar s\u00e3o indispens\u00e1veis;<\/li><li>E um bom chap\u00e9u ou bon\u00e9.<\/li><\/ul>\n\n\n\n<p><\/p>\n","protected":false},"excerpt":{"rendered":"<p>Localizada no munic\u00edpio de Itabira, a Serra dos Alves \u00e9 uma forma\u00e7\u00e3o geol\u00f3gica privilegiada, no interior de Minas Gerais. E quando falamos em privil\u00e9gio, estamos apontando diversas \u00e1reas: a hist\u00f3ria, a cultura e as belezas naturais da regi\u00e3o. S\u00e3o pouco mais de cem moradores nesse vilarejo rom\u00e2ntico e sossegado, t\u00edpico dos interiores do Brasil. A [&hellip;]<\/p>\n","protected":false},"author":19,"featured_media":50849,"comment_status":"open","ping_status":"open","sticky":false,"template":"page-templates\/featured-img-above.php","format":"standard","meta":{"cybocfi_hide_featured_image":"","footnotes":""},"categories":[1437,1434],"tags":[266,421,467,1520,321,4728],"class_list":["post-50846","post","type-post","status-publish","format-standard","has-post-thumbnail","hentry","category-ao-ar-livre","category-descubra-brasil","tag-brasil","tag-cachoeira","tag-ecoturismo","tag-minasgerais","tag-passeios","tag-serra-dos-alves"],"blocksy_meta":[],"yoast_head":"<!-- This site is optimized with the Yoast SEO plugin v26.3 - https:\/\/yoast.com\/wordpress\/plugins\/seo\/ -->\n<title>Serra dos Alves: um ref\u00fagio em MG para quem precisa desacelerar<\/title>\n<meta name=\"description\" content=\"Conhe\u00e7a a Serra dos Alves e desfrute de um vilarejo cheio de hist\u00f3ria e costumes para descansar e aproveitar o melhor da natureza.\" \/>\n<meta name=\"robots\" content=\"index, follow, max-snippet:-1, max-image-preview:large, max-video-preview:-1\" \/>\n<link rel=\"canonical\" href=\"https:\/\/quantocustaviajar.com\/blog\/serra-dos-alves\/\" \/>\n<meta property=\"og:locale\" content=\"pt_BR\" \/>\n<meta property=\"og:type\" content=\"article\" \/>\n<meta property=\"og:title\" content=\"Serra dos Alves: um ref\u00fagio em MG para quem precisa desacelerar\" \/>\n<meta property=\"og:description\" content=\"Conhe\u00e7a a Serra dos Alves e desfrute de um vilarejo cheio de hist\u00f3ria e costumes para descansar e aproveitar o melhor da natureza.\" \/>\n<meta property=\"og:url\" content=\"https:\/\/quantocustaviajar.com\/blog\/serra-dos-alves\/\" \/>\n<meta property=\"og:site_name\" content=\"Blog Quanto Custa Viajar\" \/>\n<meta property=\"article:publisher\" content=\"https:\/\/www.facebook.com\/quantocustaviajar\" \/>\n<meta property=\"article:published_time\" content=\"2025-01-09T14:13:00+00:00\" \/>\n<meta property=\"article:modified_time\" content=\"2025-06-10T19:07:29+00:00\" \/>\n<meta property=\"og:image\" content=\"https:\/\/quantocustaviajar.com\/blog\/wp-content\/uploads\/2021\/10\/serra-dos-alves.jpg\" \/>\n\t<meta property=\"og:image:width\" content=\"2048\" \/>\n\t<meta property=\"og:image:height\" content=\"1536\" \/>\n\t<meta property=\"og:image:type\" content=\"image\/jpeg\" \/>\n<meta name=\"author\" content=\"Sheila Almendros\" \/>\n<meta name=\"twitter:card\" content=\"summary_large_image\" \/>\n<meta name=\"twitter:label1\" content=\"Escrito por\" \/>\n\t<meta name=\"twitter:data1\" content=\"Sheila Almendros\" \/>\n\t<meta name=\"twitter:label2\" content=\"Est. tempo de leitura\" \/>\n\t<meta name=\"twitter:data2\" content=\"14 minutos\" \/>\n<!-- \/ Yoast SEO plugin. -->","yoast_head_json":{"title":"Serra dos Alves: um ref\u00fagio em MG para quem precisa desacelerar","description":"Conhe\u00e7a a Serra dos Alves e desfrute de um vilarejo cheio de hist\u00f3ria e costumes para descansar e aproveitar o melhor da natureza.","robots":{"index":"index","follow":"follow","max-snippet":"max-snippet:-1","max-image-preview":"max-image-preview:large","max-video-preview":"max-video-preview:-1"},"canonical":"https:\/\/quantocustaviajar.com\/blog\/serra-dos-alves\/","og_locale":"pt_BR","og_type":"article","og_title":"Serra dos Alves: um ref\u00fagio em MG para quem precisa desacelerar","og_description":"Conhe\u00e7a a Serra dos Alves e desfrute de um vilarejo cheio de hist\u00f3ria e costumes para descansar e aproveitar o melhor da natureza.","og_url":"https:\/\/quantocustaviajar.com\/blog\/serra-dos-alves\/","og_site_name":"Blog Quanto Custa Viajar","article_publisher":"https:\/\/www.facebook.com\/quantocustaviajar","article_published_time":"2025-01-09T14:13:00+00:00","article_modified_time":"2025-06-10T19:07:29+00:00","og_image":[{"width":2048,"height":1536,"url":"https:\/\/quantocustaviajar.com\/blog\/wp-content\/uploads\/2021\/10\/serra-dos-alves.jpg","type":"image\/jpeg"}],"author":"Sheila Almendros","twitter_card":"summary_large_image","twitter_misc":{"Escrito por":"Sheila Almendros","Est. tempo de leitura":"14 minutos"},"schema":{"@context":"https:\/\/schema.org","@graph":[{"@type":["Article","BlogPosting"],"@id":"https:\/\/quantocustaviajar.com\/blog\/serra-dos-alves\/#article","isPartOf":{"@id":"https:\/\/quantocustaviajar.com\/blog\/serra-dos-alves\/"},"author":{"name":"Sheila Almendros","@id":"https:\/\/quantocustaviajar.com\/blog\/#\/schema\/person\/66bc96b9076769d61f47e383ac516439"},"headline":"Conhe\u00e7a a Serra dos Alves: um vilarejo cheio de hist\u00f3ria e costumes para quem busca por sossego","datePublished":"2025-01-09T14:13:00+00:00","dateModified":"2025-06-10T19:07:29+00:00","mainEntityOfPage":{"@id":"https:\/\/quantocustaviajar.com\/blog\/serra-dos-alves\/"},"wordCount":1972,"commentCount":0,"publisher":{"@id":"https:\/\/quantocustaviajar.com\/blog\/#organization"},"image":{"@id":"https:\/\/quantocustaviajar.com\/blog\/serra-dos-alves\/#primaryimage"},"thumbnailUrl":"https:\/\/quantocustaviajar.com\/blog\/wp-content\/uploads\/2021\/10\/serra-dos-alves.jpg","keywords":["Brasil","cachoeira","ecoturismo","minasgerais","passeios","serra dos alves"],"articleSection":["Ao Ar Livre","Descubra o Brasil"],"inLanguage":"pt-BR","potentialAction":[{"@type":"CommentAction","name":"Comment","target":["https:\/\/quantocustaviajar.com\/blog\/serra-dos-alves\/#respond"]}]},{"@type":"WebPage","@id":"https:\/\/quantocustaviajar.com\/blog\/serra-dos-alves\/","url":"https:\/\/quantocustaviajar.com\/blog\/serra-dos-alves\/","name":"Serra dos Alves: um ref\u00fagio em MG para quem precisa desacelerar","isPartOf":{"@id":"https:\/\/quantocustaviajar.com\/blog\/#website"},"primaryImageOfPage":{"@id":"https:\/\/quantocustaviajar.com\/blog\/serra-dos-alves\/#primaryimage"},"image":{"@id":"https:\/\/quantocustaviajar.com\/blog\/serra-dos-alves\/#primaryimage"},"thumbnailUrl":"https:\/\/quantocustaviajar.com\/blog\/wp-content\/uploads\/2021\/10\/serra-dos-alves.jpg","datePublished":"2025-01-09T14:13:00+00:00","dateModified":"2025-06-10T19:07:29+00:00","description":"Conhe\u00e7a a Serra dos Alves e desfrute de um vilarejo cheio de hist\u00f3ria e costumes para descansar e aproveitar o melhor da natureza.","breadcrumb":{"@id":"https:\/\/quantocustaviajar.com\/blog\/serra-dos-alves\/#breadcrumb"},"inLanguage":"pt-BR","potentialAction":[{"@type":"ReadAction","target":["https:\/\/quantocustaviajar.com\/blog\/serra-dos-alves\/"]}]},{"@type":"ImageObject","inLanguage":"pt-BR","@id":"https:\/\/quantocustaviajar.com\/blog\/serra-dos-alves\/#primaryimage","url":"https:\/\/quantocustaviajar.com\/blog\/wp-content\/uploads\/2021\/10\/serra-dos-alves.jpg","contentUrl":"https:\/\/quantocustaviajar.com\/blog\/wp-content\/uploads\/2021\/10\/serra-dos-alves.jpg","width":2048,"height":1536,"caption":"Foto: Wikimidia"},{"@type":"BreadcrumbList","@id":"https:\/\/quantocustaviajar.com\/blog\/serra-dos-alves\/#breadcrumb","itemListElement":[{"@type":"ListItem","position":1,"name":"In\u00edcio","item":"https:\/\/quantocustaviajar.com\/blog\/"},{"@type":"ListItem","position":2,"name":"Conhe\u00e7a a Serra dos Alves: um vilarejo cheio de hist\u00f3ria e costumes para quem busca por sossego"}]},{"@type":"WebSite","@id":"https:\/\/quantocustaviajar.com\/blog\/#website","url":"https:\/\/quantocustaviajar.com\/blog\/","name":"Blog Quanto Custa Viajar","description":"","publisher":{"@id":"https:\/\/quantocustaviajar.com\/blog\/#organization"},"potentialAction":[{"@type":"SearchAction","target":{"@type":"EntryPoint","urlTemplate":"https:\/\/quantocustaviajar.com\/blog\/?s={search_term_string}"},"query-input":{"@type":"PropertyValueSpecification","valueRequired":true,"valueName":"search_term_string"}}],"inLanguage":"pt-BR"},{"@type":"Organization","@id":"https:\/\/quantocustaviajar.com\/blog\/#organization","name":"Quanto Custa Viajar","url":"https:\/\/quantocustaviajar.com\/blog\/","logo":{"@type":"ImageObject","inLanguage":"pt-BR","@id":"https:\/\/quantocustaviajar.com\/blog\/#\/schema\/logo\/image\/","url":"","contentUrl":"","caption":"Quanto Custa Viajar"},"image":{"@id":"https:\/\/quantocustaviajar.com\/blog\/#\/schema\/logo\/image\/"},"sameAs":["https:\/\/www.facebook.com\/quantocustaviajar"]},{"@type":"Person","@id":"https:\/\/quantocustaviajar.com\/blog\/#\/schema\/person\/66bc96b9076769d61f47e383ac516439","name":"Sheila Almendros","image":{"@type":"ImageObject","inLanguage":"pt-BR","@id":"https:\/\/quantocustaviajar.com\/blog\/#\/schema\/person\/image\/","url":"https:\/\/secure.gravatar.com\/avatar\/f38e2f0e4f0d273587e0882ec5d6afa5cd3463efd68233d49b41368144e219b5?s=96&d=mm&r=g","contentUrl":"https:\/\/secure.gravatar.com\/avatar\/f38e2f0e4f0d273587e0882ec5d6afa5cd3463efd68233d49b41368144e219b5?s=96&d=mm&r=g","caption":"Sheila Almendros"},"description":"Jornalista, produtora de conte\u00fado web e apaixonada pelo mundo.","url":"https:\/\/quantocustaviajar.com\/blog\/author\/sheila-almendros\/"}]}},"_links":{"self":[{"href":"https:\/\/quantocustaviajar.com\/blog\/wp-json\/wp\/v2\/posts\/50846","targetHints":{"allow":["GET"]}}],"collection":[{"href":"https:\/\/quantocustaviajar.com\/blog\/wp-json\/wp\/v2\/posts"}],"about":[{"href":"https:\/\/quantocustaviajar.com\/blog\/wp-json\/wp\/v2\/types\/post"}],"author":[{"embeddable":true,"href":"https:\/\/quantocustaviajar.com\/blog\/wp-json\/wp\/v2\/users\/19"}],"replies":[{"embeddable":true,"href":"https:\/\/quantocustaviajar.com\/blog\/wp-json\/wp\/v2\/comments?post=50846"}],"version-history":[{"count":7,"href":"https:\/\/quantocustaviajar.com\/blog\/wp-json\/wp\/v2\/posts\/50846\/revisions"}],"predecessor-version":[{"id":73166,"href":"https:\/\/quantocustaviajar.com\/blog\/wp-json\/wp\/v2\/posts\/50846\/revisions\/73166"}],"wp:featuredmedia":[{"embeddable":true,"href":"https:\/\/quantocustaviajar.com\/blog\/wp-json\/wp\/v2\/media\/50849"}],"wp:attachment":[{"href":"https:\/\/quantocustaviajar.com\/blog\/wp-json\/wp\/v2\/media?parent=50846"}],"wp:term":[{"taxonomy":"category","embeddable":true,"href":"https:\/\/quantocustaviajar.com\/blog\/wp-json\/wp\/v2\/categories?post=50846"},{"taxonomy":"post_tag","embeddable":true,"href":"https:\/\/quantocustaviajar.com\/blog\/wp-json\/wp\/v2\/tags?post=50846"}],"curies":[{"name":"wp","href":"https:\/\/api.w.org\/{rel}","templated":true}]}}