{"id":50746,"date":"2021-10-13T12:44:41","date_gmt":"2021-10-13T12:44:41","guid":{"rendered":"https:\/\/quantocustaviajar.com\/blog\/?p=50746"},"modified":"2021-10-13T12:44:44","modified_gmt":"2021-10-13T12:44:44","slug":"gruta-bacaetava-em-colombo","status":"publish","type":"post","link":"https:\/\/quantocustaviajar.com\/blog\/gruta-bacaetava-em-colombo\/","title":{"rendered":"Gruta Bacaetava em Colombo: natureza e aventura a 30 min de Curitiba"},"content":{"rendered":"\n<p>A <strong>Gruta Bacaetava<\/strong>, localizada a 30 minutos de Curitiba, \u00e9 uma \u00f3tima op\u00e7\u00e3o para quem busca se conectar com a natureza. Com <strong>entrada gratuita e visita\u00e7\u00e3o guiada<\/strong>, \u00e9 poss\u00edvel conhecer esse espa\u00e7o m\u00edstico, que une hist\u00f3ria e natureza.<\/p><div id=\"ez-toc-container\" class=\"ez-toc-v2_0_76 ez-toc-wrap-left counter-hierarchy ez-toc-counter ez-toc-light-blue ez-toc-container-direction\">\n<div class=\"ez-toc-title-container\">\n<p class=\"ez-toc-title\" style=\"cursor:inherit\">Aqui voc\u00ea ir\u00e1 encontrar<\/p>\n<span class=\"ez-toc-title-toggle\"><a href=\"#\" class=\"ez-toc-pull-right ez-toc-btn ez-toc-btn-xs ez-toc-btn-default ez-toc-toggle\" aria-label=\"Alternar tabela de conte\u00fado\"><span class=\"ez-toc-js-icon-con\"><span class=\"\"><span class=\"eztoc-hide\" style=\"display:none;\">Toggle<\/span><span class=\"ez-toc-icon-toggle-span\"><svg style=\"fill: #999;color:#999\" xmlns=\"http:\/\/www.w3.org\/2000\/svg\" class=\"list-377408\" width=\"20px\" height=\"20px\" viewBox=\"0 0 24 24\" fill=\"none\"><path d=\"M6 6H4v2h2V6zm14 0H8v2h12V6zM4 11h2v2H4v-2zm16 0H8v2h12v-2zM4 16h2v2H4v-2zm16 0H8v2h12v-2z\" fill=\"currentColor\"><\/path><\/svg><svg style=\"fill: #999;color:#999\" class=\"arrow-unsorted-368013\" xmlns=\"http:\/\/www.w3.org\/2000\/svg\" width=\"10px\" height=\"10px\" viewBox=\"0 0 24 24\" version=\"1.2\" baseProfile=\"tiny\"><path d=\"M18.2 9.3l-6.2-6.3-6.2 6.3c-.2.2-.3.4-.3.7s.1.5.3.7c.2.2.4.3.7.3h11c.3 0 .5-.1.7-.3.2-.2.3-.5.3-.7s-.1-.5-.3-.7zM5.8 14.7l6.2 6.3 6.2-6.3c.2-.2.3-.5.3-.7s-.1-.5-.3-.7c-.2-.2-.4-.3-.7-.3h-11c-.3 0-.5.1-.7.3-.2.2-.3.5-.3.7s.1.5.3.7z\"\/><\/svg><\/span><\/span><\/span><\/a><\/span><\/div>\n<nav><ul class='ez-toc-list ez-toc-list-level-1 ' ><li class='ez-toc-page-1 ez-toc-heading-level-2'><a class=\"ez-toc-link ez-toc-heading-1\" href=\"https:\/\/quantocustaviajar.com\/blog\/gruta-bacaetava-em-colombo\/#A_historia_da_Gruta_Bacaetava\" >A hist\u00f3ria da Gruta Bacaetava<\/a><ul class='ez-toc-list-level-3' ><li class='ez-toc-heading-level-3'><a class=\"ez-toc-link ez-toc-heading-2\" href=\"https:\/\/quantocustaviajar.com\/blog\/gruta-bacaetava-em-colombo\/#Visita_guiada_a_Gruta\" >Visita guiada \u00e0 Gruta<\/a><\/li><li class='ez-toc-page-1 ez-toc-heading-level-3'><a class=\"ez-toc-link ez-toc-heading-3\" href=\"https:\/\/quantocustaviajar.com\/blog\/gruta-bacaetava-em-colombo\/#Fauna_e_flora\" >Fauna e flora<\/a><ul class='ez-toc-list-level-4' ><li class='ez-toc-heading-level-4'><a class=\"ez-toc-link ez-toc-heading-4\" href=\"https:\/\/quantocustaviajar.com\/blog\/gruta-bacaetava-em-colombo\/#Outras_atracoes_do_Parque_Municipal\" >Outras atra\u00e7\u00f5es do Parque Municipal<\/a><\/li><\/ul><\/li><li class='ez-toc-page-1 ez-toc-heading-level-3'><a class=\"ez-toc-link ez-toc-heading-5\" href=\"https:\/\/quantocustaviajar.com\/blog\/gruta-bacaetava-em-colombo\/#Como_chegar_em_ColomboPR\" >Como chegar em Colombo\/PR<\/a><ul class='ez-toc-list-level-4' ><li class='ez-toc-heading-level-4'><a class=\"ez-toc-link ez-toc-heading-6\" href=\"https:\/\/quantocustaviajar.com\/blog\/gruta-bacaetava-em-colombo\/#De_carro\" >De carro<\/a><\/li><li class='ez-toc-page-1 ez-toc-heading-level-4'><a class=\"ez-toc-link ez-toc-heading-7\" href=\"https:\/\/quantocustaviajar.com\/blog\/gruta-bacaetava-em-colombo\/#De_onibus\" >De \u00f4nibus<\/a><\/li><li class='ez-toc-page-1 ez-toc-heading-level-4'><a class=\"ez-toc-link ez-toc-heading-8\" href=\"https:\/\/quantocustaviajar.com\/blog\/gruta-bacaetava-em-colombo\/#Gruta_Bacaetava_um_passeio_para_todas_as_idades\" >Gruta Bacaetava: um passeio para todas as idades<\/a><\/li><\/ul><\/li><\/ul><\/li><\/ul><\/nav><\/div>\n\n\n\n\n<p>Escondida nas matas da cidade de Colombo\/PR, a sua descoberta foi importante para refugiados italianos, que fugiam de persegui\u00e7\u00f5es durante a Segunda Guerra Mundial. Quer conhecer mais? Ent\u00e3o fique aqui com a gente!<\/p>\n\n\n\n<h2 class=\"wp-block-heading\"><span class=\"ez-toc-section\" id=\"A_historia_da_Gruta_Bacaetava\"><\/span><strong>A hist\u00f3ria da Gruta Bacaetava<\/strong><span class=\"ez-toc-section-end\"><\/span><\/h2>\n\n\n\n<p>Para os historiadores, a gruta foi encontrada em meados do s\u00e9culo XIX por um imigrante italiano. Mas foi entre os anos de 1939 a 1945, que ela ganhou mais destaque por abrigar italianos fugidos da Guerra.&nbsp;<\/p>\n\n\n\n<p>Hoje, o terreno pertence \u00e0 Prefeitura de Colombo, que cuida do Parque Municipal Gruta do Bacaetava &#8211; um importante componente do Circuito Italiano de Turismo Rural.<\/p>\n\n\n<blockquote class=\"instagram-media\" data-instgrm-permalink=\"https:\/\/www.instagram.com\/p\/B_f7rXNhhk2\/?utm_source=ig_embed&amp;utm_campaign=loading\" data-instgrm-version=\"14\" style=\" background:#FFF; border:0; border-radius:3px; box-shadow:0 0 1px 0 rgba(0,0,0,0.5),0 1px 10px 0 rgba(0,0,0,0.15); margin: 1px; max-width:540px; min-width:326px; padding:0; width:99.375%; width:-webkit-calc(100% - 2px); width:calc(100% - 2px);\">\n<div style=\"padding:16px;\"> <a href=\"https:\/\/www.instagram.com\/p\/B_f7rXNhhk2\/?utm_source=ig_embed&amp;utm_campaign=loading\" style=\" background:#FFFFFF; line-height:0; padding:0 0; text-align:center; text-decoration:none; width:100%;\" target=\"_blank\" rel=\"noopener noreferrer\"> <p><\/p>\n<div style=\" display: flex; flex-direction: row; align-items: center;\">\n<div style=\"background-color: #F4F4F4; border-radius: 50%; flex-grow: 0; height: 40px; margin-right: 14px; width: 40px;\"><\/div>\n<div style=\"display: flex; flex-direction: column; flex-grow: 1; justify-content: center;\">\n<div style=\" background-color: #F4F4F4; border-radius: 4px; flex-grow: 0; height: 14px; margin-bottom: 6px; width: 100px;\"><\/div>\n<div style=\" background-color: #F4F4F4; border-radius: 4px; flex-grow: 0; height: 14px; width: 60px;\"><\/div>\n<\/div>\n<\/div>\n<div style=\"padding: 19% 0;\"><\/div>\n<div style=\"display:block; height:50px; margin:0 auto 12px; width:50px;\"><svg width=\"50px\" height=\"50px\" viewBox=\"0 0 60 60\" version=\"1.1\" xmlns=\"https:\/\/www.w3.org\/2000\/svg\" xmlns:xlink=\"https:\/\/www.w3.org\/1999\/xlink\"><g stroke=\"none\" stroke-width=\"1\" fill=\"none\" fill-rule=\"evenodd\"><g transform=\"translate(-511.000000, -20.000000)\" fill=\"#000000\"><g><path d=\"M556.869,30.41 C554.814,30.41 553.148,32.076 553.148,34.131 C553.148,36.186 554.814,37.852 556.869,37.852 C558.924,37.852 560.59,36.186 560.59,34.131 C560.59,32.076 558.924,30.41 556.869,30.41 M541,60.657 C535.114,60.657 530.342,55.887 530.342,50 C530.342,44.114 535.114,39.342 541,39.342 C546.887,39.342 551.658,44.114 551.658,50 C551.658,55.887 546.887,60.657 541,60.657 M541,33.886 C532.1,33.886 524.886,41.1 524.886,50 C524.886,58.899 532.1,66.113 541,66.113 C549.9,66.113 557.115,58.899 557.115,50 C557.115,41.1 549.9,33.886 541,33.886 M565.378,62.101 C565.244,65.022 564.756,66.606 564.346,67.663 C563.803,69.06 563.154,70.057 562.106,71.106 C561.058,72.155 560.06,72.803 558.662,73.347 C557.607,73.757 556.021,74.244 553.102,74.378 C549.944,74.521 548.997,74.552 541,74.552 C533.003,74.552 532.056,74.521 528.898,74.378 C525.979,74.244 524.393,73.757 523.338,73.347 C521.94,72.803 520.942,72.155 519.894,71.106 C518.846,70.057 518.197,69.06 517.654,67.663 C517.244,66.606 516.755,65.022 516.623,62.101 C516.479,58.943 516.448,57.996 516.448,50 C516.448,42.003 516.479,41.056 516.623,37.899 C516.755,34.978 517.244,33.391 517.654,32.338 C518.197,30.938 518.846,29.942 519.894,28.894 C520.942,27.846 521.94,27.196 523.338,26.654 C524.393,26.244 525.979,25.756 528.898,25.623 C532.057,25.479 533.004,25.448 541,25.448 C548.997,25.448 549.943,25.479 553.102,25.623 C556.021,25.756 557.607,26.244 558.662,26.654 C560.06,27.196 561.058,27.846 562.106,28.894 C563.154,29.942 563.803,30.938 564.346,32.338 C564.756,33.391 565.244,34.978 565.378,37.899 C565.522,41.056 565.552,42.003 565.552,50 C565.552,57.996 565.522,58.943 565.378,62.101 M570.82,37.631 C570.674,34.438 570.167,32.258 569.425,30.349 C568.659,28.377 567.633,26.702 565.965,25.035 C564.297,23.368 562.623,22.342 560.652,21.575 C558.743,20.834 556.562,20.326 553.369,20.18 C550.169,20.033 549.148,20 541,20 C532.853,20 531.831,20.033 528.631,20.18 C525.438,20.326 523.257,20.834 521.349,21.575 C519.376,22.342 517.703,23.368 516.035,25.035 C514.368,26.702 513.342,28.377 512.574,30.349 C511.834,32.258 511.326,34.438 511.181,37.631 C511.035,40.831 511,41.851 511,50 C511,58.147 511.035,59.17 511.181,62.369 C511.326,65.562 511.834,67.743 512.574,69.651 C513.342,71.625 514.368,73.296 516.035,74.965 C517.703,76.634 519.376,77.658 521.349,78.425 C523.257,79.167 525.438,79.673 528.631,79.82 C531.831,79.965 532.853,80.001 541,80.001 C549.148,80.001 550.169,79.965 553.369,79.82 C556.562,79.673 558.743,79.167 560.652,78.425 C562.623,77.658 564.297,76.634 565.965,74.965 C567.633,73.296 568.659,71.625 569.425,69.651 C570.167,67.743 570.674,65.562 570.82,62.369 C570.966,59.17 571,58.147 571,50 C571,41.851 570.966,40.831 570.82,37.631\"><\/path><\/g><\/g><\/g><\/svg><\/div>\n<div style=\"padding-top: 8px;\">\n<div style=\" color:#3897f0; font-family:Arial,sans-serif; font-size:14px; font-style:normal; font-weight:550; line-height:18px;\">View this post on Instagram<\/div>\n<\/div>\n<div style=\"padding: 12.5% 0;\"><\/div>\n<div style=\"display: flex; flex-direction: row; margin-bottom: 14px; align-items: center;\">\n<div>\n<div style=\"background-color: #F4F4F4; border-radius: 50%; height: 12.5px; width: 12.5px; transform: translateX(0px) translateY(7px);\"><\/div>\n<div style=\"background-color: #F4F4F4; height: 12.5px; transform: rotate(-45deg) translateX(3px) translateY(1px); width: 12.5px; flex-grow: 0; margin-right: 14px; margin-left: 2px;\"><\/div>\n<div style=\"background-color: #F4F4F4; border-radius: 50%; height: 12.5px; width: 12.5px; transform: translateX(9px) translateY(-18px);\"><\/div>\n<\/div>\n<div style=\"margin-left: 8px;\">\n<div style=\" background-color: #F4F4F4; border-radius: 50%; flex-grow: 0; height: 20px; width: 20px;\"><\/div>\n<div style=\" width: 0; height: 0; border-top: 2px solid transparent; border-left: 6px solid #f4f4f4; border-bottom: 2px solid transparent; transform: translateX(16px) translateY(-4px) rotate(30deg)\"><\/div>\n<\/div>\n<div style=\"margin-left: auto;\">\n<div style=\" width: 0px; border-top: 8px solid #F4F4F4; border-right: 8px solid transparent; transform: translateY(16px);\"><\/div>\n<div style=\" background-color: #F4F4F4; flex-grow: 0; height: 12px; width: 16px; transform: translateY(-4px);\"><\/div>\n<div style=\" width: 0; height: 0; border-top: 8px solid #F4F4F4; border-left: 8px solid transparent; transform: translateY(-4px) translateX(8px);\"><\/div>\n<\/div>\n<\/div>\n<div style=\"display: flex; flex-direction: column; flex-grow: 1; justify-content: center; margin-bottom: 24px;\">\n<div style=\" background-color: #F4F4F4; border-radius: 4px; flex-grow: 0; height: 14px; margin-bottom: 6px; width: 224px;\"><\/div>\n<div style=\" background-color: #F4F4F4; border-radius: 4px; flex-grow: 0; height: 14px; width: 144px;\"><\/div>\n<\/div>\n<\/a><p><a href=\"https:\/\/www.instagram.com\/p\/B_f7rXNhhk2\/?utm_source=ig_embed&amp;utm_campaign=loading\" style=\" background:#FFFFFF; line-height:0; padding:0 0; text-align:center; text-decoration:none; width:100%;\" target=\"_blank\" rel=\"noopener noreferrer\"><\/a><\/p>\n<p style=\" color:#c9c8cd; font-family:Arial,sans-serif; font-size:14px; line-height:17px; margin-bottom:0; margin-top:8px; overflow:hidden; padding:8px 0 7px; text-align:center; text-overflow:ellipsis; white-space:nowrap;\"><a href=\"https:\/\/www.instagram.com\/p\/B_f7rXNhhk2\/?utm_source=ig_embed&amp;utm_campaign=loading\" style=\" color:#c9c8cd; font-family:Arial,sans-serif; font-size:14px; font-style:normal; font-weight:normal; line-height:17px; text-decoration:none;\" target=\"_blank\" rel=\"noopener noreferrer\">Uma publica\u00e7\u00e3o compartilhada por Para\u00edso Natural (@paraisonatural.oficial)<\/a><\/p>\n<\/div>\n<\/blockquote>\n<p> <script async=\"\" src=\"\/\/www.instagram.com\/embed.js\"><\/script><\/p>\n\n\n<h3 class=\"wp-block-heading\"><span class=\"ez-toc-section\" id=\"Visita_guiada_a_Gruta\"><\/span><strong>Visita guiada \u00e0 Gruta<\/strong><span class=\"ez-toc-section-end\"><\/span><\/h3>\n\n\n\n<p>Se voc\u00ea est\u00e1 disposto a conhecer esse espa\u00e7o no interior de Curitiba mas tem receio de n\u00e3o estar t\u00e3o bem preparado, para essa aventura fique tranquilo. <strong>A visita \u00e9 guiada<\/strong>, com grupos de at\u00e9 20 pessoas.&nbsp;<\/p>\n\n\n\n<p>Tudo come\u00e7a com a exibi\u00e7\u00e3o de um document\u00e1rio explicando sobre a caverna, sobre a cidade de Colombo e tamb\u00e9m sobre conscientiza\u00e7\u00e3o ambiental.<\/p>\n\n\n\n<p>Ap\u00f3s o v\u00eddeo, cada aventureiro ganha uma lanterna e, depois de uma pequena trilha, chega-se \u00e0 caverna. L\u00e1, quase todo o passeio acontece sob uma passarela de f\u00e1cil acesso. Ou seja, n\u00e3o \u00e9 preciso estar em t\u00e3o boa forma para conseguir se aventurar na gruta.&nbsp;<\/p>\n\n\n\n<p>Durante <strong>40 minutos<\/strong>, um guia ser\u00e1 respons\u00e1vel por apresentar as caracter\u00edsticas geol\u00f3gicas do espa\u00e7o, embalado pelo som da correnteza do rio Bacaetava, que atravessa a caverna.<\/p>\n\n\n\n<blockquote class=\"instagram-media\" data-instgrm-permalink=\"https:\/\/www.instagram.com\/p\/CQGs8DONaxS\/?utm_source=ig_embed&amp;utm_campaign=loading\" data-instgrm-version=\"14\" style=\"background:#FFF;border:0;margin: 1px;max-width:540px;min-width:326px;padding:0;width:99.375%\"><div style=\"padding:16px\"> <a href=\"https:\/\/www.instagram.com\/p\/CQGs8DONaxS\/?utm_source=ig_embed&amp;utm_campaign=loading\" style=\"background:#FFFFFF;line-height:0;padding:0 0;text-align:center;text-decoration:none;width:100%\" target=\"_blank\" rel=\"noopener noreferrer\"> <div> <div style=\"background-color: #F4F4F4;height: 40px;margin-right: 14px;width: 40px\"><\/div> <div> <div style=\"background-color: #F4F4F4;height: 14px;margin-bottom: 6px;width: 100px\"><\/div> <div style=\"background-color: #F4F4F4;height: 14px;width: 60px\"><\/div><\/div><\/div><div style=\"padding: 19% 0\"><\/div> <div style=\"height:50px;margin:0 auto 12px;width:50px\"><\/div><div style=\"padding-top: 8px\"> <div style=\"color:#3897f0;font-family:Arial,sans-serif;font-size:14px;font-style:normal;font-weight:550;line-height:18px\">View this post on Instagram<\/div><\/div><div style=\"padding: 12.5% 0\"><\/div> <div style=\"margin-bottom: 14px\"><div> <div style=\"background-color: #F4F4F4;height: 12.5px;width: 12.5px\"><\/div> <div style=\"background-color: #F4F4F4;height: 12.5px;width: 12.5px;margin-right: 14px;margin-left: 2px\"><\/div> <div style=\"background-color: #F4F4F4;height: 12.5px;width: 12.5px\"><\/div><\/div><div style=\"margin-left: 8px\"> <div style=\"background-color: #F4F4F4;height: 20px;width: 20px\"><\/div> <div style=\"width: 0;height: 0;border-top: 2px solid transparent;border-left: 6px solid #f4f4f4;border-bottom: 2px solid transparent\"><\/div><\/div><div style=\"margin-left: auto\"> <div style=\"width: 0px;border-top: 8px solid #F4F4F4;border-right: 8px solid transparent\"><\/div> <div style=\"background-color: #F4F4F4;height: 12px;width: 16px\"><\/div> <div style=\"width: 0;height: 0;border-top: 8px solid #F4F4F4;border-left: 8px solid transparent\"><\/div><\/div><\/div> <div style=\"margin-bottom: 24px\"> <div style=\"background-color: #F4F4F4;height: 14px;margin-bottom: 6px;width: 224px\"><\/div> <div style=\"background-color: #F4F4F4;height: 14px;width: 144px\"><\/div><\/div><\/a><p style=\"color:#c9c8cd;font-family:Arial,sans-serif;font-size:14px;line-height:17px;margin-bottom:0;margin-top:8px;overflow:hidden;padding:8px 0 7px;text-align:center\"><a href=\"https:\/\/www.instagram.com\/p\/CQGs8DONaxS\/?utm_source=ig_embed&amp;utm_campaign=loading\" style=\"color:#c9c8cd;font-family:Arial,sans-serif;font-size:14px;font-style:normal;font-weight:normal;line-height:17px;text-decoration:none\" target=\"_blank\" rel=\"noopener noreferrer\">Uma publica\u00e7\u00e3o compartilhada por \ud835\uddd5\ud835\uddf6\ud835\uddee \ud835\udde9\ud835\uddf2\ud835\uddf0\ud835\uddf0\ud835\uddf5\ud835\uddf6 | \ud835\ude1b\ud835\ude33\ud835\ude22\ud835\ude37\ud835\ude26\ud835\ude2d \ud835\ude09\ud835\ude2d\ud835\ude30\ud835\ude28\ud835\ude28\ud835\ude26\ud835\ude33 (@bia.vecchi)<\/a><\/p><\/div><\/blockquote>\n\n\n\n<p>Como toda caverna, possui atrativos muito particulares: as <strong>estalactites e estalagmites<\/strong>. Ambas, surgem porque as rochas calc\u00e1rias das cavernas s\u00e3o bastante sol\u00faveis. Assim, quando a \u00e1gua da chuva ou do rio penetra nas rochas, carrega consigo o calc\u00e1rio dissolvido.&nbsp;<\/p>\n\n\n\n<p>No teto das grutas, a \u00e1gua come\u00e7a a gotejar, formando lentamente uma esp\u00e9cie de canudo com os fragmentos de minerais que carrega.&nbsp;<\/p>\n\n\n\n<p><strong>Essas forma\u00e7\u00f5es na Gruta Bacaetava t\u00eam mais de 600 milh\u00f5es de anos<\/strong>, e seguem se reformulando com o passar do tempo.<\/p>\n\n\n\n<h3 class=\"wp-block-heading\"><span class=\"ez-toc-section\" id=\"Fauna_e_flora\"><\/span><strong>Fauna e flora<\/strong><span class=\"ez-toc-section-end\"><\/span><\/h3>\n\n\n\n<p>A \u00e1rea ocupada pelo Parque Municipal, al\u00e9m de abrigar a <strong>famosa Gruta Bacaetava<\/strong>, tamb\u00e9m \u00e9 casa de muitas esp\u00e9cies animais e vegetais. S\u00f3 no interior da gruta, por exemplo, foram registradas 39 esp\u00e9cies diferentes de fauna. Dentre os mais conhecidos, encontra-se o famoso <strong>morcego <\/strong><em>Chrotopterus auritus<\/em>, <strong>que se alimenta de pequenos insetos quando h\u00e1 pouca luz do dia.&nbsp;<\/strong><\/p>\n\n\n\n<p>Por isso, ao entardecer e ao amanhecer, a col\u00f4nia de morcegos pode ser vista no Parque. Sendo assim, a visita\u00e7\u00e3o \u00e9 limitada ao per\u00edodo entre 8h30 e 16h30 &#8211; para evitar sustos e acidentes.<\/p>\n\n\n\n<p>A flora da regi\u00e3o, por outro lado, \u00e9 muito mais \u201cparada\u201d (como toda vegeta\u00e7\u00e3o!), sendo caracterizada, principalmente, pela presen\u00e7a do <strong>pinheiro-do-paran\u00e1<\/strong>.&nbsp;<\/p>\n\n\n\n<h4 class=\"wp-block-heading\"><span class=\"ez-toc-section\" id=\"Outras_atracoes_do_Parque_Municipal\"><\/span><strong>Outras atra\u00e7\u00f5es do Parque Municipal<\/strong><span class=\"ez-toc-section-end\"><\/span><\/h4>\n\n\n\n<p><strong>1. Centro de Visitantes<\/strong><\/p>\n\n\n\n<p>\u00c9 o ponto de entrada do Parque, com recep\u00e7\u00e3o, sala de exposi\u00e7\u00f5es, sala de educa\u00e7\u00e3o ambiental, escrit\u00f3rio e sanit\u00e1rios. Nesse espa\u00e7o, grupos de at\u00e9 20 pessoas s\u00e3o conduzidos por um guia ambiental para visita\u00e7\u00e3o \u00e0 gruta.<\/p>\n\n\n\n<p><strong>2. Trilha<\/strong><\/p>\n\n\n\n<p>Caminhando do Centro de Visitantes at\u00e9 a Gruta, s\u00e3o aproximadamente 140 metros de trilha. Um trecho curto, mas encantador.&nbsp;<\/p>\n\n\n\n<p><strong>3. Gruta<\/strong><\/p>\n\n\n\n<p>S\u00e3o 170 metros dispon\u00edveis para visita\u00e7\u00e3o no interior da caverna, dos quais 103 metros s\u00e3o percorridos em passarelas, de onde \u00e9 poss\u00edvel vislumbrar as belas forma\u00e7\u00f5es existentes na Gruta.<\/p>\n\n\n\n<p><strong>4. \u00c1rea de lazer<\/strong><\/p>\n\n\n\n<p>No Parque, existe uma lanchonete e tr\u00eas quiosques com churrasqueiras em meio \u00e0 vegeta\u00e7\u00e3o, que permitem atividades de lazer e alimenta\u00e7\u00e3o junto \u00e0 natureza.<\/p>\n\n\n\n<p><strong>5. Capela<\/strong><\/p>\n\n\n\n<p>A Capela de N. S. de Lourdes resgata um dos aspectos hist\u00f3ricos do lugar, afinal, desde o final do s\u00e9culo XIX s\u00e3o realizadas manifesta\u00e7\u00f5es religiosas no interior da Gruta.<\/p>\n\n\n\n<p>Ficou curioso e quer ver de perto? Ent\u00e3o confira aqui como chegar at\u00e9 a cidade da gruta.<\/p>\n\n\n\n<blockquote class=\"instagram-media\" data-instgrm-permalink=\"https:\/\/www.instagram.com\/p\/CS5KQ-5HUii\/?utm_source=ig_embed&amp;utm_campaign=loading\" data-instgrm-version=\"14\" style=\"background:#FFF;border:0;margin: 1px;max-width:540px;min-width:326px;padding:0;width:99.375%\"><div style=\"padding:16px\"> <a href=\"https:\/\/www.instagram.com\/p\/CS5KQ-5HUii\/?utm_source=ig_embed&amp;utm_campaign=loading\" style=\"background:#FFFFFF;line-height:0;padding:0 0;text-align:center;text-decoration:none;width:100%\" target=\"_blank\" rel=\"noopener noreferrer\"> <div> <div style=\"background-color: #F4F4F4;height: 40px;margin-right: 14px;width: 40px\"><\/div> <div> <div style=\"background-color: #F4F4F4;height: 14px;margin-bottom: 6px;width: 100px\"><\/div> <div style=\"background-color: #F4F4F4;height: 14px;width: 60px\"><\/div><\/div><\/div><div style=\"padding: 19% 0\"><\/div> <div style=\"height:50px;margin:0 auto 12px;width:50px\"><\/div><div style=\"padding-top: 8px\"> <div style=\"color:#3897f0;font-family:Arial,sans-serif;font-size:14px;font-style:normal;font-weight:550;line-height:18px\">View this post on Instagram<\/div><\/div><div style=\"padding: 12.5% 0\"><\/div> <div style=\"margin-bottom: 14px\"><div> <div style=\"background-color: #F4F4F4;height: 12.5px;width: 12.5px\"><\/div> <div style=\"background-color: #F4F4F4;height: 12.5px;width: 12.5px;margin-right: 14px;margin-left: 2px\"><\/div> <div style=\"background-color: #F4F4F4;height: 12.5px;width: 12.5px\"><\/div><\/div><div style=\"margin-left: 8px\"> <div style=\"background-color: #F4F4F4;height: 20px;width: 20px\"><\/div> <div style=\"width: 0;height: 0;border-top: 2px solid transparent;border-left: 6px solid #f4f4f4;border-bottom: 2px solid transparent\"><\/div><\/div><div style=\"margin-left: auto\"> <div style=\"width: 0px;border-top: 8px solid #F4F4F4;border-right: 8px solid transparent\"><\/div> <div style=\"background-color: #F4F4F4;height: 12px;width: 16px\"><\/div> <div style=\"width: 0;height: 0;border-top: 8px solid #F4F4F4;border-left: 8px solid transparent\"><\/div><\/div><\/div> <div style=\"margin-bottom: 24px\"> <div style=\"background-color: #F4F4F4;height: 14px;margin-bottom: 6px;width: 224px\"><\/div> <div style=\"background-color: #F4F4F4;height: 14px;width: 144px\"><\/div><\/div><\/a><p style=\"color:#c9c8cd;font-family:Arial,sans-serif;font-size:14px;line-height:17px;margin-bottom:0;margin-top:8px;overflow:hidden;padding:8px 0 7px;text-align:center\"><a href=\"https:\/\/www.instagram.com\/p\/CS5KQ-5HUii\/?utm_source=ig_embed&amp;utm_campaign=loading\" style=\"color:#c9c8cd;font-family:Arial,sans-serif;font-size:14px;font-style:normal;font-weight:normal;line-height:17px;text-decoration:none\" target=\"_blank\" rel=\"noopener noreferrer\">Uma publica\u00e7\u00e3o compartilhada por \u2667\u2606\u2661UM OLHAR NO CAMINHO \u2667\u2606\u2661 (@meire6076)<\/a><\/p><\/div><\/blockquote>\n\n\n\n<h3 class=\"wp-block-heading\"><span class=\"ez-toc-section\" id=\"Como_chegar_em_ColomboPR\"><\/span><strong>Como chegar em Colombo\/PR<\/strong><span class=\"ez-toc-section-end\"><\/span><\/h3>\n\n\n\n<p>Em pouco menos de uma hora, a depender do transporte escolhido, \u00e9 poss\u00edvel se deslocar da capital Curitiba at\u00e9 o munic\u00edpio de Colombo, no Paran\u00e1.<\/p>\n\n\n\n<h4 class=\"wp-block-heading\"><span class=\"ez-toc-section\" id=\"De_carro\"><\/span><strong>De carro<\/strong><span class=\"ez-toc-section-end\"><\/span><\/h4>\n\n\n\n<p>Partindo de Curitiba, pegue a Estrada Nova de Colombo (tamb\u00e9m conhecida como Rodovia da Uva, Estrada Nova de Colombo ou PR-417). S\u00e3o cerca de 22 km at\u00e9 a gruta, um percurso de pouco mais de <strong>30 minutos<\/strong>.&nbsp;<\/p>\n\n\n\n<p>Se voc\u00ea est\u00e1 em Curitiba e precisa de um carro para essa aventura, aproveite para reservar <strong><a href=\"https:\/\/quantocustaviajar.com\/brasil\/curitiba\/aluguel-de-carros\" target=\"_blank\" rel=\"noreferrer noopener\" aria-label=\" (abre numa nova aba)\">aqui<\/a>.<\/strong><\/p>\n\n\n\n<h4 class=\"wp-block-heading\"><span class=\"ez-toc-section\" id=\"De_onibus\"><\/span><strong>De \u00f4nibus<\/strong><span class=\"ez-toc-section-end\"><\/span><\/h4>\n\n\n\n<p>Se carro n\u00e3o \u00e9 o seu forte, tamb\u00e9m \u00e9 poss\u00edvel chegar at\u00e9 a gruta atrav\u00e9s do transporte p\u00fablico. Pegue o \u00f4nibus B72 (Colombo \u2013 Rodovia da Uva) no Terminal Guadalupe e siga at\u00e9 o Terminal de Colombo. L\u00e1, o \u00f4nibus U-08 (Gruta Bacaetava) vai at\u00e9 as proximidades da Gruta do Bacaetava. Pe\u00e7a pra descer na gruta, pois o \u00f4nibus para bem pr\u00f3ximo da entrada.<\/p>\n\n\n\n<p><strong>Est\u00e1 pensando em ir para Curitiba mas ainda n\u00e3o escolheu a sua passagem? Clique <\/strong><a rel=\"noreferrer noopener\" aria-label=\" (abre numa nova aba)\" href=\"https:\/\/www.turismocity.com.br\/passagens-aereas-para-CWB-Curitiba?from=SAO&amp;utm_source=qcv&amp;utm_medium=blog\" target=\"_blank\"><strong>aqui<\/strong><\/a><strong> e reserve agora!&nbsp;<\/strong><\/p>\n\n\n\n<blockquote class=\"wp-block-quote is-layout-flow wp-block-quote-is-layout-flow\"><p><a href=\"https:\/\/quantocustaviajar.com\/blog\/grutas-no-brasil\/\">Gosta de turismo de aventura? Ent\u00e3o essas dicas aqui s\u00e3o para voc\u00ea! <\/a><\/p><\/blockquote>\n\n\n\n<h4 class=\"wp-block-heading\"><span class=\"ez-toc-section\" id=\"Gruta_Bacaetava_um_passeio_para_todas_as_idades\"><\/span>Gruta Bacaetava: u<strong>m passeio para todas as idades<\/strong><span class=\"ez-toc-section-end\"><\/span><\/h4>\n\n\n\n<figure class=\"wp-block-image\"><img loading=\"lazy\" decoding=\"async\" width=\"794\" height=\"600\" src=\"https:\/\/quantocustaviajar.com\/blog\/wp-content\/uploads\/2021\/10\/794px-GrutaBacaetavaColomboBrasil.jpg\" alt=\"\" class=\"wp-image-50860\" srcset=\"https:\/\/quantocustaviajar.com\/blog\/wp-content\/uploads\/2021\/10\/794px-GrutaBacaetavaColomboBrasil.jpg 794w, https:\/\/quantocustaviajar.com\/blog\/wp-content\/uploads\/2021\/10\/794px-GrutaBacaetavaColomboBrasil-300x227.jpg 300w, https:\/\/quantocustaviajar.com\/blog\/wp-content\/uploads\/2021\/10\/794px-GrutaBacaetavaColomboBrasil-768x580.jpg 768w\" sizes=\"auto, (max-width: 794px) 100vw, 794px\" \/><figcaption>Foto: <a href=\"https:\/\/commons.wikimedia.org\/wiki\/File:GrutaBacaetavaColomboBrasil.jpg\" target=\"_blank\" rel=\"noreferrer noopener\" aria-label=\"Wikipedia (abre numa nova aba)\">Wikipedia<\/a><\/figcaption><\/figure>\n\n\n\n<p>Um ponto bastante positivo para quem est\u00e1 pensando em visitar a Gruta Bacaetava \u00e9 que ela \u00e9 \u00f3tima para todos os p\u00fablicos. <strong>Desde crian\u00e7as de colo at\u00e9 idosos podem participar do passeio<\/strong>, desde que tomem os devidos cuidados.<\/p>\n\n\n\n<p>Para crian\u00e7as de colo, por exemplo, \u00e9 recomendado que n\u00e3o se use carrinho, pois n\u00e3o \u00e9 permitido. Sendo assim, d\u00ea prefer\u00eancia para as bolsas tipo canguru.<\/p>\n\n\n\n<p>J\u00e1 para as vov\u00f3s e os vov\u00f4s, \u00e9 importante apenas um cuidado extra para n\u00e3o escorregar em algumas pedras que ainda ficam pelo caminho.<\/p>\n\n\n\n<p>E a\u00ed? Preparado para fazer essa visita? Ent\u00e3o garanta a sua visita, reservando via <strong>Whatsapp: (41) 988618336.<\/strong><\/p>\n","protected":false},"excerpt":{"rendered":"<p>A Gruta Bacaetava, localizada a 30 minutos de Curitiba, \u00e9 uma \u00f3tima op\u00e7\u00e3o para quem busca se conectar com a natureza. Com entrada gratuita e visita\u00e7\u00e3o guiada, \u00e9 poss\u00edvel conhecer esse espa\u00e7o m\u00edstico, que une hist\u00f3ria e natureza. Escondida nas matas da cidade de Colombo\/PR, a sua descoberta foi importante para refugiados italianos, que fugiam [&hellip;]<\/p>\n","protected":false},"author":17,"featured_media":50857,"comment_status":"open","ping_status":"open","sticky":false,"template":"","format":"standard","meta":{"cybocfi_hide_featured_image":"","footnotes":""},"categories":[1437,1434],"tags":[687,405,2910,2911],"class_list":["post-50746","post","type-post","status-publish","format-standard","has-post-thumbnail","hentry","category-ao-ar-livre","category-descubra-brasil","tag-caverna","tag-curitiba","tag-gruta-bacaetava","tag-natureza-e-aventura"],"blocksy_meta":[],"yoast_head":"<!-- This site is optimized with the Yoast SEO plugin v26.3 - https:\/\/yoast.com\/wordpress\/plugins\/seo\/ -->\n<title>Gruta Bacaetava em Colombo: natureza e aventura a 30 min de Curitiba<\/title>\n<meta name=\"description\" content=\"Se voc\u00ea busca por uma aventura perto da cidade, visite a Gruta Bacaetava e descubra um lugar todo especial pertinho de Curitiba.\" \/>\n<meta name=\"robots\" content=\"index, follow, max-snippet:-1, max-image-preview:large, max-video-preview:-1\" \/>\n<link rel=\"canonical\" href=\"https:\/\/quantocustaviajar.com\/blog\/gruta-bacaetava-em-colombo\/\" \/>\n<meta property=\"og:locale\" content=\"pt_BR\" \/>\n<meta property=\"og:type\" content=\"article\" \/>\n<meta property=\"og:title\" content=\"Gruta Bacaetava em Colombo: natureza e aventura a 30 min de Curitiba\" \/>\n<meta property=\"og:description\" content=\"Se voc\u00ea busca por uma aventura perto da cidade, visite a Gruta Bacaetava e descubra um lugar todo especial pertinho de Curitiba.\" \/>\n<meta property=\"og:url\" content=\"https:\/\/quantocustaviajar.com\/blog\/gruta-bacaetava-em-colombo\/\" \/>\n<meta property=\"og:site_name\" content=\"Blog Quanto Custa Viajar\" \/>\n<meta property=\"article:publisher\" content=\"https:\/\/www.facebook.com\/quantocustaviajar\" \/>\n<meta property=\"article:published_time\" content=\"2021-10-13T12:44:41+00:00\" \/>\n<meta property=\"article:modified_time\" content=\"2021-10-13T12:44:44+00:00\" \/>\n<meta property=\"og:image\" content=\"https:\/\/quantocustaviajar.com\/blog\/wp-content\/uploads\/2021\/10\/1024px-Gruta_Bacaetava.jpg\" \/>\n\t<meta property=\"og:image:width\" content=\"1024\" \/>\n\t<meta property=\"og:image:height\" content=\"678\" \/>\n\t<meta property=\"og:image:type\" content=\"image\/jpeg\" \/>\n<meta name=\"author\" content=\"Luana Aladim\" \/>\n<meta name=\"twitter:card\" content=\"summary_large_image\" \/>\n<meta name=\"twitter:label1\" content=\"Escrito por\" \/>\n\t<meta name=\"twitter:data1\" content=\"Luana Aladim\" \/>\n\t<meta name=\"twitter:label2\" content=\"Est. tempo de leitura\" \/>\n\t<meta name=\"twitter:data2\" content=\"5 minutos\" \/>\n<!-- \/ Yoast SEO plugin. -->","yoast_head_json":{"title":"Gruta Bacaetava em Colombo: natureza e aventura a 30 min de Curitiba","description":"Se voc\u00ea busca por uma aventura perto da cidade, visite a Gruta Bacaetava e descubra um lugar todo especial pertinho de Curitiba.","robots":{"index":"index","follow":"follow","max-snippet":"max-snippet:-1","max-image-preview":"max-image-preview:large","max-video-preview":"max-video-preview:-1"},"canonical":"https:\/\/quantocustaviajar.com\/blog\/gruta-bacaetava-em-colombo\/","og_locale":"pt_BR","og_type":"article","og_title":"Gruta Bacaetava em Colombo: natureza e aventura a 30 min de Curitiba","og_description":"Se voc\u00ea busca por uma aventura perto da cidade, visite a Gruta Bacaetava e descubra um lugar todo especial pertinho de Curitiba.","og_url":"https:\/\/quantocustaviajar.com\/blog\/gruta-bacaetava-em-colombo\/","og_site_name":"Blog Quanto Custa Viajar","article_publisher":"https:\/\/www.facebook.com\/quantocustaviajar","article_published_time":"2021-10-13T12:44:41+00:00","article_modified_time":"2021-10-13T12:44:44+00:00","og_image":[{"width":1024,"height":678,"url":"https:\/\/quantocustaviajar.com\/blog\/wp-content\/uploads\/2021\/10\/1024px-Gruta_Bacaetava.jpg","type":"image\/jpeg"}],"author":"Luana Aladim","twitter_card":"summary_large_image","twitter_misc":{"Escrito por":"Luana Aladim","Est. tempo de leitura":"5 minutos"},"schema":{"@context":"https:\/\/schema.org","@graph":[{"@type":["Article","BlogPosting"],"@id":"https:\/\/quantocustaviajar.com\/blog\/gruta-bacaetava-em-colombo\/#article","isPartOf":{"@id":"https:\/\/quantocustaviajar.com\/blog\/gruta-bacaetava-em-colombo\/"},"author":{"name":"Luana Aladim","@id":"https:\/\/quantocustaviajar.com\/blog\/#\/schema\/person\/b70e39c697bb9ac3e8585c614393a99e"},"headline":"Gruta Bacaetava em Colombo: natureza e aventura a 30 min de Curitiba","datePublished":"2021-10-13T12:44:41+00:00","dateModified":"2021-10-13T12:44:44+00:00","mainEntityOfPage":{"@id":"https:\/\/quantocustaviajar.com\/blog\/gruta-bacaetava-em-colombo\/"},"wordCount":1053,"commentCount":0,"publisher":{"@id":"https:\/\/quantocustaviajar.com\/blog\/#organization"},"image":{"@id":"https:\/\/quantocustaviajar.com\/blog\/gruta-bacaetava-em-colombo\/#primaryimage"},"thumbnailUrl":"https:\/\/quantocustaviajar.com\/blog\/wp-content\/uploads\/2021\/10\/1024px-Gruta_Bacaetava.jpg","keywords":["caverna","Curitiba","Gruta Bacaetava","natureza e aventura"],"articleSection":["Ao Ar Livre","Descubra o Brasil"],"inLanguage":"pt-BR","potentialAction":[{"@type":"CommentAction","name":"Comment","target":["https:\/\/quantocustaviajar.com\/blog\/gruta-bacaetava-em-colombo\/#respond"]}]},{"@type":"WebPage","@id":"https:\/\/quantocustaviajar.com\/blog\/gruta-bacaetava-em-colombo\/","url":"https:\/\/quantocustaviajar.com\/blog\/gruta-bacaetava-em-colombo\/","name":"Gruta Bacaetava em Colombo: natureza e aventura a 30 min de Curitiba","isPartOf":{"@id":"https:\/\/quantocustaviajar.com\/blog\/#website"},"primaryImageOfPage":{"@id":"https:\/\/quantocustaviajar.com\/blog\/gruta-bacaetava-em-colombo\/#primaryimage"},"image":{"@id":"https:\/\/quantocustaviajar.com\/blog\/gruta-bacaetava-em-colombo\/#primaryimage"},"thumbnailUrl":"https:\/\/quantocustaviajar.com\/blog\/wp-content\/uploads\/2021\/10\/1024px-Gruta_Bacaetava.jpg","datePublished":"2021-10-13T12:44:41+00:00","dateModified":"2021-10-13T12:44:44+00:00","description":"Se voc\u00ea busca por uma aventura perto da cidade, visite a Gruta Bacaetava e descubra um lugar todo especial pertinho de Curitiba.","breadcrumb":{"@id":"https:\/\/quantocustaviajar.com\/blog\/gruta-bacaetava-em-colombo\/#breadcrumb"},"inLanguage":"pt-BR","potentialAction":[{"@type":"ReadAction","target":["https:\/\/quantocustaviajar.com\/blog\/gruta-bacaetava-em-colombo\/"]}]},{"@type":"ImageObject","inLanguage":"pt-BR","@id":"https:\/\/quantocustaviajar.com\/blog\/gruta-bacaetava-em-colombo\/#primaryimage","url":"https:\/\/quantocustaviajar.com\/blog\/wp-content\/uploads\/2021\/10\/1024px-Gruta_Bacaetava.jpg","contentUrl":"https:\/\/quantocustaviajar.com\/blog\/wp-content\/uploads\/2021\/10\/1024px-Gruta_Bacaetava.jpg","width":1024,"height":678,"caption":"Foto: Wikipedia"},{"@type":"BreadcrumbList","@id":"https:\/\/quantocustaviajar.com\/blog\/gruta-bacaetava-em-colombo\/#breadcrumb","itemListElement":[{"@type":"ListItem","position":1,"name":"In\u00edcio","item":"https:\/\/quantocustaviajar.com\/blog\/"},{"@type":"ListItem","position":2,"name":"Gruta Bacaetava em Colombo: natureza e aventura a 30 min de Curitiba"}]},{"@type":"WebSite","@id":"https:\/\/quantocustaviajar.com\/blog\/#website","url":"https:\/\/quantocustaviajar.com\/blog\/","name":"Blog Quanto Custa Viajar","description":"","publisher":{"@id":"https:\/\/quantocustaviajar.com\/blog\/#organization"},"potentialAction":[{"@type":"SearchAction","target":{"@type":"EntryPoint","urlTemplate":"https:\/\/quantocustaviajar.com\/blog\/?s={search_term_string}"},"query-input":{"@type":"PropertyValueSpecification","valueRequired":true,"valueName":"search_term_string"}}],"inLanguage":"pt-BR"},{"@type":"Organization","@id":"https:\/\/quantocustaviajar.com\/blog\/#organization","name":"Quanto Custa Viajar","url":"https:\/\/quantocustaviajar.com\/blog\/","logo":{"@type":"ImageObject","inLanguage":"pt-BR","@id":"https:\/\/quantocustaviajar.com\/blog\/#\/schema\/logo\/image\/","url":"","contentUrl":"","caption":"Quanto Custa Viajar"},"image":{"@id":"https:\/\/quantocustaviajar.com\/blog\/#\/schema\/logo\/image\/"},"sameAs":["https:\/\/www.facebook.com\/quantocustaviajar"]},{"@type":"Person","@id":"https:\/\/quantocustaviajar.com\/blog\/#\/schema\/person\/b70e39c697bb9ac3e8585c614393a99e","name":"Luana Aladim","image":{"@type":"ImageObject","inLanguage":"pt-BR","@id":"https:\/\/quantocustaviajar.com\/blog\/#\/schema\/person\/image\/","url":"https:\/\/secure.gravatar.com\/avatar\/1fa4434b0a9643e0b66248ebd844bf6965834842c28e3442b1ae7bb534e70d67?s=96&d=mm&r=g","contentUrl":"https:\/\/secure.gravatar.com\/avatar\/1fa4434b0a9643e0b66248ebd844bf6965834842c28e3442b1ae7bb534e70d67?s=96&d=mm&r=g","caption":"Luana Aladim"},"url":"https:\/\/quantocustaviajar.com\/blog\/author\/luana\/"}]}},"_links":{"self":[{"href":"https:\/\/quantocustaviajar.com\/blog\/wp-json\/wp\/v2\/posts\/50746","targetHints":{"allow":["GET"]}}],"collection":[{"href":"https:\/\/quantocustaviajar.com\/blog\/wp-json\/wp\/v2\/posts"}],"about":[{"href":"https:\/\/quantocustaviajar.com\/blog\/wp-json\/wp\/v2\/types\/post"}],"author":[{"embeddable":true,"href":"https:\/\/quantocustaviajar.com\/blog\/wp-json\/wp\/v2\/users\/17"}],"replies":[{"embeddable":true,"href":"https:\/\/quantocustaviajar.com\/blog\/wp-json\/wp\/v2\/comments?post=50746"}],"version-history":[{"count":8,"href":"https:\/\/quantocustaviajar.com\/blog\/wp-json\/wp\/v2\/posts\/50746\/revisions"}],"predecessor-version":[{"id":50861,"href":"https:\/\/quantocustaviajar.com\/blog\/wp-json\/wp\/v2\/posts\/50746\/revisions\/50861"}],"wp:featuredmedia":[{"embeddable":true,"href":"https:\/\/quantocustaviajar.com\/blog\/wp-json\/wp\/v2\/media\/50857"}],"wp:attachment":[{"href":"https:\/\/quantocustaviajar.com\/blog\/wp-json\/wp\/v2\/media?parent=50746"}],"wp:term":[{"taxonomy":"category","embeddable":true,"href":"https:\/\/quantocustaviajar.com\/blog\/wp-json\/wp\/v2\/categories?post=50746"},{"taxonomy":"post_tag","embeddable":true,"href":"https:\/\/quantocustaviajar.com\/blog\/wp-json\/wp\/v2\/tags?post=50746"}],"curies":[{"name":"wp","href":"https:\/\/api.w.org\/{rel}","templated":true}]}}