{"id":50049,"date":"2025-02-13T12:15:00","date_gmt":"2025-02-13T12:15:00","guid":{"rendered":"https:\/\/quantocustaviajar.com\/blog\/?p=50049"},"modified":"2025-06-10T15:43:09","modified_gmt":"2025-06-10T15:43:09","slug":"poco-azul-e-poco-encantado-na-chapada-diamantina","status":"publish","type":"post","link":"https:\/\/quantocustaviajar.com\/blog\/poco-azul-e-poco-encantado-na-chapada-diamantina\/","title":{"rendered":"Po\u00e7o Azul e Po\u00e7o Encantado: duas maravilhas na Chapada Diamantina"},"content":{"rendered":"\n<p>A <strong><a href=\"https:\/\/quantocustaviajar.com\/blog\/chapada-diamantina-bahia-brasil\/\">Chapada Diamantina<\/a><\/strong> \u00e9 uma regi\u00e3o incr\u00edvel, cheia de atra\u00e7\u00f5es para quem gosta de ter mais contato com a natureza e tamb\u00e9m para aqueles que buscam o sossego dos lugares mais afastados e das cidades pequenas, onde os moradores s\u00e3o conhecidos pelo nome. Agora, quando o assunto \u00e9 parada obrigat\u00f3ria na Chapada, n\u00e3o h\u00e1 d\u00favidas: \u00e9 preciso conhecer o <strong>Po\u00e7o Azul e o Po\u00e7o Encantado<\/strong>.<\/p><div id=\"ez-toc-container\" class=\"ez-toc-v2_0_76 ez-toc-wrap-left counter-hierarchy ez-toc-counter ez-toc-light-blue ez-toc-container-direction\">\n<div class=\"ez-toc-title-container\">\n<p class=\"ez-toc-title\" style=\"cursor:inherit\">Aqui voc\u00ea ir\u00e1 encontrar<\/p>\n<span class=\"ez-toc-title-toggle\"><a href=\"#\" class=\"ez-toc-pull-right ez-toc-btn ez-toc-btn-xs ez-toc-btn-default ez-toc-toggle\" aria-label=\"Alternar tabela de conte\u00fado\"><span class=\"ez-toc-js-icon-con\"><span class=\"\"><span class=\"eztoc-hide\" style=\"display:none;\">Toggle<\/span><span class=\"ez-toc-icon-toggle-span\"><svg style=\"fill: #999;color:#999\" xmlns=\"http:\/\/www.w3.org\/2000\/svg\" class=\"list-377408\" width=\"20px\" height=\"20px\" viewBox=\"0 0 24 24\" fill=\"none\"><path d=\"M6 6H4v2h2V6zm14 0H8v2h12V6zM4 11h2v2H4v-2zm16 0H8v2h12v-2zM4 16h2v2H4v-2zm16 0H8v2h12v-2z\" fill=\"currentColor\"><\/path><\/svg><svg style=\"fill: #999;color:#999\" class=\"arrow-unsorted-368013\" xmlns=\"http:\/\/www.w3.org\/2000\/svg\" width=\"10px\" height=\"10px\" viewBox=\"0 0 24 24\" version=\"1.2\" baseProfile=\"tiny\"><path d=\"M18.2 9.3l-6.2-6.3-6.2 6.3c-.2.2-.3.4-.3.7s.1.5.3.7c.2.2.4.3.7.3h11c.3 0 .5-.1.7-.3.2-.2.3-.5.3-.7s-.1-.5-.3-.7zM5.8 14.7l6.2 6.3 6.2-6.3c.2-.2.3-.5.3-.7s-.1-.5-.3-.7c-.2-.2-.4-.3-.7-.3h-11c-.3 0-.5.1-.7.3-.2.2-.3.5-.3.7s.1.5.3.7z\"\/><\/svg><\/span><\/span><\/span><\/a><\/span><\/div>\n<nav><ul class='ez-toc-list ez-toc-list-level-1 ' ><li class='ez-toc-page-1 ez-toc-heading-level-2'><a class=\"ez-toc-link ez-toc-heading-1\" href=\"https:\/\/quantocustaviajar.com\/blog\/poco-azul-e-poco-encantado-na-chapada-diamantina\/#Como_chegar_no_Poco_Azul_e_no_Poco_Encantado\" >Como chegar no Po\u00e7o Azul e no Po\u00e7o Encantado<\/a><\/li><li class='ez-toc-page-1 ez-toc-heading-level-2'><a class=\"ez-toc-link ez-toc-heading-2\" href=\"https:\/\/quantocustaviajar.com\/blog\/poco-azul-e-poco-encantado-na-chapada-diamantina\/#Quando_visitar_o_Poco_Azul_e_o_Poco_Encantado\" >Quando visitar o Po\u00e7o Azul e o Po\u00e7o Encantado<\/a><\/li><li class='ez-toc-page-1 ez-toc-heading-level-2'><a class=\"ez-toc-link ez-toc-heading-3\" href=\"https:\/\/quantocustaviajar.com\/blog\/poco-azul-e-poco-encantado-na-chapada-diamantina\/#Visitando_o_Poco_Azul_na_Chapada_Diamantina\" >Visitando o Po\u00e7o Azul na Chapada Diamantina<\/a><\/li><li class='ez-toc-page-1 ez-toc-heading-level-2'><a class=\"ez-toc-link ez-toc-heading-4\" href=\"https:\/\/quantocustaviajar.com\/blog\/poco-azul-e-poco-encantado-na-chapada-diamantina\/#Visitando_o_Poco_Encantado_na_Chapada_Diamantina\" >Visitando o Po\u00e7o Encantado na Chapada Diamantina<\/a><\/li><li class='ez-toc-page-1 ez-toc-heading-level-2'><a class=\"ez-toc-link ez-toc-heading-5\" href=\"https:\/\/quantocustaviajar.com\/blog\/poco-azul-e-poco-encantado-na-chapada-diamantina\/#Quanto_custa_visitar_o_Poco_Azul_e_o_Poco_Encantado_na_Chapada_Diamantina\" >Quanto custa visitar o Po\u00e7o Azul e o Po\u00e7o Encantado na Chapada Diamantina?<\/a><\/li><li class='ez-toc-page-1 ez-toc-heading-level-2'><a class=\"ez-toc-link ez-toc-heading-6\" href=\"https:\/\/quantocustaviajar.com\/blog\/poco-azul-e-poco-encantado-na-chapada-diamantina\/#O_que_levar_no_dia_do_passeio\" >O que levar no dia do passeio<\/a><\/li><li class='ez-toc-page-1 ez-toc-heading-level-2'><a class=\"ez-toc-link ez-toc-heading-7\" href=\"https:\/\/quantocustaviajar.com\/blog\/poco-azul-e-poco-encantado-na-chapada-diamantina\/#Mais_lugares_para_conhecer_na_Chapada_Diamantina\" >Mais lugares para conhecer na Chapada Diamantina<\/a><\/li><\/ul><\/nav><\/div>\n\n\n\n\n<p>\u00c9 bem prov\u00e1vel, inclusive, que voc\u00ea j\u00e1 tenha visto alguma foto desses <strong><a href=\"https:\/\/quantocustaviajar.com\/blog\/lugares-imperdiveis-na-bahia\/\" target=\"_blank\" rel=\"noreferrer noopener\" aria-label=\"lugares na Bahia (abre numa nova aba)\">lugares na Bahia<\/a><\/strong>, pois as \u00e1guas azuis predominantes nos dois po\u00e7os s\u00e3o amplamente divulgadas nos mais diversos tipos de ve\u00edculos de comunica\u00e7\u00e3o quando o assunto \u00e9 turismo ecol\u00f3gico em lugares distantes.<\/p>\n\n\n\n<figure class=\"wp-block-image aligncenter\"><img loading=\"lazy\" decoding=\"async\" width=\"800\" height=\"600\" src=\"https:\/\/quantocustaviajar.com\/blog\/wp-content\/uploads\/2021\/08\/poco-azul-e-poco-encantado-1.jpg\" alt=\"Po\u00e7o Azul e do Po\u00e7o Encantado\" class=\"wp-image-50050\" srcset=\"https:\/\/quantocustaviajar.com\/blog\/wp-content\/uploads\/2021\/08\/poco-azul-e-poco-encantado-1.jpg 800w, https:\/\/quantocustaviajar.com\/blog\/wp-content\/uploads\/2021\/08\/poco-azul-e-poco-encantado-1-300x225.jpg 300w, https:\/\/quantocustaviajar.com\/blog\/wp-content\/uploads\/2021\/08\/poco-azul-e-poco-encantado-1-768x576.jpg 768w\" sizes=\"auto, (max-width: 800px) 100vw, 800px\" \/><figcaption>Foto: reprodu\u00e7\u00e3o \/ <a href=\"https:\/\/www.cirtur.com.br\/poco-encantado-e-poco-azul\/\" rel=\"noopener\">Cirtur<\/a><\/figcaption><\/figure>\n\n\n\n<p>Hoje, falaremos a respeito do Po\u00e7o Azul e do Po\u00e7o Encantado, que podem ser visitados no mesmo dia. S\u00e3o dois pontos tur\u00edsticos que atraem cada vez mais pessoas interessadas em paisagens naturais e experi\u00eancias engrandecedoras. Confira as informa\u00e7\u00f5es abaixo e veja como n\u00e3o \u00e9 exagero chamar dois po\u00e7os naturais de <strong>para\u00edsos na Terra<\/strong>.<\/p>\n\n\n\n<p>\ud83d\udc49 <strong><a rel=\"noreferrer noopener\" aria-label=\"Encontre aqui sua passagem a\u00e9rea para a Bahia (abre numa nova aba)\" href=\"https:\/\/www.turismocity.com.br\/passagens-aereas-para-SSA-Salvador?from=SAO&amp;utm_source=qcv&amp;utm_medium=blog\" target=\"_blank\">Encontre aqui sua passagem a\u00e9rea para a Bahia<\/a><\/strong><\/p>\n\n\n\n<h2 class=\"wp-block-heading\"><span class=\"ez-toc-section\" id=\"Como_chegar_no_Poco_Azul_e_no_Poco_Encantado\"><\/span>Como chegar no Po\u00e7o Azul e no Po\u00e7o Encantado<span class=\"ez-toc-section-end\"><\/span><\/h2>\n\n\n\n<figure class=\"wp-block-image aligncenter\"><img loading=\"lazy\" decoding=\"async\" width=\"800\" height=\"600\" src=\"https:\/\/quantocustaviajar.com\/blog\/wp-content\/uploads\/2021\/08\/poco-azul-e-poco-encantado-2.jpg\" alt=\"po\u00e7o azul e po\u00e7o encantado\" class=\"wp-image-50051\" srcset=\"https:\/\/quantocustaviajar.com\/blog\/wp-content\/uploads\/2021\/08\/poco-azul-e-poco-encantado-2.jpg 800w, https:\/\/quantocustaviajar.com\/blog\/wp-content\/uploads\/2021\/08\/poco-azul-e-poco-encantado-2-300x225.jpg 300w, https:\/\/quantocustaviajar.com\/blog\/wp-content\/uploads\/2021\/08\/poco-azul-e-poco-encantado-2-768x576.jpg 768w\" sizes=\"auto, (max-width: 800px) 100vw, 800px\" \/><figcaption>Foto: reprodu\u00e7\u00e3o \/ <a href=\"https:\/\/www.cirtur.com.br\/poco-encantado-e-poco-azul\/\" rel=\"noopener\">Cirtur<\/a><\/figcaption><\/figure>\n\n\n\n<p>O bacana desses\ndois lugares \u00e9 que voc\u00ea n\u00e3o precisa de muito tempo para conhec\u00ea-los \u2014 o\nrecomendado, inclusive, \u00e9 visitar o Po\u00e7o Encantado e o Po\u00e7o Azul no mesmo dia. <\/p>\n\n\n\n<p>Localizados a uma hora de dist\u00e2ncia um do outro, o trajeto \u00e9 relativamente simples para ser feito de carro, at\u00e9 mesmo porque os caminhos s\u00e3o bem sinalizados. <\/p>\n\n\n\n<figure class=\"wp-block-image aligncenter\"><img loading=\"lazy\" decoding=\"async\" width=\"800\" height=\"600\" src=\"https:\/\/quantocustaviajar.com\/blog\/wp-content\/uploads\/2021\/08\/poco-azul-e-poco-encantado-3.jpg\" alt=\"po\u00e7o azul e po\u00e7o encantado\" class=\"wp-image-50052\" srcset=\"https:\/\/quantocustaviajar.com\/blog\/wp-content\/uploads\/2021\/08\/poco-azul-e-poco-encantado-3.jpg 800w, https:\/\/quantocustaviajar.com\/blog\/wp-content\/uploads\/2021\/08\/poco-azul-e-poco-encantado-3-300x225.jpg 300w, https:\/\/quantocustaviajar.com\/blog\/wp-content\/uploads\/2021\/08\/poco-azul-e-poco-encantado-3-768x576.jpg 768w\" sizes=\"auto, (max-width: 800px) 100vw, 800px\" \/><figcaption>Foto: reprodu\u00e7\u00e3o \/ <a href=\"https:\/\/www.chapadaadventure.com.br\/poco-azul-e-poco-encantado\/\" rel=\"noopener\">Chapada Adventure<\/a><\/figcaption><\/figure>\n\n\n\n<p>O Po\u00e7o Encantado\nfica no munic\u00edpio de Itaet\u00e9. A cidade est\u00e1 a 45 km de Andara\u00ed, 47 km de Mucug\u00ea\ne 141 km de Len\u00e7\u00f3is, que \u00e9 onde a maioria dos turistas costuma se hospedar para\nexplorar a regi\u00e3o da Chapada.<\/p>\n\n\n\n<p>O Po\u00e7o Azul fica\nem Nova Reden\u00e7\u00e3o. Esse munic\u00edpio est\u00e1 a 46 km de Andara\u00ed, 64 km de Mucug\u00ea, e 86\nkm de Len\u00e7\u00f3is. O ideal \u00e9 fazer o passeio de carro ou contratar uma ag\u00eancia de\nturismo \u2014 \u00e9 muito comum encontrar pacotes de passeios que oferecem transporte,\nseguro e almo\u00e7o. S\u00e3o uma excelente alternativa.<\/p>\n\n\n\n<p>Entre as empresas\nque oferecem o pacote para a visita\u00e7\u00e3o dos dois lugares, est\u00e3o:<\/p>\n\n\n\n<ul class=\"wp-block-list\"><li><a rel=\"noreferrer noopener\" aria-label=\" (abre numa nova aba)\" href=\"https:\/\/www.cirtur.com.br\/poco-encantado-e-poco-azul\/\" target=\"_blank\"><strong>Cirtur<\/strong><\/a>: o passeio come\u00e7a \u00e0s 8h e termina \u00e0s 16h. No valor, est\u00e3o inclusos os ingressos para a entrada nos po\u00e7os, o transporte, o guia tur\u00edstico, seguro, taxa para flutua\u00e7\u00e3o no Po\u00e7o Azul e o almo\u00e7o. <\/li><li><a rel=\"noreferrer noopener\" aria-label=\" (abre numa nova aba)\" href=\"https:\/\/www.voltaaoparque.com.br\/tour\/poco-azul-e-poco-encantado\/\" target=\"_blank\"><strong>Volta ao Parque<\/strong><\/a>: o passeio dessa ag\u00eancia vai das 8h30 at\u00e9 \u00e0s 19h30. Al\u00e9m de visitar os dois po\u00e7os, os turistas tamb\u00e9m conhecem a Vila de Igatu \u2014 Galeria Arte e Mem\u00f3ria. No pacote, est\u00e1 incluso o transporte saindo de Len\u00e7\u00f3is, as taxas de visita\u00e7\u00e3o e a flutua\u00e7\u00e3o no Po\u00e7o Azul, al\u00e9m de guia, seguro e almo\u00e7o. <\/li><li><a rel=\"noreferrer noopener\" aria-label=\" (abre numa nova aba)\" href=\"https:\/\/www.chapadaadventure.com.br\/poco-azul-e-poco-encantado\/\" target=\"_blank\"><strong>Chapada Adventure<\/strong><\/a>: o passeio oferecido pela Chapada Adventure leva grupos de at\u00e9 14 pessoas e conta com guia, taxas de entrada e almo\u00e7o pagos, al\u00e9m do colete salva-vidas. A sa\u00edda de Len\u00e7\u00f3is \u00e9 \u00e0s 8h e o retorno \u00e0s 17h.<\/li><\/ul>\n\n\n\n<h2 class=\"wp-block-heading\"><span class=\"ez-toc-section\" id=\"Quando_visitar_o_Poco_Azul_e_o_Poco_Encantado\"><\/span>Quando visitar o Po\u00e7o Azul e o Po\u00e7o Encantado<span class=\"ez-toc-section-end\"><\/span><\/h2>\n\n\n\n<figure class=\"wp-block-image aligncenter\"><img loading=\"lazy\" decoding=\"async\" width=\"1000\" height=\"667\" src=\"https:\/\/quantocustaviajar.com\/blog\/wp-content\/uploads\/2021\/08\/poco-azul-e-poco-encantado-4.jpg\" alt=\"po\u00e7o azul e po\u00e7o encantado\" class=\"wp-image-50053\" srcset=\"https:\/\/quantocustaviajar.com\/blog\/wp-content\/uploads\/2021\/08\/poco-azul-e-poco-encantado-4.jpg 1000w, https:\/\/quantocustaviajar.com\/blog\/wp-content\/uploads\/2021\/08\/poco-azul-e-poco-encantado-4-300x200.jpg 300w, https:\/\/quantocustaviajar.com\/blog\/wp-content\/uploads\/2021\/08\/poco-azul-e-poco-encantado-4-768x512.jpg 768w\" sizes=\"auto, (max-width: 1000px) 100vw, 1000px\" \/><figcaption>Foto: reprodu\u00e7\u00e3o \/ <a href=\"https:\/\/www.chapadaadventure.com.br\/poco-azul-e-poco-encantado\/\" rel=\"noopener\">Chapada Adventure<\/a><\/figcaption><\/figure>\n\n\n\n<p>A verdade \u00e9 que\nesses lugares s\u00e3o incr\u00edveis sempre, mas existe um detalhe muito bacana: <strong>entre\no dia 10 de abril e 10 de setembro, das 10h \u00e0s 13h30<\/strong>, os raios solares\nincidem diretamente sobre as \u00e1guas azuis cristalinas dos po\u00e7os, garantindo uma\nilumina\u00e7\u00e3o especial e melhorando ainda mais a paisagem.<\/p>\n\n\n\n<p>Esse per\u00edodo \u00e9\nconhecido como <strong>\u201ctemporada do raio\u201d,<\/strong> e os guias que trabalham orientando\nos turistas recomendam especialmente os meses de junho e julho para visita\u00e7\u00e3o,\nmas, \u00e9 claro, voc\u00ea pode ir em qualquer per\u00edodo sem medo de se arrepender!<\/p>\n\n\n\n<h2 class=\"wp-block-heading\"><span class=\"ez-toc-section\" id=\"Visitando_o_Poco_Azul_na_Chapada_Diamantina\"><\/span>Visitando o Po\u00e7o Azul na Chapada Diamantina<span class=\"ez-toc-section-end\"><\/span><\/h2>\n\n\n\n<figure class=\"wp-block-image aligncenter\"><img loading=\"lazy\" decoding=\"async\" width=\"800\" height=\"600\" src=\"https:\/\/quantocustaviajar.com\/blog\/wp-content\/uploads\/2021\/08\/poco-azul-e-poco-encantado-5.jpg\" alt=\"po\u00e7o azul e po\u00e7o encantado\" class=\"wp-image-50054\" srcset=\"https:\/\/quantocustaviajar.com\/blog\/wp-content\/uploads\/2021\/08\/poco-azul-e-poco-encantado-5.jpg 800w, https:\/\/quantocustaviajar.com\/blog\/wp-content\/uploads\/2021\/08\/poco-azul-e-poco-encantado-5-300x225.jpg 300w, https:\/\/quantocustaviajar.com\/blog\/wp-content\/uploads\/2021\/08\/poco-azul-e-poco-encantado-5-768x576.jpg 768w\" sizes=\"auto, (max-width: 800px) 100vw, 800px\" \/><figcaption>Foto: reprodu\u00e7\u00e3o \/ <a href=\"https:\/\/www.cirtur.com.br\/poco-encantado-e-poco-azul\/\" rel=\"noopener\">Cirtur<\/a><\/figcaption><\/figure>\n\n\n\n<p>O <strong>Po\u00e7o Azul <\/strong>\u00e9 um daqueles lugares que a natureza nos mostra como um verdadeiro presente. Ele \u00e9 o \u00fanico po\u00e7o onde a entrada \u00e9 permitida \u2014 mas aten\u00e7\u00e3o: <strong>voc\u00ea pode entrar nas \u00e1guas, mergulhar e flutuar, s\u00f3 n\u00e3o pode nadar<\/strong>. O Po\u00e7o Azul tem 20 m de largura e 60 m de profundidade, por isso \u00e9 fundamental o uso do colete. <\/p>\n\n\n\n<p>Logo na entrada\nda atra\u00e7\u00e3o, os turistas precisam preencher um formul\u00e1rio obrigat\u00f3rio e, em\nseguida, s\u00e3o convidados a tomar uma ducha r\u00e1pida, em chuveiros parecidos com\naqueles que vemos nas orlas das praias, para retirar resqu\u00edcios de cremes,\nprotetor solar e outras subst\u00e2ncias que possam estar na pele.<\/p>\n\n\n\n<p>Depois, cada visitante recebe um colete salva-vidas e um snorkel, caso deseje entrar nas \u00e1guas cristalinas do Po\u00e7o Azul. Importante saber que o <strong>caminho at\u00e9 o po\u00e7o \u00e9 feito por escadas<\/strong>, ent\u00e3o considere a ida e a volta na hora de avaliar seu condicionamento f\u00edsico \u2014 mas n\u00e3o se preocupe: a maioria das pessoas consegue fazer o passeio sem problemas.<\/p>\n\n\n\n<figure class=\"wp-block-image aligncenter\"><img loading=\"lazy\" decoding=\"async\" width=\"800\" height=\"600\" src=\"https:\/\/quantocustaviajar.com\/blog\/wp-content\/uploads\/2021\/08\/poco-azul-e-poco-encantado-6.jpg\" alt=\"po\u00e7o azul e po\u00e7o encantado\" class=\"wp-image-50055\" srcset=\"https:\/\/quantocustaviajar.com\/blog\/wp-content\/uploads\/2021\/08\/poco-azul-e-poco-encantado-6.jpg 800w, https:\/\/quantocustaviajar.com\/blog\/wp-content\/uploads\/2021\/08\/poco-azul-e-poco-encantado-6-300x225.jpg 300w, https:\/\/quantocustaviajar.com\/blog\/wp-content\/uploads\/2021\/08\/poco-azul-e-poco-encantado-6-768x576.jpg 768w\" sizes=\"auto, (max-width: 800px) 100vw, 800px\" \/><figcaption>Foto: reprodu\u00e7\u00e3o \/ <a href=\"https:\/\/www.cirtur.com.br\/poco-encantado-e-poco-azul\/\" rel=\"noopener\">Cirtur<\/a><\/figcaption><\/figure>\n\n\n\n<p>A hist\u00f3ria do\npo\u00e7o \u00e9 muito interessante tamb\u00e9m. Diz-se que o Po\u00e7o Azul foi descoberto na\nd\u00e9cada de 1940 por um garoto que entrou na gruta pensando que ali era uma toca\nde on\u00e7a. O local \u00e9 tombado como patrim\u00f4nio natural e, em 2005, cientistas\nencontraram ossadas de 48 esp\u00e9cies diferentes de animais nas \u00e1guas do po\u00e7o e,\ninclusive, f\u00f3sseis humanos de 6 mil anos atr\u00e1s!<\/p>\n\n\n\n<p>Os visitantes\npodem ficar no <strong>m\u00e1ximo 30 minutos na gruta (desses, 15 minutos dentro da\n\u00e1gua)<\/strong>, o que j\u00e1 \u00e9 o suficiente para mergulhar, apreciar o local e, claro,\nfazer fotos incr\u00edveis. A cor azul das \u00e1guas de ambos os po\u00e7os tem rela\u00e7\u00e3o com\nos minerais presentes na regi\u00e3o, especialmente o magn\u00e9sio e c\u00e1lcio.<\/p>\n\n\n\n<p>Menores de 12\nanos s\u00f3 podem visitar o local se estiverem acompanhados dos pais ou\nrespons\u00e1veis.<\/p>\n\n\n\n<h2 class=\"wp-block-heading\"><span class=\"ez-toc-section\" id=\"Visitando_o_Poco_Encantado_na_Chapada_Diamantina\"><\/span>Visitando o Po\u00e7o Encantado na Chapada Diamantina<span class=\"ez-toc-section-end\"><\/span><\/h2>\n\n\n\n<figure class=\"wp-block-image aligncenter\"><img loading=\"lazy\" decoding=\"async\" width=\"800\" height=\"600\" src=\"https:\/\/quantocustaviajar.com\/blog\/wp-content\/uploads\/2021\/08\/poco-azul-e-poco-encantado-7.jpg\" alt=\"\" class=\"wp-image-50056\" srcset=\"https:\/\/quantocustaviajar.com\/blog\/wp-content\/uploads\/2021\/08\/poco-azul-e-poco-encantado-7.jpg 800w, https:\/\/quantocustaviajar.com\/blog\/wp-content\/uploads\/2021\/08\/poco-azul-e-poco-encantado-7-300x225.jpg 300w, https:\/\/quantocustaviajar.com\/blog\/wp-content\/uploads\/2021\/08\/poco-azul-e-poco-encantado-7-768x576.jpg 768w\" sizes=\"auto, (max-width: 800px) 100vw, 800px\" \/><figcaption>Foto: <a href=\"https:\/\/commons.wikimedia.org\/wiki\/File:Raio_Po%C3%A7o_Encantado.jpg\" rel=\"noopener\">Wikimedia Commons<\/a><\/figcaption><\/figure>\n\n\n\n<p>O <strong>Po\u00e7o Encantado<\/strong> fica a aproximadamente 50 minutos de carro do Po\u00e7o Azul, e as atra\u00e7\u00f5es s\u00e3o bem parecidas, mas t\u00eam diferen\u00e7as que precisam ser pontuadas.<\/p>\n\n\n\n<p>Ao contr\u00e1rio do\nque acontece no Po\u00e7o Azul, <strong>quem visita o Po\u00e7o Encantado n\u00e3o pode entrar nas\n\u00e1guas<\/strong>. Al\u00e9m disso, \u00e9 fundamental usar t\u00eanis ou outro sapato fechado para\npercorrer o caminho at\u00e9 a gruta \u2014 os turistas s\u00e3o proibidos de fazer a\nvisita\u00e7\u00e3o usando sand\u00e1lia ou chinelo.<\/p>\n\n\n\n<p>Na recep\u00e7\u00e3o do Po\u00e7o Encantado, os visitantes recebem um capacete com lanterna e s\u00e3o acompanhados por um guia local. Os turistas s\u00e3o agrupados conforme a ordem de chegada, e a descida \u00e9 permitida para grupos de no m\u00e1ximo 25 pessoas, com dura\u00e7\u00e3o de 30 minutos.<\/p>\n\n\n\n<figure class=\"wp-block-image aligncenter\"><img loading=\"lazy\" decoding=\"async\" width=\"730\" height=\"487\" src=\"https:\/\/quantocustaviajar.com\/blog\/wp-content\/uploads\/2021\/08\/poco-azul-e-poco-encantado-8.jpg\" alt=\"\" class=\"wp-image-50057\" srcset=\"https:\/\/quantocustaviajar.com\/blog\/wp-content\/uploads\/2021\/08\/poco-azul-e-poco-encantado-8.jpg 730w, https:\/\/quantocustaviajar.com\/blog\/wp-content\/uploads\/2021\/08\/poco-azul-e-poco-encantado-8-300x200.jpg 300w\" sizes=\"auto, (max-width: 730px) 100vw, 730px\" \/><figcaption>Foto: <a href=\"https:\/\/commons.wikimedia.org\/wiki\/File:Foto_do_Po%C3%A7o_Encantado,_na_Chapada_Diamantina.jpg\" rel=\"noopener\">Wikimedia Commons<\/a><\/figcaption><\/figure>\n\n\n\n<p>A descida \u00e9 mais\ncomplicada. <strong>S\u00e3o 220 metros de escadas e mais uma pequena trilha<\/strong>, j\u00e1\ndentro da caverna, at\u00e9 o Po\u00e7o Encantado \u2014 nessa trilha, n\u00e3o h\u00e1 ilumina\u00e7\u00e3o al\u00e9m\ndas lanternas dos capacetes, mas existem cordas que ajudam os visitantes a\npercorrerem o caminho.<\/p>\n\n\n\n<p>Ao chegarem \u00e0\nbeira do po\u00e7o, os visitantes podem se sentar em uma esp\u00e9cie de <strong>\u201carquibancada\nnatural\u201d,<\/strong> para admirar o lugar e ouvir as explica\u00e7\u00f5es dadas pelo guia. O\nPo\u00e7o Encantado tem mais de 60 m de profundidade, e suas \u00e1guas extremamente\ncristalinas permitem que os visitantes consigam contemplar toda a estrutura do\nlugar tamb\u00e9m. \u00c9 simplesmente encantador!<\/p>\n\n\n\n<p>Menores de 12\nanos s\u00f3 podem visitar o local se estiverem acompanhados dos pais ou\nrespons\u00e1veis.<\/p>\n\n\n\n<h2 class=\"wp-block-heading\"><span class=\"ez-toc-section\" id=\"Quanto_custa_visitar_o_Poco_Azul_e_o_Poco_Encantado_na_Chapada_Diamantina\"><\/span>Quanto custa visitar o Po\u00e7o Azul e o Po\u00e7o Encantado na Chapada Diamantina?<span class=\"ez-toc-section-end\"><\/span><\/h2>\n\n\n\n<figure class=\"wp-block-image aligncenter\"><img loading=\"lazy\" decoding=\"async\" width=\"800\" height=\"600\" src=\"https:\/\/quantocustaviajar.com\/blog\/wp-content\/uploads\/2021\/08\/poco-azul-e-poco-encantado-9.jpg\" alt=\"\" class=\"wp-image-50058\" srcset=\"https:\/\/quantocustaviajar.com\/blog\/wp-content\/uploads\/2021\/08\/poco-azul-e-poco-encantado-9.jpg 800w, https:\/\/quantocustaviajar.com\/blog\/wp-content\/uploads\/2021\/08\/poco-azul-e-poco-encantado-9-300x225.jpg 300w, https:\/\/quantocustaviajar.com\/blog\/wp-content\/uploads\/2021\/08\/poco-azul-e-poco-encantado-9-768x576.jpg 768w\" sizes=\"auto, (max-width: 800px) 100vw, 800px\" \/><figcaption>Foto: reprodu\u00e7\u00e3o \/ <a href=\"https:\/\/www.cirtur.com.br\/poco-encantado-e-poco-azul\/\" rel=\"noopener\">Cirtur<\/a><\/figcaption><\/figure>\n\n\n\n<p>A taxa de entrada\npara cada um dos po\u00e7os \u00e9 de <strong>R$ 30 por pessoa<\/strong>, e as ag\u00eancias que\ntrabalham com pacotes de passeios que abrangem os dois locais j\u00e1 consideram\nessa taxa dentro do valor total de cada passeio. Mais acima, citamos tr\u00eas\nag\u00eancias que t\u00eam ofertas muito parecidas para os turistas que desejam conhecer\ntanto o Po\u00e7o Azul quanto o Po\u00e7o Encantado. Confira:<\/p>\n\n\n\n<ul class=\"wp-block-list\"><li><strong><a rel=\"noreferrer noopener\" aria-label=\" (abre numa nova aba)\" href=\"https:\/\/www.cirtur.com.br\/poco-encantado-e-poco-azul\/\" target=\"_blank\">Cirtur<\/a><\/strong>: os passeios s\u00e3o realizados em grupo, mas o valor \u00e9 cobrado de forma individual, custando R$ 299 (no cart\u00e3o) ou R$ 279,99 (em esp\u00e9cie) por pessoa.<\/li><li><strong><a rel=\"noreferrer noopener\" aria-label=\" (abre numa nova aba)\" href=\"https:\/\/www.voltaaoparque.com.br\/tour\/poco-azul-e-poco-encantado\/\" target=\"_blank\">Volta ao Parque<\/a><\/strong>: essa ag\u00eancia trabalha com um pacote que inclui o Po\u00e7o Azul, o Po\u00e7o Encantado e Igatu. O valor individual para grupos reduzidos est\u00e1 R$ 430.<\/li><li><strong><a href=\"https:\/\/www.chapadaadventure.com.br\/poco-azul-e-poco-encantado\/\" target=\"_blank\" rel=\"noreferrer noopener\" aria-label=\" (abre numa nova aba)\">Chapada Adventure<\/a><\/strong>: o Chapada Adventure tamb\u00e9m trabalha com passeios em grupos de at\u00e9 14 pessoas. O valor individual \u00e9 de R$ 290.<\/li><\/ul>\n\n\n\n<p>Lembre-se de que\nesses pre\u00e7os foram pesquisados em agosto de 2021 e podem ser alterados sem\naviso pr\u00e9vio. Por isso \u00e9 fundamental entrar em contato com as ag\u00eancias e\nconferir os valores na hora de planejar a sua viagem.<\/p>\n\n\n\n<h2 class=\"wp-block-heading\"><span class=\"ez-toc-section\" id=\"O_que_levar_no_dia_do_passeio\"><\/span>O que levar no dia do passeio<span class=\"ez-toc-section-end\"><\/span><\/h2>\n\n\n\n<figure class=\"wp-block-image aligncenter\"><img loading=\"lazy\" decoding=\"async\" width=\"800\" height=\"600\" src=\"https:\/\/quantocustaviajar.com\/blog\/wp-content\/uploads\/2021\/08\/poco-azul-e-poco-encantado-10.jpg\" alt=\"\" class=\"wp-image-50059\" srcset=\"https:\/\/quantocustaviajar.com\/blog\/wp-content\/uploads\/2021\/08\/poco-azul-e-poco-encantado-10.jpg 800w, https:\/\/quantocustaviajar.com\/blog\/wp-content\/uploads\/2021\/08\/poco-azul-e-poco-encantado-10-300x225.jpg 300w, https:\/\/quantocustaviajar.com\/blog\/wp-content\/uploads\/2021\/08\/poco-azul-e-poco-encantado-10-768x576.jpg 768w\" sizes=\"auto, (max-width: 800px) 100vw, 800px\" \/><figcaption>Foto: reprodu\u00e7\u00e3o \/ <a href=\"https:\/\/www.cirtur.com.br\/poco-encantado-e-poco-azul\/\" rel=\"noopener\">Cirtur<\/a><\/figcaption><\/figure>\n\n\n\n<p>\u00c9 importante ter\naten\u00e7\u00e3o na hora de fazer sua mochila para o dia do passeio. Listamos itens que\ns\u00e3o essenciais:<\/p>\n\n\n\n<ul class=\"wp-block-list\"><li>Agasalho\nleve para dias mais frescos;<\/li><li>\u00c1gua\npara consumo;<\/li><li>Bon\u00e9\nou chap\u00e9u;<\/li><li>Blusa\ncomprida com prote\u00e7\u00e3o solar;<\/li><li>Capa\nde chuva;<\/li><li>Chinelo\nde dedo;<\/li><li>Documento\nde identifica\u00e7\u00e3o;<\/li><li>Lanche;<\/li><li>Lanterna;<\/li><li>Protetor\nsolar;<\/li><li>Rem\u00e9dios\nde rotina;<\/li><li>Repelente;<\/li><li>Roupa\nde banho;<\/li><li>Roupas\nleves para caminhada;<\/li><li>T\u00eanis\nou bota para caminhada;<\/li><li>Toalha\npequena.<\/li><li>Sacolas\npara guardar itens molhados e lixo.<\/li><\/ul>\n\n\n\n<h2 class=\"wp-block-heading\"><span class=\"ez-toc-section\" id=\"Mais_lugares_para_conhecer_na_Chapada_Diamantina\"><\/span>Mais lugares para conhecer na Chapada Diamantina<span class=\"ez-toc-section-end\"><\/span><\/h2>\n\n\n\n<figure class=\"wp-block-image aligncenter\"><img loading=\"lazy\" decoding=\"async\" width=\"800\" height=\"600\" src=\"https:\/\/quantocustaviajar.com\/blog\/wp-content\/uploads\/2019\/06\/chapada-diamantina-25.jpg\" alt=\"chapada diamantina\" class=\"wp-image-35582\" srcset=\"https:\/\/quantocustaviajar.com\/blog\/wp-content\/uploads\/2019\/06\/chapada-diamantina-25.jpg 800w, https:\/\/quantocustaviajar.com\/blog\/wp-content\/uploads\/2019\/06\/chapada-diamantina-25-300x225.jpg 300w, https:\/\/quantocustaviajar.com\/blog\/wp-content\/uploads\/2019\/06\/chapada-diamantina-25-768x576.jpg 768w\" sizes=\"auto, (max-width: 800px) 100vw, 800px\" \/><figcaption>Foto: <a href=\"https:\/\/commons.wikimedia.org\/wiki\/File:Cachoeira_do_Burac%C3%A3o_-_Chapada_Diamantina.jpg\" target=\"_blank\" rel=\"noopener noreferrer\">Wikimedia Commons<\/a><\/figcaption><\/figure>\n\n\n\n<p>A <strong><a href=\"https:\/\/quantocustaviajar.com\/blog\/chapada-diamantina-bahia-brasil\/\" target=\"_blank\" rel=\"noreferrer noopener\" aria-label=\" (abre numa nova aba)\">Chapada Diamantina<\/a><\/strong> engloba uma \u00e1rea grande e que conta com muitos outros pontos tur\u00edsticos <strong>al\u00e9m do Po\u00e7o Azul e do Po\u00e7o Encantado<\/strong>. Confira algumas das nossas dicas:<\/p>\n\n\n\n<p>Se voc\u00ea \u00e9 f\u00e3 de\ncachoeiras, vai amar conhecer o <strong>Po\u00e7o do Diabo<\/strong>, localizado em Len\u00e7\u00f3is, que\ntem quedas d\u2019\u00e1gua de 20 metros de altura. A paisagem \u00e9 exuberante e os\nvisitantes podem tomar banho no local, se desejarem \u2014 mas salte sem medo, pois\na \u00e1gua \u00e9 bem gelada! <strong>O acesso \u00e9 pela\nBR-242 e n\u00e3o \u00e9 preciso pagar para entrar.<\/strong><\/p>\n\n\n\n<p>A incr\u00edvel <strong>Gruta\nLapa Doce<\/strong> faz parte dos 42 km de cavernas existentes na Chapada Diamantina.\nPara chegar at\u00e9 o local, que fica em Iraquara, s\u00e3o 2,5 km de trilha, em uma caminhada relativamente\ntranquila, e depois s\u00e3o 700 m de descida at\u00e9 as forma\u00e7\u00f5es de rochas calc\u00e1rias,\nque s\u00e3o verdadeiras esculturas naturais. <strong>Valor\nda entrada: R$ 30.<\/strong><\/p>\n\n\n\n<p>Mais uma cachoeira exuberante e que merece ser conhecida, at\u00e9 mesmo porque estamos falando da maior cachoeira de todo o pa\u00eds: a <strong>Cachoeira da Fuma\u00e7a<\/strong>, que fica no Vale do Cap\u00e3o! S\u00e3o 340 m de queda d\u2019\u00e1gua, criando uma paisagem encantadora e que \u00e9 parada obrigat\u00f3ria para quem est\u00e1 conhecendo a Chapada Diamantina. <strong>Para visitar, n\u00e3o \u00e9 preciso pagar entrada, mas o local aceita contribui\u00e7\u00f5es volunt\u00e1rias para ajudar em sua preserva\u00e7\u00e3o.<\/strong><\/p>\n\n\n\n<p>Outra \u00f3tima op\u00e7\u00e3o\ninserida em meio \u00e0 natureza \u00e9 visitar a Cachoeira do Burac\u00e3o, em Ibicoara. As\nquedas d\u2019\u00e1gua s\u00e3o de 85 metros, e a cachoeira est\u00e1 em meio a c\u00e2nions sinuosos,\ncriando uma paisagem fenomenal e extremamente rica em formas e cores. Depois do\nestacionamento, \u00e9 preciso percorrer uma trilha de 3 km, em uma caminhada que\ndura cerca de 1h. Se quiser entrar na \u00e1gua, ser\u00e1 preciso usar um colete\nsalva-vidas. <strong>Valor da entrada: R$ 6.<\/strong><\/p>\n\n\n\n<p class=\"has-text-align-center\">&#8230;<\/p>\n\n\n\n<p>E a\u00ed, d\u00e1 ou n\u00e3o d\u00e1 vontade de ir hoje mesmo para a Chapada Diamantina e conhecer essas belezas naturais? Esperamos que voc\u00ea consiga fazer essa viagem em breve, hein! Depois nos conte como foi!<\/p>\n\n\n\n<p>Para pensar na sua hospedagem, as principais cidades na Bahia que funcionam como base para quem viaja para a Chapada Diamantina s\u00e3o: <strong><a href=\"https:\/\/www.booking.com\/city\/br\/lencois.pt-br.html?aid=2161834\" target=\"_blank\" rel=\"noreferrer noopener\" aria-label=\" (abre numa nova aba)\">Len\u00e7\u00f3is<\/a><\/strong>, <a rel=\"noreferrer noopener\" target=\"_blank\" href=\"https:\/\/www.booking.com\/city\/br\/mucuge.pt-br.html?aid=2161834\"><strong>Mucug\u00ea<\/strong><\/a>,&nbsp;<a rel=\"noreferrer noopener\" target=\"_blank\" href=\"https:\/\/www.booking.com\/city\/br\/ibicoara.pt-br.html?aid=2161834\"><strong>Ibicoara<\/strong><\/a>, <a rel=\"noreferrer noopener\" target=\"_blank\" href=\"https:\/\/www.booking.com\/city\/br\/palmeiras.pt-br.html?aid=2161834\"><strong>Palmeiras<\/strong><\/a>, <a rel=\"noreferrer noopener\" target=\"_blank\" href=\"https:\/\/www.booking.com\/city\/br\/andarai.pt-br.html?aid=2161834\"><strong>Andara\u00ed<\/strong><\/a>&nbsp; e&nbsp;<a rel=\"noreferrer noopener\" target=\"_blank\" href=\"https:\/\/www.booking.com\/city\/br\/rio-de-contas.pt-br.html?aid=2161834\"><strong>Rio de Contas<\/strong><\/a>. As vilas&nbsp;<a rel=\"noreferrer noopener\" target=\"_blank\" href=\"https:\/\/www.booking.com\/city\/br\/igatu.pt-br.html?aid=2161834\"><strong>Igat\u00fa<\/strong><\/a>&nbsp;e&nbsp;<a rel=\"noreferrer noopener\" target=\"_blank\" href=\"https:\/\/www.booking.com\/city\/br\/vale-do-capao.pt-br.html?aid=2161834\"><strong>Vale do Cap\u00e3o<\/strong><\/a>&nbsp;tamb\u00e9m fazem parte do roteiro. <\/p>\n","protected":false},"excerpt":{"rendered":"<p>A Chapada Diamantina \u00e9 uma regi\u00e3o incr\u00edvel, cheia de atra\u00e7\u00f5es para quem gosta de ter mais contato com a natureza e tamb\u00e9m para aqueles que buscam o sossego dos lugares mais afastados e das cidades pequenas, onde os moradores s\u00e3o conhecidos pelo nome. Agora, quando o assunto \u00e9 parada obrigat\u00f3ria na Chapada, n\u00e3o h\u00e1 d\u00favidas: [&hellip;]<\/p>\n","protected":false},"author":11,"featured_media":50055,"comment_status":"open","ping_status":"open","sticky":false,"template":"page-templates\/featured-img-above.php","format":"standard","meta":{"cybocfi_hide_featured_image":"","footnotes":""},"categories":[1437],"tags":[272,266,1654,2344,111],"class_list":["post-50049","post","type-post","status-publish","format-standard","has-post-thumbnail","hentry","category-ao-ar-livre","tag-bahia","tag-brasil","tag-chapada-diamantina","tag-flutuacao","tag-natureza"],"blocksy_meta":[],"yoast_head":"<!-- This site is optimized with the Yoast SEO plugin v26.3 - https:\/\/yoast.com\/wordpress\/plugins\/seo\/ -->\n<title>Po\u00e7o Azul e Po\u00e7o Encantado: duas maravilhas na Chapada Diamantina<\/title>\n<meta name=\"description\" content=\"Po\u00e7o Azul e Po\u00e7o Encantado s\u00e3o duas atra\u00e7\u00f5es naturais para visitar durante uma viagem \u00e0 Chapada Diamantina. Saiba mais sobre cada um dos passeios.\" \/>\n<meta name=\"robots\" content=\"index, follow, max-snippet:-1, max-image-preview:large, max-video-preview:-1\" \/>\n<link rel=\"canonical\" href=\"https:\/\/quantocustaviajar.com\/blog\/poco-azul-e-poco-encantado-na-chapada-diamantina\/\" \/>\n<meta property=\"og:locale\" content=\"pt_BR\" \/>\n<meta property=\"og:type\" content=\"article\" \/>\n<meta property=\"og:title\" content=\"Po\u00e7o Azul e Po\u00e7o Encantado: duas maravilhas na Chapada Diamantina\" \/>\n<meta property=\"og:description\" content=\"Po\u00e7o Azul e Po\u00e7o Encantado s\u00e3o duas atra\u00e7\u00f5es naturais para visitar durante uma viagem \u00e0 Chapada Diamantina. Saiba mais sobre cada um dos passeios.\" \/>\n<meta property=\"og:url\" content=\"https:\/\/quantocustaviajar.com\/blog\/poco-azul-e-poco-encantado-na-chapada-diamantina\/\" \/>\n<meta property=\"og:site_name\" content=\"Blog Quanto Custa Viajar\" \/>\n<meta property=\"article:publisher\" content=\"https:\/\/www.facebook.com\/quantocustaviajar\" \/>\n<meta property=\"article:published_time\" content=\"2025-02-13T12:15:00+00:00\" \/>\n<meta property=\"article:modified_time\" content=\"2025-06-10T15:43:09+00:00\" \/>\n<meta property=\"og:image\" content=\"https:\/\/quantocustaviajar.com\/blog\/wp-content\/uploads\/2021\/08\/poco-azul-e-poco-encantado-6.jpg\" \/>\n\t<meta property=\"og:image:width\" content=\"800\" \/>\n\t<meta property=\"og:image:height\" content=\"600\" \/>\n\t<meta property=\"og:image:type\" content=\"image\/jpeg\" \/>\n<meta name=\"author\" content=\"Andressa Xavier Pellanda\" \/>\n<meta name=\"twitter:card\" content=\"summary_large_image\" \/>\n<meta name=\"twitter:label1\" content=\"Escrito por\" \/>\n\t<meta name=\"twitter:data1\" content=\"Andressa Xavier Pellanda\" \/>\n\t<meta name=\"twitter:label2\" content=\"Est. tempo de leitura\" \/>\n\t<meta name=\"twitter:data2\" content=\"13 minutos\" \/>\n<!-- \/ Yoast SEO plugin. -->","yoast_head_json":{"title":"Po\u00e7o Azul e Po\u00e7o Encantado: duas maravilhas na Chapada Diamantina","description":"Po\u00e7o Azul e Po\u00e7o Encantado s\u00e3o duas atra\u00e7\u00f5es naturais para visitar durante uma viagem \u00e0 Chapada Diamantina. Saiba mais sobre cada um dos passeios.","robots":{"index":"index","follow":"follow","max-snippet":"max-snippet:-1","max-image-preview":"max-image-preview:large","max-video-preview":"max-video-preview:-1"},"canonical":"https:\/\/quantocustaviajar.com\/blog\/poco-azul-e-poco-encantado-na-chapada-diamantina\/","og_locale":"pt_BR","og_type":"article","og_title":"Po\u00e7o Azul e Po\u00e7o Encantado: duas maravilhas na Chapada Diamantina","og_description":"Po\u00e7o Azul e Po\u00e7o Encantado s\u00e3o duas atra\u00e7\u00f5es naturais para visitar durante uma viagem \u00e0 Chapada Diamantina. Saiba mais sobre cada um dos passeios.","og_url":"https:\/\/quantocustaviajar.com\/blog\/poco-azul-e-poco-encantado-na-chapada-diamantina\/","og_site_name":"Blog Quanto Custa Viajar","article_publisher":"https:\/\/www.facebook.com\/quantocustaviajar","article_published_time":"2025-02-13T12:15:00+00:00","article_modified_time":"2025-06-10T15:43:09+00:00","og_image":[{"width":800,"height":600,"url":"https:\/\/quantocustaviajar.com\/blog\/wp-content\/uploads\/2021\/08\/poco-azul-e-poco-encantado-6.jpg","type":"image\/jpeg"}],"author":"Andressa Xavier Pellanda","twitter_card":"summary_large_image","twitter_misc":{"Escrito por":"Andressa Xavier Pellanda","Est. tempo de leitura":"13 minutos"},"schema":{"@context":"https:\/\/schema.org","@graph":[{"@type":["Article","BlogPosting"],"@id":"https:\/\/quantocustaviajar.com\/blog\/poco-azul-e-poco-encantado-na-chapada-diamantina\/#article","isPartOf":{"@id":"https:\/\/quantocustaviajar.com\/blog\/poco-azul-e-poco-encantado-na-chapada-diamantina\/"},"author":{"name":"Andressa Xavier Pellanda","@id":"https:\/\/quantocustaviajar.com\/blog\/#\/schema\/person\/81b0aaf2069da1a2da54677906b42d3c"},"headline":"Po\u00e7o Azul e Po\u00e7o Encantado: duas maravilhas na Chapada Diamantina","datePublished":"2025-02-13T12:15:00+00:00","dateModified":"2025-06-10T15:43:09+00:00","mainEntityOfPage":{"@id":"https:\/\/quantocustaviajar.com\/blog\/poco-azul-e-poco-encantado-na-chapada-diamantina\/"},"wordCount":1974,"commentCount":0,"publisher":{"@id":"https:\/\/quantocustaviajar.com\/blog\/#organization"},"image":{"@id":"https:\/\/quantocustaviajar.com\/blog\/poco-azul-e-poco-encantado-na-chapada-diamantina\/#primaryimage"},"thumbnailUrl":"https:\/\/quantocustaviajar.com\/blog\/wp-content\/uploads\/2021\/08\/poco-azul-e-poco-encantado-6.jpg","keywords":["Bahia","Brasil","chapada diamantina","flutuacao","natureza"],"articleSection":["Ao Ar Livre"],"inLanguage":"pt-BR","potentialAction":[{"@type":"CommentAction","name":"Comment","target":["https:\/\/quantocustaviajar.com\/blog\/poco-azul-e-poco-encantado-na-chapada-diamantina\/#respond"]}]},{"@type":"WebPage","@id":"https:\/\/quantocustaviajar.com\/blog\/poco-azul-e-poco-encantado-na-chapada-diamantina\/","url":"https:\/\/quantocustaviajar.com\/blog\/poco-azul-e-poco-encantado-na-chapada-diamantina\/","name":"Po\u00e7o Azul e Po\u00e7o Encantado: duas maravilhas na Chapada Diamantina","isPartOf":{"@id":"https:\/\/quantocustaviajar.com\/blog\/#website"},"primaryImageOfPage":{"@id":"https:\/\/quantocustaviajar.com\/blog\/poco-azul-e-poco-encantado-na-chapada-diamantina\/#primaryimage"},"image":{"@id":"https:\/\/quantocustaviajar.com\/blog\/poco-azul-e-poco-encantado-na-chapada-diamantina\/#primaryimage"},"thumbnailUrl":"https:\/\/quantocustaviajar.com\/blog\/wp-content\/uploads\/2021\/08\/poco-azul-e-poco-encantado-6.jpg","datePublished":"2025-02-13T12:15:00+00:00","dateModified":"2025-06-10T15:43:09+00:00","description":"Po\u00e7o Azul e Po\u00e7o Encantado s\u00e3o duas atra\u00e7\u00f5es naturais para visitar durante uma viagem \u00e0 Chapada Diamantina. Saiba mais sobre cada um dos passeios.","breadcrumb":{"@id":"https:\/\/quantocustaviajar.com\/blog\/poco-azul-e-poco-encantado-na-chapada-diamantina\/#breadcrumb"},"inLanguage":"pt-BR","potentialAction":[{"@type":"ReadAction","target":["https:\/\/quantocustaviajar.com\/blog\/poco-azul-e-poco-encantado-na-chapada-diamantina\/"]}]},{"@type":"ImageObject","inLanguage":"pt-BR","@id":"https:\/\/quantocustaviajar.com\/blog\/poco-azul-e-poco-encantado-na-chapada-diamantina\/#primaryimage","url":"https:\/\/quantocustaviajar.com\/blog\/wp-content\/uploads\/2021\/08\/poco-azul-e-poco-encantado-6.jpg","contentUrl":"https:\/\/quantocustaviajar.com\/blog\/wp-content\/uploads\/2021\/08\/poco-azul-e-poco-encantado-6.jpg","width":800,"height":600,"caption":"Foto: reprodu\u00e7\u00e3o \/ Cirtur"},{"@type":"BreadcrumbList","@id":"https:\/\/quantocustaviajar.com\/blog\/poco-azul-e-poco-encantado-na-chapada-diamantina\/#breadcrumb","itemListElement":[{"@type":"ListItem","position":1,"name":"In\u00edcio","item":"https:\/\/quantocustaviajar.com\/blog\/"},{"@type":"ListItem","position":2,"name":"Po\u00e7o Azul e Po\u00e7o Encantado: duas maravilhas na Chapada Diamantina"}]},{"@type":"WebSite","@id":"https:\/\/quantocustaviajar.com\/blog\/#website","url":"https:\/\/quantocustaviajar.com\/blog\/","name":"Blog Quanto Custa Viajar","description":"","publisher":{"@id":"https:\/\/quantocustaviajar.com\/blog\/#organization"},"potentialAction":[{"@type":"SearchAction","target":{"@type":"EntryPoint","urlTemplate":"https:\/\/quantocustaviajar.com\/blog\/?s={search_term_string}"},"query-input":{"@type":"PropertyValueSpecification","valueRequired":true,"valueName":"search_term_string"}}],"inLanguage":"pt-BR"},{"@type":"Organization","@id":"https:\/\/quantocustaviajar.com\/blog\/#organization","name":"Quanto Custa Viajar","url":"https:\/\/quantocustaviajar.com\/blog\/","logo":{"@type":"ImageObject","inLanguage":"pt-BR","@id":"https:\/\/quantocustaviajar.com\/blog\/#\/schema\/logo\/image\/","url":"","contentUrl":"","caption":"Quanto Custa Viajar"},"image":{"@id":"https:\/\/quantocustaviajar.com\/blog\/#\/schema\/logo\/image\/"},"sameAs":["https:\/\/www.facebook.com\/quantocustaviajar"]},{"@type":"Person","@id":"https:\/\/quantocustaviajar.com\/blog\/#\/schema\/person\/81b0aaf2069da1a2da54677906b42d3c","name":"Andressa Xavier Pellanda","image":{"@type":"ImageObject","inLanguage":"pt-BR","@id":"https:\/\/quantocustaviajar.com\/blog\/#\/schema\/person\/image\/","url":"https:\/\/secure.gravatar.com\/avatar\/efccc167c341de2100a574b335de06f5efda2310964e70124d995491728ed674?s=96&d=mm&r=g","contentUrl":"https:\/\/secure.gravatar.com\/avatar\/efccc167c341de2100a574b335de06f5efda2310964e70124d995491728ed674?s=96&d=mm&r=g","caption":"Andressa Xavier Pellanda"},"description":"Eu gosto de viajar antes mesmo de chegar ao destino!","url":"https:\/\/quantocustaviajar.com\/blog\/author\/andressa\/"}]}},"_links":{"self":[{"href":"https:\/\/quantocustaviajar.com\/blog\/wp-json\/wp\/v2\/posts\/50049","targetHints":{"allow":["GET"]}}],"collection":[{"href":"https:\/\/quantocustaviajar.com\/blog\/wp-json\/wp\/v2\/posts"}],"about":[{"href":"https:\/\/quantocustaviajar.com\/blog\/wp-json\/wp\/v2\/types\/post"}],"author":[{"embeddable":true,"href":"https:\/\/quantocustaviajar.com\/blog\/wp-json\/wp\/v2\/users\/11"}],"replies":[{"embeddable":true,"href":"https:\/\/quantocustaviajar.com\/blog\/wp-json\/wp\/v2\/comments?post=50049"}],"version-history":[{"count":4,"href":"https:\/\/quantocustaviajar.com\/blog\/wp-json\/wp\/v2\/posts\/50049\/revisions"}],"predecessor-version":[{"id":74103,"href":"https:\/\/quantocustaviajar.com\/blog\/wp-json\/wp\/v2\/posts\/50049\/revisions\/74103"}],"wp:featuredmedia":[{"embeddable":true,"href":"https:\/\/quantocustaviajar.com\/blog\/wp-json\/wp\/v2\/media\/50055"}],"wp:attachment":[{"href":"https:\/\/quantocustaviajar.com\/blog\/wp-json\/wp\/v2\/media?parent=50049"}],"wp:term":[{"taxonomy":"category","embeddable":true,"href":"https:\/\/quantocustaviajar.com\/blog\/wp-json\/wp\/v2\/categories?post=50049"},{"taxonomy":"post_tag","embeddable":true,"href":"https:\/\/quantocustaviajar.com\/blog\/wp-json\/wp\/v2\/tags?post=50049"}],"curies":[{"name":"wp","href":"https:\/\/api.w.org\/{rel}","templated":true}]}}