{"id":49904,"date":"2021-08-27T12:40:38","date_gmt":"2021-08-27T12:40:38","guid":{"rendered":"https:\/\/quantocustaviajar.com\/blog\/?p=49904"},"modified":"2021-08-27T12:40:40","modified_gmt":"2021-08-27T12:40:40","slug":"canion-do-funil-em-sc","status":"publish","type":"post","link":"https:\/\/quantocustaviajar.com\/blog\/canion-do-funil-em-sc\/","title":{"rendered":"C\u00e2nion do Funil em SC: uma aventura cercada por pared\u00f5es imensos"},"content":{"rendered":"\n<p>Se voc\u00ea gosta de fazer turismo ecol\u00f3gico e, de quebra, conhecer lugares repletos de \u00e1rea verde e longe da loucura do cotidiano, o <strong>C\u00e2nion do Funil<\/strong>, que fica em Bom Jardim da Serra, em <a href=\"https:\/\/quantocustaviajar.com\/blog\/lugares-para-conhecer-no-interior-de-santa-catarina\/\">Santa Catarina<\/a>, \u00e9 uma excelente op\u00e7\u00e3o. Conhecido por suas forma\u00e7\u00f5es pontiagudas e pared\u00f5es gigantes, a regi\u00e3o atrai turistas que buscam <strong>aventura e paisagens inesquec\u00edveis<\/strong>.<\/p><div id=\"ez-toc-container\" class=\"ez-toc-v2_0_76 ez-toc-wrap-left counter-hierarchy ez-toc-counter ez-toc-light-blue ez-toc-container-direction\">\n<div class=\"ez-toc-title-container\">\n<p class=\"ez-toc-title\" style=\"cursor:inherit\">Aqui voc\u00ea ir\u00e1 encontrar<\/p>\n<span class=\"ez-toc-title-toggle\"><a href=\"#\" class=\"ez-toc-pull-right ez-toc-btn ez-toc-btn-xs ez-toc-btn-default ez-toc-toggle\" aria-label=\"Alternar tabela de conte\u00fado\"><span class=\"ez-toc-js-icon-con\"><span class=\"\"><span class=\"eztoc-hide\" style=\"display:none;\">Toggle<\/span><span class=\"ez-toc-icon-toggle-span\"><svg style=\"fill: #999;color:#999\" xmlns=\"http:\/\/www.w3.org\/2000\/svg\" class=\"list-377408\" width=\"20px\" height=\"20px\" viewBox=\"0 0 24 24\" fill=\"none\"><path d=\"M6 6H4v2h2V6zm14 0H8v2h12V6zM4 11h2v2H4v-2zm16 0H8v2h12v-2zM4 16h2v2H4v-2zm16 0H8v2h12v-2z\" fill=\"currentColor\"><\/path><\/svg><svg style=\"fill: #999;color:#999\" class=\"arrow-unsorted-368013\" xmlns=\"http:\/\/www.w3.org\/2000\/svg\" width=\"10px\" height=\"10px\" viewBox=\"0 0 24 24\" version=\"1.2\" baseProfile=\"tiny\"><path d=\"M18.2 9.3l-6.2-6.3-6.2 6.3c-.2.2-.3.4-.3.7s.1.5.3.7c.2.2.4.3.7.3h11c.3 0 .5-.1.7-.3.2-.2.3-.5.3-.7s-.1-.5-.3-.7zM5.8 14.7l6.2 6.3 6.2-6.3c.2-.2.3-.5.3-.7s-.1-.5-.3-.7c-.2-.2-.4-.3-.7-.3h-11c-.3 0-.5.1-.7.3-.2.2-.3.5-.3.7s.1.5.3.7z\"\/><\/svg><\/span><\/span><\/span><\/a><\/span><\/div>\n<nav><ul class='ez-toc-list ez-toc-list-level-1 ' ><li class='ez-toc-page-1 ez-toc-heading-level-2'><a class=\"ez-toc-link ez-toc-heading-1\" href=\"https:\/\/quantocustaviajar.com\/blog\/canion-do-funil-em-sc\/#Como_chegar_ao_Canion_do_Funil\" >Como chegar ao C\u00e2nion do Funil<\/a><\/li><li class='ez-toc-page-1 ez-toc-heading-level-2'><a class=\"ez-toc-link ez-toc-heading-2\" href=\"https:\/\/quantocustaviajar.com\/blog\/canion-do-funil-em-sc\/#Quanto_custa_entrar_no_Canion_do_Funil_em_SC\" >Quanto custa entrar no C\u00e2nion do Funil em SC<\/a><\/li><li class='ez-toc-page-1 ez-toc-heading-level-2'><a class=\"ez-toc-link ez-toc-heading-3\" href=\"https:\/\/quantocustaviajar.com\/blog\/canion-do-funil-em-sc\/#Trilha_do_Canion_do_Funil\" >Trilha do C\u00e2nion do Funil<\/a><\/li><li class='ez-toc-page-1 ez-toc-heading-level-2'><a class=\"ez-toc-link ez-toc-heading-4\" href=\"https:\/\/quantocustaviajar.com\/blog\/canion-do-funil-em-sc\/#Acampar_no_Canion_do_Funil\" >Acampar no C\u00e2nion do Funil<\/a><\/li><li class='ez-toc-page-1 ez-toc-heading-level-2'><a class=\"ez-toc-link ez-toc-heading-5\" href=\"https:\/\/quantocustaviajar.com\/blog\/canion-do-funil-em-sc\/#Dicas_gerais_para_quem_visita_o_canion_pela_primeira_vez\" >Dicas gerais para quem visita o\nc\u00e2nion pela primeira vez<\/a><\/li><li class='ez-toc-page-1 ez-toc-heading-level-2'><a class=\"ez-toc-link ez-toc-heading-6\" href=\"https:\/\/quantocustaviajar.com\/blog\/canion-do-funil-em-sc\/#Onde_ficar_em_Bom_Jardim_da_Serra\" >Onde ficar em Bom Jardim da Serra<\/a><ul class='ez-toc-list-level-3' ><li class='ez-toc-heading-level-3'><a class=\"ez-toc-link ez-toc-heading-7\" href=\"https:\/\/quantocustaviajar.com\/blog\/canion-do-funil-em-sc\/#Fazenda_Santa_Rita_Turismo_Rural\" >Fazenda Santa Rita Turismo Rural<\/a><\/li><li class='ez-toc-page-1 ez-toc-heading-level-3'><a class=\"ez-toc-link ez-toc-heading-8\" href=\"https:\/\/quantocustaviajar.com\/blog\/canion-do-funil-em-sc\/#Pousada_Serra_Jardim\" >Pousada Serra &amp; Jardim<\/a><\/li><li class='ez-toc-page-1 ez-toc-heading-level-3'><a class=\"ez-toc-link ez-toc-heading-9\" href=\"https:\/\/quantocustaviajar.com\/blog\/canion-do-funil-em-sc\/#Cabana_da_Colina\" >Cabana da Colina<\/a><\/li><\/ul><\/li><\/ul><\/nav><\/div>\n\n\n\n\n<p>Localizado dentro de uma <strong>propriedade privada<\/strong>, o C\u00e2nion do Funil em SC permite que os turistas visitem e tamb\u00e9m acampem no local, caso queiram. Se o visitante n\u00e3o quiser chegar ao local fazendo trilha, o ideal \u00e9 ir com um carro 4&#215;4 ou solicitar o servi\u00e7o de transfer que o propriet\u00e1rio, Sr. Miguel, oferece.<\/p>\n\n\n\n<div class=\"wp-block-image\"><figure class=\"aligncenter\"><img loading=\"lazy\" decoding=\"async\" width=\"800\" height=\"600\" src=\"https:\/\/quantocustaviajar.com\/blog\/wp-content\/uploads\/2021\/08\/canion-do-funil-em-sc-1.jpg\" alt=\"canion do funil em santa catarina\" class=\"wp-image-49905\" srcset=\"https:\/\/quantocustaviajar.com\/blog\/wp-content\/uploads\/2021\/08\/canion-do-funil-em-sc-1.jpg 800w, https:\/\/quantocustaviajar.com\/blog\/wp-content\/uploads\/2021\/08\/canion-do-funil-em-sc-1-300x225.jpg 300w, https:\/\/quantocustaviajar.com\/blog\/wp-content\/uploads\/2021\/08\/canion-do-funil-em-sc-1-768x576.jpg 768w\" sizes=\"auto, (max-width: 800px) 100vw, 800px\" \/><figcaption>Foto: <a href=\"https:\/\/commons.wikimedia.org\/wiki\/File:C%C3%A2nion_do_Funil.jpg\" rel=\"noopener\">Wikimedia Commons<\/a><\/figcaption><\/figure><\/div>\n\n\n\n<p>O passeio pelo\nc\u00e2nion \u00e9 interessante tamb\u00e9m para quem ainda n\u00e3o tem muita experi\u00eancia com\ntrilhas e longos per\u00edodos de caminhadas, afinal estamos falando de um total de\ncerca de 14 km que somam ida e volta em um terreno bastante plano.<\/p>\n\n\n\n<p>Pertinho da <strong><a href=\"https:\/\/quantocustaviajar.com\/blog\/o-que-fazer-na-serra-do-rio-do-rastro\/\" target=\"_blank\" rel=\"noreferrer noopener\" aria-label=\" (abre numa nova aba)\">Serra do Rio do Rastro<\/a><\/strong>, o C\u00e2nion do Funil em SC conta, ainda, com uma paisagem diferente da serra catarinense \u2014 a 1.590 metros de altitude e com 2 km de extens\u00e3o, os turistas t\u00eam uma vis\u00e3o privilegiada do c\u00e2nion, do Morro da Igreja e do litoral do estado de Santa Catarina. \u00c9 de tirar o f\u00f4lego! <\/p>\n\n\n\n<h2 class=\"wp-block-heading\"><span class=\"ez-toc-section\" id=\"Como_chegar_ao_Canion_do_Funil\"><\/span>Como chegar ao C\u00e2nion do Funil<span class=\"ez-toc-section-end\"><\/span><\/h2>\n\n\n\n<div class=\"wp-block-image\"><figure class=\"aligncenter\"><img loading=\"lazy\" decoding=\"async\" width=\"800\" height=\"600\" src=\"https:\/\/quantocustaviajar.com\/blog\/wp-content\/uploads\/2021\/08\/canion-do-funil-em-sc-2.jpg\" alt=\"canion do funil em sc\" class=\"wp-image-49906\" srcset=\"https:\/\/quantocustaviajar.com\/blog\/wp-content\/uploads\/2021\/08\/canion-do-funil-em-sc-2.jpg 800w, https:\/\/quantocustaviajar.com\/blog\/wp-content\/uploads\/2021\/08\/canion-do-funil-em-sc-2-300x225.jpg 300w, https:\/\/quantocustaviajar.com\/blog\/wp-content\/uploads\/2021\/08\/canion-do-funil-em-sc-2-768x576.jpg 768w\" sizes=\"auto, (max-width: 800px) 100vw, 800px\" \/><figcaption>Foto: <a href=\"https:\/\/commons.wikimedia.org\/wiki\/File:Linda_Bom_Jardim_da_Serra!.jpg\" rel=\"noopener\">Wikimedia Commons<\/a><\/figcaption><\/figure><\/div>\n\n\n\n<p>Situado a alguns\nquil\u00f4metros da Serra do Rio do Rastro, que \u00e9 uma baita atra\u00e7\u00e3o por si s\u00f3, o\nc\u00e2nion pode ser acessado a p\u00e9 ou em um carro 4&#215;4, como mencionamos no in\u00edcio do\ntexto. Uma de suas extremidades funciona como divisa entre os munic\u00edpios de Bom\nJardim da Serra e Lauro Muller.<\/p>\n\n\n\n<p>Voc\u00ea pode chegar\nao acesso do c\u00e2nion de duas formas diferentes: a primeira \u00e9 pelo lado Sul\n(acesso pela SC-390); e a segunda \u00e9 pela parte Norte, que \u00e9 a regi\u00e3o mais alta\ndo c\u00e2nion \u2014 pelos dois acessos, os visitantes <strong>s\u00f3 podem entrar com autoriza\u00e7\u00e3o<\/strong>\ndo propriet\u00e1rio do local ou com um guia tur\u00edstico cadastrado.<\/p>\n\n\n\n<p>Se optar entrar pelo <strong>lado Norte<\/strong>, que \u00e9 o mais alto e com uma vista ampla dos pared\u00f5es,  que ganham um aspecto quase m\u00e1gico nos dias de neblina, \u00e9 preciso se preparar para um trekking mais pesado ou para intercalar caminhadas com off-road. <\/p>\n\n\n\n<div class=\"wp-block-image\"><figure class=\"aligncenter\"><img loading=\"lazy\" decoding=\"async\" width=\"800\" height=\"600\" src=\"https:\/\/quantocustaviajar.com\/blog\/wp-content\/uploads\/2021\/08\/canion-do-funil-em-sc-5.jpg\" alt=\"canion do funil em santa catarina\" class=\"wp-image-49909\" srcset=\"https:\/\/quantocustaviajar.com\/blog\/wp-content\/uploads\/2021\/08\/canion-do-funil-em-sc-5.jpg 800w, https:\/\/quantocustaviajar.com\/blog\/wp-content\/uploads\/2021\/08\/canion-do-funil-em-sc-5-300x225.jpg 300w, https:\/\/quantocustaviajar.com\/blog\/wp-content\/uploads\/2021\/08\/canion-do-funil-em-sc-5-768x576.jpg 768w\" sizes=\"auto, (max-width: 800px) 100vw, 800px\" \/><figcaption>Foto: reprodu\u00e7\u00e3o \/ <a href=\"https:\/\/www.instagram.com\/soultripecoturismo\/\" rel=\"noopener\">Soul Trip Ecoturismo<\/a><\/figcaption><\/figure><\/div>\n\n\n\n<p>Voc\u00ea pode contratar os servi\u00e7os da ag\u00eancia <a rel=\"noreferrer noopener\" aria-label=\" (abre numa nova aba)\" href=\"https:\/\/www.instagram.com\/passeiosnaserrasc\/\" target=\"_blank\"><strong>Passeios na Serra<\/strong><\/a>, que tem um guia especializado em levar turistas at\u00e9 essa parte do c\u00e2nion. O passeio sai de Bom Jardim da Serra, em um 4&#215;4, e segue 9 km off-road, seguido de 900 metros de caminhada at\u00e9 o ponto Norte.<\/p>\n\n\n\n<p>Esse <strong>passeio dura em torno de tr\u00eas horas<\/strong>, contando a ida e a volta, e custa entre R$ 60 e R$ 140 por pessoa, dependendo do n\u00famero de visitantes. Para mais informa\u00e7\u00f5es, basta entrar em contato via WhatsApp, pelo n\u00famero <strong><a rel=\"noreferrer noopener\" aria-label=\"(49) 99126-7949 (abre numa nova aba)\" href=\"https:\/\/api.whatsapp.com\/send?phone=5549991267949&amp;text=Ol%C3%A1%2C%20Vi%20um%20post%20no%20site%20Quanto%20Custa%20Viajar%20sobre%20o%20C%C3%A2nion%20e%20quero%20saber%20mais%20informa%C3%A7%C3%B5es\" target=\"_blank\">(49) 99126-7949<\/a><\/strong> da ag\u00eancia.<\/p>\n\n\n\n<p>O acesso pelo <strong>lado Sul<\/strong> pode acontecer por trilha ou 4&#215;4. Essa entrada fica \u00e0s margens da rodovia SC-390, pr\u00f3ximo a uma subesta\u00e7\u00e3o de energia el\u00e9trica, sendo 6,5 km em dire\u00e7\u00e3o a Bom Jardim da Serra e 4 km depois do mirante da serra, no sentido da subida.<\/p>\n\n\n\n<div class=\"wp-block-image\"><figure class=\"aligncenter\"><img loading=\"lazy\" decoding=\"async\" width=\"800\" height=\"600\" src=\"https:\/\/quantocustaviajar.com\/blog\/wp-content\/uploads\/2021\/08\/canion-do-funil-em-sc-3.jpg\" alt=\"c\u00e2nion do funil em santa catarina\" class=\"wp-image-49907\" srcset=\"https:\/\/quantocustaviajar.com\/blog\/wp-content\/uploads\/2021\/08\/canion-do-funil-em-sc-3.jpg 800w, https:\/\/quantocustaviajar.com\/blog\/wp-content\/uploads\/2021\/08\/canion-do-funil-em-sc-3-300x225.jpg 300w, https:\/\/quantocustaviajar.com\/blog\/wp-content\/uploads\/2021\/08\/canion-do-funil-em-sc-3-768x576.jpg 768w\" sizes=\"auto, (max-width: 800px) 100vw, 800px\" \/><figcaption>Foto: <a href=\"https:\/\/upload.wikimedia.org\/wikipedia\/commons\/e\/e4\/C%C3%A2nion_do_Funil_2.jpg\" rel=\"noopener\">Wikimedia Commons<\/a><\/figcaption><\/figure><\/div>\n\n\n\n<p>\u00c9 por aqui que os visitantes entram acompanhados do Sr. Miguel, que \u00e9 quem autoriza a entrada e abre os port\u00f5es de ingresso. <\/p>\n\n\n\n<h2 class=\"wp-block-heading\"><span class=\"ez-toc-section\" id=\"Quanto_custa_entrar_no_Canion_do_Funil_em_SC\"><\/span>Quanto custa entrar no C\u00e2nion do Funil em SC<span class=\"ez-toc-section-end\"><\/span><\/h2>\n\n\n\n<p>\u00c9 preciso pagar\npara visitar o c\u00e2nion, e os valores mudam conforme o tipo de turismo. Se o\nvisitante quiser apenas conhecer a regi\u00e3o, em um passeio de algumas horas, o\ningresso custa R$ 40, mas, caso queira acampar, o valor muda para R$ 60 por\npessoa \u2014 o pagamento \u00e9 aceito apenas em dinheiro.<\/p>\n\n\n\n<p>Para combinar melhor a visita\u00e7\u00e3o, recomendamos entrar em contato com o propriet\u00e1rio, Sr. Miguel, por meio do <strong><a href=\"https:\/\/api.whatsapp.com\/send?phone=5549991271014&amp;text=Ol%C3%A1%2C%20Vi%20um%20post%20no%20site%20Quanto%20Custa%20Viajar%20sobre%20o%20C%C3%A2nion%20e%20quero%20saber%20mais%20informa%C3%A7%C3%B5es\" target=\"_blank\" rel=\"noreferrer noopener\" aria-label=\"WhatsApp: (49) 99127-1014 (abre numa nova aba)\">WhatsApp: (49) 99127-1014<\/a><\/strong>. Se voc\u00ea quiser contratar o transfer do pr\u00f3prio Miguel, o valor \u00e9 de R$ 100 por pessoa. <\/p>\n\n\n\n<p><em>Pre\u00e7os\nconsultados em agosto de 2021 e sujeito a altera\u00e7\u00e3o.<\/em><\/p>\n\n\n\n<h2 class=\"wp-block-heading\"><span class=\"ez-toc-section\" id=\"Trilha_do_Canion_do_Funil\"><\/span>Trilha do C\u00e2nion do Funil<span class=\"ez-toc-section-end\"><\/span><\/h2>\n\n\n\n<div class=\"wp-block-image\"><figure class=\"aligncenter\"><img loading=\"lazy\" decoding=\"async\" width=\"800\" height=\"600\" src=\"https:\/\/quantocustaviajar.com\/blog\/wp-content\/uploads\/2021\/08\/canion-do-funil-em-sc-6.jpg\" alt=\"Canion do funik em SC trilha\" class=\"wp-image-49910\" srcset=\"https:\/\/quantocustaviajar.com\/blog\/wp-content\/uploads\/2021\/08\/canion-do-funil-em-sc-6.jpg 800w, https:\/\/quantocustaviajar.com\/blog\/wp-content\/uploads\/2021\/08\/canion-do-funil-em-sc-6-300x225.jpg 300w, https:\/\/quantocustaviajar.com\/blog\/wp-content\/uploads\/2021\/08\/canion-do-funil-em-sc-6-768x576.jpg 768w\" sizes=\"auto, (max-width: 800px) 100vw, 800px\" \/><figcaption>Foto: <a href=\"https:\/\/commons.wikimedia.org\/wiki\/File:Trekking_ao_C%C3%A2nion_do_Funil.jpg\" rel=\"noopener\">Wikimedia Commons<\/a><\/figcaption><\/figure><\/div>\n\n\n\n<p>Para chegar ao\nc\u00e2nion, s\u00e3o 7 km de ida e 7 km de volta, ent\u00e3o \u00e9 importante ter ci\u00eancia de que\num bom condicionamento f\u00edsico facilita o passeio. Algumas ag\u00eancias t\u00eam\nprogramas de passeios destinados a pessoas que desejam fazer trilha no local.\nEntre elas, est\u00e3o:<\/p>\n\n\n\n<ul class=\"wp-block-list\"><li><a rel=\"noreferrer noopener\" aria-label=\" (abre numa nova aba)\" href=\"https:\/\/tribodaserraeco.com.br\/passeios\/trilhas\/canyon-do-funil\/\" target=\"_blank\"><strong>Tribo da Serra<\/strong><\/a>: esta ag\u00eancia tem uma programa\u00e7\u00e3o espec\u00edfica para quem deseja fazer a trilha do c\u00e2nion. Com uma dura\u00e7\u00e3o de 4h30, os turistas percorrem a dist\u00e2ncia total de 14 km, contando com a ajuda de um guia. O pacote custa R$ 195 por pessoa, j\u00e1 incluindo a taxa de entrada, e conta com seguro individual, kit lanche e condutor.<\/li><li><a rel=\"noreferrer noopener\" aria-label=\" (abre numa nova aba)\" href=\"https:\/\/www.instagram.com\/soultripecoturismo\/\" target=\"_blank\"><strong>Soul Trip<\/strong><\/a>: a Soul Trip conta com alguns passeios espec\u00edficos para o C\u00e2nion do Funil, incluindo trilhas e um passeio de quadriciclo, que custa R$ 300 para uma pessoa no ve\u00edculo e R$ 450 para duas pessoas no mesmo quadriciclo. A trilha custa R$ 398 para uma pessoa e R$ 256 por pessoa, quando forem em duas. Grupos com mais de 10 integrantes pagam R$ 100 por pessoa.<\/li><\/ul>\n\n\n\n<h2 class=\"wp-block-heading\"><span class=\"ez-toc-section\" id=\"Acampar_no_Canion_do_Funil\"><\/span>Acampar no C\u00e2nion do Funil<span class=\"ez-toc-section-end\"><\/span><\/h2>\n\n\n\n<div class=\"wp-block-image\"><figure class=\"aligncenter\"><img loading=\"lazy\" decoding=\"async\" width=\"800\" height=\"600\" src=\"https:\/\/quantocustaviajar.com\/blog\/wp-content\/uploads\/2021\/08\/acampamento-canion-funil.jpg\" alt=\"canion do funil acampamento\" class=\"wp-image-49911\" srcset=\"https:\/\/quantocustaviajar.com\/blog\/wp-content\/uploads\/2021\/08\/acampamento-canion-funil.jpg 800w, https:\/\/quantocustaviajar.com\/blog\/wp-content\/uploads\/2021\/08\/acampamento-canion-funil-300x225.jpg 300w, https:\/\/quantocustaviajar.com\/blog\/wp-content\/uploads\/2021\/08\/acampamento-canion-funil-768x576.jpg 768w\" sizes=\"auto, (max-width: 800px) 100vw, 800px\" \/><figcaption>Foto: <a href=\"https:\/\/commons.wikimedia.org\/wiki\/File:Acampamento_no_C%C3%A2nion_do_Funil.jpg\" rel=\"noopener\">Wikimedia Commons<\/a><\/figcaption><\/figure><\/div>\n\n\n\n<p>Se voc\u00ea quiser <strong>acampar no C\u00e2nion do Funil<\/strong>, isso tamb\u00e9m \u00e9 poss\u00edvel. Acordar e ter a vista dos pared\u00f5es rochosos ou do campo aberto, sentindo o vento gelado no rosto, tem tudo para ser uma experi\u00eancia incr\u00edvel.<\/p>\n\n\n\n<p>A taxa \u00e9 de R$ 60\npor pessoa, e \u00e9 preciso levar todos os equipamentos: barraca, capa de dormir,\ncomida etc. O local n\u00e3o conta com banheiro.<\/p>\n\n\n\n<h2 class=\"wp-block-heading\"><span class=\"ez-toc-section\" id=\"Dicas_gerais_para_quem_visita_o_canion_pela_primeira_vez\"><\/span>Dicas gerais para quem visita o\nc\u00e2nion pela primeira vez<span class=\"ez-toc-section-end\"><\/span><\/h2>\n\n\n\n<p>Como estamos\nfalando de <strong>turismo ecol\u00f3gico<\/strong>, \u00e9 preciso prestar aten\u00e7\u00e3o em alguns\nfatores para n\u00e3o passar apuros:<\/p>\n\n\n\n<ul class=\"wp-block-list\"><li>Use\nsapatos apropriados para trilhas e lugares com \u00e1gua ou barro;<\/li><li>Leve\nrepelente;<\/li><li>N\u00e3o\nse esque\u00e7a de itens b\u00e1sicos de prote\u00e7\u00e3o contra o sol: chap\u00e9u, \u00f3culos de sol e\nprotetor solar.<\/li><li>Leve\n\u00e1gua e algo para comer e n\u00e3o se esque\u00e7a de que o lixo ser\u00e1 de sua\nresponsabilidade;<\/li><li>Em\nalguns momentos, \u00e9 poss\u00edvel que haja neblina e at\u00e9 chuva, ent\u00e3o \u00e9 bom se\npreparar para isso tamb\u00e9m (se optar por passeios com ag\u00eancias, verifique as\npol\u00edticas de cancelamento em caso de mau tempo);<\/li><\/ul>\n\n\n\n<h2 class=\"wp-block-heading\"><span class=\"ez-toc-section\" id=\"Onde_ficar_em_Bom_Jardim_da_Serra\"><\/span>Onde ficar em Bom Jardim da Serra<span class=\"ez-toc-section-end\"><\/span><\/h2>\n\n\n\n<p>O C\u00e2nion do Funil\nfica na regi\u00e3o de Bom Jardim da Serra. Selecionamos algumas op\u00e7\u00f5es de\nhospedagem na cidade:<\/p>\n\n\n\n<h3 class=\"wp-block-heading\"><span class=\"ez-toc-section\" id=\"Fazenda_Santa_Rita_Turismo_Rural\"><\/span><a href=\"https:\/\/www.booking.com\/hotel\/br\/santa-rita.pt-br.html?aid=2161834;label=booking-name-pt-row-bwMffLz%2AfdB8PTKNsC9tlgS267778091917%3Apl%3Ata%3Ap1%3Ap22.563.000%3Aac%3Aap%3Aneg%3Afi%3Atikwd-65526620%3Alp1001634%3Ali%3Adec%3Adm%3Appccp%3DUmFuZG9tSVYkc2RlIyh9YXwxhKG0pUU-3JdcXtALQMg;sid=6c9bb26eb392a3fad43d03545c27bd0c;all_sr_blocks=46980801_326362994_0_1_0;checkin=2021-09-24;checkout=2021-09-25;dest_id=-630419;dest_type=city;dist=0;group_adults=2;group_children=0;hapos=1;highlighted_blocks=46980801_326362994_0_1_0;hpos=1;no_rooms=1;room1=A%2CA;sb_price_type=total;sr_order=popularity;sr_pri_blocks=46980801_326362994_0_1_0__39499;srepoch=1628625562;srpvid=73dd8c8d76b2014f;type=total;ucfs=1&amp;#hotelTmpl\" target=\"_blank\" rel=\"noreferrer noopener\" aria-label=\" (abre numa nova aba)\">Fazenda Santa Rita Turismo Rural<\/a><span class=\"ez-toc-section-end\"><\/span><\/h3>\n\n\n\n<div class=\"wp-block-image\"><figure class=\"aligncenter\"><img loading=\"lazy\" decoding=\"async\" width=\"800\" height=\"600\" src=\"https:\/\/quantocustaviajar.com\/blog\/wp-content\/uploads\/2021\/08\/fazenda-santa-rita-bom-jardim-da-serra.jpg\" alt=\"\" class=\"wp-image-49912\" srcset=\"https:\/\/quantocustaviajar.com\/blog\/wp-content\/uploads\/2021\/08\/fazenda-santa-rita-bom-jardim-da-serra.jpg 800w, https:\/\/quantocustaviajar.com\/blog\/wp-content\/uploads\/2021\/08\/fazenda-santa-rita-bom-jardim-da-serra-300x225.jpg 300w, https:\/\/quantocustaviajar.com\/blog\/wp-content\/uploads\/2021\/08\/fazenda-santa-rita-bom-jardim-da-serra-768x576.jpg 768w\" sizes=\"auto, (max-width: 800px) 100vw, 800px\" \/><figcaption>Foto: reprodu\u00e7\u00e3o \/ <a href=\"https:\/\/booking.com\/\" rel=\"noopener\">Booking.com<\/a><\/figcaption><\/figure><\/div>\n\n\n\n<p>Esta charmosa fazenda \u00e9, al\u00e9m de um lugar para ficar, uma atra\u00e7\u00e3o \u00e0 parte. Pr\u00f3xima \u00e0 cachoeira da Barrinha, a fazenda tem um parque com lago, bar, restaurante, passeios ecol\u00f3gicos e atividades agr\u00edcolas. <\/p>\n\n\n\n<p>Excelente op\u00e7\u00e3o para se hospedar com toda a fam\u00edlia! Os pre\u00e7os variam de <strong>R$ 359 a R$ 395 para duas pessoas<\/strong>, mas podem mudar de acordo com a \u00e9poca do ano.<\/p>\n\n\n\n<h3 class=\"wp-block-heading\"><span class=\"ez-toc-section\" id=\"Pousada_Serra_Jardim\"><\/span><a href=\"https:\/\/www.booking.com\/hotel\/br\/bela-serra-pousada.pt-br.html?aid=2161834\" target=\"_blank\" rel=\"noreferrer noopener\" aria-label=\" (abre numa nova aba)\">Pousada Serra &amp; Jardim<\/a><span class=\"ez-toc-section-end\"><\/span><\/h3>\n\n\n\n<div class=\"wp-block-image\"><figure class=\"aligncenter\"><img loading=\"lazy\" decoding=\"async\" width=\"800\" height=\"600\" src=\"https:\/\/quantocustaviajar.com\/blog\/wp-content\/uploads\/2021\/08\/pousada-serra-e-jardim-bom-jardim-da-serra.jpg\" alt=\"\" class=\"wp-image-49913\" srcset=\"https:\/\/quantocustaviajar.com\/blog\/wp-content\/uploads\/2021\/08\/pousada-serra-e-jardim-bom-jardim-da-serra.jpg 800w, https:\/\/quantocustaviajar.com\/blog\/wp-content\/uploads\/2021\/08\/pousada-serra-e-jardim-bom-jardim-da-serra-300x225.jpg 300w, https:\/\/quantocustaviajar.com\/blog\/wp-content\/uploads\/2021\/08\/pousada-serra-e-jardim-bom-jardim-da-serra-768x576.jpg 768w\" sizes=\"auto, (max-width: 800px) 100vw, 800px\" \/><figcaption>Foto: reprodu\u00e7\u00e3o \/ <a href=\"https:\/\/booking.com\/\" rel=\"noopener\">Booking.com<\/a><\/figcaption><\/figure><\/div>\n\n\n\n<p>Mais um lugar\ncharmoso e aconchegante para se hospedar em S\u00e3o Jardim da Serra. Nesta pousada,\nos h\u00f3spedes contam com lounge compartilhado, estacionamento gratuito, jardim e\nquartos com varanda. O pre\u00e7o da di\u00e1ria para duas pessoas \u00e9 de R$ 359, mas pode\nmudar sem aviso pr\u00e9vio.<\/p>\n\n\n\n<h3 class=\"wp-block-heading\"><span class=\"ez-toc-section\" id=\"Cabana_da_Colina\"><\/span><a href=\"https:\/\/www.booking.com\/hotel\/br\/cabana-da-colina-bom-jardim-da-serra.pt-br.html?aid=2161834\" target=\"_blank\" rel=\"noreferrer noopener\" aria-label=\" (abre numa nova aba)\">Cabana da Colina<\/a><span class=\"ez-toc-section-end\"><\/span><\/h3>\n\n\n\n<div class=\"wp-block-image\"><figure class=\"aligncenter\"><img loading=\"lazy\" decoding=\"async\" width=\"800\" height=\"600\" src=\"https:\/\/quantocustaviajar.com\/blog\/wp-content\/uploads\/2021\/08\/cabana-da-colina-bom-jardim-da-serra.jpg\" alt=\"\" class=\"wp-image-49914\" srcset=\"https:\/\/quantocustaviajar.com\/blog\/wp-content\/uploads\/2021\/08\/cabana-da-colina-bom-jardim-da-serra.jpg 800w, https:\/\/quantocustaviajar.com\/blog\/wp-content\/uploads\/2021\/08\/cabana-da-colina-bom-jardim-da-serra-300x225.jpg 300w, https:\/\/quantocustaviajar.com\/blog\/wp-content\/uploads\/2021\/08\/cabana-da-colina-bom-jardim-da-serra-768x576.jpg 768w\" sizes=\"auto, (max-width: 800px) 100vw, 800px\" \/><figcaption>Foto: reprodu\u00e7\u00e3o \/ <a href=\"https:\/\/booking.com\/\" rel=\"noopener\">Booking.com<\/a><\/figcaption><\/figure><\/div>\n\n\n\n<p>Com quartos para fam\u00edlias, a Cabana da Colina tem uma vista linda para as montanhas, aceita animais de estima\u00e7\u00e3o e oferece um caf\u00e9 da manh\u00e3 espetacular. Os pre\u00e7os para duas pessoas variam de R$ 195 a R$ 220, mas podem ser alterados sem aviso pr\u00e9vio.<\/p>\n\n\n\n<p style=\"text-align:center\">&#8230;<\/p>\n\n\n\n<p>Viajar \u00e9 sempre uma experi\u00eancia enriquecedora, e isso \u00e9 ainda mais verdadeiro quando falamos de passeios em meio \u00e0 natureza. Se resolver conhecer o C\u00e2nion do Funil, n\u00e3o deixe de compartilhar com a gente como foi a sua experi\u00eancia!<\/p>\n\n\n\n<figure class=\"wp-block-embed-wordpress wp-block-embed is-type-wp-embed is-provider-blog-quanto-custa-viajar\"><div class=\"wp-block-embed__wrapper\">\n<blockquote class=\"wp-embedded-content\" data-secret=\"1ANMTXBe36\"><a href=\"https:\/\/quantocustaviajar.com\/blog\/roteiro-de-3-dias-em-urubici\/\">Roteiro de 3 dias em Urubici para visitar a Serra do Rio do Rastro e pontos principais<\/a><\/blockquote><iframe loading=\"lazy\" class=\"wp-embedded-content\" sandbox=\"allow-scripts\" security=\"restricted\" style=\"position: absolute; visibility: hidden;\" title=\"&#8220;Roteiro de 3 dias em Urubici para visitar a Serra do Rio do Rastro e pontos principais&#8221; &#8212; Blog Quanto Custa Viajar\" src=\"https:\/\/quantocustaviajar.com\/blog\/roteiro-de-3-dias-em-urubici\/embed\/#?secret=82EJWTTQB0#?secret=1ANMTXBe36\" data-secret=\"1ANMTXBe36\" width=\"600\" height=\"338\" frameborder=\"0\" marginwidth=\"0\" marginheight=\"0\" scrolling=\"no\"><\/iframe>\n<\/div><\/figure>\n","protected":false},"excerpt":{"rendered":"<p>Se voc\u00ea gosta de fazer turismo ecol\u00f3gico e, de quebra, conhecer lugares repletos de \u00e1rea verde e longe da loucura do cotidiano, o C\u00e2nion do Funil, que fica em Bom Jardim da Serra, em Santa Catarina, \u00e9 uma excelente op\u00e7\u00e3o. Conhecido por suas forma\u00e7\u00f5es pontiagudas e pared\u00f5es gigantes, a regi\u00e3o atrai turistas que buscam aventura [&hellip;]<\/p>\n","protected":false},"author":11,"featured_media":49906,"comment_status":"open","ping_status":"open","sticky":false,"template":"","format":"standard","meta":{"cybocfi_hide_featured_image":"","footnotes":""},"categories":[1437],"tags":[2887,266,413,111,187],"class_list":["post-49904","post","type-post","status-publish","format-standard","has-post-thumbnail","hentry","category-ao-ar-livre","tag-bom-jardim-da-serra","tag-brasil","tag-canion","tag-natureza","tag-santa-catarina"],"blocksy_meta":[],"yoast_head":"<!-- This site is optimized with the Yoast SEO plugin v26.3 - https:\/\/yoast.com\/wordpress\/plugins\/seo\/ -->\n<title>C\u00e2nion do Funil em SC: como chegar e visitar os imensos pared\u00f5es<\/title>\n<meta name=\"description\" content=\"C\u00e2nion do Funil em SC \u00e9 uma atra\u00e7\u00e3o incr\u00edvel para os amantes de natureza. Saiba como chegar perto dos pared\u00f5es rochosos, fazer trilhas, acampar e mais!\" \/>\n<meta name=\"robots\" content=\"index, follow, max-snippet:-1, max-image-preview:large, max-video-preview:-1\" \/>\n<link rel=\"canonical\" href=\"https:\/\/quantocustaviajar.com\/blog\/canion-do-funil-em-sc\/\" \/>\n<meta property=\"og:locale\" content=\"pt_BR\" \/>\n<meta property=\"og:type\" content=\"article\" \/>\n<meta property=\"og:title\" content=\"C\u00e2nion do Funil em SC: como chegar e visitar os imensos pared\u00f5es\" \/>\n<meta property=\"og:description\" content=\"C\u00e2nion do Funil em SC \u00e9 uma atra\u00e7\u00e3o incr\u00edvel para os amantes de natureza. Saiba como chegar perto dos pared\u00f5es rochosos, fazer trilhas, acampar e mais!\" \/>\n<meta property=\"og:url\" content=\"https:\/\/quantocustaviajar.com\/blog\/canion-do-funil-em-sc\/\" \/>\n<meta property=\"og:site_name\" content=\"Blog Quanto Custa Viajar\" \/>\n<meta property=\"article:publisher\" content=\"https:\/\/www.facebook.com\/quantocustaviajar\" \/>\n<meta property=\"article:published_time\" content=\"2021-08-27T12:40:38+00:00\" \/>\n<meta property=\"article:modified_time\" content=\"2021-08-27T12:40:40+00:00\" \/>\n<meta property=\"og:image\" content=\"https:\/\/quantocustaviajar.com\/blog\/wp-content\/uploads\/2021\/08\/canion-do-funil-em-sc-2.jpg\" \/>\n\t<meta property=\"og:image:width\" content=\"800\" \/>\n\t<meta property=\"og:image:height\" content=\"600\" \/>\n\t<meta property=\"og:image:type\" content=\"image\/jpeg\" \/>\n<meta name=\"author\" content=\"Andressa Xavier Pellanda\" \/>\n<meta name=\"twitter:card\" content=\"summary_large_image\" \/>\n<meta name=\"twitter:label1\" content=\"Escrito por\" \/>\n\t<meta name=\"twitter:data1\" content=\"Andressa Xavier Pellanda\" \/>\n\t<meta name=\"twitter:label2\" content=\"Est. tempo de leitura\" \/>\n\t<meta name=\"twitter:data2\" content=\"7 minutos\" \/>\n<!-- \/ Yoast SEO plugin. -->","yoast_head_json":{"title":"C\u00e2nion do Funil em SC: como chegar e visitar os imensos pared\u00f5es","description":"C\u00e2nion do Funil em SC \u00e9 uma atra\u00e7\u00e3o incr\u00edvel para os amantes de natureza. Saiba como chegar perto dos pared\u00f5es rochosos, fazer trilhas, acampar e mais!","robots":{"index":"index","follow":"follow","max-snippet":"max-snippet:-1","max-image-preview":"max-image-preview:large","max-video-preview":"max-video-preview:-1"},"canonical":"https:\/\/quantocustaviajar.com\/blog\/canion-do-funil-em-sc\/","og_locale":"pt_BR","og_type":"article","og_title":"C\u00e2nion do Funil em SC: como chegar e visitar os imensos pared\u00f5es","og_description":"C\u00e2nion do Funil em SC \u00e9 uma atra\u00e7\u00e3o incr\u00edvel para os amantes de natureza. Saiba como chegar perto dos pared\u00f5es rochosos, fazer trilhas, acampar e mais!","og_url":"https:\/\/quantocustaviajar.com\/blog\/canion-do-funil-em-sc\/","og_site_name":"Blog Quanto Custa Viajar","article_publisher":"https:\/\/www.facebook.com\/quantocustaviajar","article_published_time":"2021-08-27T12:40:38+00:00","article_modified_time":"2021-08-27T12:40:40+00:00","og_image":[{"width":800,"height":600,"url":"https:\/\/quantocustaviajar.com\/blog\/wp-content\/uploads\/2021\/08\/canion-do-funil-em-sc-2.jpg","type":"image\/jpeg"}],"author":"Andressa Xavier Pellanda","twitter_card":"summary_large_image","twitter_misc":{"Escrito por":"Andressa Xavier Pellanda","Est. tempo de leitura":"7 minutos"},"schema":{"@context":"https:\/\/schema.org","@graph":[{"@type":["Article","BlogPosting"],"@id":"https:\/\/quantocustaviajar.com\/blog\/canion-do-funil-em-sc\/#article","isPartOf":{"@id":"https:\/\/quantocustaviajar.com\/blog\/canion-do-funil-em-sc\/"},"author":{"name":"Andressa Xavier Pellanda","@id":"https:\/\/quantocustaviajar.com\/blog\/#\/schema\/person\/81b0aaf2069da1a2da54677906b42d3c"},"headline":"C\u00e2nion do Funil em SC: uma aventura cercada por pared\u00f5es imensos","datePublished":"2021-08-27T12:40:38+00:00","dateModified":"2021-08-27T12:40:40+00:00","mainEntityOfPage":{"@id":"https:\/\/quantocustaviajar.com\/blog\/canion-do-funil-em-sc\/"},"wordCount":1354,"commentCount":0,"publisher":{"@id":"https:\/\/quantocustaviajar.com\/blog\/#organization"},"image":{"@id":"https:\/\/quantocustaviajar.com\/blog\/canion-do-funil-em-sc\/#primaryimage"},"thumbnailUrl":"https:\/\/quantocustaviajar.com\/blog\/wp-content\/uploads\/2021\/08\/canion-do-funil-em-sc-2.jpg","keywords":["bom jardim da serra","Brasil","c\u00e2nion","natureza","Santa Catarina"],"articleSection":["Ao Ar Livre"],"inLanguage":"pt-BR","potentialAction":[{"@type":"CommentAction","name":"Comment","target":["https:\/\/quantocustaviajar.com\/blog\/canion-do-funil-em-sc\/#respond"]}]},{"@type":"WebPage","@id":"https:\/\/quantocustaviajar.com\/blog\/canion-do-funil-em-sc\/","url":"https:\/\/quantocustaviajar.com\/blog\/canion-do-funil-em-sc\/","name":"C\u00e2nion do Funil em SC: como chegar e visitar os imensos pared\u00f5es","isPartOf":{"@id":"https:\/\/quantocustaviajar.com\/blog\/#website"},"primaryImageOfPage":{"@id":"https:\/\/quantocustaviajar.com\/blog\/canion-do-funil-em-sc\/#primaryimage"},"image":{"@id":"https:\/\/quantocustaviajar.com\/blog\/canion-do-funil-em-sc\/#primaryimage"},"thumbnailUrl":"https:\/\/quantocustaviajar.com\/blog\/wp-content\/uploads\/2021\/08\/canion-do-funil-em-sc-2.jpg","datePublished":"2021-08-27T12:40:38+00:00","dateModified":"2021-08-27T12:40:40+00:00","description":"C\u00e2nion do Funil em SC \u00e9 uma atra\u00e7\u00e3o incr\u00edvel para os amantes de natureza. Saiba como chegar perto dos pared\u00f5es rochosos, fazer trilhas, acampar e mais!","breadcrumb":{"@id":"https:\/\/quantocustaviajar.com\/blog\/canion-do-funil-em-sc\/#breadcrumb"},"inLanguage":"pt-BR","potentialAction":[{"@type":"ReadAction","target":["https:\/\/quantocustaviajar.com\/blog\/canion-do-funil-em-sc\/"]}]},{"@type":"ImageObject","inLanguage":"pt-BR","@id":"https:\/\/quantocustaviajar.com\/blog\/canion-do-funil-em-sc\/#primaryimage","url":"https:\/\/quantocustaviajar.com\/blog\/wp-content\/uploads\/2021\/08\/canion-do-funil-em-sc-2.jpg","contentUrl":"https:\/\/quantocustaviajar.com\/blog\/wp-content\/uploads\/2021\/08\/canion-do-funil-em-sc-2.jpg","width":800,"height":600,"caption":"Foto: Wikimedia Commons"},{"@type":"BreadcrumbList","@id":"https:\/\/quantocustaviajar.com\/blog\/canion-do-funil-em-sc\/#breadcrumb","itemListElement":[{"@type":"ListItem","position":1,"name":"In\u00edcio","item":"https:\/\/quantocustaviajar.com\/blog\/"},{"@type":"ListItem","position":2,"name":"C\u00e2nion do Funil em SC: uma aventura cercada por pared\u00f5es imensos"}]},{"@type":"WebSite","@id":"https:\/\/quantocustaviajar.com\/blog\/#website","url":"https:\/\/quantocustaviajar.com\/blog\/","name":"Blog Quanto Custa Viajar","description":"","publisher":{"@id":"https:\/\/quantocustaviajar.com\/blog\/#organization"},"potentialAction":[{"@type":"SearchAction","target":{"@type":"EntryPoint","urlTemplate":"https:\/\/quantocustaviajar.com\/blog\/?s={search_term_string}"},"query-input":{"@type":"PropertyValueSpecification","valueRequired":true,"valueName":"search_term_string"}}],"inLanguage":"pt-BR"},{"@type":"Organization","@id":"https:\/\/quantocustaviajar.com\/blog\/#organization","name":"Quanto Custa Viajar","url":"https:\/\/quantocustaviajar.com\/blog\/","logo":{"@type":"ImageObject","inLanguage":"pt-BR","@id":"https:\/\/quantocustaviajar.com\/blog\/#\/schema\/logo\/image\/","url":"","contentUrl":"","caption":"Quanto Custa Viajar"},"image":{"@id":"https:\/\/quantocustaviajar.com\/blog\/#\/schema\/logo\/image\/"},"sameAs":["https:\/\/www.facebook.com\/quantocustaviajar"]},{"@type":"Person","@id":"https:\/\/quantocustaviajar.com\/blog\/#\/schema\/person\/81b0aaf2069da1a2da54677906b42d3c","name":"Andressa Xavier Pellanda","image":{"@type":"ImageObject","inLanguage":"pt-BR","@id":"https:\/\/quantocustaviajar.com\/blog\/#\/schema\/person\/image\/","url":"https:\/\/secure.gravatar.com\/avatar\/efccc167c341de2100a574b335de06f5efda2310964e70124d995491728ed674?s=96&d=mm&r=g","contentUrl":"https:\/\/secure.gravatar.com\/avatar\/efccc167c341de2100a574b335de06f5efda2310964e70124d995491728ed674?s=96&d=mm&r=g","caption":"Andressa Xavier Pellanda"},"description":"Eu gosto de viajar antes mesmo de chegar ao destino!","url":"https:\/\/quantocustaviajar.com\/blog\/author\/andressa\/"}]}},"_links":{"self":[{"href":"https:\/\/quantocustaviajar.com\/blog\/wp-json\/wp\/v2\/posts\/49904","targetHints":{"allow":["GET"]}}],"collection":[{"href":"https:\/\/quantocustaviajar.com\/blog\/wp-json\/wp\/v2\/posts"}],"about":[{"href":"https:\/\/quantocustaviajar.com\/blog\/wp-json\/wp\/v2\/types\/post"}],"author":[{"embeddable":true,"href":"https:\/\/quantocustaviajar.com\/blog\/wp-json\/wp\/v2\/users\/11"}],"replies":[{"embeddable":true,"href":"https:\/\/quantocustaviajar.com\/blog\/wp-json\/wp\/v2\/comments?post=49904"}],"version-history":[{"count":2,"href":"https:\/\/quantocustaviajar.com\/blog\/wp-json\/wp\/v2\/posts\/49904\/revisions"}],"predecessor-version":[{"id":50164,"href":"https:\/\/quantocustaviajar.com\/blog\/wp-json\/wp\/v2\/posts\/49904\/revisions\/50164"}],"wp:featuredmedia":[{"embeddable":true,"href":"https:\/\/quantocustaviajar.com\/blog\/wp-json\/wp\/v2\/media\/49906"}],"wp:attachment":[{"href":"https:\/\/quantocustaviajar.com\/blog\/wp-json\/wp\/v2\/media?parent=49904"}],"wp:term":[{"taxonomy":"category","embeddable":true,"href":"https:\/\/quantocustaviajar.com\/blog\/wp-json\/wp\/v2\/categories?post=49904"},{"taxonomy":"post_tag","embeddable":true,"href":"https:\/\/quantocustaviajar.com\/blog\/wp-json\/wp\/v2\/tags?post=49904"}],"curies":[{"name":"wp","href":"https:\/\/api.w.org\/{rel}","templated":true}]}}