{"id":47846,"date":"2021-05-25T17:44:38","date_gmt":"2021-05-25T17:44:38","guid":{"rendered":"https:\/\/quantocustaviajar.com\/blog\/?p=47846"},"modified":"2021-05-25T17:44:42","modified_gmt":"2021-05-25T17:44:42","slug":"cafe-e-bistro-frances-em-sao-paulo","status":"publish","type":"post","link":"https:\/\/quantocustaviajar.com\/blog\/cafe-e-bistro-frances-em-sao-paulo\/","title":{"rendered":"Encante-se com este caf\u00e9 e bistr\u00f4 franc\u00eas em S\u00e3o Paulo"},"content":{"rendered":"\n<p>Cabe um mundo dentro do Brasil e n\u00f3s podemos provar. Inspirado na regi\u00e3o de <strong>Provence<\/strong>, este<strong> caf\u00e9 e bistr\u00f4 franc\u00eas em S\u00e3o Paulo <\/strong>faz sucesso pelo visual semelhante a uma <strong>casinha de boneca<\/strong>. Indo al\u00e9m do que os olhos podem ver, inclui receitas e m\u00fasicas t\u00edpicas para uma viagem completa no distante pa\u00eds europeu. <\/p>\n\n\n\n<p>Os <a href=\"https:\/\/quantocustaviajar.com\/blog\/campo-de-lavandas-em-cunha-hospedagem\/\" target=\"_blank\" rel=\"noreferrer noopener\" aria-label=\" (abre numa nova aba)\">campos de lavanda<\/a>, <a rel=\"noreferrer noopener\" aria-label=\"castelos (abre numa nova aba)\" href=\"https:\/\/quantocustaviajar.com\/blog\/castelo-de-chambord-na-franca\/\" target=\"_blank\">castelos<\/a> e constru\u00e7\u00f5es da Fran\u00e7a foram o ponto de partida para a cria\u00e7\u00e3o do <strong>Saint D\u00e9cor Caf\u00e9<\/strong>, localizado no bairro Jardim An\u00e1lia Franco, \u00e1rea nobre da zona Leste paulistana. O nome do lugar \u00e9 justificado pela decora\u00e7\u00e3o rom\u00e2ntica, que une o cl\u00e1ssico ao contempor\u00e2neo. <\/p>\n\n\n\n<p>O estilo proven\u00e7al domina o ambiente, que faz alus\u00e3o a <a href=\"https:\/\/quantocustaviajar.com\/franca\/paris\" target=\"_blank\" rel=\"noreferrer noopener\" aria-label=\" (abre numa nova aba)\">Paris<\/a> e a cidades dos campos franceses. Os m\u00f3veis branquinhos ganham vida com a presen\u00e7a de flores e objetos fofos. Um diferencial \u00e9 que a <strong>decora\u00e7\u00e3o est\u00e1 sempre a venda<\/strong> e, portanto, em constante renova\u00e7\u00e3o. <\/p>\n\n\n\n<div class=\"wp-block-image\"><figure class=\"aligncenter\"><img loading=\"lazy\" decoding=\"async\" width=\"1024\" height=\"768\" src=\"https:\/\/quantocustaviajar.com\/blog\/wp-content\/uploads\/2021\/05\/saint-decor-cafe8-1024x768.jpg\" alt=\"\" class=\"wp-image-47895\" srcset=\"https:\/\/quantocustaviajar.com\/blog\/wp-content\/uploads\/2021\/05\/saint-decor-cafe8-1024x768.jpg 1024w, https:\/\/quantocustaviajar.com\/blog\/wp-content\/uploads\/2021\/05\/saint-decor-cafe8-300x225.jpg 300w, https:\/\/quantocustaviajar.com\/blog\/wp-content\/uploads\/2021\/05\/saint-decor-cafe8-768x576.jpg 768w, https:\/\/quantocustaviajar.com\/blog\/wp-content\/uploads\/2021\/05\/saint-decor-cafe8.jpg 1548w\" sizes=\"auto, (max-width: 1024px) 100vw, 1024px\" \/><figcaption>Foto: divulga\u00e7\u00e3o<\/figcaption><\/figure><\/div>\n\n\n\n<div class=\"wp-block-image\"><figure class=\"aligncenter\"><img loading=\"lazy\" decoding=\"async\" width=\"1024\" height=\"768\" src=\"https:\/\/quantocustaviajar.com\/blog\/wp-content\/uploads\/2021\/05\/saint-decor-cafe5-1024x768.jpg\" alt=\"\" class=\"wp-image-47893\" srcset=\"https:\/\/quantocustaviajar.com\/blog\/wp-content\/uploads\/2021\/05\/saint-decor-cafe5.jpg 1024w, https:\/\/quantocustaviajar.com\/blog\/wp-content\/uploads\/2021\/05\/saint-decor-cafe5-300x225.jpg 300w, https:\/\/quantocustaviajar.com\/blog\/wp-content\/uploads\/2021\/05\/saint-decor-cafe5-768x576.jpg 768w\" sizes=\"auto, (max-width: 1024px) 100vw, 1024px\" \/><figcaption>Foto: divulga\u00e7\u00e3o<\/figcaption><\/figure><\/div>\n\n\n\n<p>O mesmo acontece com o card\u00e1pio do restaurante, que vai passando por altera\u00e7\u00f5es a medida em que sentem ser necess\u00e1rio. Os <strong>cl\u00e1ssicos da culin\u00e1ria francesa<\/strong> permanecem, como \u00e9 o caso do Steak Tartare acompanhado de batatas assadas e saladinha; e o famoso Cassoulet. <\/p>\n\n\n\n<p>Mas o menu do bistr\u00f4 franc\u00eas em S\u00e3o Paulo tamb\u00e9m n\u00e3o nega as suas ra\u00edzes, <strong>apostando em certa brasilidade<\/strong>, com destaque para os pescados e frutos do mar. Moqueca de peixe com camar\u00e3o, Saint Peter com pur\u00ea de mandioquinha e ceviche de salm\u00e3o est\u00e3o entre as escolhas. <\/p>\n\n\n\n<p>O ideal \u00e9 ir ao Saint D\u00e9cor sem pressa. Aquela pausa para um cafezinho fica mais deliciosa com a presen\u00e7a de coloridos macarons, mini croissants, crepe com morangos e sorvete, tortas e bolos diversos. O ch\u00e1 da tarde tem direito a buffet com mesa de doces e op\u00e7\u00f5es quentes ou frias para beber. <\/p>\n\n\n\n<blockquote style=\"text-align:center\" class=\"wp-block-quote is-style-large is-layout-flow wp-block-quote-is-layout-flow\"><p>Bon appetit!<\/p><\/blockquote>\n\n\n\n<div class=\"wp-block-image\"><figure class=\"aligncenter\"><img loading=\"lazy\" decoding=\"async\" width=\"936\" height=\"1024\" src=\"https:\/\/quantocustaviajar.com\/blog\/wp-content\/uploads\/2021\/05\/saint-decor-cafe1-936x1024.jpg\" alt=\"\" class=\"wp-image-47898\" srcset=\"https:\/\/quantocustaviajar.com\/blog\/wp-content\/uploads\/2021\/05\/saint-decor-cafe1-936x1024.jpg 936w, https:\/\/quantocustaviajar.com\/blog\/wp-content\/uploads\/2021\/05\/saint-decor-cafe1-274x300.jpg 274w, https:\/\/quantocustaviajar.com\/blog\/wp-content\/uploads\/2021\/05\/saint-decor-cafe1-768x841.jpg 768w, https:\/\/quantocustaviajar.com\/blog\/wp-content\/uploads\/2021\/05\/saint-decor-cafe1.jpg 1440w\" sizes=\"auto, (max-width: 936px) 100vw, 936px\" \/><figcaption>Foto: divulga\u00e7\u00e3o<\/figcaption><\/figure><\/div>\n\n\n\n<ul class=\"wp-block-list\"><li><strong><a href=\"http:\/\/quantocustaviajar.com\/brasil\/sao-paulo\" target=\"_blank\" rel=\"noreferrer noopener\" aria-label=\" (abre numa nova aba)\">Partiu, S\u00e3o Paulo? Confira passagens e hot\u00e9is no QuantoCustaViajar!<\/a><\/strong><\/li><\/ul>\n\n\n\n<div class=\"wp-block-image\"><figure class=\"aligncenter\"><img loading=\"lazy\" decoding=\"async\" width=\"800\" height=\"600\" src=\"https:\/\/quantocustaviajar.com\/blog\/wp-content\/uploads\/2021\/05\/saint-decor-cafe2.jpg\" alt=\"\" class=\"wp-image-47899\" srcset=\"https:\/\/quantocustaviajar.com\/blog\/wp-content\/uploads\/2021\/05\/saint-decor-cafe2.jpg 800w, https:\/\/quantocustaviajar.com\/blog\/wp-content\/uploads\/2021\/05\/saint-decor-cafe2-300x225.jpg 300w, https:\/\/quantocustaviajar.com\/blog\/wp-content\/uploads\/2021\/05\/saint-decor-cafe2-768x576.jpg 768w\" sizes=\"auto, (max-width: 800px) 100vw, 800px\" \/><figcaption>Foto: divulga\u00e7\u00e3o<\/figcaption><\/figure><\/div>\n\n\n\n<h2 class=\"wp-block-heading\">Vai l\u00e1!<\/h2>\n\n\n\n<p>O <a href=\"https:\/\/www.instagram.com\/saintdecorcafe\/\" target=\"_blank\" rel=\"noreferrer noopener\" aria-label=\"Saint D\u00e9cor Caf\u00e9 (abre numa nova aba)\">Saint D\u00e9cor Caf\u00e9<\/a> e Bistr\u00f4 fica na Rua Padre Landell de Moura, 152 &#8211; Jardim Analia Franco, S\u00e3o Paulo\/SP.<\/p>\n\n\n\n<p>Funcionamento: quarta a domingo, das 12h \u00e0s 19h.<\/p>\n\n\n\n<p>Faz delivery na capital. <\/p>\n\n\n\n<div class=\"wp-block-image\"><figure class=\"aligncenter\"><img loading=\"lazy\" decoding=\"async\" width=\"800\" height=\"600\" src=\"https:\/\/quantocustaviajar.com\/blog\/wp-content\/uploads\/2021\/05\/saint-decor-cafe3.jpg\" alt=\"\" class=\"wp-image-47892\" srcset=\"https:\/\/quantocustaviajar.com\/blog\/wp-content\/uploads\/2021\/05\/saint-decor-cafe3.jpg 800w, https:\/\/quantocustaviajar.com\/blog\/wp-content\/uploads\/2021\/05\/saint-decor-cafe3-300x225.jpg 300w, https:\/\/quantocustaviajar.com\/blog\/wp-content\/uploads\/2021\/05\/saint-decor-cafe3-768x576.jpg 768w\" sizes=\"auto, (max-width: 800px) 100vw, 800px\" \/><figcaption>Foto: divulga\u00e7\u00e3o<\/figcaption><\/figure><\/div>\n\n\n\n<div class=\"wp-block-image\"><figure class=\"aligncenter\"><img loading=\"lazy\" decoding=\"async\" width=\"800\" height=\"600\" src=\"https:\/\/quantocustaviajar.com\/blog\/wp-content\/uploads\/2021\/05\/saint-decor-cafe.jpg\" alt=\"\" class=\"wp-image-47897\" srcset=\"https:\/\/quantocustaviajar.com\/blog\/wp-content\/uploads\/2021\/05\/saint-decor-cafe.jpg 800w, https:\/\/quantocustaviajar.com\/blog\/wp-content\/uploads\/2021\/05\/saint-decor-cafe-300x225.jpg 300w, https:\/\/quantocustaviajar.com\/blog\/wp-content\/uploads\/2021\/05\/saint-decor-cafe-768x576.jpg 768w\" sizes=\"auto, (max-width: 800px) 100vw, 800px\" \/><figcaption>Foto: divulga\u00e7\u00e3o<\/figcaption><\/figure><\/div>\n\n\n\n<div class=\"wp-block-image\"><figure class=\"aligncenter\"><img loading=\"lazy\" decoding=\"async\" width=\"1024\" height=\"1024\" src=\"https:\/\/quantocustaviajar.com\/blog\/wp-content\/uploads\/2021\/05\/saint-decor-cafe12-1024x1024.jpg\" alt=\"\" class=\"wp-image-47896\" srcset=\"https:\/\/quantocustaviajar.com\/blog\/wp-content\/uploads\/2021\/05\/saint-decor-cafe12-1024x1024.jpg 1024w, https:\/\/quantocustaviajar.com\/blog\/wp-content\/uploads\/2021\/05\/saint-decor-cafe12-150x150.jpg 150w, https:\/\/quantocustaviajar.com\/blog\/wp-content\/uploads\/2021\/05\/saint-decor-cafe12-300x300.jpg 300w, https:\/\/quantocustaviajar.com\/blog\/wp-content\/uploads\/2021\/05\/saint-decor-cafe12-768x768.jpg 768w, https:\/\/quantocustaviajar.com\/blog\/wp-content\/uploads\/2021\/05\/saint-decor-cafe12.jpg 1440w\" sizes=\"auto, (max-width: 1024px) 100vw, 1024px\" \/><figcaption>Foto: divulga\u00e7\u00e3o<\/figcaption><\/figure><\/div>\n\n\n\n<figure class=\"wp-block-embed-wordpress wp-block-embed is-type-wp-embed is-provider-blog-quanto-custa-viajar\"><div class=\"wp-block-embed__wrapper\">\n<blockquote class=\"wp-embedded-content\" data-secret=\"QNPdvjBakU\"><a href=\"https:\/\/quantocustaviajar.com\/blog\/replica-da-torre-eiffel-em-umuarama\/\">R\u00e9plica da Torre Eiffel em Umuarama chama a aten\u00e7\u00e3o de turistas e praticantes de rapel<\/a><\/blockquote><iframe loading=\"lazy\" class=\"wp-embedded-content\" sandbox=\"allow-scripts\" security=\"restricted\" style=\"position: absolute; visibility: hidden;\" title=\"&#8220;R\u00e9plica da Torre Eiffel em Umuarama chama a aten\u00e7\u00e3o de turistas e praticantes de rapel&#8221; &#8212; Blog Quanto Custa Viajar\" src=\"https:\/\/quantocustaviajar.com\/blog\/replica-da-torre-eiffel-em-umuarama\/embed\/#?secret=Gv1yKQMoKQ#?secret=QNPdvjBakU\" data-secret=\"QNPdvjBakU\" width=\"600\" height=\"338\" frameborder=\"0\" marginwidth=\"0\" marginheight=\"0\" scrolling=\"no\"><\/iframe>\n<\/div><\/figure>\n","protected":false},"excerpt":{"rendered":"<p>Cabe um mundo dentro do Brasil e n\u00f3s podemos provar. Inspirado na regi\u00e3o de Provence, este caf\u00e9 e bistr\u00f4 franc\u00eas em S\u00e3o Paulo faz sucesso pelo visual semelhante a uma casinha de boneca. Indo al\u00e9m do que os olhos podem ver, inclui receitas e m\u00fasicas t\u00edpicas para uma viagem completa no distante pa\u00eds europeu. Os [&hellip;]<\/p>\n","protected":false},"author":4,"featured_media":47894,"comment_status":"open","ping_status":"open","sticky":false,"template":"","format":"standard","meta":{"cybocfi_hide_featured_image":"","footnotes":""},"categories":[1435],"tags":[912,67,1340,2239,286,236,303],"class_list":["post-47846","post","type-post","status-publish","format-standard","has-post-thumbnail","hentry","category-comes-bebes","tag-bistro","tag-cafe","tag-frances","tag-instagramavel","tag-onde-comer","tag-romantico","tag-sao-paulo"],"blocksy_meta":[],"yoast_head":"<!-- This site is optimized with the Yoast SEO plugin v26.3 - https:\/\/yoast.com\/wordpress\/plugins\/seo\/ -->\n<title>Encante-se com este caf\u00e9 e bistr\u00f4 franc\u00eas em S\u00e3o Paulo - Blog Quanto Custa Viajar<\/title>\n<meta name=\"description\" content=\"Inspirado na regi\u00e3o de Provence, este encantador caf\u00e9 e bistr\u00f4 franc\u00eas em S\u00e3o Paulo faz sucesso pelo visual semelhante a uma casinha de boneca.\" \/>\n<meta name=\"robots\" content=\"index, follow, max-snippet:-1, max-image-preview:large, max-video-preview:-1\" \/>\n<link rel=\"canonical\" href=\"https:\/\/quantocustaviajar.com\/blog\/cafe-e-bistro-frances-em-sao-paulo\/\" \/>\n<meta property=\"og:locale\" content=\"pt_BR\" \/>\n<meta property=\"og:type\" content=\"article\" \/>\n<meta property=\"og:title\" content=\"Encante-se com este caf\u00e9 e bistr\u00f4 franc\u00eas em S\u00e3o Paulo - Blog Quanto Custa Viajar\" \/>\n<meta property=\"og:description\" content=\"Inspirado na regi\u00e3o de Provence, este encantador caf\u00e9 e bistr\u00f4 franc\u00eas em S\u00e3o Paulo faz sucesso pelo visual semelhante a uma casinha de boneca.\" \/>\n<meta property=\"og:url\" content=\"https:\/\/quantocustaviajar.com\/blog\/cafe-e-bistro-frances-em-sao-paulo\/\" \/>\n<meta property=\"og:site_name\" content=\"Blog Quanto Custa Viajar\" \/>\n<meta property=\"article:publisher\" content=\"https:\/\/www.facebook.com\/quantocustaviajar\" \/>\n<meta property=\"article:author\" content=\"https:\/\/www.facebook.com\/brunellapfvr\/posts\" \/>\n<meta property=\"article:published_time\" content=\"2021-05-25T17:44:38+00:00\" \/>\n<meta property=\"article:modified_time\" content=\"2021-05-25T17:44:42+00:00\" \/>\n<meta property=\"og:image\" content=\"https:\/\/quantocustaviajar.com\/blog\/wp-content\/uploads\/2021\/05\/saint-decor-cafe6.jpg\" \/>\n\t<meta property=\"og:image:width\" content=\"960\" \/>\n\t<meta property=\"og:image:height\" content=\"639\" \/>\n\t<meta property=\"og:image:type\" content=\"image\/jpeg\" \/>\n<meta name=\"author\" content=\"Brunella Nunes\" \/>\n<meta name=\"twitter:card\" content=\"summary_large_image\" \/>\n<meta name=\"twitter:label1\" content=\"Escrito por\" \/>\n\t<meta name=\"twitter:data1\" content=\"Brunella Nunes\" \/>\n\t<meta name=\"twitter:label2\" content=\"Est. tempo de leitura\" \/>\n\t<meta name=\"twitter:data2\" content=\"2 minutos\" \/>\n<!-- \/ Yoast SEO plugin. -->","yoast_head_json":{"title":"Encante-se com este caf\u00e9 e bistr\u00f4 franc\u00eas em S\u00e3o Paulo - Blog Quanto Custa Viajar","description":"Inspirado na regi\u00e3o de Provence, este encantador caf\u00e9 e bistr\u00f4 franc\u00eas em S\u00e3o Paulo faz sucesso pelo visual semelhante a uma casinha de boneca.","robots":{"index":"index","follow":"follow","max-snippet":"max-snippet:-1","max-image-preview":"max-image-preview:large","max-video-preview":"max-video-preview:-1"},"canonical":"https:\/\/quantocustaviajar.com\/blog\/cafe-e-bistro-frances-em-sao-paulo\/","og_locale":"pt_BR","og_type":"article","og_title":"Encante-se com este caf\u00e9 e bistr\u00f4 franc\u00eas em S\u00e3o Paulo - Blog Quanto Custa Viajar","og_description":"Inspirado na regi\u00e3o de Provence, este encantador caf\u00e9 e bistr\u00f4 franc\u00eas em S\u00e3o Paulo faz sucesso pelo visual semelhante a uma casinha de boneca.","og_url":"https:\/\/quantocustaviajar.com\/blog\/cafe-e-bistro-frances-em-sao-paulo\/","og_site_name":"Blog Quanto Custa Viajar","article_publisher":"https:\/\/www.facebook.com\/quantocustaviajar","article_author":"https:\/\/www.facebook.com\/brunellapfvr\/posts","article_published_time":"2021-05-25T17:44:38+00:00","article_modified_time":"2021-05-25T17:44:42+00:00","og_image":[{"width":960,"height":639,"url":"https:\/\/quantocustaviajar.com\/blog\/wp-content\/uploads\/2021\/05\/saint-decor-cafe6.jpg","type":"image\/jpeg"}],"author":"Brunella Nunes","twitter_card":"summary_large_image","twitter_misc":{"Escrito por":"Brunella Nunes","Est. tempo de leitura":"2 minutos"},"schema":{"@context":"https:\/\/schema.org","@graph":[{"@type":["Article","BlogPosting"],"@id":"https:\/\/quantocustaviajar.com\/blog\/cafe-e-bistro-frances-em-sao-paulo\/#article","isPartOf":{"@id":"https:\/\/quantocustaviajar.com\/blog\/cafe-e-bistro-frances-em-sao-paulo\/"},"author":{"name":"Brunella Nunes","@id":"https:\/\/quantocustaviajar.com\/blog\/#\/schema\/person\/1a6dd3da9d0c0a4be42652b67bea19bb"},"headline":"Encante-se com este caf\u00e9 e bistr\u00f4 franc\u00eas em S\u00e3o Paulo","datePublished":"2021-05-25T17:44:38+00:00","dateModified":"2021-05-25T17:44:42+00:00","mainEntityOfPage":{"@id":"https:\/\/quantocustaviajar.com\/blog\/cafe-e-bistro-frances-em-sao-paulo\/"},"wordCount":412,"commentCount":4,"publisher":{"@id":"https:\/\/quantocustaviajar.com\/blog\/#organization"},"image":{"@id":"https:\/\/quantocustaviajar.com\/blog\/cafe-e-bistro-frances-em-sao-paulo\/#primaryimage"},"thumbnailUrl":"https:\/\/quantocustaviajar.com\/blog\/wp-content\/uploads\/2021\/05\/saint-decor-cafe6.jpg","keywords":["bistr\u00f4","caf\u00e9","franc\u00eas","instagram\u00e1vel","onde comer","rom\u00e2ntico","S\u00e3o Paulo"],"articleSection":["Comes &amp; Bebes"],"inLanguage":"pt-BR","potentialAction":[{"@type":"CommentAction","name":"Comment","target":["https:\/\/quantocustaviajar.com\/blog\/cafe-e-bistro-frances-em-sao-paulo\/#respond"]}]},{"@type":"WebPage","@id":"https:\/\/quantocustaviajar.com\/blog\/cafe-e-bistro-frances-em-sao-paulo\/","url":"https:\/\/quantocustaviajar.com\/blog\/cafe-e-bistro-frances-em-sao-paulo\/","name":"Encante-se com este caf\u00e9 e bistr\u00f4 franc\u00eas em S\u00e3o Paulo - Blog Quanto Custa Viajar","isPartOf":{"@id":"https:\/\/quantocustaviajar.com\/blog\/#website"},"primaryImageOfPage":{"@id":"https:\/\/quantocustaviajar.com\/blog\/cafe-e-bistro-frances-em-sao-paulo\/#primaryimage"},"image":{"@id":"https:\/\/quantocustaviajar.com\/blog\/cafe-e-bistro-frances-em-sao-paulo\/#primaryimage"},"thumbnailUrl":"https:\/\/quantocustaviajar.com\/blog\/wp-content\/uploads\/2021\/05\/saint-decor-cafe6.jpg","datePublished":"2021-05-25T17:44:38+00:00","dateModified":"2021-05-25T17:44:42+00:00","description":"Inspirado na regi\u00e3o de Provence, este encantador caf\u00e9 e bistr\u00f4 franc\u00eas em S\u00e3o Paulo faz sucesso pelo visual semelhante a uma casinha de boneca.","breadcrumb":{"@id":"https:\/\/quantocustaviajar.com\/blog\/cafe-e-bistro-frances-em-sao-paulo\/#breadcrumb"},"inLanguage":"pt-BR","potentialAction":[{"@type":"ReadAction","target":["https:\/\/quantocustaviajar.com\/blog\/cafe-e-bistro-frances-em-sao-paulo\/"]}]},{"@type":"ImageObject","inLanguage":"pt-BR","@id":"https:\/\/quantocustaviajar.com\/blog\/cafe-e-bistro-frances-em-sao-paulo\/#primaryimage","url":"https:\/\/quantocustaviajar.com\/blog\/wp-content\/uploads\/2021\/05\/saint-decor-cafe6.jpg","contentUrl":"https:\/\/quantocustaviajar.com\/blog\/wp-content\/uploads\/2021\/05\/saint-decor-cafe6.jpg","width":960,"height":639,"caption":"Foto: divulga\u00e7\u00e3o"},{"@type":"BreadcrumbList","@id":"https:\/\/quantocustaviajar.com\/blog\/cafe-e-bistro-frances-em-sao-paulo\/#breadcrumb","itemListElement":[{"@type":"ListItem","position":1,"name":"In\u00edcio","item":"https:\/\/quantocustaviajar.com\/blog\/"},{"@type":"ListItem","position":2,"name":"Encante-se com este caf\u00e9 e bistr\u00f4 franc\u00eas em S\u00e3o Paulo"}]},{"@type":"WebSite","@id":"https:\/\/quantocustaviajar.com\/blog\/#website","url":"https:\/\/quantocustaviajar.com\/blog\/","name":"Blog Quanto Custa Viajar","description":"","publisher":{"@id":"https:\/\/quantocustaviajar.com\/blog\/#organization"},"potentialAction":[{"@type":"SearchAction","target":{"@type":"EntryPoint","urlTemplate":"https:\/\/quantocustaviajar.com\/blog\/?s={search_term_string}"},"query-input":{"@type":"PropertyValueSpecification","valueRequired":true,"valueName":"search_term_string"}}],"inLanguage":"pt-BR"},{"@type":"Organization","@id":"https:\/\/quantocustaviajar.com\/blog\/#organization","name":"Quanto Custa Viajar","url":"https:\/\/quantocustaviajar.com\/blog\/","logo":{"@type":"ImageObject","inLanguage":"pt-BR","@id":"https:\/\/quantocustaviajar.com\/blog\/#\/schema\/logo\/image\/","url":"","contentUrl":"","caption":"Quanto Custa Viajar"},"image":{"@id":"https:\/\/quantocustaviajar.com\/blog\/#\/schema\/logo\/image\/"},"sameAs":["https:\/\/www.facebook.com\/quantocustaviajar"]},{"@type":"Person","@id":"https:\/\/quantocustaviajar.com\/blog\/#\/schema\/person\/1a6dd3da9d0c0a4be42652b67bea19bb","name":"Brunella Nunes","image":{"@type":"ImageObject","inLanguage":"pt-BR","@id":"https:\/\/quantocustaviajar.com\/blog\/#\/schema\/person\/image\/","url":"https:\/\/secure.gravatar.com\/avatar\/05b28dfb8a3cc7ee0dba6feefa5677f05be6d7bf4b017728fd38499092f9c282?s=96&d=mm&r=g","contentUrl":"https:\/\/secure.gravatar.com\/avatar\/05b28dfb8a3cc7ee0dba6feefa5677f05be6d7bf4b017728fd38499092f9c282?s=96&d=mm&r=g","caption":"Brunella Nunes"},"description":"Quando n\u00e3o est\u00e1 viajando pelo mundo, est\u00e1 viajando nas ideias.","sameAs":["https:\/\/www.facebook.com\/brunellapfvr\/posts","https:\/\/www.linkedin.com\/in\/brunellanunes\/"],"url":"https:\/\/quantocustaviajar.com\/blog\/author\/equipe\/"}]}},"_links":{"self":[{"href":"https:\/\/quantocustaviajar.com\/blog\/wp-json\/wp\/v2\/posts\/47846","targetHints":{"allow":["GET"]}}],"collection":[{"href":"https:\/\/quantocustaviajar.com\/blog\/wp-json\/wp\/v2\/posts"}],"about":[{"href":"https:\/\/quantocustaviajar.com\/blog\/wp-json\/wp\/v2\/types\/post"}],"author":[{"embeddable":true,"href":"https:\/\/quantocustaviajar.com\/blog\/wp-json\/wp\/v2\/users\/4"}],"replies":[{"embeddable":true,"href":"https:\/\/quantocustaviajar.com\/blog\/wp-json\/wp\/v2\/comments?post=47846"}],"version-history":[{"count":4,"href":"https:\/\/quantocustaviajar.com\/blog\/wp-json\/wp\/v2\/posts\/47846\/revisions"}],"predecessor-version":[{"id":47999,"href":"https:\/\/quantocustaviajar.com\/blog\/wp-json\/wp\/v2\/posts\/47846\/revisions\/47999"}],"wp:featuredmedia":[{"embeddable":true,"href":"https:\/\/quantocustaviajar.com\/blog\/wp-json\/wp\/v2\/media\/47894"}],"wp:attachment":[{"href":"https:\/\/quantocustaviajar.com\/blog\/wp-json\/wp\/v2\/media?parent=47846"}],"wp:term":[{"taxonomy":"category","embeddable":true,"href":"https:\/\/quantocustaviajar.com\/blog\/wp-json\/wp\/v2\/categories?post=47846"},{"taxonomy":"post_tag","embeddable":true,"href":"https:\/\/quantocustaviajar.com\/blog\/wp-json\/wp\/v2\/tags?post=47846"}],"curies":[{"name":"wp","href":"https:\/\/api.w.org\/{rel}","templated":true}]}}