{"id":47733,"date":"2021-05-24T13:11:36","date_gmt":"2021-05-24T13:11:36","guid":{"rendered":"https:\/\/quantocustaviajar.com\/blog\/?p=47733"},"modified":"2021-05-24T13:18:22","modified_gmt":"2021-05-24T13:18:22","slug":"rincao-do-inferno-rio-grande-do-sul","status":"publish","type":"post","link":"https:\/\/quantocustaviajar.com\/blog\/rincao-do-inferno-rio-grande-do-sul\/","title":{"rendered":"Cinematogr\u00e1fico, Rinc\u00e3o do Inferno \u00e9 um para\u00edso natural no Rio Grande do Sul"},"content":{"rendered":"\n<p>Que tal explorar os caminhos do Pampa Ga\u00facho? Um dos destaques da regi\u00e3o \u00e9 o <strong>Rinc\u00e3o do Inferno<\/strong>, que de infernal n\u00e3o tem nada. \u00c9 um <strong>para\u00edso natural no <a href=\"https:\/\/quantocustaviajar.com\/blog\/cidades-legais-para-conhecer-no-rio-grande-do-sul\/\">Rio Grande do Sul<\/a><\/strong>, com forma\u00e7\u00f5es rochosas cortadas por um rio e uma beleza espetacular.<\/p>\n\n\n\n<p>O cen\u00e1rio digno de filme \u00e9 um tanto majestoso \u00e9 dram\u00e1tico: entre os pared\u00f5es flui o volumoso rio Camaqu\u00e3. A presen\u00e7a humana se torna min\u00fascula diante de tamanha grandeza. S\u00e3o mais de dois quil\u00f4metros de extens\u00e3o e uma eleva\u00e7\u00e3o que chega a 241 metros de altura.<\/p>\n\n\n\n<p>O bioma do Pampa \u00e9 \u00fanico no mundo, com imensid\u00e3o de florestas, campos, pradarias e plan\u00edcies. Parte dele se faz presente no atrativo natural, que fica dentro de uma propriedade particular aberta \u00e0 visita\u00e7\u00e3o guiada, com ingresso pago. <\/p>\n\n\n\n<blockquote class=\"wp-block-quote is-style-large is-layout-flow wp-block-quote-is-layout-flow\"><p>O Rinc\u00e3o aparece no filme brasileiro \u201cO Tempo e o Vento\u201d. Na beira do rio, dois personagens importantes da obra se encontram.<\/p><\/blockquote>\n\n\n\n<div class=\"wp-block-image\"><figure class=\"aligncenter\"><img loading=\"lazy\" decoding=\"async\" width=\"598\" height=\"400\" src=\"https:\/\/quantocustaviajar.com\/blog\/wp-content\/uploads\/2021\/05\/rincao-do-inferno-5.jpg\" alt=\"\" class=\"wp-image-47773\" srcset=\"https:\/\/quantocustaviajar.com\/blog\/wp-content\/uploads\/2021\/05\/rincao-do-inferno-5.jpg 598w, https:\/\/quantocustaviajar.com\/blog\/wp-content\/uploads\/2021\/05\/rincao-do-inferno-5-300x201.jpg 300w\" sizes=\"auto, (max-width: 598px) 100vw, 598px\" \/><figcaption>Foto: <a href=\"https:\/\/www.flickr.com\/photos\/zepaiva\/3932029834\/in\/photolist-6ZsFtQ-37x2Qr-r2LXHD-rfzMry-M6qMGB-deYWx-o1GpM-DKN7p-deYWt-byNSq-aBArw-aBCDc-aBDua-aBBrw-aBEGT-aBCP3-aBDB7-aBAB9-aBAQ8-aBDjM-aBDFp-aBB1G-5fTSiZ-DKN7t-deYWs-DKN6B-DKzSo-DKN7b-DKzRW-DKzST-DKN6H-DKzSJ-byNSs-DKzSz-DKzS9-aBB9N-aBAKx-aBBdi-aBDMv-aBByv-aBCTy-aBCzQ-aBCYC-aBD8f-aBCFk-aBBXX-aBEkc-aBAVN-aBECJ-aBCKp\" target=\"_blank\" rel=\"noopener noreferrer\">Ze Paiva<\/a><\/figcaption><\/figure><\/div>\n\n\n\n<h2 class=\"wp-block-heading\">Rinc\u00e3o do Inferno<\/h2>\n\n\n\n<p>Lugar de aventuras, peregrina\u00e7\u00e3o e mist\u00e9rios, o Rinc\u00e3o do Inferno fica entre os munic\u00edpios de <strong>Bag\u00e9<\/strong> e<strong> Lavras do Sul<\/strong>. Para al\u00e9m das caminhadas, banho e descidas de caiaque s\u00e3o permitidas no rio, assim como pernoitar em barracas de camping, o que permite outra vis\u00e3o m\u00e1gica: o c\u00e9u forrado de estrelas brilhantes. <\/p>\n\n\n<blockquote class=\"instagram-media\" data-instgrm-permalink=\"https:\/\/www.instagram.com\/p\/CJowTAcJdFF\/?utm_source=ig_embed&amp;utm_campaign=loading\" data-instgrm-version=\"13\" style=\" background:#FFF; border:0; border-radius:3px; box-shadow:0 0 1px 0 rgba(0,0,0,0.5),0 1px 10px 0 rgba(0,0,0,0.15); margin: 1px; max-width:540px; min-width:326px; padding:0; width:99.375%; width:-webkit-calc(100% - 2px); width:calc(100% - 2px);\">\n<div style=\"padding:16px;\"> <a href=\"https:\/\/www.instagram.com\/p\/CJowTAcJdFF\/?utm_source=ig_embed&amp;utm_campaign=loading\" style=\" background:#FFFFFF; line-height:0; padding:0 0; text-align:center; text-decoration:none; width:100%;\" target=\"_blank\" rel=\"noopener noreferrer\"> <p><\/p>\n<div style=\" display: flex; flex-direction: row; align-items: center;\">\n<div style=\"background-color: #F4F4F4; border-radius: 50%; flex-grow: 0; height: 40px; margin-right: 14px; width: 40px;\"><\/div>\n<div style=\"display: flex; flex-direction: column; flex-grow: 1; justify-content: center;\">\n<div style=\" background-color: #F4F4F4; border-radius: 4px; flex-grow: 0; height: 14px; margin-bottom: 6px; width: 100px;\"><\/div>\n<div style=\" background-color: #F4F4F4; border-radius: 4px; flex-grow: 0; height: 14px; width: 60px;\"><\/div>\n<\/div>\n<\/div>\n<div style=\"padding: 19% 0;\"><\/div>\n<div style=\"display:block; height:50px; margin:0 auto 12px; width:50px;\"><svg width=\"50px\" height=\"50px\" viewBox=\"0 0 60 60\" version=\"1.1\" xmlns=\"https:\/\/www.w3.org\/2000\/svg\" xmlns:xlink=\"https:\/\/www.w3.org\/1999\/xlink\"><g stroke=\"none\" stroke-width=\"1\" fill=\"none\" fill-rule=\"evenodd\"><g transform=\"translate(-511.000000, -20.000000)\" fill=\"#000000\"><g><path d=\"M556.869,30.41 C554.814,30.41 553.148,32.076 553.148,34.131 C553.148,36.186 554.814,37.852 556.869,37.852 C558.924,37.852 560.59,36.186 560.59,34.131 C560.59,32.076 558.924,30.41 556.869,30.41 M541,60.657 C535.114,60.657 530.342,55.887 530.342,50 C530.342,44.114 535.114,39.342 541,39.342 C546.887,39.342 551.658,44.114 551.658,50 C551.658,55.887 546.887,60.657 541,60.657 M541,33.886 C532.1,33.886 524.886,41.1 524.886,50 C524.886,58.899 532.1,66.113 541,66.113 C549.9,66.113 557.115,58.899 557.115,50 C557.115,41.1 549.9,33.886 541,33.886 M565.378,62.101 C565.244,65.022 564.756,66.606 564.346,67.663 C563.803,69.06 563.154,70.057 562.106,71.106 C561.058,72.155 560.06,72.803 558.662,73.347 C557.607,73.757 556.021,74.244 553.102,74.378 C549.944,74.521 548.997,74.552 541,74.552 C533.003,74.552 532.056,74.521 528.898,74.378 C525.979,74.244 524.393,73.757 523.338,73.347 C521.94,72.803 520.942,72.155 519.894,71.106 C518.846,70.057 518.197,69.06 517.654,67.663 C517.244,66.606 516.755,65.022 516.623,62.101 C516.479,58.943 516.448,57.996 516.448,50 C516.448,42.003 516.479,41.056 516.623,37.899 C516.755,34.978 517.244,33.391 517.654,32.338 C518.197,30.938 518.846,29.942 519.894,28.894 C520.942,27.846 521.94,27.196 523.338,26.654 C524.393,26.244 525.979,25.756 528.898,25.623 C532.057,25.479 533.004,25.448 541,25.448 C548.997,25.448 549.943,25.479 553.102,25.623 C556.021,25.756 557.607,26.244 558.662,26.654 C560.06,27.196 561.058,27.846 562.106,28.894 C563.154,29.942 563.803,30.938 564.346,32.338 C564.756,33.391 565.244,34.978 565.378,37.899 C565.522,41.056 565.552,42.003 565.552,50 C565.552,57.996 565.522,58.943 565.378,62.101 M570.82,37.631 C570.674,34.438 570.167,32.258 569.425,30.349 C568.659,28.377 567.633,26.702 565.965,25.035 C564.297,23.368 562.623,22.342 560.652,21.575 C558.743,20.834 556.562,20.326 553.369,20.18 C550.169,20.033 549.148,20 541,20 C532.853,20 531.831,20.033 528.631,20.18 C525.438,20.326 523.257,20.834 521.349,21.575 C519.376,22.342 517.703,23.368 516.035,25.035 C514.368,26.702 513.342,28.377 512.574,30.349 C511.834,32.258 511.326,34.438 511.181,37.631 C511.035,40.831 511,41.851 511,50 C511,58.147 511.035,59.17 511.181,62.369 C511.326,65.562 511.834,67.743 512.574,69.651 C513.342,71.625 514.368,73.296 516.035,74.965 C517.703,76.634 519.376,77.658 521.349,78.425 C523.257,79.167 525.438,79.673 528.631,79.82 C531.831,79.965 532.853,80.001 541,80.001 C549.148,80.001 550.169,79.965 553.369,79.82 C556.562,79.673 558.743,79.167 560.652,78.425 C562.623,77.658 564.297,76.634 565.965,74.965 C567.633,73.296 568.659,71.625 569.425,69.651 C570.167,67.743 570.674,65.562 570.82,62.369 C570.966,59.17 571,58.147 571,50 C571,41.851 570.966,40.831 570.82,37.631\"><\/path><\/g><\/g><\/g><\/svg><\/div>\n<div style=\"padding-top: 8px;\">\n<div style=\" color:#3897f0; font-family:Arial,sans-serif; font-size:14px; font-style:normal; font-weight:550; line-height:18px;\"> Ver essa foto no Instagram<\/div>\n<\/div>\n<div style=\"padding: 12.5% 0;\"><\/div>\n<div style=\"display: flex; flex-direction: row; margin-bottom: 14px; align-items: center;\">\n<div>\n<div style=\"background-color: #F4F4F4; border-radius: 50%; height: 12.5px; width: 12.5px; transform: translateX(0px) translateY(7px);\"><\/div>\n<div style=\"background-color: #F4F4F4; height: 12.5px; transform: rotate(-45deg) translateX(3px) translateY(1px); width: 12.5px; flex-grow: 0; margin-right: 14px; margin-left: 2px;\"><\/div>\n<div style=\"background-color: #F4F4F4; border-radius: 50%; height: 12.5px; width: 12.5px; transform: translateX(9px) translateY(-18px);\"><\/div>\n<\/div>\n<div style=\"margin-left: 8px;\">\n<div style=\" background-color: #F4F4F4; border-radius: 50%; flex-grow: 0; height: 20px; width: 20px;\"><\/div>\n<div style=\" width: 0; height: 0; border-top: 2px solid transparent; border-left: 6px solid #f4f4f4; border-bottom: 2px solid transparent; transform: translateX(16px) translateY(-4px) rotate(30deg)\"><\/div>\n<\/div>\n<div style=\"margin-left: auto;\">\n<div style=\" width: 0px; border-top: 8px solid #F4F4F4; border-right: 8px solid transparent; transform: translateY(16px);\"><\/div>\n<div style=\" background-color: #F4F4F4; flex-grow: 0; height: 12px; width: 16px; transform: translateY(-4px);\"><\/div>\n<div style=\" width: 0; height: 0; border-top: 8px solid #F4F4F4; border-left: 8px solid transparent; transform: translateY(-4px) translateX(8px);\"><\/div>\n<\/div>\n<\/div>\n<div style=\"display: flex; flex-direction: column; flex-grow: 1; justify-content: center; margin-bottom: 24px;\">\n<div style=\" background-color: #F4F4F4; border-radius: 4px; flex-grow: 0; height: 14px; margin-bottom: 6px; width: 224px;\"><\/div>\n<div style=\" background-color: #F4F4F4; border-radius: 4px; flex-grow: 0; height: 14px; width: 144px;\"><\/div>\n<\/div>\n<\/a><p><a href=\"https:\/\/www.instagram.com\/p\/CJowTAcJdFF\/?utm_source=ig_embed&amp;utm_campaign=loading\" style=\" background:#FFFFFF; line-height:0; padding:0 0; text-align:center; text-decoration:none; width:100%;\" target=\"_blank\" rel=\"noopener noreferrer\"><\/a><\/p>\n<p><a href=\"https:\/\/www.instagram.com\/p\/CJowTAcJdFF\/?utm_source=ig_embed&amp;utm_campaign=loading\" style=\" background:#FFFFFF; line-height:0; padding:0 0; text-align:center; text-decoration:none; width:100%;\" target=\"_blank\" rel=\"noopener noreferrer\"><\/a><\/p>\n<p style=\" color:#c9c8cd; font-family:Arial,sans-serif; font-size:14px; line-height:17px; margin-bottom:0; margin-top:8px; overflow:hidden; padding:8px 0 7px; text-align:center; text-overflow:ellipsis; white-space:nowrap;\"><a href=\"https:\/\/www.instagram.com\/p\/CJowTAcJdFF\/?utm_source=ig_embed&amp;utm_campaign=loading\" style=\" color:#c9c8cd; font-family:Arial,sans-serif; font-size:14px; font-style:normal; font-weight:normal; line-height:17px; text-decoration:none;\" target=\"_blank\" rel=\"noopener noreferrer\">Uma publica\u00e7\u00e3o compartilhada por Thais Rahn (@thaisrahn)<\/a><\/p>\n<\/div>\n<\/blockquote>\n<p> <script async=\"\" src=\"\/\/www.instagram.com\/embed.js\"><\/script><\/p>\n\n\n<p>O caminho leva at\u00e9 a <strong>Casa de Pedra<\/strong>, uma gruta que abrigou tropas revolucion\u00e1rias ao longo das disputas por territ\u00f3rio que ajudaram a definir o mapa da Am\u00e9rica do Sul e do Brasil. Hoje \u00e9 ainda um lugar de repouso, mas n\u00e3o de esconderijo. <\/p>\n\n\n\n<div class=\"wp-block-image\"><figure class=\"aligncenter\"><img loading=\"lazy\" decoding=\"async\" width=\"1010\" height=\"530\" src=\"https:\/\/quantocustaviajar.com\/blog\/wp-content\/uploads\/2021\/05\/rincao-do-inferno4.jpg\" alt=\"\" class=\"wp-image-47776\" srcset=\"https:\/\/quantocustaviajar.com\/blog\/wp-content\/uploads\/2021\/05\/rincao-do-inferno4.jpg 1010w, https:\/\/quantocustaviajar.com\/blog\/wp-content\/uploads\/2021\/05\/rincao-do-inferno4-300x157.jpg 300w, https:\/\/quantocustaviajar.com\/blog\/wp-content\/uploads\/2021\/05\/rincao-do-inferno4-768x403.jpg 768w\" sizes=\"auto, (max-width: 1010px) 100vw, 1010px\" \/><figcaption>Foto: reprodu\u00e7\u00e3o\/Facebook Rinc\u00e3o do Inferno<\/figcaption><\/figure><\/div>\n\n\n\n<div class=\"wp-block-image\"><figure class=\"aligncenter\"><img loading=\"lazy\" decoding=\"async\" width=\"881\" height=\"1024\" src=\"https:\/\/quantocustaviajar.com\/blog\/wp-content\/uploads\/2021\/05\/rincao-do-inferno-3-881x1024.jpg\" alt=\"\" class=\"wp-image-47771\" srcset=\"https:\/\/quantocustaviajar.com\/blog\/wp-content\/uploads\/2021\/05\/rincao-do-inferno-3-881x1024.jpg 881w, https:\/\/quantocustaviajar.com\/blog\/wp-content\/uploads\/2021\/05\/rincao-do-inferno-3-258x300.jpg 258w, https:\/\/quantocustaviajar.com\/blog\/wp-content\/uploads\/2021\/05\/rincao-do-inferno-3-768x893.jpg 768w, https:\/\/quantocustaviajar.com\/blog\/wp-content\/uploads\/2021\/05\/rincao-do-inferno-3.jpg 1761w\" sizes=\"auto, (max-width: 881px) 100vw, 881px\" \/><figcaption>Foto: <a href=\"https:\/\/www.flickr.com\/photos\/maurosilva77\/29473915243\/in\/photolist-LUvw9t-p8enn-yAMBZW-aBEMf-aBBCV-aBAmF-aBDTT-aBBJ2-aBDeX-aBCgh-aBBTP-DSEYB-2an9TpY-7cQL5z-DSEY7-6ZsFtQ-37x2Qr-r2LXHD-rfzMry-M6qMGB-deYWx-o1GpM-DKN7p-deYWt-byNSq-aBArw-aBCDc-aBDua-aBBrw-aBEGT-aBCP3-aBDB7-aBAB9-aBAQ8-aBDjM-aBDFp-aBB1G-5fTSiZ-DKN7t-deYWs-DKN6B-DKzSo-DKN7b-DKzRW-DKzST-DKN6H-DKzSJ-byNSs-DKzSz-DKzS9\" target=\"_blank\" rel=\"noopener noreferrer\">Mauro Silva<\/a><\/figcaption><\/figure><\/div>\n\n\n\n<p>Ao redor da exuberante forma\u00e7\u00e3o rochosa vivem <strong>comunidades quilombolas<\/strong>, n\u00facleos de resist\u00eancia e luta por essa terra, formados por pessoas ex-escravizadas. \u00c9 a partir das fugas que se nominou o local, na \u00e9poca dif\u00edcil de se habitar. <\/p>\n\n\n\n<p>Com o resgate hist\u00f3rico, faz sentido a presen\u00e7a de moradores guerreiros. O quilombo de Palmas \u00e9 o maior, concentrando em torno de 40 fam\u00edlias que resguardam os ensinamentos, a cultura e a identidade dos antepassados. Vale a pena dar um passeio por l\u00e1 para se aprofundar nesse rico legado e conhecer mais sobre as comunidades.<\/p>\n\n\n\n<div class=\"wp-block-image\"><figure class=\"aligncenter\"><img loading=\"lazy\" decoding=\"async\" width=\"800\" height=\"600\" src=\"https:\/\/quantocustaviajar.com\/blog\/wp-content\/uploads\/2021\/05\/rincao-do-inferno-1.jpg\" alt=\"\" class=\"wp-image-47770\" srcset=\"https:\/\/quantocustaviajar.com\/blog\/wp-content\/uploads\/2021\/05\/rincao-do-inferno-1.jpg 800w, https:\/\/quantocustaviajar.com\/blog\/wp-content\/uploads\/2021\/05\/rincao-do-inferno-1-300x225.jpg 300w, https:\/\/quantocustaviajar.com\/blog\/wp-content\/uploads\/2021\/05\/rincao-do-inferno-1-768x576.jpg 768w\" sizes=\"auto, (max-width: 800px) 100vw, 800px\" \/><figcaption>Foto: <a href=\"https:\/\/www.flickr.com\/photos\/ronai\/249098851\/in\/photolist-o1GpM-DKN7p-deYWt-byNSq-aBArw-aBCDc-aBDua-aBBrw-aBEGT-aBCP3-aBDB7-aBAB9-aBAQ8-aBDjM-aBDFp-aBB1G-5fTSiZ-DKN7t-deYWs-DKN6B-DKzSo-DKN7b-DKzRW-DKzST-DKN6H-DKzSJ-byNSs-DKzSz-DKzS9-aBB9N-aBAKx-aBBdi-aBDMv-aBByv-aBCTy-aBCzQ-aBCYC-aBD8f-aBCFk-aBBXX-aBEkc-aBAVN-aBECJ-aBCKp-aBEyr-aBDWT-aBEur-aBE1a-aBBjT-aBCqi\" target=\"_blank\" rel=\"noopener noreferrer\">Ronai Rocha<\/a><\/figcaption><\/figure><\/div>\n\n\n\n<div class=\"wp-block-image\"><figure class=\"aligncenter\"><img loading=\"lazy\" decoding=\"async\" width=\"800\" height=\"600\" src=\"https:\/\/quantocustaviajar.com\/blog\/wp-content\/uploads\/2021\/05\/rincao-do-inferno-4.jpg\" alt=\"\" class=\"wp-image-47772\" srcset=\"https:\/\/quantocustaviajar.com\/blog\/wp-content\/uploads\/2021\/05\/rincao-do-inferno-4.jpg 800w, https:\/\/quantocustaviajar.com\/blog\/wp-content\/uploads\/2021\/05\/rincao-do-inferno-4-300x225.jpg 300w, https:\/\/quantocustaviajar.com\/blog\/wp-content\/uploads\/2021\/05\/rincao-do-inferno-4-768x576.jpg 768w\" sizes=\"auto, (max-width: 800px) 100vw, 800px\" \/><figcaption>Foto: <a href=\"https:\/\/www.flickr.com\/photos\/gpillar\/108801478\/in\/photolist-aBAB9-aBAQ8-aBDjM-aBDFp-aBB1G-5fTSiZ-DKN7t-deYWs-DKN6B-DKzSo-DKN7b-DKzRW-DKzST-DKN6H-DKzSJ-byNSs-DKzSz-DKzS9-aBB9N-aBAKx-aBBdi-aBDMv-aBByv-aBCTy-aBCzQ-aBCYC-aBD8f-aBCFk-aBBXX-aBEkc-aBAVN-aBECJ-aBCKp-aBEyr-aBDWT-aBEur-aBE1a-aBBjT-aBCqi-aBCvj-aBC4q-aBCjL-aBEpN-aBE5H-aBBhv-aBEfV-aBCa3-aBBNE-aBB7d-KWcuW\" target=\"_blank\" rel=\"noopener noreferrer\">Gabriel Pillar<\/a><\/figcaption><\/figure><\/div>\n\n\n\n<h2 class=\"wp-block-heading\">O que fazer em Bag\u00e9<\/h2>\n\n\n\n<p>Vizinha do <a href=\"https:\/\/quantocustaviajar.com\/uruguai\/\" target=\"_blank\" rel=\"noreferrer noopener\" aria-label=\" (abre numa nova aba)\">Uruguai<\/a>, <strong>Bag\u00e9 \u00e9 considerada a \u201crainha da fronteira\u201d<\/strong>, tendo em seu DNA um forte legado rural e o tradicionalismo ga\u00facho. Ali n\u00e3o falta mate amargo, fogo de ch\u00e3o, parrilla e m\u00fasica t\u00edpica. <\/p>\n\n\n\n<p style=\"text-align:left\"><strong><a href=\"https:\/\/www.booking.com\/searchresults.pt-br.html?aid=2161834&amp;label=PID&amp;sid=4e99fd0fc5d872459286adcc083f072e&amp;sb=1&amp;src=searchresults&amp;src_elem=sb&amp;error_url=https%3A%2F%2Fwww.booking.com%2Fsearchresults.pt-br.html%3Faid%3D2161834%3Blabel%3DPID%3Bsid%3D4e99fd0fc5d872459286adcc083f072e%3Btmpl%3Dsearchresults%3Bcheckin_month%3D05%3Bcheckin_monthday%3D31%3Bcheckin_year%3D2021%3Bcheckout_month%3D06%3Bcheckout_monthday%3D03%3Bcheckout_year%3D2021%3Bcity%3D-663509%3Bclass_interval%3D1%3Bdest_id%3D-663509%3Bdest_type%3Dcity%3Bdtdisc%3D0%3Bgroup_adults%3D1%3Bgroup_children%3D0%3Binac%3D0%3Bindex_postcard%3D0%3Blabel_click%3Dundef%3Bno_rooms%3D1%3Boffset%3D0%3Bpostcard%3D0%3Broom1%3DA%3Bsb_price_type%3Dtotal%3Bsb_travel_purpose%3Dleisure%3Bshw_aparth%3D1%3Bslp_r_match%3D0%3Bsrpvid%3D13ca5c933dc2019f%3Bss_all%3D0%3Bssb%3Dempty%3Bsshis%3D0%3Btop_ufis%3D1%3Bsig%3Dv1LnfQtryw%3B&amp;ss=Bag%C3%A9%2C+Rio+Grande+do+Sul%2C+Brasil&amp;is_ski_area=&amp;ssne=Porto+Alegre&amp;ssne_untouched=Porto+Alegre&amp;city=-663509&amp;checkin_year=2021&amp;checkin_month=8&amp;checkin_monthday=6&amp;checkout_year=2021&amp;checkout_month=8&amp;checkout_monthday=7&amp;group_adults=1&amp;group_children=0&amp;no_rooms=1&amp;sb_changed_destination=1&amp;sb_changed_dates=1&amp;from_sf=1&amp;ss_raw=bag%C3%A9&amp;ac_position=0&amp;ac_langcode=xb&amp;ac_click_type=b&amp;dest_id=-626908&amp;dest_type=city&amp;place_id_lat=-31.32871&amp;place_id_lon=-54.10706&amp;search_pageview_id=13ca5c933dc2019f&amp;search_selected=true&amp;search_pageview_id=13ca5c933dc2019f&amp;ac_suggestion_list_length=5&amp;ac_suggestion_theme_list_length=0\" target=\"_blank\" rel=\"noreferrer noopener\" aria-label=\"Pesquise aqui hospedagem em Bag\u00e9 (abre numa nova aba)\">Pesquise aqui hospedagem em Bag\u00e9<\/a><\/strong><\/p>\n\n\n\n<p>A economia se pauta no agroneg\u00f3cio, mas o turismo se movimenta tamb\u00e9m pela <strong>produ\u00e7\u00e3o de azeites e vinhos<\/strong>. Uma das principais vin\u00edcolas abertas ao p\u00fablico \u00e9 a <strong><a rel=\"noreferrer noopener\" aria-label=\"Est\u00e2ncia Paraizo (abre numa nova aba)\" href=\"http:\/\/www.estanciaparaizo.com\/\" target=\"_blank\">Est\u00e2ncia Paraizo<\/a><\/strong>, que produz vinhos shiraz e cabernet sauvignon. O lugar, protegido como patrim\u00f4nio material e imaterial da Campanha Ga\u00facha, \u00e9 cercado de paisagens lindas, formadas tamb\u00e9m pela Capela de S\u00e3o Jorge, erguida em 1916 no topo de uma colina.<\/p>\n\n\n\n<div class=\"wp-block-image\"><figure class=\"aligncenter\"><img loading=\"lazy\" decoding=\"async\" width=\"1024\" height=\"576\" src=\"https:\/\/quantocustaviajar.com\/blog\/wp-content\/uploads\/2021\/05\/estancia-paraizo-1024x576.jpg\" alt=\"\" class=\"wp-image-47779\" srcset=\"https:\/\/quantocustaviajar.com\/blog\/wp-content\/uploads\/2021\/05\/estancia-paraizo-1024x576.jpg 1024w, https:\/\/quantocustaviajar.com\/blog\/wp-content\/uploads\/2021\/05\/estancia-paraizo-300x169.jpg 300w, https:\/\/quantocustaviajar.com\/blog\/wp-content\/uploads\/2021\/05\/estancia-paraizo-768x432.jpg 768w, https:\/\/quantocustaviajar.com\/blog\/wp-content\/uploads\/2021\/05\/estancia-paraizo-1920x1080.jpg 1920w, https:\/\/quantocustaviajar.com\/blog\/wp-content\/uploads\/2021\/05\/estancia-paraizo.jpg 2048w\" sizes=\"auto, (max-width: 1024px) 100vw, 1024px\" \/><figcaption>Foto: reprodu\u00e7\u00e3o\/ricardomogliapedra<\/figcaption><\/figure><\/div>\n\n\n\n<p>Considere circular pelo centro para observar os edif\u00edcios antigos bem preservados, como a Casa de Cultura Pedro Wayne, o Instituto Municipal de Belas Artes, a Catedral de <a href=\"https:\/\/quantocustaviajar.com\/blog\/sao-sebastiao-litoral-paulista-guia\/\">S\u00e3o Sebasti\u00e3o<\/a>, a Prefeitura e o Museu Dom Diogo de Souza, onde funcionava a Benefic\u00eancia Portuguesa.<\/p>\n\n\n\n<p><strong><a href=\"https:\/\/www.rentcars.com\/?requestorid=52\" target=\"_blank\" rel=\"noreferrer noopener\" aria-label=\"Alugue aqui um carro e fa\u00e7a uma viagem incr\u00edvel pelo Rio Grande do Sul (abre numa nova aba)\">Alugue aqui um carro e fa\u00e7a uma viagem incr\u00edvel pelo Rio Grande do Sul<\/a><\/strong><\/p>\n\n\n\n<p>O Palacete Pedro Os\u00f3rio pertenceu ao m\u00e9dico hom\u00f4nimo e hoje abriga a Secretaria de Cultura. A constru\u00e7\u00e3o tem grande valor hist\u00f3rico, seguindo o estilo neocl\u00e1ssico, com m\u00e1rmore, vitrais e ferro. H\u00e1 teorias de que teria sido inspirado em uma casa na It\u00e1lia e em Paris. Aos fundos tem um bosque que ficou de legado. <\/p>\n\n\n\n<div class=\"wp-block-image\"><figure class=\"aligncenter\"><img loading=\"lazy\" decoding=\"async\" width=\"520\" height=\"348\" src=\"https:\/\/quantocustaviajar.com\/blog\/wp-content\/uploads\/2021\/05\/bage-rio-grande-do-sul2.jpg\" alt=\"\" class=\"wp-image-47774\" srcset=\"https:\/\/quantocustaviajar.com\/blog\/wp-content\/uploads\/2021\/05\/bage-rio-grande-do-sul2.jpg 520w, https:\/\/quantocustaviajar.com\/blog\/wp-content\/uploads\/2021\/05\/bage-rio-grande-do-sul2-300x201.jpg 300w\" sizes=\"auto, (max-width: 520px) 100vw, 520px\" \/><figcaption>Foto: Turismo do Rio Grande do Sul<\/figcaption><\/figure><\/div>\n\n\n\n<p>O Centro Hist\u00f3rico de Santa Thereza \u00e9 outra viagem no tempo, resguardando uma antiga vila oper\u00e1ria do s\u00e9culo 19. O p\u00fablico tamb\u00e9m pode visitar a cidade cenogr\u00e1fica de Santa F\u00e9, erguida para as grava\u00e7\u00f5es do filme <em>\u201cO Tempo e o Vento\u201d<\/em>, baseado na obra liter\u00e1ria de \u00c9rico Ver\u00edssimo.<\/p>\n\n\n\n<p>A folcl\u00f3rica cidade a cerca de 366 km de <a href=\"https:\/\/quantocustaviajar.com\/brasil\/porto-alegre\" target=\"_blank\" rel=\"noreferrer noopener\" aria-label=\" (abre numa nova aba)\">Porto Alegre<\/a> preserva celebra\u00e7\u00f5es como a Semana Farroupilha, a Festa do Churrasco e o Dan\u00e7a Bag\u00e9, evento cultural regado \u00e0 m\u00fasicas tradicionalistas. <\/p>\n\n\n\n<div class=\"wp-block-image\"><figure class=\"aligncenter\"><img loading=\"lazy\" decoding=\"async\" width=\"520\" height=\"345\" src=\"https:\/\/quantocustaviajar.com\/blog\/wp-content\/uploads\/2021\/05\/bage-rio-grande-do-sul.jpg\" alt=\"\" class=\"wp-image-47775\" srcset=\"https:\/\/quantocustaviajar.com\/blog\/wp-content\/uploads\/2021\/05\/bage-rio-grande-do-sul.jpg 520w, https:\/\/quantocustaviajar.com\/blog\/wp-content\/uploads\/2021\/05\/bage-rio-grande-do-sul-300x199.jpg 300w\" sizes=\"auto, (max-width: 520px) 100vw, 520px\" \/><figcaption>Foto: Turismo do Rio Grande do Sul<br><\/figcaption><\/figure><\/div>\n\n\n\n<figure class=\"wp-block-embed-wordpress wp-block-embed is-type-wp-embed is-provider-blog-quanto-custa-viajar\"><div class=\"wp-block-embed__wrapper\">\n<blockquote class=\"wp-embedded-content\" data-secret=\"WJl0pXLa4X\"><a href=\"https:\/\/quantocustaviajar.com\/blog\/cidades-legais-para-conhecer-no-rio-grande-do-sul\/\">22 cidades legais para conhecer no Rio Grande do Sul<\/a><\/blockquote><iframe loading=\"lazy\" class=\"wp-embedded-content\" sandbox=\"allow-scripts\" security=\"restricted\" style=\"position: absolute; visibility: hidden;\" title=\"&#8220;22 cidades legais para conhecer no Rio Grande do Sul&#8221; &#8212; Blog Quanto Custa Viajar\" src=\"https:\/\/quantocustaviajar.com\/blog\/cidades-legais-para-conhecer-no-rio-grande-do-sul\/embed\/#?secret=SRRofPqbSh#?secret=WJl0pXLa4X\" data-secret=\"WJl0pXLa4X\" width=\"600\" height=\"338\" frameborder=\"0\" marginwidth=\"0\" marginheight=\"0\" scrolling=\"no\"><\/iframe>\n<\/div><\/figure>\n","protected":false},"excerpt":{"rendered":"<p>Que tal explorar os caminhos do Pampa Ga\u00facho? Um dos destaques da regi\u00e3o \u00e9 o Rinc\u00e3o do Inferno, que de infernal n\u00e3o tem nada. \u00c9 um para\u00edso natural no Rio Grande do Sul, com forma\u00e7\u00f5es rochosas cortadas por um rio e uma beleza espetacular. O cen\u00e1rio digno de filme \u00e9 um tanto majestoso \u00e9 dram\u00e1tico: [&hellip;]<\/p>\n","protected":false},"author":4,"featured_media":47768,"comment_status":"open","ping_status":"open","sticky":false,"template":"","format":"standard","meta":{"cybocfi_hide_featured_image":"","footnotes":""},"categories":[1437,1434],"tags":[2189,415,467,2239,583,437,216,1785],"class_list":["post-47733","post","type-post","status-publish","format-standard","has-post-thumbnail","hentry","category-ao-ar-livre","category-descubra-brasil","tag-acampamento","tag-belezas-naturais","tag-ecoturismo","tag-instagramavel","tag-lugares-inspiradores","tag-paisagem","tag-rio-grande-do-sul","tag-trilhas"],"blocksy_meta":[],"yoast_head":"<!-- This site is optimized with the Yoast SEO plugin v26.3 - https:\/\/yoast.com\/wordpress\/plugins\/seo\/ -->\n<title>Cinematogr\u00e1fico, Rinc\u00e3o do Inferno \u00e9 um para\u00edso natural no Rio Grande do Sul - Blog Quanto Custa Viajar<\/title>\n<meta name=\"description\" content=\"Que tal explorar os caminhos do Pampa Ga\u00facho? Um dos destaques da regi\u00e3o \u00e9 o Rinc\u00e3o do Inferno, que de infernal n\u00e3o tem nada. \u00c9 um para\u00edso natural no RS!\" \/>\n<meta name=\"robots\" content=\"index, follow, max-snippet:-1, max-image-preview:large, max-video-preview:-1\" \/>\n<link rel=\"canonical\" href=\"https:\/\/quantocustaviajar.com\/blog\/rincao-do-inferno-rio-grande-do-sul\/\" \/>\n<meta property=\"og:locale\" content=\"pt_BR\" \/>\n<meta property=\"og:type\" content=\"article\" \/>\n<meta property=\"og:title\" content=\"Cinematogr\u00e1fico, Rinc\u00e3o do Inferno \u00e9 um para\u00edso natural no Rio Grande do Sul - Blog Quanto Custa Viajar\" \/>\n<meta property=\"og:description\" content=\"Que tal explorar os caminhos do Pampa Ga\u00facho? Um dos destaques da regi\u00e3o \u00e9 o Rinc\u00e3o do Inferno, que de infernal n\u00e3o tem nada. \u00c9 um para\u00edso natural no RS!\" \/>\n<meta property=\"og:url\" content=\"https:\/\/quantocustaviajar.com\/blog\/rincao-do-inferno-rio-grande-do-sul\/\" \/>\n<meta property=\"og:site_name\" content=\"Blog Quanto Custa Viajar\" \/>\n<meta property=\"article:publisher\" content=\"https:\/\/www.facebook.com\/quantocustaviajar\" \/>\n<meta property=\"article:author\" content=\"https:\/\/www.facebook.com\/brunellapfvr\/posts\" \/>\n<meta property=\"article:published_time\" content=\"2021-05-24T13:11:36+00:00\" \/>\n<meta property=\"article:modified_time\" content=\"2021-05-24T13:18:22+00:00\" \/>\n<meta property=\"og:image\" content=\"https:\/\/quantocustaviajar.com\/blog\/wp-content\/uploads\/2021\/05\/rincao-do-inferno-rs.jpg\" \/>\n\t<meta property=\"og:image:width\" content=\"800\" \/>\n\t<meta property=\"og:image:height\" content=\"616\" \/>\n\t<meta property=\"og:image:type\" content=\"image\/jpeg\" \/>\n<meta name=\"author\" content=\"Brunella Nunes\" \/>\n<meta name=\"twitter:card\" content=\"summary_large_image\" \/>\n<meta name=\"twitter:label1\" content=\"Escrito por\" \/>\n\t<meta name=\"twitter:data1\" content=\"Brunella Nunes\" \/>\n\t<meta name=\"twitter:label2\" content=\"Est. tempo de leitura\" \/>\n\t<meta name=\"twitter:data2\" content=\"4 minutos\" \/>\n<!-- \/ Yoast SEO plugin. -->","yoast_head_json":{"title":"Cinematogr\u00e1fico, Rinc\u00e3o do Inferno \u00e9 um para\u00edso natural no Rio Grande do Sul - Blog Quanto Custa Viajar","description":"Que tal explorar os caminhos do Pampa Ga\u00facho? Um dos destaques da regi\u00e3o \u00e9 o Rinc\u00e3o do Inferno, que de infernal n\u00e3o tem nada. \u00c9 um para\u00edso natural no RS!","robots":{"index":"index","follow":"follow","max-snippet":"max-snippet:-1","max-image-preview":"max-image-preview:large","max-video-preview":"max-video-preview:-1"},"canonical":"https:\/\/quantocustaviajar.com\/blog\/rincao-do-inferno-rio-grande-do-sul\/","og_locale":"pt_BR","og_type":"article","og_title":"Cinematogr\u00e1fico, Rinc\u00e3o do Inferno \u00e9 um para\u00edso natural no Rio Grande do Sul - Blog Quanto Custa Viajar","og_description":"Que tal explorar os caminhos do Pampa Ga\u00facho? Um dos destaques da regi\u00e3o \u00e9 o Rinc\u00e3o do Inferno, que de infernal n\u00e3o tem nada. \u00c9 um para\u00edso natural no RS!","og_url":"https:\/\/quantocustaviajar.com\/blog\/rincao-do-inferno-rio-grande-do-sul\/","og_site_name":"Blog Quanto Custa Viajar","article_publisher":"https:\/\/www.facebook.com\/quantocustaviajar","article_author":"https:\/\/www.facebook.com\/brunellapfvr\/posts","article_published_time":"2021-05-24T13:11:36+00:00","article_modified_time":"2021-05-24T13:18:22+00:00","og_image":[{"width":800,"height":616,"url":"https:\/\/quantocustaviajar.com\/blog\/wp-content\/uploads\/2021\/05\/rincao-do-inferno-rs.jpg","type":"image\/jpeg"}],"author":"Brunella Nunes","twitter_card":"summary_large_image","twitter_misc":{"Escrito por":"Brunella Nunes","Est. tempo de leitura":"4 minutos"},"schema":{"@context":"https:\/\/schema.org","@graph":[{"@type":["Article","BlogPosting"],"@id":"https:\/\/quantocustaviajar.com\/blog\/rincao-do-inferno-rio-grande-do-sul\/#article","isPartOf":{"@id":"https:\/\/quantocustaviajar.com\/blog\/rincao-do-inferno-rio-grande-do-sul\/"},"author":{"name":"Brunella Nunes","@id":"https:\/\/quantocustaviajar.com\/blog\/#\/schema\/person\/1a6dd3da9d0c0a4be42652b67bea19bb"},"headline":"Cinematogr\u00e1fico, Rinc\u00e3o do Inferno \u00e9 um para\u00edso natural no Rio Grande do Sul","datePublished":"2021-05-24T13:11:36+00:00","dateModified":"2021-05-24T13:18:22+00:00","mainEntityOfPage":{"@id":"https:\/\/quantocustaviajar.com\/blog\/rincao-do-inferno-rio-grande-do-sul\/"},"wordCount":776,"commentCount":0,"publisher":{"@id":"https:\/\/quantocustaviajar.com\/blog\/#organization"},"image":{"@id":"https:\/\/quantocustaviajar.com\/blog\/rincao-do-inferno-rio-grande-do-sul\/#primaryimage"},"thumbnailUrl":"https:\/\/quantocustaviajar.com\/blog\/wp-content\/uploads\/2021\/05\/rincao-do-inferno-rs.jpg","keywords":["acampamento","belezas naturais","ecoturismo","instagram\u00e1vel","lugares inspiradores","paisagem","Rio Grande do Sul","trilhas"],"articleSection":["Ao Ar Livre","Descubra o Brasil"],"inLanguage":"pt-BR","potentialAction":[{"@type":"CommentAction","name":"Comment","target":["https:\/\/quantocustaviajar.com\/blog\/rincao-do-inferno-rio-grande-do-sul\/#respond"]}]},{"@type":"WebPage","@id":"https:\/\/quantocustaviajar.com\/blog\/rincao-do-inferno-rio-grande-do-sul\/","url":"https:\/\/quantocustaviajar.com\/blog\/rincao-do-inferno-rio-grande-do-sul\/","name":"Cinematogr\u00e1fico, Rinc\u00e3o do Inferno \u00e9 um para\u00edso natural no Rio Grande do Sul - Blog Quanto Custa Viajar","isPartOf":{"@id":"https:\/\/quantocustaviajar.com\/blog\/#website"},"primaryImageOfPage":{"@id":"https:\/\/quantocustaviajar.com\/blog\/rincao-do-inferno-rio-grande-do-sul\/#primaryimage"},"image":{"@id":"https:\/\/quantocustaviajar.com\/blog\/rincao-do-inferno-rio-grande-do-sul\/#primaryimage"},"thumbnailUrl":"https:\/\/quantocustaviajar.com\/blog\/wp-content\/uploads\/2021\/05\/rincao-do-inferno-rs.jpg","datePublished":"2021-05-24T13:11:36+00:00","dateModified":"2021-05-24T13:18:22+00:00","description":"Que tal explorar os caminhos do Pampa Ga\u00facho? Um dos destaques da regi\u00e3o \u00e9 o Rinc\u00e3o do Inferno, que de infernal n\u00e3o tem nada. \u00c9 um para\u00edso natural no RS!","breadcrumb":{"@id":"https:\/\/quantocustaviajar.com\/blog\/rincao-do-inferno-rio-grande-do-sul\/#breadcrumb"},"inLanguage":"pt-BR","potentialAction":[{"@type":"ReadAction","target":["https:\/\/quantocustaviajar.com\/blog\/rincao-do-inferno-rio-grande-do-sul\/"]}]},{"@type":"ImageObject","inLanguage":"pt-BR","@id":"https:\/\/quantocustaviajar.com\/blog\/rincao-do-inferno-rio-grande-do-sul\/#primaryimage","url":"https:\/\/quantocustaviajar.com\/blog\/wp-content\/uploads\/2021\/05\/rincao-do-inferno-rs.jpg","contentUrl":"https:\/\/quantocustaviajar.com\/blog\/wp-content\/uploads\/2021\/05\/rincao-do-inferno-rs.jpg","width":800,"height":616,"caption":"Foto: Reprodu\u00e7\u00e3o \/ via"},{"@type":"BreadcrumbList","@id":"https:\/\/quantocustaviajar.com\/blog\/rincao-do-inferno-rio-grande-do-sul\/#breadcrumb","itemListElement":[{"@type":"ListItem","position":1,"name":"In\u00edcio","item":"https:\/\/quantocustaviajar.com\/blog\/"},{"@type":"ListItem","position":2,"name":"Cinematogr\u00e1fico, Rinc\u00e3o do Inferno \u00e9 um para\u00edso natural no Rio Grande do Sul"}]},{"@type":"WebSite","@id":"https:\/\/quantocustaviajar.com\/blog\/#website","url":"https:\/\/quantocustaviajar.com\/blog\/","name":"Blog Quanto Custa Viajar","description":"","publisher":{"@id":"https:\/\/quantocustaviajar.com\/blog\/#organization"},"potentialAction":[{"@type":"SearchAction","target":{"@type":"EntryPoint","urlTemplate":"https:\/\/quantocustaviajar.com\/blog\/?s={search_term_string}"},"query-input":{"@type":"PropertyValueSpecification","valueRequired":true,"valueName":"search_term_string"}}],"inLanguage":"pt-BR"},{"@type":"Organization","@id":"https:\/\/quantocustaviajar.com\/blog\/#organization","name":"Quanto Custa Viajar","url":"https:\/\/quantocustaviajar.com\/blog\/","logo":{"@type":"ImageObject","inLanguage":"pt-BR","@id":"https:\/\/quantocustaviajar.com\/blog\/#\/schema\/logo\/image\/","url":"","contentUrl":"","caption":"Quanto Custa Viajar"},"image":{"@id":"https:\/\/quantocustaviajar.com\/blog\/#\/schema\/logo\/image\/"},"sameAs":["https:\/\/www.facebook.com\/quantocustaviajar"]},{"@type":"Person","@id":"https:\/\/quantocustaviajar.com\/blog\/#\/schema\/person\/1a6dd3da9d0c0a4be42652b67bea19bb","name":"Brunella Nunes","image":{"@type":"ImageObject","inLanguage":"pt-BR","@id":"https:\/\/quantocustaviajar.com\/blog\/#\/schema\/person\/image\/","url":"https:\/\/secure.gravatar.com\/avatar\/05b28dfb8a3cc7ee0dba6feefa5677f05be6d7bf4b017728fd38499092f9c282?s=96&d=mm&r=g","contentUrl":"https:\/\/secure.gravatar.com\/avatar\/05b28dfb8a3cc7ee0dba6feefa5677f05be6d7bf4b017728fd38499092f9c282?s=96&d=mm&r=g","caption":"Brunella Nunes"},"description":"Quando n\u00e3o est\u00e1 viajando pelo mundo, est\u00e1 viajando nas ideias.","sameAs":["https:\/\/www.facebook.com\/brunellapfvr\/posts","https:\/\/www.linkedin.com\/in\/brunellanunes\/"],"url":"https:\/\/quantocustaviajar.com\/blog\/author\/equipe\/"}]}},"_links":{"self":[{"href":"https:\/\/quantocustaviajar.com\/blog\/wp-json\/wp\/v2\/posts\/47733","targetHints":{"allow":["GET"]}}],"collection":[{"href":"https:\/\/quantocustaviajar.com\/blog\/wp-json\/wp\/v2\/posts"}],"about":[{"href":"https:\/\/quantocustaviajar.com\/blog\/wp-json\/wp\/v2\/types\/post"}],"author":[{"embeddable":true,"href":"https:\/\/quantocustaviajar.com\/blog\/wp-json\/wp\/v2\/users\/4"}],"replies":[{"embeddable":true,"href":"https:\/\/quantocustaviajar.com\/blog\/wp-json\/wp\/v2\/comments?post=47733"}],"version-history":[{"count":5,"href":"https:\/\/quantocustaviajar.com\/blog\/wp-json\/wp\/v2\/posts\/47733\/revisions"}],"predecessor-version":[{"id":47969,"href":"https:\/\/quantocustaviajar.com\/blog\/wp-json\/wp\/v2\/posts\/47733\/revisions\/47969"}],"wp:featuredmedia":[{"embeddable":true,"href":"https:\/\/quantocustaviajar.com\/blog\/wp-json\/wp\/v2\/media\/47768"}],"wp:attachment":[{"href":"https:\/\/quantocustaviajar.com\/blog\/wp-json\/wp\/v2\/media?parent=47733"}],"wp:term":[{"taxonomy":"category","embeddable":true,"href":"https:\/\/quantocustaviajar.com\/blog\/wp-json\/wp\/v2\/categories?post=47733"},{"taxonomy":"post_tag","embeddable":true,"href":"https:\/\/quantocustaviajar.com\/blog\/wp-json\/wp\/v2\/tags?post=47733"}],"curies":[{"name":"wp","href":"https:\/\/api.w.org\/{rel}","templated":true}]}}