{"id":47610,"date":"2021-04-30T13:20:17","date_gmt":"2021-04-30T13:20:17","guid":{"rendered":"https:\/\/quantocustaviajar.com\/blog\/?p=47610"},"modified":"2021-04-30T13:20:20","modified_gmt":"2021-04-30T13:20:20","slug":"jardim-do-dmae-em-porto-alegre","status":"publish","type":"post","link":"https:\/\/quantocustaviajar.com\/blog\/jardim-do-dmae-em-porto-alegre\/","title":{"rendered":"Ao ar livre: jardim do Dmae \u00e9 um belo passeio em Porto\u00a0Alegre"},"content":{"rendered":"\n<p>Alguns lugares fazem a gente voltar no tempo. Essa \u00e9 a gra\u00e7a do<strong> jardim do Dmae<\/strong>, espa\u00e7o de tratamento de \u00e1gua ao ar livre, mas que tamb\u00e9m proporciona um belo<strong> passeio em <a href=\"https:\/\/quantocustaviajar.com\/brasil\/porto-alegre\">Porto Alegre<\/a><\/strong>. Como se n\u00e3o bastasse a beleza \u201cinstagram\u00e1vel\u201d, \u00e9 uma atra\u00e7\u00e3o gratuita na cidade!\u00a0<\/p><div id=\"ez-toc-container\" class=\"ez-toc-v2_0_76 ez-toc-wrap-left counter-hierarchy ez-toc-counter ez-toc-light-blue ez-toc-container-direction\">\n<div class=\"ez-toc-title-container\">\n<p class=\"ez-toc-title\" style=\"cursor:inherit\">Aqui voc\u00ea ir\u00e1 encontrar<\/p>\n<span class=\"ez-toc-title-toggle\"><a href=\"#\" class=\"ez-toc-pull-right ez-toc-btn ez-toc-btn-xs ez-toc-btn-default ez-toc-toggle\" aria-label=\"Alternar tabela de conte\u00fado\"><span class=\"ez-toc-js-icon-con\"><span class=\"\"><span class=\"eztoc-hide\" style=\"display:none;\">Toggle<\/span><span class=\"ez-toc-icon-toggle-span\"><svg style=\"fill: #999;color:#999\" xmlns=\"http:\/\/www.w3.org\/2000\/svg\" class=\"list-377408\" width=\"20px\" height=\"20px\" viewBox=\"0 0 24 24\" fill=\"none\"><path d=\"M6 6H4v2h2V6zm14 0H8v2h12V6zM4 11h2v2H4v-2zm16 0H8v2h12v-2zM4 16h2v2H4v-2zm16 0H8v2h12v-2z\" fill=\"currentColor\"><\/path><\/svg><svg style=\"fill: #999;color:#999\" class=\"arrow-unsorted-368013\" xmlns=\"http:\/\/www.w3.org\/2000\/svg\" width=\"10px\" height=\"10px\" viewBox=\"0 0 24 24\" version=\"1.2\" baseProfile=\"tiny\"><path d=\"M18.2 9.3l-6.2-6.3-6.2 6.3c-.2.2-.3.4-.3.7s.1.5.3.7c.2.2.4.3.7.3h11c.3 0 .5-.1.7-.3.2-.2.3-.5.3-.7s-.1-.5-.3-.7zM5.8 14.7l6.2 6.3 6.2-6.3c.2-.2.3-.5.3-.7s-.1-.5-.3-.7c-.2-.2-.4-.3-.7-.3h-11c-.3 0-.5.1-.7.3-.2.2-.3.5-.3.7s.1.5.3.7z\"\/><\/svg><\/span><\/span><\/span><\/a><\/span><\/div>\n<nav><ul class='ez-toc-list ez-toc-list-level-1 ' ><li class='ez-toc-page-1 ez-toc-heading-level-2'><a class=\"ez-toc-link ez-toc-heading-1\" href=\"https:\/\/quantocustaviajar.com\/blog\/jardim-do-dmae-em-porto-alegre\/#Sobre_o_Jardim_do_Dmae\" >Sobre o Jardim do Dmae<\/a><\/li><li class='ez-toc-page-1 ez-toc-heading-level-2'><a class=\"ez-toc-link ez-toc-heading-2\" href=\"https:\/\/quantocustaviajar.com\/blog\/jardim-do-dmae-em-porto-alegre\/#Vai_la\" >Vai l\u00e1!<\/a><ul class='ez-toc-list-level-3' ><li class='ez-toc-heading-level-3'><a class=\"ez-toc-link ez-toc-heading-3\" href=\"https:\/\/quantocustaviajar.com\/blog\/jardim-do-dmae-em-porto-alegre\/#Partiu_Porto_Alegre_Confira_precos_de_passagens_aereas_aqui\" >Partiu, Porto Alegre? Confira pre\u00e7os de passagens a\u00e9reas aqui!<\/a><\/li><\/ul><\/li><\/ul><\/nav><\/div>\n\n\n\n\n<p>Foi em 1904 que surgiram os tanques de tratamento de \u00e1gua da Hidr\u00e1ulica Guaibense, na rua 24 de Outubro. J\u00e1 nos anos 20 deu-se in\u00edcio \u00e0 constru\u00e7\u00e3o do edif\u00edcio de tra\u00e7os ecl\u00e9ticos positivistas. \u00c9 not\u00e1vel a <a href=\"https:\/\/quantocustaviajar.com\/blog\/cidades-francesas-para-se-apaixonar\/\" target=\"_blank\" rel=\"noreferrer noopener\" aria-label=\" (abre numa nova aba)\">influ\u00eancia francesa<\/a> na arquitetura, e a partir dessa informa\u00e7\u00e3o conseguimos perceber uma inspira\u00e7\u00e3o no ic\u00f4nico <strong><a rel=\"noreferrer noopener\" aria-label=\"Pal\u00e1cio de Versalhes (abre numa nova aba)\" href=\"https:\/\/quantocustaviajar.com\/blog\/palacio-de-versalhes\/\" target=\"_blank\">Pal\u00e1cio de Versalhes<\/a><\/strong> e seus jardins milimetricamente decorados.\u00a0<\/p>\n\n\n\n<div class=\"wp-block-image\"><figure class=\"aligncenter\"><img loading=\"lazy\" decoding=\"async\" width=\"750\" height=\"500\" src=\"https:\/\/quantocustaviajar.com\/blog\/wp-content\/uploads\/2021\/04\/jardim-dmae_Adriano20Madruga_FASC_PMPA-0004.jpg\" alt=\"\" class=\"wp-image-47615\" srcset=\"https:\/\/quantocustaviajar.com\/blog\/wp-content\/uploads\/2021\/04\/jardim-dmae_Adriano20Madruga_FASC_PMPA-0004.jpg 750w, https:\/\/quantocustaviajar.com\/blog\/wp-content\/uploads\/2021\/04\/jardim-dmae_Adriano20Madruga_FASC_PMPA-0004-300x200.jpg 300w\" sizes=\"auto, (max-width: 750px) 100vw, 750px\" \/><figcaption>Foto: divulga\u00e7\u00e3o<\/figcaption><\/figure><\/div>\n\n\n\n<h2 class=\"wp-block-heading\"><span class=\"ez-toc-section\" id=\"Sobre_o_Jardim_do_Dmae\"><\/span>Sobre o Jardim do Dmae<span class=\"ez-toc-section-end\"><\/span><\/h2>\n\n\n\n<p>Na \u00e1rea hist\u00f3rica e arborizada de seis hectares se encontra atualmente o complexo da <strong>Hidr\u00e1ulica Moinhos de Vento<\/strong>, onde funciona  a Esta\u00e7\u00e3o de Tratamento de \u00c1gua (ETA) e o Departamento Municipal de \u00c1gua e Esgotos (Dmae), criado nos anos 1960. No mesmo per\u00edodo foi desativada a torre maior da hidr\u00e1ulica e criados os reservat\u00f3rios.\u00a0<\/p>\n\n\n\n<p>Nos fundos do pr\u00e9dio principal ficam os tanques e os laborat\u00f3rios da esta\u00e7\u00e3o, que abastece 16 bairros de Porto Alegre: Auxiliadora, Azenha, Bom Fim, Centro Hist\u00f3rico, Cidade Baixa, Farroupilha, Floresta, Independ\u00eancia, Jardim Bot\u00e2nico, Moinhos de Vento, Mont Serrat, Petr\u00f3polis, Rio Branco, Santa Cec\u00edlia, Santana e S\u00e3o Jo\u00e3o.<\/p>\n\n\n\n<div class=\"wp-block-image\"><figure class=\"aligncenter\"><img loading=\"lazy\" decoding=\"async\" width=\"1024\" height=\"768\" src=\"https:\/\/quantocustaviajar.com\/blog\/wp-content\/uploads\/2021\/04\/jardim-dmae3-1024x768.jpg\" alt=\"\" class=\"wp-image-47617\" srcset=\"https:\/\/quantocustaviajar.com\/blog\/wp-content\/uploads\/2021\/04\/jardim-dmae3-1024x768.jpg 1024w, https:\/\/quantocustaviajar.com\/blog\/wp-content\/uploads\/2021\/04\/jardim-dmae3-300x225.jpg 300w, https:\/\/quantocustaviajar.com\/blog\/wp-content\/uploads\/2021\/04\/jardim-dmae3-768x576.jpg 768w, https:\/\/quantocustaviajar.com\/blog\/wp-content\/uploads\/2021\/04\/jardim-dmae3-1920x1440.jpg 1920w, https:\/\/quantocustaviajar.com\/blog\/wp-content\/uploads\/2021\/04\/jardim-dmae3.jpg 2048w\" sizes=\"auto, (max-width: 1024px) 100vw, 1024px\" \/><figcaption>Foto: divulga\u00e7\u00e3o<\/figcaption><\/figure><\/div>\n\n\n\n<p>Com <strong><a rel=\"noreferrer noopener\" aria-label=\" (abre numa nova aba)\" href=\"https:\/\/quantocustaviajar.com\/blog\/jardim-do-amor-em-gramado\/\" target=\"_blank\">cen\u00e1rios rom\u00e2nticos<\/a><\/strong>, o jardim do Dmae n\u00e3o demorou a ganhar fama entre os fot\u00f3grafos, profissionais e amadores, que ali realizam desde selfies at\u00e9 ensaios que ficar\u00e3o guardados na mem\u00f3ria a vida toda.\u00a0<\/p>\n\n\n\n<p><strong><a href=\"https:\/\/www.booking.com\/searchresults.pt-br.html?aid=2161834&amp;sid=4e99fd0fc5d872459286adcc083f072e&amp;sb=1&amp;sb_lp=1&amp;src=index&amp;src_elem=sb&amp;error_url=https%3A%2F%2Fwww.booking.com%2Findex.pt-br.html%3Faid%3D2161834%3Bsid%3D4e99fd0fc5d872459286adcc083f072e%3Bsb_price_type%3Dtotal%26%3B&amp;ss=Porto+Alegre%2C+Rio+Grande+do+Sul%2C+Brasil&amp;is_ski_area=&amp;ssne=Nova+York&amp;ssne_untouched=Nova+York&amp;checkin_year=2021&amp;checkin_month=6&amp;checkin_monthday=29&amp;checkout_year=2021&amp;checkout_month=6&amp;checkout_monthday=30&amp;group_adults=2&amp;group_children=0&amp;no_rooms=1&amp;b_h4u_keep_filters=&amp;from_sf=1&amp;ss_raw=porto+alegr&amp;ac_position=0&amp;ac_langcode=xb&amp;ac_click_type=b&amp;dest_id=-663509&amp;dest_type=city&amp;iata=POA&amp;place_id_lat=-30.028551&amp;place_id_lon=-51.227142&amp;search_pageview_id=8fa55d9337e80009&amp;search_selected=true&amp;search_pageview_id=8fa55d9337e80009&amp;ac_suggestion_list_length=5&amp;ac_suggestion_theme_list_length=0\" target=\"_blank\" rel=\"noreferrer noopener\" aria-label=\" (abre numa nova aba)\">Encontre aqui sua hospedagem em Porto Alegre<\/a><\/strong><\/p>\n\n\n\n<p>A arte tamb\u00e9m se faz presente no local, como se v\u00ea no conjunto de est\u00e1tuas ao redor do chafariz, que antes abrigava uma outra obra que representava o lago Gua\u00edba. Consideradas <strong>o monumento p\u00fablico mais antigo de Porto Alegre<\/strong>, as pe\u00e7as cl\u00e1ssicas de 1866 foram idealizadas pelo arquiteto italiano Jos\u00e9 Obino e esculpidas em m\u00e1rmore Carrara.&nbsp;<\/p>\n\n\n\n<p>Batizadas de \u201cOs Afluentes do Gua\u00edba\u201d,  foram transferidas da Pra\u00e7a Dom Sebasti\u00e3o em 2014. As quatro figuras femininas, as ninfas, simbolizam os rios Ca\u00ed e Sinos, e duas masculinas, representando os rios Jacu\u00ed e Gravata\u00ed, tamb\u00e9m chamados de Netunos.<\/p>\n\n\n\n<div class=\"wp-block-image\"><figure class=\"aligncenter\"><img loading=\"lazy\" decoding=\"async\" width=\"1024\" height=\"575\" src=\"https:\/\/quantocustaviajar.com\/blog\/wp-content\/uploads\/2021\/04\/jardim-dmae6-1024x575.jpg\" alt=\"\" class=\"wp-image-47620\" srcset=\"https:\/\/quantocustaviajar.com\/blog\/wp-content\/uploads\/2021\/04\/jardim-dmae6-1024x575.jpg 1024w, https:\/\/quantocustaviajar.com\/blog\/wp-content\/uploads\/2021\/04\/jardim-dmae6-300x168.jpg 300w, https:\/\/quantocustaviajar.com\/blog\/wp-content\/uploads\/2021\/04\/jardim-dmae6-768x431.jpg 768w, https:\/\/quantocustaviajar.com\/blog\/wp-content\/uploads\/2021\/04\/jardim-dmae6.jpg 1300w\" sizes=\"auto, (max-width: 1024px) 100vw, 1024px\" \/><figcaption>Foto: divulga\u00e7\u00e3o<\/figcaption><\/figure><\/div>\n\n\n\n<div class=\"wp-block-image\"><figure class=\"aligncenter\"><img loading=\"lazy\" decoding=\"async\" width=\"1024\" height=\"681\" src=\"https:\/\/quantocustaviajar.com\/blog\/wp-content\/uploads\/2021\/04\/jardim-dmae4-1024x681.jpg\" alt=\"\" class=\"wp-image-47618\" srcset=\"https:\/\/quantocustaviajar.com\/blog\/wp-content\/uploads\/2021\/04\/jardim-dmae4-1024x681.jpg 1024w, https:\/\/quantocustaviajar.com\/blog\/wp-content\/uploads\/2021\/04\/jardim-dmae4-300x200.jpg 300w, https:\/\/quantocustaviajar.com\/blog\/wp-content\/uploads\/2021\/04\/jardim-dmae4-768x511.jpg 768w, https:\/\/quantocustaviajar.com\/blog\/wp-content\/uploads\/2021\/04\/jardim-dmae4.jpg 1300w\" sizes=\"auto, (max-width: 1024px) 100vw, 1024px\" \/><figcaption>Foto: divulga\u00e7\u00e3o<\/figcaption><\/figure><\/div>\n\n\n\n<p>Al\u00e9m disso, tamb\u00e9m faz parte do enorme complexo o Centro Hist\u00f3rico-Cultural Ant\u00f4nio Klinger Filho, composto por uma<strong> galeria de arte contempor\u00e2nea e um audit\u00f3rio<\/strong> que fazem parte da agenda cultural ga\u00facha. Ali acontecem exposi\u00e7\u00f5es tempor\u00e1rias, concertos, palestras e apresenta\u00e7\u00f5es diversas, em especial durante a data de anivers\u00e1rio do Dmae, celebrado anualmente no m\u00eas de dezembro.<\/p>\n\n\n\n<p>Originalmente, funcionava ali um reservat\u00f3rio de \u00e1gua subterr\u00e2neo que abastecia boa parte da cidade e ficou anos em desuso ap\u00f3s ser desativado. Ent\u00e3o, nos anos 1980, veio a ideia de transform\u00e1-lo num espa\u00e7o p\u00fablico que complementasse o prop\u00f3sito do jardim. <strong>O acervo da galeria conta com mais de 200 obras doadas por artistas pl\u00e1sticos<\/strong>.&nbsp;<\/p>\n\n\n\n<div class=\"wp-block-image\"><figure class=\"aligncenter\"><img loading=\"lazy\" decoding=\"async\" width=\"1024\" height=\"680\" src=\"https:\/\/quantocustaviajar.com\/blog\/wp-content\/uploads\/2021\/04\/galeria-do-dmae-1024x680.jpg\" alt=\"\" class=\"wp-image-47623\" srcset=\"https:\/\/quantocustaviajar.com\/blog\/wp-content\/uploads\/2021\/04\/galeria-do-dmae-1024x680.jpg 1024w, https:\/\/quantocustaviajar.com\/blog\/wp-content\/uploads\/2021\/04\/galeria-do-dmae-300x199.jpg 300w, https:\/\/quantocustaviajar.com\/blog\/wp-content\/uploads\/2021\/04\/galeria-do-dmae-768x510.jpg 768w, https:\/\/quantocustaviajar.com\/blog\/wp-content\/uploads\/2021\/04\/galeria-do-dmae.jpg 1867w\" sizes=\"auto, (max-width: 1024px) 100vw, 1024px\" \/><figcaption>Foto: divulga\u00e7\u00e3o<\/figcaption><\/figure><\/div>\n\n\n\n<div class=\"wp-block-image\"><figure class=\"aligncenter\"><img loading=\"lazy\" decoding=\"async\" width=\"1024\" height=\"683\" src=\"https:\/\/quantocustaviajar.com\/blog\/wp-content\/uploads\/2021\/04\/galeria-de-arte-dmae-1024x683.jpg\" alt=\"\" class=\"wp-image-47622\" srcset=\"https:\/\/quantocustaviajar.com\/blog\/wp-content\/uploads\/2021\/04\/galeria-de-arte-dmae-1024x683.jpg 1024w, https:\/\/quantocustaviajar.com\/blog\/wp-content\/uploads\/2021\/04\/galeria-de-arte-dmae-300x200.jpg 300w, https:\/\/quantocustaviajar.com\/blog\/wp-content\/uploads\/2021\/04\/galeria-de-arte-dmae-768x512.jpg 768w, https:\/\/quantocustaviajar.com\/blog\/wp-content\/uploads\/2021\/04\/galeria-de-arte-dmae-1920x1281.jpg 1920w\" sizes=\"auto, (max-width: 1024px) 100vw, 1024px\" \/><figcaption>Foto: Andr\u00e9a Menezes\/Divulga\u00e7\u00e3o PMPA<\/figcaption><\/figure><\/div>\n\n\n\n<p><strong>Nos tempos de pandemia<\/strong>, o espa\u00e7o tamb\u00e9m se consolida como uma op\u00e7\u00e3o mais segura de lazer em meio a natureza ou paradas breves ao redor da pracinha. Em virtude da Covid-19, a entrada est\u00e1 atrelada \u00e0 capacidade reduzida de p\u00fablico (40 pessoas), medi\u00e7\u00e3o de temperatura e oferecimento de \u00e1lcool em gel. O uso de m\u00e1scara de prote\u00e7\u00e3o tamb\u00e9m \u00e9 obrigat\u00f3rio.&nbsp;<\/p>\n\n\n\n<p><strong>Piqueniques, ensaios fotogr\u00e1ficos e eventos n\u00e3o s\u00e3o permitidos neste momento<\/strong>. A pracinha (cachorr\u00f3dromo) localizada na Hil\u00e1rio Ribeiro, na esquina com Bar\u00e3o do Santo \u00c2ngelo, permanecer\u00e1 fechada at\u00e9 segunda ordem.<\/p>\n\n\n\n<div class=\"wp-block-image\"><figure class=\"aligncenter\"><img loading=\"lazy\" decoding=\"async\" width=\"1024\" height=\"576\" src=\"https:\/\/quantocustaviajar.com\/blog\/wp-content\/uploads\/2021\/04\/jardim-dmae-1024x576.jpg\" alt=\"\" class=\"wp-image-47614\" srcset=\"https:\/\/quantocustaviajar.com\/blog\/wp-content\/uploads\/2021\/04\/jardim-dmae-1024x576.jpg 1024w, https:\/\/quantocustaviajar.com\/blog\/wp-content\/uploads\/2021\/04\/jardim-dmae-300x169.jpg 300w, https:\/\/quantocustaviajar.com\/blog\/wp-content\/uploads\/2021\/04\/jardim-dmae-768x432.jpg 768w, https:\/\/quantocustaviajar.com\/blog\/wp-content\/uploads\/2021\/04\/jardim-dmae-1920x1080.jpg 1920w, https:\/\/quantocustaviajar.com\/blog\/wp-content\/uploads\/2021\/04\/jardim-dmae.jpg 2048w\" sizes=\"auto, (max-width: 1024px) 100vw, 1024px\" \/><figcaption>Foto: divulga\u00e7\u00e3o<\/figcaption><\/figure><\/div>\n\n\n\n<div class=\"wp-block-image\"><figure class=\"aligncenter\"><img loading=\"lazy\" decoding=\"async\" width=\"1024\" height=\"661\" src=\"https:\/\/quantocustaviajar.com\/blog\/wp-content\/uploads\/2021\/04\/jardim-dmae2-1024x661.jpg\" alt=\"\" class=\"wp-image-47616\" srcset=\"https:\/\/quantocustaviajar.com\/blog\/wp-content\/uploads\/2021\/04\/jardim-dmae2-1024x661.jpg 1024w, https:\/\/quantocustaviajar.com\/blog\/wp-content\/uploads\/2021\/04\/jardim-dmae2-300x194.jpg 300w, https:\/\/quantocustaviajar.com\/blog\/wp-content\/uploads\/2021\/04\/jardim-dmae2-768x496.jpg 768w, https:\/\/quantocustaviajar.com\/blog\/wp-content\/uploads\/2021\/04\/jardim-dmae2-1920x1240.jpg 1920w, https:\/\/quantocustaviajar.com\/blog\/wp-content\/uploads\/2021\/04\/jardim-dmae2.jpg 1950w\" sizes=\"auto, (max-width: 1024px) 100vw, 1024px\" \/><figcaption>Esta\u00e7\u00e3o de tratamento de \u00e1gua \u00e9 op\u00e7\u00e3o de passeio em Porto Alegre<\/figcaption><\/figure><\/div>\n\n\n\n<h2 class=\"wp-block-heading\"><span class=\"ez-toc-section\" id=\"Vai_la\"><\/span>Vai l\u00e1!<span class=\"ez-toc-section-end\"><\/span><\/h2>\n\n\n\n<p><a href=\"https:\/\/www2.portoalegre.rs.gov.br\/dmae\/default.php\" target=\"_blank\" rel=\"noreferrer noopener\" aria-label=\" (abre numa nova aba)\">Jardim do Dmae<\/a>\u200a\u2014\u200aEsta\u00e7\u00e3o de Tratamento de \u00c1gua (ETA) Moinhos de Vento<\/p>\n\n\n\n<p>Rua 24 de Outubro, 200\u200a\u2014\u200a Moinhos de Vento, Porto Alegre (RS)<\/p>\n\n\n\n<p>Funcionamento: todos os dias, das 8h \u00e0s 18h.&nbsp;<\/p>\n\n\n\n<p>Galeria de arte: fechada.<\/p>\n\n\n\n<p>N\u00e3o s\u00e3o permitidos: a entrada e circula\u00e7\u00e3o de animais; uso de drones sem autoriza\u00e7\u00e3o formal do Dmae; consumo de bebidas alco\u00f3licas; pr\u00e1tica de esportes com bola, skate, bicicleta e patins;&nbsp;<\/p>\n\n\n\n<div class=\"wp-block-image\"><figure class=\"aligncenter\"><img loading=\"lazy\" decoding=\"async\" width=\"1024\" height=\"382\" src=\"https:\/\/quantocustaviajar.com\/blog\/wp-content\/uploads\/2021\/04\/jardim-em-porto-alegre-1024x382.jpg\" alt=\"\" class=\"wp-image-47611\" srcset=\"https:\/\/quantocustaviajar.com\/blog\/wp-content\/uploads\/2021\/04\/jardim-em-porto-alegre-1024x382.jpg 1024w, https:\/\/quantocustaviajar.com\/blog\/wp-content\/uploads\/2021\/04\/jardim-em-porto-alegre-300x112.jpg 300w, https:\/\/quantocustaviajar.com\/blog\/wp-content\/uploads\/2021\/04\/jardim-em-porto-alegre-768x286.jpg 768w, https:\/\/quantocustaviajar.com\/blog\/wp-content\/uploads\/2021\/04\/jardim-em-porto-alegre-1920x716.jpg 1920w\" sizes=\"auto, (max-width: 1024px) 100vw, 1024px\" \/><figcaption>Foto: divulga\u00e7\u00e3o<\/figcaption><\/figure><\/div>\n\n\n\n<h3 class=\"wp-block-heading\"><span class=\"ez-toc-section\" id=\"Partiu_Porto_Alegre_Confira_precos_de_passagens_aereas_aqui\"><\/span><a href=\"http:\/\/quantocustaviajar.com\/brasil\/porto-alegre\" target=\"_blank\" rel=\"noreferrer noopener\" aria-label=\"Partiu, Porto Alegre? Confira pre\u00e7os de passagens a\u00e9reas aqui! (abre numa nova aba)\">Partiu, Porto Alegre? Confira pre\u00e7os de passagens a\u00e9reas aqui!<\/a><span class=\"ez-toc-section-end\"><\/span><\/h3>\n\n\n\n<figure class=\"wp-block-image\"><img loading=\"lazy\" decoding=\"async\" width=\"1024\" height=\"676\" src=\"https:\/\/quantocustaviajar.com\/blog\/wp-content\/uploads\/2021\/04\/jardim-em-porto-alegre2-1024x676.jpg\" alt=\"\" class=\"wp-image-47612\" srcset=\"https:\/\/quantocustaviajar.com\/blog\/wp-content\/uploads\/2021\/04\/jardim-em-porto-alegre2-1024x676.jpg 1024w, https:\/\/quantocustaviajar.com\/blog\/wp-content\/uploads\/2021\/04\/jardim-em-porto-alegre2-300x198.jpg 300w, https:\/\/quantocustaviajar.com\/blog\/wp-content\/uploads\/2021\/04\/jardim-em-porto-alegre2-768x507.jpg 768w, https:\/\/quantocustaviajar.com\/blog\/wp-content\/uploads\/2021\/04\/jardim-em-porto-alegre2-1920x1268.jpg 1920w, https:\/\/quantocustaviajar.com\/blog\/wp-content\/uploads\/2021\/04\/jardim-em-porto-alegre2.jpg 2048w\" sizes=\"auto, (max-width: 1024px) 100vw, 1024px\" \/><figcaption>Foto: divulga\u00e7\u00e3o<\/figcaption><\/figure>\n\n\n\n<figure class=\"wp-block-image\"><img loading=\"lazy\" decoding=\"async\" width=\"960\" height=\"640\" src=\"https:\/\/quantocustaviajar.com\/blog\/wp-content\/uploads\/2021\/04\/jardim-dmae-poa.jpg\" alt=\"\" class=\"wp-image-47621\" srcset=\"https:\/\/quantocustaviajar.com\/blog\/wp-content\/uploads\/2021\/04\/jardim-dmae-poa.jpg 960w, https:\/\/quantocustaviajar.com\/blog\/wp-content\/uploads\/2021\/04\/jardim-dmae-poa-300x200.jpg 300w, https:\/\/quantocustaviajar.com\/blog\/wp-content\/uploads\/2021\/04\/jardim-dmae-poa-768x512.jpg 768w\" sizes=\"auto, (max-width: 960px) 100vw, 960px\" \/><figcaption>Foto: divulga\u00e7\u00e3o<\/figcaption><\/figure>\n\n\n\n<div class=\"wp-block-image\"><figure class=\"aligncenter\"><img loading=\"lazy\" decoding=\"async\" width=\"526\" height=\"935\" src=\"https:\/\/quantocustaviajar.com\/blog\/wp-content\/uploads\/2021\/04\/jardim-dmae5.jpg\" alt=\"\" class=\"wp-image-47619\" srcset=\"https:\/\/quantocustaviajar.com\/blog\/wp-content\/uploads\/2021\/04\/jardim-dmae5.jpg 526w, https:\/\/quantocustaviajar.com\/blog\/wp-content\/uploads\/2021\/04\/jardim-dmae5-169x300.jpg 169w\" sizes=\"auto, (max-width: 526px) 100vw, 526px\" \/><figcaption>Foto: divulga\u00e7\u00e3o<\/figcaption><\/figure><\/div>\n\n\n\n<figure class=\"wp-block-embed-wordpress wp-block-embed is-type-wp-embed is-provider-blog-quanto-custa-viajar\"><div class=\"wp-block-embed__wrapper\">\n<blockquote class=\"wp-embedded-content\" data-secret=\"JMGYFQadmA\"><a href=\"https:\/\/quantocustaviajar.com\/blog\/lugares-para-relaxar-proximos-a-porto-alegre\/\">Lugares para relaxar pr\u00f3ximos a Porto Alegre<\/a><\/blockquote><iframe loading=\"lazy\" class=\"wp-embedded-content\" sandbox=\"allow-scripts\" security=\"restricted\" style=\"position: absolute; visibility: hidden;\" title=\"&#8220;Lugares para relaxar pr\u00f3ximos a Porto Alegre&#8221; &#8212; Blog Quanto Custa Viajar\" src=\"https:\/\/quantocustaviajar.com\/blog\/lugares-para-relaxar-proximos-a-porto-alegre\/embed\/#?secret=Ac3iydk432#?secret=JMGYFQadmA\" data-secret=\"JMGYFQadmA\" width=\"600\" height=\"338\" frameborder=\"0\" marginwidth=\"0\" marginheight=\"0\" scrolling=\"no\"><\/iframe>\n<\/div><\/figure>\n","protected":false},"excerpt":{"rendered":"<p>Alguns lugares fazem a gente voltar no tempo. Essa \u00e9 a gra\u00e7a do jardim do Dmae, espa\u00e7o de tratamento de \u00e1gua ao ar livre, mas que tamb\u00e9m proporciona um belo passeio em Porto Alegre. Como se n\u00e3o bastasse a beleza \u201cinstagram\u00e1vel\u201d, \u00e9 uma atra\u00e7\u00e3o gratuita na cidade!\u00a0 Foi em 1904 que surgiram os tanques de [&hellip;]<\/p>\n","protected":false},"author":4,"featured_media":47613,"comment_status":"open","ping_status":"open","sticky":false,"template":"","format":"standard","meta":{"cybocfi_hide_featured_image":"","footnotes":""},"categories":[1437,1434],"tags":[79,222,2796,153,154,2239,248,132,321,614,216,544],"class_list":["post-47610","post","type-post","status-publish","format-standard","has-post-thumbnail","hentry","category-ao-ar-livre","category-descubra-brasil","tag-arquitetura","tag-criancas","tag-ensaios-fotograficos","tag-gratis","tag-gratuito","tag-instagramavel","tag-jardim","tag-parque","tag-passeios","tag-porto-alegre","tag-rio-grande-do-sul","tag-serra-gaucha"],"blocksy_meta":[],"yoast_head":"<!-- This site is optimized with the Yoast SEO plugin v26.3 - https:\/\/yoast.com\/wordpress\/plugins\/seo\/ -->\n<title>Ao ar livre: jardim do Dmae \u00e9 um belo passeio em Porto\u00a0Alegre - Blog Quanto Custa Viajar<\/title>\n<meta name=\"description\" content=\"Em busca de ar fresco? Ent\u00e3o n\u00e3o deixe de visitar o jardim do Dmae, espa\u00e7o de tratamento de \u00e1gua, mas que tamb\u00e9m proporciona um belo passeio em Porto Alegre\" \/>\n<meta name=\"robots\" content=\"index, follow, max-snippet:-1, max-image-preview:large, max-video-preview:-1\" \/>\n<link rel=\"canonical\" href=\"https:\/\/quantocustaviajar.com\/blog\/jardim-do-dmae-em-porto-alegre\/\" \/>\n<meta property=\"og:locale\" content=\"pt_BR\" \/>\n<meta property=\"og:type\" content=\"article\" \/>\n<meta property=\"og:title\" content=\"Ao ar livre: jardim do Dmae \u00e9 um belo passeio em Porto\u00a0Alegre - Blog Quanto Custa Viajar\" \/>\n<meta property=\"og:description\" content=\"Em busca de ar fresco? Ent\u00e3o n\u00e3o deixe de visitar o jardim do Dmae, espa\u00e7o de tratamento de \u00e1gua, mas que tamb\u00e9m proporciona um belo passeio em Porto Alegre\" \/>\n<meta property=\"og:url\" content=\"https:\/\/quantocustaviajar.com\/blog\/jardim-do-dmae-em-porto-alegre\/\" \/>\n<meta property=\"og:site_name\" content=\"Blog Quanto Custa Viajar\" \/>\n<meta property=\"article:publisher\" content=\"https:\/\/www.facebook.com\/quantocustaviajar\" \/>\n<meta property=\"article:author\" content=\"https:\/\/www.facebook.com\/brunellapfvr\/posts\" \/>\n<meta property=\"article:published_time\" content=\"2021-04-30T13:20:17+00:00\" \/>\n<meta property=\"article:modified_time\" content=\"2021-04-30T13:20:20+00:00\" \/>\n<meta property=\"og:image\" content=\"https:\/\/quantocustaviajar.com\/blog\/wp-content\/uploads\/2021\/04\/jardim-dmae-porto-alegre.jpg\" \/>\n\t<meta property=\"og:image:width\" content=\"2048\" \/>\n\t<meta property=\"og:image:height\" content=\"1536\" \/>\n\t<meta property=\"og:image:type\" content=\"image\/jpeg\" \/>\n<meta name=\"author\" content=\"Brunella Nunes\" \/>\n<meta name=\"twitter:card\" content=\"summary_large_image\" \/>\n<meta name=\"twitter:label1\" content=\"Escrito por\" \/>\n\t<meta name=\"twitter:data1\" content=\"Brunella Nunes\" \/>\n\t<meta name=\"twitter:label2\" content=\"Est. tempo de leitura\" \/>\n\t<meta name=\"twitter:data2\" content=\"4 minutos\" \/>\n<!-- \/ Yoast SEO plugin. -->","yoast_head_json":{"title":"Ao ar livre: jardim do Dmae \u00e9 um belo passeio em Porto\u00a0Alegre - Blog Quanto Custa Viajar","description":"Em busca de ar fresco? Ent\u00e3o n\u00e3o deixe de visitar o jardim do Dmae, espa\u00e7o de tratamento de \u00e1gua, mas que tamb\u00e9m proporciona um belo passeio em Porto Alegre","robots":{"index":"index","follow":"follow","max-snippet":"max-snippet:-1","max-image-preview":"max-image-preview:large","max-video-preview":"max-video-preview:-1"},"canonical":"https:\/\/quantocustaviajar.com\/blog\/jardim-do-dmae-em-porto-alegre\/","og_locale":"pt_BR","og_type":"article","og_title":"Ao ar livre: jardim do Dmae \u00e9 um belo passeio em Porto\u00a0Alegre - Blog Quanto Custa Viajar","og_description":"Em busca de ar fresco? Ent\u00e3o n\u00e3o deixe de visitar o jardim do Dmae, espa\u00e7o de tratamento de \u00e1gua, mas que tamb\u00e9m proporciona um belo passeio em Porto Alegre","og_url":"https:\/\/quantocustaviajar.com\/blog\/jardim-do-dmae-em-porto-alegre\/","og_site_name":"Blog Quanto Custa Viajar","article_publisher":"https:\/\/www.facebook.com\/quantocustaviajar","article_author":"https:\/\/www.facebook.com\/brunellapfvr\/posts","article_published_time":"2021-04-30T13:20:17+00:00","article_modified_time":"2021-04-30T13:20:20+00:00","og_image":[{"width":2048,"height":1536,"url":"https:\/\/quantocustaviajar.com\/blog\/wp-content\/uploads\/2021\/04\/jardim-dmae-porto-alegre.jpg","type":"image\/jpeg"}],"author":"Brunella Nunes","twitter_card":"summary_large_image","twitter_misc":{"Escrito por":"Brunella Nunes","Est. tempo de leitura":"4 minutos"},"schema":{"@context":"https:\/\/schema.org","@graph":[{"@type":["Article","BlogPosting"],"@id":"https:\/\/quantocustaviajar.com\/blog\/jardim-do-dmae-em-porto-alegre\/#article","isPartOf":{"@id":"https:\/\/quantocustaviajar.com\/blog\/jardim-do-dmae-em-porto-alegre\/"},"author":{"name":"Brunella Nunes","@id":"https:\/\/quantocustaviajar.com\/blog\/#\/schema\/person\/1a6dd3da9d0c0a4be42652b67bea19bb"},"headline":"Ao ar livre: jardim do Dmae \u00e9 um belo passeio em Porto\u00a0Alegre","datePublished":"2021-04-30T13:20:17+00:00","dateModified":"2021-04-30T13:20:20+00:00","mainEntityOfPage":{"@id":"https:\/\/quantocustaviajar.com\/blog\/jardim-do-dmae-em-porto-alegre\/"},"wordCount":771,"commentCount":2,"publisher":{"@id":"https:\/\/quantocustaviajar.com\/blog\/#organization"},"image":{"@id":"https:\/\/quantocustaviajar.com\/blog\/jardim-do-dmae-em-porto-alegre\/#primaryimage"},"thumbnailUrl":"https:\/\/quantocustaviajar.com\/blog\/wp-content\/uploads\/2021\/04\/jardim-dmae-porto-alegre.jpg","keywords":["arquitetura","crian\u00e7as","ensaios fotogr\u00e1ficos","gr\u00e1tis","gratuito","instagram\u00e1vel","jardim","parque","passeios","Porto Alegre","Rio Grande do Sul","Serra Ga\u00facha"],"articleSection":["Ao Ar Livre","Descubra o Brasil"],"inLanguage":"pt-BR","potentialAction":[{"@type":"CommentAction","name":"Comment","target":["https:\/\/quantocustaviajar.com\/blog\/jardim-do-dmae-em-porto-alegre\/#respond"]}]},{"@type":"WebPage","@id":"https:\/\/quantocustaviajar.com\/blog\/jardim-do-dmae-em-porto-alegre\/","url":"https:\/\/quantocustaviajar.com\/blog\/jardim-do-dmae-em-porto-alegre\/","name":"Ao ar livre: jardim do Dmae \u00e9 um belo passeio em Porto\u00a0Alegre - Blog Quanto Custa Viajar","isPartOf":{"@id":"https:\/\/quantocustaviajar.com\/blog\/#website"},"primaryImageOfPage":{"@id":"https:\/\/quantocustaviajar.com\/blog\/jardim-do-dmae-em-porto-alegre\/#primaryimage"},"image":{"@id":"https:\/\/quantocustaviajar.com\/blog\/jardim-do-dmae-em-porto-alegre\/#primaryimage"},"thumbnailUrl":"https:\/\/quantocustaviajar.com\/blog\/wp-content\/uploads\/2021\/04\/jardim-dmae-porto-alegre.jpg","datePublished":"2021-04-30T13:20:17+00:00","dateModified":"2021-04-30T13:20:20+00:00","description":"Em busca de ar fresco? Ent\u00e3o n\u00e3o deixe de visitar o jardim do Dmae, espa\u00e7o de tratamento de \u00e1gua, mas que tamb\u00e9m proporciona um belo passeio em Porto Alegre","breadcrumb":{"@id":"https:\/\/quantocustaviajar.com\/blog\/jardim-do-dmae-em-porto-alegre\/#breadcrumb"},"inLanguage":"pt-BR","potentialAction":[{"@type":"ReadAction","target":["https:\/\/quantocustaviajar.com\/blog\/jardim-do-dmae-em-porto-alegre\/"]}]},{"@type":"ImageObject","inLanguage":"pt-BR","@id":"https:\/\/quantocustaviajar.com\/blog\/jardim-do-dmae-em-porto-alegre\/#primaryimage","url":"https:\/\/quantocustaviajar.com\/blog\/wp-content\/uploads\/2021\/04\/jardim-dmae-porto-alegre.jpg","contentUrl":"https:\/\/quantocustaviajar.com\/blog\/wp-content\/uploads\/2021\/04\/jardim-dmae-porto-alegre.jpg","width":2048,"height":1536,"caption":"Foto: divulga\u00e7\u00e3o"},{"@type":"BreadcrumbList","@id":"https:\/\/quantocustaviajar.com\/blog\/jardim-do-dmae-em-porto-alegre\/#breadcrumb","itemListElement":[{"@type":"ListItem","position":1,"name":"In\u00edcio","item":"https:\/\/quantocustaviajar.com\/blog\/"},{"@type":"ListItem","position":2,"name":"Ao ar livre: jardim do Dmae \u00e9 um belo passeio em Porto\u00a0Alegre"}]},{"@type":"WebSite","@id":"https:\/\/quantocustaviajar.com\/blog\/#website","url":"https:\/\/quantocustaviajar.com\/blog\/","name":"Blog Quanto Custa Viajar","description":"","publisher":{"@id":"https:\/\/quantocustaviajar.com\/blog\/#organization"},"potentialAction":[{"@type":"SearchAction","target":{"@type":"EntryPoint","urlTemplate":"https:\/\/quantocustaviajar.com\/blog\/?s={search_term_string}"},"query-input":{"@type":"PropertyValueSpecification","valueRequired":true,"valueName":"search_term_string"}}],"inLanguage":"pt-BR"},{"@type":"Organization","@id":"https:\/\/quantocustaviajar.com\/blog\/#organization","name":"Quanto Custa Viajar","url":"https:\/\/quantocustaviajar.com\/blog\/","logo":{"@type":"ImageObject","inLanguage":"pt-BR","@id":"https:\/\/quantocustaviajar.com\/blog\/#\/schema\/logo\/image\/","url":"","contentUrl":"","caption":"Quanto Custa Viajar"},"image":{"@id":"https:\/\/quantocustaviajar.com\/blog\/#\/schema\/logo\/image\/"},"sameAs":["https:\/\/www.facebook.com\/quantocustaviajar"]},{"@type":"Person","@id":"https:\/\/quantocustaviajar.com\/blog\/#\/schema\/person\/1a6dd3da9d0c0a4be42652b67bea19bb","name":"Brunella Nunes","image":{"@type":"ImageObject","inLanguage":"pt-BR","@id":"https:\/\/quantocustaviajar.com\/blog\/#\/schema\/person\/image\/","url":"https:\/\/secure.gravatar.com\/avatar\/05b28dfb8a3cc7ee0dba6feefa5677f05be6d7bf4b017728fd38499092f9c282?s=96&d=mm&r=g","contentUrl":"https:\/\/secure.gravatar.com\/avatar\/05b28dfb8a3cc7ee0dba6feefa5677f05be6d7bf4b017728fd38499092f9c282?s=96&d=mm&r=g","caption":"Brunella Nunes"},"description":"Quando n\u00e3o est\u00e1 viajando pelo mundo, est\u00e1 viajando nas ideias.","sameAs":["https:\/\/www.facebook.com\/brunellapfvr\/posts","https:\/\/www.linkedin.com\/in\/brunellanunes\/"],"url":"https:\/\/quantocustaviajar.com\/blog\/author\/equipe\/"}]}},"_links":{"self":[{"href":"https:\/\/quantocustaviajar.com\/blog\/wp-json\/wp\/v2\/posts\/47610","targetHints":{"allow":["GET"]}}],"collection":[{"href":"https:\/\/quantocustaviajar.com\/blog\/wp-json\/wp\/v2\/posts"}],"about":[{"href":"https:\/\/quantocustaviajar.com\/blog\/wp-json\/wp\/v2\/types\/post"}],"author":[{"embeddable":true,"href":"https:\/\/quantocustaviajar.com\/blog\/wp-json\/wp\/v2\/users\/4"}],"replies":[{"embeddable":true,"href":"https:\/\/quantocustaviajar.com\/blog\/wp-json\/wp\/v2\/comments?post=47610"}],"version-history":[{"count":2,"href":"https:\/\/quantocustaviajar.com\/blog\/wp-json\/wp\/v2\/posts\/47610\/revisions"}],"predecessor-version":[{"id":47650,"href":"https:\/\/quantocustaviajar.com\/blog\/wp-json\/wp\/v2\/posts\/47610\/revisions\/47650"}],"wp:featuredmedia":[{"embeddable":true,"href":"https:\/\/quantocustaviajar.com\/blog\/wp-json\/wp\/v2\/media\/47613"}],"wp:attachment":[{"href":"https:\/\/quantocustaviajar.com\/blog\/wp-json\/wp\/v2\/media?parent=47610"}],"wp:term":[{"taxonomy":"category","embeddable":true,"href":"https:\/\/quantocustaviajar.com\/blog\/wp-json\/wp\/v2\/categories?post=47610"},{"taxonomy":"post_tag","embeddable":true,"href":"https:\/\/quantocustaviajar.com\/blog\/wp-json\/wp\/v2\/tags?post=47610"}],"curies":[{"name":"wp","href":"https:\/\/api.w.org\/{rel}","templated":true}]}}