{"id":47517,"date":"2021-05-06T13:36:04","date_gmt":"2021-05-06T13:36:04","guid":{"rendered":"https:\/\/quantocustaviajar.com\/blog\/?p=47517"},"modified":"2021-05-06T13:36:08","modified_gmt":"2021-05-06T13:36:08","slug":"edificio-germaine-burchard-em-sp-pode-ser-seu-por-uma-noite","status":"publish","type":"post","link":"https:\/\/quantocustaviajar.com\/blog\/edificio-germaine-burchard-em-sp-pode-ser-seu-por-uma-noite\/","title":{"rendered":"Charmoso edif\u00edcio Germaine Burchard, em SP, pode ser seu por uma noite"},"content":{"rendered":"\n<p>Com nome de condessa, o <strong>edif\u00edcio Germaine Burchard<\/strong> n\u00e3o passa despercebido no centro de S\u00e3o Paulo. As curvas cor de rosa da varanda cercadas por janel\u00f5es arredondados podem ser facilmente confundidas com um hotel chique, mas \u00e9 um condom\u00ednio, com apartamentos de aluguel por temporada. <\/p>\n\n\n\n<p>Atualmente, o Germaine se chama Marian e passou por um retrofit em 2019 para renova\u00e7\u00e3o da parte el\u00e9trica e hidr\u00e1ulica. Mas o charmoso pr\u00e9dio foi projetado na d\u00e9cada de 30 por Enrico Brand como o <strong>primeiro flat da cidade.<\/strong><\/p>\n\n\n\n<div class=\"wp-block-image\"><figure class=\"aligncenter\"><img loading=\"lazy\" decoding=\"async\" width=\"628\" height=\"942\" src=\"https:\/\/quantocustaviajar.com\/blog\/wp-content\/uploads\/2021\/04\/germ3.jpg\" alt=\"\" class=\"wp-image-47555\" srcset=\"https:\/\/quantocustaviajar.com\/blog\/wp-content\/uploads\/2021\/04\/germ3.jpg 628w, https:\/\/quantocustaviajar.com\/blog\/wp-content\/uploads\/2021\/04\/germ3-200x300.jpg 200w\" sizes=\"auto, (max-width: 628px) 100vw, 628px\" \/><figcaption>Foto: Brunella Nunes\/Equipe QCV<\/figcaption><\/figure><\/div>\n\n\n\n<p>E quem vivia l\u00e1 no topo? A fam\u00edlia Burchard, que tinha vista privilegiada para os ic\u00f4nicos edif\u00edcios Martinelli e Farol Santander em uma cobertura de 330 m\u00b2. Germaine Lucie era brasileira, filha do negociante alem\u00e3o Martinho Burchard, dono de muitos loteamentos na cidade, em especial na regi\u00e3o de Higien\u00f3polis, que seria projetada para a elite e assim permanece at\u00e9 os dias atuais.<\/p>\n\n\n\n<p>Morando em Paris boa parte da vida, a condessa herdou do pai muitos terrenos e im\u00f3veis no Brasil. Ela tamb\u00e9m dava nome a um lindo palacete na Pra\u00e7a da S\u00e9, que foi demolido.  <\/p>\n\n\n\n<blockquote class=\"wp-block-quote is-style-large is-layout-flow wp-block-quote-is-layout-flow\"><p>O edif\u00edcio Germaine Burchard chegou a ser eleito o mais bonito de S\u00e3o Paulo na d\u00e9cada de 40<\/p><\/blockquote>\n\n\n\n<div class=\"wp-block-image\"><figure class=\"aligncenter\"><img loading=\"lazy\" decoding=\"async\" width=\"1024\" height=\"768\" src=\"https:\/\/quantocustaviajar.com\/blog\/wp-content\/uploads\/2021\/04\/edificio-germaine-burchard8-1024x768.jpg\" alt=\"\" class=\"wp-image-47560\" srcset=\"https:\/\/quantocustaviajar.com\/blog\/wp-content\/uploads\/2021\/04\/edificio-germaine-burchard8-1024x768.jpg 1024w, https:\/\/quantocustaviajar.com\/blog\/wp-content\/uploads\/2021\/04\/edificio-germaine-burchard8-300x225.jpg 300w, https:\/\/quantocustaviajar.com\/blog\/wp-content\/uploads\/2021\/04\/edificio-germaine-burchard8-768x576.jpg 768w, https:\/\/quantocustaviajar.com\/blog\/wp-content\/uploads\/2021\/04\/edificio-germaine-burchard8.jpg 1200w\" sizes=\"auto, (max-width: 1024px) 100vw, 1024px\" \/><figcaption>Foto: divulga\u00e7\u00e3o\/Airbnb<\/figcaption><\/figure><\/div>\n\n\n\n<p>A antiga morada sofisticada abrigava fazendeiros e outros endinheirados que estavam em S\u00e3o Paulo a neg\u00f3cios e n\u00e3o queriam gastar suas fortunas com a manuten\u00e7\u00e3o de casar\u00f5es. <\/p>\n\n\n\n<p>Posteriormente, o local se transformou em hotel mesmo, comandado por duas redes distintas ao longo do tempo. O primeiro foi o Alvear, reformado por Vladimir Vensann e Lucian Korngold nos anos 1950 para receber h\u00f3spedes com todo o requinte poss\u00edvel. O restaurante <strong>Rose Room<\/strong>, que fazia parte do complexo hoteleiro, era tamb\u00e9m o puro creme do luxo \u00e0 mesa.<\/p>\n\n\n\n<div class=\"wp-block-image\"><figure class=\"aligncenter\"><img loading=\"lazy\" decoding=\"async\" width=\"628\" height=\"419\" src=\"https:\/\/quantocustaviajar.com\/blog\/wp-content\/uploads\/2021\/04\/Germaine.jpg\" alt=\"\" class=\"wp-image-47554\" srcset=\"https:\/\/quantocustaviajar.com\/blog\/wp-content\/uploads\/2021\/04\/Germaine.jpg 628w, https:\/\/quantocustaviajar.com\/blog\/wp-content\/uploads\/2021\/04\/Germaine-300x200.jpg 300w\" sizes=\"auto, (max-width: 628px) 100vw, 628px\" \/><figcaption>Foto: Brunella Nunes\/Equipe QCV<\/figcaption><\/figure><\/div>\n\n\n\n<p>Depois passou a se chamar Hotel Marian Palace, at\u00e9 voltar a servir como moradia na virada do mil\u00eanio, sob o nome <strong>Edif\u00edcio Marian<\/strong>. O arquiteto Pierre Mermelstein foi o respons\u00e1vel por transformar as su\u00edtes em resid\u00eancias de 38 a 75 m\u00b2, e at\u00e9 hoje ele mant\u00e9m seu escrit\u00f3rio na cobertura, onde viveu Germaine.<\/p>\n\n\n\n<p>O retrofit manteve as caracter\u00edsticas originais, mantendo o charme e a autenticidade de outros tempos. <strong>Um deck com uma pequena piscina e cadeiras coloridas<\/strong> comp\u00f5es \u00e1rea de lazer do edif\u00edcio. <\/p>\n\n\n\n<p>Uma lavanderia comunit\u00e1ria est\u00e1 instalada na \u00e1rea de uso comum. Embaixo do edif\u00edcio tem alguns pontos comerciais, incluindo uma ag\u00eancia banc\u00e1ria. <\/p>\n\n\n\n<div class=\"wp-block-image\"><figure class=\"aligncenter\"><img loading=\"lazy\" decoding=\"async\" width=\"1024\" height=\"681\" src=\"https:\/\/quantocustaviajar.com\/blog\/wp-content\/uploads\/2021\/04\/edificio-germaine-aluguel-1024x681.jpg\" alt=\"\" class=\"wp-image-47571\" srcset=\"https:\/\/quantocustaviajar.com\/blog\/wp-content\/uploads\/2021\/04\/edificio-germaine-aluguel-1024x681.jpg 1024w, https:\/\/quantocustaviajar.com\/blog\/wp-content\/uploads\/2021\/04\/edificio-germaine-aluguel-300x200.jpg 300w, https:\/\/quantocustaviajar.com\/blog\/wp-content\/uploads\/2021\/04\/edificio-germaine-aluguel-768x511.jpg 768w, https:\/\/quantocustaviajar.com\/blog\/wp-content\/uploads\/2021\/04\/edificio-germaine-aluguel.jpg 1200w\" sizes=\"auto, (max-width: 1024px) 100vw, 1024px\" \/><figcaption>Foto: divulga\u00e7\u00e3o\/Airbnb<\/figcaption><\/figure><\/div>\n\n\n\n<ul class=\"wp-block-gallery columns-2 is-cropped wp-block-gallery-1 is-layout-flex wp-block-gallery-is-layout-flex\"><li class=\"blocks-gallery-item\"><figure><img loading=\"lazy\" decoding=\"async\" width=\"1024\" height=\"768\" src=\"https:\/\/quantocustaviajar.com\/blog\/wp-content\/uploads\/2021\/04\/edificio-germaine-burchard13-1024x768.jpg\" alt=\"\" data-id=\"47566\" data-link=\"https:\/\/quantocustaviajar.com\/blog\/?attachment_id=47566\" class=\"wp-image-47566\" srcset=\"https:\/\/quantocustaviajar.com\/blog\/wp-content\/uploads\/2021\/04\/edificio-germaine-burchard13-1024x768.jpg 1024w, https:\/\/quantocustaviajar.com\/blog\/wp-content\/uploads\/2021\/04\/edificio-germaine-burchard13-300x225.jpg 300w, https:\/\/quantocustaviajar.com\/blog\/wp-content\/uploads\/2021\/04\/edificio-germaine-burchard13-768x576.jpg 768w, https:\/\/quantocustaviajar.com\/blog\/wp-content\/uploads\/2021\/04\/edificio-germaine-burchard13.jpg 1200w\" sizes=\"auto, (max-width: 1024px) 100vw, 1024px\" \/><figcaption>Foto: divulga\u00e7\u00e3o\/Airbnb<\/figcaption><\/figure><\/li><li class=\"blocks-gallery-item\"><figure><img loading=\"lazy\" decoding=\"async\" width=\"1024\" height=\"768\" src=\"https:\/\/quantocustaviajar.com\/blog\/wp-content\/uploads\/2021\/04\/edificio-germaine-burchard14-1024x768.jpg\" alt=\"\" data-id=\"47564\" data-link=\"https:\/\/quantocustaviajar.com\/blog\/?attachment_id=47564\" class=\"wp-image-47564\" srcset=\"https:\/\/quantocustaviajar.com\/blog\/wp-content\/uploads\/2021\/04\/edificio-germaine-burchard14-1024x768.jpg 1024w, https:\/\/quantocustaviajar.com\/blog\/wp-content\/uploads\/2021\/04\/edificio-germaine-burchard14-300x225.jpg 300w, https:\/\/quantocustaviajar.com\/blog\/wp-content\/uploads\/2021\/04\/edificio-germaine-burchard14-768x576.jpg 768w, https:\/\/quantocustaviajar.com\/blog\/wp-content\/uploads\/2021\/04\/edificio-germaine-burchard14.jpg 1200w\" sizes=\"auto, (max-width: 1024px) 100vw, 1024px\" \/><figcaption>Foto: divulga\u00e7\u00e3o\/Airbnb<\/figcaption><\/figure><\/li><\/ul>\n\n\n\n<p>O pr\u00e9dio entre as esta\u00e7\u00f5es de metr\u00f4 Luz e S\u00e3o Bento fica colado na igreja de Santa Efig\u00eania, que \u00e9 bem bonita em seu interior. <\/p>\n\n\n\n<p>Os arredores oferecem bastante coisa a se fazer, incluindo v\u00e1rios tipos de restaurantes e servi\u00e7os. A Galeria do Rock e o <a href=\"https:\/\/quantocustaviajar.com\/blog\/theatro-municipal-de-sp-almoco-em-salao-historico\/\" target=\"_blank\" rel=\"noreferrer noopener\" aria-label=\" (abre numa nova aba)\">Theatro Municipal de S\u00e3o Paulo<\/a> est\u00e3o a poucos metros dali. <\/p>\n\n\n\n<div class=\"wp-block-image\"><figure class=\"aligncenter\"><img loading=\"lazy\" decoding=\"async\" width=\"1024\" height=\"768\" src=\"https:\/\/quantocustaviajar.com\/blog\/wp-content\/uploads\/2021\/04\/edificio-germaine-burchard15-1024x768.jpg\" alt=\"\" class=\"wp-image-47565\" srcset=\"https:\/\/quantocustaviajar.com\/blog\/wp-content\/uploads\/2021\/04\/edificio-germaine-burchard15-1024x768.jpg 1024w, https:\/\/quantocustaviajar.com\/blog\/wp-content\/uploads\/2021\/04\/edificio-germaine-burchard15-300x225.jpg 300w, https:\/\/quantocustaviajar.com\/blog\/wp-content\/uploads\/2021\/04\/edificio-germaine-burchard15-768x576.jpg 768w, https:\/\/quantocustaviajar.com\/blog\/wp-content\/uploads\/2021\/04\/edificio-germaine-burchard15.jpg 1200w\" sizes=\"auto, (max-width: 1024px) 100vw, 1024px\" \/><figcaption>Foto: divulga\u00e7\u00e3o\/Airbnb<\/figcaption><\/figure><\/div>\n\n\n\n<h2 class=\"wp-block-heading\">Uma noite no <strong>edif\u00edcio<\/strong> Germaine Burchard <\/h2>\n\n\n\n<p>Em sites de aluguel de temporada \u00e9 poss\u00edvel encontrar apartamentos para se hospedar no ic\u00f4nico edif\u00edcio. Confira abaixo a nossa sele\u00e7\u00e3o:<\/p>\n\n\n\n<p><strong><a href=\"https:\/\/www.airbnb.com.br\/rooms\/44417498\" target=\"_blank\" rel=\"noreferrer noopener\" aria-label=\" (abre numa nova aba)\">Apartamento moderno com decora\u00e7\u00e3o vintage<\/a><\/strong>. Acomoda at\u00e9 tr\u00eas h\u00f3spedes. Possui um banheiro, ar condicionado, cozinha equipada, TV, Wi-Fi e varanda. R$ 107 por noite<\/p>\n\n\n\n<ul class=\"wp-block-gallery aligncenter columns-3 is-cropped wp-block-gallery-2 is-layout-flex wp-block-gallery-is-layout-flex\"><li class=\"blocks-gallery-item\"><figure><img loading=\"lazy\" decoding=\"async\" width=\"1024\" height=\"768\" src=\"https:\/\/quantocustaviajar.com\/blog\/wp-content\/uploads\/2021\/04\/edificio-germaine-burchard5-1024x768.jpg\" alt=\"\" data-id=\"47557\" data-link=\"https:\/\/quantocustaviajar.com\/blog\/?attachment_id=47557\" class=\"wp-image-47557\" srcset=\"https:\/\/quantocustaviajar.com\/blog\/wp-content\/uploads\/2021\/04\/edificio-germaine-burchard5-1024x768.jpg 1024w, https:\/\/quantocustaviajar.com\/blog\/wp-content\/uploads\/2021\/04\/edificio-germaine-burchard5-300x225.jpg 300w, https:\/\/quantocustaviajar.com\/blog\/wp-content\/uploads\/2021\/04\/edificio-germaine-burchard5-768x576.jpg 768w, https:\/\/quantocustaviajar.com\/blog\/wp-content\/uploads\/2021\/04\/edificio-germaine-burchard5.jpg 1200w\" sizes=\"auto, (max-width: 1024px) 100vw, 1024px\" \/><figcaption>Foto: divulga\u00e7\u00e3o\/Airbnb<\/figcaption><\/figure><\/li><li class=\"blocks-gallery-item\"><figure><img loading=\"lazy\" decoding=\"async\" width=\"1024\" height=\"768\" src=\"https:\/\/quantocustaviajar.com\/blog\/wp-content\/uploads\/2021\/04\/edificio-germaine-burchard7-1024x768.jpg\" alt=\"\" data-id=\"47559\" data-link=\"https:\/\/quantocustaviajar.com\/blog\/?attachment_id=47559\" class=\"wp-image-47559\" srcset=\"https:\/\/quantocustaviajar.com\/blog\/wp-content\/uploads\/2021\/04\/edificio-germaine-burchard7-1024x768.jpg 1024w, https:\/\/quantocustaviajar.com\/blog\/wp-content\/uploads\/2021\/04\/edificio-germaine-burchard7-300x225.jpg 300w, https:\/\/quantocustaviajar.com\/blog\/wp-content\/uploads\/2021\/04\/edificio-germaine-burchard7-768x576.jpg 768w, https:\/\/quantocustaviajar.com\/blog\/wp-content\/uploads\/2021\/04\/edificio-germaine-burchard7.jpg 1200w\" sizes=\"auto, (max-width: 1024px) 100vw, 1024px\" \/><figcaption>Foto: divulga\u00e7\u00e3o\/Airbnb<\/figcaption><\/figure><\/li><li class=\"blocks-gallery-item\"><figure><img loading=\"lazy\" decoding=\"async\" width=\"1024\" height=\"768\" src=\"https:\/\/quantocustaviajar.com\/blog\/wp-content\/uploads\/2021\/04\/edificio-germaine-burchard11-1024x768.jpg\" alt=\"\" data-id=\"47562\" data-link=\"https:\/\/quantocustaviajar.com\/blog\/?attachment_id=47562\" class=\"wp-image-47562\" srcset=\"https:\/\/quantocustaviajar.com\/blog\/wp-content\/uploads\/2021\/04\/edificio-germaine-burchard11-1024x768.jpg 1024w, https:\/\/quantocustaviajar.com\/blog\/wp-content\/uploads\/2021\/04\/edificio-germaine-burchard11-300x225.jpg 300w, https:\/\/quantocustaviajar.com\/blog\/wp-content\/uploads\/2021\/04\/edificio-germaine-burchard11-768x576.jpg 768w, https:\/\/quantocustaviajar.com\/blog\/wp-content\/uploads\/2021\/04\/edificio-germaine-burchard11.jpg 1200w\" sizes=\"auto, (max-width: 1024px) 100vw, 1024px\" \/><figcaption>Foto: divulga\u00e7\u00e3o\/Airbnb<\/figcaption><\/figure><\/li><li class=\"blocks-gallery-item\"><figure><img loading=\"lazy\" decoding=\"async\" width=\"1024\" height=\"768\" src=\"https:\/\/quantocustaviajar.com\/blog\/wp-content\/uploads\/2021\/04\/edificio-germaine-burchard10-1024x768.jpg\" alt=\"\" data-id=\"47561\" data-link=\"https:\/\/quantocustaviajar.com\/blog\/?attachment_id=47561\" class=\"wp-image-47561\" srcset=\"https:\/\/quantocustaviajar.com\/blog\/wp-content\/uploads\/2021\/04\/edificio-germaine-burchard10-1024x768.jpg 1024w, https:\/\/quantocustaviajar.com\/blog\/wp-content\/uploads\/2021\/04\/edificio-germaine-burchard10-300x225.jpg 300w, https:\/\/quantocustaviajar.com\/blog\/wp-content\/uploads\/2021\/04\/edificio-germaine-burchard10-768x576.jpg 768w, https:\/\/quantocustaviajar.com\/blog\/wp-content\/uploads\/2021\/04\/edificio-germaine-burchard10.jpg 1200w\" sizes=\"auto, (max-width: 1024px) 100vw, 1024px\" \/><figcaption>Foto: divulga\u00e7\u00e3o\/Airbnb<\/figcaption><\/figure><\/li><\/ul>\n\n\n\n<p><strong><a href=\"https:\/\/www.airbnb.com.br\/rooms\/11829353\" target=\"_blank\" rel=\"noreferrer noopener\" aria-label=\" (abre numa nova aba)\">Studio 86<\/a> &#8211; <\/strong>est\u00fadio com ambientes integrados, pequena varanda, TV, Wi-Fi, armarios, cozinha equipada e um banheiro. R$ 146 por noite<\/p>\n\n\n\n<ul class=\"wp-block-gallery columns-2 is-cropped wp-block-gallery-3 is-layout-flex wp-block-gallery-is-layout-flex\"><li class=\"blocks-gallery-item\"><figure><img loading=\"lazy\" decoding=\"async\" width=\"1024\" height=\"681\" src=\"https:\/\/quantocustaviajar.com\/blog\/wp-content\/uploads\/2021\/04\/germaine-sp-1024x681.jpg\" alt=\"\" data-id=\"47575\" data-link=\"https:\/\/quantocustaviajar.com\/blog\/?attachment_id=47575\" class=\"wp-image-47575\" srcset=\"https:\/\/quantocustaviajar.com\/blog\/wp-content\/uploads\/2021\/04\/germaine-sp-1024x681.jpg 1024w, https:\/\/quantocustaviajar.com\/blog\/wp-content\/uploads\/2021\/04\/germaine-sp-300x200.jpg 300w, https:\/\/quantocustaviajar.com\/blog\/wp-content\/uploads\/2021\/04\/germaine-sp-768x511.jpg 768w, https:\/\/quantocustaviajar.com\/blog\/wp-content\/uploads\/2021\/04\/germaine-sp.jpg 1200w\" sizes=\"auto, (max-width: 1024px) 100vw, 1024px\" \/><\/figure><\/li><li class=\"blocks-gallery-item\"><figure><img loading=\"lazy\" decoding=\"async\" width=\"1024\" height=\"681\" src=\"https:\/\/quantocustaviajar.com\/blog\/wp-content\/uploads\/2021\/04\/vista-germaine-1024x681.jpg\" alt=\"\" data-id=\"47572\" data-link=\"https:\/\/quantocustaviajar.com\/blog\/?attachment_id=47572\" class=\"wp-image-47572\" srcset=\"https:\/\/quantocustaviajar.com\/blog\/wp-content\/uploads\/2021\/04\/vista-germaine-1024x681.jpg 1024w, https:\/\/quantocustaviajar.com\/blog\/wp-content\/uploads\/2021\/04\/vista-germaine-300x200.jpg 300w, https:\/\/quantocustaviajar.com\/blog\/wp-content\/uploads\/2021\/04\/vista-germaine-768x511.jpg 768w, https:\/\/quantocustaviajar.com\/blog\/wp-content\/uploads\/2021\/04\/vista-germaine.jpg 1200w\" sizes=\"auto, (max-width: 1024px) 100vw, 1024px\" \/><\/figure><\/li><\/ul>\n\n\n\n<div class=\"wp-block-image\"><figure class=\"aligncenter\"><img loading=\"lazy\" decoding=\"async\" width=\"1024\" height=\"681\" src=\"https:\/\/quantocustaviajar.com\/blog\/wp-content\/uploads\/2021\/04\/edificio-germaine-1-1024x681.jpg\" alt=\"\" class=\"wp-image-47574\" srcset=\"https:\/\/quantocustaviajar.com\/blog\/wp-content\/uploads\/2021\/04\/edificio-germaine-1-1024x681.jpg 1024w, https:\/\/quantocustaviajar.com\/blog\/wp-content\/uploads\/2021\/04\/edificio-germaine-1-300x200.jpg 300w, https:\/\/quantocustaviajar.com\/blog\/wp-content\/uploads\/2021\/04\/edificio-germaine-1-768x511.jpg 768w, https:\/\/quantocustaviajar.com\/blog\/wp-content\/uploads\/2021\/04\/edificio-germaine-1.jpg 1440w\" sizes=\"auto, (max-width: 1024px) 100vw, 1024px\" \/><figcaption>Foto: divulga\u00e7\u00e3o\/Airbnb<\/figcaption><\/figure><\/div>\n\n\n\n<figure class=\"wp-block-embed-wordpress wp-block-embed is-type-wp-embed is-provider-blog-quanto-custa-viajar\"><div class=\"wp-block-embed__wrapper\">\n<blockquote class=\"wp-embedded-content\" data-secret=\"MhFTmv52HL\"><a href=\"https:\/\/quantocustaviajar.com\/blog\/aluguel-de-apartamento-no-copan-vira-experiencia-diferente-em-sao-paulo\/\">Aluguel de apartamento no Copan vira experi\u00eancia diferente em S\u00e3o Paulo<\/a><\/blockquote><iframe loading=\"lazy\" class=\"wp-embedded-content\" sandbox=\"allow-scripts\" security=\"restricted\" style=\"position: absolute; visibility: hidden;\" title=\"&#8220;Aluguel de apartamento no Copan vira experi\u00eancia diferente em S\u00e3o Paulo&#8221; &#8212; Blog Quanto Custa Viajar\" src=\"https:\/\/quantocustaviajar.com\/blog\/aluguel-de-apartamento-no-copan-vira-experiencia-diferente-em-sao-paulo\/embed\/#?secret=0umFqeuDOD#?secret=MhFTmv52HL\" data-secret=\"MhFTmv52HL\" width=\"600\" height=\"338\" frameborder=\"0\" marginwidth=\"0\" marginheight=\"0\" scrolling=\"no\"><\/iframe>\n<\/div><\/figure>\n","protected":false},"excerpt":{"rendered":"<p>Com nome de condessa, o edif\u00edcio Germaine Burchard n\u00e3o passa despercebido no centro de S\u00e3o Paulo. As curvas cor de rosa da varanda cercadas por janel\u00f5es arredondados podem ser facilmente confundidas com um hotel chique, mas \u00e9 um condom\u00ednio, com apartamentos de aluguel por temporada. Atualmente, o Germaine se chama Marian e passou por um [&hellip;]<\/p>\n","protected":false},"author":4,"featured_media":47570,"comment_status":"open","ping_status":"open","sticky":false,"template":"","format":"standard","meta":{"cybocfi_hide_featured_image":"","footnotes":""},"categories":[1434,1182],"tags":[500,200,1783,79,635,2065,74,2239,303],"class_list":["post-47517","post","type-post","status-publish","format-standard","has-post-thumbnail","hentry","category-descubra-brasil","category-dica-cool","tag-acomodacao","tag-airbnb","tag-aluguel-por-temporada","tag-arquitetura","tag-centro","tag-historia","tag-hospedagem","tag-instagramavel","tag-sao-paulo"],"blocksy_meta":[],"yoast_head":"<!-- This site is optimized with the Yoast SEO plugin v26.3 - https:\/\/yoast.com\/wordpress\/plugins\/seo\/ -->\n<title>Charmoso edif\u00edcio Germaine Burchard, em SP, pode ser seu por uma noite - Blog Quanto Custa Viajar<\/title>\n<meta name=\"description\" content=\"Com nome de condessa, o edif\u00edcio Germaine Burchard n\u00e3o passa despercebido no centro de S\u00e3o Paulo. Parece um hotel chique, mas \u00e9 um condom\u00ednio charmoso\" \/>\n<meta name=\"robots\" content=\"index, follow, max-snippet:-1, max-image-preview:large, max-video-preview:-1\" \/>\n<link rel=\"canonical\" href=\"https:\/\/quantocustaviajar.com\/blog\/edificio-germaine-burchard-em-sp-pode-ser-seu-por-uma-noite\/\" \/>\n<meta property=\"og:locale\" content=\"pt_BR\" \/>\n<meta property=\"og:type\" content=\"article\" \/>\n<meta property=\"og:title\" content=\"Charmoso edif\u00edcio Germaine Burchard, em SP, pode ser seu por uma noite - Blog Quanto Custa Viajar\" \/>\n<meta property=\"og:description\" content=\"Com nome de condessa, o edif\u00edcio Germaine Burchard n\u00e3o passa despercebido no centro de S\u00e3o Paulo. Parece um hotel chique, mas \u00e9 um condom\u00ednio charmoso\" \/>\n<meta property=\"og:url\" content=\"https:\/\/quantocustaviajar.com\/blog\/edificio-germaine-burchard-em-sp-pode-ser-seu-por-uma-noite\/\" \/>\n<meta property=\"og:site_name\" content=\"Blog Quanto Custa Viajar\" \/>\n<meta property=\"article:publisher\" content=\"https:\/\/www.facebook.com\/quantocustaviajar\" \/>\n<meta property=\"article:author\" content=\"https:\/\/www.facebook.com\/brunellapfvr\/posts\" \/>\n<meta property=\"article:published_time\" content=\"2021-05-06T13:36:04+00:00\" \/>\n<meta property=\"article:modified_time\" content=\"2021-05-06T13:36:08+00:00\" \/>\n<meta property=\"og:image\" content=\"https:\/\/quantocustaviajar.com\/blog\/wp-content\/uploads\/2021\/04\/edificio-germaine-burchard-airbnb-1.jpg\" \/>\n\t<meta property=\"og:image:width\" content=\"1200\" \/>\n\t<meta property=\"og:image:height\" content=\"798\" \/>\n\t<meta property=\"og:image:type\" content=\"image\/jpeg\" \/>\n<meta name=\"author\" content=\"Brunella Nunes\" \/>\n<meta name=\"twitter:card\" content=\"summary_large_image\" \/>\n<meta name=\"twitter:label1\" content=\"Escrito por\" \/>\n\t<meta name=\"twitter:data1\" content=\"Brunella Nunes\" \/>\n\t<meta name=\"twitter:label2\" content=\"Est. tempo de leitura\" \/>\n\t<meta name=\"twitter:data2\" content=\"3 minutos\" \/>\n<!-- \/ Yoast SEO plugin. -->","yoast_head_json":{"title":"Charmoso edif\u00edcio Germaine Burchard, em SP, pode ser seu por uma noite - Blog Quanto Custa Viajar","description":"Com nome de condessa, o edif\u00edcio Germaine Burchard n\u00e3o passa despercebido no centro de S\u00e3o Paulo. Parece um hotel chique, mas \u00e9 um condom\u00ednio charmoso","robots":{"index":"index","follow":"follow","max-snippet":"max-snippet:-1","max-image-preview":"max-image-preview:large","max-video-preview":"max-video-preview:-1"},"canonical":"https:\/\/quantocustaviajar.com\/blog\/edificio-germaine-burchard-em-sp-pode-ser-seu-por-uma-noite\/","og_locale":"pt_BR","og_type":"article","og_title":"Charmoso edif\u00edcio Germaine Burchard, em SP, pode ser seu por uma noite - Blog Quanto Custa Viajar","og_description":"Com nome de condessa, o edif\u00edcio Germaine Burchard n\u00e3o passa despercebido no centro de S\u00e3o Paulo. Parece um hotel chique, mas \u00e9 um condom\u00ednio charmoso","og_url":"https:\/\/quantocustaviajar.com\/blog\/edificio-germaine-burchard-em-sp-pode-ser-seu-por-uma-noite\/","og_site_name":"Blog Quanto Custa Viajar","article_publisher":"https:\/\/www.facebook.com\/quantocustaviajar","article_author":"https:\/\/www.facebook.com\/brunellapfvr\/posts","article_published_time":"2021-05-06T13:36:04+00:00","article_modified_time":"2021-05-06T13:36:08+00:00","og_image":[{"width":1200,"height":798,"url":"https:\/\/quantocustaviajar.com\/blog\/wp-content\/uploads\/2021\/04\/edificio-germaine-burchard-airbnb-1.jpg","type":"image\/jpeg"}],"author":"Brunella Nunes","twitter_card":"summary_large_image","twitter_misc":{"Escrito por":"Brunella Nunes","Est. tempo de leitura":"3 minutos"},"schema":{"@context":"https:\/\/schema.org","@graph":[{"@type":["Article","BlogPosting"],"@id":"https:\/\/quantocustaviajar.com\/blog\/edificio-germaine-burchard-em-sp-pode-ser-seu-por-uma-noite\/#article","isPartOf":{"@id":"https:\/\/quantocustaviajar.com\/blog\/edificio-germaine-burchard-em-sp-pode-ser-seu-por-uma-noite\/"},"author":{"name":"Brunella Nunes","@id":"https:\/\/quantocustaviajar.com\/blog\/#\/schema\/person\/1a6dd3da9d0c0a4be42652b67bea19bb"},"headline":"Charmoso edif\u00edcio Germaine Burchard, em SP, pode ser seu por uma noite","datePublished":"2021-05-06T13:36:04+00:00","dateModified":"2021-05-06T13:36:08+00:00","mainEntityOfPage":{"@id":"https:\/\/quantocustaviajar.com\/blog\/edificio-germaine-burchard-em-sp-pode-ser-seu-por-uma-noite\/"},"wordCount":630,"commentCount":0,"publisher":{"@id":"https:\/\/quantocustaviajar.com\/blog\/#organization"},"image":{"@id":"https:\/\/quantocustaviajar.com\/blog\/edificio-germaine-burchard-em-sp-pode-ser-seu-por-uma-noite\/#primaryimage"},"thumbnailUrl":"https:\/\/quantocustaviajar.com\/blog\/wp-content\/uploads\/2021\/04\/edificio-germaine-burchard-airbnb-1.jpg","keywords":["acomoda\u00e7\u00e3o","airbnb","aluguel por temporada","arquitetura","Centro","historia","hospedagem","instagram\u00e1vel","S\u00e3o Paulo"],"articleSection":["Descubra o Brasil","Dica cool"],"inLanguage":"pt-BR","potentialAction":[{"@type":"CommentAction","name":"Comment","target":["https:\/\/quantocustaviajar.com\/blog\/edificio-germaine-burchard-em-sp-pode-ser-seu-por-uma-noite\/#respond"]}]},{"@type":"WebPage","@id":"https:\/\/quantocustaviajar.com\/blog\/edificio-germaine-burchard-em-sp-pode-ser-seu-por-uma-noite\/","url":"https:\/\/quantocustaviajar.com\/blog\/edificio-germaine-burchard-em-sp-pode-ser-seu-por-uma-noite\/","name":"Charmoso edif\u00edcio Germaine Burchard, em SP, pode ser seu por uma noite - Blog Quanto Custa Viajar","isPartOf":{"@id":"https:\/\/quantocustaviajar.com\/blog\/#website"},"primaryImageOfPage":{"@id":"https:\/\/quantocustaviajar.com\/blog\/edificio-germaine-burchard-em-sp-pode-ser-seu-por-uma-noite\/#primaryimage"},"image":{"@id":"https:\/\/quantocustaviajar.com\/blog\/edificio-germaine-burchard-em-sp-pode-ser-seu-por-uma-noite\/#primaryimage"},"thumbnailUrl":"https:\/\/quantocustaviajar.com\/blog\/wp-content\/uploads\/2021\/04\/edificio-germaine-burchard-airbnb-1.jpg","datePublished":"2021-05-06T13:36:04+00:00","dateModified":"2021-05-06T13:36:08+00:00","description":"Com nome de condessa, o edif\u00edcio Germaine Burchard n\u00e3o passa despercebido no centro de S\u00e3o Paulo. Parece um hotel chique, mas \u00e9 um condom\u00ednio charmoso","breadcrumb":{"@id":"https:\/\/quantocustaviajar.com\/blog\/edificio-germaine-burchard-em-sp-pode-ser-seu-por-uma-noite\/#breadcrumb"},"inLanguage":"pt-BR","potentialAction":[{"@type":"ReadAction","target":["https:\/\/quantocustaviajar.com\/blog\/edificio-germaine-burchard-em-sp-pode-ser-seu-por-uma-noite\/"]}]},{"@type":"ImageObject","inLanguage":"pt-BR","@id":"https:\/\/quantocustaviajar.com\/blog\/edificio-germaine-burchard-em-sp-pode-ser-seu-por-uma-noite\/#primaryimage","url":"https:\/\/quantocustaviajar.com\/blog\/wp-content\/uploads\/2021\/04\/edificio-germaine-burchard-airbnb-1.jpg","contentUrl":"https:\/\/quantocustaviajar.com\/blog\/wp-content\/uploads\/2021\/04\/edificio-germaine-burchard-airbnb-1.jpg","width":1200,"height":798,"caption":"Foto: divulga\u00e7\u00e3o\/Airbnb"},{"@type":"BreadcrumbList","@id":"https:\/\/quantocustaviajar.com\/blog\/edificio-germaine-burchard-em-sp-pode-ser-seu-por-uma-noite\/#breadcrumb","itemListElement":[{"@type":"ListItem","position":1,"name":"In\u00edcio","item":"https:\/\/quantocustaviajar.com\/blog\/"},{"@type":"ListItem","position":2,"name":"Charmoso edif\u00edcio Germaine Burchard, em SP, pode ser seu por uma noite"}]},{"@type":"WebSite","@id":"https:\/\/quantocustaviajar.com\/blog\/#website","url":"https:\/\/quantocustaviajar.com\/blog\/","name":"Blog Quanto Custa Viajar","description":"","publisher":{"@id":"https:\/\/quantocustaviajar.com\/blog\/#organization"},"potentialAction":[{"@type":"SearchAction","target":{"@type":"EntryPoint","urlTemplate":"https:\/\/quantocustaviajar.com\/blog\/?s={search_term_string}"},"query-input":{"@type":"PropertyValueSpecification","valueRequired":true,"valueName":"search_term_string"}}],"inLanguage":"pt-BR"},{"@type":"Organization","@id":"https:\/\/quantocustaviajar.com\/blog\/#organization","name":"Quanto Custa Viajar","url":"https:\/\/quantocustaviajar.com\/blog\/","logo":{"@type":"ImageObject","inLanguage":"pt-BR","@id":"https:\/\/quantocustaviajar.com\/blog\/#\/schema\/logo\/image\/","url":"","contentUrl":"","caption":"Quanto Custa Viajar"},"image":{"@id":"https:\/\/quantocustaviajar.com\/blog\/#\/schema\/logo\/image\/"},"sameAs":["https:\/\/www.facebook.com\/quantocustaviajar"]},{"@type":"Person","@id":"https:\/\/quantocustaviajar.com\/blog\/#\/schema\/person\/1a6dd3da9d0c0a4be42652b67bea19bb","name":"Brunella Nunes","image":{"@type":"ImageObject","inLanguage":"pt-BR","@id":"https:\/\/quantocustaviajar.com\/blog\/#\/schema\/person\/image\/","url":"https:\/\/secure.gravatar.com\/avatar\/05b28dfb8a3cc7ee0dba6feefa5677f05be6d7bf4b017728fd38499092f9c282?s=96&d=mm&r=g","contentUrl":"https:\/\/secure.gravatar.com\/avatar\/05b28dfb8a3cc7ee0dba6feefa5677f05be6d7bf4b017728fd38499092f9c282?s=96&d=mm&r=g","caption":"Brunella Nunes"},"description":"Quando n\u00e3o est\u00e1 viajando pelo mundo, est\u00e1 viajando nas ideias.","sameAs":["https:\/\/www.facebook.com\/brunellapfvr\/posts","https:\/\/www.linkedin.com\/in\/brunellanunes\/"],"url":"https:\/\/quantocustaviajar.com\/blog\/author\/equipe\/"}]}},"_links":{"self":[{"href":"https:\/\/quantocustaviajar.com\/blog\/wp-json\/wp\/v2\/posts\/47517","targetHints":{"allow":["GET"]}}],"collection":[{"href":"https:\/\/quantocustaviajar.com\/blog\/wp-json\/wp\/v2\/posts"}],"about":[{"href":"https:\/\/quantocustaviajar.com\/blog\/wp-json\/wp\/v2\/types\/post"}],"author":[{"embeddable":true,"href":"https:\/\/quantocustaviajar.com\/blog\/wp-json\/wp\/v2\/users\/4"}],"replies":[{"embeddable":true,"href":"https:\/\/quantocustaviajar.com\/blog\/wp-json\/wp\/v2\/comments?post=47517"}],"version-history":[{"count":4,"href":"https:\/\/quantocustaviajar.com\/blog\/wp-json\/wp\/v2\/posts\/47517\/revisions"}],"predecessor-version":[{"id":47780,"href":"https:\/\/quantocustaviajar.com\/blog\/wp-json\/wp\/v2\/posts\/47517\/revisions\/47780"}],"wp:featuredmedia":[{"embeddable":true,"href":"https:\/\/quantocustaviajar.com\/blog\/wp-json\/wp\/v2\/media\/47570"}],"wp:attachment":[{"href":"https:\/\/quantocustaviajar.com\/blog\/wp-json\/wp\/v2\/media?parent=47517"}],"wp:term":[{"taxonomy":"category","embeddable":true,"href":"https:\/\/quantocustaviajar.com\/blog\/wp-json\/wp\/v2\/categories?post=47517"},{"taxonomy":"post_tag","embeddable":true,"href":"https:\/\/quantocustaviajar.com\/blog\/wp-json\/wp\/v2\/tags?post=47517"}],"curies":[{"name":"wp","href":"https:\/\/api.w.org\/{rel}","templated":true}]}}