{"id":47006,"date":"2021-02-23T17:45:50","date_gmt":"2021-02-23T17:45:50","guid":{"rendered":"https:\/\/quantocustaviajar.com\/blog\/?p=47006"},"modified":"2021-02-23T17:45:53","modified_gmt":"2021-02-23T17:45:53","slug":"theatro-municipal-de-sp-almoco-em-salao-historico","status":"publish","type":"post","link":"https:\/\/quantocustaviajar.com\/blog\/theatro-municipal-de-sp-almoco-em-salao-historico\/","title":{"rendered":"Theatro Municipal de SP abre as portas para almo\u00e7o em sal\u00e3o hist\u00f3rico"},"content":{"rendered":"\n<p>A pandemia trouxe imensas dificuldades, mas tamb\u00e9m algumas doses de reinven\u00e7\u00e3o. Com a falta de espet\u00e1culos, o <strong>Theatro Municipal de SP<\/strong> resolveu abrir as portas de seu <strong>sal\u00e3o hist\u00f3rico para almo\u00e7o, <\/strong>junto ao time do Bar dos Arcos, que ocupa o subsolo. O lugar \u00e9 um col\u00edrio para os olhos, um deleite para o est\u00f4mago e um b\u00e1lsamo para os dias dif\u00edceis que estamos atravessando.&nbsp;<\/p>\n\n\n\n<p>Com 110 m\u00b2, o Sal\u00e3o Dourado fica no t\u00e9rreo e antes era ocupado pelo restaurante Santinho, que dominava a \u00e1rea gastron\u00f4mica de espa\u00e7os culturais da cidade. <\/p>\n\n\n\n<p>Assim como tudo no Theatro Municipal de SP, <strong>chama a aten\u00e7\u00e3o pelas ornamenta\u00e7\u00f5es impec\u00e1veis que o rodeiam, do teto ao piso<\/strong>. O p\u00e9 direito alt\u00edssimo revela uma por\u00e7\u00e3o de afrescos, pintados \u00e0 m\u00e3o em meados de 1911. As janelas enormes s\u00e3o belos vitrais.&nbsp;<\/p>\n\n\n\n<p>Mas nem s\u00f3 de cl\u00e1ssicos vive o edif\u00edcio. H\u00e1 alguns toques de modernidade presentes na decora\u00e7\u00e3o, como o balc\u00e3o, o espelho e as mesas espelhadas, assinadas pelos designers brasileiros <strong>Irm\u00e3os Campan<\/strong>a, renomados internacionalmente. As mesas refletem os detalhes do cen\u00e1rio art\u00edstico ao redor.&nbsp;<\/p>\n\n\n\n<blockquote class=\"wp-block-quote is-style-large is-layout-flow wp-block-quote-is-layout-flow\"><p>A beleza do lugar \u00e9 uma distra\u00e7\u00e3o constante enquanto a comida n\u00e3o chega. <a href=\"https:\/\/quantocustaviajar.com\/blog\/como-tirar-fotos-sozinha-em-viagem\/\">Tirar foto<\/a> \u00e9 inevit\u00e1vel. &nbsp;<\/p><\/blockquote>\n\n\n\n<div class=\"wp-block-image\"><figure class=\"aligncenter\"><img loading=\"lazy\" decoding=\"async\" width=\"768\" height=\"1024\" src=\"https:\/\/quantocustaviajar.com\/blog\/wp-content\/uploads\/2021\/02\/bar-dos-arcos-almo\u00e7o-768x1024.jpg\" alt=\"\" class=\"wp-image-47014\" srcset=\"https:\/\/quantocustaviajar.com\/blog\/wp-content\/uploads\/2021\/02\/bar-dos-arcos-almo\u00e7o-768x1024.jpg 768w, https:\/\/quantocustaviajar.com\/blog\/wp-content\/uploads\/2021\/02\/bar-dos-arcos-almo\u00e7o-225x300.jpg 225w, https:\/\/quantocustaviajar.com\/blog\/wp-content\/uploads\/2021\/02\/bar-dos-arcos-almo\u00e7o.jpg 1000w\" sizes=\"auto, (max-width: 768px) 100vw, 768px\" \/><figcaption>Foto: Brunella Nunes\/QCV<\/figcaption><\/figure><\/div>\n\n\n\n<div class=\"wp-block-image\"><figure class=\"aligncenter\"><img loading=\"lazy\" decoding=\"async\" width=\"819\" height=\"1024\" src=\"https:\/\/quantocustaviajar.com\/blog\/wp-content\/uploads\/2021\/02\/salao-dourado-819x1024.jpg\" alt=\"\" class=\"wp-image-47009\" srcset=\"https:\/\/quantocustaviajar.com\/blog\/wp-content\/uploads\/2021\/02\/salao-dourado-819x1024.jpg 819w, https:\/\/quantocustaviajar.com\/blog\/wp-content\/uploads\/2021\/02\/salao-dourado-240x300.jpg 240w, https:\/\/quantocustaviajar.com\/blog\/wp-content\/uploads\/2021\/02\/salao-dourado-768x960.jpg 768w, https:\/\/quantocustaviajar.com\/blog\/wp-content\/uploads\/2021\/02\/salao-dourado.jpg 1440w\" sizes=\"auto, (max-width: 819px) 100vw, 819px\" \/><figcaption>Foto: divulga\u00e7\u00e3o<\/figcaption><\/figure><\/div>\n\n\n\n<p>A iniciativa de reocupar o local partiu do empres\u00e1rio Facundo Guerra, figurinha conhecida na cidade pela qualidade dos empreendimentos que comanda, incluindo uma <a rel=\"noreferrer noopener\" aria-label=\"casa flutuante no interior do estado (abre numa nova aba)\" href=\"https:\/\/quantocustaviajar.com\/blog\/casa-flutuante-em-sao-paulo\/\" target=\"_blank\">casa flutuante no interior do estado<\/a>. Em 2019, ele transformou o por\u00e3o do Theatro Municipal, at\u00e9 ent\u00e3o um segredo bem guardado do edif\u00edcio, em um bar daqueles que todo mundo quer ir, seja para espiar ou bebericar com os amigos.<\/p>\n\n\n\n<p>Agora o Sal\u00e3o Dourado <strong>abre para almo\u00e7o, de segunda a s\u00e1bado, do meio dia \u00e0s 15h30, com pratos executivos por R$ 39<\/strong>. As op\u00e7\u00f5es se baseiam em itens do dia a dia, como pede o famoso PF (prato feito), mas com toques gourmet.<\/p>\n\n\n\n<p>O menu tem itens como arroz de costelinha com farofa da casa, ovo caipira frito e salada de couve (R$ 34); e nhoque levemente tostado na manteiga, servido com fonduta de queijo de cabra, rom\u00e3 e manjeric\u00e3o (R$ 46).&nbsp;<\/p>\n\n\n\n<div class=\"wp-block-image\"><figure class=\"aligncenter\"><img loading=\"lazy\" decoding=\"async\" width=\"768\" height=\"1024\" src=\"https:\/\/quantocustaviajar.com\/blog\/wp-content\/uploads\/2021\/02\/bar-dos-arcos-almo\u00e7o-3-768x1024.jpg\" alt=\"\" class=\"wp-image-47015\" srcset=\"https:\/\/quantocustaviajar.com\/blog\/wp-content\/uploads\/2021\/02\/bar-dos-arcos-almo\u00e7o-3-768x1024.jpg 768w, https:\/\/quantocustaviajar.com\/blog\/wp-content\/uploads\/2021\/02\/bar-dos-arcos-almo\u00e7o-3-225x300.jpg 225w, https:\/\/quantocustaviajar.com\/blog\/wp-content\/uploads\/2021\/02\/bar-dos-arcos-almo\u00e7o-3.jpg 1000w\" sizes=\"auto, (max-width: 768px) 100vw, 768px\" \/><figcaption>Foto: Brunella Nunes\/QCV<\/figcaption><\/figure><\/div>\n\n\n\n<p>Para os dias mais quentes, h\u00e1 pratos para serem consumidos frios. \u00c9 o caso da sopa fria de beterraba: com creme azedo, castanha de caju e coentro (R$ 35); e do rosbife da casa, servido com salada de feij\u00e3o (R$ 29). Essa foi a minha pedida, e posso dizer que estava fresco, leve e delicioso. Pelo tamanho da minha fome, achei bem servido e n\u00e3o vi necessidade de consumir mais nada.<\/p>\n\n\n\n<p>Os <strong>vegetarianos <\/strong>podem pedir tanto o nhoque e a sopa quanto o bai\u00e3o veggie, acompanhado de queijo coalho tostado, farofa de casa e molho lamb\u00e3o (R$ 39). J\u00e1 os <strong>veganos <\/strong>contam com o bolinho de gr\u00e3o de bico com especiarias, arroz branco, feij\u00e3o preto, farofa da casa e salada de couve (R$ 39).&nbsp;<\/p>\n\n\n\n<div class=\"wp-block-image\"><figure class=\"aligncenter\"><img loading=\"lazy\" decoding=\"async\" width=\"819\" height=\"1024\" src=\"https:\/\/quantocustaviajar.com\/blog\/wp-content\/uploads\/2021\/02\/theatro-municipal-almo\u00e7o-819x1024.jpg\" alt=\"\" class=\"wp-image-47010\" srcset=\"https:\/\/quantocustaviajar.com\/blog\/wp-content\/uploads\/2021\/02\/theatro-municipal-almo\u00e7o-819x1024.jpg 819w, https:\/\/quantocustaviajar.com\/blog\/wp-content\/uploads\/2021\/02\/theatro-municipal-almo\u00e7o-240x300.jpg 240w, https:\/\/quantocustaviajar.com\/blog\/wp-content\/uploads\/2021\/02\/theatro-municipal-almo\u00e7o-768x960.jpg 768w, https:\/\/quantocustaviajar.com\/blog\/wp-content\/uploads\/2021\/02\/theatro-municipal-almo\u00e7o.jpg 1440w\" sizes=\"auto, (max-width: 819px) 100vw, 819px\" \/><\/figure><\/div>\n\n\n\n<p>Para quem \u00e9 de drink, pode saborear algumas misturas que se assemelham ao o que \u00e9 servido no Bar dos Arcos. Se n\u00e3o quiser nada muito encorpado, pe\u00e7a o drink de coco com espumante e a\u00e7\u00facar de coco (R$ 27), bem leve e refrescante.&nbsp;<\/p>\n\n\n\n<p>O menu de sobremesas tem tr\u00eas op\u00e7\u00f5es, com valores em torno de R$ 26. A sobremesa do dia custa R$ 7. No caso de pedir o combo salada e sobremesa, sai por R$ 15 a mais na conta.<\/p>\n\n\n\n<p>O atendimento da equipe, trajada em um macac\u00e3o rosa que se destaca no sal\u00e3o, \u00e9 gentil e \u00e1gil. Apesar de ser um lugar pomposo, o clima \u00e9 descontra\u00eddo e informal, fazendo com que a intimida\u00e7\u00e3o de estar l\u00e1 passe  longe. A gente sai dali bem alimentado, de corpo e mente, j\u00e1 com vontade de voltar.&nbsp;<\/p>\n\n\n\n<div class=\"wp-block-image\"><figure class=\"aligncenter\"><img loading=\"lazy\" decoding=\"async\" width=\"1024\" height=\"683\" src=\"https:\/\/quantocustaviajar.com\/blog\/wp-content\/uploads\/2021\/02\/almo\u00e7o-theatro-municipal-1024x683.jpg\" alt=\"\" class=\"wp-image-47008\" srcset=\"https:\/\/quantocustaviajar.com\/blog\/wp-content\/uploads\/2021\/02\/almo\u00e7o-theatro-municipal-1024x683.jpg 1024w, https:\/\/quantocustaviajar.com\/blog\/wp-content\/uploads\/2021\/02\/almo\u00e7o-theatro-municipal-300x200.jpg 300w, https:\/\/quantocustaviajar.com\/blog\/wp-content\/uploads\/2021\/02\/almo\u00e7o-theatro-municipal-768x512.jpg 768w, https:\/\/quantocustaviajar.com\/blog\/wp-content\/uploads\/2021\/02\/almo\u00e7o-theatro-municipal.jpg 1440w\" sizes=\"auto, (max-width: 1024px) 100vw, 1024px\" \/><figcaption>Foto: Fernanda Tin\u00e9\/divulga\u00e7\u00e3o<\/figcaption><\/figure><\/div>\n\n\n\n<div class=\"wp-block-image\"><figure class=\"aligncenter\"><img loading=\"lazy\" decoding=\"async\" width=\"768\" height=\"1024\" src=\"https:\/\/quantocustaviajar.com\/blog\/wp-content\/uploads\/2021\/02\/bar-dos-arcos-almo\u00e7o-5-768x1024.jpg\" alt=\"\" class=\"wp-image-47016\" srcset=\"https:\/\/quantocustaviajar.com\/blog\/wp-content\/uploads\/2021\/02\/bar-dos-arcos-almo\u00e7o-5-768x1024.jpg 768w, https:\/\/quantocustaviajar.com\/blog\/wp-content\/uploads\/2021\/02\/bar-dos-arcos-almo\u00e7o-5-225x300.jpg 225w, https:\/\/quantocustaviajar.com\/blog\/wp-content\/uploads\/2021\/02\/bar-dos-arcos-almo\u00e7o-5.jpg 1000w\" sizes=\"auto, (max-width: 768px) 100vw, 768px\" \/><figcaption>P\u00e1tio que d\u00e1 acesso ao Bar dos Arcos &#8211; Foto: Brunella Nunes\/QCV<\/figcaption><\/figure><\/div>\n\n\n\n<h2 class=\"wp-block-heading\">Bar dos&nbsp;Arcos<\/h2>\n\n\n\n<p>O Bar dos Arcos deu \u00e0s caras ao p\u00fablico pela primeira vez em 2017, quando uma marca de bebidas lan\u00e7ou um projeto tempor\u00e1rio no local, conforme contamos <a href=\"https:\/\/quantocustaviajar.com\/blog\/arcos-bar-no-subsolo-do-theatro-municipal\/\" rel=\"noreferrer noopener\" target=\"_blank\">aqui no blog<\/a>.<\/p>\n\n\n\n<p>Dois anos depois, abriu oficialmente com o nome atual e desde ent\u00e3o virou um point concorrido na capital. O subsolo do edif\u00edcio hist\u00f3rico tem um visual pitoresco, com arcos de pedra e um moderno balc\u00e3o iluminado.&nbsp;<\/p>\n\n\n\n<div class=\"wp-block-image\"><figure class=\"aligncenter\"><img loading=\"lazy\" decoding=\"async\" width=\"1024\" height=\"683\" src=\"https:\/\/quantocustaviajar.com\/blog\/wp-content\/uploads\/2021\/02\/bar-dos-arcos-sp-1024x683.jpg\" alt=\"\" class=\"wp-image-47012\" srcset=\"https:\/\/quantocustaviajar.com\/blog\/wp-content\/uploads\/2021\/02\/bar-dos-arcos-sp-1024x683.jpg 1024w, https:\/\/quantocustaviajar.com\/blog\/wp-content\/uploads\/2021\/02\/bar-dos-arcos-sp-300x200.jpg 300w, https:\/\/quantocustaviajar.com\/blog\/wp-content\/uploads\/2021\/02\/bar-dos-arcos-sp-768x512.jpg 768w, https:\/\/quantocustaviajar.com\/blog\/wp-content\/uploads\/2021\/02\/bar-dos-arcos-sp.jpg 1080w\" sizes=\"auto, (max-width: 1024px) 100vw, 1024px\" \/><figcaption>Foto: divulga\u00e7\u00e3o<\/figcaption><\/figure><\/div>\n\n\n\n<p>Uma <strong>piscina de bolinhas<\/strong> \u201csecreta\u201d \u00e9 aberta apenas em tempos n\u00e3o pand\u00eamicos, mas boa parte das pessoas sequer chegou a dar um mergulho, mantendo-a como uma lenda.&nbsp;<\/p>\n\n\n\n<p>Ali s\u00e3o servidos drinks sofisticados e bem executados, alguns inspirados em filmes, como o Os Fantasmas se Divertem, com vodka, xarope de grapefruit, bitter Angostura Orange e espumante. <\/p>\n\n\n\n<p>Para essa temporada, est\u00e1 \u201cem cartaz\u201d  o Cynar Julep, composto de cynar, hortel\u00e3, suco de grapefruit, suco de lim\u00e3o e xarope de gengibre; e o Corpse Reviver (R$ 35,00), mistura de gim,  Lillet Blanc, triple sec, suco de lim\u00e3o e absinto.<\/p>\n\n\n\n<p>O Sal\u00e3o Dourado, durante a noite, funciona como ala de espera do bar, onde \u00e9 poss\u00edvel degustar as mesmas coisas servidas no piso subterr\u00e2neo. A boa not\u00edcia \u00e9 que, mediante a lota\u00e7\u00e3o da casa, n\u00e3o \u00e9 uma m\u00e1 ideia ficar por l\u00e1.<\/p>\n\n\n\n<div class=\"wp-block-image\"><figure class=\"aligncenter\"><img loading=\"lazy\" decoding=\"async\" width=\"1024\" height=\"694\" src=\"https:\/\/quantocustaviajar.com\/blog\/wp-content\/uploads\/2021\/02\/bar-dos-arcos2-1024x694.jpg\" alt=\"\" class=\"wp-image-47013\" srcset=\"https:\/\/quantocustaviajar.com\/blog\/wp-content\/uploads\/2021\/02\/bar-dos-arcos2-1024x694.jpg 1024w, https:\/\/quantocustaviajar.com\/blog\/wp-content\/uploads\/2021\/02\/bar-dos-arcos2-300x203.jpg 300w, https:\/\/quantocustaviajar.com\/blog\/wp-content\/uploads\/2021\/02\/bar-dos-arcos2-768x521.jpg 768w, https:\/\/quantocustaviajar.com\/blog\/wp-content\/uploads\/2021\/02\/bar-dos-arcos2.jpg 1440w\" sizes=\"auto, (max-width: 1024px) 100vw, 1024px\" \/><figcaption>Foto: divulga\u00e7\u00e3o<\/figcaption><\/figure><\/div>\n\n\n\n<div class=\"wp-block-image\"><figure class=\"aligncenter\"><img loading=\"lazy\" decoding=\"async\" width=\"819\" height=\"1024\" src=\"https:\/\/quantocustaviajar.com\/blog\/wp-content\/uploads\/2021\/02\/bar-dos-arcos-819x1024.jpg\" alt=\"\" class=\"wp-image-47011\" srcset=\"https:\/\/quantocustaviajar.com\/blog\/wp-content\/uploads\/2021\/02\/bar-dos-arcos-819x1024.jpg 819w, https:\/\/quantocustaviajar.com\/blog\/wp-content\/uploads\/2021\/02\/bar-dos-arcos-240x300.jpg 240w, https:\/\/quantocustaviajar.com\/blog\/wp-content\/uploads\/2021\/02\/bar-dos-arcos-768x960.jpg 768w, https:\/\/quantocustaviajar.com\/blog\/wp-content\/uploads\/2021\/02\/bar-dos-arcos.jpg 1440w\" sizes=\"auto, (max-width: 819px) 100vw, 819px\" \/><figcaption>Foto: Angelo Dalbo\/divulga\u00e7\u00e3o<\/figcaption><\/figure><\/div>\n\n\n\n<h3 class=\"wp-block-heading\">Vai l\u00e1 no Theatro Municipal de SP!<\/h3>\n\n\n\n<p>Bar dos Arcos\/Sal\u00e3o Dourado no Theatro Municipal de S\u00e3o Paulo<br>Pra\u00e7a Ramos de Azevedo, s\/n\u200a\u2014\u200aRep\u00fablica\u200a\u2014\u200aS\u00e3o Paulo\/SP<\/p>\n\n\n\n<p>Funcionamento:<\/p>\n\n\n\n<ul class=\"wp-block-list\"><li>Sal\u00e3o Dourado\u200a\u2014\u200asegunda, das 12h \u00e0s 15h30. \/ ter\u00e7a a s\u00e1bado, das 12h \u00e0s 22h (entrada at\u00e9 21h). Entrada por ordem de chegada.&nbsp;<\/li><li>Sal\u00e3o dos Arcos (subsolo)\u200a\u2014\u200a3\u00aa a s\u00e1bado, das 17h \u00e0s 22h (entrada at\u00e9 21h).&nbsp;<\/li><li>Lugares reduzidos em raz\u00e3o da pandemia; para almo\u00e7o n\u00e3o \u00e9 necess\u00e1rio fazer reserva; para o bar, reservas pelo link: <a rel=\"noreferrer noopener\" href=\"https:\/\/bardosarcos.reservas.eatiz.app\/\" target=\"_blank\">https:\/\/bardosarcos.reservas.eatiz.app\/<\/a><\/li><\/ul>\n\n\n\n<div class=\"wp-block-image\"><figure class=\"aligncenter\"><img loading=\"lazy\" decoding=\"async\" width=\"1000\" height=\"750\" src=\"https:\/\/quantocustaviajar.com\/blog\/wp-content\/uploads\/2021\/02\/bar-dos-arcos-almo\u00e7o-7.jpg\" alt=\"\" class=\"wp-image-47017\" srcset=\"https:\/\/quantocustaviajar.com\/blog\/wp-content\/uploads\/2021\/02\/bar-dos-arcos-almo\u00e7o-7.jpg 1000w, https:\/\/quantocustaviajar.com\/blog\/wp-content\/uploads\/2021\/02\/bar-dos-arcos-almo\u00e7o-7-300x225.jpg 300w, https:\/\/quantocustaviajar.com\/blog\/wp-content\/uploads\/2021\/02\/bar-dos-arcos-almo\u00e7o-7-768x576.jpg 768w\" sizes=\"auto, (max-width: 1000px) 100vw, 1000px\" \/><figcaption>Foto: Brunella Nunes\/QCV<\/figcaption><\/figure><\/div>\n\n\n\n<p><em>Foto em destaque: Fernanda Tin\u00e9<\/em><\/p>\n\n\n\n<figure class=\"wp-block-embed-wordpress wp-block-embed is-type-wp-embed is-provider-blog-quanto-custa-viajar\"><div class=\"wp-block-embed__wrapper\">\n<blockquote class=\"wp-embedded-content\" data-secret=\"05BOFfSiWR\"><a href=\"https:\/\/quantocustaviajar.com\/blog\/como-apreciar-e-aproveitar-o-centro-de-sao-paulo\/\">Como apreciar e aproveitar o Centro de S\u00e3o Paulo<\/a><\/blockquote><iframe loading=\"lazy\" class=\"wp-embedded-content\" sandbox=\"allow-scripts\" security=\"restricted\" style=\"position: absolute; visibility: hidden;\" title=\"&#8220;Como apreciar e aproveitar o Centro de S\u00e3o Paulo&#8221; &#8212; Blog Quanto Custa Viajar\" src=\"https:\/\/quantocustaviajar.com\/blog\/como-apreciar-e-aproveitar-o-centro-de-sao-paulo\/embed\/#?secret=N6KSCRjCs0#?secret=05BOFfSiWR\" data-secret=\"05BOFfSiWR\" width=\"600\" height=\"338\" frameborder=\"0\" marginwidth=\"0\" marginheight=\"0\" scrolling=\"no\"><\/iframe>\n<\/div><\/figure>\n","protected":false},"excerpt":{"rendered":"<p>A pandemia trouxe imensas dificuldades, mas tamb\u00e9m algumas doses de reinven\u00e7\u00e3o. Com a falta de espet\u00e1culos, o Theatro Municipal de SP resolveu abrir as portas de seu sal\u00e3o hist\u00f3rico para almo\u00e7o, junto ao time do Bar dos Arcos, que ocupa o subsolo. O lugar \u00e9 um col\u00edrio para os olhos, um deleite para o est\u00f4mago [&hellip;]<\/p>\n","protected":false},"author":4,"featured_media":47007,"comment_status":"open","ping_status":"open","sticky":false,"template":"","format":"standard","meta":{"cybocfi_hide_featured_image":"","footnotes":""},"categories":[1435,1182],"tags":[79,89,638,286,68,303],"class_list":["post-47006","post","type-post","status-publish","format-standard","has-post-thumbnail","hentry","category-comes-bebes","category-dica-cool","tag-arquitetura","tag-gastronomia","tag-historico","tag-onde-comer","tag-restaurante","tag-sao-paulo"],"blocksy_meta":[],"yoast_head":"<!-- This site is optimized with the Yoast SEO plugin v26.3 - https:\/\/yoast.com\/wordpress\/plugins\/seo\/ -->\n<title>Theatro Municipal de SP abre as portas para almo\u00e7o em sal\u00e3o hist\u00f3rico - Blog Quanto Custa Viajar<\/title>\n<meta name=\"description\" content=\"Com a falta de espet\u00e1culos, o Theatro Municipal de SP resolveu abrir as portas de seu sal\u00e3o dourado para almo\u00e7o, um deleite para o est\u00f4mago e para os olhos!\" \/>\n<meta name=\"robots\" content=\"index, follow, max-snippet:-1, max-image-preview:large, max-video-preview:-1\" \/>\n<link rel=\"canonical\" href=\"https:\/\/quantocustaviajar.com\/blog\/theatro-municipal-de-sp-almoco-em-salao-historico\/\" \/>\n<meta property=\"og:locale\" content=\"pt_BR\" \/>\n<meta property=\"og:type\" content=\"article\" \/>\n<meta property=\"og:title\" content=\"Theatro Municipal de SP abre as portas para almo\u00e7o em sal\u00e3o hist\u00f3rico - Blog Quanto Custa Viajar\" \/>\n<meta property=\"og:description\" content=\"Com a falta de espet\u00e1culos, o Theatro Municipal de SP resolveu abrir as portas de seu sal\u00e3o dourado para almo\u00e7o, um deleite para o est\u00f4mago e para os olhos!\" \/>\n<meta property=\"og:url\" content=\"https:\/\/quantocustaviajar.com\/blog\/theatro-municipal-de-sp-almoco-em-salao-historico\/\" \/>\n<meta property=\"og:site_name\" content=\"Blog Quanto Custa Viajar\" \/>\n<meta property=\"article:publisher\" content=\"https:\/\/www.facebook.com\/quantocustaviajar\" \/>\n<meta property=\"article:author\" content=\"https:\/\/www.facebook.com\/brunellapfvr\/posts\" \/>\n<meta property=\"article:published_time\" content=\"2021-02-23T17:45:50+00:00\" \/>\n<meta property=\"article:modified_time\" content=\"2021-02-23T17:45:53+00:00\" \/>\n<meta property=\"og:image\" content=\"https:\/\/quantocustaviajar.com\/blog\/wp-content\/uploads\/2021\/02\/theatro-municipal-de-sp-almo\u00e7o-salao-dourado.jpg\" \/>\n\t<meta property=\"og:image:width\" content=\"1440\" \/>\n\t<meta property=\"og:image:height\" content=\"960\" \/>\n\t<meta property=\"og:image:type\" content=\"image\/jpeg\" \/>\n<meta name=\"author\" content=\"Brunella Nunes\" \/>\n<meta name=\"twitter:card\" content=\"summary_large_image\" \/>\n<meta name=\"twitter:label1\" content=\"Escrito por\" \/>\n\t<meta name=\"twitter:data1\" content=\"Brunella Nunes\" \/>\n\t<meta name=\"twitter:label2\" content=\"Est. tempo de leitura\" \/>\n\t<meta name=\"twitter:data2\" content=\"5 minutos\" \/>\n<!-- \/ Yoast SEO plugin. -->","yoast_head_json":{"title":"Theatro Municipal de SP abre as portas para almo\u00e7o em sal\u00e3o hist\u00f3rico - Blog Quanto Custa Viajar","description":"Com a falta de espet\u00e1culos, o Theatro Municipal de SP resolveu abrir as portas de seu sal\u00e3o dourado para almo\u00e7o, um deleite para o est\u00f4mago e para os olhos!","robots":{"index":"index","follow":"follow","max-snippet":"max-snippet:-1","max-image-preview":"max-image-preview:large","max-video-preview":"max-video-preview:-1"},"canonical":"https:\/\/quantocustaviajar.com\/blog\/theatro-municipal-de-sp-almoco-em-salao-historico\/","og_locale":"pt_BR","og_type":"article","og_title":"Theatro Municipal de SP abre as portas para almo\u00e7o em sal\u00e3o hist\u00f3rico - Blog Quanto Custa Viajar","og_description":"Com a falta de espet\u00e1culos, o Theatro Municipal de SP resolveu abrir as portas de seu sal\u00e3o dourado para almo\u00e7o, um deleite para o est\u00f4mago e para os olhos!","og_url":"https:\/\/quantocustaviajar.com\/blog\/theatro-municipal-de-sp-almoco-em-salao-historico\/","og_site_name":"Blog Quanto Custa Viajar","article_publisher":"https:\/\/www.facebook.com\/quantocustaviajar","article_author":"https:\/\/www.facebook.com\/brunellapfvr\/posts","article_published_time":"2021-02-23T17:45:50+00:00","article_modified_time":"2021-02-23T17:45:53+00:00","og_image":[{"width":1440,"height":960,"url":"https:\/\/quantocustaviajar.com\/blog\/wp-content\/uploads\/2021\/02\/theatro-municipal-de-sp-almo\u00e7o-salao-dourado.jpg","type":"image\/jpeg"}],"author":"Brunella Nunes","twitter_card":"summary_large_image","twitter_misc":{"Escrito por":"Brunella Nunes","Est. tempo de leitura":"5 minutos"},"schema":{"@context":"https:\/\/schema.org","@graph":[{"@type":["Article","BlogPosting"],"@id":"https:\/\/quantocustaviajar.com\/blog\/theatro-municipal-de-sp-almoco-em-salao-historico\/#article","isPartOf":{"@id":"https:\/\/quantocustaviajar.com\/blog\/theatro-municipal-de-sp-almoco-em-salao-historico\/"},"author":{"name":"Brunella Nunes","@id":"https:\/\/quantocustaviajar.com\/blog\/#\/schema\/person\/1a6dd3da9d0c0a4be42652b67bea19bb"},"headline":"Theatro Municipal de SP abre as portas para almo\u00e7o em sal\u00e3o hist\u00f3rico","datePublished":"2021-02-23T17:45:50+00:00","dateModified":"2021-02-23T17:45:53+00:00","mainEntityOfPage":{"@id":"https:\/\/quantocustaviajar.com\/blog\/theatro-municipal-de-sp-almoco-em-salao-historico\/"},"wordCount":1034,"commentCount":5,"publisher":{"@id":"https:\/\/quantocustaviajar.com\/blog\/#organization"},"image":{"@id":"https:\/\/quantocustaviajar.com\/blog\/theatro-municipal-de-sp-almoco-em-salao-historico\/#primaryimage"},"thumbnailUrl":"https:\/\/quantocustaviajar.com\/blog\/wp-content\/uploads\/2021\/02\/theatro-municipal-de-sp-almo\u00e7o-salao-dourado.jpg","keywords":["arquitetura","gastronomia","hist\u00f3rico","onde comer","restaurante","S\u00e3o Paulo"],"articleSection":["Comes &amp; Bebes","Dica cool"],"inLanguage":"pt-BR","potentialAction":[{"@type":"CommentAction","name":"Comment","target":["https:\/\/quantocustaviajar.com\/blog\/theatro-municipal-de-sp-almoco-em-salao-historico\/#respond"]}]},{"@type":"WebPage","@id":"https:\/\/quantocustaviajar.com\/blog\/theatro-municipal-de-sp-almoco-em-salao-historico\/","url":"https:\/\/quantocustaviajar.com\/blog\/theatro-municipal-de-sp-almoco-em-salao-historico\/","name":"Theatro Municipal de SP abre as portas para almo\u00e7o em sal\u00e3o hist\u00f3rico - Blog Quanto Custa Viajar","isPartOf":{"@id":"https:\/\/quantocustaviajar.com\/blog\/#website"},"primaryImageOfPage":{"@id":"https:\/\/quantocustaviajar.com\/blog\/theatro-municipal-de-sp-almoco-em-salao-historico\/#primaryimage"},"image":{"@id":"https:\/\/quantocustaviajar.com\/blog\/theatro-municipal-de-sp-almoco-em-salao-historico\/#primaryimage"},"thumbnailUrl":"https:\/\/quantocustaviajar.com\/blog\/wp-content\/uploads\/2021\/02\/theatro-municipal-de-sp-almo\u00e7o-salao-dourado.jpg","datePublished":"2021-02-23T17:45:50+00:00","dateModified":"2021-02-23T17:45:53+00:00","description":"Com a falta de espet\u00e1culos, o Theatro Municipal de SP resolveu abrir as portas de seu sal\u00e3o dourado para almo\u00e7o, um deleite para o est\u00f4mago e para os olhos!","breadcrumb":{"@id":"https:\/\/quantocustaviajar.com\/blog\/theatro-municipal-de-sp-almoco-em-salao-historico\/#breadcrumb"},"inLanguage":"pt-BR","potentialAction":[{"@type":"ReadAction","target":["https:\/\/quantocustaviajar.com\/blog\/theatro-municipal-de-sp-almoco-em-salao-historico\/"]}]},{"@type":"ImageObject","inLanguage":"pt-BR","@id":"https:\/\/quantocustaviajar.com\/blog\/theatro-municipal-de-sp-almoco-em-salao-historico\/#primaryimage","url":"https:\/\/quantocustaviajar.com\/blog\/wp-content\/uploads\/2021\/02\/theatro-municipal-de-sp-almo\u00e7o-salao-dourado.jpg","contentUrl":"https:\/\/quantocustaviajar.com\/blog\/wp-content\/uploads\/2021\/02\/theatro-municipal-de-sp-almo\u00e7o-salao-dourado.jpg","width":1440,"height":960,"caption":"Foto: Fernanda Tin\u00e9\/divulga\u00e7\u00e3o"},{"@type":"BreadcrumbList","@id":"https:\/\/quantocustaviajar.com\/blog\/theatro-municipal-de-sp-almoco-em-salao-historico\/#breadcrumb","itemListElement":[{"@type":"ListItem","position":1,"name":"In\u00edcio","item":"https:\/\/quantocustaviajar.com\/blog\/"},{"@type":"ListItem","position":2,"name":"Theatro Municipal de SP abre as portas para almo\u00e7o em sal\u00e3o hist\u00f3rico"}]},{"@type":"WebSite","@id":"https:\/\/quantocustaviajar.com\/blog\/#website","url":"https:\/\/quantocustaviajar.com\/blog\/","name":"Blog Quanto Custa Viajar","description":"","publisher":{"@id":"https:\/\/quantocustaviajar.com\/blog\/#organization"},"potentialAction":[{"@type":"SearchAction","target":{"@type":"EntryPoint","urlTemplate":"https:\/\/quantocustaviajar.com\/blog\/?s={search_term_string}"},"query-input":{"@type":"PropertyValueSpecification","valueRequired":true,"valueName":"search_term_string"}}],"inLanguage":"pt-BR"},{"@type":"Organization","@id":"https:\/\/quantocustaviajar.com\/blog\/#organization","name":"Quanto Custa Viajar","url":"https:\/\/quantocustaviajar.com\/blog\/","logo":{"@type":"ImageObject","inLanguage":"pt-BR","@id":"https:\/\/quantocustaviajar.com\/blog\/#\/schema\/logo\/image\/","url":"","contentUrl":"","caption":"Quanto Custa Viajar"},"image":{"@id":"https:\/\/quantocustaviajar.com\/blog\/#\/schema\/logo\/image\/"},"sameAs":["https:\/\/www.facebook.com\/quantocustaviajar"]},{"@type":"Person","@id":"https:\/\/quantocustaviajar.com\/blog\/#\/schema\/person\/1a6dd3da9d0c0a4be42652b67bea19bb","name":"Brunella Nunes","image":{"@type":"ImageObject","inLanguage":"pt-BR","@id":"https:\/\/quantocustaviajar.com\/blog\/#\/schema\/person\/image\/","url":"https:\/\/secure.gravatar.com\/avatar\/05b28dfb8a3cc7ee0dba6feefa5677f05be6d7bf4b017728fd38499092f9c282?s=96&d=mm&r=g","contentUrl":"https:\/\/secure.gravatar.com\/avatar\/05b28dfb8a3cc7ee0dba6feefa5677f05be6d7bf4b017728fd38499092f9c282?s=96&d=mm&r=g","caption":"Brunella Nunes"},"description":"Quando n\u00e3o est\u00e1 viajando pelo mundo, est\u00e1 viajando nas ideias.","sameAs":["https:\/\/www.facebook.com\/brunellapfvr\/posts","https:\/\/www.linkedin.com\/in\/brunellanunes\/"],"url":"https:\/\/quantocustaviajar.com\/blog\/author\/equipe\/"}]}},"_links":{"self":[{"href":"https:\/\/quantocustaviajar.com\/blog\/wp-json\/wp\/v2\/posts\/47006","targetHints":{"allow":["GET"]}}],"collection":[{"href":"https:\/\/quantocustaviajar.com\/blog\/wp-json\/wp\/v2\/posts"}],"about":[{"href":"https:\/\/quantocustaviajar.com\/blog\/wp-json\/wp\/v2\/types\/post"}],"author":[{"embeddable":true,"href":"https:\/\/quantocustaviajar.com\/blog\/wp-json\/wp\/v2\/users\/4"}],"replies":[{"embeddable":true,"href":"https:\/\/quantocustaviajar.com\/blog\/wp-json\/wp\/v2\/comments?post=47006"}],"version-history":[{"count":2,"href":"https:\/\/quantocustaviajar.com\/blog\/wp-json\/wp\/v2\/posts\/47006\/revisions"}],"predecessor-version":[{"id":47022,"href":"https:\/\/quantocustaviajar.com\/blog\/wp-json\/wp\/v2\/posts\/47006\/revisions\/47022"}],"wp:featuredmedia":[{"embeddable":true,"href":"https:\/\/quantocustaviajar.com\/blog\/wp-json\/wp\/v2\/media\/47007"}],"wp:attachment":[{"href":"https:\/\/quantocustaviajar.com\/blog\/wp-json\/wp\/v2\/media?parent=47006"}],"wp:term":[{"taxonomy":"category","embeddable":true,"href":"https:\/\/quantocustaviajar.com\/blog\/wp-json\/wp\/v2\/categories?post=47006"},{"taxonomy":"post_tag","embeddable":true,"href":"https:\/\/quantocustaviajar.com\/blog\/wp-json\/wp\/v2\/tags?post=47006"}],"curies":[{"name":"wp","href":"https:\/\/api.w.org\/{rel}","templated":true}]}}