{"id":46835,"date":"2021-02-05T19:06:39","date_gmt":"2021-02-05T19:06:39","guid":{"rendered":"https:\/\/quantocustaviajar.com\/blog\/?p=46835"},"modified":"2021-02-05T19:08:04","modified_gmt":"2021-02-05T19:08:04","slug":"chale-em-sao-francisco-xavier-sp","status":"publish","type":"post","link":"https:\/\/quantocustaviajar.com\/blog\/chale-em-sao-francisco-xavier-sp\/","title":{"rendered":"Chal\u00e9 em S\u00e3o Francisco Xavier-SP para tirar uns dias de folga"},"content":{"rendered":"\n<p>O ano mal come\u00e7ou e a gente j\u00e1 est\u00e1 querendo uma folga n\u00e9? Essa quarentena que parece nunca acabar realmente est\u00e1 dif\u00edcil e nada melhor do que tirar alguns dias de folga na natureza. <strong><a rel=\"noreferrer noopener\" aria-label=\" (abre numa nova aba)\" href=\"https:\/\/www.airbnb.com.br\/rooms\/23419357?check_in=2021-04-09&amp;check_out=2021-04-12&amp;federated_search_id=9175abd2-3d5b-4a94-8a6e-98d10b4cecdd&amp;source_impression_id=p3_1612468532_j%2F8YAh97ps5%2Bz973&amp;guests=1&amp;adults=1\" target=\"_blank\">Esse chal\u00e9 em S\u00e3o Francisco Xavier<\/a><\/strong> <a href=\"https:\/\/quantocustaviajar.com\/blog\/lugares-para-conhecer-no-interior-de-sao-paulo\/\" target=\"_blank\" rel=\"noreferrer noopener\" aria-label=\"no interior de S\u00e3o Paulo (abre numa nova aba)\">no interior de S\u00e3o Paulo<\/a> pode ser uma \u00f3tima pedida para relaxar&#8230;<\/p>\n\n\n\n<div class=\"wp-block-image\"><figure class=\"aligncenter\"><img loading=\"lazy\" decoding=\"async\" width=\"768\" height=\"1024\" src=\"https:\/\/quantocustaviajar.com\/blog\/wp-content\/uploads\/2021\/02\/chale-sao-francisco-xavier-768x1024.jpg\" alt=\"\" class=\"wp-image-46842\" srcset=\"https:\/\/quantocustaviajar.com\/blog\/wp-content\/uploads\/2021\/02\/chale-sao-francisco-xavier-768x1024.jpg 768w, https:\/\/quantocustaviajar.com\/blog\/wp-content\/uploads\/2021\/02\/chale-sao-francisco-xavier-225x300.jpg 225w, https:\/\/quantocustaviajar.com\/blog\/wp-content\/uploads\/2021\/02\/chale-sao-francisco-xavier.jpg 1440w\" sizes=\"auto, (max-width: 768px) 100vw, 768px\" \/><\/figure><\/div>\n\n\n\n<p>S\u00f3 de sentar na varanda do chal\u00e9 e ver essa vista maravilhosa da Serra da Mantiqueira j\u00e1 vale a pena. E vale mais a pena ainda quando voc\u00ea fica sabendo do valor da di\u00e1ria: <strong>apenas R$150!<\/strong> (pre\u00e7o consultado em fevereiro\/21)<\/p>\n\n\n\n<p>O chal\u00e9 fica a 6 km do centro de S\u00e3o Francisco Xavier e de brinde ainda tem uma <strong>cachoeira privativa<\/strong>. Comporta at\u00e9 3 pessoas e fica pr\u00f3ximo ao centro da cidade. Tem tamb\u00e9m uma pequena cozinha para que os h\u00f3spedes possam fazer as refei\u00e7\u00f5es no local.<\/p>\n\n\n\n<div class=\"wp-block-image\"><figure class=\"aligncenter\"><img loading=\"lazy\" decoding=\"async\" width=\"1024\" height=\"576\" src=\"https:\/\/quantocustaviajar.com\/blog\/wp-content\/uploads\/2021\/02\/sao-francisco-xavier-cabana-1024x576.jpg\" alt=\"\" class=\"wp-image-46844\" srcset=\"https:\/\/quantocustaviajar.com\/blog\/wp-content\/uploads\/2021\/02\/sao-francisco-xavier-cabana-1024x576.jpg 1024w, https:\/\/quantocustaviajar.com\/blog\/wp-content\/uploads\/2021\/02\/sao-francisco-xavier-cabana-300x169.jpg 300w, https:\/\/quantocustaviajar.com\/blog\/wp-content\/uploads\/2021\/02\/sao-francisco-xavier-cabana-768x432.jpg 768w, https:\/\/quantocustaviajar.com\/blog\/wp-content\/uploads\/2021\/02\/sao-francisco-xavier-cabana.jpg 1440w\" sizes=\"auto, (max-width: 1024px) 100vw, 1024px\" \/><\/figure><\/div>\n\n\n\n<p>Uma \u00f3tima pedida para dar uma escapada, tomar um vinho com uma vista linda e ainda curtir um belo banho de cachoeira n\u00e3o?! <a href=\"https:\/\/www.airbnb.com.br\/rooms\/23419357?check_in=2021-04-09&amp;check_out=2021-04-12&amp;s=67&amp;unique_share_id=9216e3a8-c83f-4a1d-a580-fe603e646f4f\" target=\"_blank\" rel=\"noreferrer noopener\" aria-label=\" (abre numa nova aba)\">Fa\u00e7a a sua reserva<\/a><\/p>\n\n\n\n<p><strong>Anote as regras:<\/strong> Este espa\u00e7o n\u00e3o \u00e9 adequado para crian\u00e7as (de 2 a 12 anos) e o anfitri\u00e3o n\u00e3o permite animais de estima\u00e7\u00e3o nem festas. <\/p>\n\n\n\n<figure class=\"wp-block-image\"><img loading=\"lazy\" decoding=\"async\" width=\"1024\" height=\"768\" src=\"https:\/\/quantocustaviajar.com\/blog\/wp-content\/uploads\/2021\/02\/sao-francisco-xavier-chale-1024x768.jpg\" alt=\"\" class=\"wp-image-46845\" srcset=\"https:\/\/quantocustaviajar.com\/blog\/wp-content\/uploads\/2021\/02\/sao-francisco-xavier-chale-1024x768.jpg 1024w, https:\/\/quantocustaviajar.com\/blog\/wp-content\/uploads\/2021\/02\/sao-francisco-xavier-chale-300x225.jpg 300w, https:\/\/quantocustaviajar.com\/blog\/wp-content\/uploads\/2021\/02\/sao-francisco-xavier-chale-768x576.jpg 768w, https:\/\/quantocustaviajar.com\/blog\/wp-content\/uploads\/2021\/02\/sao-francisco-xavier-chale.jpg 1440w\" sizes=\"auto, (max-width: 1024px) 100vw, 1024px\" \/><\/figure>\n\n\n\n<p><strong><a href=\"https:\/\/www.rentcars.com\/?requestorid=52\" target=\"_blank\" rel=\"noreferrer noopener\" aria-label=\"V\u00e1 de carro! Alugue aqui o seu online. (abre numa nova aba)\">V\u00e1 de carro! Alugue aqui o seu online.<\/a><\/strong><\/p>\n","protected":false},"excerpt":{"rendered":"<p>O ano mal come\u00e7ou e a gente j\u00e1 est\u00e1 querendo uma folga n\u00e9? Essa quarentena que parece nunca acabar realmente est\u00e1 dif\u00edcil e nada melhor do que tirar alguns dias de folga na natureza. Esse chal\u00e9 em S\u00e3o Francisco Xavier no interior de S\u00e3o Paulo pode ser uma \u00f3tima pedida para relaxar&#8230; S\u00f3 de sentar [&hellip;]<\/p>\n","protected":false},"author":9,"featured_media":46841,"comment_status":"open","ping_status":"open","sticky":false,"template":"","format":"standard","meta":{"cybocfi_hide_featured_image":"","footnotes":""},"categories":[1437,1434,1149],"tags":[533,421,74,2529,111],"class_list":["post-46835","post","type-post","status-publish","format-standard","has-post-thumbnail","hentry","category-ao-ar-livre","category-descubra-brasil","category-hospedagem-dos-sonhos","tag-cabana","tag-cachoeira","tag-hospedagem","tag-interiordesaopaulo","tag-natureza"],"blocksy_meta":[],"yoast_head":"<!-- This site is optimized with the Yoast SEO plugin v26.3 - https:\/\/yoast.com\/wordpress\/plugins\/seo\/ -->\n<title>Chal\u00e9 em S\u00e3o Francisco Xavier-SP para tirar uns dias de folga - Blog Quanto Custa Viajar<\/title>\n<meta name=\"robots\" content=\"index, follow, max-snippet:-1, max-image-preview:large, max-video-preview:-1\" \/>\n<link rel=\"canonical\" href=\"https:\/\/quantocustaviajar.com\/blog\/chale-em-sao-francisco-xavier-sp\/\" \/>\n<meta property=\"og:locale\" content=\"pt_BR\" \/>\n<meta property=\"og:type\" content=\"article\" \/>\n<meta property=\"og:title\" content=\"Chal\u00e9 em S\u00e3o Francisco Xavier-SP para tirar uns dias de folga - Blog Quanto Custa Viajar\" \/>\n<meta property=\"og:description\" content=\"O ano mal come\u00e7ou e a gente j\u00e1 est\u00e1 querendo uma folga n\u00e9? Essa quarentena que parece nunca acabar realmente est\u00e1 dif\u00edcil e nada melhor do que tirar alguns dias de folga na natureza. Esse chal\u00e9 em S\u00e3o Francisco Xavier no interior de S\u00e3o Paulo pode ser uma \u00f3tima pedida para relaxar&#8230; S\u00f3 de sentar [&hellip;]\" \/>\n<meta property=\"og:url\" content=\"https:\/\/quantocustaviajar.com\/blog\/chale-em-sao-francisco-xavier-sp\/\" \/>\n<meta property=\"og:site_name\" content=\"Blog Quanto Custa Viajar\" \/>\n<meta property=\"article:publisher\" content=\"https:\/\/www.facebook.com\/quantocustaviajar\" \/>\n<meta property=\"article:published_time\" content=\"2021-02-05T19:06:39+00:00\" \/>\n<meta property=\"article:modified_time\" content=\"2021-02-05T19:08:04+00:00\" \/>\n<meta property=\"og:image\" content=\"https:\/\/quantocustaviajar.com\/blog\/wp-content\/uploads\/2021\/02\/cabana-xavier.jpg\" \/>\n\t<meta property=\"og:image:width\" content=\"1440\" \/>\n\t<meta property=\"og:image:height\" content=\"1037\" \/>\n\t<meta property=\"og:image:type\" content=\"image\/jpeg\" \/>\n<meta name=\"author\" content=\"Reda\u00e7\u00e3o QCV\" \/>\n<meta name=\"twitter:card\" content=\"summary_large_image\" \/>\n<meta name=\"twitter:label1\" content=\"Escrito por\" \/>\n\t<meta name=\"twitter:data1\" content=\"Reda\u00e7\u00e3o QCV\" \/>\n\t<meta name=\"twitter:label2\" content=\"Est. tempo de leitura\" \/>\n\t<meta name=\"twitter:data2\" content=\"1 minuto\" \/>\n<!-- \/ Yoast SEO plugin. -->","yoast_head_json":{"title":"Chal\u00e9 em S\u00e3o Francisco Xavier-SP para tirar uns dias de folga - Blog Quanto Custa Viajar","robots":{"index":"index","follow":"follow","max-snippet":"max-snippet:-1","max-image-preview":"max-image-preview:large","max-video-preview":"max-video-preview:-1"},"canonical":"https:\/\/quantocustaviajar.com\/blog\/chale-em-sao-francisco-xavier-sp\/","og_locale":"pt_BR","og_type":"article","og_title":"Chal\u00e9 em S\u00e3o Francisco Xavier-SP para tirar uns dias de folga - Blog Quanto Custa Viajar","og_description":"O ano mal come\u00e7ou e a gente j\u00e1 est\u00e1 querendo uma folga n\u00e9? Essa quarentena que parece nunca acabar realmente est\u00e1 dif\u00edcil e nada melhor do que tirar alguns dias de folga na natureza. Esse chal\u00e9 em S\u00e3o Francisco Xavier no interior de S\u00e3o Paulo pode ser uma \u00f3tima pedida para relaxar&#8230; S\u00f3 de sentar [&hellip;]","og_url":"https:\/\/quantocustaviajar.com\/blog\/chale-em-sao-francisco-xavier-sp\/","og_site_name":"Blog Quanto Custa Viajar","article_publisher":"https:\/\/www.facebook.com\/quantocustaviajar","article_published_time":"2021-02-05T19:06:39+00:00","article_modified_time":"2021-02-05T19:08:04+00:00","og_image":[{"width":1440,"height":1037,"url":"https:\/\/quantocustaviajar.com\/blog\/wp-content\/uploads\/2021\/02\/cabana-xavier.jpg","type":"image\/jpeg"}],"author":"Reda\u00e7\u00e3o QCV","twitter_card":"summary_large_image","twitter_misc":{"Escrito por":"Reda\u00e7\u00e3o QCV","Est. tempo de leitura":"1 minuto"},"schema":{"@context":"https:\/\/schema.org","@graph":[{"@type":["Article","BlogPosting"],"@id":"https:\/\/quantocustaviajar.com\/blog\/chale-em-sao-francisco-xavier-sp\/#article","isPartOf":{"@id":"https:\/\/quantocustaviajar.com\/blog\/chale-em-sao-francisco-xavier-sp\/"},"author":{"name":"Reda\u00e7\u00e3o QCV","@id":"https:\/\/quantocustaviajar.com\/blog\/#\/schema\/person\/b99c49b1272e2104cc84a5a84122b751"},"headline":"Chal\u00e9 em S\u00e3o Francisco Xavier-SP para tirar uns dias de folga","datePublished":"2021-02-05T19:06:39+00:00","dateModified":"2021-02-05T19:08:04+00:00","mainEntityOfPage":{"@id":"https:\/\/quantocustaviajar.com\/blog\/chale-em-sao-francisco-xavier-sp\/"},"wordCount":224,"commentCount":1,"publisher":{"@id":"https:\/\/quantocustaviajar.com\/blog\/#organization"},"image":{"@id":"https:\/\/quantocustaviajar.com\/blog\/chale-em-sao-francisco-xavier-sp\/#primaryimage"},"thumbnailUrl":"https:\/\/quantocustaviajar.com\/blog\/wp-content\/uploads\/2021\/02\/cabana-xavier.jpg","keywords":["cabana","cachoeira","hospedagem","interiordesaopaulo","natureza"],"articleSection":["Ao Ar Livre","Descubra o Brasil","Hospedagem dos Sonhos"],"inLanguage":"pt-BR","potentialAction":[{"@type":"CommentAction","name":"Comment","target":["https:\/\/quantocustaviajar.com\/blog\/chale-em-sao-francisco-xavier-sp\/#respond"]}]},{"@type":"WebPage","@id":"https:\/\/quantocustaviajar.com\/blog\/chale-em-sao-francisco-xavier-sp\/","url":"https:\/\/quantocustaviajar.com\/blog\/chale-em-sao-francisco-xavier-sp\/","name":"Chal\u00e9 em S\u00e3o Francisco Xavier-SP para tirar uns dias de folga - Blog Quanto Custa Viajar","isPartOf":{"@id":"https:\/\/quantocustaviajar.com\/blog\/#website"},"primaryImageOfPage":{"@id":"https:\/\/quantocustaviajar.com\/blog\/chale-em-sao-francisco-xavier-sp\/#primaryimage"},"image":{"@id":"https:\/\/quantocustaviajar.com\/blog\/chale-em-sao-francisco-xavier-sp\/#primaryimage"},"thumbnailUrl":"https:\/\/quantocustaviajar.com\/blog\/wp-content\/uploads\/2021\/02\/cabana-xavier.jpg","datePublished":"2021-02-05T19:06:39+00:00","dateModified":"2021-02-05T19:08:04+00:00","breadcrumb":{"@id":"https:\/\/quantocustaviajar.com\/blog\/chale-em-sao-francisco-xavier-sp\/#breadcrumb"},"inLanguage":"pt-BR","potentialAction":[{"@type":"ReadAction","target":["https:\/\/quantocustaviajar.com\/blog\/chale-em-sao-francisco-xavier-sp\/"]}]},{"@type":"ImageObject","inLanguage":"pt-BR","@id":"https:\/\/quantocustaviajar.com\/blog\/chale-em-sao-francisco-xavier-sp\/#primaryimage","url":"https:\/\/quantocustaviajar.com\/blog\/wp-content\/uploads\/2021\/02\/cabana-xavier.jpg","contentUrl":"https:\/\/quantocustaviajar.com\/blog\/wp-content\/uploads\/2021\/02\/cabana-xavier.jpg","width":1440,"height":1037},{"@type":"BreadcrumbList","@id":"https:\/\/quantocustaviajar.com\/blog\/chale-em-sao-francisco-xavier-sp\/#breadcrumb","itemListElement":[{"@type":"ListItem","position":1,"name":"In\u00edcio","item":"https:\/\/quantocustaviajar.com\/blog\/"},{"@type":"ListItem","position":2,"name":"Chal\u00e9 em S\u00e3o Francisco Xavier-SP para tirar uns dias de folga"}]},{"@type":"WebSite","@id":"https:\/\/quantocustaviajar.com\/blog\/#website","url":"https:\/\/quantocustaviajar.com\/blog\/","name":"Blog Quanto Custa Viajar","description":"","publisher":{"@id":"https:\/\/quantocustaviajar.com\/blog\/#organization"},"potentialAction":[{"@type":"SearchAction","target":{"@type":"EntryPoint","urlTemplate":"https:\/\/quantocustaviajar.com\/blog\/?s={search_term_string}"},"query-input":{"@type":"PropertyValueSpecification","valueRequired":true,"valueName":"search_term_string"}}],"inLanguage":"pt-BR"},{"@type":"Organization","@id":"https:\/\/quantocustaviajar.com\/blog\/#organization","name":"Quanto Custa Viajar","url":"https:\/\/quantocustaviajar.com\/blog\/","logo":{"@type":"ImageObject","inLanguage":"pt-BR","@id":"https:\/\/quantocustaviajar.com\/blog\/#\/schema\/logo\/image\/","url":"","contentUrl":"","caption":"Quanto Custa Viajar"},"image":{"@id":"https:\/\/quantocustaviajar.com\/blog\/#\/schema\/logo\/image\/"},"sameAs":["https:\/\/www.facebook.com\/quantocustaviajar"]},{"@type":"Person","@id":"https:\/\/quantocustaviajar.com\/blog\/#\/schema\/person\/b99c49b1272e2104cc84a5a84122b751","name":"Reda\u00e7\u00e3o QCV","image":{"@type":"ImageObject","inLanguage":"pt-BR","@id":"https:\/\/quantocustaviajar.com\/blog\/#\/schema\/person\/image\/","url":"https:\/\/secure.gravatar.com\/avatar\/e7b47d7a4633897697c32e0a2a1ad3abd9ca142ad0d9b7897241c6115247561b?s=96&d=mm&r=g","contentUrl":"https:\/\/secure.gravatar.com\/avatar\/e7b47d7a4633897697c32e0a2a1ad3abd9ca142ad0d9b7897241c6115247561b?s=96&d=mm&r=g","caption":"Reda\u00e7\u00e3o QCV"},"url":"https:\/\/quantocustaviajar.com\/blog\/author\/redacao\/"}]}},"_links":{"self":[{"href":"https:\/\/quantocustaviajar.com\/blog\/wp-json\/wp\/v2\/posts\/46835","targetHints":{"allow":["GET"]}}],"collection":[{"href":"https:\/\/quantocustaviajar.com\/blog\/wp-json\/wp\/v2\/posts"}],"about":[{"href":"https:\/\/quantocustaviajar.com\/blog\/wp-json\/wp\/v2\/types\/post"}],"author":[{"embeddable":true,"href":"https:\/\/quantocustaviajar.com\/blog\/wp-json\/wp\/v2\/users\/9"}],"replies":[{"embeddable":true,"href":"https:\/\/quantocustaviajar.com\/blog\/wp-json\/wp\/v2\/comments?post=46835"}],"version-history":[{"count":6,"href":"https:\/\/quantocustaviajar.com\/blog\/wp-json\/wp\/v2\/posts\/46835\/revisions"}],"predecessor-version":[{"id":46862,"href":"https:\/\/quantocustaviajar.com\/blog\/wp-json\/wp\/v2\/posts\/46835\/revisions\/46862"}],"wp:featuredmedia":[{"embeddable":true,"href":"https:\/\/quantocustaviajar.com\/blog\/wp-json\/wp\/v2\/media\/46841"}],"wp:attachment":[{"href":"https:\/\/quantocustaviajar.com\/blog\/wp-json\/wp\/v2\/media?parent=46835"}],"wp:term":[{"taxonomy":"category","embeddable":true,"href":"https:\/\/quantocustaviajar.com\/blog\/wp-json\/wp\/v2\/categories?post=46835"},{"taxonomy":"post_tag","embeddable":true,"href":"https:\/\/quantocustaviajar.com\/blog\/wp-json\/wp\/v2\/tags?post=46835"}],"curies":[{"name":"wp","href":"https:\/\/api.w.org\/{rel}","templated":true}]}}