{"id":46815,"date":"2021-02-03T21:03:21","date_gmt":"2021-02-03T21:03:21","guid":{"rendered":"https:\/\/quantocustaviajar.com\/blog\/?p=46815"},"modified":"2021-02-26T21:02:48","modified_gmt":"2021-02-26T21:02:48","slug":"ilha-da-madeira-lanca-incentivo-para-nomades-digitais","status":"publish","type":"post","link":"https:\/\/quantocustaviajar.com\/blog\/ilha-da-madeira-lanca-incentivo-para-nomades-digitais\/","title":{"rendered":"Em Portugal, Ilha da Madeira lan\u00e7a incentivo para n\u00f4mades digitais"},"content":{"rendered":"\n<p>Eleita seis vezes como o \u201cMelhor Destino Insular do Mundo\u201d, a<strong> Ilha da Madeira<\/strong> \u00e9 um tesouro escondido em meio ao Oceano Atl\u00e2ntico, com paisagens magn\u00edficas de fal\u00e9sias, clima quente, piscinas naturais e montanhas. A partir de fevereiro de 2021, <strong>esse pode ser o novo escrit\u00f3rio daqueles que trabalham remotamente. <\/strong><\/p>\n\n\n\n<p>Com as condi\u00e7\u00f5es perfeitas para receber este p\u00fablico, o destino lan\u00e7a o projeto <strong>N\u00f4mades Digitais Madeira<\/strong>, fruto de uma parceria entre o governo local, a startup Madeira e Gon\u00e7alo Hall,&nbsp;<em>digital nomadism consultant<\/em>, com um espa\u00e7o totalmente equipado para receber esses&nbsp;<em>digital nomads.<\/em><\/p>\n\n\n\n<figure class=\"wp-block-image\"><img loading=\"lazy\" decoding=\"async\" width=\"800\" height=\"533\" src=\"https:\/\/quantocustaviajar.com\/blog\/wp-content\/uploads\/2019\/03\/Monte-Palace-Gardens-Credito-GregSnell-Turismo-da-Madeira.jpg\" alt=\"\" class=\"wp-image-32683\" srcset=\"https:\/\/quantocustaviajar.com\/blog\/wp-content\/uploads\/2019\/03\/Monte-Palace-Gardens-Credito-GregSnell-Turismo-da-Madeira.jpg 800w, https:\/\/quantocustaviajar.com\/blog\/wp-content\/uploads\/2019\/03\/Monte-Palace-Gardens-Credito-GregSnell-Turismo-da-Madeira-300x200.jpg 300w, https:\/\/quantocustaviajar.com\/blog\/wp-content\/uploads\/2019\/03\/Monte-Palace-Gardens-Credito-GregSnell-Turismo-da-Madeira-768x512.jpg 768w\" sizes=\"auto, (max-width: 800px) 100vw, 800px\" \/><figcaption>Foto: GregSnell\/Turismo da Madeira<\/figcaption><\/figure>\n\n\n\n<p>O destino escolhido para abrigar o espa\u00e7o de trabalho \u00e9 a pequena <strong>Ponta do Sol<\/strong>, que conta com 8 mil habitantes. Um para\u00edso na costa sul da Madeira, a cidade tem esse nome por ser considerado o local mais quente da ilha e \u00e9 perfeito para aproveitar um belo dia de sol com tranquilidade, rodeado por natureza e com f\u00e1cil acesso ao mar. <\/p>\n\n\n\n<p>\u00c9 aqui que est\u00e1 situado o planalto de Paul da Serra, que proporciona uma fascinante vista do munic\u00edpio. As edifica\u00e7\u00f5es hist\u00f3ricas do local tamb\u00e9m s\u00e3o imperd\u00edveis, como o Palacete do Lugar de Baixo, a Ponte do Caminho Real, a Igreja de Nossa Senhora da Luz, a matriz da cidade, e o Centro Cultural John de Passos, que ir\u00e1 abrigar o ambiente de trabalho criado para o projeto.<\/p>\n\n\n\n<figure class=\"wp-block-image\"><img loading=\"lazy\" decoding=\"async\" width=\"1024\" height=\"683\" src=\"https:\/\/quantocustaviajar.com\/blog\/wp-content\/uploads\/2021\/02\/Cais-da-Ponta-do-Sol1\u00a9Francisco-Correia-2-1024x683.png\" alt=\"\" class=\"wp-image-46817\" srcset=\"https:\/\/quantocustaviajar.com\/blog\/wp-content\/uploads\/2021\/02\/Cais-da-Ponta-do-Sol1\u00a9Francisco-Correia-2-1024x683.png 1024w, https:\/\/quantocustaviajar.com\/blog\/wp-content\/uploads\/2021\/02\/Cais-da-Ponta-do-Sol1\u00a9Francisco-Correia-2-300x200.png 300w, https:\/\/quantocustaviajar.com\/blog\/wp-content\/uploads\/2021\/02\/Cais-da-Ponta-do-Sol1\u00a9Francisco-Correia-2-768x512.png 768w, https:\/\/quantocustaviajar.com\/blog\/wp-content\/uploads\/2021\/02\/Cais-da-Ponta-do-Sol1\u00a9Francisco-Correia-2.png 1280w\" sizes=\"auto, (max-width: 1024px) 100vw, 1024px\" \/><figcaption>Foto: Francisco Correia<\/figcaption><\/figure>\n\n\n\n<p><strong>Esse espa\u00e7o estar\u00e1 aberto das 8h \u00e0s 22h e ser\u00e1 dedicado exclusivamente aos n\u00f4mades digitais, com diversas facilidades gratuitas, como mesas e cadeiras, internet ilimitada<\/strong> e eventos de socializa\u00e7\u00e3o entre os participantes. <\/p>\n\n\n\n<p><strong>A hospedagem n\u00e3o est\u00e1 inclu\u00edda<\/strong> (<a href=\"https:\/\/www.booking.com\/index.pt-br.html?aid=2161834\" target=\"_blank\" rel=\"noreferrer noopener\" aria-label=\" (abre numa nova aba)\">consulte aqui op\u00e7\u00f5es e valore<\/a>s), mas os interessados ter\u00e3o uma consultoria gratuita e excelentes oportunidades por meio de parcerias do projeto com empresas madeirenses, como imobili\u00e1rias, hot\u00e9is e locadoras de carros. Inclusive, <strong>o governo local ir\u00e1 facilitar alojamentos \u00e0queles que desejam viver em outras comunidades da Madeira, como a capital Funchal, Machico, Calheta<\/strong>, entre outras.<\/p>\n\n\n\n<p><strong>A primeira fase do projeto de incentivo segue at\u00e9 o dia 30 de junho<\/strong> e a previs\u00e3o \u00e9 que tenha um impacto muito positivo na economia local com o aumento do consumo no com\u00e9rcio, diante da redu\u00e7\u00e3o do n\u00famero de turistas devido \u00e0 pandemia. <\/p>\n\n\n\n<p>A ideia \u00e9 receber <strong>at\u00e9 100 pessoas<\/strong> que se comprometam em permanecer por, no m\u00ednimo, um m\u00eas na Ilha da Madeira. Para se inscrever no projeto ou obter mais informa\u00e7\u00f5es, acesse o site oficial da iniciativa <a href=\"https:\/\/digitalnomads.startupmadeira.eu\/\" target=\"_blank\" rel=\"noreferrer noopener\" aria-label=\" (abre numa nova aba)\">clicando aqui<\/a>. <\/p>\n\n\n\n<figure class=\"wp-block-image\"><img loading=\"lazy\" decoding=\"async\" width=\"1024\" height=\"683\" src=\"https:\/\/quantocustaviajar.com\/blog\/wp-content\/uploads\/2021\/02\/Cais-da-Ponta-do-Sol1\u00a9Francisco-Correia-2-1-1024x683.jpg\" alt=\"\" class=\"wp-image-46818\" srcset=\"https:\/\/quantocustaviajar.com\/blog\/wp-content\/uploads\/2021\/02\/Cais-da-Ponta-do-Sol1\u00a9Francisco-Correia-2-1-1024x683.jpg 1024w, https:\/\/quantocustaviajar.com\/blog\/wp-content\/uploads\/2021\/02\/Cais-da-Ponta-do-Sol1\u00a9Francisco-Correia-2-1-300x200.jpg 300w, https:\/\/quantocustaviajar.com\/blog\/wp-content\/uploads\/2021\/02\/Cais-da-Ponta-do-Sol1\u00a9Francisco-Correia-2-1-768x512.jpg 768w, https:\/\/quantocustaviajar.com\/blog\/wp-content\/uploads\/2021\/02\/Cais-da-Ponta-do-Sol1\u00a9Francisco-Correia-2-1.jpg 1280w\" sizes=\"auto, (max-width: 1024px) 100vw, 1024px\" \/><figcaption>Foto: Francisco Correia<\/figcaption><\/figure>\n\n\n\n<h2 class=\"wp-block-heading\"><strong>Sobre a Ilha da Madeira<\/strong><\/h2>\n\n\n\n<p>Considerado o melhor destino insular do mundo, a Ilha da Madeira \u00e9 um pequeno para\u00edso portugu\u00eas situado em meio \u00e0 imensid\u00e3o do Oceano Atl\u00e2ntico. <\/p>\n\n\n\n<p>De origem vulc\u00e2nica, sua localiza\u00e7\u00e3o privilegiada proporciona clima ameno e mar com temperatura agrad\u00e1vel o ano inteiro, al\u00e9m de impressionantes cen\u00e1rios de montanhas, vales e penhascos, todos cobertos pela exuberante vegeta\u00e7\u00e3o Laurissilva, nomeada Patrim\u00f4nio Natural da Humanidade pela Unesco. <\/p>\n\n\n\n<p>O arquip\u00e9lago \u00e9 formado por um conjunto de ilhas, sendo as principais e \u00fanicas habitadas Madeira e Porto Santo. H\u00e1 excelentes op\u00e7\u00f5es em balne\u00e1rios, monumentos hist\u00f3ricos e \u00f3timos hot\u00e9is e restaurantes, onde se pode provar a deliciosa gastronomia e os premiados vinhos madeirenses.\u00a0Saiba mais sobre a ilha no site <a href=\"http:\/\/www.madeiraallyear.com\" target=\"_blank\" rel=\"noreferrer noopener\" aria-label=\" (abre numa nova aba)\">Madeira All Year<\/a>.<\/p>\n\n\n\n<figure class=\"wp-block-embed-wordpress wp-block-embed is-type-wp-embed is-provider-blog-quanto-custa-viajar\"><div class=\"wp-block-embed__wrapper\">\n<blockquote class=\"wp-embedded-content\" data-secret=\"Etu6mkf9pG\"><a href=\"https:\/\/quantocustaviajar.com\/blog\/ilha-da-madeira-em-portugal\/\">Ilha da Madeira em Portugal: 7 motivos para visitar esse incr\u00edvel destino insular<\/a><\/blockquote><iframe loading=\"lazy\" class=\"wp-embedded-content\" sandbox=\"allow-scripts\" security=\"restricted\" style=\"position: absolute; visibility: hidden;\" title=\"&#8220;Ilha da Madeira em Portugal: 7 motivos para visitar esse incr\u00edvel destino insular&#8221; &#8212; Blog Quanto Custa Viajar\" src=\"https:\/\/quantocustaviajar.com\/blog\/ilha-da-madeira-em-portugal\/embed\/#?secret=TRWk3xkXlL#?secret=Etu6mkf9pG\" data-secret=\"Etu6mkf9pG\" width=\"600\" height=\"338\" frameborder=\"0\" marginwidth=\"0\" marginheight=\"0\" scrolling=\"no\"><\/iframe>\n<\/div><\/figure>\n","protected":false},"excerpt":{"rendered":"<p>Eleita seis vezes como o \u201cMelhor Destino Insular do Mundo\u201d, a Ilha da Madeira \u00e9 um tesouro escondido em meio ao Oceano Atl\u00e2ntico, com paisagens magn\u00edficas de fal\u00e9sias, clima quente, piscinas naturais e montanhas. A partir de fevereiro de 2021, esse pode ser o novo escrit\u00f3rio daqueles que trabalham remotamente. Com as condi\u00e7\u00f5es perfeitas para [&hellip;]<\/p>\n","protected":false},"author":9,"featured_media":46819,"comment_status":"open","ping_status":"open","sticky":false,"template":"","format":"standard","meta":{"cybocfi_hide_featured_image":"","footnotes":""},"categories":[1182],"tags":[2802,2801,653],"class_list":["post-46815","post","type-post","status-publish","format-standard","has-post-thumbnail","hentry","category-dica-cool","tag-ilhadamadeira","tag-nomadesdigitais","tag-portugal"],"blocksy_meta":[],"yoast_head":"<!-- This site is optimized with the Yoast SEO plugin v26.3 - https:\/\/yoast.com\/wordpress\/plugins\/seo\/ -->\n<title>Em Portugal, Ilha da Madeira lan\u00e7a incentivo para n\u00f4mades digitais - Blog Quanto Custa Viajar<\/title>\n<meta name=\"robots\" content=\"index, follow, max-snippet:-1, max-image-preview:large, max-video-preview:-1\" \/>\n<link rel=\"canonical\" href=\"https:\/\/quantocustaviajar.com\/blog\/ilha-da-madeira-lanca-incentivo-para-nomades-digitais\/\" \/>\n<meta property=\"og:locale\" content=\"pt_BR\" \/>\n<meta property=\"og:type\" content=\"article\" \/>\n<meta property=\"og:title\" content=\"Em Portugal, Ilha da Madeira lan\u00e7a incentivo para n\u00f4mades digitais - Blog Quanto Custa Viajar\" \/>\n<meta property=\"og:description\" content=\"Eleita seis vezes como o \u201cMelhor Destino Insular do Mundo\u201d, a Ilha da Madeira \u00e9 um tesouro escondido em meio ao Oceano Atl\u00e2ntico, com paisagens magn\u00edficas de fal\u00e9sias, clima quente, piscinas naturais e montanhas. A partir de fevereiro de 2021, esse pode ser o novo escrit\u00f3rio daqueles que trabalham remotamente. Com as condi\u00e7\u00f5es perfeitas para [&hellip;]\" \/>\n<meta property=\"og:url\" content=\"https:\/\/quantocustaviajar.com\/blog\/ilha-da-madeira-lanca-incentivo-para-nomades-digitais\/\" \/>\n<meta property=\"og:site_name\" content=\"Blog Quanto Custa Viajar\" \/>\n<meta property=\"article:publisher\" content=\"https:\/\/www.facebook.com\/quantocustaviajar\" \/>\n<meta property=\"article:published_time\" content=\"2021-02-03T21:03:21+00:00\" \/>\n<meta property=\"article:modified_time\" content=\"2021-02-26T21:02:48+00:00\" \/>\n<meta property=\"og:image\" content=\"https:\/\/quantocustaviajar.com\/blog\/wp-content\/uploads\/2021\/02\/ilha-da-madeira-moradia-e-trabalho.jpg\" \/>\n\t<meta property=\"og:image:width\" content=\"1500\" \/>\n\t<meta property=\"og:image:height\" content=\"800\" \/>\n\t<meta property=\"og:image:type\" content=\"image\/jpeg\" \/>\n<meta name=\"author\" content=\"Reda\u00e7\u00e3o QCV\" \/>\n<meta name=\"twitter:card\" content=\"summary_large_image\" \/>\n<meta name=\"twitter:label1\" content=\"Escrito por\" \/>\n\t<meta name=\"twitter:data1\" content=\"Reda\u00e7\u00e3o QCV\" \/>\n\t<meta name=\"twitter:label2\" content=\"Est. tempo de leitura\" \/>\n\t<meta name=\"twitter:data2\" content=\"3 minutos\" \/>\n<!-- \/ Yoast SEO plugin. -->","yoast_head_json":{"title":"Em Portugal, Ilha da Madeira lan\u00e7a incentivo para n\u00f4mades digitais - Blog Quanto Custa Viajar","robots":{"index":"index","follow":"follow","max-snippet":"max-snippet:-1","max-image-preview":"max-image-preview:large","max-video-preview":"max-video-preview:-1"},"canonical":"https:\/\/quantocustaviajar.com\/blog\/ilha-da-madeira-lanca-incentivo-para-nomades-digitais\/","og_locale":"pt_BR","og_type":"article","og_title":"Em Portugal, Ilha da Madeira lan\u00e7a incentivo para n\u00f4mades digitais - Blog Quanto Custa Viajar","og_description":"Eleita seis vezes como o \u201cMelhor Destino Insular do Mundo\u201d, a Ilha da Madeira \u00e9 um tesouro escondido em meio ao Oceano Atl\u00e2ntico, com paisagens magn\u00edficas de fal\u00e9sias, clima quente, piscinas naturais e montanhas. A partir de fevereiro de 2021, esse pode ser o novo escrit\u00f3rio daqueles que trabalham remotamente. Com as condi\u00e7\u00f5es perfeitas para [&hellip;]","og_url":"https:\/\/quantocustaviajar.com\/blog\/ilha-da-madeira-lanca-incentivo-para-nomades-digitais\/","og_site_name":"Blog Quanto Custa Viajar","article_publisher":"https:\/\/www.facebook.com\/quantocustaviajar","article_published_time":"2021-02-03T21:03:21+00:00","article_modified_time":"2021-02-26T21:02:48+00:00","og_image":[{"width":1500,"height":800,"url":"https:\/\/quantocustaviajar.com\/blog\/wp-content\/uploads\/2021\/02\/ilha-da-madeira-moradia-e-trabalho.jpg","type":"image\/jpeg"}],"author":"Reda\u00e7\u00e3o QCV","twitter_card":"summary_large_image","twitter_misc":{"Escrito por":"Reda\u00e7\u00e3o QCV","Est. tempo de leitura":"3 minutos"},"schema":{"@context":"https:\/\/schema.org","@graph":[{"@type":["Article","BlogPosting"],"@id":"https:\/\/quantocustaviajar.com\/blog\/ilha-da-madeira-lanca-incentivo-para-nomades-digitais\/#article","isPartOf":{"@id":"https:\/\/quantocustaviajar.com\/blog\/ilha-da-madeira-lanca-incentivo-para-nomades-digitais\/"},"author":{"name":"Reda\u00e7\u00e3o QCV","@id":"https:\/\/quantocustaviajar.com\/blog\/#\/schema\/person\/b99c49b1272e2104cc84a5a84122b751"},"headline":"Em Portugal, Ilha da Madeira lan\u00e7a incentivo para n\u00f4mades digitais","datePublished":"2021-02-03T21:03:21+00:00","dateModified":"2021-02-26T21:02:48+00:00","mainEntityOfPage":{"@id":"https:\/\/quantocustaviajar.com\/blog\/ilha-da-madeira-lanca-incentivo-para-nomades-digitais\/"},"wordCount":585,"commentCount":0,"publisher":{"@id":"https:\/\/quantocustaviajar.com\/blog\/#organization"},"image":{"@id":"https:\/\/quantocustaviajar.com\/blog\/ilha-da-madeira-lanca-incentivo-para-nomades-digitais\/#primaryimage"},"thumbnailUrl":"https:\/\/quantocustaviajar.com\/blog\/wp-content\/uploads\/2021\/02\/ilha-da-madeira-moradia-e-trabalho.jpg","keywords":["ilhadamadeira","nomadesdigitais","Portugal"],"articleSection":["Dica cool"],"inLanguage":"pt-BR","potentialAction":[{"@type":"CommentAction","name":"Comment","target":["https:\/\/quantocustaviajar.com\/blog\/ilha-da-madeira-lanca-incentivo-para-nomades-digitais\/#respond"]}]},{"@type":"WebPage","@id":"https:\/\/quantocustaviajar.com\/blog\/ilha-da-madeira-lanca-incentivo-para-nomades-digitais\/","url":"https:\/\/quantocustaviajar.com\/blog\/ilha-da-madeira-lanca-incentivo-para-nomades-digitais\/","name":"Em Portugal, Ilha da Madeira lan\u00e7a incentivo para n\u00f4mades digitais - Blog Quanto Custa Viajar","isPartOf":{"@id":"https:\/\/quantocustaviajar.com\/blog\/#website"},"primaryImageOfPage":{"@id":"https:\/\/quantocustaviajar.com\/blog\/ilha-da-madeira-lanca-incentivo-para-nomades-digitais\/#primaryimage"},"image":{"@id":"https:\/\/quantocustaviajar.com\/blog\/ilha-da-madeira-lanca-incentivo-para-nomades-digitais\/#primaryimage"},"thumbnailUrl":"https:\/\/quantocustaviajar.com\/blog\/wp-content\/uploads\/2021\/02\/ilha-da-madeira-moradia-e-trabalho.jpg","datePublished":"2021-02-03T21:03:21+00:00","dateModified":"2021-02-26T21:02:48+00:00","breadcrumb":{"@id":"https:\/\/quantocustaviajar.com\/blog\/ilha-da-madeira-lanca-incentivo-para-nomades-digitais\/#breadcrumb"},"inLanguage":"pt-BR","potentialAction":[{"@type":"ReadAction","target":["https:\/\/quantocustaviajar.com\/blog\/ilha-da-madeira-lanca-incentivo-para-nomades-digitais\/"]}]},{"@type":"ImageObject","inLanguage":"pt-BR","@id":"https:\/\/quantocustaviajar.com\/blog\/ilha-da-madeira-lanca-incentivo-para-nomades-digitais\/#primaryimage","url":"https:\/\/quantocustaviajar.com\/blog\/wp-content\/uploads\/2021\/02\/ilha-da-madeira-moradia-e-trabalho.jpg","contentUrl":"https:\/\/quantocustaviajar.com\/blog\/wp-content\/uploads\/2021\/02\/ilha-da-madeira-moradia-e-trabalho.jpg","width":1500,"height":800},{"@type":"BreadcrumbList","@id":"https:\/\/quantocustaviajar.com\/blog\/ilha-da-madeira-lanca-incentivo-para-nomades-digitais\/#breadcrumb","itemListElement":[{"@type":"ListItem","position":1,"name":"In\u00edcio","item":"https:\/\/quantocustaviajar.com\/blog\/"},{"@type":"ListItem","position":2,"name":"Em Portugal, Ilha da Madeira lan\u00e7a incentivo para n\u00f4mades digitais"}]},{"@type":"WebSite","@id":"https:\/\/quantocustaviajar.com\/blog\/#website","url":"https:\/\/quantocustaviajar.com\/blog\/","name":"Blog Quanto Custa Viajar","description":"","publisher":{"@id":"https:\/\/quantocustaviajar.com\/blog\/#organization"},"potentialAction":[{"@type":"SearchAction","target":{"@type":"EntryPoint","urlTemplate":"https:\/\/quantocustaviajar.com\/blog\/?s={search_term_string}"},"query-input":{"@type":"PropertyValueSpecification","valueRequired":true,"valueName":"search_term_string"}}],"inLanguage":"pt-BR"},{"@type":"Organization","@id":"https:\/\/quantocustaviajar.com\/blog\/#organization","name":"Quanto Custa Viajar","url":"https:\/\/quantocustaviajar.com\/blog\/","logo":{"@type":"ImageObject","inLanguage":"pt-BR","@id":"https:\/\/quantocustaviajar.com\/blog\/#\/schema\/logo\/image\/","url":"","contentUrl":"","caption":"Quanto Custa Viajar"},"image":{"@id":"https:\/\/quantocustaviajar.com\/blog\/#\/schema\/logo\/image\/"},"sameAs":["https:\/\/www.facebook.com\/quantocustaviajar"]},{"@type":"Person","@id":"https:\/\/quantocustaviajar.com\/blog\/#\/schema\/person\/b99c49b1272e2104cc84a5a84122b751","name":"Reda\u00e7\u00e3o QCV","image":{"@type":"ImageObject","inLanguage":"pt-BR","@id":"https:\/\/quantocustaviajar.com\/blog\/#\/schema\/person\/image\/","url":"https:\/\/secure.gravatar.com\/avatar\/e7b47d7a4633897697c32e0a2a1ad3abd9ca142ad0d9b7897241c6115247561b?s=96&d=mm&r=g","contentUrl":"https:\/\/secure.gravatar.com\/avatar\/e7b47d7a4633897697c32e0a2a1ad3abd9ca142ad0d9b7897241c6115247561b?s=96&d=mm&r=g","caption":"Reda\u00e7\u00e3o QCV"},"url":"https:\/\/quantocustaviajar.com\/blog\/author\/redacao\/"}]}},"_links":{"self":[{"href":"https:\/\/quantocustaviajar.com\/blog\/wp-json\/wp\/v2\/posts\/46815","targetHints":{"allow":["GET"]}}],"collection":[{"href":"https:\/\/quantocustaviajar.com\/blog\/wp-json\/wp\/v2\/posts"}],"about":[{"href":"https:\/\/quantocustaviajar.com\/blog\/wp-json\/wp\/v2\/types\/post"}],"author":[{"embeddable":true,"href":"https:\/\/quantocustaviajar.com\/blog\/wp-json\/wp\/v2\/users\/9"}],"replies":[{"embeddable":true,"href":"https:\/\/quantocustaviajar.com\/blog\/wp-json\/wp\/v2\/comments?post=46815"}],"version-history":[{"count":2,"href":"https:\/\/quantocustaviajar.com\/blog\/wp-json\/wp\/v2\/posts\/46815\/revisions"}],"predecessor-version":[{"id":47078,"href":"https:\/\/quantocustaviajar.com\/blog\/wp-json\/wp\/v2\/posts\/46815\/revisions\/47078"}],"wp:featuredmedia":[{"embeddable":true,"href":"https:\/\/quantocustaviajar.com\/blog\/wp-json\/wp\/v2\/media\/46819"}],"wp:attachment":[{"href":"https:\/\/quantocustaviajar.com\/blog\/wp-json\/wp\/v2\/media?parent=46815"}],"wp:term":[{"taxonomy":"category","embeddable":true,"href":"https:\/\/quantocustaviajar.com\/blog\/wp-json\/wp\/v2\/categories?post=46815"},{"taxonomy":"post_tag","embeddable":true,"href":"https:\/\/quantocustaviajar.com\/blog\/wp-json\/wp\/v2\/tags?post=46815"}],"curies":[{"name":"wp","href":"https:\/\/api.w.org\/{rel}","templated":true}]}}