{"id":46595,"date":"2021-01-12T00:34:06","date_gmt":"2021-01-12T00:34:06","guid":{"rendered":"https:\/\/quantocustaviajar.com\/blog\/?p=46595"},"modified":"2021-01-26T19:10:53","modified_gmt":"2021-01-26T19:10:53","slug":"gramado-tera-primeiro-hotel-tematico-de-chocolate-do-pais","status":"publish","type":"post","link":"https:\/\/quantocustaviajar.com\/blog\/gramado-tera-primeiro-hotel-tematico-de-chocolate-do-pais\/","title":{"rendered":"Gramado ter\u00e1 primeiro hotel tem\u00e1tico de chocolate do pa\u00eds"},"content":{"rendered":"\n<p>Sabia que os choc\u00f3latras chegam a viajar s\u00f3 para provar o doce em outras regi\u00f5es? Em breve, poder\u00e3o conhecer o <strong>primeiro hotel tem\u00e1tico de chocolate do Brasil<\/strong>: o <strong>Chocotel<\/strong>, em <strong><a href=\"https:\/\/quantocustaviajar.com\/brasil\/gramado\" target=\"_blank\" rel=\"noreferrer noopener\" aria-label=\" (abre numa nova aba)\">Gramado<\/a><\/strong>, destino j\u00e1 conhecido pela produ\u00e7\u00e3o de uma das grandes paix\u00f5es gastron\u00f4micas do mundo.<\/p>\n\n\n\n<p>A empreitada in\u00e9dita \u00e9 dos empres\u00e1rios hoteleiros Daniela Gallassini e Daniel Rodolfo, propriet\u00e1rios da Rede Alameda, instalada na cidade tur\u00edstica da Serra Ga\u00facha. Depois de viajarem em busca de inspira\u00e7\u00e3o, voltaram ao pa\u00eds com a novidade que ter\u00e1 o chocolate como tema central, por\u00e9m indo muito al\u00e9m do apelo figurativo.<\/p>\n\n\n\n<p>O empreendimento ser\u00e1 lan\u00e7ado com decora\u00e7\u00e3o tem\u00e1tica, incluindo detalhes que fazem alus\u00e3o \u00e0 chocolate derretendo pelas paredes e m\u00f3veis do quarto e outras \u00e1reas do hotel. No lobby o p\u00fablico ter\u00e1 acesso a uma <strong>cascata de chocolate com 5 metros de altura<\/strong>. <\/p>\n\n\n\n<div class=\"wp-block-image\"><figure class=\"aligncenter\"><img decoding=\"async\" src=\"https:\/\/quantocustaviajar.com\/blog\/wp-content\/uploads\/2021\/01\/gramado-hotel-tematico-chocolate-1024x576.jpg\" alt=\"\" class=\"wp-image-46548\"\/><\/figure><\/div>\n\n\n\n<div class=\"wp-block-image\"><figure class=\"aligncenter\"><img loading=\"lazy\" decoding=\"async\" width=\"900\" height=\"500\" src=\"https:\/\/quantocustaviajar.com\/blog\/wp-content\/uploads\/2021\/01\/chocotel-gramado.jpeg\" alt=\"\" class=\"wp-image-46541\" srcset=\"https:\/\/quantocustaviajar.com\/blog\/wp-content\/uploads\/2021\/01\/chocotel-gramado.jpeg 900w, https:\/\/quantocustaviajar.com\/blog\/wp-content\/uploads\/2021\/01\/chocotel-gramado-300x167.jpeg 300w, https:\/\/quantocustaviajar.com\/blog\/wp-content\/uploads\/2021\/01\/chocotel-gramado-768x427.jpeg 768w\" sizes=\"auto, (max-width: 900px) 100vw, 900px\" \/><\/figure><\/div>\n\n\n\n<p>O projeto assinado por Max Tavares e \u00c2ngela Meira inclui o Chateau do Chocolate, espa\u00e7o que ter\u00e1 a assinatura do mestre chocolatier Ricardo Campos; a Vila do Cacaueiro (onde hoje est\u00e1 localizado o Hotel Alameda Paradiso) que vai abrigar as estalagens tem\u00e1ticas para fam\u00edlias; e a nova unidade hoteleira que est\u00e1 em constru\u00e7\u00e3o ao lado, e que ter\u00e1 aproximadamente 5 mil metros quadrados, contemplando 76 su\u00edtes com a bandeira Chocotel.<\/p>\n\n\n\n<p>Um dos destaques no hotel tem\u00e1tico de chocolate, por\u00e9m, est\u00e1 no<strong> espa\u00e7o boutique<\/strong> que ir\u00e1 revelar o processo conhecido como <em>bean to bar<\/em>, mostrando a fabrica\u00e7\u00e3o de uma barra de chocolate desde o cacau, fruto abundante na Bahia e Amaz\u00f4nia, at\u00e9 o produto final. <\/p>\n\n\n\n<p>Entre as experi\u00eancias multissensoriais haver\u00e1 tamb\u00e9m o <strong>Choco Spa<\/strong>. \u201cSer\u00e1 uma \u00e1rea de relaxamento e conex\u00e3o com os benef\u00edcios que o cacau pode proporcionar a sa\u00fade\u201d, explica Daniel.<\/p>\n\n\n\n<p>A previs\u00e3o de inaugura\u00e7\u00e3o da primeira etapa \u00e9 para <strong><a rel=\"noreferrer noopener\" aria-label=\"P\u00e1scoa de 2021 (abre numa nova aba)\" href=\"https:\/\/quantocustaviajar.com\/blog\/pascoa-no-rio-grande-do-sul\/\" target=\"_blank\">P\u00e1scoa de 2021<\/a><\/strong>, com lan\u00e7amento da <strong>menor confeitaria do mundo<\/strong>. J\u00e1 o projeto completo, ser\u00e1 entregue no final de 2022, consolidando ainda mais <a href=\"https:\/\/quantocustaviajar.com\/brasil\/gramado\" target=\"_blank\" rel=\"noreferrer noopener\" aria-label=\" (abre numa nova aba)\">Gramado<\/a> ao t\u00edtulo  conquistado em vota\u00e7\u00e3o no Senado, de capital nacional do chocolate artesanal.<\/p>\n\n\n\n<div class=\"wp-block-image\"><figure class=\"aligncenter\"><img loading=\"lazy\" decoding=\"async\" width=\"1024\" height=\"1024\" src=\"https:\/\/quantocustaviajar.com\/blog\/wp-content\/uploads\/2021\/01\/chocotel3-1-1024x1024.jpg\" alt=\"\" class=\"wp-image-46626\" srcset=\"https:\/\/quantocustaviajar.com\/blog\/wp-content\/uploads\/2021\/01\/chocotel3-1-1024x1024.jpg 1024w, https:\/\/quantocustaviajar.com\/blog\/wp-content\/uploads\/2021\/01\/chocotel3-1-150x150.jpg 150w, https:\/\/quantocustaviajar.com\/blog\/wp-content\/uploads\/2021\/01\/chocotel3-1-300x300.jpg 300w, https:\/\/quantocustaviajar.com\/blog\/wp-content\/uploads\/2021\/01\/chocotel3-1-768x768.jpg 768w, https:\/\/quantocustaviajar.com\/blog\/wp-content\/uploads\/2021\/01\/chocotel3-1.jpg 1080w\" sizes=\"auto, (max-width: 1024px) 100vw, 1024px\" \/><figcaption>Foto: divulga\u00e7\u00e3o\n<\/figcaption><\/figure><\/div>\n\n\n\n<div class=\"wp-block-image\"><figure class=\"aligncenter\"><img loading=\"lazy\" decoding=\"async\" width=\"1024\" height=\"576\" src=\"https:\/\/quantocustaviajar.com\/blog\/wp-content\/uploads\/2021\/01\/chocotel2-1024x576.jpg\" alt=\"\" class=\"wp-image-46539\" srcset=\"https:\/\/quantocustaviajar.com\/blog\/wp-content\/uploads\/2021\/01\/chocotel2-1024x576.jpg 1024w, https:\/\/quantocustaviajar.com\/blog\/wp-content\/uploads\/2021\/01\/chocotel2-300x169.jpg 300w, https:\/\/quantocustaviajar.com\/blog\/wp-content\/uploads\/2021\/01\/chocotel2-768x432.jpg 768w, https:\/\/quantocustaviajar.com\/blog\/wp-content\/uploads\/2021\/01\/chocotel2.jpg 1266w\" sizes=\"auto, (max-width: 1024px) 100vw, 1024px\" \/><\/figure><\/div>\n\n\n\n<div class=\"wp-block-image\"><figure class=\"aligncenter\"><img loading=\"lazy\" decoding=\"async\" width=\"1024\" height=\"1024\" src=\"https:\/\/quantocustaviajar.com\/blog\/wp-content\/uploads\/2021\/01\/chocotel-1024x1024.jpg\" alt=\"\" class=\"wp-image-46540\" srcset=\"https:\/\/quantocustaviajar.com\/blog\/wp-content\/uploads\/2021\/01\/chocotel-1024x1024.jpg 1024w, https:\/\/quantocustaviajar.com\/blog\/wp-content\/uploads\/2021\/01\/chocotel-150x150.jpg 150w, https:\/\/quantocustaviajar.com\/blog\/wp-content\/uploads\/2021\/01\/chocotel-300x300.jpg 300w, https:\/\/quantocustaviajar.com\/blog\/wp-content\/uploads\/2021\/01\/chocotel-768x768.jpg 768w, https:\/\/quantocustaviajar.com\/blog\/wp-content\/uploads\/2021\/01\/chocotel.jpg 1080w\" sizes=\"auto, (max-width: 1024px) 100vw, 1024px\" \/><\/figure><\/div>\n\n\n\n<figure class=\"wp-block-embed-youtube wp-block-embed is-type-video is-provider-youtube wp-embed-aspect-16-9 wp-has-aspect-ratio\"><div class=\"wp-block-embed__wrapper\">\n<iframe loading=\"lazy\" title=\"Chocotel Gramado - O primeiro hotel tem\u00e1tico do chocolate do Brasil\" width=\"1290\" height=\"726\" src=\"https:\/\/www.youtube.com\/embed\/fMp4L-aIGXk?feature=oembed\" frameborder=\"0\" allow=\"accelerometer; autoplay; clipboard-write; encrypted-media; gyroscope; picture-in-picture; web-share\" referrerpolicy=\"strict-origin-when-cross-origin\" allowfullscreen><\/iframe>\n<\/div><\/figure>\n\n\n\n<h2 class=\"wp-block-heading\">A fama de Gramado<\/h2>\n\n\n\n<p>A charmosa cidade ga\u00facha tem um hist\u00f3rico com chocolate. Recapitulando um pouquinho essa trajet\u00f3ria, tudo come\u00e7ou a cerca de 40 anos atr\u00e1s, quando o empreendedor Jayme Prawer, filho de imigrantes poloneses, foi para Bariloche, na <a href=\"https:\/\/quantocustaviajar.com\/blog\/lugares-imperdiveis-para-conhecer-na-argentina\/\">Argentina<\/a>, e l\u00e1 descobriu sua paix\u00e3o por produtos derivados do cacau.<\/p>\n\n\n\n<p>De volta \u00e0 Gramado em 1975, ele deu in\u00edcio \u00e0 sua pr\u00f3pria fabrica\u00e7\u00e3o artesanal e outras come\u00e7aram a se proliferar, atraindo turistas do Brasil todo. N\u00e3o por acaso o feriado da P\u00e1scoa se tornou um dos principais da regi\u00e3o, deixando as ruas decoradas, as lojas com prateleiras cheias de novidades, as f\u00e1bricas abertas \u00e0 visita\u00e7\u00e3o e museus dedicados \u00e0 hist\u00f3ria do cacau.<\/p>\n\n\n\n<p>Aqui no blog j\u00e1 mostramos o parque tem\u00e1tico <a href=\"https:\/\/quantocustaviajar.com\/blog\/mundo-de-chocolate-lugano-em-gramado\/\" target=\"_blank\" rel=\"noreferrer noopener\" aria-label=\" (abre numa nova aba)\">Mundo do Chocolate<\/a>, com esculturas de chocolate, o \u00fanico do tipo na Am\u00e9rica Latina. Tamb\u00e9m falamos um pouquinho sobre o <a rel=\"noreferrer noopener\" aria-label=\"Reino do Chocolate (abre numa nova aba)\" href=\"https:\/\/quantocustaviajar.com\/blog\/atracoes-imperdiveis-em-gramado-para-curtir-em-familia\/\" target=\"_blank\">Reino do Chocolate<\/a>, um castelinho com v\u00e1rios atrativos relacionado ao doce.<\/p>\n\n\n\n<p>Na cidade vizinha, Canela, o p\u00fablico pode visitar ainda uma <a rel=\"noreferrer noopener\" aria-label=\"pista de patina\u00e7\u00e3o feita de chocolate (abre numa nova aba)\" href=\"https:\/\/quantocustaviajar.com\/blog\/pista-de-patinacao-no-chocolate-em-canela\/\" target=\"_blank\">pista de patina\u00e7\u00e3o feita de chocolate<\/a>! A atra\u00e7\u00e3o fica dentro de um grande complexo dedicado ao produto, contando com op\u00e7\u00f5es recreativas para a crian\u00e7ada. \u00c9 l\u00e1 que fica uma famosa cascata com 200 kg de chocolate. <\/p>\n\n\n\n<div class=\"wp-block-image\"><figure class=\"aligncenter\"><img loading=\"lazy\" decoding=\"async\" width=\"1024\" height=\"768\" src=\"https:\/\/quantocustaviajar.com\/blog\/wp-content\/uploads\/2020\/02\/mundo-de-chocolate-gramado-5-1024x768.jpg\" alt=\"mundo de chocolate lugano gramado\" class=\"wp-image-42372\" srcset=\"https:\/\/quantocustaviajar.com\/blog\/wp-content\/uploads\/2020\/02\/mundo-de-chocolate-gramado-5-1024x768.jpg 1024w, https:\/\/quantocustaviajar.com\/blog\/wp-content\/uploads\/2020\/02\/mundo-de-chocolate-gramado-5-300x225.jpg 300w, https:\/\/quantocustaviajar.com\/blog\/wp-content\/uploads\/2020\/02\/mundo-de-chocolate-gramado-5-768x576.jpg 768w, https:\/\/quantocustaviajar.com\/blog\/wp-content\/uploads\/2020\/02\/mundo-de-chocolate-gramado-5.jpg 1280w\" sizes=\"auto, (max-width: 1024px) 100vw, 1024px\" \/><figcaption>Esculturas de chocolate &#8211; Foto: <a href=\"https:\/\/www.instagram.com\/andressaxavier\/\" rel=\"noopener\">Andressa Xavier Pellanda<\/a><\/figcaption><\/figure><\/div>\n\n\n\n<p>Alow pessoal do hotel: quando ficar pronto, pode nos convidar ok?! :P<\/p>\n\n\n\n<h3 class=\"wp-block-heading\"><strong><a href=\"http:\/\/quantocustaviajar.com\/brasil\/gramado\/onde-ficar\" target=\"_blank\" rel=\"noreferrer noopener\" aria-label=\" (abre numa nova aba)\">Preparados para essa viagem, choc\u00f3latras? Ent\u00e3o pesquise aqui a sua hospedagem!<\/a><\/strong><\/h3>\n\n\n\n<figure class=\"wp-block-embed-wordpress wp-block-embed is-type-wp-embed is-provider-blog-quanto-custa-viajar\"><div class=\"wp-block-embed__wrapper\">\nhttps:\/\/quantocustaviajar.com\/blog\/6-cidades-para-comer-chocolate-no-brasil\/\n<\/div><\/figure>\n","protected":false},"excerpt":{"rendered":"<p>Sabia que os choc\u00f3latras chegam a viajar s\u00f3 para provar o doce em outras regi\u00f5es? Em breve, poder\u00e3o conhecer o primeiro hotel tem\u00e1tico de chocolate do Brasil: o Chocotel, em Gramado, destino j\u00e1 conhecido pela produ\u00e7\u00e3o de uma das grandes paix\u00f5es gastron\u00f4micas do mundo. A empreitada in\u00e9dita \u00e9 dos empres\u00e1rios hoteleiros Daniela Gallassini e Daniel [&hellip;]<\/p>\n","protected":false},"author":4,"featured_media":46541,"comment_status":"open","ping_status":"open","sticky":false,"template":"","format":"standard","meta":{"cybocfi_hide_featured_image":"","footnotes":""},"categories":[1182],"tags":[694,215,94,2339,216,664],"class_list":["post-46595","post","type-post","status-publish","format-standard","has-post-thumbnail","hentry","category-dica-cool","tag-chocolate","tag-gramado","tag-hotel-tematico","tag-hotel-transparente","tag-rio-grande-do-sul","tag-spa"],"blocksy_meta":[],"yoast_head":"<!-- This site is optimized with the Yoast SEO plugin v26.3 - https:\/\/yoast.com\/wordpress\/plugins\/seo\/ -->\n<title>Gramado ter\u00e1 primeiro hotel tem\u00e1tico de chocolate do pa\u00eds - Blog Quanto Custa Viajar<\/title>\n<meta name=\"description\" content=\"Em breve, os choc\u00f3latras poder\u00e3o conhecer o primeiro hotel tem\u00e1tico de chocolate do Brasil: o Chocotel, em Gramado, que \u00e9 a capital do chocolate!\" \/>\n<meta name=\"robots\" content=\"index, follow, max-snippet:-1, max-image-preview:large, max-video-preview:-1\" \/>\n<link rel=\"canonical\" href=\"https:\/\/quantocustaviajar.com\/blog\/gramado-tera-primeiro-hotel-tematico-de-chocolate-do-pais\/\" \/>\n<meta property=\"og:locale\" content=\"pt_BR\" \/>\n<meta property=\"og:type\" content=\"article\" \/>\n<meta property=\"og:title\" content=\"Gramado ter\u00e1 primeiro hotel tem\u00e1tico de chocolate do pa\u00eds - Blog Quanto Custa Viajar\" \/>\n<meta property=\"og:description\" content=\"Em breve, os choc\u00f3latras poder\u00e3o conhecer o primeiro hotel tem\u00e1tico de chocolate do Brasil: o Chocotel, em Gramado, que \u00e9 a capital do chocolate!\" \/>\n<meta property=\"og:url\" content=\"https:\/\/quantocustaviajar.com\/blog\/gramado-tera-primeiro-hotel-tematico-de-chocolate-do-pais\/\" \/>\n<meta property=\"og:site_name\" content=\"Blog Quanto Custa Viajar\" \/>\n<meta property=\"article:publisher\" content=\"https:\/\/www.facebook.com\/quantocustaviajar\" \/>\n<meta property=\"article:author\" content=\"https:\/\/www.facebook.com\/brunellapfvr\/posts\" \/>\n<meta property=\"article:published_time\" content=\"2021-01-12T00:34:06+00:00\" \/>\n<meta property=\"article:modified_time\" content=\"2021-01-26T19:10:53+00:00\" \/>\n<meta property=\"og:image\" content=\"https:\/\/quantocustaviajar.com\/blog\/wp-content\/uploads\/2021\/01\/chocotel-gramado.jpeg\" \/>\n\t<meta property=\"og:image:width\" content=\"900\" \/>\n\t<meta property=\"og:image:height\" content=\"500\" \/>\n\t<meta property=\"og:image:type\" content=\"image\/jpeg\" \/>\n<meta name=\"author\" content=\"Brunella Nunes\" \/>\n<meta name=\"twitter:card\" content=\"summary_large_image\" \/>\n<meta name=\"twitter:label1\" content=\"Escrito por\" \/>\n\t<meta name=\"twitter:data1\" content=\"Brunella Nunes\" \/>\n\t<meta name=\"twitter:label2\" content=\"Est. tempo de leitura\" \/>\n\t<meta name=\"twitter:data2\" content=\"3 minutos\" \/>\n<!-- \/ Yoast SEO plugin. -->","yoast_head_json":{"title":"Gramado ter\u00e1 primeiro hotel tem\u00e1tico de chocolate do pa\u00eds - Blog Quanto Custa Viajar","description":"Em breve, os choc\u00f3latras poder\u00e3o conhecer o primeiro hotel tem\u00e1tico de chocolate do Brasil: o Chocotel, em Gramado, que \u00e9 a capital do chocolate!","robots":{"index":"index","follow":"follow","max-snippet":"max-snippet:-1","max-image-preview":"max-image-preview:large","max-video-preview":"max-video-preview:-1"},"canonical":"https:\/\/quantocustaviajar.com\/blog\/gramado-tera-primeiro-hotel-tematico-de-chocolate-do-pais\/","og_locale":"pt_BR","og_type":"article","og_title":"Gramado ter\u00e1 primeiro hotel tem\u00e1tico de chocolate do pa\u00eds - Blog Quanto Custa Viajar","og_description":"Em breve, os choc\u00f3latras poder\u00e3o conhecer o primeiro hotel tem\u00e1tico de chocolate do Brasil: o Chocotel, em Gramado, que \u00e9 a capital do chocolate!","og_url":"https:\/\/quantocustaviajar.com\/blog\/gramado-tera-primeiro-hotel-tematico-de-chocolate-do-pais\/","og_site_name":"Blog Quanto Custa Viajar","article_publisher":"https:\/\/www.facebook.com\/quantocustaviajar","article_author":"https:\/\/www.facebook.com\/brunellapfvr\/posts","article_published_time":"2021-01-12T00:34:06+00:00","article_modified_time":"2021-01-26T19:10:53+00:00","og_image":[{"width":900,"height":500,"url":"https:\/\/quantocustaviajar.com\/blog\/wp-content\/uploads\/2021\/01\/chocotel-gramado.jpeg","type":"image\/jpeg"}],"author":"Brunella Nunes","twitter_card":"summary_large_image","twitter_misc":{"Escrito por":"Brunella Nunes","Est. tempo de leitura":"3 minutos"},"schema":{"@context":"https:\/\/schema.org","@graph":[{"@type":["Article","BlogPosting"],"@id":"https:\/\/quantocustaviajar.com\/blog\/gramado-tera-primeiro-hotel-tematico-de-chocolate-do-pais\/#article","isPartOf":{"@id":"https:\/\/quantocustaviajar.com\/blog\/gramado-tera-primeiro-hotel-tematico-de-chocolate-do-pais\/"},"author":{"name":"Brunella Nunes","@id":"https:\/\/quantocustaviajar.com\/blog\/#\/schema\/person\/1a6dd3da9d0c0a4be42652b67bea19bb"},"headline":"Gramado ter\u00e1 primeiro hotel tem\u00e1tico de chocolate do pa\u00eds","datePublished":"2021-01-12T00:34:06+00:00","dateModified":"2021-01-26T19:10:53+00:00","mainEntityOfPage":{"@id":"https:\/\/quantocustaviajar.com\/blog\/gramado-tera-primeiro-hotel-tematico-de-chocolate-do-pais\/"},"wordCount":630,"commentCount":2,"publisher":{"@id":"https:\/\/quantocustaviajar.com\/blog\/#organization"},"image":{"@id":"https:\/\/quantocustaviajar.com\/blog\/gramado-tera-primeiro-hotel-tematico-de-chocolate-do-pais\/#primaryimage"},"thumbnailUrl":"https:\/\/quantocustaviajar.com\/blog\/wp-content\/uploads\/2021\/01\/chocotel-gramado.jpeg","keywords":["chocolate","Gramado","hotel tem\u00e1tico","hotel transparente","Rio Grande do Sul","spa"],"articleSection":["Dica cool"],"inLanguage":"pt-BR","potentialAction":[{"@type":"CommentAction","name":"Comment","target":["https:\/\/quantocustaviajar.com\/blog\/gramado-tera-primeiro-hotel-tematico-de-chocolate-do-pais\/#respond"]}]},{"@type":"WebPage","@id":"https:\/\/quantocustaviajar.com\/blog\/gramado-tera-primeiro-hotel-tematico-de-chocolate-do-pais\/","url":"https:\/\/quantocustaviajar.com\/blog\/gramado-tera-primeiro-hotel-tematico-de-chocolate-do-pais\/","name":"Gramado ter\u00e1 primeiro hotel tem\u00e1tico de chocolate do pa\u00eds - Blog Quanto Custa Viajar","isPartOf":{"@id":"https:\/\/quantocustaviajar.com\/blog\/#website"},"primaryImageOfPage":{"@id":"https:\/\/quantocustaviajar.com\/blog\/gramado-tera-primeiro-hotel-tematico-de-chocolate-do-pais\/#primaryimage"},"image":{"@id":"https:\/\/quantocustaviajar.com\/blog\/gramado-tera-primeiro-hotel-tematico-de-chocolate-do-pais\/#primaryimage"},"thumbnailUrl":"https:\/\/quantocustaviajar.com\/blog\/wp-content\/uploads\/2021\/01\/chocotel-gramado.jpeg","datePublished":"2021-01-12T00:34:06+00:00","dateModified":"2021-01-26T19:10:53+00:00","description":"Em breve, os choc\u00f3latras poder\u00e3o conhecer o primeiro hotel tem\u00e1tico de chocolate do Brasil: o Chocotel, em Gramado, que \u00e9 a capital do chocolate!","breadcrumb":{"@id":"https:\/\/quantocustaviajar.com\/blog\/gramado-tera-primeiro-hotel-tematico-de-chocolate-do-pais\/#breadcrumb"},"inLanguage":"pt-BR","potentialAction":[{"@type":"ReadAction","target":["https:\/\/quantocustaviajar.com\/blog\/gramado-tera-primeiro-hotel-tematico-de-chocolate-do-pais\/"]}]},{"@type":"ImageObject","inLanguage":"pt-BR","@id":"https:\/\/quantocustaviajar.com\/blog\/gramado-tera-primeiro-hotel-tematico-de-chocolate-do-pais\/#primaryimage","url":"https:\/\/quantocustaviajar.com\/blog\/wp-content\/uploads\/2021\/01\/chocotel-gramado.jpeg","contentUrl":"https:\/\/quantocustaviajar.com\/blog\/wp-content\/uploads\/2021\/01\/chocotel-gramado.jpeg","width":900,"height":500},{"@type":"BreadcrumbList","@id":"https:\/\/quantocustaviajar.com\/blog\/gramado-tera-primeiro-hotel-tematico-de-chocolate-do-pais\/#breadcrumb","itemListElement":[{"@type":"ListItem","position":1,"name":"In\u00edcio","item":"https:\/\/quantocustaviajar.com\/blog\/"},{"@type":"ListItem","position":2,"name":"Gramado ter\u00e1 primeiro hotel tem\u00e1tico de chocolate do pa\u00eds"}]},{"@type":"WebSite","@id":"https:\/\/quantocustaviajar.com\/blog\/#website","url":"https:\/\/quantocustaviajar.com\/blog\/","name":"Blog Quanto Custa Viajar","description":"","publisher":{"@id":"https:\/\/quantocustaviajar.com\/blog\/#organization"},"potentialAction":[{"@type":"SearchAction","target":{"@type":"EntryPoint","urlTemplate":"https:\/\/quantocustaviajar.com\/blog\/?s={search_term_string}"},"query-input":{"@type":"PropertyValueSpecification","valueRequired":true,"valueName":"search_term_string"}}],"inLanguage":"pt-BR"},{"@type":"Organization","@id":"https:\/\/quantocustaviajar.com\/blog\/#organization","name":"Quanto Custa Viajar","url":"https:\/\/quantocustaviajar.com\/blog\/","logo":{"@type":"ImageObject","inLanguage":"pt-BR","@id":"https:\/\/quantocustaviajar.com\/blog\/#\/schema\/logo\/image\/","url":"","contentUrl":"","caption":"Quanto Custa Viajar"},"image":{"@id":"https:\/\/quantocustaviajar.com\/blog\/#\/schema\/logo\/image\/"},"sameAs":["https:\/\/www.facebook.com\/quantocustaviajar"]},{"@type":"Person","@id":"https:\/\/quantocustaviajar.com\/blog\/#\/schema\/person\/1a6dd3da9d0c0a4be42652b67bea19bb","name":"Brunella Nunes","image":{"@type":"ImageObject","inLanguage":"pt-BR","@id":"https:\/\/quantocustaviajar.com\/blog\/#\/schema\/person\/image\/","url":"https:\/\/secure.gravatar.com\/avatar\/05b28dfb8a3cc7ee0dba6feefa5677f05be6d7bf4b017728fd38499092f9c282?s=96&d=mm&r=g","contentUrl":"https:\/\/secure.gravatar.com\/avatar\/05b28dfb8a3cc7ee0dba6feefa5677f05be6d7bf4b017728fd38499092f9c282?s=96&d=mm&r=g","caption":"Brunella Nunes"},"description":"Quando n\u00e3o est\u00e1 viajando pelo mundo, est\u00e1 viajando nas ideias.","sameAs":["https:\/\/www.facebook.com\/brunellapfvr\/posts","https:\/\/www.linkedin.com\/in\/brunellanunes\/"],"url":"https:\/\/quantocustaviajar.com\/blog\/author\/equipe\/"}]}},"_links":{"self":[{"href":"https:\/\/quantocustaviajar.com\/blog\/wp-json\/wp\/v2\/posts\/46595","targetHints":{"allow":["GET"]}}],"collection":[{"href":"https:\/\/quantocustaviajar.com\/blog\/wp-json\/wp\/v2\/posts"}],"about":[{"href":"https:\/\/quantocustaviajar.com\/blog\/wp-json\/wp\/v2\/types\/post"}],"author":[{"embeddable":true,"href":"https:\/\/quantocustaviajar.com\/blog\/wp-json\/wp\/v2\/users\/4"}],"replies":[{"embeddable":true,"href":"https:\/\/quantocustaviajar.com\/blog\/wp-json\/wp\/v2\/comments?post=46595"}],"version-history":[{"count":3,"href":"https:\/\/quantocustaviajar.com\/blog\/wp-json\/wp\/v2\/posts\/46595\/revisions"}],"predecessor-version":[{"id":46720,"href":"https:\/\/quantocustaviajar.com\/blog\/wp-json\/wp\/v2\/posts\/46595\/revisions\/46720"}],"wp:featuredmedia":[{"embeddable":true,"href":"https:\/\/quantocustaviajar.com\/blog\/wp-json\/wp\/v2\/media\/46541"}],"wp:attachment":[{"href":"https:\/\/quantocustaviajar.com\/blog\/wp-json\/wp\/v2\/media?parent=46595"}],"wp:term":[{"taxonomy":"category","embeddable":true,"href":"https:\/\/quantocustaviajar.com\/blog\/wp-json\/wp\/v2\/categories?post=46595"},{"taxonomy":"post_tag","embeddable":true,"href":"https:\/\/quantocustaviajar.com\/blog\/wp-json\/wp\/v2\/tags?post=46595"}],"curies":[{"name":"wp","href":"https:\/\/api.w.org\/{rel}","templated":true}]}}