{"id":46579,"date":"2021-01-06T19:37:24","date_gmt":"2021-01-06T19:37:24","guid":{"rendered":"https:\/\/quantocustaviajar.com\/blog\/?p=46579"},"modified":"2021-01-06T19:37:40","modified_gmt":"2021-01-06T19:37:40","slug":"as-praias-mais-bonitas-de-sao-paulo","status":"publish","type":"post","link":"https:\/\/quantocustaviajar.com\/blog\/as-praias-mais-bonitas-de-sao-paulo\/","title":{"rendered":"As praias mais bonitas de S\u00e3o Paulo"},"content":{"rendered":"\n<p>Com a\nchegada do ver\u00e3o, muita gente j\u00e1 come\u00e7a a planejar aquela viagem gostosa de\nfinal de semana ou de emenda de feriado se refrescar nos dias quentes. Quem\nvive nos grandes centros urbanos, como na capital paulista, encontra no litoral\num ref\u00fagio para renovar as energias. E j\u00e1 pensou que del\u00edcia unir esses dias de\ndescanso em algumas das <strong>praias mais bonitas de S\u00e3o Paulo<\/strong>?<\/p>\n\n\n\n<p>Curtir tanto o <strong><a href=\"https:\/\/quantocustaviajar.com\/blog\/melhores-praias-do-litoral-norte-de-sao-paulo\/\" target=\"_blank\" rel=\"noreferrer noopener\" aria-label=\" (abre numa nova aba)\">Litoral Norte<\/a><\/strong> quanto o Litoral Sul \u00e9 sempre uma boa pedida. O estado tem muita praia paradis\u00edaca que proporciona contato extremo com a natureza. Seja para curtir com as crian\u00e7as, fazer trilhas ou surfar, o litoral de S\u00e3o Paulo tem um destino perfeito para voc\u00ea.<\/p>\n\n\n\n<h2 class=\"wp-block-heading\">As praias mais bonitas de S\u00e3o Paulo<\/h2>\n\n\n\n<p><strong>Praia do\nBonete, Ilhabela<\/strong><\/p>\n\n\n\n<figure class=\"wp-block-image\"><img loading=\"lazy\" decoding=\"async\" width=\"1024\" height=\"683\" src=\"https:\/\/quantocustaviajar.com\/blog\/wp-content\/uploads\/2021\/01\/Praia_do_Bonete_-_Ilha_Bela-1024x683.jpg\" alt=\"\" class=\"wp-image-46580\" srcset=\"https:\/\/quantocustaviajar.com\/blog\/wp-content\/uploads\/2021\/01\/Praia_do_Bonete_-_Ilha_Bela.jpg 1024w, https:\/\/quantocustaviajar.com\/blog\/wp-content\/uploads\/2021\/01\/Praia_do_Bonete_-_Ilha_Bela-300x200.jpg 300w, https:\/\/quantocustaviajar.com\/blog\/wp-content\/uploads\/2021\/01\/Praia_do_Bonete_-_Ilha_Bela-768x512.jpg 768w\" sizes=\"auto, (max-width: 1024px) 100vw, 1024px\" \/><figcaption>Foto: <a href=\"https:\/\/commons.wikimedia.org\/wiki\/File:Praia_do_Bonete_-_Ilha_Bela.jpg\" target=\"_blank\" rel=\"noreferrer noopener\" aria-label=\"Wikipedia (abre numa nova aba)\">Wikipedia<\/a><\/figcaption><\/figure>\n\n\n\n<p>Voc\u00ea j\u00e1 deve\nter escutado que Ilhabela \u00e9 um para\u00edso, certo? E n\u00e3o \u00e9 \u00e0 toa que esse\narquip\u00e9lago abriga algumas das praias mais lindas do estado de S\u00e3o Paulo \u2014 ao\ntodo, s\u00e3o 40 praias perfeitas para todo tipo de viajante! E a Praia do Bonete \u00e9\numa das queridinhas, com todo seu estilo cai\u00e7ara rodeada por muito verde. Quem\ndeseja se conectar com a natureza em sua forma mais pura, precisa ir at\u00e9 a\nBonete!<\/p>\n\n\n\n<p>O acesso n\u00e3o \u00e9 t\u00e3o simples e deve ser feito por meio de trilha, cuja caminhada de 15 km leva em torno de 3h; ou pelo mar, com barco. Estando na Praia do Bonete, ainda \u00e9 poss\u00edvel fazer mais trilhas para conhecer a Cachoeira da Lage ou para acessar o mirante e ter uma vista privilegiada da regi\u00e3o.<\/p>\n\n\n\n<p><strong><a href=\"https:\/\/www.booking.com\/searchresults.pt-br.html?aid=2161834&amp;sid=72113721b72507ce04cf77b6e8d9c8e3&amp;sb=1&amp;sb_lp=1&amp;src=index&amp;src_elem=sb&amp;error_url=https%3A%2F%2Fwww.booking.com%2Findex.pt-br.html%3Faid%3D2161834%3Bsid%3D72113721b72507ce04cf77b6e8d9c8e3%3Bsb_price_type%3Dtotal%26%3B&amp;ss=Praia+do+Bonete%2C+Ilhabela%2C+Estado+de+S%C3%A3o+Paulo%2C+Brasil&amp;is_ski_area=&amp;ssne=Cunha&amp;ssne_untouched=Cunha&amp;checkin_year=2021&amp;checkin_month=4&amp;checkin_monthday=2&amp;checkout_year=2021&amp;checkout_month=4&amp;checkout_monthday=4&amp;group_adults=2&amp;group_children=0&amp;no_rooms=1&amp;map=1&amp;b_h4u_keep_filters=&amp;from_sf=1&amp;ss_raw=praia+do+bonete&amp;ac_position=0&amp;ac_langcode=xb&amp;ac_click_type=b&amp;dest_id=249132&amp;dest_type=landmark&amp;place_id_lat=-23.9159530436673&amp;place_id_lon=-45.346702337265&amp;search_pageview_id=2f838168f34f00c0&amp;search_selected=true&amp;search_pageview_id=2f838168f34f00c0&amp;ac_suggestion_list_length=2&amp;ac_suggestion_theme_list_length=0#map_closed\" target=\"_blank\" rel=\"noreferrer noopener\" aria-label=\"Encontre hospedagens na Praia do Bonete (abre numa nova aba)\">Encontre hospedagens na Praia do Bonete<\/a><\/strong><\/p>\n\n\n\n<p><strong>Castelhanos,\nIlhabela<\/strong><\/p>\n\n\n\n<figure class=\"wp-block-image\"><img loading=\"lazy\" decoding=\"async\" width=\"800\" height=\"600\" src=\"https:\/\/quantocustaviajar.com\/blog\/wp-content\/uploads\/2021\/01\/praias_mais_bonitas_de_sao_paulo_Castelhanos.jpg\" alt=\"\" class=\"wp-image-46581\" srcset=\"https:\/\/quantocustaviajar.com\/blog\/wp-content\/uploads\/2021\/01\/praias_mais_bonitas_de_sao_paulo_Castelhanos.jpg 800w, https:\/\/quantocustaviajar.com\/blog\/wp-content\/uploads\/2021\/01\/praias_mais_bonitas_de_sao_paulo_Castelhanos-300x225.jpg 300w, https:\/\/quantocustaviajar.com\/blog\/wp-content\/uploads\/2021\/01\/praias_mais_bonitas_de_sao_paulo_Castelhanos-768x576.jpg 768w\" sizes=\"auto, (max-width: 800px) 100vw, 800px\" \/><figcaption>Foto: <a href=\"https:\/\/commons.wikimedia.org\/wiki\/File:Mirante_do_Cora%C3%A7%C3%A3o_-_Praia_de_Castelhanos.jpg\" target=\"_blank\" rel=\"noreferrer noopener\" aria-label=\"Wikipedia (abre numa nova aba)\">Wikipedia<\/a><\/figcaption><\/figure>\n\n\n\n<p>Al\u00e9m de ser\numa das praias mais bonitas de S\u00e3o Paulo, n\u00e3o \u00e9 exagero dizer que a Praia dos\nCastelhanos \u00e9 uma das mais bonitas do Brasil! As rochas e mata nativa que\ncercam a praia funcionam praticamente como uma moldura para uma linda tela azul\ncom ondas que dan\u00e7am diante dos seus olhos.<\/p>\n\n\n\n<p>O \u00fanico problema \u00e9 que toda essa beleza n\u00e3o \u00e9 acess\u00edvel facilmente. Para come\u00e7ar, o primeiro trecho \u00e9 feito em estrada de terra com 22 km de dist\u00e2ncia \u2014 recomenda-se usar ve\u00edculos com tra\u00e7\u00e3o 4&#215;4, moto ou bicicleta. Mas todo esfor\u00e7o vale a pena, porque o cen\u00e1rio isolado desbravado \u00e9 simplesmente inesquec\u00edvel. Justamente por conta dessa dificuldade de acesso que o local se encontra muito preservado e especial.<\/p>\n\n\n\n<p><strong><a href=\"https:\/\/www.booking.com\/hotel\/br\/apartment-in-praia-de-castelhanos.pt-br.html?aid=2161834&amp;sid=72113721b72507ce04cf77b6e8d9c8e3&amp;all_sr_blocks=582324403_252204240_2_0_0&amp;checkin=2021-04-02&amp;checkout=2021-04-04&amp;dest_id=8376&amp;dest_type=district&amp;group_adults=2&amp;group_children=0&amp;hapos=1&amp;highlighted_blocks=582324403_252204240_2_0_0&amp;hpos=1&amp;no_rooms=1&amp;sr_order=popularity&amp;sr_pri_blocks=582324403_252204240_2_0_0__113000&amp;srepoch=1609957890&amp;srpvid=cec88240a1e10229&amp;ucfs=1&amp;from=searchresults;highlight_room=#hotelTmpl\" target=\"_blank\" rel=\"noreferrer noopener\" aria-label=\"Confira a \u00fanica hospedagem na Praia de Castelhanos (abre numa nova aba)\">Confira a \u00fanica hospedagem na Praia de Castelhanos<\/a><\/strong><\/p>\n\n\n\n<p><strong>Praia do\nCedro, Ubatuba<\/strong><\/p>\n\n\n\n<figure class=\"wp-block-image\"><img loading=\"lazy\" decoding=\"async\" width=\"800\" height=\"506\" src=\"https:\/\/quantocustaviajar.com\/blog\/wp-content\/uploads\/2021\/01\/Praia_do_Cedro_da_Fortaleza.jpg\" alt=\"\" class=\"wp-image-46582\" srcset=\"https:\/\/quantocustaviajar.com\/blog\/wp-content\/uploads\/2021\/01\/Praia_do_Cedro_da_Fortaleza.jpg 800w, https:\/\/quantocustaviajar.com\/blog\/wp-content\/uploads\/2021\/01\/Praia_do_Cedro_da_Fortaleza-300x190.jpg 300w, https:\/\/quantocustaviajar.com\/blog\/wp-content\/uploads\/2021\/01\/Praia_do_Cedro_da_Fortaleza-768x486.jpg 768w\" sizes=\"auto, (max-width: 800px) 100vw, 800px\" \/><figcaption>Foto: <a href=\"https:\/\/commons.wikimedia.org\/wiki\/File:Praia_do_Cedro_da_Fortaleza.jpg\" target=\"_blank\" rel=\"noreferrer noopener\" aria-label=\"Wikipedia (abre numa nova aba)\">Wikipedia<\/a><\/figcaption><\/figure>\n\n\n\n<p>Praia com\nareia branca, fininha e mar azul esverdeado logo em frente. Se este \u00e9 um\ncen\u00e1rio paradis\u00edaco para voc\u00ea, saiba que \u00e9 poss\u00edvel encontr\u00e1-lo na Praia do\nCedro, considerada uma das mais bonitas de Ubatuba.<\/p>\n\n\n\n<p>Localizada\nna \u00e1rea central da cidade, o acesso \u00e9 feito por meio de uma trilha tranquila e\ncurtinha. Por isso, saiba que na alta temporada do ver\u00e3o, a praia do Cedrinho\n(como \u00e9 carinhosamente apelidada) fica bastante movimentada.<\/p>\n\n\n\n<p>As \u00e1guas\ncalmas e cristalinas com cor de esmeralda s\u00e3o prop\u00edcias para a pr\u00e1tica de\nmergulho, mas o turista que deseja simplesmente relaxar tamb\u00e9m encontra\nbastante tranquilidade no Cedro fora do auge do ver\u00e3o. O acesso n\u00e3o \u00e9 dif\u00edcil:\nbasta caminhar por 10 minutinhos por meio de uma trilha sinalizada.<\/p>\n\n\n\n<p><strong>Praia do\nF\u00e9lix, Ubatuba<\/strong><\/p>\n\n\n\n<figure class=\"wp-block-image\"><img loading=\"lazy\" decoding=\"async\" width=\"800\" height=\"450\" src=\"https:\/\/quantocustaviajar.com\/blog\/wp-content\/uploads\/2021\/01\/Ubatuba_Praia_do_F\u00e9lix.jpg\" alt=\"\" class=\"wp-image-46583\" srcset=\"https:\/\/quantocustaviajar.com\/blog\/wp-content\/uploads\/2021\/01\/Ubatuba_Praia_do_F\u00e9lix.jpg 800w, https:\/\/quantocustaviajar.com\/blog\/wp-content\/uploads\/2021\/01\/Ubatuba_Praia_do_F\u00e9lix-300x169.jpg 300w, https:\/\/quantocustaviajar.com\/blog\/wp-content\/uploads\/2021\/01\/Ubatuba_Praia_do_F\u00e9lix-768x432.jpg 768w\" sizes=\"auto, (max-width: 800px) 100vw, 800px\" \/><figcaption>Foto: <a href=\"https:\/\/commons.wikimedia.org\/wiki\/File:Ubatuba_Praia_do_F%C3%A9lix.jpg\" target=\"_blank\" rel=\"noreferrer noopener\" aria-label=\"Wikipedia (abre numa nova aba)\">Wikipedia<\/a><\/figcaption><\/figure>\n\n\n\n<p>A Praia do\nF\u00e9lix, ou Praia do Lucio, \u00e9 um dos destinos mais visitados em Ubatuba.\nLocalizada no norte da cidade, a praia tem um visual muito bonito, toda cercada\npor grandes rochas e vegeta\u00e7\u00e3o nativa. A faixa de areia \u00e9 boa para voc\u00ea colocar\nsua cadeira e guarda-sol, e o mar \u00e9 um encanto e muito tranquilo. Inclusive, em\nalguns pontos ocorrem a forma\u00e7\u00e3o de piscinas naturais que s\u00e3o \u00f3timas para a\ncrian\u00e7ada!<\/p>\n\n\n\n<p>No canto direito da praia, os visitantes encontram boa infraestrutura com quiosques e banheiros. Deste mesmo local, \u00e9 poss\u00edvel partir em uma trilha de dificuldade baixa que chega \u00e0 Praia do Portugu\u00eas, um ponto encantador em Ubatuba com seus pared\u00f5es rochosos e mar cristalino, perfeito para mergulho.<\/p>\n\n\n\n<p><strong><a href=\"https:\/\/www.booking.com\/searchresults.pt-br.html?aid=2161834&amp;sid=72113721b72507ce04cf77b6e8d9c8e3&amp;sb=1&amp;src=searchresults&amp;src_elem=sb&amp;error_url=https%3A%2F%2Fwww.booking.com%2Fsearchresults.pt-br.html%3Faid%3D2161834%3Bsid%3D72113721b72507ce04cf77b6e8d9c8e3%3Btmpl%3Dsearchresults%3Bac_click_type%3Db%3Bac_position%3D1%3Bcheckin_month%3D4%3Bcheckin_monthday%3D2%3Bcheckin_year%3D2021%3Bcheckout_month%3D4%3Bcheckout_monthday%3D4%3Bcheckout_year%3D2021%3Bclass_interval%3D1%3Bdest_id%3D-677399%3Bdest_type%3Dcity%3Bdtdisc%3D0%3Bfrom_sf%3D1%3Bgroup_adults%3D2%3Bgroup_children%3D0%3Binac%3D0%3Bindex_postcard%3D0%3Blabel_click%3Dundef%3Bno_rooms%3D1%3Boffset%3D0%3Bpostcard%3D0%3Braw_dest_type%3Dcity%3Broom1%3DA%252CA%3Bsb_price_type%3Dtotal%3Bsearch_selected%3D1%3Bshw_aparth%3D1%3Bslp_r_match%3D0%3Bsrc%3Dsearchresults%3Bsrc_elem%3Dsb%3Bsrpvid%3D632d849d4daf0043%3Bss%3DUbatuba%252C%2520Estado%2520de%2520S%25C3%25A3o%2520Paulo%252C%2520Brasil%3Bss_all%3D0%3Bss_raw%3Dpraia%2520do%2520cedro%3Bssb%3Dempty%3Bsshis%3D0%3Bssne%3DPraia%2520do%2520Cedro%3Bssne_untouched%3DPraia%2520do%2520Cedro%3Btop_ufis%3D1%26%3B&amp;ss=Praia+do+F%C3%A9lix%2C+Ubatuba%2C+Estado+de+S%C3%A3o+Paulo%2C+Brasil&amp;is_ski_area=&amp;ssne=Ubatuba&amp;ssne_untouched=Ubatuba&amp;city=-677399&amp;checkin_year=2021&amp;checkin_month=4&amp;checkin_monthday=2&amp;checkout_year=2021&amp;checkout_month=4&amp;checkout_monthday=4&amp;group_adults=2&amp;group_children=0&amp;no_rooms=1&amp;from_sf=1&amp;ss_raw=Praia+do+F%C3%A9lix&amp;ac_position=0&amp;ac_langcode=xb&amp;ac_click_type=b&amp;dest_id=256167&amp;dest_type=landmark&amp;place_id_lat=-23.388848163991&amp;place_id_lon=-44.9705600738525&amp;search_pageview_id=632d849d4daf0043&amp;search_selected=true&amp;search_pageview_id=632d849d4daf0043&amp;ac_suggestion_list_length=5&amp;ac_suggestion_theme_list_length=0\" target=\"_blank\" rel=\"noreferrer noopener\" aria-label=\"Confira aqui as hospedagens na Praia do F\u00e9lix (abre numa nova aba)\">Confira aqui as hospedagens na Praia do F\u00e9lix<\/a><\/strong><\/p>\n\n\n\n<p><strong>Ilha do\nPrumirim, Ubatuba<\/strong><\/p>\n\n\n\n<figure class=\"wp-block-image\"><img loading=\"lazy\" decoding=\"async\" width=\"800\" height=\"600\" src=\"https:\/\/quantocustaviajar.com\/blog\/wp-content\/uploads\/2021\/01\/ilha_do_Prumirim_Ubatuba_-_SP_por_Tatiane_Domingues.jpg\" alt=\"\" class=\"wp-image-46584\" srcset=\"https:\/\/quantocustaviajar.com\/blog\/wp-content\/uploads\/2021\/01\/ilha_do_Prumirim_Ubatuba_-_SP_por_Tatiane_Domingues.jpg 800w, https:\/\/quantocustaviajar.com\/blog\/wp-content\/uploads\/2021\/01\/ilha_do_Prumirim_Ubatuba_-_SP_por_Tatiane_Domingues-300x225.jpg 300w, https:\/\/quantocustaviajar.com\/blog\/wp-content\/uploads\/2021\/01\/ilha_do_Prumirim_Ubatuba_-_SP_por_Tatiane_Domingues-768x576.jpg 768w\" sizes=\"auto, (max-width: 800px) 100vw, 800px\" \/><figcaption>Foto: <a href=\"https:\/\/commons.wikimedia.org\/wiki\/File:Ilha_do_Prumirim,_Ubatuba_-_SP_por_Tatiane_Domingues.jpg\" target=\"_blank\" rel=\"noreferrer noopener\" aria-label=\"Wikipedia (abre numa nova aba)\">Wikipedia<\/a><\/figcaption><\/figure>\n\n\n\n<p>A Ilha do\nPrumirim \u00e9 muito famosa em Ubatuba. N\u00e3o \u00e9 para menos, o local abriga algumas\ndas praias mais bonitas de S\u00e3o Paulo, al\u00e9m de ser perfeito para quem deseja mergulhar,\nj\u00e1 que conta com \u00e1guas muito cristalinas!<\/p>\n\n\n\n<p>O passeio \u00e9\nrecomendado para toda a fam\u00edlia e pode ser contratado com barqueiros\ndiretamente na Praia do Prumirim, que fica na regi\u00e3o norte de Ubatuba \u2014 a\ntravessia \u00e9 bem r\u00e1pida!<\/p>\n\n\n\n<p>Ao desembarcar, voc\u00ea ir\u00e1 pisar na areia branca e fofinha. No canto esquerdo da ilha, muitas rochas ajudam na forma\u00e7\u00e3o de piscinas naturais. Se o mar estiver calmo, sem d\u00favidas voc\u00ea poder\u00e1 aproveitar para brincar no local. Existe uma fam\u00edlia que vive na ilha. S\u00e3o eles quem tocam um quiosque simples \u00e0 beira da praia, que funciona na alta temporada.<\/p>\n\n\n\n<p><strong><a href=\"https:\/\/www.booking.com\/searchresults.pt-br.html?aid=2161834&amp;sid=72113721b72507ce04cf77b6e8d9c8e3&amp;sb=1&amp;src=searchresults&amp;src_elem=sb&amp;error_url=https%3A%2F%2Fwww.booking.com%2Fsearchresults.pt-br.html%3Faid%3D2161834%3Bsid%3D72113721b72507ce04cf77b6e8d9c8e3%3Btmpl%3Dsearchresults%3Bac_click_type%3Db%3Bac_position%3D0%3Bcheckin_month%3D4%3Bcheckin_monthday%3D2%3Bcheckin_year%3D2021%3Bcheckout_month%3D4%3Bcheckout_monthday%3D4%3Bcheckout_year%3D2021%3Bcity%3D-677399%3Bclass_interval%3D1%3Bdest_id%3D256167%3Bdest_type%3Dlandmark%3Bdtdisc%3D0%3Bfrom_sf%3D1%3Bgroup_adults%3D2%3Bgroup_children%3D0%3Binac%3D0%3Bindex_postcard%3D0%3Blabel_click%3Dundef%3Bno_rooms%3D1%3Boffset%3D0%3Bpostcard%3D0%3Braw_dest_type%3Dlandmark%3Broom1%3DA%252CA%3Bsb_price_type%3Dtotal%3Bsearch_selected%3D1%3Bshw_aparth%3D1%3Bslp_r_match%3D0%3Bsrc%3Dsearchresults%3Bsrc_elem%3Dsb%3Bsrpvid%3D44fb84c17fb700d5%3Bss%3DPraia%2520do%2520F%25C3%25A9lix%252C%2520Ubatuba%252C%2520Estado%2520de%2520S%25C3%25A3o%2520Paulo%252C%2520Brasil%3Bss_all%3D0%3Bss_raw%3DPraia%2520do%2520F%25C3%25A9lix%3Bssb%3Dempty%3Bsshis%3D0%3Bssne%3DUbatuba%3Bssne_untouched%3DUbatuba%3Btop_ufis%3D1%26%3B&amp;ss=Ilha+do+Prumirim%2C+State+of+S%C3%A3o+Paulo%2C+Brazil&amp;is_ski_area=&amp;ssne=Praia+do+F%C3%A9lix&amp;ssne_untouched=Praia+do+F%C3%A9lix&amp;checkin_year=2021&amp;checkin_month=4&amp;checkin_monthday=2&amp;checkout_year=2021&amp;checkout_month=4&amp;checkout_monthday=4&amp;group_adults=2&amp;group_children=0&amp;no_rooms=1&amp;from_sf=1&amp;ss_raw=Ilha+do+Prumirim&amp;ac_position=1&amp;ac_click_type=g&amp;dest_id=ChIJ1ZqPssFZnQARGgmyJ1F_7V8&amp;dest_type=landmark&amp;place_id=ChIJ1ZqPssFZnQARGgmyJ1F_7V8&amp;place_id_lat=-23.3849899&amp;place_id_lon=-44.9441717&amp;place_types=natural_feature%2Cestablishment&amp;search_pageview_id=44fb84c17fb700d5&amp;search_selected=true\" target=\"_blank\" rel=\"noreferrer noopener\" aria-label=\"Pesquise pre\u00e7os de hospedagens em Prumirim (abre numa nova aba)\">Pesquise pre\u00e7os de hospedagens em Prumirim<\/a><\/strong><\/p>\n\n\n\n<p><strong>Ilha das\nCouves, Ubatuba<\/strong><\/p>\n\n\n\n<figure class=\"wp-block-image\"><img loading=\"lazy\" decoding=\"async\" width=\"800\" height=\"532\" src=\"https:\/\/quantocustaviajar.com\/blog\/wp-content\/uploads\/2021\/01\/Ilha-das-couves-ubatuba-180921-228.jpg\" alt=\"\" class=\"wp-image-46585\" srcset=\"https:\/\/quantocustaviajar.com\/blog\/wp-content\/uploads\/2021\/01\/Ilha-das-couves-ubatuba-180921-228.jpg 800w, https:\/\/quantocustaviajar.com\/blog\/wp-content\/uploads\/2021\/01\/Ilha-das-couves-ubatuba-180921-228-300x200.jpg 300w, https:\/\/quantocustaviajar.com\/blog\/wp-content\/uploads\/2021\/01\/Ilha-das-couves-ubatuba-180921-228-768x511.jpg 768w\" sizes=\"auto, (max-width: 800px) 100vw, 800px\" \/><figcaption>Foto: <a href=\"https:\/\/commons.wikimedia.org\/wiki\/File:Ilha-das-couves-ubatuba-180921-228.jpg\">Wikipedia<\/a><\/figcaption><\/figure>\n\n\n\n<p>Simplesmente\nsurreal! A Ilha das Couves \u00e9 um dos destinos mais bonitos do Brasil e voc\u00ea\nmerece coloc\u00e1-la em seu roteiro de passeios pelo litoral de S\u00e3o Paulo. A travessia\n\u00e9 r\u00e1pida, feita de barco ou lancha que normalmente partem da Praia da\nPicinguaba.<\/p>\n\n\n\n<p>Ao chegar no\nlocal, voc\u00ea pode fazer diversas trilhas, tanto para ir \u00e0 Praia Maior, que tem\ngrande faixa de areia e mar tranquilo para banho; quanto caminhar pela Trilha\ndo Topo, que leva o visitante at\u00e9 a parte mais alta da ilha, proporcionando um\nvista inesquec\u00edvel. Sem d\u00favidas, a Ilha das Couves \u00e9 um para\u00edso!<\/p>\n\n\n\n<p><strong>Barra do\nUna, <a href=\"https:\/\/quantocustaviajar.com\/blog\/sao-sebastiao-litoral-paulista-guia\/\">S\u00e3o Sebasti\u00e3o<\/a><\/strong><\/p>\n\n\n\n<figure class=\"wp-block-image\"><img loading=\"lazy\" decoding=\"async\" width=\"800\" height=\"600\" src=\"https:\/\/quantocustaviajar.com\/blog\/wp-content\/uploads\/2021\/01\/barra_do_Una_013.jpg\" alt=\"\" class=\"wp-image-46586\" srcset=\"https:\/\/quantocustaviajar.com\/blog\/wp-content\/uploads\/2021\/01\/barra_do_Una_013.jpg 800w, https:\/\/quantocustaviajar.com\/blog\/wp-content\/uploads\/2021\/01\/barra_do_Una_013-300x225.jpg 300w, https:\/\/quantocustaviajar.com\/blog\/wp-content\/uploads\/2021\/01\/barra_do_Una_013-768x576.jpg 768w\" sizes=\"auto, (max-width: 800px) 100vw, 800px\" \/><figcaption>Foto: <a href=\"https:\/\/commons.wikimedia.org\/wiki\/File:Barra_do_Una_013.jpg\" target=\"_blank\" rel=\"noreferrer noopener\" aria-label=\"Wikipedia (abre numa nova aba)\">Wikipedia<\/a><\/figcaption><\/figure>\n\n\n\n<p>A Barra do\nUna \u00e9 um dos destinos mais visitados em S\u00e3o Sebasti\u00e3o, a 150 km da capital\npaulista. A cidade \u00e9 repleta de praias badaladas, como <a href=\"https:\/\/quantocustaviajar.com\/blog\/guia-de-maresias-sp\/\">Maresias<\/a>, Juquery e\nCamburi. Se voc\u00ea ainda n\u00e3o a conhece, saiba que vale muito a pena incluir S\u00e3o\nSebasti\u00e3o em seu roteiro.<\/p>\n\n\n\n<p>O que atrai muitos visitantes at\u00e9 a Barra do Una \u00e9 o encontro do rio com o mar, proporcionando um espet\u00e1culo da natureza lindo aos olhos e fant\u00e1stico para momentos de lazer. Isso porque os visitantes podem alugar pranchas de stand up paddle e caiaques para passear pelo rio. Sem contar que ficar boiando e brincando nas \u00e1guas rasas e sem ondula\u00e7\u00f5es \u00e9 \u00f3timo para a crian\u00e7ada.<\/p>\n\n\n\n<p><strong><a href=\"https:\/\/www.booking.com\/searchresults.pt-br.html?aid=2161834&amp;sid=72113721b72507ce04cf77b6e8d9c8e3&amp;sb=1&amp;src=searchresults&amp;src_elem=sb&amp;error_url=https%3A%2F%2Fwww.booking.com%2Fsearchresults.pt-br.html%3Faid%3D2161834%3Bsid%3D72113721b72507ce04cf77b6e8d9c8e3%3Btmpl%3Dsearchresults%3Bac_click_type%3Dg%3Bcheckin_month%3D4%3Bcheckin_monthday%3D2%3Bcheckin_year%3D2021%3Bcheckout_month%3D4%3Bcheckout_monthday%3D4%3Bcheckout_year%3D2021%3Bclass_interval%3D1%3Bdtdisc%3D0%3Bfrom_sf%3D1%3Bgroup_adults%3D2%3Bgroup_children%3D0%3Binac%3D0%3Bindex_postcard%3D0%3Blabel_click%3Dundef%3Bno_rooms%3D1%3Boffset%3D0%3Bplace_id%3DChIJ1ZqPssFZnQARGgmyJ1F_7V8%3Bplace_id_lat%3D-23.3849899%3Bplace_id_lon%3D-44.9441717%3Bpostcard%3D0%3Braw_dest_type%3Dlandmark%3Broom1%3DA%252CA%3Bsb_price_type%3Dtotal%3Bsearch_selected%3D1%3Bshw_aparth%3D1%3Bslp_r_match%3D0%3Bsrc%3Dsearchresults%3Bsrc_elem%3Dsb%3Bsrpvid%3D9031874aecef00c0%3Bss%3DIlha%2520do%2520Prumirim%252C%2520State%2520of%2520S%25C3%25A3o%2520Paulo%252C%2520Brazil%3Bss_all%3D0%3Bss_raw%3DIlha%2520do%2520Prumirim%3Bssb%3Dempty%3Bsshis%3D0%3Bssne%3DPraia%2520do%2520F%25C3%25A9lix%3Bssne_untouched%3DPraia%2520do%2520F%25C3%25A9lix%3Btop_ufis%3D1%26%3B&amp;ss=Barra+do+Una%2C+Estado+de+S%C3%A3o+Paulo%2C+Brasil&amp;is_ski_area=&amp;ssne=Ilha+do+Prumirim%2C+State+of+S%C3%A3o+Paulo%2C+Brazil&amp;ssne_untouched=Ilha+do+Prumirim%2C+State+of+S%C3%A3o+Paulo%2C+Brazil&amp;checkin_year=2021&amp;checkin_month=4&amp;checkin_monthday=2&amp;checkout_year=2021&amp;checkout_month=4&amp;checkout_monthday=4&amp;group_adults=2&amp;group_children=0&amp;no_rooms=1&amp;from_sf=1&amp;ss_raw=Barra+do+Una&amp;ac_position=0&amp;ac_langcode=xb&amp;ac_click_type=b&amp;dest_id=900050087&amp;dest_type=city&amp;place_id_lat=-23.75907&amp;place_id_lon=-45.76364&amp;search_pageview_id=9031874aecef00c0&amp;search_selected=true&amp;search_pageview_id=9031874aecef00c0&amp;ac_suggestion_list_length=5&amp;ac_suggestion_theme_list_length=0\" target=\"_blank\" rel=\"noreferrer noopener\" aria-label=\"Veja as hospedagens dispon\u00edveis na Barra do Una (abre numa nova aba)\">Veja as hospedagens dispon\u00edveis na Barra do Una<\/a><\/strong><\/p>\n\n\n\n<p><strong>Praia de Itaguar\u00e9,\n<a href=\"https:\/\/quantocustaviajar.com\/blog\/bertioga-sp\/\">Bertioga<\/a><\/strong><\/p>\n\n\n\n<figure class=\"wp-block-image\"><img loading=\"lazy\" decoding=\"async\" width=\"800\" height=\"600\" src=\"https:\/\/quantocustaviajar.com\/blog\/wp-content\/uploads\/2021\/01\/Praia_de_Itaguar\u00e9.jpg\" alt=\"\" class=\"wp-image-46587\" srcset=\"https:\/\/quantocustaviajar.com\/blog\/wp-content\/uploads\/2021\/01\/Praia_de_Itaguar\u00e9.jpg 800w, https:\/\/quantocustaviajar.com\/blog\/wp-content\/uploads\/2021\/01\/Praia_de_Itaguar\u00e9-300x225.jpg 300w, https:\/\/quantocustaviajar.com\/blog\/wp-content\/uploads\/2021\/01\/Praia_de_Itaguar\u00e9-768x576.jpg 768w\" sizes=\"auto, (max-width: 800px) 100vw, 800px\" \/><figcaption>Foto: <a href=\"https:\/\/commons.wikimedia.org\/wiki\/File:Praia_de_Itaguar%C3%A9.jpg\" target=\"_blank\" rel=\"noreferrer noopener\" aria-label=\" (abre numa nova aba)\">Wikipedia<\/a><\/figcaption><\/figure>\n\n\n\n<p>Quem passa\npela Rio-Santos na altura de Bertioga mal imagina que, pertinho da rodovia,\nfica uma das praias mais bonitas de S\u00e3o Paulo e do pa\u00eds! A Praia do Itaguar\u00e9\npertence do Parque Estadual da Restinga de Bertioga e conta com beleza\nincompar\u00e1vel, estilo selvagem e muito bem preservado.<\/p>\n\n\n\n<p>\u00a0Escondida pela mata, Itaguar\u00e9 possui fal\u00e9sias com 4 metros de altura que dividem a praia em duas partes, uma com ondas mais agitadas e recomenda para praticar surfe; e outra com marolas mais tranquilas ideais para brincar na \u00e1gua e relaxar. A praia tem tudo: bares, restaurantes e toda infraestrutura para receber visitantes, vale a pena conhecer!<\/p>\n\n\n\n<p><strong><a href=\"https:\/\/www.booking.com\/searchresults.pt-br.html?aid=2161834&amp;sid=72113721b72507ce04cf77b6e8d9c8e3&amp;sb=1&amp;src=searchresults&amp;src_elem=sb&amp;error_url=https%3A%2F%2Fwww.booking.com%2Fsearchresults.pt-br.html%3Faid%3D2161834%3Bsid%3D72113721b72507ce04cf77b6e8d9c8e3%3Btmpl%3Dsearchresults%3Bac_click_type%3Db%3Bac_position%3D0%3Bcheckin_month%3D4%3Bcheckin_monthday%3D2%3Bcheckin_year%3D2021%3Bcheckout_month%3D4%3Bcheckout_monthday%3D4%3Bcheckout_year%3D2021%3Bclass_interval%3D1%3Bdest_id%3D900050087%3Bdest_type%3Dcity%3Bdtdisc%3D0%3Bfrom_sf%3D1%3Bgroup_adults%3D2%3Bgroup_children%3D0%3Binac%3D0%3Bindex_postcard%3D0%3Blabel_click%3Dundef%3Bno_rooms%3D1%3Boffset%3D0%3Bpostcard%3D0%3Braw_dest_type%3Dcity%3Broom1%3DA%252CA%3Bsb_price_type%3Dtotal%3Bsearch_selected%3D1%3Bshw_aparth%3D1%3Bslp_r_match%3D0%3Bsrc%3Dsearchresults%3Bsrc_elem%3Dsb%3Bsrpvid%3Deb0e88e9c9a200c6%3Bss%3DBarra%2520do%2520Una%252C%2520Estado%2520de%2520S%25C3%25A3o%2520Paulo%252C%2520Brasil%3Bss_all%3D0%3Bss_raw%3DBarra%2520do%2520Una%3Bssb%3Dempty%3Bsshis%3D0%3Bssne%3DIlha%2520do%2520Prumirim%252C%2520State%2520of%2520S%25C3%25A3o%2520Paulo%252C%2520Brazil%3Bssne_untouched%3DIlha%2520do%2520Prumirim%252C%2520State%2520of%2520S%25C3%25A3o%2520Paulo%252C%2520Brazil%3Btop_ufis%3D1%26%3B&amp;ss=Praia+de+Itaguar%C3%A9%2C+Riviera+de+S%C3%A3o+Louren%C3%A7o%2C+Estado+de+S%C3%A3o+Paulo%2C+Brasil&amp;is_ski_area=&amp;ssne=Barra+do+Una&amp;ssne_untouched=Barra+do+Una&amp;city=900050087&amp;checkin_year=2021&amp;checkin_month=4&amp;checkin_monthday=2&amp;checkout_year=2021&amp;checkout_month=4&amp;checkout_monthday=4&amp;group_adults=2&amp;group_children=0&amp;no_rooms=1&amp;from_sf=1&amp;ss_raw=Praia+de+Itaguar%C3%A9&amp;ac_position=0&amp;ac_langcode=xb&amp;ac_click_type=b&amp;dest_id=256299&amp;dest_type=landmark&amp;place_id_lat=-23.791248297388&amp;place_id_lon=-45.9898853302002&amp;search_pageview_id=eb0e88e9c9a200c6&amp;search_selected=true&amp;search_pageview_id=eb0e88e9c9a200c6&amp;ac_suggestion_list_length=2&amp;ac_suggestion_theme_list_length=0\" target=\"_blank\" rel=\"noreferrer noopener\" aria-label=\"Alugue aqui resid\u00eancias na Riviera de S\u00e3o Louren\u00e7o (abre numa nova aba)\">Alugue aqui resid\u00eancias na Riviera de S\u00e3o Louren\u00e7o<\/a><\/strong><\/p>\n","protected":false},"excerpt":{"rendered":"<p>Com a chegada do ver\u00e3o, muita gente j\u00e1 come\u00e7a a planejar aquela viagem gostosa de final de semana ou de emenda de feriado se refrescar nos dias quentes. Quem vive nos grandes centros urbanos, como na capital paulista, encontra no litoral um ref\u00fagio para renovar as energias. E j\u00e1 pensou que del\u00edcia unir esses dias [&hellip;]<\/p>\n","protected":false},"author":11,"featured_media":46581,"comment_status":"open","ping_status":"open","sticky":false,"template":"","format":"standard","meta":{"cybocfi_hide_featured_image":"","footnotes":""},"categories":[1437,1434],"tags":[512,309,1431,1181,464],"class_list":["post-46579","post","type-post","status-publish","format-standard","has-post-thumbnail","hentry","category-ao-ar-livre","category-descubra-brasil","tag-litoral","tag-praia","tag-saopaulo","tag-ubatuba","tag-verao"],"blocksy_meta":[],"yoast_head":"<!-- This site is optimized with the Yoast SEO plugin v26.3 - https:\/\/yoast.com\/wordpress\/plugins\/seo\/ -->\n<title>As praias mais bonitas de S\u00e3o Paulo - conhe\u00e7a e programe sua viagem<\/title>\n<meta name=\"description\" content=\"Conhe\u00e7a algumas das praias mais bonitas de S\u00e3o Paulo para planejar uma viagem de final de semana bem gostosa durante o ver\u00e3o.\" \/>\n<meta name=\"robots\" content=\"index, follow, max-snippet:-1, max-image-preview:large, max-video-preview:-1\" \/>\n<link rel=\"canonical\" href=\"https:\/\/quantocustaviajar.com\/blog\/as-praias-mais-bonitas-de-sao-paulo\/\" \/>\n<meta property=\"og:locale\" content=\"pt_BR\" \/>\n<meta property=\"og:type\" content=\"article\" \/>\n<meta property=\"og:title\" content=\"As praias mais bonitas de S\u00e3o Paulo - conhe\u00e7a e programe sua viagem\" \/>\n<meta property=\"og:description\" content=\"Conhe\u00e7a algumas das praias mais bonitas de S\u00e3o Paulo para planejar uma viagem de final de semana bem gostosa durante o ver\u00e3o.\" \/>\n<meta property=\"og:url\" content=\"https:\/\/quantocustaviajar.com\/blog\/as-praias-mais-bonitas-de-sao-paulo\/\" \/>\n<meta property=\"og:site_name\" content=\"Blog Quanto Custa Viajar\" \/>\n<meta property=\"article:publisher\" content=\"https:\/\/www.facebook.com\/quantocustaviajar\" \/>\n<meta property=\"article:published_time\" content=\"2021-01-06T19:37:24+00:00\" \/>\n<meta property=\"article:modified_time\" content=\"2021-01-06T19:37:40+00:00\" \/>\n<meta property=\"og:image\" content=\"https:\/\/quantocustaviajar.com\/blog\/wp-content\/uploads\/2021\/01\/praias_mais_bonitas_de_sao_paulo_Castelhanos.jpg\" \/>\n\t<meta property=\"og:image:width\" content=\"800\" \/>\n\t<meta property=\"og:image:height\" content=\"600\" \/>\n\t<meta property=\"og:image:type\" content=\"image\/jpeg\" \/>\n<meta name=\"author\" content=\"Andressa Xavier Pellanda\" \/>\n<meta name=\"twitter:card\" content=\"summary_large_image\" \/>\n<meta name=\"twitter:label1\" content=\"Escrito por\" \/>\n\t<meta name=\"twitter:data1\" content=\"Andressa Xavier Pellanda\" \/>\n\t<meta name=\"twitter:label2\" content=\"Est. tempo de leitura\" \/>\n\t<meta name=\"twitter:data2\" content=\"6 minutos\" \/>\n<!-- \/ Yoast SEO plugin. -->","yoast_head_json":{"title":"As praias mais bonitas de S\u00e3o Paulo - conhe\u00e7a e programe sua viagem","description":"Conhe\u00e7a algumas das praias mais bonitas de S\u00e3o Paulo para planejar uma viagem de final de semana bem gostosa durante o ver\u00e3o.","robots":{"index":"index","follow":"follow","max-snippet":"max-snippet:-1","max-image-preview":"max-image-preview:large","max-video-preview":"max-video-preview:-1"},"canonical":"https:\/\/quantocustaviajar.com\/blog\/as-praias-mais-bonitas-de-sao-paulo\/","og_locale":"pt_BR","og_type":"article","og_title":"As praias mais bonitas de S\u00e3o Paulo - conhe\u00e7a e programe sua viagem","og_description":"Conhe\u00e7a algumas das praias mais bonitas de S\u00e3o Paulo para planejar uma viagem de final de semana bem gostosa durante o ver\u00e3o.","og_url":"https:\/\/quantocustaviajar.com\/blog\/as-praias-mais-bonitas-de-sao-paulo\/","og_site_name":"Blog Quanto Custa Viajar","article_publisher":"https:\/\/www.facebook.com\/quantocustaviajar","article_published_time":"2021-01-06T19:37:24+00:00","article_modified_time":"2021-01-06T19:37:40+00:00","og_image":[{"width":800,"height":600,"url":"https:\/\/quantocustaviajar.com\/blog\/wp-content\/uploads\/2021\/01\/praias_mais_bonitas_de_sao_paulo_Castelhanos.jpg","type":"image\/jpeg"}],"author":"Andressa Xavier Pellanda","twitter_card":"summary_large_image","twitter_misc":{"Escrito por":"Andressa Xavier Pellanda","Est. tempo de leitura":"6 minutos"},"schema":{"@context":"https:\/\/schema.org","@graph":[{"@type":["Article","BlogPosting"],"@id":"https:\/\/quantocustaviajar.com\/blog\/as-praias-mais-bonitas-de-sao-paulo\/#article","isPartOf":{"@id":"https:\/\/quantocustaviajar.com\/blog\/as-praias-mais-bonitas-de-sao-paulo\/"},"author":{"name":"Andressa Xavier Pellanda","@id":"https:\/\/quantocustaviajar.com\/blog\/#\/schema\/person\/81b0aaf2069da1a2da54677906b42d3c"},"headline":"As praias mais bonitas de S\u00e3o Paulo","datePublished":"2021-01-06T19:37:24+00:00","dateModified":"2021-01-06T19:37:40+00:00","mainEntityOfPage":{"@id":"https:\/\/quantocustaviajar.com\/blog\/as-praias-mais-bonitas-de-sao-paulo\/"},"wordCount":1220,"commentCount":1,"publisher":{"@id":"https:\/\/quantocustaviajar.com\/blog\/#organization"},"image":{"@id":"https:\/\/quantocustaviajar.com\/blog\/as-praias-mais-bonitas-de-sao-paulo\/#primaryimage"},"thumbnailUrl":"https:\/\/quantocustaviajar.com\/blog\/wp-content\/uploads\/2021\/01\/praias_mais_bonitas_de_sao_paulo_Castelhanos.jpg","keywords":["litoral","praia","saopaulo","Ubatuba","ver\u00e3o"],"articleSection":["Ao Ar Livre","Descubra o Brasil"],"inLanguage":"pt-BR","potentialAction":[{"@type":"CommentAction","name":"Comment","target":["https:\/\/quantocustaviajar.com\/blog\/as-praias-mais-bonitas-de-sao-paulo\/#respond"]}]},{"@type":"WebPage","@id":"https:\/\/quantocustaviajar.com\/blog\/as-praias-mais-bonitas-de-sao-paulo\/","url":"https:\/\/quantocustaviajar.com\/blog\/as-praias-mais-bonitas-de-sao-paulo\/","name":"As praias mais bonitas de S\u00e3o Paulo - conhe\u00e7a e programe sua viagem","isPartOf":{"@id":"https:\/\/quantocustaviajar.com\/blog\/#website"},"primaryImageOfPage":{"@id":"https:\/\/quantocustaviajar.com\/blog\/as-praias-mais-bonitas-de-sao-paulo\/#primaryimage"},"image":{"@id":"https:\/\/quantocustaviajar.com\/blog\/as-praias-mais-bonitas-de-sao-paulo\/#primaryimage"},"thumbnailUrl":"https:\/\/quantocustaviajar.com\/blog\/wp-content\/uploads\/2021\/01\/praias_mais_bonitas_de_sao_paulo_Castelhanos.jpg","datePublished":"2021-01-06T19:37:24+00:00","dateModified":"2021-01-06T19:37:40+00:00","description":"Conhe\u00e7a algumas das praias mais bonitas de S\u00e3o Paulo para planejar uma viagem de final de semana bem gostosa durante o ver\u00e3o.","breadcrumb":{"@id":"https:\/\/quantocustaviajar.com\/blog\/as-praias-mais-bonitas-de-sao-paulo\/#breadcrumb"},"inLanguage":"pt-BR","potentialAction":[{"@type":"ReadAction","target":["https:\/\/quantocustaviajar.com\/blog\/as-praias-mais-bonitas-de-sao-paulo\/"]}]},{"@type":"ImageObject","inLanguage":"pt-BR","@id":"https:\/\/quantocustaviajar.com\/blog\/as-praias-mais-bonitas-de-sao-paulo\/#primaryimage","url":"https:\/\/quantocustaviajar.com\/blog\/wp-content\/uploads\/2021\/01\/praias_mais_bonitas_de_sao_paulo_Castelhanos.jpg","contentUrl":"https:\/\/quantocustaviajar.com\/blog\/wp-content\/uploads\/2021\/01\/praias_mais_bonitas_de_sao_paulo_Castelhanos.jpg","width":800,"height":600},{"@type":"BreadcrumbList","@id":"https:\/\/quantocustaviajar.com\/blog\/as-praias-mais-bonitas-de-sao-paulo\/#breadcrumb","itemListElement":[{"@type":"ListItem","position":1,"name":"In\u00edcio","item":"https:\/\/quantocustaviajar.com\/blog\/"},{"@type":"ListItem","position":2,"name":"As praias mais bonitas de S\u00e3o Paulo"}]},{"@type":"WebSite","@id":"https:\/\/quantocustaviajar.com\/blog\/#website","url":"https:\/\/quantocustaviajar.com\/blog\/","name":"Blog Quanto Custa Viajar","description":"","publisher":{"@id":"https:\/\/quantocustaviajar.com\/blog\/#organization"},"potentialAction":[{"@type":"SearchAction","target":{"@type":"EntryPoint","urlTemplate":"https:\/\/quantocustaviajar.com\/blog\/?s={search_term_string}"},"query-input":{"@type":"PropertyValueSpecification","valueRequired":true,"valueName":"search_term_string"}}],"inLanguage":"pt-BR"},{"@type":"Organization","@id":"https:\/\/quantocustaviajar.com\/blog\/#organization","name":"Quanto Custa Viajar","url":"https:\/\/quantocustaviajar.com\/blog\/","logo":{"@type":"ImageObject","inLanguage":"pt-BR","@id":"https:\/\/quantocustaviajar.com\/blog\/#\/schema\/logo\/image\/","url":"","contentUrl":"","caption":"Quanto Custa Viajar"},"image":{"@id":"https:\/\/quantocustaviajar.com\/blog\/#\/schema\/logo\/image\/"},"sameAs":["https:\/\/www.facebook.com\/quantocustaviajar"]},{"@type":"Person","@id":"https:\/\/quantocustaviajar.com\/blog\/#\/schema\/person\/81b0aaf2069da1a2da54677906b42d3c","name":"Andressa Xavier Pellanda","image":{"@type":"ImageObject","inLanguage":"pt-BR","@id":"https:\/\/quantocustaviajar.com\/blog\/#\/schema\/person\/image\/","url":"https:\/\/secure.gravatar.com\/avatar\/efccc167c341de2100a574b335de06f5efda2310964e70124d995491728ed674?s=96&d=mm&r=g","contentUrl":"https:\/\/secure.gravatar.com\/avatar\/efccc167c341de2100a574b335de06f5efda2310964e70124d995491728ed674?s=96&d=mm&r=g","caption":"Andressa Xavier Pellanda"},"description":"Eu gosto de viajar antes mesmo de chegar ao destino!","url":"https:\/\/quantocustaviajar.com\/blog\/author\/andressa\/"}]}},"_links":{"self":[{"href":"https:\/\/quantocustaviajar.com\/blog\/wp-json\/wp\/v2\/posts\/46579","targetHints":{"allow":["GET"]}}],"collection":[{"href":"https:\/\/quantocustaviajar.com\/blog\/wp-json\/wp\/v2\/posts"}],"about":[{"href":"https:\/\/quantocustaviajar.com\/blog\/wp-json\/wp\/v2\/types\/post"}],"author":[{"embeddable":true,"href":"https:\/\/quantocustaviajar.com\/blog\/wp-json\/wp\/v2\/users\/11"}],"replies":[{"embeddable":true,"href":"https:\/\/quantocustaviajar.com\/blog\/wp-json\/wp\/v2\/comments?post=46579"}],"version-history":[{"count":1,"href":"https:\/\/quantocustaviajar.com\/blog\/wp-json\/wp\/v2\/posts\/46579\/revisions"}],"predecessor-version":[{"id":46588,"href":"https:\/\/quantocustaviajar.com\/blog\/wp-json\/wp\/v2\/posts\/46579\/revisions\/46588"}],"wp:featuredmedia":[{"embeddable":true,"href":"https:\/\/quantocustaviajar.com\/blog\/wp-json\/wp\/v2\/media\/46581"}],"wp:attachment":[{"href":"https:\/\/quantocustaviajar.com\/blog\/wp-json\/wp\/v2\/media?parent=46579"}],"wp:term":[{"taxonomy":"category","embeddable":true,"href":"https:\/\/quantocustaviajar.com\/blog\/wp-json\/wp\/v2\/categories?post=46579"},{"taxonomy":"post_tag","embeddable":true,"href":"https:\/\/quantocustaviajar.com\/blog\/wp-json\/wp\/v2\/tags?post=46579"}],"curies":[{"name":"wp","href":"https:\/\/api.w.org\/{rel}","templated":true}]}}